{"id":2134,"date":"2025-06-05T16:33:28","date_gmt":"2025-06-05T16:33:28","guid":{"rendered":"https:\/\/garageblogec.com\/?p=2134"},"modified":"2025-06-05T16:33:37","modified_gmt":"2025-06-05T16:33:37","slug":"continental-tire-andina-cumplio-con-exito-su-2da-copa-de-karting","status":"publish","type":"post","link":"https:\/\/garageblogec.com\/?p=2134","title":{"rendered":"Continental Tire Andina cumpli\u00f3 con \u00e9xito su 2DA Copa de Karting"},"content":{"rendered":"\n<p>La emoci\u00f3n del automovilismo se vivi\u00f3 a toda velocidad en la pista de La Pradera Speedway durante la <em>\u201c2DA Copa de Karting Continental<\/em>\u201d. Un evento auspiciado por Continental Tire Andina.<\/p>\n\n\n\n<figure class=\"wp-block-image size-large\"><img fetchpriority=\"high\" decoding=\"async\" width=\"1024\" height=\"576\" src=\"https:\/\/garageblogec.com\/wp-content\/uploads\/2025\/06\/WhatsApp-Image-2025-06-05-at-9.11.27-AM-1024x576.jpeg\" alt=\"\" class=\"wp-image-2135\" srcset=\"https:\/\/garageblogec.com\/wp-content\/uploads\/2025\/06\/WhatsApp-Image-2025-06-05-at-9.11.27-AM-1024x576.jpeg 1024w, https:\/\/garageblogec.com\/wp-content\/uploads\/2025\/06\/WhatsApp-Image-2025-06-05-at-9.11.27-AM-300x169.jpeg 300w, https:\/\/garageblogec.com\/wp-content\/uploads\/2025\/06\/WhatsApp-Image-2025-06-05-at-9.11.27-AM-768x432.jpeg 768w, https:\/\/garageblogec.com\/wp-content\/uploads\/2025\/06\/WhatsApp-Image-2025-06-05-at-9.11.27-AM.jpeg 1280w\" sizes=\"(max-width: 1024px) 100vw, 1024px\" \/><\/figure>\n\n\n\n<p>M\u00e1s de 45 pilotos se enfrentaron en una intensa jornada de velocidad y estrategia, que tuvo como objetivo principal acercar a Continental Tire al p\u00fablico aficionado al deporte motor, en l\u00ednea con sus valores de marca: alto rendimiento, trabajo en equipo, precisi\u00f3n y emoci\u00f3n sobre ruedas.<\/p>\n\n\n\n<p>La competencia se desarroll\u00f3 bajo una din\u00e1mica exigente y emocionante, que incluy\u00f3:<\/p>\n\n\n\n<ul class=\"wp-block-list\">\n<li>1 vuelta de reconocimiento<\/li>\n\n\n\n<li>2 vueltas de clasificaci\u00f3n<\/li>\n\n\n\n<li>3 mangas eliminatorias de 8 minutos<\/li>\n\n\n\n<li>Semifinales con los mejores tiempos promedio<\/li>\n\n\n\n<li>Y una gran final entre los tres mejores pilotos del d\u00eda<\/li>\n<\/ul>\n\n\n\n<figure class=\"wp-block-image size-full\"><a href=\"https:\/\/www.kia.com\/ec\/main.html\"><img decoding=\"async\" width=\"800\" height=\"222\" src=\"https:\/\/garageblogec.com\/wp-content\/uploads\/2025\/04\/7gif1080X300peso-ezgif.com-video-to-webp-converter.webp\" alt=\"\" class=\"wp-image-1923\"\/><\/a><\/figure>\n\n\n\n<p>Los ganadores recibieron premios que incluyen descuentos en llantas Continental, premios en efectivo y experiencias exclusivas, como una noche en Tunas y Cabras. Adem\u00e1s, se sortearon 30 premios sorpresa entre los participantes y un viaje ida y vuelta a Miami, elevando a\u00fan m\u00e1s la emoci\u00f3n del evento.<\/p>\n\n\n\n<figure class=\"wp-block-image size-large\"><img decoding=\"async\" width=\"768\" height=\"1024\" src=\"https:\/\/garageblogec.com\/wp-content\/uploads\/2025\/06\/WhatsApp-Image-2025-06-05-at-9.11.27-AM-2-768x1024.jpeg\" alt=\"\" class=\"wp-image-2136\" srcset=\"https:\/\/garageblogec.com\/wp-content\/uploads\/2025\/06\/WhatsApp-Image-2025-06-05-at-9.11.27-AM-2-768x1024.jpeg 768w, https:\/\/garageblogec.com\/wp-content\/uploads\/2025\/06\/WhatsApp-Image-2025-06-05-at-9.11.27-AM-2-225x300.jpeg 225w, https:\/\/garageblogec.com\/wp-content\/uploads\/2025\/06\/WhatsApp-Image-2025-06-05-at-9.11.27-AM-2.jpeg 960w\" sizes=\"(max-width: 768px) 100vw, 768px\" \/><\/figure>\n\n\n\n<p>Durante toda la jornada, los asistentes disfrutaron de activaciones de marca, espacios de comida, m\u00fasica y una atm\u00f3sfera vibrante que celebr\u00f3 el esp\u00edritu competitivo y la pasi\u00f3n por los motores. Se cont\u00f3 con jueces certificados y apoyo t\u00e9cnico para garantizar una competencia justa y segura, incluyendo asistencia para pilotos principiantes.<\/p>\n\n\n\n<p>\u201cCon la <em>2DA Copa de Karting Continental<\/em>, reafirmamos nuestro compromiso con la innovaci\u00f3n, la seguridad y la pasi\u00f3n por el automovilismo. Este evento abierto al p\u00fablico busca conectar con nuestra comunidad a trav\u00e9s de experiencias que reflejan el ADN de nuestra marca: alto rendimiento, trabajo en equipo y emoci\u00f3n sobre ruedas\u201d, se\u00f1al\u00f3 Santiago Chiriboga, Gerente de Comunicaciones y Trade para Sudam\u00e9rica.<\/p>\n\n\n\n<figure class=\"wp-block-image size-large\"><img loading=\"lazy\" decoding=\"async\" width=\"1024\" height=\"768\" src=\"https:\/\/garageblogec.com\/wp-content\/uploads\/2025\/06\/WhatsApp-Image-2025-06-05-at-9.11.27-AM-1-1024x768.jpeg\" alt=\"\" class=\"wp-image-2137\" srcset=\"https:\/\/garageblogec.com\/wp-content\/uploads\/2025\/06\/WhatsApp-Image-2025-06-05-at-9.11.27-AM-1-1024x768.jpeg 1024w, https:\/\/garageblogec.com\/wp-content\/uploads\/2025\/06\/WhatsApp-Image-2025-06-05-at-9.11.27-AM-1-300x225.jpeg 300w, https:\/\/garageblogec.com\/wp-content\/uploads\/2025\/06\/WhatsApp-Image-2025-06-05-at-9.11.27-AM-1-768x576.jpeg 768w, https:\/\/garageblogec.com\/wp-content\/uploads\/2025\/06\/WhatsApp-Image-2025-06-05-at-9.11.27-AM-1.jpeg 1280w\" sizes=\"(max-width: 1024px) 100vw, 1024px\" \/><\/figure>\n\n\n\n<p>La participaci\u00f3n activa de Continental Tire en este tipo de eventos responde a su filosof\u00eda global de fomentar el deporte como motor de desarrollo social. Con m\u00e1s de 150 a\u00f1os de trayectoria a nivel mundial, la marca alemana contin\u00faa promoviendo valores como el esfuerzo, la superaci\u00f3n y el compa\u00f1erismo. Continental es tambi\u00e9n auspiciante oficial de grandes competencias internacionales como el <em>Tour de France<\/em> y el <em>Giro D\u2019Italia<\/em>, reafirmando su presencia en m\u00faltiples disciplinas deportivas.<\/p>\n\n\n\n<p>La <em>2DA Copa de Karting Continental<\/em> no solo dej\u00f3 huella en la pista, sino tambi\u00e9n en la comunidad que se congreg\u00f3 para celebrar la pasi\u00f3n por la velocidad. En Continental Tire, no solo fabricamos neum\u00e1ticos, impulsamos experiencias memorables sobre ruedas.<\/p>\n\n\n<div class='pt-cv-wrapper'> <h3 class='pt-cv-heading-container heading1' data-blockid='f7lqg37d'><span class='pt-cv-heading'> Overlay1 <\/span><\/h3><div class=\"pt-cv-view pt-cv-overlaygrid iscvblock iscvreal overlay1 layout1\" id=\"pt-cv-view-f7lqg37d\"><div data-id=\"pt-cv-page-1\" class=\"pt-cv-page\" data-cvc=\"3\"><div class=\" pt-cv-content-item pt-cv-1-col\" ><div class=\"pt-cv-thumb-wrapper  \"><a href=\"https:\/\/garageblogec.com\/?p=3303\" class=\"_self pt-cv-href-thumbnail pt-cv-thumb-default\" target=\"_self\" ><img loading=\"lazy\" decoding=\"async\" width=\"768\" height=\"432\" src=\"https:\/\/garageblogec.com\/wp-content\/uploads\/2026\/04\/WhatsApp-Image-2026-04-21-at-1.52.53-PM-768x432.jpeg\" class=\"pt-cv-thumbnail\" alt=\"\" \/><\/a><\/div>\n<div class=\"pt-cv-overlay-wrapper\"><div class=\"pt-cv-taxoterm above_title\"><a href='https:\/\/garageblogec.com\/?cat=27' title='Industria Nacional' class='pt-cv-tax-industria-nacional'>Industria Nacional<\/a><\/div><h4 class=\"pt-cv-title\"><a href=\"https:\/\/garageblogec.com\/?p=3303\" class=\"_self\" target=\"_self\" >Grupo Ambacar presenta en Guayaquil KGM, su nueva marca de SUV h\u00edbridos con respaldo global<\/a><\/h4><div class=\"pt-cv-meta-fields\"><span class=\"entry-date\"> <time datetime=\"2026-04-21T21:37:24+00:00\">abril 21, 2026<\/time><\/span><span> \/ <\/span><span class=\"author\"> <a href=\"https:\/\/garageblogec.com\/?author=6\" rel=\"author\">gabi1212<\/a><\/span><\/div><\/div><\/div>\n<div class=\" pt-cv-content-item pt-cv-1-col\" ><div class=\"pt-cv-thumb-wrapper  \"><a href=\"https:\/\/garageblogec.com\/?p=3296\" class=\"_self pt-cv-href-thumbnail pt-cv-thumb-default\" target=\"_self\" ><img loading=\"lazy\" decoding=\"async\" width=\"768\" height=\"432\" src=\"https:\/\/garageblogec.com\/wp-content\/uploads\/2026\/04\/WhatsApp-Image-2026-04-14-at-3.15.09-PM-768x432.jpeg\" class=\"pt-cv-thumbnail\" alt=\"\" \/><\/a><\/div>\n<div class=\"pt-cv-overlay-wrapper\"><div class=\"pt-cv-taxoterm above_title\"><a href='https:\/\/garageblogec.com\/?cat=27' title='Industria Nacional' class='pt-cv-tax-industria-nacional'>Industria Nacional<\/a><\/div><h4 class=\"pt-cv-title\"><a href=\"https:\/\/garageblogec.com\/?p=3296\" class=\"_self\" target=\"_self\" >El tablero desapareci\u00f3, ahora el auto es una pantalla inteligente<\/a><\/h4><div class=\"pt-cv-meta-fields\"><span class=\"entry-date\"> <time datetime=\"2026-04-14T20:21:20+00:00\">abril 14, 2026<\/time><\/span><span> \/ <\/span><span class=\"author\"> <a href=\"https:\/\/garageblogec.com\/?author=6\" rel=\"author\">gabi1212<\/a><\/span><\/div><\/div><\/div>\n<div class=\" pt-cv-content-item pt-cv-1-col\" ><div class=\"pt-cv-thumb-wrapper  \"><a href=\"https:\/\/garageblogec.com\/?p=3291\" class=\"_self pt-cv-href-thumbnail pt-cv-thumb-default\" target=\"_self\" ><img loading=\"lazy\" decoding=\"async\" width=\"768\" height=\"432\" src=\"https:\/\/garageblogec.com\/wp-content\/uploads\/2026\/04\/WhatsApp-Image-2026-04-14-at-2.21.27-PM-768x432.jpeg\" class=\"pt-cv-thumbnail\" alt=\"\" \/><\/a><\/div>\n<div class=\"pt-cv-overlay-wrapper\"><div class=\"pt-cv-taxoterm above_title\"><a href='https:\/\/garageblogec.com\/?cat=27' title='Industria Nacional' class='pt-cv-tax-industria-nacional'>Industria Nacional<\/a><\/div><h4 class=\"pt-cv-title\"><a href=\"https:\/\/garageblogec.com\/?p=3291\" class=\"_self\" target=\"_self\" >Seguridad al volante en Ecuador: los errores m\u00e1s comunes que cometen los conductores<\/a><\/h4><div class=\"pt-cv-meta-fields\"><span class=\"entry-date\"> <time datetime=\"2026-04-14T20:08:54+00:00\">abril 14, 2026<\/time><\/span><span> \/ <\/span><span class=\"author\"> <a href=\"https:\/\/garageblogec.com\/?author=6\" rel=\"author\">gabi1212<\/a><\/span><\/div><\/div><\/div>\n<div class=\" pt-cv-content-item pt-cv-1-col\" ><div class=\"pt-cv-thumb-wrapper  \"><a href=\"https:\/\/garageblogec.com\/?p=3286\" class=\"_self pt-cv-href-thumbnail pt-cv-thumb-default\" target=\"_self\" ><img loading=\"lazy\" decoding=\"async\" width=\"768\" height=\"492\" src=\"https:\/\/garageblogec.com\/wp-content\/uploads\/2026\/04\/Posventa.jpg-768x492.jpeg\" class=\"pt-cv-thumbnail\" alt=\"\" \/><\/a><\/div>\n<div class=\"pt-cv-overlay-wrapper\"><div class=\"pt-cv-taxoterm above_title\"><a href='https:\/\/garageblogec.com\/?cat=27' title='Industria Nacional' class='pt-cv-tax-industria-nacional'>Industria Nacional<\/a><\/div><h4 class=\"pt-cv-title\"><a href=\"https:\/\/garageblogec.com\/?p=3286\" class=\"_self\" target=\"_self\" >Clientes Nissan reciben cambios de aceite infinitos<\/a><\/h4><div class=\"pt-cv-meta-fields\"><span class=\"entry-date\"> <time datetime=\"2026-04-14T20:04:08+00:00\">abril 14, 2026<\/time><\/span><span> \/ <\/span><span class=\"author\"> <a href=\"https:\/\/garageblogec.com\/?author=6\" rel=\"author\">gabi1212<\/a><\/span><\/div><\/div><\/div>\n<div class=\" pt-cv-content-item pt-cv-1-col\" ><div class=\"pt-cv-thumb-wrapper  \"><a href=\"https:\/\/garageblogec.com\/?p=3280\" class=\"_self pt-cv-href-thumbnail pt-cv-thumb-default\" target=\"_self\" ><img loading=\"lazy\" decoding=\"async\" width=\"768\" height=\"512\" src=\"https:\/\/garageblogec.com\/wp-content\/uploads\/2026\/04\/foto1-768x512.jpeg\" class=\"pt-cv-thumbnail\" alt=\"\" \/><\/a><\/div>\n<div class=\"pt-cv-overlay-wrapper\"><div class=\"pt-cv-taxoterm above_title\"><a href='https:\/\/garageblogec.com\/?cat=27' title='Industria Nacional' class='pt-cv-tax-industria-nacional'>Industria Nacional<\/a><\/div><h4 class=\"pt-cv-title\"><a href=\"https:\/\/garageblogec.com\/?p=3280\" class=\"_self\" target=\"_self\" >Movilidad como inversi\u00f3n: el uso de utilidades que crece en Ecuador<\/a><\/h4><div class=\"pt-cv-meta-fields\"><span class=\"entry-date\"> <time datetime=\"2026-04-07T19:55:36+00:00\">abril 7, 2026<\/time><\/span><span> \/ <\/span><span class=\"author\"> <a href=\"https:\/\/garageblogec.com\/?author=6\" rel=\"author\">gabi1212<\/a><\/span><\/div><\/div><\/div>\n<div class=\" pt-cv-content-item pt-cv-1-col\" ><div class=\"pt-cv-thumb-wrapper  \"><a href=\"https:\/\/garageblogec.com\/?p=3276\" class=\"_self pt-cv-href-thumbnail pt-cv-thumb-default\" target=\"_self\" ><img loading=\"lazy\" decoding=\"async\" width=\"745\" height=\"491\" src=\"https:\/\/garageblogec.com\/wp-content\/uploads\/2026\/04\/TT.png\" class=\"pt-cv-thumbnail\" alt=\"\" \/><\/a><\/div>\n<div class=\"pt-cv-overlay-wrapper\"><div class=\"pt-cv-taxoterm above_title\"><a href='https:\/\/garageblogec.com\/?cat=27' title='Industria Nacional' class='pt-cv-tax-industria-nacional'>Industria Nacional<\/a><\/div><h4 class=\"pt-cv-title\"><a href=\"https:\/\/garageblogec.com\/?p=3276\" class=\"_self\" target=\"_self\" >Lluvias en Ecuador: C\u00f3mo reducir riesgos en carretera y prevenir accidentes en calzada mojada<\/a><\/h4><div class=\"pt-cv-meta-fields\"><span class=\"entry-date\"> <time datetime=\"2026-04-07T19:46:52+00:00\">abril 7, 2026<\/time><\/span><span> \/ <\/span><span class=\"author\"> <a href=\"https:\/\/garageblogec.com\/?author=6\" rel=\"author\">gabi1212<\/a><\/span><\/div><\/div><\/div><\/div><\/div> <\/div> <style>\n#pt-cv-view-f7lqg37d .pt-cv-thumb-wrapper::before {background: rgba(0,0,0,.4); opacity: 0.8;}#pt-cv-view-f7lqg37d .pt-cv-overlay-wrapper {justify-content: center;}\n#pt-cv-view-f7lqg37d .pt-cv-meta-fields {  }#pt-cv-view-f7lqg37d .pt-cv-meta-fields * { font-size: 13px; }#pt-cv-view-f7lqg37d .pt-cv-title a { display: block; }#pt-cv-view-f7lqg37d .pt-cv-title:not(.pt-cv-titlesm) a { font-weight: 600;text-decoration: none;font-size: 20px; }#pt-cv-view-f7lqg37d .pt-cv-titlesm a { font-weight: 600;font-size: 18px; }#pt-cv-view-f7lqg37d .pt-cv-content { font-size: 15px; }#pt-cv-view-f7lqg37d .pt-cv-rmwrap {  }#pt-cv-view-f7lqg37d .pt-cv-readmore { color: #fff;background-color: #0075ff;font-size: 14px; }#pt-cv-view-f7lqg37d .pt-cv-taxoterm { margin: 0px 0px 20px 0px; }#pt-cv-view-f7lqg37d .pt-cv-taxoterm * { color: #222;background-color: #fff6f6;font-size: 14px; }#pt-cv-view-f7lqg37d + .pt-cv-pagination-wrapper {  }#pt-cv-view-f7lqg37d + .pt-cv-pagination-wrapper a { font-size: 14px; }#pt-cv-view-f7lqg37d > .pt-cv-page {grid-template-columns: repeat(3, 1fr);grid-auto-rows: 250px;grid-gap: 10px;}\n@media all and (max-width: 1024px) { \n#pt-cv-view-f7lqg37d > .pt-cv-page {}\n} \n@media all and (max-width: 767px) { \n#pt-cv-view-f7lqg37d > .pt-cv-page {grid-template-columns: repeat(1, 1fr);}\n} <\/style>\n\n\n<p><\/p>\n","protected":false},"excerpt":{"rendered":"<p>La emoci\u00f3n del automovilismo se vivi\u00f3 a toda velocidad en la pista de La Pradera Speedway durante la \u201c2DA Copa de Karting Continental\u201d. Un evento auspiciado por Continental Tire Andina<\/p>\n","protected":false},"author":6,"featured_media":2136,"comment_status":"open","ping_status":"open","sticky":false,"template":"","format":"standard","meta":{"_jetpack_memberships_contains_paid_content":false,"footnotes":""},"categories":[27],"tags":[],"class_list":["post-2134","post","type-post","status-publish","format-standard","has-post-thumbnail","hentry","category-industria-nacional"],"yoast_head":"<!-- This site is optimized with the Yoast SEO plugin v27.5 - https:\/\/yoast.com\/product\/yoast-seo-wordpress\/ -->\n<title>Continental Tire Andina cumpli\u00f3 con \u00e9xito su 2DA Copa de Karting - Garage Blog Ecuador<\/title>\n<meta name=\"robots\" content=\"index, follow, max-snippet:-1, max-image-preview:large, max-video-preview:-1\" \/>\n<link rel=\"canonical\" href=\"https:\/\/garageblogec.com\/?p=2134\" \/>\n<meta property=\"og:locale\" content=\"es_ES\" \/>\n<meta property=\"og:type\" content=\"article\" \/>\n<meta property=\"og:title\" content=\"Continental Tire Andina cumpli\u00f3 con \u00e9xito su 2DA Copa de Karting - Garage Blog Ecuador\" \/>\n<meta property=\"og:description\" content=\"La emoci\u00f3n del automovilismo se vivi\u00f3 a toda velocidad en la pista de La Pradera Speedway durante la \u201c2DA Copa de Karting Continental\u201d. Un evento auspiciado por Continental Tire Andina\" \/>\n<meta property=\"og:url\" content=\"https:\/\/garageblogec.com\/?p=2134\" \/>\n<meta property=\"og:site_name\" content=\"Garage Blog Ecuador\" \/>\n<meta property=\"article:published_time\" content=\"2025-06-05T16:33:28+00:00\" \/>\n<meta property=\"article:modified_time\" content=\"2025-06-05T16:33:37+00:00\" \/>\n<meta property=\"og:image\" content=\"https:\/\/garageblogec.com\/wp-content\/uploads\/2025\/06\/WhatsApp-Image-2025-06-05-at-9.11.27-AM-2.jpeg\" \/>\n\t<meta property=\"og:image:width\" content=\"960\" \/>\n\t<meta property=\"og:image:height\" content=\"1280\" \/>\n\t<meta property=\"og:image:type\" content=\"image\/jpeg\" \/>\n<meta name=\"author\" content=\"gabi1212\" \/>\n<meta name=\"twitter:card\" content=\"summary_large_image\" \/>\n<meta name=\"twitter:label1\" content=\"Escrito por\" \/>\n\t<meta name=\"twitter:data1\" content=\"gabi1212\" \/>\n\t<meta name=\"twitter:label2\" content=\"Tiempo de lectura\" \/>\n\t<meta name=\"twitter:data2\" content=\"3 minutos\" \/>\n<script type=\"application\/ld+json\" class=\"yoast-schema-graph\">{\"@context\":\"https:\\\/\\\/schema.org\",\"@graph\":[{\"@type\":\"Article\",\"@id\":\"https:\\\/\\\/garageblogec.com\\\/?p=2134#article\",\"isPartOf\":{\"@id\":\"https:\\\/\\\/garageblogec.com\\\/?p=2134\"},\"author\":{\"name\":\"gabi1212\",\"@id\":\"https:\\\/\\\/garageblogec.com\\\/#\\\/schema\\\/person\\\/635f4b76c0cb3e43b82fe6f7d8bcceea\"},\"headline\":\"Continental Tire Andina cumpli\u00f3 con \u00e9xito su 2DA Copa de Karting\",\"datePublished\":\"2025-06-05T16:33:28+00:00\",\"dateModified\":\"2025-06-05T16:33:37+00:00\",\"mainEntityOfPage\":{\"@id\":\"https:\\\/\\\/garageblogec.com\\\/?p=2134\"},\"wordCount\":433,\"commentCount\":0,\"publisher\":{\"@id\":\"https:\\\/\\\/garageblogec.com\\\/#organization\"},\"image\":{\"@id\":\"https:\\\/\\\/garageblogec.com\\\/?p=2134#primaryimage\"},\"thumbnailUrl\":\"https:\\\/\\\/garageblogec.com\\\/wp-content\\\/uploads\\\/2025\\\/06\\\/WhatsApp-Image-2025-06-05-at-9.11.27-AM-2.jpeg\",\"articleSection\":[\"Industria Nacional\"],\"inLanguage\":\"es\",\"potentialAction\":[{\"@type\":\"CommentAction\",\"name\":\"Comment\",\"target\":[\"https:\\\/\\\/garageblogec.com\\\/?p=2134#respond\"]}]},{\"@type\":\"WebPage\",\"@id\":\"https:\\\/\\\/garageblogec.com\\\/?p=2134\",\"url\":\"https:\\\/\\\/garageblogec.com\\\/?p=2134\",\"name\":\"Continental Tire Andina cumpli\u00f3 con \u00e9xito su 2DA Copa de Karting - Garage Blog Ecuador\",\"isPartOf\":{\"@id\":\"https:\\\/\\\/garageblogec.com\\\/#website\"},\"primaryImageOfPage\":{\"@id\":\"https:\\\/\\\/garageblogec.com\\\/?p=2134#primaryimage\"},\"image\":{\"@id\":\"https:\\\/\\\/garageblogec.com\\\/?p=2134#primaryimage\"},\"thumbnailUrl\":\"https:\\\/\\\/garageblogec.com\\\/wp-content\\\/uploads\\\/2025\\\/06\\\/WhatsApp-Image-2025-06-05-at-9.11.27-AM-2.jpeg\",\"datePublished\":\"2025-06-05T16:33:28+00:00\",\"dateModified\":\"2025-06-05T16:33:37+00:00\",\"breadcrumb\":{\"@id\":\"https:\\\/\\\/garageblogec.com\\\/?p=2134#breadcrumb\"},\"inLanguage\":\"es\",\"potentialAction\":[{\"@type\":\"ReadAction\",\"target\":[\"https:\\\/\\\/garageblogec.com\\\/?p=2134\"]}]},{\"@type\":\"ImageObject\",\"inLanguage\":\"es\",\"@id\":\"https:\\\/\\\/garageblogec.com\\\/?p=2134#primaryimage\",\"url\":\"https:\\\/\\\/garageblogec.com\\\/wp-content\\\/uploads\\\/2025\\\/06\\\/WhatsApp-Image-2025-06-05-at-9.11.27-AM-2.jpeg\",\"contentUrl\":\"https:\\\/\\\/garageblogec.com\\\/wp-content\\\/uploads\\\/2025\\\/06\\\/WhatsApp-Image-2025-06-05-at-9.11.27-AM-2.jpeg\",\"width\":960,\"height\":1280},{\"@type\":\"BreadcrumbList\",\"@id\":\"https:\\\/\\\/garageblogec.com\\\/?p=2134#breadcrumb\",\"itemListElement\":[{\"@type\":\"ListItem\",\"position\":1,\"name\":\"Portada\",\"item\":\"https:\\\/\\\/garageblogec.com\\\/\"},{\"@type\":\"ListItem\",\"position\":2,\"name\":\"Continental Tire Andina cumpli\u00f3 con \u00e9xito su 2DA Copa de Karting\"}]},{\"@type\":\"WebSite\",\"@id\":\"https:\\\/\\\/garageblogec.com\\\/#website\",\"url\":\"https:\\\/\\\/garageblogec.com\\\/\",\"name\":\"Garage Blog Ecuador\",\"description\":\"Alucinamos por los autos \",\"publisher\":{\"@id\":\"https:\\\/\\\/garageblogec.com\\\/#organization\"},\"potentialAction\":[{\"@type\":\"SearchAction\",\"target\":{\"@type\":\"EntryPoint\",\"urlTemplate\":\"https:\\\/\\\/garageblogec.com\\\/?s={search_term_string}\"},\"query-input\":{\"@type\":\"PropertyValueSpecification\",\"valueRequired\":true,\"valueName\":\"search_term_string\"}}],\"inLanguage\":\"es\"},{\"@type\":\"Organization\",\"@id\":\"https:\\\/\\\/garageblogec.com\\\/#organization\",\"name\":\"Garage Blog Ecuador\",\"url\":\"https:\\\/\\\/garageblogec.com\\\/\",\"logo\":{\"@type\":\"ImageObject\",\"inLanguage\":\"es\",\"@id\":\"https:\\\/\\\/garageblogec.com\\\/#\\\/schema\\\/logo\\\/image\\\/\",\"url\":\"https:\\\/\\\/garageblogec.com\\\/wp-content\\\/uploads\\\/2024\\\/02\\\/cropped-logo-png-para-blog.webp\",\"contentUrl\":\"https:\\\/\\\/garageblogec.com\\\/wp-content\\\/uploads\\\/2024\\\/02\\\/cropped-logo-png-para-blog.webp\",\"width\":840,\"height\":556,\"caption\":\"Garage Blog Ecuador \"},\"image\":{\"@id\":\"https:\\\/\\\/garageblogec.com\\\/#\\\/schema\\\/logo\\\/image\\\/\"}},{\"@type\":\"Person\",\"@id\":\"https:\\\/\\\/garageblogec.com\\\/#\\\/schema\\\/person\\\/635f4b76c0cb3e43b82fe6f7d8bcceea\",\"name\":\"gabi1212\",\"image\":{\"@type\":\"ImageObject\",\"inLanguage\":\"es\",\"@id\":\"https:\\\/\\\/secure.gravatar.com\\\/avatar\\\/6aa491f45cb359d4d6dd8c430e83f78899c80569c27d21156e19bbdcd31d1811?s=96&d=mm&r=g\",\"url\":\"https:\\\/\\\/secure.gravatar.com\\\/avatar\\\/6aa491f45cb359d4d6dd8c430e83f78899c80569c27d21156e19bbdcd31d1811?s=96&d=mm&r=g\",\"contentUrl\":\"https:\\\/\\\/secure.gravatar.com\\\/avatar\\\/6aa491f45cb359d4d6dd8c430e83f78899c80569c27d21156e19bbdcd31d1811?s=96&d=mm&r=g\",\"caption\":\"gabi1212\"},\"url\":\"https:\\\/\\\/garageblogec.com\\\/?author=6\"}]}<\/script>\n<!-- \/ Yoast SEO plugin. -->","yoast_head_json":{"title":"Continental Tire Andina cumpli\u00f3 con \u00e9xito su 2DA Copa de Karting - Garage Blog Ecuador","robots":{"index":"index","follow":"follow","max-snippet":"max-snippet:-1","max-image-preview":"max-image-preview:large","max-video-preview":"max-video-preview:-1"},"canonical":"https:\/\/garageblogec.com\/?p=2134","og_locale":"es_ES","og_type":"article","og_title":"Continental Tire Andina cumpli\u00f3 con \u00e9xito su 2DA Copa de Karting - Garage Blog Ecuador","og_description":"La emoci\u00f3n del automovilismo se vivi\u00f3 a toda velocidad en la pista de La Pradera Speedway durante la \u201c2DA Copa de Karting Continental\u201d. Un evento auspiciado por Continental Tire Andina","og_url":"https:\/\/garageblogec.com\/?p=2134","og_site_name":"Garage Blog Ecuador","article_published_time":"2025-06-05T16:33:28+00:00","article_modified_time":"2025-06-05T16:33:37+00:00","og_image":[{"width":960,"height":1280,"url":"https:\/\/garageblogec.com\/wp-content\/uploads\/2025\/06\/WhatsApp-Image-2025-06-05-at-9.11.27-AM-2.jpeg","type":"image\/jpeg"}],"author":"gabi1212","twitter_card":"summary_large_image","twitter_misc":{"Escrito por":"gabi1212","Tiempo de lectura":"3 minutos"},"schema":{"@context":"https:\/\/schema.org","@graph":[{"@type":"Article","@id":"https:\/\/garageblogec.com\/?p=2134#article","isPartOf":{"@id":"https:\/\/garageblogec.com\/?p=2134"},"author":{"name":"gabi1212","@id":"https:\/\/garageblogec.com\/#\/schema\/person\/635f4b76c0cb3e43b82fe6f7d8bcceea"},"headline":"Continental Tire Andina cumpli\u00f3 con \u00e9xito su 2DA Copa de Karting","datePublished":"2025-06-05T16:33:28+00:00","dateModified":"2025-06-05T16:33:37+00:00","mainEntityOfPage":{"@id":"https:\/\/garageblogec.com\/?p=2134"},"wordCount":433,"commentCount":0,"publisher":{"@id":"https:\/\/garageblogec.com\/#organization"},"image":{"@id":"https:\/\/garageblogec.com\/?p=2134#primaryimage"},"thumbnailUrl":"https:\/\/garageblogec.com\/wp-content\/uploads\/2025\/06\/WhatsApp-Image-2025-06-05-at-9.11.27-AM-2.jpeg","articleSection":["Industria Nacional"],"inLanguage":"es","potentialAction":[{"@type":"CommentAction","name":"Comment","target":["https:\/\/garageblogec.com\/?p=2134#respond"]}]},{"@type":"WebPage","@id":"https:\/\/garageblogec.com\/?p=2134","url":"https:\/\/garageblogec.com\/?p=2134","name":"Continental Tire Andina cumpli\u00f3 con \u00e9xito su 2DA Copa de Karting - Garage Blog Ecuador","isPartOf":{"@id":"https:\/\/garageblogec.com\/#website"},"primaryImageOfPage":{"@id":"https:\/\/garageblogec.com\/?p=2134#primaryimage"},"image":{"@id":"https:\/\/garageblogec.com\/?p=2134#primaryimage"},"thumbnailUrl":"https:\/\/garageblogec.com\/wp-content\/uploads\/2025\/06\/WhatsApp-Image-2025-06-05-at-9.11.27-AM-2.jpeg","datePublished":"2025-06-05T16:33:28+00:00","dateModified":"2025-06-05T16:33:37+00:00","breadcrumb":{"@id":"https:\/\/garageblogec.com\/?p=2134#breadcrumb"},"inLanguage":"es","potentialAction":[{"@type":"ReadAction","target":["https:\/\/garageblogec.com\/?p=2134"]}]},{"@type":"ImageObject","inLanguage":"es","@id":"https:\/\/garageblogec.com\/?p=2134#primaryimage","url":"https:\/\/garageblogec.com\/wp-content\/uploads\/2025\/06\/WhatsApp-Image-2025-06-05-at-9.11.27-AM-2.jpeg","contentUrl":"https:\/\/garageblogec.com\/wp-content\/uploads\/2025\/06\/WhatsApp-Image-2025-06-05-at-9.11.27-AM-2.jpeg","width":960,"height":1280},{"@type":"BreadcrumbList","@id":"https:\/\/garageblogec.com\/?p=2134#breadcrumb","itemListElement":[{"@type":"ListItem","position":1,"name":"Portada","item":"https:\/\/garageblogec.com\/"},{"@type":"ListItem","position":2,"name":"Continental Tire Andina cumpli\u00f3 con \u00e9xito su 2DA Copa de Karting"}]},{"@type":"WebSite","@id":"https:\/\/garageblogec.com\/#website","url":"https:\/\/garageblogec.com\/","name":"Garage Blog Ecuador","description":"Alucinamos por los autos ","publisher":{"@id":"https:\/\/garageblogec.com\/#organization"},"potentialAction":[{"@type":"SearchAction","target":{"@type":"EntryPoint","urlTemplate":"https:\/\/garageblogec.com\/?s={search_term_string}"},"query-input":{"@type":"PropertyValueSpecification","valueRequired":true,"valueName":"search_term_string"}}],"inLanguage":"es"},{"@type":"Organization","@id":"https:\/\/garageblogec.com\/#organization","name":"Garage Blog Ecuador","url":"https:\/\/garageblogec.com\/","logo":{"@type":"ImageObject","inLanguage":"es","@id":"https:\/\/garageblogec.com\/#\/schema\/logo\/image\/","url":"https:\/\/garageblogec.com\/wp-content\/uploads\/2024\/02\/cropped-logo-png-para-blog.webp","contentUrl":"https:\/\/garageblogec.com\/wp-content\/uploads\/2024\/02\/cropped-logo-png-para-blog.webp","width":840,"height":556,"caption":"Garage Blog Ecuador "},"image":{"@id":"https:\/\/garageblogec.com\/#\/schema\/logo\/image\/"}},{"@type":"Person","@id":"https:\/\/garageblogec.com\/#\/schema\/person\/635f4b76c0cb3e43b82fe6f7d8bcceea","name":"gabi1212","image":{"@type":"ImageObject","inLanguage":"es","@id":"https:\/\/secure.gravatar.com\/avatar\/6aa491f45cb359d4d6dd8c430e83f78899c80569c27d21156e19bbdcd31d1811?s=96&d=mm&r=g","url":"https:\/\/secure.gravatar.com\/avatar\/6aa491f45cb359d4d6dd8c430e83f78899c80569c27d21156e19bbdcd31d1811?s=96&d=mm&r=g","contentUrl":"https:\/\/secure.gravatar.com\/avatar\/6aa491f45cb359d4d6dd8c430e83f78899c80569c27d21156e19bbdcd31d1811?s=96&d=mm&r=g","caption":"gabi1212"},"url":"https:\/\/garageblogec.com\/?author=6"}]}},"jetpack_featured_media_url":"https:\/\/garageblogec.com\/wp-content\/uploads\/2025\/06\/WhatsApp-Image-2025-06-05-at-9.11.27-AM-2.jpeg","jetpack_sharing_enabled":true,"_links":{"self":[{"href":"https:\/\/garageblogec.com\/index.php?rest_route=\/wp\/v2\/posts\/2134","targetHints":{"allow":["GET"]}}],"collection":[{"href":"https:\/\/garageblogec.com\/index.php?rest_route=\/wp\/v2\/posts"}],"about":[{"href":"https:\/\/garageblogec.com\/index.php?rest_route=\/wp\/v2\/types\/post"}],"author":[{"embeddable":true,"href":"https:\/\/garageblogec.com\/index.php?rest_route=\/wp\/v2\/users\/6"}],"replies":[{"embeddable":true,"href":"https:\/\/garageblogec.com\/index.php?rest_route=%2Fwp%2Fv2%2Fcomments&post=2134"}],"version-history":[{"count":1,"href":"https:\/\/garageblogec.com\/index.php?rest_route=\/wp\/v2\/posts\/2134\/revisions"}],"predecessor-version":[{"id":2138,"href":"https:\/\/garageblogec.com\/index.php?rest_route=\/wp\/v2\/posts\/2134\/revisions\/2138"}],"wp:featuredmedia":[{"embeddable":true,"href":"https:\/\/garageblogec.com\/index.php?rest_route=\/wp\/v2\/media\/2136"}],"wp:attachment":[{"href":"https:\/\/garageblogec.com\/index.php?rest_route=%2Fwp%2Fv2%2Fmedia&parent=2134"}],"wp:term":[{"taxonomy":"category","embeddable":true,"href":"https:\/\/garageblogec.com\/index.php?rest_route=%2Fwp%2Fv2%2Fcategories&post=2134"},{"taxonomy":"post_tag","embeddable":true,"href":"https:\/\/garageblogec.com\/index.php?rest_route=%2Fwp%2Fv2%2Ftags&post=2134"}],"curies":[{"name":"wp","href":"https:\/\/api.w.org\/{rel}","templated":true}]}}