{"id":2127,"date":"2025-06-04T19:18:52","date_gmt":"2025-06-04T19:18:52","guid":{"rendered":"https:\/\/garageblogec.com\/?p=2127"},"modified":"2025-06-04T19:21:35","modified_gmt":"2025-06-04T19:21:35","slug":"nissan-revela-mas-del-nuevo-vehiculo-electrico-que-podria-marcar-la-diferencia-en-su-futuro","status":"publish","type":"post","link":"https:\/\/garageblogec.com\/?p=2127","title":{"rendered":"Nissan revela m\u00e1s del nuevo veh\u00edculo el\u00e9ctrico que podr\u00eda marcar la diferencia en su futuro."},"content":{"rendered":"\n<p>Los autos el\u00e9ctricos evolucionan r\u00e1pidamente, y Nissan quiere que el pr\u00f3ximo\u00a0Leaf\u00a0demuestre que a\u00fan tiene un lugar en el debate. La compa\u00f1\u00eda se prepara para el debut oficial de su veh\u00edculo el\u00e9ctrico de pr\u00f3xima generaci\u00f3n a finales de este mes, mostrando m\u00e1s detalles de su dise\u00f1o y ofreciendo un vistazo entre bastidores a su desarrollo a trav\u00e9s de una serie de nuevos v\u00eddeos.<\/p>\n\n\n\n<figure class=\"wp-block-image size-large\"><img decoding=\"async\" src=\"https:\/\/www.carscoops.com\/wp-content\/uploads\/webp\/2025\/06\/Nissan-leaf-49864hujgk-1536x863.webp\" alt=\"\"\/><\/figure>\n\n\n\n<p>Nissan nos mostr\u00f3 por primera vez el\u00a0Leaf de tercera generaci\u00f3n en marzo de 2025\u00a0, cambiando la forma hatchback de los modelos anteriores por un perfil crossover, con una parte trasera tipo fastback. Ahora podemos ver m\u00e1s de cerca los elementos clave del dise\u00f1o, como los faros LED, las llantas de aleaci\u00f3n de 19 pulgadas y una persiana activa en la parrilla que se ajusta al flujo de aire.<\/p>\n\n\n\n<p>Tambi\u00e9n podemos ver el puerto\u00a0de carga\u00a0compatible con NACS y el techo panor\u00e1mico opcional con funci\u00f3n e-Dimming. Este \u00faltimo utiliza tecnolog\u00eda electrocr\u00f3mica y un revestimiento reflectante infrarrojo, lo que elimina la necesidad de un parasol.<\/p>\n\n\n\n<figure class=\"wp-block-image size-full\"><a href=\"https:\/\/www.kia.com\/ec\/main.html\"><img fetchpriority=\"high\" decoding=\"async\" width=\"800\" height=\"222\" src=\"https:\/\/garageblogec.com\/wp-content\/uploads\/2025\/04\/7gif1080X300peso-ezgif.com-video-to-webp-converter.webp\" alt=\"\" class=\"wp-image-1923\"\/><\/a><\/figure>\n\n\n\n<p>Seg\u00fan Nobutaka Tase, director de dise\u00f1o\u00a0de Nissan\u00a0, este Leaf ser\u00e1 el modelo de producci\u00f3n m\u00e1s aerodin\u00e1mico jam\u00e1s fabricado por la compa\u00f1\u00eda, con un coeficiente de resistencia aerodin\u00e1mica de 0,25 en Europa y de 0,26 en Estados Unidos y Jap\u00f3n. La ligera diferencia se debe a ajustes espec\u00edficos de cada regi\u00f3n, como el dise\u00f1o de las llantas y los retrovisores, ya que la versi\u00f3n europea es ligeramente m\u00e1s aerodin\u00e1mica.<\/p>\n\n\n\n<figure class=\"wp-block-image size-large\"><img decoding=\"async\" src=\"https:\/\/www.carscoops.com\/wp-content\/uploads\/webp\/2025\/06\/Nissan-Leaf-Details-6-1536x864.webp\" alt=\"\"\/><\/figure>\n\n\n\n<p><strong>Plataforma compartida, alcance prometido<\/strong><\/p>\n\n\n\n<p>En el interior, el Leaf comparte la plataforma CMF-EV con el\u00a0Ariya\u00a0, de mayor tama\u00f1o , lo que se traduce en un piso plano y una cabina m\u00e1s espaciosa. A\u00fan no se han publicado las especificaciones exactas, pero Nissan confirm\u00f3 que ofrecer\u00e1 una configuraci\u00f3n de un solo motor sin opci\u00f3n de tracci\u00f3n total y que aspira a una autonom\u00eda superior a los 482 km (300 millas).<\/p>\n\n\n\n<figure class=\"wp-block-image size-large\"><img decoding=\"async\" src=\"https:\/\/www.carscoops.com\/wp-content\/uploads\/webp\/2025\/06\/Nissan-Leaf-Details-7-1536x864.webp\" alt=\"\"\/><\/figure>\n\n\n\n<p>Richard Candler, vicepresidente de estrategia global de producto de Nissan, afirma que el objetivo era convertir al nuevo Leaf en un aut\u00e9ntico competidor\u00a0para los compradores\u00a0acostumbrados a los veh\u00edculos de gasolina. Esto implic\u00f3 dise\u00f1ar una carrocer\u00eda m\u00e1s estilizada sin sacrificar la practicidad, garantizando la conducci\u00f3n a larga distancia. La autonom\u00eda objetivo oscila entre 300 y 500 kil\u00f3metros (186 y 311 millas), con la posibilidad de a\u00f1adir unos 200 kil\u00f3metros (124 millas) de autonom\u00eda con tan solo 40 minutos de carga.<\/p>\n\n\n\n<p><strong>Plataforma compartida, alcance prometido<\/strong><\/p>\n\n\n\n<p>En el interior, el Leaf comparte la plataforma CMF-EV con el\u00a0Ariya\u00a0, de mayor tama\u00f1o , lo que se traduce en un piso plano y una cabina m\u00e1s espaciosa. A\u00fan no se han publicado las especificaciones exactas, pero Nissan confirm\u00f3 que ofrecer\u00e1 una configuraci\u00f3n de un solo motor sin opci\u00f3n de tracci\u00f3n total y que aspira a una autonom\u00eda superior a los 482 km (300 millas).<\/p>\n\n\n\n<figure class=\"wp-block-image size-large\"><img decoding=\"async\" src=\"https:\/\/www.carscoops.com\/wp-content\/uploads\/webp\/2025\/03\/250326-01_US-Nissan-Range-Teaser-copy-1536x864.webp\" alt=\"\"\/><\/figure>\n\n\n\n<p>Richard Candler, vicepresidente de estrategia global de producto de Nissan, afirma que el objetivo era convertir al nuevo Leaf en un aut\u00e9ntico competidor\u00a0para los compradores\u00a0acostumbrados a los veh\u00edculos de gasolina. Esto implic\u00f3 dise\u00f1ar una carrocer\u00eda m\u00e1s estilizada sin sacrificar la practicidad, garantizando la conducci\u00f3n a larga distancia. La autonom\u00eda objetivo oscila entre 300 y 500 kil\u00f3metros (186 y 311 millas), con la posibilidad de a\u00f1adir unos 200 kil\u00f3metros (124 millas) de autonom\u00eda con tan solo 40 minutos de carga.<\/p>\n\n\n\n<p>En total, Nissan ha vendido casi 700.000 unidades del Leaf desde 2010, aprovechando la valiosa informaci\u00f3n de los propietarios actuales para el desarrollo de la nueva generaci\u00f3n. Tendremos m\u00e1s detalles cuando se presente el modelo completo el 18 de junio.<\/p>\n\n\n<div class='pt-cv-wrapper'> <h3 class='pt-cv-heading-container heading1' data-blockid='c8rquo1t'><span class='pt-cv-heading'> Overlay1 <\/span><\/h3><div class=\"pt-cv-view pt-cv-overlaygrid iscvblock iscvreal overlay1 layout1\" id=\"pt-cv-view-c8rquo1t\"><div data-id=\"pt-cv-page-1\" class=\"pt-cv-page\" data-cvc=\"3\"><div class=\" pt-cv-content-item pt-cv-1-col\" ><div class=\"pt-cv-thumb-wrapper  \"><a href=\"https:\/\/garageblogec.com\/?p=3303\" class=\"_self pt-cv-href-thumbnail pt-cv-thumb-default\" target=\"_self\" ><img decoding=\"async\" width=\"768\" height=\"432\" src=\"https:\/\/garageblogec.com\/wp-content\/uploads\/2026\/04\/WhatsApp-Image-2026-04-21-at-1.52.53-PM-768x432.jpeg\" class=\"pt-cv-thumbnail\" alt=\"\" \/><\/a><\/div>\n<div class=\"pt-cv-overlay-wrapper\"><div class=\"pt-cv-taxoterm above_title\"><a href='https:\/\/garageblogec.com\/?cat=27' title='Industria Nacional' class='pt-cv-tax-industria-nacional'>Industria Nacional<\/a><\/div><h4 class=\"pt-cv-title\"><a href=\"https:\/\/garageblogec.com\/?p=3303\" class=\"_self\" target=\"_self\" >Grupo Ambacar presenta en Guayaquil KGM, su nueva marca de SUV h\u00edbridos con respaldo global<\/a><\/h4><div class=\"pt-cv-meta-fields\"><span class=\"entry-date\"> <time datetime=\"2026-04-21T21:37:24+00:00\">abril 21, 2026<\/time><\/span><span> \/ <\/span><span class=\"author\"> <a href=\"https:\/\/garageblogec.com\/?author=6\" rel=\"author\">gabi1212<\/a><\/span><\/div><\/div><\/div>\n<div class=\" pt-cv-content-item pt-cv-1-col\" ><div class=\"pt-cv-thumb-wrapper  \"><a href=\"https:\/\/garageblogec.com\/?p=3296\" class=\"_self pt-cv-href-thumbnail pt-cv-thumb-default\" target=\"_self\" ><img decoding=\"async\" width=\"768\" height=\"432\" src=\"https:\/\/garageblogec.com\/wp-content\/uploads\/2026\/04\/WhatsApp-Image-2026-04-14-at-3.15.09-PM-768x432.jpeg\" class=\"pt-cv-thumbnail\" alt=\"\" \/><\/a><\/div>\n<div class=\"pt-cv-overlay-wrapper\"><div class=\"pt-cv-taxoterm above_title\"><a href='https:\/\/garageblogec.com\/?cat=27' title='Industria Nacional' class='pt-cv-tax-industria-nacional'>Industria Nacional<\/a><\/div><h4 class=\"pt-cv-title\"><a href=\"https:\/\/garageblogec.com\/?p=3296\" class=\"_self\" target=\"_self\" >El tablero desapareci\u00f3, ahora el auto es una pantalla inteligente<\/a><\/h4><div class=\"pt-cv-meta-fields\"><span class=\"entry-date\"> <time datetime=\"2026-04-14T20:21:20+00:00\">abril 14, 2026<\/time><\/span><span> \/ <\/span><span class=\"author\"> <a href=\"https:\/\/garageblogec.com\/?author=6\" rel=\"author\">gabi1212<\/a><\/span><\/div><\/div><\/div>\n<div class=\" pt-cv-content-item pt-cv-1-col\" ><div class=\"pt-cv-thumb-wrapper  \"><a href=\"https:\/\/garageblogec.com\/?p=3291\" class=\"_self pt-cv-href-thumbnail pt-cv-thumb-default\" target=\"_self\" ><img loading=\"lazy\" decoding=\"async\" width=\"768\" height=\"432\" src=\"https:\/\/garageblogec.com\/wp-content\/uploads\/2026\/04\/WhatsApp-Image-2026-04-14-at-2.21.27-PM-768x432.jpeg\" class=\"pt-cv-thumbnail\" alt=\"\" \/><\/a><\/div>\n<div class=\"pt-cv-overlay-wrapper\"><div class=\"pt-cv-taxoterm above_title\"><a href='https:\/\/garageblogec.com\/?cat=27' title='Industria Nacional' class='pt-cv-tax-industria-nacional'>Industria Nacional<\/a><\/div><h4 class=\"pt-cv-title\"><a href=\"https:\/\/garageblogec.com\/?p=3291\" class=\"_self\" target=\"_self\" >Seguridad al volante en Ecuador: los errores m\u00e1s comunes que cometen los conductores<\/a><\/h4><div class=\"pt-cv-meta-fields\"><span class=\"entry-date\"> <time datetime=\"2026-04-14T20:08:54+00:00\">abril 14, 2026<\/time><\/span><span> \/ <\/span><span class=\"author\"> <a href=\"https:\/\/garageblogec.com\/?author=6\" rel=\"author\">gabi1212<\/a><\/span><\/div><\/div><\/div>\n<div class=\" pt-cv-content-item pt-cv-1-col\" ><div class=\"pt-cv-thumb-wrapper  \"><a href=\"https:\/\/garageblogec.com\/?p=3286\" class=\"_self pt-cv-href-thumbnail pt-cv-thumb-default\" target=\"_self\" ><img loading=\"lazy\" decoding=\"async\" width=\"768\" height=\"492\" src=\"https:\/\/garageblogec.com\/wp-content\/uploads\/2026\/04\/Posventa.jpg-768x492.jpeg\" class=\"pt-cv-thumbnail\" alt=\"\" \/><\/a><\/div>\n<div class=\"pt-cv-overlay-wrapper\"><div class=\"pt-cv-taxoterm above_title\"><a href='https:\/\/garageblogec.com\/?cat=27' title='Industria Nacional' class='pt-cv-tax-industria-nacional'>Industria Nacional<\/a><\/div><h4 class=\"pt-cv-title\"><a href=\"https:\/\/garageblogec.com\/?p=3286\" class=\"_self\" target=\"_self\" >Clientes Nissan reciben cambios de aceite infinitos<\/a><\/h4><div class=\"pt-cv-meta-fields\"><span class=\"entry-date\"> <time datetime=\"2026-04-14T20:04:08+00:00\">abril 14, 2026<\/time><\/span><span> \/ <\/span><span class=\"author\"> <a href=\"https:\/\/garageblogec.com\/?author=6\" rel=\"author\">gabi1212<\/a><\/span><\/div><\/div><\/div>\n<div class=\" pt-cv-content-item pt-cv-1-col\" ><div class=\"pt-cv-thumb-wrapper  \"><a href=\"https:\/\/garageblogec.com\/?p=3280\" class=\"_self pt-cv-href-thumbnail pt-cv-thumb-default\" target=\"_self\" ><img loading=\"lazy\" decoding=\"async\" width=\"768\" height=\"512\" src=\"https:\/\/garageblogec.com\/wp-content\/uploads\/2026\/04\/foto1-768x512.jpeg\" class=\"pt-cv-thumbnail\" alt=\"\" \/><\/a><\/div>\n<div class=\"pt-cv-overlay-wrapper\"><div class=\"pt-cv-taxoterm above_title\"><a href='https:\/\/garageblogec.com\/?cat=27' title='Industria Nacional' class='pt-cv-tax-industria-nacional'>Industria Nacional<\/a><\/div><h4 class=\"pt-cv-title\"><a href=\"https:\/\/garageblogec.com\/?p=3280\" class=\"_self\" target=\"_self\" >Movilidad como inversi\u00f3n: el uso de utilidades que crece en Ecuador<\/a><\/h4><div class=\"pt-cv-meta-fields\"><span class=\"entry-date\"> <time datetime=\"2026-04-07T19:55:36+00:00\">abril 7, 2026<\/time><\/span><span> \/ <\/span><span class=\"author\"> <a href=\"https:\/\/garageblogec.com\/?author=6\" rel=\"author\">gabi1212<\/a><\/span><\/div><\/div><\/div>\n<div class=\" pt-cv-content-item pt-cv-1-col\" ><div class=\"pt-cv-thumb-wrapper  \"><a href=\"https:\/\/garageblogec.com\/?p=3276\" class=\"_self pt-cv-href-thumbnail pt-cv-thumb-default\" target=\"_self\" ><img loading=\"lazy\" decoding=\"async\" width=\"745\" height=\"491\" src=\"https:\/\/garageblogec.com\/wp-content\/uploads\/2026\/04\/TT.png\" class=\"pt-cv-thumbnail\" alt=\"\" \/><\/a><\/div>\n<div class=\"pt-cv-overlay-wrapper\"><div class=\"pt-cv-taxoterm above_title\"><a href='https:\/\/garageblogec.com\/?cat=27' title='Industria Nacional' class='pt-cv-tax-industria-nacional'>Industria Nacional<\/a><\/div><h4 class=\"pt-cv-title\"><a href=\"https:\/\/garageblogec.com\/?p=3276\" class=\"_self\" target=\"_self\" >Lluvias en Ecuador: C\u00f3mo reducir riesgos en carretera y prevenir accidentes en calzada mojada<\/a><\/h4><div class=\"pt-cv-meta-fields\"><span class=\"entry-date\"> <time datetime=\"2026-04-07T19:46:52+00:00\">abril 7, 2026<\/time><\/span><span> \/ <\/span><span class=\"author\"> <a href=\"https:\/\/garageblogec.com\/?author=6\" rel=\"author\">gabi1212<\/a><\/span><\/div><\/div><\/div><\/div><\/div> <\/div> <style>\n#pt-cv-view-c8rquo1t .pt-cv-thumb-wrapper::before {background: rgba(0,0,0,.4); opacity: 0.8;}#pt-cv-view-c8rquo1t .pt-cv-overlay-wrapper {justify-content: center;}\n#pt-cv-view-c8rquo1t .pt-cv-meta-fields {  }#pt-cv-view-c8rquo1t .pt-cv-meta-fields * { font-size: 13px; }#pt-cv-view-c8rquo1t .pt-cv-title a { display: block; }#pt-cv-view-c8rquo1t .pt-cv-title:not(.pt-cv-titlesm) a { font-weight: 600;text-decoration: none;font-size: 20px; }#pt-cv-view-c8rquo1t .pt-cv-titlesm a { font-weight: 600;font-size: 18px; }#pt-cv-view-c8rquo1t .pt-cv-content { font-size: 15px; }#pt-cv-view-c8rquo1t .pt-cv-rmwrap {  }#pt-cv-view-c8rquo1t .pt-cv-readmore { color: #fff;background-color: #0075ff;font-size: 14px; }#pt-cv-view-c8rquo1t .pt-cv-taxoterm { margin: 0px 0px 20px 0px; }#pt-cv-view-c8rquo1t .pt-cv-taxoterm * { color: #222;background-color: #fff6f6;font-size: 14px; }#pt-cv-view-c8rquo1t + .pt-cv-pagination-wrapper {  }#pt-cv-view-c8rquo1t + .pt-cv-pagination-wrapper a { font-size: 14px; }#pt-cv-view-c8rquo1t > .pt-cv-page {grid-template-columns: repeat(3, 1fr);grid-auto-rows: 250px;grid-gap: 10px;}\n@media all and (max-width: 1024px) { \n#pt-cv-view-c8rquo1t > .pt-cv-page {}\n} \n@media all and (max-width: 767px) { \n#pt-cv-view-c8rquo1t > .pt-cv-page {grid-template-columns: repeat(1, 1fr);}\n} <\/style>","protected":false},"excerpt":{"rendered":"<p>Los autos el\u00e9ctricos evolucionan r\u00e1pidamente, y Nissan quiere que el pr\u00f3ximo\u00a0Leaf\u00a0demuestre que a\u00fan tiene un lugar en el debate. La compa\u00f1\u00eda se prepara para el debut oficial de su veh\u00edculo el\u00e9ctrico de pr\u00f3xima generaci\u00f3n a finales de este mes, mostrando m\u00e1s detalles de su dise\u00f1o y ofreciendo un vistazo entre bastidores a su desarrollo a [&hellip;]<\/p>\n","protected":false},"author":6,"featured_media":2128,"comment_status":"open","ping_status":"open","sticky":false,"template":"","format":"standard","meta":{"_jetpack_memberships_contains_paid_content":false,"footnotes":""},"categories":[27],"tags":[],"class_list":["post-2127","post","type-post","status-publish","format-standard","has-post-thumbnail","hentry","category-industria-nacional"],"yoast_head":"<!-- This site is optimized with the Yoast SEO plugin v27.5 - https:\/\/yoast.com\/product\/yoast-seo-wordpress\/ -->\n<title>Nissan revela m\u00e1s del nuevo veh\u00edculo el\u00e9ctrico que podr\u00eda marcar la diferencia en su futuro. - Garage Blog Ecuador<\/title>\n<meta name=\"robots\" content=\"index, follow, max-snippet:-1, max-image-preview:large, max-video-preview:-1\" \/>\n<link rel=\"canonical\" href=\"https:\/\/garageblogec.com\/?p=2127\" \/>\n<meta property=\"og:locale\" content=\"es_ES\" \/>\n<meta property=\"og:type\" content=\"article\" \/>\n<meta property=\"og:title\" content=\"Nissan revela m\u00e1s del nuevo veh\u00edculo el\u00e9ctrico que podr\u00eda marcar la diferencia en su futuro. - Garage Blog Ecuador\" \/>\n<meta property=\"og:description\" content=\"Los autos el\u00e9ctricos evolucionan r\u00e1pidamente, y Nissan quiere que el pr\u00f3ximo\u00a0Leaf\u00a0demuestre que a\u00fan tiene un lugar en el debate. La compa\u00f1\u00eda se prepara para el debut oficial de su veh\u00edculo el\u00e9ctrico de pr\u00f3xima generaci\u00f3n a finales de este mes, mostrando m\u00e1s detalles de su dise\u00f1o y ofreciendo un vistazo entre bastidores a su desarrollo a [&hellip;]\" \/>\n<meta property=\"og:url\" content=\"https:\/\/garageblogec.com\/?p=2127\" \/>\n<meta property=\"og:site_name\" content=\"Garage Blog Ecuador\" \/>\n<meta property=\"article:published_time\" content=\"2025-06-04T19:18:52+00:00\" \/>\n<meta property=\"article:modified_time\" content=\"2025-06-04T19:21:35+00:00\" \/>\n<meta property=\"og:image\" content=\"https:\/\/garageblogec.com\/wp-content\/uploads\/2025\/06\/Captura-2.png\" \/>\n\t<meta property=\"og:image:width\" content=\"895\" \/>\n\t<meta property=\"og:image:height\" content=\"572\" \/>\n\t<meta property=\"og:image:type\" content=\"image\/png\" \/>\n<meta name=\"author\" content=\"gabi1212\" \/>\n<meta name=\"twitter:card\" content=\"summary_large_image\" \/>\n<meta name=\"twitter:label1\" content=\"Escrito por\" \/>\n\t<meta name=\"twitter:data1\" content=\"gabi1212\" \/>\n\t<meta name=\"twitter:label2\" content=\"Tiempo de lectura\" \/>\n\t<meta name=\"twitter:data2\" content=\"4 minutos\" \/>\n<script type=\"application\/ld+json\" class=\"yoast-schema-graph\">{\"@context\":\"https:\\\/\\\/schema.org\",\"@graph\":[{\"@type\":\"Article\",\"@id\":\"https:\\\/\\\/garageblogec.com\\\/?p=2127#article\",\"isPartOf\":{\"@id\":\"https:\\\/\\\/garageblogec.com\\\/?p=2127\"},\"author\":{\"name\":\"gabi1212\",\"@id\":\"https:\\\/\\\/garageblogec.com\\\/#\\\/schema\\\/person\\\/635f4b76c0cb3e43b82fe6f7d8bcceea\"},\"headline\":\"Nissan revela m\u00e1s del nuevo veh\u00edculo el\u00e9ctrico que podr\u00eda marcar la diferencia en su futuro.\",\"datePublished\":\"2025-06-04T19:18:52+00:00\",\"dateModified\":\"2025-06-04T19:21:35+00:00\",\"mainEntityOfPage\":{\"@id\":\"https:\\\/\\\/garageblogec.com\\\/?p=2127\"},\"wordCount\":648,\"commentCount\":0,\"publisher\":{\"@id\":\"https:\\\/\\\/garageblogec.com\\\/#organization\"},\"image\":{\"@id\":\"https:\\\/\\\/garageblogec.com\\\/?p=2127#primaryimage\"},\"thumbnailUrl\":\"https:\\\/\\\/garageblogec.com\\\/wp-content\\\/uploads\\\/2025\\\/06\\\/Captura-2.png\",\"articleSection\":[\"Industria Nacional\"],\"inLanguage\":\"es\",\"potentialAction\":[{\"@type\":\"CommentAction\",\"name\":\"Comment\",\"target\":[\"https:\\\/\\\/garageblogec.com\\\/?p=2127#respond\"]}]},{\"@type\":\"WebPage\",\"@id\":\"https:\\\/\\\/garageblogec.com\\\/?p=2127\",\"url\":\"https:\\\/\\\/garageblogec.com\\\/?p=2127\",\"name\":\"Nissan revela m\u00e1s del nuevo veh\u00edculo el\u00e9ctrico que podr\u00eda marcar la diferencia en su futuro. - Garage Blog Ecuador\",\"isPartOf\":{\"@id\":\"https:\\\/\\\/garageblogec.com\\\/#website\"},\"primaryImageOfPage\":{\"@id\":\"https:\\\/\\\/garageblogec.com\\\/?p=2127#primaryimage\"},\"image\":{\"@id\":\"https:\\\/\\\/garageblogec.com\\\/?p=2127#primaryimage\"},\"thumbnailUrl\":\"https:\\\/\\\/garageblogec.com\\\/wp-content\\\/uploads\\\/2025\\\/06\\\/Captura-2.png\",\"datePublished\":\"2025-06-04T19:18:52+00:00\",\"dateModified\":\"2025-06-04T19:21:35+00:00\",\"breadcrumb\":{\"@id\":\"https:\\\/\\\/garageblogec.com\\\/?p=2127#breadcrumb\"},\"inLanguage\":\"es\",\"potentialAction\":[{\"@type\":\"ReadAction\",\"target\":[\"https:\\\/\\\/garageblogec.com\\\/?p=2127\"]}]},{\"@type\":\"ImageObject\",\"inLanguage\":\"es\",\"@id\":\"https:\\\/\\\/garageblogec.com\\\/?p=2127#primaryimage\",\"url\":\"https:\\\/\\\/garageblogec.com\\\/wp-content\\\/uploads\\\/2025\\\/06\\\/Captura-2.png\",\"contentUrl\":\"https:\\\/\\\/garageblogec.com\\\/wp-content\\\/uploads\\\/2025\\\/06\\\/Captura-2.png\",\"width\":895,\"height\":572},{\"@type\":\"BreadcrumbList\",\"@id\":\"https:\\\/\\\/garageblogec.com\\\/?p=2127#breadcrumb\",\"itemListElement\":[{\"@type\":\"ListItem\",\"position\":1,\"name\":\"Portada\",\"item\":\"https:\\\/\\\/garageblogec.com\\\/\"},{\"@type\":\"ListItem\",\"position\":2,\"name\":\"Nissan revela m\u00e1s del nuevo veh\u00edculo el\u00e9ctrico que podr\u00eda marcar la diferencia en su futuro.\"}]},{\"@type\":\"WebSite\",\"@id\":\"https:\\\/\\\/garageblogec.com\\\/#website\",\"url\":\"https:\\\/\\\/garageblogec.com\\\/\",\"name\":\"Garage Blog Ecuador\",\"description\":\"Alucinamos por los autos \",\"publisher\":{\"@id\":\"https:\\\/\\\/garageblogec.com\\\/#organization\"},\"potentialAction\":[{\"@type\":\"SearchAction\",\"target\":{\"@type\":\"EntryPoint\",\"urlTemplate\":\"https:\\\/\\\/garageblogec.com\\\/?s={search_term_string}\"},\"query-input\":{\"@type\":\"PropertyValueSpecification\",\"valueRequired\":true,\"valueName\":\"search_term_string\"}}],\"inLanguage\":\"es\"},{\"@type\":\"Organization\",\"@id\":\"https:\\\/\\\/garageblogec.com\\\/#organization\",\"name\":\"Garage Blog Ecuador\",\"url\":\"https:\\\/\\\/garageblogec.com\\\/\",\"logo\":{\"@type\":\"ImageObject\",\"inLanguage\":\"es\",\"@id\":\"https:\\\/\\\/garageblogec.com\\\/#\\\/schema\\\/logo\\\/image\\\/\",\"url\":\"https:\\\/\\\/garageblogec.com\\\/wp-content\\\/uploads\\\/2024\\\/02\\\/cropped-logo-png-para-blog.webp\",\"contentUrl\":\"https:\\\/\\\/garageblogec.com\\\/wp-content\\\/uploads\\\/2024\\\/02\\\/cropped-logo-png-para-blog.webp\",\"width\":840,\"height\":556,\"caption\":\"Garage Blog Ecuador \"},\"image\":{\"@id\":\"https:\\\/\\\/garageblogec.com\\\/#\\\/schema\\\/logo\\\/image\\\/\"}},{\"@type\":\"Person\",\"@id\":\"https:\\\/\\\/garageblogec.com\\\/#\\\/schema\\\/person\\\/635f4b76c0cb3e43b82fe6f7d8bcceea\",\"name\":\"gabi1212\",\"image\":{\"@type\":\"ImageObject\",\"inLanguage\":\"es\",\"@id\":\"https:\\\/\\\/secure.gravatar.com\\\/avatar\\\/6aa491f45cb359d4d6dd8c430e83f78899c80569c27d21156e19bbdcd31d1811?s=96&d=mm&r=g\",\"url\":\"https:\\\/\\\/secure.gravatar.com\\\/avatar\\\/6aa491f45cb359d4d6dd8c430e83f78899c80569c27d21156e19bbdcd31d1811?s=96&d=mm&r=g\",\"contentUrl\":\"https:\\\/\\\/secure.gravatar.com\\\/avatar\\\/6aa491f45cb359d4d6dd8c430e83f78899c80569c27d21156e19bbdcd31d1811?s=96&d=mm&r=g\",\"caption\":\"gabi1212\"},\"url\":\"https:\\\/\\\/garageblogec.com\\\/?author=6\"}]}<\/script>\n<!-- \/ Yoast SEO plugin. -->","yoast_head_json":{"title":"Nissan revela m\u00e1s del nuevo veh\u00edculo el\u00e9ctrico que podr\u00eda marcar la diferencia en su futuro. - Garage Blog Ecuador","robots":{"index":"index","follow":"follow","max-snippet":"max-snippet:-1","max-image-preview":"max-image-preview:large","max-video-preview":"max-video-preview:-1"},"canonical":"https:\/\/garageblogec.com\/?p=2127","og_locale":"es_ES","og_type":"article","og_title":"Nissan revela m\u00e1s del nuevo veh\u00edculo el\u00e9ctrico que podr\u00eda marcar la diferencia en su futuro. - Garage Blog Ecuador","og_description":"Los autos el\u00e9ctricos evolucionan r\u00e1pidamente, y Nissan quiere que el pr\u00f3ximo\u00a0Leaf\u00a0demuestre que a\u00fan tiene un lugar en el debate. La compa\u00f1\u00eda se prepara para el debut oficial de su veh\u00edculo el\u00e9ctrico de pr\u00f3xima generaci\u00f3n a finales de este mes, mostrando m\u00e1s detalles de su dise\u00f1o y ofreciendo un vistazo entre bastidores a su desarrollo a [&hellip;]","og_url":"https:\/\/garageblogec.com\/?p=2127","og_site_name":"Garage Blog Ecuador","article_published_time":"2025-06-04T19:18:52+00:00","article_modified_time":"2025-06-04T19:21:35+00:00","og_image":[{"width":895,"height":572,"url":"https:\/\/garageblogec.com\/wp-content\/uploads\/2025\/06\/Captura-2.png","type":"image\/png"}],"author":"gabi1212","twitter_card":"summary_large_image","twitter_misc":{"Escrito por":"gabi1212","Tiempo de lectura":"4 minutos"},"schema":{"@context":"https:\/\/schema.org","@graph":[{"@type":"Article","@id":"https:\/\/garageblogec.com\/?p=2127#article","isPartOf":{"@id":"https:\/\/garageblogec.com\/?p=2127"},"author":{"name":"gabi1212","@id":"https:\/\/garageblogec.com\/#\/schema\/person\/635f4b76c0cb3e43b82fe6f7d8bcceea"},"headline":"Nissan revela m\u00e1s del nuevo veh\u00edculo el\u00e9ctrico que podr\u00eda marcar la diferencia en su futuro.","datePublished":"2025-06-04T19:18:52+00:00","dateModified":"2025-06-04T19:21:35+00:00","mainEntityOfPage":{"@id":"https:\/\/garageblogec.com\/?p=2127"},"wordCount":648,"commentCount":0,"publisher":{"@id":"https:\/\/garageblogec.com\/#organization"},"image":{"@id":"https:\/\/garageblogec.com\/?p=2127#primaryimage"},"thumbnailUrl":"https:\/\/garageblogec.com\/wp-content\/uploads\/2025\/06\/Captura-2.png","articleSection":["Industria Nacional"],"inLanguage":"es","potentialAction":[{"@type":"CommentAction","name":"Comment","target":["https:\/\/garageblogec.com\/?p=2127#respond"]}]},{"@type":"WebPage","@id":"https:\/\/garageblogec.com\/?p=2127","url":"https:\/\/garageblogec.com\/?p=2127","name":"Nissan revela m\u00e1s del nuevo veh\u00edculo el\u00e9ctrico que podr\u00eda marcar la diferencia en su futuro. - Garage Blog Ecuador","isPartOf":{"@id":"https:\/\/garageblogec.com\/#website"},"primaryImageOfPage":{"@id":"https:\/\/garageblogec.com\/?p=2127#primaryimage"},"image":{"@id":"https:\/\/garageblogec.com\/?p=2127#primaryimage"},"thumbnailUrl":"https:\/\/garageblogec.com\/wp-content\/uploads\/2025\/06\/Captura-2.png","datePublished":"2025-06-04T19:18:52+00:00","dateModified":"2025-06-04T19:21:35+00:00","breadcrumb":{"@id":"https:\/\/garageblogec.com\/?p=2127#breadcrumb"},"inLanguage":"es","potentialAction":[{"@type":"ReadAction","target":["https:\/\/garageblogec.com\/?p=2127"]}]},{"@type":"ImageObject","inLanguage":"es","@id":"https:\/\/garageblogec.com\/?p=2127#primaryimage","url":"https:\/\/garageblogec.com\/wp-content\/uploads\/2025\/06\/Captura-2.png","contentUrl":"https:\/\/garageblogec.com\/wp-content\/uploads\/2025\/06\/Captura-2.png","width":895,"height":572},{"@type":"BreadcrumbList","@id":"https:\/\/garageblogec.com\/?p=2127#breadcrumb","itemListElement":[{"@type":"ListItem","position":1,"name":"Portada","item":"https:\/\/garageblogec.com\/"},{"@type":"ListItem","position":2,"name":"Nissan revela m\u00e1s del nuevo veh\u00edculo el\u00e9ctrico que podr\u00eda marcar la diferencia en su futuro."}]},{"@type":"WebSite","@id":"https:\/\/garageblogec.com\/#website","url":"https:\/\/garageblogec.com\/","name":"Garage Blog Ecuador","description":"Alucinamos por los autos ","publisher":{"@id":"https:\/\/garageblogec.com\/#organization"},"potentialAction":[{"@type":"SearchAction","target":{"@type":"EntryPoint","urlTemplate":"https:\/\/garageblogec.com\/?s={search_term_string}"},"query-input":{"@type":"PropertyValueSpecification","valueRequired":true,"valueName":"search_term_string"}}],"inLanguage":"es"},{"@type":"Organization","@id":"https:\/\/garageblogec.com\/#organization","name":"Garage Blog Ecuador","url":"https:\/\/garageblogec.com\/","logo":{"@type":"ImageObject","inLanguage":"es","@id":"https:\/\/garageblogec.com\/#\/schema\/logo\/image\/","url":"https:\/\/garageblogec.com\/wp-content\/uploads\/2024\/02\/cropped-logo-png-para-blog.webp","contentUrl":"https:\/\/garageblogec.com\/wp-content\/uploads\/2024\/02\/cropped-logo-png-para-blog.webp","width":840,"height":556,"caption":"Garage Blog Ecuador "},"image":{"@id":"https:\/\/garageblogec.com\/#\/schema\/logo\/image\/"}},{"@type":"Person","@id":"https:\/\/garageblogec.com\/#\/schema\/person\/635f4b76c0cb3e43b82fe6f7d8bcceea","name":"gabi1212","image":{"@type":"ImageObject","inLanguage":"es","@id":"https:\/\/secure.gravatar.com\/avatar\/6aa491f45cb359d4d6dd8c430e83f78899c80569c27d21156e19bbdcd31d1811?s=96&d=mm&r=g","url":"https:\/\/secure.gravatar.com\/avatar\/6aa491f45cb359d4d6dd8c430e83f78899c80569c27d21156e19bbdcd31d1811?s=96&d=mm&r=g","contentUrl":"https:\/\/secure.gravatar.com\/avatar\/6aa491f45cb359d4d6dd8c430e83f78899c80569c27d21156e19bbdcd31d1811?s=96&d=mm&r=g","caption":"gabi1212"},"url":"https:\/\/garageblogec.com\/?author=6"}]}},"jetpack_featured_media_url":"https:\/\/garageblogec.com\/wp-content\/uploads\/2025\/06\/Captura-2.png","jetpack_sharing_enabled":true,"_links":{"self":[{"href":"https:\/\/garageblogec.com\/index.php?rest_route=\/wp\/v2\/posts\/2127","targetHints":{"allow":["GET"]}}],"collection":[{"href":"https:\/\/garageblogec.com\/index.php?rest_route=\/wp\/v2\/posts"}],"about":[{"href":"https:\/\/garageblogec.com\/index.php?rest_route=\/wp\/v2\/types\/post"}],"author":[{"embeddable":true,"href":"https:\/\/garageblogec.com\/index.php?rest_route=\/wp\/v2\/users\/6"}],"replies":[{"embeddable":true,"href":"https:\/\/garageblogec.com\/index.php?rest_route=%2Fwp%2Fv2%2Fcomments&post=2127"}],"version-history":[{"count":2,"href":"https:\/\/garageblogec.com\/index.php?rest_route=\/wp\/v2\/posts\/2127\/revisions"}],"predecessor-version":[{"id":2130,"href":"https:\/\/garageblogec.com\/index.php?rest_route=\/wp\/v2\/posts\/2127\/revisions\/2130"}],"wp:featuredmedia":[{"embeddable":true,"href":"https:\/\/garageblogec.com\/index.php?rest_route=\/wp\/v2\/media\/2128"}],"wp:attachment":[{"href":"https:\/\/garageblogec.com\/index.php?rest_route=%2Fwp%2Fv2%2Fmedia&parent=2127"}],"wp:term":[{"taxonomy":"category","embeddable":true,"href":"https:\/\/garageblogec.com\/index.php?rest_route=%2Fwp%2Fv2%2Fcategories&post=2127"},{"taxonomy":"post_tag","embeddable":true,"href":"https:\/\/garageblogec.com\/index.php?rest_route=%2Fwp%2Fv2%2Ftags&post=2127"}],"curies":[{"name":"wp","href":"https:\/\/api.w.org\/{rel}","templated":true}]}}