{"id":2121,"date":"2025-06-03T19:49:53","date_gmt":"2025-06-03T19:49:53","guid":{"rendered":"https:\/\/garageblogec.com\/?p=2121"},"modified":"2025-06-03T19:50:01","modified_gmt":"2025-06-03T19:50:01","slug":"chevrolet-tracker-rs-la-version-con-estilo-deportivo-del-versatil-suv-llega-en-edicion-limitada","status":"publish","type":"post","link":"https:\/\/garageblogec.com\/?p=2121","title":{"rendered":"CHEVROLET TRACKER RS, LA VERSI\u00d3N CON ESTILO DEPORTIVO DEL VERS\u00c1TIL SUV LLEGA EN EDICI\u00d3N LIMITADA."},"content":{"rendered":"\n<p>Chevrolet anunci\u00f3 la llegada de una edici\u00f3n especial de su vers\u00e1til SUV, ahora con un estilo deportivo que eleva los est\u00e1ndares de sofisticaci\u00f3n en su categor\u00eda. La edici\u00f3n Rally Sport de Tracker Turbo incorpora un motor 1.2 Turbo que genera 130 caballos de potencia y un torque constante de 190 Nm, proporcionando una respuesta poderosa y eficiente en el manejo.&nbsp; Su sistema Active Select permite al conductor alternar entre un sistema de caja autom\u00e1tico y uno secuencial seg\u00fan las necesidades de la conducci\u00f3n.<\/p>\n\n\n\n<figure class=\"wp-block-image size-large\"><img fetchpriority=\"high\" decoding=\"async\" width=\"1024\" height=\"575\" src=\"https:\/\/garageblogec.com\/wp-content\/uploads\/2025\/06\/WhatsApp-Image-2025-06-03-at-12.58.51-PM-1024x575.jpeg\" alt=\"\" class=\"wp-image-2122\" srcset=\"https:\/\/garageblogec.com\/wp-content\/uploads\/2025\/06\/WhatsApp-Image-2025-06-03-at-12.58.51-PM-1024x575.jpeg 1024w, https:\/\/garageblogec.com\/wp-content\/uploads\/2025\/06\/WhatsApp-Image-2025-06-03-at-12.58.51-PM-300x168.jpeg 300w, https:\/\/garageblogec.com\/wp-content\/uploads\/2025\/06\/WhatsApp-Image-2025-06-03-at-12.58.51-PM-768x431.jpeg 768w, https:\/\/garageblogec.com\/wp-content\/uploads\/2025\/06\/WhatsApp-Image-2025-06-03-at-12.58.51-PM-1536x862.jpeg 1536w, https:\/\/garageblogec.com\/wp-content\/uploads\/2025\/06\/WhatsApp-Image-2025-06-03-at-12.58.51-PM-1320x741.jpeg 1320w, https:\/\/garageblogec.com\/wp-content\/uploads\/2025\/06\/WhatsApp-Image-2025-06-03-at-12.58.51-PM.jpeg 1600w\" sizes=\"(max-width: 1024px) 100vw, 1024px\" \/><\/figure>\n\n\n\n<p>En materia de seguridad cuenta tambi\u00e9n con un bloque de aluminio con extensi\u00f3n reforzada, dise\u00f1ado para ofrecer una resistencia superior con el menor peso posible. El resultado es un rendimiento mejorado y un consumo de combustible reducido.<\/p>\n\n\n\n<p><strong>Dise\u00f1o y desempe\u00f1o deportivo<\/strong><\/p>\n\n\n\n<p>Las versiones Tracker Turbo Premier, y ahora la versi\u00f3n deportiva RS, son los SUV con mayor equipamiento en su categor\u00eda. El dise\u00f1o exterior de Tracker Turbo RS refleja un enfoque deportivo y elegante. Sus aros de aluminio de 17 pulgadas en acabado RS Black Bowtie, spoiler trasero, espejos retrovisores el\u00e9ctricos con luz direccional y un techo corredizo panor\u00e1mico, destacan su est\u00e9tica moderna.<\/p>\n\n\n\n<figure class=\"wp-block-image size-full\"><a href=\"https:\/\/www.kia.com\/ec\/main.html\"><img decoding=\"async\" width=\"800\" height=\"222\" src=\"https:\/\/garageblogec.com\/wp-content\/uploads\/2025\/04\/7gif1080X300peso-ezgif.com-video-to-webp-converter.webp\" alt=\"\" class=\"wp-image-1923\"\/><\/a><\/figure>\n\n\n\n<p>En su interior, el veh\u00edculo ofrece acabados en tela premium y ecocuero negro con detalles en piano black y costuras rojas, volante deportivo revestido en cuero y pantalla t\u00e1ctil Chevrolet MyLink de 8 pulgadas compatible con Android Auto\u2122 y Apple CarPlay\u2122 inal\u00e1mbricos.<\/p>\n\n\n\n<p><strong>Seguridad y tecnolog\u00eda avanzada<\/strong><\/p>\n\n\n\n<figure class=\"wp-block-image size-large\"><img decoding=\"async\" width=\"1024\" height=\"683\" src=\"https:\/\/garageblogec.com\/wp-content\/uploads\/2025\/06\/FGD_3069-1024x683.jpg\" alt=\"\" class=\"wp-image-2123\" srcset=\"https:\/\/garageblogec.com\/wp-content\/uploads\/2025\/06\/FGD_3069-1024x683.jpg 1024w, https:\/\/garageblogec.com\/wp-content\/uploads\/2025\/06\/FGD_3069-300x200.jpg 300w, https:\/\/garageblogec.com\/wp-content\/uploads\/2025\/06\/FGD_3069-768x513.jpg 768w, https:\/\/garageblogec.com\/wp-content\/uploads\/2025\/06\/FGD_3069-1536x1025.jpg 1536w, https:\/\/garageblogec.com\/wp-content\/uploads\/2025\/06\/FGD_3069-2048x1367.jpg 2048w, https:\/\/garageblogec.com\/wp-content\/uploads\/2025\/06\/FGD_3069-1320x881.jpg 1320w\" sizes=\"(max-width: 1024px) 100vw, 1024px\" \/><\/figure>\n\n\n\n<p>En su edici\u00f3n deportiva, Tracker RS ofrece un robusto sistema de seguridad con 6 airbags, control de tracci\u00f3n, y estabilidad y un sistema de frenos con ABS y EBD, que le otorgaron 5 estrellas de seguridad en Latin NCAP. Incluye innovaciones como alerta de colisi\u00f3n frontal, frenado aut\u00f3nomo de emergencia, sensores de estacionamiento traseros y c\u00e1mara de reversa. Adem\u00e1s, su seguridad se complementa con comodidad, gracias al asistente de arranque en pendiente y el sensor de encendido autom\u00e1tico de luces frontales.<\/p>\n\n\n\n<figure class=\"wp-block-image size-large\"><img loading=\"lazy\" decoding=\"async\" width=\"1024\" height=\"683\" src=\"https:\/\/garageblogec.com\/wp-content\/uploads\/2025\/06\/FGD_3156-1024x683.jpg\" alt=\"\" class=\"wp-image-2124\" srcset=\"https:\/\/garageblogec.com\/wp-content\/uploads\/2025\/06\/FGD_3156-1024x683.jpg 1024w, https:\/\/garageblogec.com\/wp-content\/uploads\/2025\/06\/FGD_3156-300x200.jpg 300w, https:\/\/garageblogec.com\/wp-content\/uploads\/2025\/06\/FGD_3156-768x513.jpg 768w, https:\/\/garageblogec.com\/wp-content\/uploads\/2025\/06\/FGD_3156-1536x1025.jpg 1536w, https:\/\/garageblogec.com\/wp-content\/uploads\/2025\/06\/FGD_3156-2048x1367.jpg 2048w, https:\/\/garageblogec.com\/wp-content\/uploads\/2025\/06\/FGD_3156-1320x881.jpg 1320w\" sizes=\"(max-width: 1024px) 100vw, 1024px\" \/><\/figure>\n\n\n\n<p>En cuanto a tecnolog\u00eda, la Tracker Turbo RS integra el exclusivo sistema Onstar de seguridad y asistencia avanzada, conectividad Wifi 4G, &nbsp;acceso inteligente sin llave, encendido remoto, entre otros elementos, haciendo de este SUV un modelo completo y a la vanguardia en conectividad.<\/p>\n\n\n\n<p><strong>Espacio y funcionalidad<\/strong><\/p>\n\n\n\n<p>La capacidad de su maletero, que alcanza los 1,278 litros con los asientos abatidos, y el amplio espacio interior con asientos dise\u00f1ados para m\u00e1ximo confort, garantizan funcionalidad y practicidad para cualquier tipo de aventura.<\/p>\n\n\n\n<p><em>\u00abEn Chevrolet ofrecemos a nuestros clientes veh\u00edculos que se adapten a su estilo de vida, con dise\u00f1o y tecnolog\u00eda que marquen la diferencia.&nbsp; Tracker Turbo RS redefine el segmento de los SUV compactos con un enfoque en desempe\u00f1o, seguridad y conectividad, resaltando <\/em><em>a\u00fan m\u00e1s el toque deportivo que tanto apasiona a los ecuatorianos con esta edici\u00f3n especial Rally Sport\u00bb,<\/em> coment\u00f3 Juan Fernando Mu\u00f1oz, Gerente de Producto de Chevrolet.<\/p>\n\n\n\n<figure class=\"wp-block-image size-large\"><img loading=\"lazy\" decoding=\"async\" width=\"1024\" height=\"625\" src=\"https:\/\/garageblogec.com\/wp-content\/uploads\/2025\/06\/DJI_0046-1024x625.jpg\" alt=\"\" class=\"wp-image-2125\" srcset=\"https:\/\/garageblogec.com\/wp-content\/uploads\/2025\/06\/DJI_0046-1024x625.jpg 1024w, https:\/\/garageblogec.com\/wp-content\/uploads\/2025\/06\/DJI_0046-300x183.jpg 300w, https:\/\/garageblogec.com\/wp-content\/uploads\/2025\/06\/DJI_0046-768x469.jpg 768w, https:\/\/garageblogec.com\/wp-content\/uploads\/2025\/06\/DJI_0046-1320x805.jpg 1320w, https:\/\/garageblogec.com\/wp-content\/uploads\/2025\/06\/DJI_0046.jpg 1485w\" sizes=\"(max-width: 1024px) 100vw, 1024px\" \/><\/figure>\n\n\n\n<p>La Tracker Turbo RS estar\u00e1 disponible en seis colores: rojo, negro, blanco, plomo y verde ceniza. Con un precio de venta de $27.999 y respaldo de hasta 7 a\u00f1os de garant\u00eda o 150.000 km a trav\u00e9s de la amplia red de concesionarios Chevrolet.<\/p>\n\n\n\n<p>Con este lanzamiento, Chevrolet refuerza su compromiso de ofrecer innovaci\u00f3n, dise\u00f1o y tecnolog\u00eda en todos sus modelos, continuando su legado de calidad y confianza en Ecuador.<\/p>\n\n\n<div class='pt-cv-wrapper'> <h3 class='pt-cv-heading-container heading1' data-blockid='tr6ft44c'><span class='pt-cv-heading'> Overlay1 <\/span><\/h3><div class=\"pt-cv-view pt-cv-overlaygrid iscvblock iscvreal overlay1 layout1\" id=\"pt-cv-view-tr6ft44c\"><div data-id=\"pt-cv-page-1\" class=\"pt-cv-page\" data-cvc=\"3\"><div class=\" pt-cv-content-item pt-cv-1-col\" ><div class=\"pt-cv-thumb-wrapper  \"><a href=\"https:\/\/garageblogec.com\/?p=3303\" class=\"_self pt-cv-href-thumbnail pt-cv-thumb-default\" target=\"_self\" ><img loading=\"lazy\" decoding=\"async\" width=\"768\" height=\"432\" src=\"https:\/\/garageblogec.com\/wp-content\/uploads\/2026\/04\/WhatsApp-Image-2026-04-21-at-1.52.53-PM-768x432.jpeg\" class=\"pt-cv-thumbnail\" alt=\"\" \/><\/a><\/div>\n<div class=\"pt-cv-overlay-wrapper\"><div class=\"pt-cv-taxoterm above_title\"><a href='https:\/\/garageblogec.com\/?cat=27' title='Industria Nacional' class='pt-cv-tax-industria-nacional'>Industria Nacional<\/a><\/div><h4 class=\"pt-cv-title\"><a href=\"https:\/\/garageblogec.com\/?p=3303\" class=\"_self\" target=\"_self\" >Grupo Ambacar presenta en Guayaquil KGM, su nueva marca de SUV h\u00edbridos con respaldo global<\/a><\/h4><div class=\"pt-cv-meta-fields\"><span class=\"entry-date\"> <time datetime=\"2026-04-21T21:37:24+00:00\">abril 21, 2026<\/time><\/span><span> \/ <\/span><span class=\"author\"> <a href=\"https:\/\/garageblogec.com\/?author=6\" rel=\"author\">gabi1212<\/a><\/span><\/div><\/div><\/div>\n<div class=\" pt-cv-content-item pt-cv-1-col\" ><div class=\"pt-cv-thumb-wrapper  \"><a href=\"https:\/\/garageblogec.com\/?p=3296\" class=\"_self pt-cv-href-thumbnail pt-cv-thumb-default\" target=\"_self\" ><img loading=\"lazy\" decoding=\"async\" width=\"768\" height=\"432\" src=\"https:\/\/garageblogec.com\/wp-content\/uploads\/2026\/04\/WhatsApp-Image-2026-04-14-at-3.15.09-PM-768x432.jpeg\" class=\"pt-cv-thumbnail\" alt=\"\" \/><\/a><\/div>\n<div class=\"pt-cv-overlay-wrapper\"><div class=\"pt-cv-taxoterm above_title\"><a href='https:\/\/garageblogec.com\/?cat=27' title='Industria Nacional' class='pt-cv-tax-industria-nacional'>Industria Nacional<\/a><\/div><h4 class=\"pt-cv-title\"><a href=\"https:\/\/garageblogec.com\/?p=3296\" class=\"_self\" target=\"_self\" >El tablero desapareci\u00f3, ahora el auto es una pantalla inteligente<\/a><\/h4><div class=\"pt-cv-meta-fields\"><span class=\"entry-date\"> <time datetime=\"2026-04-14T20:21:20+00:00\">abril 14, 2026<\/time><\/span><span> \/ <\/span><span class=\"author\"> <a href=\"https:\/\/garageblogec.com\/?author=6\" rel=\"author\">gabi1212<\/a><\/span><\/div><\/div><\/div>\n<div class=\" pt-cv-content-item pt-cv-1-col\" ><div class=\"pt-cv-thumb-wrapper  \"><a href=\"https:\/\/garageblogec.com\/?p=3291\" class=\"_self pt-cv-href-thumbnail pt-cv-thumb-default\" target=\"_self\" ><img loading=\"lazy\" decoding=\"async\" width=\"768\" height=\"432\" src=\"https:\/\/garageblogec.com\/wp-content\/uploads\/2026\/04\/WhatsApp-Image-2026-04-14-at-2.21.27-PM-768x432.jpeg\" class=\"pt-cv-thumbnail\" alt=\"\" \/><\/a><\/div>\n<div class=\"pt-cv-overlay-wrapper\"><div class=\"pt-cv-taxoterm above_title\"><a href='https:\/\/garageblogec.com\/?cat=27' title='Industria Nacional' class='pt-cv-tax-industria-nacional'>Industria Nacional<\/a><\/div><h4 class=\"pt-cv-title\"><a href=\"https:\/\/garageblogec.com\/?p=3291\" class=\"_self\" target=\"_self\" >Seguridad al volante en Ecuador: los errores m\u00e1s comunes que cometen los conductores<\/a><\/h4><div class=\"pt-cv-meta-fields\"><span class=\"entry-date\"> <time datetime=\"2026-04-14T20:08:54+00:00\">abril 14, 2026<\/time><\/span><span> \/ <\/span><span class=\"author\"> <a href=\"https:\/\/garageblogec.com\/?author=6\" rel=\"author\">gabi1212<\/a><\/span><\/div><\/div><\/div>\n<div class=\" pt-cv-content-item pt-cv-1-col\" ><div class=\"pt-cv-thumb-wrapper  \"><a href=\"https:\/\/garageblogec.com\/?p=3286\" class=\"_self pt-cv-href-thumbnail pt-cv-thumb-default\" target=\"_self\" ><img loading=\"lazy\" decoding=\"async\" width=\"768\" height=\"492\" src=\"https:\/\/garageblogec.com\/wp-content\/uploads\/2026\/04\/Posventa.jpg-768x492.jpeg\" class=\"pt-cv-thumbnail\" alt=\"\" \/><\/a><\/div>\n<div class=\"pt-cv-overlay-wrapper\"><div class=\"pt-cv-taxoterm above_title\"><a href='https:\/\/garageblogec.com\/?cat=27' title='Industria Nacional' class='pt-cv-tax-industria-nacional'>Industria Nacional<\/a><\/div><h4 class=\"pt-cv-title\"><a href=\"https:\/\/garageblogec.com\/?p=3286\" class=\"_self\" target=\"_self\" >Clientes Nissan reciben cambios de aceite infinitos<\/a><\/h4><div class=\"pt-cv-meta-fields\"><span class=\"entry-date\"> <time datetime=\"2026-04-14T20:04:08+00:00\">abril 14, 2026<\/time><\/span><span> \/ <\/span><span class=\"author\"> <a href=\"https:\/\/garageblogec.com\/?author=6\" rel=\"author\">gabi1212<\/a><\/span><\/div><\/div><\/div>\n<div class=\" pt-cv-content-item pt-cv-1-col\" ><div class=\"pt-cv-thumb-wrapper  \"><a href=\"https:\/\/garageblogec.com\/?p=3280\" class=\"_self pt-cv-href-thumbnail pt-cv-thumb-default\" target=\"_self\" ><img loading=\"lazy\" decoding=\"async\" width=\"768\" height=\"512\" src=\"https:\/\/garageblogec.com\/wp-content\/uploads\/2026\/04\/foto1-768x512.jpeg\" class=\"pt-cv-thumbnail\" alt=\"\" \/><\/a><\/div>\n<div class=\"pt-cv-overlay-wrapper\"><div class=\"pt-cv-taxoterm above_title\"><a href='https:\/\/garageblogec.com\/?cat=27' title='Industria Nacional' class='pt-cv-tax-industria-nacional'>Industria Nacional<\/a><\/div><h4 class=\"pt-cv-title\"><a href=\"https:\/\/garageblogec.com\/?p=3280\" class=\"_self\" target=\"_self\" >Movilidad como inversi\u00f3n: el uso de utilidades que crece en Ecuador<\/a><\/h4><div class=\"pt-cv-meta-fields\"><span class=\"entry-date\"> <time datetime=\"2026-04-07T19:55:36+00:00\">abril 7, 2026<\/time><\/span><span> \/ <\/span><span class=\"author\"> <a href=\"https:\/\/garageblogec.com\/?author=6\" rel=\"author\">gabi1212<\/a><\/span><\/div><\/div><\/div>\n<div class=\" pt-cv-content-item pt-cv-1-col\" ><div class=\"pt-cv-thumb-wrapper  \"><a href=\"https:\/\/garageblogec.com\/?p=3276\" class=\"_self pt-cv-href-thumbnail pt-cv-thumb-default\" target=\"_self\" ><img loading=\"lazy\" decoding=\"async\" width=\"745\" height=\"491\" src=\"https:\/\/garageblogec.com\/wp-content\/uploads\/2026\/04\/TT.png\" class=\"pt-cv-thumbnail\" alt=\"\" \/><\/a><\/div>\n<div class=\"pt-cv-overlay-wrapper\"><div class=\"pt-cv-taxoterm above_title\"><a href='https:\/\/garageblogec.com\/?cat=27' title='Industria Nacional' class='pt-cv-tax-industria-nacional'>Industria Nacional<\/a><\/div><h4 class=\"pt-cv-title\"><a href=\"https:\/\/garageblogec.com\/?p=3276\" class=\"_self\" target=\"_self\" >Lluvias en Ecuador: C\u00f3mo reducir riesgos en carretera y prevenir accidentes en calzada mojada<\/a><\/h4><div class=\"pt-cv-meta-fields\"><span class=\"entry-date\"> <time datetime=\"2026-04-07T19:46:52+00:00\">abril 7, 2026<\/time><\/span><span> \/ <\/span><span class=\"author\"> <a href=\"https:\/\/garageblogec.com\/?author=6\" rel=\"author\">gabi1212<\/a><\/span><\/div><\/div><\/div><\/div><\/div> <\/div> <style>\n#pt-cv-view-tr6ft44c .pt-cv-thumb-wrapper::before {background: rgba(0,0,0,.4); opacity: 0.8;}#pt-cv-view-tr6ft44c .pt-cv-overlay-wrapper {justify-content: center;}\n#pt-cv-view-tr6ft44c .pt-cv-meta-fields {  }#pt-cv-view-tr6ft44c .pt-cv-meta-fields * { font-size: 13px; }#pt-cv-view-tr6ft44c .pt-cv-title a { display: block; }#pt-cv-view-tr6ft44c .pt-cv-title:not(.pt-cv-titlesm) a { font-weight: 600;text-decoration: none;font-size: 20px; }#pt-cv-view-tr6ft44c .pt-cv-titlesm a { font-weight: 600;font-size: 18px; }#pt-cv-view-tr6ft44c .pt-cv-content { font-size: 15px; }#pt-cv-view-tr6ft44c .pt-cv-rmwrap {  }#pt-cv-view-tr6ft44c .pt-cv-readmore { color: #fff;background-color: #0075ff;font-size: 14px; }#pt-cv-view-tr6ft44c .pt-cv-taxoterm { margin: 0px 0px 20px 0px; }#pt-cv-view-tr6ft44c .pt-cv-taxoterm * { color: #222;background-color: #fff6f6;font-size: 14px; }#pt-cv-view-tr6ft44c + .pt-cv-pagination-wrapper {  }#pt-cv-view-tr6ft44c + .pt-cv-pagination-wrapper a { font-size: 14px; }#pt-cv-view-tr6ft44c > .pt-cv-page {grid-template-columns: repeat(3, 1fr);grid-auto-rows: 250px;grid-gap: 10px;}\n@media all and (max-width: 1024px) { \n#pt-cv-view-tr6ft44c > .pt-cv-page {}\n} \n@media all and (max-width: 767px) { \n#pt-cv-view-tr6ft44c > .pt-cv-page {grid-template-columns: repeat(1, 1fr);}\n} <\/style>","protected":false},"excerpt":{"rendered":"<p>La nueva Tracker Turbo RS combina tecnolog\u00eda, potencia y dise\u00f1o con un impactante estilo deportivo.<\/p>\n","protected":false},"author":6,"featured_media":2122,"comment_status":"open","ping_status":"open","sticky":false,"template":"","format":"standard","meta":{"_jetpack_memberships_contains_paid_content":false,"footnotes":""},"categories":[27],"tags":[],"class_list":["post-2121","post","type-post","status-publish","format-standard","has-post-thumbnail","hentry","category-industria-nacional"],"yoast_head":"<!-- This site is optimized with the Yoast SEO plugin v27.5 - https:\/\/yoast.com\/product\/yoast-seo-wordpress\/ -->\n<title>CHEVROLET TRACKER RS, LA VERSI\u00d3N CON ESTILO DEPORTIVO DEL VERS\u00c1TIL SUV LLEGA EN EDICI\u00d3N LIMITADA. - Garage Blog Ecuador<\/title>\n<meta name=\"robots\" content=\"index, follow, max-snippet:-1, max-image-preview:large, max-video-preview:-1\" \/>\n<link rel=\"canonical\" href=\"https:\/\/garageblogec.com\/?p=2121\" \/>\n<meta property=\"og:locale\" content=\"es_ES\" \/>\n<meta property=\"og:type\" content=\"article\" \/>\n<meta property=\"og:title\" content=\"CHEVROLET TRACKER RS, LA VERSI\u00d3N CON ESTILO DEPORTIVO DEL VERS\u00c1TIL SUV LLEGA EN EDICI\u00d3N LIMITADA. - Garage Blog Ecuador\" \/>\n<meta property=\"og:description\" content=\"La nueva Tracker Turbo RS combina tecnolog\u00eda, potencia y dise\u00f1o con un impactante estilo deportivo.\" \/>\n<meta property=\"og:url\" content=\"https:\/\/garageblogec.com\/?p=2121\" \/>\n<meta property=\"og:site_name\" content=\"Garage Blog Ecuador\" \/>\n<meta property=\"article:published_time\" content=\"2025-06-03T19:49:53+00:00\" \/>\n<meta property=\"article:modified_time\" content=\"2025-06-03T19:50:01+00:00\" \/>\n<meta property=\"og:image\" content=\"https:\/\/garageblogec.com\/wp-content\/uploads\/2025\/06\/WhatsApp-Image-2025-06-03-at-12.58.51-PM.jpeg\" \/>\n\t<meta property=\"og:image:width\" content=\"1600\" \/>\n\t<meta property=\"og:image:height\" content=\"898\" \/>\n\t<meta property=\"og:image:type\" content=\"image\/jpeg\" \/>\n<meta name=\"author\" content=\"gabi1212\" \/>\n<meta name=\"twitter:card\" content=\"summary_large_image\" \/>\n<meta name=\"twitter:label1\" content=\"Escrito por\" \/>\n\t<meta name=\"twitter:data1\" content=\"gabi1212\" \/>\n\t<meta name=\"twitter:label2\" content=\"Tiempo de lectura\" \/>\n\t<meta name=\"twitter:data2\" content=\"4 minutos\" \/>\n<script type=\"application\/ld+json\" class=\"yoast-schema-graph\">{\"@context\":\"https:\\\/\\\/schema.org\",\"@graph\":[{\"@type\":\"Article\",\"@id\":\"https:\\\/\\\/garageblogec.com\\\/?p=2121#article\",\"isPartOf\":{\"@id\":\"https:\\\/\\\/garageblogec.com\\\/?p=2121\"},\"author\":{\"name\":\"gabi1212\",\"@id\":\"https:\\\/\\\/garageblogec.com\\\/#\\\/schema\\\/person\\\/635f4b76c0cb3e43b82fe6f7d8bcceea\"},\"headline\":\"CHEVROLET TRACKER RS, LA VERSI\u00d3N CON ESTILO DEPORTIVO DEL VERS\u00c1TIL SUV LLEGA EN EDICI\u00d3N LIMITADA.\",\"datePublished\":\"2025-06-03T19:49:53+00:00\",\"dateModified\":\"2025-06-03T19:50:01+00:00\",\"mainEntityOfPage\":{\"@id\":\"https:\\\/\\\/garageblogec.com\\\/?p=2121\"},\"wordCount\":588,\"commentCount\":0,\"publisher\":{\"@id\":\"https:\\\/\\\/garageblogec.com\\\/#organization\"},\"image\":{\"@id\":\"https:\\\/\\\/garageblogec.com\\\/?p=2121#primaryimage\"},\"thumbnailUrl\":\"https:\\\/\\\/garageblogec.com\\\/wp-content\\\/uploads\\\/2025\\\/06\\\/WhatsApp-Image-2025-06-03-at-12.58.51-PM.jpeg\",\"articleSection\":[\"Industria Nacional\"],\"inLanguage\":\"es\",\"potentialAction\":[{\"@type\":\"CommentAction\",\"name\":\"Comment\",\"target\":[\"https:\\\/\\\/garageblogec.com\\\/?p=2121#respond\"]}]},{\"@type\":\"WebPage\",\"@id\":\"https:\\\/\\\/garageblogec.com\\\/?p=2121\",\"url\":\"https:\\\/\\\/garageblogec.com\\\/?p=2121\",\"name\":\"CHEVROLET TRACKER RS, LA VERSI\u00d3N CON ESTILO DEPORTIVO DEL VERS\u00c1TIL SUV LLEGA EN EDICI\u00d3N LIMITADA. - Garage Blog Ecuador\",\"isPartOf\":{\"@id\":\"https:\\\/\\\/garageblogec.com\\\/#website\"},\"primaryImageOfPage\":{\"@id\":\"https:\\\/\\\/garageblogec.com\\\/?p=2121#primaryimage\"},\"image\":{\"@id\":\"https:\\\/\\\/garageblogec.com\\\/?p=2121#primaryimage\"},\"thumbnailUrl\":\"https:\\\/\\\/garageblogec.com\\\/wp-content\\\/uploads\\\/2025\\\/06\\\/WhatsApp-Image-2025-06-03-at-12.58.51-PM.jpeg\",\"datePublished\":\"2025-06-03T19:49:53+00:00\",\"dateModified\":\"2025-06-03T19:50:01+00:00\",\"breadcrumb\":{\"@id\":\"https:\\\/\\\/garageblogec.com\\\/?p=2121#breadcrumb\"},\"inLanguage\":\"es\",\"potentialAction\":[{\"@type\":\"ReadAction\",\"target\":[\"https:\\\/\\\/garageblogec.com\\\/?p=2121\"]}]},{\"@type\":\"ImageObject\",\"inLanguage\":\"es\",\"@id\":\"https:\\\/\\\/garageblogec.com\\\/?p=2121#primaryimage\",\"url\":\"https:\\\/\\\/garageblogec.com\\\/wp-content\\\/uploads\\\/2025\\\/06\\\/WhatsApp-Image-2025-06-03-at-12.58.51-PM.jpeg\",\"contentUrl\":\"https:\\\/\\\/garageblogec.com\\\/wp-content\\\/uploads\\\/2025\\\/06\\\/WhatsApp-Image-2025-06-03-at-12.58.51-PM.jpeg\",\"width\":1600,\"height\":898},{\"@type\":\"BreadcrumbList\",\"@id\":\"https:\\\/\\\/garageblogec.com\\\/?p=2121#breadcrumb\",\"itemListElement\":[{\"@type\":\"ListItem\",\"position\":1,\"name\":\"Portada\",\"item\":\"https:\\\/\\\/garageblogec.com\\\/\"},{\"@type\":\"ListItem\",\"position\":2,\"name\":\"CHEVROLET TRACKER RS, LA VERSI\u00d3N CON ESTILO DEPORTIVO DEL VERS\u00c1TIL SUV LLEGA EN EDICI\u00d3N LIMITADA.\"}]},{\"@type\":\"WebSite\",\"@id\":\"https:\\\/\\\/garageblogec.com\\\/#website\",\"url\":\"https:\\\/\\\/garageblogec.com\\\/\",\"name\":\"Garage Blog Ecuador\",\"description\":\"Alucinamos por los autos \",\"publisher\":{\"@id\":\"https:\\\/\\\/garageblogec.com\\\/#organization\"},\"potentialAction\":[{\"@type\":\"SearchAction\",\"target\":{\"@type\":\"EntryPoint\",\"urlTemplate\":\"https:\\\/\\\/garageblogec.com\\\/?s={search_term_string}\"},\"query-input\":{\"@type\":\"PropertyValueSpecification\",\"valueRequired\":true,\"valueName\":\"search_term_string\"}}],\"inLanguage\":\"es\"},{\"@type\":\"Organization\",\"@id\":\"https:\\\/\\\/garageblogec.com\\\/#organization\",\"name\":\"Garage Blog Ecuador\",\"url\":\"https:\\\/\\\/garageblogec.com\\\/\",\"logo\":{\"@type\":\"ImageObject\",\"inLanguage\":\"es\",\"@id\":\"https:\\\/\\\/garageblogec.com\\\/#\\\/schema\\\/logo\\\/image\\\/\",\"url\":\"https:\\\/\\\/garageblogec.com\\\/wp-content\\\/uploads\\\/2024\\\/02\\\/cropped-logo-png-para-blog.webp\",\"contentUrl\":\"https:\\\/\\\/garageblogec.com\\\/wp-content\\\/uploads\\\/2024\\\/02\\\/cropped-logo-png-para-blog.webp\",\"width\":840,\"height\":556,\"caption\":\"Garage Blog Ecuador \"},\"image\":{\"@id\":\"https:\\\/\\\/garageblogec.com\\\/#\\\/schema\\\/logo\\\/image\\\/\"}},{\"@type\":\"Person\",\"@id\":\"https:\\\/\\\/garageblogec.com\\\/#\\\/schema\\\/person\\\/635f4b76c0cb3e43b82fe6f7d8bcceea\",\"name\":\"gabi1212\",\"image\":{\"@type\":\"ImageObject\",\"inLanguage\":\"es\",\"@id\":\"https:\\\/\\\/secure.gravatar.com\\\/avatar\\\/6aa491f45cb359d4d6dd8c430e83f78899c80569c27d21156e19bbdcd31d1811?s=96&d=mm&r=g\",\"url\":\"https:\\\/\\\/secure.gravatar.com\\\/avatar\\\/6aa491f45cb359d4d6dd8c430e83f78899c80569c27d21156e19bbdcd31d1811?s=96&d=mm&r=g\",\"contentUrl\":\"https:\\\/\\\/secure.gravatar.com\\\/avatar\\\/6aa491f45cb359d4d6dd8c430e83f78899c80569c27d21156e19bbdcd31d1811?s=96&d=mm&r=g\",\"caption\":\"gabi1212\"},\"url\":\"https:\\\/\\\/garageblogec.com\\\/?author=6\"}]}<\/script>\n<!-- \/ Yoast SEO plugin. -->","yoast_head_json":{"title":"CHEVROLET TRACKER RS, LA VERSI\u00d3N CON ESTILO DEPORTIVO DEL VERS\u00c1TIL SUV LLEGA EN EDICI\u00d3N LIMITADA. - Garage Blog Ecuador","robots":{"index":"index","follow":"follow","max-snippet":"max-snippet:-1","max-image-preview":"max-image-preview:large","max-video-preview":"max-video-preview:-1"},"canonical":"https:\/\/garageblogec.com\/?p=2121","og_locale":"es_ES","og_type":"article","og_title":"CHEVROLET TRACKER RS, LA VERSI\u00d3N CON ESTILO DEPORTIVO DEL VERS\u00c1TIL SUV LLEGA EN EDICI\u00d3N LIMITADA. - Garage Blog Ecuador","og_description":"La nueva Tracker Turbo RS combina tecnolog\u00eda, potencia y dise\u00f1o con un impactante estilo deportivo.","og_url":"https:\/\/garageblogec.com\/?p=2121","og_site_name":"Garage Blog Ecuador","article_published_time":"2025-06-03T19:49:53+00:00","article_modified_time":"2025-06-03T19:50:01+00:00","og_image":[{"width":1600,"height":898,"url":"https:\/\/garageblogec.com\/wp-content\/uploads\/2025\/06\/WhatsApp-Image-2025-06-03-at-12.58.51-PM.jpeg","type":"image\/jpeg"}],"author":"gabi1212","twitter_card":"summary_large_image","twitter_misc":{"Escrito por":"gabi1212","Tiempo de lectura":"4 minutos"},"schema":{"@context":"https:\/\/schema.org","@graph":[{"@type":"Article","@id":"https:\/\/garageblogec.com\/?p=2121#article","isPartOf":{"@id":"https:\/\/garageblogec.com\/?p=2121"},"author":{"name":"gabi1212","@id":"https:\/\/garageblogec.com\/#\/schema\/person\/635f4b76c0cb3e43b82fe6f7d8bcceea"},"headline":"CHEVROLET TRACKER RS, LA VERSI\u00d3N CON ESTILO DEPORTIVO DEL VERS\u00c1TIL SUV LLEGA EN EDICI\u00d3N LIMITADA.","datePublished":"2025-06-03T19:49:53+00:00","dateModified":"2025-06-03T19:50:01+00:00","mainEntityOfPage":{"@id":"https:\/\/garageblogec.com\/?p=2121"},"wordCount":588,"commentCount":0,"publisher":{"@id":"https:\/\/garageblogec.com\/#organization"},"image":{"@id":"https:\/\/garageblogec.com\/?p=2121#primaryimage"},"thumbnailUrl":"https:\/\/garageblogec.com\/wp-content\/uploads\/2025\/06\/WhatsApp-Image-2025-06-03-at-12.58.51-PM.jpeg","articleSection":["Industria Nacional"],"inLanguage":"es","potentialAction":[{"@type":"CommentAction","name":"Comment","target":["https:\/\/garageblogec.com\/?p=2121#respond"]}]},{"@type":"WebPage","@id":"https:\/\/garageblogec.com\/?p=2121","url":"https:\/\/garageblogec.com\/?p=2121","name":"CHEVROLET TRACKER RS, LA VERSI\u00d3N CON ESTILO DEPORTIVO DEL VERS\u00c1TIL SUV LLEGA EN EDICI\u00d3N LIMITADA. - Garage Blog Ecuador","isPartOf":{"@id":"https:\/\/garageblogec.com\/#website"},"primaryImageOfPage":{"@id":"https:\/\/garageblogec.com\/?p=2121#primaryimage"},"image":{"@id":"https:\/\/garageblogec.com\/?p=2121#primaryimage"},"thumbnailUrl":"https:\/\/garageblogec.com\/wp-content\/uploads\/2025\/06\/WhatsApp-Image-2025-06-03-at-12.58.51-PM.jpeg","datePublished":"2025-06-03T19:49:53+00:00","dateModified":"2025-06-03T19:50:01+00:00","breadcrumb":{"@id":"https:\/\/garageblogec.com\/?p=2121#breadcrumb"},"inLanguage":"es","potentialAction":[{"@type":"ReadAction","target":["https:\/\/garageblogec.com\/?p=2121"]}]},{"@type":"ImageObject","inLanguage":"es","@id":"https:\/\/garageblogec.com\/?p=2121#primaryimage","url":"https:\/\/garageblogec.com\/wp-content\/uploads\/2025\/06\/WhatsApp-Image-2025-06-03-at-12.58.51-PM.jpeg","contentUrl":"https:\/\/garageblogec.com\/wp-content\/uploads\/2025\/06\/WhatsApp-Image-2025-06-03-at-12.58.51-PM.jpeg","width":1600,"height":898},{"@type":"BreadcrumbList","@id":"https:\/\/garageblogec.com\/?p=2121#breadcrumb","itemListElement":[{"@type":"ListItem","position":1,"name":"Portada","item":"https:\/\/garageblogec.com\/"},{"@type":"ListItem","position":2,"name":"CHEVROLET TRACKER RS, LA VERSI\u00d3N CON ESTILO DEPORTIVO DEL VERS\u00c1TIL SUV LLEGA EN EDICI\u00d3N LIMITADA."}]},{"@type":"WebSite","@id":"https:\/\/garageblogec.com\/#website","url":"https:\/\/garageblogec.com\/","name":"Garage Blog Ecuador","description":"Alucinamos por los autos ","publisher":{"@id":"https:\/\/garageblogec.com\/#organization"},"potentialAction":[{"@type":"SearchAction","target":{"@type":"EntryPoint","urlTemplate":"https:\/\/garageblogec.com\/?s={search_term_string}"},"query-input":{"@type":"PropertyValueSpecification","valueRequired":true,"valueName":"search_term_string"}}],"inLanguage":"es"},{"@type":"Organization","@id":"https:\/\/garageblogec.com\/#organization","name":"Garage Blog Ecuador","url":"https:\/\/garageblogec.com\/","logo":{"@type":"ImageObject","inLanguage":"es","@id":"https:\/\/garageblogec.com\/#\/schema\/logo\/image\/","url":"https:\/\/garageblogec.com\/wp-content\/uploads\/2024\/02\/cropped-logo-png-para-blog.webp","contentUrl":"https:\/\/garageblogec.com\/wp-content\/uploads\/2024\/02\/cropped-logo-png-para-blog.webp","width":840,"height":556,"caption":"Garage Blog Ecuador "},"image":{"@id":"https:\/\/garageblogec.com\/#\/schema\/logo\/image\/"}},{"@type":"Person","@id":"https:\/\/garageblogec.com\/#\/schema\/person\/635f4b76c0cb3e43b82fe6f7d8bcceea","name":"gabi1212","image":{"@type":"ImageObject","inLanguage":"es","@id":"https:\/\/secure.gravatar.com\/avatar\/6aa491f45cb359d4d6dd8c430e83f78899c80569c27d21156e19bbdcd31d1811?s=96&d=mm&r=g","url":"https:\/\/secure.gravatar.com\/avatar\/6aa491f45cb359d4d6dd8c430e83f78899c80569c27d21156e19bbdcd31d1811?s=96&d=mm&r=g","contentUrl":"https:\/\/secure.gravatar.com\/avatar\/6aa491f45cb359d4d6dd8c430e83f78899c80569c27d21156e19bbdcd31d1811?s=96&d=mm&r=g","caption":"gabi1212"},"url":"https:\/\/garageblogec.com\/?author=6"}]}},"jetpack_featured_media_url":"https:\/\/garageblogec.com\/wp-content\/uploads\/2025\/06\/WhatsApp-Image-2025-06-03-at-12.58.51-PM.jpeg","jetpack_sharing_enabled":true,"_links":{"self":[{"href":"https:\/\/garageblogec.com\/index.php?rest_route=\/wp\/v2\/posts\/2121","targetHints":{"allow":["GET"]}}],"collection":[{"href":"https:\/\/garageblogec.com\/index.php?rest_route=\/wp\/v2\/posts"}],"about":[{"href":"https:\/\/garageblogec.com\/index.php?rest_route=\/wp\/v2\/types\/post"}],"author":[{"embeddable":true,"href":"https:\/\/garageblogec.com\/index.php?rest_route=\/wp\/v2\/users\/6"}],"replies":[{"embeddable":true,"href":"https:\/\/garageblogec.com\/index.php?rest_route=%2Fwp%2Fv2%2Fcomments&post=2121"}],"version-history":[{"count":1,"href":"https:\/\/garageblogec.com\/index.php?rest_route=\/wp\/v2\/posts\/2121\/revisions"}],"predecessor-version":[{"id":2126,"href":"https:\/\/garageblogec.com\/index.php?rest_route=\/wp\/v2\/posts\/2121\/revisions\/2126"}],"wp:featuredmedia":[{"embeddable":true,"href":"https:\/\/garageblogec.com\/index.php?rest_route=\/wp\/v2\/media\/2122"}],"wp:attachment":[{"href":"https:\/\/garageblogec.com\/index.php?rest_route=%2Fwp%2Fv2%2Fmedia&parent=2121"}],"wp:term":[{"taxonomy":"category","embeddable":true,"href":"https:\/\/garageblogec.com\/index.php?rest_route=%2Fwp%2Fv2%2Fcategories&post=2121"},{"taxonomy":"post_tag","embeddable":true,"href":"https:\/\/garageblogec.com\/index.php?rest_route=%2Fwp%2Fv2%2Ftags&post=2121"}],"curies":[{"name":"wp","href":"https:\/\/api.w.org\/{rel}","templated":true}]}}