{"id":2105,"date":"2025-06-02T15:55:32","date_gmt":"2025-06-02T15:55:32","guid":{"rendered":"https:\/\/garageblogec.com\/?p=2105"},"modified":"2025-06-02T15:55:46","modified_gmt":"2025-06-02T15:55:46","slug":"quieres-un-auto-que-no-se-devalue-rapidamente-elige-este-color","status":"publish","type":"post","link":"https:\/\/garageblogec.com\/?p=2105","title":{"rendered":"\u00bfQuieres un auto que no se deval\u00fae r\u00e1pidamente? Elige este color."},"content":{"rendered":"\n<p>Ya sea que conduzcas un superdeportivo o un hatchback de segunda mano, nadie quiere que su auto se desvalorice en\u00a0cuanto sale de la casa\u00a0. Parte de esto se debe a su rareza. Otra parte se debe a la fiabilidad a largo plazo. Sin embargo, lo que algunos quiz\u00e1 no tengan en cuenta es que el color tambi\u00e9n influye.<\/p>\n\n\n\n<p>S\u00ed, la pintura que elijas puede influir en la p\u00e9rdida de valor de tu auto con el tiempo. Y algunos colores conservan su valor sorprendentemente mejor que otros.<\/p>\n\n\n\n<figure class=\"wp-block-image size-large\"><img decoding=\"async\" src=\"https:\/\/www.carscoops.com\/wp-content\/uploads\/webp\/2025\/06\/25C0081_015-copy-1024x576.webp\" alt=\"\"\/><\/figure>\n\n\n\n<p>La depreciaci\u00f3n est\u00e1 afectando m\u00e1s a los autos en los \u00faltimos a\u00f1os que durante la pandemia. En promedio, un veh\u00edculo usado pierde alrededor del 31% de su precio de venta sugerido por el fabricante (MSRP) original despu\u00e9s de tres a\u00f1os. Esto seg\u00fan un nuevo\u00a0estudio\u00a0que analiza m\u00e1s all\u00e1 del valor en d\u00f3lares, ya que revela cu\u00e1nto podr\u00eda costarle (o ahorrarle) a largo plazo la elecci\u00f3n de color.<\/p>\n\n\n\n<p>Nos indica que el amarillo, el naranja y el verde pierden valor m\u00e1s lentamente que el resto de los colores del arco\u00edris. Despu\u00e9s de tres a\u00f1os, los autos verdes perdieron solo el 26,3 % de su valor. Los naranjas perdieron a\u00fan menos, un 24,4 %, y los amarillos obtuvieron el mejor resultado, con una p\u00e9rdida de solo el 24 %.<\/p>\n\n\n\n<figure class=\"wp-block-image size-full\"><a href=\"https:\/\/www.kia.com\/ec\/main.html\"><img fetchpriority=\"high\" decoding=\"async\" width=\"800\" height=\"222\" src=\"https:\/\/garageblogec.com\/wp-content\/uploads\/2025\/04\/7gif1080X300peso-ezgif.com-video-to-webp-converter.webp\" alt=\"\" class=\"wp-image-1923\"\/><\/a><\/figure>\n\n\n\n<p>\u201cEl amarillo y el naranja se han encontrado entre los mejores colores para conservar el valor desde que iSeeCars comenz\u00f3 a registrar la depreciaci\u00f3n por color\u201d, afirm\u00f3 Karl Brauer, analista ejecutivo\u00a0de iSeeCars\u00a0. \u201cNo son colores muy populares, pero tienen m\u00e1s demanda que oferta, lo que se traduce en un mayor valor en el mercado de veh\u00edculos usados\u201d.<\/p>\n\n\n\n<figure class=\"wp-block-image size-full is-resized\"><img decoding=\"async\" width=\"809\" height=\"699\" src=\"https:\/\/garageblogec.com\/wp-content\/uploads\/2025\/06\/color1.png\" alt=\"\" class=\"wp-image-2106\" style=\"width:840px;height:auto\" srcset=\"https:\/\/garageblogec.com\/wp-content\/uploads\/2025\/06\/color1.png 809w, https:\/\/garageblogec.com\/wp-content\/uploads\/2025\/06\/color1-300x259.png 300w, https:\/\/garageblogec.com\/wp-content\/uploads\/2025\/06\/color1-768x664.png 768w\" sizes=\"(max-width: 809px) 100vw, 809px\" \/><\/figure>\n\n\n\n<p><strong>Si quieres una ganga, compra los colores aburridos<\/strong><\/p>\n\n\n\n<p>Para quienes buscan ofertas y planean comprar de segunda mano, el negro, el blanco y el dorado tienen un lado positivo. Estos colores se depreciaron un 31,9%, un 32,1% y un 34,4%, respectivamente. En t\u00e9rminos de efectivo, hablamos de un promedio de entre $15,381 y $16,679.<\/p>\n\n\n\n<p>\u201cEl blanco y el negro son los dos colores m\u00e1s comunes para autos, lo que sugiere que mucha gente los desea\u201d, dijo Brauer. \u201cPero tambi\u00e9n significa que estos colores no ofrecen ninguna distinci\u00f3n en el mercado de autos usados, lo que reduce su valor y facilita que los compradores busquen el modelo m\u00e1s econ\u00f3mico en estos tonos\u201d.<\/p>\n\n\n\n<p>Curiosamente, la situaci\u00f3n cambia ligeramente al analizar el segmento de camiones. En este segmento, el naranja, el verde y el gris ocupan los tres primeros puestos en cuanto a valor retenido durante tres a\u00f1os. Los camiones naranjas perdieron solo el 16 % de su valor en tres a\u00f1os. Por otro lado, los camiones blancos, beige y rojos fueron los que m\u00e1s perdieron valor, con ca\u00eddas porcentuales del 28,3 % al 28,8 %.<\/p>\n\n\n\n<p>En cuanto al mercado de veh\u00edculos en general, las tendencias generales no han cambiado mucho con el tiempo.\u00a0En 2022\u00a0y 2017, el amarillo y el naranja fueron los dos colores con mayor retenci\u00f3n de valor. En 2022, el morado ocup\u00f3 el tercer puesto, subiendo del duod\u00e9cimo\u00a0en 2017.\u00a0En 2017, la tercera pregunta m\u00e1s valiosa en cuanto al valor de reventa fue el verde. As\u00ed es, casi una d\u00e9cada despu\u00e9s, los resultados, al menos para los tres primeros, son id\u00e9nticos.\u00a0<\/p>\n\n\n\n<p>As\u00ed que s\u00ed, la elecci\u00f3n de pintura no se trata solo de est\u00e9tica. Puede que no sea el factor decisivo en tu pr\u00f3xima compra, pero vale la pena tenerlo en cuenta.<\/p>\n\n\n\n<figure class=\"wp-block-image size-large\"><img decoding=\"async\" src=\"https:\/\/www.carscoops.com\/wp-content\/uploads\/webp\/2024\/12\/Ford-F-150-Lightning-Recall-55-1536x864.webp\" alt=\"\"\/><\/figure>\n\n\n\n<figure class=\"wp-block-image size-full\"><img decoding=\"async\" width=\"808\" height=\"609\" src=\"https:\/\/garageblogec.com\/wp-content\/uploads\/2025\/06\/color2.png\" alt=\"\" class=\"wp-image-2107\" srcset=\"https:\/\/garageblogec.com\/wp-content\/uploads\/2025\/06\/color2.png 808w, https:\/\/garageblogec.com\/wp-content\/uploads\/2025\/06\/color2-300x226.png 300w, https:\/\/garageblogec.com\/wp-content\/uploads\/2025\/06\/color2-768x579.png 768w\" sizes=\"(max-width: 808px) 100vw, 808px\" \/><\/figure>\n\n\n\n<figure class=\"wp-block-image size-large is-style-default\"><img decoding=\"async\" src=\"https:\/\/www.carscoops.com\/wp-content\/uploads\/webp\/2024\/09\/BMW-X5-Edition-25-Jahre-1-copy-1536x864.webp\" alt=\"\"\/><\/figure>\n\n\n\n<figure class=\"wp-block-image size-full\"><img loading=\"lazy\" decoding=\"async\" width=\"807\" height=\"698\" src=\"https:\/\/garageblogec.com\/wp-content\/uploads\/2025\/06\/color3.png\" alt=\"\" class=\"wp-image-2108\" srcset=\"https:\/\/garageblogec.com\/wp-content\/uploads\/2025\/06\/color3.png 807w, https:\/\/garageblogec.com\/wp-content\/uploads\/2025\/06\/color3-300x259.png 300w, https:\/\/garageblogec.com\/wp-content\/uploads\/2025\/06\/color3-768x664.png 768w\" sizes=\"(max-width: 807px) 100vw, 807px\" \/><\/figure>\n\n\n\n<figure class=\"wp-block-image size-large\"><img decoding=\"async\" src=\"https:\/\/www.carscoops.com\/wp-content\/uploads\/webp\/2025\/04\/2025-Toyota-Camry-1536x864.webp\" alt=\"\"\/><\/figure>\n\n\n\n<figure class=\"wp-block-image size-full\"><img loading=\"lazy\" decoding=\"async\" width=\"803\" height=\"695\" src=\"https:\/\/garageblogec.com\/wp-content\/uploads\/2025\/06\/color4.png\" alt=\"\" class=\"wp-image-2109\" srcset=\"https:\/\/garageblogec.com\/wp-content\/uploads\/2025\/06\/color4.png 803w, https:\/\/garageblogec.com\/wp-content\/uploads\/2025\/06\/color4-300x260.png 300w, https:\/\/garageblogec.com\/wp-content\/uploads\/2025\/06\/color4-768x665.png 768w\" sizes=\"(max-width: 803px) 100vw, 803px\" \/><\/figure>\n\n\n<div class='pt-cv-wrapper'> <h3 class='pt-cv-heading-container heading1' data-blockid='fqhhodgl'><span class='pt-cv-heading'> Overlay1 <\/span><\/h3><div class=\"pt-cv-view pt-cv-overlaygrid iscvblock iscvreal overlay1 layout1\" id=\"pt-cv-view-fqhhodgl\"><div data-id=\"pt-cv-page-1\" class=\"pt-cv-page\" data-cvc=\"3\"><div class=\" pt-cv-content-item pt-cv-1-col\" ><div class=\"pt-cv-thumb-wrapper  \"><a href=\"https:\/\/garageblogec.com\/?p=3303\" class=\"_self pt-cv-href-thumbnail pt-cv-thumb-default\" target=\"_self\" ><img loading=\"lazy\" decoding=\"async\" width=\"768\" height=\"432\" src=\"https:\/\/garageblogec.com\/wp-content\/uploads\/2026\/04\/WhatsApp-Image-2026-04-21-at-1.52.53-PM-768x432.jpeg\" class=\"pt-cv-thumbnail\" alt=\"\" \/><\/a><\/div>\n<div class=\"pt-cv-overlay-wrapper\"><div class=\"pt-cv-taxoterm above_title\"><a href='https:\/\/garageblogec.com\/?cat=27' title='Industria Nacional' class='pt-cv-tax-industria-nacional'>Industria Nacional<\/a><\/div><h4 class=\"pt-cv-title\"><a href=\"https:\/\/garageblogec.com\/?p=3303\" class=\"_self\" target=\"_self\" >Grupo Ambacar presenta en Guayaquil KGM, su nueva marca de SUV h\u00edbridos con respaldo global<\/a><\/h4><div class=\"pt-cv-meta-fields\"><span class=\"entry-date\"> <time datetime=\"2026-04-21T21:37:24+00:00\">abril 21, 2026<\/time><\/span><span> \/ <\/span><span class=\"author\"> <a href=\"https:\/\/garageblogec.com\/?author=6\" rel=\"author\">gabi1212<\/a><\/span><\/div><\/div><\/div>\n<div class=\" pt-cv-content-item pt-cv-1-col\" ><div class=\"pt-cv-thumb-wrapper  \"><a href=\"https:\/\/garageblogec.com\/?p=3296\" class=\"_self pt-cv-href-thumbnail pt-cv-thumb-default\" target=\"_self\" ><img loading=\"lazy\" decoding=\"async\" width=\"768\" height=\"432\" src=\"https:\/\/garageblogec.com\/wp-content\/uploads\/2026\/04\/WhatsApp-Image-2026-04-14-at-3.15.09-PM-768x432.jpeg\" class=\"pt-cv-thumbnail\" alt=\"\" \/><\/a><\/div>\n<div class=\"pt-cv-overlay-wrapper\"><div class=\"pt-cv-taxoterm above_title\"><a href='https:\/\/garageblogec.com\/?cat=27' title='Industria Nacional' class='pt-cv-tax-industria-nacional'>Industria Nacional<\/a><\/div><h4 class=\"pt-cv-title\"><a href=\"https:\/\/garageblogec.com\/?p=3296\" class=\"_self\" target=\"_self\" >El tablero desapareci\u00f3, ahora el auto es una pantalla inteligente<\/a><\/h4><div class=\"pt-cv-meta-fields\"><span class=\"entry-date\"> <time datetime=\"2026-04-14T20:21:20+00:00\">abril 14, 2026<\/time><\/span><span> \/ <\/span><span class=\"author\"> <a href=\"https:\/\/garageblogec.com\/?author=6\" rel=\"author\">gabi1212<\/a><\/span><\/div><\/div><\/div>\n<div class=\" pt-cv-content-item pt-cv-1-col\" ><div class=\"pt-cv-thumb-wrapper  \"><a href=\"https:\/\/garageblogec.com\/?p=3291\" class=\"_self pt-cv-href-thumbnail pt-cv-thumb-default\" target=\"_self\" ><img loading=\"lazy\" decoding=\"async\" width=\"768\" height=\"432\" src=\"https:\/\/garageblogec.com\/wp-content\/uploads\/2026\/04\/WhatsApp-Image-2026-04-14-at-2.21.27-PM-768x432.jpeg\" class=\"pt-cv-thumbnail\" alt=\"\" \/><\/a><\/div>\n<div class=\"pt-cv-overlay-wrapper\"><div class=\"pt-cv-taxoterm above_title\"><a href='https:\/\/garageblogec.com\/?cat=27' title='Industria Nacional' class='pt-cv-tax-industria-nacional'>Industria Nacional<\/a><\/div><h4 class=\"pt-cv-title\"><a href=\"https:\/\/garageblogec.com\/?p=3291\" class=\"_self\" target=\"_self\" >Seguridad al volante en Ecuador: los errores m\u00e1s comunes que cometen los conductores<\/a><\/h4><div class=\"pt-cv-meta-fields\"><span class=\"entry-date\"> <time datetime=\"2026-04-14T20:08:54+00:00\">abril 14, 2026<\/time><\/span><span> \/ <\/span><span class=\"author\"> <a href=\"https:\/\/garageblogec.com\/?author=6\" rel=\"author\">gabi1212<\/a><\/span><\/div><\/div><\/div>\n<div class=\" pt-cv-content-item pt-cv-1-col\" ><div class=\"pt-cv-thumb-wrapper  \"><a href=\"https:\/\/garageblogec.com\/?p=3286\" class=\"_self pt-cv-href-thumbnail pt-cv-thumb-default\" target=\"_self\" ><img loading=\"lazy\" decoding=\"async\" width=\"768\" height=\"492\" src=\"https:\/\/garageblogec.com\/wp-content\/uploads\/2026\/04\/Posventa.jpg-768x492.jpeg\" class=\"pt-cv-thumbnail\" alt=\"\" \/><\/a><\/div>\n<div class=\"pt-cv-overlay-wrapper\"><div class=\"pt-cv-taxoterm above_title\"><a href='https:\/\/garageblogec.com\/?cat=27' title='Industria Nacional' class='pt-cv-tax-industria-nacional'>Industria Nacional<\/a><\/div><h4 class=\"pt-cv-title\"><a href=\"https:\/\/garageblogec.com\/?p=3286\" class=\"_self\" target=\"_self\" >Clientes Nissan reciben cambios de aceite infinitos<\/a><\/h4><div class=\"pt-cv-meta-fields\"><span class=\"entry-date\"> <time datetime=\"2026-04-14T20:04:08+00:00\">abril 14, 2026<\/time><\/span><span> \/ <\/span><span class=\"author\"> <a href=\"https:\/\/garageblogec.com\/?author=6\" rel=\"author\">gabi1212<\/a><\/span><\/div><\/div><\/div>\n<div class=\" pt-cv-content-item pt-cv-1-col\" ><div class=\"pt-cv-thumb-wrapper  \"><a href=\"https:\/\/garageblogec.com\/?p=3280\" class=\"_self pt-cv-href-thumbnail pt-cv-thumb-default\" target=\"_self\" ><img loading=\"lazy\" decoding=\"async\" width=\"768\" height=\"512\" src=\"https:\/\/garageblogec.com\/wp-content\/uploads\/2026\/04\/foto1-768x512.jpeg\" class=\"pt-cv-thumbnail\" alt=\"\" \/><\/a><\/div>\n<div class=\"pt-cv-overlay-wrapper\"><div class=\"pt-cv-taxoterm above_title\"><a href='https:\/\/garageblogec.com\/?cat=27' title='Industria Nacional' class='pt-cv-tax-industria-nacional'>Industria Nacional<\/a><\/div><h4 class=\"pt-cv-title\"><a href=\"https:\/\/garageblogec.com\/?p=3280\" class=\"_self\" target=\"_self\" >Movilidad como inversi\u00f3n: el uso de utilidades que crece en Ecuador<\/a><\/h4><div class=\"pt-cv-meta-fields\"><span class=\"entry-date\"> <time datetime=\"2026-04-07T19:55:36+00:00\">abril 7, 2026<\/time><\/span><span> \/ <\/span><span class=\"author\"> <a href=\"https:\/\/garageblogec.com\/?author=6\" rel=\"author\">gabi1212<\/a><\/span><\/div><\/div><\/div>\n<div class=\" pt-cv-content-item pt-cv-1-col\" ><div class=\"pt-cv-thumb-wrapper  \"><a href=\"https:\/\/garageblogec.com\/?p=3276\" class=\"_self pt-cv-href-thumbnail pt-cv-thumb-default\" target=\"_self\" ><img loading=\"lazy\" decoding=\"async\" width=\"745\" height=\"491\" src=\"https:\/\/garageblogec.com\/wp-content\/uploads\/2026\/04\/TT.png\" class=\"pt-cv-thumbnail\" alt=\"\" \/><\/a><\/div>\n<div class=\"pt-cv-overlay-wrapper\"><div class=\"pt-cv-taxoterm above_title\"><a href='https:\/\/garageblogec.com\/?cat=27' title='Industria Nacional' class='pt-cv-tax-industria-nacional'>Industria Nacional<\/a><\/div><h4 class=\"pt-cv-title\"><a href=\"https:\/\/garageblogec.com\/?p=3276\" class=\"_self\" target=\"_self\" >Lluvias en Ecuador: C\u00f3mo reducir riesgos en carretera y prevenir accidentes en calzada mojada<\/a><\/h4><div class=\"pt-cv-meta-fields\"><span class=\"entry-date\"> <time datetime=\"2026-04-07T19:46:52+00:00\">abril 7, 2026<\/time><\/span><span> \/ <\/span><span class=\"author\"> <a href=\"https:\/\/garageblogec.com\/?author=6\" rel=\"author\">gabi1212<\/a><\/span><\/div><\/div><\/div><\/div><\/div> <\/div> <style>\n#pt-cv-view-fqhhodgl .pt-cv-thumb-wrapper::before {background: rgba(0,0,0,.4); opacity: 0.8;}#pt-cv-view-fqhhodgl .pt-cv-overlay-wrapper {justify-content: center;}\n#pt-cv-view-fqhhodgl .pt-cv-meta-fields {  }#pt-cv-view-fqhhodgl .pt-cv-meta-fields * { font-size: 13px; }#pt-cv-view-fqhhodgl .pt-cv-title a { display: block; }#pt-cv-view-fqhhodgl .pt-cv-title:not(.pt-cv-titlesm) a { font-weight: 600;text-decoration: none;font-size: 20px; }#pt-cv-view-fqhhodgl .pt-cv-titlesm a { font-weight: 600;font-size: 18px; }#pt-cv-view-fqhhodgl .pt-cv-content { font-size: 15px; }#pt-cv-view-fqhhodgl .pt-cv-rmwrap {  }#pt-cv-view-fqhhodgl .pt-cv-readmore { color: #fff;background-color: #0075ff;font-size: 14px; }#pt-cv-view-fqhhodgl .pt-cv-taxoterm { margin: 0px 0px 20px 0px; }#pt-cv-view-fqhhodgl .pt-cv-taxoterm * { color: #222;background-color: #fff6f6;font-size: 14px; }#pt-cv-view-fqhhodgl + .pt-cv-pagination-wrapper {  }#pt-cv-view-fqhhodgl + .pt-cv-pagination-wrapper a { font-size: 14px; }#pt-cv-view-fqhhodgl > .pt-cv-page {grid-template-columns: repeat(3, 1fr);grid-auto-rows: 250px;grid-gap: 10px;}\n@media all and (max-width: 1024px) { \n#pt-cv-view-fqhhodgl > .pt-cv-page {}\n} \n@media all and (max-width: 767px) { \n#pt-cv-view-fqhhodgl > .pt-cv-page {grid-template-columns: repeat(1, 1fr);}\n} <\/style>","protected":false},"excerpt":{"rendered":"<p>Un nuevo estudio destaca los colores de los coches que mejor conservan su valor y los que se deprecian m\u00e1s r\u00e1pido<\/p>\n","protected":false},"author":6,"featured_media":2110,"comment_status":"open","ping_status":"open","sticky":false,"template":"","format":"standard","meta":{"_jetpack_memberships_contains_paid_content":false,"footnotes":""},"categories":[27],"tags":[],"class_list":["post-2105","post","type-post","status-publish","format-standard","has-post-thumbnail","hentry","category-industria-nacional"],"yoast_head":"<!-- This site is optimized with the Yoast SEO plugin v27.5 - https:\/\/yoast.com\/product\/yoast-seo-wordpress\/ -->\n<title>\u00bfQuieres un auto que no se deval\u00fae r\u00e1pidamente? Elige este color. - Garage Blog Ecuador<\/title>\n<meta name=\"robots\" content=\"index, follow, max-snippet:-1, max-image-preview:large, max-video-preview:-1\" \/>\n<link rel=\"canonical\" href=\"https:\/\/garageblogec.com\/?p=2105\" \/>\n<meta property=\"og:locale\" content=\"es_ES\" \/>\n<meta property=\"og:type\" content=\"article\" \/>\n<meta property=\"og:title\" content=\"\u00bfQuieres un auto que no se deval\u00fae r\u00e1pidamente? Elige este color. - Garage Blog Ecuador\" \/>\n<meta property=\"og:description\" content=\"Un nuevo estudio destaca los colores de los coches que mejor conservan su valor y los que se deprecian m\u00e1s r\u00e1pido\" \/>\n<meta property=\"og:url\" content=\"https:\/\/garageblogec.com\/?p=2105\" \/>\n<meta property=\"og:site_name\" content=\"Garage Blog Ecuador\" \/>\n<meta property=\"article:published_time\" content=\"2025-06-02T15:55:32+00:00\" \/>\n<meta property=\"article:modified_time\" content=\"2025-06-02T15:55:46+00:00\" \/>\n<meta property=\"og:image\" content=\"https:\/\/garageblogec.com\/wp-content\/uploads\/2025\/06\/5555.png\" \/>\n\t<meta property=\"og:image:width\" content=\"803\" \/>\n\t<meta property=\"og:image:height\" content=\"451\" \/>\n\t<meta property=\"og:image:type\" content=\"image\/png\" \/>\n<meta name=\"author\" content=\"gabi1212\" \/>\n<meta name=\"twitter:card\" content=\"summary_large_image\" \/>\n<meta name=\"twitter:label1\" content=\"Escrito por\" \/>\n\t<meta name=\"twitter:data1\" content=\"gabi1212\" \/>\n\t<meta name=\"twitter:label2\" content=\"Tiempo de lectura\" \/>\n\t<meta name=\"twitter:data2\" content=\"5 minutos\" \/>\n<script type=\"application\/ld+json\" class=\"yoast-schema-graph\">{\"@context\":\"https:\\\/\\\/schema.org\",\"@graph\":[{\"@type\":\"Article\",\"@id\":\"https:\\\/\\\/garageblogec.com\\\/?p=2105#article\",\"isPartOf\":{\"@id\":\"https:\\\/\\\/garageblogec.com\\\/?p=2105\"},\"author\":{\"name\":\"gabi1212\",\"@id\":\"https:\\\/\\\/garageblogec.com\\\/#\\\/schema\\\/person\\\/635f4b76c0cb3e43b82fe6f7d8bcceea\"},\"headline\":\"\u00bfQuieres un auto que no se deval\u00fae r\u00e1pidamente? Elige este color.\",\"datePublished\":\"2025-06-02T15:55:32+00:00\",\"dateModified\":\"2025-06-02T15:55:46+00:00\",\"mainEntityOfPage\":{\"@id\":\"https:\\\/\\\/garageblogec.com\\\/?p=2105\"},\"wordCount\":602,\"commentCount\":0,\"publisher\":{\"@id\":\"https:\\\/\\\/garageblogec.com\\\/#organization\"},\"image\":{\"@id\":\"https:\\\/\\\/garageblogec.com\\\/?p=2105#primaryimage\"},\"thumbnailUrl\":\"https:\\\/\\\/garageblogec.com\\\/wp-content\\\/uploads\\\/2025\\\/06\\\/5555.png\",\"articleSection\":[\"Industria Nacional\"],\"inLanguage\":\"es\",\"potentialAction\":[{\"@type\":\"CommentAction\",\"name\":\"Comment\",\"target\":[\"https:\\\/\\\/garageblogec.com\\\/?p=2105#respond\"]}]},{\"@type\":\"WebPage\",\"@id\":\"https:\\\/\\\/garageblogec.com\\\/?p=2105\",\"url\":\"https:\\\/\\\/garageblogec.com\\\/?p=2105\",\"name\":\"\u00bfQuieres un auto que no se deval\u00fae r\u00e1pidamente? Elige este color. - Garage Blog Ecuador\",\"isPartOf\":{\"@id\":\"https:\\\/\\\/garageblogec.com\\\/#website\"},\"primaryImageOfPage\":{\"@id\":\"https:\\\/\\\/garageblogec.com\\\/?p=2105#primaryimage\"},\"image\":{\"@id\":\"https:\\\/\\\/garageblogec.com\\\/?p=2105#primaryimage\"},\"thumbnailUrl\":\"https:\\\/\\\/garageblogec.com\\\/wp-content\\\/uploads\\\/2025\\\/06\\\/5555.png\",\"datePublished\":\"2025-06-02T15:55:32+00:00\",\"dateModified\":\"2025-06-02T15:55:46+00:00\",\"breadcrumb\":{\"@id\":\"https:\\\/\\\/garageblogec.com\\\/?p=2105#breadcrumb\"},\"inLanguage\":\"es\",\"potentialAction\":[{\"@type\":\"ReadAction\",\"target\":[\"https:\\\/\\\/garageblogec.com\\\/?p=2105\"]}]},{\"@type\":\"ImageObject\",\"inLanguage\":\"es\",\"@id\":\"https:\\\/\\\/garageblogec.com\\\/?p=2105#primaryimage\",\"url\":\"https:\\\/\\\/garageblogec.com\\\/wp-content\\\/uploads\\\/2025\\\/06\\\/5555.png\",\"contentUrl\":\"https:\\\/\\\/garageblogec.com\\\/wp-content\\\/uploads\\\/2025\\\/06\\\/5555.png\",\"width\":803,\"height\":451},{\"@type\":\"BreadcrumbList\",\"@id\":\"https:\\\/\\\/garageblogec.com\\\/?p=2105#breadcrumb\",\"itemListElement\":[{\"@type\":\"ListItem\",\"position\":1,\"name\":\"Portada\",\"item\":\"https:\\\/\\\/garageblogec.com\\\/\"},{\"@type\":\"ListItem\",\"position\":2,\"name\":\"\u00bfQuieres un auto que no se deval\u00fae r\u00e1pidamente? Elige este color.\"}]},{\"@type\":\"WebSite\",\"@id\":\"https:\\\/\\\/garageblogec.com\\\/#website\",\"url\":\"https:\\\/\\\/garageblogec.com\\\/\",\"name\":\"Garage Blog Ecuador\",\"description\":\"Alucinamos por los autos \",\"publisher\":{\"@id\":\"https:\\\/\\\/garageblogec.com\\\/#organization\"},\"potentialAction\":[{\"@type\":\"SearchAction\",\"target\":{\"@type\":\"EntryPoint\",\"urlTemplate\":\"https:\\\/\\\/garageblogec.com\\\/?s={search_term_string}\"},\"query-input\":{\"@type\":\"PropertyValueSpecification\",\"valueRequired\":true,\"valueName\":\"search_term_string\"}}],\"inLanguage\":\"es\"},{\"@type\":\"Organization\",\"@id\":\"https:\\\/\\\/garageblogec.com\\\/#organization\",\"name\":\"Garage Blog Ecuador\",\"url\":\"https:\\\/\\\/garageblogec.com\\\/\",\"logo\":{\"@type\":\"ImageObject\",\"inLanguage\":\"es\",\"@id\":\"https:\\\/\\\/garageblogec.com\\\/#\\\/schema\\\/logo\\\/image\\\/\",\"url\":\"https:\\\/\\\/garageblogec.com\\\/wp-content\\\/uploads\\\/2024\\\/02\\\/cropped-logo-png-para-blog.webp\",\"contentUrl\":\"https:\\\/\\\/garageblogec.com\\\/wp-content\\\/uploads\\\/2024\\\/02\\\/cropped-logo-png-para-blog.webp\",\"width\":840,\"height\":556,\"caption\":\"Garage Blog Ecuador \"},\"image\":{\"@id\":\"https:\\\/\\\/garageblogec.com\\\/#\\\/schema\\\/logo\\\/image\\\/\"}},{\"@type\":\"Person\",\"@id\":\"https:\\\/\\\/garageblogec.com\\\/#\\\/schema\\\/person\\\/635f4b76c0cb3e43b82fe6f7d8bcceea\",\"name\":\"gabi1212\",\"image\":{\"@type\":\"ImageObject\",\"inLanguage\":\"es\",\"@id\":\"https:\\\/\\\/secure.gravatar.com\\\/avatar\\\/6aa491f45cb359d4d6dd8c430e83f78899c80569c27d21156e19bbdcd31d1811?s=96&d=mm&r=g\",\"url\":\"https:\\\/\\\/secure.gravatar.com\\\/avatar\\\/6aa491f45cb359d4d6dd8c430e83f78899c80569c27d21156e19bbdcd31d1811?s=96&d=mm&r=g\",\"contentUrl\":\"https:\\\/\\\/secure.gravatar.com\\\/avatar\\\/6aa491f45cb359d4d6dd8c430e83f78899c80569c27d21156e19bbdcd31d1811?s=96&d=mm&r=g\",\"caption\":\"gabi1212\"},\"url\":\"https:\\\/\\\/garageblogec.com\\\/?author=6\"}]}<\/script>\n<!-- \/ Yoast SEO plugin. -->","yoast_head_json":{"title":"\u00bfQuieres un auto que no se deval\u00fae r\u00e1pidamente? Elige este color. - Garage Blog Ecuador","robots":{"index":"index","follow":"follow","max-snippet":"max-snippet:-1","max-image-preview":"max-image-preview:large","max-video-preview":"max-video-preview:-1"},"canonical":"https:\/\/garageblogec.com\/?p=2105","og_locale":"es_ES","og_type":"article","og_title":"\u00bfQuieres un auto que no se deval\u00fae r\u00e1pidamente? Elige este color. - Garage Blog Ecuador","og_description":"Un nuevo estudio destaca los colores de los coches que mejor conservan su valor y los que se deprecian m\u00e1s r\u00e1pido","og_url":"https:\/\/garageblogec.com\/?p=2105","og_site_name":"Garage Blog Ecuador","article_published_time":"2025-06-02T15:55:32+00:00","article_modified_time":"2025-06-02T15:55:46+00:00","og_image":[{"width":803,"height":451,"url":"https:\/\/garageblogec.com\/wp-content\/uploads\/2025\/06\/5555.png","type":"image\/png"}],"author":"gabi1212","twitter_card":"summary_large_image","twitter_misc":{"Escrito por":"gabi1212","Tiempo de lectura":"5 minutos"},"schema":{"@context":"https:\/\/schema.org","@graph":[{"@type":"Article","@id":"https:\/\/garageblogec.com\/?p=2105#article","isPartOf":{"@id":"https:\/\/garageblogec.com\/?p=2105"},"author":{"name":"gabi1212","@id":"https:\/\/garageblogec.com\/#\/schema\/person\/635f4b76c0cb3e43b82fe6f7d8bcceea"},"headline":"\u00bfQuieres un auto que no se deval\u00fae r\u00e1pidamente? Elige este color.","datePublished":"2025-06-02T15:55:32+00:00","dateModified":"2025-06-02T15:55:46+00:00","mainEntityOfPage":{"@id":"https:\/\/garageblogec.com\/?p=2105"},"wordCount":602,"commentCount":0,"publisher":{"@id":"https:\/\/garageblogec.com\/#organization"},"image":{"@id":"https:\/\/garageblogec.com\/?p=2105#primaryimage"},"thumbnailUrl":"https:\/\/garageblogec.com\/wp-content\/uploads\/2025\/06\/5555.png","articleSection":["Industria Nacional"],"inLanguage":"es","potentialAction":[{"@type":"CommentAction","name":"Comment","target":["https:\/\/garageblogec.com\/?p=2105#respond"]}]},{"@type":"WebPage","@id":"https:\/\/garageblogec.com\/?p=2105","url":"https:\/\/garageblogec.com\/?p=2105","name":"\u00bfQuieres un auto que no se deval\u00fae r\u00e1pidamente? Elige este color. - Garage Blog Ecuador","isPartOf":{"@id":"https:\/\/garageblogec.com\/#website"},"primaryImageOfPage":{"@id":"https:\/\/garageblogec.com\/?p=2105#primaryimage"},"image":{"@id":"https:\/\/garageblogec.com\/?p=2105#primaryimage"},"thumbnailUrl":"https:\/\/garageblogec.com\/wp-content\/uploads\/2025\/06\/5555.png","datePublished":"2025-06-02T15:55:32+00:00","dateModified":"2025-06-02T15:55:46+00:00","breadcrumb":{"@id":"https:\/\/garageblogec.com\/?p=2105#breadcrumb"},"inLanguage":"es","potentialAction":[{"@type":"ReadAction","target":["https:\/\/garageblogec.com\/?p=2105"]}]},{"@type":"ImageObject","inLanguage":"es","@id":"https:\/\/garageblogec.com\/?p=2105#primaryimage","url":"https:\/\/garageblogec.com\/wp-content\/uploads\/2025\/06\/5555.png","contentUrl":"https:\/\/garageblogec.com\/wp-content\/uploads\/2025\/06\/5555.png","width":803,"height":451},{"@type":"BreadcrumbList","@id":"https:\/\/garageblogec.com\/?p=2105#breadcrumb","itemListElement":[{"@type":"ListItem","position":1,"name":"Portada","item":"https:\/\/garageblogec.com\/"},{"@type":"ListItem","position":2,"name":"\u00bfQuieres un auto que no se deval\u00fae r\u00e1pidamente? Elige este color."}]},{"@type":"WebSite","@id":"https:\/\/garageblogec.com\/#website","url":"https:\/\/garageblogec.com\/","name":"Garage Blog Ecuador","description":"Alucinamos por los autos ","publisher":{"@id":"https:\/\/garageblogec.com\/#organization"},"potentialAction":[{"@type":"SearchAction","target":{"@type":"EntryPoint","urlTemplate":"https:\/\/garageblogec.com\/?s={search_term_string}"},"query-input":{"@type":"PropertyValueSpecification","valueRequired":true,"valueName":"search_term_string"}}],"inLanguage":"es"},{"@type":"Organization","@id":"https:\/\/garageblogec.com\/#organization","name":"Garage Blog Ecuador","url":"https:\/\/garageblogec.com\/","logo":{"@type":"ImageObject","inLanguage":"es","@id":"https:\/\/garageblogec.com\/#\/schema\/logo\/image\/","url":"https:\/\/garageblogec.com\/wp-content\/uploads\/2024\/02\/cropped-logo-png-para-blog.webp","contentUrl":"https:\/\/garageblogec.com\/wp-content\/uploads\/2024\/02\/cropped-logo-png-para-blog.webp","width":840,"height":556,"caption":"Garage Blog Ecuador "},"image":{"@id":"https:\/\/garageblogec.com\/#\/schema\/logo\/image\/"}},{"@type":"Person","@id":"https:\/\/garageblogec.com\/#\/schema\/person\/635f4b76c0cb3e43b82fe6f7d8bcceea","name":"gabi1212","image":{"@type":"ImageObject","inLanguage":"es","@id":"https:\/\/secure.gravatar.com\/avatar\/6aa491f45cb359d4d6dd8c430e83f78899c80569c27d21156e19bbdcd31d1811?s=96&d=mm&r=g","url":"https:\/\/secure.gravatar.com\/avatar\/6aa491f45cb359d4d6dd8c430e83f78899c80569c27d21156e19bbdcd31d1811?s=96&d=mm&r=g","contentUrl":"https:\/\/secure.gravatar.com\/avatar\/6aa491f45cb359d4d6dd8c430e83f78899c80569c27d21156e19bbdcd31d1811?s=96&d=mm&r=g","caption":"gabi1212"},"url":"https:\/\/garageblogec.com\/?author=6"}]}},"jetpack_featured_media_url":"https:\/\/garageblogec.com\/wp-content\/uploads\/2025\/06\/5555.png","jetpack_sharing_enabled":true,"_links":{"self":[{"href":"https:\/\/garageblogec.com\/index.php?rest_route=\/wp\/v2\/posts\/2105","targetHints":{"allow":["GET"]}}],"collection":[{"href":"https:\/\/garageblogec.com\/index.php?rest_route=\/wp\/v2\/posts"}],"about":[{"href":"https:\/\/garageblogec.com\/index.php?rest_route=\/wp\/v2\/types\/post"}],"author":[{"embeddable":true,"href":"https:\/\/garageblogec.com\/index.php?rest_route=\/wp\/v2\/users\/6"}],"replies":[{"embeddable":true,"href":"https:\/\/garageblogec.com\/index.php?rest_route=%2Fwp%2Fv2%2Fcomments&post=2105"}],"version-history":[{"count":1,"href":"https:\/\/garageblogec.com\/index.php?rest_route=\/wp\/v2\/posts\/2105\/revisions"}],"predecessor-version":[{"id":2111,"href":"https:\/\/garageblogec.com\/index.php?rest_route=\/wp\/v2\/posts\/2105\/revisions\/2111"}],"wp:featuredmedia":[{"embeddable":true,"href":"https:\/\/garageblogec.com\/index.php?rest_route=\/wp\/v2\/media\/2110"}],"wp:attachment":[{"href":"https:\/\/garageblogec.com\/index.php?rest_route=%2Fwp%2Fv2%2Fmedia&parent=2105"}],"wp:term":[{"taxonomy":"category","embeddable":true,"href":"https:\/\/garageblogec.com\/index.php?rest_route=%2Fwp%2Fv2%2Fcategories&post=2105"},{"taxonomy":"post_tag","embeddable":true,"href":"https:\/\/garageblogec.com\/index.php?rest_route=%2Fwp%2Fv2%2Ftags&post=2105"}],"curies":[{"name":"wp","href":"https:\/\/api.w.org\/{rel}","templated":true}]}}