{"id":2075,"date":"2025-05-28T15:55:45","date_gmt":"2025-05-28T15:55:45","guid":{"rendered":"https:\/\/garageblogec.com\/?p=2075"},"modified":"2025-05-28T15:55:55","modified_gmt":"2025-05-28T15:55:55","slug":"victoria-de-miguel-sanipatin-en-la-segunda-valida-del-campeonato-regional-sierra-de-4x4","status":"publish","type":"post","link":"https:\/\/garageblogec.com\/?p=2075","title":{"rendered":"Victoria de Miguel Sanipat\u00edn en la segunda v\u00e1lida del Campeonato Regional Sierra de 4&#215;4"},"content":{"rendered":"\n<p>La victoria de Miguel \u00abEl Chino\u00bb Sanipat\u00edn en la segunda v\u00e1lida del Campeonato Regional Sierra de 4&#215;4 es un logro muy importante, ya que viene de casi dos a\u00f1os de par\u00f3n. Despu\u00e9s de una larga preparaci\u00f3n y renovaci\u00f3n de su auto, Sanipat\u00edn demostr\u00f3 que su habilidad y destreza al volante siguen intactas.<\/p>\n\n\n\n<figure class=\"wp-block-image size-large\"><img fetchpriority=\"high\" decoding=\"async\" width=\"1024\" height=\"629\" src=\"https:\/\/garageblogec.com\/wp-content\/uploads\/2025\/05\/WhatsApp-Image-2025-05-28-at-10.49.20-AM-1024x629.jpeg\" alt=\"\" class=\"wp-image-2076\" srcset=\"https:\/\/garageblogec.com\/wp-content\/uploads\/2025\/05\/WhatsApp-Image-2025-05-28-at-10.49.20-AM-1024x629.jpeg 1024w, https:\/\/garageblogec.com\/wp-content\/uploads\/2025\/05\/WhatsApp-Image-2025-05-28-at-10.49.20-AM-300x184.jpeg 300w, https:\/\/garageblogec.com\/wp-content\/uploads\/2025\/05\/WhatsApp-Image-2025-05-28-at-10.49.20-AM-768x472.jpeg 768w, https:\/\/garageblogec.com\/wp-content\/uploads\/2025\/05\/WhatsApp-Image-2025-05-28-at-10.49.20-AM-1536x944.jpeg 1536w, https:\/\/garageblogec.com\/wp-content\/uploads\/2025\/05\/WhatsApp-Image-2025-05-28-at-10.49.20-AM-1320x811.jpeg 1320w, https:\/\/garageblogec.com\/wp-content\/uploads\/2025\/05\/WhatsApp-Image-2025-05-28-at-10.49.20-AM.jpeg 1719w\" sizes=\"(max-width: 1024px) 100vw, 1024px\" \/><\/figure>\n\n\n\n<p>La emoci\u00f3n y la adrenalina se apoderaron de la pista de San Gabriel, en la provincia del Carchi, donde se desarroll\u00f3 la segunda v\u00e1lida del Campeonato Regional Sierra de 4&#215;4, avalado por la Federaci\u00f3n Ecuatoriana de Automovilismo y Kartismo (FEDAK). La carrera fue un verdadero desaf\u00edo para los pilotos y sus m\u00e1quinas, ya que la pista era muy t\u00e9cnica y exigente.<\/p>\n\n\n\n<figure class=\"wp-block-image size-full\"><a href=\"https:\/\/www.kia.com\/ec\/main.html\"><img decoding=\"async\" width=\"800\" height=\"222\" src=\"https:\/\/garageblogec.com\/wp-content\/uploads\/2025\/04\/7gif1080X300peso-ezgif.com-video-to-webp-converter.webp\" alt=\"\" class=\"wp-image-1923\"\/><\/a><\/figure>\n\n\n\n<p>En un emocionante final, Miguel Sanipat\u00edn se llev\u00f3 la victoria al volante de la m\u00e1quina 620, demostrando su habilidad y destreza al volante. La competencia fue muy fuerte, especialmente contra Anthony Romero de la m\u00e1quina 171 y Isa\u00edas Paspueal de la m\u00e1quina 7.9, quienes tambi\u00e9n mostraron un gran nivel de pilotaje.<\/p>\n\n\n\n<p>La carrera fue muy dura y exigente, pero Sanipat\u00edn logr\u00f3 mantener la calma y la concentraci\u00f3n para llevarse la victoria. El podio lo complet\u00f3 la m\u00e1quina 2210 de los hermanos Galarza, quienes tambi\u00e9n demostraron un gran nivel de competencia.<\/p>\n\n\n\n<figure class=\"wp-block-image size-large\"><img decoding=\"async\" width=\"1024\" height=\"682\" src=\"https:\/\/garageblogec.com\/wp-content\/uploads\/2025\/05\/WhatsApp-Image-2025-05-28-at-10.49.21-AM-1024x682.jpeg\" alt=\"\" class=\"wp-image-2077\" srcset=\"https:\/\/garageblogec.com\/wp-content\/uploads\/2025\/05\/WhatsApp-Image-2025-05-28-at-10.49.21-AM-1024x682.jpeg 1024w, https:\/\/garageblogec.com\/wp-content\/uploads\/2025\/05\/WhatsApp-Image-2025-05-28-at-10.49.21-AM-300x200.jpeg 300w, https:\/\/garageblogec.com\/wp-content\/uploads\/2025\/05\/WhatsApp-Image-2025-05-28-at-10.49.21-AM-768x512.jpeg 768w, https:\/\/garageblogec.com\/wp-content\/uploads\/2025\/05\/WhatsApp-Image-2025-05-28-at-10.49.21-AM-1536x1023.jpeg 1536w, https:\/\/garageblogec.com\/wp-content\/uploads\/2025\/05\/WhatsApp-Image-2025-05-28-at-10.49.21-AM-1320x879.jpeg 1320w, https:\/\/garageblogec.com\/wp-content\/uploads\/2025\/05\/WhatsApp-Image-2025-05-28-at-10.49.21-AM.jpeg 1600w\" sizes=\"(max-width: 1024px) 100vw, 1024px\" \/><\/figure>\n\n\n\n<p>La segunda v\u00e1lida del Campeonato Regional Sierra de 4&#215;4 fue un \u00e9xito total, con una gran cantidad de espectadores que se dieron cita en la pista de San Gabriel para disfrutar de la emoci\u00f3n y la adrenalina de la carrera.<\/p>\n\n\n\n<p>La victoria de Miguel Sanipat\u00edn es un gran impulso para su equipo y lo coloca en una buena posici\u00f3n en el campeonato. La pr\u00f3xima v\u00e1lida ser\u00e1 en el mes de junio del presente a\u00f1o, y se espera que la competencia sea a\u00fan m\u00e1s intensa y emocionante.<\/p>\n\n\n\n<p>La renovaci\u00f3n del auto de Sanipat\u00edn parece haber sido un \u00e9xito, y su regreso a la competencia es un gran aliciente para el campeonato. Los pilotos y sus m\u00e1quinas estar\u00e1n listos para enfrentar nuevos desaf\u00edos y demostrar su habilidad y destreza al volante en la pr\u00f3xima fecha.<\/p>\n\n\n<div class='pt-cv-wrapper'> <h3 class='pt-cv-heading-container heading1' data-blockid='pchrc5gf'><span class='pt-cv-heading'> Overlay1 <\/span><\/h3><div class=\"pt-cv-view pt-cv-overlaygrid iscvblock iscvreal overlay1 layout1\" id=\"pt-cv-view-pchrc5gf\"><div data-id=\"pt-cv-page-1\" class=\"pt-cv-page\" data-cvc=\"3\"><div class=\" pt-cv-content-item pt-cv-1-col\" ><div class=\"pt-cv-thumb-wrapper  \"><a href=\"https:\/\/garageblogec.com\/?p=3303\" class=\"_self pt-cv-href-thumbnail pt-cv-thumb-default\" target=\"_self\" ><img loading=\"lazy\" decoding=\"async\" width=\"768\" height=\"432\" src=\"https:\/\/garageblogec.com\/wp-content\/uploads\/2026\/04\/WhatsApp-Image-2026-04-21-at-1.52.53-PM-768x432.jpeg\" class=\"pt-cv-thumbnail\" alt=\"\" \/><\/a><\/div>\n<div class=\"pt-cv-overlay-wrapper\"><div class=\"pt-cv-taxoterm above_title\"><a href='https:\/\/garageblogec.com\/?cat=27' title='Industria Nacional' class='pt-cv-tax-industria-nacional'>Industria Nacional<\/a><\/div><h4 class=\"pt-cv-title\"><a href=\"https:\/\/garageblogec.com\/?p=3303\" class=\"_self\" target=\"_self\" >Grupo Ambacar presenta en Guayaquil KGM, su nueva marca de SUV h\u00edbridos con respaldo global<\/a><\/h4><div class=\"pt-cv-meta-fields\"><span class=\"entry-date\"> <time datetime=\"2026-04-21T21:37:24+00:00\">abril 21, 2026<\/time><\/span><span> \/ <\/span><span class=\"author\"> <a href=\"https:\/\/garageblogec.com\/?author=6\" rel=\"author\">gabi1212<\/a><\/span><\/div><\/div><\/div>\n<div class=\" pt-cv-content-item pt-cv-1-col\" ><div class=\"pt-cv-thumb-wrapper  \"><a href=\"https:\/\/garageblogec.com\/?p=3296\" class=\"_self pt-cv-href-thumbnail pt-cv-thumb-default\" target=\"_self\" ><img loading=\"lazy\" decoding=\"async\" width=\"768\" height=\"432\" src=\"https:\/\/garageblogec.com\/wp-content\/uploads\/2026\/04\/WhatsApp-Image-2026-04-14-at-3.15.09-PM-768x432.jpeg\" class=\"pt-cv-thumbnail\" alt=\"\" \/><\/a><\/div>\n<div class=\"pt-cv-overlay-wrapper\"><div class=\"pt-cv-taxoterm above_title\"><a href='https:\/\/garageblogec.com\/?cat=27' title='Industria Nacional' class='pt-cv-tax-industria-nacional'>Industria Nacional<\/a><\/div><h4 class=\"pt-cv-title\"><a href=\"https:\/\/garageblogec.com\/?p=3296\" class=\"_self\" target=\"_self\" >El tablero desapareci\u00f3, ahora el auto es una pantalla inteligente<\/a><\/h4><div class=\"pt-cv-meta-fields\"><span class=\"entry-date\"> <time datetime=\"2026-04-14T20:21:20+00:00\">abril 14, 2026<\/time><\/span><span> \/ <\/span><span class=\"author\"> <a href=\"https:\/\/garageblogec.com\/?author=6\" rel=\"author\">gabi1212<\/a><\/span><\/div><\/div><\/div>\n<div class=\" pt-cv-content-item pt-cv-1-col\" ><div class=\"pt-cv-thumb-wrapper  \"><a href=\"https:\/\/garageblogec.com\/?p=3291\" class=\"_self pt-cv-href-thumbnail pt-cv-thumb-default\" target=\"_self\" ><img loading=\"lazy\" decoding=\"async\" width=\"768\" height=\"432\" src=\"https:\/\/garageblogec.com\/wp-content\/uploads\/2026\/04\/WhatsApp-Image-2026-04-14-at-2.21.27-PM-768x432.jpeg\" class=\"pt-cv-thumbnail\" alt=\"\" \/><\/a><\/div>\n<div class=\"pt-cv-overlay-wrapper\"><div class=\"pt-cv-taxoterm above_title\"><a href='https:\/\/garageblogec.com\/?cat=27' title='Industria Nacional' class='pt-cv-tax-industria-nacional'>Industria Nacional<\/a><\/div><h4 class=\"pt-cv-title\"><a href=\"https:\/\/garageblogec.com\/?p=3291\" class=\"_self\" target=\"_self\" >Seguridad al volante en Ecuador: los errores m\u00e1s comunes que cometen los conductores<\/a><\/h4><div class=\"pt-cv-meta-fields\"><span class=\"entry-date\"> <time datetime=\"2026-04-14T20:08:54+00:00\">abril 14, 2026<\/time><\/span><span> \/ <\/span><span class=\"author\"> <a href=\"https:\/\/garageblogec.com\/?author=6\" rel=\"author\">gabi1212<\/a><\/span><\/div><\/div><\/div>\n<div class=\" pt-cv-content-item pt-cv-1-col\" ><div class=\"pt-cv-thumb-wrapper  \"><a href=\"https:\/\/garageblogec.com\/?p=3286\" class=\"_self pt-cv-href-thumbnail pt-cv-thumb-default\" target=\"_self\" ><img loading=\"lazy\" decoding=\"async\" width=\"768\" height=\"492\" src=\"https:\/\/garageblogec.com\/wp-content\/uploads\/2026\/04\/Posventa.jpg-768x492.jpeg\" class=\"pt-cv-thumbnail\" alt=\"\" \/><\/a><\/div>\n<div class=\"pt-cv-overlay-wrapper\"><div class=\"pt-cv-taxoterm above_title\"><a href='https:\/\/garageblogec.com\/?cat=27' title='Industria Nacional' class='pt-cv-tax-industria-nacional'>Industria Nacional<\/a><\/div><h4 class=\"pt-cv-title\"><a href=\"https:\/\/garageblogec.com\/?p=3286\" class=\"_self\" target=\"_self\" >Clientes Nissan reciben cambios de aceite infinitos<\/a><\/h4><div class=\"pt-cv-meta-fields\"><span class=\"entry-date\"> <time datetime=\"2026-04-14T20:04:08+00:00\">abril 14, 2026<\/time><\/span><span> \/ <\/span><span class=\"author\"> <a href=\"https:\/\/garageblogec.com\/?author=6\" rel=\"author\">gabi1212<\/a><\/span><\/div><\/div><\/div>\n<div class=\" pt-cv-content-item pt-cv-1-col\" ><div class=\"pt-cv-thumb-wrapper  \"><a href=\"https:\/\/garageblogec.com\/?p=3280\" class=\"_self pt-cv-href-thumbnail pt-cv-thumb-default\" target=\"_self\" ><img loading=\"lazy\" decoding=\"async\" width=\"768\" height=\"512\" src=\"https:\/\/garageblogec.com\/wp-content\/uploads\/2026\/04\/foto1-768x512.jpeg\" class=\"pt-cv-thumbnail\" alt=\"\" \/><\/a><\/div>\n<div class=\"pt-cv-overlay-wrapper\"><div class=\"pt-cv-taxoterm above_title\"><a href='https:\/\/garageblogec.com\/?cat=27' title='Industria Nacional' class='pt-cv-tax-industria-nacional'>Industria Nacional<\/a><\/div><h4 class=\"pt-cv-title\"><a href=\"https:\/\/garageblogec.com\/?p=3280\" class=\"_self\" target=\"_self\" >Movilidad como inversi\u00f3n: el uso de utilidades que crece en Ecuador<\/a><\/h4><div class=\"pt-cv-meta-fields\"><span class=\"entry-date\"> <time datetime=\"2026-04-07T19:55:36+00:00\">abril 7, 2026<\/time><\/span><span> \/ <\/span><span class=\"author\"> <a href=\"https:\/\/garageblogec.com\/?author=6\" rel=\"author\">gabi1212<\/a><\/span><\/div><\/div><\/div>\n<div class=\" pt-cv-content-item pt-cv-1-col\" ><div class=\"pt-cv-thumb-wrapper  \"><a href=\"https:\/\/garageblogec.com\/?p=3276\" class=\"_self pt-cv-href-thumbnail pt-cv-thumb-default\" target=\"_self\" ><img loading=\"lazy\" decoding=\"async\" width=\"745\" height=\"491\" src=\"https:\/\/garageblogec.com\/wp-content\/uploads\/2026\/04\/TT.png\" class=\"pt-cv-thumbnail\" alt=\"\" \/><\/a><\/div>\n<div class=\"pt-cv-overlay-wrapper\"><div class=\"pt-cv-taxoterm above_title\"><a href='https:\/\/garageblogec.com\/?cat=27' title='Industria Nacional' class='pt-cv-tax-industria-nacional'>Industria Nacional<\/a><\/div><h4 class=\"pt-cv-title\"><a href=\"https:\/\/garageblogec.com\/?p=3276\" class=\"_self\" target=\"_self\" >Lluvias en Ecuador: C\u00f3mo reducir riesgos en carretera y prevenir accidentes en calzada mojada<\/a><\/h4><div class=\"pt-cv-meta-fields\"><span class=\"entry-date\"> <time datetime=\"2026-04-07T19:46:52+00:00\">abril 7, 2026<\/time><\/span><span> \/ <\/span><span class=\"author\"> <a href=\"https:\/\/garageblogec.com\/?author=6\" rel=\"author\">gabi1212<\/a><\/span><\/div><\/div><\/div><\/div><\/div> <\/div> <style>\n#pt-cv-view-pchrc5gf .pt-cv-thumb-wrapper::before {background: rgba(0,0,0,.4); opacity: 0.8;}#pt-cv-view-pchrc5gf .pt-cv-overlay-wrapper {justify-content: center;}\n#pt-cv-view-pchrc5gf .pt-cv-meta-fields {  }#pt-cv-view-pchrc5gf .pt-cv-meta-fields * { font-size: 13px; }#pt-cv-view-pchrc5gf .pt-cv-title a { display: block; }#pt-cv-view-pchrc5gf .pt-cv-title:not(.pt-cv-titlesm) a { font-weight: 600;text-decoration: none;font-size: 20px; }#pt-cv-view-pchrc5gf .pt-cv-titlesm a { font-weight: 600;font-size: 18px; }#pt-cv-view-pchrc5gf .pt-cv-content { font-size: 15px; }#pt-cv-view-pchrc5gf .pt-cv-rmwrap {  }#pt-cv-view-pchrc5gf .pt-cv-readmore { color: #fff;background-color: #0075ff;font-size: 14px; }#pt-cv-view-pchrc5gf .pt-cv-taxoterm { margin: 0px 0px 20px 0px; }#pt-cv-view-pchrc5gf .pt-cv-taxoterm * { color: #222;background-color: #fff6f6;font-size: 14px; }#pt-cv-view-pchrc5gf + .pt-cv-pagination-wrapper {  }#pt-cv-view-pchrc5gf + .pt-cv-pagination-wrapper a { font-size: 14px; }#pt-cv-view-pchrc5gf > .pt-cv-page {grid-template-columns: repeat(3, 1fr);grid-auto-rows: 250px;grid-gap: 10px;}\n@media all and (max-width: 1024px) { \n#pt-cv-view-pchrc5gf > .pt-cv-page {}\n} \n@media all and (max-width: 767px) { \n#pt-cv-view-pchrc5gf > .pt-cv-page {grid-template-columns: repeat(1, 1fr);}\n} <\/style>\n\n\n<p><\/p>\n","protected":false},"excerpt":{"rendered":"<p>La victoria de Miguel \u00abEl Chino\u00bb Sanipat\u00edn en la segunda v\u00e1lida del Campeonato Regional Sierra de 4&#215;4 es un logro muy importante, ya que viene de casi dos a\u00f1os de par\u00f3n<\/p>\n","protected":false},"author":6,"featured_media":2078,"comment_status":"open","ping_status":"open","sticky":false,"template":"","format":"standard","meta":{"_jetpack_memberships_contains_paid_content":false,"footnotes":""},"categories":[27],"tags":[],"class_list":["post-2075","post","type-post","status-publish","format-standard","has-post-thumbnail","hentry","category-industria-nacional"],"yoast_head":"<!-- This site is optimized with the Yoast SEO plugin v27.5 - https:\/\/yoast.com\/product\/yoast-seo-wordpress\/ -->\n<title>Victoria de Miguel Sanipat\u00edn en la segunda v\u00e1lida del Campeonato Regional Sierra de 4x4 - Garage Blog Ecuador<\/title>\n<meta name=\"robots\" content=\"index, follow, max-snippet:-1, max-image-preview:large, max-video-preview:-1\" \/>\n<link rel=\"canonical\" href=\"https:\/\/garageblogec.com\/?p=2075\" \/>\n<meta property=\"og:locale\" content=\"es_ES\" \/>\n<meta property=\"og:type\" content=\"article\" \/>\n<meta property=\"og:title\" content=\"Victoria de Miguel Sanipat\u00edn en la segunda v\u00e1lida del Campeonato Regional Sierra de 4x4 - Garage Blog Ecuador\" \/>\n<meta property=\"og:description\" content=\"La victoria de Miguel &quot;El Chino&quot; Sanipat\u00edn en la segunda v\u00e1lida del Campeonato Regional Sierra de 4x4 es un logro muy importante, ya que viene de casi dos a\u00f1os de par\u00f3n\" \/>\n<meta property=\"og:url\" content=\"https:\/\/garageblogec.com\/?p=2075\" \/>\n<meta property=\"og:site_name\" content=\"Garage Blog Ecuador\" \/>\n<meta property=\"article:published_time\" content=\"2025-05-28T15:55:45+00:00\" \/>\n<meta property=\"article:modified_time\" content=\"2025-05-28T15:55:55+00:00\" \/>\n<meta property=\"og:image\" content=\"https:\/\/garageblogec.com\/wp-content\/uploads\/2025\/05\/WhatsApp-Image-2025-05-28-at-10.49.21-AM-1.jpeg\" \/>\n\t<meta property=\"og:image:width\" content=\"1600\" \/>\n\t<meta property=\"og:image:height\" content=\"1066\" \/>\n\t<meta property=\"og:image:type\" content=\"image\/jpeg\" \/>\n<meta name=\"author\" content=\"gabi1212\" \/>\n<meta name=\"twitter:card\" content=\"summary_large_image\" \/>\n<meta name=\"twitter:label1\" content=\"Escrito por\" \/>\n\t<meta name=\"twitter:data1\" content=\"gabi1212\" \/>\n\t<meta name=\"twitter:label2\" content=\"Tiempo de lectura\" \/>\n\t<meta name=\"twitter:data2\" content=\"3 minutos\" \/>\n<script type=\"application\/ld+json\" class=\"yoast-schema-graph\">{\"@context\":\"https:\\\/\\\/schema.org\",\"@graph\":[{\"@type\":\"Article\",\"@id\":\"https:\\\/\\\/garageblogec.com\\\/?p=2075#article\",\"isPartOf\":{\"@id\":\"https:\\\/\\\/garageblogec.com\\\/?p=2075\"},\"author\":{\"name\":\"gabi1212\",\"@id\":\"https:\\\/\\\/garageblogec.com\\\/#\\\/schema\\\/person\\\/635f4b76c0cb3e43b82fe6f7d8bcceea\"},\"headline\":\"Victoria de Miguel Sanipat\u00edn en la segunda v\u00e1lida del Campeonato Regional Sierra de 4&#215;4\",\"datePublished\":\"2025-05-28T15:55:45+00:00\",\"dateModified\":\"2025-05-28T15:55:55+00:00\",\"mainEntityOfPage\":{\"@id\":\"https:\\\/\\\/garageblogec.com\\\/?p=2075\"},\"wordCount\":387,\"commentCount\":0,\"publisher\":{\"@id\":\"https:\\\/\\\/garageblogec.com\\\/#organization\"},\"image\":{\"@id\":\"https:\\\/\\\/garageblogec.com\\\/?p=2075#primaryimage\"},\"thumbnailUrl\":\"https:\\\/\\\/garageblogec.com\\\/wp-content\\\/uploads\\\/2025\\\/05\\\/WhatsApp-Image-2025-05-28-at-10.49.21-AM-1.jpeg\",\"articleSection\":[\"Industria Nacional\"],\"inLanguage\":\"es\",\"potentialAction\":[{\"@type\":\"CommentAction\",\"name\":\"Comment\",\"target\":[\"https:\\\/\\\/garageblogec.com\\\/?p=2075#respond\"]}]},{\"@type\":\"WebPage\",\"@id\":\"https:\\\/\\\/garageblogec.com\\\/?p=2075\",\"url\":\"https:\\\/\\\/garageblogec.com\\\/?p=2075\",\"name\":\"Victoria de Miguel Sanipat\u00edn en la segunda v\u00e1lida del Campeonato Regional Sierra de 4x4 - Garage Blog Ecuador\",\"isPartOf\":{\"@id\":\"https:\\\/\\\/garageblogec.com\\\/#website\"},\"primaryImageOfPage\":{\"@id\":\"https:\\\/\\\/garageblogec.com\\\/?p=2075#primaryimage\"},\"image\":{\"@id\":\"https:\\\/\\\/garageblogec.com\\\/?p=2075#primaryimage\"},\"thumbnailUrl\":\"https:\\\/\\\/garageblogec.com\\\/wp-content\\\/uploads\\\/2025\\\/05\\\/WhatsApp-Image-2025-05-28-at-10.49.21-AM-1.jpeg\",\"datePublished\":\"2025-05-28T15:55:45+00:00\",\"dateModified\":\"2025-05-28T15:55:55+00:00\",\"breadcrumb\":{\"@id\":\"https:\\\/\\\/garageblogec.com\\\/?p=2075#breadcrumb\"},\"inLanguage\":\"es\",\"potentialAction\":[{\"@type\":\"ReadAction\",\"target\":[\"https:\\\/\\\/garageblogec.com\\\/?p=2075\"]}]},{\"@type\":\"ImageObject\",\"inLanguage\":\"es\",\"@id\":\"https:\\\/\\\/garageblogec.com\\\/?p=2075#primaryimage\",\"url\":\"https:\\\/\\\/garageblogec.com\\\/wp-content\\\/uploads\\\/2025\\\/05\\\/WhatsApp-Image-2025-05-28-at-10.49.21-AM-1.jpeg\",\"contentUrl\":\"https:\\\/\\\/garageblogec.com\\\/wp-content\\\/uploads\\\/2025\\\/05\\\/WhatsApp-Image-2025-05-28-at-10.49.21-AM-1.jpeg\",\"width\":1600,\"height\":1066},{\"@type\":\"BreadcrumbList\",\"@id\":\"https:\\\/\\\/garageblogec.com\\\/?p=2075#breadcrumb\",\"itemListElement\":[{\"@type\":\"ListItem\",\"position\":1,\"name\":\"Portada\",\"item\":\"https:\\\/\\\/garageblogec.com\\\/\"},{\"@type\":\"ListItem\",\"position\":2,\"name\":\"Victoria de Miguel Sanipat\u00edn en la segunda v\u00e1lida del Campeonato Regional Sierra de 4&#215;4\"}]},{\"@type\":\"WebSite\",\"@id\":\"https:\\\/\\\/garageblogec.com\\\/#website\",\"url\":\"https:\\\/\\\/garageblogec.com\\\/\",\"name\":\"Garage Blog Ecuador\",\"description\":\"Alucinamos por los autos \",\"publisher\":{\"@id\":\"https:\\\/\\\/garageblogec.com\\\/#organization\"},\"potentialAction\":[{\"@type\":\"SearchAction\",\"target\":{\"@type\":\"EntryPoint\",\"urlTemplate\":\"https:\\\/\\\/garageblogec.com\\\/?s={search_term_string}\"},\"query-input\":{\"@type\":\"PropertyValueSpecification\",\"valueRequired\":true,\"valueName\":\"search_term_string\"}}],\"inLanguage\":\"es\"},{\"@type\":\"Organization\",\"@id\":\"https:\\\/\\\/garageblogec.com\\\/#organization\",\"name\":\"Garage Blog Ecuador\",\"url\":\"https:\\\/\\\/garageblogec.com\\\/\",\"logo\":{\"@type\":\"ImageObject\",\"inLanguage\":\"es\",\"@id\":\"https:\\\/\\\/garageblogec.com\\\/#\\\/schema\\\/logo\\\/image\\\/\",\"url\":\"https:\\\/\\\/garageblogec.com\\\/wp-content\\\/uploads\\\/2024\\\/02\\\/cropped-logo-png-para-blog.webp\",\"contentUrl\":\"https:\\\/\\\/garageblogec.com\\\/wp-content\\\/uploads\\\/2024\\\/02\\\/cropped-logo-png-para-blog.webp\",\"width\":840,\"height\":556,\"caption\":\"Garage Blog Ecuador \"},\"image\":{\"@id\":\"https:\\\/\\\/garageblogec.com\\\/#\\\/schema\\\/logo\\\/image\\\/\"}},{\"@type\":\"Person\",\"@id\":\"https:\\\/\\\/garageblogec.com\\\/#\\\/schema\\\/person\\\/635f4b76c0cb3e43b82fe6f7d8bcceea\",\"name\":\"gabi1212\",\"image\":{\"@type\":\"ImageObject\",\"inLanguage\":\"es\",\"@id\":\"https:\\\/\\\/secure.gravatar.com\\\/avatar\\\/6aa491f45cb359d4d6dd8c430e83f78899c80569c27d21156e19bbdcd31d1811?s=96&d=mm&r=g\",\"url\":\"https:\\\/\\\/secure.gravatar.com\\\/avatar\\\/6aa491f45cb359d4d6dd8c430e83f78899c80569c27d21156e19bbdcd31d1811?s=96&d=mm&r=g\",\"contentUrl\":\"https:\\\/\\\/secure.gravatar.com\\\/avatar\\\/6aa491f45cb359d4d6dd8c430e83f78899c80569c27d21156e19bbdcd31d1811?s=96&d=mm&r=g\",\"caption\":\"gabi1212\"},\"url\":\"https:\\\/\\\/garageblogec.com\\\/?author=6\"}]}<\/script>\n<!-- \/ Yoast SEO plugin. -->","yoast_head_json":{"title":"Victoria de Miguel Sanipat\u00edn en la segunda v\u00e1lida del Campeonato Regional Sierra de 4x4 - Garage Blog Ecuador","robots":{"index":"index","follow":"follow","max-snippet":"max-snippet:-1","max-image-preview":"max-image-preview:large","max-video-preview":"max-video-preview:-1"},"canonical":"https:\/\/garageblogec.com\/?p=2075","og_locale":"es_ES","og_type":"article","og_title":"Victoria de Miguel Sanipat\u00edn en la segunda v\u00e1lida del Campeonato Regional Sierra de 4x4 - Garage Blog Ecuador","og_description":"La victoria de Miguel \"El Chino\" Sanipat\u00edn en la segunda v\u00e1lida del Campeonato Regional Sierra de 4x4 es un logro muy importante, ya que viene de casi dos a\u00f1os de par\u00f3n","og_url":"https:\/\/garageblogec.com\/?p=2075","og_site_name":"Garage Blog Ecuador","article_published_time":"2025-05-28T15:55:45+00:00","article_modified_time":"2025-05-28T15:55:55+00:00","og_image":[{"width":1600,"height":1066,"url":"https:\/\/garageblogec.com\/wp-content\/uploads\/2025\/05\/WhatsApp-Image-2025-05-28-at-10.49.21-AM-1.jpeg","type":"image\/jpeg"}],"author":"gabi1212","twitter_card":"summary_large_image","twitter_misc":{"Escrito por":"gabi1212","Tiempo de lectura":"3 minutos"},"schema":{"@context":"https:\/\/schema.org","@graph":[{"@type":"Article","@id":"https:\/\/garageblogec.com\/?p=2075#article","isPartOf":{"@id":"https:\/\/garageblogec.com\/?p=2075"},"author":{"name":"gabi1212","@id":"https:\/\/garageblogec.com\/#\/schema\/person\/635f4b76c0cb3e43b82fe6f7d8bcceea"},"headline":"Victoria de Miguel Sanipat\u00edn en la segunda v\u00e1lida del Campeonato Regional Sierra de 4&#215;4","datePublished":"2025-05-28T15:55:45+00:00","dateModified":"2025-05-28T15:55:55+00:00","mainEntityOfPage":{"@id":"https:\/\/garageblogec.com\/?p=2075"},"wordCount":387,"commentCount":0,"publisher":{"@id":"https:\/\/garageblogec.com\/#organization"},"image":{"@id":"https:\/\/garageblogec.com\/?p=2075#primaryimage"},"thumbnailUrl":"https:\/\/garageblogec.com\/wp-content\/uploads\/2025\/05\/WhatsApp-Image-2025-05-28-at-10.49.21-AM-1.jpeg","articleSection":["Industria Nacional"],"inLanguage":"es","potentialAction":[{"@type":"CommentAction","name":"Comment","target":["https:\/\/garageblogec.com\/?p=2075#respond"]}]},{"@type":"WebPage","@id":"https:\/\/garageblogec.com\/?p=2075","url":"https:\/\/garageblogec.com\/?p=2075","name":"Victoria de Miguel Sanipat\u00edn en la segunda v\u00e1lida del Campeonato Regional Sierra de 4x4 - Garage Blog Ecuador","isPartOf":{"@id":"https:\/\/garageblogec.com\/#website"},"primaryImageOfPage":{"@id":"https:\/\/garageblogec.com\/?p=2075#primaryimage"},"image":{"@id":"https:\/\/garageblogec.com\/?p=2075#primaryimage"},"thumbnailUrl":"https:\/\/garageblogec.com\/wp-content\/uploads\/2025\/05\/WhatsApp-Image-2025-05-28-at-10.49.21-AM-1.jpeg","datePublished":"2025-05-28T15:55:45+00:00","dateModified":"2025-05-28T15:55:55+00:00","breadcrumb":{"@id":"https:\/\/garageblogec.com\/?p=2075#breadcrumb"},"inLanguage":"es","potentialAction":[{"@type":"ReadAction","target":["https:\/\/garageblogec.com\/?p=2075"]}]},{"@type":"ImageObject","inLanguage":"es","@id":"https:\/\/garageblogec.com\/?p=2075#primaryimage","url":"https:\/\/garageblogec.com\/wp-content\/uploads\/2025\/05\/WhatsApp-Image-2025-05-28-at-10.49.21-AM-1.jpeg","contentUrl":"https:\/\/garageblogec.com\/wp-content\/uploads\/2025\/05\/WhatsApp-Image-2025-05-28-at-10.49.21-AM-1.jpeg","width":1600,"height":1066},{"@type":"BreadcrumbList","@id":"https:\/\/garageblogec.com\/?p=2075#breadcrumb","itemListElement":[{"@type":"ListItem","position":1,"name":"Portada","item":"https:\/\/garageblogec.com\/"},{"@type":"ListItem","position":2,"name":"Victoria de Miguel Sanipat\u00edn en la segunda v\u00e1lida del Campeonato Regional Sierra de 4&#215;4"}]},{"@type":"WebSite","@id":"https:\/\/garageblogec.com\/#website","url":"https:\/\/garageblogec.com\/","name":"Garage Blog Ecuador","description":"Alucinamos por los autos ","publisher":{"@id":"https:\/\/garageblogec.com\/#organization"},"potentialAction":[{"@type":"SearchAction","target":{"@type":"EntryPoint","urlTemplate":"https:\/\/garageblogec.com\/?s={search_term_string}"},"query-input":{"@type":"PropertyValueSpecification","valueRequired":true,"valueName":"search_term_string"}}],"inLanguage":"es"},{"@type":"Organization","@id":"https:\/\/garageblogec.com\/#organization","name":"Garage Blog Ecuador","url":"https:\/\/garageblogec.com\/","logo":{"@type":"ImageObject","inLanguage":"es","@id":"https:\/\/garageblogec.com\/#\/schema\/logo\/image\/","url":"https:\/\/garageblogec.com\/wp-content\/uploads\/2024\/02\/cropped-logo-png-para-blog.webp","contentUrl":"https:\/\/garageblogec.com\/wp-content\/uploads\/2024\/02\/cropped-logo-png-para-blog.webp","width":840,"height":556,"caption":"Garage Blog Ecuador "},"image":{"@id":"https:\/\/garageblogec.com\/#\/schema\/logo\/image\/"}},{"@type":"Person","@id":"https:\/\/garageblogec.com\/#\/schema\/person\/635f4b76c0cb3e43b82fe6f7d8bcceea","name":"gabi1212","image":{"@type":"ImageObject","inLanguage":"es","@id":"https:\/\/secure.gravatar.com\/avatar\/6aa491f45cb359d4d6dd8c430e83f78899c80569c27d21156e19bbdcd31d1811?s=96&d=mm&r=g","url":"https:\/\/secure.gravatar.com\/avatar\/6aa491f45cb359d4d6dd8c430e83f78899c80569c27d21156e19bbdcd31d1811?s=96&d=mm&r=g","contentUrl":"https:\/\/secure.gravatar.com\/avatar\/6aa491f45cb359d4d6dd8c430e83f78899c80569c27d21156e19bbdcd31d1811?s=96&d=mm&r=g","caption":"gabi1212"},"url":"https:\/\/garageblogec.com\/?author=6"}]}},"jetpack_featured_media_url":"https:\/\/garageblogec.com\/wp-content\/uploads\/2025\/05\/WhatsApp-Image-2025-05-28-at-10.49.21-AM-1.jpeg","jetpack_sharing_enabled":true,"_links":{"self":[{"href":"https:\/\/garageblogec.com\/index.php?rest_route=\/wp\/v2\/posts\/2075","targetHints":{"allow":["GET"]}}],"collection":[{"href":"https:\/\/garageblogec.com\/index.php?rest_route=\/wp\/v2\/posts"}],"about":[{"href":"https:\/\/garageblogec.com\/index.php?rest_route=\/wp\/v2\/types\/post"}],"author":[{"embeddable":true,"href":"https:\/\/garageblogec.com\/index.php?rest_route=\/wp\/v2\/users\/6"}],"replies":[{"embeddable":true,"href":"https:\/\/garageblogec.com\/index.php?rest_route=%2Fwp%2Fv2%2Fcomments&post=2075"}],"version-history":[{"count":1,"href":"https:\/\/garageblogec.com\/index.php?rest_route=\/wp\/v2\/posts\/2075\/revisions"}],"predecessor-version":[{"id":2079,"href":"https:\/\/garageblogec.com\/index.php?rest_route=\/wp\/v2\/posts\/2075\/revisions\/2079"}],"wp:featuredmedia":[{"embeddable":true,"href":"https:\/\/garageblogec.com\/index.php?rest_route=\/wp\/v2\/media\/2078"}],"wp:attachment":[{"href":"https:\/\/garageblogec.com\/index.php?rest_route=%2Fwp%2Fv2%2Fmedia&parent=2075"}],"wp:term":[{"taxonomy":"category","embeddable":true,"href":"https:\/\/garageblogec.com\/index.php?rest_route=%2Fwp%2Fv2%2Fcategories&post=2075"},{"taxonomy":"post_tag","embeddable":true,"href":"https:\/\/garageblogec.com\/index.php?rest_route=%2Fwp%2Fv2%2Ftags&post=2075"}],"curies":[{"name":"wp","href":"https:\/\/api.w.org\/{rel}","templated":true}]}}