{"id":2068,"date":"2025-05-28T15:13:17","date_gmt":"2025-05-28T15:13:17","guid":{"rendered":"https:\/\/garageblogec.com\/?p=2068"},"modified":"2025-05-28T15:13:28","modified_gmt":"2025-05-28T15:13:28","slug":"volkswagen-polo-50-anos-de-historia-y-mas-de-20-millones-de-unidades-vendidas","status":"publish","type":"post","link":"https:\/\/garageblogec.com\/?p=2068","title":{"rendered":"Volkswagen Polo: 50 a\u00f1os de historia y m\u00e1s de 20 millones de unidades vendidas"},"content":{"rendered":"\n<p>Volkswagen conmemora medio siglo de trayectoria del Volkswagen Polo, uno de los modelos m\u00e1s emblem\u00e1ticos y exitosos de su historia. Desde su lanzamiento en 1975, el Polo ha superado los 20 millones de unidades vendidas en todo el mundo, consolid\u00e1ndose como un \u00edcono de innovaci\u00f3n, confiabilidad y versatilidad.<\/p>\n\n\n\n<figure class=\"wp-block-image size-large\"><img fetchpriority=\"high\" decoding=\"async\" width=\"1024\" height=\"682\" src=\"https:\/\/garageblogec.com\/wp-content\/uploads\/2025\/05\/WhatsApp-Image-2025-05-27-at-4.14.40-PM-1024x682.jpeg\" alt=\"\" class=\"wp-image-2069\" srcset=\"https:\/\/garageblogec.com\/wp-content\/uploads\/2025\/05\/WhatsApp-Image-2025-05-27-at-4.14.40-PM-1024x682.jpeg 1024w, https:\/\/garageblogec.com\/wp-content\/uploads\/2025\/05\/WhatsApp-Image-2025-05-27-at-4.14.40-PM-300x200.jpeg 300w, https:\/\/garageblogec.com\/wp-content\/uploads\/2025\/05\/WhatsApp-Image-2025-05-27-at-4.14.40-PM-768x512.jpeg 768w, https:\/\/garageblogec.com\/wp-content\/uploads\/2025\/05\/WhatsApp-Image-2025-05-27-at-4.14.40-PM-1536x1023.jpeg 1536w, https:\/\/garageblogec.com\/wp-content\/uploads\/2025\/05\/WhatsApp-Image-2025-05-27-at-4.14.40-PM-1320x879.jpeg 1320w, https:\/\/garageblogec.com\/wp-content\/uploads\/2025\/05\/WhatsApp-Image-2025-05-27-at-4.14.40-PM.jpeg 1600w\" sizes=\"(max-width: 1024px) 100vw, 1024px\" \/><\/figure>\n\n\n\n<p>El Polo naci\u00f3 como una alternativa moderna y eficiente dentro del segmento de autos compactos. A lo largo de sus seis generaciones, el modelo ha sido sin\u00f3nimo de vanguardia tecnol\u00f3gica, seguridad de primer nivel y un dise\u00f1o que ha sabido adaptarse a las exigencias de cada \u00e9poca. Su evoluci\u00f3n ha acompa\u00f1ado a millones de conductores, desde j\u00f3venes que buscan su primer veh\u00edculo hasta familias que priorizan la seguridad y el confort en cada viaje.<\/p>\n\n\n\n<figure class=\"wp-block-image size-full\"><a href=\"https:\/\/www.kia.com\/ec\/main.html\"><img decoding=\"async\" width=\"800\" height=\"222\" src=\"https:\/\/garageblogec.com\/wp-content\/uploads\/2025\/04\/7gif1080X300peso-ezgif.com-video-to-webp-converter.webp\" alt=\"\" class=\"wp-image-1923\"\/><\/a><\/figure>\n\n\n\n<p>Cada generaci\u00f3n del Polo ha marcado hitos importantes. Desde la introducci\u00f3n de motores m\u00e1s eficientes hasta la incorporaci\u00f3n de tecnolog\u00edas avanzadas de asistencia a la conducci\u00f3n, el modelo ha mantenido siempre el esp\u00edritu de Volkswagen: movilidad accesible sin renunciar a la calidad y el dise\u00f1o.<\/p>\n\n\n\n<p>En Ecuador, el Volkswagen Polo se ha convertido en uno de los autos m\u00e1s queridos y reconocidos por los conductores. Con m\u00e1s de 4.100 unidades vendidas desde el 2019, su desempe\u00f1o, seguridad y confiabilidad lo han posicionado como una opci\u00f3n preferida para quienes buscan un veh\u00edculo \u00e1gil, seguro y con la esencia inconfundible de la marca alemana.<\/p>\n\n\n\n<figure class=\"wp-block-image size-large\"><img decoding=\"async\" width=\"1024\" height=\"586\" src=\"https:\/\/garageblogec.com\/wp-content\/uploads\/2025\/05\/WhatsApp-Image-2025-05-27-at-4.14.39-PM-1024x586.jpeg\" alt=\"\" class=\"wp-image-2070\" srcset=\"https:\/\/garageblogec.com\/wp-content\/uploads\/2025\/05\/WhatsApp-Image-2025-05-27-at-4.14.39-PM-1024x586.jpeg 1024w, https:\/\/garageblogec.com\/wp-content\/uploads\/2025\/05\/WhatsApp-Image-2025-05-27-at-4.14.39-PM-300x172.jpeg 300w, https:\/\/garageblogec.com\/wp-content\/uploads\/2025\/05\/WhatsApp-Image-2025-05-27-at-4.14.39-PM-768x440.jpeg 768w, https:\/\/garageblogec.com\/wp-content\/uploads\/2025\/05\/WhatsApp-Image-2025-05-27-at-4.14.39-PM-1536x879.jpeg 1536w, https:\/\/garageblogec.com\/wp-content\/uploads\/2025\/05\/WhatsApp-Image-2025-05-27-at-4.14.39-PM-2048x1172.jpeg 2048w, https:\/\/garageblogec.com\/wp-content\/uploads\/2025\/05\/WhatsApp-Image-2025-05-27-at-4.14.39-PM-1320x755.jpeg 1320w\" sizes=\"(max-width: 1024px) 100vw, 1024px\" \/><\/figure>\n\n\n\n<p><em>\u201cEl Polo, hecho para lo nuevo, inspira a quienes buscan siempre dar el siguiente paso. Mucho m\u00e1s que un auto, es un compa\u00f1ero de generaciones de conductores en todo el mundo. En Ecuador, sigue siendo la opci\u00f3n preferida de quienes valoran la tecnolog\u00eda, la seguridad y un dise\u00f1o atemporal que se adapta a cualquier estilo de vida\u201d<\/em>, destac\u00f3 Vanessa Prados, Gerente de Marketing de Volkswagen Ecuador.<\/p>\n\n\n\n<p>Hoy, 50 a\u00f1os despu\u00e9s, el Polo sigue siendo una referencia dentro de su segmento y un ejemplo claro del compromiso de Volkswagen por ofrecer productos que marcan generaciones. La marca contin\u00faa trabajando para que cada versi\u00f3n del Polo siga conquistando caminos y corazones en todos los rincones del mundo.<\/p>\n\n\n<div class='pt-cv-wrapper'> <h3 class='pt-cv-heading-container heading1' data-blockid='hgti480y'><span class='pt-cv-heading'> Overlay1 <\/span><\/h3><div class=\"pt-cv-view pt-cv-overlaygrid iscvblock iscvreal overlay1 layout1\" id=\"pt-cv-view-hgti480y\"><div data-id=\"pt-cv-page-1\" class=\"pt-cv-page\" data-cvc=\"3\"><div class=\" pt-cv-content-item pt-cv-1-col\" ><div class=\"pt-cv-thumb-wrapper  \"><a href=\"https:\/\/garageblogec.com\/?p=3303\" class=\"_self pt-cv-href-thumbnail pt-cv-thumb-default\" target=\"_self\" ><img loading=\"lazy\" decoding=\"async\" width=\"768\" height=\"432\" src=\"https:\/\/garageblogec.com\/wp-content\/uploads\/2026\/04\/WhatsApp-Image-2026-04-21-at-1.52.53-PM-768x432.jpeg\" class=\"pt-cv-thumbnail\" alt=\"\" \/><\/a><\/div>\n<div class=\"pt-cv-overlay-wrapper\"><div class=\"pt-cv-taxoterm above_title\"><a href='https:\/\/garageblogec.com\/?cat=27' title='Industria Nacional' class='pt-cv-tax-industria-nacional'>Industria Nacional<\/a><\/div><h4 class=\"pt-cv-title\"><a href=\"https:\/\/garageblogec.com\/?p=3303\" class=\"_self\" target=\"_self\" >Grupo Ambacar presenta en Guayaquil KGM, su nueva marca de SUV h\u00edbridos con respaldo global<\/a><\/h4><div class=\"pt-cv-meta-fields\"><span class=\"entry-date\"> <time datetime=\"2026-04-21T21:37:24+00:00\">abril 21, 2026<\/time><\/span><span> \/ <\/span><span class=\"author\"> <a href=\"https:\/\/garageblogec.com\/?author=6\" rel=\"author\">gabi1212<\/a><\/span><\/div><\/div><\/div>\n<div class=\" pt-cv-content-item pt-cv-1-col\" ><div class=\"pt-cv-thumb-wrapper  \"><a href=\"https:\/\/garageblogec.com\/?p=3296\" class=\"_self pt-cv-href-thumbnail pt-cv-thumb-default\" target=\"_self\" ><img loading=\"lazy\" decoding=\"async\" width=\"768\" height=\"432\" src=\"https:\/\/garageblogec.com\/wp-content\/uploads\/2026\/04\/WhatsApp-Image-2026-04-14-at-3.15.09-PM-768x432.jpeg\" class=\"pt-cv-thumbnail\" alt=\"\" \/><\/a><\/div>\n<div class=\"pt-cv-overlay-wrapper\"><div class=\"pt-cv-taxoterm above_title\"><a href='https:\/\/garageblogec.com\/?cat=27' title='Industria Nacional' class='pt-cv-tax-industria-nacional'>Industria Nacional<\/a><\/div><h4 class=\"pt-cv-title\"><a href=\"https:\/\/garageblogec.com\/?p=3296\" class=\"_self\" target=\"_self\" >El tablero desapareci\u00f3, ahora el auto es una pantalla inteligente<\/a><\/h4><div class=\"pt-cv-meta-fields\"><span class=\"entry-date\"> <time datetime=\"2026-04-14T20:21:20+00:00\">abril 14, 2026<\/time><\/span><span> \/ <\/span><span class=\"author\"> <a href=\"https:\/\/garageblogec.com\/?author=6\" rel=\"author\">gabi1212<\/a><\/span><\/div><\/div><\/div>\n<div class=\" pt-cv-content-item pt-cv-1-col\" ><div class=\"pt-cv-thumb-wrapper  \"><a href=\"https:\/\/garageblogec.com\/?p=3291\" class=\"_self pt-cv-href-thumbnail pt-cv-thumb-default\" target=\"_self\" ><img loading=\"lazy\" decoding=\"async\" width=\"768\" height=\"432\" src=\"https:\/\/garageblogec.com\/wp-content\/uploads\/2026\/04\/WhatsApp-Image-2026-04-14-at-2.21.27-PM-768x432.jpeg\" class=\"pt-cv-thumbnail\" alt=\"\" \/><\/a><\/div>\n<div class=\"pt-cv-overlay-wrapper\"><div class=\"pt-cv-taxoterm above_title\"><a href='https:\/\/garageblogec.com\/?cat=27' title='Industria Nacional' class='pt-cv-tax-industria-nacional'>Industria Nacional<\/a><\/div><h4 class=\"pt-cv-title\"><a href=\"https:\/\/garageblogec.com\/?p=3291\" class=\"_self\" target=\"_self\" >Seguridad al volante en Ecuador: los errores m\u00e1s comunes que cometen los conductores<\/a><\/h4><div class=\"pt-cv-meta-fields\"><span class=\"entry-date\"> <time datetime=\"2026-04-14T20:08:54+00:00\">abril 14, 2026<\/time><\/span><span> \/ <\/span><span class=\"author\"> <a href=\"https:\/\/garageblogec.com\/?author=6\" rel=\"author\">gabi1212<\/a><\/span><\/div><\/div><\/div>\n<div class=\" pt-cv-content-item pt-cv-1-col\" ><div class=\"pt-cv-thumb-wrapper  \"><a href=\"https:\/\/garageblogec.com\/?p=3286\" class=\"_self pt-cv-href-thumbnail pt-cv-thumb-default\" target=\"_self\" ><img loading=\"lazy\" decoding=\"async\" width=\"768\" height=\"492\" src=\"https:\/\/garageblogec.com\/wp-content\/uploads\/2026\/04\/Posventa.jpg-768x492.jpeg\" class=\"pt-cv-thumbnail\" alt=\"\" \/><\/a><\/div>\n<div class=\"pt-cv-overlay-wrapper\"><div class=\"pt-cv-taxoterm above_title\"><a href='https:\/\/garageblogec.com\/?cat=27' title='Industria Nacional' class='pt-cv-tax-industria-nacional'>Industria Nacional<\/a><\/div><h4 class=\"pt-cv-title\"><a href=\"https:\/\/garageblogec.com\/?p=3286\" class=\"_self\" target=\"_self\" >Clientes Nissan reciben cambios de aceite infinitos<\/a><\/h4><div class=\"pt-cv-meta-fields\"><span class=\"entry-date\"> <time datetime=\"2026-04-14T20:04:08+00:00\">abril 14, 2026<\/time><\/span><span> \/ <\/span><span class=\"author\"> <a href=\"https:\/\/garageblogec.com\/?author=6\" rel=\"author\">gabi1212<\/a><\/span><\/div><\/div><\/div>\n<div class=\" pt-cv-content-item pt-cv-1-col\" ><div class=\"pt-cv-thumb-wrapper  \"><a href=\"https:\/\/garageblogec.com\/?p=3280\" class=\"_self pt-cv-href-thumbnail pt-cv-thumb-default\" target=\"_self\" ><img loading=\"lazy\" decoding=\"async\" width=\"768\" height=\"512\" src=\"https:\/\/garageblogec.com\/wp-content\/uploads\/2026\/04\/foto1-768x512.jpeg\" class=\"pt-cv-thumbnail\" alt=\"\" \/><\/a><\/div>\n<div class=\"pt-cv-overlay-wrapper\"><div class=\"pt-cv-taxoterm above_title\"><a href='https:\/\/garageblogec.com\/?cat=27' title='Industria Nacional' class='pt-cv-tax-industria-nacional'>Industria Nacional<\/a><\/div><h4 class=\"pt-cv-title\"><a href=\"https:\/\/garageblogec.com\/?p=3280\" class=\"_self\" target=\"_self\" >Movilidad como inversi\u00f3n: el uso de utilidades que crece en Ecuador<\/a><\/h4><div class=\"pt-cv-meta-fields\"><span class=\"entry-date\"> <time datetime=\"2026-04-07T19:55:36+00:00\">abril 7, 2026<\/time><\/span><span> \/ <\/span><span class=\"author\"> <a href=\"https:\/\/garageblogec.com\/?author=6\" rel=\"author\">gabi1212<\/a><\/span><\/div><\/div><\/div>\n<div class=\" pt-cv-content-item pt-cv-1-col\" ><div class=\"pt-cv-thumb-wrapper  \"><a href=\"https:\/\/garageblogec.com\/?p=3276\" class=\"_self pt-cv-href-thumbnail pt-cv-thumb-default\" target=\"_self\" ><img loading=\"lazy\" decoding=\"async\" width=\"745\" height=\"491\" src=\"https:\/\/garageblogec.com\/wp-content\/uploads\/2026\/04\/TT.png\" class=\"pt-cv-thumbnail\" alt=\"\" \/><\/a><\/div>\n<div class=\"pt-cv-overlay-wrapper\"><div class=\"pt-cv-taxoterm above_title\"><a href='https:\/\/garageblogec.com\/?cat=27' title='Industria Nacional' class='pt-cv-tax-industria-nacional'>Industria Nacional<\/a><\/div><h4 class=\"pt-cv-title\"><a href=\"https:\/\/garageblogec.com\/?p=3276\" class=\"_self\" target=\"_self\" >Lluvias en Ecuador: C\u00f3mo reducir riesgos en carretera y prevenir accidentes en calzada mojada<\/a><\/h4><div class=\"pt-cv-meta-fields\"><span class=\"entry-date\"> <time datetime=\"2026-04-07T19:46:52+00:00\">abril 7, 2026<\/time><\/span><span> \/ <\/span><span class=\"author\"> <a href=\"https:\/\/garageblogec.com\/?author=6\" rel=\"author\">gabi1212<\/a><\/span><\/div><\/div><\/div><\/div><\/div> <\/div> <style>\n#pt-cv-view-hgti480y .pt-cv-thumb-wrapper::before {background: rgba(0,0,0,.4); opacity: 0.8;}#pt-cv-view-hgti480y .pt-cv-overlay-wrapper {justify-content: center;}\n#pt-cv-view-hgti480y .pt-cv-meta-fields {  }#pt-cv-view-hgti480y .pt-cv-meta-fields * { font-size: 13px; }#pt-cv-view-hgti480y .pt-cv-title a { display: block; }#pt-cv-view-hgti480y .pt-cv-title:not(.pt-cv-titlesm) a { font-weight: 600;text-decoration: none;font-size: 20px; }#pt-cv-view-hgti480y .pt-cv-titlesm a { font-weight: 600;font-size: 18px; }#pt-cv-view-hgti480y .pt-cv-content { font-size: 15px; }#pt-cv-view-hgti480y .pt-cv-rmwrap {  }#pt-cv-view-hgti480y .pt-cv-readmore { color: #fff;background-color: #0075ff;font-size: 14px; }#pt-cv-view-hgti480y .pt-cv-taxoterm { margin: 0px 0px 20px 0px; }#pt-cv-view-hgti480y .pt-cv-taxoterm * { color: #222;background-color: #fff6f6;font-size: 14px; }#pt-cv-view-hgti480y + .pt-cv-pagination-wrapper {  }#pt-cv-view-hgti480y + .pt-cv-pagination-wrapper a { font-size: 14px; }#pt-cv-view-hgti480y > .pt-cv-page {grid-template-columns: repeat(3, 1fr);grid-auto-rows: 250px;grid-gap: 10px;}\n@media all and (max-width: 1024px) { \n#pt-cv-view-hgti480y > .pt-cv-page {}\n} \n@media all and (max-width: 767px) { \n#pt-cv-view-hgti480y > .pt-cv-page {grid-template-columns: repeat(1, 1fr);}\n} <\/style>","protected":false},"excerpt":{"rendered":"<p>Desde su debut en 1975, el ic\u00f3nico modelo se ha consolidado como un referente global de dise\u00f1o, tecnolog\u00eda y seguridad en el segmento de los compactos.<\/p>\n","protected":false},"author":6,"featured_media":2070,"comment_status":"open","ping_status":"open","sticky":false,"template":"","format":"standard","meta":{"_jetpack_memberships_contains_paid_content":false,"footnotes":""},"categories":[27],"tags":[],"class_list":["post-2068","post","type-post","status-publish","format-standard","has-post-thumbnail","hentry","category-industria-nacional"],"yoast_head":"<!-- This site is optimized with the Yoast SEO plugin v27.5 - https:\/\/yoast.com\/product\/yoast-seo-wordpress\/ -->\n<title>Volkswagen Polo: 50 a\u00f1os de historia y m\u00e1s de 20 millones de unidades vendidas - Garage Blog Ecuador<\/title>\n<meta name=\"robots\" content=\"index, follow, max-snippet:-1, max-image-preview:large, max-video-preview:-1\" \/>\n<link rel=\"canonical\" href=\"https:\/\/garageblogec.com\/?p=2068\" \/>\n<meta property=\"og:locale\" content=\"es_ES\" \/>\n<meta property=\"og:type\" content=\"article\" \/>\n<meta property=\"og:title\" content=\"Volkswagen Polo: 50 a\u00f1os de historia y m\u00e1s de 20 millones de unidades vendidas - Garage Blog Ecuador\" \/>\n<meta property=\"og:description\" content=\"Desde su debut en 1975, el ic\u00f3nico modelo se ha consolidado como un referente global de dise\u00f1o, tecnolog\u00eda y seguridad en el segmento de los compactos.\" \/>\n<meta property=\"og:url\" content=\"https:\/\/garageblogec.com\/?p=2068\" \/>\n<meta property=\"og:site_name\" content=\"Garage Blog Ecuador\" \/>\n<meta property=\"article:published_time\" content=\"2025-05-28T15:13:17+00:00\" \/>\n<meta property=\"article:modified_time\" content=\"2025-05-28T15:13:28+00:00\" \/>\n<meta property=\"og:image\" content=\"https:\/\/garageblogec.com\/wp-content\/uploads\/2025\/05\/WhatsApp-Image-2025-05-27-at-4.14.39-PM.jpeg\" \/>\n\t<meta property=\"og:image:width\" content=\"2560\" \/>\n\t<meta property=\"og:image:height\" content=\"1465\" \/>\n\t<meta property=\"og:image:type\" content=\"image\/jpeg\" \/>\n<meta name=\"author\" content=\"gabi1212\" \/>\n<meta name=\"twitter:card\" content=\"summary_large_image\" \/>\n<meta name=\"twitter:label1\" content=\"Escrito por\" \/>\n\t<meta name=\"twitter:data1\" content=\"gabi1212\" \/>\n\t<meta name=\"twitter:label2\" content=\"Tiempo de lectura\" \/>\n\t<meta name=\"twitter:data2\" content=\"3 minutos\" \/>\n<script type=\"application\/ld+json\" class=\"yoast-schema-graph\">{\"@context\":\"https:\\\/\\\/schema.org\",\"@graph\":[{\"@type\":\"Article\",\"@id\":\"https:\\\/\\\/garageblogec.com\\\/?p=2068#article\",\"isPartOf\":{\"@id\":\"https:\\\/\\\/garageblogec.com\\\/?p=2068\"},\"author\":{\"name\":\"gabi1212\",\"@id\":\"https:\\\/\\\/garageblogec.com\\\/#\\\/schema\\\/person\\\/635f4b76c0cb3e43b82fe6f7d8bcceea\"},\"headline\":\"Volkswagen Polo: 50 a\u00f1os de historia y m\u00e1s de 20 millones de unidades vendidas\",\"datePublished\":\"2025-05-28T15:13:17+00:00\",\"dateModified\":\"2025-05-28T15:13:28+00:00\",\"mainEntityOfPage\":{\"@id\":\"https:\\\/\\\/garageblogec.com\\\/?p=2068\"},\"wordCount\":381,\"commentCount\":0,\"publisher\":{\"@id\":\"https:\\\/\\\/garageblogec.com\\\/#organization\"},\"image\":{\"@id\":\"https:\\\/\\\/garageblogec.com\\\/?p=2068#primaryimage\"},\"thumbnailUrl\":\"https:\\\/\\\/garageblogec.com\\\/wp-content\\\/uploads\\\/2025\\\/05\\\/WhatsApp-Image-2025-05-27-at-4.14.39-PM.jpeg\",\"articleSection\":[\"Industria Nacional\"],\"inLanguage\":\"es\",\"potentialAction\":[{\"@type\":\"CommentAction\",\"name\":\"Comment\",\"target\":[\"https:\\\/\\\/garageblogec.com\\\/?p=2068#respond\"]}]},{\"@type\":\"WebPage\",\"@id\":\"https:\\\/\\\/garageblogec.com\\\/?p=2068\",\"url\":\"https:\\\/\\\/garageblogec.com\\\/?p=2068\",\"name\":\"Volkswagen Polo: 50 a\u00f1os de historia y m\u00e1s de 20 millones de unidades vendidas - Garage Blog Ecuador\",\"isPartOf\":{\"@id\":\"https:\\\/\\\/garageblogec.com\\\/#website\"},\"primaryImageOfPage\":{\"@id\":\"https:\\\/\\\/garageblogec.com\\\/?p=2068#primaryimage\"},\"image\":{\"@id\":\"https:\\\/\\\/garageblogec.com\\\/?p=2068#primaryimage\"},\"thumbnailUrl\":\"https:\\\/\\\/garageblogec.com\\\/wp-content\\\/uploads\\\/2025\\\/05\\\/WhatsApp-Image-2025-05-27-at-4.14.39-PM.jpeg\",\"datePublished\":\"2025-05-28T15:13:17+00:00\",\"dateModified\":\"2025-05-28T15:13:28+00:00\",\"breadcrumb\":{\"@id\":\"https:\\\/\\\/garageblogec.com\\\/?p=2068#breadcrumb\"},\"inLanguage\":\"es\",\"potentialAction\":[{\"@type\":\"ReadAction\",\"target\":[\"https:\\\/\\\/garageblogec.com\\\/?p=2068\"]}]},{\"@type\":\"ImageObject\",\"inLanguage\":\"es\",\"@id\":\"https:\\\/\\\/garageblogec.com\\\/?p=2068#primaryimage\",\"url\":\"https:\\\/\\\/garageblogec.com\\\/wp-content\\\/uploads\\\/2025\\\/05\\\/WhatsApp-Image-2025-05-27-at-4.14.39-PM.jpeg\",\"contentUrl\":\"https:\\\/\\\/garageblogec.com\\\/wp-content\\\/uploads\\\/2025\\\/05\\\/WhatsApp-Image-2025-05-27-at-4.14.39-PM.jpeg\",\"width\":2560,\"height\":1465},{\"@type\":\"BreadcrumbList\",\"@id\":\"https:\\\/\\\/garageblogec.com\\\/?p=2068#breadcrumb\",\"itemListElement\":[{\"@type\":\"ListItem\",\"position\":1,\"name\":\"Portada\",\"item\":\"https:\\\/\\\/garageblogec.com\\\/\"},{\"@type\":\"ListItem\",\"position\":2,\"name\":\"Volkswagen Polo: 50 a\u00f1os de historia y m\u00e1s de 20 millones de unidades vendidas\"}]},{\"@type\":\"WebSite\",\"@id\":\"https:\\\/\\\/garageblogec.com\\\/#website\",\"url\":\"https:\\\/\\\/garageblogec.com\\\/\",\"name\":\"Garage Blog Ecuador\",\"description\":\"Alucinamos por los autos \",\"publisher\":{\"@id\":\"https:\\\/\\\/garageblogec.com\\\/#organization\"},\"potentialAction\":[{\"@type\":\"SearchAction\",\"target\":{\"@type\":\"EntryPoint\",\"urlTemplate\":\"https:\\\/\\\/garageblogec.com\\\/?s={search_term_string}\"},\"query-input\":{\"@type\":\"PropertyValueSpecification\",\"valueRequired\":true,\"valueName\":\"search_term_string\"}}],\"inLanguage\":\"es\"},{\"@type\":\"Organization\",\"@id\":\"https:\\\/\\\/garageblogec.com\\\/#organization\",\"name\":\"Garage Blog Ecuador\",\"url\":\"https:\\\/\\\/garageblogec.com\\\/\",\"logo\":{\"@type\":\"ImageObject\",\"inLanguage\":\"es\",\"@id\":\"https:\\\/\\\/garageblogec.com\\\/#\\\/schema\\\/logo\\\/image\\\/\",\"url\":\"https:\\\/\\\/garageblogec.com\\\/wp-content\\\/uploads\\\/2024\\\/02\\\/cropped-logo-png-para-blog.webp\",\"contentUrl\":\"https:\\\/\\\/garageblogec.com\\\/wp-content\\\/uploads\\\/2024\\\/02\\\/cropped-logo-png-para-blog.webp\",\"width\":840,\"height\":556,\"caption\":\"Garage Blog Ecuador \"},\"image\":{\"@id\":\"https:\\\/\\\/garageblogec.com\\\/#\\\/schema\\\/logo\\\/image\\\/\"}},{\"@type\":\"Person\",\"@id\":\"https:\\\/\\\/garageblogec.com\\\/#\\\/schema\\\/person\\\/635f4b76c0cb3e43b82fe6f7d8bcceea\",\"name\":\"gabi1212\",\"image\":{\"@type\":\"ImageObject\",\"inLanguage\":\"es\",\"@id\":\"https:\\\/\\\/secure.gravatar.com\\\/avatar\\\/6aa491f45cb359d4d6dd8c430e83f78899c80569c27d21156e19bbdcd31d1811?s=96&d=mm&r=g\",\"url\":\"https:\\\/\\\/secure.gravatar.com\\\/avatar\\\/6aa491f45cb359d4d6dd8c430e83f78899c80569c27d21156e19bbdcd31d1811?s=96&d=mm&r=g\",\"contentUrl\":\"https:\\\/\\\/secure.gravatar.com\\\/avatar\\\/6aa491f45cb359d4d6dd8c430e83f78899c80569c27d21156e19bbdcd31d1811?s=96&d=mm&r=g\",\"caption\":\"gabi1212\"},\"url\":\"https:\\\/\\\/garageblogec.com\\\/?author=6\"}]}<\/script>\n<!-- \/ Yoast SEO plugin. -->","yoast_head_json":{"title":"Volkswagen Polo: 50 a\u00f1os de historia y m\u00e1s de 20 millones de unidades vendidas - Garage Blog Ecuador","robots":{"index":"index","follow":"follow","max-snippet":"max-snippet:-1","max-image-preview":"max-image-preview:large","max-video-preview":"max-video-preview:-1"},"canonical":"https:\/\/garageblogec.com\/?p=2068","og_locale":"es_ES","og_type":"article","og_title":"Volkswagen Polo: 50 a\u00f1os de historia y m\u00e1s de 20 millones de unidades vendidas - Garage Blog Ecuador","og_description":"Desde su debut en 1975, el ic\u00f3nico modelo se ha consolidado como un referente global de dise\u00f1o, tecnolog\u00eda y seguridad en el segmento de los compactos.","og_url":"https:\/\/garageblogec.com\/?p=2068","og_site_name":"Garage Blog Ecuador","article_published_time":"2025-05-28T15:13:17+00:00","article_modified_time":"2025-05-28T15:13:28+00:00","og_image":[{"width":2560,"height":1465,"url":"https:\/\/garageblogec.com\/wp-content\/uploads\/2025\/05\/WhatsApp-Image-2025-05-27-at-4.14.39-PM.jpeg","type":"image\/jpeg"}],"author":"gabi1212","twitter_card":"summary_large_image","twitter_misc":{"Escrito por":"gabi1212","Tiempo de lectura":"3 minutos"},"schema":{"@context":"https:\/\/schema.org","@graph":[{"@type":"Article","@id":"https:\/\/garageblogec.com\/?p=2068#article","isPartOf":{"@id":"https:\/\/garageblogec.com\/?p=2068"},"author":{"name":"gabi1212","@id":"https:\/\/garageblogec.com\/#\/schema\/person\/635f4b76c0cb3e43b82fe6f7d8bcceea"},"headline":"Volkswagen Polo: 50 a\u00f1os de historia y m\u00e1s de 20 millones de unidades vendidas","datePublished":"2025-05-28T15:13:17+00:00","dateModified":"2025-05-28T15:13:28+00:00","mainEntityOfPage":{"@id":"https:\/\/garageblogec.com\/?p=2068"},"wordCount":381,"commentCount":0,"publisher":{"@id":"https:\/\/garageblogec.com\/#organization"},"image":{"@id":"https:\/\/garageblogec.com\/?p=2068#primaryimage"},"thumbnailUrl":"https:\/\/garageblogec.com\/wp-content\/uploads\/2025\/05\/WhatsApp-Image-2025-05-27-at-4.14.39-PM.jpeg","articleSection":["Industria Nacional"],"inLanguage":"es","potentialAction":[{"@type":"CommentAction","name":"Comment","target":["https:\/\/garageblogec.com\/?p=2068#respond"]}]},{"@type":"WebPage","@id":"https:\/\/garageblogec.com\/?p=2068","url":"https:\/\/garageblogec.com\/?p=2068","name":"Volkswagen Polo: 50 a\u00f1os de historia y m\u00e1s de 20 millones de unidades vendidas - Garage Blog Ecuador","isPartOf":{"@id":"https:\/\/garageblogec.com\/#website"},"primaryImageOfPage":{"@id":"https:\/\/garageblogec.com\/?p=2068#primaryimage"},"image":{"@id":"https:\/\/garageblogec.com\/?p=2068#primaryimage"},"thumbnailUrl":"https:\/\/garageblogec.com\/wp-content\/uploads\/2025\/05\/WhatsApp-Image-2025-05-27-at-4.14.39-PM.jpeg","datePublished":"2025-05-28T15:13:17+00:00","dateModified":"2025-05-28T15:13:28+00:00","breadcrumb":{"@id":"https:\/\/garageblogec.com\/?p=2068#breadcrumb"},"inLanguage":"es","potentialAction":[{"@type":"ReadAction","target":["https:\/\/garageblogec.com\/?p=2068"]}]},{"@type":"ImageObject","inLanguage":"es","@id":"https:\/\/garageblogec.com\/?p=2068#primaryimage","url":"https:\/\/garageblogec.com\/wp-content\/uploads\/2025\/05\/WhatsApp-Image-2025-05-27-at-4.14.39-PM.jpeg","contentUrl":"https:\/\/garageblogec.com\/wp-content\/uploads\/2025\/05\/WhatsApp-Image-2025-05-27-at-4.14.39-PM.jpeg","width":2560,"height":1465},{"@type":"BreadcrumbList","@id":"https:\/\/garageblogec.com\/?p=2068#breadcrumb","itemListElement":[{"@type":"ListItem","position":1,"name":"Portada","item":"https:\/\/garageblogec.com\/"},{"@type":"ListItem","position":2,"name":"Volkswagen Polo: 50 a\u00f1os de historia y m\u00e1s de 20 millones de unidades vendidas"}]},{"@type":"WebSite","@id":"https:\/\/garageblogec.com\/#website","url":"https:\/\/garageblogec.com\/","name":"Garage Blog Ecuador","description":"Alucinamos por los autos ","publisher":{"@id":"https:\/\/garageblogec.com\/#organization"},"potentialAction":[{"@type":"SearchAction","target":{"@type":"EntryPoint","urlTemplate":"https:\/\/garageblogec.com\/?s={search_term_string}"},"query-input":{"@type":"PropertyValueSpecification","valueRequired":true,"valueName":"search_term_string"}}],"inLanguage":"es"},{"@type":"Organization","@id":"https:\/\/garageblogec.com\/#organization","name":"Garage Blog Ecuador","url":"https:\/\/garageblogec.com\/","logo":{"@type":"ImageObject","inLanguage":"es","@id":"https:\/\/garageblogec.com\/#\/schema\/logo\/image\/","url":"https:\/\/garageblogec.com\/wp-content\/uploads\/2024\/02\/cropped-logo-png-para-blog.webp","contentUrl":"https:\/\/garageblogec.com\/wp-content\/uploads\/2024\/02\/cropped-logo-png-para-blog.webp","width":840,"height":556,"caption":"Garage Blog Ecuador "},"image":{"@id":"https:\/\/garageblogec.com\/#\/schema\/logo\/image\/"}},{"@type":"Person","@id":"https:\/\/garageblogec.com\/#\/schema\/person\/635f4b76c0cb3e43b82fe6f7d8bcceea","name":"gabi1212","image":{"@type":"ImageObject","inLanguage":"es","@id":"https:\/\/secure.gravatar.com\/avatar\/6aa491f45cb359d4d6dd8c430e83f78899c80569c27d21156e19bbdcd31d1811?s=96&d=mm&r=g","url":"https:\/\/secure.gravatar.com\/avatar\/6aa491f45cb359d4d6dd8c430e83f78899c80569c27d21156e19bbdcd31d1811?s=96&d=mm&r=g","contentUrl":"https:\/\/secure.gravatar.com\/avatar\/6aa491f45cb359d4d6dd8c430e83f78899c80569c27d21156e19bbdcd31d1811?s=96&d=mm&r=g","caption":"gabi1212"},"url":"https:\/\/garageblogec.com\/?author=6"}]}},"jetpack_featured_media_url":"https:\/\/garageblogec.com\/wp-content\/uploads\/2025\/05\/WhatsApp-Image-2025-05-27-at-4.14.39-PM.jpeg","jetpack_sharing_enabled":true,"_links":{"self":[{"href":"https:\/\/garageblogec.com\/index.php?rest_route=\/wp\/v2\/posts\/2068","targetHints":{"allow":["GET"]}}],"collection":[{"href":"https:\/\/garageblogec.com\/index.php?rest_route=\/wp\/v2\/posts"}],"about":[{"href":"https:\/\/garageblogec.com\/index.php?rest_route=\/wp\/v2\/types\/post"}],"author":[{"embeddable":true,"href":"https:\/\/garageblogec.com\/index.php?rest_route=\/wp\/v2\/users\/6"}],"replies":[{"embeddable":true,"href":"https:\/\/garageblogec.com\/index.php?rest_route=%2Fwp%2Fv2%2Fcomments&post=2068"}],"version-history":[{"count":1,"href":"https:\/\/garageblogec.com\/index.php?rest_route=\/wp\/v2\/posts\/2068\/revisions"}],"predecessor-version":[{"id":2071,"href":"https:\/\/garageblogec.com\/index.php?rest_route=\/wp\/v2\/posts\/2068\/revisions\/2071"}],"wp:featuredmedia":[{"embeddable":true,"href":"https:\/\/garageblogec.com\/index.php?rest_route=\/wp\/v2\/media\/2070"}],"wp:attachment":[{"href":"https:\/\/garageblogec.com\/index.php?rest_route=%2Fwp%2Fv2%2Fmedia&parent=2068"}],"wp:term":[{"taxonomy":"category","embeddable":true,"href":"https:\/\/garageblogec.com\/index.php?rest_route=%2Fwp%2Fv2%2Fcategories&post=2068"},{"taxonomy":"post_tag","embeddable":true,"href":"https:\/\/garageblogec.com\/index.php?rest_route=%2Fwp%2Fv2%2Ftags&post=2068"}],"curies":[{"name":"wp","href":"https:\/\/api.w.org\/{rel}","templated":true}]}}