{"id":2005,"date":"2025-05-07T17:34:07","date_gmt":"2025-05-07T17:34:07","guid":{"rendered":"https:\/\/garageblogec.com\/?p=2005"},"modified":"2025-05-07T17:34:20","modified_gmt":"2025-05-07T17:34:20","slug":"el-inesperado-guino-viral-de-la-formula-1-a-peru-al-confirmarse-la-vuelta-de-franco-colapinto-a-la-grilla","status":"publish","type":"post","link":"https:\/\/garageblogec.com\/?p=2005","title":{"rendered":"El inesperado gui\u00f1o viral de la F\u00f3rmula 1 a Per\u00fa al confirmarse la vuelta de Franco Colapinto a la grilla"},"content":{"rendered":"\n<p>Despu\u00e9s del fin de semana del Gran Premio de Miami, fue un secreto a voces y s\u00f3lo era cuesti\u00f3n de tiempo para la confirmaci\u00f3n.\u00a0<strong>Franco Colapinto<\/strong>\u00a0vuelve a la\u00a0<strong>F\u00f3rmula 1<\/strong>\u00a0como piloto titular. Alpine anunci\u00f3 en las primeras horas de este mi\u00e9rcoles 7 de mayo que\u00a0<strong>el argentino reemplaza al australiano Jack Doohan\u00a0a partir del pr\u00f3ximo Gran Premio de Emilia-Roma\u00f1a en el circuito de Imola<\/strong>. A partir de esta noticia,\u00a0<strong>una publicaci\u00f3n de la cuenta oficial de Instagram del mundial mencion\u00f3 a Per\u00fa<\/strong>.<\/p>\n\n\n\n<figure class=\"wp-block-image size-large\"><img decoding=\"async\" src=\"https:\/\/ds-images.bolavip.com\/news\/image?src=https%3A%2F%2Fimages.bolavip.com%2Fwebp%2Fpe%2Ffull%2FBPE_20250507_BPE_69945_franco-colapinto-mate-formula-1-instagram.webp&amp;width=740&amp;height=416\" alt=\"\"\/><\/figure>\n\n\n\n<p><strong>Colapinto pasa a ser el nuevo compa\u00f1ero de equipo de Pierre Gasly en el equipo franc\u00e9s<\/strong>.\u00a0<strong>Ser\u00e1 por las pr\u00f3ximas cinco carreras<\/strong>, es decir para los Grandes Premios de Emilia-Roma\u00f1a, M\u00f3naco, Espa\u00f1a, Canad\u00e1 y Austria. A partir de esto, ser\u00e1 evaluado para continuar por el resto de la temporada o, de lo contrario, si no rinde, Alpine podr\u00eda pensar en un nuevo piloto con\u00a0<strong>Paul Aron<\/strong>\u00a0como m\u00e1ximo candidato a reemplazarlo.<\/p>\n\n\n\n<p>Los rendimientos de Jack Doohan durante las primeras siete carreras de esta temporada 2025 de la F1&nbsp;<strong>no estuvieron a la altura<\/strong>. No impresion\u00f3 ni tampoco cuid\u00f3 el coche. De hecho, en Miami, ni siquiera dur\u00f3 una vuelta en pista por un choque con Liam Lawson (Racing Bulls) que le provoc\u00f3 un pinchazo en uno de sus neum\u00e1ticos. A esto hay que sumarle otros accidentes en Australia y tambi\u00e9n en Jap\u00f3n (Suzuka).<\/p>\n\n\n\n<figure class=\"wp-block-image size-full\"><a href=\"https:\/\/www.kia.com\/ec\/showroom\/kia_ev3\/features.html\"><img fetchpriority=\"high\" decoding=\"async\" width=\"800\" height=\"222\" src=\"https:\/\/garageblogec.com\/wp-content\/uploads\/2025\/04\/7gif1080X300peso-ezgif.com-video-to-webp-converter.webp\" alt=\"\" class=\"wp-image-1923\"\/><\/a><\/figure>\n\n\n\n<p>A estos malos resultados, hay que sumarle lo bien considerado que est\u00e1 Franco Colapinto, sobre todo, para el nuevo team manager de Alpine,&nbsp;<strong>Flavio Briatore<\/strong>, quien fue anunciado como&nbsp;<strong>reemplazo del saliente Oliver Oakes<\/strong>, noticia que se confirma en las \u00faltimas horas. Briatore, uno de los principales impulsores de las carreras de estrellas como Michael Schumacher o Fernando Alonso, se convirti\u00f3 en uno de los ac\u00e9rrimos \u2018admiradores\u2019 del piloto argentino y&nbsp;<strong>fue quien lo busc\u00f3 desde Williams para tenerlo en su equipo<\/strong>.<\/p>\n\n\n\n<h2 class=\"wp-block-heading\">F\u00f3rmula 1 sorprende con publicaci\u00f3n sobre Franco Colapinto con menci\u00f3n a Per\u00fa<\/h2>\n\n\n\n<p>Por supuesto, la noticia de la vuelta de Franco Colapinto gener\u00f3 fuerte ruido en redes sociales. Es que el p\u00fablico argentino estaba esperando esta noticia y gener\u00f3 un fuerte boom en las cuentas de la F\u00f3rmula 1. Es por eso que la propia categor\u00eda gener\u00f3 contenido exclusivo para los fan\u00e1ticos del nuevo piloto titular de Alpine.<\/p>\n\n\n\n<p>Una de estas publicaciones, quiz\u00e1s la m\u00e1s viral, con\u00a0<strong>m\u00e1s de 200 mil likes en Instagram<\/strong>, tuvo un gui\u00f1o para varios pa\u00edses de Latinoam\u00e9rica y no s\u00f3lo para Argentina.\u00a0<strong>La F\u00f3rmula 1 public\u00f3 una imagen de un mate junto a un termo para agua con varios stickers<\/strong>, algo que suele ser caracter\u00edstico en dicho pa\u00eds. Aunque, la particularidad estuvo en las im\u00e1genes elegidas.<\/p>\n\n\n\n<figure class=\"wp-block-image size-large\"><img decoding=\"async\" src=\"https:\/\/ds-images.bolavip.com\/news\/image?src=https:\/\/images.bolavip.com\/webp\/pe\/full\/BPE_20250507_BPE_69945_termo-mate-f1-argentina-mexico-peru_907c0054.webp&amp;width=934&amp;height=504\" alt=\"\"\/><\/figure>\n\n\n\n<p>El termo cont\u00f3 con stickers&nbsp;<strong>del propio Colapinto, del equipo Alpine y de la bandera argentina<\/strong>. No obstante, hubo dos relacionados a M\u00e9xico:&nbsp;<strong>el cl\u00e1sico sombrero mariachi y la calavera que representa el \u2018D\u00eda de los Muertos\u2019<\/strong>, tan representativo para esta naci\u00f3n.&nbsp;<strong>Y, adem\u00e1s, apareci\u00f3 uno de Per\u00fa, que muestra un \u2018I love (emoji de coraz\u00f3n) Machu Picchu\u2019, que significa \u201cAmo Machu Picchu\u201d<\/strong>.<\/p>\n\n\n\n<p>La idea de la F\u00f3rmula 1 con esta publicaci\u00f3n no es s\u00f3lo generar interacciones para los argentinos, sino tambi\u00e9n fomentarlo a todo el p\u00fablico latinoamericano, es decir para pa\u00edses como Per\u00fa y M\u00e9xico donde hay muchos fan\u00e1ticos.<\/p>\n\n\n\n<h2 class=\"wp-block-heading\">\u00bfCu\u00e1ndo corre Franco Colapinto con Alpine y d\u00f3nde ver el GP de Emilia-Roma\u00f1a?<\/h2>\n\n\n\n<p>M\u00e1s all\u00e1 de confirmarse la noticia de la vuelta de Franco Colapinto a la F\u00f3rmula 1, esta vez como piloto de Alpine, los fan\u00e1ticos deben esperar algunos d\u00edas m\u00e1s. Es que la pr\u00f3xima carrera, el Gran Premio de Emilia-Roma\u00f1a, ser\u00e1 el domingo 18 de marzo.<\/p>\n\n\n<div class='pt-cv-wrapper'> <h3 class='pt-cv-heading-container heading1' data-blockid='l0dclejx'><span class='pt-cv-heading'> Overlay1 <\/span><\/h3><div class=\"pt-cv-view pt-cv-overlaygrid iscvblock iscvreal overlay1 layout1\" id=\"pt-cv-view-l0dclejx\"><div data-id=\"pt-cv-page-1\" class=\"pt-cv-page\" data-cvc=\"3\"><div class=\" pt-cv-content-item pt-cv-1-col\" ><div class=\"pt-cv-thumb-wrapper  \"><a href=\"https:\/\/garageblogec.com\/?p=3303\" class=\"_self pt-cv-href-thumbnail pt-cv-thumb-default\" target=\"_self\" ><img decoding=\"async\" width=\"768\" height=\"432\" src=\"https:\/\/garageblogec.com\/wp-content\/uploads\/2026\/04\/WhatsApp-Image-2026-04-21-at-1.52.53-PM-768x432.jpeg\" class=\"pt-cv-thumbnail\" alt=\"\" \/><\/a><\/div>\n<div class=\"pt-cv-overlay-wrapper\"><div class=\"pt-cv-taxoterm above_title\"><a href='https:\/\/garageblogec.com\/?cat=27' title='Industria Nacional' class='pt-cv-tax-industria-nacional'>Industria Nacional<\/a><\/div><h4 class=\"pt-cv-title\"><a href=\"https:\/\/garageblogec.com\/?p=3303\" class=\"_self\" target=\"_self\" >Grupo Ambacar presenta en Guayaquil KGM, su nueva marca de SUV h\u00edbridos con respaldo global<\/a><\/h4><div class=\"pt-cv-meta-fields\"><span class=\"entry-date\"> <time datetime=\"2026-04-21T21:37:24+00:00\">abril 21, 2026<\/time><\/span><span> \/ <\/span><span class=\"author\"> <a href=\"https:\/\/garageblogec.com\/?author=6\" rel=\"author\">gabi1212<\/a><\/span><\/div><\/div><\/div>\n<div class=\" pt-cv-content-item pt-cv-1-col\" ><div class=\"pt-cv-thumb-wrapper  \"><a href=\"https:\/\/garageblogec.com\/?p=3296\" class=\"_self pt-cv-href-thumbnail pt-cv-thumb-default\" target=\"_self\" ><img decoding=\"async\" width=\"768\" height=\"432\" src=\"https:\/\/garageblogec.com\/wp-content\/uploads\/2026\/04\/WhatsApp-Image-2026-04-14-at-3.15.09-PM-768x432.jpeg\" class=\"pt-cv-thumbnail\" alt=\"\" \/><\/a><\/div>\n<div class=\"pt-cv-overlay-wrapper\"><div class=\"pt-cv-taxoterm above_title\"><a href='https:\/\/garageblogec.com\/?cat=27' title='Industria Nacional' class='pt-cv-tax-industria-nacional'>Industria Nacional<\/a><\/div><h4 class=\"pt-cv-title\"><a href=\"https:\/\/garageblogec.com\/?p=3296\" class=\"_self\" target=\"_self\" >El tablero desapareci\u00f3, ahora el auto es una pantalla inteligente<\/a><\/h4><div class=\"pt-cv-meta-fields\"><span class=\"entry-date\"> <time datetime=\"2026-04-14T20:21:20+00:00\">abril 14, 2026<\/time><\/span><span> \/ <\/span><span class=\"author\"> <a href=\"https:\/\/garageblogec.com\/?author=6\" rel=\"author\">gabi1212<\/a><\/span><\/div><\/div><\/div>\n<div class=\" pt-cv-content-item pt-cv-1-col\" ><div class=\"pt-cv-thumb-wrapper  \"><a href=\"https:\/\/garageblogec.com\/?p=3291\" class=\"_self pt-cv-href-thumbnail pt-cv-thumb-default\" target=\"_self\" ><img loading=\"lazy\" decoding=\"async\" width=\"768\" height=\"432\" src=\"https:\/\/garageblogec.com\/wp-content\/uploads\/2026\/04\/WhatsApp-Image-2026-04-14-at-2.21.27-PM-768x432.jpeg\" class=\"pt-cv-thumbnail\" alt=\"\" \/><\/a><\/div>\n<div class=\"pt-cv-overlay-wrapper\"><div class=\"pt-cv-taxoterm above_title\"><a href='https:\/\/garageblogec.com\/?cat=27' title='Industria Nacional' class='pt-cv-tax-industria-nacional'>Industria Nacional<\/a><\/div><h4 class=\"pt-cv-title\"><a href=\"https:\/\/garageblogec.com\/?p=3291\" class=\"_self\" target=\"_self\" >Seguridad al volante en Ecuador: los errores m\u00e1s comunes que cometen los conductores<\/a><\/h4><div class=\"pt-cv-meta-fields\"><span class=\"entry-date\"> <time datetime=\"2026-04-14T20:08:54+00:00\">abril 14, 2026<\/time><\/span><span> \/ <\/span><span class=\"author\"> <a href=\"https:\/\/garageblogec.com\/?author=6\" rel=\"author\">gabi1212<\/a><\/span><\/div><\/div><\/div>\n<div class=\" pt-cv-content-item pt-cv-1-col\" ><div class=\"pt-cv-thumb-wrapper  \"><a href=\"https:\/\/garageblogec.com\/?p=3286\" class=\"_self pt-cv-href-thumbnail pt-cv-thumb-default\" target=\"_self\" ><img loading=\"lazy\" decoding=\"async\" width=\"768\" height=\"492\" src=\"https:\/\/garageblogec.com\/wp-content\/uploads\/2026\/04\/Posventa.jpg-768x492.jpeg\" class=\"pt-cv-thumbnail\" alt=\"\" \/><\/a><\/div>\n<div class=\"pt-cv-overlay-wrapper\"><div class=\"pt-cv-taxoterm above_title\"><a href='https:\/\/garageblogec.com\/?cat=27' title='Industria Nacional' class='pt-cv-tax-industria-nacional'>Industria Nacional<\/a><\/div><h4 class=\"pt-cv-title\"><a href=\"https:\/\/garageblogec.com\/?p=3286\" class=\"_self\" target=\"_self\" >Clientes Nissan reciben cambios de aceite infinitos<\/a><\/h4><div class=\"pt-cv-meta-fields\"><span class=\"entry-date\"> <time datetime=\"2026-04-14T20:04:08+00:00\">abril 14, 2026<\/time><\/span><span> \/ <\/span><span class=\"author\"> <a href=\"https:\/\/garageblogec.com\/?author=6\" rel=\"author\">gabi1212<\/a><\/span><\/div><\/div><\/div>\n<div class=\" pt-cv-content-item pt-cv-1-col\" ><div class=\"pt-cv-thumb-wrapper  \"><a href=\"https:\/\/garageblogec.com\/?p=3280\" class=\"_self pt-cv-href-thumbnail pt-cv-thumb-default\" target=\"_self\" ><img loading=\"lazy\" decoding=\"async\" width=\"768\" height=\"512\" src=\"https:\/\/garageblogec.com\/wp-content\/uploads\/2026\/04\/foto1-768x512.jpeg\" class=\"pt-cv-thumbnail\" alt=\"\" \/><\/a><\/div>\n<div class=\"pt-cv-overlay-wrapper\"><div class=\"pt-cv-taxoterm above_title\"><a href='https:\/\/garageblogec.com\/?cat=27' title='Industria Nacional' class='pt-cv-tax-industria-nacional'>Industria Nacional<\/a><\/div><h4 class=\"pt-cv-title\"><a href=\"https:\/\/garageblogec.com\/?p=3280\" class=\"_self\" target=\"_self\" >Movilidad como inversi\u00f3n: el uso de utilidades que crece en Ecuador<\/a><\/h4><div class=\"pt-cv-meta-fields\"><span class=\"entry-date\"> <time datetime=\"2026-04-07T19:55:36+00:00\">abril 7, 2026<\/time><\/span><span> \/ <\/span><span class=\"author\"> <a href=\"https:\/\/garageblogec.com\/?author=6\" rel=\"author\">gabi1212<\/a><\/span><\/div><\/div><\/div>\n<div class=\" pt-cv-content-item pt-cv-1-col\" ><div class=\"pt-cv-thumb-wrapper  \"><a href=\"https:\/\/garageblogec.com\/?p=3276\" class=\"_self pt-cv-href-thumbnail pt-cv-thumb-default\" target=\"_self\" ><img loading=\"lazy\" decoding=\"async\" width=\"745\" height=\"491\" src=\"https:\/\/garageblogec.com\/wp-content\/uploads\/2026\/04\/TT.png\" class=\"pt-cv-thumbnail\" alt=\"\" \/><\/a><\/div>\n<div class=\"pt-cv-overlay-wrapper\"><div class=\"pt-cv-taxoterm above_title\"><a href='https:\/\/garageblogec.com\/?cat=27' title='Industria Nacional' class='pt-cv-tax-industria-nacional'>Industria Nacional<\/a><\/div><h4 class=\"pt-cv-title\"><a href=\"https:\/\/garageblogec.com\/?p=3276\" class=\"_self\" target=\"_self\" >Lluvias en Ecuador: C\u00f3mo reducir riesgos en carretera y prevenir accidentes en calzada mojada<\/a><\/h4><div class=\"pt-cv-meta-fields\"><span class=\"entry-date\"> <time datetime=\"2026-04-07T19:46:52+00:00\">abril 7, 2026<\/time><\/span><span> \/ <\/span><span class=\"author\"> <a href=\"https:\/\/garageblogec.com\/?author=6\" rel=\"author\">gabi1212<\/a><\/span><\/div><\/div><\/div><\/div><\/div> <\/div> <style>\n#pt-cv-view-l0dclejx .pt-cv-thumb-wrapper::before {background: rgba(0,0,0,.4); opacity: 0.8;}#pt-cv-view-l0dclejx .pt-cv-overlay-wrapper {justify-content: center;}\n#pt-cv-view-l0dclejx .pt-cv-meta-fields {  }#pt-cv-view-l0dclejx .pt-cv-meta-fields * { font-size: 13px; }#pt-cv-view-l0dclejx .pt-cv-title a { display: block; }#pt-cv-view-l0dclejx .pt-cv-title:not(.pt-cv-titlesm) a { font-weight: 600;text-decoration: none;font-size: 20px; }#pt-cv-view-l0dclejx .pt-cv-titlesm a { font-weight: 600;font-size: 18px; }#pt-cv-view-l0dclejx .pt-cv-content { font-size: 15px; }#pt-cv-view-l0dclejx .pt-cv-rmwrap {  }#pt-cv-view-l0dclejx .pt-cv-readmore { color: #fff;background-color: #0075ff;font-size: 14px; }#pt-cv-view-l0dclejx .pt-cv-taxoterm { margin: 0px 0px 20px 0px; }#pt-cv-view-l0dclejx .pt-cv-taxoterm * { color: #222;background-color: #fff6f6;font-size: 14px; }#pt-cv-view-l0dclejx + .pt-cv-pagination-wrapper {  }#pt-cv-view-l0dclejx + .pt-cv-pagination-wrapper a { font-size: 14px; }#pt-cv-view-l0dclejx > .pt-cv-page {grid-template-columns: repeat(3, 1fr);grid-auto-rows: 250px;grid-gap: 10px;}\n@media all and (max-width: 1024px) { \n#pt-cv-view-l0dclejx > .pt-cv-page {}\n} \n@media all and (max-width: 767px) { \n#pt-cv-view-l0dclejx > .pt-cv-page {grid-template-columns: repeat(1, 1fr);}\n} <\/style>","protected":false},"excerpt":{"rendered":"<p>En redes sociales, una publicaci\u00f3n oficial de la competencia menciona a Per\u00fa. Esto se dio luego de que Alpine confirm\u00f3 a Colapinto como reemplazo de Jack Doohan.<\/p>\n","protected":false},"author":6,"featured_media":2006,"comment_status":"open","ping_status":"open","sticky":false,"template":"","format":"standard","meta":{"_jetpack_memberships_contains_paid_content":false,"footnotes":""},"categories":[27],"tags":[],"class_list":["post-2005","post","type-post","status-publish","format-standard","has-post-thumbnail","hentry","category-industria-nacional"],"yoast_head":"<!-- This site is optimized with the Yoast SEO plugin v27.5 - https:\/\/yoast.com\/product\/yoast-seo-wordpress\/ -->\n<title>El inesperado gui\u00f1o viral de la F\u00f3rmula 1 a Per\u00fa al confirmarse la vuelta de Franco Colapinto a la grilla - Garage Blog Ecuador<\/title>\n<meta name=\"robots\" content=\"index, follow, max-snippet:-1, max-image-preview:large, max-video-preview:-1\" \/>\n<link rel=\"canonical\" href=\"https:\/\/garageblogec.com\/?p=2005\" \/>\n<meta property=\"og:locale\" content=\"es_ES\" \/>\n<meta property=\"og:type\" content=\"article\" \/>\n<meta property=\"og:title\" content=\"El inesperado gui\u00f1o viral de la F\u00f3rmula 1 a Per\u00fa al confirmarse la vuelta de Franco Colapinto a la grilla - Garage Blog Ecuador\" \/>\n<meta property=\"og:description\" content=\"En redes sociales, una publicaci\u00f3n oficial de la competencia menciona a Per\u00fa. Esto se dio luego de que Alpine confirm\u00f3 a Colapinto como reemplazo de Jack Doohan.\" \/>\n<meta property=\"og:url\" content=\"https:\/\/garageblogec.com\/?p=2005\" \/>\n<meta property=\"og:site_name\" content=\"Garage Blog Ecuador\" \/>\n<meta property=\"article:published_time\" content=\"2025-05-07T17:34:07+00:00\" \/>\n<meta property=\"article:modified_time\" content=\"2025-05-07T17:34:20+00:00\" \/>\n<meta property=\"og:image\" content=\"https:\/\/garageblogec.com\/wp-content\/uploads\/2025\/05\/555.png\" \/>\n\t<meta property=\"og:image:width\" content=\"733\" \/>\n\t<meta property=\"og:image:height\" content=\"409\" \/>\n\t<meta property=\"og:image:type\" content=\"image\/png\" \/>\n<meta name=\"author\" content=\"gabi1212\" \/>\n<meta name=\"twitter:card\" content=\"summary_large_image\" \/>\n<meta name=\"twitter:label1\" content=\"Escrito por\" \/>\n\t<meta name=\"twitter:data1\" content=\"gabi1212\" \/>\n\t<meta name=\"twitter:label2\" content=\"Tiempo de lectura\" \/>\n\t<meta name=\"twitter:data2\" content=\"4 minutos\" \/>\n<script type=\"application\/ld+json\" class=\"yoast-schema-graph\">{\"@context\":\"https:\\\/\\\/schema.org\",\"@graph\":[{\"@type\":\"Article\",\"@id\":\"https:\\\/\\\/garageblogec.com\\\/?p=2005#article\",\"isPartOf\":{\"@id\":\"https:\\\/\\\/garageblogec.com\\\/?p=2005\"},\"author\":{\"name\":\"gabi1212\",\"@id\":\"https:\\\/\\\/garageblogec.com\\\/#\\\/schema\\\/person\\\/635f4b76c0cb3e43b82fe6f7d8bcceea\"},\"headline\":\"El inesperado gui\u00f1o viral de la F\u00f3rmula 1 a Per\u00fa al confirmarse la vuelta de Franco Colapinto a la grilla\",\"datePublished\":\"2025-05-07T17:34:07+00:00\",\"dateModified\":\"2025-05-07T17:34:20+00:00\",\"mainEntityOfPage\":{\"@id\":\"https:\\\/\\\/garageblogec.com\\\/?p=2005\"},\"wordCount\":680,\"commentCount\":0,\"publisher\":{\"@id\":\"https:\\\/\\\/garageblogec.com\\\/#organization\"},\"image\":{\"@id\":\"https:\\\/\\\/garageblogec.com\\\/?p=2005#primaryimage\"},\"thumbnailUrl\":\"https:\\\/\\\/garageblogec.com\\\/wp-content\\\/uploads\\\/2025\\\/05\\\/555.png\",\"articleSection\":[\"Industria Nacional\"],\"inLanguage\":\"es\",\"potentialAction\":[{\"@type\":\"CommentAction\",\"name\":\"Comment\",\"target\":[\"https:\\\/\\\/garageblogec.com\\\/?p=2005#respond\"]}]},{\"@type\":\"WebPage\",\"@id\":\"https:\\\/\\\/garageblogec.com\\\/?p=2005\",\"url\":\"https:\\\/\\\/garageblogec.com\\\/?p=2005\",\"name\":\"El inesperado gui\u00f1o viral de la F\u00f3rmula 1 a Per\u00fa al confirmarse la vuelta de Franco Colapinto a la grilla - Garage Blog Ecuador\",\"isPartOf\":{\"@id\":\"https:\\\/\\\/garageblogec.com\\\/#website\"},\"primaryImageOfPage\":{\"@id\":\"https:\\\/\\\/garageblogec.com\\\/?p=2005#primaryimage\"},\"image\":{\"@id\":\"https:\\\/\\\/garageblogec.com\\\/?p=2005#primaryimage\"},\"thumbnailUrl\":\"https:\\\/\\\/garageblogec.com\\\/wp-content\\\/uploads\\\/2025\\\/05\\\/555.png\",\"datePublished\":\"2025-05-07T17:34:07+00:00\",\"dateModified\":\"2025-05-07T17:34:20+00:00\",\"breadcrumb\":{\"@id\":\"https:\\\/\\\/garageblogec.com\\\/?p=2005#breadcrumb\"},\"inLanguage\":\"es\",\"potentialAction\":[{\"@type\":\"ReadAction\",\"target\":[\"https:\\\/\\\/garageblogec.com\\\/?p=2005\"]}]},{\"@type\":\"ImageObject\",\"inLanguage\":\"es\",\"@id\":\"https:\\\/\\\/garageblogec.com\\\/?p=2005#primaryimage\",\"url\":\"https:\\\/\\\/garageblogec.com\\\/wp-content\\\/uploads\\\/2025\\\/05\\\/555.png\",\"contentUrl\":\"https:\\\/\\\/garageblogec.com\\\/wp-content\\\/uploads\\\/2025\\\/05\\\/555.png\",\"width\":733,\"height\":409},{\"@type\":\"BreadcrumbList\",\"@id\":\"https:\\\/\\\/garageblogec.com\\\/?p=2005#breadcrumb\",\"itemListElement\":[{\"@type\":\"ListItem\",\"position\":1,\"name\":\"Portada\",\"item\":\"https:\\\/\\\/garageblogec.com\\\/\"},{\"@type\":\"ListItem\",\"position\":2,\"name\":\"El inesperado gui\u00f1o viral de la F\u00f3rmula 1 a Per\u00fa al confirmarse la vuelta de Franco Colapinto a la grilla\"}]},{\"@type\":\"WebSite\",\"@id\":\"https:\\\/\\\/garageblogec.com\\\/#website\",\"url\":\"https:\\\/\\\/garageblogec.com\\\/\",\"name\":\"Garage Blog Ecuador\",\"description\":\"Alucinamos por los autos \",\"publisher\":{\"@id\":\"https:\\\/\\\/garageblogec.com\\\/#organization\"},\"potentialAction\":[{\"@type\":\"SearchAction\",\"target\":{\"@type\":\"EntryPoint\",\"urlTemplate\":\"https:\\\/\\\/garageblogec.com\\\/?s={search_term_string}\"},\"query-input\":{\"@type\":\"PropertyValueSpecification\",\"valueRequired\":true,\"valueName\":\"search_term_string\"}}],\"inLanguage\":\"es\"},{\"@type\":\"Organization\",\"@id\":\"https:\\\/\\\/garageblogec.com\\\/#organization\",\"name\":\"Garage Blog Ecuador\",\"url\":\"https:\\\/\\\/garageblogec.com\\\/\",\"logo\":{\"@type\":\"ImageObject\",\"inLanguage\":\"es\",\"@id\":\"https:\\\/\\\/garageblogec.com\\\/#\\\/schema\\\/logo\\\/image\\\/\",\"url\":\"https:\\\/\\\/garageblogec.com\\\/wp-content\\\/uploads\\\/2024\\\/02\\\/cropped-logo-png-para-blog.webp\",\"contentUrl\":\"https:\\\/\\\/garageblogec.com\\\/wp-content\\\/uploads\\\/2024\\\/02\\\/cropped-logo-png-para-blog.webp\",\"width\":840,\"height\":556,\"caption\":\"Garage Blog Ecuador \"},\"image\":{\"@id\":\"https:\\\/\\\/garageblogec.com\\\/#\\\/schema\\\/logo\\\/image\\\/\"}},{\"@type\":\"Person\",\"@id\":\"https:\\\/\\\/garageblogec.com\\\/#\\\/schema\\\/person\\\/635f4b76c0cb3e43b82fe6f7d8bcceea\",\"name\":\"gabi1212\",\"image\":{\"@type\":\"ImageObject\",\"inLanguage\":\"es\",\"@id\":\"https:\\\/\\\/secure.gravatar.com\\\/avatar\\\/6aa491f45cb359d4d6dd8c430e83f78899c80569c27d21156e19bbdcd31d1811?s=96&d=mm&r=g\",\"url\":\"https:\\\/\\\/secure.gravatar.com\\\/avatar\\\/6aa491f45cb359d4d6dd8c430e83f78899c80569c27d21156e19bbdcd31d1811?s=96&d=mm&r=g\",\"contentUrl\":\"https:\\\/\\\/secure.gravatar.com\\\/avatar\\\/6aa491f45cb359d4d6dd8c430e83f78899c80569c27d21156e19bbdcd31d1811?s=96&d=mm&r=g\",\"caption\":\"gabi1212\"},\"url\":\"https:\\\/\\\/garageblogec.com\\\/?author=6\"}]}<\/script>\n<!-- \/ Yoast SEO plugin. -->","yoast_head_json":{"title":"El inesperado gui\u00f1o viral de la F\u00f3rmula 1 a Per\u00fa al confirmarse la vuelta de Franco Colapinto a la grilla - Garage Blog Ecuador","robots":{"index":"index","follow":"follow","max-snippet":"max-snippet:-1","max-image-preview":"max-image-preview:large","max-video-preview":"max-video-preview:-1"},"canonical":"https:\/\/garageblogec.com\/?p=2005","og_locale":"es_ES","og_type":"article","og_title":"El inesperado gui\u00f1o viral de la F\u00f3rmula 1 a Per\u00fa al confirmarse la vuelta de Franco Colapinto a la grilla - Garage Blog Ecuador","og_description":"En redes sociales, una publicaci\u00f3n oficial de la competencia menciona a Per\u00fa. Esto se dio luego de que Alpine confirm\u00f3 a Colapinto como reemplazo de Jack Doohan.","og_url":"https:\/\/garageblogec.com\/?p=2005","og_site_name":"Garage Blog Ecuador","article_published_time":"2025-05-07T17:34:07+00:00","article_modified_time":"2025-05-07T17:34:20+00:00","og_image":[{"width":733,"height":409,"url":"https:\/\/garageblogec.com\/wp-content\/uploads\/2025\/05\/555.png","type":"image\/png"}],"author":"gabi1212","twitter_card":"summary_large_image","twitter_misc":{"Escrito por":"gabi1212","Tiempo de lectura":"4 minutos"},"schema":{"@context":"https:\/\/schema.org","@graph":[{"@type":"Article","@id":"https:\/\/garageblogec.com\/?p=2005#article","isPartOf":{"@id":"https:\/\/garageblogec.com\/?p=2005"},"author":{"name":"gabi1212","@id":"https:\/\/garageblogec.com\/#\/schema\/person\/635f4b76c0cb3e43b82fe6f7d8bcceea"},"headline":"El inesperado gui\u00f1o viral de la F\u00f3rmula 1 a Per\u00fa al confirmarse la vuelta de Franco Colapinto a la grilla","datePublished":"2025-05-07T17:34:07+00:00","dateModified":"2025-05-07T17:34:20+00:00","mainEntityOfPage":{"@id":"https:\/\/garageblogec.com\/?p=2005"},"wordCount":680,"commentCount":0,"publisher":{"@id":"https:\/\/garageblogec.com\/#organization"},"image":{"@id":"https:\/\/garageblogec.com\/?p=2005#primaryimage"},"thumbnailUrl":"https:\/\/garageblogec.com\/wp-content\/uploads\/2025\/05\/555.png","articleSection":["Industria Nacional"],"inLanguage":"es","potentialAction":[{"@type":"CommentAction","name":"Comment","target":["https:\/\/garageblogec.com\/?p=2005#respond"]}]},{"@type":"WebPage","@id":"https:\/\/garageblogec.com\/?p=2005","url":"https:\/\/garageblogec.com\/?p=2005","name":"El inesperado gui\u00f1o viral de la F\u00f3rmula 1 a Per\u00fa al confirmarse la vuelta de Franco Colapinto a la grilla - Garage Blog Ecuador","isPartOf":{"@id":"https:\/\/garageblogec.com\/#website"},"primaryImageOfPage":{"@id":"https:\/\/garageblogec.com\/?p=2005#primaryimage"},"image":{"@id":"https:\/\/garageblogec.com\/?p=2005#primaryimage"},"thumbnailUrl":"https:\/\/garageblogec.com\/wp-content\/uploads\/2025\/05\/555.png","datePublished":"2025-05-07T17:34:07+00:00","dateModified":"2025-05-07T17:34:20+00:00","breadcrumb":{"@id":"https:\/\/garageblogec.com\/?p=2005#breadcrumb"},"inLanguage":"es","potentialAction":[{"@type":"ReadAction","target":["https:\/\/garageblogec.com\/?p=2005"]}]},{"@type":"ImageObject","inLanguage":"es","@id":"https:\/\/garageblogec.com\/?p=2005#primaryimage","url":"https:\/\/garageblogec.com\/wp-content\/uploads\/2025\/05\/555.png","contentUrl":"https:\/\/garageblogec.com\/wp-content\/uploads\/2025\/05\/555.png","width":733,"height":409},{"@type":"BreadcrumbList","@id":"https:\/\/garageblogec.com\/?p=2005#breadcrumb","itemListElement":[{"@type":"ListItem","position":1,"name":"Portada","item":"https:\/\/garageblogec.com\/"},{"@type":"ListItem","position":2,"name":"El inesperado gui\u00f1o viral de la F\u00f3rmula 1 a Per\u00fa al confirmarse la vuelta de Franco Colapinto a la grilla"}]},{"@type":"WebSite","@id":"https:\/\/garageblogec.com\/#website","url":"https:\/\/garageblogec.com\/","name":"Garage Blog Ecuador","description":"Alucinamos por los autos ","publisher":{"@id":"https:\/\/garageblogec.com\/#organization"},"potentialAction":[{"@type":"SearchAction","target":{"@type":"EntryPoint","urlTemplate":"https:\/\/garageblogec.com\/?s={search_term_string}"},"query-input":{"@type":"PropertyValueSpecification","valueRequired":true,"valueName":"search_term_string"}}],"inLanguage":"es"},{"@type":"Organization","@id":"https:\/\/garageblogec.com\/#organization","name":"Garage Blog Ecuador","url":"https:\/\/garageblogec.com\/","logo":{"@type":"ImageObject","inLanguage":"es","@id":"https:\/\/garageblogec.com\/#\/schema\/logo\/image\/","url":"https:\/\/garageblogec.com\/wp-content\/uploads\/2024\/02\/cropped-logo-png-para-blog.webp","contentUrl":"https:\/\/garageblogec.com\/wp-content\/uploads\/2024\/02\/cropped-logo-png-para-blog.webp","width":840,"height":556,"caption":"Garage Blog Ecuador "},"image":{"@id":"https:\/\/garageblogec.com\/#\/schema\/logo\/image\/"}},{"@type":"Person","@id":"https:\/\/garageblogec.com\/#\/schema\/person\/635f4b76c0cb3e43b82fe6f7d8bcceea","name":"gabi1212","image":{"@type":"ImageObject","inLanguage":"es","@id":"https:\/\/secure.gravatar.com\/avatar\/6aa491f45cb359d4d6dd8c430e83f78899c80569c27d21156e19bbdcd31d1811?s=96&d=mm&r=g","url":"https:\/\/secure.gravatar.com\/avatar\/6aa491f45cb359d4d6dd8c430e83f78899c80569c27d21156e19bbdcd31d1811?s=96&d=mm&r=g","contentUrl":"https:\/\/secure.gravatar.com\/avatar\/6aa491f45cb359d4d6dd8c430e83f78899c80569c27d21156e19bbdcd31d1811?s=96&d=mm&r=g","caption":"gabi1212"},"url":"https:\/\/garageblogec.com\/?author=6"}]}},"jetpack_featured_media_url":"https:\/\/garageblogec.com\/wp-content\/uploads\/2025\/05\/555.png","jetpack_sharing_enabled":true,"_links":{"self":[{"href":"https:\/\/garageblogec.com\/index.php?rest_route=\/wp\/v2\/posts\/2005","targetHints":{"allow":["GET"]}}],"collection":[{"href":"https:\/\/garageblogec.com\/index.php?rest_route=\/wp\/v2\/posts"}],"about":[{"href":"https:\/\/garageblogec.com\/index.php?rest_route=\/wp\/v2\/types\/post"}],"author":[{"embeddable":true,"href":"https:\/\/garageblogec.com\/index.php?rest_route=\/wp\/v2\/users\/6"}],"replies":[{"embeddable":true,"href":"https:\/\/garageblogec.com\/index.php?rest_route=%2Fwp%2Fv2%2Fcomments&post=2005"}],"version-history":[{"count":1,"href":"https:\/\/garageblogec.com\/index.php?rest_route=\/wp\/v2\/posts\/2005\/revisions"}],"predecessor-version":[{"id":2007,"href":"https:\/\/garageblogec.com\/index.php?rest_route=\/wp\/v2\/posts\/2005\/revisions\/2007"}],"wp:featuredmedia":[{"embeddable":true,"href":"https:\/\/garageblogec.com\/index.php?rest_route=\/wp\/v2\/media\/2006"}],"wp:attachment":[{"href":"https:\/\/garageblogec.com\/index.php?rest_route=%2Fwp%2Fv2%2Fmedia&parent=2005"}],"wp:term":[{"taxonomy":"category","embeddable":true,"href":"https:\/\/garageblogec.com\/index.php?rest_route=%2Fwp%2Fv2%2Fcategories&post=2005"},{"taxonomy":"post_tag","embeddable":true,"href":"https:\/\/garageblogec.com\/index.php?rest_route=%2Fwp%2Fv2%2Ftags&post=2005"}],"curies":[{"name":"wp","href":"https:\/\/api.w.org\/{rel}","templated":true}]}}