{"id":2002,"date":"2025-05-07T17:16:22","date_gmt":"2025-05-07T17:16:22","guid":{"rendered":"https:\/\/garageblogec.com\/?p=2002"},"modified":"2025-05-07T17:16:34","modified_gmt":"2025-05-07T17:16:34","slug":"el-vehiculo-electrico-estadounidense-de-mitsubishi-sera-un-nissan-disfrazado","status":"publish","type":"post","link":"https:\/\/garageblogec.com\/?p=2002","title":{"rendered":"El veh\u00edculo el\u00e9ctrico estadounidense de Mitsubishi ser\u00e1 un Nissan disfrazado"},"content":{"rendered":"\n<p>Mitsubishi est\u00e1 redoblando su apuesta por los veh\u00edculos el\u00e9ctricos con dos nuevos modelos el\u00e9ctricos en el horizonte, ambos con llegada prevista para la segunda mitad de 2026, cada uno dirigido a un mercado diferente. En primer lugar, un crossover el\u00e9ctrico inspirado en el pr\u00f3ximo Nissan Leaf, que se ofrecer\u00e1 en Norteam\u00e9rica. Adem\u00e1s,\u00a0Mitsubishi\u00a0se est\u00e1 asociando con Foxconn para desarrollar un veh\u00edculo el\u00e9ctrico independiente dirigido al mercado australiano.<\/p>\n\n\n\n<figure class=\"wp-block-image size-large\"><img decoding=\"async\" src=\"https:\/\/www.carscoops.com\/wp-content\/uploads\/webp\/2025\/05\/53gt6g563g563t-1536x864.webp\" alt=\"\"\/><\/figure>\n\n\n\n<p>Se espera que el crossover basado en el Leaf llegue a los concesionarios de EE. UU. y Canad\u00e1 en el verano de 2026. Como sugiere el avance oficial, se asemejar\u00e1 mucho al nuevo\u00a0Nissan Leaf\u00a0, adoptando una silueta de crossover similar con una l\u00ednea de techo inclinada y una iluminaci\u00f3n LED id\u00e9ntica. Por ahora, no est\u00e1 claro si habr\u00e1 otras diferencias notables entre este Mitsubishi EV y su hom\u00f3logo Nissan, aparte de las insignias de Mitsubishi.<\/p>\n\n\n\n<p><strong>Caracter\u00edsticas principales del veh\u00edculo el\u00e9ctrico basado en Leaf<\/strong><\/p>\n\n\n\n<p>Este nuevo veh\u00edculo el\u00e9ctrico se basar\u00e1 en la plataforma CMF-EV, la misma que se encuentra en el pr\u00f3ximo Nissan Leaf, y contar\u00e1 con un solo motor el\u00e9ctrico. Esto significa que, al igual que el Nissan Ariya, un poco m\u00e1s grande,\u00a0no habr\u00e1 opci\u00f3n de tracci\u00f3n total\u00a0. Sin embargo, Mitsubishi ha confirmado que el modelo basado en el Leaf incluir\u00e1 un puerto de carga NACS y aspira a una autonom\u00eda de m\u00e1s de 482 km (300 millas).<\/p>\n\n\n\n<figure class=\"wp-block-image size-full\"><a href=\"https:\/\/www.kia.com\/ec\/showroom\/kia_ev3\/features.html\"><img fetchpriority=\"high\" decoding=\"async\" width=\"800\" height=\"222\" src=\"https:\/\/garageblogec.com\/wp-content\/uploads\/2025\/04\/7gif1080X300peso-ezgif.com-video-to-webp-converter.webp\" alt=\"\" class=\"wp-image-1923\"\/><\/a><\/figure>\n\n\n\n<p>A cambio, Mitsubishi colabora con Nissan con una versi\u00f3n h\u00edbrida enchufable del Nissan Rogue (X-Trail), que se espera llegue en 2026 como una versi\u00f3n rebautizada del\u00a0Mitsubishi Outlander PHEV\u00a0. El Rogue h\u00edbrido enchufable se presentar\u00e1 junto a las variantes de gasolina e h\u00edbridas autocargables, con diferentes detalles de estilo que las diferencian. El objetivo de Mitsubishi, por supuesto, es fortalecer su colaboraci\u00f3n con Nissan a trav\u00e9s de veh\u00edculos electrificados.<\/p>\n\n\n\n<figure class=\"wp-block-image size-large\"><img decoding=\"async\" src=\"https:\/\/www.carscoops.com\/wp-content\/uploads\/webp\/2025\/05\/Mitsubishi-Nissan-Leaf-3-1536x864.webp\" alt=\"\"\/><\/figure>\n\n\n\n<p>Adem\u00e1s de ampliar su gama de veh\u00edculos el\u00e9ctricos, el plan Momentum 2030 de Mitsubishi tambi\u00e9n incluye un nuevo enfoque de\u00a0ventas\u00a0minoristas y una red de concesionarios m\u00e1s amplia en Norteam\u00e9rica. Esta iniciativa busca impulsar las ventas en toda la regi\u00f3n.<\/p>\n\n\n\n<p><strong>Nuevo veh\u00edculo el\u00e9ctrico desarrollado por Foxtron para Australia<\/strong><\/p>\n\n\n\n<p>Mitsubishi tambi\u00e9n ha firmado un memorando de entendimiento con Foxtron, filial de veh\u00edculos el\u00e9ctricos del gigante tecnol\u00f3gico Foxconn, lo que confirma\u00a0informes previos sobre una posible colaboraci\u00f3n\u00a0. El resultado ser\u00e1 un nuevo veh\u00edculo el\u00e9ctrico Mitsubishi, desarrollado por Foxtron y fabricado por Yulon Motor en Taiw\u00e1n.<\/p>\n\n\n\n<figure class=\"wp-block-image size-large\"><img decoding=\"async\" src=\"https:\/\/www.carscoops.com\/wp-content\/uploads\/webp\/2022\/11\/Foxconn-1a-1536x832.webp\" alt=\"\"\/><\/figure>\n\n\n\n<p>El modelo, a\u00fan sin nombre, se lanzar\u00e1 en Australia y Nueva Zelanda en el segundo semestre de 2026. Mitsubishi afirma que tendr\u00e1 un excelente rendimiento de conducci\u00f3n como veh\u00edculo el\u00e9ctrico y que estar\u00e1 equipado con un avanzado sistema de infoentretenimiento. Aunque no est\u00e1 confirmado, el nuevo modelo podr\u00eda ser una versi\u00f3n rebautizada del\u00a0Foxtron Model B, dise\u00f1ado por Pininfarina\u00a0y presentado por primera vez en 2022.<\/p>\n\n\n\n<p>Aunque el acuerdo parece estar casi cerrado, tanto Mitsubishi como Foxtron han declarado que continuar\u00e1n las negociaciones antes de cerrarlo. Adem\u00e1s del veh\u00edculo el\u00e9ctrico desarrollado por Foxtron para Ocean\u00eda, la estrategia m\u00e1s amplia de Mitsubishi incluye modelos propios para la ASEAN, modelos basados \u200b\u200ben Renault para Europa y modelos basados \u200b\u200ben Nissan para Norteam\u00e9rica.<\/p>\n\n\n<div class='pt-cv-wrapper'> <h3 class='pt-cv-heading-container heading1' data-blockid='brpvbe95'><span class='pt-cv-heading'> Overlay1 <\/span><\/h3><div class=\"pt-cv-view pt-cv-overlaygrid iscvblock iscvreal overlay1 layout1\" id=\"pt-cv-view-brpvbe95\"><div data-id=\"pt-cv-page-1\" class=\"pt-cv-page\" data-cvc=\"3\"><div class=\" pt-cv-content-item pt-cv-1-col\" ><div class=\"pt-cv-thumb-wrapper  \"><a href=\"https:\/\/garageblogec.com\/?p=3303\" class=\"_self pt-cv-href-thumbnail pt-cv-thumb-default\" target=\"_self\" ><img decoding=\"async\" width=\"768\" height=\"432\" src=\"https:\/\/garageblogec.com\/wp-content\/uploads\/2026\/04\/WhatsApp-Image-2026-04-21-at-1.52.53-PM-768x432.jpeg\" class=\"pt-cv-thumbnail\" alt=\"\" \/><\/a><\/div>\n<div class=\"pt-cv-overlay-wrapper\"><div class=\"pt-cv-taxoterm above_title\"><a href='https:\/\/garageblogec.com\/?cat=27' title='Industria Nacional' class='pt-cv-tax-industria-nacional'>Industria Nacional<\/a><\/div><h4 class=\"pt-cv-title\"><a href=\"https:\/\/garageblogec.com\/?p=3303\" class=\"_self\" target=\"_self\" >Grupo Ambacar presenta en Guayaquil KGM, su nueva marca de SUV h\u00edbridos con respaldo global<\/a><\/h4><div class=\"pt-cv-meta-fields\"><span class=\"entry-date\"> <time datetime=\"2026-04-21T21:37:24+00:00\">abril 21, 2026<\/time><\/span><span> \/ <\/span><span class=\"author\"> <a href=\"https:\/\/garageblogec.com\/?author=6\" rel=\"author\">gabi1212<\/a><\/span><\/div><\/div><\/div>\n<div class=\" pt-cv-content-item pt-cv-1-col\" ><div class=\"pt-cv-thumb-wrapper  \"><a href=\"https:\/\/garageblogec.com\/?p=3296\" class=\"_self pt-cv-href-thumbnail pt-cv-thumb-default\" target=\"_self\" ><img decoding=\"async\" width=\"768\" height=\"432\" src=\"https:\/\/garageblogec.com\/wp-content\/uploads\/2026\/04\/WhatsApp-Image-2026-04-14-at-3.15.09-PM-768x432.jpeg\" class=\"pt-cv-thumbnail\" alt=\"\" \/><\/a><\/div>\n<div class=\"pt-cv-overlay-wrapper\"><div class=\"pt-cv-taxoterm above_title\"><a href='https:\/\/garageblogec.com\/?cat=27' title='Industria Nacional' class='pt-cv-tax-industria-nacional'>Industria Nacional<\/a><\/div><h4 class=\"pt-cv-title\"><a href=\"https:\/\/garageblogec.com\/?p=3296\" class=\"_self\" target=\"_self\" >El tablero desapareci\u00f3, ahora el auto es una pantalla inteligente<\/a><\/h4><div class=\"pt-cv-meta-fields\"><span class=\"entry-date\"> <time datetime=\"2026-04-14T20:21:20+00:00\">abril 14, 2026<\/time><\/span><span> \/ <\/span><span class=\"author\"> <a href=\"https:\/\/garageblogec.com\/?author=6\" rel=\"author\">gabi1212<\/a><\/span><\/div><\/div><\/div>\n<div class=\" pt-cv-content-item pt-cv-1-col\" ><div class=\"pt-cv-thumb-wrapper  \"><a href=\"https:\/\/garageblogec.com\/?p=3291\" class=\"_self pt-cv-href-thumbnail pt-cv-thumb-default\" target=\"_self\" ><img loading=\"lazy\" decoding=\"async\" width=\"768\" height=\"432\" src=\"https:\/\/garageblogec.com\/wp-content\/uploads\/2026\/04\/WhatsApp-Image-2026-04-14-at-2.21.27-PM-768x432.jpeg\" class=\"pt-cv-thumbnail\" alt=\"\" \/><\/a><\/div>\n<div class=\"pt-cv-overlay-wrapper\"><div class=\"pt-cv-taxoterm above_title\"><a href='https:\/\/garageblogec.com\/?cat=27' title='Industria Nacional' class='pt-cv-tax-industria-nacional'>Industria Nacional<\/a><\/div><h4 class=\"pt-cv-title\"><a href=\"https:\/\/garageblogec.com\/?p=3291\" class=\"_self\" target=\"_self\" >Seguridad al volante en Ecuador: los errores m\u00e1s comunes que cometen los conductores<\/a><\/h4><div class=\"pt-cv-meta-fields\"><span class=\"entry-date\"> <time datetime=\"2026-04-14T20:08:54+00:00\">abril 14, 2026<\/time><\/span><span> \/ <\/span><span class=\"author\"> <a href=\"https:\/\/garageblogec.com\/?author=6\" rel=\"author\">gabi1212<\/a><\/span><\/div><\/div><\/div>\n<div class=\" pt-cv-content-item pt-cv-1-col\" ><div class=\"pt-cv-thumb-wrapper  \"><a href=\"https:\/\/garageblogec.com\/?p=3286\" class=\"_self pt-cv-href-thumbnail pt-cv-thumb-default\" target=\"_self\" ><img loading=\"lazy\" decoding=\"async\" width=\"768\" height=\"492\" src=\"https:\/\/garageblogec.com\/wp-content\/uploads\/2026\/04\/Posventa.jpg-768x492.jpeg\" class=\"pt-cv-thumbnail\" alt=\"\" \/><\/a><\/div>\n<div class=\"pt-cv-overlay-wrapper\"><div class=\"pt-cv-taxoterm above_title\"><a href='https:\/\/garageblogec.com\/?cat=27' title='Industria Nacional' class='pt-cv-tax-industria-nacional'>Industria Nacional<\/a><\/div><h4 class=\"pt-cv-title\"><a href=\"https:\/\/garageblogec.com\/?p=3286\" class=\"_self\" target=\"_self\" >Clientes Nissan reciben cambios de aceite infinitos<\/a><\/h4><div class=\"pt-cv-meta-fields\"><span class=\"entry-date\"> <time datetime=\"2026-04-14T20:04:08+00:00\">abril 14, 2026<\/time><\/span><span> \/ <\/span><span class=\"author\"> <a href=\"https:\/\/garageblogec.com\/?author=6\" rel=\"author\">gabi1212<\/a><\/span><\/div><\/div><\/div>\n<div class=\" pt-cv-content-item pt-cv-1-col\" ><div class=\"pt-cv-thumb-wrapper  \"><a href=\"https:\/\/garageblogec.com\/?p=3280\" class=\"_self pt-cv-href-thumbnail pt-cv-thumb-default\" target=\"_self\" ><img loading=\"lazy\" decoding=\"async\" width=\"768\" height=\"512\" src=\"https:\/\/garageblogec.com\/wp-content\/uploads\/2026\/04\/foto1-768x512.jpeg\" class=\"pt-cv-thumbnail\" alt=\"\" \/><\/a><\/div>\n<div class=\"pt-cv-overlay-wrapper\"><div class=\"pt-cv-taxoterm above_title\"><a href='https:\/\/garageblogec.com\/?cat=27' title='Industria Nacional' class='pt-cv-tax-industria-nacional'>Industria Nacional<\/a><\/div><h4 class=\"pt-cv-title\"><a href=\"https:\/\/garageblogec.com\/?p=3280\" class=\"_self\" target=\"_self\" >Movilidad como inversi\u00f3n: el uso de utilidades que crece en Ecuador<\/a><\/h4><div class=\"pt-cv-meta-fields\"><span class=\"entry-date\"> <time datetime=\"2026-04-07T19:55:36+00:00\">abril 7, 2026<\/time><\/span><span> \/ <\/span><span class=\"author\"> <a href=\"https:\/\/garageblogec.com\/?author=6\" rel=\"author\">gabi1212<\/a><\/span><\/div><\/div><\/div>\n<div class=\" pt-cv-content-item pt-cv-1-col\" ><div class=\"pt-cv-thumb-wrapper  \"><a href=\"https:\/\/garageblogec.com\/?p=3276\" class=\"_self pt-cv-href-thumbnail pt-cv-thumb-default\" target=\"_self\" ><img loading=\"lazy\" decoding=\"async\" width=\"745\" height=\"491\" src=\"https:\/\/garageblogec.com\/wp-content\/uploads\/2026\/04\/TT.png\" class=\"pt-cv-thumbnail\" alt=\"\" \/><\/a><\/div>\n<div class=\"pt-cv-overlay-wrapper\"><div class=\"pt-cv-taxoterm above_title\"><a href='https:\/\/garageblogec.com\/?cat=27' title='Industria Nacional' class='pt-cv-tax-industria-nacional'>Industria Nacional<\/a><\/div><h4 class=\"pt-cv-title\"><a href=\"https:\/\/garageblogec.com\/?p=3276\" class=\"_self\" target=\"_self\" >Lluvias en Ecuador: C\u00f3mo reducir riesgos en carretera y prevenir accidentes en calzada mojada<\/a><\/h4><div class=\"pt-cv-meta-fields\"><span class=\"entry-date\"> <time datetime=\"2026-04-07T19:46:52+00:00\">abril 7, 2026<\/time><\/span><span> \/ <\/span><span class=\"author\"> <a href=\"https:\/\/garageblogec.com\/?author=6\" rel=\"author\">gabi1212<\/a><\/span><\/div><\/div><\/div><\/div><\/div> <\/div> <style>\n#pt-cv-view-brpvbe95 .pt-cv-thumb-wrapper::before {background: rgba(0,0,0,.4); opacity: 0.8;}#pt-cv-view-brpvbe95 .pt-cv-overlay-wrapper {justify-content: center;}\n#pt-cv-view-brpvbe95 .pt-cv-meta-fields {  }#pt-cv-view-brpvbe95 .pt-cv-meta-fields * { font-size: 13px; }#pt-cv-view-brpvbe95 .pt-cv-title a { display: block; }#pt-cv-view-brpvbe95 .pt-cv-title:not(.pt-cv-titlesm) a { font-weight: 600;text-decoration: none;font-size: 20px; }#pt-cv-view-brpvbe95 .pt-cv-titlesm a { font-weight: 600;font-size: 18px; }#pt-cv-view-brpvbe95 .pt-cv-content { font-size: 15px; }#pt-cv-view-brpvbe95 .pt-cv-rmwrap {  }#pt-cv-view-brpvbe95 .pt-cv-readmore { color: #fff;background-color: #0075ff;font-size: 14px; }#pt-cv-view-brpvbe95 .pt-cv-taxoterm { margin: 0px 0px 20px 0px; }#pt-cv-view-brpvbe95 .pt-cv-taxoterm * { color: #222;background-color: #fff6f6;font-size: 14px; }#pt-cv-view-brpvbe95 + .pt-cv-pagination-wrapper {  }#pt-cv-view-brpvbe95 + .pt-cv-pagination-wrapper a { font-size: 14px; }#pt-cv-view-brpvbe95 > .pt-cv-page {grid-template-columns: repeat(3, 1fr);grid-auto-rows: 250px;grid-gap: 10px;}\n@media all and (max-width: 1024px) { \n#pt-cv-view-brpvbe95 > .pt-cv-page {}\n} \n@media all and (max-width: 767px) { \n#pt-cv-view-brpvbe95 > .pt-cv-page {grid-template-columns: repeat(1, 1fr);}\n} <\/style>","protected":false},"excerpt":{"rendered":"<p>Mitsubishi ampliar\u00e1 su l\u00ednea global de veh\u00edculos el\u00e9ctricos aprovechando las asociaciones con otros fabricantes de autom\u00f3viles, incluido Foxconn, para un veh\u00edculo el\u00e9ctrico australiano.<\/p>\n","protected":false},"author":6,"featured_media":2003,"comment_status":"open","ping_status":"open","sticky":false,"template":"","format":"standard","meta":{"_jetpack_memberships_contains_paid_content":false,"footnotes":""},"categories":[27],"tags":[],"class_list":["post-2002","post","type-post","status-publish","format-standard","has-post-thumbnail","hentry","category-industria-nacional"],"yoast_head":"<!-- This site is optimized with the Yoast SEO plugin v27.5 - https:\/\/yoast.com\/product\/yoast-seo-wordpress\/ -->\n<title>El veh\u00edculo el\u00e9ctrico estadounidense de Mitsubishi ser\u00e1 un Nissan disfrazado - Garage Blog Ecuador<\/title>\n<meta name=\"robots\" content=\"index, follow, max-snippet:-1, max-image-preview:large, max-video-preview:-1\" \/>\n<link rel=\"canonical\" href=\"https:\/\/garageblogec.com\/?p=2002\" \/>\n<meta property=\"og:locale\" content=\"es_ES\" \/>\n<meta property=\"og:type\" content=\"article\" \/>\n<meta property=\"og:title\" content=\"El veh\u00edculo el\u00e9ctrico estadounidense de Mitsubishi ser\u00e1 un Nissan disfrazado - Garage Blog Ecuador\" \/>\n<meta property=\"og:description\" content=\"Mitsubishi ampliar\u00e1 su l\u00ednea global de veh\u00edculos el\u00e9ctricos aprovechando las asociaciones con otros fabricantes de autom\u00f3viles, incluido Foxconn, para un veh\u00edculo el\u00e9ctrico australiano.\" \/>\n<meta property=\"og:url\" content=\"https:\/\/garageblogec.com\/?p=2002\" \/>\n<meta property=\"og:site_name\" content=\"Garage Blog Ecuador\" \/>\n<meta property=\"article:published_time\" content=\"2025-05-07T17:16:22+00:00\" \/>\n<meta property=\"article:modified_time\" content=\"2025-05-07T17:16:34+00:00\" \/>\n<meta property=\"og:image\" content=\"https:\/\/garageblogec.com\/wp-content\/uploads\/2025\/05\/Captura-1.png\" \/>\n\t<meta property=\"og:image:width\" content=\"992\" \/>\n\t<meta property=\"og:image:height\" content=\"567\" \/>\n\t<meta property=\"og:image:type\" content=\"image\/png\" \/>\n<meta name=\"author\" content=\"gabi1212\" \/>\n<meta name=\"twitter:card\" content=\"summary_large_image\" \/>\n<meta name=\"twitter:label1\" content=\"Escrito por\" \/>\n\t<meta name=\"twitter:data1\" content=\"gabi1212\" \/>\n\t<meta name=\"twitter:label2\" content=\"Tiempo de lectura\" \/>\n\t<meta name=\"twitter:data2\" content=\"4 minutos\" \/>\n<script type=\"application\/ld+json\" class=\"yoast-schema-graph\">{\"@context\":\"https:\\\/\\\/schema.org\",\"@graph\":[{\"@type\":\"Article\",\"@id\":\"https:\\\/\\\/garageblogec.com\\\/?p=2002#article\",\"isPartOf\":{\"@id\":\"https:\\\/\\\/garageblogec.com\\\/?p=2002\"},\"author\":{\"name\":\"gabi1212\",\"@id\":\"https:\\\/\\\/garageblogec.com\\\/#\\\/schema\\\/person\\\/635f4b76c0cb3e43b82fe6f7d8bcceea\"},\"headline\":\"El veh\u00edculo el\u00e9ctrico estadounidense de Mitsubishi ser\u00e1 un Nissan disfrazado\",\"datePublished\":\"2025-05-07T17:16:22+00:00\",\"dateModified\":\"2025-05-07T17:16:34+00:00\",\"mainEntityOfPage\":{\"@id\":\"https:\\\/\\\/garageblogec.com\\\/?p=2002\"},\"wordCount\":579,\"commentCount\":0,\"publisher\":{\"@id\":\"https:\\\/\\\/garageblogec.com\\\/#organization\"},\"image\":{\"@id\":\"https:\\\/\\\/garageblogec.com\\\/?p=2002#primaryimage\"},\"thumbnailUrl\":\"https:\\\/\\\/garageblogec.com\\\/wp-content\\\/uploads\\\/2025\\\/05\\\/Captura-1.png\",\"articleSection\":[\"Industria Nacional\"],\"inLanguage\":\"es\",\"potentialAction\":[{\"@type\":\"CommentAction\",\"name\":\"Comment\",\"target\":[\"https:\\\/\\\/garageblogec.com\\\/?p=2002#respond\"]}]},{\"@type\":\"WebPage\",\"@id\":\"https:\\\/\\\/garageblogec.com\\\/?p=2002\",\"url\":\"https:\\\/\\\/garageblogec.com\\\/?p=2002\",\"name\":\"El veh\u00edculo el\u00e9ctrico estadounidense de Mitsubishi ser\u00e1 un Nissan disfrazado - Garage Blog Ecuador\",\"isPartOf\":{\"@id\":\"https:\\\/\\\/garageblogec.com\\\/#website\"},\"primaryImageOfPage\":{\"@id\":\"https:\\\/\\\/garageblogec.com\\\/?p=2002#primaryimage\"},\"image\":{\"@id\":\"https:\\\/\\\/garageblogec.com\\\/?p=2002#primaryimage\"},\"thumbnailUrl\":\"https:\\\/\\\/garageblogec.com\\\/wp-content\\\/uploads\\\/2025\\\/05\\\/Captura-1.png\",\"datePublished\":\"2025-05-07T17:16:22+00:00\",\"dateModified\":\"2025-05-07T17:16:34+00:00\",\"breadcrumb\":{\"@id\":\"https:\\\/\\\/garageblogec.com\\\/?p=2002#breadcrumb\"},\"inLanguage\":\"es\",\"potentialAction\":[{\"@type\":\"ReadAction\",\"target\":[\"https:\\\/\\\/garageblogec.com\\\/?p=2002\"]}]},{\"@type\":\"ImageObject\",\"inLanguage\":\"es\",\"@id\":\"https:\\\/\\\/garageblogec.com\\\/?p=2002#primaryimage\",\"url\":\"https:\\\/\\\/garageblogec.com\\\/wp-content\\\/uploads\\\/2025\\\/05\\\/Captura-1.png\",\"contentUrl\":\"https:\\\/\\\/garageblogec.com\\\/wp-content\\\/uploads\\\/2025\\\/05\\\/Captura-1.png\",\"width\":992,\"height\":567},{\"@type\":\"BreadcrumbList\",\"@id\":\"https:\\\/\\\/garageblogec.com\\\/?p=2002#breadcrumb\",\"itemListElement\":[{\"@type\":\"ListItem\",\"position\":1,\"name\":\"Portada\",\"item\":\"https:\\\/\\\/garageblogec.com\\\/\"},{\"@type\":\"ListItem\",\"position\":2,\"name\":\"El veh\u00edculo el\u00e9ctrico estadounidense de Mitsubishi ser\u00e1 un Nissan disfrazado\"}]},{\"@type\":\"WebSite\",\"@id\":\"https:\\\/\\\/garageblogec.com\\\/#website\",\"url\":\"https:\\\/\\\/garageblogec.com\\\/\",\"name\":\"Garage Blog Ecuador\",\"description\":\"Alucinamos por los autos \",\"publisher\":{\"@id\":\"https:\\\/\\\/garageblogec.com\\\/#organization\"},\"potentialAction\":[{\"@type\":\"SearchAction\",\"target\":{\"@type\":\"EntryPoint\",\"urlTemplate\":\"https:\\\/\\\/garageblogec.com\\\/?s={search_term_string}\"},\"query-input\":{\"@type\":\"PropertyValueSpecification\",\"valueRequired\":true,\"valueName\":\"search_term_string\"}}],\"inLanguage\":\"es\"},{\"@type\":\"Organization\",\"@id\":\"https:\\\/\\\/garageblogec.com\\\/#organization\",\"name\":\"Garage Blog Ecuador\",\"url\":\"https:\\\/\\\/garageblogec.com\\\/\",\"logo\":{\"@type\":\"ImageObject\",\"inLanguage\":\"es\",\"@id\":\"https:\\\/\\\/garageblogec.com\\\/#\\\/schema\\\/logo\\\/image\\\/\",\"url\":\"https:\\\/\\\/garageblogec.com\\\/wp-content\\\/uploads\\\/2024\\\/02\\\/cropped-logo-png-para-blog.webp\",\"contentUrl\":\"https:\\\/\\\/garageblogec.com\\\/wp-content\\\/uploads\\\/2024\\\/02\\\/cropped-logo-png-para-blog.webp\",\"width\":840,\"height\":556,\"caption\":\"Garage Blog Ecuador \"},\"image\":{\"@id\":\"https:\\\/\\\/garageblogec.com\\\/#\\\/schema\\\/logo\\\/image\\\/\"}},{\"@type\":\"Person\",\"@id\":\"https:\\\/\\\/garageblogec.com\\\/#\\\/schema\\\/person\\\/635f4b76c0cb3e43b82fe6f7d8bcceea\",\"name\":\"gabi1212\",\"image\":{\"@type\":\"ImageObject\",\"inLanguage\":\"es\",\"@id\":\"https:\\\/\\\/secure.gravatar.com\\\/avatar\\\/6aa491f45cb359d4d6dd8c430e83f78899c80569c27d21156e19bbdcd31d1811?s=96&d=mm&r=g\",\"url\":\"https:\\\/\\\/secure.gravatar.com\\\/avatar\\\/6aa491f45cb359d4d6dd8c430e83f78899c80569c27d21156e19bbdcd31d1811?s=96&d=mm&r=g\",\"contentUrl\":\"https:\\\/\\\/secure.gravatar.com\\\/avatar\\\/6aa491f45cb359d4d6dd8c430e83f78899c80569c27d21156e19bbdcd31d1811?s=96&d=mm&r=g\",\"caption\":\"gabi1212\"},\"url\":\"https:\\\/\\\/garageblogec.com\\\/?author=6\"}]}<\/script>\n<!-- \/ Yoast SEO plugin. -->","yoast_head_json":{"title":"El veh\u00edculo el\u00e9ctrico estadounidense de Mitsubishi ser\u00e1 un Nissan disfrazado - Garage Blog Ecuador","robots":{"index":"index","follow":"follow","max-snippet":"max-snippet:-1","max-image-preview":"max-image-preview:large","max-video-preview":"max-video-preview:-1"},"canonical":"https:\/\/garageblogec.com\/?p=2002","og_locale":"es_ES","og_type":"article","og_title":"El veh\u00edculo el\u00e9ctrico estadounidense de Mitsubishi ser\u00e1 un Nissan disfrazado - Garage Blog Ecuador","og_description":"Mitsubishi ampliar\u00e1 su l\u00ednea global de veh\u00edculos el\u00e9ctricos aprovechando las asociaciones con otros fabricantes de autom\u00f3viles, incluido Foxconn, para un veh\u00edculo el\u00e9ctrico australiano.","og_url":"https:\/\/garageblogec.com\/?p=2002","og_site_name":"Garage Blog Ecuador","article_published_time":"2025-05-07T17:16:22+00:00","article_modified_time":"2025-05-07T17:16:34+00:00","og_image":[{"width":992,"height":567,"url":"https:\/\/garageblogec.com\/wp-content\/uploads\/2025\/05\/Captura-1.png","type":"image\/png"}],"author":"gabi1212","twitter_card":"summary_large_image","twitter_misc":{"Escrito por":"gabi1212","Tiempo de lectura":"4 minutos"},"schema":{"@context":"https:\/\/schema.org","@graph":[{"@type":"Article","@id":"https:\/\/garageblogec.com\/?p=2002#article","isPartOf":{"@id":"https:\/\/garageblogec.com\/?p=2002"},"author":{"name":"gabi1212","@id":"https:\/\/garageblogec.com\/#\/schema\/person\/635f4b76c0cb3e43b82fe6f7d8bcceea"},"headline":"El veh\u00edculo el\u00e9ctrico estadounidense de Mitsubishi ser\u00e1 un Nissan disfrazado","datePublished":"2025-05-07T17:16:22+00:00","dateModified":"2025-05-07T17:16:34+00:00","mainEntityOfPage":{"@id":"https:\/\/garageblogec.com\/?p=2002"},"wordCount":579,"commentCount":0,"publisher":{"@id":"https:\/\/garageblogec.com\/#organization"},"image":{"@id":"https:\/\/garageblogec.com\/?p=2002#primaryimage"},"thumbnailUrl":"https:\/\/garageblogec.com\/wp-content\/uploads\/2025\/05\/Captura-1.png","articleSection":["Industria Nacional"],"inLanguage":"es","potentialAction":[{"@type":"CommentAction","name":"Comment","target":["https:\/\/garageblogec.com\/?p=2002#respond"]}]},{"@type":"WebPage","@id":"https:\/\/garageblogec.com\/?p=2002","url":"https:\/\/garageblogec.com\/?p=2002","name":"El veh\u00edculo el\u00e9ctrico estadounidense de Mitsubishi ser\u00e1 un Nissan disfrazado - Garage Blog Ecuador","isPartOf":{"@id":"https:\/\/garageblogec.com\/#website"},"primaryImageOfPage":{"@id":"https:\/\/garageblogec.com\/?p=2002#primaryimage"},"image":{"@id":"https:\/\/garageblogec.com\/?p=2002#primaryimage"},"thumbnailUrl":"https:\/\/garageblogec.com\/wp-content\/uploads\/2025\/05\/Captura-1.png","datePublished":"2025-05-07T17:16:22+00:00","dateModified":"2025-05-07T17:16:34+00:00","breadcrumb":{"@id":"https:\/\/garageblogec.com\/?p=2002#breadcrumb"},"inLanguage":"es","potentialAction":[{"@type":"ReadAction","target":["https:\/\/garageblogec.com\/?p=2002"]}]},{"@type":"ImageObject","inLanguage":"es","@id":"https:\/\/garageblogec.com\/?p=2002#primaryimage","url":"https:\/\/garageblogec.com\/wp-content\/uploads\/2025\/05\/Captura-1.png","contentUrl":"https:\/\/garageblogec.com\/wp-content\/uploads\/2025\/05\/Captura-1.png","width":992,"height":567},{"@type":"BreadcrumbList","@id":"https:\/\/garageblogec.com\/?p=2002#breadcrumb","itemListElement":[{"@type":"ListItem","position":1,"name":"Portada","item":"https:\/\/garageblogec.com\/"},{"@type":"ListItem","position":2,"name":"El veh\u00edculo el\u00e9ctrico estadounidense de Mitsubishi ser\u00e1 un Nissan disfrazado"}]},{"@type":"WebSite","@id":"https:\/\/garageblogec.com\/#website","url":"https:\/\/garageblogec.com\/","name":"Garage Blog Ecuador","description":"Alucinamos por los autos ","publisher":{"@id":"https:\/\/garageblogec.com\/#organization"},"potentialAction":[{"@type":"SearchAction","target":{"@type":"EntryPoint","urlTemplate":"https:\/\/garageblogec.com\/?s={search_term_string}"},"query-input":{"@type":"PropertyValueSpecification","valueRequired":true,"valueName":"search_term_string"}}],"inLanguage":"es"},{"@type":"Organization","@id":"https:\/\/garageblogec.com\/#organization","name":"Garage Blog Ecuador","url":"https:\/\/garageblogec.com\/","logo":{"@type":"ImageObject","inLanguage":"es","@id":"https:\/\/garageblogec.com\/#\/schema\/logo\/image\/","url":"https:\/\/garageblogec.com\/wp-content\/uploads\/2024\/02\/cropped-logo-png-para-blog.webp","contentUrl":"https:\/\/garageblogec.com\/wp-content\/uploads\/2024\/02\/cropped-logo-png-para-blog.webp","width":840,"height":556,"caption":"Garage Blog Ecuador "},"image":{"@id":"https:\/\/garageblogec.com\/#\/schema\/logo\/image\/"}},{"@type":"Person","@id":"https:\/\/garageblogec.com\/#\/schema\/person\/635f4b76c0cb3e43b82fe6f7d8bcceea","name":"gabi1212","image":{"@type":"ImageObject","inLanguage":"es","@id":"https:\/\/secure.gravatar.com\/avatar\/6aa491f45cb359d4d6dd8c430e83f78899c80569c27d21156e19bbdcd31d1811?s=96&d=mm&r=g","url":"https:\/\/secure.gravatar.com\/avatar\/6aa491f45cb359d4d6dd8c430e83f78899c80569c27d21156e19bbdcd31d1811?s=96&d=mm&r=g","contentUrl":"https:\/\/secure.gravatar.com\/avatar\/6aa491f45cb359d4d6dd8c430e83f78899c80569c27d21156e19bbdcd31d1811?s=96&d=mm&r=g","caption":"gabi1212"},"url":"https:\/\/garageblogec.com\/?author=6"}]}},"jetpack_featured_media_url":"https:\/\/garageblogec.com\/wp-content\/uploads\/2025\/05\/Captura-1.png","jetpack_sharing_enabled":true,"_links":{"self":[{"href":"https:\/\/garageblogec.com\/index.php?rest_route=\/wp\/v2\/posts\/2002","targetHints":{"allow":["GET"]}}],"collection":[{"href":"https:\/\/garageblogec.com\/index.php?rest_route=\/wp\/v2\/posts"}],"about":[{"href":"https:\/\/garageblogec.com\/index.php?rest_route=\/wp\/v2\/types\/post"}],"author":[{"embeddable":true,"href":"https:\/\/garageblogec.com\/index.php?rest_route=\/wp\/v2\/users\/6"}],"replies":[{"embeddable":true,"href":"https:\/\/garageblogec.com\/index.php?rest_route=%2Fwp%2Fv2%2Fcomments&post=2002"}],"version-history":[{"count":1,"href":"https:\/\/garageblogec.com\/index.php?rest_route=\/wp\/v2\/posts\/2002\/revisions"}],"predecessor-version":[{"id":2004,"href":"https:\/\/garageblogec.com\/index.php?rest_route=\/wp\/v2\/posts\/2002\/revisions\/2004"}],"wp:featuredmedia":[{"embeddable":true,"href":"https:\/\/garageblogec.com\/index.php?rest_route=\/wp\/v2\/media\/2003"}],"wp:attachment":[{"href":"https:\/\/garageblogec.com\/index.php?rest_route=%2Fwp%2Fv2%2Fmedia&parent=2002"}],"wp:term":[{"taxonomy":"category","embeddable":true,"href":"https:\/\/garageblogec.com\/index.php?rest_route=%2Fwp%2Fv2%2Fcategories&post=2002"},{"taxonomy":"post_tag","embeddable":true,"href":"https:\/\/garageblogec.com\/index.php?rest_route=%2Fwp%2Fv2%2Ftags&post=2002"}],"curies":[{"name":"wp","href":"https:\/\/api.w.org\/{rel}","templated":true}]}}