{"id":1986,"date":"2025-05-05T16:25:17","date_gmt":"2025-05-05T16:25:17","guid":{"rendered":"https:\/\/garageblogec.com\/?p=1986"},"modified":"2025-05-05T17:13:20","modified_gmt":"2025-05-05T17:13:20","slug":"byd-presento-2-concept-cars-y-3-nuevos-modelos-en-el-auto-show-de-shanghai-2025","status":"publish","type":"post","link":"https:\/\/garageblogec.com\/?p=1986","title":{"rendered":"BYD present\u00f3 2 Concept Cars y 3 nuevos modelos en el Auto Show de Shangh\u00e1i 2025"},"content":{"rendered":"\n<p><strong>El BYD Ocean S y el BYD Dynasty D, adem\u00e1s de 3 nuevos modelos fueron las develaciones que tuvo la marca l\u00edder en venta de veh\u00edculos de nuevas energ\u00edas en la cita m\u00e1s importante de la industria, el Auto Show de Shangh\u00e1i 2025.<\/strong><\/p>\n\n\n\n<figure class=\"wp-block-image size-large\"><img decoding=\"async\" src=\"https:\/\/autosdeprimera.com\/wp-content\/uploads\/2025\/05\/byd-auto-show-shanghai-2025.jpg\" alt=\"\"\/><\/figure>\n\n\n\n<p>China se ha convertido en el epicentro de la industria automotriz en los \u00faltimos a\u00f1os y el Auto Show de Shangh\u00e1i, el Sal\u00f3n del Autom\u00f3vil m\u00e1s importante del a\u00f1o, ha confirmado que as\u00ed lo es.<\/p>\n\n\n\n<figure class=\"wp-block-image size-full\"><a href=\"https:\/\/www.kia.com\/ec\/showroom\/kia_ev3\/features.html\"><img fetchpriority=\"high\" decoding=\"async\" width=\"800\" height=\"222\" src=\"https:\/\/garageblogec.com\/wp-content\/uploads\/2025\/04\/7gif1080X300peso-ezgif.com-video-to-webp-converter.webp\" alt=\"\" class=\"wp-image-1923\"\/><\/a><\/figure>\n\n\n\n<p>En esta importante cita de la industria automotriz, todas las marcas orientales, algunas europeas y occidentales, han presentado todas sus cartas sobre la mesa, y no solo en la presentaci\u00f3n de nuevos modelos y concept, sino que tambi\u00e9n han expuesto los nuevos desarrollos tecnol\u00f3gicos que podr\u00edamos ver en los autos de producci\u00f3n en los pr\u00f3ximos a\u00f1os.<\/p>\n\n\n\n<p>En este sentido, BYD no ha sido la excepci\u00f3n y la marca l\u00edder en la producci\u00f3n y venta de veh\u00edculos de nuevas energ\u00edas present\u00f3 2 prototipos o concept cars los cuales anticipan las futuras l\u00edneas de sus modelos, adem\u00e1s de 3 nuevos productos que esperamos lleguen a Colombia y nuestra regi\u00f3n.<\/p>\n\n\n\n<p>Pero adem\u00e1s de la presentaci\u00f3n de nuevos productos, BYD tiene otras submarcas o marcas premium y de lujo que hacen parte del grupo, ellas son&nbsp;<strong>Denza<\/strong>,&nbsp;<strong>Yangwang<\/strong>&nbsp;y&nbsp;<strong>Fangchengbao<\/strong>, las cuales tambi\u00e9n se robaron el show y presentaron sus novedades.<\/p>\n\n\n\n<figure class=\"wp-block-image\"><img decoding=\"async\" src=\"https:\/\/autosdeprimera.com\/wp-content\/uploads\/2025\/05\/byd-auto-show-de-shanghai-2025.jpg\" alt=\"BYD present\u00f3 2 Concept Cars y 3 nuevos modelos en el Auto Show de Shangh\u00e1i 2025\" class=\"wp-image-83548\"\/><\/figure>\n\n\n\n<h3 class=\"wp-block-heading\"><strong>BYD Ocean-S Concept Car<\/strong><\/h3>\n\n\n\n<p>El Auto Show de Shangh\u00e1i 2025 tambi\u00e9n fue el escenario para presentar el espectacular auto concepto Ocean-S, un sed\u00e1n de gran tama\u00f1o de la marca china BYD, el cual anticipa lo que podr\u00edan ser las l\u00edneas de dise\u00f1o de sus futuros autom\u00f3viles.<\/p>\n\n\n\n<figure class=\"wp-block-image\"><img decoding=\"async\" src=\"https:\/\/autosdeprimera.com\/wp-content\/uploads\/2025\/05\/byd-auto-show-shanghai-2025.jpg\" alt=\"BYD present\u00f3 2 Concept Cars y 3 nuevos modelos en el Auto Show de Shangh\u00e1i 2025\" class=\"wp-image-83549\"\/><\/figure>\n\n\n\n<p><strong>El BYD Ocean S y el BYD Dynasty D, adem\u00e1s de 3 nuevos modelos fueron las develaciones que tuvo la marca l\u00edder en venta de veh\u00edculos de nuevas energ\u00edas en la cita m\u00e1s importante de la industria, el Auto Show de Shangh\u00e1i 2025.<\/strong><\/p>\n\n\n\n<p>China se ha convertido en el epicentro de la industria automotriz en los \u00faltimos a\u00f1os y el Auto Show de Shangh\u00e1i, el Sal\u00f3n del Autom\u00f3vil m\u00e1s importante del a\u00f1o, ha confirmado que as\u00ed lo es.<\/p>\n\n\n\n<p>En esta importante cita de la industria automotriz, todas las marcas orientales, algunas europeas y occidentales, han presentado todas sus cartas sobre la mesa, y no solo en la presentaci\u00f3n de nuevos modelos y concept, sino que tambi\u00e9n han expuesto los nuevos desarrollos tecnol\u00f3gicos que podr\u00edamos ver en los autos de producci\u00f3n en los pr\u00f3ximos a\u00f1os.<\/p>\n\n\n\n<figure class=\"wp-block-image\"><img decoding=\"async\" src=\"https:\/\/autosdeprimera.com\/wp-content\/uploads\/2025\/05\/byd-ocean-s-concept-car-auto-shanghai-2025.jpg\" alt=\"BYD present\u00f3 2 Concept Cars y 3 nuevos modelos en el Auto Show de Shangh\u00e1i 2025\" class=\"wp-image-83551\"\/><\/figure>\n\n\n\n<p>En este sentido, BYD no ha sido la excepci\u00f3n y la marca l\u00edder en la producci\u00f3n y venta de veh\u00edculos de nuevas energ\u00edas present\u00f3 2 prototipos o concept cars los cuales anticipan las futuras l\u00edneas de sus modelos, adem\u00e1s de 3 nuevos productos que esperamos lleguen a Colombia y nuestra regi\u00f3n.<\/p>\n\n\n\n<p>Pero adem\u00e1s de la presentaci\u00f3n de nuevos productos, BYD tiene otras submarcas o marcas premium y de lujo que hacen parte del grupo, ellas son&nbsp;<strong>Denza<\/strong>,&nbsp;<strong>Yangwang<\/strong>&nbsp;y&nbsp;<strong>Fangchengbao<\/strong>, las cuales tambi\u00e9n se robaron el show y presentaron sus novedades.<\/p>\n\n\n\n<figure class=\"wp-block-image\"><img decoding=\"async\" src=\"https:\/\/autosdeprimera.com\/wp-content\/uploads\/2025\/05\/byd-auto-show-de-shanghai-2025.jpg\" alt=\"BYD present\u00f3 2 Concept Cars y 3 nuevos modelos en el Auto Show de Shangh\u00e1i 2025\" class=\"wp-image-83548\"\/><\/figure>\n\n\n\n<h3 class=\"wp-block-heading\"><strong>BYD Ocean-S Concept Car<\/strong><\/h3>\n\n\n\n<p>El Auto Show de Shangh\u00e1i 2025 tambi\u00e9n fue el escenario para presentar el espectacular auto concepto Ocean-S, un sed\u00e1n de gran tama\u00f1o de la marca china BYD, el cual anticipa lo que podr\u00edan ser las l\u00edneas de dise\u00f1o de sus futuros autom\u00f3viles.<\/p>\n\n\n\n<p>Como es conocido, la l\u00ednea Ocean de BYD est\u00e1 inspirada en las olas del oc\u00e9ano, y &nbsp;con este prototipo la marca lo que muestra es unas l\u00edneas muy futuristas con acentos muy fluidos que hacen que este \u201cConcept Car\u201d el\u00e9ctrico deslumbre por s\u00ed solo.<\/p>\n\n\n\n<p>Adem\u00e1s de la propuesta de dise\u00f1o, BYD propone en este modelo un nivel superior en prestaciones y tecnolog\u00eda, como una bater\u00eda de 77 kWh de capacidad que se puede cargar con un sistema ultrarr\u00e1pido en tan solo 5 minutos, la autonom\u00eda esperada es de 500 km y la tracci\u00f3n ser\u00eda trasera (RWD).<\/p>\n\n\n\n<p>Por ahora esta es solo una propuesta, en donde claramente BYD quiere competir en la parte alta de los autos de carrocer\u00eda sed\u00e1n el\u00e9ctricos, enfoc\u00e1ndose principalmente en el Tesla Model S como por dar un ejemplo.<\/p>\n\n\n\n<figure class=\"wp-block-image\"><img decoding=\"async\" src=\"https:\/\/autosdeprimera.com\/wp-content\/uploads\/2025\/05\/byd-ocean-s-concept-car.jpg\" alt=\"BYD present\u00f3 2 Concept Cars y 3 nuevos modelos en el Auto Show de Shangh\u00e1i 2025\" class=\"wp-image-83552\"\/><\/figure>\n\n\n\n<h3 class=\"wp-block-heading\"><strong>BYD Dynasty-D Concept Car<\/strong><\/h3>\n\n\n\n<p>BYD, una marca que se ha especializado en construir SUVs, con el prototipo Dynasty-D, la marca lo que busca es proponer las nueva l\u00edneas de dise\u00f1o tanto en el exterior como en el interior de sus modelos.<\/p>\n\n\n\n<p>El Dynasty-D es un Concept Car de gran tama\u00f1o, un SUV familiar de 5,3 m de largo con capacidad para albergar muy c\u00f3modamente a 7 pasajeros con un interior muy futurista enfocado al confort y al lujo con materiales y acabados muy premium y en terminados en color rojo.<\/p>\n\n\n\n<p>Lo m\u00e1s llamativo son las luces delanteras con un barra en LED que va de lado a lado junto con el emblema iluminado de BYD en el centro. La marca tambi\u00e9n propone un dise\u00f1o de rines elegante y diferente y atr\u00e1s lo m\u00e1s destacado son los stops en 3D muy llamativos e inspirados en la cultura china.<\/p>\n\n\n\n<p>En cuanto a su impulsi\u00f3n, la marca anunci\u00f3 que este SUV de gran tama\u00f1o al momento de su producci\u00f3n, montar\u00eda una bater\u00eda de 82,5 kWh de capacidad con unos motores el\u00e9ctricos que ofrecer\u00edan una potencia de 1000 kW. La autonom\u00eda prometida ser\u00eda de hasta 600 km bajo el ciclo NEDC y contar\u00eda con tracci\u00f3n total.<\/p>\n\n\n\n<p>Adicionalmente y como parte de la alianza que BYD hizo con DJI, este modelo tambi\u00e9n ofrecer\u00eda la posibilidad de equipar una estaci\u00f3n en el techo para albergar un dron.<\/p>\n\n\n\n<figure class=\"wp-block-image\"><img decoding=\"async\" src=\"https:\/\/autosdeprimera.com\/wp-content\/uploads\/2025\/05\/byd-dynasty-d-concept-car.jpg\" alt=\"BYD present\u00f3 2 Concept Cars y 3 nuevos modelos en el Auto Show de Shangh\u00e1i 2025\" class=\"wp-image-83550\"\/><\/figure>\n\n\n\n<p>Estos fueron los lanzamientos de BYD en Auto Shangh\u00e1i 2025<\/p>\n\n\n\n<h3 class=\"wp-block-heading\"><strong>BYD Sea Lion 06 (h\u00edbrido y el\u00e9ctrico)<\/strong><\/h3>\n\n\n\n<p>Este nuevo SUV compacto de 4,81 metros de largo, con un perfil muy familiar, llega con dos opciones de motorizaciones, ya sea hibrido enchufable que la marca lo llama DM-i con tecnolog\u00eda&nbsp;Dual Mode de quinta generaci\u00f3n&nbsp;o en versi\u00f3n 100% el\u00e9ctrica.<\/p>\n\n\n\n<p>El Sea Lion 06 est\u00e1 fabricado en la nueva plataforma \u201ce-Platform 3.0 Evo\u201d y se convirti\u00f3 en una de las grandes novedades de BYD en el Auto Show de Shangh\u00e1i 2025, un modelo que a simple vista por su dise\u00f1o y prestaciones, promete una gran acogida entre los seguidores de la marca.<\/p>\n\n\n\n<p>Una caracter\u00edstica especial, es que en el frente los faros est\u00e1n divididos y se asemejan a las luces de la marca de lujo Genesis, adem\u00e1s, conserva las l\u00edneas fluidas evocadas en el movimiento del agua de la l\u00ednea de dise\u00f1o Ocean de BYD.<\/p>\n\n\n\n<p>Atr\u00e1s, el dise\u00f1o es llamativo e imponente en donde los stops presentan una firma luminosa inconfundible, muy similares a otros modelos de la marca, pero con un dise\u00f1o diferente. En general el dise\u00f1o del nuevo BYD Sea Lion 06 es llamativo, robusto y diferente.<\/p>\n\n\n\n<p>En cuanto a los motores, la versi\u00f3n el\u00e9ctrica montar\u00e1 una bater\u00eda que promete una autonom\u00eda de hasta 500 km seg\u00fan el ciclo NEDC acoplada a un motor o tambi\u00e9n habr\u00e1 opci\u00f3n de 2 motores el\u00e9ctricos, ofreciendo tracci\u00f3n total o AWD.<\/p>\n\n\n\n<figure class=\"wp-block-image size-full\"><a href=\"https:\/\/www.kia.com\/ec\/showroom\/kia_ev3\/features.html\"><img fetchpriority=\"high\" decoding=\"async\" width=\"800\" height=\"222\" src=\"https:\/\/garageblogec.com\/wp-content\/uploads\/2025\/04\/7gif1080X300peso-ezgif.com-video-to-webp-converter.webp\" alt=\"\" class=\"wp-image-1923\"\/><\/a><\/figure>\n\n\n\n<figure class=\"wp-block-image\"><img decoding=\"async\" src=\"https:\/\/autosdeprimera.com\/wp-content\/uploads\/2025\/05\/byd-sea-lion-06.jpg\" alt=\"BYD present\u00f3 2 Concept Cars y 3 nuevos modelos en el Auto Show de Shangh\u00e1i 2025\" class=\"wp-image-83553\"\/><\/figure>\n\n\n\n<h3 class=\"wp-block-heading\"><strong>BYD Seal 06 EV<\/strong><\/h3>\n\n\n\n<p>Este nuevo sed\u00e1n compacto el\u00e9ctrico promete por el gran dise\u00f1o que ofrece, un modelo de 4,5 metros de largo que se ubica por debajo del Seal y que BYD apuesta por ofrecer una carrocer\u00eda que en muchos mercados todav\u00eda es de gran aceptaci\u00f3n.<\/p>\n\n\n\n<p>Su dise\u00f1o en general es muy atractivo, con una propuesta de luces en LED diferentes a otros modelos de la marca, adem\u00e1s de unas l\u00edneas muy fluidas en su carrocer\u00eda y unos stops que emulan a sus hermanos mayores. El Seal 06 EV sed\u00e1n se suma a la versi\u00f3n hatchback (GT) que esperamos el importador se anime a comercializarlas en nuestro pa\u00eds.<\/p>\n\n\n\n<p>Ya con respecto a su plataforma, el nuevo BYD Seal 06 EV est\u00e1 construido en la moderna plataforma e-Platform 3.0 Evo, configurando un sed\u00e1n compacto el\u00e9ctrico muy deportivo. La marca anunci\u00f3 que habr\u00e1 versiones con autonom\u00edas de hasta 545 km (bajo el ciclo WLTC) y con tracci\u00f3n delantera o en las cuatro ruedas. Acelera de 0 a 100 km\/h en solo 3,8 segundos en la versi\u00f3n m\u00e1s potente.\u00ad\u00ad<\/p>\n\n\n\n<figure class=\"wp-block-image\"><img decoding=\"async\" src=\"https:\/\/autosdeprimera.com\/wp-content\/uploads\/2025\/05\/byd-seal-06-ev.jpg\" alt=\"BYD present\u00f3 2 Concept Cars y 3 nuevos modelos en el Auto Show de Shangh\u00e1i 2025\" class=\"wp-image-83555\"\/><\/figure>\n\n\n\n<h3 class=\"wp-block-heading\"><strong>BYD Seal 06 DM-i Wagon<\/strong><\/h3>\n\n\n\n<p>Otro de los lanzamientos de BYD en el Auto Show de Shangh\u00e1i 2025 fue el Seal 06 h\u00edbrido en carrocer\u00eda Station Wagon, un modelo con un perfil familiar y deportivo a la vez, una carrocer\u00eda muy pr\u00e1ctica que le apunta a una clientela muy europea.<\/p>\n\n\n\n<p>El BYD Seal 06 Dm-i Wagon mide 4,85 metros de largo y se ofrece con motor hibrido enchufable con la nueva tecnolog\u00eda Dual Mode (DM) de quinta generaci\u00f3n, eso quiere decir que equipa un motor a combusti\u00f3n de 1.5 l y un motor el\u00e9ctrico junto con un bater\u00eda el cual promete&nbsp;una autonom\u00eda de hasta 120 km en modo 100% el\u00e9ctrico y hasta 1.080 km de autonom\u00eda en modo combinado.<\/p>\n\n\n\n<p>Este modelo, viene equipado con un completo equipo de asistencias a la conducci\u00f3n, su interior es inconfundible, con el nuevo tablero y la pantalla central giratorio muy caracter\u00edstico de BYD. Por el perfil de este auto, lo m\u00e1s probable es que se venda inicialmente en China y Europa, y m\u00e1s adelante en otros mercados.<\/p>\n\n\n\n<figure class=\"wp-block-image\"><img decoding=\"async\" src=\"https:\/\/autosdeprimera.com\/wp-content\/uploads\/2025\/05\/byd-seal-06-dm-i-wagon.jpg\" alt=\"BYD present\u00f3 2 Concept Cars y 3 nuevos modelos en el Auto Show de Shangh\u00e1i 2025\" class=\"wp-image-83554\"\/><\/figure>\n\n\n<div class='pt-cv-wrapper'> <h3 class='pt-cv-heading-container heading1' data-blockid='rgjbk16q'><span class='pt-cv-heading'> Overlay1 <\/span><\/h3><div class=\"pt-cv-view pt-cv-overlaygrid iscvblock iscvreal overlay1 layout1\" id=\"pt-cv-view-rgjbk16q\"><div data-id=\"pt-cv-page-1\" class=\"pt-cv-page\" data-cvc=\"3\"><div class=\" pt-cv-content-item pt-cv-1-col\" ><div class=\"pt-cv-thumb-wrapper  \"><a href=\"https:\/\/garageblogec.com\/?p=3303\" class=\"_self pt-cv-href-thumbnail pt-cv-thumb-default\" target=\"_self\" ><img decoding=\"async\" width=\"768\" height=\"432\" src=\"https:\/\/garageblogec.com\/wp-content\/uploads\/2026\/04\/WhatsApp-Image-2026-04-21-at-1.52.53-PM-768x432.jpeg\" class=\"pt-cv-thumbnail\" alt=\"\" \/><\/a><\/div>\n<div class=\"pt-cv-overlay-wrapper\"><div class=\"pt-cv-taxoterm above_title\"><a href='https:\/\/garageblogec.com\/?cat=27' title='Industria Nacional' class='pt-cv-tax-industria-nacional'>Industria Nacional<\/a><\/div><h4 class=\"pt-cv-title\"><a href=\"https:\/\/garageblogec.com\/?p=3303\" class=\"_self\" target=\"_self\" >Grupo Ambacar presenta en Guayaquil KGM, su nueva marca de SUV h\u00edbridos con respaldo global<\/a><\/h4><div class=\"pt-cv-meta-fields\"><span class=\"entry-date\"> <time datetime=\"2026-04-21T21:37:24+00:00\">abril 21, 2026<\/time><\/span><span> \/ <\/span><span class=\"author\"> <a href=\"https:\/\/garageblogec.com\/?author=6\" rel=\"author\">gabi1212<\/a><\/span><\/div><\/div><\/div>\n<div class=\" pt-cv-content-item pt-cv-1-col\" ><div class=\"pt-cv-thumb-wrapper  \"><a href=\"https:\/\/garageblogec.com\/?p=3296\" class=\"_self pt-cv-href-thumbnail pt-cv-thumb-default\" target=\"_self\" ><img decoding=\"async\" width=\"768\" height=\"432\" src=\"https:\/\/garageblogec.com\/wp-content\/uploads\/2026\/04\/WhatsApp-Image-2026-04-14-at-3.15.09-PM-768x432.jpeg\" class=\"pt-cv-thumbnail\" alt=\"\" \/><\/a><\/div>\n<div class=\"pt-cv-overlay-wrapper\"><div class=\"pt-cv-taxoterm above_title\"><a href='https:\/\/garageblogec.com\/?cat=27' title='Industria Nacional' class='pt-cv-tax-industria-nacional'>Industria Nacional<\/a><\/div><h4 class=\"pt-cv-title\"><a href=\"https:\/\/garageblogec.com\/?p=3296\" class=\"_self\" target=\"_self\" >El tablero desapareci\u00f3, ahora el auto es una pantalla inteligente<\/a><\/h4><div class=\"pt-cv-meta-fields\"><span class=\"entry-date\"> <time datetime=\"2026-04-14T20:21:20+00:00\">abril 14, 2026<\/time><\/span><span> \/ <\/span><span class=\"author\"> <a href=\"https:\/\/garageblogec.com\/?author=6\" rel=\"author\">gabi1212<\/a><\/span><\/div><\/div><\/div>\n<div class=\" pt-cv-content-item pt-cv-1-col\" ><div class=\"pt-cv-thumb-wrapper  \"><a href=\"https:\/\/garageblogec.com\/?p=3291\" class=\"_self pt-cv-href-thumbnail pt-cv-thumb-default\" target=\"_self\" ><img loading=\"lazy\" decoding=\"async\" width=\"768\" height=\"432\" src=\"https:\/\/garageblogec.com\/wp-content\/uploads\/2026\/04\/WhatsApp-Image-2026-04-14-at-2.21.27-PM-768x432.jpeg\" class=\"pt-cv-thumbnail\" alt=\"\" \/><\/a><\/div>\n<div class=\"pt-cv-overlay-wrapper\"><div class=\"pt-cv-taxoterm above_title\"><a href='https:\/\/garageblogec.com\/?cat=27' title='Industria Nacional' class='pt-cv-tax-industria-nacional'>Industria Nacional<\/a><\/div><h4 class=\"pt-cv-title\"><a href=\"https:\/\/garageblogec.com\/?p=3291\" class=\"_self\" target=\"_self\" >Seguridad al volante en Ecuador: los errores m\u00e1s comunes que cometen los conductores<\/a><\/h4><div class=\"pt-cv-meta-fields\"><span class=\"entry-date\"> <time datetime=\"2026-04-14T20:08:54+00:00\">abril 14, 2026<\/time><\/span><span> \/ <\/span><span class=\"author\"> <a href=\"https:\/\/garageblogec.com\/?author=6\" rel=\"author\">gabi1212<\/a><\/span><\/div><\/div><\/div>\n<div class=\" pt-cv-content-item pt-cv-1-col\" ><div class=\"pt-cv-thumb-wrapper  \"><a href=\"https:\/\/garageblogec.com\/?p=3286\" class=\"_self pt-cv-href-thumbnail pt-cv-thumb-default\" target=\"_self\" ><img loading=\"lazy\" decoding=\"async\" width=\"768\" height=\"492\" src=\"https:\/\/garageblogec.com\/wp-content\/uploads\/2026\/04\/Posventa.jpg-768x492.jpeg\" class=\"pt-cv-thumbnail\" alt=\"\" \/><\/a><\/div>\n<div class=\"pt-cv-overlay-wrapper\"><div class=\"pt-cv-taxoterm above_title\"><a href='https:\/\/garageblogec.com\/?cat=27' title='Industria Nacional' class='pt-cv-tax-industria-nacional'>Industria Nacional<\/a><\/div><h4 class=\"pt-cv-title\"><a href=\"https:\/\/garageblogec.com\/?p=3286\" class=\"_self\" target=\"_self\" >Clientes Nissan reciben cambios de aceite infinitos<\/a><\/h4><div class=\"pt-cv-meta-fields\"><span class=\"entry-date\"> <time datetime=\"2026-04-14T20:04:08+00:00\">abril 14, 2026<\/time><\/span><span> \/ <\/span><span class=\"author\"> <a href=\"https:\/\/garageblogec.com\/?author=6\" rel=\"author\">gabi1212<\/a><\/span><\/div><\/div><\/div>\n<div class=\" pt-cv-content-item pt-cv-1-col\" ><div class=\"pt-cv-thumb-wrapper  \"><a href=\"https:\/\/garageblogec.com\/?p=3280\" class=\"_self pt-cv-href-thumbnail pt-cv-thumb-default\" target=\"_self\" ><img loading=\"lazy\" decoding=\"async\" width=\"768\" height=\"512\" src=\"https:\/\/garageblogec.com\/wp-content\/uploads\/2026\/04\/foto1-768x512.jpeg\" class=\"pt-cv-thumbnail\" alt=\"\" \/><\/a><\/div>\n<div class=\"pt-cv-overlay-wrapper\"><div class=\"pt-cv-taxoterm above_title\"><a href='https:\/\/garageblogec.com\/?cat=27' title='Industria Nacional' class='pt-cv-tax-industria-nacional'>Industria Nacional<\/a><\/div><h4 class=\"pt-cv-title\"><a href=\"https:\/\/garageblogec.com\/?p=3280\" class=\"_self\" target=\"_self\" >Movilidad como inversi\u00f3n: el uso de utilidades que crece en Ecuador<\/a><\/h4><div class=\"pt-cv-meta-fields\"><span class=\"entry-date\"> <time datetime=\"2026-04-07T19:55:36+00:00\">abril 7, 2026<\/time><\/span><span> \/ <\/span><span class=\"author\"> <a href=\"https:\/\/garageblogec.com\/?author=6\" rel=\"author\">gabi1212<\/a><\/span><\/div><\/div><\/div>\n<div class=\" pt-cv-content-item pt-cv-1-col\" ><div class=\"pt-cv-thumb-wrapper  \"><a href=\"https:\/\/garageblogec.com\/?p=3276\" class=\"_self pt-cv-href-thumbnail pt-cv-thumb-default\" target=\"_self\" ><img loading=\"lazy\" decoding=\"async\" width=\"745\" height=\"491\" src=\"https:\/\/garageblogec.com\/wp-content\/uploads\/2026\/04\/TT.png\" class=\"pt-cv-thumbnail\" alt=\"\" \/><\/a><\/div>\n<div class=\"pt-cv-overlay-wrapper\"><div class=\"pt-cv-taxoterm above_title\"><a href='https:\/\/garageblogec.com\/?cat=27' title='Industria Nacional' class='pt-cv-tax-industria-nacional'>Industria Nacional<\/a><\/div><h4 class=\"pt-cv-title\"><a href=\"https:\/\/garageblogec.com\/?p=3276\" class=\"_self\" target=\"_self\" >Lluvias en Ecuador: C\u00f3mo reducir riesgos en carretera y prevenir accidentes en calzada mojada<\/a><\/h4><div class=\"pt-cv-meta-fields\"><span class=\"entry-date\"> <time datetime=\"2026-04-07T19:46:52+00:00\">abril 7, 2026<\/time><\/span><span> \/ <\/span><span class=\"author\"> <a href=\"https:\/\/garageblogec.com\/?author=6\" rel=\"author\">gabi1212<\/a><\/span><\/div><\/div><\/div><\/div><\/div> <\/div> <style>\n#pt-cv-view-rgjbk16q .pt-cv-thumb-wrapper::before {background: rgba(0,0,0,.4); opacity: 0.8;}#pt-cv-view-rgjbk16q .pt-cv-overlay-wrapper {justify-content: center;}\n#pt-cv-view-rgjbk16q .pt-cv-meta-fields {  }#pt-cv-view-rgjbk16q .pt-cv-meta-fields * { font-size: 13px; }#pt-cv-view-rgjbk16q .pt-cv-title a { display: block; }#pt-cv-view-rgjbk16q .pt-cv-title:not(.pt-cv-titlesm) a { font-weight: 600;text-decoration: none;font-size: 20px; }#pt-cv-view-rgjbk16q .pt-cv-titlesm a { font-weight: 600;font-size: 18px; }#pt-cv-view-rgjbk16q .pt-cv-content { font-size: 15px; }#pt-cv-view-rgjbk16q .pt-cv-rmwrap {  }#pt-cv-view-rgjbk16q .pt-cv-readmore { color: #fff;background-color: #0075ff;font-size: 14px; }#pt-cv-view-rgjbk16q .pt-cv-taxoterm { margin: 0px 0px 20px 0px; }#pt-cv-view-rgjbk16q .pt-cv-taxoterm * { color: #222;background-color: #fff6f6;font-size: 14px; }#pt-cv-view-rgjbk16q + .pt-cv-pagination-wrapper {  }#pt-cv-view-rgjbk16q + .pt-cv-pagination-wrapper a { font-size: 14px; }#pt-cv-view-rgjbk16q > .pt-cv-page {grid-template-columns: repeat(3, 1fr);grid-auto-rows: 250px;grid-gap: 10px;}\n@media all and (max-width: 1024px) { \n#pt-cv-view-rgjbk16q > .pt-cv-page {}\n} \n@media all and (max-width: 767px) { \n#pt-cv-view-rgjbk16q > .pt-cv-page {grid-template-columns: repeat(1, 1fr);}\n} <\/style>","protected":false},"excerpt":{"rendered":"<p>El BYD Ocean S y el BYD Dynasty D, adem\u00e1s de 3 nuevos modelos fueron las develaciones que tuvo la marca l\u00edder en venta de veh\u00edculos de nuevas energ\u00edas en la cita m\u00e1s importante de la industria, el Auto Show de Shangh\u00e1i 2025. China se ha convertido en el epicentro de la industria automotriz en [&hellip;]<\/p>\n","protected":false},"author":6,"featured_media":1987,"comment_status":"open","ping_status":"open","sticky":false,"template":"","format":"standard","meta":{"_jetpack_memberships_contains_paid_content":false,"footnotes":""},"categories":[27],"tags":[],"class_list":["post-1986","post","type-post","status-publish","format-standard","has-post-thumbnail","hentry","category-industria-nacional"],"yoast_head":"<!-- This site is optimized with the Yoast SEO plugin v27.5 - https:\/\/yoast.com\/product\/yoast-seo-wordpress\/ -->\n<title>BYD present\u00f3 2 Concept Cars y 3 nuevos modelos en el Auto Show de Shangh\u00e1i 2025 - Garage Blog Ecuador<\/title>\n<meta name=\"robots\" content=\"index, follow, max-snippet:-1, max-image-preview:large, max-video-preview:-1\" \/>\n<link rel=\"canonical\" href=\"https:\/\/garageblogec.com\/?p=1986\" \/>\n<meta property=\"og:locale\" content=\"es_ES\" \/>\n<meta property=\"og:type\" content=\"article\" \/>\n<meta property=\"og:title\" content=\"BYD present\u00f3 2 Concept Cars y 3 nuevos modelos en el Auto Show de Shangh\u00e1i 2025 - Garage Blog Ecuador\" \/>\n<meta property=\"og:description\" content=\"El BYD Ocean S y el BYD Dynasty D, adem\u00e1s de 3 nuevos modelos fueron las develaciones que tuvo la marca l\u00edder en venta de veh\u00edculos de nuevas energ\u00edas en la cita m\u00e1s importante de la industria, el Auto Show de Shangh\u00e1i 2025. China se ha convertido en el epicentro de la industria automotriz en [&hellip;]\" \/>\n<meta property=\"og:url\" content=\"https:\/\/garageblogec.com\/?p=1986\" \/>\n<meta property=\"og:site_name\" content=\"Garage Blog Ecuador\" \/>\n<meta property=\"article:published_time\" content=\"2025-05-05T16:25:17+00:00\" \/>\n<meta property=\"article:modified_time\" content=\"2025-05-05T17:13:20+00:00\" \/>\n<meta property=\"og:image\" content=\"https:\/\/garageblogec.com\/wp-content\/uploads\/2025\/05\/Captura.png\" \/>\n\t<meta property=\"og:image:width\" content=\"740\" \/>\n\t<meta property=\"og:image:height\" content=\"491\" \/>\n\t<meta property=\"og:image:type\" content=\"image\/png\" \/>\n<meta name=\"author\" content=\"gabi1212\" \/>\n<meta name=\"twitter:card\" content=\"summary_large_image\" \/>\n<meta name=\"twitter:label1\" content=\"Escrito por\" \/>\n\t<meta name=\"twitter:data1\" content=\"gabi1212\" \/>\n\t<meta name=\"twitter:label2\" content=\"Tiempo de lectura\" \/>\n\t<meta name=\"twitter:data2\" content=\"10 minutos\" \/>\n<script type=\"application\/ld+json\" class=\"yoast-schema-graph\">{\"@context\":\"https:\\\/\\\/schema.org\",\"@graph\":[{\"@type\":\"Article\",\"@id\":\"https:\\\/\\\/garageblogec.com\\\/?p=1986#article\",\"isPartOf\":{\"@id\":\"https:\\\/\\\/garageblogec.com\\\/?p=1986\"},\"author\":{\"name\":\"gabi1212\",\"@id\":\"https:\\\/\\\/garageblogec.com\\\/#\\\/schema\\\/person\\\/635f4b76c0cb3e43b82fe6f7d8bcceea\"},\"headline\":\"BYD present\u00f3 2 Concept Cars y 3 nuevos modelos en el Auto Show de Shangh\u00e1i 2025\",\"datePublished\":\"2025-05-05T16:25:17+00:00\",\"dateModified\":\"2025-05-05T17:13:20+00:00\",\"mainEntityOfPage\":{\"@id\":\"https:\\\/\\\/garageblogec.com\\\/?p=1986\"},\"wordCount\":1654,\"commentCount\":0,\"publisher\":{\"@id\":\"https:\\\/\\\/garageblogec.com\\\/#organization\"},\"image\":{\"@id\":\"https:\\\/\\\/garageblogec.com\\\/?p=1986#primaryimage\"},\"thumbnailUrl\":\"https:\\\/\\\/garageblogec.com\\\/wp-content\\\/uploads\\\/2025\\\/05\\\/Captura.png\",\"articleSection\":[\"Industria Nacional\"],\"inLanguage\":\"es\",\"potentialAction\":[{\"@type\":\"CommentAction\",\"name\":\"Comment\",\"target\":[\"https:\\\/\\\/garageblogec.com\\\/?p=1986#respond\"]}]},{\"@type\":\"WebPage\",\"@id\":\"https:\\\/\\\/garageblogec.com\\\/?p=1986\",\"url\":\"https:\\\/\\\/garageblogec.com\\\/?p=1986\",\"name\":\"BYD present\u00f3 2 Concept Cars y 3 nuevos modelos en el Auto Show de Shangh\u00e1i 2025 - Garage Blog Ecuador\",\"isPartOf\":{\"@id\":\"https:\\\/\\\/garageblogec.com\\\/#website\"},\"primaryImageOfPage\":{\"@id\":\"https:\\\/\\\/garageblogec.com\\\/?p=1986#primaryimage\"},\"image\":{\"@id\":\"https:\\\/\\\/garageblogec.com\\\/?p=1986#primaryimage\"},\"thumbnailUrl\":\"https:\\\/\\\/garageblogec.com\\\/wp-content\\\/uploads\\\/2025\\\/05\\\/Captura.png\",\"datePublished\":\"2025-05-05T16:25:17+00:00\",\"dateModified\":\"2025-05-05T17:13:20+00:00\",\"breadcrumb\":{\"@id\":\"https:\\\/\\\/garageblogec.com\\\/?p=1986#breadcrumb\"},\"inLanguage\":\"es\",\"potentialAction\":[{\"@type\":\"ReadAction\",\"target\":[\"https:\\\/\\\/garageblogec.com\\\/?p=1986\"]}]},{\"@type\":\"ImageObject\",\"inLanguage\":\"es\",\"@id\":\"https:\\\/\\\/garageblogec.com\\\/?p=1986#primaryimage\",\"url\":\"https:\\\/\\\/garageblogec.com\\\/wp-content\\\/uploads\\\/2025\\\/05\\\/Captura.png\",\"contentUrl\":\"https:\\\/\\\/garageblogec.com\\\/wp-content\\\/uploads\\\/2025\\\/05\\\/Captura.png\",\"width\":740,\"height\":491},{\"@type\":\"BreadcrumbList\",\"@id\":\"https:\\\/\\\/garageblogec.com\\\/?p=1986#breadcrumb\",\"itemListElement\":[{\"@type\":\"ListItem\",\"position\":1,\"name\":\"Portada\",\"item\":\"https:\\\/\\\/garageblogec.com\\\/\"},{\"@type\":\"ListItem\",\"position\":2,\"name\":\"BYD present\u00f3 2 Concept Cars y 3 nuevos modelos en el Auto Show de Shangh\u00e1i 2025\"}]},{\"@type\":\"WebSite\",\"@id\":\"https:\\\/\\\/garageblogec.com\\\/#website\",\"url\":\"https:\\\/\\\/garageblogec.com\\\/\",\"name\":\"Garage Blog Ecuador\",\"description\":\"Alucinamos por los autos \",\"publisher\":{\"@id\":\"https:\\\/\\\/garageblogec.com\\\/#organization\"},\"potentialAction\":[{\"@type\":\"SearchAction\",\"target\":{\"@type\":\"EntryPoint\",\"urlTemplate\":\"https:\\\/\\\/garageblogec.com\\\/?s={search_term_string}\"},\"query-input\":{\"@type\":\"PropertyValueSpecification\",\"valueRequired\":true,\"valueName\":\"search_term_string\"}}],\"inLanguage\":\"es\"},{\"@type\":\"Organization\",\"@id\":\"https:\\\/\\\/garageblogec.com\\\/#organization\",\"name\":\"Garage Blog Ecuador\",\"url\":\"https:\\\/\\\/garageblogec.com\\\/\",\"logo\":{\"@type\":\"ImageObject\",\"inLanguage\":\"es\",\"@id\":\"https:\\\/\\\/garageblogec.com\\\/#\\\/schema\\\/logo\\\/image\\\/\",\"url\":\"https:\\\/\\\/garageblogec.com\\\/wp-content\\\/uploads\\\/2024\\\/02\\\/cropped-logo-png-para-blog.webp\",\"contentUrl\":\"https:\\\/\\\/garageblogec.com\\\/wp-content\\\/uploads\\\/2024\\\/02\\\/cropped-logo-png-para-blog.webp\",\"width\":840,\"height\":556,\"caption\":\"Garage Blog Ecuador \"},\"image\":{\"@id\":\"https:\\\/\\\/garageblogec.com\\\/#\\\/schema\\\/logo\\\/image\\\/\"}},{\"@type\":\"Person\",\"@id\":\"https:\\\/\\\/garageblogec.com\\\/#\\\/schema\\\/person\\\/635f4b76c0cb3e43b82fe6f7d8bcceea\",\"name\":\"gabi1212\",\"image\":{\"@type\":\"ImageObject\",\"inLanguage\":\"es\",\"@id\":\"https:\\\/\\\/secure.gravatar.com\\\/avatar\\\/6aa491f45cb359d4d6dd8c430e83f78899c80569c27d21156e19bbdcd31d1811?s=96&d=mm&r=g\",\"url\":\"https:\\\/\\\/secure.gravatar.com\\\/avatar\\\/6aa491f45cb359d4d6dd8c430e83f78899c80569c27d21156e19bbdcd31d1811?s=96&d=mm&r=g\",\"contentUrl\":\"https:\\\/\\\/secure.gravatar.com\\\/avatar\\\/6aa491f45cb359d4d6dd8c430e83f78899c80569c27d21156e19bbdcd31d1811?s=96&d=mm&r=g\",\"caption\":\"gabi1212\"},\"url\":\"https:\\\/\\\/garageblogec.com\\\/?author=6\"}]}<\/script>\n<!-- \/ Yoast SEO plugin. -->","yoast_head_json":{"title":"BYD present\u00f3 2 Concept Cars y 3 nuevos modelos en el Auto Show de Shangh\u00e1i 2025 - Garage Blog Ecuador","robots":{"index":"index","follow":"follow","max-snippet":"max-snippet:-1","max-image-preview":"max-image-preview:large","max-video-preview":"max-video-preview:-1"},"canonical":"https:\/\/garageblogec.com\/?p=1986","og_locale":"es_ES","og_type":"article","og_title":"BYD present\u00f3 2 Concept Cars y 3 nuevos modelos en el Auto Show de Shangh\u00e1i 2025 - Garage Blog Ecuador","og_description":"El BYD Ocean S y el BYD Dynasty D, adem\u00e1s de 3 nuevos modelos fueron las develaciones que tuvo la marca l\u00edder en venta de veh\u00edculos de nuevas energ\u00edas en la cita m\u00e1s importante de la industria, el Auto Show de Shangh\u00e1i 2025. China se ha convertido en el epicentro de la industria automotriz en [&hellip;]","og_url":"https:\/\/garageblogec.com\/?p=1986","og_site_name":"Garage Blog Ecuador","article_published_time":"2025-05-05T16:25:17+00:00","article_modified_time":"2025-05-05T17:13:20+00:00","og_image":[{"width":740,"height":491,"url":"https:\/\/garageblogec.com\/wp-content\/uploads\/2025\/05\/Captura.png","type":"image\/png"}],"author":"gabi1212","twitter_card":"summary_large_image","twitter_misc":{"Escrito por":"gabi1212","Tiempo de lectura":"10 minutos"},"schema":{"@context":"https:\/\/schema.org","@graph":[{"@type":"Article","@id":"https:\/\/garageblogec.com\/?p=1986#article","isPartOf":{"@id":"https:\/\/garageblogec.com\/?p=1986"},"author":{"name":"gabi1212","@id":"https:\/\/garageblogec.com\/#\/schema\/person\/635f4b76c0cb3e43b82fe6f7d8bcceea"},"headline":"BYD present\u00f3 2 Concept Cars y 3 nuevos modelos en el Auto Show de Shangh\u00e1i 2025","datePublished":"2025-05-05T16:25:17+00:00","dateModified":"2025-05-05T17:13:20+00:00","mainEntityOfPage":{"@id":"https:\/\/garageblogec.com\/?p=1986"},"wordCount":1654,"commentCount":0,"publisher":{"@id":"https:\/\/garageblogec.com\/#organization"},"image":{"@id":"https:\/\/garageblogec.com\/?p=1986#primaryimage"},"thumbnailUrl":"https:\/\/garageblogec.com\/wp-content\/uploads\/2025\/05\/Captura.png","articleSection":["Industria Nacional"],"inLanguage":"es","potentialAction":[{"@type":"CommentAction","name":"Comment","target":["https:\/\/garageblogec.com\/?p=1986#respond"]}]},{"@type":"WebPage","@id":"https:\/\/garageblogec.com\/?p=1986","url":"https:\/\/garageblogec.com\/?p=1986","name":"BYD present\u00f3 2 Concept Cars y 3 nuevos modelos en el Auto Show de Shangh\u00e1i 2025 - Garage Blog Ecuador","isPartOf":{"@id":"https:\/\/garageblogec.com\/#website"},"primaryImageOfPage":{"@id":"https:\/\/garageblogec.com\/?p=1986#primaryimage"},"image":{"@id":"https:\/\/garageblogec.com\/?p=1986#primaryimage"},"thumbnailUrl":"https:\/\/garageblogec.com\/wp-content\/uploads\/2025\/05\/Captura.png","datePublished":"2025-05-05T16:25:17+00:00","dateModified":"2025-05-05T17:13:20+00:00","breadcrumb":{"@id":"https:\/\/garageblogec.com\/?p=1986#breadcrumb"},"inLanguage":"es","potentialAction":[{"@type":"ReadAction","target":["https:\/\/garageblogec.com\/?p=1986"]}]},{"@type":"ImageObject","inLanguage":"es","@id":"https:\/\/garageblogec.com\/?p=1986#primaryimage","url":"https:\/\/garageblogec.com\/wp-content\/uploads\/2025\/05\/Captura.png","contentUrl":"https:\/\/garageblogec.com\/wp-content\/uploads\/2025\/05\/Captura.png","width":740,"height":491},{"@type":"BreadcrumbList","@id":"https:\/\/garageblogec.com\/?p=1986#breadcrumb","itemListElement":[{"@type":"ListItem","position":1,"name":"Portada","item":"https:\/\/garageblogec.com\/"},{"@type":"ListItem","position":2,"name":"BYD present\u00f3 2 Concept Cars y 3 nuevos modelos en el Auto Show de Shangh\u00e1i 2025"}]},{"@type":"WebSite","@id":"https:\/\/garageblogec.com\/#website","url":"https:\/\/garageblogec.com\/","name":"Garage Blog Ecuador","description":"Alucinamos por los autos ","publisher":{"@id":"https:\/\/garageblogec.com\/#organization"},"potentialAction":[{"@type":"SearchAction","target":{"@type":"EntryPoint","urlTemplate":"https:\/\/garageblogec.com\/?s={search_term_string}"},"query-input":{"@type":"PropertyValueSpecification","valueRequired":true,"valueName":"search_term_string"}}],"inLanguage":"es"},{"@type":"Organization","@id":"https:\/\/garageblogec.com\/#organization","name":"Garage Blog Ecuador","url":"https:\/\/garageblogec.com\/","logo":{"@type":"ImageObject","inLanguage":"es","@id":"https:\/\/garageblogec.com\/#\/schema\/logo\/image\/","url":"https:\/\/garageblogec.com\/wp-content\/uploads\/2024\/02\/cropped-logo-png-para-blog.webp","contentUrl":"https:\/\/garageblogec.com\/wp-content\/uploads\/2024\/02\/cropped-logo-png-para-blog.webp","width":840,"height":556,"caption":"Garage Blog Ecuador "},"image":{"@id":"https:\/\/garageblogec.com\/#\/schema\/logo\/image\/"}},{"@type":"Person","@id":"https:\/\/garageblogec.com\/#\/schema\/person\/635f4b76c0cb3e43b82fe6f7d8bcceea","name":"gabi1212","image":{"@type":"ImageObject","inLanguage":"es","@id":"https:\/\/secure.gravatar.com\/avatar\/6aa491f45cb359d4d6dd8c430e83f78899c80569c27d21156e19bbdcd31d1811?s=96&d=mm&r=g","url":"https:\/\/secure.gravatar.com\/avatar\/6aa491f45cb359d4d6dd8c430e83f78899c80569c27d21156e19bbdcd31d1811?s=96&d=mm&r=g","contentUrl":"https:\/\/secure.gravatar.com\/avatar\/6aa491f45cb359d4d6dd8c430e83f78899c80569c27d21156e19bbdcd31d1811?s=96&d=mm&r=g","caption":"gabi1212"},"url":"https:\/\/garageblogec.com\/?author=6"}]}},"jetpack_featured_media_url":"https:\/\/garageblogec.com\/wp-content\/uploads\/2025\/05\/Captura.png","jetpack_sharing_enabled":true,"_links":{"self":[{"href":"https:\/\/garageblogec.com\/index.php?rest_route=\/wp\/v2\/posts\/1986","targetHints":{"allow":["GET"]}}],"collection":[{"href":"https:\/\/garageblogec.com\/index.php?rest_route=\/wp\/v2\/posts"}],"about":[{"href":"https:\/\/garageblogec.com\/index.php?rest_route=\/wp\/v2\/types\/post"}],"author":[{"embeddable":true,"href":"https:\/\/garageblogec.com\/index.php?rest_route=\/wp\/v2\/users\/6"}],"replies":[{"embeddable":true,"href":"https:\/\/garageblogec.com\/index.php?rest_route=%2Fwp%2Fv2%2Fcomments&post=1986"}],"version-history":[{"count":2,"href":"https:\/\/garageblogec.com\/index.php?rest_route=\/wp\/v2\/posts\/1986\/revisions"}],"predecessor-version":[{"id":1990,"href":"https:\/\/garageblogec.com\/index.php?rest_route=\/wp\/v2\/posts\/1986\/revisions\/1990"}],"wp:featuredmedia":[{"embeddable":true,"href":"https:\/\/garageblogec.com\/index.php?rest_route=\/wp\/v2\/media\/1987"}],"wp:attachment":[{"href":"https:\/\/garageblogec.com\/index.php?rest_route=%2Fwp%2Fv2%2Fmedia&parent=1986"}],"wp:term":[{"taxonomy":"category","embeddable":true,"href":"https:\/\/garageblogec.com\/index.php?rest_route=%2Fwp%2Fv2%2Fcategories&post=1986"},{"taxonomy":"post_tag","embeddable":true,"href":"https:\/\/garageblogec.com\/index.php?rest_route=%2Fwp%2Fv2%2Ftags&post=1986"}],"curies":[{"name":"wp","href":"https:\/\/api.w.org\/{rel}","templated":true}]}}