{"id":1977,"date":"2025-05-01T17:59:54","date_gmt":"2025-05-01T17:59:54","guid":{"rendered":"https:\/\/garageblogec.com\/?p=1977"},"modified":"2025-05-01T18:06:44","modified_gmt":"2025-05-01T18:06:44","slug":"mcdonalds-y-kia-ecuador-firman-acuerdo-para-instalar-puntosde-carga-para-vehiculos-electricos-en-sus-restaurantes","status":"publish","type":"post","link":"https:\/\/garageblogec.com\/?p=1977","title":{"rendered":"McDonald\u2019s y Kia Ecuador firman acuerdo para instalar puntos de carga para veh\u00edculos el\u00e9ctricos en sus restaurantes"},"content":{"rendered":"\n<p>Arcos Dorados Ecuador (McDonald\u2019s en el pa\u00eds) y Kia Ecuador firmaron una alianza para instalar puntos de carga de veh\u00edculos el\u00e9ctricos en sus restaurantes a escala nacional, marcando un hito en el impulso de la movilidad sostenible en el pa\u00eds. McDonald\u2019s se convierte en la primera cadena de restaurantes de Ecuador que apuesta por la movilidad el\u00e9ctrica.<\/p>\n\n\n\n<figure class=\"wp-block-image size-large\"><img fetchpriority=\"high\" decoding=\"async\" width=\"1024\" height=\"682\" src=\"https:\/\/garageblogec.com\/wp-content\/uploads\/2025\/05\/WhatsApp-Image-2025-04-30-at-15.20.32-1024x682.jpeg\" alt=\"\" class=\"wp-image-1978\" srcset=\"https:\/\/garageblogec.com\/wp-content\/uploads\/2025\/05\/WhatsApp-Image-2025-04-30-at-15.20.32-1024x682.jpeg 1024w, https:\/\/garageblogec.com\/wp-content\/uploads\/2025\/05\/WhatsApp-Image-2025-04-30-at-15.20.32-300x200.jpeg 300w, https:\/\/garageblogec.com\/wp-content\/uploads\/2025\/05\/WhatsApp-Image-2025-04-30-at-15.20.32-768x511.jpeg 768w, https:\/\/garageblogec.com\/wp-content\/uploads\/2025\/05\/WhatsApp-Image-2025-04-30-at-15.20.32.jpeg 1280w\" sizes=\"(max-width: 1024px) 100vw, 1024px\" \/><\/figure>\n\n\n\n<p><br>Esta alianza permitir\u00e1 que los clientes de McDonald\u2019s puedan cargar sus veh\u00edculos el\u00e9ctricos Kia mientras disfrutan de la experiencia en los restaurantes, facilitando la adopci\u00f3n de tecnolog\u00edas limpias y promoviendo un estilo de vida m\u00e1s sustentable.<\/p>\n\n\n\n<figure class=\"wp-block-image size-full\"><a href=\"https:\/\/www.kia.com\/ec\/showroom\/kia_ev3\/features.html\"><img decoding=\"async\" width=\"800\" height=\"222\" src=\"https:\/\/garageblogec.com\/wp-content\/uploads\/2025\/04\/7gif1080X300peso-ezgif.com-video-to-webp-converter.webp\" alt=\"\" class=\"wp-image-1923\"\/><\/a><\/figure>\n\n\n\n<p><br>Este acuerdo contempla la instalaci\u00f3n de doce cargadores el\u00e9ctricos en los establecimientos de McDonald\u2019s, de los cuales cinco estar\u00e1n en Quito, tres en Guayaquil, uno en V\u00eda a Samborond\u00f3n, uno en La Aurora (V\u00eda a Daule), uno en V\u00eda a Salitre y uno en Machala (provincia de El Oro). El primero que est\u00e1 ya en funcionamiento se encuentra dentro del \u00e1rea de estacionamiento del local ubicado en la avenida Eloy Alfaro, en la ciudad capital. Adem\u00e1s, se prev\u00e9 que en cada nuevo restaurante de la cadena se instale un punto de carga.<\/p>\n\n\n\n<figure class=\"wp-block-image size-large\"><img decoding=\"async\" width=\"1024\" height=\"682\" src=\"https:\/\/garageblogec.com\/wp-content\/uploads\/2025\/05\/WhatsApp-Image-2025-04-30-at-15.20.32-1-1-1024x682.jpeg\" alt=\"\" class=\"wp-image-1980\" srcset=\"https:\/\/garageblogec.com\/wp-content\/uploads\/2025\/05\/WhatsApp-Image-2025-04-30-at-15.20.32-1-1-1024x682.jpeg 1024w, https:\/\/garageblogec.com\/wp-content\/uploads\/2025\/05\/WhatsApp-Image-2025-04-30-at-15.20.32-1-1-300x200.jpeg 300w, https:\/\/garageblogec.com\/wp-content\/uploads\/2025\/05\/WhatsApp-Image-2025-04-30-at-15.20.32-1-1-768x512.jpeg 768w, https:\/\/garageblogec.com\/wp-content\/uploads\/2025\/05\/WhatsApp-Image-2025-04-30-at-15.20.32-1-1.jpeg 1280w\" sizes=\"(max-width: 1024px) 100vw, 1024px\" \/><\/figure>\n\n\n\n<p><br>\u201cArcos Dorados promueve el uso de energ\u00edas limpias como parte de su compromiso de cuidar el medioambiente e impactar positivamente en las comunidades donde estamos presentes, lo que se alinea con nuestro prop\u00f3sito de alimentar personas y construir sue\u00f1os. Esta alianza con Kia Ecuador nos permite avanzar en nuestro camino de sostenibilidad, y desde ahora podremos ofrecer a nuestros consumidores un punto de carga el\u00e9ctrica para sus veh\u00edculos mientras disfrutan de una deliciosa comida en nuestros<br>restaurantes\u201d, asegur\u00f3 Gina Castagneto, Directora General de Arcos Dorados Ecuador (McDonald\u2019s en el pa\u00eds). Kia, l\u00edder en movilidad sostenible, cuenta actualmente con la red propia y m\u00e1s grande de puntos de carga para veh\u00edculos el\u00e9ctricos en Ecuador, con m\u00e1s de 175 puntos, incluidos 10 electrolineras (una de ellas ubicada en las islas Gal\u00e1pagos y utiliza energ\u00eda fotovoltaica), ubicados estrat\u00e9gicamente a lo largo del pa\u00eds. <\/p>\n\n\n\n<figure class=\"wp-block-image size-large\"><img loading=\"lazy\" decoding=\"async\" width=\"1024\" height=\"683\" src=\"https:\/\/garageblogec.com\/wp-content\/uploads\/2025\/05\/WILLY-5553-1024x683.jpeg\" alt=\"\" class=\"wp-image-1981\" srcset=\"https:\/\/garageblogec.com\/wp-content\/uploads\/2025\/05\/WILLY-5553-1024x683.jpeg 1024w, https:\/\/garageblogec.com\/wp-content\/uploads\/2025\/05\/WILLY-5553-300x200.jpeg 300w, https:\/\/garageblogec.com\/wp-content\/uploads\/2025\/05\/WILLY-5553-768x512.jpeg 768w, https:\/\/garageblogec.com\/wp-content\/uploads\/2025\/05\/WILLY-5553-1536x1024.jpeg 1536w, https:\/\/garageblogec.com\/wp-content\/uploads\/2025\/05\/WILLY-5553-2048x1365.jpeg 2048w, https:\/\/garageblogec.com\/wp-content\/uploads\/2025\/05\/WILLY-5553-1320x880.jpeg 1320w\" sizes=\"(max-width: 1024px) 100vw, 1024px\" \/><\/figure>\n\n\n\n<p>Esta infraestructura robusta garantiza el acceso y la comodidad para los usuarios de autos el\u00e9ctricos, consolidando el compromiso de la marca con el medio ambiente y la innovaci\u00f3n tecnol\u00f3gica. La meta de<br>Kia es cerrar el a\u00f1o 2025 con al menos 200 puntos de carga operativos, fortaleciendo a\u00fan m\u00e1s su liderazgo en electromovilidad.<\/p>\n\n\n\n<p><br>\u201cEste acuerdo con McDonald\u2019s representa un paso fundamental en nuestro prop\u00f3sito de acelerar la transici\u00f3n hacia la movilidad sostenible en el pa\u00eds. En Kia, creemos firmemente que la colaboraci\u00f3n entre empresas l\u00edderes es clave para construir un ecosistema de electromovilidad robusto y accesible para todos. Al ampliar nuestra red de puntos de carga en alianza con McDonald\u2019s, no solo facilitamos la vida de nuestros usuarios, sino que tambi\u00e9n reafirmamos nuestro compromiso de inspirar y liderar el cambio hacia un Ecuador m\u00e1s limpio y conectado.<\/p>\n\n\n\n<figure class=\"wp-block-image size-large\"><img loading=\"lazy\" decoding=\"async\" width=\"1024\" height=\"682\" src=\"https:\/\/garageblogec.com\/wp-content\/uploads\/2025\/05\/WhatsApp-Image-2025-04-30-at-15.20.33-1024x682.jpeg\" alt=\"\" class=\"wp-image-1982\" srcset=\"https:\/\/garageblogec.com\/wp-content\/uploads\/2025\/05\/WhatsApp-Image-2025-04-30-at-15.20.33-1024x682.jpeg 1024w, https:\/\/garageblogec.com\/wp-content\/uploads\/2025\/05\/WhatsApp-Image-2025-04-30-at-15.20.33-300x200.jpeg 300w, https:\/\/garageblogec.com\/wp-content\/uploads\/2025\/05\/WhatsApp-Image-2025-04-30-at-15.20.33-768x512.jpeg 768w, https:\/\/garageblogec.com\/wp-content\/uploads\/2025\/05\/WhatsApp-Image-2025-04-30-at-15.20.33.jpeg 1280w\" sizes=\"(max-width: 1024px) 100vw, 1024px\" \/><\/figure>\n\n\n\n<p> Nuestra meta es clara: Seguir impulsando soluciones innovadoras que cuiden del planeta y mejoren la calidad de vida de las personas\u201d, declar\u00f3 Jos\u00e9 Errazuriz, Gerente General de Kia Ecuador.<br>La empresa Autoeasterm S.A. ser\u00e1 la encargada de proveer e instalar los puntos de carga como parte de esta alianza.<br>Especificaciones t\u00e9cnicas de los cargadores el\u00e9ctricos:<\/p>\n\n\n\n<ul class=\"wp-block-list\">\n<li>Cargador nivel 2<\/li>\n\n\n\n<li>Potencia 7,5 kw<\/li>\n\n\n\n<li>Velocidad media<\/li>\n\n\n\n<li>Tiempo estimado de carga del 50% de la bater\u00eda: 2 horas aproximadamente<br>Restaurantes McDonald\u2019s con cargadores el\u00e9ctricos:<br>Quito: Eloy Alfaro<br>6 de Diciembre<br>Cumbay\u00e1<br>La Prensa<br>Av. Orellana (junto a C\u00edrculo Militar)<br>Guayaquil: V\u00eda La Costa<br>Ceibos<br>Alborada<br>\u00d8 V\u00eda a Samborond\u00f3n<br>\u00d8 La Aurora (V\u00eda a Daule)<br>\u00d8 V\u00eda a Salitre<br>Machala (Av. 25 de Junio)<br>Con este acuerdo, Kia y McDonald\u2019s no solo ampl\u00edan la infraestructura de carga para autos<br>el\u00e9ctricos en el pa\u00eds, sino que tambi\u00e9n extienden una invitaci\u00f3n a que otras empresas y<br>actores sociales se sumen a la transformaci\u00f3n hacia un futuro m\u00e1s sostenib<\/li>\n<\/ul>\n\n\n<div class='pt-cv-wrapper'> <h3 class='pt-cv-heading-container heading1' data-blockid='uirgyxsz'><span class='pt-cv-heading'> Overlay1 <\/span><\/h3><div class=\"pt-cv-view pt-cv-overlaygrid iscvblock iscvreal overlay1 layout1\" id=\"pt-cv-view-uirgyxsz\"><div data-id=\"pt-cv-page-1\" class=\"pt-cv-page\" data-cvc=\"3\"><div class=\" pt-cv-content-item pt-cv-1-col\" ><div class=\"pt-cv-thumb-wrapper  \"><a href=\"https:\/\/garageblogec.com\/?p=3303\" class=\"_self pt-cv-href-thumbnail pt-cv-thumb-default\" target=\"_self\" ><img loading=\"lazy\" decoding=\"async\" width=\"768\" height=\"432\" src=\"https:\/\/garageblogec.com\/wp-content\/uploads\/2026\/04\/WhatsApp-Image-2026-04-21-at-1.52.53-PM-768x432.jpeg\" class=\"pt-cv-thumbnail\" alt=\"\" \/><\/a><\/div>\n<div class=\"pt-cv-overlay-wrapper\"><div class=\"pt-cv-taxoterm above_title\"><a href='https:\/\/garageblogec.com\/?cat=27' title='Industria Nacional' class='pt-cv-tax-industria-nacional'>Industria Nacional<\/a><\/div><h4 class=\"pt-cv-title\"><a href=\"https:\/\/garageblogec.com\/?p=3303\" class=\"_self\" target=\"_self\" >Grupo Ambacar presenta en Guayaquil KGM, su nueva marca de SUV h\u00edbridos con respaldo global<\/a><\/h4><div class=\"pt-cv-meta-fields\"><span class=\"entry-date\"> <time datetime=\"2026-04-21T21:37:24+00:00\">abril 21, 2026<\/time><\/span><span> \/ <\/span><span class=\"author\"> <a href=\"https:\/\/garageblogec.com\/?author=6\" rel=\"author\">gabi1212<\/a><\/span><\/div><\/div><\/div>\n<div class=\" pt-cv-content-item pt-cv-1-col\" ><div class=\"pt-cv-thumb-wrapper  \"><a href=\"https:\/\/garageblogec.com\/?p=3296\" class=\"_self pt-cv-href-thumbnail pt-cv-thumb-default\" target=\"_self\" ><img loading=\"lazy\" decoding=\"async\" width=\"768\" height=\"432\" src=\"https:\/\/garageblogec.com\/wp-content\/uploads\/2026\/04\/WhatsApp-Image-2026-04-14-at-3.15.09-PM-768x432.jpeg\" class=\"pt-cv-thumbnail\" alt=\"\" \/><\/a><\/div>\n<div class=\"pt-cv-overlay-wrapper\"><div class=\"pt-cv-taxoterm above_title\"><a href='https:\/\/garageblogec.com\/?cat=27' title='Industria Nacional' class='pt-cv-tax-industria-nacional'>Industria Nacional<\/a><\/div><h4 class=\"pt-cv-title\"><a href=\"https:\/\/garageblogec.com\/?p=3296\" class=\"_self\" target=\"_self\" >El tablero desapareci\u00f3, ahora el auto es una pantalla inteligente<\/a><\/h4><div class=\"pt-cv-meta-fields\"><span class=\"entry-date\"> <time datetime=\"2026-04-14T20:21:20+00:00\">abril 14, 2026<\/time><\/span><span> \/ <\/span><span class=\"author\"> <a href=\"https:\/\/garageblogec.com\/?author=6\" rel=\"author\">gabi1212<\/a><\/span><\/div><\/div><\/div>\n<div class=\" pt-cv-content-item pt-cv-1-col\" ><div class=\"pt-cv-thumb-wrapper  \"><a href=\"https:\/\/garageblogec.com\/?p=3291\" class=\"_self pt-cv-href-thumbnail pt-cv-thumb-default\" target=\"_self\" ><img loading=\"lazy\" decoding=\"async\" width=\"768\" height=\"432\" src=\"https:\/\/garageblogec.com\/wp-content\/uploads\/2026\/04\/WhatsApp-Image-2026-04-14-at-2.21.27-PM-768x432.jpeg\" class=\"pt-cv-thumbnail\" alt=\"\" \/><\/a><\/div>\n<div class=\"pt-cv-overlay-wrapper\"><div class=\"pt-cv-taxoterm above_title\"><a href='https:\/\/garageblogec.com\/?cat=27' title='Industria Nacional' class='pt-cv-tax-industria-nacional'>Industria Nacional<\/a><\/div><h4 class=\"pt-cv-title\"><a href=\"https:\/\/garageblogec.com\/?p=3291\" class=\"_self\" target=\"_self\" >Seguridad al volante en Ecuador: los errores m\u00e1s comunes que cometen los conductores<\/a><\/h4><div class=\"pt-cv-meta-fields\"><span class=\"entry-date\"> <time datetime=\"2026-04-14T20:08:54+00:00\">abril 14, 2026<\/time><\/span><span> \/ <\/span><span class=\"author\"> <a href=\"https:\/\/garageblogec.com\/?author=6\" rel=\"author\">gabi1212<\/a><\/span><\/div><\/div><\/div>\n<div class=\" pt-cv-content-item pt-cv-1-col\" ><div class=\"pt-cv-thumb-wrapper  \"><a href=\"https:\/\/garageblogec.com\/?p=3286\" class=\"_self pt-cv-href-thumbnail pt-cv-thumb-default\" target=\"_self\" ><img loading=\"lazy\" decoding=\"async\" width=\"768\" height=\"492\" src=\"https:\/\/garageblogec.com\/wp-content\/uploads\/2026\/04\/Posventa.jpg-768x492.jpeg\" class=\"pt-cv-thumbnail\" alt=\"\" \/><\/a><\/div>\n<div class=\"pt-cv-overlay-wrapper\"><div class=\"pt-cv-taxoterm above_title\"><a href='https:\/\/garageblogec.com\/?cat=27' title='Industria Nacional' class='pt-cv-tax-industria-nacional'>Industria Nacional<\/a><\/div><h4 class=\"pt-cv-title\"><a href=\"https:\/\/garageblogec.com\/?p=3286\" class=\"_self\" target=\"_self\" >Clientes Nissan reciben cambios de aceite infinitos<\/a><\/h4><div class=\"pt-cv-meta-fields\"><span class=\"entry-date\"> <time datetime=\"2026-04-14T20:04:08+00:00\">abril 14, 2026<\/time><\/span><span> \/ <\/span><span class=\"author\"> <a href=\"https:\/\/garageblogec.com\/?author=6\" rel=\"author\">gabi1212<\/a><\/span><\/div><\/div><\/div>\n<div class=\" pt-cv-content-item pt-cv-1-col\" ><div class=\"pt-cv-thumb-wrapper  \"><a href=\"https:\/\/garageblogec.com\/?p=3280\" class=\"_self pt-cv-href-thumbnail pt-cv-thumb-default\" target=\"_self\" ><img loading=\"lazy\" decoding=\"async\" width=\"768\" height=\"512\" src=\"https:\/\/garageblogec.com\/wp-content\/uploads\/2026\/04\/foto1-768x512.jpeg\" class=\"pt-cv-thumbnail\" alt=\"\" \/><\/a><\/div>\n<div class=\"pt-cv-overlay-wrapper\"><div class=\"pt-cv-taxoterm above_title\"><a href='https:\/\/garageblogec.com\/?cat=27' title='Industria Nacional' class='pt-cv-tax-industria-nacional'>Industria Nacional<\/a><\/div><h4 class=\"pt-cv-title\"><a href=\"https:\/\/garageblogec.com\/?p=3280\" class=\"_self\" target=\"_self\" >Movilidad como inversi\u00f3n: el uso de utilidades que crece en Ecuador<\/a><\/h4><div class=\"pt-cv-meta-fields\"><span class=\"entry-date\"> <time datetime=\"2026-04-07T19:55:36+00:00\">abril 7, 2026<\/time><\/span><span> \/ <\/span><span class=\"author\"> <a href=\"https:\/\/garageblogec.com\/?author=6\" rel=\"author\">gabi1212<\/a><\/span><\/div><\/div><\/div>\n<div class=\" pt-cv-content-item pt-cv-1-col\" ><div class=\"pt-cv-thumb-wrapper  \"><a href=\"https:\/\/garageblogec.com\/?p=3276\" class=\"_self pt-cv-href-thumbnail pt-cv-thumb-default\" target=\"_self\" ><img loading=\"lazy\" decoding=\"async\" width=\"745\" height=\"491\" src=\"https:\/\/garageblogec.com\/wp-content\/uploads\/2026\/04\/TT.png\" class=\"pt-cv-thumbnail\" alt=\"\" \/><\/a><\/div>\n<div class=\"pt-cv-overlay-wrapper\"><div class=\"pt-cv-taxoterm above_title\"><a href='https:\/\/garageblogec.com\/?cat=27' title='Industria Nacional' class='pt-cv-tax-industria-nacional'>Industria Nacional<\/a><\/div><h4 class=\"pt-cv-title\"><a href=\"https:\/\/garageblogec.com\/?p=3276\" class=\"_self\" target=\"_self\" >Lluvias en Ecuador: C\u00f3mo reducir riesgos en carretera y prevenir accidentes en calzada mojada<\/a><\/h4><div class=\"pt-cv-meta-fields\"><span class=\"entry-date\"> <time datetime=\"2026-04-07T19:46:52+00:00\">abril 7, 2026<\/time><\/span><span> \/ <\/span><span class=\"author\"> <a href=\"https:\/\/garageblogec.com\/?author=6\" rel=\"author\">gabi1212<\/a><\/span><\/div><\/div><\/div><\/div><\/div> <\/div> <style>\n#pt-cv-view-uirgyxsz .pt-cv-thumb-wrapper::before {background: rgba(0,0,0,.4); opacity: 0.8;}#pt-cv-view-uirgyxsz .pt-cv-overlay-wrapper {justify-content: center;}\n#pt-cv-view-uirgyxsz .pt-cv-meta-fields {  }#pt-cv-view-uirgyxsz .pt-cv-meta-fields * { font-size: 13px; }#pt-cv-view-uirgyxsz .pt-cv-title a { display: block; }#pt-cv-view-uirgyxsz .pt-cv-title:not(.pt-cv-titlesm) a { font-weight: 600;text-decoration: none;font-size: 20px; }#pt-cv-view-uirgyxsz .pt-cv-titlesm a { font-weight: 600;font-size: 18px; }#pt-cv-view-uirgyxsz .pt-cv-content { font-size: 15px; }#pt-cv-view-uirgyxsz .pt-cv-rmwrap {  }#pt-cv-view-uirgyxsz .pt-cv-readmore { color: #fff;background-color: #0075ff;font-size: 14px; }#pt-cv-view-uirgyxsz .pt-cv-taxoterm { margin: 0px 0px 20px 0px; }#pt-cv-view-uirgyxsz .pt-cv-taxoterm * { color: #222;background-color: #fff6f6;font-size: 14px; }#pt-cv-view-uirgyxsz + .pt-cv-pagination-wrapper {  }#pt-cv-view-uirgyxsz + .pt-cv-pagination-wrapper a { font-size: 14px; }#pt-cv-view-uirgyxsz > .pt-cv-page {grid-template-columns: repeat(3, 1fr);grid-auto-rows: 250px;grid-gap: 10px;}\n@media all and (max-width: 1024px) { \n#pt-cv-view-uirgyxsz > .pt-cv-page {}\n} \n@media all and (max-width: 767px) { \n#pt-cv-view-uirgyxsz > .pt-cv-page {grid-template-columns: repeat(1, 1fr);}\n} <\/style>","protected":false},"excerpt":{"rendered":"<p>Arcos Dorados Ecuador (McDonald\u2019s en el pa\u00eds) y Kia Ecuador firmaron una alianza para instalar puntos de carga de veh\u00edculos el\u00e9ctricos en sus restaurantes a escala nacional, marcando un hito en el impulso de la movilidad sostenible en el pa\u00eds. McDonald\u2019s se convierte en la primera cadena de restaurantes de Ecuador que apuesta por la [&hellip;]<\/p>\n","protected":false},"author":6,"featured_media":1979,"comment_status":"open","ping_status":"open","sticky":false,"template":"","format":"standard","meta":{"_jetpack_memberships_contains_paid_content":false,"footnotes":""},"categories":[27],"tags":[],"class_list":["post-1977","post","type-post","status-publish","format-standard","has-post-thumbnail","hentry","category-industria-nacional"],"yoast_head":"<!-- This site is optimized with the Yoast SEO plugin v27.5 - https:\/\/yoast.com\/product\/yoast-seo-wordpress\/ -->\n<title>McDonald\u2019s y Kia Ecuador firman acuerdo para instalar puntos de carga para veh\u00edculos el\u00e9ctricos en sus restaurantes - Garage Blog Ecuador<\/title>\n<meta name=\"robots\" content=\"index, follow, max-snippet:-1, max-image-preview:large, max-video-preview:-1\" \/>\n<link rel=\"canonical\" href=\"https:\/\/garageblogec.com\/?p=1977\" \/>\n<meta property=\"og:locale\" content=\"es_ES\" \/>\n<meta property=\"og:type\" content=\"article\" \/>\n<meta property=\"og:title\" content=\"McDonald\u2019s y Kia Ecuador firman acuerdo para instalar puntos de carga para veh\u00edculos el\u00e9ctricos en sus restaurantes - Garage Blog Ecuador\" \/>\n<meta property=\"og:description\" content=\"Arcos Dorados Ecuador (McDonald\u2019s en el pa\u00eds) y Kia Ecuador firmaron una alianza para instalar puntos de carga de veh\u00edculos el\u00e9ctricos en sus restaurantes a escala nacional, marcando un hito en el impulso de la movilidad sostenible en el pa\u00eds. McDonald\u2019s se convierte en la primera cadena de restaurantes de Ecuador que apuesta por la [&hellip;]\" \/>\n<meta property=\"og:url\" content=\"https:\/\/garageblogec.com\/?p=1977\" \/>\n<meta property=\"og:site_name\" content=\"Garage Blog Ecuador\" \/>\n<meta property=\"article:published_time\" content=\"2025-05-01T17:59:54+00:00\" \/>\n<meta property=\"article:modified_time\" content=\"2025-05-01T18:06:44+00:00\" \/>\n<meta property=\"og:image\" content=\"https:\/\/garageblogec.com\/wp-content\/uploads\/2025\/05\/WhatsApp-Image-2025-04-30-at-15.20.32-1.jpeg\" \/>\n\t<meta property=\"og:image:width\" content=\"1280\" \/>\n\t<meta property=\"og:image:height\" content=\"852\" \/>\n\t<meta property=\"og:image:type\" content=\"image\/jpeg\" \/>\n<meta name=\"author\" content=\"gabi1212\" \/>\n<meta name=\"twitter:card\" content=\"summary_large_image\" \/>\n<meta name=\"twitter:label1\" content=\"Escrito por\" \/>\n\t<meta name=\"twitter:data1\" content=\"gabi1212\" \/>\n\t<meta name=\"twitter:label2\" content=\"Tiempo de lectura\" \/>\n\t<meta name=\"twitter:data2\" content=\"4 minutos\" \/>\n<script type=\"application\/ld+json\" class=\"yoast-schema-graph\">{\"@context\":\"https:\\\/\\\/schema.org\",\"@graph\":[{\"@type\":\"Article\",\"@id\":\"https:\\\/\\\/garageblogec.com\\\/?p=1977#article\",\"isPartOf\":{\"@id\":\"https:\\\/\\\/garageblogec.com\\\/?p=1977\"},\"author\":{\"name\":\"gabi1212\",\"@id\":\"https:\\\/\\\/garageblogec.com\\\/#\\\/schema\\\/person\\\/635f4b76c0cb3e43b82fe6f7d8bcceea\"},\"headline\":\"McDonald\u2019s y Kia Ecuador firman acuerdo para instalar puntos de carga para veh\u00edculos el\u00e9ctricos en sus restaurantes\",\"datePublished\":\"2025-05-01T17:59:54+00:00\",\"dateModified\":\"2025-05-01T18:06:44+00:00\",\"mainEntityOfPage\":{\"@id\":\"https:\\\/\\\/garageblogec.com\\\/?p=1977\"},\"wordCount\":694,\"commentCount\":0,\"publisher\":{\"@id\":\"https:\\\/\\\/garageblogec.com\\\/#organization\"},\"image\":{\"@id\":\"https:\\\/\\\/garageblogec.com\\\/?p=1977#primaryimage\"},\"thumbnailUrl\":\"https:\\\/\\\/garageblogec.com\\\/wp-content\\\/uploads\\\/2025\\\/05\\\/WhatsApp-Image-2025-04-30-at-15.20.32-1.jpeg\",\"articleSection\":[\"Industria Nacional\"],\"inLanguage\":\"es\",\"potentialAction\":[{\"@type\":\"CommentAction\",\"name\":\"Comment\",\"target\":[\"https:\\\/\\\/garageblogec.com\\\/?p=1977#respond\"]}]},{\"@type\":\"WebPage\",\"@id\":\"https:\\\/\\\/garageblogec.com\\\/?p=1977\",\"url\":\"https:\\\/\\\/garageblogec.com\\\/?p=1977\",\"name\":\"McDonald\u2019s y Kia Ecuador firman acuerdo para instalar puntos de carga para veh\u00edculos el\u00e9ctricos en sus restaurantes - Garage Blog Ecuador\",\"isPartOf\":{\"@id\":\"https:\\\/\\\/garageblogec.com\\\/#website\"},\"primaryImageOfPage\":{\"@id\":\"https:\\\/\\\/garageblogec.com\\\/?p=1977#primaryimage\"},\"image\":{\"@id\":\"https:\\\/\\\/garageblogec.com\\\/?p=1977#primaryimage\"},\"thumbnailUrl\":\"https:\\\/\\\/garageblogec.com\\\/wp-content\\\/uploads\\\/2025\\\/05\\\/WhatsApp-Image-2025-04-30-at-15.20.32-1.jpeg\",\"datePublished\":\"2025-05-01T17:59:54+00:00\",\"dateModified\":\"2025-05-01T18:06:44+00:00\",\"breadcrumb\":{\"@id\":\"https:\\\/\\\/garageblogec.com\\\/?p=1977#breadcrumb\"},\"inLanguage\":\"es\",\"potentialAction\":[{\"@type\":\"ReadAction\",\"target\":[\"https:\\\/\\\/garageblogec.com\\\/?p=1977\"]}]},{\"@type\":\"ImageObject\",\"inLanguage\":\"es\",\"@id\":\"https:\\\/\\\/garageblogec.com\\\/?p=1977#primaryimage\",\"url\":\"https:\\\/\\\/garageblogec.com\\\/wp-content\\\/uploads\\\/2025\\\/05\\\/WhatsApp-Image-2025-04-30-at-15.20.32-1.jpeg\",\"contentUrl\":\"https:\\\/\\\/garageblogec.com\\\/wp-content\\\/uploads\\\/2025\\\/05\\\/WhatsApp-Image-2025-04-30-at-15.20.32-1.jpeg\",\"width\":1280,\"height\":852},{\"@type\":\"BreadcrumbList\",\"@id\":\"https:\\\/\\\/garageblogec.com\\\/?p=1977#breadcrumb\",\"itemListElement\":[{\"@type\":\"ListItem\",\"position\":1,\"name\":\"Portada\",\"item\":\"https:\\\/\\\/garageblogec.com\\\/\"},{\"@type\":\"ListItem\",\"position\":2,\"name\":\"McDonald\u2019s y Kia Ecuador firman acuerdo para instalar puntos de carga para veh\u00edculos el\u00e9ctricos en sus restaurantes\"}]},{\"@type\":\"WebSite\",\"@id\":\"https:\\\/\\\/garageblogec.com\\\/#website\",\"url\":\"https:\\\/\\\/garageblogec.com\\\/\",\"name\":\"Garage Blog Ecuador\",\"description\":\"Alucinamos por los autos \",\"publisher\":{\"@id\":\"https:\\\/\\\/garageblogec.com\\\/#organization\"},\"potentialAction\":[{\"@type\":\"SearchAction\",\"target\":{\"@type\":\"EntryPoint\",\"urlTemplate\":\"https:\\\/\\\/garageblogec.com\\\/?s={search_term_string}\"},\"query-input\":{\"@type\":\"PropertyValueSpecification\",\"valueRequired\":true,\"valueName\":\"search_term_string\"}}],\"inLanguage\":\"es\"},{\"@type\":\"Organization\",\"@id\":\"https:\\\/\\\/garageblogec.com\\\/#organization\",\"name\":\"Garage Blog Ecuador\",\"url\":\"https:\\\/\\\/garageblogec.com\\\/\",\"logo\":{\"@type\":\"ImageObject\",\"inLanguage\":\"es\",\"@id\":\"https:\\\/\\\/garageblogec.com\\\/#\\\/schema\\\/logo\\\/image\\\/\",\"url\":\"https:\\\/\\\/garageblogec.com\\\/wp-content\\\/uploads\\\/2024\\\/02\\\/cropped-logo-png-para-blog.webp\",\"contentUrl\":\"https:\\\/\\\/garageblogec.com\\\/wp-content\\\/uploads\\\/2024\\\/02\\\/cropped-logo-png-para-blog.webp\",\"width\":840,\"height\":556,\"caption\":\"Garage Blog Ecuador \"},\"image\":{\"@id\":\"https:\\\/\\\/garageblogec.com\\\/#\\\/schema\\\/logo\\\/image\\\/\"}},{\"@type\":\"Person\",\"@id\":\"https:\\\/\\\/garageblogec.com\\\/#\\\/schema\\\/person\\\/635f4b76c0cb3e43b82fe6f7d8bcceea\",\"name\":\"gabi1212\",\"image\":{\"@type\":\"ImageObject\",\"inLanguage\":\"es\",\"@id\":\"https:\\\/\\\/secure.gravatar.com\\\/avatar\\\/6aa491f45cb359d4d6dd8c430e83f78899c80569c27d21156e19bbdcd31d1811?s=96&d=mm&r=g\",\"url\":\"https:\\\/\\\/secure.gravatar.com\\\/avatar\\\/6aa491f45cb359d4d6dd8c430e83f78899c80569c27d21156e19bbdcd31d1811?s=96&d=mm&r=g\",\"contentUrl\":\"https:\\\/\\\/secure.gravatar.com\\\/avatar\\\/6aa491f45cb359d4d6dd8c430e83f78899c80569c27d21156e19bbdcd31d1811?s=96&d=mm&r=g\",\"caption\":\"gabi1212\"},\"url\":\"https:\\\/\\\/garageblogec.com\\\/?author=6\"}]}<\/script>\n<!-- \/ Yoast SEO plugin. -->","yoast_head_json":{"title":"McDonald\u2019s y Kia Ecuador firman acuerdo para instalar puntos de carga para veh\u00edculos el\u00e9ctricos en sus restaurantes - Garage Blog Ecuador","robots":{"index":"index","follow":"follow","max-snippet":"max-snippet:-1","max-image-preview":"max-image-preview:large","max-video-preview":"max-video-preview:-1"},"canonical":"https:\/\/garageblogec.com\/?p=1977","og_locale":"es_ES","og_type":"article","og_title":"McDonald\u2019s y Kia Ecuador firman acuerdo para instalar puntos de carga para veh\u00edculos el\u00e9ctricos en sus restaurantes - Garage Blog Ecuador","og_description":"Arcos Dorados Ecuador (McDonald\u2019s en el pa\u00eds) y Kia Ecuador firmaron una alianza para instalar puntos de carga de veh\u00edculos el\u00e9ctricos en sus restaurantes a escala nacional, marcando un hito en el impulso de la movilidad sostenible en el pa\u00eds. McDonald\u2019s se convierte en la primera cadena de restaurantes de Ecuador que apuesta por la [&hellip;]","og_url":"https:\/\/garageblogec.com\/?p=1977","og_site_name":"Garage Blog Ecuador","article_published_time":"2025-05-01T17:59:54+00:00","article_modified_time":"2025-05-01T18:06:44+00:00","og_image":[{"width":1280,"height":852,"url":"https:\/\/garageblogec.com\/wp-content\/uploads\/2025\/05\/WhatsApp-Image-2025-04-30-at-15.20.32-1.jpeg","type":"image\/jpeg"}],"author":"gabi1212","twitter_card":"summary_large_image","twitter_misc":{"Escrito por":"gabi1212","Tiempo de lectura":"4 minutos"},"schema":{"@context":"https:\/\/schema.org","@graph":[{"@type":"Article","@id":"https:\/\/garageblogec.com\/?p=1977#article","isPartOf":{"@id":"https:\/\/garageblogec.com\/?p=1977"},"author":{"name":"gabi1212","@id":"https:\/\/garageblogec.com\/#\/schema\/person\/635f4b76c0cb3e43b82fe6f7d8bcceea"},"headline":"McDonald\u2019s y Kia Ecuador firman acuerdo para instalar puntos de carga para veh\u00edculos el\u00e9ctricos en sus restaurantes","datePublished":"2025-05-01T17:59:54+00:00","dateModified":"2025-05-01T18:06:44+00:00","mainEntityOfPage":{"@id":"https:\/\/garageblogec.com\/?p=1977"},"wordCount":694,"commentCount":0,"publisher":{"@id":"https:\/\/garageblogec.com\/#organization"},"image":{"@id":"https:\/\/garageblogec.com\/?p=1977#primaryimage"},"thumbnailUrl":"https:\/\/garageblogec.com\/wp-content\/uploads\/2025\/05\/WhatsApp-Image-2025-04-30-at-15.20.32-1.jpeg","articleSection":["Industria Nacional"],"inLanguage":"es","potentialAction":[{"@type":"CommentAction","name":"Comment","target":["https:\/\/garageblogec.com\/?p=1977#respond"]}]},{"@type":"WebPage","@id":"https:\/\/garageblogec.com\/?p=1977","url":"https:\/\/garageblogec.com\/?p=1977","name":"McDonald\u2019s y Kia Ecuador firman acuerdo para instalar puntos de carga para veh\u00edculos el\u00e9ctricos en sus restaurantes - Garage Blog Ecuador","isPartOf":{"@id":"https:\/\/garageblogec.com\/#website"},"primaryImageOfPage":{"@id":"https:\/\/garageblogec.com\/?p=1977#primaryimage"},"image":{"@id":"https:\/\/garageblogec.com\/?p=1977#primaryimage"},"thumbnailUrl":"https:\/\/garageblogec.com\/wp-content\/uploads\/2025\/05\/WhatsApp-Image-2025-04-30-at-15.20.32-1.jpeg","datePublished":"2025-05-01T17:59:54+00:00","dateModified":"2025-05-01T18:06:44+00:00","breadcrumb":{"@id":"https:\/\/garageblogec.com\/?p=1977#breadcrumb"},"inLanguage":"es","potentialAction":[{"@type":"ReadAction","target":["https:\/\/garageblogec.com\/?p=1977"]}]},{"@type":"ImageObject","inLanguage":"es","@id":"https:\/\/garageblogec.com\/?p=1977#primaryimage","url":"https:\/\/garageblogec.com\/wp-content\/uploads\/2025\/05\/WhatsApp-Image-2025-04-30-at-15.20.32-1.jpeg","contentUrl":"https:\/\/garageblogec.com\/wp-content\/uploads\/2025\/05\/WhatsApp-Image-2025-04-30-at-15.20.32-1.jpeg","width":1280,"height":852},{"@type":"BreadcrumbList","@id":"https:\/\/garageblogec.com\/?p=1977#breadcrumb","itemListElement":[{"@type":"ListItem","position":1,"name":"Portada","item":"https:\/\/garageblogec.com\/"},{"@type":"ListItem","position":2,"name":"McDonald\u2019s y Kia Ecuador firman acuerdo para instalar puntos de carga para veh\u00edculos el\u00e9ctricos en sus restaurantes"}]},{"@type":"WebSite","@id":"https:\/\/garageblogec.com\/#website","url":"https:\/\/garageblogec.com\/","name":"Garage Blog Ecuador","description":"Alucinamos por los autos ","publisher":{"@id":"https:\/\/garageblogec.com\/#organization"},"potentialAction":[{"@type":"SearchAction","target":{"@type":"EntryPoint","urlTemplate":"https:\/\/garageblogec.com\/?s={search_term_string}"},"query-input":{"@type":"PropertyValueSpecification","valueRequired":true,"valueName":"search_term_string"}}],"inLanguage":"es"},{"@type":"Organization","@id":"https:\/\/garageblogec.com\/#organization","name":"Garage Blog Ecuador","url":"https:\/\/garageblogec.com\/","logo":{"@type":"ImageObject","inLanguage":"es","@id":"https:\/\/garageblogec.com\/#\/schema\/logo\/image\/","url":"https:\/\/garageblogec.com\/wp-content\/uploads\/2024\/02\/cropped-logo-png-para-blog.webp","contentUrl":"https:\/\/garageblogec.com\/wp-content\/uploads\/2024\/02\/cropped-logo-png-para-blog.webp","width":840,"height":556,"caption":"Garage Blog Ecuador "},"image":{"@id":"https:\/\/garageblogec.com\/#\/schema\/logo\/image\/"}},{"@type":"Person","@id":"https:\/\/garageblogec.com\/#\/schema\/person\/635f4b76c0cb3e43b82fe6f7d8bcceea","name":"gabi1212","image":{"@type":"ImageObject","inLanguage":"es","@id":"https:\/\/secure.gravatar.com\/avatar\/6aa491f45cb359d4d6dd8c430e83f78899c80569c27d21156e19bbdcd31d1811?s=96&d=mm&r=g","url":"https:\/\/secure.gravatar.com\/avatar\/6aa491f45cb359d4d6dd8c430e83f78899c80569c27d21156e19bbdcd31d1811?s=96&d=mm&r=g","contentUrl":"https:\/\/secure.gravatar.com\/avatar\/6aa491f45cb359d4d6dd8c430e83f78899c80569c27d21156e19bbdcd31d1811?s=96&d=mm&r=g","caption":"gabi1212"},"url":"https:\/\/garageblogec.com\/?author=6"}]}},"jetpack_featured_media_url":"https:\/\/garageblogec.com\/wp-content\/uploads\/2025\/05\/WhatsApp-Image-2025-04-30-at-15.20.32-1.jpeg","jetpack_sharing_enabled":true,"_links":{"self":[{"href":"https:\/\/garageblogec.com\/index.php?rest_route=\/wp\/v2\/posts\/1977","targetHints":{"allow":["GET"]}}],"collection":[{"href":"https:\/\/garageblogec.com\/index.php?rest_route=\/wp\/v2\/posts"}],"about":[{"href":"https:\/\/garageblogec.com\/index.php?rest_route=\/wp\/v2\/types\/post"}],"author":[{"embeddable":true,"href":"https:\/\/garageblogec.com\/index.php?rest_route=\/wp\/v2\/users\/6"}],"replies":[{"embeddable":true,"href":"https:\/\/garageblogec.com\/index.php?rest_route=%2Fwp%2Fv2%2Fcomments&post=1977"}],"version-history":[{"count":2,"href":"https:\/\/garageblogec.com\/index.php?rest_route=\/wp\/v2\/posts\/1977\/revisions"}],"predecessor-version":[{"id":1984,"href":"https:\/\/garageblogec.com\/index.php?rest_route=\/wp\/v2\/posts\/1977\/revisions\/1984"}],"wp:featuredmedia":[{"embeddable":true,"href":"https:\/\/garageblogec.com\/index.php?rest_route=\/wp\/v2\/media\/1979"}],"wp:attachment":[{"href":"https:\/\/garageblogec.com\/index.php?rest_route=%2Fwp%2Fv2%2Fmedia&parent=1977"}],"wp:term":[{"taxonomy":"category","embeddable":true,"href":"https:\/\/garageblogec.com\/index.php?rest_route=%2Fwp%2Fv2%2Fcategories&post=1977"},{"taxonomy":"post_tag","embeddable":true,"href":"https:\/\/garageblogec.com\/index.php?rest_route=%2Fwp%2Fv2%2Ftags&post=1977"}],"curies":[{"name":"wp","href":"https:\/\/api.w.org\/{rel}","templated":true}]}}