{"id":1969,"date":"2025-04-30T16:43:52","date_gmt":"2025-04-30T16:43:52","guid":{"rendered":"https:\/\/garageblogec.com\/?p=1969"},"modified":"2025-04-30T16:52:21","modified_gmt":"2025-04-30T16:52:21","slug":"drama-historico-el-v10-del-renault-r25-de-fernando-alonso-salta-por-los-aires-en-plena-exhibicion","status":"publish","type":"post","link":"https:\/\/garageblogec.com\/?p=1969","title":{"rendered":"Drama hist\u00f3rico: El V10 del Renault R25 de Fernando Alonso salta por los aires en plena exhibici\u00f3n"},"content":{"rendered":"\n<p>El circuito de Paul Ricard vivi\u00f3 el pasado fin de semana un evento de los que te sacan una sonrisa de oreja a oreja con el llamado Grand Prix hist\u00f3rico promovido por la propia FFSA y que cont\u00f3 con un n\u00famero notablemente alto de F1 de los 70 y 80, aquellos que las actuales generaciones no han podido ver m\u00e1s que por v\u00eddeos.<\/p>\n\n\n\n<figure class=\"wp-block-image size-large\"><img decoding=\"async\" src=\"https:\/\/hips.hearstapps.com\/hmg-prod\/images\/r25-6810bbb9bdaf6.jpg?crop=1.00xw:0.892xh;0,0.0338xh&amp;resize=1200:*\" alt=\"\"\/><\/figure>\n\n\n\n<h2 class=\"wp-block-heading\" id=\"gran-premio-histrico\">Gran Premio Hist\u00f3rico<\/h2>\n\n\n\n<p>A los monoplazas se sumaron figuras altamente importantes que van desde Alain Prost hasta Jean Alesi pasando por Jacques Villeneuve y un \u2018infiltrado\u2019 como Charles Leclerc, adem\u00e1s de una importante congregaci\u00f3n de pilotos franceses y alrededores, como Stefan Johansson, Thierry Boutsen, Philippe Alliot, Julien Febreau, Ren\u00e9 Arnoux, Marcel Fassler e incluso Yannick Dalmas, al volante de un imponente Ferrari 330 P4, para muchos, el veh\u00edculo de carreras m\u00e1s bonito jam\u00e1s dise\u00f1ado. Menci\u00f3n especial a Zak Brown, que sac\u00f3 de paseo un fant\u00e1stico Jaguar XJR-9 y tambi\u00e9n un Williams FW07B. Porque para qu\u00e9 vas a pilotar un hist\u00f3rico si puedes ponerte al volante de varios.<\/p>\n\n\n\n<figure class=\"wp-block-image size-full\"><a href=\"https:\/\/www.kia.com\/ec\/showroom\/kia_ev3\/features.html\"><img fetchpriority=\"high\" decoding=\"async\" width=\"800\" height=\"222\" src=\"https:\/\/garageblogec.com\/wp-content\/uploads\/2025\/04\/7gif1080X300peso-ezgif.com-video-to-webp-converter.webp\" alt=\"\" class=\"wp-image-1923\"\/><\/a><\/figure>\n\n\n\n<p>Desafortunadamente, cuando se sacan estos monoplazas a pasear, siempre hay riesgo de que ocurran incidencias en las que ninguno quiere pensar, m\u00e1s cuando se le da formato de carrera, que por mucho que los pilotos no vayan con el cuchillo entre los dientes, se rueda a un ritmo alto.<\/p>\n\n\n\n<figure class=\"wp-block-video\"><video height=\"360\" style=\"aspect-ratio: 640 \/ 360;\" width=\"640\" controls src=\"https:\/\/garageblogec.com\/wp-content\/uploads\/2025\/04\/ssstwitter.com_1745757129924.mp4\"><\/video><\/figure>\n\n\n\n<p>Una de estas incidencias la protagoniz\u00f3 uno de los monoplazas m\u00e1s queridos por la afici\u00f3n espa\u00f1ol, el Renault R25 con el que Fernando Alonso logr\u00f3 su primer campeonato del mundo de F1, y que con una edad de 20 a\u00f1os, formaba parte de los monoplazas de exhibici\u00f3n que desde luego no puede faltar en un evento franc\u00e9s. Con el que durante muchos a\u00f1os fuese probador de Renault, Franck Montagny, el R25 vio como su rugiente V10 se volatilizaba con una notable humareda blanca de las que desde luego ya no se ven en F1.<\/p>\n\n\n\n<p>Fotograf\u00edas del momento exacto revelan que fue una rotura con todas las letras, de las que tienen trozos de metal saliendo disparado en todas direcciones y requieren una buena reparaci\u00f3n, m\u00e1s all\u00e1 de remplazar el motor.<\/p>\n\n\n\n<p>Hay que recordar que el R25 equipaba los V10 de \u00faltima generaci\u00f3n, ya que en 2006 la F1 comenz\u00f3 a montar los V8. Anta\u00f1o, los motores se exprim\u00edan al l\u00edmite, con una vida \u00fatil que apenas llegaba para completar los poco m\u00e1s de 300 kil\u00f3metros de una carrera, aunque precisamente la normativa se puso m\u00e1s restrictiva en los \u00faltimos a\u00f1os de los V10, que en 2005 obligaba a usar el mismo motor durante dos fines de semana completo, buscando la contenci\u00f3n de costes.<\/p>\n\n\n\n<h2 class=\"wp-block-heading\" id=\"el-f1-de-fernando-alonso-en-llamas\">El F1 de Fernando Alonso, en llamas<\/h2>\n\n\n\n<p>Esto ha permitido que estos motores sean vistos en exhibiciones con cierta frecuencia, pero no quita que, incluso con limitaci\u00f3n de revoluciones, puedan ocurrir roturas de este tipo cuando ya acumulan cierta distancia, m\u00e1s cuando al principio del evento, fue usado para tocar el himno de Francia, como ya ha hecho Renault en diferentes ocasiones.<\/p>\n\n\n\n<figure class=\"wp-block-image\"><img decoding=\"async\" src=\"https:\/\/hips.hearstapps.com\/hmg-prod\/images\/rial-89-6810bcf94193b.jpg?resize=980:*\" alt=\"renault\" title=\"F1 Rial 89\"\/><\/figure>\n\n\n\n<p>Grand Prix historique<\/p>\n\n\n\n<p>La lista de infortunios se complet\u00f3 con un incidente en la categor\u00eda m\u00e1s moderna, donde a modo de lo que en los \u00faltimos a\u00f1os ha sido el Boss GP, se dieron cita varias generaciones de GP2, Formula Renault 3.5, AutoGP (F\u00f3rmula 3.000), Panoz DP09 de la SuperLeague Formula, y tambi\u00e9n alg\u00fan F1 como un Williams FW33, un Prost AP02, varios Rial ACR2 del 89, dos Toro Rosso STR8 de 2013, e incluso el Jaguar R5 del neerland\u00e9s Klaas Zwart que ha batido varios r\u00e9cords en circuitos espa\u00f1oles. En esta carrera, uno de los GP2 perdi\u00f3 el control cuando estaba adelantando a uno de los Rial ACR2, y\u00e9ndose totalmente contra ellos. Para bien o para mal, no se trata de un F1 excesivamente cotizado, aunque son im\u00e1genes que duelen.<\/p>\n\n\n<div class='pt-cv-wrapper'> <h3 class='pt-cv-heading-container heading1' data-blockid='of82ldao'><span class='pt-cv-heading'> Overlay1 <\/span><\/h3><div class=\"pt-cv-view pt-cv-overlaygrid iscvblock iscvreal overlay1 layout1\" id=\"pt-cv-view-of82ldao\"><div data-id=\"pt-cv-page-1\" class=\"pt-cv-page\" data-cvc=\"3\"><div class=\" pt-cv-content-item pt-cv-1-col\" ><div class=\"pt-cv-thumb-wrapper  \"><a href=\"https:\/\/garageblogec.com\/?p=3303\" class=\"_self pt-cv-href-thumbnail pt-cv-thumb-default\" target=\"_self\" ><img decoding=\"async\" width=\"768\" height=\"432\" src=\"https:\/\/garageblogec.com\/wp-content\/uploads\/2026\/04\/WhatsApp-Image-2026-04-21-at-1.52.53-PM-768x432.jpeg\" class=\"pt-cv-thumbnail\" alt=\"\" \/><\/a><\/div>\n<div class=\"pt-cv-overlay-wrapper\"><div class=\"pt-cv-taxoterm above_title\"><a href='https:\/\/garageblogec.com\/?cat=27' title='Industria Nacional' class='pt-cv-tax-industria-nacional'>Industria Nacional<\/a><\/div><h4 class=\"pt-cv-title\"><a href=\"https:\/\/garageblogec.com\/?p=3303\" class=\"_self\" target=\"_self\" >Grupo Ambacar presenta en Guayaquil KGM, su nueva marca de SUV h\u00edbridos con respaldo global<\/a><\/h4><div class=\"pt-cv-meta-fields\"><span class=\"entry-date\"> <time datetime=\"2026-04-21T21:37:24+00:00\">abril 21, 2026<\/time><\/span><span> \/ <\/span><span class=\"author\"> <a href=\"https:\/\/garageblogec.com\/?author=6\" rel=\"author\">gabi1212<\/a><\/span><\/div><\/div><\/div>\n<div class=\" pt-cv-content-item pt-cv-1-col\" ><div class=\"pt-cv-thumb-wrapper  \"><a href=\"https:\/\/garageblogec.com\/?p=3296\" class=\"_self pt-cv-href-thumbnail pt-cv-thumb-default\" target=\"_self\" ><img decoding=\"async\" width=\"768\" height=\"432\" src=\"https:\/\/garageblogec.com\/wp-content\/uploads\/2026\/04\/WhatsApp-Image-2026-04-14-at-3.15.09-PM-768x432.jpeg\" class=\"pt-cv-thumbnail\" alt=\"\" \/><\/a><\/div>\n<div class=\"pt-cv-overlay-wrapper\"><div class=\"pt-cv-taxoterm above_title\"><a href='https:\/\/garageblogec.com\/?cat=27' title='Industria Nacional' class='pt-cv-tax-industria-nacional'>Industria Nacional<\/a><\/div><h4 class=\"pt-cv-title\"><a href=\"https:\/\/garageblogec.com\/?p=3296\" class=\"_self\" target=\"_self\" >El tablero desapareci\u00f3, ahora el auto es una pantalla inteligente<\/a><\/h4><div class=\"pt-cv-meta-fields\"><span class=\"entry-date\"> <time datetime=\"2026-04-14T20:21:20+00:00\">abril 14, 2026<\/time><\/span><span> \/ <\/span><span class=\"author\"> <a href=\"https:\/\/garageblogec.com\/?author=6\" rel=\"author\">gabi1212<\/a><\/span><\/div><\/div><\/div>\n<div class=\" pt-cv-content-item pt-cv-1-col\" ><div class=\"pt-cv-thumb-wrapper  \"><a href=\"https:\/\/garageblogec.com\/?p=3291\" class=\"_self pt-cv-href-thumbnail pt-cv-thumb-default\" target=\"_self\" ><img loading=\"lazy\" decoding=\"async\" width=\"768\" height=\"432\" src=\"https:\/\/garageblogec.com\/wp-content\/uploads\/2026\/04\/WhatsApp-Image-2026-04-14-at-2.21.27-PM-768x432.jpeg\" class=\"pt-cv-thumbnail\" alt=\"\" \/><\/a><\/div>\n<div class=\"pt-cv-overlay-wrapper\"><div class=\"pt-cv-taxoterm above_title\"><a href='https:\/\/garageblogec.com\/?cat=27' title='Industria Nacional' class='pt-cv-tax-industria-nacional'>Industria Nacional<\/a><\/div><h4 class=\"pt-cv-title\"><a href=\"https:\/\/garageblogec.com\/?p=3291\" class=\"_self\" target=\"_self\" >Seguridad al volante en Ecuador: los errores m\u00e1s comunes que cometen los conductores<\/a><\/h4><div class=\"pt-cv-meta-fields\"><span class=\"entry-date\"> <time datetime=\"2026-04-14T20:08:54+00:00\">abril 14, 2026<\/time><\/span><span> \/ <\/span><span class=\"author\"> <a href=\"https:\/\/garageblogec.com\/?author=6\" rel=\"author\">gabi1212<\/a><\/span><\/div><\/div><\/div>\n<div class=\" pt-cv-content-item pt-cv-1-col\" ><div class=\"pt-cv-thumb-wrapper  \"><a href=\"https:\/\/garageblogec.com\/?p=3286\" class=\"_self pt-cv-href-thumbnail pt-cv-thumb-default\" target=\"_self\" ><img loading=\"lazy\" decoding=\"async\" width=\"768\" height=\"492\" src=\"https:\/\/garageblogec.com\/wp-content\/uploads\/2026\/04\/Posventa.jpg-768x492.jpeg\" class=\"pt-cv-thumbnail\" alt=\"\" \/><\/a><\/div>\n<div class=\"pt-cv-overlay-wrapper\"><div class=\"pt-cv-taxoterm above_title\"><a href='https:\/\/garageblogec.com\/?cat=27' title='Industria Nacional' class='pt-cv-tax-industria-nacional'>Industria Nacional<\/a><\/div><h4 class=\"pt-cv-title\"><a href=\"https:\/\/garageblogec.com\/?p=3286\" class=\"_self\" target=\"_self\" >Clientes Nissan reciben cambios de aceite infinitos<\/a><\/h4><div class=\"pt-cv-meta-fields\"><span class=\"entry-date\"> <time datetime=\"2026-04-14T20:04:08+00:00\">abril 14, 2026<\/time><\/span><span> \/ <\/span><span class=\"author\"> <a href=\"https:\/\/garageblogec.com\/?author=6\" rel=\"author\">gabi1212<\/a><\/span><\/div><\/div><\/div>\n<div class=\" pt-cv-content-item pt-cv-1-col\" ><div class=\"pt-cv-thumb-wrapper  \"><a href=\"https:\/\/garageblogec.com\/?p=3280\" class=\"_self pt-cv-href-thumbnail pt-cv-thumb-default\" target=\"_self\" ><img loading=\"lazy\" decoding=\"async\" width=\"768\" height=\"512\" src=\"https:\/\/garageblogec.com\/wp-content\/uploads\/2026\/04\/foto1-768x512.jpeg\" class=\"pt-cv-thumbnail\" alt=\"\" \/><\/a><\/div>\n<div class=\"pt-cv-overlay-wrapper\"><div class=\"pt-cv-taxoterm above_title\"><a href='https:\/\/garageblogec.com\/?cat=27' title='Industria Nacional' class='pt-cv-tax-industria-nacional'>Industria Nacional<\/a><\/div><h4 class=\"pt-cv-title\"><a href=\"https:\/\/garageblogec.com\/?p=3280\" class=\"_self\" target=\"_self\" >Movilidad como inversi\u00f3n: el uso de utilidades que crece en Ecuador<\/a><\/h4><div class=\"pt-cv-meta-fields\"><span class=\"entry-date\"> <time datetime=\"2026-04-07T19:55:36+00:00\">abril 7, 2026<\/time><\/span><span> \/ <\/span><span class=\"author\"> <a href=\"https:\/\/garageblogec.com\/?author=6\" rel=\"author\">gabi1212<\/a><\/span><\/div><\/div><\/div>\n<div class=\" pt-cv-content-item pt-cv-1-col\" ><div class=\"pt-cv-thumb-wrapper  \"><a href=\"https:\/\/garageblogec.com\/?p=3276\" class=\"_self pt-cv-href-thumbnail pt-cv-thumb-default\" target=\"_self\" ><img loading=\"lazy\" decoding=\"async\" width=\"745\" height=\"491\" src=\"https:\/\/garageblogec.com\/wp-content\/uploads\/2026\/04\/TT.png\" class=\"pt-cv-thumbnail\" alt=\"\" \/><\/a><\/div>\n<div class=\"pt-cv-overlay-wrapper\"><div class=\"pt-cv-taxoterm above_title\"><a href='https:\/\/garageblogec.com\/?cat=27' title='Industria Nacional' class='pt-cv-tax-industria-nacional'>Industria Nacional<\/a><\/div><h4 class=\"pt-cv-title\"><a href=\"https:\/\/garageblogec.com\/?p=3276\" class=\"_self\" target=\"_self\" >Lluvias en Ecuador: C\u00f3mo reducir riesgos en carretera y prevenir accidentes en calzada mojada<\/a><\/h4><div class=\"pt-cv-meta-fields\"><span class=\"entry-date\"> <time datetime=\"2026-04-07T19:46:52+00:00\">abril 7, 2026<\/time><\/span><span> \/ <\/span><span class=\"author\"> <a href=\"https:\/\/garageblogec.com\/?author=6\" rel=\"author\">gabi1212<\/a><\/span><\/div><\/div><\/div><\/div><\/div> <\/div> <style>\n#pt-cv-view-of82ldao .pt-cv-thumb-wrapper::before {background: rgba(0,0,0,.4); opacity: 0.8;}#pt-cv-view-of82ldao .pt-cv-overlay-wrapper {justify-content: center;}\n#pt-cv-view-of82ldao .pt-cv-meta-fields {  }#pt-cv-view-of82ldao .pt-cv-meta-fields * { font-size: 13px; }#pt-cv-view-of82ldao .pt-cv-title a { display: block; }#pt-cv-view-of82ldao .pt-cv-title:not(.pt-cv-titlesm) a { font-weight: 600;text-decoration: none;font-size: 20px; }#pt-cv-view-of82ldao .pt-cv-titlesm a { font-weight: 600;font-size: 18px; }#pt-cv-view-of82ldao .pt-cv-content { font-size: 15px; }#pt-cv-view-of82ldao .pt-cv-rmwrap {  }#pt-cv-view-of82ldao .pt-cv-readmore { color: #fff;background-color: #0075ff;font-size: 14px; }#pt-cv-view-of82ldao .pt-cv-taxoterm { margin: 0px 0px 20px 0px; }#pt-cv-view-of82ldao .pt-cv-taxoterm * { color: #222;background-color: #fff6f6;font-size: 14px; }#pt-cv-view-of82ldao + .pt-cv-pagination-wrapper {  }#pt-cv-view-of82ldao + .pt-cv-pagination-wrapper a { font-size: 14px; }#pt-cv-view-of82ldao > .pt-cv-page {grid-template-columns: repeat(3, 1fr);grid-auto-rows: 250px;grid-gap: 10px;}\n@media all and (max-width: 1024px) { \n#pt-cv-view-of82ldao > .pt-cv-page {}\n} \n@media all and (max-width: 767px) { \n#pt-cv-view-of82ldao > .pt-cv-page {grid-template-columns: repeat(1, 1fr);}\n} <\/style>\n\n\n<p><\/p>\n","protected":false},"excerpt":{"rendered":"<p>El circuito de Paul Ricard acogi\u00f3 un gran evento con monoplazas hist\u00f3ricos en el que se vivieron im\u00e1genes muy dolorosas protagonizadas por el ic\u00f3nico R25.<\/p>\n","protected":false},"author":6,"featured_media":1971,"comment_status":"open","ping_status":"open","sticky":false,"template":"","format":"standard","meta":{"_jetpack_memberships_contains_paid_content":false,"footnotes":""},"categories":[27],"tags":[],"class_list":["post-1969","post","type-post","status-publish","format-standard","has-post-thumbnail","hentry","category-industria-nacional"],"yoast_head":"<!-- This site is optimized with the Yoast SEO plugin v27.5 - https:\/\/yoast.com\/product\/yoast-seo-wordpress\/ -->\n<title>Drama hist\u00f3rico: El V10 del Renault R25 de Fernando Alonso salta por los aires en plena exhibici\u00f3n - Garage Blog Ecuador<\/title>\n<meta name=\"robots\" content=\"index, follow, max-snippet:-1, max-image-preview:large, max-video-preview:-1\" \/>\n<link rel=\"canonical\" href=\"https:\/\/garageblogec.com\/?p=1969\" \/>\n<meta property=\"og:locale\" content=\"es_ES\" \/>\n<meta property=\"og:type\" content=\"article\" \/>\n<meta property=\"og:title\" content=\"Drama hist\u00f3rico: El V10 del Renault R25 de Fernando Alonso salta por los aires en plena exhibici\u00f3n - Garage Blog Ecuador\" \/>\n<meta property=\"og:description\" content=\"El circuito de Paul Ricard acogi\u00f3 un gran evento con monoplazas hist\u00f3ricos en el que se vivieron im\u00e1genes muy dolorosas protagonizadas por el ic\u00f3nico R25.\" \/>\n<meta property=\"og:url\" content=\"https:\/\/garageblogec.com\/?p=1969\" \/>\n<meta property=\"og:site_name\" content=\"Garage Blog Ecuador\" \/>\n<meta property=\"article:published_time\" content=\"2025-04-30T16:43:52+00:00\" \/>\n<meta property=\"article:modified_time\" content=\"2025-04-30T16:52:21+00:00\" \/>\n<meta property=\"og:image\" content=\"https:\/\/garageblogec.com\/wp-content\/uploads\/2025\/04\/Captura-de-pantalla-2025-04-30-113938.png\" \/>\n\t<meta property=\"og:image:width\" content=\"758\" \/>\n\t<meta property=\"og:image:height\" content=\"373\" \/>\n\t<meta property=\"og:image:type\" content=\"image\/png\" \/>\n<meta name=\"author\" content=\"gabi1212\" \/>\n<meta name=\"twitter:card\" content=\"summary_large_image\" \/>\n<meta name=\"twitter:label1\" content=\"Escrito por\" \/>\n\t<meta name=\"twitter:data1\" content=\"gabi1212\" \/>\n\t<meta name=\"twitter:label2\" content=\"Tiempo de lectura\" \/>\n\t<meta name=\"twitter:data2\" content=\"4 minutos\" \/>\n<script type=\"application\/ld+json\" class=\"yoast-schema-graph\">{\"@context\":\"https:\\\/\\\/schema.org\",\"@graph\":[{\"@type\":\"Article\",\"@id\":\"https:\\\/\\\/garageblogec.com\\\/?p=1969#article\",\"isPartOf\":{\"@id\":\"https:\\\/\\\/garageblogec.com\\\/?p=1969\"},\"author\":{\"name\":\"gabi1212\",\"@id\":\"https:\\\/\\\/garageblogec.com\\\/#\\\/schema\\\/person\\\/635f4b76c0cb3e43b82fe6f7d8bcceea\"},\"headline\":\"Drama hist\u00f3rico: El V10 del Renault R25 de Fernando Alonso salta por los aires en plena exhibici\u00f3n\",\"datePublished\":\"2025-04-30T16:43:52+00:00\",\"dateModified\":\"2025-04-30T16:52:21+00:00\",\"mainEntityOfPage\":{\"@id\":\"https:\\\/\\\/garageblogec.com\\\/?p=1969\"},\"wordCount\":682,\"commentCount\":0,\"publisher\":{\"@id\":\"https:\\\/\\\/garageblogec.com\\\/#organization\"},\"image\":{\"@id\":\"https:\\\/\\\/garageblogec.com\\\/?p=1969#primaryimage\"},\"thumbnailUrl\":\"https:\\\/\\\/garageblogec.com\\\/wp-content\\\/uploads\\\/2025\\\/04\\\/Captura-de-pantalla-2025-04-30-113938.png\",\"articleSection\":[\"Industria Nacional\"],\"inLanguage\":\"es\",\"potentialAction\":[{\"@type\":\"CommentAction\",\"name\":\"Comment\",\"target\":[\"https:\\\/\\\/garageblogec.com\\\/?p=1969#respond\"]}]},{\"@type\":\"WebPage\",\"@id\":\"https:\\\/\\\/garageblogec.com\\\/?p=1969\",\"url\":\"https:\\\/\\\/garageblogec.com\\\/?p=1969\",\"name\":\"Drama hist\u00f3rico: El V10 del Renault R25 de Fernando Alonso salta por los aires en plena exhibici\u00f3n - Garage Blog Ecuador\",\"isPartOf\":{\"@id\":\"https:\\\/\\\/garageblogec.com\\\/#website\"},\"primaryImageOfPage\":{\"@id\":\"https:\\\/\\\/garageblogec.com\\\/?p=1969#primaryimage\"},\"image\":{\"@id\":\"https:\\\/\\\/garageblogec.com\\\/?p=1969#primaryimage\"},\"thumbnailUrl\":\"https:\\\/\\\/garageblogec.com\\\/wp-content\\\/uploads\\\/2025\\\/04\\\/Captura-de-pantalla-2025-04-30-113938.png\",\"datePublished\":\"2025-04-30T16:43:52+00:00\",\"dateModified\":\"2025-04-30T16:52:21+00:00\",\"breadcrumb\":{\"@id\":\"https:\\\/\\\/garageblogec.com\\\/?p=1969#breadcrumb\"},\"inLanguage\":\"es\",\"potentialAction\":[{\"@type\":\"ReadAction\",\"target\":[\"https:\\\/\\\/garageblogec.com\\\/?p=1969\"]}]},{\"@type\":\"ImageObject\",\"inLanguage\":\"es\",\"@id\":\"https:\\\/\\\/garageblogec.com\\\/?p=1969#primaryimage\",\"url\":\"https:\\\/\\\/garageblogec.com\\\/wp-content\\\/uploads\\\/2025\\\/04\\\/Captura-de-pantalla-2025-04-30-113938.png\",\"contentUrl\":\"https:\\\/\\\/garageblogec.com\\\/wp-content\\\/uploads\\\/2025\\\/04\\\/Captura-de-pantalla-2025-04-30-113938.png\",\"width\":758,\"height\":373},{\"@type\":\"BreadcrumbList\",\"@id\":\"https:\\\/\\\/garageblogec.com\\\/?p=1969#breadcrumb\",\"itemListElement\":[{\"@type\":\"ListItem\",\"position\":1,\"name\":\"Portada\",\"item\":\"https:\\\/\\\/garageblogec.com\\\/\"},{\"@type\":\"ListItem\",\"position\":2,\"name\":\"Drama hist\u00f3rico: El V10 del Renault R25 de Fernando Alonso salta por los aires en plena exhibici\u00f3n\"}]},{\"@type\":\"WebSite\",\"@id\":\"https:\\\/\\\/garageblogec.com\\\/#website\",\"url\":\"https:\\\/\\\/garageblogec.com\\\/\",\"name\":\"Garage Blog Ecuador\",\"description\":\"Alucinamos por los autos \",\"publisher\":{\"@id\":\"https:\\\/\\\/garageblogec.com\\\/#organization\"},\"potentialAction\":[{\"@type\":\"SearchAction\",\"target\":{\"@type\":\"EntryPoint\",\"urlTemplate\":\"https:\\\/\\\/garageblogec.com\\\/?s={search_term_string}\"},\"query-input\":{\"@type\":\"PropertyValueSpecification\",\"valueRequired\":true,\"valueName\":\"search_term_string\"}}],\"inLanguage\":\"es\"},{\"@type\":\"Organization\",\"@id\":\"https:\\\/\\\/garageblogec.com\\\/#organization\",\"name\":\"Garage Blog Ecuador\",\"url\":\"https:\\\/\\\/garageblogec.com\\\/\",\"logo\":{\"@type\":\"ImageObject\",\"inLanguage\":\"es\",\"@id\":\"https:\\\/\\\/garageblogec.com\\\/#\\\/schema\\\/logo\\\/image\\\/\",\"url\":\"https:\\\/\\\/garageblogec.com\\\/wp-content\\\/uploads\\\/2024\\\/02\\\/cropped-logo-png-para-blog.webp\",\"contentUrl\":\"https:\\\/\\\/garageblogec.com\\\/wp-content\\\/uploads\\\/2024\\\/02\\\/cropped-logo-png-para-blog.webp\",\"width\":840,\"height\":556,\"caption\":\"Garage Blog Ecuador \"},\"image\":{\"@id\":\"https:\\\/\\\/garageblogec.com\\\/#\\\/schema\\\/logo\\\/image\\\/\"}},{\"@type\":\"Person\",\"@id\":\"https:\\\/\\\/garageblogec.com\\\/#\\\/schema\\\/person\\\/635f4b76c0cb3e43b82fe6f7d8bcceea\",\"name\":\"gabi1212\",\"image\":{\"@type\":\"ImageObject\",\"inLanguage\":\"es\",\"@id\":\"https:\\\/\\\/secure.gravatar.com\\\/avatar\\\/6aa491f45cb359d4d6dd8c430e83f78899c80569c27d21156e19bbdcd31d1811?s=96&d=mm&r=g\",\"url\":\"https:\\\/\\\/secure.gravatar.com\\\/avatar\\\/6aa491f45cb359d4d6dd8c430e83f78899c80569c27d21156e19bbdcd31d1811?s=96&d=mm&r=g\",\"contentUrl\":\"https:\\\/\\\/secure.gravatar.com\\\/avatar\\\/6aa491f45cb359d4d6dd8c430e83f78899c80569c27d21156e19bbdcd31d1811?s=96&d=mm&r=g\",\"caption\":\"gabi1212\"},\"url\":\"https:\\\/\\\/garageblogec.com\\\/?author=6\"}]}<\/script>\n<!-- \/ Yoast SEO plugin. -->","yoast_head_json":{"title":"Drama hist\u00f3rico: El V10 del Renault R25 de Fernando Alonso salta por los aires en plena exhibici\u00f3n - Garage Blog Ecuador","robots":{"index":"index","follow":"follow","max-snippet":"max-snippet:-1","max-image-preview":"max-image-preview:large","max-video-preview":"max-video-preview:-1"},"canonical":"https:\/\/garageblogec.com\/?p=1969","og_locale":"es_ES","og_type":"article","og_title":"Drama hist\u00f3rico: El V10 del Renault R25 de Fernando Alonso salta por los aires en plena exhibici\u00f3n - Garage Blog Ecuador","og_description":"El circuito de Paul Ricard acogi\u00f3 un gran evento con monoplazas hist\u00f3ricos en el que se vivieron im\u00e1genes muy dolorosas protagonizadas por el ic\u00f3nico R25.","og_url":"https:\/\/garageblogec.com\/?p=1969","og_site_name":"Garage Blog Ecuador","article_published_time":"2025-04-30T16:43:52+00:00","article_modified_time":"2025-04-30T16:52:21+00:00","og_image":[{"width":758,"height":373,"url":"https:\/\/garageblogec.com\/wp-content\/uploads\/2025\/04\/Captura-de-pantalla-2025-04-30-113938.png","type":"image\/png"}],"author":"gabi1212","twitter_card":"summary_large_image","twitter_misc":{"Escrito por":"gabi1212","Tiempo de lectura":"4 minutos"},"schema":{"@context":"https:\/\/schema.org","@graph":[{"@type":"Article","@id":"https:\/\/garageblogec.com\/?p=1969#article","isPartOf":{"@id":"https:\/\/garageblogec.com\/?p=1969"},"author":{"name":"gabi1212","@id":"https:\/\/garageblogec.com\/#\/schema\/person\/635f4b76c0cb3e43b82fe6f7d8bcceea"},"headline":"Drama hist\u00f3rico: El V10 del Renault R25 de Fernando Alonso salta por los aires en plena exhibici\u00f3n","datePublished":"2025-04-30T16:43:52+00:00","dateModified":"2025-04-30T16:52:21+00:00","mainEntityOfPage":{"@id":"https:\/\/garageblogec.com\/?p=1969"},"wordCount":682,"commentCount":0,"publisher":{"@id":"https:\/\/garageblogec.com\/#organization"},"image":{"@id":"https:\/\/garageblogec.com\/?p=1969#primaryimage"},"thumbnailUrl":"https:\/\/garageblogec.com\/wp-content\/uploads\/2025\/04\/Captura-de-pantalla-2025-04-30-113938.png","articleSection":["Industria Nacional"],"inLanguage":"es","potentialAction":[{"@type":"CommentAction","name":"Comment","target":["https:\/\/garageblogec.com\/?p=1969#respond"]}]},{"@type":"WebPage","@id":"https:\/\/garageblogec.com\/?p=1969","url":"https:\/\/garageblogec.com\/?p=1969","name":"Drama hist\u00f3rico: El V10 del Renault R25 de Fernando Alonso salta por los aires en plena exhibici\u00f3n - Garage Blog Ecuador","isPartOf":{"@id":"https:\/\/garageblogec.com\/#website"},"primaryImageOfPage":{"@id":"https:\/\/garageblogec.com\/?p=1969#primaryimage"},"image":{"@id":"https:\/\/garageblogec.com\/?p=1969#primaryimage"},"thumbnailUrl":"https:\/\/garageblogec.com\/wp-content\/uploads\/2025\/04\/Captura-de-pantalla-2025-04-30-113938.png","datePublished":"2025-04-30T16:43:52+00:00","dateModified":"2025-04-30T16:52:21+00:00","breadcrumb":{"@id":"https:\/\/garageblogec.com\/?p=1969#breadcrumb"},"inLanguage":"es","potentialAction":[{"@type":"ReadAction","target":["https:\/\/garageblogec.com\/?p=1969"]}]},{"@type":"ImageObject","inLanguage":"es","@id":"https:\/\/garageblogec.com\/?p=1969#primaryimage","url":"https:\/\/garageblogec.com\/wp-content\/uploads\/2025\/04\/Captura-de-pantalla-2025-04-30-113938.png","contentUrl":"https:\/\/garageblogec.com\/wp-content\/uploads\/2025\/04\/Captura-de-pantalla-2025-04-30-113938.png","width":758,"height":373},{"@type":"BreadcrumbList","@id":"https:\/\/garageblogec.com\/?p=1969#breadcrumb","itemListElement":[{"@type":"ListItem","position":1,"name":"Portada","item":"https:\/\/garageblogec.com\/"},{"@type":"ListItem","position":2,"name":"Drama hist\u00f3rico: El V10 del Renault R25 de Fernando Alonso salta por los aires en plena exhibici\u00f3n"}]},{"@type":"WebSite","@id":"https:\/\/garageblogec.com\/#website","url":"https:\/\/garageblogec.com\/","name":"Garage Blog Ecuador","description":"Alucinamos por los autos ","publisher":{"@id":"https:\/\/garageblogec.com\/#organization"},"potentialAction":[{"@type":"SearchAction","target":{"@type":"EntryPoint","urlTemplate":"https:\/\/garageblogec.com\/?s={search_term_string}"},"query-input":{"@type":"PropertyValueSpecification","valueRequired":true,"valueName":"search_term_string"}}],"inLanguage":"es"},{"@type":"Organization","@id":"https:\/\/garageblogec.com\/#organization","name":"Garage Blog Ecuador","url":"https:\/\/garageblogec.com\/","logo":{"@type":"ImageObject","inLanguage":"es","@id":"https:\/\/garageblogec.com\/#\/schema\/logo\/image\/","url":"https:\/\/garageblogec.com\/wp-content\/uploads\/2024\/02\/cropped-logo-png-para-blog.webp","contentUrl":"https:\/\/garageblogec.com\/wp-content\/uploads\/2024\/02\/cropped-logo-png-para-blog.webp","width":840,"height":556,"caption":"Garage Blog Ecuador "},"image":{"@id":"https:\/\/garageblogec.com\/#\/schema\/logo\/image\/"}},{"@type":"Person","@id":"https:\/\/garageblogec.com\/#\/schema\/person\/635f4b76c0cb3e43b82fe6f7d8bcceea","name":"gabi1212","image":{"@type":"ImageObject","inLanguage":"es","@id":"https:\/\/secure.gravatar.com\/avatar\/6aa491f45cb359d4d6dd8c430e83f78899c80569c27d21156e19bbdcd31d1811?s=96&d=mm&r=g","url":"https:\/\/secure.gravatar.com\/avatar\/6aa491f45cb359d4d6dd8c430e83f78899c80569c27d21156e19bbdcd31d1811?s=96&d=mm&r=g","contentUrl":"https:\/\/secure.gravatar.com\/avatar\/6aa491f45cb359d4d6dd8c430e83f78899c80569c27d21156e19bbdcd31d1811?s=96&d=mm&r=g","caption":"gabi1212"},"url":"https:\/\/garageblogec.com\/?author=6"}]}},"jetpack_featured_media_url":"https:\/\/garageblogec.com\/wp-content\/uploads\/2025\/04\/Captura-de-pantalla-2025-04-30-113938.png","jetpack_sharing_enabled":true,"_links":{"self":[{"href":"https:\/\/garageblogec.com\/index.php?rest_route=\/wp\/v2\/posts\/1969","targetHints":{"allow":["GET"]}}],"collection":[{"href":"https:\/\/garageblogec.com\/index.php?rest_route=\/wp\/v2\/posts"}],"about":[{"href":"https:\/\/garageblogec.com\/index.php?rest_route=\/wp\/v2\/types\/post"}],"author":[{"embeddable":true,"href":"https:\/\/garageblogec.com\/index.php?rest_route=\/wp\/v2\/users\/6"}],"replies":[{"embeddable":true,"href":"https:\/\/garageblogec.com\/index.php?rest_route=%2Fwp%2Fv2%2Fcomments&post=1969"}],"version-history":[{"count":2,"href":"https:\/\/garageblogec.com\/index.php?rest_route=\/wp\/v2\/posts\/1969\/revisions"}],"predecessor-version":[{"id":1973,"href":"https:\/\/garageblogec.com\/index.php?rest_route=\/wp\/v2\/posts\/1969\/revisions\/1973"}],"wp:featuredmedia":[{"embeddable":true,"href":"https:\/\/garageblogec.com\/index.php?rest_route=\/wp\/v2\/media\/1971"}],"wp:attachment":[{"href":"https:\/\/garageblogec.com\/index.php?rest_route=%2Fwp%2Fv2%2Fmedia&parent=1969"}],"wp:term":[{"taxonomy":"category","embeddable":true,"href":"https:\/\/garageblogec.com\/index.php?rest_route=%2Fwp%2Fv2%2Fcategories&post=1969"},{"taxonomy":"post_tag","embeddable":true,"href":"https:\/\/garageblogec.com\/index.php?rest_route=%2Fwp%2Fv2%2Ftags&post=1969"}],"curies":[{"name":"wp","href":"https:\/\/api.w.org\/{rel}","templated":true}]}}