{"id":1962,"date":"2025-04-29T19:33:57","date_gmt":"2025-04-29T19:33:57","guid":{"rendered":"https:\/\/garageblogec.com\/?p=1962"},"modified":"2025-04-29T19:34:10","modified_gmt":"2025-04-29T19:34:10","slug":"kia-ecuador-presenta-el-ev3-su-suv-100-electrico-que-marca-un-hito-en-la-movilidad-sostenible","status":"publish","type":"post","link":"https:\/\/garageblogec.com\/?p=1962","title":{"rendered":"Kia Ecuador presenta el EV3, su SUV 100% el\u00e9ctrico que marca un hito en la movilidad sostenible"},"content":{"rendered":"\n<p>Kia l\u00edder en movilidad sostenible ha conquistado el mercado automotor ecuatoriano gracias<br>a su innovaci\u00f3n, dise\u00f1o y respaldo, marca un nuevo hito en el pa\u00eds con la llegada oficial del<br>Kia EV3, su m\u00e1s reciente SUV 100% el\u00e9ctrico. Este modelo, que combina tecnolog\u00eda de<br>vanguardia, seguridad, eficiencia energ\u00e9tica y un dise\u00f1o audaz, promete ser el preferido<br>por las familias ecuatorianas.<\/p>\n\n\n\n<figure class=\"wp-block-image size-large\"><img fetchpriority=\"high\" decoding=\"async\" width=\"1024\" height=\"576\" src=\"https:\/\/garageblogec.com\/wp-content\/uploads\/2025\/04\/WhatsApp-Image-2025-04-29-at-10.38.49-AM-1-1024x576.jpeg\" alt=\"\" class=\"wp-image-1964\" srcset=\"https:\/\/garageblogec.com\/wp-content\/uploads\/2025\/04\/WhatsApp-Image-2025-04-29-at-10.38.49-AM-1-1024x576.jpeg 1024w, https:\/\/garageblogec.com\/wp-content\/uploads\/2025\/04\/WhatsApp-Image-2025-04-29-at-10.38.49-AM-1-300x169.jpeg 300w, https:\/\/garageblogec.com\/wp-content\/uploads\/2025\/04\/WhatsApp-Image-2025-04-29-at-10.38.49-AM-1-768x432.jpeg 768w, https:\/\/garageblogec.com\/wp-content\/uploads\/2025\/04\/WhatsApp-Image-2025-04-29-at-10.38.49-AM-1-1536x864.jpeg 1536w, https:\/\/garageblogec.com\/wp-content\/uploads\/2025\/04\/WhatsApp-Image-2025-04-29-at-10.38.49-AM-1-1320x743.jpeg 1320w, https:\/\/garageblogec.com\/wp-content\/uploads\/2025\/04\/WhatsApp-Image-2025-04-29-at-10.38.49-AM-1.jpeg 1600w\" sizes=\"(max-width: 1024px) 100vw, 1024px\" \/><\/figure>\n\n\n\n<p><br>El Kia EV3 destaca por su est\u00e9tica futurista, inspirada en el lenguaje de dise\u00f1o \u201cOpposites<br>United\u201d, que define el estilo y la filosof\u00eda creativa de la marca. Sus l\u00edneas limpias y<br>contrastantes, la imponente parrilla digital y las luces LED verticales le otorgan una<br>identidad \u00fanica y moderna. El interior ofrece un enfoque minimalista y altamente funcional,<br>con una pantalla panor\u00e1mica de m\u00e1s de 30 pulgadas que conecta el panel de instrumentos<br>con el sistema de infoentretenimiento, brindando una experiencia intuitiva y completamente<br>digital.<br>En cuanto a desempe\u00f1o, el Kia EV3 cuenta con una bater\u00eda de alta densidad que, en su<br>versi\u00f3n Wave, ofrece una autonom\u00eda superior a 600 kil\u00f3metros, ideal para trayectos<br>urbanos e interprovinciales sin preocupaciones. Su sistema de carga r\u00e1pida permite<br>recuperar hasta el 80% de la bater\u00eda en aproximadamente 30 minutos, facilitando la vida<br>diaria del conductor.<\/p>\n\n\n\n<figure class=\"wp-block-image size-full\"><a href=\"https:\/\/www.kia.com\/ec\/showroom\/kia_ev3\/features.html\"><img decoding=\"async\" width=\"800\" height=\"222\" src=\"https:\/\/garageblogec.com\/wp-content\/uploads\/2025\/04\/7gif1080X300peso-ezgif.com-video-to-webp-converter.webp\" alt=\"\" class=\"wp-image-1923\"\/><\/a><\/figure>\n\n\n\n<p><br>El EV3 incorpora cuatro modos de conducci\u00f3n -Comfort, Sport, Eco y Snow- y el sistema iPedal 3.0, que permite manejar con un solo pedal, optimizando la regeneraci\u00f3n de energ\u00eda.<br>El modelo integra la mayor cantidad de asistencias avanzadas a la conducci\u00f3n (ADAS) del<br>segmento, incluyendo asistente de colisi\u00f3n, frenado autom\u00e1tico de emergencia,<br>mantenimiento de carril, control crucero adaptativo, entre otros. Gracias a su plataforma EGMP (la misma utilizada por los modelos EV6 y EV9), el EV3 ofrece un centro de gravedad<br>bajo, mayor estabilidad y un espacio interior optimizado.<br>Kia cuenta con una red propia de m\u00e1s de 175 puntos de carga en todo el pa\u00eds, incluyendo<br>10 puntos de carga r\u00e1pida, uno de ellos en las Islas Gal\u00e1pagos que funciona con energ\u00eda<br>fotovoltaica. Esta infraestructura permite a los usuarios moverse con tranquilidad y<br>confianza.<br>El respaldo de Kia Ecuador, junto con su red nacional de concesionarios y talleres, garantiza<br>un servicio t\u00e9cnico especializado y el stock m\u00e1s grande de repuestos y accesorios del<br>mercado, reforzando el compromiso de la marca con la transici\u00f3n hacia una movilidad<br>limpia, accesible y con el est\u00e1ndar de calidad global de Kia.<br>Con el lanzamiento del EV3, Kia no solo ampl\u00eda su portafolio el\u00e9ctrico en Ecuador, sino que<br>reafirma su liderazgo en la transformaci\u00f3n del mercado automotor hacia un futuro m\u00e1s<br>verde y sostenible.<\/p>\n\n\n<div class='pt-cv-wrapper'> <h3 class='pt-cv-heading-container heading1' data-blockid='0xlmnilp'><span class='pt-cv-heading'> Overlay1 <\/span><\/h3><div class=\"pt-cv-view pt-cv-overlaygrid iscvblock iscvreal overlay1 layout1\" id=\"pt-cv-view-0xlmnilp\"><div data-id=\"pt-cv-page-1\" class=\"pt-cv-page\" data-cvc=\"3\"><div class=\" pt-cv-content-item pt-cv-1-col\" ><div class=\"pt-cv-thumb-wrapper  \"><a href=\"https:\/\/garageblogec.com\/?p=3303\" class=\"_self pt-cv-href-thumbnail pt-cv-thumb-default\" target=\"_self\" ><img decoding=\"async\" width=\"768\" height=\"432\" src=\"https:\/\/garageblogec.com\/wp-content\/uploads\/2026\/04\/WhatsApp-Image-2026-04-21-at-1.52.53-PM-768x432.jpeg\" class=\"pt-cv-thumbnail\" alt=\"\" \/><\/a><\/div>\n<div class=\"pt-cv-overlay-wrapper\"><div class=\"pt-cv-taxoterm above_title\"><a href='https:\/\/garageblogec.com\/?cat=27' title='Industria Nacional' class='pt-cv-tax-industria-nacional'>Industria Nacional<\/a><\/div><h4 class=\"pt-cv-title\"><a href=\"https:\/\/garageblogec.com\/?p=3303\" class=\"_self\" target=\"_self\" >Grupo Ambacar presenta en Guayaquil KGM, su nueva marca de SUV h\u00edbridos con respaldo global<\/a><\/h4><div class=\"pt-cv-meta-fields\"><span class=\"entry-date\"> <time datetime=\"2026-04-21T21:37:24+00:00\">abril 21, 2026<\/time><\/span><span> \/ <\/span><span class=\"author\"> <a href=\"https:\/\/garageblogec.com\/?author=6\" rel=\"author\">gabi1212<\/a><\/span><\/div><\/div><\/div>\n<div class=\" pt-cv-content-item pt-cv-1-col\" ><div class=\"pt-cv-thumb-wrapper  \"><a href=\"https:\/\/garageblogec.com\/?p=3296\" class=\"_self pt-cv-href-thumbnail pt-cv-thumb-default\" target=\"_self\" ><img loading=\"lazy\" decoding=\"async\" width=\"768\" height=\"432\" src=\"https:\/\/garageblogec.com\/wp-content\/uploads\/2026\/04\/WhatsApp-Image-2026-04-14-at-3.15.09-PM-768x432.jpeg\" class=\"pt-cv-thumbnail\" alt=\"\" \/><\/a><\/div>\n<div class=\"pt-cv-overlay-wrapper\"><div class=\"pt-cv-taxoterm above_title\"><a href='https:\/\/garageblogec.com\/?cat=27' title='Industria Nacional' class='pt-cv-tax-industria-nacional'>Industria Nacional<\/a><\/div><h4 class=\"pt-cv-title\"><a href=\"https:\/\/garageblogec.com\/?p=3296\" class=\"_self\" target=\"_self\" >El tablero desapareci\u00f3, ahora el auto es una pantalla inteligente<\/a><\/h4><div class=\"pt-cv-meta-fields\"><span class=\"entry-date\"> <time datetime=\"2026-04-14T20:21:20+00:00\">abril 14, 2026<\/time><\/span><span> \/ <\/span><span class=\"author\"> <a href=\"https:\/\/garageblogec.com\/?author=6\" rel=\"author\">gabi1212<\/a><\/span><\/div><\/div><\/div>\n<div class=\" pt-cv-content-item pt-cv-1-col\" ><div class=\"pt-cv-thumb-wrapper  \"><a href=\"https:\/\/garageblogec.com\/?p=3291\" class=\"_self pt-cv-href-thumbnail pt-cv-thumb-default\" target=\"_self\" ><img loading=\"lazy\" decoding=\"async\" width=\"768\" height=\"432\" src=\"https:\/\/garageblogec.com\/wp-content\/uploads\/2026\/04\/WhatsApp-Image-2026-04-14-at-2.21.27-PM-768x432.jpeg\" class=\"pt-cv-thumbnail\" alt=\"\" \/><\/a><\/div>\n<div class=\"pt-cv-overlay-wrapper\"><div class=\"pt-cv-taxoterm above_title\"><a href='https:\/\/garageblogec.com\/?cat=27' title='Industria Nacional' class='pt-cv-tax-industria-nacional'>Industria Nacional<\/a><\/div><h4 class=\"pt-cv-title\"><a href=\"https:\/\/garageblogec.com\/?p=3291\" class=\"_self\" target=\"_self\" >Seguridad al volante en Ecuador: los errores m\u00e1s comunes que cometen los conductores<\/a><\/h4><div class=\"pt-cv-meta-fields\"><span class=\"entry-date\"> <time datetime=\"2026-04-14T20:08:54+00:00\">abril 14, 2026<\/time><\/span><span> \/ <\/span><span class=\"author\"> <a href=\"https:\/\/garageblogec.com\/?author=6\" rel=\"author\">gabi1212<\/a><\/span><\/div><\/div><\/div>\n<div class=\" pt-cv-content-item pt-cv-1-col\" ><div class=\"pt-cv-thumb-wrapper  \"><a href=\"https:\/\/garageblogec.com\/?p=3286\" class=\"_self pt-cv-href-thumbnail pt-cv-thumb-default\" target=\"_self\" ><img loading=\"lazy\" decoding=\"async\" width=\"768\" height=\"492\" src=\"https:\/\/garageblogec.com\/wp-content\/uploads\/2026\/04\/Posventa.jpg-768x492.jpeg\" class=\"pt-cv-thumbnail\" alt=\"\" \/><\/a><\/div>\n<div class=\"pt-cv-overlay-wrapper\"><div class=\"pt-cv-taxoterm above_title\"><a href='https:\/\/garageblogec.com\/?cat=27' title='Industria Nacional' class='pt-cv-tax-industria-nacional'>Industria Nacional<\/a><\/div><h4 class=\"pt-cv-title\"><a href=\"https:\/\/garageblogec.com\/?p=3286\" class=\"_self\" target=\"_self\" >Clientes Nissan reciben cambios de aceite infinitos<\/a><\/h4><div class=\"pt-cv-meta-fields\"><span class=\"entry-date\"> <time datetime=\"2026-04-14T20:04:08+00:00\">abril 14, 2026<\/time><\/span><span> \/ <\/span><span class=\"author\"> <a href=\"https:\/\/garageblogec.com\/?author=6\" rel=\"author\">gabi1212<\/a><\/span><\/div><\/div><\/div>\n<div class=\" pt-cv-content-item pt-cv-1-col\" ><div class=\"pt-cv-thumb-wrapper  \"><a href=\"https:\/\/garageblogec.com\/?p=3280\" class=\"_self pt-cv-href-thumbnail pt-cv-thumb-default\" target=\"_self\" ><img loading=\"lazy\" decoding=\"async\" width=\"768\" height=\"512\" src=\"https:\/\/garageblogec.com\/wp-content\/uploads\/2026\/04\/foto1-768x512.jpeg\" class=\"pt-cv-thumbnail\" alt=\"\" \/><\/a><\/div>\n<div class=\"pt-cv-overlay-wrapper\"><div class=\"pt-cv-taxoterm above_title\"><a href='https:\/\/garageblogec.com\/?cat=27' title='Industria Nacional' class='pt-cv-tax-industria-nacional'>Industria Nacional<\/a><\/div><h4 class=\"pt-cv-title\"><a href=\"https:\/\/garageblogec.com\/?p=3280\" class=\"_self\" target=\"_self\" >Movilidad como inversi\u00f3n: el uso de utilidades que crece en Ecuador<\/a><\/h4><div class=\"pt-cv-meta-fields\"><span class=\"entry-date\"> <time datetime=\"2026-04-07T19:55:36+00:00\">abril 7, 2026<\/time><\/span><span> \/ <\/span><span class=\"author\"> <a href=\"https:\/\/garageblogec.com\/?author=6\" rel=\"author\">gabi1212<\/a><\/span><\/div><\/div><\/div>\n<div class=\" pt-cv-content-item pt-cv-1-col\" ><div class=\"pt-cv-thumb-wrapper  \"><a href=\"https:\/\/garageblogec.com\/?p=3276\" class=\"_self pt-cv-href-thumbnail pt-cv-thumb-default\" target=\"_self\" ><img loading=\"lazy\" decoding=\"async\" width=\"745\" height=\"491\" src=\"https:\/\/garageblogec.com\/wp-content\/uploads\/2026\/04\/TT.png\" class=\"pt-cv-thumbnail\" alt=\"\" \/><\/a><\/div>\n<div class=\"pt-cv-overlay-wrapper\"><div class=\"pt-cv-taxoterm above_title\"><a href='https:\/\/garageblogec.com\/?cat=27' title='Industria Nacional' class='pt-cv-tax-industria-nacional'>Industria Nacional<\/a><\/div><h4 class=\"pt-cv-title\"><a href=\"https:\/\/garageblogec.com\/?p=3276\" class=\"_self\" target=\"_self\" >Lluvias en Ecuador: C\u00f3mo reducir riesgos en carretera y prevenir accidentes en calzada mojada<\/a><\/h4><div class=\"pt-cv-meta-fields\"><span class=\"entry-date\"> <time datetime=\"2026-04-07T19:46:52+00:00\">abril 7, 2026<\/time><\/span><span> \/ <\/span><span class=\"author\"> <a href=\"https:\/\/garageblogec.com\/?author=6\" rel=\"author\">gabi1212<\/a><\/span><\/div><\/div><\/div><\/div><\/div> <\/div> <style>\n#pt-cv-view-0xlmnilp .pt-cv-thumb-wrapper::before {background: rgba(0,0,0,.4); opacity: 0.8;}#pt-cv-view-0xlmnilp .pt-cv-overlay-wrapper {justify-content: center;}\n#pt-cv-view-0xlmnilp .pt-cv-meta-fields {  }#pt-cv-view-0xlmnilp .pt-cv-meta-fields * { font-size: 13px; }#pt-cv-view-0xlmnilp .pt-cv-title a { display: block; }#pt-cv-view-0xlmnilp .pt-cv-title:not(.pt-cv-titlesm) a { font-weight: 600;text-decoration: none;font-size: 20px; }#pt-cv-view-0xlmnilp .pt-cv-titlesm a { font-weight: 600;font-size: 18px; }#pt-cv-view-0xlmnilp .pt-cv-content { font-size: 15px; }#pt-cv-view-0xlmnilp .pt-cv-rmwrap {  }#pt-cv-view-0xlmnilp .pt-cv-readmore { color: #fff;background-color: #0075ff;font-size: 14px; }#pt-cv-view-0xlmnilp .pt-cv-taxoterm { margin: 0px 0px 20px 0px; }#pt-cv-view-0xlmnilp .pt-cv-taxoterm * { color: #222;background-color: #fff6f6;font-size: 14px; }#pt-cv-view-0xlmnilp + .pt-cv-pagination-wrapper {  }#pt-cv-view-0xlmnilp + .pt-cv-pagination-wrapper a { font-size: 14px; }#pt-cv-view-0xlmnilp > .pt-cv-page {grid-template-columns: repeat(3, 1fr);grid-auto-rows: 250px;grid-gap: 10px;}\n@media all and (max-width: 1024px) { \n#pt-cv-view-0xlmnilp > .pt-cv-page {}\n} \n@media all and (max-width: 767px) { \n#pt-cv-view-0xlmnilp > .pt-cv-page {grid-template-columns: repeat(1, 1fr);}\n} <\/style>","protected":false},"excerpt":{"rendered":"<p>El Kia EV3 destaca por su est\u00e9tica futurista, inspirada en el lenguaje de dise\u00f1o \u201cOpposites<br \/>\nUnited\u201d, que define el estilo y la filosof\u00eda creativa de la marca. Sus l\u00edneas limpias y<br \/>\ncontrastantes, la imponente parrilla digital y las luces LED verticales le otorgan una<br \/>\nidentidad \u00fanica y moderna.<\/p>\n","protected":false},"author":6,"featured_media":1964,"comment_status":"open","ping_status":"open","sticky":false,"template":"","format":"standard","meta":{"_jetpack_memberships_contains_paid_content":false,"footnotes":""},"categories":[27],"tags":[],"class_list":["post-1962","post","type-post","status-publish","format-standard","has-post-thumbnail","hentry","category-industria-nacional"],"yoast_head":"<!-- This site is optimized with the Yoast SEO plugin v27.5 - https:\/\/yoast.com\/product\/yoast-seo-wordpress\/ -->\n<title>Kia Ecuador presenta el EV3, su SUV 100% el\u00e9ctrico que marca un hito en la movilidad sostenible - Garage Blog Ecuador<\/title>\n<meta name=\"robots\" content=\"index, follow, max-snippet:-1, max-image-preview:large, max-video-preview:-1\" \/>\n<link rel=\"canonical\" href=\"https:\/\/garageblogec.com\/?p=1962\" \/>\n<meta property=\"og:locale\" content=\"es_ES\" \/>\n<meta property=\"og:type\" content=\"article\" \/>\n<meta property=\"og:title\" content=\"Kia Ecuador presenta el EV3, su SUV 100% el\u00e9ctrico que marca un hito en la movilidad sostenible - Garage Blog Ecuador\" \/>\n<meta property=\"og:description\" content=\"El Kia EV3 destaca por su est\u00e9tica futurista, inspirada en el lenguaje de dise\u00f1o \u201cOpposites United\u201d, que define el estilo y la filosof\u00eda creativa de la marca. Sus l\u00edneas limpias y contrastantes, la imponente parrilla digital y las luces LED verticales le otorgan una identidad \u00fanica y moderna.\" \/>\n<meta property=\"og:url\" content=\"https:\/\/garageblogec.com\/?p=1962\" \/>\n<meta property=\"og:site_name\" content=\"Garage Blog Ecuador\" \/>\n<meta property=\"article:published_time\" content=\"2025-04-29T19:33:57+00:00\" \/>\n<meta property=\"article:modified_time\" content=\"2025-04-29T19:34:10+00:00\" \/>\n<meta property=\"og:image\" content=\"https:\/\/garageblogec.com\/wp-content\/uploads\/2025\/04\/WhatsApp-Image-2025-04-29-at-10.38.49-AM-1.jpeg\" \/>\n\t<meta property=\"og:image:width\" content=\"1600\" \/>\n\t<meta property=\"og:image:height\" content=\"900\" \/>\n\t<meta property=\"og:image:type\" content=\"image\/jpeg\" \/>\n<meta name=\"author\" content=\"gabi1212\" \/>\n<meta name=\"twitter:card\" content=\"summary_large_image\" \/>\n<meta name=\"twitter:label1\" content=\"Escrito por\" \/>\n\t<meta name=\"twitter:data1\" content=\"gabi1212\" \/>\n\t<meta name=\"twitter:label2\" content=\"Tiempo de lectura\" \/>\n\t<meta name=\"twitter:data2\" content=\"3 minutos\" \/>\n<script type=\"application\/ld+json\" class=\"yoast-schema-graph\">{\"@context\":\"https:\\\/\\\/schema.org\",\"@graph\":[{\"@type\":\"Article\",\"@id\":\"https:\\\/\\\/garageblogec.com\\\/?p=1962#article\",\"isPartOf\":{\"@id\":\"https:\\\/\\\/garageblogec.com\\\/?p=1962\"},\"author\":{\"name\":\"gabi1212\",\"@id\":\"https:\\\/\\\/garageblogec.com\\\/#\\\/schema\\\/person\\\/635f4b76c0cb3e43b82fe6f7d8bcceea\"},\"headline\":\"Kia Ecuador presenta el EV3, su SUV 100% el\u00e9ctrico que marca un hito en la movilidad sostenible\",\"datePublished\":\"2025-04-29T19:33:57+00:00\",\"dateModified\":\"2025-04-29T19:34:10+00:00\",\"mainEntityOfPage\":{\"@id\":\"https:\\\/\\\/garageblogec.com\\\/?p=1962\"},\"wordCount\":449,\"commentCount\":0,\"publisher\":{\"@id\":\"https:\\\/\\\/garageblogec.com\\\/#organization\"},\"image\":{\"@id\":\"https:\\\/\\\/garageblogec.com\\\/?p=1962#primaryimage\"},\"thumbnailUrl\":\"https:\\\/\\\/garageblogec.com\\\/wp-content\\\/uploads\\\/2025\\\/04\\\/WhatsApp-Image-2025-04-29-at-10.38.49-AM-1.jpeg\",\"articleSection\":[\"Industria Nacional\"],\"inLanguage\":\"es\",\"potentialAction\":[{\"@type\":\"CommentAction\",\"name\":\"Comment\",\"target\":[\"https:\\\/\\\/garageblogec.com\\\/?p=1962#respond\"]}]},{\"@type\":\"WebPage\",\"@id\":\"https:\\\/\\\/garageblogec.com\\\/?p=1962\",\"url\":\"https:\\\/\\\/garageblogec.com\\\/?p=1962\",\"name\":\"Kia Ecuador presenta el EV3, su SUV 100% el\u00e9ctrico que marca un hito en la movilidad sostenible - Garage Blog Ecuador\",\"isPartOf\":{\"@id\":\"https:\\\/\\\/garageblogec.com\\\/#website\"},\"primaryImageOfPage\":{\"@id\":\"https:\\\/\\\/garageblogec.com\\\/?p=1962#primaryimage\"},\"image\":{\"@id\":\"https:\\\/\\\/garageblogec.com\\\/?p=1962#primaryimage\"},\"thumbnailUrl\":\"https:\\\/\\\/garageblogec.com\\\/wp-content\\\/uploads\\\/2025\\\/04\\\/WhatsApp-Image-2025-04-29-at-10.38.49-AM-1.jpeg\",\"datePublished\":\"2025-04-29T19:33:57+00:00\",\"dateModified\":\"2025-04-29T19:34:10+00:00\",\"breadcrumb\":{\"@id\":\"https:\\\/\\\/garageblogec.com\\\/?p=1962#breadcrumb\"},\"inLanguage\":\"es\",\"potentialAction\":[{\"@type\":\"ReadAction\",\"target\":[\"https:\\\/\\\/garageblogec.com\\\/?p=1962\"]}]},{\"@type\":\"ImageObject\",\"inLanguage\":\"es\",\"@id\":\"https:\\\/\\\/garageblogec.com\\\/?p=1962#primaryimage\",\"url\":\"https:\\\/\\\/garageblogec.com\\\/wp-content\\\/uploads\\\/2025\\\/04\\\/WhatsApp-Image-2025-04-29-at-10.38.49-AM-1.jpeg\",\"contentUrl\":\"https:\\\/\\\/garageblogec.com\\\/wp-content\\\/uploads\\\/2025\\\/04\\\/WhatsApp-Image-2025-04-29-at-10.38.49-AM-1.jpeg\",\"width\":1600,\"height\":900},{\"@type\":\"BreadcrumbList\",\"@id\":\"https:\\\/\\\/garageblogec.com\\\/?p=1962#breadcrumb\",\"itemListElement\":[{\"@type\":\"ListItem\",\"position\":1,\"name\":\"Portada\",\"item\":\"https:\\\/\\\/garageblogec.com\\\/\"},{\"@type\":\"ListItem\",\"position\":2,\"name\":\"Kia Ecuador presenta el EV3, su SUV 100% el\u00e9ctrico que marca un hito en la movilidad sostenible\"}]},{\"@type\":\"WebSite\",\"@id\":\"https:\\\/\\\/garageblogec.com\\\/#website\",\"url\":\"https:\\\/\\\/garageblogec.com\\\/\",\"name\":\"Garage Blog Ecuador\",\"description\":\"Alucinamos por los autos \",\"publisher\":{\"@id\":\"https:\\\/\\\/garageblogec.com\\\/#organization\"},\"potentialAction\":[{\"@type\":\"SearchAction\",\"target\":{\"@type\":\"EntryPoint\",\"urlTemplate\":\"https:\\\/\\\/garageblogec.com\\\/?s={search_term_string}\"},\"query-input\":{\"@type\":\"PropertyValueSpecification\",\"valueRequired\":true,\"valueName\":\"search_term_string\"}}],\"inLanguage\":\"es\"},{\"@type\":\"Organization\",\"@id\":\"https:\\\/\\\/garageblogec.com\\\/#organization\",\"name\":\"Garage Blog Ecuador\",\"url\":\"https:\\\/\\\/garageblogec.com\\\/\",\"logo\":{\"@type\":\"ImageObject\",\"inLanguage\":\"es\",\"@id\":\"https:\\\/\\\/garageblogec.com\\\/#\\\/schema\\\/logo\\\/image\\\/\",\"url\":\"https:\\\/\\\/garageblogec.com\\\/wp-content\\\/uploads\\\/2024\\\/02\\\/cropped-logo-png-para-blog.webp\",\"contentUrl\":\"https:\\\/\\\/garageblogec.com\\\/wp-content\\\/uploads\\\/2024\\\/02\\\/cropped-logo-png-para-blog.webp\",\"width\":840,\"height\":556,\"caption\":\"Garage Blog Ecuador \"},\"image\":{\"@id\":\"https:\\\/\\\/garageblogec.com\\\/#\\\/schema\\\/logo\\\/image\\\/\"}},{\"@type\":\"Person\",\"@id\":\"https:\\\/\\\/garageblogec.com\\\/#\\\/schema\\\/person\\\/635f4b76c0cb3e43b82fe6f7d8bcceea\",\"name\":\"gabi1212\",\"image\":{\"@type\":\"ImageObject\",\"inLanguage\":\"es\",\"@id\":\"https:\\\/\\\/secure.gravatar.com\\\/avatar\\\/6aa491f45cb359d4d6dd8c430e83f78899c80569c27d21156e19bbdcd31d1811?s=96&d=mm&r=g\",\"url\":\"https:\\\/\\\/secure.gravatar.com\\\/avatar\\\/6aa491f45cb359d4d6dd8c430e83f78899c80569c27d21156e19bbdcd31d1811?s=96&d=mm&r=g\",\"contentUrl\":\"https:\\\/\\\/secure.gravatar.com\\\/avatar\\\/6aa491f45cb359d4d6dd8c430e83f78899c80569c27d21156e19bbdcd31d1811?s=96&d=mm&r=g\",\"caption\":\"gabi1212\"},\"url\":\"https:\\\/\\\/garageblogec.com\\\/?author=6\"}]}<\/script>\n<!-- \/ Yoast SEO plugin. -->","yoast_head_json":{"title":"Kia Ecuador presenta el EV3, su SUV 100% el\u00e9ctrico que marca un hito en la movilidad sostenible - Garage Blog Ecuador","robots":{"index":"index","follow":"follow","max-snippet":"max-snippet:-1","max-image-preview":"max-image-preview:large","max-video-preview":"max-video-preview:-1"},"canonical":"https:\/\/garageblogec.com\/?p=1962","og_locale":"es_ES","og_type":"article","og_title":"Kia Ecuador presenta el EV3, su SUV 100% el\u00e9ctrico que marca un hito en la movilidad sostenible - Garage Blog Ecuador","og_description":"El Kia EV3 destaca por su est\u00e9tica futurista, inspirada en el lenguaje de dise\u00f1o \u201cOpposites United\u201d, que define el estilo y la filosof\u00eda creativa de la marca. Sus l\u00edneas limpias y contrastantes, la imponente parrilla digital y las luces LED verticales le otorgan una identidad \u00fanica y moderna.","og_url":"https:\/\/garageblogec.com\/?p=1962","og_site_name":"Garage Blog Ecuador","article_published_time":"2025-04-29T19:33:57+00:00","article_modified_time":"2025-04-29T19:34:10+00:00","og_image":[{"width":1600,"height":900,"url":"https:\/\/garageblogec.com\/wp-content\/uploads\/2025\/04\/WhatsApp-Image-2025-04-29-at-10.38.49-AM-1.jpeg","type":"image\/jpeg"}],"author":"gabi1212","twitter_card":"summary_large_image","twitter_misc":{"Escrito por":"gabi1212","Tiempo de lectura":"3 minutos"},"schema":{"@context":"https:\/\/schema.org","@graph":[{"@type":"Article","@id":"https:\/\/garageblogec.com\/?p=1962#article","isPartOf":{"@id":"https:\/\/garageblogec.com\/?p=1962"},"author":{"name":"gabi1212","@id":"https:\/\/garageblogec.com\/#\/schema\/person\/635f4b76c0cb3e43b82fe6f7d8bcceea"},"headline":"Kia Ecuador presenta el EV3, su SUV 100% el\u00e9ctrico que marca un hito en la movilidad sostenible","datePublished":"2025-04-29T19:33:57+00:00","dateModified":"2025-04-29T19:34:10+00:00","mainEntityOfPage":{"@id":"https:\/\/garageblogec.com\/?p=1962"},"wordCount":449,"commentCount":0,"publisher":{"@id":"https:\/\/garageblogec.com\/#organization"},"image":{"@id":"https:\/\/garageblogec.com\/?p=1962#primaryimage"},"thumbnailUrl":"https:\/\/garageblogec.com\/wp-content\/uploads\/2025\/04\/WhatsApp-Image-2025-04-29-at-10.38.49-AM-1.jpeg","articleSection":["Industria Nacional"],"inLanguage":"es","potentialAction":[{"@type":"CommentAction","name":"Comment","target":["https:\/\/garageblogec.com\/?p=1962#respond"]}]},{"@type":"WebPage","@id":"https:\/\/garageblogec.com\/?p=1962","url":"https:\/\/garageblogec.com\/?p=1962","name":"Kia Ecuador presenta el EV3, su SUV 100% el\u00e9ctrico que marca un hito en la movilidad sostenible - Garage Blog Ecuador","isPartOf":{"@id":"https:\/\/garageblogec.com\/#website"},"primaryImageOfPage":{"@id":"https:\/\/garageblogec.com\/?p=1962#primaryimage"},"image":{"@id":"https:\/\/garageblogec.com\/?p=1962#primaryimage"},"thumbnailUrl":"https:\/\/garageblogec.com\/wp-content\/uploads\/2025\/04\/WhatsApp-Image-2025-04-29-at-10.38.49-AM-1.jpeg","datePublished":"2025-04-29T19:33:57+00:00","dateModified":"2025-04-29T19:34:10+00:00","breadcrumb":{"@id":"https:\/\/garageblogec.com\/?p=1962#breadcrumb"},"inLanguage":"es","potentialAction":[{"@type":"ReadAction","target":["https:\/\/garageblogec.com\/?p=1962"]}]},{"@type":"ImageObject","inLanguage":"es","@id":"https:\/\/garageblogec.com\/?p=1962#primaryimage","url":"https:\/\/garageblogec.com\/wp-content\/uploads\/2025\/04\/WhatsApp-Image-2025-04-29-at-10.38.49-AM-1.jpeg","contentUrl":"https:\/\/garageblogec.com\/wp-content\/uploads\/2025\/04\/WhatsApp-Image-2025-04-29-at-10.38.49-AM-1.jpeg","width":1600,"height":900},{"@type":"BreadcrumbList","@id":"https:\/\/garageblogec.com\/?p=1962#breadcrumb","itemListElement":[{"@type":"ListItem","position":1,"name":"Portada","item":"https:\/\/garageblogec.com\/"},{"@type":"ListItem","position":2,"name":"Kia Ecuador presenta el EV3, su SUV 100% el\u00e9ctrico que marca un hito en la movilidad sostenible"}]},{"@type":"WebSite","@id":"https:\/\/garageblogec.com\/#website","url":"https:\/\/garageblogec.com\/","name":"Garage Blog Ecuador","description":"Alucinamos por los autos ","publisher":{"@id":"https:\/\/garageblogec.com\/#organization"},"potentialAction":[{"@type":"SearchAction","target":{"@type":"EntryPoint","urlTemplate":"https:\/\/garageblogec.com\/?s={search_term_string}"},"query-input":{"@type":"PropertyValueSpecification","valueRequired":true,"valueName":"search_term_string"}}],"inLanguage":"es"},{"@type":"Organization","@id":"https:\/\/garageblogec.com\/#organization","name":"Garage Blog Ecuador","url":"https:\/\/garageblogec.com\/","logo":{"@type":"ImageObject","inLanguage":"es","@id":"https:\/\/garageblogec.com\/#\/schema\/logo\/image\/","url":"https:\/\/garageblogec.com\/wp-content\/uploads\/2024\/02\/cropped-logo-png-para-blog.webp","contentUrl":"https:\/\/garageblogec.com\/wp-content\/uploads\/2024\/02\/cropped-logo-png-para-blog.webp","width":840,"height":556,"caption":"Garage Blog Ecuador "},"image":{"@id":"https:\/\/garageblogec.com\/#\/schema\/logo\/image\/"}},{"@type":"Person","@id":"https:\/\/garageblogec.com\/#\/schema\/person\/635f4b76c0cb3e43b82fe6f7d8bcceea","name":"gabi1212","image":{"@type":"ImageObject","inLanguage":"es","@id":"https:\/\/secure.gravatar.com\/avatar\/6aa491f45cb359d4d6dd8c430e83f78899c80569c27d21156e19bbdcd31d1811?s=96&d=mm&r=g","url":"https:\/\/secure.gravatar.com\/avatar\/6aa491f45cb359d4d6dd8c430e83f78899c80569c27d21156e19bbdcd31d1811?s=96&d=mm&r=g","contentUrl":"https:\/\/secure.gravatar.com\/avatar\/6aa491f45cb359d4d6dd8c430e83f78899c80569c27d21156e19bbdcd31d1811?s=96&d=mm&r=g","caption":"gabi1212"},"url":"https:\/\/garageblogec.com\/?author=6"}]}},"jetpack_featured_media_url":"https:\/\/garageblogec.com\/wp-content\/uploads\/2025\/04\/WhatsApp-Image-2025-04-29-at-10.38.49-AM-1.jpeg","jetpack_sharing_enabled":true,"_links":{"self":[{"href":"https:\/\/garageblogec.com\/index.php?rest_route=\/wp\/v2\/posts\/1962","targetHints":{"allow":["GET"]}}],"collection":[{"href":"https:\/\/garageblogec.com\/index.php?rest_route=\/wp\/v2\/posts"}],"about":[{"href":"https:\/\/garageblogec.com\/index.php?rest_route=\/wp\/v2\/types\/post"}],"author":[{"embeddable":true,"href":"https:\/\/garageblogec.com\/index.php?rest_route=\/wp\/v2\/users\/6"}],"replies":[{"embeddable":true,"href":"https:\/\/garageblogec.com\/index.php?rest_route=%2Fwp%2Fv2%2Fcomments&post=1962"}],"version-history":[{"count":1,"href":"https:\/\/garageblogec.com\/index.php?rest_route=\/wp\/v2\/posts\/1962\/revisions"}],"predecessor-version":[{"id":1965,"href":"https:\/\/garageblogec.com\/index.php?rest_route=\/wp\/v2\/posts\/1962\/revisions\/1965"}],"wp:featuredmedia":[{"embeddable":true,"href":"https:\/\/garageblogec.com\/index.php?rest_route=\/wp\/v2\/media\/1964"}],"wp:attachment":[{"href":"https:\/\/garageblogec.com\/index.php?rest_route=%2Fwp%2Fv2%2Fmedia&parent=1962"}],"wp:term":[{"taxonomy":"category","embeddable":true,"href":"https:\/\/garageblogec.com\/index.php?rest_route=%2Fwp%2Fv2%2Fcategories&post=1962"},{"taxonomy":"post_tag","embeddable":true,"href":"https:\/\/garageblogec.com\/index.php?rest_route=%2Fwp%2Fv2%2Ftags&post=1962"}],"curies":[{"name":"wp","href":"https:\/\/api.w.org\/{rel}","templated":true}]}}