{"id":1913,"date":"2025-04-16T19:25:29","date_gmt":"2025-04-16T19:25:29","guid":{"rendered":"https:\/\/garageblogec.com\/?p=1913"},"modified":"2025-04-16T19:25:36","modified_gmt":"2025-04-16T19:25:36","slug":"audi-acaba-de-presentar-su-sedan-mas-aerodinamico-hasta-la-fecha","status":"publish","type":"post","link":"https:\/\/garageblogec.com\/?p=1913","title":{"rendered":"Audi acaba de presentar su sed\u00e1n m\u00e1s aerodin\u00e1mico hasta la fecha"},"content":{"rendered":"\n<p>Audi ha presentado oficialmente la \u00faltima generaci\u00f3n del sed\u00e1n A6 en Europa, marcando la llegada de un modelo m\u00e1s elegante y refinado\u00a0que se suma al vers\u00e1til A6 Avant\u00a0en una gama que no llegar\u00e1 a Estados Unidos. Si bien las tensiones comerciales globales y los elevados aranceles de importaci\u00f3n siguen representando desaf\u00edos para los fabricantes de autom\u00f3viles, Audi ha confirmado que el nuevo sed\u00e1n A6 sigue en camino para llegar a los concesionarios estadounidenses en el segundo semestre de 2025.<\/p>\n\n\n\n<figure class=\"wp-block-image size-large\"><img decoding=\"async\" src=\"https:\/\/www.carscoops.com\/wp-content\/uploads\/webp\/2025\/04\/qwewqewqewqewqewqe-1536x864.webp\" alt=\"\"\/><\/figure>\n\n\n\n<p>Visualmente, el redise\u00f1ado A6 sed\u00e1n presenta un perfil m\u00e1s limpio y aerodin\u00e1mico, claramente inspirado en el\u00a0fastback A7.\u00a0En la parte delantera, la gran parrilla Singleframe y la n\u00edtida iluminaci\u00f3n LED se heredan del Avant, mientras que el distintivo dise\u00f1o de tres vol\u00famenes en la parte trasera desempe\u00f1a un papel clave en la mejora de la eficiencia aerodin\u00e1mica. El resultado es una apariencia m\u00e1s esculpida y refinada que refleja la evoluci\u00f3n del lenguaje de dise\u00f1o de Audi sin alejarse de su herencia de berlina ejecutiva.<\/p>\n\n\n\n<figure class=\"wp-block-image size-full is-resized\"><a href=\"https:\/\/www.kia.com\/ec\/showroom\/kia_ev3\/features.html\"><img fetchpriority=\"high\" decoding=\"async\" width=\"719\" height=\"281\" src=\"https:\/\/garageblogec.com\/wp-content\/uploads\/2025\/04\/1-banner-719x281-peso-.gif\" alt=\"\" class=\"wp-image-1904\" style=\"width:840px;height:auto\"\/><\/a><\/figure>\n\n\n\n<p><strong>El modelo con motor de combusti\u00f3n interna m\u00e1s aerodin\u00e1mico de Audi hasta la fecha<\/strong><\/p>\n\n\n\n<p>La l\u00ednea del techo redise\u00f1ada, las cortinas de aire, el splitter y el difusor trasero no son solo una fachada. Con un coeficiente aerodin\u00e1mico de tan solo 0,23, el nuevo\u00a0A6 sed\u00e1n\u00a0es el modelo de combusti\u00f3n interna m\u00e1s aerodin\u00e1mico que Audi ha fabricado jam\u00e1s. Esta cifra supera ligeramente la de 0,25 del A6 Avant, lo que le otorga una ventaja t\u00e9cnica en eficiencia del flujo de aire que deber\u00eda traducirse en un mejor consumo de combustible y una conducci\u00f3n m\u00e1s silenciosa en carretera.<\/p>\n\n\n\n<figure class=\"wp-block-image size-large\"><img decoding=\"async\" src=\"https:\/\/www.carscoops.com\/wp-content\/uploads\/webp\/2025\/04\/2025-Audi-A6-Sedan-16-copy-1536x864.webp\" alt=\"\"\/><\/figure>\n\n\n\n<p>En\u00a0Europa\u00a0, Audi ofrecer\u00e1 el nuevo A6 con opciones de gasolina y di\u00e9sel. Los motores 2.0 TFSI y 2.0 TDI de cuatro cilindros estar\u00e1n equipados con tecnolog\u00eda mild-hybrid, mientras que el 3.0 TFSI V6 no estar\u00e1 electrificado.<\/p>\n\n\n\n<p>Para el\u00a0mercado estadounidense\u00a0, la situaci\u00f3n es un poco m\u00e1s sencilla. Los compradores estadounidenses solo tendr\u00e1n acceso al motor TFSI V6 de 3.0 litros mejorado, que genera 362 caballos de potencia (270 kW \/ 367 CV) y 550 Nm (406 lb-ft) de par mediante una transmisi\u00f3n S tronic de doble embrague de 7 velocidades. La tracci\u00f3n total quattro ser\u00e1 de serie, con un diferencial deportivo opcional en el eje trasero.<\/p>\n\n\n\n<figure class=\"wp-block-image size-large\"><img decoding=\"async\" src=\"https:\/\/www.carscoops.com\/wp-content\/uploads\/webp\/2025\/04\/2025-Audi-A6-Sedan-8-1536x1152.webp\" alt=\"\"\/><\/figure>\n\n\n\n<p><strong>Plataforma y caracter\u00edsticas<\/strong><\/p>\n\n\n\n<p>La gama A6 se basa en la arquitectura PPC (Plataforma Premium de Combusti\u00f3n),\u00a0compartida con el A5, de menor tama\u00f1o\u00a0. Al igual que el A6 Avant, el sed\u00e1n estar\u00e1 disponible opcionalmente con suspensi\u00f3n neum\u00e1tica adaptativa y direcci\u00f3n en las cuatro ruedas, con llantas de aleaci\u00f3n de entre 19 y 21 pulgadas.<\/p>\n\n\n\n<p>En el interior, la cabina digital de 11,9 pulgadas y la pantalla t\u00e1ctil de infoentretenimiento de 14,5 pulgadas pueden combinarse opcionalmente con una pantalla de 10,9 pulgadas para el acompa\u00f1ante y una pantalla de visualizaci\u00f3n frontal (HUD). Otras caracter\u00edsticas opcionales incluyen el sistema de audio Bang &amp; Olufsen con hasta 20 altavoces, climatizador de cuatro zonas y asistencia para el cierre de puertas.<\/p>\n\n\n\n<figure class=\"wp-block-image size-large\"><img decoding=\"async\" src=\"https:\/\/www.carscoops.com\/wp-content\/uploads\/webp\/2025\/04\/2025-Audi-A6-Sedan-29-1536x1152.webp\" alt=\"\"\/><\/figure>\n\n\n\n<p>Audi\u00a0afirma que el aislamiento ac\u00fastico se ha mejorado hasta un 30 % en comparaci\u00f3n con la generaci\u00f3n anterior, lo que aumenta el confort. El maletero tiene una capacidad de 492 litros (17,76 pies c\u00fabicos), menor que la de sus rivales, el\u00a0BMW\u00a0Serie 5 y el Mercedes-Benz Clase E.<\/p>\n\n\n\n<figure class=\"wp-block-image size-large\"><img decoding=\"async\" src=\"https:\/\/www.carscoops.com\/wp-content\/uploads\/webp\/2025\/04\/2025-Audi-A6-Sedan-28-1536x1152.webp\" alt=\"\"\/><\/figure>\n\n\n\n<p>La producci\u00f3n ya est\u00e1 en marcha en la planta de Audi en Neckarsulm, Alemania, lo que, comprensiblemente, podr\u00eda generar un serio problema de precios en el mercado estadounidense si se mantienen los aranceles de importaci\u00f3n del 25 %. En Europa, el A6 sed\u00e1n tiene un precio inicial de 55.500 \u20ac (unos 62.800 d\u00f3lares), y se espera que las entregas comiencen este verano. Los compradores estadounidenses tendr\u00e1n que esperar un poco m\u00e1s, ya que el lanzamiento est\u00e1 previsto para finales de a\u00f1o.<\/p>\n\n\n<div class='pt-cv-wrapper'> <h3 class='pt-cv-heading-container heading1' data-blockid='fsjh9p9r'><span class='pt-cv-heading'> Overlay1 <\/span><\/h3><div class=\"pt-cv-view pt-cv-overlaygrid iscvblock iscvreal overlay1 layout1\" id=\"pt-cv-view-fsjh9p9r\"><div data-id=\"pt-cv-page-1\" class=\"pt-cv-page\" data-cvc=\"3\"><div class=\" pt-cv-content-item pt-cv-1-col\" ><div class=\"pt-cv-thumb-wrapper  \"><a href=\"https:\/\/garageblogec.com\/?p=3303\" class=\"_self pt-cv-href-thumbnail pt-cv-thumb-default\" target=\"_self\" ><img decoding=\"async\" width=\"768\" height=\"432\" src=\"https:\/\/garageblogec.com\/wp-content\/uploads\/2026\/04\/WhatsApp-Image-2026-04-21-at-1.52.53-PM-768x432.jpeg\" class=\"pt-cv-thumbnail\" alt=\"\" \/><\/a><\/div>\n<div class=\"pt-cv-overlay-wrapper\"><div class=\"pt-cv-taxoterm above_title\"><a href='https:\/\/garageblogec.com\/?cat=27' title='Industria Nacional' class='pt-cv-tax-industria-nacional'>Industria Nacional<\/a><\/div><h4 class=\"pt-cv-title\"><a href=\"https:\/\/garageblogec.com\/?p=3303\" class=\"_self\" target=\"_self\" >Grupo Ambacar presenta en Guayaquil KGM, su nueva marca de SUV h\u00edbridos con respaldo global<\/a><\/h4><div class=\"pt-cv-meta-fields\"><span class=\"entry-date\"> <time datetime=\"2026-04-21T21:37:24+00:00\">abril 21, 2026<\/time><\/span><span> \/ <\/span><span class=\"author\"> <a href=\"https:\/\/garageblogec.com\/?author=6\" rel=\"author\">gabi1212<\/a><\/span><\/div><\/div><\/div>\n<div class=\" pt-cv-content-item pt-cv-1-col\" ><div class=\"pt-cv-thumb-wrapper  \"><a href=\"https:\/\/garageblogec.com\/?p=3296\" class=\"_self pt-cv-href-thumbnail pt-cv-thumb-default\" target=\"_self\" ><img decoding=\"async\" width=\"768\" height=\"432\" src=\"https:\/\/garageblogec.com\/wp-content\/uploads\/2026\/04\/WhatsApp-Image-2026-04-14-at-3.15.09-PM-768x432.jpeg\" class=\"pt-cv-thumbnail\" alt=\"\" \/><\/a><\/div>\n<div class=\"pt-cv-overlay-wrapper\"><div class=\"pt-cv-taxoterm above_title\"><a href='https:\/\/garageblogec.com\/?cat=27' title='Industria Nacional' class='pt-cv-tax-industria-nacional'>Industria Nacional<\/a><\/div><h4 class=\"pt-cv-title\"><a href=\"https:\/\/garageblogec.com\/?p=3296\" class=\"_self\" target=\"_self\" >El tablero desapareci\u00f3, ahora el auto es una pantalla inteligente<\/a><\/h4><div class=\"pt-cv-meta-fields\"><span class=\"entry-date\"> <time datetime=\"2026-04-14T20:21:20+00:00\">abril 14, 2026<\/time><\/span><span> \/ <\/span><span class=\"author\"> <a href=\"https:\/\/garageblogec.com\/?author=6\" rel=\"author\">gabi1212<\/a><\/span><\/div><\/div><\/div>\n<div class=\" pt-cv-content-item pt-cv-1-col\" ><div class=\"pt-cv-thumb-wrapper  \"><a href=\"https:\/\/garageblogec.com\/?p=3291\" class=\"_self pt-cv-href-thumbnail pt-cv-thumb-default\" target=\"_self\" ><img loading=\"lazy\" decoding=\"async\" width=\"768\" height=\"432\" src=\"https:\/\/garageblogec.com\/wp-content\/uploads\/2026\/04\/WhatsApp-Image-2026-04-14-at-2.21.27-PM-768x432.jpeg\" class=\"pt-cv-thumbnail\" alt=\"\" \/><\/a><\/div>\n<div class=\"pt-cv-overlay-wrapper\"><div class=\"pt-cv-taxoterm above_title\"><a href='https:\/\/garageblogec.com\/?cat=27' title='Industria Nacional' class='pt-cv-tax-industria-nacional'>Industria Nacional<\/a><\/div><h4 class=\"pt-cv-title\"><a href=\"https:\/\/garageblogec.com\/?p=3291\" class=\"_self\" target=\"_self\" >Seguridad al volante en Ecuador: los errores m\u00e1s comunes que cometen los conductores<\/a><\/h4><div class=\"pt-cv-meta-fields\"><span class=\"entry-date\"> <time datetime=\"2026-04-14T20:08:54+00:00\">abril 14, 2026<\/time><\/span><span> \/ <\/span><span class=\"author\"> <a href=\"https:\/\/garageblogec.com\/?author=6\" rel=\"author\">gabi1212<\/a><\/span><\/div><\/div><\/div>\n<div class=\" pt-cv-content-item pt-cv-1-col\" ><div class=\"pt-cv-thumb-wrapper  \"><a href=\"https:\/\/garageblogec.com\/?p=3286\" class=\"_self pt-cv-href-thumbnail pt-cv-thumb-default\" target=\"_self\" ><img loading=\"lazy\" decoding=\"async\" width=\"768\" height=\"492\" src=\"https:\/\/garageblogec.com\/wp-content\/uploads\/2026\/04\/Posventa.jpg-768x492.jpeg\" class=\"pt-cv-thumbnail\" alt=\"\" \/><\/a><\/div>\n<div class=\"pt-cv-overlay-wrapper\"><div class=\"pt-cv-taxoterm above_title\"><a href='https:\/\/garageblogec.com\/?cat=27' title='Industria Nacional' class='pt-cv-tax-industria-nacional'>Industria Nacional<\/a><\/div><h4 class=\"pt-cv-title\"><a href=\"https:\/\/garageblogec.com\/?p=3286\" class=\"_self\" target=\"_self\" >Clientes Nissan reciben cambios de aceite infinitos<\/a><\/h4><div class=\"pt-cv-meta-fields\"><span class=\"entry-date\"> <time datetime=\"2026-04-14T20:04:08+00:00\">abril 14, 2026<\/time><\/span><span> \/ <\/span><span class=\"author\"> <a href=\"https:\/\/garageblogec.com\/?author=6\" rel=\"author\">gabi1212<\/a><\/span><\/div><\/div><\/div>\n<div class=\" pt-cv-content-item pt-cv-1-col\" ><div class=\"pt-cv-thumb-wrapper  \"><a href=\"https:\/\/garageblogec.com\/?p=3280\" class=\"_self pt-cv-href-thumbnail pt-cv-thumb-default\" target=\"_self\" ><img loading=\"lazy\" decoding=\"async\" width=\"768\" height=\"512\" src=\"https:\/\/garageblogec.com\/wp-content\/uploads\/2026\/04\/foto1-768x512.jpeg\" class=\"pt-cv-thumbnail\" alt=\"\" \/><\/a><\/div>\n<div class=\"pt-cv-overlay-wrapper\"><div class=\"pt-cv-taxoterm above_title\"><a href='https:\/\/garageblogec.com\/?cat=27' title='Industria Nacional' class='pt-cv-tax-industria-nacional'>Industria Nacional<\/a><\/div><h4 class=\"pt-cv-title\"><a href=\"https:\/\/garageblogec.com\/?p=3280\" class=\"_self\" target=\"_self\" >Movilidad como inversi\u00f3n: el uso de utilidades que crece en Ecuador<\/a><\/h4><div class=\"pt-cv-meta-fields\"><span class=\"entry-date\"> <time datetime=\"2026-04-07T19:55:36+00:00\">abril 7, 2026<\/time><\/span><span> \/ <\/span><span class=\"author\"> <a href=\"https:\/\/garageblogec.com\/?author=6\" rel=\"author\">gabi1212<\/a><\/span><\/div><\/div><\/div>\n<div class=\" pt-cv-content-item pt-cv-1-col\" ><div class=\"pt-cv-thumb-wrapper  \"><a href=\"https:\/\/garageblogec.com\/?p=3276\" class=\"_self pt-cv-href-thumbnail pt-cv-thumb-default\" target=\"_self\" ><img loading=\"lazy\" decoding=\"async\" width=\"745\" height=\"491\" src=\"https:\/\/garageblogec.com\/wp-content\/uploads\/2026\/04\/TT.png\" class=\"pt-cv-thumbnail\" alt=\"\" \/><\/a><\/div>\n<div class=\"pt-cv-overlay-wrapper\"><div class=\"pt-cv-taxoterm above_title\"><a href='https:\/\/garageblogec.com\/?cat=27' title='Industria Nacional' class='pt-cv-tax-industria-nacional'>Industria Nacional<\/a><\/div><h4 class=\"pt-cv-title\"><a href=\"https:\/\/garageblogec.com\/?p=3276\" class=\"_self\" target=\"_self\" >Lluvias en Ecuador: C\u00f3mo reducir riesgos en carretera y prevenir accidentes en calzada mojada<\/a><\/h4><div class=\"pt-cv-meta-fields\"><span class=\"entry-date\"> <time datetime=\"2026-04-07T19:46:52+00:00\">abril 7, 2026<\/time><\/span><span> \/ <\/span><span class=\"author\"> <a href=\"https:\/\/garageblogec.com\/?author=6\" rel=\"author\">gabi1212<\/a><\/span><\/div><\/div><\/div><\/div><\/div> <\/div> <style>\n#pt-cv-view-fsjh9p9r .pt-cv-thumb-wrapper::before {background: rgba(0,0,0,.4); opacity: 0.8;}#pt-cv-view-fsjh9p9r .pt-cv-overlay-wrapper {justify-content: center;}\n#pt-cv-view-fsjh9p9r .pt-cv-meta-fields {  }#pt-cv-view-fsjh9p9r .pt-cv-meta-fields * { font-size: 13px; }#pt-cv-view-fsjh9p9r .pt-cv-title a { display: block; }#pt-cv-view-fsjh9p9r .pt-cv-title:not(.pt-cv-titlesm) a { font-weight: 600;text-decoration: none;font-size: 20px; }#pt-cv-view-fsjh9p9r .pt-cv-titlesm a { font-weight: 600;font-size: 18px; }#pt-cv-view-fsjh9p9r .pt-cv-content { font-size: 15px; }#pt-cv-view-fsjh9p9r .pt-cv-rmwrap {  }#pt-cv-view-fsjh9p9r .pt-cv-readmore { color: #fff;background-color: #0075ff;font-size: 14px; }#pt-cv-view-fsjh9p9r .pt-cv-taxoterm { margin: 0px 0px 20px 0px; }#pt-cv-view-fsjh9p9r .pt-cv-taxoterm * { color: #222;background-color: #fff6f6;font-size: 14px; }#pt-cv-view-fsjh9p9r + .pt-cv-pagination-wrapper {  }#pt-cv-view-fsjh9p9r + .pt-cv-pagination-wrapper a { font-size: 14px; }#pt-cv-view-fsjh9p9r > .pt-cv-page {grid-template-columns: repeat(3, 1fr);grid-auto-rows: 250px;grid-gap: 10px;}\n@media all and (max-width: 1024px) { \n#pt-cv-view-fsjh9p9r > .pt-cv-page {}\n} \n@media all and (max-width: 767px) { \n#pt-cv-view-fsjh9p9r > .pt-cv-page {grid-template-columns: repeat(1, 1fr);}\n} <\/style>","protected":false},"excerpt":{"rendered":"<p>Audi ha presentado oficialmente la \u00faltima generaci\u00f3n del sed\u00e1n A6 en Europa, marcando la llegada de un modelo m\u00e1s elegante y refinado\u00a0que se suma al vers\u00e1til A6 Avant\u00a0en una gama que no llegar\u00e1 a Estados Unidos. Si bien las tensiones comerciales globales y los elevados aranceles de importaci\u00f3n siguen representando desaf\u00edos para los fabricantes de [&hellip;]<\/p>\n","protected":false},"author":6,"featured_media":1914,"comment_status":"open","ping_status":"open","sticky":false,"template":"","format":"standard","meta":{"_jetpack_memberships_contains_paid_content":false,"footnotes":""},"categories":[27],"tags":[],"class_list":["post-1913","post","type-post","status-publish","format-standard","has-post-thumbnail","hentry","category-industria-nacional"],"yoast_head":"<!-- This site is optimized with the Yoast SEO plugin v27.5 - https:\/\/yoast.com\/product\/yoast-seo-wordpress\/ -->\n<title>Audi acaba de presentar su sed\u00e1n m\u00e1s aerodin\u00e1mico hasta la fecha - Garage Blog Ecuador<\/title>\n<meta name=\"robots\" content=\"index, follow, max-snippet:-1, max-image-preview:large, max-video-preview:-1\" \/>\n<link rel=\"canonical\" href=\"https:\/\/garageblogec.com\/?p=1913\" \/>\n<meta property=\"og:locale\" content=\"es_ES\" \/>\n<meta property=\"og:type\" content=\"article\" \/>\n<meta property=\"og:title\" content=\"Audi acaba de presentar su sed\u00e1n m\u00e1s aerodin\u00e1mico hasta la fecha - Garage Blog Ecuador\" \/>\n<meta property=\"og:description\" content=\"Audi ha presentado oficialmente la \u00faltima generaci\u00f3n del sed\u00e1n A6 en Europa, marcando la llegada de un modelo m\u00e1s elegante y refinado\u00a0que se suma al vers\u00e1til A6 Avant\u00a0en una gama que no llegar\u00e1 a Estados Unidos. Si bien las tensiones comerciales globales y los elevados aranceles de importaci\u00f3n siguen representando desaf\u00edos para los fabricantes de [&hellip;]\" \/>\n<meta property=\"og:url\" content=\"https:\/\/garageblogec.com\/?p=1913\" \/>\n<meta property=\"og:site_name\" content=\"Garage Blog Ecuador\" \/>\n<meta property=\"article:published_time\" content=\"2025-04-16T19:25:29+00:00\" \/>\n<meta property=\"article:modified_time\" content=\"2025-04-16T19:25:36+00:00\" \/>\n<meta property=\"og:image\" content=\"https:\/\/garageblogec.com\/wp-content\/uploads\/2025\/04\/Captura-4.png\" \/>\n\t<meta property=\"og:image:width\" content=\"789\" \/>\n\t<meta property=\"og:image:height\" content=\"526\" \/>\n\t<meta property=\"og:image:type\" content=\"image\/png\" \/>\n<meta name=\"author\" content=\"gabi1212\" \/>\n<meta name=\"twitter:card\" content=\"summary_large_image\" \/>\n<meta name=\"twitter:label1\" content=\"Escrito por\" \/>\n\t<meta name=\"twitter:data1\" content=\"gabi1212\" \/>\n\t<meta name=\"twitter:label2\" content=\"Tiempo de lectura\" \/>\n\t<meta name=\"twitter:data2\" content=\"5 minutos\" \/>\n<script type=\"application\/ld+json\" class=\"yoast-schema-graph\">{\"@context\":\"https:\\\/\\\/schema.org\",\"@graph\":[{\"@type\":\"Article\",\"@id\":\"https:\\\/\\\/garageblogec.com\\\/?p=1913#article\",\"isPartOf\":{\"@id\":\"https:\\\/\\\/garageblogec.com\\\/?p=1913\"},\"author\":{\"name\":\"gabi1212\",\"@id\":\"https:\\\/\\\/garageblogec.com\\\/#\\\/schema\\\/person\\\/635f4b76c0cb3e43b82fe6f7d8bcceea\"},\"headline\":\"Audi acaba de presentar su sed\u00e1n m\u00e1s aerodin\u00e1mico hasta la fecha\",\"datePublished\":\"2025-04-16T19:25:29+00:00\",\"dateModified\":\"2025-04-16T19:25:36+00:00\",\"mainEntityOfPage\":{\"@id\":\"https:\\\/\\\/garageblogec.com\\\/?p=1913\"},\"wordCount\":671,\"commentCount\":0,\"publisher\":{\"@id\":\"https:\\\/\\\/garageblogec.com\\\/#organization\"},\"image\":{\"@id\":\"https:\\\/\\\/garageblogec.com\\\/?p=1913#primaryimage\"},\"thumbnailUrl\":\"https:\\\/\\\/garageblogec.com\\\/wp-content\\\/uploads\\\/2025\\\/04\\\/Captura-4.png\",\"articleSection\":[\"Industria Nacional\"],\"inLanguage\":\"es\",\"potentialAction\":[{\"@type\":\"CommentAction\",\"name\":\"Comment\",\"target\":[\"https:\\\/\\\/garageblogec.com\\\/?p=1913#respond\"]}]},{\"@type\":\"WebPage\",\"@id\":\"https:\\\/\\\/garageblogec.com\\\/?p=1913\",\"url\":\"https:\\\/\\\/garageblogec.com\\\/?p=1913\",\"name\":\"Audi acaba de presentar su sed\u00e1n m\u00e1s aerodin\u00e1mico hasta la fecha - Garage Blog Ecuador\",\"isPartOf\":{\"@id\":\"https:\\\/\\\/garageblogec.com\\\/#website\"},\"primaryImageOfPage\":{\"@id\":\"https:\\\/\\\/garageblogec.com\\\/?p=1913#primaryimage\"},\"image\":{\"@id\":\"https:\\\/\\\/garageblogec.com\\\/?p=1913#primaryimage\"},\"thumbnailUrl\":\"https:\\\/\\\/garageblogec.com\\\/wp-content\\\/uploads\\\/2025\\\/04\\\/Captura-4.png\",\"datePublished\":\"2025-04-16T19:25:29+00:00\",\"dateModified\":\"2025-04-16T19:25:36+00:00\",\"breadcrumb\":{\"@id\":\"https:\\\/\\\/garageblogec.com\\\/?p=1913#breadcrumb\"},\"inLanguage\":\"es\",\"potentialAction\":[{\"@type\":\"ReadAction\",\"target\":[\"https:\\\/\\\/garageblogec.com\\\/?p=1913\"]}]},{\"@type\":\"ImageObject\",\"inLanguage\":\"es\",\"@id\":\"https:\\\/\\\/garageblogec.com\\\/?p=1913#primaryimage\",\"url\":\"https:\\\/\\\/garageblogec.com\\\/wp-content\\\/uploads\\\/2025\\\/04\\\/Captura-4.png\",\"contentUrl\":\"https:\\\/\\\/garageblogec.com\\\/wp-content\\\/uploads\\\/2025\\\/04\\\/Captura-4.png\",\"width\":789,\"height\":526,\"caption\":\"El sed\u00e1n A6 2026 de cuatro puertas que se une a la camioneta en Europa se inspira en el A7\"},{\"@type\":\"BreadcrumbList\",\"@id\":\"https:\\\/\\\/garageblogec.com\\\/?p=1913#breadcrumb\",\"itemListElement\":[{\"@type\":\"ListItem\",\"position\":1,\"name\":\"Portada\",\"item\":\"https:\\\/\\\/garageblogec.com\\\/\"},{\"@type\":\"ListItem\",\"position\":2,\"name\":\"Audi acaba de presentar su sed\u00e1n m\u00e1s aerodin\u00e1mico hasta la fecha\"}]},{\"@type\":\"WebSite\",\"@id\":\"https:\\\/\\\/garageblogec.com\\\/#website\",\"url\":\"https:\\\/\\\/garageblogec.com\\\/\",\"name\":\"Garage Blog Ecuador\",\"description\":\"Alucinamos por los autos \",\"publisher\":{\"@id\":\"https:\\\/\\\/garageblogec.com\\\/#organization\"},\"potentialAction\":[{\"@type\":\"SearchAction\",\"target\":{\"@type\":\"EntryPoint\",\"urlTemplate\":\"https:\\\/\\\/garageblogec.com\\\/?s={search_term_string}\"},\"query-input\":{\"@type\":\"PropertyValueSpecification\",\"valueRequired\":true,\"valueName\":\"search_term_string\"}}],\"inLanguage\":\"es\"},{\"@type\":\"Organization\",\"@id\":\"https:\\\/\\\/garageblogec.com\\\/#organization\",\"name\":\"Garage Blog Ecuador\",\"url\":\"https:\\\/\\\/garageblogec.com\\\/\",\"logo\":{\"@type\":\"ImageObject\",\"inLanguage\":\"es\",\"@id\":\"https:\\\/\\\/garageblogec.com\\\/#\\\/schema\\\/logo\\\/image\\\/\",\"url\":\"https:\\\/\\\/garageblogec.com\\\/wp-content\\\/uploads\\\/2024\\\/02\\\/cropped-logo-png-para-blog.webp\",\"contentUrl\":\"https:\\\/\\\/garageblogec.com\\\/wp-content\\\/uploads\\\/2024\\\/02\\\/cropped-logo-png-para-blog.webp\",\"width\":840,\"height\":556,\"caption\":\"Garage Blog Ecuador \"},\"image\":{\"@id\":\"https:\\\/\\\/garageblogec.com\\\/#\\\/schema\\\/logo\\\/image\\\/\"}},{\"@type\":\"Person\",\"@id\":\"https:\\\/\\\/garageblogec.com\\\/#\\\/schema\\\/person\\\/635f4b76c0cb3e43b82fe6f7d8bcceea\",\"name\":\"gabi1212\",\"image\":{\"@type\":\"ImageObject\",\"inLanguage\":\"es\",\"@id\":\"https:\\\/\\\/secure.gravatar.com\\\/avatar\\\/6aa491f45cb359d4d6dd8c430e83f78899c80569c27d21156e19bbdcd31d1811?s=96&d=mm&r=g\",\"url\":\"https:\\\/\\\/secure.gravatar.com\\\/avatar\\\/6aa491f45cb359d4d6dd8c430e83f78899c80569c27d21156e19bbdcd31d1811?s=96&d=mm&r=g\",\"contentUrl\":\"https:\\\/\\\/secure.gravatar.com\\\/avatar\\\/6aa491f45cb359d4d6dd8c430e83f78899c80569c27d21156e19bbdcd31d1811?s=96&d=mm&r=g\",\"caption\":\"gabi1212\"},\"url\":\"https:\\\/\\\/garageblogec.com\\\/?author=6\"}]}<\/script>\n<!-- \/ Yoast SEO plugin. -->","yoast_head_json":{"title":"Audi acaba de presentar su sed\u00e1n m\u00e1s aerodin\u00e1mico hasta la fecha - Garage Blog Ecuador","robots":{"index":"index","follow":"follow","max-snippet":"max-snippet:-1","max-image-preview":"max-image-preview:large","max-video-preview":"max-video-preview:-1"},"canonical":"https:\/\/garageblogec.com\/?p=1913","og_locale":"es_ES","og_type":"article","og_title":"Audi acaba de presentar su sed\u00e1n m\u00e1s aerodin\u00e1mico hasta la fecha - Garage Blog Ecuador","og_description":"Audi ha presentado oficialmente la \u00faltima generaci\u00f3n del sed\u00e1n A6 en Europa, marcando la llegada de un modelo m\u00e1s elegante y refinado\u00a0que se suma al vers\u00e1til A6 Avant\u00a0en una gama que no llegar\u00e1 a Estados Unidos. Si bien las tensiones comerciales globales y los elevados aranceles de importaci\u00f3n siguen representando desaf\u00edos para los fabricantes de [&hellip;]","og_url":"https:\/\/garageblogec.com\/?p=1913","og_site_name":"Garage Blog Ecuador","article_published_time":"2025-04-16T19:25:29+00:00","article_modified_time":"2025-04-16T19:25:36+00:00","og_image":[{"width":789,"height":526,"url":"https:\/\/garageblogec.com\/wp-content\/uploads\/2025\/04\/Captura-4.png","type":"image\/png"}],"author":"gabi1212","twitter_card":"summary_large_image","twitter_misc":{"Escrito por":"gabi1212","Tiempo de lectura":"5 minutos"},"schema":{"@context":"https:\/\/schema.org","@graph":[{"@type":"Article","@id":"https:\/\/garageblogec.com\/?p=1913#article","isPartOf":{"@id":"https:\/\/garageblogec.com\/?p=1913"},"author":{"name":"gabi1212","@id":"https:\/\/garageblogec.com\/#\/schema\/person\/635f4b76c0cb3e43b82fe6f7d8bcceea"},"headline":"Audi acaba de presentar su sed\u00e1n m\u00e1s aerodin\u00e1mico hasta la fecha","datePublished":"2025-04-16T19:25:29+00:00","dateModified":"2025-04-16T19:25:36+00:00","mainEntityOfPage":{"@id":"https:\/\/garageblogec.com\/?p=1913"},"wordCount":671,"commentCount":0,"publisher":{"@id":"https:\/\/garageblogec.com\/#organization"},"image":{"@id":"https:\/\/garageblogec.com\/?p=1913#primaryimage"},"thumbnailUrl":"https:\/\/garageblogec.com\/wp-content\/uploads\/2025\/04\/Captura-4.png","articleSection":["Industria Nacional"],"inLanguage":"es","potentialAction":[{"@type":"CommentAction","name":"Comment","target":["https:\/\/garageblogec.com\/?p=1913#respond"]}]},{"@type":"WebPage","@id":"https:\/\/garageblogec.com\/?p=1913","url":"https:\/\/garageblogec.com\/?p=1913","name":"Audi acaba de presentar su sed\u00e1n m\u00e1s aerodin\u00e1mico hasta la fecha - Garage Blog Ecuador","isPartOf":{"@id":"https:\/\/garageblogec.com\/#website"},"primaryImageOfPage":{"@id":"https:\/\/garageblogec.com\/?p=1913#primaryimage"},"image":{"@id":"https:\/\/garageblogec.com\/?p=1913#primaryimage"},"thumbnailUrl":"https:\/\/garageblogec.com\/wp-content\/uploads\/2025\/04\/Captura-4.png","datePublished":"2025-04-16T19:25:29+00:00","dateModified":"2025-04-16T19:25:36+00:00","breadcrumb":{"@id":"https:\/\/garageblogec.com\/?p=1913#breadcrumb"},"inLanguage":"es","potentialAction":[{"@type":"ReadAction","target":["https:\/\/garageblogec.com\/?p=1913"]}]},{"@type":"ImageObject","inLanguage":"es","@id":"https:\/\/garageblogec.com\/?p=1913#primaryimage","url":"https:\/\/garageblogec.com\/wp-content\/uploads\/2025\/04\/Captura-4.png","contentUrl":"https:\/\/garageblogec.com\/wp-content\/uploads\/2025\/04\/Captura-4.png","width":789,"height":526,"caption":"El sed\u00e1n A6 2026 de cuatro puertas que se une a la camioneta en Europa se inspira en el A7"},{"@type":"BreadcrumbList","@id":"https:\/\/garageblogec.com\/?p=1913#breadcrumb","itemListElement":[{"@type":"ListItem","position":1,"name":"Portada","item":"https:\/\/garageblogec.com\/"},{"@type":"ListItem","position":2,"name":"Audi acaba de presentar su sed\u00e1n m\u00e1s aerodin\u00e1mico hasta la fecha"}]},{"@type":"WebSite","@id":"https:\/\/garageblogec.com\/#website","url":"https:\/\/garageblogec.com\/","name":"Garage Blog Ecuador","description":"Alucinamos por los autos ","publisher":{"@id":"https:\/\/garageblogec.com\/#organization"},"potentialAction":[{"@type":"SearchAction","target":{"@type":"EntryPoint","urlTemplate":"https:\/\/garageblogec.com\/?s={search_term_string}"},"query-input":{"@type":"PropertyValueSpecification","valueRequired":true,"valueName":"search_term_string"}}],"inLanguage":"es"},{"@type":"Organization","@id":"https:\/\/garageblogec.com\/#organization","name":"Garage Blog Ecuador","url":"https:\/\/garageblogec.com\/","logo":{"@type":"ImageObject","inLanguage":"es","@id":"https:\/\/garageblogec.com\/#\/schema\/logo\/image\/","url":"https:\/\/garageblogec.com\/wp-content\/uploads\/2024\/02\/cropped-logo-png-para-blog.webp","contentUrl":"https:\/\/garageblogec.com\/wp-content\/uploads\/2024\/02\/cropped-logo-png-para-blog.webp","width":840,"height":556,"caption":"Garage Blog Ecuador "},"image":{"@id":"https:\/\/garageblogec.com\/#\/schema\/logo\/image\/"}},{"@type":"Person","@id":"https:\/\/garageblogec.com\/#\/schema\/person\/635f4b76c0cb3e43b82fe6f7d8bcceea","name":"gabi1212","image":{"@type":"ImageObject","inLanguage":"es","@id":"https:\/\/secure.gravatar.com\/avatar\/6aa491f45cb359d4d6dd8c430e83f78899c80569c27d21156e19bbdcd31d1811?s=96&d=mm&r=g","url":"https:\/\/secure.gravatar.com\/avatar\/6aa491f45cb359d4d6dd8c430e83f78899c80569c27d21156e19bbdcd31d1811?s=96&d=mm&r=g","contentUrl":"https:\/\/secure.gravatar.com\/avatar\/6aa491f45cb359d4d6dd8c430e83f78899c80569c27d21156e19bbdcd31d1811?s=96&d=mm&r=g","caption":"gabi1212"},"url":"https:\/\/garageblogec.com\/?author=6"}]}},"jetpack_featured_media_url":"https:\/\/garageblogec.com\/wp-content\/uploads\/2025\/04\/Captura-4.png","jetpack_sharing_enabled":true,"_links":{"self":[{"href":"https:\/\/garageblogec.com\/index.php?rest_route=\/wp\/v2\/posts\/1913","targetHints":{"allow":["GET"]}}],"collection":[{"href":"https:\/\/garageblogec.com\/index.php?rest_route=\/wp\/v2\/posts"}],"about":[{"href":"https:\/\/garageblogec.com\/index.php?rest_route=\/wp\/v2\/types\/post"}],"author":[{"embeddable":true,"href":"https:\/\/garageblogec.com\/index.php?rest_route=\/wp\/v2\/users\/6"}],"replies":[{"embeddable":true,"href":"https:\/\/garageblogec.com\/index.php?rest_route=%2Fwp%2Fv2%2Fcomments&post=1913"}],"version-history":[{"count":1,"href":"https:\/\/garageblogec.com\/index.php?rest_route=\/wp\/v2\/posts\/1913\/revisions"}],"predecessor-version":[{"id":1915,"href":"https:\/\/garageblogec.com\/index.php?rest_route=\/wp\/v2\/posts\/1913\/revisions\/1915"}],"wp:featuredmedia":[{"embeddable":true,"href":"https:\/\/garageblogec.com\/index.php?rest_route=\/wp\/v2\/media\/1914"}],"wp:attachment":[{"href":"https:\/\/garageblogec.com\/index.php?rest_route=%2Fwp%2Fv2%2Fmedia&parent=1913"}],"wp:term":[{"taxonomy":"category","embeddable":true,"href":"https:\/\/garageblogec.com\/index.php?rest_route=%2Fwp%2Fv2%2Fcategories&post=1913"},{"taxonomy":"post_tag","embeddable":true,"href":"https:\/\/garageblogec.com\/index.php?rest_route=%2Fwp%2Fv2%2Ftags&post=1913"}],"curies":[{"name":"wp","href":"https:\/\/api.w.org\/{rel}","templated":true}]}}