{"id":1871,"date":"2025-04-07T13:10:08","date_gmt":"2025-04-07T13:10:08","guid":{"rendered":"https:\/\/garageblogec.com\/?p=1871"},"modified":"2025-04-07T13:10:23","modified_gmt":"2025-04-07T13:10:23","slug":"el-kia-ev3-es-nombrado-finalista-de-los-tres-mejores-en-multiples-categorias-en-los-world-car-awards-2025","status":"publish","type":"post","link":"https:\/\/garageblogec.com\/?p=1871","title":{"rendered":"El Kia EV3 es nombrado finalista de los \u00abTres mejores\u00bb en m\u00faltiples categor\u00edas en los World Car Awards 2025"},"content":{"rendered":"\n<p>El Kia EV3 ha sido nombrado como uno de los tres mejores veh\u00edculos en m\u00faltiples categor\u00edas en los World Car Awards de este a\u00f1o. Los finalistas para los m\u00e1ximos honores en la edici\u00f3n 2025 del prestigioso reconocimiento, despu\u00e9s de haber sido seleccionados por un jurado de 96 distinguidos periodistas internacionales de automoci\u00f3n de 30 pa\u00edses.<\/p>\n\n\n\n<h1 class=\"wp-block-heading\">\u00bfEn qu\u00e9 categor\u00edas se anunci\u00f3 el Kia EV3 como uno de los tres mejores veh\u00edculos?<\/h1>\n\n\n\n<p>El EV3 fue seleccionado como uno de los tres mejores veh\u00edculos de una lista inicial de 52 contendientes en tres categor\u00edas separadas. Entre ellas se encuentran:<\/p>\n\n\n\n<ul class=\"wp-block-list\">\n<li>World Car Design of the Year<\/li>\n\n\n\n<li>World Electric Vehicle<\/li>\n\n\n\n<li>World Car of the Year (Victoria absoluta)<\/li>\n<\/ul>\n\n\n\n<h1 class=\"wp-block-heading\">\u00bfCu\u00e1les son las caracter\u00edsticas principales del Kia EV3?<\/h1>\n\n\n\n<figure class=\"wp-block-image size-large\"><img decoding=\"async\" src=\"https:\/\/www.kia.com\/content\/dam\/kwcms\/kme\/global\/en\/assets\/vehicles\/sv\/sv-my25\/discover\/kia-ev3-my24-delp-range.jpg\" alt=\"\"\/><\/figure>\n\n\n\n<p>El EV3 lleva la innovaci\u00f3n de vanguardia del buque insignia de Kia, el EV9, a un p\u00fablico m\u00e1s amplio que nunca, estableciendo nuevos est\u00e1ndares en el segmento de los SUV el\u00e9ctricos compactos (EV). El EV3 cuenta con un exterior audaz y progresivo y un interior innovador y pr\u00e1ctico que maximiza el espacio, la funcionalidad y la comodidad.<\/p>\n\n\n\n<p>El EV3 tiene una autonom\u00eda l\u00edder en su segmento de hasta 605 km y puede cargarse del 10 al 80 por ciento en 31 minutos*, lo que ofrece una facilidad de uso impresionante. El innovador dise\u00f1o interior optimiza el espacio, la comodidad y la accesibilidad, mientras que el asistente de IA de Kia, los sistemas avanzados de asistencia al conductor (ADAS) y las actualizaciones inal\u00e1mbricas (OTA) mejoran la experiencia del propietario con tecnolog\u00eda de vanguardia. Dise\u00f1ado para mejorar la<\/p>\n\n\n\n<p>accesibilidad de los veh\u00edculos el\u00e9ctricos, el Kia EV3 acelera el cambio de Kia para convertirse en un proveedor de soluciones de movilidad sostenible.<\/p>\n\n\n\n<figure class=\"wp-block-image size-full is-resized\"><img fetchpriority=\"high\" decoding=\"async\" width=\"480\" height=\"134\" src=\"https:\/\/garageblogec.com\/wp-content\/uploads\/2025\/02\/download.gif\" alt=\"\" class=\"wp-image-1731\" style=\"width:840px;height:auto\"\/><\/figure>\n\n\n\n<h1 class=\"wp-block-heading\">\u00bfQu\u00e9 t\u00edtulos de los World Car Awards ha ganado Kia anteriormente?<\/h1>\n\n\n\n<p>El a\u00f1o pasado, el Kia EV9 consigui\u00f3 una doble victoria, recogiendo los t\u00edtulos de Coche Mundial del A\u00f1o 2024 y Coche El\u00e9ctrico Mundial 2024.<\/p>\n\n\n\n<p>Antes del evento de 2024, Kia ya hab\u00eda obtenido tres victorias en los World Car Awards:<\/p>\n\n\n\n<p>Kia EV6 GT \u2013 2023 World Performance Car of the Year Kia Telluride \u2013 2020 World Car of the Year<\/p>\n\n\n\n<p>Kia Soul EV \u2013 2020 World Urban Car<\/p>\n\n\n\n<h1 class=\"wp-block-heading\">\u00bfCu\u00e1ndo se anunciar\u00e1n los ganadores absolutos de los World Car Awards 2025?<\/h1>\n\n\n\n<p>Los ganadores de las seis categor\u00edas se anunciar\u00e1n el mi\u00e9rcoles 16 de abril de 2025, durante una ceremonia en vivo de los World Car Awards en el Sal\u00f3n Internacional del Autom\u00f3vil de Nueva York (NYIAS).<\/p>\n\n\n\n<p><\/p>\n","protected":false},"excerpt":{"rendered":"<p>El Kia EV3 ha sido nombrado como uno de los tres mejores veh\u00edculos en m\u00faltiples categor\u00edas en los World Car Awards de este a\u00f1o. Los finalistas para los m\u00e1ximos honores en la edici\u00f3n 2025 del prestigioso reconocimiento, despu\u00e9s de haber sido seleccionados por un jurado de 96 distinguidos periodistas internacionales de automoci\u00f3n de 30 pa\u00edses. [&hellip;]<\/p>\n","protected":false},"author":1,"featured_media":1872,"comment_status":"open","ping_status":"open","sticky":false,"template":"","format":"standard","meta":{"_jetpack_memberships_contains_paid_content":false,"footnotes":""},"categories":[27],"tags":[217,68,30],"class_list":["post-1871","post","type-post","status-publish","format-standard","has-post-thumbnail","hentry","category-industria-nacional","tag-217","tag-autos","tag-ecuador"],"yoast_head":"<!-- This site is optimized with the Yoast SEO plugin v27.4 - https:\/\/yoast.com\/product\/yoast-seo-wordpress\/ -->\n<title>El Kia EV3 es nombrado finalista de los &quot;Tres mejores&quot; en m\u00faltiples categor\u00edas en los World Car Awards 2025 - Garage Blog Ecuador<\/title>\n<meta name=\"robots\" content=\"index, follow, max-snippet:-1, max-image-preview:large, max-video-preview:-1\" \/>\n<link rel=\"canonical\" href=\"https:\/\/garageblogec.com\/?p=1871\" \/>\n<meta property=\"og:locale\" content=\"es_ES\" \/>\n<meta property=\"og:type\" content=\"article\" \/>\n<meta property=\"og:title\" content=\"El Kia EV3 es nombrado finalista de los &quot;Tres mejores&quot; en m\u00faltiples categor\u00edas en los World Car Awards 2025 - Garage Blog Ecuador\" \/>\n<meta property=\"og:description\" content=\"El Kia EV3 ha sido nombrado como uno de los tres mejores veh\u00edculos en m\u00faltiples categor\u00edas en los World Car Awards de este a\u00f1o. Los finalistas para los m\u00e1ximos honores en la edici\u00f3n 2025 del prestigioso reconocimiento, despu\u00e9s de haber sido seleccionados por un jurado de 96 distinguidos periodistas internacionales de automoci\u00f3n de 30 pa\u00edses. [&hellip;]\" \/>\n<meta property=\"og:url\" content=\"https:\/\/garageblogec.com\/?p=1871\" \/>\n<meta property=\"og:site_name\" content=\"Garage Blog Ecuador\" \/>\n<meta property=\"article:published_time\" content=\"2025-04-07T13:10:08+00:00\" \/>\n<meta property=\"article:modified_time\" content=\"2025-04-07T13:10:23+00:00\" \/>\n<meta property=\"og:image\" content=\"https:\/\/garageblogec.com\/wp-content\/uploads\/2025\/04\/WhatsApp-Image-2025-04-02-at-10.14.23-AM.jpeg\" \/>\n\t<meta property=\"og:image:width\" content=\"1600\" \/>\n\t<meta property=\"og:image:height\" content=\"1066\" \/>\n\t<meta property=\"og:image:type\" content=\"image\/jpeg\" \/>\n<meta name=\"author\" content=\"admin\" \/>\n<meta name=\"twitter:card\" content=\"summary_large_image\" \/>\n<meta name=\"twitter:label1\" content=\"Escrito por\" \/>\n\t<meta name=\"twitter:data1\" content=\"admin\" \/>\n\t<meta name=\"twitter:label2\" content=\"Tiempo de lectura\" \/>\n\t<meta name=\"twitter:data2\" content=\"3 minutos\" \/>\n<script type=\"application\/ld+json\" class=\"yoast-schema-graph\">{\"@context\":\"https:\\\/\\\/schema.org\",\"@graph\":[{\"@type\":\"Article\",\"@id\":\"https:\\\/\\\/garageblogec.com\\\/?p=1871#article\",\"isPartOf\":{\"@id\":\"https:\\\/\\\/garageblogec.com\\\/?p=1871\"},\"author\":{\"name\":\"admin\",\"@id\":\"https:\\\/\\\/garageblogec.com\\\/#\\\/schema\\\/person\\\/9e42946a1c059998e1dcd2e9c0b14f7b\"},\"headline\":\"El Kia EV3 es nombrado finalista de los \u00abTres mejores\u00bb en m\u00faltiples categor\u00edas en los World Car Awards 2025\",\"datePublished\":\"2025-04-07T13:10:08+00:00\",\"dateModified\":\"2025-04-07T13:10:23+00:00\",\"mainEntityOfPage\":{\"@id\":\"https:\\\/\\\/garageblogec.com\\\/?p=1871\"},\"wordCount\":447,\"commentCount\":0,\"publisher\":{\"@id\":\"https:\\\/\\\/garageblogec.com\\\/#organization\"},\"image\":{\"@id\":\"https:\\\/\\\/garageblogec.com\\\/?p=1871#primaryimage\"},\"thumbnailUrl\":\"https:\\\/\\\/garageblogec.com\\\/wp-content\\\/uploads\\\/2025\\\/04\\\/WhatsApp-Image-2025-04-02-at-10.14.23-AM.jpeg\",\"keywords\":[\"2025\",\"autos\",\"Ecuador\"],\"articleSection\":[\"Industria Nacional\"],\"inLanguage\":\"es\",\"potentialAction\":[{\"@type\":\"CommentAction\",\"name\":\"Comment\",\"target\":[\"https:\\\/\\\/garageblogec.com\\\/?p=1871#respond\"]}]},{\"@type\":\"WebPage\",\"@id\":\"https:\\\/\\\/garageblogec.com\\\/?p=1871\",\"url\":\"https:\\\/\\\/garageblogec.com\\\/?p=1871\",\"name\":\"El Kia EV3 es nombrado finalista de los \\\"Tres mejores\\\" en m\u00faltiples categor\u00edas en los World Car Awards 2025 - Garage Blog Ecuador\",\"isPartOf\":{\"@id\":\"https:\\\/\\\/garageblogec.com\\\/#website\"},\"primaryImageOfPage\":{\"@id\":\"https:\\\/\\\/garageblogec.com\\\/?p=1871#primaryimage\"},\"image\":{\"@id\":\"https:\\\/\\\/garageblogec.com\\\/?p=1871#primaryimage\"},\"thumbnailUrl\":\"https:\\\/\\\/garageblogec.com\\\/wp-content\\\/uploads\\\/2025\\\/04\\\/WhatsApp-Image-2025-04-02-at-10.14.23-AM.jpeg\",\"datePublished\":\"2025-04-07T13:10:08+00:00\",\"dateModified\":\"2025-04-07T13:10:23+00:00\",\"breadcrumb\":{\"@id\":\"https:\\\/\\\/garageblogec.com\\\/?p=1871#breadcrumb\"},\"inLanguage\":\"es\",\"potentialAction\":[{\"@type\":\"ReadAction\",\"target\":[\"https:\\\/\\\/garageblogec.com\\\/?p=1871\"]}]},{\"@type\":\"ImageObject\",\"inLanguage\":\"es\",\"@id\":\"https:\\\/\\\/garageblogec.com\\\/?p=1871#primaryimage\",\"url\":\"https:\\\/\\\/garageblogec.com\\\/wp-content\\\/uploads\\\/2025\\\/04\\\/WhatsApp-Image-2025-04-02-at-10.14.23-AM.jpeg\",\"contentUrl\":\"https:\\\/\\\/garageblogec.com\\\/wp-content\\\/uploads\\\/2025\\\/04\\\/WhatsApp-Image-2025-04-02-at-10.14.23-AM.jpeg\",\"width\":1600,\"height\":1066},{\"@type\":\"BreadcrumbList\",\"@id\":\"https:\\\/\\\/garageblogec.com\\\/?p=1871#breadcrumb\",\"itemListElement\":[{\"@type\":\"ListItem\",\"position\":1,\"name\":\"Portada\",\"item\":\"https:\\\/\\\/garageblogec.com\\\/\"},{\"@type\":\"ListItem\",\"position\":2,\"name\":\"El Kia EV3 es nombrado finalista de los \u00abTres mejores\u00bb en m\u00faltiples categor\u00edas en los World Car Awards 2025\"}]},{\"@type\":\"WebSite\",\"@id\":\"https:\\\/\\\/garageblogec.com\\\/#website\",\"url\":\"https:\\\/\\\/garageblogec.com\\\/\",\"name\":\"Garage Blog Ecuador\",\"description\":\"Alucinamos por los autos \",\"publisher\":{\"@id\":\"https:\\\/\\\/garageblogec.com\\\/#organization\"},\"potentialAction\":[{\"@type\":\"SearchAction\",\"target\":{\"@type\":\"EntryPoint\",\"urlTemplate\":\"https:\\\/\\\/garageblogec.com\\\/?s={search_term_string}\"},\"query-input\":{\"@type\":\"PropertyValueSpecification\",\"valueRequired\":true,\"valueName\":\"search_term_string\"}}],\"inLanguage\":\"es\"},{\"@type\":\"Organization\",\"@id\":\"https:\\\/\\\/garageblogec.com\\\/#organization\",\"name\":\"Garage Blog Ecuador\",\"url\":\"https:\\\/\\\/garageblogec.com\\\/\",\"logo\":{\"@type\":\"ImageObject\",\"inLanguage\":\"es\",\"@id\":\"https:\\\/\\\/garageblogec.com\\\/#\\\/schema\\\/logo\\\/image\\\/\",\"url\":\"https:\\\/\\\/garageblogec.com\\\/wp-content\\\/uploads\\\/2024\\\/02\\\/cropped-logo-png-para-blog.webp\",\"contentUrl\":\"https:\\\/\\\/garageblogec.com\\\/wp-content\\\/uploads\\\/2024\\\/02\\\/cropped-logo-png-para-blog.webp\",\"width\":840,\"height\":556,\"caption\":\"Garage Blog Ecuador \"},\"image\":{\"@id\":\"https:\\\/\\\/garageblogec.com\\\/#\\\/schema\\\/logo\\\/image\\\/\"}},{\"@type\":\"Person\",\"@id\":\"https:\\\/\\\/garageblogec.com\\\/#\\\/schema\\\/person\\\/9e42946a1c059998e1dcd2e9c0b14f7b\",\"name\":\"admin\",\"image\":{\"@type\":\"ImageObject\",\"inLanguage\":\"es\",\"@id\":\"https:\\\/\\\/secure.gravatar.com\\\/avatar\\\/3612d5dfd364004c4d91ec427ebfe980a13c66be055df17156d99287f7c39228?s=96&d=mm&r=g\",\"url\":\"https:\\\/\\\/secure.gravatar.com\\\/avatar\\\/3612d5dfd364004c4d91ec427ebfe980a13c66be055df17156d99287f7c39228?s=96&d=mm&r=g\",\"contentUrl\":\"https:\\\/\\\/secure.gravatar.com\\\/avatar\\\/3612d5dfd364004c4d91ec427ebfe980a13c66be055df17156d99287f7c39228?s=96&d=mm&r=g\",\"caption\":\"admin\"},\"sameAs\":[\"https:\\\/\\\/garageblogec.com\"],\"url\":\"https:\\\/\\\/garageblogec.com\\\/?author=1\"}]}<\/script>\n<!-- \/ Yoast SEO plugin. -->","yoast_head_json":{"title":"El Kia EV3 es nombrado finalista de los \"Tres mejores\" en m\u00faltiples categor\u00edas en los World Car Awards 2025 - Garage Blog Ecuador","robots":{"index":"index","follow":"follow","max-snippet":"max-snippet:-1","max-image-preview":"max-image-preview:large","max-video-preview":"max-video-preview:-1"},"canonical":"https:\/\/garageblogec.com\/?p=1871","og_locale":"es_ES","og_type":"article","og_title":"El Kia EV3 es nombrado finalista de los \"Tres mejores\" en m\u00faltiples categor\u00edas en los World Car Awards 2025 - Garage Blog Ecuador","og_description":"El Kia EV3 ha sido nombrado como uno de los tres mejores veh\u00edculos en m\u00faltiples categor\u00edas en los World Car Awards de este a\u00f1o. Los finalistas para los m\u00e1ximos honores en la edici\u00f3n 2025 del prestigioso reconocimiento, despu\u00e9s de haber sido seleccionados por un jurado de 96 distinguidos periodistas internacionales de automoci\u00f3n de 30 pa\u00edses. [&hellip;]","og_url":"https:\/\/garageblogec.com\/?p=1871","og_site_name":"Garage Blog Ecuador","article_published_time":"2025-04-07T13:10:08+00:00","article_modified_time":"2025-04-07T13:10:23+00:00","og_image":[{"width":1600,"height":1066,"url":"https:\/\/garageblogec.com\/wp-content\/uploads\/2025\/04\/WhatsApp-Image-2025-04-02-at-10.14.23-AM.jpeg","type":"image\/jpeg"}],"author":"admin","twitter_card":"summary_large_image","twitter_misc":{"Escrito por":"admin","Tiempo de lectura":"3 minutos"},"schema":{"@context":"https:\/\/schema.org","@graph":[{"@type":"Article","@id":"https:\/\/garageblogec.com\/?p=1871#article","isPartOf":{"@id":"https:\/\/garageblogec.com\/?p=1871"},"author":{"name":"admin","@id":"https:\/\/garageblogec.com\/#\/schema\/person\/9e42946a1c059998e1dcd2e9c0b14f7b"},"headline":"El Kia EV3 es nombrado finalista de los \u00abTres mejores\u00bb en m\u00faltiples categor\u00edas en los World Car Awards 2025","datePublished":"2025-04-07T13:10:08+00:00","dateModified":"2025-04-07T13:10:23+00:00","mainEntityOfPage":{"@id":"https:\/\/garageblogec.com\/?p=1871"},"wordCount":447,"commentCount":0,"publisher":{"@id":"https:\/\/garageblogec.com\/#organization"},"image":{"@id":"https:\/\/garageblogec.com\/?p=1871#primaryimage"},"thumbnailUrl":"https:\/\/garageblogec.com\/wp-content\/uploads\/2025\/04\/WhatsApp-Image-2025-04-02-at-10.14.23-AM.jpeg","keywords":["2025","autos","Ecuador"],"articleSection":["Industria Nacional"],"inLanguage":"es","potentialAction":[{"@type":"CommentAction","name":"Comment","target":["https:\/\/garageblogec.com\/?p=1871#respond"]}]},{"@type":"WebPage","@id":"https:\/\/garageblogec.com\/?p=1871","url":"https:\/\/garageblogec.com\/?p=1871","name":"El Kia EV3 es nombrado finalista de los \"Tres mejores\" en m\u00faltiples categor\u00edas en los World Car Awards 2025 - Garage Blog Ecuador","isPartOf":{"@id":"https:\/\/garageblogec.com\/#website"},"primaryImageOfPage":{"@id":"https:\/\/garageblogec.com\/?p=1871#primaryimage"},"image":{"@id":"https:\/\/garageblogec.com\/?p=1871#primaryimage"},"thumbnailUrl":"https:\/\/garageblogec.com\/wp-content\/uploads\/2025\/04\/WhatsApp-Image-2025-04-02-at-10.14.23-AM.jpeg","datePublished":"2025-04-07T13:10:08+00:00","dateModified":"2025-04-07T13:10:23+00:00","breadcrumb":{"@id":"https:\/\/garageblogec.com\/?p=1871#breadcrumb"},"inLanguage":"es","potentialAction":[{"@type":"ReadAction","target":["https:\/\/garageblogec.com\/?p=1871"]}]},{"@type":"ImageObject","inLanguage":"es","@id":"https:\/\/garageblogec.com\/?p=1871#primaryimage","url":"https:\/\/garageblogec.com\/wp-content\/uploads\/2025\/04\/WhatsApp-Image-2025-04-02-at-10.14.23-AM.jpeg","contentUrl":"https:\/\/garageblogec.com\/wp-content\/uploads\/2025\/04\/WhatsApp-Image-2025-04-02-at-10.14.23-AM.jpeg","width":1600,"height":1066},{"@type":"BreadcrumbList","@id":"https:\/\/garageblogec.com\/?p=1871#breadcrumb","itemListElement":[{"@type":"ListItem","position":1,"name":"Portada","item":"https:\/\/garageblogec.com\/"},{"@type":"ListItem","position":2,"name":"El Kia EV3 es nombrado finalista de los \u00abTres mejores\u00bb en m\u00faltiples categor\u00edas en los World Car Awards 2025"}]},{"@type":"WebSite","@id":"https:\/\/garageblogec.com\/#website","url":"https:\/\/garageblogec.com\/","name":"Garage Blog Ecuador","description":"Alucinamos por los autos ","publisher":{"@id":"https:\/\/garageblogec.com\/#organization"},"potentialAction":[{"@type":"SearchAction","target":{"@type":"EntryPoint","urlTemplate":"https:\/\/garageblogec.com\/?s={search_term_string}"},"query-input":{"@type":"PropertyValueSpecification","valueRequired":true,"valueName":"search_term_string"}}],"inLanguage":"es"},{"@type":"Organization","@id":"https:\/\/garageblogec.com\/#organization","name":"Garage Blog Ecuador","url":"https:\/\/garageblogec.com\/","logo":{"@type":"ImageObject","inLanguage":"es","@id":"https:\/\/garageblogec.com\/#\/schema\/logo\/image\/","url":"https:\/\/garageblogec.com\/wp-content\/uploads\/2024\/02\/cropped-logo-png-para-blog.webp","contentUrl":"https:\/\/garageblogec.com\/wp-content\/uploads\/2024\/02\/cropped-logo-png-para-blog.webp","width":840,"height":556,"caption":"Garage Blog Ecuador "},"image":{"@id":"https:\/\/garageblogec.com\/#\/schema\/logo\/image\/"}},{"@type":"Person","@id":"https:\/\/garageblogec.com\/#\/schema\/person\/9e42946a1c059998e1dcd2e9c0b14f7b","name":"admin","image":{"@type":"ImageObject","inLanguage":"es","@id":"https:\/\/secure.gravatar.com\/avatar\/3612d5dfd364004c4d91ec427ebfe980a13c66be055df17156d99287f7c39228?s=96&d=mm&r=g","url":"https:\/\/secure.gravatar.com\/avatar\/3612d5dfd364004c4d91ec427ebfe980a13c66be055df17156d99287f7c39228?s=96&d=mm&r=g","contentUrl":"https:\/\/secure.gravatar.com\/avatar\/3612d5dfd364004c4d91ec427ebfe980a13c66be055df17156d99287f7c39228?s=96&d=mm&r=g","caption":"admin"},"sameAs":["https:\/\/garageblogec.com"],"url":"https:\/\/garageblogec.com\/?author=1"}]}},"jetpack_featured_media_url":"https:\/\/garageblogec.com\/wp-content\/uploads\/2025\/04\/WhatsApp-Image-2025-04-02-at-10.14.23-AM.jpeg","jetpack_sharing_enabled":true,"_links":{"self":[{"href":"https:\/\/garageblogec.com\/index.php?rest_route=\/wp\/v2\/posts\/1871","targetHints":{"allow":["GET"]}}],"collection":[{"href":"https:\/\/garageblogec.com\/index.php?rest_route=\/wp\/v2\/posts"}],"about":[{"href":"https:\/\/garageblogec.com\/index.php?rest_route=\/wp\/v2\/types\/post"}],"author":[{"embeddable":true,"href":"https:\/\/garageblogec.com\/index.php?rest_route=\/wp\/v2\/users\/1"}],"replies":[{"embeddable":true,"href":"https:\/\/garageblogec.com\/index.php?rest_route=%2Fwp%2Fv2%2Fcomments&post=1871"}],"version-history":[{"count":1,"href":"https:\/\/garageblogec.com\/index.php?rest_route=\/wp\/v2\/posts\/1871\/revisions"}],"predecessor-version":[{"id":1873,"href":"https:\/\/garageblogec.com\/index.php?rest_route=\/wp\/v2\/posts\/1871\/revisions\/1873"}],"wp:featuredmedia":[{"embeddable":true,"href":"https:\/\/garageblogec.com\/index.php?rest_route=\/wp\/v2\/media\/1872"}],"wp:attachment":[{"href":"https:\/\/garageblogec.com\/index.php?rest_route=%2Fwp%2Fv2%2Fmedia&parent=1871"}],"wp:term":[{"taxonomy":"category","embeddable":true,"href":"https:\/\/garageblogec.com\/index.php?rest_route=%2Fwp%2Fv2%2Fcategories&post=1871"},{"taxonomy":"post_tag","embeddable":true,"href":"https:\/\/garageblogec.com\/index.php?rest_route=%2Fwp%2Fv2%2Ftags&post=1871"}],"curies":[{"name":"wp","href":"https:\/\/api.w.org\/{rel}","templated":true}]}}