{"id":1813,"date":"2025-03-18T19:24:35","date_gmt":"2025-03-18T19:24:35","guid":{"rendered":"https:\/\/garageblogec.com\/?p=1813"},"modified":"2025-03-18T19:24:42","modified_gmt":"2025-03-18T19:24:42","slug":"galapagos-continua-avanzando-en-sostenibilidad-con-el-kia-ev5","status":"publish","type":"post","link":"https:\/\/garageblogec.com\/?p=1813","title":{"rendered":"Gal\u00e1pagos contin\u00faa avanzando en sostenibilidad con el Kia EV5"},"content":{"rendered":"\n<p>En un paso significativo hacia la movilidad sostenible, Kia Ecuador ha introducido el innovador Kia<br>EV5 en las Islas Gal\u00e1pagos, un archipi\u00e9lago reconocido por su compromiso con la preservaci\u00f3n del<br>medio ambiente. Esta iniciativa refuerza la posici\u00f3n de Kia como l\u00edder en movilidad sostenible en<br>Ecuador y la regi\u00f3n.<\/p>\n\n\n\n<figure class=\"wp-block-image size-large\"><img fetchpriority=\"high\" decoding=\"async\" width=\"1024\" height=\"768\" src=\"https:\/\/garageblogec.com\/wp-content\/uploads\/2025\/03\/EV-5-galapagos-1-1-1024x768.jpeg\" alt=\"\" class=\"wp-image-1814\" srcset=\"https:\/\/garageblogec.com\/wp-content\/uploads\/2025\/03\/EV-5-galapagos-1-1-1024x768.jpeg 1024w, https:\/\/garageblogec.com\/wp-content\/uploads\/2025\/03\/EV-5-galapagos-1-1-300x225.jpeg 300w, https:\/\/garageblogec.com\/wp-content\/uploads\/2025\/03\/EV-5-galapagos-1-1-768x576.jpeg 768w, https:\/\/garageblogec.com\/wp-content\/uploads\/2025\/03\/EV-5-galapagos-1-1-1536x1152.jpeg 1536w, https:\/\/garageblogec.com\/wp-content\/uploads\/2025\/03\/EV-5-galapagos-1-1-1320x990.jpeg 1320w, https:\/\/garageblogec.com\/wp-content\/uploads\/2025\/03\/EV-5-galapagos-1-1.jpeg 1600w\" sizes=\"(max-width: 1024px) 100vw, 1024px\" \/><\/figure>\n\n\n\n<p><br>El Kia EV5, un veh\u00edculo el\u00e9ctrico de \u00faltima generaci\u00f3n, no solo destaca por su dise\u00f1o innovador y<br>tecnolog\u00eda avanzada, sino tambi\u00e9n por su contribuci\u00f3n a un futuro m\u00e1s verde. Con cero emisiones<br>de CO2, este SUV es ideal para un entorno tan sensible como Gal\u00e1pagos, donde la normativa local<br>prioriza el uso de veh\u00edculos el\u00e9ctricos para proteger el ecosistema \u00fanico de la regi\u00f3n.<\/p>\n\n\n\n<figure class=\"wp-block-image size-full is-resized\"><a href=\"https:\/\/www.kia.com\/ec\/showroom\/kiacarens\/features.html\"><img decoding=\"async\" width=\"480\" height=\"134\" src=\"https:\/\/garageblogec.com\/wp-content\/uploads\/2025\/02\/download.gif\" alt=\"\" class=\"wp-image-1731\" style=\"width:840px;height:auto\"\/><\/a><\/figure>\n\n\n\n<p><br>El abogado \u00c1ngel R., se ha convertido en el primer propietario del Kia EV5, \u201cEsta adquisici\u00f3n<br>simboliza el apoyo a las iniciativas que buscan preservar el medio ambiente en este Patrimonio<br>Natural de la Humanidad.\u201d, destac\u00f3, \u00c1ngel.<\/p>\n\n\n\n<figure class=\"wp-block-image size-large\"><img decoding=\"async\" width=\"768\" height=\"1024\" src=\"https:\/\/garageblogec.com\/wp-content\/uploads\/2025\/03\/EV-5-galapagos-2-768x1024.jpeg\" alt=\"\" class=\"wp-image-1815\" srcset=\"https:\/\/garageblogec.com\/wp-content\/uploads\/2025\/03\/EV-5-galapagos-2-768x1024.jpeg 768w, https:\/\/garageblogec.com\/wp-content\/uploads\/2025\/03\/EV-5-galapagos-2-225x300.jpeg 225w, https:\/\/garageblogec.com\/wp-content\/uploads\/2025\/03\/EV-5-galapagos-2-1152x1536.jpeg 1152w, https:\/\/garageblogec.com\/wp-content\/uploads\/2025\/03\/EV-5-galapagos-2.jpeg 1200w\" sizes=\"(max-width: 768px) 100vw, 768px\" \/><\/figure>\n\n\n\n<p><br>Kia Ecuador a trav\u00e9s de su estrategia hol\u00edstica denominado Plan S (Planeta, Energ\u00eda y Movilidad<br>Sostenible) ha sido pionera en acelerar y liderar la movilidad sostenible en el pa\u00eds. Con un amplio<br>cat\u00e1logo de autos el\u00e9ctricos; una red propia y m\u00e1s grande de puntos carga (superan los 150 puntos<br>a escala nacional) y m\u00e1s de 10 electrolineras, una de ellas se ubica en Gal\u00e1pagos y funciona 100%<br>con energ\u00eda solar, hasta la disposici\u00f3n final de las bater\u00edas que usan nuestros autos.<\/p>\n\n\n\n<figure class=\"wp-block-image size-large\"><img loading=\"lazy\" decoding=\"async\" width=\"1024\" height=\"768\" src=\"https:\/\/garageblogec.com\/wp-content\/uploads\/2025\/03\/EV-5-galapagos-3-1024x768.jpeg\" alt=\"\" class=\"wp-image-1816\" srcset=\"https:\/\/garageblogec.com\/wp-content\/uploads\/2025\/03\/EV-5-galapagos-3-1024x768.jpeg 1024w, https:\/\/garageblogec.com\/wp-content\/uploads\/2025\/03\/EV-5-galapagos-3-300x225.jpeg 300w, https:\/\/garageblogec.com\/wp-content\/uploads\/2025\/03\/EV-5-galapagos-3-768x576.jpeg 768w, https:\/\/garageblogec.com\/wp-content\/uploads\/2025\/03\/EV-5-galapagos-3-1536x1152.jpeg 1536w, https:\/\/garageblogec.com\/wp-content\/uploads\/2025\/03\/EV-5-galapagos-3-1320x990.jpeg 1320w, https:\/\/garageblogec.com\/wp-content\/uploads\/2025\/03\/EV-5-galapagos-3.jpeg 1600w\" sizes=\"(max-width: 1024px) 100vw, 1024px\" \/><\/figure>\n\n\n\n<p><br>Adem\u00e1s, Kia ha participado activamente en proyectos de restauraci\u00f3n ambiental y promoci\u00f3n de<br>\u00e1reas verdes en Ecuador, incluyendo las Islas Gal\u00e1pagos a trav\u00e9s de su programa Kia Parks. Se realiz\u00f3<br>la restauraci\u00f3n de los puertos del Canal de Itabaca, tanto en el lado de Baltra, como en Santa Cruz.<br>Este nuevo Kia EV5 se une a la comunidad de Kia Soul el\u00e9ctricos que llegaron en el a\u00f1o 2016 a la<br>regi\u00f3n insular, con ello Kia Ecuador reafirma su compromiso con la movilidad sostenible y el cuidado<br>de las presentes y futuras generaciones.<br><strong>Detalles del Kia EV5<\/strong><\/p>\n\n\n\n<ul class=\"wp-block-list\">\n<li>Autonom\u00eda: Mas de 500 km con una carga completa.<\/li>\n\n\n\n<li>Tecnolog\u00eda avanzada: Incluye sistemas de asistencia al conductor ADAS y una pantalla panor\u00e1mica<br>de infoentretenimiento y mas tecnologias innovadoras<\/li>\n\n\n\n<li>Materiales ecoamigables: Kia EV5 no solo se destaca por su innovador dise\u00f1o y tecnolog\u00eda<br>avanzada, sino tambi\u00e9n por el uso de materiales eco-amigables que contribuyen a un futuro m\u00e1s<br>verde.<\/li>\n\n\n\n<li>Beneficios Ambientales: Cero emisiones de CO2, contribuyendo significativamente a la reducci\u00f3n<br>de la huella de carbono.<\/li>\n<\/ul>\n\n\n<div class='pt-cv-wrapper'> <h3 class='pt-cv-heading-container heading1' data-blockid='igok02s6'><span class='pt-cv-heading'> Overlay1 <\/span><\/h3><div class=\"pt-cv-view pt-cv-overlaygrid iscvblock iscvreal overlay1 layout1\" id=\"pt-cv-view-igok02s6\"><div data-id=\"pt-cv-page-1\" class=\"pt-cv-page\" data-cvc=\"3\"><div class=\" pt-cv-content-item pt-cv-1-col\" ><div class=\"pt-cv-thumb-wrapper  \"><a href=\"https:\/\/garageblogec.com\/?p=3303\" class=\"_self pt-cv-href-thumbnail pt-cv-thumb-default\" target=\"_self\" ><img loading=\"lazy\" decoding=\"async\" width=\"768\" height=\"432\" src=\"https:\/\/garageblogec.com\/wp-content\/uploads\/2026\/04\/WhatsApp-Image-2026-04-21-at-1.52.53-PM-768x432.jpeg\" class=\"pt-cv-thumbnail\" alt=\"\" \/><\/a><\/div>\n<div class=\"pt-cv-overlay-wrapper\"><div class=\"pt-cv-taxoterm above_title\"><a href='https:\/\/garageblogec.com\/?cat=27' title='Industria Nacional' class='pt-cv-tax-industria-nacional'>Industria Nacional<\/a><\/div><h4 class=\"pt-cv-title\"><a href=\"https:\/\/garageblogec.com\/?p=3303\" class=\"_self\" target=\"_self\" >Grupo Ambacar presenta en Guayaquil KGM, su nueva marca de SUV h\u00edbridos con respaldo global<\/a><\/h4><div class=\"pt-cv-meta-fields\"><span class=\"entry-date\"> <time datetime=\"2026-04-21T21:37:24+00:00\">abril 21, 2026<\/time><\/span><span> \/ <\/span><span class=\"author\"> <a href=\"https:\/\/garageblogec.com\/?author=6\" rel=\"author\">gabi1212<\/a><\/span><\/div><\/div><\/div>\n<div class=\" pt-cv-content-item pt-cv-1-col\" ><div class=\"pt-cv-thumb-wrapper  \"><a href=\"https:\/\/garageblogec.com\/?p=3296\" class=\"_self pt-cv-href-thumbnail pt-cv-thumb-default\" target=\"_self\" ><img loading=\"lazy\" decoding=\"async\" width=\"768\" height=\"432\" src=\"https:\/\/garageblogec.com\/wp-content\/uploads\/2026\/04\/WhatsApp-Image-2026-04-14-at-3.15.09-PM-768x432.jpeg\" class=\"pt-cv-thumbnail\" alt=\"\" \/><\/a><\/div>\n<div class=\"pt-cv-overlay-wrapper\"><div class=\"pt-cv-taxoterm above_title\"><a href='https:\/\/garageblogec.com\/?cat=27' title='Industria Nacional' class='pt-cv-tax-industria-nacional'>Industria Nacional<\/a><\/div><h4 class=\"pt-cv-title\"><a href=\"https:\/\/garageblogec.com\/?p=3296\" class=\"_self\" target=\"_self\" >El tablero desapareci\u00f3, ahora el auto es una pantalla inteligente<\/a><\/h4><div class=\"pt-cv-meta-fields\"><span class=\"entry-date\"> <time datetime=\"2026-04-14T20:21:20+00:00\">abril 14, 2026<\/time><\/span><span> \/ <\/span><span class=\"author\"> <a href=\"https:\/\/garageblogec.com\/?author=6\" rel=\"author\">gabi1212<\/a><\/span><\/div><\/div><\/div>\n<div class=\" pt-cv-content-item pt-cv-1-col\" ><div class=\"pt-cv-thumb-wrapper  \"><a href=\"https:\/\/garageblogec.com\/?p=3291\" class=\"_self pt-cv-href-thumbnail pt-cv-thumb-default\" target=\"_self\" ><img loading=\"lazy\" decoding=\"async\" width=\"768\" height=\"432\" src=\"https:\/\/garageblogec.com\/wp-content\/uploads\/2026\/04\/WhatsApp-Image-2026-04-14-at-2.21.27-PM-768x432.jpeg\" class=\"pt-cv-thumbnail\" alt=\"\" \/><\/a><\/div>\n<div class=\"pt-cv-overlay-wrapper\"><div class=\"pt-cv-taxoterm above_title\"><a href='https:\/\/garageblogec.com\/?cat=27' title='Industria Nacional' class='pt-cv-tax-industria-nacional'>Industria Nacional<\/a><\/div><h4 class=\"pt-cv-title\"><a href=\"https:\/\/garageblogec.com\/?p=3291\" class=\"_self\" target=\"_self\" >Seguridad al volante en Ecuador: los errores m\u00e1s comunes que cometen los conductores<\/a><\/h4><div class=\"pt-cv-meta-fields\"><span class=\"entry-date\"> <time datetime=\"2026-04-14T20:08:54+00:00\">abril 14, 2026<\/time><\/span><span> \/ <\/span><span class=\"author\"> <a href=\"https:\/\/garageblogec.com\/?author=6\" rel=\"author\">gabi1212<\/a><\/span><\/div><\/div><\/div>\n<div class=\" pt-cv-content-item pt-cv-1-col\" ><div class=\"pt-cv-thumb-wrapper  \"><a href=\"https:\/\/garageblogec.com\/?p=3286\" class=\"_self pt-cv-href-thumbnail pt-cv-thumb-default\" target=\"_self\" ><img loading=\"lazy\" decoding=\"async\" width=\"768\" height=\"492\" src=\"https:\/\/garageblogec.com\/wp-content\/uploads\/2026\/04\/Posventa.jpg-768x492.jpeg\" class=\"pt-cv-thumbnail\" alt=\"\" \/><\/a><\/div>\n<div class=\"pt-cv-overlay-wrapper\"><div class=\"pt-cv-taxoterm above_title\"><a href='https:\/\/garageblogec.com\/?cat=27' title='Industria Nacional' class='pt-cv-tax-industria-nacional'>Industria Nacional<\/a><\/div><h4 class=\"pt-cv-title\"><a href=\"https:\/\/garageblogec.com\/?p=3286\" class=\"_self\" target=\"_self\" >Clientes Nissan reciben cambios de aceite infinitos<\/a><\/h4><div class=\"pt-cv-meta-fields\"><span class=\"entry-date\"> <time datetime=\"2026-04-14T20:04:08+00:00\">abril 14, 2026<\/time><\/span><span> \/ <\/span><span class=\"author\"> <a href=\"https:\/\/garageblogec.com\/?author=6\" rel=\"author\">gabi1212<\/a><\/span><\/div><\/div><\/div>\n<div class=\" pt-cv-content-item pt-cv-1-col\" ><div class=\"pt-cv-thumb-wrapper  \"><a href=\"https:\/\/garageblogec.com\/?p=3280\" class=\"_self pt-cv-href-thumbnail pt-cv-thumb-default\" target=\"_self\" ><img loading=\"lazy\" decoding=\"async\" width=\"768\" height=\"512\" src=\"https:\/\/garageblogec.com\/wp-content\/uploads\/2026\/04\/foto1-768x512.jpeg\" class=\"pt-cv-thumbnail\" alt=\"\" \/><\/a><\/div>\n<div class=\"pt-cv-overlay-wrapper\"><div class=\"pt-cv-taxoterm above_title\"><a href='https:\/\/garageblogec.com\/?cat=27' title='Industria Nacional' class='pt-cv-tax-industria-nacional'>Industria Nacional<\/a><\/div><h4 class=\"pt-cv-title\"><a href=\"https:\/\/garageblogec.com\/?p=3280\" class=\"_self\" target=\"_self\" >Movilidad como inversi\u00f3n: el uso de utilidades que crece en Ecuador<\/a><\/h4><div class=\"pt-cv-meta-fields\"><span class=\"entry-date\"> <time datetime=\"2026-04-07T19:55:36+00:00\">abril 7, 2026<\/time><\/span><span> \/ <\/span><span class=\"author\"> <a href=\"https:\/\/garageblogec.com\/?author=6\" rel=\"author\">gabi1212<\/a><\/span><\/div><\/div><\/div>\n<div class=\" pt-cv-content-item pt-cv-1-col\" ><div class=\"pt-cv-thumb-wrapper  \"><a href=\"https:\/\/garageblogec.com\/?p=3276\" class=\"_self pt-cv-href-thumbnail pt-cv-thumb-default\" target=\"_self\" ><img loading=\"lazy\" decoding=\"async\" width=\"745\" height=\"491\" src=\"https:\/\/garageblogec.com\/wp-content\/uploads\/2026\/04\/TT.png\" class=\"pt-cv-thumbnail\" alt=\"\" \/><\/a><\/div>\n<div class=\"pt-cv-overlay-wrapper\"><div class=\"pt-cv-taxoterm above_title\"><a href='https:\/\/garageblogec.com\/?cat=27' title='Industria Nacional' class='pt-cv-tax-industria-nacional'>Industria Nacional<\/a><\/div><h4 class=\"pt-cv-title\"><a href=\"https:\/\/garageblogec.com\/?p=3276\" class=\"_self\" target=\"_self\" >Lluvias en Ecuador: C\u00f3mo reducir riesgos en carretera y prevenir accidentes en calzada mojada<\/a><\/h4><div class=\"pt-cv-meta-fields\"><span class=\"entry-date\"> <time datetime=\"2026-04-07T19:46:52+00:00\">abril 7, 2026<\/time><\/span><span> \/ <\/span><span class=\"author\"> <a href=\"https:\/\/garageblogec.com\/?author=6\" rel=\"author\">gabi1212<\/a><\/span><\/div><\/div><\/div><\/div><\/div> <\/div> <style>\n#pt-cv-view-igok02s6 .pt-cv-thumb-wrapper::before {background: rgba(0,0,0,.4); opacity: 0.8;}#pt-cv-view-igok02s6 .pt-cv-overlay-wrapper {justify-content: center;}\n#pt-cv-view-igok02s6 .pt-cv-meta-fields {  }#pt-cv-view-igok02s6 .pt-cv-meta-fields * { font-size: 13px; }#pt-cv-view-igok02s6 .pt-cv-title a { display: block; }#pt-cv-view-igok02s6 .pt-cv-title:not(.pt-cv-titlesm) a { font-weight: 600;text-decoration: none;font-size: 20px; }#pt-cv-view-igok02s6 .pt-cv-titlesm a { font-weight: 600;font-size: 18px; }#pt-cv-view-igok02s6 .pt-cv-content { font-size: 15px; }#pt-cv-view-igok02s6 .pt-cv-rmwrap {  }#pt-cv-view-igok02s6 .pt-cv-readmore { color: #fff;background-color: #0075ff;font-size: 14px; }#pt-cv-view-igok02s6 .pt-cv-taxoterm { margin: 0px 0px 20px 0px; }#pt-cv-view-igok02s6 .pt-cv-taxoterm * { color: #222;background-color: #fff6f6;font-size: 14px; }#pt-cv-view-igok02s6 + .pt-cv-pagination-wrapper {  }#pt-cv-view-igok02s6 + .pt-cv-pagination-wrapper a { font-size: 14px; }#pt-cv-view-igok02s6 > .pt-cv-page {grid-template-columns: repeat(3, 1fr);grid-auto-rows: 250px;grid-gap: 10px;}\n@media all and (max-width: 1024px) { \n#pt-cv-view-igok02s6 > .pt-cv-page {}\n} \n@media all and (max-width: 767px) { \n#pt-cv-view-igok02s6 > .pt-cv-page {grid-template-columns: repeat(1, 1fr);}\n} <\/style>","protected":false},"excerpt":{"rendered":"<p>En un paso significativo hacia la movilidad sostenible, Kia Ecuador ha introducido el innovador KiaEV5 en las Islas Gal\u00e1pagos, un archipi\u00e9lago reconocido por su compromiso con la preservaci\u00f3n delmedio ambiente. Esta iniciativa refuerza la posici\u00f3n de Kia como l\u00edder en movilidad sostenible enEcuador y la regi\u00f3n. El Kia EV5, un veh\u00edculo el\u00e9ctrico de \u00faltima generaci\u00f3n, [&hellip;]<\/p>\n","protected":false},"author":6,"featured_media":1814,"comment_status":"open","ping_status":"open","sticky":false,"template":"","format":"standard","meta":{"_jetpack_memberships_contains_paid_content":false,"footnotes":""},"categories":[27],"tags":[],"class_list":["post-1813","post","type-post","status-publish","format-standard","has-post-thumbnail","hentry","category-industria-nacional"],"yoast_head":"<!-- This site is optimized with the Yoast SEO plugin v27.5 - https:\/\/yoast.com\/product\/yoast-seo-wordpress\/ -->\n<title>Gal\u00e1pagos contin\u00faa avanzando en sostenibilidad con el Kia EV5 - Garage Blog Ecuador<\/title>\n<meta name=\"robots\" content=\"index, follow, max-snippet:-1, max-image-preview:large, max-video-preview:-1\" \/>\n<link rel=\"canonical\" href=\"https:\/\/garageblogec.com\/?p=1813\" \/>\n<meta property=\"og:locale\" content=\"es_ES\" \/>\n<meta property=\"og:type\" content=\"article\" \/>\n<meta property=\"og:title\" content=\"Gal\u00e1pagos contin\u00faa avanzando en sostenibilidad con el Kia EV5 - Garage Blog Ecuador\" \/>\n<meta property=\"og:description\" content=\"En un paso significativo hacia la movilidad sostenible, Kia Ecuador ha introducido el innovador KiaEV5 en las Islas Gal\u00e1pagos, un archipi\u00e9lago reconocido por su compromiso con la preservaci\u00f3n delmedio ambiente. Esta iniciativa refuerza la posici\u00f3n de Kia como l\u00edder en movilidad sostenible enEcuador y la regi\u00f3n. El Kia EV5, un veh\u00edculo el\u00e9ctrico de \u00faltima generaci\u00f3n, [&hellip;]\" \/>\n<meta property=\"og:url\" content=\"https:\/\/garageblogec.com\/?p=1813\" \/>\n<meta property=\"og:site_name\" content=\"Garage Blog Ecuador\" \/>\n<meta property=\"article:published_time\" content=\"2025-03-18T19:24:35+00:00\" \/>\n<meta property=\"article:modified_time\" content=\"2025-03-18T19:24:42+00:00\" \/>\n<meta property=\"og:image\" content=\"https:\/\/garageblogec.com\/wp-content\/uploads\/2025\/03\/EV-5-galapagos-1-1.jpeg\" \/>\n\t<meta property=\"og:image:width\" content=\"1600\" \/>\n\t<meta property=\"og:image:height\" content=\"1200\" \/>\n\t<meta property=\"og:image:type\" content=\"image\/jpeg\" \/>\n<meta name=\"author\" content=\"gabi1212\" \/>\n<meta name=\"twitter:card\" content=\"summary_large_image\" \/>\n<meta name=\"twitter:label1\" content=\"Escrito por\" \/>\n\t<meta name=\"twitter:data1\" content=\"gabi1212\" \/>\n\t<meta name=\"twitter:label2\" content=\"Tiempo de lectura\" \/>\n\t<meta name=\"twitter:data2\" content=\"3 minutos\" \/>\n<script type=\"application\/ld+json\" class=\"yoast-schema-graph\">{\"@context\":\"https:\\\/\\\/schema.org\",\"@graph\":[{\"@type\":\"Article\",\"@id\":\"https:\\\/\\\/garageblogec.com\\\/?p=1813#article\",\"isPartOf\":{\"@id\":\"https:\\\/\\\/garageblogec.com\\\/?p=1813\"},\"author\":{\"name\":\"gabi1212\",\"@id\":\"https:\\\/\\\/garageblogec.com\\\/#\\\/schema\\\/person\\\/635f4b76c0cb3e43b82fe6f7d8bcceea\"},\"headline\":\"Gal\u00e1pagos contin\u00faa avanzando en sostenibilidad con el Kia EV5\",\"datePublished\":\"2025-03-18T19:24:35+00:00\",\"dateModified\":\"2025-03-18T19:24:42+00:00\",\"mainEntityOfPage\":{\"@id\":\"https:\\\/\\\/garageblogec.com\\\/?p=1813\"},\"wordCount\":437,\"commentCount\":0,\"publisher\":{\"@id\":\"https:\\\/\\\/garageblogec.com\\\/#organization\"},\"image\":{\"@id\":\"https:\\\/\\\/garageblogec.com\\\/?p=1813#primaryimage\"},\"thumbnailUrl\":\"https:\\\/\\\/garageblogec.com\\\/wp-content\\\/uploads\\\/2025\\\/03\\\/EV-5-galapagos-1-1.jpeg\",\"articleSection\":[\"Industria Nacional\"],\"inLanguage\":\"es\",\"potentialAction\":[{\"@type\":\"CommentAction\",\"name\":\"Comment\",\"target\":[\"https:\\\/\\\/garageblogec.com\\\/?p=1813#respond\"]}]},{\"@type\":\"WebPage\",\"@id\":\"https:\\\/\\\/garageblogec.com\\\/?p=1813\",\"url\":\"https:\\\/\\\/garageblogec.com\\\/?p=1813\",\"name\":\"Gal\u00e1pagos contin\u00faa avanzando en sostenibilidad con el Kia EV5 - Garage Blog Ecuador\",\"isPartOf\":{\"@id\":\"https:\\\/\\\/garageblogec.com\\\/#website\"},\"primaryImageOfPage\":{\"@id\":\"https:\\\/\\\/garageblogec.com\\\/?p=1813#primaryimage\"},\"image\":{\"@id\":\"https:\\\/\\\/garageblogec.com\\\/?p=1813#primaryimage\"},\"thumbnailUrl\":\"https:\\\/\\\/garageblogec.com\\\/wp-content\\\/uploads\\\/2025\\\/03\\\/EV-5-galapagos-1-1.jpeg\",\"datePublished\":\"2025-03-18T19:24:35+00:00\",\"dateModified\":\"2025-03-18T19:24:42+00:00\",\"breadcrumb\":{\"@id\":\"https:\\\/\\\/garageblogec.com\\\/?p=1813#breadcrumb\"},\"inLanguage\":\"es\",\"potentialAction\":[{\"@type\":\"ReadAction\",\"target\":[\"https:\\\/\\\/garageblogec.com\\\/?p=1813\"]}]},{\"@type\":\"ImageObject\",\"inLanguage\":\"es\",\"@id\":\"https:\\\/\\\/garageblogec.com\\\/?p=1813#primaryimage\",\"url\":\"https:\\\/\\\/garageblogec.com\\\/wp-content\\\/uploads\\\/2025\\\/03\\\/EV-5-galapagos-1-1.jpeg\",\"contentUrl\":\"https:\\\/\\\/garageblogec.com\\\/wp-content\\\/uploads\\\/2025\\\/03\\\/EV-5-galapagos-1-1.jpeg\",\"width\":1600,\"height\":1200},{\"@type\":\"BreadcrumbList\",\"@id\":\"https:\\\/\\\/garageblogec.com\\\/?p=1813#breadcrumb\",\"itemListElement\":[{\"@type\":\"ListItem\",\"position\":1,\"name\":\"Portada\",\"item\":\"https:\\\/\\\/garageblogec.com\\\/\"},{\"@type\":\"ListItem\",\"position\":2,\"name\":\"Gal\u00e1pagos contin\u00faa avanzando en sostenibilidad con el Kia EV5\"}]},{\"@type\":\"WebSite\",\"@id\":\"https:\\\/\\\/garageblogec.com\\\/#website\",\"url\":\"https:\\\/\\\/garageblogec.com\\\/\",\"name\":\"Garage Blog Ecuador\",\"description\":\"Alucinamos por los autos \",\"publisher\":{\"@id\":\"https:\\\/\\\/garageblogec.com\\\/#organization\"},\"potentialAction\":[{\"@type\":\"SearchAction\",\"target\":{\"@type\":\"EntryPoint\",\"urlTemplate\":\"https:\\\/\\\/garageblogec.com\\\/?s={search_term_string}\"},\"query-input\":{\"@type\":\"PropertyValueSpecification\",\"valueRequired\":true,\"valueName\":\"search_term_string\"}}],\"inLanguage\":\"es\"},{\"@type\":\"Organization\",\"@id\":\"https:\\\/\\\/garageblogec.com\\\/#organization\",\"name\":\"Garage Blog Ecuador\",\"url\":\"https:\\\/\\\/garageblogec.com\\\/\",\"logo\":{\"@type\":\"ImageObject\",\"inLanguage\":\"es\",\"@id\":\"https:\\\/\\\/garageblogec.com\\\/#\\\/schema\\\/logo\\\/image\\\/\",\"url\":\"https:\\\/\\\/garageblogec.com\\\/wp-content\\\/uploads\\\/2024\\\/02\\\/cropped-logo-png-para-blog.webp\",\"contentUrl\":\"https:\\\/\\\/garageblogec.com\\\/wp-content\\\/uploads\\\/2024\\\/02\\\/cropped-logo-png-para-blog.webp\",\"width\":840,\"height\":556,\"caption\":\"Garage Blog Ecuador \"},\"image\":{\"@id\":\"https:\\\/\\\/garageblogec.com\\\/#\\\/schema\\\/logo\\\/image\\\/\"}},{\"@type\":\"Person\",\"@id\":\"https:\\\/\\\/garageblogec.com\\\/#\\\/schema\\\/person\\\/635f4b76c0cb3e43b82fe6f7d8bcceea\",\"name\":\"gabi1212\",\"image\":{\"@type\":\"ImageObject\",\"inLanguage\":\"es\",\"@id\":\"https:\\\/\\\/secure.gravatar.com\\\/avatar\\\/6aa491f45cb359d4d6dd8c430e83f78899c80569c27d21156e19bbdcd31d1811?s=96&d=mm&r=g\",\"url\":\"https:\\\/\\\/secure.gravatar.com\\\/avatar\\\/6aa491f45cb359d4d6dd8c430e83f78899c80569c27d21156e19bbdcd31d1811?s=96&d=mm&r=g\",\"contentUrl\":\"https:\\\/\\\/secure.gravatar.com\\\/avatar\\\/6aa491f45cb359d4d6dd8c430e83f78899c80569c27d21156e19bbdcd31d1811?s=96&d=mm&r=g\",\"caption\":\"gabi1212\"},\"url\":\"https:\\\/\\\/garageblogec.com\\\/?author=6\"}]}<\/script>\n<!-- \/ Yoast SEO plugin. -->","yoast_head_json":{"title":"Gal\u00e1pagos contin\u00faa avanzando en sostenibilidad con el Kia EV5 - Garage Blog Ecuador","robots":{"index":"index","follow":"follow","max-snippet":"max-snippet:-1","max-image-preview":"max-image-preview:large","max-video-preview":"max-video-preview:-1"},"canonical":"https:\/\/garageblogec.com\/?p=1813","og_locale":"es_ES","og_type":"article","og_title":"Gal\u00e1pagos contin\u00faa avanzando en sostenibilidad con el Kia EV5 - Garage Blog Ecuador","og_description":"En un paso significativo hacia la movilidad sostenible, Kia Ecuador ha introducido el innovador KiaEV5 en las Islas Gal\u00e1pagos, un archipi\u00e9lago reconocido por su compromiso con la preservaci\u00f3n delmedio ambiente. Esta iniciativa refuerza la posici\u00f3n de Kia como l\u00edder en movilidad sostenible enEcuador y la regi\u00f3n. El Kia EV5, un veh\u00edculo el\u00e9ctrico de \u00faltima generaci\u00f3n, [&hellip;]","og_url":"https:\/\/garageblogec.com\/?p=1813","og_site_name":"Garage Blog Ecuador","article_published_time":"2025-03-18T19:24:35+00:00","article_modified_time":"2025-03-18T19:24:42+00:00","og_image":[{"width":1600,"height":1200,"url":"https:\/\/garageblogec.com\/wp-content\/uploads\/2025\/03\/EV-5-galapagos-1-1.jpeg","type":"image\/jpeg"}],"author":"gabi1212","twitter_card":"summary_large_image","twitter_misc":{"Escrito por":"gabi1212","Tiempo de lectura":"3 minutos"},"schema":{"@context":"https:\/\/schema.org","@graph":[{"@type":"Article","@id":"https:\/\/garageblogec.com\/?p=1813#article","isPartOf":{"@id":"https:\/\/garageblogec.com\/?p=1813"},"author":{"name":"gabi1212","@id":"https:\/\/garageblogec.com\/#\/schema\/person\/635f4b76c0cb3e43b82fe6f7d8bcceea"},"headline":"Gal\u00e1pagos contin\u00faa avanzando en sostenibilidad con el Kia EV5","datePublished":"2025-03-18T19:24:35+00:00","dateModified":"2025-03-18T19:24:42+00:00","mainEntityOfPage":{"@id":"https:\/\/garageblogec.com\/?p=1813"},"wordCount":437,"commentCount":0,"publisher":{"@id":"https:\/\/garageblogec.com\/#organization"},"image":{"@id":"https:\/\/garageblogec.com\/?p=1813#primaryimage"},"thumbnailUrl":"https:\/\/garageblogec.com\/wp-content\/uploads\/2025\/03\/EV-5-galapagos-1-1.jpeg","articleSection":["Industria Nacional"],"inLanguage":"es","potentialAction":[{"@type":"CommentAction","name":"Comment","target":["https:\/\/garageblogec.com\/?p=1813#respond"]}]},{"@type":"WebPage","@id":"https:\/\/garageblogec.com\/?p=1813","url":"https:\/\/garageblogec.com\/?p=1813","name":"Gal\u00e1pagos contin\u00faa avanzando en sostenibilidad con el Kia EV5 - Garage Blog Ecuador","isPartOf":{"@id":"https:\/\/garageblogec.com\/#website"},"primaryImageOfPage":{"@id":"https:\/\/garageblogec.com\/?p=1813#primaryimage"},"image":{"@id":"https:\/\/garageblogec.com\/?p=1813#primaryimage"},"thumbnailUrl":"https:\/\/garageblogec.com\/wp-content\/uploads\/2025\/03\/EV-5-galapagos-1-1.jpeg","datePublished":"2025-03-18T19:24:35+00:00","dateModified":"2025-03-18T19:24:42+00:00","breadcrumb":{"@id":"https:\/\/garageblogec.com\/?p=1813#breadcrumb"},"inLanguage":"es","potentialAction":[{"@type":"ReadAction","target":["https:\/\/garageblogec.com\/?p=1813"]}]},{"@type":"ImageObject","inLanguage":"es","@id":"https:\/\/garageblogec.com\/?p=1813#primaryimage","url":"https:\/\/garageblogec.com\/wp-content\/uploads\/2025\/03\/EV-5-galapagos-1-1.jpeg","contentUrl":"https:\/\/garageblogec.com\/wp-content\/uploads\/2025\/03\/EV-5-galapagos-1-1.jpeg","width":1600,"height":1200},{"@type":"BreadcrumbList","@id":"https:\/\/garageblogec.com\/?p=1813#breadcrumb","itemListElement":[{"@type":"ListItem","position":1,"name":"Portada","item":"https:\/\/garageblogec.com\/"},{"@type":"ListItem","position":2,"name":"Gal\u00e1pagos contin\u00faa avanzando en sostenibilidad con el Kia EV5"}]},{"@type":"WebSite","@id":"https:\/\/garageblogec.com\/#website","url":"https:\/\/garageblogec.com\/","name":"Garage Blog Ecuador","description":"Alucinamos por los autos ","publisher":{"@id":"https:\/\/garageblogec.com\/#organization"},"potentialAction":[{"@type":"SearchAction","target":{"@type":"EntryPoint","urlTemplate":"https:\/\/garageblogec.com\/?s={search_term_string}"},"query-input":{"@type":"PropertyValueSpecification","valueRequired":true,"valueName":"search_term_string"}}],"inLanguage":"es"},{"@type":"Organization","@id":"https:\/\/garageblogec.com\/#organization","name":"Garage Blog Ecuador","url":"https:\/\/garageblogec.com\/","logo":{"@type":"ImageObject","inLanguage":"es","@id":"https:\/\/garageblogec.com\/#\/schema\/logo\/image\/","url":"https:\/\/garageblogec.com\/wp-content\/uploads\/2024\/02\/cropped-logo-png-para-blog.webp","contentUrl":"https:\/\/garageblogec.com\/wp-content\/uploads\/2024\/02\/cropped-logo-png-para-blog.webp","width":840,"height":556,"caption":"Garage Blog Ecuador "},"image":{"@id":"https:\/\/garageblogec.com\/#\/schema\/logo\/image\/"}},{"@type":"Person","@id":"https:\/\/garageblogec.com\/#\/schema\/person\/635f4b76c0cb3e43b82fe6f7d8bcceea","name":"gabi1212","image":{"@type":"ImageObject","inLanguage":"es","@id":"https:\/\/secure.gravatar.com\/avatar\/6aa491f45cb359d4d6dd8c430e83f78899c80569c27d21156e19bbdcd31d1811?s=96&d=mm&r=g","url":"https:\/\/secure.gravatar.com\/avatar\/6aa491f45cb359d4d6dd8c430e83f78899c80569c27d21156e19bbdcd31d1811?s=96&d=mm&r=g","contentUrl":"https:\/\/secure.gravatar.com\/avatar\/6aa491f45cb359d4d6dd8c430e83f78899c80569c27d21156e19bbdcd31d1811?s=96&d=mm&r=g","caption":"gabi1212"},"url":"https:\/\/garageblogec.com\/?author=6"}]}},"jetpack_featured_media_url":"https:\/\/garageblogec.com\/wp-content\/uploads\/2025\/03\/EV-5-galapagos-1-1.jpeg","jetpack_sharing_enabled":true,"_links":{"self":[{"href":"https:\/\/garageblogec.com\/index.php?rest_route=\/wp\/v2\/posts\/1813","targetHints":{"allow":["GET"]}}],"collection":[{"href":"https:\/\/garageblogec.com\/index.php?rest_route=\/wp\/v2\/posts"}],"about":[{"href":"https:\/\/garageblogec.com\/index.php?rest_route=\/wp\/v2\/types\/post"}],"author":[{"embeddable":true,"href":"https:\/\/garageblogec.com\/index.php?rest_route=\/wp\/v2\/users\/6"}],"replies":[{"embeddable":true,"href":"https:\/\/garageblogec.com\/index.php?rest_route=%2Fwp%2Fv2%2Fcomments&post=1813"}],"version-history":[{"count":1,"href":"https:\/\/garageblogec.com\/index.php?rest_route=\/wp\/v2\/posts\/1813\/revisions"}],"predecessor-version":[{"id":1817,"href":"https:\/\/garageblogec.com\/index.php?rest_route=\/wp\/v2\/posts\/1813\/revisions\/1817"}],"wp:featuredmedia":[{"embeddable":true,"href":"https:\/\/garageblogec.com\/index.php?rest_route=\/wp\/v2\/media\/1814"}],"wp:attachment":[{"href":"https:\/\/garageblogec.com\/index.php?rest_route=%2Fwp%2Fv2%2Fmedia&parent=1813"}],"wp:term":[{"taxonomy":"category","embeddable":true,"href":"https:\/\/garageblogec.com\/index.php?rest_route=%2Fwp%2Fv2%2Fcategories&post=1813"},{"taxonomy":"post_tag","embeddable":true,"href":"https:\/\/garageblogec.com\/index.php?rest_route=%2Fwp%2Fv2%2Ftags&post=1813"}],"curies":[{"name":"wp","href":"https:\/\/api.w.org\/{rel}","templated":true}]}}