{"id":1771,"date":"2025-03-07T17:22:43","date_gmt":"2025-03-07T17:22:43","guid":{"rendered":"https:\/\/garageblogec.com\/?p=1771"},"modified":"2025-03-07T17:22:48","modified_gmt":"2025-03-07T17:22:48","slug":"las-ventas-de-tesla-caen-abruptamente-en-todo-el-mundo-incluidos-alemania-australia-y-china","status":"publish","type":"post","link":"https:\/\/garageblogec.com\/?p=1771","title":{"rendered":"Las ventas de Tesla caen abruptamente en todo el mundo, incluidos Alemania, Australia y China"},"content":{"rendered":"\n<p>Hace menos de un a\u00f1o, Tesla anunci\u00f3 orgullosamente que vender\u00eda 20 millones de veh\u00edculos el\u00e9ctricos al a\u00f1o para 2030. Hoy, la situaci\u00f3n ha empeorado dr\u00e1sticamente. Despu\u00e9s de haber abandonado aparentemente este ambicioso objetivo a mediados de 2024, la empresa tambi\u00e9n ha experimentado su primera ca\u00edda de ventas anuales en una d\u00e9cada. Ahora, las ventas de Tesla siguen cayendo en varios mercados importantes, entre ellos Alemania, Australia y, por supuesto, China.<\/p>\n\n\n\n<figure class=\"wp-block-image size-large\"><img decoding=\"async\" src=\"https:\/\/www.carscoops.com\/wp-content\/uploads\/webp\/2025\/03\/Tesla-China-Germany-Australia-1536x864.webp\" alt=\"\"\/><\/figure>\n\n\n\n<p>A principios de esta semana\u00a0, informamos que las ventas\u00a0de Tesla\u00a0en Noruega se desplomaron un 44,4% entre enero y febrero, a pesar de que el mercado general de veh\u00edculos el\u00e9ctricos del pa\u00eds creci\u00f3 un 53,4%. Las cosas son a\u00fan peores en Alemania. Los nuevos datos de la KBA (Autoridad Federal de Transporte Motorizado de Alemania) muestran que en enero de 2025, las ventas de Tesla se desplomaron un 59,5%, con solo 1.277 autos nuevos registrados en el pa\u00eds.<\/p>\n\n\n\n<figure class=\"wp-block-image size-full is-resized\"><a href=\"https:\/\/www.kia.com\/ec\/showroom\/kiacarens\/features.html\"><img fetchpriority=\"high\" decoding=\"async\" width=\"480\" height=\"134\" src=\"https:\/\/garageblogec.com\/wp-content\/uploads\/2025\/02\/download.gif\" alt=\"\" class=\"wp-image-1731\" style=\"width:840px;height:auto\"\/><\/a><\/figure>\n\n\n\n<p>La situaci\u00f3n empeor\u00f3 en febrero. Las ventas cayeron un asombroso 76,3% en comparaci\u00f3n con febrero de 2024, con solo 1.429 unidades vendidas. Entre enero y febrero, Tesla entreg\u00f3 2.706 veh\u00edculos en\u00a0Alemania\u00a0, lo que marca una ca\u00edda masiva del 70,6% con respecto al mismo per\u00edodo del a\u00f1o pasado. La ca\u00edda de Tesla es a\u00fan m\u00e1s pronunciada si se considera que las ventas totales de veh\u00edculos el\u00e9ctricos en Alemania aumentaron un 30,8% en febrero.<\/p>\n\n\n\n<p><strong>Desaceleraci\u00f3n australiana<\/strong><\/p>\n\n\n\n<figure class=\"wp-block-image\"><img decoding=\"async\" src=\"https:\/\/www.carscoops.com\/wp-content\/uploads\/2025\/01\/Tesla-Model-Y-USA-9-1024x576.jpg\" alt=\"Las ventas de Tesla caen abruptamente en todo el mundo, incluidos Alemania, Australia y China\"\/><\/figure>\n\n\n\n<p>Australia\u00a0no est\u00e1 mucho mejor. Los datos del Consejo de Veh\u00edculos El\u00e9ctricos del pa\u00eds muestran que Tesla vendi\u00f3 1.592 veh\u00edculos en febrero, una ca\u00edda masiva del 71,9% con respecto a los 5.665 vendidos en febrero de 2024. Durante los primeros dos meses del a\u00f1o, Tesla entreg\u00f3 2.331 veh\u00edculos a los australianos, una ca\u00edda del 65,5% con respecto a los 6.772 veh\u00edculos vendidos durante los mismos dos meses de 2024.<\/p>\n\n\n\n<p>Vale la pena mencionar que el muy esperado y actualizado Model Y acaba de empezar a venderse en Australia, aunque solo en la versi\u00f3n premium Launch Edition (73.400 d\u00f3lares australianos), ya que la versi\u00f3n est\u00e1ndar a\u00fan no est\u00e1 disponible. Por lo tanto, la ca\u00edda de las ventas no es del todo sorprendente.<\/p>\n\n\n\n<p>Aun as\u00ed, el Model Y saliente experiment\u00f3 una ca\u00edda del 55,4%, con solo 924 unidades vendidas. Mientras tanto, las ventas del Model 3 renovado cayeron un dram\u00e1tico 81,4%, con solo 668 autos vendidos. Parece que los australianos no est\u00e1n tan ansiosos por abrazar el \u00absue\u00f1o Tesla\u00bb como antes.<\/p>\n\n\n\n<p><strong>Las luchas chinas<\/strong><\/p>\n\n\n\n<p>Y luego est\u00e1\u00a0China\u00a0, donde las cosas tambi\u00e9n se ven sombr\u00edas para Tesla en uno de sus mercados m\u00e1s importantes a nivel mundial. Los datos preliminares de la Asociaci\u00f3n de Autom\u00f3viles de Pasajeros de China revelan que Tesla fabric\u00f3 y vendi\u00f3 30.688 veh\u00edculos en febrero de 2025, una ca\u00edda del 49,16% con respecto a los 60.365 autom\u00f3viles vendidos en febrero de 2024. Este total incluye tanto las ventas nacionales como las exportaciones, pero est\u00e1 claro que la participaci\u00f3n de Tesla en el mercado chino se est\u00e1 reduciendo. Si se tiene en cuenta la competencia de los fabricantes locales de veh\u00edculos el\u00e9ctricos, el panorama se vuelve a\u00fan m\u00e1s turbio.<\/p>\n\n\n\n<figure class=\"wp-block-image size-large\"><img decoding=\"async\" src=\"https:\/\/www.carscoops.com\/wp-content\/uploads\/webp\/2020\/10\/tesla-model-s-cuts-prices-usa-china-6.webp\" alt=\"\"\/><\/figure>\n\n\n\n<p>Se puede decir con seguridad que la trayectoria de crecimiento global de Tesla ha encontrado algunos obst\u00e1culos. Si bien la empresa sigue siendo l\u00edder en el espacio de los veh\u00edculos el\u00e9ctricos, su dominio, otrora inexpugnable, en mercados clave est\u00e1 mostrando signos de debilidad. Ya sea por la fatiga del producto, la naturaleza controvertida de su director ejecutivo, la saturaci\u00f3n del mercado o simplemente un mal momento, especialmente con la transici\u00f3n en torno a su veh\u00edculo m\u00e1s vendido, el Model Y, el brillo definitivamente est\u00e1 comenzando a desvanecerse.<\/p>\n\n\n<div class='pt-cv-wrapper'> <h3 class='pt-cv-heading-container heading1' data-blockid='gdg2p8ng'><span class='pt-cv-heading'> Overlay1 <\/span><\/h3><div class=\"pt-cv-view pt-cv-overlaygrid iscvblock iscvreal overlay1 layout1\" id=\"pt-cv-view-gdg2p8ng\"><div data-id=\"pt-cv-page-1\" class=\"pt-cv-page\" data-cvc=\"3\"><div class=\" pt-cv-content-item pt-cv-1-col\" ><div class=\"pt-cv-thumb-wrapper  \"><a href=\"https:\/\/garageblogec.com\/?p=3303\" class=\"_self pt-cv-href-thumbnail pt-cv-thumb-default\" target=\"_self\" ><img decoding=\"async\" width=\"768\" height=\"432\" src=\"https:\/\/garageblogec.com\/wp-content\/uploads\/2026\/04\/WhatsApp-Image-2026-04-21-at-1.52.53-PM-768x432.jpeg\" class=\"pt-cv-thumbnail\" alt=\"\" \/><\/a><\/div>\n<div class=\"pt-cv-overlay-wrapper\"><div class=\"pt-cv-taxoterm above_title\"><a href='https:\/\/garageblogec.com\/?cat=27' title='Industria Nacional' class='pt-cv-tax-industria-nacional'>Industria Nacional<\/a><\/div><h4 class=\"pt-cv-title\"><a href=\"https:\/\/garageblogec.com\/?p=3303\" class=\"_self\" target=\"_self\" >Grupo Ambacar presenta en Guayaquil KGM, su nueva marca de SUV h\u00edbridos con respaldo global<\/a><\/h4><div class=\"pt-cv-meta-fields\"><span class=\"entry-date\"> <time datetime=\"2026-04-21T21:37:24+00:00\">abril 21, 2026<\/time><\/span><span> \/ <\/span><span class=\"author\"> <a href=\"https:\/\/garageblogec.com\/?author=6\" rel=\"author\">gabi1212<\/a><\/span><\/div><\/div><\/div>\n<div class=\" pt-cv-content-item pt-cv-1-col\" ><div class=\"pt-cv-thumb-wrapper  \"><a href=\"https:\/\/garageblogec.com\/?p=3296\" class=\"_self pt-cv-href-thumbnail pt-cv-thumb-default\" target=\"_self\" ><img decoding=\"async\" width=\"768\" height=\"432\" src=\"https:\/\/garageblogec.com\/wp-content\/uploads\/2026\/04\/WhatsApp-Image-2026-04-14-at-3.15.09-PM-768x432.jpeg\" class=\"pt-cv-thumbnail\" alt=\"\" \/><\/a><\/div>\n<div class=\"pt-cv-overlay-wrapper\"><div class=\"pt-cv-taxoterm above_title\"><a href='https:\/\/garageblogec.com\/?cat=27' title='Industria Nacional' class='pt-cv-tax-industria-nacional'>Industria Nacional<\/a><\/div><h4 class=\"pt-cv-title\"><a href=\"https:\/\/garageblogec.com\/?p=3296\" class=\"_self\" target=\"_self\" >El tablero desapareci\u00f3, ahora el auto es una pantalla inteligente<\/a><\/h4><div class=\"pt-cv-meta-fields\"><span class=\"entry-date\"> <time datetime=\"2026-04-14T20:21:20+00:00\">abril 14, 2026<\/time><\/span><span> \/ <\/span><span class=\"author\"> <a href=\"https:\/\/garageblogec.com\/?author=6\" rel=\"author\">gabi1212<\/a><\/span><\/div><\/div><\/div>\n<div class=\" pt-cv-content-item pt-cv-1-col\" ><div class=\"pt-cv-thumb-wrapper  \"><a href=\"https:\/\/garageblogec.com\/?p=3291\" class=\"_self pt-cv-href-thumbnail pt-cv-thumb-default\" target=\"_self\" ><img loading=\"lazy\" decoding=\"async\" width=\"768\" height=\"432\" src=\"https:\/\/garageblogec.com\/wp-content\/uploads\/2026\/04\/WhatsApp-Image-2026-04-14-at-2.21.27-PM-768x432.jpeg\" class=\"pt-cv-thumbnail\" alt=\"\" \/><\/a><\/div>\n<div class=\"pt-cv-overlay-wrapper\"><div class=\"pt-cv-taxoterm above_title\"><a href='https:\/\/garageblogec.com\/?cat=27' title='Industria Nacional' class='pt-cv-tax-industria-nacional'>Industria Nacional<\/a><\/div><h4 class=\"pt-cv-title\"><a href=\"https:\/\/garageblogec.com\/?p=3291\" class=\"_self\" target=\"_self\" >Seguridad al volante en Ecuador: los errores m\u00e1s comunes que cometen los conductores<\/a><\/h4><div class=\"pt-cv-meta-fields\"><span class=\"entry-date\"> <time datetime=\"2026-04-14T20:08:54+00:00\">abril 14, 2026<\/time><\/span><span> \/ <\/span><span class=\"author\"> <a href=\"https:\/\/garageblogec.com\/?author=6\" rel=\"author\">gabi1212<\/a><\/span><\/div><\/div><\/div>\n<div class=\" pt-cv-content-item pt-cv-1-col\" ><div class=\"pt-cv-thumb-wrapper  \"><a href=\"https:\/\/garageblogec.com\/?p=3286\" class=\"_self pt-cv-href-thumbnail pt-cv-thumb-default\" target=\"_self\" ><img loading=\"lazy\" decoding=\"async\" width=\"768\" height=\"492\" src=\"https:\/\/garageblogec.com\/wp-content\/uploads\/2026\/04\/Posventa.jpg-768x492.jpeg\" class=\"pt-cv-thumbnail\" alt=\"\" \/><\/a><\/div>\n<div class=\"pt-cv-overlay-wrapper\"><div class=\"pt-cv-taxoterm above_title\"><a href='https:\/\/garageblogec.com\/?cat=27' title='Industria Nacional' class='pt-cv-tax-industria-nacional'>Industria Nacional<\/a><\/div><h4 class=\"pt-cv-title\"><a href=\"https:\/\/garageblogec.com\/?p=3286\" class=\"_self\" target=\"_self\" >Clientes Nissan reciben cambios de aceite infinitos<\/a><\/h4><div class=\"pt-cv-meta-fields\"><span class=\"entry-date\"> <time datetime=\"2026-04-14T20:04:08+00:00\">abril 14, 2026<\/time><\/span><span> \/ <\/span><span class=\"author\"> <a href=\"https:\/\/garageblogec.com\/?author=6\" rel=\"author\">gabi1212<\/a><\/span><\/div><\/div><\/div>\n<div class=\" pt-cv-content-item pt-cv-1-col\" ><div class=\"pt-cv-thumb-wrapper  \"><a href=\"https:\/\/garageblogec.com\/?p=3280\" class=\"_self pt-cv-href-thumbnail pt-cv-thumb-default\" target=\"_self\" ><img loading=\"lazy\" decoding=\"async\" width=\"768\" height=\"512\" src=\"https:\/\/garageblogec.com\/wp-content\/uploads\/2026\/04\/foto1-768x512.jpeg\" class=\"pt-cv-thumbnail\" alt=\"\" \/><\/a><\/div>\n<div class=\"pt-cv-overlay-wrapper\"><div class=\"pt-cv-taxoterm above_title\"><a href='https:\/\/garageblogec.com\/?cat=27' title='Industria Nacional' class='pt-cv-tax-industria-nacional'>Industria Nacional<\/a><\/div><h4 class=\"pt-cv-title\"><a href=\"https:\/\/garageblogec.com\/?p=3280\" class=\"_self\" target=\"_self\" >Movilidad como inversi\u00f3n: el uso de utilidades que crece en Ecuador<\/a><\/h4><div class=\"pt-cv-meta-fields\"><span class=\"entry-date\"> <time datetime=\"2026-04-07T19:55:36+00:00\">abril 7, 2026<\/time><\/span><span> \/ <\/span><span class=\"author\"> <a href=\"https:\/\/garageblogec.com\/?author=6\" rel=\"author\">gabi1212<\/a><\/span><\/div><\/div><\/div>\n<div class=\" pt-cv-content-item pt-cv-1-col\" ><div class=\"pt-cv-thumb-wrapper  \"><a href=\"https:\/\/garageblogec.com\/?p=3276\" class=\"_self pt-cv-href-thumbnail pt-cv-thumb-default\" target=\"_self\" ><img loading=\"lazy\" decoding=\"async\" width=\"745\" height=\"491\" src=\"https:\/\/garageblogec.com\/wp-content\/uploads\/2026\/04\/TT.png\" class=\"pt-cv-thumbnail\" alt=\"\" \/><\/a><\/div>\n<div class=\"pt-cv-overlay-wrapper\"><div class=\"pt-cv-taxoterm above_title\"><a href='https:\/\/garageblogec.com\/?cat=27' title='Industria Nacional' class='pt-cv-tax-industria-nacional'>Industria Nacional<\/a><\/div><h4 class=\"pt-cv-title\"><a href=\"https:\/\/garageblogec.com\/?p=3276\" class=\"_self\" target=\"_self\" >Lluvias en Ecuador: C\u00f3mo reducir riesgos en carretera y prevenir accidentes en calzada mojada<\/a><\/h4><div class=\"pt-cv-meta-fields\"><span class=\"entry-date\"> <time datetime=\"2026-04-07T19:46:52+00:00\">abril 7, 2026<\/time><\/span><span> \/ <\/span><span class=\"author\"> <a href=\"https:\/\/garageblogec.com\/?author=6\" rel=\"author\">gabi1212<\/a><\/span><\/div><\/div><\/div><\/div><\/div> <\/div> <style>\n#pt-cv-view-gdg2p8ng .pt-cv-thumb-wrapper::before {background: rgba(0,0,0,.4); opacity: 0.8;}#pt-cv-view-gdg2p8ng .pt-cv-overlay-wrapper {justify-content: center;}\n#pt-cv-view-gdg2p8ng .pt-cv-meta-fields {  }#pt-cv-view-gdg2p8ng .pt-cv-meta-fields * { font-size: 13px; }#pt-cv-view-gdg2p8ng .pt-cv-title a { display: block; }#pt-cv-view-gdg2p8ng .pt-cv-title:not(.pt-cv-titlesm) a { font-weight: 600;text-decoration: none;font-size: 20px; }#pt-cv-view-gdg2p8ng .pt-cv-titlesm a { font-weight: 600;font-size: 18px; }#pt-cv-view-gdg2p8ng .pt-cv-content { font-size: 15px; }#pt-cv-view-gdg2p8ng .pt-cv-rmwrap {  }#pt-cv-view-gdg2p8ng .pt-cv-readmore { color: #fff;background-color: #0075ff;font-size: 14px; }#pt-cv-view-gdg2p8ng .pt-cv-taxoterm { margin: 0px 0px 20px 0px; }#pt-cv-view-gdg2p8ng .pt-cv-taxoterm * { color: #222;background-color: #fff6f6;font-size: 14px; }#pt-cv-view-gdg2p8ng + .pt-cv-pagination-wrapper {  }#pt-cv-view-gdg2p8ng + .pt-cv-pagination-wrapper a { font-size: 14px; }#pt-cv-view-gdg2p8ng > .pt-cv-page {grid-template-columns: repeat(3, 1fr);grid-auto-rows: 250px;grid-gap: 10px;}\n@media all and (max-width: 1024px) { \n#pt-cv-view-gdg2p8ng > .pt-cv-page {}\n} \n@media all and (max-width: 767px) { \n#pt-cv-view-gdg2p8ng > .pt-cv-page {grid-template-columns: repeat(1, 1fr);}\n} <\/style>","protected":false},"excerpt":{"rendered":"<p>Hace menos de un a\u00f1o, Tesla anunci\u00f3 orgullosamente que vender\u00eda 20 millones de veh\u00edculos el\u00e9ctricos al a\u00f1o para 2030. Hoy, la situaci\u00f3n ha empeorado dr\u00e1sticamente. Despu\u00e9s de haber abandonado aparentemente este ambicioso objetivo a mediados de 2024, la empresa tambi\u00e9n ha experimentado su primera ca\u00edda de ventas anuales en una d\u00e9cada. Ahora, las ventas de [&hellip;]<\/p>\n","protected":false},"author":6,"featured_media":1772,"comment_status":"open","ping_status":"open","sticky":false,"template":"","format":"standard","meta":{"_jetpack_memberships_contains_paid_content":false,"footnotes":""},"categories":[27],"tags":[],"class_list":["post-1771","post","type-post","status-publish","format-standard","has-post-thumbnail","hentry","category-industria-nacional"],"yoast_head":"<!-- This site is optimized with the Yoast SEO plugin v27.5 - https:\/\/yoast.com\/product\/yoast-seo-wordpress\/ -->\n<title>Las ventas de Tesla caen abruptamente en todo el mundo, incluidos Alemania, Australia y China - Garage Blog Ecuador<\/title>\n<meta name=\"robots\" content=\"index, follow, max-snippet:-1, max-image-preview:large, max-video-preview:-1\" \/>\n<link rel=\"canonical\" href=\"https:\/\/garageblogec.com\/?p=1771\" \/>\n<meta property=\"og:locale\" content=\"es_ES\" \/>\n<meta property=\"og:type\" content=\"article\" \/>\n<meta property=\"og:title\" content=\"Las ventas de Tesla caen abruptamente en todo el mundo, incluidos Alemania, Australia y China - Garage Blog Ecuador\" \/>\n<meta property=\"og:description\" content=\"Hace menos de un a\u00f1o, Tesla anunci\u00f3 orgullosamente que vender\u00eda 20 millones de veh\u00edculos el\u00e9ctricos al a\u00f1o para 2030. Hoy, la situaci\u00f3n ha empeorado dr\u00e1sticamente. Despu\u00e9s de haber abandonado aparentemente este ambicioso objetivo a mediados de 2024, la empresa tambi\u00e9n ha experimentado su primera ca\u00edda de ventas anuales en una d\u00e9cada. Ahora, las ventas de [&hellip;]\" \/>\n<meta property=\"og:url\" content=\"https:\/\/garageblogec.com\/?p=1771\" \/>\n<meta property=\"og:site_name\" content=\"Garage Blog Ecuador\" \/>\n<meta property=\"article:published_time\" content=\"2025-03-07T17:22:43+00:00\" \/>\n<meta property=\"article:modified_time\" content=\"2025-03-07T17:22:48+00:00\" \/>\n<meta property=\"og:image\" content=\"https:\/\/garageblogec.com\/wp-content\/uploads\/2025\/03\/eeeee.png\" \/>\n\t<meta property=\"og:image:width\" content=\"887\" \/>\n\t<meta property=\"og:image:height\" content=\"492\" \/>\n\t<meta property=\"og:image:type\" content=\"image\/png\" \/>\n<meta name=\"author\" content=\"gabi1212\" \/>\n<meta name=\"twitter:card\" content=\"summary_large_image\" \/>\n<meta name=\"twitter:label1\" content=\"Escrito por\" \/>\n\t<meta name=\"twitter:data1\" content=\"gabi1212\" \/>\n\t<meta name=\"twitter:label2\" content=\"Tiempo de lectura\" \/>\n\t<meta name=\"twitter:data2\" content=\"4 minutos\" \/>\n<script type=\"application\/ld+json\" class=\"yoast-schema-graph\">{\"@context\":\"https:\\\/\\\/schema.org\",\"@graph\":[{\"@type\":\"Article\",\"@id\":\"https:\\\/\\\/garageblogec.com\\\/?p=1771#article\",\"isPartOf\":{\"@id\":\"https:\\\/\\\/garageblogec.com\\\/?p=1771\"},\"author\":{\"name\":\"gabi1212\",\"@id\":\"https:\\\/\\\/garageblogec.com\\\/#\\\/schema\\\/person\\\/635f4b76c0cb3e43b82fe6f7d8bcceea\"},\"headline\":\"Las ventas de Tesla caen abruptamente en todo el mundo, incluidos Alemania, Australia y China\",\"datePublished\":\"2025-03-07T17:22:43+00:00\",\"dateModified\":\"2025-03-07T17:22:48+00:00\",\"mainEntityOfPage\":{\"@id\":\"https:\\\/\\\/garageblogec.com\\\/?p=1771\"},\"wordCount\":641,\"commentCount\":0,\"publisher\":{\"@id\":\"https:\\\/\\\/garageblogec.com\\\/#organization\"},\"image\":{\"@id\":\"https:\\\/\\\/garageblogec.com\\\/?p=1771#primaryimage\"},\"thumbnailUrl\":\"https:\\\/\\\/garageblogec.com\\\/wp-content\\\/uploads\\\/2025\\\/03\\\/eeeee.png\",\"articleSection\":[\"Industria Nacional\"],\"inLanguage\":\"es\",\"potentialAction\":[{\"@type\":\"CommentAction\",\"name\":\"Comment\",\"target\":[\"https:\\\/\\\/garageblogec.com\\\/?p=1771#respond\"]}]},{\"@type\":\"WebPage\",\"@id\":\"https:\\\/\\\/garageblogec.com\\\/?p=1771\",\"url\":\"https:\\\/\\\/garageblogec.com\\\/?p=1771\",\"name\":\"Las ventas de Tesla caen abruptamente en todo el mundo, incluidos Alemania, Australia y China - Garage Blog Ecuador\",\"isPartOf\":{\"@id\":\"https:\\\/\\\/garageblogec.com\\\/#website\"},\"primaryImageOfPage\":{\"@id\":\"https:\\\/\\\/garageblogec.com\\\/?p=1771#primaryimage\"},\"image\":{\"@id\":\"https:\\\/\\\/garageblogec.com\\\/?p=1771#primaryimage\"},\"thumbnailUrl\":\"https:\\\/\\\/garageblogec.com\\\/wp-content\\\/uploads\\\/2025\\\/03\\\/eeeee.png\",\"datePublished\":\"2025-03-07T17:22:43+00:00\",\"dateModified\":\"2025-03-07T17:22:48+00:00\",\"breadcrumb\":{\"@id\":\"https:\\\/\\\/garageblogec.com\\\/?p=1771#breadcrumb\"},\"inLanguage\":\"es\",\"potentialAction\":[{\"@type\":\"ReadAction\",\"target\":[\"https:\\\/\\\/garageblogec.com\\\/?p=1771\"]}]},{\"@type\":\"ImageObject\",\"inLanguage\":\"es\",\"@id\":\"https:\\\/\\\/garageblogec.com\\\/?p=1771#primaryimage\",\"url\":\"https:\\\/\\\/garageblogec.com\\\/wp-content\\\/uploads\\\/2025\\\/03\\\/eeeee.png\",\"contentUrl\":\"https:\\\/\\\/garageblogec.com\\\/wp-content\\\/uploads\\\/2025\\\/03\\\/eeeee.png\",\"width\":887,\"height\":492,\"caption\":\"Las ventas alemanas cayeron un enorme 76,3% el mes pasado, y Australia registr\u00f3 una disminuci\u00f3n similar del 71,9%.\"},{\"@type\":\"BreadcrumbList\",\"@id\":\"https:\\\/\\\/garageblogec.com\\\/?p=1771#breadcrumb\",\"itemListElement\":[{\"@type\":\"ListItem\",\"position\":1,\"name\":\"Portada\",\"item\":\"https:\\\/\\\/garageblogec.com\\\/\"},{\"@type\":\"ListItem\",\"position\":2,\"name\":\"Las ventas de Tesla caen abruptamente en todo el mundo, incluidos Alemania, Australia y China\"}]},{\"@type\":\"WebSite\",\"@id\":\"https:\\\/\\\/garageblogec.com\\\/#website\",\"url\":\"https:\\\/\\\/garageblogec.com\\\/\",\"name\":\"Garage Blog Ecuador\",\"description\":\"Alucinamos por los autos \",\"publisher\":{\"@id\":\"https:\\\/\\\/garageblogec.com\\\/#organization\"},\"potentialAction\":[{\"@type\":\"SearchAction\",\"target\":{\"@type\":\"EntryPoint\",\"urlTemplate\":\"https:\\\/\\\/garageblogec.com\\\/?s={search_term_string}\"},\"query-input\":{\"@type\":\"PropertyValueSpecification\",\"valueRequired\":true,\"valueName\":\"search_term_string\"}}],\"inLanguage\":\"es\"},{\"@type\":\"Organization\",\"@id\":\"https:\\\/\\\/garageblogec.com\\\/#organization\",\"name\":\"Garage Blog Ecuador\",\"url\":\"https:\\\/\\\/garageblogec.com\\\/\",\"logo\":{\"@type\":\"ImageObject\",\"inLanguage\":\"es\",\"@id\":\"https:\\\/\\\/garageblogec.com\\\/#\\\/schema\\\/logo\\\/image\\\/\",\"url\":\"https:\\\/\\\/garageblogec.com\\\/wp-content\\\/uploads\\\/2024\\\/02\\\/cropped-logo-png-para-blog.webp\",\"contentUrl\":\"https:\\\/\\\/garageblogec.com\\\/wp-content\\\/uploads\\\/2024\\\/02\\\/cropped-logo-png-para-blog.webp\",\"width\":840,\"height\":556,\"caption\":\"Garage Blog Ecuador \"},\"image\":{\"@id\":\"https:\\\/\\\/garageblogec.com\\\/#\\\/schema\\\/logo\\\/image\\\/\"}},{\"@type\":\"Person\",\"@id\":\"https:\\\/\\\/garageblogec.com\\\/#\\\/schema\\\/person\\\/635f4b76c0cb3e43b82fe6f7d8bcceea\",\"name\":\"gabi1212\",\"image\":{\"@type\":\"ImageObject\",\"inLanguage\":\"es\",\"@id\":\"https:\\\/\\\/secure.gravatar.com\\\/avatar\\\/6aa491f45cb359d4d6dd8c430e83f78899c80569c27d21156e19bbdcd31d1811?s=96&d=mm&r=g\",\"url\":\"https:\\\/\\\/secure.gravatar.com\\\/avatar\\\/6aa491f45cb359d4d6dd8c430e83f78899c80569c27d21156e19bbdcd31d1811?s=96&d=mm&r=g\",\"contentUrl\":\"https:\\\/\\\/secure.gravatar.com\\\/avatar\\\/6aa491f45cb359d4d6dd8c430e83f78899c80569c27d21156e19bbdcd31d1811?s=96&d=mm&r=g\",\"caption\":\"gabi1212\"},\"url\":\"https:\\\/\\\/garageblogec.com\\\/?author=6\"}]}<\/script>\n<!-- \/ Yoast SEO plugin. -->","yoast_head_json":{"title":"Las ventas de Tesla caen abruptamente en todo el mundo, incluidos Alemania, Australia y China - Garage Blog Ecuador","robots":{"index":"index","follow":"follow","max-snippet":"max-snippet:-1","max-image-preview":"max-image-preview:large","max-video-preview":"max-video-preview:-1"},"canonical":"https:\/\/garageblogec.com\/?p=1771","og_locale":"es_ES","og_type":"article","og_title":"Las ventas de Tesla caen abruptamente en todo el mundo, incluidos Alemania, Australia y China - Garage Blog Ecuador","og_description":"Hace menos de un a\u00f1o, Tesla anunci\u00f3 orgullosamente que vender\u00eda 20 millones de veh\u00edculos el\u00e9ctricos al a\u00f1o para 2030. Hoy, la situaci\u00f3n ha empeorado dr\u00e1sticamente. Despu\u00e9s de haber abandonado aparentemente este ambicioso objetivo a mediados de 2024, la empresa tambi\u00e9n ha experimentado su primera ca\u00edda de ventas anuales en una d\u00e9cada. Ahora, las ventas de [&hellip;]","og_url":"https:\/\/garageblogec.com\/?p=1771","og_site_name":"Garage Blog Ecuador","article_published_time":"2025-03-07T17:22:43+00:00","article_modified_time":"2025-03-07T17:22:48+00:00","og_image":[{"width":887,"height":492,"url":"https:\/\/garageblogec.com\/wp-content\/uploads\/2025\/03\/eeeee.png","type":"image\/png"}],"author":"gabi1212","twitter_card":"summary_large_image","twitter_misc":{"Escrito por":"gabi1212","Tiempo de lectura":"4 minutos"},"schema":{"@context":"https:\/\/schema.org","@graph":[{"@type":"Article","@id":"https:\/\/garageblogec.com\/?p=1771#article","isPartOf":{"@id":"https:\/\/garageblogec.com\/?p=1771"},"author":{"name":"gabi1212","@id":"https:\/\/garageblogec.com\/#\/schema\/person\/635f4b76c0cb3e43b82fe6f7d8bcceea"},"headline":"Las ventas de Tesla caen abruptamente en todo el mundo, incluidos Alemania, Australia y China","datePublished":"2025-03-07T17:22:43+00:00","dateModified":"2025-03-07T17:22:48+00:00","mainEntityOfPage":{"@id":"https:\/\/garageblogec.com\/?p=1771"},"wordCount":641,"commentCount":0,"publisher":{"@id":"https:\/\/garageblogec.com\/#organization"},"image":{"@id":"https:\/\/garageblogec.com\/?p=1771#primaryimage"},"thumbnailUrl":"https:\/\/garageblogec.com\/wp-content\/uploads\/2025\/03\/eeeee.png","articleSection":["Industria Nacional"],"inLanguage":"es","potentialAction":[{"@type":"CommentAction","name":"Comment","target":["https:\/\/garageblogec.com\/?p=1771#respond"]}]},{"@type":"WebPage","@id":"https:\/\/garageblogec.com\/?p=1771","url":"https:\/\/garageblogec.com\/?p=1771","name":"Las ventas de Tesla caen abruptamente en todo el mundo, incluidos Alemania, Australia y China - Garage Blog Ecuador","isPartOf":{"@id":"https:\/\/garageblogec.com\/#website"},"primaryImageOfPage":{"@id":"https:\/\/garageblogec.com\/?p=1771#primaryimage"},"image":{"@id":"https:\/\/garageblogec.com\/?p=1771#primaryimage"},"thumbnailUrl":"https:\/\/garageblogec.com\/wp-content\/uploads\/2025\/03\/eeeee.png","datePublished":"2025-03-07T17:22:43+00:00","dateModified":"2025-03-07T17:22:48+00:00","breadcrumb":{"@id":"https:\/\/garageblogec.com\/?p=1771#breadcrumb"},"inLanguage":"es","potentialAction":[{"@type":"ReadAction","target":["https:\/\/garageblogec.com\/?p=1771"]}]},{"@type":"ImageObject","inLanguage":"es","@id":"https:\/\/garageblogec.com\/?p=1771#primaryimage","url":"https:\/\/garageblogec.com\/wp-content\/uploads\/2025\/03\/eeeee.png","contentUrl":"https:\/\/garageblogec.com\/wp-content\/uploads\/2025\/03\/eeeee.png","width":887,"height":492,"caption":"Las ventas alemanas cayeron un enorme 76,3% el mes pasado, y Australia registr\u00f3 una disminuci\u00f3n similar del 71,9%."},{"@type":"BreadcrumbList","@id":"https:\/\/garageblogec.com\/?p=1771#breadcrumb","itemListElement":[{"@type":"ListItem","position":1,"name":"Portada","item":"https:\/\/garageblogec.com\/"},{"@type":"ListItem","position":2,"name":"Las ventas de Tesla caen abruptamente en todo el mundo, incluidos Alemania, Australia y China"}]},{"@type":"WebSite","@id":"https:\/\/garageblogec.com\/#website","url":"https:\/\/garageblogec.com\/","name":"Garage Blog Ecuador","description":"Alucinamos por los autos ","publisher":{"@id":"https:\/\/garageblogec.com\/#organization"},"potentialAction":[{"@type":"SearchAction","target":{"@type":"EntryPoint","urlTemplate":"https:\/\/garageblogec.com\/?s={search_term_string}"},"query-input":{"@type":"PropertyValueSpecification","valueRequired":true,"valueName":"search_term_string"}}],"inLanguage":"es"},{"@type":"Organization","@id":"https:\/\/garageblogec.com\/#organization","name":"Garage Blog Ecuador","url":"https:\/\/garageblogec.com\/","logo":{"@type":"ImageObject","inLanguage":"es","@id":"https:\/\/garageblogec.com\/#\/schema\/logo\/image\/","url":"https:\/\/garageblogec.com\/wp-content\/uploads\/2024\/02\/cropped-logo-png-para-blog.webp","contentUrl":"https:\/\/garageblogec.com\/wp-content\/uploads\/2024\/02\/cropped-logo-png-para-blog.webp","width":840,"height":556,"caption":"Garage Blog Ecuador "},"image":{"@id":"https:\/\/garageblogec.com\/#\/schema\/logo\/image\/"}},{"@type":"Person","@id":"https:\/\/garageblogec.com\/#\/schema\/person\/635f4b76c0cb3e43b82fe6f7d8bcceea","name":"gabi1212","image":{"@type":"ImageObject","inLanguage":"es","@id":"https:\/\/secure.gravatar.com\/avatar\/6aa491f45cb359d4d6dd8c430e83f78899c80569c27d21156e19bbdcd31d1811?s=96&d=mm&r=g","url":"https:\/\/secure.gravatar.com\/avatar\/6aa491f45cb359d4d6dd8c430e83f78899c80569c27d21156e19bbdcd31d1811?s=96&d=mm&r=g","contentUrl":"https:\/\/secure.gravatar.com\/avatar\/6aa491f45cb359d4d6dd8c430e83f78899c80569c27d21156e19bbdcd31d1811?s=96&d=mm&r=g","caption":"gabi1212"},"url":"https:\/\/garageblogec.com\/?author=6"}]}},"jetpack_featured_media_url":"https:\/\/garageblogec.com\/wp-content\/uploads\/2025\/03\/eeeee.png","jetpack_sharing_enabled":true,"_links":{"self":[{"href":"https:\/\/garageblogec.com\/index.php?rest_route=\/wp\/v2\/posts\/1771","targetHints":{"allow":["GET"]}}],"collection":[{"href":"https:\/\/garageblogec.com\/index.php?rest_route=\/wp\/v2\/posts"}],"about":[{"href":"https:\/\/garageblogec.com\/index.php?rest_route=\/wp\/v2\/types\/post"}],"author":[{"embeddable":true,"href":"https:\/\/garageblogec.com\/index.php?rest_route=\/wp\/v2\/users\/6"}],"replies":[{"embeddable":true,"href":"https:\/\/garageblogec.com\/index.php?rest_route=%2Fwp%2Fv2%2Fcomments&post=1771"}],"version-history":[{"count":1,"href":"https:\/\/garageblogec.com\/index.php?rest_route=\/wp\/v2\/posts\/1771\/revisions"}],"predecessor-version":[{"id":1773,"href":"https:\/\/garageblogec.com\/index.php?rest_route=\/wp\/v2\/posts\/1771\/revisions\/1773"}],"wp:featuredmedia":[{"embeddable":true,"href":"https:\/\/garageblogec.com\/index.php?rest_route=\/wp\/v2\/media\/1772"}],"wp:attachment":[{"href":"https:\/\/garageblogec.com\/index.php?rest_route=%2Fwp%2Fv2%2Fmedia&parent=1771"}],"wp:term":[{"taxonomy":"category","embeddable":true,"href":"https:\/\/garageblogec.com\/index.php?rest_route=%2Fwp%2Fv2%2Fcategories&post=1771"},{"taxonomy":"post_tag","embeddable":true,"href":"https:\/\/garageblogec.com\/index.php?rest_route=%2Fwp%2Fv2%2Ftags&post=1771"}],"curies":[{"name":"wp","href":"https:\/\/api.w.org\/{rel}","templated":true}]}}