{"id":1759,"date":"2025-03-06T20:04:13","date_gmt":"2025-03-06T20:04:13","guid":{"rendered":"https:\/\/garageblogec.com\/?p=1759"},"modified":"2025-03-06T20:04:18","modified_gmt":"2025-03-06T20:04:18","slug":"el-cadillac-escalade-iql-2026-es-largo-muy-largo","status":"publish","type":"post","link":"https:\/\/garageblogec.com\/?p=1759","title":{"rendered":"El Cadillac Escalade IQL 2026 es largo, muy largo"},"content":{"rendered":"\n<p>La\u00a0gama Cadillac Escalade\u00a0est\u00e1 creciendo tanto literal como figurativamente, ya que la marca de lujo estadounidense present\u00f3 el Escalade IQL 2026. Es una versi\u00f3n alargada del gran SUV el\u00e9ctrico y su precio comienza en $132,695.<\/p>\n\n\n\n<figure class=\"wp-block-image size-large\"><img decoding=\"async\" src=\"https:\/\/www.carscoops.com\/wp-content\/uploads\/webp\/2025\/03\/Cadillac-iql-1-1536x864.webp\" alt=\"\"\/><\/figure>\n\n\n\n<p>El Escalade IQL, que cuesta miles de d\u00f3lares m\u00e1s que el modelo normal, sigue los pasos del\u00a0EV est\u00e1ndar,\u00a0pero tiene 4,2 pulgadas (107 mm) m\u00e1s de espacio. Con 228,5 pulgadas (5803 mm) en total, es 1,5 pulgadas (38 mm) m\u00e1s largo que el Escalade ESV a gasolina (227 pulgadas \/ 5766 mm), lo que lo convierte en uno de los veh\u00edculos de producci\u00f3n m\u00e1s largos del mercado. Dado que la distancia entre ejes permanece sin cambios en 136,2 pulgadas (3460 mm), la mayor parte del espacio adicional beneficia a los pasajeros de la tercera fila.<\/p>\n\n\n\n<figure class=\"wp-block-image size-full is-resized\"><a href=\"https:\/\/www.kia.com\/ec\/showroom\/kiacarens\/features.html\"><img fetchpriority=\"high\" decoding=\"async\" width=\"480\" height=\"134\" src=\"https:\/\/garageblogec.com\/wp-content\/uploads\/2025\/02\/download.gif\" alt=\"\" class=\"wp-image-1731\" style=\"width:790px;height:auto\"\/><\/a><\/figure>\n\n\n\n<p>Esto promete hacer que la tercera fila plegable el\u00e9ctricamente sea m\u00e1s c\u00f3moda para los adultos, ya que el espacio para las piernas aumenta de 32,3 pulgadas (820 mm) a 36,7 pulgadas (932 mm). Los ocupantes de los asientos traseros tambi\u00e9n encontrar\u00e1n una pulgada (25 mm) adicional de espacio para la cabeza. Si est\u00e1 m\u00e1s interesado en transportar carga, encontrar\u00e1 hasta 125,2 pies c\u00fabicos (3546 litros) de espacio detr\u00e1s de la primera fila. Eso es un aumento de 119,2 pies c\u00fabicos (3375 litros) en el modelo est\u00e1ndar.<a href=\"https:\/\/www.carscoops.com\/wp-content\/uploads\/2025\/03\/Carscoops-Escalade-IQ-Compa.jpg\"><\/a><\/p>\n\n\n\n<figure class=\"wp-block-image size-large\"><img decoding=\"async\" src=\"https:\/\/www.carscoops.com\/wp-content\/uploads\/webp\/2025\/03\/Carscoops-Escalade-IQ-Compa-1536x1280.webp\" alt=\"\"\/><\/figure>\n\n\n\n<p>Aparte de la longitud adicional, es pr\u00e1cticamente un\u00a0Escalade IQ\u00a0t\u00edpico . Sin embargo, el tratamiento de los pilares C y D es exclusivo del IQL y los clientes encontrar\u00e1n un tercer cuarto de ventana m\u00e1s amplio. El port\u00f3n trasero tambi\u00e9n parece m\u00e1s vertical, ya que evita el dise\u00f1o angular que se encuentra en el modelo regular.<\/p>\n\n\n\n<p>Si bien hay una sorprendente cantidad de cambios de estilo, la parte delantera se mantiene y el SUV se desplaza sobre enormes ruedas de 24 pulgadas. El modelo tambi\u00e9n se destaca por contar con un maletero el\u00e9ctrico, que puede albergar 12,2 pies c\u00fabicos (345 litros) adicionales de equipaje.<\/p>\n\n\n\n<p><strong>El encanto interior habitual del Escalade, con algunos cambios<\/strong><\/p>\n\n\n\n<figure class=\"wp-block-image size-large\"><img decoding=\"async\" src=\"https:\/\/www.carscoops.com\/wp-content\/uploads\/webp\/2025\/03\/2026-Cadillac-Escalade-IQL-303-2-1536x1024.webp\" alt=\"\"\/><\/figure>\n\n\n\n<p>Los cambios interiores son menos dram\u00e1ticos, ya que habr\u00e1 versiones Luxury, Sport, Premium Luxury y Premium Sport con su equipamiento habitual. Cadillac no entr\u00f3 en muchos detalles, pero los conductores destacados encontrar\u00e1n Super Cruise, un sistema de audio AKG Studio de 21 parlantes y una amplia pantalla de 55 pulgadas de pilar a pilar. A ellos se unir\u00e1n asientos delanteros con calefacci\u00f3n y ventilaci\u00f3n, asientos de la segunda fila con calefacci\u00f3n y un volante con calefacci\u00f3n. Otras ventajas incluyen un cargador inal\u00e1mbrico para tel\u00e9fonos inteligentes, un sistema de control de climatizaci\u00f3n de cinco zonas y un sistema de iluminaci\u00f3n ambiental LED.<\/p>\n\n\n\n<p>Quienes viajen con chofer deber\u00e1n optar por el paquete Executive Second Row disponible. Cuenta con dos asientos el\u00e9ctricos con calefacci\u00f3n, ventilaci\u00f3n y masaje que est\u00e1n separados por una consola con mesas plegables, un centro de comando trasero y dos plataformas de carga inal\u00e1mbrica para tel\u00e9fonos. El paquete tambi\u00e9n incluye dos pantallas de 12,6 pulgadas para mantener entretenidos a los pasajeros.<\/p>\n\n\n\n<p><strong>Potencia y alcance: tiene mucho de ambos<\/strong><\/p>\n\n\n\n<figure class=\"wp-block-image size-large\"><img decoding=\"async\" src=\"https:\/\/www.carscoops.com\/wp-content\/uploads\/webp\/2025\/03\/2026-Cadillac-Escalade-IQL-303-10-1536x1024.webp\" alt=\"\"\/><\/figure>\n\n\n\n<p>La potencia proviene de una bater\u00eda de 205 kWh, que alimenta un sistema de tracci\u00f3n total con dos motores que produce hasta 750 hp (559 kW \/ 760 PS) y 785 lb-ft (1,063 Nm) de torque. Esto permite que la lujosa embarcaci\u00f3n acelere de 0 a 60 mph (0 a 96 km\/h) en 4,7 segundos y recorra aproximadamente 460 millas (740 km) con una sola carga.<\/p>\n\n\n\n<p>Cuando la bater\u00eda est\u00e1 baja, un cargador r\u00e1pido de CC puede proporcionar hasta 116 millas (187 km) de autonom\u00eda en tan solo 10 minutos. Con un cargador de CA de 19,2 kW, puede esperar obtener aproximadamente 36 millas (58 km) de autonom\u00eda por hora.<\/p>\n\n\n\n<figure class=\"wp-block-image size-large\"><img decoding=\"async\" src=\"https:\/\/www.carscoops.com\/wp-content\/uploads\/webp\/2025\/03\/2026-Cadillac-Escalade-IQL-303-6-1536x1024.webp\" alt=\"\"\/><\/figure>\n\n\n\n<p>La producci\u00f3n est\u00e1 programada para comenzar a mediados de a\u00f1o y\u00a0Cadillac\u00a0se\u00f1al\u00f3 que el modelo deber\u00eda poder remolcar hasta 7500 libras (3402 kg). Los clientes tambi\u00e9n pueden esperar una suspensi\u00f3n Air Ride Adaptive, Magnetic Ride Control 4.0 y una capacidad de carga bidireccional del veh\u00edculo al hogar.<\/p>\n\n\n<div class='pt-cv-wrapper'> <h3 class='pt-cv-heading-container heading1' data-blockid='0qo5niib'><span class='pt-cv-heading'> Overlay1 <\/span><\/h3><div class=\"pt-cv-view pt-cv-overlaygrid iscvblock iscvreal overlay1 layout1\" id=\"pt-cv-view-0qo5niib\"><div data-id=\"pt-cv-page-1\" class=\"pt-cv-page\" data-cvc=\"3\"><div class=\" pt-cv-content-item pt-cv-1-col\" ><div class=\"pt-cv-thumb-wrapper  \"><a href=\"https:\/\/garageblogec.com\/?p=3303\" class=\"_self pt-cv-href-thumbnail pt-cv-thumb-default\" target=\"_self\" ><img decoding=\"async\" width=\"768\" height=\"432\" src=\"https:\/\/garageblogec.com\/wp-content\/uploads\/2026\/04\/WhatsApp-Image-2026-04-21-at-1.52.53-PM-768x432.jpeg\" class=\"pt-cv-thumbnail\" alt=\"\" \/><\/a><\/div>\n<div class=\"pt-cv-overlay-wrapper\"><div class=\"pt-cv-taxoterm above_title\"><a href='https:\/\/garageblogec.com\/?cat=27' title='Industria Nacional' class='pt-cv-tax-industria-nacional'>Industria Nacional<\/a><\/div><h4 class=\"pt-cv-title\"><a href=\"https:\/\/garageblogec.com\/?p=3303\" class=\"_self\" target=\"_self\" >Grupo Ambacar presenta en Guayaquil KGM, su nueva marca de SUV h\u00edbridos con respaldo global<\/a><\/h4><div class=\"pt-cv-meta-fields\"><span class=\"entry-date\"> <time datetime=\"2026-04-21T21:37:24+00:00\">abril 21, 2026<\/time><\/span><span> \/ <\/span><span class=\"author\"> <a href=\"https:\/\/garageblogec.com\/?author=6\" rel=\"author\">gabi1212<\/a><\/span><\/div><\/div><\/div>\n<div class=\" pt-cv-content-item pt-cv-1-col\" ><div class=\"pt-cv-thumb-wrapper  \"><a href=\"https:\/\/garageblogec.com\/?p=3296\" class=\"_self pt-cv-href-thumbnail pt-cv-thumb-default\" target=\"_self\" ><img decoding=\"async\" width=\"768\" height=\"432\" src=\"https:\/\/garageblogec.com\/wp-content\/uploads\/2026\/04\/WhatsApp-Image-2026-04-14-at-3.15.09-PM-768x432.jpeg\" class=\"pt-cv-thumbnail\" alt=\"\" \/><\/a><\/div>\n<div class=\"pt-cv-overlay-wrapper\"><div class=\"pt-cv-taxoterm above_title\"><a href='https:\/\/garageblogec.com\/?cat=27' title='Industria Nacional' class='pt-cv-tax-industria-nacional'>Industria Nacional<\/a><\/div><h4 class=\"pt-cv-title\"><a href=\"https:\/\/garageblogec.com\/?p=3296\" class=\"_self\" target=\"_self\" >El tablero desapareci\u00f3, ahora el auto es una pantalla inteligente<\/a><\/h4><div class=\"pt-cv-meta-fields\"><span class=\"entry-date\"> <time datetime=\"2026-04-14T20:21:20+00:00\">abril 14, 2026<\/time><\/span><span> \/ <\/span><span class=\"author\"> <a href=\"https:\/\/garageblogec.com\/?author=6\" rel=\"author\">gabi1212<\/a><\/span><\/div><\/div><\/div>\n<div class=\" pt-cv-content-item pt-cv-1-col\" ><div class=\"pt-cv-thumb-wrapper  \"><a href=\"https:\/\/garageblogec.com\/?p=3291\" class=\"_self pt-cv-href-thumbnail pt-cv-thumb-default\" target=\"_self\" ><img loading=\"lazy\" decoding=\"async\" width=\"768\" height=\"432\" src=\"https:\/\/garageblogec.com\/wp-content\/uploads\/2026\/04\/WhatsApp-Image-2026-04-14-at-2.21.27-PM-768x432.jpeg\" class=\"pt-cv-thumbnail\" alt=\"\" \/><\/a><\/div>\n<div class=\"pt-cv-overlay-wrapper\"><div class=\"pt-cv-taxoterm above_title\"><a href='https:\/\/garageblogec.com\/?cat=27' title='Industria Nacional' class='pt-cv-tax-industria-nacional'>Industria Nacional<\/a><\/div><h4 class=\"pt-cv-title\"><a href=\"https:\/\/garageblogec.com\/?p=3291\" class=\"_self\" target=\"_self\" >Seguridad al volante en Ecuador: los errores m\u00e1s comunes que cometen los conductores<\/a><\/h4><div class=\"pt-cv-meta-fields\"><span class=\"entry-date\"> <time datetime=\"2026-04-14T20:08:54+00:00\">abril 14, 2026<\/time><\/span><span> \/ <\/span><span class=\"author\"> <a href=\"https:\/\/garageblogec.com\/?author=6\" rel=\"author\">gabi1212<\/a><\/span><\/div><\/div><\/div>\n<div class=\" pt-cv-content-item pt-cv-1-col\" ><div class=\"pt-cv-thumb-wrapper  \"><a href=\"https:\/\/garageblogec.com\/?p=3286\" class=\"_self pt-cv-href-thumbnail pt-cv-thumb-default\" target=\"_self\" ><img loading=\"lazy\" decoding=\"async\" width=\"768\" height=\"492\" src=\"https:\/\/garageblogec.com\/wp-content\/uploads\/2026\/04\/Posventa.jpg-768x492.jpeg\" class=\"pt-cv-thumbnail\" alt=\"\" \/><\/a><\/div>\n<div class=\"pt-cv-overlay-wrapper\"><div class=\"pt-cv-taxoterm above_title\"><a href='https:\/\/garageblogec.com\/?cat=27' title='Industria Nacional' class='pt-cv-tax-industria-nacional'>Industria Nacional<\/a><\/div><h4 class=\"pt-cv-title\"><a href=\"https:\/\/garageblogec.com\/?p=3286\" class=\"_self\" target=\"_self\" >Clientes Nissan reciben cambios de aceite infinitos<\/a><\/h4><div class=\"pt-cv-meta-fields\"><span class=\"entry-date\"> <time datetime=\"2026-04-14T20:04:08+00:00\">abril 14, 2026<\/time><\/span><span> \/ <\/span><span class=\"author\"> <a href=\"https:\/\/garageblogec.com\/?author=6\" rel=\"author\">gabi1212<\/a><\/span><\/div><\/div><\/div>\n<div class=\" pt-cv-content-item pt-cv-1-col\" ><div class=\"pt-cv-thumb-wrapper  \"><a href=\"https:\/\/garageblogec.com\/?p=3280\" class=\"_self pt-cv-href-thumbnail pt-cv-thumb-default\" target=\"_self\" ><img loading=\"lazy\" decoding=\"async\" width=\"768\" height=\"512\" src=\"https:\/\/garageblogec.com\/wp-content\/uploads\/2026\/04\/foto1-768x512.jpeg\" class=\"pt-cv-thumbnail\" alt=\"\" \/><\/a><\/div>\n<div class=\"pt-cv-overlay-wrapper\"><div class=\"pt-cv-taxoterm above_title\"><a href='https:\/\/garageblogec.com\/?cat=27' title='Industria Nacional' class='pt-cv-tax-industria-nacional'>Industria Nacional<\/a><\/div><h4 class=\"pt-cv-title\"><a href=\"https:\/\/garageblogec.com\/?p=3280\" class=\"_self\" target=\"_self\" >Movilidad como inversi\u00f3n: el uso de utilidades que crece en Ecuador<\/a><\/h4><div class=\"pt-cv-meta-fields\"><span class=\"entry-date\"> <time datetime=\"2026-04-07T19:55:36+00:00\">abril 7, 2026<\/time><\/span><span> \/ <\/span><span class=\"author\"> <a href=\"https:\/\/garageblogec.com\/?author=6\" rel=\"author\">gabi1212<\/a><\/span><\/div><\/div><\/div>\n<div class=\" pt-cv-content-item pt-cv-1-col\" ><div class=\"pt-cv-thumb-wrapper  \"><a href=\"https:\/\/garageblogec.com\/?p=3276\" class=\"_self pt-cv-href-thumbnail pt-cv-thumb-default\" target=\"_self\" ><img loading=\"lazy\" decoding=\"async\" width=\"745\" height=\"491\" src=\"https:\/\/garageblogec.com\/wp-content\/uploads\/2026\/04\/TT.png\" class=\"pt-cv-thumbnail\" alt=\"\" \/><\/a><\/div>\n<div class=\"pt-cv-overlay-wrapper\"><div class=\"pt-cv-taxoterm above_title\"><a href='https:\/\/garageblogec.com\/?cat=27' title='Industria Nacional' class='pt-cv-tax-industria-nacional'>Industria Nacional<\/a><\/div><h4 class=\"pt-cv-title\"><a href=\"https:\/\/garageblogec.com\/?p=3276\" class=\"_self\" target=\"_self\" >Lluvias en Ecuador: C\u00f3mo reducir riesgos en carretera y prevenir accidentes en calzada mojada<\/a><\/h4><div class=\"pt-cv-meta-fields\"><span class=\"entry-date\"> <time datetime=\"2026-04-07T19:46:52+00:00\">abril 7, 2026<\/time><\/span><span> \/ <\/span><span class=\"author\"> <a href=\"https:\/\/garageblogec.com\/?author=6\" rel=\"author\">gabi1212<\/a><\/span><\/div><\/div><\/div><\/div><\/div> <\/div> <style>\n#pt-cv-view-0qo5niib .pt-cv-thumb-wrapper::before {background: rgba(0,0,0,.4); opacity: 0.8;}#pt-cv-view-0qo5niib .pt-cv-overlay-wrapper {justify-content: center;}\n#pt-cv-view-0qo5niib .pt-cv-meta-fields {  }#pt-cv-view-0qo5niib .pt-cv-meta-fields * { font-size: 13px; }#pt-cv-view-0qo5niib .pt-cv-title a { display: block; }#pt-cv-view-0qo5niib .pt-cv-title:not(.pt-cv-titlesm) a { font-weight: 600;text-decoration: none;font-size: 20px; }#pt-cv-view-0qo5niib .pt-cv-titlesm a { font-weight: 600;font-size: 18px; }#pt-cv-view-0qo5niib .pt-cv-content { font-size: 15px; }#pt-cv-view-0qo5niib .pt-cv-rmwrap {  }#pt-cv-view-0qo5niib .pt-cv-readmore { color: #fff;background-color: #0075ff;font-size: 14px; }#pt-cv-view-0qo5niib .pt-cv-taxoterm { margin: 0px 0px 20px 0px; }#pt-cv-view-0qo5niib .pt-cv-taxoterm * { color: #222;background-color: #fff6f6;font-size: 14px; }#pt-cv-view-0qo5niib + .pt-cv-pagination-wrapper {  }#pt-cv-view-0qo5niib + .pt-cv-pagination-wrapper a { font-size: 14px; }#pt-cv-view-0qo5niib > .pt-cv-page {grid-template-columns: repeat(3, 1fr);grid-auto-rows: 250px;grid-gap: 10px;}\n@media all and (max-width: 1024px) { \n#pt-cv-view-0qo5niib > .pt-cv-page {}\n} \n@media all and (max-width: 767px) { \n#pt-cv-view-0qo5niib > .pt-cv-page {grid-template-columns: repeat(1, 1fr);}\n} <\/style>","protected":false},"excerpt":{"rendered":"<p>La\u00a0gama Cadillac Escalade\u00a0est\u00e1 creciendo tanto literal como figurativamente, ya que la marca de lujo estadounidense present\u00f3 el Escalade IQL 2026. Es una versi\u00f3n alargada del gran SUV el\u00e9ctrico y su precio comienza en $132,695. El Escalade IQL, que cuesta miles de d\u00f3lares m\u00e1s que el modelo normal, sigue los pasos del\u00a0EV est\u00e1ndar,\u00a0pero tiene 4,2 pulgadas [&hellip;]<\/p>\n","protected":false},"author":6,"featured_media":1760,"comment_status":"open","ping_status":"open","sticky":false,"template":"","format":"standard","meta":{"_jetpack_memberships_contains_paid_content":false,"footnotes":""},"categories":[27],"tags":[],"class_list":["post-1759","post","type-post","status-publish","format-standard","has-post-thumbnail","hentry","category-industria-nacional"],"yoast_head":"<!-- This site is optimized with the Yoast SEO plugin v27.5 - https:\/\/yoast.com\/product\/yoast-seo-wordpress\/ -->\n<title>El Cadillac Escalade IQL 2026 es largo, muy largo - Garage Blog Ecuador<\/title>\n<meta name=\"robots\" content=\"index, follow, max-snippet:-1, max-image-preview:large, max-video-preview:-1\" \/>\n<link rel=\"canonical\" href=\"https:\/\/garageblogec.com\/?p=1759\" \/>\n<meta property=\"og:locale\" content=\"es_ES\" \/>\n<meta property=\"og:type\" content=\"article\" \/>\n<meta property=\"og:title\" content=\"El Cadillac Escalade IQL 2026 es largo, muy largo - Garage Blog Ecuador\" \/>\n<meta property=\"og:description\" content=\"La\u00a0gama Cadillac Escalade\u00a0est\u00e1 creciendo tanto literal como figurativamente, ya que la marca de lujo estadounidense present\u00f3 el Escalade IQL 2026. Es una versi\u00f3n alargada del gran SUV el\u00e9ctrico y su precio comienza en $132,695. El Escalade IQL, que cuesta miles de d\u00f3lares m\u00e1s que el modelo normal, sigue los pasos del\u00a0EV est\u00e1ndar,\u00a0pero tiene 4,2 pulgadas [&hellip;]\" \/>\n<meta property=\"og:url\" content=\"https:\/\/garageblogec.com\/?p=1759\" \/>\n<meta property=\"og:site_name\" content=\"Garage Blog Ecuador\" \/>\n<meta property=\"article:published_time\" content=\"2025-03-06T20:04:13+00:00\" \/>\n<meta property=\"article:modified_time\" content=\"2025-03-06T20:04:18+00:00\" \/>\n<meta property=\"og:image\" content=\"https:\/\/garageblogec.com\/wp-content\/uploads\/2025\/03\/Captura-1.png\" \/>\n\t<meta property=\"og:image:width\" content=\"885\" \/>\n\t<meta property=\"og:image:height\" content=\"587\" \/>\n\t<meta property=\"og:image:type\" content=\"image\/png\" \/>\n<meta name=\"author\" content=\"gabi1212\" \/>\n<meta name=\"twitter:card\" content=\"summary_large_image\" \/>\n<meta name=\"twitter:label1\" content=\"Escrito por\" \/>\n\t<meta name=\"twitter:data1\" content=\"gabi1212\" \/>\n\t<meta name=\"twitter:label2\" content=\"Tiempo de lectura\" \/>\n\t<meta name=\"twitter:data2\" content=\"5 minutos\" \/>\n<script type=\"application\/ld+json\" class=\"yoast-schema-graph\">{\"@context\":\"https:\\\/\\\/schema.org\",\"@graph\":[{\"@type\":\"Article\",\"@id\":\"https:\\\/\\\/garageblogec.com\\\/?p=1759#article\",\"isPartOf\":{\"@id\":\"https:\\\/\\\/garageblogec.com\\\/?p=1759\"},\"author\":{\"name\":\"gabi1212\",\"@id\":\"https:\\\/\\\/garageblogec.com\\\/#\\\/schema\\\/person\\\/635f4b76c0cb3e43b82fe6f7d8bcceea\"},\"headline\":\"El Cadillac Escalade IQL 2026 es largo, muy largo\",\"datePublished\":\"2025-03-06T20:04:13+00:00\",\"dateModified\":\"2025-03-06T20:04:18+00:00\",\"mainEntityOfPage\":{\"@id\":\"https:\\\/\\\/garageblogec.com\\\/?p=1759\"},\"wordCount\":679,\"commentCount\":0,\"publisher\":{\"@id\":\"https:\\\/\\\/garageblogec.com\\\/#organization\"},\"image\":{\"@id\":\"https:\\\/\\\/garageblogec.com\\\/?p=1759#primaryimage\"},\"thumbnailUrl\":\"https:\\\/\\\/garageblogec.com\\\/wp-content\\\/uploads\\\/2025\\\/03\\\/Captura-1.png\",\"articleSection\":[\"Industria Nacional\"],\"inLanguage\":\"es\",\"potentialAction\":[{\"@type\":\"CommentAction\",\"name\":\"Comment\",\"target\":[\"https:\\\/\\\/garageblogec.com\\\/?p=1759#respond\"]}]},{\"@type\":\"WebPage\",\"@id\":\"https:\\\/\\\/garageblogec.com\\\/?p=1759\",\"url\":\"https:\\\/\\\/garageblogec.com\\\/?p=1759\",\"name\":\"El Cadillac Escalade IQL 2026 es largo, muy largo - Garage Blog Ecuador\",\"isPartOf\":{\"@id\":\"https:\\\/\\\/garageblogec.com\\\/#website\"},\"primaryImageOfPage\":{\"@id\":\"https:\\\/\\\/garageblogec.com\\\/?p=1759#primaryimage\"},\"image\":{\"@id\":\"https:\\\/\\\/garageblogec.com\\\/?p=1759#primaryimage\"},\"thumbnailUrl\":\"https:\\\/\\\/garageblogec.com\\\/wp-content\\\/uploads\\\/2025\\\/03\\\/Captura-1.png\",\"datePublished\":\"2025-03-06T20:04:13+00:00\",\"dateModified\":\"2025-03-06T20:04:18+00:00\",\"breadcrumb\":{\"@id\":\"https:\\\/\\\/garageblogec.com\\\/?p=1759#breadcrumb\"},\"inLanguage\":\"es\",\"potentialAction\":[{\"@type\":\"ReadAction\",\"target\":[\"https:\\\/\\\/garageblogec.com\\\/?p=1759\"]}]},{\"@type\":\"ImageObject\",\"inLanguage\":\"es\",\"@id\":\"https:\\\/\\\/garageblogec.com\\\/?p=1759#primaryimage\",\"url\":\"https:\\\/\\\/garageblogec.com\\\/wp-content\\\/uploads\\\/2025\\\/03\\\/Captura-1.png\",\"contentUrl\":\"https:\\\/\\\/garageblogec.com\\\/wp-content\\\/uploads\\\/2025\\\/03\\\/Captura-1.png\",\"width\":885,\"height\":587,\"caption\":\"M\u00e1s que un Escalade EV alargado, el IQL tiene una parte trasera \u00fanica y ofrece hasta 750 hp.\"},{\"@type\":\"BreadcrumbList\",\"@id\":\"https:\\\/\\\/garageblogec.com\\\/?p=1759#breadcrumb\",\"itemListElement\":[{\"@type\":\"ListItem\",\"position\":1,\"name\":\"Portada\",\"item\":\"https:\\\/\\\/garageblogec.com\\\/\"},{\"@type\":\"ListItem\",\"position\":2,\"name\":\"El Cadillac Escalade IQL 2026 es largo, muy largo\"}]},{\"@type\":\"WebSite\",\"@id\":\"https:\\\/\\\/garageblogec.com\\\/#website\",\"url\":\"https:\\\/\\\/garageblogec.com\\\/\",\"name\":\"Garage Blog Ecuador\",\"description\":\"Alucinamos por los autos \",\"publisher\":{\"@id\":\"https:\\\/\\\/garageblogec.com\\\/#organization\"},\"potentialAction\":[{\"@type\":\"SearchAction\",\"target\":{\"@type\":\"EntryPoint\",\"urlTemplate\":\"https:\\\/\\\/garageblogec.com\\\/?s={search_term_string}\"},\"query-input\":{\"@type\":\"PropertyValueSpecification\",\"valueRequired\":true,\"valueName\":\"search_term_string\"}}],\"inLanguage\":\"es\"},{\"@type\":\"Organization\",\"@id\":\"https:\\\/\\\/garageblogec.com\\\/#organization\",\"name\":\"Garage Blog Ecuador\",\"url\":\"https:\\\/\\\/garageblogec.com\\\/\",\"logo\":{\"@type\":\"ImageObject\",\"inLanguage\":\"es\",\"@id\":\"https:\\\/\\\/garageblogec.com\\\/#\\\/schema\\\/logo\\\/image\\\/\",\"url\":\"https:\\\/\\\/garageblogec.com\\\/wp-content\\\/uploads\\\/2024\\\/02\\\/cropped-logo-png-para-blog.webp\",\"contentUrl\":\"https:\\\/\\\/garageblogec.com\\\/wp-content\\\/uploads\\\/2024\\\/02\\\/cropped-logo-png-para-blog.webp\",\"width\":840,\"height\":556,\"caption\":\"Garage Blog Ecuador \"},\"image\":{\"@id\":\"https:\\\/\\\/garageblogec.com\\\/#\\\/schema\\\/logo\\\/image\\\/\"}},{\"@type\":\"Person\",\"@id\":\"https:\\\/\\\/garageblogec.com\\\/#\\\/schema\\\/person\\\/635f4b76c0cb3e43b82fe6f7d8bcceea\",\"name\":\"gabi1212\",\"image\":{\"@type\":\"ImageObject\",\"inLanguage\":\"es\",\"@id\":\"https:\\\/\\\/secure.gravatar.com\\\/avatar\\\/6aa491f45cb359d4d6dd8c430e83f78899c80569c27d21156e19bbdcd31d1811?s=96&d=mm&r=g\",\"url\":\"https:\\\/\\\/secure.gravatar.com\\\/avatar\\\/6aa491f45cb359d4d6dd8c430e83f78899c80569c27d21156e19bbdcd31d1811?s=96&d=mm&r=g\",\"contentUrl\":\"https:\\\/\\\/secure.gravatar.com\\\/avatar\\\/6aa491f45cb359d4d6dd8c430e83f78899c80569c27d21156e19bbdcd31d1811?s=96&d=mm&r=g\",\"caption\":\"gabi1212\"},\"url\":\"https:\\\/\\\/garageblogec.com\\\/?author=6\"}]}<\/script>\n<!-- \/ Yoast SEO plugin. -->","yoast_head_json":{"title":"El Cadillac Escalade IQL 2026 es largo, muy largo - Garage Blog Ecuador","robots":{"index":"index","follow":"follow","max-snippet":"max-snippet:-1","max-image-preview":"max-image-preview:large","max-video-preview":"max-video-preview:-1"},"canonical":"https:\/\/garageblogec.com\/?p=1759","og_locale":"es_ES","og_type":"article","og_title":"El Cadillac Escalade IQL 2026 es largo, muy largo - Garage Blog Ecuador","og_description":"La\u00a0gama Cadillac Escalade\u00a0est\u00e1 creciendo tanto literal como figurativamente, ya que la marca de lujo estadounidense present\u00f3 el Escalade IQL 2026. Es una versi\u00f3n alargada del gran SUV el\u00e9ctrico y su precio comienza en $132,695. El Escalade IQL, que cuesta miles de d\u00f3lares m\u00e1s que el modelo normal, sigue los pasos del\u00a0EV est\u00e1ndar,\u00a0pero tiene 4,2 pulgadas [&hellip;]","og_url":"https:\/\/garageblogec.com\/?p=1759","og_site_name":"Garage Blog Ecuador","article_published_time":"2025-03-06T20:04:13+00:00","article_modified_time":"2025-03-06T20:04:18+00:00","og_image":[{"width":885,"height":587,"url":"https:\/\/garageblogec.com\/wp-content\/uploads\/2025\/03\/Captura-1.png","type":"image\/png"}],"author":"gabi1212","twitter_card":"summary_large_image","twitter_misc":{"Escrito por":"gabi1212","Tiempo de lectura":"5 minutos"},"schema":{"@context":"https:\/\/schema.org","@graph":[{"@type":"Article","@id":"https:\/\/garageblogec.com\/?p=1759#article","isPartOf":{"@id":"https:\/\/garageblogec.com\/?p=1759"},"author":{"name":"gabi1212","@id":"https:\/\/garageblogec.com\/#\/schema\/person\/635f4b76c0cb3e43b82fe6f7d8bcceea"},"headline":"El Cadillac Escalade IQL 2026 es largo, muy largo","datePublished":"2025-03-06T20:04:13+00:00","dateModified":"2025-03-06T20:04:18+00:00","mainEntityOfPage":{"@id":"https:\/\/garageblogec.com\/?p=1759"},"wordCount":679,"commentCount":0,"publisher":{"@id":"https:\/\/garageblogec.com\/#organization"},"image":{"@id":"https:\/\/garageblogec.com\/?p=1759#primaryimage"},"thumbnailUrl":"https:\/\/garageblogec.com\/wp-content\/uploads\/2025\/03\/Captura-1.png","articleSection":["Industria Nacional"],"inLanguage":"es","potentialAction":[{"@type":"CommentAction","name":"Comment","target":["https:\/\/garageblogec.com\/?p=1759#respond"]}]},{"@type":"WebPage","@id":"https:\/\/garageblogec.com\/?p=1759","url":"https:\/\/garageblogec.com\/?p=1759","name":"El Cadillac Escalade IQL 2026 es largo, muy largo - Garage Blog Ecuador","isPartOf":{"@id":"https:\/\/garageblogec.com\/#website"},"primaryImageOfPage":{"@id":"https:\/\/garageblogec.com\/?p=1759#primaryimage"},"image":{"@id":"https:\/\/garageblogec.com\/?p=1759#primaryimage"},"thumbnailUrl":"https:\/\/garageblogec.com\/wp-content\/uploads\/2025\/03\/Captura-1.png","datePublished":"2025-03-06T20:04:13+00:00","dateModified":"2025-03-06T20:04:18+00:00","breadcrumb":{"@id":"https:\/\/garageblogec.com\/?p=1759#breadcrumb"},"inLanguage":"es","potentialAction":[{"@type":"ReadAction","target":["https:\/\/garageblogec.com\/?p=1759"]}]},{"@type":"ImageObject","inLanguage":"es","@id":"https:\/\/garageblogec.com\/?p=1759#primaryimage","url":"https:\/\/garageblogec.com\/wp-content\/uploads\/2025\/03\/Captura-1.png","contentUrl":"https:\/\/garageblogec.com\/wp-content\/uploads\/2025\/03\/Captura-1.png","width":885,"height":587,"caption":"M\u00e1s que un Escalade EV alargado, el IQL tiene una parte trasera \u00fanica y ofrece hasta 750 hp."},{"@type":"BreadcrumbList","@id":"https:\/\/garageblogec.com\/?p=1759#breadcrumb","itemListElement":[{"@type":"ListItem","position":1,"name":"Portada","item":"https:\/\/garageblogec.com\/"},{"@type":"ListItem","position":2,"name":"El Cadillac Escalade IQL 2026 es largo, muy largo"}]},{"@type":"WebSite","@id":"https:\/\/garageblogec.com\/#website","url":"https:\/\/garageblogec.com\/","name":"Garage Blog Ecuador","description":"Alucinamos por los autos ","publisher":{"@id":"https:\/\/garageblogec.com\/#organization"},"potentialAction":[{"@type":"SearchAction","target":{"@type":"EntryPoint","urlTemplate":"https:\/\/garageblogec.com\/?s={search_term_string}"},"query-input":{"@type":"PropertyValueSpecification","valueRequired":true,"valueName":"search_term_string"}}],"inLanguage":"es"},{"@type":"Organization","@id":"https:\/\/garageblogec.com\/#organization","name":"Garage Blog Ecuador","url":"https:\/\/garageblogec.com\/","logo":{"@type":"ImageObject","inLanguage":"es","@id":"https:\/\/garageblogec.com\/#\/schema\/logo\/image\/","url":"https:\/\/garageblogec.com\/wp-content\/uploads\/2024\/02\/cropped-logo-png-para-blog.webp","contentUrl":"https:\/\/garageblogec.com\/wp-content\/uploads\/2024\/02\/cropped-logo-png-para-blog.webp","width":840,"height":556,"caption":"Garage Blog Ecuador "},"image":{"@id":"https:\/\/garageblogec.com\/#\/schema\/logo\/image\/"}},{"@type":"Person","@id":"https:\/\/garageblogec.com\/#\/schema\/person\/635f4b76c0cb3e43b82fe6f7d8bcceea","name":"gabi1212","image":{"@type":"ImageObject","inLanguage":"es","@id":"https:\/\/secure.gravatar.com\/avatar\/6aa491f45cb359d4d6dd8c430e83f78899c80569c27d21156e19bbdcd31d1811?s=96&d=mm&r=g","url":"https:\/\/secure.gravatar.com\/avatar\/6aa491f45cb359d4d6dd8c430e83f78899c80569c27d21156e19bbdcd31d1811?s=96&d=mm&r=g","contentUrl":"https:\/\/secure.gravatar.com\/avatar\/6aa491f45cb359d4d6dd8c430e83f78899c80569c27d21156e19bbdcd31d1811?s=96&d=mm&r=g","caption":"gabi1212"},"url":"https:\/\/garageblogec.com\/?author=6"}]}},"jetpack_featured_media_url":"https:\/\/garageblogec.com\/wp-content\/uploads\/2025\/03\/Captura-1.png","jetpack_sharing_enabled":true,"_links":{"self":[{"href":"https:\/\/garageblogec.com\/index.php?rest_route=\/wp\/v2\/posts\/1759","targetHints":{"allow":["GET"]}}],"collection":[{"href":"https:\/\/garageblogec.com\/index.php?rest_route=\/wp\/v2\/posts"}],"about":[{"href":"https:\/\/garageblogec.com\/index.php?rest_route=\/wp\/v2\/types\/post"}],"author":[{"embeddable":true,"href":"https:\/\/garageblogec.com\/index.php?rest_route=\/wp\/v2\/users\/6"}],"replies":[{"embeddable":true,"href":"https:\/\/garageblogec.com\/index.php?rest_route=%2Fwp%2Fv2%2Fcomments&post=1759"}],"version-history":[{"count":1,"href":"https:\/\/garageblogec.com\/index.php?rest_route=\/wp\/v2\/posts\/1759\/revisions"}],"predecessor-version":[{"id":1761,"href":"https:\/\/garageblogec.com\/index.php?rest_route=\/wp\/v2\/posts\/1759\/revisions\/1761"}],"wp:featuredmedia":[{"embeddable":true,"href":"https:\/\/garageblogec.com\/index.php?rest_route=\/wp\/v2\/media\/1760"}],"wp:attachment":[{"href":"https:\/\/garageblogec.com\/index.php?rest_route=%2Fwp%2Fv2%2Fmedia&parent=1759"}],"wp:term":[{"taxonomy":"category","embeddable":true,"href":"https:\/\/garageblogec.com\/index.php?rest_route=%2Fwp%2Fv2%2Fcategories&post=1759"},{"taxonomy":"post_tag","embeddable":true,"href":"https:\/\/garageblogec.com\/index.php?rest_route=%2Fwp%2Fv2%2Ftags&post=1759"}],"curies":[{"name":"wp","href":"https:\/\/api.w.org\/{rel}","templated":true}]}}