{"id":1738,"date":"2025-02-26T20:33:07","date_gmt":"2025-02-26T20:33:07","guid":{"rendered":"https:\/\/garageblogec.com\/?p=1738"},"modified":"2025-02-26T20:33:24","modified_gmt":"2025-02-26T20:33:24","slug":"las-ventas-de-tesla-caen-un-45-en-europa-mientras-el-mercado-de-vehiculos-electricos-explota-un-37","status":"publish","type":"post","link":"https:\/\/garageblogec.com\/?p=1738","title":{"rendered":"Las ventas de Tesla caen un 45% en Europa, mientras el mercado de veh\u00edculos el\u00e9ctricos explota un 37%"},"content":{"rendered":"\n<p>Tesla\u00a0est\u00e1 teniendo dificultades para vender coches en Europa, con una ca\u00edda de las ventas del 50,3% en la UE y del 45,2% en los mercados de la UE, la AELC (Islandia, Liechtenstein, Noruega y Suiza) y el Reino Unido en enero de 2025 en comparaci\u00f3n con el mismo mes del a\u00f1o pasado. Sorprendentemente, esta ca\u00edda se produce en un momento en el que las ventas de veh\u00edculos el\u00e9ctricos de bater\u00eda en toda Europa aumentaron un 37%, lo que demuestra que la demanda de veh\u00edculos de cero emisiones no es el problema.<\/p>\n\n\n\n<figure class=\"wp-block-image size-large\"><img decoding=\"async\" src=\"https:\/\/www.carscoops.com\/wp-content\/uploads\/webp\/2025\/02\/Tesla-Europe-Sales-January-2025-1536x863.webp\" alt=\"\"\/><\/figure>\n\n\n\n<p><\/p>\n\n\n\n<p>Seg\u00fan datos de la Asociaci\u00f3n Europea de Fabricantes de Autom\u00f3viles (ACEA), Tesla vendi\u00f3 9.945 unidades en enero de 2025, frente a las 18.161 de enero de 2024. La\u00a0ca\u00edda fue especialmente severa en Alemania\u00a0, donde las ventas cayeron un 59,5% hasta solo 1.277 unidades, y en Francia, con un descenso del 63% hasta 1.143 unidades.<\/p>\n\n\n\n<figure class=\"wp-block-image size-full is-resized\"><a href=\"https:\/\/www.kia.com\/ec\/showroom\/kiacarens\/features.html\"><img fetchpriority=\"high\" decoding=\"async\" width=\"480\" height=\"134\" src=\"https:\/\/garageblogec.com\/wp-content\/uploads\/2025\/02\/download.gif\" alt=\"\" class=\"wp-image-1731\" style=\"width:840px;height:auto\"\/><\/a><\/figure>\n\n\n\n<p>Para poner esto en perspectiva, el desempe\u00f1o de Tesla fue tan pobre que incluso SAIC Motors de China logr\u00f3 vender m\u00e1s del doble de autos en enero, con 22.994 entregas.<\/p>\n\n\n\n<p><strong>\u00bfQu\u00e9 hay detr\u00e1s de la ca\u00edda de Tesla?<\/strong><\/p>\n\n\n\n<p>Varios factores podr\u00edan explicar el desempe\u00f1o decepcionante de Tesla. Una raz\u00f3n probable es la creciente publicidad negativa en torno a las controversias de Elon Musk,\u00a0incluido el infame saludo\u00a0y sus opiniones pol\u00edticas abiertas, que han provocado debates en toda Europa. Su apoyo al partido ultraderechista AfD de Alemania y a un activista encarcelado en el Reino Unido habr\u00eda da\u00f1ado su imagen p\u00fablica, lo que a su vez podr\u00eda estar afectando la percepci\u00f3n de la marca Tesla en la regi\u00f3n.<\/p>\n\n\n\n<p>Otro factor que\u00a0podr\u00eda contribuir es el momento en que se actualice el Model Y.\u00a0Dado que el superventas recibir\u00e1 una importante actualizaci\u00f3n en 2025, muchos clientes podr\u00edan estar esperando, lo que provocar\u00eda una menor demanda de la versi\u00f3n saliente. Adem\u00e1s, Tesla tuvo que reequipar sus l\u00edneas de producci\u00f3n para el nuevo Model Y, lo que puede haber causado interrupciones temporales en el suministro.<\/p>\n\n\n\n<figure class=\"wp-block-image\"><img decoding=\"async\" src=\"https:\/\/www.carscoops.com\/wp-content\/uploads\/2025\/02\/Press_release_car_registrations_January_2025-3-copy-1024x641.jpg\" alt=\"Las ventas de Tesla caen un 45% en Europa, mientras el mercado de veh\u00edculos el\u00e9ctricos explota un 37%\"\/><figcaption class=\"wp-element-caption\">ACEA<\/figcaption><\/figure>\n\n\n\n<p>La escasez de inventario tambi\u00e9n podr\u00eda ser la culpable. Seg\u00fan&nbsp;<a href=\"https:\/\/www.bloomberg.com\/news\/articles\/2025-02-25\/tesla-sales-fall-45-in-europe-as-rivals-ev-registrations-soar?srnd=phx-hyperdrive&amp;embedded-checkout=true\"><em>Bloomberg<\/em><\/a>&nbsp;, Tesla podr\u00eda estar lidiando con niveles bajos de existencias en ciertos mercados debido a un esfuerzo agresivo para aumentar las cifras de fin de a\u00f1o en diciembre de 2024.<\/p>\n\n\n\n<p><\/p>\n\n\n\n<p><strong>Las ventas de veh\u00edculos el\u00e9ctricos se disparan en toda Europa<\/strong>A pesar de las dificultades de Tesla, la demanda general de veh\u00edculos totalmente el\u00e9ctricos en Europa sigue creciendo. La ACEA informa que en enero de 2025 se vendieron 124.341 veh\u00edculos el\u00e9ctricos en la UE y 166.065 unidades en la regi\u00f3n m\u00e1s amplia de Europa, AELC y Reino Unido. Esto representa una saludable participaci\u00f3n de mercado del 16,7 % en\u00a0Europa\u00a0, AELC y Reino Unido, frente al 11,9 % en enero de 2024.<\/p>\n\n\n\n<p>Aun as\u00ed, el tipo de motor favorito de la regi\u00f3n son los HEV (\u00a0h\u00edbridos autocargables\u00a0) con una participaci\u00f3n de mercado del 34,9%, seguidos de los de gasolina (29,2%). En contraste, las cuotas de mercado de los di\u00e9sel (8,8%) y los PHEV (7,6%) han disminuido en comparaci\u00f3n con el a\u00f1o pasado, quedando ahora por detr\u00e1s de los BEV.<\/p>\n\n\n\n<p>Solo en la UE, la cuota de mercado combinada de los coches de gasolina y\u00a0di\u00e9sel\u00a0cay\u00f3 al 39,4% en enero de 2025, frente al 48,7% del a\u00f1o anterior. En general, las matriculaciones de coches nuevos en la UE disminuyeron un 2,6% hasta las 831.201 unidades, en gran medida debido a la ca\u00edda de las ventas en mercados clave como Francia (-6,2%), Italia (-5,8%) y Alemania (-2,8%).<\/p>\n\n\n\n<figure class=\"wp-block-image\"><img decoding=\"async\" src=\"https:\/\/www.carscoops.com\/wp-content\/uploads\/2025\/02\/Press_release_car_registrations_January_2025-6-copy-1010x1024.jpg\" alt=\"Las ventas de Tesla caen un 45% en Europa, mientras el mercado de veh\u00edculos el\u00e9ctricos explota un 37%\"\/><\/figure>\n\n\n\n<figure class=\"wp-block-image\"><img decoding=\"async\" src=\"https:\/\/www.carscoops.com\/wp-content\/uploads\/2025\/02\/ACEA-Registrations-January-2025-1024x576.jpg\" alt=\"Las ventas de Tesla caen un 45% en Europa, mientras el mercado de veh\u00edculos el\u00e9ctricos explota un 37%\"\/><\/figure>\n\n\n<div class='pt-cv-wrapper'> <h3 class='pt-cv-heading-container heading1' data-blockid='ympyxur8'><span class='pt-cv-heading'> Overlay1 <\/span><\/h3><div class=\"pt-cv-view pt-cv-overlaygrid iscvblock iscvreal overlay1 layout1\" id=\"pt-cv-view-ympyxur8\"><div data-id=\"pt-cv-page-1\" class=\"pt-cv-page\" data-cvc=\"3\"><div class=\" pt-cv-content-item pt-cv-1-col\" ><div class=\"pt-cv-thumb-wrapper  \"><a href=\"https:\/\/garageblogec.com\/?p=3303\" class=\"_self pt-cv-href-thumbnail pt-cv-thumb-default\" target=\"_self\" ><img decoding=\"async\" width=\"768\" height=\"432\" src=\"https:\/\/garageblogec.com\/wp-content\/uploads\/2026\/04\/WhatsApp-Image-2026-04-21-at-1.52.53-PM-768x432.jpeg\" class=\"pt-cv-thumbnail\" alt=\"\" \/><\/a><\/div>\n<div class=\"pt-cv-overlay-wrapper\"><div class=\"pt-cv-taxoterm above_title\"><a href='https:\/\/garageblogec.com\/?cat=27' title='Industria Nacional' class='pt-cv-tax-industria-nacional'>Industria Nacional<\/a><\/div><h4 class=\"pt-cv-title\"><a href=\"https:\/\/garageblogec.com\/?p=3303\" class=\"_self\" target=\"_self\" >Grupo Ambacar presenta en Guayaquil KGM, su nueva marca de SUV h\u00edbridos con respaldo global<\/a><\/h4><div class=\"pt-cv-meta-fields\"><span class=\"entry-date\"> <time datetime=\"2026-04-21T21:37:24+00:00\">abril 21, 2026<\/time><\/span><span> \/ <\/span><span class=\"author\"> <a href=\"https:\/\/garageblogec.com\/?author=6\" rel=\"author\">gabi1212<\/a><\/span><\/div><\/div><\/div>\n<div class=\" pt-cv-content-item pt-cv-1-col\" ><div class=\"pt-cv-thumb-wrapper  \"><a href=\"https:\/\/garageblogec.com\/?p=3296\" class=\"_self pt-cv-href-thumbnail pt-cv-thumb-default\" target=\"_self\" ><img decoding=\"async\" width=\"768\" height=\"432\" src=\"https:\/\/garageblogec.com\/wp-content\/uploads\/2026\/04\/WhatsApp-Image-2026-04-14-at-3.15.09-PM-768x432.jpeg\" class=\"pt-cv-thumbnail\" alt=\"\" \/><\/a><\/div>\n<div class=\"pt-cv-overlay-wrapper\"><div class=\"pt-cv-taxoterm above_title\"><a href='https:\/\/garageblogec.com\/?cat=27' title='Industria Nacional' class='pt-cv-tax-industria-nacional'>Industria Nacional<\/a><\/div><h4 class=\"pt-cv-title\"><a href=\"https:\/\/garageblogec.com\/?p=3296\" class=\"_self\" target=\"_self\" >El tablero desapareci\u00f3, ahora el auto es una pantalla inteligente<\/a><\/h4><div class=\"pt-cv-meta-fields\"><span class=\"entry-date\"> <time datetime=\"2026-04-14T20:21:20+00:00\">abril 14, 2026<\/time><\/span><span> \/ <\/span><span class=\"author\"> <a href=\"https:\/\/garageblogec.com\/?author=6\" rel=\"author\">gabi1212<\/a><\/span><\/div><\/div><\/div>\n<div class=\" pt-cv-content-item pt-cv-1-col\" ><div class=\"pt-cv-thumb-wrapper  \"><a href=\"https:\/\/garageblogec.com\/?p=3291\" class=\"_self pt-cv-href-thumbnail pt-cv-thumb-default\" target=\"_self\" ><img loading=\"lazy\" decoding=\"async\" width=\"768\" height=\"432\" src=\"https:\/\/garageblogec.com\/wp-content\/uploads\/2026\/04\/WhatsApp-Image-2026-04-14-at-2.21.27-PM-768x432.jpeg\" class=\"pt-cv-thumbnail\" alt=\"\" \/><\/a><\/div>\n<div class=\"pt-cv-overlay-wrapper\"><div class=\"pt-cv-taxoterm above_title\"><a href='https:\/\/garageblogec.com\/?cat=27' title='Industria Nacional' class='pt-cv-tax-industria-nacional'>Industria Nacional<\/a><\/div><h4 class=\"pt-cv-title\"><a href=\"https:\/\/garageblogec.com\/?p=3291\" class=\"_self\" target=\"_self\" >Seguridad al volante en Ecuador: los errores m\u00e1s comunes que cometen los conductores<\/a><\/h4><div class=\"pt-cv-meta-fields\"><span class=\"entry-date\"> <time datetime=\"2026-04-14T20:08:54+00:00\">abril 14, 2026<\/time><\/span><span> \/ <\/span><span class=\"author\"> <a href=\"https:\/\/garageblogec.com\/?author=6\" rel=\"author\">gabi1212<\/a><\/span><\/div><\/div><\/div>\n<div class=\" pt-cv-content-item pt-cv-1-col\" ><div class=\"pt-cv-thumb-wrapper  \"><a href=\"https:\/\/garageblogec.com\/?p=3286\" class=\"_self pt-cv-href-thumbnail pt-cv-thumb-default\" target=\"_self\" ><img loading=\"lazy\" decoding=\"async\" width=\"768\" height=\"492\" src=\"https:\/\/garageblogec.com\/wp-content\/uploads\/2026\/04\/Posventa.jpg-768x492.jpeg\" class=\"pt-cv-thumbnail\" alt=\"\" \/><\/a><\/div>\n<div class=\"pt-cv-overlay-wrapper\"><div class=\"pt-cv-taxoterm above_title\"><a href='https:\/\/garageblogec.com\/?cat=27' title='Industria Nacional' class='pt-cv-tax-industria-nacional'>Industria Nacional<\/a><\/div><h4 class=\"pt-cv-title\"><a href=\"https:\/\/garageblogec.com\/?p=3286\" class=\"_self\" target=\"_self\" >Clientes Nissan reciben cambios de aceite infinitos<\/a><\/h4><div class=\"pt-cv-meta-fields\"><span class=\"entry-date\"> <time datetime=\"2026-04-14T20:04:08+00:00\">abril 14, 2026<\/time><\/span><span> \/ <\/span><span class=\"author\"> <a href=\"https:\/\/garageblogec.com\/?author=6\" rel=\"author\">gabi1212<\/a><\/span><\/div><\/div><\/div>\n<div class=\" pt-cv-content-item pt-cv-1-col\" ><div class=\"pt-cv-thumb-wrapper  \"><a href=\"https:\/\/garageblogec.com\/?p=3280\" class=\"_self pt-cv-href-thumbnail pt-cv-thumb-default\" target=\"_self\" ><img loading=\"lazy\" decoding=\"async\" width=\"768\" height=\"512\" src=\"https:\/\/garageblogec.com\/wp-content\/uploads\/2026\/04\/foto1-768x512.jpeg\" class=\"pt-cv-thumbnail\" alt=\"\" \/><\/a><\/div>\n<div class=\"pt-cv-overlay-wrapper\"><div class=\"pt-cv-taxoterm above_title\"><a href='https:\/\/garageblogec.com\/?cat=27' title='Industria Nacional' class='pt-cv-tax-industria-nacional'>Industria Nacional<\/a><\/div><h4 class=\"pt-cv-title\"><a href=\"https:\/\/garageblogec.com\/?p=3280\" class=\"_self\" target=\"_self\" >Movilidad como inversi\u00f3n: el uso de utilidades que crece en Ecuador<\/a><\/h4><div class=\"pt-cv-meta-fields\"><span class=\"entry-date\"> <time datetime=\"2026-04-07T19:55:36+00:00\">abril 7, 2026<\/time><\/span><span> \/ <\/span><span class=\"author\"> <a href=\"https:\/\/garageblogec.com\/?author=6\" rel=\"author\">gabi1212<\/a><\/span><\/div><\/div><\/div>\n<div class=\" pt-cv-content-item pt-cv-1-col\" ><div class=\"pt-cv-thumb-wrapper  \"><a href=\"https:\/\/garageblogec.com\/?p=3276\" class=\"_self pt-cv-href-thumbnail pt-cv-thumb-default\" target=\"_self\" ><img loading=\"lazy\" decoding=\"async\" width=\"745\" height=\"491\" src=\"https:\/\/garageblogec.com\/wp-content\/uploads\/2026\/04\/TT.png\" class=\"pt-cv-thumbnail\" alt=\"\" \/><\/a><\/div>\n<div class=\"pt-cv-overlay-wrapper\"><div class=\"pt-cv-taxoterm above_title\"><a href='https:\/\/garageblogec.com\/?cat=27' title='Industria Nacional' class='pt-cv-tax-industria-nacional'>Industria Nacional<\/a><\/div><h4 class=\"pt-cv-title\"><a href=\"https:\/\/garageblogec.com\/?p=3276\" class=\"_self\" target=\"_self\" >Lluvias en Ecuador: C\u00f3mo reducir riesgos en carretera y prevenir accidentes en calzada mojada<\/a><\/h4><div class=\"pt-cv-meta-fields\"><span class=\"entry-date\"> <time datetime=\"2026-04-07T19:46:52+00:00\">abril 7, 2026<\/time><\/span><span> \/ <\/span><span class=\"author\"> <a href=\"https:\/\/garageblogec.com\/?author=6\" rel=\"author\">gabi1212<\/a><\/span><\/div><\/div><\/div><\/div><\/div> <\/div> <style>\n#pt-cv-view-ympyxur8 .pt-cv-thumb-wrapper::before {background: rgba(0,0,0,.4); opacity: 0.8;}#pt-cv-view-ympyxur8 .pt-cv-overlay-wrapper {justify-content: center;}\n#pt-cv-view-ympyxur8 .pt-cv-meta-fields {  }#pt-cv-view-ympyxur8 .pt-cv-meta-fields * { font-size: 13px; }#pt-cv-view-ympyxur8 .pt-cv-title a { display: block; }#pt-cv-view-ympyxur8 .pt-cv-title:not(.pt-cv-titlesm) a { font-weight: 600;text-decoration: none;font-size: 20px; }#pt-cv-view-ympyxur8 .pt-cv-titlesm a { font-weight: 600;font-size: 18px; }#pt-cv-view-ympyxur8 .pt-cv-content { font-size: 15px; }#pt-cv-view-ympyxur8 .pt-cv-rmwrap {  }#pt-cv-view-ympyxur8 .pt-cv-readmore { color: #fff;background-color: #0075ff;font-size: 14px; }#pt-cv-view-ympyxur8 .pt-cv-taxoterm { margin: 0px 0px 20px 0px; }#pt-cv-view-ympyxur8 .pt-cv-taxoterm * { color: #222;background-color: #fff6f6;font-size: 14px; }#pt-cv-view-ympyxur8 + .pt-cv-pagination-wrapper {  }#pt-cv-view-ympyxur8 + .pt-cv-pagination-wrapper a { font-size: 14px; }#pt-cv-view-ympyxur8 > .pt-cv-page {grid-template-columns: repeat(3, 1fr);grid-auto-rows: 250px;grid-gap: 10px;}\n@media all and (max-width: 1024px) { \n#pt-cv-view-ympyxur8 > .pt-cv-page {}\n} \n@media all and (max-width: 767px) { \n#pt-cv-view-ympyxur8 > .pt-cv-page {grid-template-columns: repeat(1, 1fr);}\n} <\/style>","protected":false},"excerpt":{"rendered":"<p>La ca\u00edda podr\u00eda deberse a la reputaci\u00f3n de Elon Musk y a la reciente presentaci\u00f3n del Model Y actualizado<\/p>\n","protected":false},"author":6,"featured_media":1739,"comment_status":"open","ping_status":"open","sticky":false,"template":"","format":"standard","meta":{"_jetpack_memberships_contains_paid_content":false,"footnotes":""},"categories":[27],"tags":[],"class_list":["post-1738","post","type-post","status-publish","format-standard","has-post-thumbnail","hentry","category-industria-nacional"],"yoast_head":"<!-- This site is optimized with the Yoast SEO plugin v27.5 - https:\/\/yoast.com\/product\/yoast-seo-wordpress\/ -->\n<title>Las ventas de Tesla caen un 45% en Europa, mientras el mercado de veh\u00edculos el\u00e9ctricos explota un 37% - Garage Blog Ecuador<\/title>\n<meta name=\"robots\" content=\"index, follow, max-snippet:-1, max-image-preview:large, max-video-preview:-1\" \/>\n<link rel=\"canonical\" href=\"https:\/\/garageblogec.com\/?p=1738\" \/>\n<meta property=\"og:locale\" content=\"es_ES\" \/>\n<meta property=\"og:type\" content=\"article\" \/>\n<meta property=\"og:title\" content=\"Las ventas de Tesla caen un 45% en Europa, mientras el mercado de veh\u00edculos el\u00e9ctricos explota un 37% - Garage Blog Ecuador\" \/>\n<meta property=\"og:description\" content=\"La ca\u00edda podr\u00eda deberse a la reputaci\u00f3n de Elon Musk y a la reciente presentaci\u00f3n del Model Y actualizado\" \/>\n<meta property=\"og:url\" content=\"https:\/\/garageblogec.com\/?p=1738\" \/>\n<meta property=\"og:site_name\" content=\"Garage Blog Ecuador\" \/>\n<meta property=\"article:published_time\" content=\"2025-02-26T20:33:07+00:00\" \/>\n<meta property=\"article:modified_time\" content=\"2025-02-26T20:33:24+00:00\" \/>\n<meta property=\"og:image\" content=\"https:\/\/garageblogec.com\/wp-content\/uploads\/2025\/02\/aaaa.png\" \/>\n\t<meta property=\"og:image:width\" content=\"875\" \/>\n\t<meta property=\"og:image:height\" content=\"487\" \/>\n\t<meta property=\"og:image:type\" content=\"image\/png\" \/>\n<meta name=\"author\" content=\"gabi1212\" \/>\n<meta name=\"twitter:card\" content=\"summary_large_image\" \/>\n<meta name=\"twitter:label1\" content=\"Escrito por\" \/>\n\t<meta name=\"twitter:data1\" content=\"gabi1212\" \/>\n\t<meta name=\"twitter:label2\" content=\"Tiempo de lectura\" \/>\n\t<meta name=\"twitter:data2\" content=\"4 minutos\" \/>\n<script type=\"application\/ld+json\" class=\"yoast-schema-graph\">{\"@context\":\"https:\\\/\\\/schema.org\",\"@graph\":[{\"@type\":\"Article\",\"@id\":\"https:\\\/\\\/garageblogec.com\\\/?p=1738#article\",\"isPartOf\":{\"@id\":\"https:\\\/\\\/garageblogec.com\\\/?p=1738\"},\"author\":{\"name\":\"gabi1212\",\"@id\":\"https:\\\/\\\/garageblogec.com\\\/#\\\/schema\\\/person\\\/635f4b76c0cb3e43b82fe6f7d8bcceea\"},\"headline\":\"Las ventas de Tesla caen un 45% en Europa, mientras el mercado de veh\u00edculos el\u00e9ctricos explota un 37%\",\"datePublished\":\"2025-02-26T20:33:07+00:00\",\"dateModified\":\"2025-02-26T20:33:24+00:00\",\"mainEntityOfPage\":{\"@id\":\"https:\\\/\\\/garageblogec.com\\\/?p=1738\"},\"wordCount\":621,\"commentCount\":0,\"publisher\":{\"@id\":\"https:\\\/\\\/garageblogec.com\\\/#organization\"},\"image\":{\"@id\":\"https:\\\/\\\/garageblogec.com\\\/?p=1738#primaryimage\"},\"thumbnailUrl\":\"https:\\\/\\\/garageblogec.com\\\/wp-content\\\/uploads\\\/2025\\\/02\\\/aaaa.png\",\"articleSection\":[\"Industria Nacional\"],\"inLanguage\":\"es\",\"potentialAction\":[{\"@type\":\"CommentAction\",\"name\":\"Comment\",\"target\":[\"https:\\\/\\\/garageblogec.com\\\/?p=1738#respond\"]}]},{\"@type\":\"WebPage\",\"@id\":\"https:\\\/\\\/garageblogec.com\\\/?p=1738\",\"url\":\"https:\\\/\\\/garageblogec.com\\\/?p=1738\",\"name\":\"Las ventas de Tesla caen un 45% en Europa, mientras el mercado de veh\u00edculos el\u00e9ctricos explota un 37% - Garage Blog Ecuador\",\"isPartOf\":{\"@id\":\"https:\\\/\\\/garageblogec.com\\\/#website\"},\"primaryImageOfPage\":{\"@id\":\"https:\\\/\\\/garageblogec.com\\\/?p=1738#primaryimage\"},\"image\":{\"@id\":\"https:\\\/\\\/garageblogec.com\\\/?p=1738#primaryimage\"},\"thumbnailUrl\":\"https:\\\/\\\/garageblogec.com\\\/wp-content\\\/uploads\\\/2025\\\/02\\\/aaaa.png\",\"datePublished\":\"2025-02-26T20:33:07+00:00\",\"dateModified\":\"2025-02-26T20:33:24+00:00\",\"breadcrumb\":{\"@id\":\"https:\\\/\\\/garageblogec.com\\\/?p=1738#breadcrumb\"},\"inLanguage\":\"es\",\"potentialAction\":[{\"@type\":\"ReadAction\",\"target\":[\"https:\\\/\\\/garageblogec.com\\\/?p=1738\"]}]},{\"@type\":\"ImageObject\",\"inLanguage\":\"es\",\"@id\":\"https:\\\/\\\/garageblogec.com\\\/?p=1738#primaryimage\",\"url\":\"https:\\\/\\\/garageblogec.com\\\/wp-content\\\/uploads\\\/2025\\\/02\\\/aaaa.png\",\"contentUrl\":\"https:\\\/\\\/garageblogec.com\\\/wp-content\\\/uploads\\\/2025\\\/02\\\/aaaa.png\",\"width\":875,\"height\":487},{\"@type\":\"BreadcrumbList\",\"@id\":\"https:\\\/\\\/garageblogec.com\\\/?p=1738#breadcrumb\",\"itemListElement\":[{\"@type\":\"ListItem\",\"position\":1,\"name\":\"Portada\",\"item\":\"https:\\\/\\\/garageblogec.com\\\/\"},{\"@type\":\"ListItem\",\"position\":2,\"name\":\"Las ventas de Tesla caen un 45% en Europa, mientras el mercado de veh\u00edculos el\u00e9ctricos explota un 37%\"}]},{\"@type\":\"WebSite\",\"@id\":\"https:\\\/\\\/garageblogec.com\\\/#website\",\"url\":\"https:\\\/\\\/garageblogec.com\\\/\",\"name\":\"Garage Blog Ecuador\",\"description\":\"Alucinamos por los autos \",\"publisher\":{\"@id\":\"https:\\\/\\\/garageblogec.com\\\/#organization\"},\"potentialAction\":[{\"@type\":\"SearchAction\",\"target\":{\"@type\":\"EntryPoint\",\"urlTemplate\":\"https:\\\/\\\/garageblogec.com\\\/?s={search_term_string}\"},\"query-input\":{\"@type\":\"PropertyValueSpecification\",\"valueRequired\":true,\"valueName\":\"search_term_string\"}}],\"inLanguage\":\"es\"},{\"@type\":\"Organization\",\"@id\":\"https:\\\/\\\/garageblogec.com\\\/#organization\",\"name\":\"Garage Blog Ecuador\",\"url\":\"https:\\\/\\\/garageblogec.com\\\/\",\"logo\":{\"@type\":\"ImageObject\",\"inLanguage\":\"es\",\"@id\":\"https:\\\/\\\/garageblogec.com\\\/#\\\/schema\\\/logo\\\/image\\\/\",\"url\":\"https:\\\/\\\/garageblogec.com\\\/wp-content\\\/uploads\\\/2024\\\/02\\\/cropped-logo-png-para-blog.webp\",\"contentUrl\":\"https:\\\/\\\/garageblogec.com\\\/wp-content\\\/uploads\\\/2024\\\/02\\\/cropped-logo-png-para-blog.webp\",\"width\":840,\"height\":556,\"caption\":\"Garage Blog Ecuador \"},\"image\":{\"@id\":\"https:\\\/\\\/garageblogec.com\\\/#\\\/schema\\\/logo\\\/image\\\/\"}},{\"@type\":\"Person\",\"@id\":\"https:\\\/\\\/garageblogec.com\\\/#\\\/schema\\\/person\\\/635f4b76c0cb3e43b82fe6f7d8bcceea\",\"name\":\"gabi1212\",\"image\":{\"@type\":\"ImageObject\",\"inLanguage\":\"es\",\"@id\":\"https:\\\/\\\/secure.gravatar.com\\\/avatar\\\/6aa491f45cb359d4d6dd8c430e83f78899c80569c27d21156e19bbdcd31d1811?s=96&d=mm&r=g\",\"url\":\"https:\\\/\\\/secure.gravatar.com\\\/avatar\\\/6aa491f45cb359d4d6dd8c430e83f78899c80569c27d21156e19bbdcd31d1811?s=96&d=mm&r=g\",\"contentUrl\":\"https:\\\/\\\/secure.gravatar.com\\\/avatar\\\/6aa491f45cb359d4d6dd8c430e83f78899c80569c27d21156e19bbdcd31d1811?s=96&d=mm&r=g\",\"caption\":\"gabi1212\"},\"url\":\"https:\\\/\\\/garageblogec.com\\\/?author=6\"}]}<\/script>\n<!-- \/ Yoast SEO plugin. -->","yoast_head_json":{"title":"Las ventas de Tesla caen un 45% en Europa, mientras el mercado de veh\u00edculos el\u00e9ctricos explota un 37% - Garage Blog Ecuador","robots":{"index":"index","follow":"follow","max-snippet":"max-snippet:-1","max-image-preview":"max-image-preview:large","max-video-preview":"max-video-preview:-1"},"canonical":"https:\/\/garageblogec.com\/?p=1738","og_locale":"es_ES","og_type":"article","og_title":"Las ventas de Tesla caen un 45% en Europa, mientras el mercado de veh\u00edculos el\u00e9ctricos explota un 37% - Garage Blog Ecuador","og_description":"La ca\u00edda podr\u00eda deberse a la reputaci\u00f3n de Elon Musk y a la reciente presentaci\u00f3n del Model Y actualizado","og_url":"https:\/\/garageblogec.com\/?p=1738","og_site_name":"Garage Blog Ecuador","article_published_time":"2025-02-26T20:33:07+00:00","article_modified_time":"2025-02-26T20:33:24+00:00","og_image":[{"width":875,"height":487,"url":"https:\/\/garageblogec.com\/wp-content\/uploads\/2025\/02\/aaaa.png","type":"image\/png"}],"author":"gabi1212","twitter_card":"summary_large_image","twitter_misc":{"Escrito por":"gabi1212","Tiempo de lectura":"4 minutos"},"schema":{"@context":"https:\/\/schema.org","@graph":[{"@type":"Article","@id":"https:\/\/garageblogec.com\/?p=1738#article","isPartOf":{"@id":"https:\/\/garageblogec.com\/?p=1738"},"author":{"name":"gabi1212","@id":"https:\/\/garageblogec.com\/#\/schema\/person\/635f4b76c0cb3e43b82fe6f7d8bcceea"},"headline":"Las ventas de Tesla caen un 45% en Europa, mientras el mercado de veh\u00edculos el\u00e9ctricos explota un 37%","datePublished":"2025-02-26T20:33:07+00:00","dateModified":"2025-02-26T20:33:24+00:00","mainEntityOfPage":{"@id":"https:\/\/garageblogec.com\/?p=1738"},"wordCount":621,"commentCount":0,"publisher":{"@id":"https:\/\/garageblogec.com\/#organization"},"image":{"@id":"https:\/\/garageblogec.com\/?p=1738#primaryimage"},"thumbnailUrl":"https:\/\/garageblogec.com\/wp-content\/uploads\/2025\/02\/aaaa.png","articleSection":["Industria Nacional"],"inLanguage":"es","potentialAction":[{"@type":"CommentAction","name":"Comment","target":["https:\/\/garageblogec.com\/?p=1738#respond"]}]},{"@type":"WebPage","@id":"https:\/\/garageblogec.com\/?p=1738","url":"https:\/\/garageblogec.com\/?p=1738","name":"Las ventas de Tesla caen un 45% en Europa, mientras el mercado de veh\u00edculos el\u00e9ctricos explota un 37% - Garage Blog Ecuador","isPartOf":{"@id":"https:\/\/garageblogec.com\/#website"},"primaryImageOfPage":{"@id":"https:\/\/garageblogec.com\/?p=1738#primaryimage"},"image":{"@id":"https:\/\/garageblogec.com\/?p=1738#primaryimage"},"thumbnailUrl":"https:\/\/garageblogec.com\/wp-content\/uploads\/2025\/02\/aaaa.png","datePublished":"2025-02-26T20:33:07+00:00","dateModified":"2025-02-26T20:33:24+00:00","breadcrumb":{"@id":"https:\/\/garageblogec.com\/?p=1738#breadcrumb"},"inLanguage":"es","potentialAction":[{"@type":"ReadAction","target":["https:\/\/garageblogec.com\/?p=1738"]}]},{"@type":"ImageObject","inLanguage":"es","@id":"https:\/\/garageblogec.com\/?p=1738#primaryimage","url":"https:\/\/garageblogec.com\/wp-content\/uploads\/2025\/02\/aaaa.png","contentUrl":"https:\/\/garageblogec.com\/wp-content\/uploads\/2025\/02\/aaaa.png","width":875,"height":487},{"@type":"BreadcrumbList","@id":"https:\/\/garageblogec.com\/?p=1738#breadcrumb","itemListElement":[{"@type":"ListItem","position":1,"name":"Portada","item":"https:\/\/garageblogec.com\/"},{"@type":"ListItem","position":2,"name":"Las ventas de Tesla caen un 45% en Europa, mientras el mercado de veh\u00edculos el\u00e9ctricos explota un 37%"}]},{"@type":"WebSite","@id":"https:\/\/garageblogec.com\/#website","url":"https:\/\/garageblogec.com\/","name":"Garage Blog Ecuador","description":"Alucinamos por los autos ","publisher":{"@id":"https:\/\/garageblogec.com\/#organization"},"potentialAction":[{"@type":"SearchAction","target":{"@type":"EntryPoint","urlTemplate":"https:\/\/garageblogec.com\/?s={search_term_string}"},"query-input":{"@type":"PropertyValueSpecification","valueRequired":true,"valueName":"search_term_string"}}],"inLanguage":"es"},{"@type":"Organization","@id":"https:\/\/garageblogec.com\/#organization","name":"Garage Blog Ecuador","url":"https:\/\/garageblogec.com\/","logo":{"@type":"ImageObject","inLanguage":"es","@id":"https:\/\/garageblogec.com\/#\/schema\/logo\/image\/","url":"https:\/\/garageblogec.com\/wp-content\/uploads\/2024\/02\/cropped-logo-png-para-blog.webp","contentUrl":"https:\/\/garageblogec.com\/wp-content\/uploads\/2024\/02\/cropped-logo-png-para-blog.webp","width":840,"height":556,"caption":"Garage Blog Ecuador "},"image":{"@id":"https:\/\/garageblogec.com\/#\/schema\/logo\/image\/"}},{"@type":"Person","@id":"https:\/\/garageblogec.com\/#\/schema\/person\/635f4b76c0cb3e43b82fe6f7d8bcceea","name":"gabi1212","image":{"@type":"ImageObject","inLanguage":"es","@id":"https:\/\/secure.gravatar.com\/avatar\/6aa491f45cb359d4d6dd8c430e83f78899c80569c27d21156e19bbdcd31d1811?s=96&d=mm&r=g","url":"https:\/\/secure.gravatar.com\/avatar\/6aa491f45cb359d4d6dd8c430e83f78899c80569c27d21156e19bbdcd31d1811?s=96&d=mm&r=g","contentUrl":"https:\/\/secure.gravatar.com\/avatar\/6aa491f45cb359d4d6dd8c430e83f78899c80569c27d21156e19bbdcd31d1811?s=96&d=mm&r=g","caption":"gabi1212"},"url":"https:\/\/garageblogec.com\/?author=6"}]}},"jetpack_featured_media_url":"https:\/\/garageblogec.com\/wp-content\/uploads\/2025\/02\/aaaa.png","jetpack_sharing_enabled":true,"_links":{"self":[{"href":"https:\/\/garageblogec.com\/index.php?rest_route=\/wp\/v2\/posts\/1738","targetHints":{"allow":["GET"]}}],"collection":[{"href":"https:\/\/garageblogec.com\/index.php?rest_route=\/wp\/v2\/posts"}],"about":[{"href":"https:\/\/garageblogec.com\/index.php?rest_route=\/wp\/v2\/types\/post"}],"author":[{"embeddable":true,"href":"https:\/\/garageblogec.com\/index.php?rest_route=\/wp\/v2\/users\/6"}],"replies":[{"embeddable":true,"href":"https:\/\/garageblogec.com\/index.php?rest_route=%2Fwp%2Fv2%2Fcomments&post=1738"}],"version-history":[{"count":1,"href":"https:\/\/garageblogec.com\/index.php?rest_route=\/wp\/v2\/posts\/1738\/revisions"}],"predecessor-version":[{"id":1740,"href":"https:\/\/garageblogec.com\/index.php?rest_route=\/wp\/v2\/posts\/1738\/revisions\/1740"}],"wp:featuredmedia":[{"embeddable":true,"href":"https:\/\/garageblogec.com\/index.php?rest_route=\/wp\/v2\/media\/1739"}],"wp:attachment":[{"href":"https:\/\/garageblogec.com\/index.php?rest_route=%2Fwp%2Fv2%2Fmedia&parent=1738"}],"wp:term":[{"taxonomy":"category","embeddable":true,"href":"https:\/\/garageblogec.com\/index.php?rest_route=%2Fwp%2Fv2%2Fcategories&post=1738"},{"taxonomy":"post_tag","embeddable":true,"href":"https:\/\/garageblogec.com\/index.php?rest_route=%2Fwp%2Fv2%2Ftags&post=1738"}],"curies":[{"name":"wp","href":"https:\/\/api.w.org\/{rel}","templated":true}]}}