{"id":1580,"date":"2025-02-12T20:48:15","date_gmt":"2025-02-12T20:48:15","guid":{"rendered":"https:\/\/garageblogec.com\/?p=1580"},"modified":"2025-02-12T21:23:24","modified_gmt":"2025-02-12T21:23:24","slug":"el-navara-2027-sera-un-autentico-nissan-a-pesar-de-sus-origenes-en-el-mitsubishi-triton","status":"publish","type":"post","link":"https:\/\/garageblogec.com\/?p=1580","title":{"rendered":"Fontier 2027 ser\u00e1 un aut\u00e9ntico Nissan, a pesar de sus or\u00edgenes en el Mitsubishi Triton"},"content":{"rendered":"\n<p>Puede que Nissan est\u00e9\u00a0atravesando uno de sus momentos m\u00e1s dif\u00edciles\u00a0en los \u00faltimos a\u00f1os, pero eso no ha frenado el desarrollo de modelos clave para su futuro, uno de los m\u00e1s importantes es la pr\u00f3xima generaci\u00f3n de Frontier. Se espera que la camioneta mediana comparta su plataforma de chasis de escalera con la Mitsubishi Triton, un movimiento predecible dada la alianza Renault-Nissan-Mitsubishi.<\/p>\n\n\n\n<figure class=\"wp-block-image size-large\"><img decoding=\"async\" src=\"https:\/\/www.carscoops.com\/wp-content\/uploads\/webp\/2025\/02\/2026-Nissan-Navara-Render-main-1536x863.webp\" alt=\"\"\/><\/figure>\n\n\n\n<p>Sin embargo, seg\u00fan un alto ejecutivo de Nissan, el nuevo Frontier ser\u00e1 mucho m\u00e1s que un simple Trit\u00f3n con una insignia diferente.<\/p>\n\n\n\n<p>Andrew Humberstone, director ejecutivo de Nissan Ocean\u00eda, reconoci\u00f3 que compartir plataformas es inevitable, pero enfatiz\u00f3 que la compa\u00f1\u00eda est\u00e1 realizando cambios significativos para garantizar que el\u00a0Frontier\u00a0conserve su propia identidad. \u201cVamos a realizar muchos cambios en el\u00a0producto\u00a0para asegurarnos de que est\u00e9 en l\u00ednea con las expectativas de Nissan\u201d, dijo a\u00a0<em>Drive.com.au<\/em>\u00a0. \u201cS\u00ed, tenemos una relaci\u00f3n, pero esa relaci\u00f3n podr\u00eda ser efectivamente con cualquier proveedor\u201d.<\/p>\n\n\n\n<figure class=\"wp-block-image size-large\"><a href=\"https:\/\/www.kia.com\/ec\/showroom\/sportage-nq5\/features.html\"><img fetchpriority=\"high\" decoding=\"async\" width=\"1024\" height=\"257\" src=\"https:\/\/garageblogec.com\/wp-content\/uploads\/2025\/01\/Banner-2056x516-1-1024x257.png\" alt=\"\" class=\"wp-image-1445\" srcset=\"https:\/\/garageblogec.com\/wp-content\/uploads\/2025\/01\/Banner-2056x516-1-1024x257.png 1024w, https:\/\/garageblogec.com\/wp-content\/uploads\/2025\/01\/Banner-2056x516-1-300x75.png 300w, https:\/\/garageblogec.com\/wp-content\/uploads\/2025\/01\/Banner-2056x516-1-768x193.png 768w, https:\/\/garageblogec.com\/wp-content\/uploads\/2025\/01\/Banner-2056x516-1-1536x386.png 1536w, https:\/\/garageblogec.com\/wp-content\/uploads\/2025\/01\/Banner-2056x516-1-2048x515.png 2048w, https:\/\/garageblogec.com\/wp-content\/uploads\/2025\/01\/Banner-2056x516-1-1320x332.png 1320w\" sizes=\"(max-width: 1024px) 100vw, 1024px\" \/><\/a><\/figure>\n\n\n\n<p>Los comentarios de Humberstone sugieren que Nissan busca una diferenciaci\u00f3n significativa, m\u00e1s all\u00e1 de los retoques cosm\u00e9ticos habituales que suelen recibir los modelos con el logo de la marca. Este enfoque es similar al que han hecho Ford y Volkswagen con el Ranger y el Amarok o lo que Isuzu y Mazda lograron con el D-Max y el BT-50.<\/p>\n\n\n\n<figure class=\"wp-block-image\"><img decoding=\"async\" src=\"https:\/\/www.carscoops.com\/wp-content\/uploads\/2024\/02\/Nissan-Navara-Rendering-2-1024x576.jpg\" alt=\"El Navara 2027 ser\u00e1 un aut\u00e9ntico Nissan, a pesar de sus or\u00edgenes en el Mitsubishi Triton\"\/><\/figure>\n\n\n\n<h4 class=\"wp-block-heading\">Ilustraci\u00f3n de Theottle<\/h4>\n\n\n\n<p>Se espera que la pr\u00f3xima versi\u00f3n del Frontier adopte la suspensi\u00f3n trasera de ballestas del Mitsubishi Triton, lo que marca un cambio con respecto a la configuraci\u00f3n de resortes helicoidales del modelo anterior, que recibi\u00f3 cr\u00edticas mixtas. Nissan tambi\u00e9n se asegurar\u00e1 de que sus credenciales de caballo de batalla sigan siendo competitivas, con capacidades de remolque y carga \u00fatil que probablemente igualen a las de rivales como el Toyota HiLux y el Ford Ranger.<\/p>\n\n\n\n<p>La actual Mitsubishi Triton\u00a0de sexta generaci\u00f3n\u00a0, presentada en 2023, viene equipada con un motor turbodi\u00e9sel de 2,4 litros que produce 201 CV (150 kW \/ 204 PS) en su variante m\u00e1s potente. Este motor podr\u00eda llegar al pr\u00f3ximo Nissan Frontier, continuando el legado de potencia di\u00e9sel del modelo.<\/p>\n\n\n\n<p>M\u00e1s adelante, se espera una variante electrificada, ya sea h\u00edbrida o\u00a0h\u00edbrida enchufable\u00a0, que ayudar\u00e1 al Frontier a seguir siendo relevante a medida que las regulaciones sobre emisiones se endurecen y los competidores introducen alternativas m\u00e1s ecol\u00f3gicas.<\/p>\n\n\n\n<figure class=\"wp-block-image size-large\"><img decoding=\"async\" src=\"https:\/\/www.carscoops.com\/wp-content\/uploads\/webp\/2024\/02\/Nissan-Navara-Rendering-1-1536x864.webp\" alt=\"\"\/><\/figure>\n\n\n\n<p>Nissan tambi\u00e9n ha insinuado algo un poco m\u00e1s emocionante: una versi\u00f3n Nismo de alto rendimiento. Si se materializa, podr\u00eda competir con el Ford Ranger Raptor con un motor V6 m\u00e1s potente y un chasis ajustado para una capacidad todoterreno a\u00fan mejor.<\/p>\n\n\n\n<p>Si bien Nissan no ha establecido una fecha de debut oficial para la Frontier de pr\u00f3xima generaci\u00f3n, ha confirmado que la camioneta llegar\u00e1 antes de marzo de 2027. Mientras tanto, en China, la compa\u00f1\u00eda se est\u00e1\u00a0preparando para lanzar la Yuanye Z9\u00a0, una camioneta mediana separada que puede tener poco que ver con la Navara global.<\/p>\n\n\n<div class='pt-cv-wrapper'> <h3 class='pt-cv-heading-container heading1' data-blockid='qfi073la'><span class='pt-cv-heading'> Overlay1 <\/span><\/h3><div class=\"pt-cv-view pt-cv-overlaygrid iscvblock iscvreal overlay1 layout1\" id=\"pt-cv-view-qfi073la\"><div data-id=\"pt-cv-page-1\" class=\"pt-cv-page\" data-cvc=\"3\"><div class=\" pt-cv-content-item pt-cv-1-col\" ><div class=\"pt-cv-thumb-wrapper  \"><a href=\"https:\/\/garageblogec.com\/?p=3303\" class=\"_self pt-cv-href-thumbnail pt-cv-thumb-default\" target=\"_self\" ><img decoding=\"async\" width=\"768\" height=\"432\" src=\"https:\/\/garageblogec.com\/wp-content\/uploads\/2026\/04\/WhatsApp-Image-2026-04-21-at-1.52.53-PM-768x432.jpeg\" class=\"pt-cv-thumbnail\" alt=\"\" \/><\/a><\/div>\n<div class=\"pt-cv-overlay-wrapper\"><div class=\"pt-cv-taxoterm above_title\"><a href='https:\/\/garageblogec.com\/?cat=27' title='Industria Nacional' class='pt-cv-tax-industria-nacional'>Industria Nacional<\/a><\/div><h4 class=\"pt-cv-title\"><a href=\"https:\/\/garageblogec.com\/?p=3303\" class=\"_self\" target=\"_self\" >Grupo Ambacar presenta en Guayaquil KGM, su nueva marca de SUV h\u00edbridos con respaldo global<\/a><\/h4><div class=\"pt-cv-meta-fields\"><span class=\"entry-date\"> <time datetime=\"2026-04-21T21:37:24+00:00\">abril 21, 2026<\/time><\/span><span> \/ <\/span><span class=\"author\"> <a href=\"https:\/\/garageblogec.com\/?author=6\" rel=\"author\">gabi1212<\/a><\/span><\/div><\/div><\/div>\n<div class=\" pt-cv-content-item pt-cv-1-col\" ><div class=\"pt-cv-thumb-wrapper  \"><a href=\"https:\/\/garageblogec.com\/?p=3296\" class=\"_self pt-cv-href-thumbnail pt-cv-thumb-default\" target=\"_self\" ><img decoding=\"async\" width=\"768\" height=\"432\" src=\"https:\/\/garageblogec.com\/wp-content\/uploads\/2026\/04\/WhatsApp-Image-2026-04-14-at-3.15.09-PM-768x432.jpeg\" class=\"pt-cv-thumbnail\" alt=\"\" \/><\/a><\/div>\n<div class=\"pt-cv-overlay-wrapper\"><div class=\"pt-cv-taxoterm above_title\"><a href='https:\/\/garageblogec.com\/?cat=27' title='Industria Nacional' class='pt-cv-tax-industria-nacional'>Industria Nacional<\/a><\/div><h4 class=\"pt-cv-title\"><a href=\"https:\/\/garageblogec.com\/?p=3296\" class=\"_self\" target=\"_self\" >El tablero desapareci\u00f3, ahora el auto es una pantalla inteligente<\/a><\/h4><div class=\"pt-cv-meta-fields\"><span class=\"entry-date\"> <time datetime=\"2026-04-14T20:21:20+00:00\">abril 14, 2026<\/time><\/span><span> \/ <\/span><span class=\"author\"> <a href=\"https:\/\/garageblogec.com\/?author=6\" rel=\"author\">gabi1212<\/a><\/span><\/div><\/div><\/div>\n<div class=\" pt-cv-content-item pt-cv-1-col\" ><div class=\"pt-cv-thumb-wrapper  \"><a href=\"https:\/\/garageblogec.com\/?p=3291\" class=\"_self pt-cv-href-thumbnail pt-cv-thumb-default\" target=\"_self\" ><img loading=\"lazy\" decoding=\"async\" width=\"768\" height=\"432\" src=\"https:\/\/garageblogec.com\/wp-content\/uploads\/2026\/04\/WhatsApp-Image-2026-04-14-at-2.21.27-PM-768x432.jpeg\" class=\"pt-cv-thumbnail\" alt=\"\" \/><\/a><\/div>\n<div class=\"pt-cv-overlay-wrapper\"><div class=\"pt-cv-taxoterm above_title\"><a href='https:\/\/garageblogec.com\/?cat=27' title='Industria Nacional' class='pt-cv-tax-industria-nacional'>Industria Nacional<\/a><\/div><h4 class=\"pt-cv-title\"><a href=\"https:\/\/garageblogec.com\/?p=3291\" class=\"_self\" target=\"_self\" >Seguridad al volante en Ecuador: los errores m\u00e1s comunes que cometen los conductores<\/a><\/h4><div class=\"pt-cv-meta-fields\"><span class=\"entry-date\"> <time datetime=\"2026-04-14T20:08:54+00:00\">abril 14, 2026<\/time><\/span><span> \/ <\/span><span class=\"author\"> <a href=\"https:\/\/garageblogec.com\/?author=6\" rel=\"author\">gabi1212<\/a><\/span><\/div><\/div><\/div>\n<div class=\" pt-cv-content-item pt-cv-1-col\" ><div class=\"pt-cv-thumb-wrapper  \"><a href=\"https:\/\/garageblogec.com\/?p=3286\" class=\"_self pt-cv-href-thumbnail pt-cv-thumb-default\" target=\"_self\" ><img loading=\"lazy\" decoding=\"async\" width=\"768\" height=\"492\" src=\"https:\/\/garageblogec.com\/wp-content\/uploads\/2026\/04\/Posventa.jpg-768x492.jpeg\" class=\"pt-cv-thumbnail\" alt=\"\" \/><\/a><\/div>\n<div class=\"pt-cv-overlay-wrapper\"><div class=\"pt-cv-taxoterm above_title\"><a href='https:\/\/garageblogec.com\/?cat=27' title='Industria Nacional' class='pt-cv-tax-industria-nacional'>Industria Nacional<\/a><\/div><h4 class=\"pt-cv-title\"><a href=\"https:\/\/garageblogec.com\/?p=3286\" class=\"_self\" target=\"_self\" >Clientes Nissan reciben cambios de aceite infinitos<\/a><\/h4><div class=\"pt-cv-meta-fields\"><span class=\"entry-date\"> <time datetime=\"2026-04-14T20:04:08+00:00\">abril 14, 2026<\/time><\/span><span> \/ <\/span><span class=\"author\"> <a href=\"https:\/\/garageblogec.com\/?author=6\" rel=\"author\">gabi1212<\/a><\/span><\/div><\/div><\/div>\n<div class=\" pt-cv-content-item pt-cv-1-col\" ><div class=\"pt-cv-thumb-wrapper  \"><a href=\"https:\/\/garageblogec.com\/?p=3280\" class=\"_self pt-cv-href-thumbnail pt-cv-thumb-default\" target=\"_self\" ><img loading=\"lazy\" decoding=\"async\" width=\"768\" height=\"512\" src=\"https:\/\/garageblogec.com\/wp-content\/uploads\/2026\/04\/foto1-768x512.jpeg\" class=\"pt-cv-thumbnail\" alt=\"\" \/><\/a><\/div>\n<div class=\"pt-cv-overlay-wrapper\"><div class=\"pt-cv-taxoterm above_title\"><a href='https:\/\/garageblogec.com\/?cat=27' title='Industria Nacional' class='pt-cv-tax-industria-nacional'>Industria Nacional<\/a><\/div><h4 class=\"pt-cv-title\"><a href=\"https:\/\/garageblogec.com\/?p=3280\" class=\"_self\" target=\"_self\" >Movilidad como inversi\u00f3n: el uso de utilidades que crece en Ecuador<\/a><\/h4><div class=\"pt-cv-meta-fields\"><span class=\"entry-date\"> <time datetime=\"2026-04-07T19:55:36+00:00\">abril 7, 2026<\/time><\/span><span> \/ <\/span><span class=\"author\"> <a href=\"https:\/\/garageblogec.com\/?author=6\" rel=\"author\">gabi1212<\/a><\/span><\/div><\/div><\/div>\n<div class=\" pt-cv-content-item pt-cv-1-col\" ><div class=\"pt-cv-thumb-wrapper  \"><a href=\"https:\/\/garageblogec.com\/?p=3276\" class=\"_self pt-cv-href-thumbnail pt-cv-thumb-default\" target=\"_self\" ><img loading=\"lazy\" decoding=\"async\" width=\"745\" height=\"491\" src=\"https:\/\/garageblogec.com\/wp-content\/uploads\/2026\/04\/TT.png\" class=\"pt-cv-thumbnail\" alt=\"\" \/><\/a><\/div>\n<div class=\"pt-cv-overlay-wrapper\"><div class=\"pt-cv-taxoterm above_title\"><a href='https:\/\/garageblogec.com\/?cat=27' title='Industria Nacional' class='pt-cv-tax-industria-nacional'>Industria Nacional<\/a><\/div><h4 class=\"pt-cv-title\"><a href=\"https:\/\/garageblogec.com\/?p=3276\" class=\"_self\" target=\"_self\" >Lluvias en Ecuador: C\u00f3mo reducir riesgos en carretera y prevenir accidentes en calzada mojada<\/a><\/h4><div class=\"pt-cv-meta-fields\"><span class=\"entry-date\"> <time datetime=\"2026-04-07T19:46:52+00:00\">abril 7, 2026<\/time><\/span><span> \/ <\/span><span class=\"author\"> <a href=\"https:\/\/garageblogec.com\/?author=6\" rel=\"author\">gabi1212<\/a><\/span><\/div><\/div><\/div><\/div><\/div> <\/div> <style>\n#pt-cv-view-qfi073la .pt-cv-thumb-wrapper::before {background: rgba(0,0,0,.4); opacity: 0.8;}#pt-cv-view-qfi073la .pt-cv-overlay-wrapper {justify-content: center;}\n#pt-cv-view-qfi073la .pt-cv-meta-fields {  }#pt-cv-view-qfi073la .pt-cv-meta-fields * { font-size: 13px; }#pt-cv-view-qfi073la .pt-cv-title a { display: block; }#pt-cv-view-qfi073la .pt-cv-title:not(.pt-cv-titlesm) a { font-weight: 600;text-decoration: none;font-size: 20px; }#pt-cv-view-qfi073la .pt-cv-titlesm a { font-weight: 600;font-size: 18px; }#pt-cv-view-qfi073la .pt-cv-content { font-size: 15px; }#pt-cv-view-qfi073la .pt-cv-rmwrap {  }#pt-cv-view-qfi073la .pt-cv-readmore { color: #fff;background-color: #0075ff;font-size: 14px; }#pt-cv-view-qfi073la .pt-cv-taxoterm { margin: 0px 0px 20px 0px; }#pt-cv-view-qfi073la .pt-cv-taxoterm * { color: #222;background-color: #fff6f6;font-size: 14px; }#pt-cv-view-qfi073la + .pt-cv-pagination-wrapper {  }#pt-cv-view-qfi073la + .pt-cv-pagination-wrapper a { font-size: 14px; }#pt-cv-view-qfi073la > .pt-cv-page {grid-template-columns: repeat(3, 1fr);grid-auto-rows: 250px;grid-gap: 10px;}\n@media all and (max-width: 1024px) { \n#pt-cv-view-qfi073la > .pt-cv-page {}\n} \n@media all and (max-width: 767px) { \n#pt-cv-view-qfi073la > .pt-cv-page {grid-template-columns: repeat(1, 1fr);}\n} <\/style>","protected":false},"excerpt":{"rendered":"<p>Un alto funcionario dijo que la compa\u00f1\u00eda realizar\u00e1 \u00abmuchos cambios en el producto para asegurarse de que est\u00e9 en l\u00ednea con las expectativas de Nissan\u00bb.<\/p>\n","protected":false},"author":6,"featured_media":1581,"comment_status":"open","ping_status":"open","sticky":false,"template":"","format":"standard","meta":{"_jetpack_memberships_contains_paid_content":false,"footnotes":""},"categories":[27],"tags":[],"class_list":["post-1580","post","type-post","status-publish","format-standard","has-post-thumbnail","hentry","category-industria-nacional"],"yoast_head":"<!-- This site is optimized with the Yoast SEO plugin v27.5 - https:\/\/yoast.com\/product\/yoast-seo-wordpress\/ -->\n<title>Fontier 2027 ser\u00e1 un aut\u00e9ntico Nissan, a pesar de sus or\u00edgenes en el Mitsubishi Triton - Garage Blog Ecuador<\/title>\n<meta name=\"robots\" content=\"index, follow, max-snippet:-1, max-image-preview:large, max-video-preview:-1\" \/>\n<link rel=\"canonical\" href=\"https:\/\/garageblogec.com\/?p=1580\" \/>\n<meta property=\"og:locale\" content=\"es_ES\" \/>\n<meta property=\"og:type\" content=\"article\" \/>\n<meta property=\"og:title\" content=\"Fontier 2027 ser\u00e1 un aut\u00e9ntico Nissan, a pesar de sus or\u00edgenes en el Mitsubishi Triton - Garage Blog Ecuador\" \/>\n<meta property=\"og:description\" content=\"Un alto funcionario dijo que la compa\u00f1\u00eda realizar\u00e1 &quot;muchos cambios en el producto para asegurarse de que est\u00e9 en l\u00ednea con las expectativas de Nissan&quot;.\" \/>\n<meta property=\"og:url\" content=\"https:\/\/garageblogec.com\/?p=1580\" \/>\n<meta property=\"og:site_name\" content=\"Garage Blog Ecuador\" \/>\n<meta property=\"article:published_time\" content=\"2025-02-12T20:48:15+00:00\" \/>\n<meta property=\"article:modified_time\" content=\"2025-02-12T21:23:24+00:00\" \/>\n<meta property=\"og:image\" content=\"https:\/\/garageblogec.com\/wp-content\/uploads\/2025\/02\/Captura-3.png\" \/>\n\t<meta property=\"og:image:width\" content=\"889\" \/>\n\t<meta property=\"og:image:height\" content=\"495\" \/>\n\t<meta property=\"og:image:type\" content=\"image\/png\" \/>\n<meta name=\"author\" content=\"gabi1212\" \/>\n<meta name=\"twitter:card\" content=\"summary_large_image\" \/>\n<meta name=\"twitter:label1\" content=\"Escrito por\" \/>\n\t<meta name=\"twitter:data1\" content=\"gabi1212\" \/>\n\t<meta name=\"twitter:label2\" content=\"Tiempo de lectura\" \/>\n\t<meta name=\"twitter:data2\" content=\"4 minutos\" \/>\n<script type=\"application\/ld+json\" class=\"yoast-schema-graph\">{\"@context\":\"https:\\\/\\\/schema.org\",\"@graph\":[{\"@type\":\"Article\",\"@id\":\"https:\\\/\\\/garageblogec.com\\\/?p=1580#article\",\"isPartOf\":{\"@id\":\"https:\\\/\\\/garageblogec.com\\\/?p=1580\"},\"author\":{\"name\":\"gabi1212\",\"@id\":\"https:\\\/\\\/garageblogec.com\\\/#\\\/schema\\\/person\\\/635f4b76c0cb3e43b82fe6f7d8bcceea\"},\"headline\":\"Fontier 2027 ser\u00e1 un aut\u00e9ntico Nissan, a pesar de sus or\u00edgenes en el Mitsubishi Triton\",\"datePublished\":\"2025-02-12T20:48:15+00:00\",\"dateModified\":\"2025-02-12T21:23:24+00:00\",\"mainEntityOfPage\":{\"@id\":\"https:\\\/\\\/garageblogec.com\\\/?p=1580\"},\"wordCount\":527,\"commentCount\":0,\"publisher\":{\"@id\":\"https:\\\/\\\/garageblogec.com\\\/#organization\"},\"image\":{\"@id\":\"https:\\\/\\\/garageblogec.com\\\/?p=1580#primaryimage\"},\"thumbnailUrl\":\"https:\\\/\\\/garageblogec.com\\\/wp-content\\\/uploads\\\/2025\\\/02\\\/Captura-3.png\",\"articleSection\":[\"Industria Nacional\"],\"inLanguage\":\"es\",\"potentialAction\":[{\"@type\":\"CommentAction\",\"name\":\"Comment\",\"target\":[\"https:\\\/\\\/garageblogec.com\\\/?p=1580#respond\"]}]},{\"@type\":\"WebPage\",\"@id\":\"https:\\\/\\\/garageblogec.com\\\/?p=1580\",\"url\":\"https:\\\/\\\/garageblogec.com\\\/?p=1580\",\"name\":\"Fontier 2027 ser\u00e1 un aut\u00e9ntico Nissan, a pesar de sus or\u00edgenes en el Mitsubishi Triton - Garage Blog Ecuador\",\"isPartOf\":{\"@id\":\"https:\\\/\\\/garageblogec.com\\\/#website\"},\"primaryImageOfPage\":{\"@id\":\"https:\\\/\\\/garageblogec.com\\\/?p=1580#primaryimage\"},\"image\":{\"@id\":\"https:\\\/\\\/garageblogec.com\\\/?p=1580#primaryimage\"},\"thumbnailUrl\":\"https:\\\/\\\/garageblogec.com\\\/wp-content\\\/uploads\\\/2025\\\/02\\\/Captura-3.png\",\"datePublished\":\"2025-02-12T20:48:15+00:00\",\"dateModified\":\"2025-02-12T21:23:24+00:00\",\"breadcrumb\":{\"@id\":\"https:\\\/\\\/garageblogec.com\\\/?p=1580#breadcrumb\"},\"inLanguage\":\"es\",\"potentialAction\":[{\"@type\":\"ReadAction\",\"target\":[\"https:\\\/\\\/garageblogec.com\\\/?p=1580\"]}]},{\"@type\":\"ImageObject\",\"inLanguage\":\"es\",\"@id\":\"https:\\\/\\\/garageblogec.com\\\/?p=1580#primaryimage\",\"url\":\"https:\\\/\\\/garageblogec.com\\\/wp-content\\\/uploads\\\/2025\\\/02\\\/Captura-3.png\",\"contentUrl\":\"https:\\\/\\\/garageblogec.com\\\/wp-content\\\/uploads\\\/2025\\\/02\\\/Captura-3.png\",\"width\":889,\"height\":495},{\"@type\":\"BreadcrumbList\",\"@id\":\"https:\\\/\\\/garageblogec.com\\\/?p=1580#breadcrumb\",\"itemListElement\":[{\"@type\":\"ListItem\",\"position\":1,\"name\":\"Portada\",\"item\":\"https:\\\/\\\/garageblogec.com\\\/\"},{\"@type\":\"ListItem\",\"position\":2,\"name\":\"Fontier 2027 ser\u00e1 un aut\u00e9ntico Nissan, a pesar de sus or\u00edgenes en el Mitsubishi Triton\"}]},{\"@type\":\"WebSite\",\"@id\":\"https:\\\/\\\/garageblogec.com\\\/#website\",\"url\":\"https:\\\/\\\/garageblogec.com\\\/\",\"name\":\"Garage Blog Ecuador\",\"description\":\"Alucinamos por los autos \",\"publisher\":{\"@id\":\"https:\\\/\\\/garageblogec.com\\\/#organization\"},\"potentialAction\":[{\"@type\":\"SearchAction\",\"target\":{\"@type\":\"EntryPoint\",\"urlTemplate\":\"https:\\\/\\\/garageblogec.com\\\/?s={search_term_string}\"},\"query-input\":{\"@type\":\"PropertyValueSpecification\",\"valueRequired\":true,\"valueName\":\"search_term_string\"}}],\"inLanguage\":\"es\"},{\"@type\":\"Organization\",\"@id\":\"https:\\\/\\\/garageblogec.com\\\/#organization\",\"name\":\"Garage Blog Ecuador\",\"url\":\"https:\\\/\\\/garageblogec.com\\\/\",\"logo\":{\"@type\":\"ImageObject\",\"inLanguage\":\"es\",\"@id\":\"https:\\\/\\\/garageblogec.com\\\/#\\\/schema\\\/logo\\\/image\\\/\",\"url\":\"https:\\\/\\\/garageblogec.com\\\/wp-content\\\/uploads\\\/2024\\\/02\\\/cropped-logo-png-para-blog.webp\",\"contentUrl\":\"https:\\\/\\\/garageblogec.com\\\/wp-content\\\/uploads\\\/2024\\\/02\\\/cropped-logo-png-para-blog.webp\",\"width\":840,\"height\":556,\"caption\":\"Garage Blog Ecuador \"},\"image\":{\"@id\":\"https:\\\/\\\/garageblogec.com\\\/#\\\/schema\\\/logo\\\/image\\\/\"}},{\"@type\":\"Person\",\"@id\":\"https:\\\/\\\/garageblogec.com\\\/#\\\/schema\\\/person\\\/635f4b76c0cb3e43b82fe6f7d8bcceea\",\"name\":\"gabi1212\",\"image\":{\"@type\":\"ImageObject\",\"inLanguage\":\"es\",\"@id\":\"https:\\\/\\\/secure.gravatar.com\\\/avatar\\\/6aa491f45cb359d4d6dd8c430e83f78899c80569c27d21156e19bbdcd31d1811?s=96&d=mm&r=g\",\"url\":\"https:\\\/\\\/secure.gravatar.com\\\/avatar\\\/6aa491f45cb359d4d6dd8c430e83f78899c80569c27d21156e19bbdcd31d1811?s=96&d=mm&r=g\",\"contentUrl\":\"https:\\\/\\\/secure.gravatar.com\\\/avatar\\\/6aa491f45cb359d4d6dd8c430e83f78899c80569c27d21156e19bbdcd31d1811?s=96&d=mm&r=g\",\"caption\":\"gabi1212\"},\"url\":\"https:\\\/\\\/garageblogec.com\\\/?author=6\"}]}<\/script>\n<!-- \/ Yoast SEO plugin. -->","yoast_head_json":{"title":"Fontier 2027 ser\u00e1 un aut\u00e9ntico Nissan, a pesar de sus or\u00edgenes en el Mitsubishi Triton - Garage Blog Ecuador","robots":{"index":"index","follow":"follow","max-snippet":"max-snippet:-1","max-image-preview":"max-image-preview:large","max-video-preview":"max-video-preview:-1"},"canonical":"https:\/\/garageblogec.com\/?p=1580","og_locale":"es_ES","og_type":"article","og_title":"Fontier 2027 ser\u00e1 un aut\u00e9ntico Nissan, a pesar de sus or\u00edgenes en el Mitsubishi Triton - Garage Blog Ecuador","og_description":"Un alto funcionario dijo que la compa\u00f1\u00eda realizar\u00e1 \"muchos cambios en el producto para asegurarse de que est\u00e9 en l\u00ednea con las expectativas de Nissan\".","og_url":"https:\/\/garageblogec.com\/?p=1580","og_site_name":"Garage Blog Ecuador","article_published_time":"2025-02-12T20:48:15+00:00","article_modified_time":"2025-02-12T21:23:24+00:00","og_image":[{"width":889,"height":495,"url":"https:\/\/garageblogec.com\/wp-content\/uploads\/2025\/02\/Captura-3.png","type":"image\/png"}],"author":"gabi1212","twitter_card":"summary_large_image","twitter_misc":{"Escrito por":"gabi1212","Tiempo de lectura":"4 minutos"},"schema":{"@context":"https:\/\/schema.org","@graph":[{"@type":"Article","@id":"https:\/\/garageblogec.com\/?p=1580#article","isPartOf":{"@id":"https:\/\/garageblogec.com\/?p=1580"},"author":{"name":"gabi1212","@id":"https:\/\/garageblogec.com\/#\/schema\/person\/635f4b76c0cb3e43b82fe6f7d8bcceea"},"headline":"Fontier 2027 ser\u00e1 un aut\u00e9ntico Nissan, a pesar de sus or\u00edgenes en el Mitsubishi Triton","datePublished":"2025-02-12T20:48:15+00:00","dateModified":"2025-02-12T21:23:24+00:00","mainEntityOfPage":{"@id":"https:\/\/garageblogec.com\/?p=1580"},"wordCount":527,"commentCount":0,"publisher":{"@id":"https:\/\/garageblogec.com\/#organization"},"image":{"@id":"https:\/\/garageblogec.com\/?p=1580#primaryimage"},"thumbnailUrl":"https:\/\/garageblogec.com\/wp-content\/uploads\/2025\/02\/Captura-3.png","articleSection":["Industria Nacional"],"inLanguage":"es","potentialAction":[{"@type":"CommentAction","name":"Comment","target":["https:\/\/garageblogec.com\/?p=1580#respond"]}]},{"@type":"WebPage","@id":"https:\/\/garageblogec.com\/?p=1580","url":"https:\/\/garageblogec.com\/?p=1580","name":"Fontier 2027 ser\u00e1 un aut\u00e9ntico Nissan, a pesar de sus or\u00edgenes en el Mitsubishi Triton - Garage Blog Ecuador","isPartOf":{"@id":"https:\/\/garageblogec.com\/#website"},"primaryImageOfPage":{"@id":"https:\/\/garageblogec.com\/?p=1580#primaryimage"},"image":{"@id":"https:\/\/garageblogec.com\/?p=1580#primaryimage"},"thumbnailUrl":"https:\/\/garageblogec.com\/wp-content\/uploads\/2025\/02\/Captura-3.png","datePublished":"2025-02-12T20:48:15+00:00","dateModified":"2025-02-12T21:23:24+00:00","breadcrumb":{"@id":"https:\/\/garageblogec.com\/?p=1580#breadcrumb"},"inLanguage":"es","potentialAction":[{"@type":"ReadAction","target":["https:\/\/garageblogec.com\/?p=1580"]}]},{"@type":"ImageObject","inLanguage":"es","@id":"https:\/\/garageblogec.com\/?p=1580#primaryimage","url":"https:\/\/garageblogec.com\/wp-content\/uploads\/2025\/02\/Captura-3.png","contentUrl":"https:\/\/garageblogec.com\/wp-content\/uploads\/2025\/02\/Captura-3.png","width":889,"height":495},{"@type":"BreadcrumbList","@id":"https:\/\/garageblogec.com\/?p=1580#breadcrumb","itemListElement":[{"@type":"ListItem","position":1,"name":"Portada","item":"https:\/\/garageblogec.com\/"},{"@type":"ListItem","position":2,"name":"Fontier 2027 ser\u00e1 un aut\u00e9ntico Nissan, a pesar de sus or\u00edgenes en el Mitsubishi Triton"}]},{"@type":"WebSite","@id":"https:\/\/garageblogec.com\/#website","url":"https:\/\/garageblogec.com\/","name":"Garage Blog Ecuador","description":"Alucinamos por los autos ","publisher":{"@id":"https:\/\/garageblogec.com\/#organization"},"potentialAction":[{"@type":"SearchAction","target":{"@type":"EntryPoint","urlTemplate":"https:\/\/garageblogec.com\/?s={search_term_string}"},"query-input":{"@type":"PropertyValueSpecification","valueRequired":true,"valueName":"search_term_string"}}],"inLanguage":"es"},{"@type":"Organization","@id":"https:\/\/garageblogec.com\/#organization","name":"Garage Blog Ecuador","url":"https:\/\/garageblogec.com\/","logo":{"@type":"ImageObject","inLanguage":"es","@id":"https:\/\/garageblogec.com\/#\/schema\/logo\/image\/","url":"https:\/\/garageblogec.com\/wp-content\/uploads\/2024\/02\/cropped-logo-png-para-blog.webp","contentUrl":"https:\/\/garageblogec.com\/wp-content\/uploads\/2024\/02\/cropped-logo-png-para-blog.webp","width":840,"height":556,"caption":"Garage Blog Ecuador "},"image":{"@id":"https:\/\/garageblogec.com\/#\/schema\/logo\/image\/"}},{"@type":"Person","@id":"https:\/\/garageblogec.com\/#\/schema\/person\/635f4b76c0cb3e43b82fe6f7d8bcceea","name":"gabi1212","image":{"@type":"ImageObject","inLanguage":"es","@id":"https:\/\/secure.gravatar.com\/avatar\/6aa491f45cb359d4d6dd8c430e83f78899c80569c27d21156e19bbdcd31d1811?s=96&d=mm&r=g","url":"https:\/\/secure.gravatar.com\/avatar\/6aa491f45cb359d4d6dd8c430e83f78899c80569c27d21156e19bbdcd31d1811?s=96&d=mm&r=g","contentUrl":"https:\/\/secure.gravatar.com\/avatar\/6aa491f45cb359d4d6dd8c430e83f78899c80569c27d21156e19bbdcd31d1811?s=96&d=mm&r=g","caption":"gabi1212"},"url":"https:\/\/garageblogec.com\/?author=6"}]}},"jetpack_featured_media_url":"https:\/\/garageblogec.com\/wp-content\/uploads\/2025\/02\/Captura-3.png","jetpack_sharing_enabled":true,"_links":{"self":[{"href":"https:\/\/garageblogec.com\/index.php?rest_route=\/wp\/v2\/posts\/1580","targetHints":{"allow":["GET"]}}],"collection":[{"href":"https:\/\/garageblogec.com\/index.php?rest_route=\/wp\/v2\/posts"}],"about":[{"href":"https:\/\/garageblogec.com\/index.php?rest_route=\/wp\/v2\/types\/post"}],"author":[{"embeddable":true,"href":"https:\/\/garageblogec.com\/index.php?rest_route=\/wp\/v2\/users\/6"}],"replies":[{"embeddable":true,"href":"https:\/\/garageblogec.com\/index.php?rest_route=%2Fwp%2Fv2%2Fcomments&post=1580"}],"version-history":[{"count":2,"href":"https:\/\/garageblogec.com\/index.php?rest_route=\/wp\/v2\/posts\/1580\/revisions"}],"predecessor-version":[{"id":1589,"href":"https:\/\/garageblogec.com\/index.php?rest_route=\/wp\/v2\/posts\/1580\/revisions\/1589"}],"wp:featuredmedia":[{"embeddable":true,"href":"https:\/\/garageblogec.com\/index.php?rest_route=\/wp\/v2\/media\/1581"}],"wp:attachment":[{"href":"https:\/\/garageblogec.com\/index.php?rest_route=%2Fwp%2Fv2%2Fmedia&parent=1580"}],"wp:term":[{"taxonomy":"category","embeddable":true,"href":"https:\/\/garageblogec.com\/index.php?rest_route=%2Fwp%2Fv2%2Fcategories&post=1580"},{"taxonomy":"post_tag","embeddable":true,"href":"https:\/\/garageblogec.com\/index.php?rest_route=%2Fwp%2Fv2%2Ftags&post=1580"}],"curies":[{"name":"wp","href":"https:\/\/api.w.org\/{rel}","templated":true}]}}