{"id":1531,"date":"2025-02-04T15:53:55","date_gmt":"2025-02-04T15:53:55","guid":{"rendered":"https:\/\/garageblogec.com\/?p=1531"},"modified":"2025-02-04T15:54:00","modified_gmt":"2025-02-04T15:54:00","slug":"mg-cyberster-el-primer-roadster-electrico-convertible-llega-a-ecuador","status":"publish","type":"post","link":"https:\/\/garageblogec.com\/?p=1531","title":{"rendered":"MG CYBERSTER: EL PRIMER ROADSTER EL\u00c9CTRICO CONVERTIBLE LLEGA A ECUADOR"},"content":{"rendered":"\n<p>MG Motor, una marca con casi un siglo de innovaci\u00f3n automotriz, marca un nuevo hito en la industria con el lanzamiento del MG Cyberster, el primer roadster el\u00e9ctrico convertible en Ecuador. Este modelo no solo rinde homenaje al legado deportivo de MG, sino que tambi\u00e9n lidera el camino hacia un futuro, combinando dise\u00f1o galardonado, tecnolog\u00eda avanzada y un rendimiento que desaf\u00eda las expectativas.<\/p>\n\n\n\n<figure class=\"wp-block-image size-large\"><img fetchpriority=\"high\" decoding=\"async\" width=\"1024\" height=\"632\" src=\"https:\/\/garageblogec.com\/wp-content\/uploads\/2025\/02\/compare-cyberster-single-1024x632.jpg\" alt=\"\" class=\"wp-image-1532\" srcset=\"https:\/\/garageblogec.com\/wp-content\/uploads\/2025\/02\/compare-cyberster-single-1024x632.jpg 1024w, https:\/\/garageblogec.com\/wp-content\/uploads\/2025\/02\/compare-cyberster-single-300x185.jpg 300w, https:\/\/garageblogec.com\/wp-content\/uploads\/2025\/02\/compare-cyberster-single-768x474.jpg 768w, https:\/\/garageblogec.com\/wp-content\/uploads\/2025\/02\/compare-cyberster-single-1536x948.jpg 1536w, https:\/\/garageblogec.com\/wp-content\/uploads\/2025\/02\/compare-cyberster-single-1320x814.jpg 1320w, https:\/\/garageblogec.com\/wp-content\/uploads\/2025\/02\/compare-cyberster-single.jpg 1600w\" sizes=\"(max-width: 1024px) 100vw, 1024px\" \/><\/figure>\n\n\n\n<p>Para Teojama Comercial, dealer de MG en Quito, <em>\u201cLa llegada de este modelo no solo revoluciona el segmento de los roadsters, sino que tambi\u00e9n demuestra la innovaci\u00f3n de MG en la electrificaci\u00f3n del mercado ecuatoriano. Es un veh\u00edculo que combina innovaci\u00f3n, lujo y alto rendimiento, ofreciendo una experiencia \u00fanica para los conductores ecuatorianos\u00bb<\/em>, se\u00f1al\u00f3 Pa\u00fal Vargas, Gerente Comercial.<\/p>\n\n\n\n<figure class=\"wp-block-image size-large\"><a href=\"https:\/\/www.kia.com\/ec\/showroom\/sportage-nq5\/features.html\"><img decoding=\"async\" width=\"1024\" height=\"257\" src=\"https:\/\/garageblogec.com\/wp-content\/uploads\/2025\/01\/Banner-2056x516-1-1024x257.png\" alt=\"\" class=\"wp-image-1445\" srcset=\"https:\/\/garageblogec.com\/wp-content\/uploads\/2025\/01\/Banner-2056x516-1-1024x257.png 1024w, https:\/\/garageblogec.com\/wp-content\/uploads\/2025\/01\/Banner-2056x516-1-300x75.png 300w, https:\/\/garageblogec.com\/wp-content\/uploads\/2025\/01\/Banner-2056x516-1-768x193.png 768w, https:\/\/garageblogec.com\/wp-content\/uploads\/2025\/01\/Banner-2056x516-1-1536x386.png 1536w, https:\/\/garageblogec.com\/wp-content\/uploads\/2025\/01\/Banner-2056x516-1-2048x515.png 2048w, https:\/\/garageblogec.com\/wp-content\/uploads\/2025\/01\/Banner-2056x516-1-1320x332.png 1320w\" sizes=\"(max-width: 1024px) 100vw, 1024px\" \/><\/a><\/figure>\n\n\n\n<p>Adem\u00e1s, Teojama Comercial ya cuenta con el MG Cyberster en sus showrooms, brindando a los clientes la oportunidad de conocer de cerca este innovador modelo y experimentar su dise\u00f1o y tecnolog\u00eda de vanguardia.<\/p>\n\n\n\n<p><strong><u>Dise\u00f1o Galardonado que define tendencias<\/u><\/strong><\/p>\n\n\n\n<p>Reconocido con los premios <strong>internacionales Red Dot Award, Good Design Award e iF Design Award,<\/strong> el MG Cyberster destaca por su combinaci\u00f3n de elegancia, funcionalidad e innovaci\u00f3n.<\/p>\n\n\n\n<figure class=\"wp-block-image size-large\"><img decoding=\"async\" width=\"1024\" height=\"755\" src=\"https:\/\/garageblogec.com\/wp-content\/uploads\/2025\/02\/3-1024x755.jpeg\" alt=\"\" class=\"wp-image-1533\" srcset=\"https:\/\/garageblogec.com\/wp-content\/uploads\/2025\/02\/3-1024x755.jpeg 1024w, https:\/\/garageblogec.com\/wp-content\/uploads\/2025\/02\/3-300x221.jpeg 300w, https:\/\/garageblogec.com\/wp-content\/uploads\/2025\/02\/3-768x566.jpeg 768w, https:\/\/garageblogec.com\/wp-content\/uploads\/2025\/02\/3-1536x1133.jpeg 1536w, https:\/\/garageblogec.com\/wp-content\/uploads\/2025\/02\/3-2048x1510.jpeg 2048w, https:\/\/garageblogec.com\/wp-content\/uploads\/2025\/02\/3-1320x974.jpeg 1320w\" sizes=\"(max-width: 1024px) 100vw, 1024px\" \/><\/figure>\n\n\n\n<ul class=\"wp-block-list\">\n<li><strong>Exterior<\/strong>: El Cyberster presenta un dise\u00f1o exterior fluido y din\u00e1mico, con l\u00edneas que resaltan su car\u00e1cter deportivo.<ul><li>Las puertas de tijera a\u00f1aden un toque distintivo y futurista.<\/li><\/ul>\n<ul class=\"wp-block-list\">\n<li>El dise\u00f1o aerodin\u00e1mico no solo es atractivo visualmente, sino que tambi\u00e9n mejora la eficiencia del veh\u00edculo.<\/li>\n<\/ul>\n<\/li>\n\n\n\n<li><strong>Interior:<\/strong> El interior del Cyberster ofrece una sensaci\u00f3n de lujo y tecnolog\u00eda.<ul><li>Los asientos de cuero y los acabados de alta calidad realzan su sofisticaci\u00f3n.<\/li><\/ul><ul><li>El espacio interior es amplio y los asientos son c\u00f3modos, proporcionando un buen confort para los pasajeros.<\/li><\/ul>\n<ul class=\"wp-block-list\">\n<li>Un sistema envolvente de <strong>tres pantallas<\/strong> dispuestas alrededor del conductor ofrece una experiencia de conducci\u00f3n innovadora.<\/li>\n<\/ul>\n<\/li>\n<\/ul>\n\n\n\n<figure class=\"wp-block-image size-large\"><img loading=\"lazy\" decoding=\"async\" width=\"1024\" height=\"683\" src=\"https:\/\/garageblogec.com\/wp-content\/uploads\/2025\/02\/interior1-1024x683.jpg\" alt=\"\" class=\"wp-image-1534\" srcset=\"https:\/\/garageblogec.com\/wp-content\/uploads\/2025\/02\/interior1-1024x683.jpg 1024w, https:\/\/garageblogec.com\/wp-content\/uploads\/2025\/02\/interior1-300x200.jpg 300w, https:\/\/garageblogec.com\/wp-content\/uploads\/2025\/02\/interior1-768x512.jpg 768w, https:\/\/garageblogec.com\/wp-content\/uploads\/2025\/02\/interior1-1536x1024.jpg 1536w, https:\/\/garageblogec.com\/wp-content\/uploads\/2025\/02\/interior1-2048x1365.jpg 2048w, https:\/\/garageblogec.com\/wp-content\/uploads\/2025\/02\/interior1-1320x880.jpg 1320w\" sizes=\"(max-width: 1024px) 100vw, 1024px\" \/><\/figure>\n\n\n\n<p><strong><u>Rendimiento Excepcional<\/u><\/strong><\/p>\n\n\n\n<p>Disponible en dos versiones, el Cyberster es el modelo de producci\u00f3n m\u00e1s r\u00e1pido en la historia de MG:<\/p>\n\n\n\n<ul class=\"wp-block-list\">\n<li><strong>Motor \u00fanico (tracci\u00f3n trasera):<\/strong> 310 CV, aceleraci\u00f3n de 0 a 100 km\/h en <strong>5,2 segundos<\/strong> y una autonom\u00eda de <strong>490 km (WLTP)<\/strong>.<\/li>\n\n\n\n<li><strong>Motor dual (tracci\u00f3n total):<\/strong> 544 CV, aceleraci\u00f3n de 0 a 100 km\/h en <strong>3,2 segundos<\/strong> y autonom\u00eda de <strong>446 km (WLTP)<\/strong>.<\/li>\n<\/ul>\n\n\n\n<figure class=\"wp-block-image size-full\"><img loading=\"lazy\" decoding=\"async\" width=\"930\" height=\"690\" src=\"https:\/\/garageblogec.com\/wp-content\/uploads\/2025\/02\/CUADRADA2.jpeg\" alt=\"\" class=\"wp-image-1535\" srcset=\"https:\/\/garageblogec.com\/wp-content\/uploads\/2025\/02\/CUADRADA2.jpeg 930w, https:\/\/garageblogec.com\/wp-content\/uploads\/2025\/02\/CUADRADA2-300x223.jpeg 300w, https:\/\/garageblogec.com\/wp-content\/uploads\/2025\/02\/CUADRADA2-768x570.jpeg 768w\" sizes=\"(max-width: 930px) 100vw, 930px\" \/><\/figure>\n\n\n\n<p>Ambas versiones cuentan con una bater\u00eda de 77 kWh y frenos Brembo y neum\u00e1ticos Pirell, ofreciendo un equilibrio perfecto entre potencia y seguridad.<\/p>\n\n\n\n<p><strong><u>Tecnolog\u00eda de \u00daltima Generaci\u00f3n<\/u><\/strong><\/p>\n\n\n\n<p>El MG Cyberster redefine la experiencia de conducci\u00f3n con sistemas avanzados:<\/p>\n\n\n\n<p><strong>Infoentretenimiento<\/strong>: Pantalla t\u00e1ctil <strong>de 10,25&#8243;,<\/strong> compatibilidad con Apple CarPlay y Android Auto, sistema de sonido premium Bose y cuadro de instrumentos digital de 7&#8243;.<\/p>\n\n\n\n<p><strong>MG Pilot(ADAS):<\/strong> Control de crucero adaptativo, alerta de cambio de carril, adaptaci\u00f3n inteligente de velocidad, c\u00e1mara de 360\u00b0, entre otros.<\/p>\n\n\n\n<p><strong><u>Compromiso con la Sostenibilidad y Liderazgo Global<\/u><\/strong><\/p>\n\n\n\n<p>MG Motor reafirma su compromiso con el medio ambiente liderando la transici\u00f3n hacia la movilidad el\u00e9ctrica con veh\u00edculos innovadores y accesibles.<\/p>\n\n\n\n<p>En Europa, MG lidera la larga marcha de los coches el\u00e9ctricos fabricados en China y probablemente mantendr\u00e1 el liderazgo hasta 2030.<\/p>\n\n\n\n<p>MG Motor refuerza su compromiso con la sostenibilidad mediante una s\u00f3lida inversi\u00f3n en investigaci\u00f3n y desarrollo para mejorar continuamente la tecnolog\u00eda de veh\u00edculos el\u00e9ctricos. Sus avanzados sistemas de gesti\u00f3n de bater\u00edas garantizan rendimiento, seguridad y eficiencia, utilizando celdas de iones de litio de alta calidad y pr\u00e1cticas responsables de reciclaje.<\/p>\n\n\n<div class='pt-cv-wrapper'> <h3 class='pt-cv-heading-container heading1' data-blockid='b8mmhoai'><span class='pt-cv-heading'> Overlay1 <\/span><\/h3><div class=\"pt-cv-view pt-cv-overlaygrid iscvblock iscvreal overlay1 layout1\" id=\"pt-cv-view-b8mmhoai\"><div data-id=\"pt-cv-page-1\" class=\"pt-cv-page\" data-cvc=\"3\"><div class=\" pt-cv-content-item pt-cv-1-col\" ><div class=\"pt-cv-thumb-wrapper  \"><a href=\"https:\/\/garageblogec.com\/?p=3303\" class=\"_self pt-cv-href-thumbnail pt-cv-thumb-default\" target=\"_self\" ><img loading=\"lazy\" decoding=\"async\" width=\"768\" height=\"432\" src=\"https:\/\/garageblogec.com\/wp-content\/uploads\/2026\/04\/WhatsApp-Image-2026-04-21-at-1.52.53-PM-768x432.jpeg\" class=\"pt-cv-thumbnail\" alt=\"\" \/><\/a><\/div>\n<div class=\"pt-cv-overlay-wrapper\"><div class=\"pt-cv-taxoterm above_title\"><a href='https:\/\/garageblogec.com\/?cat=27' title='Industria Nacional' class='pt-cv-tax-industria-nacional'>Industria Nacional<\/a><\/div><h4 class=\"pt-cv-title\"><a href=\"https:\/\/garageblogec.com\/?p=3303\" class=\"_self\" target=\"_self\" >Grupo Ambacar presenta en Guayaquil KGM, su nueva marca de SUV h\u00edbridos con respaldo global<\/a><\/h4><div class=\"pt-cv-meta-fields\"><span class=\"entry-date\"> <time datetime=\"2026-04-21T21:37:24+00:00\">abril 21, 2026<\/time><\/span><span> \/ <\/span><span class=\"author\"> <a href=\"https:\/\/garageblogec.com\/?author=6\" rel=\"author\">gabi1212<\/a><\/span><\/div><\/div><\/div>\n<div class=\" pt-cv-content-item pt-cv-1-col\" ><div class=\"pt-cv-thumb-wrapper  \"><a href=\"https:\/\/garageblogec.com\/?p=3296\" class=\"_self pt-cv-href-thumbnail pt-cv-thumb-default\" target=\"_self\" ><img loading=\"lazy\" decoding=\"async\" width=\"768\" height=\"432\" src=\"https:\/\/garageblogec.com\/wp-content\/uploads\/2026\/04\/WhatsApp-Image-2026-04-14-at-3.15.09-PM-768x432.jpeg\" class=\"pt-cv-thumbnail\" alt=\"\" \/><\/a><\/div>\n<div class=\"pt-cv-overlay-wrapper\"><div class=\"pt-cv-taxoterm above_title\"><a href='https:\/\/garageblogec.com\/?cat=27' title='Industria Nacional' class='pt-cv-tax-industria-nacional'>Industria Nacional<\/a><\/div><h4 class=\"pt-cv-title\"><a href=\"https:\/\/garageblogec.com\/?p=3296\" class=\"_self\" target=\"_self\" >El tablero desapareci\u00f3, ahora el auto es una pantalla inteligente<\/a><\/h4><div class=\"pt-cv-meta-fields\"><span class=\"entry-date\"> <time datetime=\"2026-04-14T20:21:20+00:00\">abril 14, 2026<\/time><\/span><span> \/ <\/span><span class=\"author\"> <a href=\"https:\/\/garageblogec.com\/?author=6\" rel=\"author\">gabi1212<\/a><\/span><\/div><\/div><\/div>\n<div class=\" pt-cv-content-item pt-cv-1-col\" ><div class=\"pt-cv-thumb-wrapper  \"><a href=\"https:\/\/garageblogec.com\/?p=3291\" class=\"_self pt-cv-href-thumbnail pt-cv-thumb-default\" target=\"_self\" ><img loading=\"lazy\" decoding=\"async\" width=\"768\" height=\"432\" src=\"https:\/\/garageblogec.com\/wp-content\/uploads\/2026\/04\/WhatsApp-Image-2026-04-14-at-2.21.27-PM-768x432.jpeg\" class=\"pt-cv-thumbnail\" alt=\"\" \/><\/a><\/div>\n<div class=\"pt-cv-overlay-wrapper\"><div class=\"pt-cv-taxoterm above_title\"><a href='https:\/\/garageblogec.com\/?cat=27' title='Industria Nacional' class='pt-cv-tax-industria-nacional'>Industria Nacional<\/a><\/div><h4 class=\"pt-cv-title\"><a href=\"https:\/\/garageblogec.com\/?p=3291\" class=\"_self\" target=\"_self\" >Seguridad al volante en Ecuador: los errores m\u00e1s comunes que cometen los conductores<\/a><\/h4><div class=\"pt-cv-meta-fields\"><span class=\"entry-date\"> <time datetime=\"2026-04-14T20:08:54+00:00\">abril 14, 2026<\/time><\/span><span> \/ <\/span><span class=\"author\"> <a href=\"https:\/\/garageblogec.com\/?author=6\" rel=\"author\">gabi1212<\/a><\/span><\/div><\/div><\/div>\n<div class=\" pt-cv-content-item pt-cv-1-col\" ><div class=\"pt-cv-thumb-wrapper  \"><a href=\"https:\/\/garageblogec.com\/?p=3286\" class=\"_self pt-cv-href-thumbnail pt-cv-thumb-default\" target=\"_self\" ><img loading=\"lazy\" decoding=\"async\" width=\"768\" height=\"492\" src=\"https:\/\/garageblogec.com\/wp-content\/uploads\/2026\/04\/Posventa.jpg-768x492.jpeg\" class=\"pt-cv-thumbnail\" alt=\"\" \/><\/a><\/div>\n<div class=\"pt-cv-overlay-wrapper\"><div class=\"pt-cv-taxoterm above_title\"><a href='https:\/\/garageblogec.com\/?cat=27' title='Industria Nacional' class='pt-cv-tax-industria-nacional'>Industria Nacional<\/a><\/div><h4 class=\"pt-cv-title\"><a href=\"https:\/\/garageblogec.com\/?p=3286\" class=\"_self\" target=\"_self\" >Clientes Nissan reciben cambios de aceite infinitos<\/a><\/h4><div class=\"pt-cv-meta-fields\"><span class=\"entry-date\"> <time datetime=\"2026-04-14T20:04:08+00:00\">abril 14, 2026<\/time><\/span><span> \/ <\/span><span class=\"author\"> <a href=\"https:\/\/garageblogec.com\/?author=6\" rel=\"author\">gabi1212<\/a><\/span><\/div><\/div><\/div>\n<div class=\" pt-cv-content-item pt-cv-1-col\" ><div class=\"pt-cv-thumb-wrapper  \"><a href=\"https:\/\/garageblogec.com\/?p=3280\" class=\"_self pt-cv-href-thumbnail pt-cv-thumb-default\" target=\"_self\" ><img loading=\"lazy\" decoding=\"async\" width=\"768\" height=\"512\" src=\"https:\/\/garageblogec.com\/wp-content\/uploads\/2026\/04\/foto1-768x512.jpeg\" class=\"pt-cv-thumbnail\" alt=\"\" \/><\/a><\/div>\n<div class=\"pt-cv-overlay-wrapper\"><div class=\"pt-cv-taxoterm above_title\"><a href='https:\/\/garageblogec.com\/?cat=27' title='Industria Nacional' class='pt-cv-tax-industria-nacional'>Industria Nacional<\/a><\/div><h4 class=\"pt-cv-title\"><a href=\"https:\/\/garageblogec.com\/?p=3280\" class=\"_self\" target=\"_self\" >Movilidad como inversi\u00f3n: el uso de utilidades que crece en Ecuador<\/a><\/h4><div class=\"pt-cv-meta-fields\"><span class=\"entry-date\"> <time datetime=\"2026-04-07T19:55:36+00:00\">abril 7, 2026<\/time><\/span><span> \/ <\/span><span class=\"author\"> <a href=\"https:\/\/garageblogec.com\/?author=6\" rel=\"author\">gabi1212<\/a><\/span><\/div><\/div><\/div>\n<div class=\" pt-cv-content-item pt-cv-1-col\" ><div class=\"pt-cv-thumb-wrapper  \"><a href=\"https:\/\/garageblogec.com\/?p=3276\" class=\"_self pt-cv-href-thumbnail pt-cv-thumb-default\" target=\"_self\" ><img loading=\"lazy\" decoding=\"async\" width=\"745\" height=\"491\" src=\"https:\/\/garageblogec.com\/wp-content\/uploads\/2026\/04\/TT.png\" class=\"pt-cv-thumbnail\" alt=\"\" \/><\/a><\/div>\n<div class=\"pt-cv-overlay-wrapper\"><div class=\"pt-cv-taxoterm above_title\"><a href='https:\/\/garageblogec.com\/?cat=27' title='Industria Nacional' class='pt-cv-tax-industria-nacional'>Industria Nacional<\/a><\/div><h4 class=\"pt-cv-title\"><a href=\"https:\/\/garageblogec.com\/?p=3276\" class=\"_self\" target=\"_self\" >Lluvias en Ecuador: C\u00f3mo reducir riesgos en carretera y prevenir accidentes en calzada mojada<\/a><\/h4><div class=\"pt-cv-meta-fields\"><span class=\"entry-date\"> <time datetime=\"2026-04-07T19:46:52+00:00\">abril 7, 2026<\/time><\/span><span> \/ <\/span><span class=\"author\"> <a href=\"https:\/\/garageblogec.com\/?author=6\" rel=\"author\">gabi1212<\/a><\/span><\/div><\/div><\/div><\/div><\/div> <\/div> <style>\n#pt-cv-view-b8mmhoai .pt-cv-thumb-wrapper::before {background: rgba(0,0,0,.4); opacity: 0.8;}#pt-cv-view-b8mmhoai .pt-cv-overlay-wrapper {justify-content: center;}\n#pt-cv-view-b8mmhoai .pt-cv-meta-fields {  }#pt-cv-view-b8mmhoai .pt-cv-meta-fields * { font-size: 13px; }#pt-cv-view-b8mmhoai .pt-cv-title a { display: block; }#pt-cv-view-b8mmhoai .pt-cv-title:not(.pt-cv-titlesm) a { font-weight: 600;text-decoration: none;font-size: 20px; }#pt-cv-view-b8mmhoai .pt-cv-titlesm a { font-weight: 600;font-size: 18px; }#pt-cv-view-b8mmhoai .pt-cv-content { font-size: 15px; }#pt-cv-view-b8mmhoai .pt-cv-rmwrap {  }#pt-cv-view-b8mmhoai .pt-cv-readmore { color: #fff;background-color: #0075ff;font-size: 14px; }#pt-cv-view-b8mmhoai .pt-cv-taxoterm { margin: 0px 0px 20px 0px; }#pt-cv-view-b8mmhoai .pt-cv-taxoterm * { color: #222;background-color: #fff6f6;font-size: 14px; }#pt-cv-view-b8mmhoai + .pt-cv-pagination-wrapper {  }#pt-cv-view-b8mmhoai + .pt-cv-pagination-wrapper a { font-size: 14px; }#pt-cv-view-b8mmhoai > .pt-cv-page {grid-template-columns: repeat(3, 1fr);grid-auto-rows: 250px;grid-gap: 10px;}\n@media all and (max-width: 1024px) { \n#pt-cv-view-b8mmhoai > .pt-cv-page {}\n} \n@media all and (max-width: 767px) { \n#pt-cv-view-b8mmhoai > .pt-cv-page {grid-template-columns: repeat(1, 1fr);}\n} <\/style>","protected":false},"excerpt":{"rendered":"<p>El Cyberster fusiona herencia deportiva con tecnolog\u00eda el\u00e9ctrica de vanguardia para crear una experiencia de conducci\u00f3n emocionante y sostenible.<\/p>\n","protected":false},"author":6,"featured_media":1532,"comment_status":"open","ping_status":"open","sticky":false,"template":"","format":"standard","meta":{"_jetpack_memberships_contains_paid_content":false,"footnotes":""},"categories":[27],"tags":[],"class_list":["post-1531","post","type-post","status-publish","format-standard","has-post-thumbnail","hentry","category-industria-nacional"],"yoast_head":"<!-- This site is optimized with the Yoast SEO plugin v27.5 - https:\/\/yoast.com\/product\/yoast-seo-wordpress\/ -->\n<title>MG CYBERSTER: EL PRIMER ROADSTER EL\u00c9CTRICO CONVERTIBLE LLEGA A ECUADOR - Garage Blog Ecuador<\/title>\n<meta name=\"robots\" content=\"index, follow, max-snippet:-1, max-image-preview:large, max-video-preview:-1\" \/>\n<link rel=\"canonical\" href=\"https:\/\/garageblogec.com\/?p=1531\" \/>\n<meta property=\"og:locale\" content=\"es_ES\" \/>\n<meta property=\"og:type\" content=\"article\" \/>\n<meta property=\"og:title\" content=\"MG CYBERSTER: EL PRIMER ROADSTER EL\u00c9CTRICO CONVERTIBLE LLEGA A ECUADOR - Garage Blog Ecuador\" \/>\n<meta property=\"og:description\" content=\"El Cyberster fusiona herencia deportiva con tecnolog\u00eda el\u00e9ctrica de vanguardia para crear una experiencia de conducci\u00f3n emocionante y sostenible.\" \/>\n<meta property=\"og:url\" content=\"https:\/\/garageblogec.com\/?p=1531\" \/>\n<meta property=\"og:site_name\" content=\"Garage Blog Ecuador\" \/>\n<meta property=\"article:published_time\" content=\"2025-02-04T15:53:55+00:00\" \/>\n<meta property=\"article:modified_time\" content=\"2025-02-04T15:54:00+00:00\" \/>\n<meta property=\"og:image\" content=\"https:\/\/garageblogec.com\/wp-content\/uploads\/2025\/02\/compare-cyberster-single.jpg\" \/>\n\t<meta property=\"og:image:width\" content=\"1600\" \/>\n\t<meta property=\"og:image:height\" content=\"987\" \/>\n\t<meta property=\"og:image:type\" content=\"image\/jpeg\" \/>\n<meta name=\"author\" content=\"gabi1212\" \/>\n<meta name=\"twitter:card\" content=\"summary_large_image\" \/>\n<meta name=\"twitter:label1\" content=\"Escrito por\" \/>\n\t<meta name=\"twitter:data1\" content=\"gabi1212\" \/>\n\t<meta name=\"twitter:label2\" content=\"Tiempo de lectura\" \/>\n\t<meta name=\"twitter:data2\" content=\"4 minutos\" \/>\n<script type=\"application\/ld+json\" class=\"yoast-schema-graph\">{\"@context\":\"https:\\\/\\\/schema.org\",\"@graph\":[{\"@type\":\"Article\",\"@id\":\"https:\\\/\\\/garageblogec.com\\\/?p=1531#article\",\"isPartOf\":{\"@id\":\"https:\\\/\\\/garageblogec.com\\\/?p=1531\"},\"author\":{\"name\":\"gabi1212\",\"@id\":\"https:\\\/\\\/garageblogec.com\\\/#\\\/schema\\\/person\\\/635f4b76c0cb3e43b82fe6f7d8bcceea\"},\"headline\":\"MG CYBERSTER: EL PRIMER ROADSTER EL\u00c9CTRICO CONVERTIBLE LLEGA A ECUADOR\",\"datePublished\":\"2025-02-04T15:53:55+00:00\",\"dateModified\":\"2025-02-04T15:54:00+00:00\",\"mainEntityOfPage\":{\"@id\":\"https:\\\/\\\/garageblogec.com\\\/?p=1531\"},\"wordCount\":593,\"commentCount\":0,\"publisher\":{\"@id\":\"https:\\\/\\\/garageblogec.com\\\/#organization\"},\"image\":{\"@id\":\"https:\\\/\\\/garageblogec.com\\\/?p=1531#primaryimage\"},\"thumbnailUrl\":\"https:\\\/\\\/garageblogec.com\\\/wp-content\\\/uploads\\\/2025\\\/02\\\/compare-cyberster-single.jpg\",\"articleSection\":[\"Industria Nacional\"],\"inLanguage\":\"es\",\"potentialAction\":[{\"@type\":\"CommentAction\",\"name\":\"Comment\",\"target\":[\"https:\\\/\\\/garageblogec.com\\\/?p=1531#respond\"]}]},{\"@type\":\"WebPage\",\"@id\":\"https:\\\/\\\/garageblogec.com\\\/?p=1531\",\"url\":\"https:\\\/\\\/garageblogec.com\\\/?p=1531\",\"name\":\"MG CYBERSTER: EL PRIMER ROADSTER EL\u00c9CTRICO CONVERTIBLE LLEGA A ECUADOR - Garage Blog Ecuador\",\"isPartOf\":{\"@id\":\"https:\\\/\\\/garageblogec.com\\\/#website\"},\"primaryImageOfPage\":{\"@id\":\"https:\\\/\\\/garageblogec.com\\\/?p=1531#primaryimage\"},\"image\":{\"@id\":\"https:\\\/\\\/garageblogec.com\\\/?p=1531#primaryimage\"},\"thumbnailUrl\":\"https:\\\/\\\/garageblogec.com\\\/wp-content\\\/uploads\\\/2025\\\/02\\\/compare-cyberster-single.jpg\",\"datePublished\":\"2025-02-04T15:53:55+00:00\",\"dateModified\":\"2025-02-04T15:54:00+00:00\",\"breadcrumb\":{\"@id\":\"https:\\\/\\\/garageblogec.com\\\/?p=1531#breadcrumb\"},\"inLanguage\":\"es\",\"potentialAction\":[{\"@type\":\"ReadAction\",\"target\":[\"https:\\\/\\\/garageblogec.com\\\/?p=1531\"]}]},{\"@type\":\"ImageObject\",\"inLanguage\":\"es\",\"@id\":\"https:\\\/\\\/garageblogec.com\\\/?p=1531#primaryimage\",\"url\":\"https:\\\/\\\/garageblogec.com\\\/wp-content\\\/uploads\\\/2025\\\/02\\\/compare-cyberster-single.jpg\",\"contentUrl\":\"https:\\\/\\\/garageblogec.com\\\/wp-content\\\/uploads\\\/2025\\\/02\\\/compare-cyberster-single.jpg\",\"width\":1600,\"height\":987},{\"@type\":\"BreadcrumbList\",\"@id\":\"https:\\\/\\\/garageblogec.com\\\/?p=1531#breadcrumb\",\"itemListElement\":[{\"@type\":\"ListItem\",\"position\":1,\"name\":\"Portada\",\"item\":\"https:\\\/\\\/garageblogec.com\\\/\"},{\"@type\":\"ListItem\",\"position\":2,\"name\":\"MG CYBERSTER: EL PRIMER ROADSTER EL\u00c9CTRICO CONVERTIBLE LLEGA A ECUADOR\"}]},{\"@type\":\"WebSite\",\"@id\":\"https:\\\/\\\/garageblogec.com\\\/#website\",\"url\":\"https:\\\/\\\/garageblogec.com\\\/\",\"name\":\"Garage Blog Ecuador\",\"description\":\"Alucinamos por los autos \",\"publisher\":{\"@id\":\"https:\\\/\\\/garageblogec.com\\\/#organization\"},\"potentialAction\":[{\"@type\":\"SearchAction\",\"target\":{\"@type\":\"EntryPoint\",\"urlTemplate\":\"https:\\\/\\\/garageblogec.com\\\/?s={search_term_string}\"},\"query-input\":{\"@type\":\"PropertyValueSpecification\",\"valueRequired\":true,\"valueName\":\"search_term_string\"}}],\"inLanguage\":\"es\"},{\"@type\":\"Organization\",\"@id\":\"https:\\\/\\\/garageblogec.com\\\/#organization\",\"name\":\"Garage Blog Ecuador\",\"url\":\"https:\\\/\\\/garageblogec.com\\\/\",\"logo\":{\"@type\":\"ImageObject\",\"inLanguage\":\"es\",\"@id\":\"https:\\\/\\\/garageblogec.com\\\/#\\\/schema\\\/logo\\\/image\\\/\",\"url\":\"https:\\\/\\\/garageblogec.com\\\/wp-content\\\/uploads\\\/2024\\\/02\\\/cropped-logo-png-para-blog.webp\",\"contentUrl\":\"https:\\\/\\\/garageblogec.com\\\/wp-content\\\/uploads\\\/2024\\\/02\\\/cropped-logo-png-para-blog.webp\",\"width\":840,\"height\":556,\"caption\":\"Garage Blog Ecuador \"},\"image\":{\"@id\":\"https:\\\/\\\/garageblogec.com\\\/#\\\/schema\\\/logo\\\/image\\\/\"}},{\"@type\":\"Person\",\"@id\":\"https:\\\/\\\/garageblogec.com\\\/#\\\/schema\\\/person\\\/635f4b76c0cb3e43b82fe6f7d8bcceea\",\"name\":\"gabi1212\",\"image\":{\"@type\":\"ImageObject\",\"inLanguage\":\"es\",\"@id\":\"https:\\\/\\\/secure.gravatar.com\\\/avatar\\\/6aa491f45cb359d4d6dd8c430e83f78899c80569c27d21156e19bbdcd31d1811?s=96&d=mm&r=g\",\"url\":\"https:\\\/\\\/secure.gravatar.com\\\/avatar\\\/6aa491f45cb359d4d6dd8c430e83f78899c80569c27d21156e19bbdcd31d1811?s=96&d=mm&r=g\",\"contentUrl\":\"https:\\\/\\\/secure.gravatar.com\\\/avatar\\\/6aa491f45cb359d4d6dd8c430e83f78899c80569c27d21156e19bbdcd31d1811?s=96&d=mm&r=g\",\"caption\":\"gabi1212\"},\"url\":\"https:\\\/\\\/garageblogec.com\\\/?author=6\"}]}<\/script>\n<!-- \/ Yoast SEO plugin. -->","yoast_head_json":{"title":"MG CYBERSTER: EL PRIMER ROADSTER EL\u00c9CTRICO CONVERTIBLE LLEGA A ECUADOR - Garage Blog Ecuador","robots":{"index":"index","follow":"follow","max-snippet":"max-snippet:-1","max-image-preview":"max-image-preview:large","max-video-preview":"max-video-preview:-1"},"canonical":"https:\/\/garageblogec.com\/?p=1531","og_locale":"es_ES","og_type":"article","og_title":"MG CYBERSTER: EL PRIMER ROADSTER EL\u00c9CTRICO CONVERTIBLE LLEGA A ECUADOR - Garage Blog Ecuador","og_description":"El Cyberster fusiona herencia deportiva con tecnolog\u00eda el\u00e9ctrica de vanguardia para crear una experiencia de conducci\u00f3n emocionante y sostenible.","og_url":"https:\/\/garageblogec.com\/?p=1531","og_site_name":"Garage Blog Ecuador","article_published_time":"2025-02-04T15:53:55+00:00","article_modified_time":"2025-02-04T15:54:00+00:00","og_image":[{"width":1600,"height":987,"url":"https:\/\/garageblogec.com\/wp-content\/uploads\/2025\/02\/compare-cyberster-single.jpg","type":"image\/jpeg"}],"author":"gabi1212","twitter_card":"summary_large_image","twitter_misc":{"Escrito por":"gabi1212","Tiempo de lectura":"4 minutos"},"schema":{"@context":"https:\/\/schema.org","@graph":[{"@type":"Article","@id":"https:\/\/garageblogec.com\/?p=1531#article","isPartOf":{"@id":"https:\/\/garageblogec.com\/?p=1531"},"author":{"name":"gabi1212","@id":"https:\/\/garageblogec.com\/#\/schema\/person\/635f4b76c0cb3e43b82fe6f7d8bcceea"},"headline":"MG CYBERSTER: EL PRIMER ROADSTER EL\u00c9CTRICO CONVERTIBLE LLEGA A ECUADOR","datePublished":"2025-02-04T15:53:55+00:00","dateModified":"2025-02-04T15:54:00+00:00","mainEntityOfPage":{"@id":"https:\/\/garageblogec.com\/?p=1531"},"wordCount":593,"commentCount":0,"publisher":{"@id":"https:\/\/garageblogec.com\/#organization"},"image":{"@id":"https:\/\/garageblogec.com\/?p=1531#primaryimage"},"thumbnailUrl":"https:\/\/garageblogec.com\/wp-content\/uploads\/2025\/02\/compare-cyberster-single.jpg","articleSection":["Industria Nacional"],"inLanguage":"es","potentialAction":[{"@type":"CommentAction","name":"Comment","target":["https:\/\/garageblogec.com\/?p=1531#respond"]}]},{"@type":"WebPage","@id":"https:\/\/garageblogec.com\/?p=1531","url":"https:\/\/garageblogec.com\/?p=1531","name":"MG CYBERSTER: EL PRIMER ROADSTER EL\u00c9CTRICO CONVERTIBLE LLEGA A ECUADOR - Garage Blog Ecuador","isPartOf":{"@id":"https:\/\/garageblogec.com\/#website"},"primaryImageOfPage":{"@id":"https:\/\/garageblogec.com\/?p=1531#primaryimage"},"image":{"@id":"https:\/\/garageblogec.com\/?p=1531#primaryimage"},"thumbnailUrl":"https:\/\/garageblogec.com\/wp-content\/uploads\/2025\/02\/compare-cyberster-single.jpg","datePublished":"2025-02-04T15:53:55+00:00","dateModified":"2025-02-04T15:54:00+00:00","breadcrumb":{"@id":"https:\/\/garageblogec.com\/?p=1531#breadcrumb"},"inLanguage":"es","potentialAction":[{"@type":"ReadAction","target":["https:\/\/garageblogec.com\/?p=1531"]}]},{"@type":"ImageObject","inLanguage":"es","@id":"https:\/\/garageblogec.com\/?p=1531#primaryimage","url":"https:\/\/garageblogec.com\/wp-content\/uploads\/2025\/02\/compare-cyberster-single.jpg","contentUrl":"https:\/\/garageblogec.com\/wp-content\/uploads\/2025\/02\/compare-cyberster-single.jpg","width":1600,"height":987},{"@type":"BreadcrumbList","@id":"https:\/\/garageblogec.com\/?p=1531#breadcrumb","itemListElement":[{"@type":"ListItem","position":1,"name":"Portada","item":"https:\/\/garageblogec.com\/"},{"@type":"ListItem","position":2,"name":"MG CYBERSTER: EL PRIMER ROADSTER EL\u00c9CTRICO CONVERTIBLE LLEGA A ECUADOR"}]},{"@type":"WebSite","@id":"https:\/\/garageblogec.com\/#website","url":"https:\/\/garageblogec.com\/","name":"Garage Blog Ecuador","description":"Alucinamos por los autos ","publisher":{"@id":"https:\/\/garageblogec.com\/#organization"},"potentialAction":[{"@type":"SearchAction","target":{"@type":"EntryPoint","urlTemplate":"https:\/\/garageblogec.com\/?s={search_term_string}"},"query-input":{"@type":"PropertyValueSpecification","valueRequired":true,"valueName":"search_term_string"}}],"inLanguage":"es"},{"@type":"Organization","@id":"https:\/\/garageblogec.com\/#organization","name":"Garage Blog Ecuador","url":"https:\/\/garageblogec.com\/","logo":{"@type":"ImageObject","inLanguage":"es","@id":"https:\/\/garageblogec.com\/#\/schema\/logo\/image\/","url":"https:\/\/garageblogec.com\/wp-content\/uploads\/2024\/02\/cropped-logo-png-para-blog.webp","contentUrl":"https:\/\/garageblogec.com\/wp-content\/uploads\/2024\/02\/cropped-logo-png-para-blog.webp","width":840,"height":556,"caption":"Garage Blog Ecuador "},"image":{"@id":"https:\/\/garageblogec.com\/#\/schema\/logo\/image\/"}},{"@type":"Person","@id":"https:\/\/garageblogec.com\/#\/schema\/person\/635f4b76c0cb3e43b82fe6f7d8bcceea","name":"gabi1212","image":{"@type":"ImageObject","inLanguage":"es","@id":"https:\/\/secure.gravatar.com\/avatar\/6aa491f45cb359d4d6dd8c430e83f78899c80569c27d21156e19bbdcd31d1811?s=96&d=mm&r=g","url":"https:\/\/secure.gravatar.com\/avatar\/6aa491f45cb359d4d6dd8c430e83f78899c80569c27d21156e19bbdcd31d1811?s=96&d=mm&r=g","contentUrl":"https:\/\/secure.gravatar.com\/avatar\/6aa491f45cb359d4d6dd8c430e83f78899c80569c27d21156e19bbdcd31d1811?s=96&d=mm&r=g","caption":"gabi1212"},"url":"https:\/\/garageblogec.com\/?author=6"}]}},"jetpack_featured_media_url":"https:\/\/garageblogec.com\/wp-content\/uploads\/2025\/02\/compare-cyberster-single.jpg","jetpack_sharing_enabled":true,"_links":{"self":[{"href":"https:\/\/garageblogec.com\/index.php?rest_route=\/wp\/v2\/posts\/1531","targetHints":{"allow":["GET"]}}],"collection":[{"href":"https:\/\/garageblogec.com\/index.php?rest_route=\/wp\/v2\/posts"}],"about":[{"href":"https:\/\/garageblogec.com\/index.php?rest_route=\/wp\/v2\/types\/post"}],"author":[{"embeddable":true,"href":"https:\/\/garageblogec.com\/index.php?rest_route=\/wp\/v2\/users\/6"}],"replies":[{"embeddable":true,"href":"https:\/\/garageblogec.com\/index.php?rest_route=%2Fwp%2Fv2%2Fcomments&post=1531"}],"version-history":[{"count":1,"href":"https:\/\/garageblogec.com\/index.php?rest_route=\/wp\/v2\/posts\/1531\/revisions"}],"predecessor-version":[{"id":1536,"href":"https:\/\/garageblogec.com\/index.php?rest_route=\/wp\/v2\/posts\/1531\/revisions\/1536"}],"wp:featuredmedia":[{"embeddable":true,"href":"https:\/\/garageblogec.com\/index.php?rest_route=\/wp\/v2\/media\/1532"}],"wp:attachment":[{"href":"https:\/\/garageblogec.com\/index.php?rest_route=%2Fwp%2Fv2%2Fmedia&parent=1531"}],"wp:term":[{"taxonomy":"category","embeddable":true,"href":"https:\/\/garageblogec.com\/index.php?rest_route=%2Fwp%2Fv2%2Fcategories&post=1531"},{"taxonomy":"post_tag","embeddable":true,"href":"https:\/\/garageblogec.com\/index.php?rest_route=%2Fwp%2Fv2%2Ftags&post=1531"}],"curies":[{"name":"wp","href":"https:\/\/api.w.org\/{rel}","templated":true}]}}