{"id":1492,"date":"2025-01-31T16:44:01","date_gmt":"2025-01-31T16:44:01","guid":{"rendered":"https:\/\/garageblogec.com\/?p=1492"},"modified":"2025-01-31T16:50:07","modified_gmt":"2025-01-31T16:50:07","slug":"calendario-de-competencias-4x4-extremo-y-4x4-c-para-2025-en-ecuador-fedak-anuncia-las-fechas-oficiales","status":"publish","type":"post","link":"https:\/\/garageblogec.com\/?p=1492","title":{"rendered":"Calendario de Competencias 4&#215;4 Extremo y 4&#215;4-C para 2025 en Ecuador: FEDAK Anuncia las Fechas Oficiales"},"content":{"rendered":"\n<p><\/p>\n\n\n\n<p>La Federaci\u00f3n Ecuatoriana de Automovilismo y Kartismo (FEDAK), a trav\u00e9s de su Comisi\u00f3n Nacional de 4&#215;4 (CN4x4), ha presentado el calendario oficial de competencias para el a\u00f1o 2025. Este anuncio confirma una intensa agenda de actividades en las categor\u00edas de 4&#215;4 extremo y 4&#215;4-C, a distintas regiones del pa\u00eds para fortalecer la cultura automovil\u00edstica ecuatoriana.<\/p>\n\n\n\n<figure class=\"wp-block-image size-large\"><img fetchpriority=\"high\" decoding=\"async\" width=\"1024\" height=\"576\" src=\"https:\/\/garageblogec.com\/wp-content\/uploads\/2025\/01\/WhatsApp-Image-2025-01-31-at-11.40.09-AM-1024x576.jpeg\" alt=\"\" class=\"wp-image-1493\" srcset=\"https:\/\/garageblogec.com\/wp-content\/uploads\/2025\/01\/WhatsApp-Image-2025-01-31-at-11.40.09-AM-1024x576.jpeg 1024w, https:\/\/garageblogec.com\/wp-content\/uploads\/2025\/01\/WhatsApp-Image-2025-01-31-at-11.40.09-AM-300x169.jpeg 300w, https:\/\/garageblogec.com\/wp-content\/uploads\/2025\/01\/WhatsApp-Image-2025-01-31-at-11.40.09-AM-768x432.jpeg 768w, https:\/\/garageblogec.com\/wp-content\/uploads\/2025\/01\/WhatsApp-Image-2025-01-31-at-11.40.09-AM.jpeg 1280w\" sizes=\"(max-width: 1024px) 100vw, 1024px\" \/><\/figure>\n\n\n\n<p><strong>Competencias en la Amazon\u00eda<\/strong><br>El calendario arranca el 15 de febrero en Tena, marcando el inicio de la temporada en la regi\u00f3n amaz\u00f3nica. Las pruebas continuar\u00e1n en ciudades como Coca, Puyo, Macas y Zamora, sumando un total de ocho fechas en esta zona. Estas competencias prometen desafiar las habilidades de los pilotos en terrenos h\u00famedos y selv\u00e1ticos, caracter\u00edsticos de esta regi\u00f3n.<\/p>\n\n\n\n<p><strong>La Sierra toma protagonismo<\/strong><br>El 16 de febrero comienza la serie de competencias en la regi\u00f3n sierra, iniciando en Chaltura. Le seguir\u00e1n escenarios ic\u00f3nicos como Salinas, Cotacachi, Pintag y Tabacundo. Las condiciones monta\u00f1osas y los variados climas de esta regi\u00f3n a\u00f1aden una dimensi\u00f3n estrat\u00e9gica a cada carrera, exigiendo precisi\u00f3n y destreza.<\/p>\n\n\n\n<figure class=\"wp-block-image size-large\"><a href=\"https:\/\/www.kia.com\/ec\/showroom\/sportage-nq5\/features.html\"><img decoding=\"async\" width=\"1024\" height=\"257\" src=\"https:\/\/garageblogec.com\/wp-content\/uploads\/2025\/01\/Banner-2056x516-1-1024x257.png\" alt=\"\" class=\"wp-image-1445\" srcset=\"https:\/\/garageblogec.com\/wp-content\/uploads\/2025\/01\/Banner-2056x516-1-1024x257.png 1024w, https:\/\/garageblogec.com\/wp-content\/uploads\/2025\/01\/Banner-2056x516-1-300x75.png 300w, https:\/\/garageblogec.com\/wp-content\/uploads\/2025\/01\/Banner-2056x516-1-768x193.png 768w, https:\/\/garageblogec.com\/wp-content\/uploads\/2025\/01\/Banner-2056x516-1-1536x386.png 1536w, https:\/\/garageblogec.com\/wp-content\/uploads\/2025\/01\/Banner-2056x516-1-2048x515.png 2048w, https:\/\/garageblogec.com\/wp-content\/uploads\/2025\/01\/Banner-2056x516-1-1320x332.png 1320w\" sizes=\"(max-width: 1024px) 100vw, 1024px\" \/><\/a><\/figure>\n\n\n\n<p><strong>Desaf\u00edos en la Costa<\/strong><br>La acci\u00f3n se traslada a la regi\u00f3n costa el 2 de marzo, en Tonchig\u00fce, para dar inicio a un calendario repleto de adrenalina en esta zona. Puerto Viejo, Esmeraldas y Santo Domingo ser\u00e1n algunas de las paradas clave, donde los terrenos arenosos y la humedad pondr\u00e1n a prueba tanto a pilotos como a sus veh\u00edculos.<\/p>\n\n\n\n<p><strong>Instancias Nacionales<\/strong><br>Las semifinales nacionales tendr\u00e1n lugar el 8 y el 23 de noviembre en Tena y Natabuela respectivamente. Finalmente, la gran final est\u00e1 programada para el 7 de diciembre en El Carmen, un lugar emblem\u00e1tico para el automovilismo ecuatoriano.<\/p>\n\n\n\n<figure class=\"wp-block-image size-large\"><img decoding=\"async\" width=\"1024\" height=\"636\" src=\"https:\/\/garageblogec.com\/wp-content\/uploads\/2025\/01\/WhatsApp-Image-2025-01-31-at-11.40.10-AM-1024x636.jpeg\" alt=\"\" class=\"wp-image-1494\" srcset=\"https:\/\/garageblogec.com\/wp-content\/uploads\/2025\/01\/WhatsApp-Image-2025-01-31-at-11.40.10-AM-1024x636.jpeg 1024w, https:\/\/garageblogec.com\/wp-content\/uploads\/2025\/01\/WhatsApp-Image-2025-01-31-at-11.40.10-AM-300x186.jpeg 300w, https:\/\/garageblogec.com\/wp-content\/uploads\/2025\/01\/WhatsApp-Image-2025-01-31-at-11.40.10-AM-768x477.jpeg 768w, https:\/\/garageblogec.com\/wp-content\/uploads\/2025\/01\/WhatsApp-Image-2025-01-31-at-11.40.10-AM.jpeg 1280w\" sizes=\"(max-width: 1024px) 100vw, 1024px\" \/><\/figure>\n\n\n\n<p>Una competencia para la comunidad automovil\u00edstica<br>FEDAK busca no solo promover la competitividad, sino tambi\u00e9n fomentar una comunidad automovil\u00edstica m\u00e1s cohesionada. El calendario de competencias es una oportunidad para que pilotos, mec\u00e1nicos y aficionados compartan su pasi\u00f3n por el automovilismo extremo.<\/p>\n\n\n\n<p><strong>Expectativas altas para 2025<\/strong><br>Con un total de 30 fechas a nivel regional y nacional, se espera que la temporada 2025 supere las expectativas tanto de los competidores como del p\u00fablico. Las competencias en la modalidad 4&#215;4 son conocidas por su alto nivel t\u00e9cnico y el desaf\u00edo que representa para los equipos.<\/p>\n\n\n\n<figure class=\"wp-block-image size-large\"><img loading=\"lazy\" decoding=\"async\" width=\"896\" height=\"1024\" src=\"https:\/\/garageblogec.com\/wp-content\/uploads\/2025\/01\/WhatsApp-Image-2025-01-31-at-11.22.37-AM-896x1024.jpeg\" alt=\"\" class=\"wp-image-1495\" srcset=\"https:\/\/garageblogec.com\/wp-content\/uploads\/2025\/01\/WhatsApp-Image-2025-01-31-at-11.22.37-AM-896x1024.jpeg 896w, https:\/\/garageblogec.com\/wp-content\/uploads\/2025\/01\/WhatsApp-Image-2025-01-31-at-11.22.37-AM-263x300.jpeg 263w, https:\/\/garageblogec.com\/wp-content\/uploads\/2025\/01\/WhatsApp-Image-2025-01-31-at-11.22.37-AM-768x878.jpeg 768w, https:\/\/garageblogec.com\/wp-content\/uploads\/2025\/01\/WhatsApp-Image-2025-01-31-at-11.22.37-AM.jpeg 1120w\" sizes=\"(max-width: 896px) 100vw, 896px\" \/><\/figure>\n\n\n\n<p><strong>Impacto econ\u00f3mico y social<\/strong><br>Este calendario no solo impulsa el deporte motor, sino tambi\u00e9n el turismo local y la econom\u00eda en cada regi\u00f3n anfitriona. Las competencias atraen visitantes, lo que genera ingresos para sectores como hoteler\u00eda, gastronom\u00eda y servicios generales.<\/p>\n\n\n\n<figure class=\"wp-block-image size-full\"><img loading=\"lazy\" decoding=\"async\" width=\"960\" height=\"641\" src=\"https:\/\/garageblogec.com\/wp-content\/uploads\/2025\/01\/WhatsApp-Image-2025-01-31-at-11.39.51-AM.jpeg\" alt=\"\" class=\"wp-image-1496\" srcset=\"https:\/\/garageblogec.com\/wp-content\/uploads\/2025\/01\/WhatsApp-Image-2025-01-31-at-11.39.51-AM.jpeg 960w, https:\/\/garageblogec.com\/wp-content\/uploads\/2025\/01\/WhatsApp-Image-2025-01-31-at-11.39.51-AM-300x200.jpeg 300w, https:\/\/garageblogec.com\/wp-content\/uploads\/2025\/01\/WhatsApp-Image-2025-01-31-at-11.39.51-AM-768x513.jpeg 768w\" sizes=\"(max-width: 960px) 100vw, 960px\" \/><\/figure>\n\n\n\n<p><strong>Seguridad y cumplimiento normativo<\/strong><br>FEDAK subraya que todas las fechas est\u00e1n sujetas a las disposiciones de las autoridades competentes para garantizar la seguridad de los participantes y el p\u00fablico asistente.<\/p>\n\n\n\n<p>Todo listo para el rugir de los motores<br>Con un calendario s\u00f3lido y variado, la temporada 2025 promete ser un espect\u00e1culo imperdible para los amantes del 4&#215;4 en Ecuador. La comunidad automovil\u00edstica est\u00e1 lista para vivir jornadas llenas de velocidad, t\u00e9cnica y adrenalina.<\/p>\n\n\n<div class='pt-cv-wrapper'> <h3 class='pt-cv-heading-container heading1' data-blockid='mn3ga7wf'><span class='pt-cv-heading'> Overlay1 <\/span><\/h3><div class=\"pt-cv-view pt-cv-overlaygrid iscvblock iscvreal overlay1 layout1\" id=\"pt-cv-view-mn3ga7wf\"><div data-id=\"pt-cv-page-1\" class=\"pt-cv-page\" data-cvc=\"3\"><div class=\" pt-cv-content-item pt-cv-1-col\" ><div class=\"pt-cv-thumb-wrapper  \"><a href=\"https:\/\/garageblogec.com\/?p=3303\" class=\"_self pt-cv-href-thumbnail pt-cv-thumb-default\" target=\"_self\" ><img loading=\"lazy\" decoding=\"async\" width=\"768\" height=\"432\" src=\"https:\/\/garageblogec.com\/wp-content\/uploads\/2026\/04\/WhatsApp-Image-2026-04-21-at-1.52.53-PM-768x432.jpeg\" class=\"pt-cv-thumbnail\" alt=\"\" \/><\/a><\/div>\n<div class=\"pt-cv-overlay-wrapper\"><div class=\"pt-cv-taxoterm above_title\"><a href='https:\/\/garageblogec.com\/?cat=27' title='Industria Nacional' class='pt-cv-tax-industria-nacional'>Industria Nacional<\/a><\/div><h4 class=\"pt-cv-title\"><a href=\"https:\/\/garageblogec.com\/?p=3303\" class=\"_self\" target=\"_self\" >Grupo Ambacar presenta en Guayaquil KGM, su nueva marca de SUV h\u00edbridos con respaldo global<\/a><\/h4><div class=\"pt-cv-meta-fields\"><span class=\"entry-date\"> <time datetime=\"2026-04-21T21:37:24+00:00\">abril 21, 2026<\/time><\/span><span> \/ <\/span><span class=\"author\"> <a href=\"https:\/\/garageblogec.com\/?author=6\" rel=\"author\">gabi1212<\/a><\/span><\/div><\/div><\/div>\n<div class=\" pt-cv-content-item pt-cv-1-col\" ><div class=\"pt-cv-thumb-wrapper  \"><a href=\"https:\/\/garageblogec.com\/?p=3296\" class=\"_self pt-cv-href-thumbnail pt-cv-thumb-default\" target=\"_self\" ><img loading=\"lazy\" decoding=\"async\" width=\"768\" height=\"432\" src=\"https:\/\/garageblogec.com\/wp-content\/uploads\/2026\/04\/WhatsApp-Image-2026-04-14-at-3.15.09-PM-768x432.jpeg\" class=\"pt-cv-thumbnail\" alt=\"\" \/><\/a><\/div>\n<div class=\"pt-cv-overlay-wrapper\"><div class=\"pt-cv-taxoterm above_title\"><a href='https:\/\/garageblogec.com\/?cat=27' title='Industria Nacional' class='pt-cv-tax-industria-nacional'>Industria Nacional<\/a><\/div><h4 class=\"pt-cv-title\"><a href=\"https:\/\/garageblogec.com\/?p=3296\" class=\"_self\" target=\"_self\" >El tablero desapareci\u00f3, ahora el auto es una pantalla inteligente<\/a><\/h4><div class=\"pt-cv-meta-fields\"><span class=\"entry-date\"> <time datetime=\"2026-04-14T20:21:20+00:00\">abril 14, 2026<\/time><\/span><span> \/ <\/span><span class=\"author\"> <a href=\"https:\/\/garageblogec.com\/?author=6\" rel=\"author\">gabi1212<\/a><\/span><\/div><\/div><\/div>\n<div class=\" pt-cv-content-item pt-cv-1-col\" ><div class=\"pt-cv-thumb-wrapper  \"><a href=\"https:\/\/garageblogec.com\/?p=3291\" class=\"_self pt-cv-href-thumbnail pt-cv-thumb-default\" target=\"_self\" ><img loading=\"lazy\" decoding=\"async\" width=\"768\" height=\"432\" src=\"https:\/\/garageblogec.com\/wp-content\/uploads\/2026\/04\/WhatsApp-Image-2026-04-14-at-2.21.27-PM-768x432.jpeg\" class=\"pt-cv-thumbnail\" alt=\"\" \/><\/a><\/div>\n<div class=\"pt-cv-overlay-wrapper\"><div class=\"pt-cv-taxoterm above_title\"><a href='https:\/\/garageblogec.com\/?cat=27' title='Industria Nacional' class='pt-cv-tax-industria-nacional'>Industria Nacional<\/a><\/div><h4 class=\"pt-cv-title\"><a href=\"https:\/\/garageblogec.com\/?p=3291\" class=\"_self\" target=\"_self\" >Seguridad al volante en Ecuador: los errores m\u00e1s comunes que cometen los conductores<\/a><\/h4><div class=\"pt-cv-meta-fields\"><span class=\"entry-date\"> <time datetime=\"2026-04-14T20:08:54+00:00\">abril 14, 2026<\/time><\/span><span> \/ <\/span><span class=\"author\"> <a href=\"https:\/\/garageblogec.com\/?author=6\" rel=\"author\">gabi1212<\/a><\/span><\/div><\/div><\/div>\n<div class=\" pt-cv-content-item pt-cv-1-col\" ><div class=\"pt-cv-thumb-wrapper  \"><a href=\"https:\/\/garageblogec.com\/?p=3286\" class=\"_self pt-cv-href-thumbnail pt-cv-thumb-default\" target=\"_self\" ><img loading=\"lazy\" decoding=\"async\" width=\"768\" height=\"492\" src=\"https:\/\/garageblogec.com\/wp-content\/uploads\/2026\/04\/Posventa.jpg-768x492.jpeg\" class=\"pt-cv-thumbnail\" alt=\"\" \/><\/a><\/div>\n<div class=\"pt-cv-overlay-wrapper\"><div class=\"pt-cv-taxoterm above_title\"><a href='https:\/\/garageblogec.com\/?cat=27' title='Industria Nacional' class='pt-cv-tax-industria-nacional'>Industria Nacional<\/a><\/div><h4 class=\"pt-cv-title\"><a href=\"https:\/\/garageblogec.com\/?p=3286\" class=\"_self\" target=\"_self\" >Clientes Nissan reciben cambios de aceite infinitos<\/a><\/h4><div class=\"pt-cv-meta-fields\"><span class=\"entry-date\"> <time datetime=\"2026-04-14T20:04:08+00:00\">abril 14, 2026<\/time><\/span><span> \/ <\/span><span class=\"author\"> <a href=\"https:\/\/garageblogec.com\/?author=6\" rel=\"author\">gabi1212<\/a><\/span><\/div><\/div><\/div>\n<div class=\" pt-cv-content-item pt-cv-1-col\" ><div class=\"pt-cv-thumb-wrapper  \"><a href=\"https:\/\/garageblogec.com\/?p=3280\" class=\"_self pt-cv-href-thumbnail pt-cv-thumb-default\" target=\"_self\" ><img loading=\"lazy\" decoding=\"async\" width=\"768\" height=\"512\" src=\"https:\/\/garageblogec.com\/wp-content\/uploads\/2026\/04\/foto1-768x512.jpeg\" class=\"pt-cv-thumbnail\" alt=\"\" \/><\/a><\/div>\n<div class=\"pt-cv-overlay-wrapper\"><div class=\"pt-cv-taxoterm above_title\"><a href='https:\/\/garageblogec.com\/?cat=27' title='Industria Nacional' class='pt-cv-tax-industria-nacional'>Industria Nacional<\/a><\/div><h4 class=\"pt-cv-title\"><a href=\"https:\/\/garageblogec.com\/?p=3280\" class=\"_self\" target=\"_self\" >Movilidad como inversi\u00f3n: el uso de utilidades que crece en Ecuador<\/a><\/h4><div class=\"pt-cv-meta-fields\"><span class=\"entry-date\"> <time datetime=\"2026-04-07T19:55:36+00:00\">abril 7, 2026<\/time><\/span><span> \/ <\/span><span class=\"author\"> <a href=\"https:\/\/garageblogec.com\/?author=6\" rel=\"author\">gabi1212<\/a><\/span><\/div><\/div><\/div>\n<div class=\" pt-cv-content-item pt-cv-1-col\" ><div class=\"pt-cv-thumb-wrapper  \"><a href=\"https:\/\/garageblogec.com\/?p=3276\" class=\"_self pt-cv-href-thumbnail pt-cv-thumb-default\" target=\"_self\" ><img loading=\"lazy\" decoding=\"async\" width=\"745\" height=\"491\" src=\"https:\/\/garageblogec.com\/wp-content\/uploads\/2026\/04\/TT.png\" class=\"pt-cv-thumbnail\" alt=\"\" \/><\/a><\/div>\n<div class=\"pt-cv-overlay-wrapper\"><div class=\"pt-cv-taxoterm above_title\"><a href='https:\/\/garageblogec.com\/?cat=27' title='Industria Nacional' class='pt-cv-tax-industria-nacional'>Industria Nacional<\/a><\/div><h4 class=\"pt-cv-title\"><a href=\"https:\/\/garageblogec.com\/?p=3276\" class=\"_self\" target=\"_self\" >Lluvias en Ecuador: C\u00f3mo reducir riesgos en carretera y prevenir accidentes en calzada mojada<\/a><\/h4><div class=\"pt-cv-meta-fields\"><span class=\"entry-date\"> <time datetime=\"2026-04-07T19:46:52+00:00\">abril 7, 2026<\/time><\/span><span> \/ <\/span><span class=\"author\"> <a href=\"https:\/\/garageblogec.com\/?author=6\" rel=\"author\">gabi1212<\/a><\/span><\/div><\/div><\/div><\/div><\/div> <\/div> <style>\n#pt-cv-view-mn3ga7wf .pt-cv-thumb-wrapper::before {background: rgba(0,0,0,.4); opacity: 0.8;}#pt-cv-view-mn3ga7wf .pt-cv-overlay-wrapper {justify-content: center;}\n#pt-cv-view-mn3ga7wf .pt-cv-meta-fields {  }#pt-cv-view-mn3ga7wf .pt-cv-meta-fields * { font-size: 13px; }#pt-cv-view-mn3ga7wf .pt-cv-title a { display: block; }#pt-cv-view-mn3ga7wf .pt-cv-title:not(.pt-cv-titlesm) a { font-weight: 600;text-decoration: none;font-size: 20px; }#pt-cv-view-mn3ga7wf .pt-cv-titlesm a { font-weight: 600;font-size: 18px; }#pt-cv-view-mn3ga7wf .pt-cv-content { font-size: 15px; }#pt-cv-view-mn3ga7wf .pt-cv-rmwrap {  }#pt-cv-view-mn3ga7wf .pt-cv-readmore { color: #fff;background-color: #0075ff;font-size: 14px; }#pt-cv-view-mn3ga7wf .pt-cv-taxoterm { margin: 0px 0px 20px 0px; }#pt-cv-view-mn3ga7wf .pt-cv-taxoterm * { color: #222;background-color: #fff6f6;font-size: 14px; }#pt-cv-view-mn3ga7wf + .pt-cv-pagination-wrapper {  }#pt-cv-view-mn3ga7wf + .pt-cv-pagination-wrapper a { font-size: 14px; }#pt-cv-view-mn3ga7wf > .pt-cv-page {grid-template-columns: repeat(3, 1fr);grid-auto-rows: 250px;grid-gap: 10px;}\n@media all and (max-width: 1024px) { \n#pt-cv-view-mn3ga7wf > .pt-cv-page {}\n} \n@media all and (max-width: 767px) { \n#pt-cv-view-mn3ga7wf > .pt-cv-page {grid-template-columns: repeat(1, 1fr);}\n} <\/style>","protected":false},"excerpt":{"rendered":"<p>La Federaci\u00f3n Ecuatoriana de Automovilismo y Kartismo (FEDAK), a trav\u00e9s de su Comisi\u00f3n Nacional de 4&#215;4 (CN4x4), ha presentado el calendario oficial de competencias para el a\u00f1o 2025. Este anuncio confirma una intensa agenda de actividades en las categor\u00edas de 4&#215;4 extremo y 4&#215;4-C, a distintas regiones del pa\u00eds para fortalecer la cultura automovil\u00edstica ecuatoriana.<\/p>\n","protected":false},"author":6,"featured_media":1493,"comment_status":"open","ping_status":"open","sticky":false,"template":"","format":"standard","meta":{"_jetpack_memberships_contains_paid_content":false,"footnotes":""},"categories":[27],"tags":[],"class_list":["post-1492","post","type-post","status-publish","format-standard","has-post-thumbnail","hentry","category-industria-nacional"],"yoast_head":"<!-- This site is optimized with the Yoast SEO plugin v27.5 - https:\/\/yoast.com\/product\/yoast-seo-wordpress\/ -->\n<title>Calendario de Competencias 4x4 Extremo y 4x4-C para 2025 en Ecuador: FEDAK Anuncia las Fechas Oficiales - Garage Blog Ecuador<\/title>\n<meta name=\"robots\" content=\"index, follow, max-snippet:-1, max-image-preview:large, max-video-preview:-1\" \/>\n<link rel=\"canonical\" href=\"https:\/\/garageblogec.com\/?p=1492\" \/>\n<meta property=\"og:locale\" content=\"es_ES\" \/>\n<meta property=\"og:type\" content=\"article\" \/>\n<meta property=\"og:title\" content=\"Calendario de Competencias 4x4 Extremo y 4x4-C para 2025 en Ecuador: FEDAK Anuncia las Fechas Oficiales - Garage Blog Ecuador\" \/>\n<meta property=\"og:description\" content=\"La Federaci\u00f3n Ecuatoriana de Automovilismo y Kartismo (FEDAK), a trav\u00e9s de su Comisi\u00f3n Nacional de 4x4 (CN4x4), ha presentado el calendario oficial de competencias para el a\u00f1o 2025. Este anuncio confirma una intensa agenda de actividades en las categor\u00edas de 4x4 extremo y 4x4-C, a distintas regiones del pa\u00eds para fortalecer la cultura automovil\u00edstica ecuatoriana.\" \/>\n<meta property=\"og:url\" content=\"https:\/\/garageblogec.com\/?p=1492\" \/>\n<meta property=\"og:site_name\" content=\"Garage Blog Ecuador\" \/>\n<meta property=\"article:published_time\" content=\"2025-01-31T16:44:01+00:00\" \/>\n<meta property=\"article:modified_time\" content=\"2025-01-31T16:50:07+00:00\" \/>\n<meta property=\"og:image\" content=\"https:\/\/garageblogec.com\/wp-content\/uploads\/2025\/01\/WhatsApp-Image-2025-01-31-at-11.40.09-AM.jpeg\" \/>\n\t<meta property=\"og:image:width\" content=\"1280\" \/>\n\t<meta property=\"og:image:height\" content=\"720\" \/>\n\t<meta property=\"og:image:type\" content=\"image\/jpeg\" \/>\n<meta name=\"author\" content=\"gabi1212\" \/>\n<meta name=\"twitter:card\" content=\"summary_large_image\" \/>\n<meta name=\"twitter:label1\" content=\"Escrito por\" \/>\n\t<meta name=\"twitter:data1\" content=\"gabi1212\" \/>\n\t<meta name=\"twitter:label2\" content=\"Tiempo de lectura\" \/>\n\t<meta name=\"twitter:data2\" content=\"4 minutos\" \/>\n<script type=\"application\/ld+json\" class=\"yoast-schema-graph\">{\"@context\":\"https:\\\/\\\/schema.org\",\"@graph\":[{\"@type\":\"Article\",\"@id\":\"https:\\\/\\\/garageblogec.com\\\/?p=1492#article\",\"isPartOf\":{\"@id\":\"https:\\\/\\\/garageblogec.com\\\/?p=1492\"},\"author\":{\"name\":\"gabi1212\",\"@id\":\"https:\\\/\\\/garageblogec.com\\\/#\\\/schema\\\/person\\\/635f4b76c0cb3e43b82fe6f7d8bcceea\"},\"headline\":\"Calendario de Competencias 4&#215;4 Extremo y 4&#215;4-C para 2025 en Ecuador: FEDAK Anuncia las Fechas Oficiales\",\"datePublished\":\"2025-01-31T16:44:01+00:00\",\"dateModified\":\"2025-01-31T16:50:07+00:00\",\"mainEntityOfPage\":{\"@id\":\"https:\\\/\\\/garageblogec.com\\\/?p=1492\"},\"wordCount\":531,\"commentCount\":0,\"publisher\":{\"@id\":\"https:\\\/\\\/garageblogec.com\\\/#organization\"},\"image\":{\"@id\":\"https:\\\/\\\/garageblogec.com\\\/?p=1492#primaryimage\"},\"thumbnailUrl\":\"https:\\\/\\\/garageblogec.com\\\/wp-content\\\/uploads\\\/2025\\\/01\\\/WhatsApp-Image-2025-01-31-at-11.40.09-AM.jpeg\",\"articleSection\":[\"Industria Nacional\"],\"inLanguage\":\"es\",\"potentialAction\":[{\"@type\":\"CommentAction\",\"name\":\"Comment\",\"target\":[\"https:\\\/\\\/garageblogec.com\\\/?p=1492#respond\"]}]},{\"@type\":\"WebPage\",\"@id\":\"https:\\\/\\\/garageblogec.com\\\/?p=1492\",\"url\":\"https:\\\/\\\/garageblogec.com\\\/?p=1492\",\"name\":\"Calendario de Competencias 4x4 Extremo y 4x4-C para 2025 en Ecuador: FEDAK Anuncia las Fechas Oficiales - Garage Blog Ecuador\",\"isPartOf\":{\"@id\":\"https:\\\/\\\/garageblogec.com\\\/#website\"},\"primaryImageOfPage\":{\"@id\":\"https:\\\/\\\/garageblogec.com\\\/?p=1492#primaryimage\"},\"image\":{\"@id\":\"https:\\\/\\\/garageblogec.com\\\/?p=1492#primaryimage\"},\"thumbnailUrl\":\"https:\\\/\\\/garageblogec.com\\\/wp-content\\\/uploads\\\/2025\\\/01\\\/WhatsApp-Image-2025-01-31-at-11.40.09-AM.jpeg\",\"datePublished\":\"2025-01-31T16:44:01+00:00\",\"dateModified\":\"2025-01-31T16:50:07+00:00\",\"breadcrumb\":{\"@id\":\"https:\\\/\\\/garageblogec.com\\\/?p=1492#breadcrumb\"},\"inLanguage\":\"es\",\"potentialAction\":[{\"@type\":\"ReadAction\",\"target\":[\"https:\\\/\\\/garageblogec.com\\\/?p=1492\"]}]},{\"@type\":\"ImageObject\",\"inLanguage\":\"es\",\"@id\":\"https:\\\/\\\/garageblogec.com\\\/?p=1492#primaryimage\",\"url\":\"https:\\\/\\\/garageblogec.com\\\/wp-content\\\/uploads\\\/2025\\\/01\\\/WhatsApp-Image-2025-01-31-at-11.40.09-AM.jpeg\",\"contentUrl\":\"https:\\\/\\\/garageblogec.com\\\/wp-content\\\/uploads\\\/2025\\\/01\\\/WhatsApp-Image-2025-01-31-at-11.40.09-AM.jpeg\",\"width\":1280,\"height\":720},{\"@type\":\"BreadcrumbList\",\"@id\":\"https:\\\/\\\/garageblogec.com\\\/?p=1492#breadcrumb\",\"itemListElement\":[{\"@type\":\"ListItem\",\"position\":1,\"name\":\"Portada\",\"item\":\"https:\\\/\\\/garageblogec.com\\\/\"},{\"@type\":\"ListItem\",\"position\":2,\"name\":\"Calendario de Competencias 4&#215;4 Extremo y 4&#215;4-C para 2025 en Ecuador: FEDAK Anuncia las Fechas Oficiales\"}]},{\"@type\":\"WebSite\",\"@id\":\"https:\\\/\\\/garageblogec.com\\\/#website\",\"url\":\"https:\\\/\\\/garageblogec.com\\\/\",\"name\":\"Garage Blog Ecuador\",\"description\":\"Alucinamos por los autos \",\"publisher\":{\"@id\":\"https:\\\/\\\/garageblogec.com\\\/#organization\"},\"potentialAction\":[{\"@type\":\"SearchAction\",\"target\":{\"@type\":\"EntryPoint\",\"urlTemplate\":\"https:\\\/\\\/garageblogec.com\\\/?s={search_term_string}\"},\"query-input\":{\"@type\":\"PropertyValueSpecification\",\"valueRequired\":true,\"valueName\":\"search_term_string\"}}],\"inLanguage\":\"es\"},{\"@type\":\"Organization\",\"@id\":\"https:\\\/\\\/garageblogec.com\\\/#organization\",\"name\":\"Garage Blog Ecuador\",\"url\":\"https:\\\/\\\/garageblogec.com\\\/\",\"logo\":{\"@type\":\"ImageObject\",\"inLanguage\":\"es\",\"@id\":\"https:\\\/\\\/garageblogec.com\\\/#\\\/schema\\\/logo\\\/image\\\/\",\"url\":\"https:\\\/\\\/garageblogec.com\\\/wp-content\\\/uploads\\\/2024\\\/02\\\/cropped-logo-png-para-blog.webp\",\"contentUrl\":\"https:\\\/\\\/garageblogec.com\\\/wp-content\\\/uploads\\\/2024\\\/02\\\/cropped-logo-png-para-blog.webp\",\"width\":840,\"height\":556,\"caption\":\"Garage Blog Ecuador \"},\"image\":{\"@id\":\"https:\\\/\\\/garageblogec.com\\\/#\\\/schema\\\/logo\\\/image\\\/\"}},{\"@type\":\"Person\",\"@id\":\"https:\\\/\\\/garageblogec.com\\\/#\\\/schema\\\/person\\\/635f4b76c0cb3e43b82fe6f7d8bcceea\",\"name\":\"gabi1212\",\"image\":{\"@type\":\"ImageObject\",\"inLanguage\":\"es\",\"@id\":\"https:\\\/\\\/secure.gravatar.com\\\/avatar\\\/6aa491f45cb359d4d6dd8c430e83f78899c80569c27d21156e19bbdcd31d1811?s=96&d=mm&r=g\",\"url\":\"https:\\\/\\\/secure.gravatar.com\\\/avatar\\\/6aa491f45cb359d4d6dd8c430e83f78899c80569c27d21156e19bbdcd31d1811?s=96&d=mm&r=g\",\"contentUrl\":\"https:\\\/\\\/secure.gravatar.com\\\/avatar\\\/6aa491f45cb359d4d6dd8c430e83f78899c80569c27d21156e19bbdcd31d1811?s=96&d=mm&r=g\",\"caption\":\"gabi1212\"},\"url\":\"https:\\\/\\\/garageblogec.com\\\/?author=6\"}]}<\/script>\n<!-- \/ Yoast SEO plugin. -->","yoast_head_json":{"title":"Calendario de Competencias 4x4 Extremo y 4x4-C para 2025 en Ecuador: FEDAK Anuncia las Fechas Oficiales - Garage Blog Ecuador","robots":{"index":"index","follow":"follow","max-snippet":"max-snippet:-1","max-image-preview":"max-image-preview:large","max-video-preview":"max-video-preview:-1"},"canonical":"https:\/\/garageblogec.com\/?p=1492","og_locale":"es_ES","og_type":"article","og_title":"Calendario de Competencias 4x4 Extremo y 4x4-C para 2025 en Ecuador: FEDAK Anuncia las Fechas Oficiales - Garage Blog Ecuador","og_description":"La Federaci\u00f3n Ecuatoriana de Automovilismo y Kartismo (FEDAK), a trav\u00e9s de su Comisi\u00f3n Nacional de 4x4 (CN4x4), ha presentado el calendario oficial de competencias para el a\u00f1o 2025. Este anuncio confirma una intensa agenda de actividades en las categor\u00edas de 4x4 extremo y 4x4-C, a distintas regiones del pa\u00eds para fortalecer la cultura automovil\u00edstica ecuatoriana.","og_url":"https:\/\/garageblogec.com\/?p=1492","og_site_name":"Garage Blog Ecuador","article_published_time":"2025-01-31T16:44:01+00:00","article_modified_time":"2025-01-31T16:50:07+00:00","og_image":[{"width":1280,"height":720,"url":"https:\/\/garageblogec.com\/wp-content\/uploads\/2025\/01\/WhatsApp-Image-2025-01-31-at-11.40.09-AM.jpeg","type":"image\/jpeg"}],"author":"gabi1212","twitter_card":"summary_large_image","twitter_misc":{"Escrito por":"gabi1212","Tiempo de lectura":"4 minutos"},"schema":{"@context":"https:\/\/schema.org","@graph":[{"@type":"Article","@id":"https:\/\/garageblogec.com\/?p=1492#article","isPartOf":{"@id":"https:\/\/garageblogec.com\/?p=1492"},"author":{"name":"gabi1212","@id":"https:\/\/garageblogec.com\/#\/schema\/person\/635f4b76c0cb3e43b82fe6f7d8bcceea"},"headline":"Calendario de Competencias 4&#215;4 Extremo y 4&#215;4-C para 2025 en Ecuador: FEDAK Anuncia las Fechas Oficiales","datePublished":"2025-01-31T16:44:01+00:00","dateModified":"2025-01-31T16:50:07+00:00","mainEntityOfPage":{"@id":"https:\/\/garageblogec.com\/?p=1492"},"wordCount":531,"commentCount":0,"publisher":{"@id":"https:\/\/garageblogec.com\/#organization"},"image":{"@id":"https:\/\/garageblogec.com\/?p=1492#primaryimage"},"thumbnailUrl":"https:\/\/garageblogec.com\/wp-content\/uploads\/2025\/01\/WhatsApp-Image-2025-01-31-at-11.40.09-AM.jpeg","articleSection":["Industria Nacional"],"inLanguage":"es","potentialAction":[{"@type":"CommentAction","name":"Comment","target":["https:\/\/garageblogec.com\/?p=1492#respond"]}]},{"@type":"WebPage","@id":"https:\/\/garageblogec.com\/?p=1492","url":"https:\/\/garageblogec.com\/?p=1492","name":"Calendario de Competencias 4x4 Extremo y 4x4-C para 2025 en Ecuador: FEDAK Anuncia las Fechas Oficiales - Garage Blog Ecuador","isPartOf":{"@id":"https:\/\/garageblogec.com\/#website"},"primaryImageOfPage":{"@id":"https:\/\/garageblogec.com\/?p=1492#primaryimage"},"image":{"@id":"https:\/\/garageblogec.com\/?p=1492#primaryimage"},"thumbnailUrl":"https:\/\/garageblogec.com\/wp-content\/uploads\/2025\/01\/WhatsApp-Image-2025-01-31-at-11.40.09-AM.jpeg","datePublished":"2025-01-31T16:44:01+00:00","dateModified":"2025-01-31T16:50:07+00:00","breadcrumb":{"@id":"https:\/\/garageblogec.com\/?p=1492#breadcrumb"},"inLanguage":"es","potentialAction":[{"@type":"ReadAction","target":["https:\/\/garageblogec.com\/?p=1492"]}]},{"@type":"ImageObject","inLanguage":"es","@id":"https:\/\/garageblogec.com\/?p=1492#primaryimage","url":"https:\/\/garageblogec.com\/wp-content\/uploads\/2025\/01\/WhatsApp-Image-2025-01-31-at-11.40.09-AM.jpeg","contentUrl":"https:\/\/garageblogec.com\/wp-content\/uploads\/2025\/01\/WhatsApp-Image-2025-01-31-at-11.40.09-AM.jpeg","width":1280,"height":720},{"@type":"BreadcrumbList","@id":"https:\/\/garageblogec.com\/?p=1492#breadcrumb","itemListElement":[{"@type":"ListItem","position":1,"name":"Portada","item":"https:\/\/garageblogec.com\/"},{"@type":"ListItem","position":2,"name":"Calendario de Competencias 4&#215;4 Extremo y 4&#215;4-C para 2025 en Ecuador: FEDAK Anuncia las Fechas Oficiales"}]},{"@type":"WebSite","@id":"https:\/\/garageblogec.com\/#website","url":"https:\/\/garageblogec.com\/","name":"Garage Blog Ecuador","description":"Alucinamos por los autos ","publisher":{"@id":"https:\/\/garageblogec.com\/#organization"},"potentialAction":[{"@type":"SearchAction","target":{"@type":"EntryPoint","urlTemplate":"https:\/\/garageblogec.com\/?s={search_term_string}"},"query-input":{"@type":"PropertyValueSpecification","valueRequired":true,"valueName":"search_term_string"}}],"inLanguage":"es"},{"@type":"Organization","@id":"https:\/\/garageblogec.com\/#organization","name":"Garage Blog Ecuador","url":"https:\/\/garageblogec.com\/","logo":{"@type":"ImageObject","inLanguage":"es","@id":"https:\/\/garageblogec.com\/#\/schema\/logo\/image\/","url":"https:\/\/garageblogec.com\/wp-content\/uploads\/2024\/02\/cropped-logo-png-para-blog.webp","contentUrl":"https:\/\/garageblogec.com\/wp-content\/uploads\/2024\/02\/cropped-logo-png-para-blog.webp","width":840,"height":556,"caption":"Garage Blog Ecuador "},"image":{"@id":"https:\/\/garageblogec.com\/#\/schema\/logo\/image\/"}},{"@type":"Person","@id":"https:\/\/garageblogec.com\/#\/schema\/person\/635f4b76c0cb3e43b82fe6f7d8bcceea","name":"gabi1212","image":{"@type":"ImageObject","inLanguage":"es","@id":"https:\/\/secure.gravatar.com\/avatar\/6aa491f45cb359d4d6dd8c430e83f78899c80569c27d21156e19bbdcd31d1811?s=96&d=mm&r=g","url":"https:\/\/secure.gravatar.com\/avatar\/6aa491f45cb359d4d6dd8c430e83f78899c80569c27d21156e19bbdcd31d1811?s=96&d=mm&r=g","contentUrl":"https:\/\/secure.gravatar.com\/avatar\/6aa491f45cb359d4d6dd8c430e83f78899c80569c27d21156e19bbdcd31d1811?s=96&d=mm&r=g","caption":"gabi1212"},"url":"https:\/\/garageblogec.com\/?author=6"}]}},"jetpack_featured_media_url":"https:\/\/garageblogec.com\/wp-content\/uploads\/2025\/01\/WhatsApp-Image-2025-01-31-at-11.40.09-AM.jpeg","jetpack_sharing_enabled":true,"_links":{"self":[{"href":"https:\/\/garageblogec.com\/index.php?rest_route=\/wp\/v2\/posts\/1492","targetHints":{"allow":["GET"]}}],"collection":[{"href":"https:\/\/garageblogec.com\/index.php?rest_route=\/wp\/v2\/posts"}],"about":[{"href":"https:\/\/garageblogec.com\/index.php?rest_route=\/wp\/v2\/types\/post"}],"author":[{"embeddable":true,"href":"https:\/\/garageblogec.com\/index.php?rest_route=\/wp\/v2\/users\/6"}],"replies":[{"embeddable":true,"href":"https:\/\/garageblogec.com\/index.php?rest_route=%2Fwp%2Fv2%2Fcomments&post=1492"}],"version-history":[{"count":2,"href":"https:\/\/garageblogec.com\/index.php?rest_route=\/wp\/v2\/posts\/1492\/revisions"}],"predecessor-version":[{"id":1500,"href":"https:\/\/garageblogec.com\/index.php?rest_route=\/wp\/v2\/posts\/1492\/revisions\/1500"}],"wp:featuredmedia":[{"embeddable":true,"href":"https:\/\/garageblogec.com\/index.php?rest_route=\/wp\/v2\/media\/1493"}],"wp:attachment":[{"href":"https:\/\/garageblogec.com\/index.php?rest_route=%2Fwp%2Fv2%2Fmedia&parent=1492"}],"wp:term":[{"taxonomy":"category","embeddable":true,"href":"https:\/\/garageblogec.com\/index.php?rest_route=%2Fwp%2Fv2%2Fcategories&post=1492"},{"taxonomy":"post_tag","embeddable":true,"href":"https:\/\/garageblogec.com\/index.php?rest_route=%2Fwp%2Fv2%2Ftags&post=1492"}],"curies":[{"name":"wp","href":"https:\/\/api.w.org\/{rel}","templated":true}]}}