{"id":1470,"date":"2025-01-29T15:39:37","date_gmt":"2025-01-29T15:39:37","guid":{"rendered":"https:\/\/garageblogec.com\/?p=1470"},"modified":"2025-01-29T15:39:40","modified_gmt":"2025-01-29T15:39:40","slug":"volkswagen-celebra-50-anos-del-iconico-polo-el-compacto-que-marco-generaciones","status":"publish","type":"post","link":"https:\/\/garageblogec.com\/?p=1470","title":{"rendered":"VOLKSWAGEN CELEBRA 50 A\u00d1OS DEL IC\u00d3NICO POLO, EL COMPACTO QUE MARC\u00d3 GENERACIONES"},"content":{"rendered":"\n<p>Este a\u00f1o, Volkswagen conmemora el 50\u00ba aniversario del Polo, un veh\u00edculo que desde su lanzamiento en 1975 ha redefinido el segmento de los compactos gracias a su dise\u00f1o innovador, tecnolog\u00eda avanzada y compromiso con la movilidad accesible. Con m\u00e1s de 20 millones de unidades vendidas en seis generaciones, el Polo se erige como un s\u00edmbolo de versatilidad y modernidad.<\/p>\n\n\n\n<figure class=\"wp-block-image size-large\"><img fetchpriority=\"high\" decoding=\"async\" width=\"1024\" height=\"680\" src=\"https:\/\/garageblogec.com\/wp-content\/uploads\/2025\/01\/DB2024AU01952_large-1024x680.jpg\" alt=\"\" class=\"wp-image-1471\" srcset=\"https:\/\/garageblogec.com\/wp-content\/uploads\/2025\/01\/DB2024AU01952_large-1024x680.jpg 1024w, https:\/\/garageblogec.com\/wp-content\/uploads\/2025\/01\/DB2024AU01952_large-300x199.jpg 300w, https:\/\/garageblogec.com\/wp-content\/uploads\/2025\/01\/DB2024AU01952_large-768x510.jpg 768w, https:\/\/garageblogec.com\/wp-content\/uploads\/2025\/01\/DB2024AU01952_large-1536x1020.jpg 1536w, https:\/\/garageblogec.com\/wp-content\/uploads\/2025\/01\/DB2024AU01952_large-2048x1361.jpg 2048w, https:\/\/garageblogec.com\/wp-content\/uploads\/2025\/01\/DB2024AU01952_large-1320x877.jpg 1320w\" sizes=\"(max-width: 1024px) 100vw, 1024px\" \/><\/figure>\n\n\n\n<p>A lo largo de cinco d\u00e9cadas, el Polo ha evolucionado constantemente para adaptarse a las necesidades de sus conductores. En 1981, con la segunda generaci\u00f3n, ofreci\u00f3 m\u00e1s espacio, mayor confort y motores mejorados. En 1987, el Polo Coup\u00e9 GT G40 introdujo un revolucionario sobrealimentador tipo scroll, mientras que, en 1994, el Polo III marc\u00f3 un hito en seguridad al incorporar airbags en su segmento. La cuarta generaci\u00f3n (2002) a\u00f1adi\u00f3 innovaciones como airbags laterales, direcci\u00f3n asistida y frenos ABS de serie. En 2009, el Polo V avanz\u00f3 hacia la digitalizaci\u00f3n con sistemas de infoentretenimiento y asistencia, y destac\u00f3 en competencias automovil\u00edsticas con el Polo R WRC. Desde 2017, la sexta generaci\u00f3n, basada en la plataforma MQB, ha priorizado la conectividad, seguridad y conducci\u00f3n din\u00e1mica, con una actualizaci\u00f3n en 2021 que integr\u00f3 tecnolog\u00edas propias de veh\u00edculos de gamas superiores.<\/p>\n\n\n\n<figure class=\"wp-block-image size-large\"><a href=\"https:\/\/www.kia.com\/ec\/showroom\/sportage-nq5\/features.html\"><img decoding=\"async\" width=\"1024\" height=\"257\" src=\"https:\/\/garageblogec.com\/wp-content\/uploads\/2025\/01\/Banner-2056x516-1-1024x257.png\" alt=\"\" class=\"wp-image-1445\" srcset=\"https:\/\/garageblogec.com\/wp-content\/uploads\/2025\/01\/Banner-2056x516-1-1024x257.png 1024w, https:\/\/garageblogec.com\/wp-content\/uploads\/2025\/01\/Banner-2056x516-1-300x75.png 300w, https:\/\/garageblogec.com\/wp-content\/uploads\/2025\/01\/Banner-2056x516-1-768x193.png 768w, https:\/\/garageblogec.com\/wp-content\/uploads\/2025\/01\/Banner-2056x516-1-1536x386.png 1536w, https:\/\/garageblogec.com\/wp-content\/uploads\/2025\/01\/Banner-2056x516-1-2048x515.png 2048w, https:\/\/garageblogec.com\/wp-content\/uploads\/2025\/01\/Banner-2056x516-1-1320x332.png 1320w\" sizes=\"(max-width: 1024px) 100vw, 1024px\" \/><\/a><\/figure>\n\n\n\n<p>Desde sus inicios, el VW Polo ha combinado accesibilidad con innovaci\u00f3n, convirti\u00e9ndose en un aliado confiable para todo tipo de estilos de vida: desde el primer auto para nuevos conductores hasta un modelo ideal para familias. Su agilidad, eficiencia y enfoque en la seguridad lo han consolidado como una elecci\u00f3n favorita entre millones de personas.<\/p>\n\n\n\n<p>\u201cEl Volkswagen Polo demuestra que un veh\u00edculo compacto puede dejar una huella significativa. Estos 50 a\u00f1os reflejan nuestra visi\u00f3n de unir tecnolog\u00eda, accesibilidad y dise\u00f1o atemporal\u201d, destac\u00f3 Vanessa Prados, Gerente de Mercadeo de Volkswagen Ecuador.<\/p>\n\n\n\n<figure class=\"wp-block-image size-large\"><img decoding=\"async\" width=\"1024\" height=\"638\" src=\"https:\/\/garageblogec.com\/wp-content\/uploads\/2025\/01\/DB2021AU00710_large-1024x638.jpg\" alt=\"\" class=\"wp-image-1472\" srcset=\"https:\/\/garageblogec.com\/wp-content\/uploads\/2025\/01\/DB2021AU00710_large-1024x638.jpg 1024w, https:\/\/garageblogec.com\/wp-content\/uploads\/2025\/01\/DB2021AU00710_large-300x187.jpg 300w, https:\/\/garageblogec.com\/wp-content\/uploads\/2025\/01\/DB2021AU00710_large-768x479.jpg 768w, https:\/\/garageblogec.com\/wp-content\/uploads\/2025\/01\/DB2021AU00710_large-1536x957.jpg 1536w, https:\/\/garageblogec.com\/wp-content\/uploads\/2025\/01\/DB2021AU00710_large-2048x1277.jpg 2048w, https:\/\/garageblogec.com\/wp-content\/uploads\/2025\/01\/DB2021AU00710_large-1320x823.jpg 1320w\" sizes=\"(max-width: 1024px) 100vw, 1024px\" \/><\/figure>\n\n\n\n<p>El impacto del Polo no se limita a la movilidad diaria; tambi\u00e9n ha demostrado su capacidad en el automovilismo. En 2024, el Volkswagen Polo GTI R5 junto al Quirola Racing Team se consagr\u00f3 como ganador de la Vuelta a la Rep\u00fablica del Ecuador, reafirmando su desempe\u00f1o en los terrenos m\u00e1s exigentes y consolid\u00e1ndose como un referente de alto rendimiento.<\/p>\n\n\n\n<figure class=\"wp-block-image size-large\"><img loading=\"lazy\" decoding=\"async\" width=\"1024\" height=\"723\" src=\"https:\/\/garageblogec.com\/wp-content\/uploads\/2025\/01\/DB01_5984_large-1024x723.jpg\" alt=\"\" class=\"wp-image-1473\" srcset=\"https:\/\/garageblogec.com\/wp-content\/uploads\/2025\/01\/DB01_5984_large-1024x723.jpg 1024w, https:\/\/garageblogec.com\/wp-content\/uploads\/2025\/01\/DB01_5984_large-300x212.jpg 300w, https:\/\/garageblogec.com\/wp-content\/uploads\/2025\/01\/DB01_5984_large-768x542.jpg 768w, https:\/\/garageblogec.com\/wp-content\/uploads\/2025\/01\/DB01_5984_large-1536x1085.jpg 1536w, https:\/\/garageblogec.com\/wp-content\/uploads\/2025\/01\/DB01_5984_large-2048x1447.jpg 2048w, https:\/\/garageblogec.com\/wp-content\/uploads\/2025\/01\/DB01_5984_large-1320x932.jpg 1320w\" sizes=\"(max-width: 1024px) 100vw, 1024px\" \/><figcaption class=\"wp-element-caption\">Exterior: Stationary, Polo four-door<\/figcaption><\/figure>\n\n\n\n<p>A medida que avanza la industria, el Polo contin\u00faa liderando en su categor\u00eda, adapt\u00e1ndose a las nuevas demandas de los consumidores y a los retos del sector automotriz. En Ecuador y en todo el mundo, sigue siendo un emblema para Volkswagen, portando consigo una rica historia llena de innovaci\u00f3n y logros.<\/p>\n\n\n\n<p>Miles de recuerdos y emociones han acompa\u00f1ado al Polo en estos 50 a\u00f1os, convirti\u00e9ndolo en un modelo ic\u00f3nico que trasciende generaciones. Por ello, el 2025 se dedica a celebrar la historia y el legado de este legendario compacto de Volkswagen.<\/p>\n\n\n<div class='pt-cv-wrapper'> <h3 class='pt-cv-heading-container heading1' data-blockid='kdve2ah1'><span class='pt-cv-heading'> Overlay1 <\/span><\/h3><div class=\"pt-cv-view pt-cv-overlaygrid iscvblock iscvreal overlay1 layout1\" id=\"pt-cv-view-kdve2ah1\"><div data-id=\"pt-cv-page-1\" class=\"pt-cv-page\" data-cvc=\"3\"><div class=\" pt-cv-content-item pt-cv-1-col\" ><div class=\"pt-cv-thumb-wrapper  \"><a href=\"https:\/\/garageblogec.com\/?p=3303\" class=\"_self pt-cv-href-thumbnail pt-cv-thumb-default\" target=\"_self\" ><img loading=\"lazy\" decoding=\"async\" width=\"768\" height=\"432\" src=\"https:\/\/garageblogec.com\/wp-content\/uploads\/2026\/04\/WhatsApp-Image-2026-04-21-at-1.52.53-PM-768x432.jpeg\" class=\"pt-cv-thumbnail\" alt=\"\" \/><\/a><\/div>\n<div class=\"pt-cv-overlay-wrapper\"><div class=\"pt-cv-taxoterm above_title\"><a href='https:\/\/garageblogec.com\/?cat=27' title='Industria Nacional' class='pt-cv-tax-industria-nacional'>Industria Nacional<\/a><\/div><h4 class=\"pt-cv-title\"><a href=\"https:\/\/garageblogec.com\/?p=3303\" class=\"_self\" target=\"_self\" >Grupo Ambacar presenta en Guayaquil KGM, su nueva marca de SUV h\u00edbridos con respaldo global<\/a><\/h4><div class=\"pt-cv-meta-fields\"><span class=\"entry-date\"> <time datetime=\"2026-04-21T21:37:24+00:00\">abril 21, 2026<\/time><\/span><span> \/ <\/span><span class=\"author\"> <a href=\"https:\/\/garageblogec.com\/?author=6\" rel=\"author\">gabi1212<\/a><\/span><\/div><\/div><\/div>\n<div class=\" pt-cv-content-item pt-cv-1-col\" ><div class=\"pt-cv-thumb-wrapper  \"><a href=\"https:\/\/garageblogec.com\/?p=3296\" class=\"_self pt-cv-href-thumbnail pt-cv-thumb-default\" target=\"_self\" ><img loading=\"lazy\" decoding=\"async\" width=\"768\" height=\"432\" src=\"https:\/\/garageblogec.com\/wp-content\/uploads\/2026\/04\/WhatsApp-Image-2026-04-14-at-3.15.09-PM-768x432.jpeg\" class=\"pt-cv-thumbnail\" alt=\"\" \/><\/a><\/div>\n<div class=\"pt-cv-overlay-wrapper\"><div class=\"pt-cv-taxoterm above_title\"><a href='https:\/\/garageblogec.com\/?cat=27' title='Industria Nacional' class='pt-cv-tax-industria-nacional'>Industria Nacional<\/a><\/div><h4 class=\"pt-cv-title\"><a href=\"https:\/\/garageblogec.com\/?p=3296\" class=\"_self\" target=\"_self\" >El tablero desapareci\u00f3, ahora el auto es una pantalla inteligente<\/a><\/h4><div class=\"pt-cv-meta-fields\"><span class=\"entry-date\"> <time datetime=\"2026-04-14T20:21:20+00:00\">abril 14, 2026<\/time><\/span><span> \/ <\/span><span class=\"author\"> <a href=\"https:\/\/garageblogec.com\/?author=6\" rel=\"author\">gabi1212<\/a><\/span><\/div><\/div><\/div>\n<div class=\" pt-cv-content-item pt-cv-1-col\" ><div class=\"pt-cv-thumb-wrapper  \"><a href=\"https:\/\/garageblogec.com\/?p=3291\" class=\"_self pt-cv-href-thumbnail pt-cv-thumb-default\" target=\"_self\" ><img loading=\"lazy\" decoding=\"async\" width=\"768\" height=\"432\" src=\"https:\/\/garageblogec.com\/wp-content\/uploads\/2026\/04\/WhatsApp-Image-2026-04-14-at-2.21.27-PM-768x432.jpeg\" class=\"pt-cv-thumbnail\" alt=\"\" \/><\/a><\/div>\n<div class=\"pt-cv-overlay-wrapper\"><div class=\"pt-cv-taxoterm above_title\"><a href='https:\/\/garageblogec.com\/?cat=27' title='Industria Nacional' class='pt-cv-tax-industria-nacional'>Industria Nacional<\/a><\/div><h4 class=\"pt-cv-title\"><a href=\"https:\/\/garageblogec.com\/?p=3291\" class=\"_self\" target=\"_self\" >Seguridad al volante en Ecuador: los errores m\u00e1s comunes que cometen los conductores<\/a><\/h4><div class=\"pt-cv-meta-fields\"><span class=\"entry-date\"> <time datetime=\"2026-04-14T20:08:54+00:00\">abril 14, 2026<\/time><\/span><span> \/ <\/span><span class=\"author\"> <a href=\"https:\/\/garageblogec.com\/?author=6\" rel=\"author\">gabi1212<\/a><\/span><\/div><\/div><\/div>\n<div class=\" pt-cv-content-item pt-cv-1-col\" ><div class=\"pt-cv-thumb-wrapper  \"><a href=\"https:\/\/garageblogec.com\/?p=3286\" class=\"_self pt-cv-href-thumbnail pt-cv-thumb-default\" target=\"_self\" ><img loading=\"lazy\" decoding=\"async\" width=\"768\" height=\"492\" src=\"https:\/\/garageblogec.com\/wp-content\/uploads\/2026\/04\/Posventa.jpg-768x492.jpeg\" class=\"pt-cv-thumbnail\" alt=\"\" \/><\/a><\/div>\n<div class=\"pt-cv-overlay-wrapper\"><div class=\"pt-cv-taxoterm above_title\"><a href='https:\/\/garageblogec.com\/?cat=27' title='Industria Nacional' class='pt-cv-tax-industria-nacional'>Industria Nacional<\/a><\/div><h4 class=\"pt-cv-title\"><a href=\"https:\/\/garageblogec.com\/?p=3286\" class=\"_self\" target=\"_self\" >Clientes Nissan reciben cambios de aceite infinitos<\/a><\/h4><div class=\"pt-cv-meta-fields\"><span class=\"entry-date\"> <time datetime=\"2026-04-14T20:04:08+00:00\">abril 14, 2026<\/time><\/span><span> \/ <\/span><span class=\"author\"> <a href=\"https:\/\/garageblogec.com\/?author=6\" rel=\"author\">gabi1212<\/a><\/span><\/div><\/div><\/div>\n<div class=\" pt-cv-content-item pt-cv-1-col\" ><div class=\"pt-cv-thumb-wrapper  \"><a href=\"https:\/\/garageblogec.com\/?p=3280\" class=\"_self pt-cv-href-thumbnail pt-cv-thumb-default\" target=\"_self\" ><img loading=\"lazy\" decoding=\"async\" width=\"768\" height=\"512\" src=\"https:\/\/garageblogec.com\/wp-content\/uploads\/2026\/04\/foto1-768x512.jpeg\" class=\"pt-cv-thumbnail\" alt=\"\" \/><\/a><\/div>\n<div class=\"pt-cv-overlay-wrapper\"><div class=\"pt-cv-taxoterm above_title\"><a href='https:\/\/garageblogec.com\/?cat=27' title='Industria Nacional' class='pt-cv-tax-industria-nacional'>Industria Nacional<\/a><\/div><h4 class=\"pt-cv-title\"><a href=\"https:\/\/garageblogec.com\/?p=3280\" class=\"_self\" target=\"_self\" >Movilidad como inversi\u00f3n: el uso de utilidades que crece en Ecuador<\/a><\/h4><div class=\"pt-cv-meta-fields\"><span class=\"entry-date\"> <time datetime=\"2026-04-07T19:55:36+00:00\">abril 7, 2026<\/time><\/span><span> \/ <\/span><span class=\"author\"> <a href=\"https:\/\/garageblogec.com\/?author=6\" rel=\"author\">gabi1212<\/a><\/span><\/div><\/div><\/div>\n<div class=\" pt-cv-content-item pt-cv-1-col\" ><div class=\"pt-cv-thumb-wrapper  \"><a href=\"https:\/\/garageblogec.com\/?p=3276\" class=\"_self pt-cv-href-thumbnail pt-cv-thumb-default\" target=\"_self\" ><img loading=\"lazy\" decoding=\"async\" width=\"745\" height=\"491\" src=\"https:\/\/garageblogec.com\/wp-content\/uploads\/2026\/04\/TT.png\" class=\"pt-cv-thumbnail\" alt=\"\" \/><\/a><\/div>\n<div class=\"pt-cv-overlay-wrapper\"><div class=\"pt-cv-taxoterm above_title\"><a href='https:\/\/garageblogec.com\/?cat=27' title='Industria Nacional' class='pt-cv-tax-industria-nacional'>Industria Nacional<\/a><\/div><h4 class=\"pt-cv-title\"><a href=\"https:\/\/garageblogec.com\/?p=3276\" class=\"_self\" target=\"_self\" >Lluvias en Ecuador: C\u00f3mo reducir riesgos en carretera y prevenir accidentes en calzada mojada<\/a><\/h4><div class=\"pt-cv-meta-fields\"><span class=\"entry-date\"> <time datetime=\"2026-04-07T19:46:52+00:00\">abril 7, 2026<\/time><\/span><span> \/ <\/span><span class=\"author\"> <a href=\"https:\/\/garageblogec.com\/?author=6\" rel=\"author\">gabi1212<\/a><\/span><\/div><\/div><\/div><\/div><\/div> <\/div> <style>\n#pt-cv-view-kdve2ah1 .pt-cv-thumb-wrapper::before {background: rgba(0,0,0,.4); opacity: 0.8;}#pt-cv-view-kdve2ah1 .pt-cv-overlay-wrapper {justify-content: center;}\n#pt-cv-view-kdve2ah1 .pt-cv-meta-fields {  }#pt-cv-view-kdve2ah1 .pt-cv-meta-fields * { font-size: 13px; }#pt-cv-view-kdve2ah1 .pt-cv-title a { display: block; }#pt-cv-view-kdve2ah1 .pt-cv-title:not(.pt-cv-titlesm) a { font-weight: 600;text-decoration: none;font-size: 20px; }#pt-cv-view-kdve2ah1 .pt-cv-titlesm a { font-weight: 600;font-size: 18px; }#pt-cv-view-kdve2ah1 .pt-cv-content { font-size: 15px; }#pt-cv-view-kdve2ah1 .pt-cv-rmwrap {  }#pt-cv-view-kdve2ah1 .pt-cv-readmore { color: #fff;background-color: #0075ff;font-size: 14px; }#pt-cv-view-kdve2ah1 .pt-cv-taxoterm { margin: 0px 0px 20px 0px; }#pt-cv-view-kdve2ah1 .pt-cv-taxoterm * { color: #222;background-color: #fff6f6;font-size: 14px; }#pt-cv-view-kdve2ah1 + .pt-cv-pagination-wrapper {  }#pt-cv-view-kdve2ah1 + .pt-cv-pagination-wrapper a { font-size: 14px; }#pt-cv-view-kdve2ah1 > .pt-cv-page {grid-template-columns: repeat(3, 1fr);grid-auto-rows: 250px;grid-gap: 10px;}\n@media all and (max-width: 1024px) { \n#pt-cv-view-kdve2ah1 > .pt-cv-page {}\n} \n@media all and (max-width: 767px) { \n#pt-cv-view-kdve2ah1 > .pt-cv-page {grid-template-columns: repeat(1, 1fr);}\n} <\/style>","protected":false},"excerpt":{"rendered":"<p>Este a\u00f1o, Volkswagen conmemora el 50\u00ba aniversario del Polo, un veh\u00edculo que desde su lanzamiento en 1975 ha redefinido el segmento de los compactos gracias a su dise\u00f1o innovador, tecnolog\u00eda avanzada y compromiso con la movilidad accesible<\/p>\n","protected":false},"author":6,"featured_media":1471,"comment_status":"open","ping_status":"open","sticky":false,"template":"","format":"standard","meta":{"_jetpack_memberships_contains_paid_content":false,"footnotes":""},"categories":[27],"tags":[],"class_list":["post-1470","post","type-post","status-publish","format-standard","has-post-thumbnail","hentry","category-industria-nacional"],"yoast_head":"<!-- This site is optimized with the Yoast SEO plugin v27.5 - https:\/\/yoast.com\/product\/yoast-seo-wordpress\/ -->\n<title>VOLKSWAGEN CELEBRA 50 A\u00d1OS DEL IC\u00d3NICO POLO, EL COMPACTO QUE MARC\u00d3 GENERACIONES - Garage Blog Ecuador<\/title>\n<meta name=\"robots\" content=\"index, follow, max-snippet:-1, max-image-preview:large, max-video-preview:-1\" \/>\n<link rel=\"canonical\" href=\"https:\/\/garageblogec.com\/?p=1470\" \/>\n<meta property=\"og:locale\" content=\"es_ES\" \/>\n<meta property=\"og:type\" content=\"article\" \/>\n<meta property=\"og:title\" content=\"VOLKSWAGEN CELEBRA 50 A\u00d1OS DEL IC\u00d3NICO POLO, EL COMPACTO QUE MARC\u00d3 GENERACIONES - Garage Blog Ecuador\" \/>\n<meta property=\"og:description\" content=\"Este a\u00f1o, Volkswagen conmemora el 50\u00ba aniversario del Polo, un veh\u00edculo que desde su lanzamiento en 1975 ha redefinido el segmento de los compactos gracias a su dise\u00f1o innovador, tecnolog\u00eda avanzada y compromiso con la movilidad accesible\" \/>\n<meta property=\"og:url\" content=\"https:\/\/garageblogec.com\/?p=1470\" \/>\n<meta property=\"og:site_name\" content=\"Garage Blog Ecuador\" \/>\n<meta property=\"article:published_time\" content=\"2025-01-29T15:39:37+00:00\" \/>\n<meta property=\"article:modified_time\" content=\"2025-01-29T15:39:40+00:00\" \/>\n<meta property=\"og:image\" content=\"https:\/\/garageblogec.com\/wp-content\/uploads\/2025\/01\/DB2024AU01952_large-scaled.jpg\" \/>\n\t<meta property=\"og:image:width\" content=\"2560\" \/>\n\t<meta property=\"og:image:height\" content=\"1701\" \/>\n\t<meta property=\"og:image:type\" content=\"image\/jpeg\" \/>\n<meta name=\"author\" content=\"gabi1212\" \/>\n<meta name=\"twitter:card\" content=\"summary_large_image\" \/>\n<meta name=\"twitter:label1\" content=\"Escrito por\" \/>\n\t<meta name=\"twitter:data1\" content=\"gabi1212\" \/>\n\t<meta name=\"twitter:label2\" content=\"Tiempo de lectura\" \/>\n\t<meta name=\"twitter:data2\" content=\"4 minutos\" \/>\n<script type=\"application\/ld+json\" class=\"yoast-schema-graph\">{\"@context\":\"https:\\\/\\\/schema.org\",\"@graph\":[{\"@type\":\"Article\",\"@id\":\"https:\\\/\\\/garageblogec.com\\\/?p=1470#article\",\"isPartOf\":{\"@id\":\"https:\\\/\\\/garageblogec.com\\\/?p=1470\"},\"author\":{\"name\":\"gabi1212\",\"@id\":\"https:\\\/\\\/garageblogec.com\\\/#\\\/schema\\\/person\\\/635f4b76c0cb3e43b82fe6f7d8bcceea\"},\"headline\":\"VOLKSWAGEN CELEBRA 50 A\u00d1OS DEL IC\u00d3NICO POLO, EL COMPACTO QUE MARC\u00d3 GENERACIONES\",\"datePublished\":\"2025-01-29T15:39:37+00:00\",\"dateModified\":\"2025-01-29T15:39:40+00:00\",\"mainEntityOfPage\":{\"@id\":\"https:\\\/\\\/garageblogec.com\\\/?p=1470\"},\"wordCount\":480,\"commentCount\":0,\"publisher\":{\"@id\":\"https:\\\/\\\/garageblogec.com\\\/#organization\"},\"image\":{\"@id\":\"https:\\\/\\\/garageblogec.com\\\/?p=1470#primaryimage\"},\"thumbnailUrl\":\"https:\\\/\\\/garageblogec.com\\\/wp-content\\\/uploads\\\/2025\\\/01\\\/DB2024AU01952_large-scaled.jpg\",\"articleSection\":[\"Industria Nacional\"],\"inLanguage\":\"es\",\"potentialAction\":[{\"@type\":\"CommentAction\",\"name\":\"Comment\",\"target\":[\"https:\\\/\\\/garageblogec.com\\\/?p=1470#respond\"]}]},{\"@type\":\"WebPage\",\"@id\":\"https:\\\/\\\/garageblogec.com\\\/?p=1470\",\"url\":\"https:\\\/\\\/garageblogec.com\\\/?p=1470\",\"name\":\"VOLKSWAGEN CELEBRA 50 A\u00d1OS DEL IC\u00d3NICO POLO, EL COMPACTO QUE MARC\u00d3 GENERACIONES - Garage Blog Ecuador\",\"isPartOf\":{\"@id\":\"https:\\\/\\\/garageblogec.com\\\/#website\"},\"primaryImageOfPage\":{\"@id\":\"https:\\\/\\\/garageblogec.com\\\/?p=1470#primaryimage\"},\"image\":{\"@id\":\"https:\\\/\\\/garageblogec.com\\\/?p=1470#primaryimage\"},\"thumbnailUrl\":\"https:\\\/\\\/garageblogec.com\\\/wp-content\\\/uploads\\\/2025\\\/01\\\/DB2024AU01952_large-scaled.jpg\",\"datePublished\":\"2025-01-29T15:39:37+00:00\",\"dateModified\":\"2025-01-29T15:39:40+00:00\",\"breadcrumb\":{\"@id\":\"https:\\\/\\\/garageblogec.com\\\/?p=1470#breadcrumb\"},\"inLanguage\":\"es\",\"potentialAction\":[{\"@type\":\"ReadAction\",\"target\":[\"https:\\\/\\\/garageblogec.com\\\/?p=1470\"]}]},{\"@type\":\"ImageObject\",\"inLanguage\":\"es\",\"@id\":\"https:\\\/\\\/garageblogec.com\\\/?p=1470#primaryimage\",\"url\":\"https:\\\/\\\/garageblogec.com\\\/wp-content\\\/uploads\\\/2025\\\/01\\\/DB2024AU01952_large-scaled.jpg\",\"contentUrl\":\"https:\\\/\\\/garageblogec.com\\\/wp-content\\\/uploads\\\/2025\\\/01\\\/DB2024AU01952_large-scaled.jpg\",\"width\":2560,\"height\":1701},{\"@type\":\"BreadcrumbList\",\"@id\":\"https:\\\/\\\/garageblogec.com\\\/?p=1470#breadcrumb\",\"itemListElement\":[{\"@type\":\"ListItem\",\"position\":1,\"name\":\"Portada\",\"item\":\"https:\\\/\\\/garageblogec.com\\\/\"},{\"@type\":\"ListItem\",\"position\":2,\"name\":\"VOLKSWAGEN CELEBRA 50 A\u00d1OS DEL IC\u00d3NICO POLO, EL COMPACTO QUE MARC\u00d3 GENERACIONES\"}]},{\"@type\":\"WebSite\",\"@id\":\"https:\\\/\\\/garageblogec.com\\\/#website\",\"url\":\"https:\\\/\\\/garageblogec.com\\\/\",\"name\":\"Garage Blog Ecuador\",\"description\":\"Alucinamos por los autos \",\"publisher\":{\"@id\":\"https:\\\/\\\/garageblogec.com\\\/#organization\"},\"potentialAction\":[{\"@type\":\"SearchAction\",\"target\":{\"@type\":\"EntryPoint\",\"urlTemplate\":\"https:\\\/\\\/garageblogec.com\\\/?s={search_term_string}\"},\"query-input\":{\"@type\":\"PropertyValueSpecification\",\"valueRequired\":true,\"valueName\":\"search_term_string\"}}],\"inLanguage\":\"es\"},{\"@type\":\"Organization\",\"@id\":\"https:\\\/\\\/garageblogec.com\\\/#organization\",\"name\":\"Garage Blog Ecuador\",\"url\":\"https:\\\/\\\/garageblogec.com\\\/\",\"logo\":{\"@type\":\"ImageObject\",\"inLanguage\":\"es\",\"@id\":\"https:\\\/\\\/garageblogec.com\\\/#\\\/schema\\\/logo\\\/image\\\/\",\"url\":\"https:\\\/\\\/garageblogec.com\\\/wp-content\\\/uploads\\\/2024\\\/02\\\/cropped-logo-png-para-blog.webp\",\"contentUrl\":\"https:\\\/\\\/garageblogec.com\\\/wp-content\\\/uploads\\\/2024\\\/02\\\/cropped-logo-png-para-blog.webp\",\"width\":840,\"height\":556,\"caption\":\"Garage Blog Ecuador \"},\"image\":{\"@id\":\"https:\\\/\\\/garageblogec.com\\\/#\\\/schema\\\/logo\\\/image\\\/\"}},{\"@type\":\"Person\",\"@id\":\"https:\\\/\\\/garageblogec.com\\\/#\\\/schema\\\/person\\\/635f4b76c0cb3e43b82fe6f7d8bcceea\",\"name\":\"gabi1212\",\"image\":{\"@type\":\"ImageObject\",\"inLanguage\":\"es\",\"@id\":\"https:\\\/\\\/secure.gravatar.com\\\/avatar\\\/6aa491f45cb359d4d6dd8c430e83f78899c80569c27d21156e19bbdcd31d1811?s=96&d=mm&r=g\",\"url\":\"https:\\\/\\\/secure.gravatar.com\\\/avatar\\\/6aa491f45cb359d4d6dd8c430e83f78899c80569c27d21156e19bbdcd31d1811?s=96&d=mm&r=g\",\"contentUrl\":\"https:\\\/\\\/secure.gravatar.com\\\/avatar\\\/6aa491f45cb359d4d6dd8c430e83f78899c80569c27d21156e19bbdcd31d1811?s=96&d=mm&r=g\",\"caption\":\"gabi1212\"},\"url\":\"https:\\\/\\\/garageblogec.com\\\/?author=6\"}]}<\/script>\n<!-- \/ Yoast SEO plugin. -->","yoast_head_json":{"title":"VOLKSWAGEN CELEBRA 50 A\u00d1OS DEL IC\u00d3NICO POLO, EL COMPACTO QUE MARC\u00d3 GENERACIONES - Garage Blog Ecuador","robots":{"index":"index","follow":"follow","max-snippet":"max-snippet:-1","max-image-preview":"max-image-preview:large","max-video-preview":"max-video-preview:-1"},"canonical":"https:\/\/garageblogec.com\/?p=1470","og_locale":"es_ES","og_type":"article","og_title":"VOLKSWAGEN CELEBRA 50 A\u00d1OS DEL IC\u00d3NICO POLO, EL COMPACTO QUE MARC\u00d3 GENERACIONES - Garage Blog Ecuador","og_description":"Este a\u00f1o, Volkswagen conmemora el 50\u00ba aniversario del Polo, un veh\u00edculo que desde su lanzamiento en 1975 ha redefinido el segmento de los compactos gracias a su dise\u00f1o innovador, tecnolog\u00eda avanzada y compromiso con la movilidad accesible","og_url":"https:\/\/garageblogec.com\/?p=1470","og_site_name":"Garage Blog Ecuador","article_published_time":"2025-01-29T15:39:37+00:00","article_modified_time":"2025-01-29T15:39:40+00:00","og_image":[{"width":2560,"height":1701,"url":"https:\/\/garageblogec.com\/wp-content\/uploads\/2025\/01\/DB2024AU01952_large-scaled.jpg","type":"image\/jpeg"}],"author":"gabi1212","twitter_card":"summary_large_image","twitter_misc":{"Escrito por":"gabi1212","Tiempo de lectura":"4 minutos"},"schema":{"@context":"https:\/\/schema.org","@graph":[{"@type":"Article","@id":"https:\/\/garageblogec.com\/?p=1470#article","isPartOf":{"@id":"https:\/\/garageblogec.com\/?p=1470"},"author":{"name":"gabi1212","@id":"https:\/\/garageblogec.com\/#\/schema\/person\/635f4b76c0cb3e43b82fe6f7d8bcceea"},"headline":"VOLKSWAGEN CELEBRA 50 A\u00d1OS DEL IC\u00d3NICO POLO, EL COMPACTO QUE MARC\u00d3 GENERACIONES","datePublished":"2025-01-29T15:39:37+00:00","dateModified":"2025-01-29T15:39:40+00:00","mainEntityOfPage":{"@id":"https:\/\/garageblogec.com\/?p=1470"},"wordCount":480,"commentCount":0,"publisher":{"@id":"https:\/\/garageblogec.com\/#organization"},"image":{"@id":"https:\/\/garageblogec.com\/?p=1470#primaryimage"},"thumbnailUrl":"https:\/\/garageblogec.com\/wp-content\/uploads\/2025\/01\/DB2024AU01952_large-scaled.jpg","articleSection":["Industria Nacional"],"inLanguage":"es","potentialAction":[{"@type":"CommentAction","name":"Comment","target":["https:\/\/garageblogec.com\/?p=1470#respond"]}]},{"@type":"WebPage","@id":"https:\/\/garageblogec.com\/?p=1470","url":"https:\/\/garageblogec.com\/?p=1470","name":"VOLKSWAGEN CELEBRA 50 A\u00d1OS DEL IC\u00d3NICO POLO, EL COMPACTO QUE MARC\u00d3 GENERACIONES - Garage Blog Ecuador","isPartOf":{"@id":"https:\/\/garageblogec.com\/#website"},"primaryImageOfPage":{"@id":"https:\/\/garageblogec.com\/?p=1470#primaryimage"},"image":{"@id":"https:\/\/garageblogec.com\/?p=1470#primaryimage"},"thumbnailUrl":"https:\/\/garageblogec.com\/wp-content\/uploads\/2025\/01\/DB2024AU01952_large-scaled.jpg","datePublished":"2025-01-29T15:39:37+00:00","dateModified":"2025-01-29T15:39:40+00:00","breadcrumb":{"@id":"https:\/\/garageblogec.com\/?p=1470#breadcrumb"},"inLanguage":"es","potentialAction":[{"@type":"ReadAction","target":["https:\/\/garageblogec.com\/?p=1470"]}]},{"@type":"ImageObject","inLanguage":"es","@id":"https:\/\/garageblogec.com\/?p=1470#primaryimage","url":"https:\/\/garageblogec.com\/wp-content\/uploads\/2025\/01\/DB2024AU01952_large-scaled.jpg","contentUrl":"https:\/\/garageblogec.com\/wp-content\/uploads\/2025\/01\/DB2024AU01952_large-scaled.jpg","width":2560,"height":1701},{"@type":"BreadcrumbList","@id":"https:\/\/garageblogec.com\/?p=1470#breadcrumb","itemListElement":[{"@type":"ListItem","position":1,"name":"Portada","item":"https:\/\/garageblogec.com\/"},{"@type":"ListItem","position":2,"name":"VOLKSWAGEN CELEBRA 50 A\u00d1OS DEL IC\u00d3NICO POLO, EL COMPACTO QUE MARC\u00d3 GENERACIONES"}]},{"@type":"WebSite","@id":"https:\/\/garageblogec.com\/#website","url":"https:\/\/garageblogec.com\/","name":"Garage Blog Ecuador","description":"Alucinamos por los autos ","publisher":{"@id":"https:\/\/garageblogec.com\/#organization"},"potentialAction":[{"@type":"SearchAction","target":{"@type":"EntryPoint","urlTemplate":"https:\/\/garageblogec.com\/?s={search_term_string}"},"query-input":{"@type":"PropertyValueSpecification","valueRequired":true,"valueName":"search_term_string"}}],"inLanguage":"es"},{"@type":"Organization","@id":"https:\/\/garageblogec.com\/#organization","name":"Garage Blog Ecuador","url":"https:\/\/garageblogec.com\/","logo":{"@type":"ImageObject","inLanguage":"es","@id":"https:\/\/garageblogec.com\/#\/schema\/logo\/image\/","url":"https:\/\/garageblogec.com\/wp-content\/uploads\/2024\/02\/cropped-logo-png-para-blog.webp","contentUrl":"https:\/\/garageblogec.com\/wp-content\/uploads\/2024\/02\/cropped-logo-png-para-blog.webp","width":840,"height":556,"caption":"Garage Blog Ecuador "},"image":{"@id":"https:\/\/garageblogec.com\/#\/schema\/logo\/image\/"}},{"@type":"Person","@id":"https:\/\/garageblogec.com\/#\/schema\/person\/635f4b76c0cb3e43b82fe6f7d8bcceea","name":"gabi1212","image":{"@type":"ImageObject","inLanguage":"es","@id":"https:\/\/secure.gravatar.com\/avatar\/6aa491f45cb359d4d6dd8c430e83f78899c80569c27d21156e19bbdcd31d1811?s=96&d=mm&r=g","url":"https:\/\/secure.gravatar.com\/avatar\/6aa491f45cb359d4d6dd8c430e83f78899c80569c27d21156e19bbdcd31d1811?s=96&d=mm&r=g","contentUrl":"https:\/\/secure.gravatar.com\/avatar\/6aa491f45cb359d4d6dd8c430e83f78899c80569c27d21156e19bbdcd31d1811?s=96&d=mm&r=g","caption":"gabi1212"},"url":"https:\/\/garageblogec.com\/?author=6"}]}},"jetpack_featured_media_url":"https:\/\/garageblogec.com\/wp-content\/uploads\/2025\/01\/DB2024AU01952_large-scaled.jpg","jetpack_sharing_enabled":true,"_links":{"self":[{"href":"https:\/\/garageblogec.com\/index.php?rest_route=\/wp\/v2\/posts\/1470","targetHints":{"allow":["GET"]}}],"collection":[{"href":"https:\/\/garageblogec.com\/index.php?rest_route=\/wp\/v2\/posts"}],"about":[{"href":"https:\/\/garageblogec.com\/index.php?rest_route=\/wp\/v2\/types\/post"}],"author":[{"embeddable":true,"href":"https:\/\/garageblogec.com\/index.php?rest_route=\/wp\/v2\/users\/6"}],"replies":[{"embeddable":true,"href":"https:\/\/garageblogec.com\/index.php?rest_route=%2Fwp%2Fv2%2Fcomments&post=1470"}],"version-history":[{"count":1,"href":"https:\/\/garageblogec.com\/index.php?rest_route=\/wp\/v2\/posts\/1470\/revisions"}],"predecessor-version":[{"id":1474,"href":"https:\/\/garageblogec.com\/index.php?rest_route=\/wp\/v2\/posts\/1470\/revisions\/1474"}],"wp:featuredmedia":[{"embeddable":true,"href":"https:\/\/garageblogec.com\/index.php?rest_route=\/wp\/v2\/media\/1471"}],"wp:attachment":[{"href":"https:\/\/garageblogec.com\/index.php?rest_route=%2Fwp%2Fv2%2Fmedia&parent=1470"}],"wp:term":[{"taxonomy":"category","embeddable":true,"href":"https:\/\/garageblogec.com\/index.php?rest_route=%2Fwp%2Fv2%2Fcategories&post=1470"},{"taxonomy":"post_tag","embeddable":true,"href":"https:\/\/garageblogec.com\/index.php?rest_route=%2Fwp%2Fv2%2Ftags&post=1470"}],"curies":[{"name":"wp","href":"https:\/\/api.w.org\/{rel}","templated":true}]}}