{"id":1466,"date":"2025-01-28T21:33:37","date_gmt":"2025-01-28T21:33:37","guid":{"rendered":"https:\/\/garageblogec.com\/?p=1466"},"modified":"2025-01-28T21:33:49","modified_gmt":"2025-01-28T21:33:49","slug":"nissan-eliminara-los-suv-infiniti-fabricados-en-mexico-en-diciembre-y-retrasara-los-planes-de-vehiculos-electricos-por-las-amenazas-de-trump-al-credito-fiscal","status":"publish","type":"post","link":"https:\/\/garageblogec.com\/?p=1466","title":{"rendered":"Nissan eliminar\u00e1 los SUV Infiniti fabricados en M\u00e9xico en diciembre y retrasar\u00e1 los planes de veh\u00edculos el\u00e9ctricos por las amenazas de Trump al cr\u00e9dito fiscal."},"content":{"rendered":"\n<p>La industria automotriz espera con gran expectaci\u00f3n escuchar lo que tiene planeado el presidente Donald Trump y c\u00f3mo sus pol\u00edticas podr\u00edan trastocar sus propios planes. Y con miles de millones de d\u00f3lares en juego, Nissan decidi\u00f3 eliminar dos modelos y posiblemente retrasar otros en lugar de arriesgarse a desperdiciar sus ganancias.<\/p>\n\n\n\n<figure class=\"wp-block-image size-large\"><img decoding=\"async\" src=\"https:\/\/www.carscoops.com\/wp-content\/uploads\/webp\/2025\/01\/Axed-Jan2725-1536x863.webp\" alt=\"\"\/><\/figure>\n\n\n\n<p>Una de las grandes preocupaciones de la industria es que Trump cumpla su promesa de eliminar el cr\u00e9dito fiscal de 7.500 d\u00f3lares que, sin duda, es un importante impulsor del aumento del 7,3 por ciento en las ventas de veh\u00edculos el\u00e9ctricos estadounidenses en 2024.<\/p>\n\n\n\n<figure class=\"wp-block-image size-large\"><a href=\"https:\/\/www.kia.com\/ec\/showroom\/sportage-nq5\/features.html\"><img fetchpriority=\"high\" decoding=\"async\" width=\"1024\" height=\"257\" src=\"https:\/\/garageblogec.com\/wp-content\/uploads\/2025\/01\/Banner-2056x516-1-1024x257.png\" alt=\"\" class=\"wp-image-1445\" srcset=\"https:\/\/garageblogec.com\/wp-content\/uploads\/2025\/01\/Banner-2056x516-1-1024x257.png 1024w, https:\/\/garageblogec.com\/wp-content\/uploads\/2025\/01\/Banner-2056x516-1-300x75.png 300w, https:\/\/garageblogec.com\/wp-content\/uploads\/2025\/01\/Banner-2056x516-1-768x193.png 768w, https:\/\/garageblogec.com\/wp-content\/uploads\/2025\/01\/Banner-2056x516-1-1536x386.png 1536w, https:\/\/garageblogec.com\/wp-content\/uploads\/2025\/01\/Banner-2056x516-1-2048x515.png 2048w, https:\/\/garageblogec.com\/wp-content\/uploads\/2025\/01\/Banner-2056x516-1-1320x332.png 1320w\" sizes=\"(max-width: 1024px) 100vw, 1024px\" \/><\/a><\/figure>\n\n\n\n<p>Nissan\u00a0estaba planeando construir cuatro nuevos veh\u00edculos el\u00e9ctricos en su planta de Canton, Mississippi, a partir de 2027, pero ahora podr\u00eda retrasar su introducci\u00f3n debido a las preocupaciones de que la eliminaci\u00f3n de los cr\u00e9ditos fiscales para veh\u00edculos el\u00e9ctricos podr\u00eda diezmar la demanda.<\/p>\n\n\n\n<p>\u00abSi retiran el cr\u00e9dito de 7.500 d\u00f3lares, sabemos que el ritmo de adopci\u00f3n se ralentizar\u00e1\u00bb, dijo Ponz Pandikuthira, director de planificaci\u00f3n de Nissan, a\u00a0Bloomberg\u00a0. \u00abSin duda no queremos estar en la posici\u00f3n de fabricar modelos para los que no haya demanda\u00bb.<\/p>\n\n\n\n<p>El informe se\u00f1ala que Nissan podr\u00eda retrasar el debut de los veh\u00edculos el\u00e9ctricos y limitar su producci\u00f3n en Canton, al tiempo que aumenta la producci\u00f3n de h\u00edbridos que se prev\u00e9 fabricar en su planta de Smyrna, Tennessee. Las ventas de Nissan se han visto gravemente afectadas recientemente por su falta de ofertas\u00a0h\u00edbridas\u00a0, mientras que los fabricantes de autom\u00f3viles rivales han aprovechado la tendencia de los veh\u00edculos con motores de combusti\u00f3n interna asistidos el\u00e9ctricamente.<\/p>\n\n\n\n<figure class=\"wp-block-image size-large\"><img decoding=\"async\" src=\"https:\/\/www.carscoops.com\/wp-content\/uploads\/webp\/2023\/10\/2024-Infiniti-QX55-7-1536x864.webp\" alt=\"\"\/><\/figure>\n\n\n\n<p>\u201cSeguimos de cerca lo que ocurre con las regulaciones\u201d, dijo Pandikuthira a Bloomberg. \u201cPodemos decidir cu\u00e1les aumentar y cu\u00e1les reducir\u201d.<\/p>\n\n\n\n<p>Sin relaci\u00f3n con los temores sobre el cr\u00e9dito fiscal, pero seguramente relacionada con las preocupaciones sobre otras pol\u00edticas del presidente Trump, est\u00e1 la decisi\u00f3n de Nissan de eliminar dos modelos Infiniti fabricados en M\u00e9xico antes de que Trump tenga la oportunidad de imponer un arancel del 25 por ciento a los veh\u00edculos importados a Estados Unidos desde M\u00e9xico y Canad\u00e1, una medida que ha\u00a0amenazado con implementar el 1 de febrero\u00a0.<\/p>\n\n\n\n<p>El QX50 y su hermano fastback QX55, construido en una planta de Mercedes-Nissan en M\u00e9xico, ser\u00e1n eliminados en diciembre. Nissan afirma que los est\u00e1n eliminando por las bajas ventas, aunque las cifras mostraron que las ventas del QX50 en realidad crecieron un 7,9 por ciento en 2024. El QX55, sin embargo, definitivamente necesita una bala: sus ventas\u00a0se hundieron un 31,1 por ciento el a\u00f1o pasado\u00a0. Un rumor es que Nissan podr\u00eda ofrecer un h\u00edbrido Rogue con la insignia de Infiniti para reemplazar a los gemelos QX.<\/p>\n\n\n\n<figure class=\"wp-block-image size-large\"><img decoding=\"async\" src=\"https:\/\/www.carscoops.com\/wp-content\/uploads\/webp\/2025\/01\/25TDIus_QX50008-1536x843.webp\" alt=\"\"\/><\/figure>\n\n\n\n<p>Nissan ya atravesaba momentos dif\u00edciles antes de la llegada de Trump y planea recortar hasta 2.000 puestos de trabajo en Estados Unidos, seg\u00fan un informe de un medio japon\u00e9s citado por Bloomberg, adem\u00e1s de otros 7.000 en todo el mundo. El fabricante de autom\u00f3viles anunci\u00f3 en diciembre que se\u00a0fusionar\u00eda con Honda para ayudar a combatir la amenaza\u00a0de los fabricantes de autom\u00f3viles chinos.<\/p>\n\n\n<div class='pt-cv-wrapper'> <h3 class='pt-cv-heading-container heading1' data-blockid='4u4ccjp5'><span class='pt-cv-heading'> Overlay1 <\/span><\/h3><div class=\"pt-cv-view pt-cv-overlaygrid iscvblock iscvreal overlay1 layout1\" id=\"pt-cv-view-4u4ccjp5\"><div data-id=\"pt-cv-page-1\" class=\"pt-cv-page\" data-cvc=\"3\"><div class=\" pt-cv-content-item pt-cv-1-col\" ><div class=\"pt-cv-thumb-wrapper  \"><a href=\"https:\/\/garageblogec.com\/?p=3303\" class=\"_self pt-cv-href-thumbnail pt-cv-thumb-default\" target=\"_self\" ><img decoding=\"async\" width=\"768\" height=\"432\" src=\"https:\/\/garageblogec.com\/wp-content\/uploads\/2026\/04\/WhatsApp-Image-2026-04-21-at-1.52.53-PM-768x432.jpeg\" class=\"pt-cv-thumbnail\" alt=\"\" \/><\/a><\/div>\n<div class=\"pt-cv-overlay-wrapper\"><div class=\"pt-cv-taxoterm above_title\"><a href='https:\/\/garageblogec.com\/?cat=27' title='Industria Nacional' class='pt-cv-tax-industria-nacional'>Industria Nacional<\/a><\/div><h4 class=\"pt-cv-title\"><a href=\"https:\/\/garageblogec.com\/?p=3303\" class=\"_self\" target=\"_self\" >Grupo Ambacar presenta en Guayaquil KGM, su nueva marca de SUV h\u00edbridos con respaldo global<\/a><\/h4><div class=\"pt-cv-meta-fields\"><span class=\"entry-date\"> <time datetime=\"2026-04-21T21:37:24+00:00\">abril 21, 2026<\/time><\/span><span> \/ <\/span><span class=\"author\"> <a href=\"https:\/\/garageblogec.com\/?author=6\" rel=\"author\">gabi1212<\/a><\/span><\/div><\/div><\/div>\n<div class=\" pt-cv-content-item pt-cv-1-col\" ><div class=\"pt-cv-thumb-wrapper  \"><a href=\"https:\/\/garageblogec.com\/?p=3296\" class=\"_self pt-cv-href-thumbnail pt-cv-thumb-default\" target=\"_self\" ><img decoding=\"async\" width=\"768\" height=\"432\" src=\"https:\/\/garageblogec.com\/wp-content\/uploads\/2026\/04\/WhatsApp-Image-2026-04-14-at-3.15.09-PM-768x432.jpeg\" class=\"pt-cv-thumbnail\" alt=\"\" \/><\/a><\/div>\n<div class=\"pt-cv-overlay-wrapper\"><div class=\"pt-cv-taxoterm above_title\"><a href='https:\/\/garageblogec.com\/?cat=27' title='Industria Nacional' class='pt-cv-tax-industria-nacional'>Industria Nacional<\/a><\/div><h4 class=\"pt-cv-title\"><a href=\"https:\/\/garageblogec.com\/?p=3296\" class=\"_self\" target=\"_self\" >El tablero desapareci\u00f3, ahora el auto es una pantalla inteligente<\/a><\/h4><div class=\"pt-cv-meta-fields\"><span class=\"entry-date\"> <time datetime=\"2026-04-14T20:21:20+00:00\">abril 14, 2026<\/time><\/span><span> \/ <\/span><span class=\"author\"> <a href=\"https:\/\/garageblogec.com\/?author=6\" rel=\"author\">gabi1212<\/a><\/span><\/div><\/div><\/div>\n<div class=\" pt-cv-content-item pt-cv-1-col\" ><div class=\"pt-cv-thumb-wrapper  \"><a href=\"https:\/\/garageblogec.com\/?p=3291\" class=\"_self pt-cv-href-thumbnail pt-cv-thumb-default\" target=\"_self\" ><img loading=\"lazy\" decoding=\"async\" width=\"768\" height=\"432\" src=\"https:\/\/garageblogec.com\/wp-content\/uploads\/2026\/04\/WhatsApp-Image-2026-04-14-at-2.21.27-PM-768x432.jpeg\" class=\"pt-cv-thumbnail\" alt=\"\" \/><\/a><\/div>\n<div class=\"pt-cv-overlay-wrapper\"><div class=\"pt-cv-taxoterm above_title\"><a href='https:\/\/garageblogec.com\/?cat=27' title='Industria Nacional' class='pt-cv-tax-industria-nacional'>Industria Nacional<\/a><\/div><h4 class=\"pt-cv-title\"><a href=\"https:\/\/garageblogec.com\/?p=3291\" class=\"_self\" target=\"_self\" >Seguridad al volante en Ecuador: los errores m\u00e1s comunes que cometen los conductores<\/a><\/h4><div class=\"pt-cv-meta-fields\"><span class=\"entry-date\"> <time datetime=\"2026-04-14T20:08:54+00:00\">abril 14, 2026<\/time><\/span><span> \/ <\/span><span class=\"author\"> <a href=\"https:\/\/garageblogec.com\/?author=6\" rel=\"author\">gabi1212<\/a><\/span><\/div><\/div><\/div>\n<div class=\" pt-cv-content-item pt-cv-1-col\" ><div class=\"pt-cv-thumb-wrapper  \"><a href=\"https:\/\/garageblogec.com\/?p=3286\" class=\"_self pt-cv-href-thumbnail pt-cv-thumb-default\" target=\"_self\" ><img loading=\"lazy\" decoding=\"async\" width=\"768\" height=\"492\" src=\"https:\/\/garageblogec.com\/wp-content\/uploads\/2026\/04\/Posventa.jpg-768x492.jpeg\" class=\"pt-cv-thumbnail\" alt=\"\" \/><\/a><\/div>\n<div class=\"pt-cv-overlay-wrapper\"><div class=\"pt-cv-taxoterm above_title\"><a href='https:\/\/garageblogec.com\/?cat=27' title='Industria Nacional' class='pt-cv-tax-industria-nacional'>Industria Nacional<\/a><\/div><h4 class=\"pt-cv-title\"><a href=\"https:\/\/garageblogec.com\/?p=3286\" class=\"_self\" target=\"_self\" >Clientes Nissan reciben cambios de aceite infinitos<\/a><\/h4><div class=\"pt-cv-meta-fields\"><span class=\"entry-date\"> <time datetime=\"2026-04-14T20:04:08+00:00\">abril 14, 2026<\/time><\/span><span> \/ <\/span><span class=\"author\"> <a href=\"https:\/\/garageblogec.com\/?author=6\" rel=\"author\">gabi1212<\/a><\/span><\/div><\/div><\/div>\n<div class=\" pt-cv-content-item pt-cv-1-col\" ><div class=\"pt-cv-thumb-wrapper  \"><a href=\"https:\/\/garageblogec.com\/?p=3280\" class=\"_self pt-cv-href-thumbnail pt-cv-thumb-default\" target=\"_self\" ><img loading=\"lazy\" decoding=\"async\" width=\"768\" height=\"512\" src=\"https:\/\/garageblogec.com\/wp-content\/uploads\/2026\/04\/foto1-768x512.jpeg\" class=\"pt-cv-thumbnail\" alt=\"\" \/><\/a><\/div>\n<div class=\"pt-cv-overlay-wrapper\"><div class=\"pt-cv-taxoterm above_title\"><a href='https:\/\/garageblogec.com\/?cat=27' title='Industria Nacional' class='pt-cv-tax-industria-nacional'>Industria Nacional<\/a><\/div><h4 class=\"pt-cv-title\"><a href=\"https:\/\/garageblogec.com\/?p=3280\" class=\"_self\" target=\"_self\" >Movilidad como inversi\u00f3n: el uso de utilidades que crece en Ecuador<\/a><\/h4><div class=\"pt-cv-meta-fields\"><span class=\"entry-date\"> <time datetime=\"2026-04-07T19:55:36+00:00\">abril 7, 2026<\/time><\/span><span> \/ <\/span><span class=\"author\"> <a href=\"https:\/\/garageblogec.com\/?author=6\" rel=\"author\">gabi1212<\/a><\/span><\/div><\/div><\/div>\n<div class=\" pt-cv-content-item pt-cv-1-col\" ><div class=\"pt-cv-thumb-wrapper  \"><a href=\"https:\/\/garageblogec.com\/?p=3276\" class=\"_self pt-cv-href-thumbnail pt-cv-thumb-default\" target=\"_self\" ><img loading=\"lazy\" decoding=\"async\" width=\"745\" height=\"491\" src=\"https:\/\/garageblogec.com\/wp-content\/uploads\/2026\/04\/TT.png\" class=\"pt-cv-thumbnail\" alt=\"\" \/><\/a><\/div>\n<div class=\"pt-cv-overlay-wrapper\"><div class=\"pt-cv-taxoterm above_title\"><a href='https:\/\/garageblogec.com\/?cat=27' title='Industria Nacional' class='pt-cv-tax-industria-nacional'>Industria Nacional<\/a><\/div><h4 class=\"pt-cv-title\"><a href=\"https:\/\/garageblogec.com\/?p=3276\" class=\"_self\" target=\"_self\" >Lluvias en Ecuador: C\u00f3mo reducir riesgos en carretera y prevenir accidentes en calzada mojada<\/a><\/h4><div class=\"pt-cv-meta-fields\"><span class=\"entry-date\"> <time datetime=\"2026-04-07T19:46:52+00:00\">abril 7, 2026<\/time><\/span><span> \/ <\/span><span class=\"author\"> <a href=\"https:\/\/garageblogec.com\/?author=6\" rel=\"author\">gabi1212<\/a><\/span><\/div><\/div><\/div><\/div><\/div> <\/div> <style>\n#pt-cv-view-4u4ccjp5 .pt-cv-thumb-wrapper::before {background: rgba(0,0,0,.4); opacity: 0.8;}#pt-cv-view-4u4ccjp5 .pt-cv-overlay-wrapper {justify-content: center;}\n#pt-cv-view-4u4ccjp5 .pt-cv-meta-fields {  }#pt-cv-view-4u4ccjp5 .pt-cv-meta-fields * { font-size: 13px; }#pt-cv-view-4u4ccjp5 .pt-cv-title a { display: block; }#pt-cv-view-4u4ccjp5 .pt-cv-title:not(.pt-cv-titlesm) a { font-weight: 600;text-decoration: none;font-size: 20px; }#pt-cv-view-4u4ccjp5 .pt-cv-titlesm a { font-weight: 600;font-size: 18px; }#pt-cv-view-4u4ccjp5 .pt-cv-content { font-size: 15px; }#pt-cv-view-4u4ccjp5 .pt-cv-rmwrap {  }#pt-cv-view-4u4ccjp5 .pt-cv-readmore { color: #fff;background-color: #0075ff;font-size: 14px; }#pt-cv-view-4u4ccjp5 .pt-cv-taxoterm { margin: 0px 0px 20px 0px; }#pt-cv-view-4u4ccjp5 .pt-cv-taxoterm * { color: #222;background-color: #fff6f6;font-size: 14px; }#pt-cv-view-4u4ccjp5 + .pt-cv-pagination-wrapper {  }#pt-cv-view-4u4ccjp5 + .pt-cv-pagination-wrapper a { font-size: 14px; }#pt-cv-view-4u4ccjp5 > .pt-cv-page {grid-template-columns: repeat(3, 1fr);grid-auto-rows: 250px;grid-gap: 10px;}\n@media all and (max-width: 1024px) { \n#pt-cv-view-4u4ccjp5 > .pt-cv-page {}\n} \n@media all and (max-width: 767px) { \n#pt-cv-view-4u4ccjp5 > .pt-cv-page {grid-template-columns: repeat(1, 1fr);}\n} <\/style>\n\n\n<p><\/p>\n","protected":false},"excerpt":{"rendered":"<p>La incertidumbre sobre la futura pol\u00edtica de la administraci\u00f3n Trump ha obligado a Nissan a actuar con cautela<\/p>\n","protected":false},"author":6,"featured_media":1467,"comment_status":"open","ping_status":"open","sticky":false,"template":"","format":"standard","meta":{"_jetpack_memberships_contains_paid_content":false,"footnotes":""},"categories":[27],"tags":[],"class_list":["post-1466","post","type-post","status-publish","format-standard","has-post-thumbnail","hentry","category-industria-nacional"],"yoast_head":"<!-- This site is optimized with the Yoast SEO plugin v27.5 - https:\/\/yoast.com\/product\/yoast-seo-wordpress\/ -->\n<title>Nissan eliminar\u00e1 los SUV Infiniti fabricados en M\u00e9xico en diciembre y retrasar\u00e1 los planes de veh\u00edculos el\u00e9ctricos por las amenazas de Trump al cr\u00e9dito fiscal. - Garage Blog Ecuador<\/title>\n<meta name=\"robots\" content=\"index, follow, max-snippet:-1, max-image-preview:large, max-video-preview:-1\" \/>\n<link rel=\"canonical\" href=\"https:\/\/garageblogec.com\/?p=1466\" \/>\n<meta property=\"og:locale\" content=\"es_ES\" \/>\n<meta property=\"og:type\" content=\"article\" \/>\n<meta property=\"og:title\" content=\"Nissan eliminar\u00e1 los SUV Infiniti fabricados en M\u00e9xico en diciembre y retrasar\u00e1 los planes de veh\u00edculos el\u00e9ctricos por las amenazas de Trump al cr\u00e9dito fiscal. - Garage Blog Ecuador\" \/>\n<meta property=\"og:description\" content=\"La incertidumbre sobre la futura pol\u00edtica de la administraci\u00f3n Trump ha obligado a Nissan a actuar con cautela\" \/>\n<meta property=\"og:url\" content=\"https:\/\/garageblogec.com\/?p=1466\" \/>\n<meta property=\"og:site_name\" content=\"Garage Blog Ecuador\" \/>\n<meta property=\"article:published_time\" content=\"2025-01-28T21:33:37+00:00\" \/>\n<meta property=\"article:modified_time\" content=\"2025-01-28T21:33:49+00:00\" \/>\n<meta property=\"og:image\" content=\"https:\/\/garageblogec.com\/wp-content\/uploads\/2025\/01\/56565.png\" \/>\n\t<meta property=\"og:image:width\" content=\"887\" \/>\n\t<meta property=\"og:image:height\" content=\"494\" \/>\n\t<meta property=\"og:image:type\" content=\"image\/png\" \/>\n<meta name=\"author\" content=\"gabi1212\" \/>\n<meta name=\"twitter:card\" content=\"summary_large_image\" \/>\n<meta name=\"twitter:label1\" content=\"Escrito por\" \/>\n\t<meta name=\"twitter:data1\" content=\"gabi1212\" \/>\n\t<meta name=\"twitter:label2\" content=\"Tiempo de lectura\" \/>\n\t<meta name=\"twitter:data2\" content=\"4 minutos\" \/>\n<script type=\"application\/ld+json\" class=\"yoast-schema-graph\">{\"@context\":\"https:\\\/\\\/schema.org\",\"@graph\":[{\"@type\":\"Article\",\"@id\":\"https:\\\/\\\/garageblogec.com\\\/?p=1466#article\",\"isPartOf\":{\"@id\":\"https:\\\/\\\/garageblogec.com\\\/?p=1466\"},\"author\":{\"name\":\"gabi1212\",\"@id\":\"https:\\\/\\\/garageblogec.com\\\/#\\\/schema\\\/person\\\/635f4b76c0cb3e43b82fe6f7d8bcceea\"},\"headline\":\"Nissan eliminar\u00e1 los SUV Infiniti fabricados en M\u00e9xico en diciembre y retrasar\u00e1 los planes de veh\u00edculos el\u00e9ctricos por las amenazas de Trump al cr\u00e9dito fiscal.\",\"datePublished\":\"2025-01-28T21:33:37+00:00\",\"dateModified\":\"2025-01-28T21:33:49+00:00\",\"mainEntityOfPage\":{\"@id\":\"https:\\\/\\\/garageblogec.com\\\/?p=1466\"},\"wordCount\":570,\"commentCount\":0,\"publisher\":{\"@id\":\"https:\\\/\\\/garageblogec.com\\\/#organization\"},\"image\":{\"@id\":\"https:\\\/\\\/garageblogec.com\\\/?p=1466#primaryimage\"},\"thumbnailUrl\":\"https:\\\/\\\/garageblogec.com\\\/wp-content\\\/uploads\\\/2025\\\/01\\\/56565.png\",\"articleSection\":[\"Industria Nacional\"],\"inLanguage\":\"es\",\"potentialAction\":[{\"@type\":\"CommentAction\",\"name\":\"Comment\",\"target\":[\"https:\\\/\\\/garageblogec.com\\\/?p=1466#respond\"]}]},{\"@type\":\"WebPage\",\"@id\":\"https:\\\/\\\/garageblogec.com\\\/?p=1466\",\"url\":\"https:\\\/\\\/garageblogec.com\\\/?p=1466\",\"name\":\"Nissan eliminar\u00e1 los SUV Infiniti fabricados en M\u00e9xico en diciembre y retrasar\u00e1 los planes de veh\u00edculos el\u00e9ctricos por las amenazas de Trump al cr\u00e9dito fiscal. - Garage Blog Ecuador\",\"isPartOf\":{\"@id\":\"https:\\\/\\\/garageblogec.com\\\/#website\"},\"primaryImageOfPage\":{\"@id\":\"https:\\\/\\\/garageblogec.com\\\/?p=1466#primaryimage\"},\"image\":{\"@id\":\"https:\\\/\\\/garageblogec.com\\\/?p=1466#primaryimage\"},\"thumbnailUrl\":\"https:\\\/\\\/garageblogec.com\\\/wp-content\\\/uploads\\\/2025\\\/01\\\/56565.png\",\"datePublished\":\"2025-01-28T21:33:37+00:00\",\"dateModified\":\"2025-01-28T21:33:49+00:00\",\"breadcrumb\":{\"@id\":\"https:\\\/\\\/garageblogec.com\\\/?p=1466#breadcrumb\"},\"inLanguage\":\"es\",\"potentialAction\":[{\"@type\":\"ReadAction\",\"target\":[\"https:\\\/\\\/garageblogec.com\\\/?p=1466\"]}]},{\"@type\":\"ImageObject\",\"inLanguage\":\"es\",\"@id\":\"https:\\\/\\\/garageblogec.com\\\/?p=1466#primaryimage\",\"url\":\"https:\\\/\\\/garageblogec.com\\\/wp-content\\\/uploads\\\/2025\\\/01\\\/56565.png\",\"contentUrl\":\"https:\\\/\\\/garageblogec.com\\\/wp-content\\\/uploads\\\/2025\\\/01\\\/56565.png\",\"width\":887,\"height\":494},{\"@type\":\"BreadcrumbList\",\"@id\":\"https:\\\/\\\/garageblogec.com\\\/?p=1466#breadcrumb\",\"itemListElement\":[{\"@type\":\"ListItem\",\"position\":1,\"name\":\"Portada\",\"item\":\"https:\\\/\\\/garageblogec.com\\\/\"},{\"@type\":\"ListItem\",\"position\":2,\"name\":\"Nissan eliminar\u00e1 los SUV Infiniti fabricados en M\u00e9xico en diciembre y retrasar\u00e1 los planes de veh\u00edculos el\u00e9ctricos por las amenazas de Trump al cr\u00e9dito fiscal.\"}]},{\"@type\":\"WebSite\",\"@id\":\"https:\\\/\\\/garageblogec.com\\\/#website\",\"url\":\"https:\\\/\\\/garageblogec.com\\\/\",\"name\":\"Garage Blog Ecuador\",\"description\":\"Alucinamos por los autos \",\"publisher\":{\"@id\":\"https:\\\/\\\/garageblogec.com\\\/#organization\"},\"potentialAction\":[{\"@type\":\"SearchAction\",\"target\":{\"@type\":\"EntryPoint\",\"urlTemplate\":\"https:\\\/\\\/garageblogec.com\\\/?s={search_term_string}\"},\"query-input\":{\"@type\":\"PropertyValueSpecification\",\"valueRequired\":true,\"valueName\":\"search_term_string\"}}],\"inLanguage\":\"es\"},{\"@type\":\"Organization\",\"@id\":\"https:\\\/\\\/garageblogec.com\\\/#organization\",\"name\":\"Garage Blog Ecuador\",\"url\":\"https:\\\/\\\/garageblogec.com\\\/\",\"logo\":{\"@type\":\"ImageObject\",\"inLanguage\":\"es\",\"@id\":\"https:\\\/\\\/garageblogec.com\\\/#\\\/schema\\\/logo\\\/image\\\/\",\"url\":\"https:\\\/\\\/garageblogec.com\\\/wp-content\\\/uploads\\\/2024\\\/02\\\/cropped-logo-png-para-blog.webp\",\"contentUrl\":\"https:\\\/\\\/garageblogec.com\\\/wp-content\\\/uploads\\\/2024\\\/02\\\/cropped-logo-png-para-blog.webp\",\"width\":840,\"height\":556,\"caption\":\"Garage Blog Ecuador \"},\"image\":{\"@id\":\"https:\\\/\\\/garageblogec.com\\\/#\\\/schema\\\/logo\\\/image\\\/\"}},{\"@type\":\"Person\",\"@id\":\"https:\\\/\\\/garageblogec.com\\\/#\\\/schema\\\/person\\\/635f4b76c0cb3e43b82fe6f7d8bcceea\",\"name\":\"gabi1212\",\"image\":{\"@type\":\"ImageObject\",\"inLanguage\":\"es\",\"@id\":\"https:\\\/\\\/secure.gravatar.com\\\/avatar\\\/6aa491f45cb359d4d6dd8c430e83f78899c80569c27d21156e19bbdcd31d1811?s=96&d=mm&r=g\",\"url\":\"https:\\\/\\\/secure.gravatar.com\\\/avatar\\\/6aa491f45cb359d4d6dd8c430e83f78899c80569c27d21156e19bbdcd31d1811?s=96&d=mm&r=g\",\"contentUrl\":\"https:\\\/\\\/secure.gravatar.com\\\/avatar\\\/6aa491f45cb359d4d6dd8c430e83f78899c80569c27d21156e19bbdcd31d1811?s=96&d=mm&r=g\",\"caption\":\"gabi1212\"},\"url\":\"https:\\\/\\\/garageblogec.com\\\/?author=6\"}]}<\/script>\n<!-- \/ Yoast SEO plugin. -->","yoast_head_json":{"title":"Nissan eliminar\u00e1 los SUV Infiniti fabricados en M\u00e9xico en diciembre y retrasar\u00e1 los planes de veh\u00edculos el\u00e9ctricos por las amenazas de Trump al cr\u00e9dito fiscal. - Garage Blog Ecuador","robots":{"index":"index","follow":"follow","max-snippet":"max-snippet:-1","max-image-preview":"max-image-preview:large","max-video-preview":"max-video-preview:-1"},"canonical":"https:\/\/garageblogec.com\/?p=1466","og_locale":"es_ES","og_type":"article","og_title":"Nissan eliminar\u00e1 los SUV Infiniti fabricados en M\u00e9xico en diciembre y retrasar\u00e1 los planes de veh\u00edculos el\u00e9ctricos por las amenazas de Trump al cr\u00e9dito fiscal. - Garage Blog Ecuador","og_description":"La incertidumbre sobre la futura pol\u00edtica de la administraci\u00f3n Trump ha obligado a Nissan a actuar con cautela","og_url":"https:\/\/garageblogec.com\/?p=1466","og_site_name":"Garage Blog Ecuador","article_published_time":"2025-01-28T21:33:37+00:00","article_modified_time":"2025-01-28T21:33:49+00:00","og_image":[{"width":887,"height":494,"url":"https:\/\/garageblogec.com\/wp-content\/uploads\/2025\/01\/56565.png","type":"image\/png"}],"author":"gabi1212","twitter_card":"summary_large_image","twitter_misc":{"Escrito por":"gabi1212","Tiempo de lectura":"4 minutos"},"schema":{"@context":"https:\/\/schema.org","@graph":[{"@type":"Article","@id":"https:\/\/garageblogec.com\/?p=1466#article","isPartOf":{"@id":"https:\/\/garageblogec.com\/?p=1466"},"author":{"name":"gabi1212","@id":"https:\/\/garageblogec.com\/#\/schema\/person\/635f4b76c0cb3e43b82fe6f7d8bcceea"},"headline":"Nissan eliminar\u00e1 los SUV Infiniti fabricados en M\u00e9xico en diciembre y retrasar\u00e1 los planes de veh\u00edculos el\u00e9ctricos por las amenazas de Trump al cr\u00e9dito fiscal.","datePublished":"2025-01-28T21:33:37+00:00","dateModified":"2025-01-28T21:33:49+00:00","mainEntityOfPage":{"@id":"https:\/\/garageblogec.com\/?p=1466"},"wordCount":570,"commentCount":0,"publisher":{"@id":"https:\/\/garageblogec.com\/#organization"},"image":{"@id":"https:\/\/garageblogec.com\/?p=1466#primaryimage"},"thumbnailUrl":"https:\/\/garageblogec.com\/wp-content\/uploads\/2025\/01\/56565.png","articleSection":["Industria Nacional"],"inLanguage":"es","potentialAction":[{"@type":"CommentAction","name":"Comment","target":["https:\/\/garageblogec.com\/?p=1466#respond"]}]},{"@type":"WebPage","@id":"https:\/\/garageblogec.com\/?p=1466","url":"https:\/\/garageblogec.com\/?p=1466","name":"Nissan eliminar\u00e1 los SUV Infiniti fabricados en M\u00e9xico en diciembre y retrasar\u00e1 los planes de veh\u00edculos el\u00e9ctricos por las amenazas de Trump al cr\u00e9dito fiscal. - Garage Blog Ecuador","isPartOf":{"@id":"https:\/\/garageblogec.com\/#website"},"primaryImageOfPage":{"@id":"https:\/\/garageblogec.com\/?p=1466#primaryimage"},"image":{"@id":"https:\/\/garageblogec.com\/?p=1466#primaryimage"},"thumbnailUrl":"https:\/\/garageblogec.com\/wp-content\/uploads\/2025\/01\/56565.png","datePublished":"2025-01-28T21:33:37+00:00","dateModified":"2025-01-28T21:33:49+00:00","breadcrumb":{"@id":"https:\/\/garageblogec.com\/?p=1466#breadcrumb"},"inLanguage":"es","potentialAction":[{"@type":"ReadAction","target":["https:\/\/garageblogec.com\/?p=1466"]}]},{"@type":"ImageObject","inLanguage":"es","@id":"https:\/\/garageblogec.com\/?p=1466#primaryimage","url":"https:\/\/garageblogec.com\/wp-content\/uploads\/2025\/01\/56565.png","contentUrl":"https:\/\/garageblogec.com\/wp-content\/uploads\/2025\/01\/56565.png","width":887,"height":494},{"@type":"BreadcrumbList","@id":"https:\/\/garageblogec.com\/?p=1466#breadcrumb","itemListElement":[{"@type":"ListItem","position":1,"name":"Portada","item":"https:\/\/garageblogec.com\/"},{"@type":"ListItem","position":2,"name":"Nissan eliminar\u00e1 los SUV Infiniti fabricados en M\u00e9xico en diciembre y retrasar\u00e1 los planes de veh\u00edculos el\u00e9ctricos por las amenazas de Trump al cr\u00e9dito fiscal."}]},{"@type":"WebSite","@id":"https:\/\/garageblogec.com\/#website","url":"https:\/\/garageblogec.com\/","name":"Garage Blog Ecuador","description":"Alucinamos por los autos ","publisher":{"@id":"https:\/\/garageblogec.com\/#organization"},"potentialAction":[{"@type":"SearchAction","target":{"@type":"EntryPoint","urlTemplate":"https:\/\/garageblogec.com\/?s={search_term_string}"},"query-input":{"@type":"PropertyValueSpecification","valueRequired":true,"valueName":"search_term_string"}}],"inLanguage":"es"},{"@type":"Organization","@id":"https:\/\/garageblogec.com\/#organization","name":"Garage Blog Ecuador","url":"https:\/\/garageblogec.com\/","logo":{"@type":"ImageObject","inLanguage":"es","@id":"https:\/\/garageblogec.com\/#\/schema\/logo\/image\/","url":"https:\/\/garageblogec.com\/wp-content\/uploads\/2024\/02\/cropped-logo-png-para-blog.webp","contentUrl":"https:\/\/garageblogec.com\/wp-content\/uploads\/2024\/02\/cropped-logo-png-para-blog.webp","width":840,"height":556,"caption":"Garage Blog Ecuador "},"image":{"@id":"https:\/\/garageblogec.com\/#\/schema\/logo\/image\/"}},{"@type":"Person","@id":"https:\/\/garageblogec.com\/#\/schema\/person\/635f4b76c0cb3e43b82fe6f7d8bcceea","name":"gabi1212","image":{"@type":"ImageObject","inLanguage":"es","@id":"https:\/\/secure.gravatar.com\/avatar\/6aa491f45cb359d4d6dd8c430e83f78899c80569c27d21156e19bbdcd31d1811?s=96&d=mm&r=g","url":"https:\/\/secure.gravatar.com\/avatar\/6aa491f45cb359d4d6dd8c430e83f78899c80569c27d21156e19bbdcd31d1811?s=96&d=mm&r=g","contentUrl":"https:\/\/secure.gravatar.com\/avatar\/6aa491f45cb359d4d6dd8c430e83f78899c80569c27d21156e19bbdcd31d1811?s=96&d=mm&r=g","caption":"gabi1212"},"url":"https:\/\/garageblogec.com\/?author=6"}]}},"jetpack_featured_media_url":"https:\/\/garageblogec.com\/wp-content\/uploads\/2025\/01\/56565.png","jetpack_sharing_enabled":true,"_links":{"self":[{"href":"https:\/\/garageblogec.com\/index.php?rest_route=\/wp\/v2\/posts\/1466","targetHints":{"allow":["GET"]}}],"collection":[{"href":"https:\/\/garageblogec.com\/index.php?rest_route=\/wp\/v2\/posts"}],"about":[{"href":"https:\/\/garageblogec.com\/index.php?rest_route=\/wp\/v2\/types\/post"}],"author":[{"embeddable":true,"href":"https:\/\/garageblogec.com\/index.php?rest_route=\/wp\/v2\/users\/6"}],"replies":[{"embeddable":true,"href":"https:\/\/garageblogec.com\/index.php?rest_route=%2Fwp%2Fv2%2Fcomments&post=1466"}],"version-history":[{"count":1,"href":"https:\/\/garageblogec.com\/index.php?rest_route=\/wp\/v2\/posts\/1466\/revisions"}],"predecessor-version":[{"id":1468,"href":"https:\/\/garageblogec.com\/index.php?rest_route=\/wp\/v2\/posts\/1466\/revisions\/1468"}],"wp:featuredmedia":[{"embeddable":true,"href":"https:\/\/garageblogec.com\/index.php?rest_route=\/wp\/v2\/media\/1467"}],"wp:attachment":[{"href":"https:\/\/garageblogec.com\/index.php?rest_route=%2Fwp%2Fv2%2Fmedia&parent=1466"}],"wp:term":[{"taxonomy":"category","embeddable":true,"href":"https:\/\/garageblogec.com\/index.php?rest_route=%2Fwp%2Fv2%2Fcategories&post=1466"},{"taxonomy":"post_tag","embeddable":true,"href":"https:\/\/garageblogec.com\/index.php?rest_route=%2Fwp%2Fv2%2Ftags&post=1466"}],"curies":[{"name":"wp","href":"https:\/\/api.w.org\/{rel}","templated":true}]}}