{"id":1460,"date":"2025-01-27T18:29:48","date_gmt":"2025-01-27T18:29:48","guid":{"rendered":"https:\/\/garageblogec.com\/?p=1460"},"modified":"2025-01-27T18:29:54","modified_gmt":"2025-01-27T18:29:54","slug":"toyota-insinua-un-deportivo-con-motor-central-tipo-mr-2-0-turbo-y-traccion-total","status":"publish","type":"post","link":"https:\/\/garageblogec.com\/?p=1460","title":{"rendered":"Toyota insin\u00faa un deportivo con motor central tipo MR, 2.0 Turbo y tracci\u00f3n total"},"content":{"rendered":"\n<p>Toyota llam\u00f3 la atenci\u00f3n en el Sal\u00f3n del Autom\u00f3vil de Tokio 2025 con la\u00a0presentaci\u00f3n de un prototipo GR Yaris con motor central\u00a0. El coche, que debutar\u00e1 en competici\u00f3n este verano, est\u00e1 propulsado por el nuevo motor turboalimentado de cuatro cilindros y 2,0 litros de Toyota, cuyo nombre en c\u00f3digo es G20E, en una configuraci\u00f3n optimizada para la competici\u00f3n. Aunque el objetivo principal del prototipo es el automovilismo, el dise\u00f1o de tracci\u00f3n total con motor central ha suscitado especulaciones sobre un futuro modelo de producci\u00f3n, del que se rumorea ampliamente que ser\u00e1 el esperado sucesor del MR2.<\/p>\n\n\n\n<figure class=\"wp-block-image size-large\"><img decoding=\"async\" src=\"https:\/\/www.carscoops.com\/wp-content\/uploads\/webp\/2025\/01\/jms_toyota_04-copy-1024x576.webp\" alt=\"\"\/><\/figure>\n\n\n\n<p>Durante una conferencia de prensa en\u00a0el evento de Tokio\u00a0, Toyota comparti\u00f3 algunos detalles interesantes sobre el desarrollo del prototipo y su futuro potencial. La presentaci\u00f3n, dirigida por Yuta Tomikawa, cont\u00f3 con la presencia del presidente de Toyota Gazoo Racing, Tomoya Takahashi, y un tr\u00edo de pilotos de Rookie Racing, quienes se sumergieron colectivamente en los detalles del GR Yaris M Concept y su nuevo motor.<\/p>\n\n\n\n<figure class=\"wp-block-image size-large\"><a href=\"https:\/\/www.kia.com\/ec\/showroom\/sportage-nq5\/features.html\"><img fetchpriority=\"high\" decoding=\"async\" width=\"1024\" height=\"257\" src=\"https:\/\/garageblogec.com\/wp-content\/uploads\/2025\/01\/Banner-2056x516-1-1024x257.png\" alt=\"\" class=\"wp-image-1445\" srcset=\"https:\/\/garageblogec.com\/wp-content\/uploads\/2025\/01\/Banner-2056x516-1-1024x257.png 1024w, https:\/\/garageblogec.com\/wp-content\/uploads\/2025\/01\/Banner-2056x516-1-300x75.png 300w, https:\/\/garageblogec.com\/wp-content\/uploads\/2025\/01\/Banner-2056x516-1-768x193.png 768w, https:\/\/garageblogec.com\/wp-content\/uploads\/2025\/01\/Banner-2056x516-1-1536x386.png 1536w, https:\/\/garageblogec.com\/wp-content\/uploads\/2025\/01\/Banner-2056x516-1-2048x515.png 2048w, https:\/\/garageblogec.com\/wp-content\/uploads\/2025\/01\/Banner-2056x516-1-1320x332.png 1320w\" sizes=\"(max-width: 1024px) 100vw, 1024px\" \/><\/a><\/figure>\n\n\n\n<p><strong>Un adelanto del MR2&#8230; \u00bfy quiz\u00e1s de un Celica?<\/strong><\/p>\n\n\n\n<p>En un momento dado durante la discusi\u00f3n, el piloto de Rookie Racing, Hiroaki Ishiura, hizo un comentario revelador: \u00abBueno, esto es de nivel medio, as\u00ed que creo que ser\u00e1 un MR-algo\u00bb. Ese comentario llev\u00f3 al presentador a preguntar: \u00abEntonces, este es un\u00a0GR Yaris\u00a0, pero tal vez en el futuro, \u00bfvamos a llamarlo con un nombre diferente?\u00bb. De fondo, alguien mencion\u00f3 el nombre Celica, lo que se sum\u00f3 a la especulaci\u00f3n.<\/p>\n\n\n\n<figure class=\"wp-block-image size-large\"><img decoding=\"async\" src=\"https:\/\/www.carscoops.com\/wp-content\/uploads\/webp\/2025\/01\/Subaru-Toyota-Mazda-Collaboration-4-2048x1365-1-1536x1024.webp\" alt=\"\"\/><\/figure>\n\n\n\n<p>Todas las miradas se dirigieron entonces a Daisuke Toyoda, hijo de Akio Toyoda (tambi\u00e9n conocido como Morizo) y piloto de Rookie Racing, quien respondi\u00f3: \u00abRealmente no lo s\u00e9, pero lo que digamos, no est\u00e1 relacionado con la toma de decisiones de la empresa y solo estamos hablando de eso aqu\u00ed\u00bb.<\/p>\n\n\n\n<p>Este comentario llev\u00f3 al presentador a insistir m\u00e1s y preguntar: \u201c\u00bfCrees que es posible que este modelo se convierta en un modelo de producci\u00f3n real que se lanzar\u00e1 al mercado?\u201d. Daisuke Toyoda respondi\u00f3: \u201cEsa es nuestra esperanza y todos podemos imaginar varias cosas en este momento; todav\u00eda no hay un anuncio oficial\u201d.<\/p>\n\n\n\n<p><strong>\u00bfPor qu\u00e9 Toyota movi\u00f3 el motor hacia atr\u00e1s?<\/strong><\/p>\n\n\n\n<p>En una presentaci\u00f3n independiente titulada\u00a0<em>\u201cConstruyendo mejores autos a partir de los deportes de motor\u201d,<\/em>\u00a0un grupo diferente de ingenieros y pilotos de carreras\u00a0de Toyota Gazoo Racing\u00a0proporcionaron una visi\u00f3n m\u00e1s profunda de la l\u00f3gica detr\u00e1s del dise\u00f1o. Tambi\u00e9n compartieron detalles clave sobre el desarrollo del modelo con motor central, destacando su conexi\u00f3n con la innovaci\u00f3n en los deportes de motor.<\/p>\n\n\n\n<p>Naohiko Saito, uno de los ingenieros jefe de Toyota Gazoo Racing responsable del desarrollo del GR Yaris, admiti\u00f3 ser quien tuvo la idea de mover el motor hacia atr\u00e1s.<\/p>\n\n\n\n<p>Los datos de\u00a0las carreras\u00a0con una configuraci\u00f3n de tracci\u00f3n total con motor delantero revelaron momentos en los que el coche dejaba de responder a las \u00f3rdenes del conductor hasta que las ruedas recuperaban tracci\u00f3n. Esto llev\u00f3 a Saito a acercarse a Akio Toyoda y proponer la transici\u00f3n a un dise\u00f1o de tracci\u00f3n total con motor central m\u00e1s equilibrado que desplazar\u00eda el centro de gravedad hacia el eje trasero.<\/p>\n\n\n\n<figure class=\"wp-block-image size-large\"><img decoding=\"async\" src=\"https:\/\/www.carscoops.com\/wp-content\/uploads\/webp\/2025\/01\/Toyota-GR-Yaris-M-Concept-Cutout-1536x863.webp\" alt=\"\"\/><\/figure>\n\n\n\n<p>Seg\u00fan el ingeniero jefe y los pilotos profesionales, el nuevo dise\u00f1o elimin\u00f3 el hueco mencionado anteriormente, mejorando significativamente la maniobrabilidad y la agilidad de manejo del modelo. Adem\u00e1s, el equipo experiment\u00f3 con varios ajustes de distribuci\u00f3n de par entre los ejes para lograr el equilibrio ideal.<\/p>\n\n\n\n<p>Los primeros prototipos con motor central estaban equipados con el motor de tres cilindros de 1,6 litros, que finalmente dio lugar al GR Yaris M Concept, que presentaba la nueva unidad de cuatro cilindros de 2,0 litros. Este motor, cuyo nombre en c\u00f3digo es G20E,\u00a0se anunci\u00f3 por primera vez en mayo de 2024\u00a0, pero esto marca su debut en un prototipo de desarrollo. Se cree que vendr\u00e1 en dos configuraciones, produciendo 296 hp (221 kW) y 395 hp (294 kW), junto con una variante de carreras sin restricciones que ofrece 592 hp (441 kW).<\/p>\n\n\n\n<p>El piloto de carreras Hiroaki Ishiura, que form\u00f3 parte del equipo de desarrollo\u00a0del GR Corolla\u00a0, coment\u00f3 que el prototipo con motor central no presentaba subviraje y ofrec\u00eda una conducci\u00f3n sorprendentemente c\u00f3moda. Tambi\u00e9n destac\u00f3 la experiencia distintiva de sentir el sonido y la vibraci\u00f3n del motor desde la parte trasera, algo cada vez m\u00e1s raro en los autos deportivos modernos debido a las regulaciones m\u00e1s estrictas sobre el ruido. Los dem\u00e1s pilotos de carreras en el panel se hicieron eco de sus sentimientos, describiendo el prototipo como una emoci\u00f3n absoluta y agregando que no pueden esperar a que llegue el modelo de producci\u00f3n.<\/p>\n\n\n\n<p>Yasuo Hirata, mec\u00e1nico del departamento t\u00e9cnico de Toyota, afirm\u00f3 que el modelo de producci\u00f3n con motor central \u201ca\u00fan se encuentra en las primeras etapas de planificaci\u00f3n y desarrollo\u201d. Agreg\u00f3 que a\u00fan queda mucho trabajo por hacer, en particular en la refrigeraci\u00f3n y la gesti\u00f3n t\u00e9rmica del sistema de propulsi\u00f3n.<\/p>\n\n\n\n<p>Los ingenieros de Toyota\u00a0tendr\u00e1n la oportunidad de perfeccionar la f\u00f3rmula en los deportes de motor, ya que el GR Yaris M Concept competir\u00e1 en la serie Super Taikyu a finales de 2025. En concreto, se espera que el nuevo coche de carreras haga su debut en el evento Autopolis durante la quinta ronda del 26 al 27 de julio.<a href=\"https:\/\/www.carscoops.com\/wp-content\/uploads\/2025\/01\/Subaru-Toyota-Mazda-Collaboration-4-2048x1365-1.webp\"><\/a><\/p>\n\n\n\n<p><strong>MR2, Celica y m\u00e1s<\/strong><\/p>\n\n\n\n<figure class=\"wp-block-image size-large\"><img decoding=\"async\" src=\"https:\/\/www.carscoops.com\/wp-content\/uploads\/webp\/2023\/10\/Toyota-FT-Se-Concept-03-1536x1024.webp\" alt=\"\"\/><\/figure>\n\n\n\n<p>Todas estas observaciones coinciden con informes anteriores sobre el esperado regreso del Toyota MR2 como un deportivo con tracci\u00f3n total, motor central y propulsado por motor de combusti\u00f3n interna. Se rumorea que el modelo de producci\u00f3n, posiblemente inspirado en el\u00a0concepto FT-Se\u00a0totalmente el\u00e9ctrico , debutar\u00e1 en alg\u00fan momento de 2026.<\/p>\n\n\n\n<p>En cuanto al Celica, su\u00a0esperado regreso\u00a0ha sido confirmado oficialmente por el vicepresidente ejecutivo de Toyota, Yuki Nakajima. Si bien Nakajima no proporcion\u00f3 un cronograma para el debut del cup\u00e9, se espera que aparezca dentro de los pr\u00f3ximos a\u00f1os. A diferencia del MR2, es probable que el Celica se mantenga fiel a sus ra\u00edces con un dise\u00f1o de tracci\u00f3n total con motor delantero, impulsado por el mismo motor turboalimentado de 2.0 litros.<\/p>\n\n\n\n<figure class=\"wp-block-image size-large\"><img decoding=\"async\" src=\"https:\/\/www.carscoops.com\/wp-content\/uploads\/webp\/2024\/11\/Toyota-Animation-Future-Sportscar-Teaser-3-1536x863.webp\" alt=\"\"\/><\/figure>\n\n\n\n<p>Curiosamente, el MR2 y el Celica no ser\u00e1n las \u00fanicas incorporaciones deportivas a la futura gama de Toyota. Un sutil\u00a0adelanto oculto en la serie de anime de Toyota\u00a0insin\u00faa que a los modelos renacidos se unir\u00e1n nuevas generaciones de los deportivos GR Supra y GR 86. Adem\u00e1s, se espera que debute la versi\u00f3n de producci\u00f3n del concepto GR GT3, que podr\u00eda convertirse en el superdeportivo insignia de Toyota, aunque es m\u00e1s probable que se ofrezca bajo la marca Lexus.<\/p>\n\n\n<div class='pt-cv-wrapper'> <h3 class='pt-cv-heading-container heading1' data-blockid='b6vb76bw'><span class='pt-cv-heading'> Overlay1 <\/span><\/h3><div class=\"pt-cv-view pt-cv-overlaygrid iscvblock iscvreal overlay1 layout1\" id=\"pt-cv-view-b6vb76bw\"><div data-id=\"pt-cv-page-1\" class=\"pt-cv-page\" data-cvc=\"3\"><div class=\" pt-cv-content-item pt-cv-1-col\" ><div class=\"pt-cv-thumb-wrapper  \"><a href=\"https:\/\/garageblogec.com\/?p=3303\" class=\"_self pt-cv-href-thumbnail pt-cv-thumb-default\" target=\"_self\" ><img decoding=\"async\" width=\"768\" height=\"432\" src=\"https:\/\/garageblogec.com\/wp-content\/uploads\/2026\/04\/WhatsApp-Image-2026-04-21-at-1.52.53-PM-768x432.jpeg\" class=\"pt-cv-thumbnail\" alt=\"\" \/><\/a><\/div>\n<div class=\"pt-cv-overlay-wrapper\"><div class=\"pt-cv-taxoterm above_title\"><a href='https:\/\/garageblogec.com\/?cat=27' title='Industria Nacional' class='pt-cv-tax-industria-nacional'>Industria Nacional<\/a><\/div><h4 class=\"pt-cv-title\"><a href=\"https:\/\/garageblogec.com\/?p=3303\" class=\"_self\" target=\"_self\" >Grupo Ambacar presenta en Guayaquil KGM, su nueva marca de SUV h\u00edbridos con respaldo global<\/a><\/h4><div class=\"pt-cv-meta-fields\"><span class=\"entry-date\"> <time datetime=\"2026-04-21T21:37:24+00:00\">abril 21, 2026<\/time><\/span><span> \/ <\/span><span class=\"author\"> <a href=\"https:\/\/garageblogec.com\/?author=6\" rel=\"author\">gabi1212<\/a><\/span><\/div><\/div><\/div>\n<div class=\" pt-cv-content-item pt-cv-1-col\" ><div class=\"pt-cv-thumb-wrapper  \"><a href=\"https:\/\/garageblogec.com\/?p=3296\" class=\"_self pt-cv-href-thumbnail pt-cv-thumb-default\" target=\"_self\" ><img decoding=\"async\" width=\"768\" height=\"432\" src=\"https:\/\/garageblogec.com\/wp-content\/uploads\/2026\/04\/WhatsApp-Image-2026-04-14-at-3.15.09-PM-768x432.jpeg\" class=\"pt-cv-thumbnail\" alt=\"\" \/><\/a><\/div>\n<div class=\"pt-cv-overlay-wrapper\"><div class=\"pt-cv-taxoterm above_title\"><a href='https:\/\/garageblogec.com\/?cat=27' title='Industria Nacional' class='pt-cv-tax-industria-nacional'>Industria Nacional<\/a><\/div><h4 class=\"pt-cv-title\"><a href=\"https:\/\/garageblogec.com\/?p=3296\" class=\"_self\" target=\"_self\" >El tablero desapareci\u00f3, ahora el auto es una pantalla inteligente<\/a><\/h4><div class=\"pt-cv-meta-fields\"><span class=\"entry-date\"> <time datetime=\"2026-04-14T20:21:20+00:00\">abril 14, 2026<\/time><\/span><span> \/ <\/span><span class=\"author\"> <a href=\"https:\/\/garageblogec.com\/?author=6\" rel=\"author\">gabi1212<\/a><\/span><\/div><\/div><\/div>\n<div class=\" pt-cv-content-item pt-cv-1-col\" ><div class=\"pt-cv-thumb-wrapper  \"><a href=\"https:\/\/garageblogec.com\/?p=3291\" class=\"_self pt-cv-href-thumbnail pt-cv-thumb-default\" target=\"_self\" ><img loading=\"lazy\" decoding=\"async\" width=\"768\" height=\"432\" src=\"https:\/\/garageblogec.com\/wp-content\/uploads\/2026\/04\/WhatsApp-Image-2026-04-14-at-2.21.27-PM-768x432.jpeg\" class=\"pt-cv-thumbnail\" alt=\"\" \/><\/a><\/div>\n<div class=\"pt-cv-overlay-wrapper\"><div class=\"pt-cv-taxoterm above_title\"><a href='https:\/\/garageblogec.com\/?cat=27' title='Industria Nacional' class='pt-cv-tax-industria-nacional'>Industria Nacional<\/a><\/div><h4 class=\"pt-cv-title\"><a href=\"https:\/\/garageblogec.com\/?p=3291\" class=\"_self\" target=\"_self\" >Seguridad al volante en Ecuador: los errores m\u00e1s comunes que cometen los conductores<\/a><\/h4><div class=\"pt-cv-meta-fields\"><span class=\"entry-date\"> <time datetime=\"2026-04-14T20:08:54+00:00\">abril 14, 2026<\/time><\/span><span> \/ <\/span><span class=\"author\"> <a href=\"https:\/\/garageblogec.com\/?author=6\" rel=\"author\">gabi1212<\/a><\/span><\/div><\/div><\/div>\n<div class=\" pt-cv-content-item pt-cv-1-col\" ><div class=\"pt-cv-thumb-wrapper  \"><a href=\"https:\/\/garageblogec.com\/?p=3286\" class=\"_self pt-cv-href-thumbnail pt-cv-thumb-default\" target=\"_self\" ><img loading=\"lazy\" decoding=\"async\" width=\"768\" height=\"492\" src=\"https:\/\/garageblogec.com\/wp-content\/uploads\/2026\/04\/Posventa.jpg-768x492.jpeg\" class=\"pt-cv-thumbnail\" alt=\"\" \/><\/a><\/div>\n<div class=\"pt-cv-overlay-wrapper\"><div class=\"pt-cv-taxoterm above_title\"><a href='https:\/\/garageblogec.com\/?cat=27' title='Industria Nacional' class='pt-cv-tax-industria-nacional'>Industria Nacional<\/a><\/div><h4 class=\"pt-cv-title\"><a href=\"https:\/\/garageblogec.com\/?p=3286\" class=\"_self\" target=\"_self\" >Clientes Nissan reciben cambios de aceite infinitos<\/a><\/h4><div class=\"pt-cv-meta-fields\"><span class=\"entry-date\"> <time datetime=\"2026-04-14T20:04:08+00:00\">abril 14, 2026<\/time><\/span><span> \/ <\/span><span class=\"author\"> <a href=\"https:\/\/garageblogec.com\/?author=6\" rel=\"author\">gabi1212<\/a><\/span><\/div><\/div><\/div>\n<div class=\" pt-cv-content-item pt-cv-1-col\" ><div class=\"pt-cv-thumb-wrapper  \"><a href=\"https:\/\/garageblogec.com\/?p=3280\" class=\"_self pt-cv-href-thumbnail pt-cv-thumb-default\" target=\"_self\" ><img loading=\"lazy\" decoding=\"async\" width=\"768\" height=\"512\" src=\"https:\/\/garageblogec.com\/wp-content\/uploads\/2026\/04\/foto1-768x512.jpeg\" class=\"pt-cv-thumbnail\" alt=\"\" \/><\/a><\/div>\n<div class=\"pt-cv-overlay-wrapper\"><div class=\"pt-cv-taxoterm above_title\"><a href='https:\/\/garageblogec.com\/?cat=27' title='Industria Nacional' class='pt-cv-tax-industria-nacional'>Industria Nacional<\/a><\/div><h4 class=\"pt-cv-title\"><a href=\"https:\/\/garageblogec.com\/?p=3280\" class=\"_self\" target=\"_self\" >Movilidad como inversi\u00f3n: el uso de utilidades que crece en Ecuador<\/a><\/h4><div class=\"pt-cv-meta-fields\"><span class=\"entry-date\"> <time datetime=\"2026-04-07T19:55:36+00:00\">abril 7, 2026<\/time><\/span><span> \/ <\/span><span class=\"author\"> <a href=\"https:\/\/garageblogec.com\/?author=6\" rel=\"author\">gabi1212<\/a><\/span><\/div><\/div><\/div>\n<div class=\" pt-cv-content-item pt-cv-1-col\" ><div class=\"pt-cv-thumb-wrapper  \"><a href=\"https:\/\/garageblogec.com\/?p=3276\" class=\"_self pt-cv-href-thumbnail pt-cv-thumb-default\" target=\"_self\" ><img loading=\"lazy\" decoding=\"async\" width=\"745\" height=\"491\" src=\"https:\/\/garageblogec.com\/wp-content\/uploads\/2026\/04\/TT.png\" class=\"pt-cv-thumbnail\" alt=\"\" \/><\/a><\/div>\n<div class=\"pt-cv-overlay-wrapper\"><div class=\"pt-cv-taxoterm above_title\"><a href='https:\/\/garageblogec.com\/?cat=27' title='Industria Nacional' class='pt-cv-tax-industria-nacional'>Industria Nacional<\/a><\/div><h4 class=\"pt-cv-title\"><a href=\"https:\/\/garageblogec.com\/?p=3276\" class=\"_self\" target=\"_self\" >Lluvias en Ecuador: C\u00f3mo reducir riesgos en carretera y prevenir accidentes en calzada mojada<\/a><\/h4><div class=\"pt-cv-meta-fields\"><span class=\"entry-date\"> <time datetime=\"2026-04-07T19:46:52+00:00\">abril 7, 2026<\/time><\/span><span> \/ <\/span><span class=\"author\"> <a href=\"https:\/\/garageblogec.com\/?author=6\" rel=\"author\">gabi1212<\/a><\/span><\/div><\/div><\/div><\/div><\/div> <\/div> <style>\n#pt-cv-view-b6vb76bw .pt-cv-thumb-wrapper::before {background: rgba(0,0,0,.4); opacity: 0.8;}#pt-cv-view-b6vb76bw .pt-cv-overlay-wrapper {justify-content: center;}\n#pt-cv-view-b6vb76bw .pt-cv-meta-fields {  }#pt-cv-view-b6vb76bw .pt-cv-meta-fields * { font-size: 13px; }#pt-cv-view-b6vb76bw .pt-cv-title a { display: block; }#pt-cv-view-b6vb76bw .pt-cv-title:not(.pt-cv-titlesm) a { font-weight: 600;text-decoration: none;font-size: 20px; }#pt-cv-view-b6vb76bw .pt-cv-titlesm a { font-weight: 600;font-size: 18px; }#pt-cv-view-b6vb76bw .pt-cv-content { font-size: 15px; }#pt-cv-view-b6vb76bw .pt-cv-rmwrap {  }#pt-cv-view-b6vb76bw .pt-cv-readmore { color: #fff;background-color: #0075ff;font-size: 14px; }#pt-cv-view-b6vb76bw .pt-cv-taxoterm { margin: 0px 0px 20px 0px; }#pt-cv-view-b6vb76bw .pt-cv-taxoterm * { color: #222;background-color: #fff6f6;font-size: 14px; }#pt-cv-view-b6vb76bw + .pt-cv-pagination-wrapper {  }#pt-cv-view-b6vb76bw + .pt-cv-pagination-wrapper a { font-size: 14px; }#pt-cv-view-b6vb76bw > .pt-cv-page {grid-template-columns: repeat(3, 1fr);grid-auto-rows: 250px;grid-gap: 10px;}\n@media all and (max-width: 1024px) { \n#pt-cv-view-b6vb76bw > .pt-cv-page {}\n} \n@media all and (max-width: 767px) { \n#pt-cv-view-b6vb76bw > .pt-cv-page {grid-template-columns: repeat(1, 1fr);}\n} <\/style>","protected":false},"excerpt":{"rendered":"<p>Los ingenieros y pilotos de carreras de Toyota nos dieron m\u00e1s informaci\u00f3n sobre el desarrollo de un modelo de producci\u00f3n con motor central.<\/p>\n","protected":false},"author":6,"featured_media":1461,"comment_status":"open","ping_status":"open","sticky":false,"template":"","format":"standard","meta":{"_jetpack_memberships_contains_paid_content":false,"footnotes":""},"categories":[27],"tags":[],"class_list":["post-1460","post","type-post","status-publish","format-standard","has-post-thumbnail","hentry","category-industria-nacional"],"yoast_head":"<!-- This site is optimized with the Yoast SEO plugin v27.5 - https:\/\/yoast.com\/product\/yoast-seo-wordpress\/ -->\n<title>Toyota insin\u00faa un deportivo con motor central tipo MR, 2.0 Turbo y tracci\u00f3n total - Garage Blog Ecuador<\/title>\n<meta name=\"robots\" content=\"index, follow, max-snippet:-1, max-image-preview:large, max-video-preview:-1\" \/>\n<link rel=\"canonical\" href=\"https:\/\/garageblogec.com\/?p=1460\" \/>\n<meta property=\"og:locale\" content=\"es_ES\" \/>\n<meta property=\"og:type\" content=\"article\" \/>\n<meta property=\"og:title\" content=\"Toyota insin\u00faa un deportivo con motor central tipo MR, 2.0 Turbo y tracci\u00f3n total - Garage Blog Ecuador\" \/>\n<meta property=\"og:description\" content=\"Los ingenieros y pilotos de carreras de Toyota nos dieron m\u00e1s informaci\u00f3n sobre el desarrollo de un modelo de producci\u00f3n con motor central.\" \/>\n<meta property=\"og:url\" content=\"https:\/\/garageblogec.com\/?p=1460\" \/>\n<meta property=\"og:site_name\" content=\"Garage Blog Ecuador\" \/>\n<meta property=\"article:published_time\" content=\"2025-01-27T18:29:48+00:00\" \/>\n<meta property=\"article:modified_time\" content=\"2025-01-27T18:29:54+00:00\" \/>\n<meta property=\"og:image\" content=\"https:\/\/garageblogec.com\/wp-content\/uploads\/2025\/01\/dddd.png\" \/>\n\t<meta property=\"og:image:width\" content=\"881\" \/>\n\t<meta property=\"og:image:height\" content=\"497\" \/>\n\t<meta property=\"og:image:type\" content=\"image\/png\" \/>\n<meta name=\"author\" content=\"gabi1212\" \/>\n<meta name=\"twitter:card\" content=\"summary_large_image\" \/>\n<meta name=\"twitter:label1\" content=\"Escrito por\" \/>\n\t<meta name=\"twitter:data1\" content=\"gabi1212\" \/>\n\t<meta name=\"twitter:label2\" content=\"Tiempo de lectura\" \/>\n\t<meta name=\"twitter:data2\" content=\"7 minutos\" \/>\n<script type=\"application\/ld+json\" class=\"yoast-schema-graph\">{\"@context\":\"https:\\\/\\\/schema.org\",\"@graph\":[{\"@type\":\"Article\",\"@id\":\"https:\\\/\\\/garageblogec.com\\\/?p=1460#article\",\"isPartOf\":{\"@id\":\"https:\\\/\\\/garageblogec.com\\\/?p=1460\"},\"author\":{\"name\":\"gabi1212\",\"@id\":\"https:\\\/\\\/garageblogec.com\\\/#\\\/schema\\\/person\\\/635f4b76c0cb3e43b82fe6f7d8bcceea\"},\"headline\":\"Toyota insin\u00faa un deportivo con motor central tipo MR, 2.0 Turbo y tracci\u00f3n total\",\"datePublished\":\"2025-01-27T18:29:48+00:00\",\"dateModified\":\"2025-01-27T18:29:54+00:00\",\"mainEntityOfPage\":{\"@id\":\"https:\\\/\\\/garageblogec.com\\\/?p=1460\"},\"wordCount\":1158,\"commentCount\":0,\"publisher\":{\"@id\":\"https:\\\/\\\/garageblogec.com\\\/#organization\"},\"image\":{\"@id\":\"https:\\\/\\\/garageblogec.com\\\/?p=1460#primaryimage\"},\"thumbnailUrl\":\"https:\\\/\\\/garageblogec.com\\\/wp-content\\\/uploads\\\/2025\\\/01\\\/dddd.png\",\"articleSection\":[\"Industria Nacional\"],\"inLanguage\":\"es\",\"potentialAction\":[{\"@type\":\"CommentAction\",\"name\":\"Comment\",\"target\":[\"https:\\\/\\\/garageblogec.com\\\/?p=1460#respond\"]}]},{\"@type\":\"WebPage\",\"@id\":\"https:\\\/\\\/garageblogec.com\\\/?p=1460\",\"url\":\"https:\\\/\\\/garageblogec.com\\\/?p=1460\",\"name\":\"Toyota insin\u00faa un deportivo con motor central tipo MR, 2.0 Turbo y tracci\u00f3n total - Garage Blog Ecuador\",\"isPartOf\":{\"@id\":\"https:\\\/\\\/garageblogec.com\\\/#website\"},\"primaryImageOfPage\":{\"@id\":\"https:\\\/\\\/garageblogec.com\\\/?p=1460#primaryimage\"},\"image\":{\"@id\":\"https:\\\/\\\/garageblogec.com\\\/?p=1460#primaryimage\"},\"thumbnailUrl\":\"https:\\\/\\\/garageblogec.com\\\/wp-content\\\/uploads\\\/2025\\\/01\\\/dddd.png\",\"datePublished\":\"2025-01-27T18:29:48+00:00\",\"dateModified\":\"2025-01-27T18:29:54+00:00\",\"breadcrumb\":{\"@id\":\"https:\\\/\\\/garageblogec.com\\\/?p=1460#breadcrumb\"},\"inLanguage\":\"es\",\"potentialAction\":[{\"@type\":\"ReadAction\",\"target\":[\"https:\\\/\\\/garageblogec.com\\\/?p=1460\"]}]},{\"@type\":\"ImageObject\",\"inLanguage\":\"es\",\"@id\":\"https:\\\/\\\/garageblogec.com\\\/?p=1460#primaryimage\",\"url\":\"https:\\\/\\\/garageblogec.com\\\/wp-content\\\/uploads\\\/2025\\\/01\\\/dddd.png\",\"contentUrl\":\"https:\\\/\\\/garageblogec.com\\\/wp-content\\\/uploads\\\/2025\\\/01\\\/dddd.png\",\"width\":881,\"height\":497},{\"@type\":\"BreadcrumbList\",\"@id\":\"https:\\\/\\\/garageblogec.com\\\/?p=1460#breadcrumb\",\"itemListElement\":[{\"@type\":\"ListItem\",\"position\":1,\"name\":\"Portada\",\"item\":\"https:\\\/\\\/garageblogec.com\\\/\"},{\"@type\":\"ListItem\",\"position\":2,\"name\":\"Toyota insin\u00faa un deportivo con motor central tipo MR, 2.0 Turbo y tracci\u00f3n total\"}]},{\"@type\":\"WebSite\",\"@id\":\"https:\\\/\\\/garageblogec.com\\\/#website\",\"url\":\"https:\\\/\\\/garageblogec.com\\\/\",\"name\":\"Garage Blog Ecuador\",\"description\":\"Alucinamos por los autos \",\"publisher\":{\"@id\":\"https:\\\/\\\/garageblogec.com\\\/#organization\"},\"potentialAction\":[{\"@type\":\"SearchAction\",\"target\":{\"@type\":\"EntryPoint\",\"urlTemplate\":\"https:\\\/\\\/garageblogec.com\\\/?s={search_term_string}\"},\"query-input\":{\"@type\":\"PropertyValueSpecification\",\"valueRequired\":true,\"valueName\":\"search_term_string\"}}],\"inLanguage\":\"es\"},{\"@type\":\"Organization\",\"@id\":\"https:\\\/\\\/garageblogec.com\\\/#organization\",\"name\":\"Garage Blog Ecuador\",\"url\":\"https:\\\/\\\/garageblogec.com\\\/\",\"logo\":{\"@type\":\"ImageObject\",\"inLanguage\":\"es\",\"@id\":\"https:\\\/\\\/garageblogec.com\\\/#\\\/schema\\\/logo\\\/image\\\/\",\"url\":\"https:\\\/\\\/garageblogec.com\\\/wp-content\\\/uploads\\\/2024\\\/02\\\/cropped-logo-png-para-blog.webp\",\"contentUrl\":\"https:\\\/\\\/garageblogec.com\\\/wp-content\\\/uploads\\\/2024\\\/02\\\/cropped-logo-png-para-blog.webp\",\"width\":840,\"height\":556,\"caption\":\"Garage Blog Ecuador \"},\"image\":{\"@id\":\"https:\\\/\\\/garageblogec.com\\\/#\\\/schema\\\/logo\\\/image\\\/\"}},{\"@type\":\"Person\",\"@id\":\"https:\\\/\\\/garageblogec.com\\\/#\\\/schema\\\/person\\\/635f4b76c0cb3e43b82fe6f7d8bcceea\",\"name\":\"gabi1212\",\"image\":{\"@type\":\"ImageObject\",\"inLanguage\":\"es\",\"@id\":\"https:\\\/\\\/secure.gravatar.com\\\/avatar\\\/6aa491f45cb359d4d6dd8c430e83f78899c80569c27d21156e19bbdcd31d1811?s=96&d=mm&r=g\",\"url\":\"https:\\\/\\\/secure.gravatar.com\\\/avatar\\\/6aa491f45cb359d4d6dd8c430e83f78899c80569c27d21156e19bbdcd31d1811?s=96&d=mm&r=g\",\"contentUrl\":\"https:\\\/\\\/secure.gravatar.com\\\/avatar\\\/6aa491f45cb359d4d6dd8c430e83f78899c80569c27d21156e19bbdcd31d1811?s=96&d=mm&r=g\",\"caption\":\"gabi1212\"},\"url\":\"https:\\\/\\\/garageblogec.com\\\/?author=6\"}]}<\/script>\n<!-- \/ Yoast SEO plugin. -->","yoast_head_json":{"title":"Toyota insin\u00faa un deportivo con motor central tipo MR, 2.0 Turbo y tracci\u00f3n total - Garage Blog Ecuador","robots":{"index":"index","follow":"follow","max-snippet":"max-snippet:-1","max-image-preview":"max-image-preview:large","max-video-preview":"max-video-preview:-1"},"canonical":"https:\/\/garageblogec.com\/?p=1460","og_locale":"es_ES","og_type":"article","og_title":"Toyota insin\u00faa un deportivo con motor central tipo MR, 2.0 Turbo y tracci\u00f3n total - Garage Blog Ecuador","og_description":"Los ingenieros y pilotos de carreras de Toyota nos dieron m\u00e1s informaci\u00f3n sobre el desarrollo de un modelo de producci\u00f3n con motor central.","og_url":"https:\/\/garageblogec.com\/?p=1460","og_site_name":"Garage Blog Ecuador","article_published_time":"2025-01-27T18:29:48+00:00","article_modified_time":"2025-01-27T18:29:54+00:00","og_image":[{"width":881,"height":497,"url":"https:\/\/garageblogec.com\/wp-content\/uploads\/2025\/01\/dddd.png","type":"image\/png"}],"author":"gabi1212","twitter_card":"summary_large_image","twitter_misc":{"Escrito por":"gabi1212","Tiempo de lectura":"7 minutos"},"schema":{"@context":"https:\/\/schema.org","@graph":[{"@type":"Article","@id":"https:\/\/garageblogec.com\/?p=1460#article","isPartOf":{"@id":"https:\/\/garageblogec.com\/?p=1460"},"author":{"name":"gabi1212","@id":"https:\/\/garageblogec.com\/#\/schema\/person\/635f4b76c0cb3e43b82fe6f7d8bcceea"},"headline":"Toyota insin\u00faa un deportivo con motor central tipo MR, 2.0 Turbo y tracci\u00f3n total","datePublished":"2025-01-27T18:29:48+00:00","dateModified":"2025-01-27T18:29:54+00:00","mainEntityOfPage":{"@id":"https:\/\/garageblogec.com\/?p=1460"},"wordCount":1158,"commentCount":0,"publisher":{"@id":"https:\/\/garageblogec.com\/#organization"},"image":{"@id":"https:\/\/garageblogec.com\/?p=1460#primaryimage"},"thumbnailUrl":"https:\/\/garageblogec.com\/wp-content\/uploads\/2025\/01\/dddd.png","articleSection":["Industria Nacional"],"inLanguage":"es","potentialAction":[{"@type":"CommentAction","name":"Comment","target":["https:\/\/garageblogec.com\/?p=1460#respond"]}]},{"@type":"WebPage","@id":"https:\/\/garageblogec.com\/?p=1460","url":"https:\/\/garageblogec.com\/?p=1460","name":"Toyota insin\u00faa un deportivo con motor central tipo MR, 2.0 Turbo y tracci\u00f3n total - Garage Blog Ecuador","isPartOf":{"@id":"https:\/\/garageblogec.com\/#website"},"primaryImageOfPage":{"@id":"https:\/\/garageblogec.com\/?p=1460#primaryimage"},"image":{"@id":"https:\/\/garageblogec.com\/?p=1460#primaryimage"},"thumbnailUrl":"https:\/\/garageblogec.com\/wp-content\/uploads\/2025\/01\/dddd.png","datePublished":"2025-01-27T18:29:48+00:00","dateModified":"2025-01-27T18:29:54+00:00","breadcrumb":{"@id":"https:\/\/garageblogec.com\/?p=1460#breadcrumb"},"inLanguage":"es","potentialAction":[{"@type":"ReadAction","target":["https:\/\/garageblogec.com\/?p=1460"]}]},{"@type":"ImageObject","inLanguage":"es","@id":"https:\/\/garageblogec.com\/?p=1460#primaryimage","url":"https:\/\/garageblogec.com\/wp-content\/uploads\/2025\/01\/dddd.png","contentUrl":"https:\/\/garageblogec.com\/wp-content\/uploads\/2025\/01\/dddd.png","width":881,"height":497},{"@type":"BreadcrumbList","@id":"https:\/\/garageblogec.com\/?p=1460#breadcrumb","itemListElement":[{"@type":"ListItem","position":1,"name":"Portada","item":"https:\/\/garageblogec.com\/"},{"@type":"ListItem","position":2,"name":"Toyota insin\u00faa un deportivo con motor central tipo MR, 2.0 Turbo y tracci\u00f3n total"}]},{"@type":"WebSite","@id":"https:\/\/garageblogec.com\/#website","url":"https:\/\/garageblogec.com\/","name":"Garage Blog Ecuador","description":"Alucinamos por los autos ","publisher":{"@id":"https:\/\/garageblogec.com\/#organization"},"potentialAction":[{"@type":"SearchAction","target":{"@type":"EntryPoint","urlTemplate":"https:\/\/garageblogec.com\/?s={search_term_string}"},"query-input":{"@type":"PropertyValueSpecification","valueRequired":true,"valueName":"search_term_string"}}],"inLanguage":"es"},{"@type":"Organization","@id":"https:\/\/garageblogec.com\/#organization","name":"Garage Blog Ecuador","url":"https:\/\/garageblogec.com\/","logo":{"@type":"ImageObject","inLanguage":"es","@id":"https:\/\/garageblogec.com\/#\/schema\/logo\/image\/","url":"https:\/\/garageblogec.com\/wp-content\/uploads\/2024\/02\/cropped-logo-png-para-blog.webp","contentUrl":"https:\/\/garageblogec.com\/wp-content\/uploads\/2024\/02\/cropped-logo-png-para-blog.webp","width":840,"height":556,"caption":"Garage Blog Ecuador "},"image":{"@id":"https:\/\/garageblogec.com\/#\/schema\/logo\/image\/"}},{"@type":"Person","@id":"https:\/\/garageblogec.com\/#\/schema\/person\/635f4b76c0cb3e43b82fe6f7d8bcceea","name":"gabi1212","image":{"@type":"ImageObject","inLanguage":"es","@id":"https:\/\/secure.gravatar.com\/avatar\/6aa491f45cb359d4d6dd8c430e83f78899c80569c27d21156e19bbdcd31d1811?s=96&d=mm&r=g","url":"https:\/\/secure.gravatar.com\/avatar\/6aa491f45cb359d4d6dd8c430e83f78899c80569c27d21156e19bbdcd31d1811?s=96&d=mm&r=g","contentUrl":"https:\/\/secure.gravatar.com\/avatar\/6aa491f45cb359d4d6dd8c430e83f78899c80569c27d21156e19bbdcd31d1811?s=96&d=mm&r=g","caption":"gabi1212"},"url":"https:\/\/garageblogec.com\/?author=6"}]}},"jetpack_featured_media_url":"https:\/\/garageblogec.com\/wp-content\/uploads\/2025\/01\/dddd.png","jetpack_sharing_enabled":true,"_links":{"self":[{"href":"https:\/\/garageblogec.com\/index.php?rest_route=\/wp\/v2\/posts\/1460","targetHints":{"allow":["GET"]}}],"collection":[{"href":"https:\/\/garageblogec.com\/index.php?rest_route=\/wp\/v2\/posts"}],"about":[{"href":"https:\/\/garageblogec.com\/index.php?rest_route=\/wp\/v2\/types\/post"}],"author":[{"embeddable":true,"href":"https:\/\/garageblogec.com\/index.php?rest_route=\/wp\/v2\/users\/6"}],"replies":[{"embeddable":true,"href":"https:\/\/garageblogec.com\/index.php?rest_route=%2Fwp%2Fv2%2Fcomments&post=1460"}],"version-history":[{"count":1,"href":"https:\/\/garageblogec.com\/index.php?rest_route=\/wp\/v2\/posts\/1460\/revisions"}],"predecessor-version":[{"id":1462,"href":"https:\/\/garageblogec.com\/index.php?rest_route=\/wp\/v2\/posts\/1460\/revisions\/1462"}],"wp:featuredmedia":[{"embeddable":true,"href":"https:\/\/garageblogec.com\/index.php?rest_route=\/wp\/v2\/media\/1461"}],"wp:attachment":[{"href":"https:\/\/garageblogec.com\/index.php?rest_route=%2Fwp%2Fv2%2Fmedia&parent=1460"}],"wp:term":[{"taxonomy":"category","embeddable":true,"href":"https:\/\/garageblogec.com\/index.php?rest_route=%2Fwp%2Fv2%2Fcategories&post=1460"},{"taxonomy":"post_tag","embeddable":true,"href":"https:\/\/garageblogec.com\/index.php?rest_route=%2Fwp%2Fv2%2Ftags&post=1460"}],"curies":[{"name":"wp","href":"https:\/\/api.w.org\/{rel}","templated":true}]}}