{"id":1430,"date":"2025-01-08T15:14:20","date_gmt":"2025-01-08T15:14:20","guid":{"rendered":"https:\/\/garageblogec.com\/?p=1430"},"modified":"2025-01-08T15:14:23","modified_gmt":"2025-01-08T15:14:23","slug":"el-skoda-enyaq-facelift-2025-cuenta-con-un-nuevo-aspecto-y-hasta-365-millas-con-una-sola-carga","status":"publish","type":"post","link":"https:\/\/garageblogec.com\/?p=1430","title":{"rendered":"El Skoda Enyaq Facelift 2025 cuenta con un nuevo aspecto y hasta 365 millas con una sola carga"},"content":{"rendered":"\n<p>Skoda\u00a0ha renovado a mitad de ciclo sus populares modelos Enyaq y Enyaq Coup\u00e9, que incorporan un estilo actualizado, una aerodin\u00e1mica mejorada, caracter\u00edsticas tecnol\u00f3gicas mejoradas y mejores cifras de autonom\u00eda para los veh\u00edculos el\u00e9ctricos basados \u200b\u200ben la plataforma MEB. La gama\u00a0Enyaq\u00a0, que se lanz\u00f3 originalmente en 2020 y se lanzar\u00e1 en 2022 con la variante cup\u00e9-SUV, ha sido un actor clave en la estrategia de electrificaci\u00f3n de Skoda.<\/p>\n\n\n\n<figure class=\"wp-block-image size-large\"><img decoding=\"async\" src=\"https:\/\/www.carscoops.com\/wp-content\/uploads\/webp\/2025\/01\/2025-Skoda-Enyaq-main-1536x864.webp\" alt=\"\"\/><\/figure>\n\n\n\n<p>Los cambios m\u00e1s notables se encuentran en la parte delantera, donde Skoda ha equipado a los modelos Enyaq redise\u00f1ados con una parrilla iluminada m\u00e1s elegante y nuevos faros divididos con tecnolog\u00eda Matrix LED. Este dise\u00f1o actualizado, denominado \u00abTech-Deck Face\u00bb, combinado con entradas de aire m\u00e1s limpias en el parachoques, le da al Enyaq un parecido m\u00e1s cercano al SUV\u00a0m\u00e1s peque\u00f1o Elroq\u00a0. El perfil y el dise\u00f1o trasero permanecen pr\u00e1cticamente sin cambios, conservando la silueta familiar del Enyaq.<\/p>\n\n\n\n<figure class=\"wp-block-image size-large\"><a href=\"https:\/\/www.kia.com\/ec\/showroom\/sonet\/features.html\"><img fetchpriority=\"high\" decoding=\"async\" width=\"1024\" height=\"284\" src=\"https:\/\/garageblogec.com\/wp-content\/uploads\/2024\/12\/1080x300-1024x284.jpg\" alt=\"\" class=\"wp-image-1360\" srcset=\"https:\/\/garageblogec.com\/wp-content\/uploads\/2024\/12\/1080x300-1024x284.jpg 1024w, https:\/\/garageblogec.com\/wp-content\/uploads\/2024\/12\/1080x300-300x83.jpg 300w, https:\/\/garageblogec.com\/wp-content\/uploads\/2024\/12\/1080x300-768x213.jpg 768w, https:\/\/garageblogec.com\/wp-content\/uploads\/2024\/12\/1080x300.jpg 1080w\" sizes=\"(max-width: 1024px) 100vw, 1024px\" \/><\/a><\/figure>\n\n\n\n<p>Si bien el dise\u00f1o actualizado es una ventaja est\u00e9tica, tambi\u00e9n trae beneficios funcionales. Los ajustes aerodin\u00e1micos del Enyaq han reducido su coeficiente de resistencia aerodin\u00e1mica a 0,245 cd (en lugar de 0,264 cd), mientras que la variante cup\u00e9 ahora cuenta con un cd a\u00fan m\u00e1s bajo de 0,229 cd (en lugar de 0,240 cd), una cifra que se ubica como la m\u00e1s aerodin\u00e1mica en la gama de Skoda.<\/p>\n\n\n\n<p><strong>Revisi\u00f3n tecnol\u00f3gica y mejoras de confort<\/strong><\/p>\n\n\n\n<p>Entra en el Enyaq renovado y encontrar\u00e1s m\u00e1s caracter\u00edsticas de tecnolog\u00eda y confort de serie en toda la gama. Estas incluyen un panel de instrumentos digital de 5 pulgadas, una pantalla de infoentretenimiento de 13 pulgadas, asientos y volante con calefacci\u00f3n, control de climatizaci\u00f3n de tres zonas, carga inal\u00e1mbrica con funci\u00f3n de refrigeraci\u00f3n y un maletero el\u00e9ctrico.<\/p>\n\n\n\n<figure class=\"wp-block-image size-large\"><img decoding=\"async\" src=\"https:\/\/www.carscoops.com\/wp-content\/uploads\/webp\/2025\/01\/2025-Skoda-Enyaq-and-Enyaq-Coupe-Exterior-1-1536x864.webp\" alt=\"\"\/><\/figure>\n\n\n\n<p>El conjunto de asistencia al conductor tambi\u00e9n se ha reforzado, ofreciendo ahora control de crucero adaptativo predictivo y detecci\u00f3n de \u00e1ngulo muerto de serie. El asistente de aparcamiento remoto est\u00e1 disponible como una mejora opcional para aquellos que quieran un poco m\u00e1s de comodidad. Para alinearse con las tendencias de sostenibilidad modernas, Skoda tambi\u00e9n ofrece opciones de materiales ecol\u00f3gicos en el habit\u00e1culo.<\/p>\n\n\n\n<figure class=\"wp-block-image size-large\"><img decoding=\"async\" src=\"https:\/\/www.carscoops.com\/wp-content\/uploads\/webp\/2025\/01\/2025-Skoda-Enyaq-and-Enyaq-Coupe-Interior-5-1536x1152.webp\" alt=\"\"\/><\/figure>\n\n\n\n<p><strong>Mayor autonom\u00eda gracias a mejoras de eficiencia<\/strong><\/p>\n\n\n\n<p>Si bien el redise\u00f1o mantiene las mismas opciones\u00a0de bater\u00edas\u00a0de 59 kWh y 77 kWh , Skoda ha logrado obtener m\u00e1s autonom\u00eda de la gama Enyaq gracias a su aerodin\u00e1mica mejorada. Seg\u00fan las cifras WLTP, los modelos actualizados ahora ofrecen una autonom\u00eda de entre 268 y 365 millas (431 y 587 km), una mejora notable con respecto a la autonom\u00eda anterior al redise\u00f1o de 210 a 351 millas (340 y 565 km).<\/p>\n\n\n\n<p>En el lanzamiento, los compradores pueden elegir entre tres configuraciones de motor el\u00e9ctrico. El Enyaq 60 (RWD) b\u00e1sico ahora cuenta con un motor ligeramente m\u00e1s potente, que entrega 201 hp (150 kW \/ 204 PS). Mientras tanto, las variantes Enyaq 85 (RWD) y Enyaq 85x (AWD) comparten una potencia m\u00e1s robusta de 282 hp (210 kW \/ 286 PS), derivada de configuraciones de motor \u00fanico y doble, respectivamente.<\/p>\n\n\n\n<figure class=\"wp-block-image size-large\"><img decoding=\"async\" src=\"https:\/\/www.carscoops.com\/wp-content\/uploads\/webp\/2025\/01\/2025-Skoda-Enyaq-and-Enyaq-Coupe-Driving-4-copy-1536x864.webp\" alt=\"\"\/><\/figure>\n\n\n\n<p>Se espera que el\u00a0buque insignia de alto rendimiento Enyaq vRS\u00a0se una a la gama en un futuro cercano, probablemente conservando el sistema de propulsi\u00f3n de doble motor con 335 hp (250 kW \/ 340 PS). Aquellos que buscan algo m\u00e1s emocionante pueden elegir el acabado Sportline, que est\u00e1 disponible en el lanzamiento con un kit de carrocer\u00eda diferente, llantas m\u00e1s sofisticadas y suspensi\u00f3n deportiva.<\/p>\n\n\n\n<p><strong>Precios y disponibilidad<\/strong><\/p>\n\n\n\n<p>Skoda comenzar\u00e1 a aceptar pedidos de los renovados Enyaq y Enyaq Coup\u00e9 2025 en los principales\u00a0mercados europeos\u00a0a partir del 9 de enero. El precio inicial rondar\u00e1 los 44.000 euros (45.300 d\u00f3lares).<\/p>\n\n\n<div class='pt-cv-wrapper'> <h3 class='pt-cv-heading-container heading1' data-blockid='axfzjg3b'><span class='pt-cv-heading'> Overlay1 <\/span><\/h3><div class=\"pt-cv-view pt-cv-overlaygrid iscvblock iscvreal overlay1 layout1\" id=\"pt-cv-view-axfzjg3b\"><div data-id=\"pt-cv-page-1\" class=\"pt-cv-page\" data-cvc=\"3\"><div class=\" pt-cv-content-item pt-cv-1-col\" ><div class=\"pt-cv-thumb-wrapper  \"><a href=\"https:\/\/garageblogec.com\/?p=3303\" class=\"_self pt-cv-href-thumbnail pt-cv-thumb-default\" target=\"_self\" ><img decoding=\"async\" width=\"768\" height=\"432\" src=\"https:\/\/garageblogec.com\/wp-content\/uploads\/2026\/04\/WhatsApp-Image-2026-04-21-at-1.52.53-PM-768x432.jpeg\" class=\"pt-cv-thumbnail\" alt=\"\" \/><\/a><\/div>\n<div class=\"pt-cv-overlay-wrapper\"><div class=\"pt-cv-taxoterm above_title\"><a href='https:\/\/garageblogec.com\/?cat=27' title='Industria Nacional' class='pt-cv-tax-industria-nacional'>Industria Nacional<\/a><\/div><h4 class=\"pt-cv-title\"><a href=\"https:\/\/garageblogec.com\/?p=3303\" class=\"_self\" target=\"_self\" >Grupo Ambacar presenta en Guayaquil KGM, su nueva marca de SUV h\u00edbridos con respaldo global<\/a><\/h4><div class=\"pt-cv-meta-fields\"><span class=\"entry-date\"> <time datetime=\"2026-04-21T21:37:24+00:00\">abril 21, 2026<\/time><\/span><span> \/ <\/span><span class=\"author\"> <a href=\"https:\/\/garageblogec.com\/?author=6\" rel=\"author\">gabi1212<\/a><\/span><\/div><\/div><\/div>\n<div class=\" pt-cv-content-item pt-cv-1-col\" ><div class=\"pt-cv-thumb-wrapper  \"><a href=\"https:\/\/garageblogec.com\/?p=3296\" class=\"_self pt-cv-href-thumbnail pt-cv-thumb-default\" target=\"_self\" ><img decoding=\"async\" width=\"768\" height=\"432\" src=\"https:\/\/garageblogec.com\/wp-content\/uploads\/2026\/04\/WhatsApp-Image-2026-04-14-at-3.15.09-PM-768x432.jpeg\" class=\"pt-cv-thumbnail\" alt=\"\" \/><\/a><\/div>\n<div class=\"pt-cv-overlay-wrapper\"><div class=\"pt-cv-taxoterm above_title\"><a href='https:\/\/garageblogec.com\/?cat=27' title='Industria Nacional' class='pt-cv-tax-industria-nacional'>Industria Nacional<\/a><\/div><h4 class=\"pt-cv-title\"><a href=\"https:\/\/garageblogec.com\/?p=3296\" class=\"_self\" target=\"_self\" >El tablero desapareci\u00f3, ahora el auto es una pantalla inteligente<\/a><\/h4><div class=\"pt-cv-meta-fields\"><span class=\"entry-date\"> <time datetime=\"2026-04-14T20:21:20+00:00\">abril 14, 2026<\/time><\/span><span> \/ <\/span><span class=\"author\"> <a href=\"https:\/\/garageblogec.com\/?author=6\" rel=\"author\">gabi1212<\/a><\/span><\/div><\/div><\/div>\n<div class=\" pt-cv-content-item pt-cv-1-col\" ><div class=\"pt-cv-thumb-wrapper  \"><a href=\"https:\/\/garageblogec.com\/?p=3291\" class=\"_self pt-cv-href-thumbnail pt-cv-thumb-default\" target=\"_self\" ><img loading=\"lazy\" decoding=\"async\" width=\"768\" height=\"432\" src=\"https:\/\/garageblogec.com\/wp-content\/uploads\/2026\/04\/WhatsApp-Image-2026-04-14-at-2.21.27-PM-768x432.jpeg\" class=\"pt-cv-thumbnail\" alt=\"\" \/><\/a><\/div>\n<div class=\"pt-cv-overlay-wrapper\"><div class=\"pt-cv-taxoterm above_title\"><a href='https:\/\/garageblogec.com\/?cat=27' title='Industria Nacional' class='pt-cv-tax-industria-nacional'>Industria Nacional<\/a><\/div><h4 class=\"pt-cv-title\"><a href=\"https:\/\/garageblogec.com\/?p=3291\" class=\"_self\" target=\"_self\" >Seguridad al volante en Ecuador: los errores m\u00e1s comunes que cometen los conductores<\/a><\/h4><div class=\"pt-cv-meta-fields\"><span class=\"entry-date\"> <time datetime=\"2026-04-14T20:08:54+00:00\">abril 14, 2026<\/time><\/span><span> \/ <\/span><span class=\"author\"> <a href=\"https:\/\/garageblogec.com\/?author=6\" rel=\"author\">gabi1212<\/a><\/span><\/div><\/div><\/div>\n<div class=\" pt-cv-content-item pt-cv-1-col\" ><div class=\"pt-cv-thumb-wrapper  \"><a href=\"https:\/\/garageblogec.com\/?p=3286\" class=\"_self pt-cv-href-thumbnail pt-cv-thumb-default\" target=\"_self\" ><img loading=\"lazy\" decoding=\"async\" width=\"768\" height=\"492\" src=\"https:\/\/garageblogec.com\/wp-content\/uploads\/2026\/04\/Posventa.jpg-768x492.jpeg\" class=\"pt-cv-thumbnail\" alt=\"\" \/><\/a><\/div>\n<div class=\"pt-cv-overlay-wrapper\"><div class=\"pt-cv-taxoterm above_title\"><a href='https:\/\/garageblogec.com\/?cat=27' title='Industria Nacional' class='pt-cv-tax-industria-nacional'>Industria Nacional<\/a><\/div><h4 class=\"pt-cv-title\"><a href=\"https:\/\/garageblogec.com\/?p=3286\" class=\"_self\" target=\"_self\" >Clientes Nissan reciben cambios de aceite infinitos<\/a><\/h4><div class=\"pt-cv-meta-fields\"><span class=\"entry-date\"> <time datetime=\"2026-04-14T20:04:08+00:00\">abril 14, 2026<\/time><\/span><span> \/ <\/span><span class=\"author\"> <a href=\"https:\/\/garageblogec.com\/?author=6\" rel=\"author\">gabi1212<\/a><\/span><\/div><\/div><\/div>\n<div class=\" pt-cv-content-item pt-cv-1-col\" ><div class=\"pt-cv-thumb-wrapper  \"><a href=\"https:\/\/garageblogec.com\/?p=3280\" class=\"_self pt-cv-href-thumbnail pt-cv-thumb-default\" target=\"_self\" ><img loading=\"lazy\" decoding=\"async\" width=\"768\" height=\"512\" src=\"https:\/\/garageblogec.com\/wp-content\/uploads\/2026\/04\/foto1-768x512.jpeg\" class=\"pt-cv-thumbnail\" alt=\"\" \/><\/a><\/div>\n<div class=\"pt-cv-overlay-wrapper\"><div class=\"pt-cv-taxoterm above_title\"><a href='https:\/\/garageblogec.com\/?cat=27' title='Industria Nacional' class='pt-cv-tax-industria-nacional'>Industria Nacional<\/a><\/div><h4 class=\"pt-cv-title\"><a href=\"https:\/\/garageblogec.com\/?p=3280\" class=\"_self\" target=\"_self\" >Movilidad como inversi\u00f3n: el uso de utilidades que crece en Ecuador<\/a><\/h4><div class=\"pt-cv-meta-fields\"><span class=\"entry-date\"> <time datetime=\"2026-04-07T19:55:36+00:00\">abril 7, 2026<\/time><\/span><span> \/ <\/span><span class=\"author\"> <a href=\"https:\/\/garageblogec.com\/?author=6\" rel=\"author\">gabi1212<\/a><\/span><\/div><\/div><\/div>\n<div class=\" pt-cv-content-item pt-cv-1-col\" ><div class=\"pt-cv-thumb-wrapper  \"><a href=\"https:\/\/garageblogec.com\/?p=3276\" class=\"_self pt-cv-href-thumbnail pt-cv-thumb-default\" target=\"_self\" ><img loading=\"lazy\" decoding=\"async\" width=\"745\" height=\"491\" src=\"https:\/\/garageblogec.com\/wp-content\/uploads\/2026\/04\/TT.png\" class=\"pt-cv-thumbnail\" alt=\"\" \/><\/a><\/div>\n<div class=\"pt-cv-overlay-wrapper\"><div class=\"pt-cv-taxoterm above_title\"><a href='https:\/\/garageblogec.com\/?cat=27' title='Industria Nacional' class='pt-cv-tax-industria-nacional'>Industria Nacional<\/a><\/div><h4 class=\"pt-cv-title\"><a href=\"https:\/\/garageblogec.com\/?p=3276\" class=\"_self\" target=\"_self\" >Lluvias en Ecuador: C\u00f3mo reducir riesgos en carretera y prevenir accidentes en calzada mojada<\/a><\/h4><div class=\"pt-cv-meta-fields\"><span class=\"entry-date\"> <time datetime=\"2026-04-07T19:46:52+00:00\">abril 7, 2026<\/time><\/span><span> \/ <\/span><span class=\"author\"> <a href=\"https:\/\/garageblogec.com\/?author=6\" rel=\"author\">gabi1212<\/a><\/span><\/div><\/div><\/div><\/div><\/div> <\/div> <style>\n#pt-cv-view-axfzjg3b .pt-cv-thumb-wrapper::before {background: rgba(0,0,0,.4); opacity: 0.8;}#pt-cv-view-axfzjg3b .pt-cv-overlay-wrapper {justify-content: center;}\n#pt-cv-view-axfzjg3b .pt-cv-meta-fields {  }#pt-cv-view-axfzjg3b .pt-cv-meta-fields * { font-size: 13px; }#pt-cv-view-axfzjg3b .pt-cv-title a { display: block; }#pt-cv-view-axfzjg3b .pt-cv-title:not(.pt-cv-titlesm) a { font-weight: 600;text-decoration: none;font-size: 20px; }#pt-cv-view-axfzjg3b .pt-cv-titlesm a { font-weight: 600;font-size: 18px; }#pt-cv-view-axfzjg3b .pt-cv-content { font-size: 15px; }#pt-cv-view-axfzjg3b .pt-cv-rmwrap {  }#pt-cv-view-axfzjg3b .pt-cv-readmore { color: #fff;background-color: #0075ff;font-size: 14px; }#pt-cv-view-axfzjg3b .pt-cv-taxoterm { margin: 0px 0px 20px 0px; }#pt-cv-view-axfzjg3b .pt-cv-taxoterm * { color: #222;background-color: #fff6f6;font-size: 14px; }#pt-cv-view-axfzjg3b + .pt-cv-pagination-wrapper {  }#pt-cv-view-axfzjg3b + .pt-cv-pagination-wrapper a { font-size: 14px; }#pt-cv-view-axfzjg3b > .pt-cv-page {grid-template-columns: repeat(3, 1fr);grid-auto-rows: 250px;grid-gap: 10px;}\n@media all and (max-width: 1024px) { \n#pt-cv-view-axfzjg3b > .pt-cv-page {}\n} \n@media all and (max-width: 767px) { \n#pt-cv-view-axfzjg3b > .pt-cv-page {grid-template-columns: repeat(1, 1fr);}\n} <\/style>\n\n\n<p><\/p>\n","protected":false},"excerpt":{"rendered":"<p>El Enyaq renovado tiene una mayor autonom\u00eda en comparaci\u00f3n con su predecesor, en parte gracias a una aerodin\u00e1mica mejorada.<\/p>\n","protected":false},"author":6,"featured_media":1431,"comment_status":"open","ping_status":"open","sticky":false,"template":"","format":"standard","meta":{"_jetpack_memberships_contains_paid_content":false,"footnotes":""},"categories":[27],"tags":[],"class_list":["post-1430","post","type-post","status-publish","format-standard","has-post-thumbnail","hentry","category-industria-nacional"],"yoast_head":"<!-- This site is optimized with the Yoast SEO plugin v27.4 - https:\/\/yoast.com\/product\/yoast-seo-wordpress\/ -->\n<title>El Skoda Enyaq Facelift 2025 cuenta con un nuevo aspecto y hasta 365 millas con una sola carga - Garage Blog Ecuador<\/title>\n<meta name=\"robots\" content=\"index, follow, max-snippet:-1, max-image-preview:large, max-video-preview:-1\" \/>\n<link rel=\"canonical\" href=\"https:\/\/garageblogec.com\/?p=1430\" \/>\n<meta property=\"og:locale\" content=\"es_ES\" \/>\n<meta property=\"og:type\" content=\"article\" \/>\n<meta property=\"og:title\" content=\"El Skoda Enyaq Facelift 2025 cuenta con un nuevo aspecto y hasta 365 millas con una sola carga - Garage Blog Ecuador\" \/>\n<meta property=\"og:description\" content=\"El Enyaq renovado tiene una mayor autonom\u00eda en comparaci\u00f3n con su predecesor, en parte gracias a una aerodin\u00e1mica mejorada.\" \/>\n<meta property=\"og:url\" content=\"https:\/\/garageblogec.com\/?p=1430\" \/>\n<meta property=\"og:site_name\" content=\"Garage Blog Ecuador\" \/>\n<meta property=\"article:published_time\" content=\"2025-01-08T15:14:20+00:00\" \/>\n<meta property=\"article:modified_time\" content=\"2025-01-08T15:14:23+00:00\" \/>\n<meta property=\"og:image\" content=\"https:\/\/garageblogec.com\/wp-content\/uploads\/2025\/01\/eeeeee.png\" \/>\n\t<meta property=\"og:image:width\" content=\"880\" \/>\n\t<meta property=\"og:image:height\" content=\"491\" \/>\n\t<meta property=\"og:image:type\" content=\"image\/png\" \/>\n<meta name=\"author\" content=\"gabi1212\" \/>\n<meta name=\"twitter:card\" content=\"summary_large_image\" \/>\n<meta name=\"twitter:label1\" content=\"Escrito por\" \/>\n\t<meta name=\"twitter:data1\" content=\"gabi1212\" \/>\n\t<meta name=\"twitter:label2\" content=\"Tiempo de lectura\" \/>\n\t<meta name=\"twitter:data2\" content=\"4 minutos\" \/>\n<script type=\"application\/ld+json\" class=\"yoast-schema-graph\">{\"@context\":\"https:\\\/\\\/schema.org\",\"@graph\":[{\"@type\":\"Article\",\"@id\":\"https:\\\/\\\/garageblogec.com\\\/?p=1430#article\",\"isPartOf\":{\"@id\":\"https:\\\/\\\/garageblogec.com\\\/?p=1430\"},\"author\":{\"name\":\"gabi1212\",\"@id\":\"https:\\\/\\\/garageblogec.com\\\/#\\\/schema\\\/person\\\/635f4b76c0cb3e43b82fe6f7d8bcceea\"},\"headline\":\"El Skoda Enyaq Facelift 2025 cuenta con un nuevo aspecto y hasta 365 millas con una sola carga\",\"datePublished\":\"2025-01-08T15:14:20+00:00\",\"dateModified\":\"2025-01-08T15:14:23+00:00\",\"mainEntityOfPage\":{\"@id\":\"https:\\\/\\\/garageblogec.com\\\/?p=1430\"},\"wordCount\":635,\"commentCount\":0,\"publisher\":{\"@id\":\"https:\\\/\\\/garageblogec.com\\\/#organization\"},\"image\":{\"@id\":\"https:\\\/\\\/garageblogec.com\\\/?p=1430#primaryimage\"},\"thumbnailUrl\":\"https:\\\/\\\/garageblogec.com\\\/wp-content\\\/uploads\\\/2025\\\/01\\\/eeeeee.png\",\"articleSection\":[\"Industria Nacional\"],\"inLanguage\":\"es\",\"potentialAction\":[{\"@type\":\"CommentAction\",\"name\":\"Comment\",\"target\":[\"https:\\\/\\\/garageblogec.com\\\/?p=1430#respond\"]}]},{\"@type\":\"WebPage\",\"@id\":\"https:\\\/\\\/garageblogec.com\\\/?p=1430\",\"url\":\"https:\\\/\\\/garageblogec.com\\\/?p=1430\",\"name\":\"El Skoda Enyaq Facelift 2025 cuenta con un nuevo aspecto y hasta 365 millas con una sola carga - Garage Blog Ecuador\",\"isPartOf\":{\"@id\":\"https:\\\/\\\/garageblogec.com\\\/#website\"},\"primaryImageOfPage\":{\"@id\":\"https:\\\/\\\/garageblogec.com\\\/?p=1430#primaryimage\"},\"image\":{\"@id\":\"https:\\\/\\\/garageblogec.com\\\/?p=1430#primaryimage\"},\"thumbnailUrl\":\"https:\\\/\\\/garageblogec.com\\\/wp-content\\\/uploads\\\/2025\\\/01\\\/eeeeee.png\",\"datePublished\":\"2025-01-08T15:14:20+00:00\",\"dateModified\":\"2025-01-08T15:14:23+00:00\",\"breadcrumb\":{\"@id\":\"https:\\\/\\\/garageblogec.com\\\/?p=1430#breadcrumb\"},\"inLanguage\":\"es\",\"potentialAction\":[{\"@type\":\"ReadAction\",\"target\":[\"https:\\\/\\\/garageblogec.com\\\/?p=1430\"]}]},{\"@type\":\"ImageObject\",\"inLanguage\":\"es\",\"@id\":\"https:\\\/\\\/garageblogec.com\\\/?p=1430#primaryimage\",\"url\":\"https:\\\/\\\/garageblogec.com\\\/wp-content\\\/uploads\\\/2025\\\/01\\\/eeeeee.png\",\"contentUrl\":\"https:\\\/\\\/garageblogec.com\\\/wp-content\\\/uploads\\\/2025\\\/01\\\/eeeeee.png\",\"width\":880,\"height\":491},{\"@type\":\"BreadcrumbList\",\"@id\":\"https:\\\/\\\/garageblogec.com\\\/?p=1430#breadcrumb\",\"itemListElement\":[{\"@type\":\"ListItem\",\"position\":1,\"name\":\"Portada\",\"item\":\"https:\\\/\\\/garageblogec.com\\\/\"},{\"@type\":\"ListItem\",\"position\":2,\"name\":\"El Skoda Enyaq Facelift 2025 cuenta con un nuevo aspecto y hasta 365 millas con una sola carga\"}]},{\"@type\":\"WebSite\",\"@id\":\"https:\\\/\\\/garageblogec.com\\\/#website\",\"url\":\"https:\\\/\\\/garageblogec.com\\\/\",\"name\":\"Garage Blog Ecuador\",\"description\":\"Alucinamos por los autos \",\"publisher\":{\"@id\":\"https:\\\/\\\/garageblogec.com\\\/#organization\"},\"potentialAction\":[{\"@type\":\"SearchAction\",\"target\":{\"@type\":\"EntryPoint\",\"urlTemplate\":\"https:\\\/\\\/garageblogec.com\\\/?s={search_term_string}\"},\"query-input\":{\"@type\":\"PropertyValueSpecification\",\"valueRequired\":true,\"valueName\":\"search_term_string\"}}],\"inLanguage\":\"es\"},{\"@type\":\"Organization\",\"@id\":\"https:\\\/\\\/garageblogec.com\\\/#organization\",\"name\":\"Garage Blog Ecuador\",\"url\":\"https:\\\/\\\/garageblogec.com\\\/\",\"logo\":{\"@type\":\"ImageObject\",\"inLanguage\":\"es\",\"@id\":\"https:\\\/\\\/garageblogec.com\\\/#\\\/schema\\\/logo\\\/image\\\/\",\"url\":\"https:\\\/\\\/garageblogec.com\\\/wp-content\\\/uploads\\\/2024\\\/02\\\/cropped-logo-png-para-blog.webp\",\"contentUrl\":\"https:\\\/\\\/garageblogec.com\\\/wp-content\\\/uploads\\\/2024\\\/02\\\/cropped-logo-png-para-blog.webp\",\"width\":840,\"height\":556,\"caption\":\"Garage Blog Ecuador \"},\"image\":{\"@id\":\"https:\\\/\\\/garageblogec.com\\\/#\\\/schema\\\/logo\\\/image\\\/\"}},{\"@type\":\"Person\",\"@id\":\"https:\\\/\\\/garageblogec.com\\\/#\\\/schema\\\/person\\\/635f4b76c0cb3e43b82fe6f7d8bcceea\",\"name\":\"gabi1212\",\"image\":{\"@type\":\"ImageObject\",\"inLanguage\":\"es\",\"@id\":\"https:\\\/\\\/secure.gravatar.com\\\/avatar\\\/6aa491f45cb359d4d6dd8c430e83f78899c80569c27d21156e19bbdcd31d1811?s=96&d=mm&r=g\",\"url\":\"https:\\\/\\\/secure.gravatar.com\\\/avatar\\\/6aa491f45cb359d4d6dd8c430e83f78899c80569c27d21156e19bbdcd31d1811?s=96&d=mm&r=g\",\"contentUrl\":\"https:\\\/\\\/secure.gravatar.com\\\/avatar\\\/6aa491f45cb359d4d6dd8c430e83f78899c80569c27d21156e19bbdcd31d1811?s=96&d=mm&r=g\",\"caption\":\"gabi1212\"},\"url\":\"https:\\\/\\\/garageblogec.com\\\/?author=6\"}]}<\/script>\n<!-- \/ Yoast SEO plugin. -->","yoast_head_json":{"title":"El Skoda Enyaq Facelift 2025 cuenta con un nuevo aspecto y hasta 365 millas con una sola carga - Garage Blog Ecuador","robots":{"index":"index","follow":"follow","max-snippet":"max-snippet:-1","max-image-preview":"max-image-preview:large","max-video-preview":"max-video-preview:-1"},"canonical":"https:\/\/garageblogec.com\/?p=1430","og_locale":"es_ES","og_type":"article","og_title":"El Skoda Enyaq Facelift 2025 cuenta con un nuevo aspecto y hasta 365 millas con una sola carga - Garage Blog Ecuador","og_description":"El Enyaq renovado tiene una mayor autonom\u00eda en comparaci\u00f3n con su predecesor, en parte gracias a una aerodin\u00e1mica mejorada.","og_url":"https:\/\/garageblogec.com\/?p=1430","og_site_name":"Garage Blog Ecuador","article_published_time":"2025-01-08T15:14:20+00:00","article_modified_time":"2025-01-08T15:14:23+00:00","og_image":[{"width":880,"height":491,"url":"https:\/\/garageblogec.com\/wp-content\/uploads\/2025\/01\/eeeeee.png","type":"image\/png"}],"author":"gabi1212","twitter_card":"summary_large_image","twitter_misc":{"Escrito por":"gabi1212","Tiempo de lectura":"4 minutos"},"schema":{"@context":"https:\/\/schema.org","@graph":[{"@type":"Article","@id":"https:\/\/garageblogec.com\/?p=1430#article","isPartOf":{"@id":"https:\/\/garageblogec.com\/?p=1430"},"author":{"name":"gabi1212","@id":"https:\/\/garageblogec.com\/#\/schema\/person\/635f4b76c0cb3e43b82fe6f7d8bcceea"},"headline":"El Skoda Enyaq Facelift 2025 cuenta con un nuevo aspecto y hasta 365 millas con una sola carga","datePublished":"2025-01-08T15:14:20+00:00","dateModified":"2025-01-08T15:14:23+00:00","mainEntityOfPage":{"@id":"https:\/\/garageblogec.com\/?p=1430"},"wordCount":635,"commentCount":0,"publisher":{"@id":"https:\/\/garageblogec.com\/#organization"},"image":{"@id":"https:\/\/garageblogec.com\/?p=1430#primaryimage"},"thumbnailUrl":"https:\/\/garageblogec.com\/wp-content\/uploads\/2025\/01\/eeeeee.png","articleSection":["Industria Nacional"],"inLanguage":"es","potentialAction":[{"@type":"CommentAction","name":"Comment","target":["https:\/\/garageblogec.com\/?p=1430#respond"]}]},{"@type":"WebPage","@id":"https:\/\/garageblogec.com\/?p=1430","url":"https:\/\/garageblogec.com\/?p=1430","name":"El Skoda Enyaq Facelift 2025 cuenta con un nuevo aspecto y hasta 365 millas con una sola carga - Garage Blog Ecuador","isPartOf":{"@id":"https:\/\/garageblogec.com\/#website"},"primaryImageOfPage":{"@id":"https:\/\/garageblogec.com\/?p=1430#primaryimage"},"image":{"@id":"https:\/\/garageblogec.com\/?p=1430#primaryimage"},"thumbnailUrl":"https:\/\/garageblogec.com\/wp-content\/uploads\/2025\/01\/eeeeee.png","datePublished":"2025-01-08T15:14:20+00:00","dateModified":"2025-01-08T15:14:23+00:00","breadcrumb":{"@id":"https:\/\/garageblogec.com\/?p=1430#breadcrumb"},"inLanguage":"es","potentialAction":[{"@type":"ReadAction","target":["https:\/\/garageblogec.com\/?p=1430"]}]},{"@type":"ImageObject","inLanguage":"es","@id":"https:\/\/garageblogec.com\/?p=1430#primaryimage","url":"https:\/\/garageblogec.com\/wp-content\/uploads\/2025\/01\/eeeeee.png","contentUrl":"https:\/\/garageblogec.com\/wp-content\/uploads\/2025\/01\/eeeeee.png","width":880,"height":491},{"@type":"BreadcrumbList","@id":"https:\/\/garageblogec.com\/?p=1430#breadcrumb","itemListElement":[{"@type":"ListItem","position":1,"name":"Portada","item":"https:\/\/garageblogec.com\/"},{"@type":"ListItem","position":2,"name":"El Skoda Enyaq Facelift 2025 cuenta con un nuevo aspecto y hasta 365 millas con una sola carga"}]},{"@type":"WebSite","@id":"https:\/\/garageblogec.com\/#website","url":"https:\/\/garageblogec.com\/","name":"Garage Blog Ecuador","description":"Alucinamos por los autos ","publisher":{"@id":"https:\/\/garageblogec.com\/#organization"},"potentialAction":[{"@type":"SearchAction","target":{"@type":"EntryPoint","urlTemplate":"https:\/\/garageblogec.com\/?s={search_term_string}"},"query-input":{"@type":"PropertyValueSpecification","valueRequired":true,"valueName":"search_term_string"}}],"inLanguage":"es"},{"@type":"Organization","@id":"https:\/\/garageblogec.com\/#organization","name":"Garage Blog Ecuador","url":"https:\/\/garageblogec.com\/","logo":{"@type":"ImageObject","inLanguage":"es","@id":"https:\/\/garageblogec.com\/#\/schema\/logo\/image\/","url":"https:\/\/garageblogec.com\/wp-content\/uploads\/2024\/02\/cropped-logo-png-para-blog.webp","contentUrl":"https:\/\/garageblogec.com\/wp-content\/uploads\/2024\/02\/cropped-logo-png-para-blog.webp","width":840,"height":556,"caption":"Garage Blog Ecuador "},"image":{"@id":"https:\/\/garageblogec.com\/#\/schema\/logo\/image\/"}},{"@type":"Person","@id":"https:\/\/garageblogec.com\/#\/schema\/person\/635f4b76c0cb3e43b82fe6f7d8bcceea","name":"gabi1212","image":{"@type":"ImageObject","inLanguage":"es","@id":"https:\/\/secure.gravatar.com\/avatar\/6aa491f45cb359d4d6dd8c430e83f78899c80569c27d21156e19bbdcd31d1811?s=96&d=mm&r=g","url":"https:\/\/secure.gravatar.com\/avatar\/6aa491f45cb359d4d6dd8c430e83f78899c80569c27d21156e19bbdcd31d1811?s=96&d=mm&r=g","contentUrl":"https:\/\/secure.gravatar.com\/avatar\/6aa491f45cb359d4d6dd8c430e83f78899c80569c27d21156e19bbdcd31d1811?s=96&d=mm&r=g","caption":"gabi1212"},"url":"https:\/\/garageblogec.com\/?author=6"}]}},"jetpack_featured_media_url":"https:\/\/garageblogec.com\/wp-content\/uploads\/2025\/01\/eeeeee.png","jetpack_sharing_enabled":true,"_links":{"self":[{"href":"https:\/\/garageblogec.com\/index.php?rest_route=\/wp\/v2\/posts\/1430","targetHints":{"allow":["GET"]}}],"collection":[{"href":"https:\/\/garageblogec.com\/index.php?rest_route=\/wp\/v2\/posts"}],"about":[{"href":"https:\/\/garageblogec.com\/index.php?rest_route=\/wp\/v2\/types\/post"}],"author":[{"embeddable":true,"href":"https:\/\/garageblogec.com\/index.php?rest_route=\/wp\/v2\/users\/6"}],"replies":[{"embeddable":true,"href":"https:\/\/garageblogec.com\/index.php?rest_route=%2Fwp%2Fv2%2Fcomments&post=1430"}],"version-history":[{"count":1,"href":"https:\/\/garageblogec.com\/index.php?rest_route=\/wp\/v2\/posts\/1430\/revisions"}],"predecessor-version":[{"id":1432,"href":"https:\/\/garageblogec.com\/index.php?rest_route=\/wp\/v2\/posts\/1430\/revisions\/1432"}],"wp:featuredmedia":[{"embeddable":true,"href":"https:\/\/garageblogec.com\/index.php?rest_route=\/wp\/v2\/media\/1431"}],"wp:attachment":[{"href":"https:\/\/garageblogec.com\/index.php?rest_route=%2Fwp%2Fv2%2Fmedia&parent=1430"}],"wp:term":[{"taxonomy":"category","embeddable":true,"href":"https:\/\/garageblogec.com\/index.php?rest_route=%2Fwp%2Fv2%2Fcategories&post=1430"},{"taxonomy":"post_tag","embeddable":true,"href":"https:\/\/garageblogec.com\/index.php?rest_route=%2Fwp%2Fv2%2Ftags&post=1430"}],"curies":[{"name":"wp","href":"https:\/\/api.w.org\/{rel}","templated":true}]}}