{"id":1427,"date":"2025-01-08T14:59:40","date_gmt":"2025-01-08T14:59:40","guid":{"rendered":"https:\/\/garageblogec.com\/?p=1427"},"modified":"2025-01-08T14:59:43","modified_gmt":"2025-01-08T14:59:43","slug":"el-sedan-electrico-0-de-honda-parece-un-sedan-lamborghini-gallardo-del-futuro","status":"publish","type":"post","link":"https:\/\/garageblogec.com\/?p=1427","title":{"rendered":"El sed\u00e1n el\u00e9ctrico 0 de Honda parece un sed\u00e1n Lamborghini Gallardo del futuro"},"content":{"rendered":"\n<p>Un a\u00f1o despu\u00e9s de que Honda presentara sus futuristas\u00a0conceptos 0 Saloon y Space Hub Minivan\u00a0en el\u00a0CES\u00a0, el fabricante de autom\u00f3viles regresa al sal\u00f3n de 2025 en Las Vegas con algo un poco m\u00e1s tangible. Esta vez, trae un\u00a0prototipo m\u00e1s listo para la producci\u00f3n de su sed\u00e1n el\u00e9ctrico\u00a0junto con la primera presentaci\u00f3n p\u00fablica del SUV 0. A diferencia del interminable desfile de conceptos inveros\u00edmiles que nunca ven la luz del d\u00eda, estos dos veh\u00edculos est\u00e1n en camino de convertirse en modelos de producci\u00f3n reales.<\/p>\n\n\n\n<figure class=\"wp-block-image size-large\"><img decoding=\"async\" src=\"https:\/\/www.carscoops.com\/wp-content\/uploads\/webp\/2025\/01\/f4rcd-1536x864.webp\" alt=\"\"\/><\/figure>\n\n\n\n<p>Tanto\u00a0el sed\u00e1n como el SUV se fabricar\u00e1n\u00a0en el centro exclusivo de veh\u00edculos el\u00e9ctricos de Honda en Ohio. El SUV se lanzar\u00e1 en Am\u00e9rica del Norte a principios de 2026, y el sed\u00e1n lo har\u00e1 m\u00e1s adelante ese mismo a\u00f1o. Si bien Honda ha confirmado sus planes de ampliar la disponibilidad a Jap\u00f3n y Europa, los detalles sobre estos lanzamientos internacionales siguen siendo un secreto por ahora.<\/p>\n\n\n\n<figure class=\"wp-block-image size-large\"><a href=\"https:\/\/www.kia.com\/ec\/showroom\/sonet\/features.html\"><img fetchpriority=\"high\" decoding=\"async\" width=\"1024\" height=\"284\" src=\"https:\/\/garageblogec.com\/wp-content\/uploads\/2024\/12\/1080x300-1024x284.jpg\" alt=\"\" class=\"wp-image-1360\" srcset=\"https:\/\/garageblogec.com\/wp-content\/uploads\/2024\/12\/1080x300-1024x284.jpg 1024w, https:\/\/garageblogec.com\/wp-content\/uploads\/2024\/12\/1080x300-300x83.jpg 300w, https:\/\/garageblogec.com\/wp-content\/uploads\/2024\/12\/1080x300-768x213.jpg 768w, https:\/\/garageblogec.com\/wp-content\/uploads\/2024\/12\/1080x300.jpg 1080w\" sizes=\"(max-width: 1024px) 100vw, 1024px\" \/><\/a><\/figure>\n\n\n\n<h3 class=\"wp-block-heading\">Un crossover con personalidad: el SUV 0<\/h3>\n\n\n\n<p>El SUV\u00a0mediano 0\u00a0se basa en la base del concepto Space Hub Minivan del a\u00f1o pasado, pero opta por una silueta de crossover que se siente m\u00e1s arraigada en la realidad. Un parabrisas muy inclinado, faros delanteros pixelados (un toque de dise\u00f1o que recuerda a la serie Ioniq de Hyundai o\u00a0incluso al Fiat Grande Panda\u00a0) y un emblema de Honda iluminado le dan una est\u00e9tica peculiar y moderna.<\/p>\n\n\n\n<figure class=\"wp-block-image size-large is-resized\"><img decoding=\"async\" src=\"https:\/\/www.carscoops.com\/wp-content\/uploads\/webp\/2025\/01\/04-Honda-0-SUV-Copy-1536x1024.webp\" alt=\"\" style=\"width:817px;height:auto\"\/><\/figure>\n\n\n\n<p>Dicho esto, el dise\u00f1o trasero vertical puede ser polarizante: \u00abinc\u00f3modo\u00bb no es una exageraci\u00f3n y puede que no atraiga a todo el mundo. Un techo negro de dos tonos y pilares D gruesos a\u00f1aden algo de estilo, mientras que una luz trasera en forma de U y una ventana trasera delgada aseguran que la parte trasera se destaque. Aunque puede que no sea del agrado de todo el mundo, tiene car\u00e1cter.<\/p>\n\n\n\n<p>En el interior, el SUV de cinco asientos y dos filas de asientos mantiene el ritmo de su exterior de avanzada tecnolog\u00eda. El habit\u00e1culo cuenta con una cabina dominada por una pantalla, que incluye una pantalla exclusiva para los pasajeros y monitores de c\u00e1mara laterales que reemplazan los espejos tradicionales.<\/p>\n\n\n\n<h3 class=\"wp-block-heading\">El sed\u00e1n 0 con cara de Lamborghini<\/h3>\n\n\n\n<figure class=\"wp-block-image size-large\"><img decoding=\"async\" src=\"https:\/\/www.carscoops.com\/wp-content\/uploads\/webp\/2025\/01\/03-Honda-0-Saloon-interior-Copy-1536x1024.webp\" alt=\"\"\/><\/figure>\n\n\n\n<p>El 0 Saloon se mantiene fiel a su concepto original de carrocer\u00eda baja y forma de cu\u00f1a, pero incorpora varios ajustes listos para la producci\u00f3n, algunos emocionantes y otros un poco decepcionantes.<\/p>\n\n\n\n<p>Las llamativas puertas de ala de gaviota ya no existen (estamos tan tristes como t\u00fa), sino que han sido reemplazadas por unas (pr\u00e1cticas) convencionales. Pero hay un premio de consolaci\u00f3n: el frontal redise\u00f1ado transmite las inconfundibles vibraciones del Lamborghini Gallardo. Las cubiertas deslizantes de los faros a\u00f1aden un toque retrofuturista\u00a0que recuerda al Ferrari SP3 de producci\u00f3n\u00a0y\u00a0al Mazda Iconic SP concept\u00a0, ofreciendo un gui\u00f1o l\u00fadico a la era dorada de los faros escamoteables. Honda tambi\u00e9n ha cambiado la pantalla frontal del a\u00f1o pasado por un panel en blanco con aspas iluminadas en la parte inferior, una caracter\u00edstica que parece m\u00e1s \u00abchic de concept car\u00bb que apta para producci\u00f3n en serie.<\/p>\n\n\n\n<figure class=\"wp-block-image size-large\"><img decoding=\"async\" src=\"https:\/\/www.carscoops.com\/wp-content\/uploads\/webp\/2025\/01\/Saloon_2-copy-1536x864.webp\" alt=\"\"\/><\/figure>\n\n\n\n<p>El perfil lateral del Saloon se inclina hacia una est\u00e9tica dram\u00e1tica, con ventanas que se elevan abruptamente y terminan en pilares D gruesos, que recuerdan a su hermano SUV. Una vez m\u00e1s, los espejos laterales tradicionales se sustituyen por c\u00e1maras, aunque su destino durante la producci\u00f3n sigue siendo incierto. En la parte trasera, Honda ha conservado el dise\u00f1o futurista del concepto con una firma de iluminaci\u00f3n ovoide y, sorpresa, sin parabrisas trasero.<\/p>\n\n\n\n<p>En cuanto al interior, el 0 Saloon de cinco plazas comparte gran parte de su estilo de dise\u00f1o con el SUV. Si bien es m\u00e1s discreto en comparaci\u00f3n con el concepto del a\u00f1o pasado, sigue ofreciendo un aire futurista. Las pantallas se extienden por el salpicadero y un volante con horquillas estilo Tesla a\u00f1ade un toque futurista que se completa con un truco de fiesta: gira para facilitar la entrada y salida del asiento bajo. Las tiras de LED ambientales, la tapicer\u00eda blanca y un dise\u00f1o minimalista (s\u00ed, con palancas reales) crean una est\u00e9tica limpia y con mucha tecnolog\u00eda similar a (lo adivinaste) Tesla.<\/p>\n\n\n\n<h3 class=\"wp-block-heading\">Tecnolog\u00eda avanzada y funciones inteligentes<\/h3>\n\n\n\n<p>Ambos modelos de la Serie 0 incorporan el nuevo sistema de direcci\u00f3n por cable de Honda, que integra la direcci\u00f3n, la suspensi\u00f3n y los frenos.\u00a0<br>Tambi\u00e9n estrenan una nueva plataforma compartida con el EV de Sony\u00a0dise\u00f1ada para reducir el peso al reducir el tama\u00f1o de la bater\u00eda y mejorar la autonom\u00eda mediante un software de gesti\u00f3n de la bater\u00eda m\u00e1s inteligente. Aunque Honda no revel\u00f3 nuevos detalles sobre el sistema de propulsi\u00f3n esta vez,\u00a0<br>anunci\u00f3 previamente una autonom\u00eda objetivo\u00a0de m\u00e1s de 300 millas (438 km), con configuraciones de tracci\u00f3n trasera y tracci\u00f3n total en desarrollo.<\/p>\n\n\n\n<p>Mientras tanto, los cerebros de los veh\u00edculos funcionar\u00e1n con el sistema operativo ASIMO de Honda, llamado as\u00ed por el famoso robot humanoide del fabricante de autom\u00f3viles. Este sistema operativo combina la asistencia al conductor, el infoentretenimiento y las actualizaciones inal\u00e1mbricas, y aprende y se adapta a las preferencias individuales del conductor con el tiempo.<\/p>\n\n\n\n<p>En cuanto a la\u00a0autonom\u00eda\u00a0, la Serie 0 estrenar\u00e1 capacidades de conducci\u00f3n aut\u00f3noma de nivel 3, incluida la funci\u00f3n de \u201cojos fuera\u201d para atascos de tr\u00e1fico en autopistas donde las regulaciones lo permitan. Honda est\u00e1 colaborando con Helm.ai para perfeccionar el sistema, asegur\u00e1ndose de que pueda manejar desaf\u00edos del mundo real, pero su implementaci\u00f3n depender\u00e1 en gran medida de los marcos legales en cada regi\u00f3n.<\/p>\n\n\n\n<figure class=\"wp-block-image size-large\"><img decoding=\"async\" src=\"https:\/\/www.carscoops.com\/wp-content\/uploads\/webp\/2025\/01\/01-Honda-0-Saloon-Honda-0-SUV-copy-Copy-1536x864.webp\" alt=\"\"\/><\/figure>\n\n\n\n<p>Para respaldar estas funciones basadas en software, Honda se ha asociado con Renesas para desarrollar procesadores de \u00faltima generaci\u00f3n. Estos chips consolidar\u00e1n m\u00faltiples sistemas en una sola unidad central, mejorando el rendimiento y la eficiencia energ\u00e9tica, al tiempo que gestionan todo, desde la asistencia al conductor hasta el control del climatizador.<\/p>\n\n\n\n<h3 class=\"wp-block-heading\">Carga e infraestructura<\/h3>\n\n\n\n<p>Honda tambi\u00e9n est\u00e1 pensando m\u00e1s all\u00e1 del garaje con su\u00a0estrategia de veh\u00edculos el\u00e9ctricos\u00a0. Como parte de una empresa conjunta con ocho fabricantes de autom\u00f3viles bajo la bandera IONNA, la compa\u00f1\u00eda planea implementar 30.000 nuevas estaciones de carga para 2030. Ambos modelos de la Serie 0 contar\u00e1n con el puerto North American Charging Standard (NACS), lo que les dar\u00e1 a los propietarios acceso a m\u00e1s de 100.000 cargadores en todo Estados Unidos.<\/p>\n\n\n\n<p>Adem\u00e1s, los veh\u00edculos el\u00e9ctricos\u00a0de Honda\u00a0estar\u00e1n equipados con capacidades de carga inteligente. No solo podr\u00e1n recargarse fuera de las horas punta para ahorrar dinero, sino que tambi\u00e9n podr\u00e1n devolver el excedente de energ\u00eda a la red durante los picos de demanda, lo que ayudar\u00e1 a estabilizar la red y posiblemente le permitir\u00e1 ahorrar algo de dinero.<\/p>\n\n\n<div class='pt-cv-wrapper'> <h3 class='pt-cv-heading-container heading1' data-blockid='k9oy8xel'><span class='pt-cv-heading'> Overlay1 <\/span><\/h3><div class=\"pt-cv-view pt-cv-overlaygrid iscvblock iscvreal overlay1 layout1\" id=\"pt-cv-view-k9oy8xel\"><div data-id=\"pt-cv-page-1\" class=\"pt-cv-page\" data-cvc=\"3\"><div class=\" pt-cv-content-item pt-cv-1-col\" ><div class=\"pt-cv-thumb-wrapper  \"><a href=\"https:\/\/garageblogec.com\/?p=3303\" class=\"_self pt-cv-href-thumbnail pt-cv-thumb-default\" target=\"_self\" ><img decoding=\"async\" width=\"768\" height=\"432\" src=\"https:\/\/garageblogec.com\/wp-content\/uploads\/2026\/04\/WhatsApp-Image-2026-04-21-at-1.52.53-PM-768x432.jpeg\" class=\"pt-cv-thumbnail\" alt=\"\" \/><\/a><\/div>\n<div class=\"pt-cv-overlay-wrapper\"><div class=\"pt-cv-taxoterm above_title\"><a href='https:\/\/garageblogec.com\/?cat=27' title='Industria Nacional' class='pt-cv-tax-industria-nacional'>Industria Nacional<\/a><\/div><h4 class=\"pt-cv-title\"><a href=\"https:\/\/garageblogec.com\/?p=3303\" class=\"_self\" target=\"_self\" >Grupo Ambacar presenta en Guayaquil KGM, su nueva marca de SUV h\u00edbridos con respaldo global<\/a><\/h4><div class=\"pt-cv-meta-fields\"><span class=\"entry-date\"> <time datetime=\"2026-04-21T21:37:24+00:00\">abril 21, 2026<\/time><\/span><span> \/ <\/span><span class=\"author\"> <a href=\"https:\/\/garageblogec.com\/?author=6\" rel=\"author\">gabi1212<\/a><\/span><\/div><\/div><\/div>\n<div class=\" pt-cv-content-item pt-cv-1-col\" ><div class=\"pt-cv-thumb-wrapper  \"><a href=\"https:\/\/garageblogec.com\/?p=3296\" class=\"_self pt-cv-href-thumbnail pt-cv-thumb-default\" target=\"_self\" ><img decoding=\"async\" width=\"768\" height=\"432\" src=\"https:\/\/garageblogec.com\/wp-content\/uploads\/2026\/04\/WhatsApp-Image-2026-04-14-at-3.15.09-PM-768x432.jpeg\" class=\"pt-cv-thumbnail\" alt=\"\" \/><\/a><\/div>\n<div class=\"pt-cv-overlay-wrapper\"><div class=\"pt-cv-taxoterm above_title\"><a href='https:\/\/garageblogec.com\/?cat=27' title='Industria Nacional' class='pt-cv-tax-industria-nacional'>Industria Nacional<\/a><\/div><h4 class=\"pt-cv-title\"><a href=\"https:\/\/garageblogec.com\/?p=3296\" class=\"_self\" target=\"_self\" >El tablero desapareci\u00f3, ahora el auto es una pantalla inteligente<\/a><\/h4><div class=\"pt-cv-meta-fields\"><span class=\"entry-date\"> <time datetime=\"2026-04-14T20:21:20+00:00\">abril 14, 2026<\/time><\/span><span> \/ <\/span><span class=\"author\"> <a href=\"https:\/\/garageblogec.com\/?author=6\" rel=\"author\">gabi1212<\/a><\/span><\/div><\/div><\/div>\n<div class=\" pt-cv-content-item pt-cv-1-col\" ><div class=\"pt-cv-thumb-wrapper  \"><a href=\"https:\/\/garageblogec.com\/?p=3291\" class=\"_self pt-cv-href-thumbnail pt-cv-thumb-default\" target=\"_self\" ><img loading=\"lazy\" decoding=\"async\" width=\"768\" height=\"432\" src=\"https:\/\/garageblogec.com\/wp-content\/uploads\/2026\/04\/WhatsApp-Image-2026-04-14-at-2.21.27-PM-768x432.jpeg\" class=\"pt-cv-thumbnail\" alt=\"\" \/><\/a><\/div>\n<div class=\"pt-cv-overlay-wrapper\"><div class=\"pt-cv-taxoterm above_title\"><a href='https:\/\/garageblogec.com\/?cat=27' title='Industria Nacional' class='pt-cv-tax-industria-nacional'>Industria Nacional<\/a><\/div><h4 class=\"pt-cv-title\"><a href=\"https:\/\/garageblogec.com\/?p=3291\" class=\"_self\" target=\"_self\" >Seguridad al volante en Ecuador: los errores m\u00e1s comunes que cometen los conductores<\/a><\/h4><div class=\"pt-cv-meta-fields\"><span class=\"entry-date\"> <time datetime=\"2026-04-14T20:08:54+00:00\">abril 14, 2026<\/time><\/span><span> \/ <\/span><span class=\"author\"> <a href=\"https:\/\/garageblogec.com\/?author=6\" rel=\"author\">gabi1212<\/a><\/span><\/div><\/div><\/div>\n<div class=\" pt-cv-content-item pt-cv-1-col\" ><div class=\"pt-cv-thumb-wrapper  \"><a href=\"https:\/\/garageblogec.com\/?p=3286\" class=\"_self pt-cv-href-thumbnail pt-cv-thumb-default\" target=\"_self\" ><img loading=\"lazy\" decoding=\"async\" width=\"768\" height=\"492\" src=\"https:\/\/garageblogec.com\/wp-content\/uploads\/2026\/04\/Posventa.jpg-768x492.jpeg\" class=\"pt-cv-thumbnail\" alt=\"\" \/><\/a><\/div>\n<div class=\"pt-cv-overlay-wrapper\"><div class=\"pt-cv-taxoterm above_title\"><a href='https:\/\/garageblogec.com\/?cat=27' title='Industria Nacional' class='pt-cv-tax-industria-nacional'>Industria Nacional<\/a><\/div><h4 class=\"pt-cv-title\"><a href=\"https:\/\/garageblogec.com\/?p=3286\" class=\"_self\" target=\"_self\" >Clientes Nissan reciben cambios de aceite infinitos<\/a><\/h4><div class=\"pt-cv-meta-fields\"><span class=\"entry-date\"> <time datetime=\"2026-04-14T20:04:08+00:00\">abril 14, 2026<\/time><\/span><span> \/ <\/span><span class=\"author\"> <a href=\"https:\/\/garageblogec.com\/?author=6\" rel=\"author\">gabi1212<\/a><\/span><\/div><\/div><\/div>\n<div class=\" pt-cv-content-item pt-cv-1-col\" ><div class=\"pt-cv-thumb-wrapper  \"><a href=\"https:\/\/garageblogec.com\/?p=3280\" class=\"_self pt-cv-href-thumbnail pt-cv-thumb-default\" target=\"_self\" ><img loading=\"lazy\" decoding=\"async\" width=\"768\" height=\"512\" src=\"https:\/\/garageblogec.com\/wp-content\/uploads\/2026\/04\/foto1-768x512.jpeg\" class=\"pt-cv-thumbnail\" alt=\"\" \/><\/a><\/div>\n<div class=\"pt-cv-overlay-wrapper\"><div class=\"pt-cv-taxoterm above_title\"><a href='https:\/\/garageblogec.com\/?cat=27' title='Industria Nacional' class='pt-cv-tax-industria-nacional'>Industria Nacional<\/a><\/div><h4 class=\"pt-cv-title\"><a href=\"https:\/\/garageblogec.com\/?p=3280\" class=\"_self\" target=\"_self\" >Movilidad como inversi\u00f3n: el uso de utilidades que crece en Ecuador<\/a><\/h4><div class=\"pt-cv-meta-fields\"><span class=\"entry-date\"> <time datetime=\"2026-04-07T19:55:36+00:00\">abril 7, 2026<\/time><\/span><span> \/ <\/span><span class=\"author\"> <a href=\"https:\/\/garageblogec.com\/?author=6\" rel=\"author\">gabi1212<\/a><\/span><\/div><\/div><\/div>\n<div class=\" pt-cv-content-item pt-cv-1-col\" ><div class=\"pt-cv-thumb-wrapper  \"><a href=\"https:\/\/garageblogec.com\/?p=3276\" class=\"_self pt-cv-href-thumbnail pt-cv-thumb-default\" target=\"_self\" ><img loading=\"lazy\" decoding=\"async\" width=\"745\" height=\"491\" src=\"https:\/\/garageblogec.com\/wp-content\/uploads\/2026\/04\/TT.png\" class=\"pt-cv-thumbnail\" alt=\"\" \/><\/a><\/div>\n<div class=\"pt-cv-overlay-wrapper\"><div class=\"pt-cv-taxoterm above_title\"><a href='https:\/\/garageblogec.com\/?cat=27' title='Industria Nacional' class='pt-cv-tax-industria-nacional'>Industria Nacional<\/a><\/div><h4 class=\"pt-cv-title\"><a href=\"https:\/\/garageblogec.com\/?p=3276\" class=\"_self\" target=\"_self\" >Lluvias en Ecuador: C\u00f3mo reducir riesgos en carretera y prevenir accidentes en calzada mojada<\/a><\/h4><div class=\"pt-cv-meta-fields\"><span class=\"entry-date\"> <time datetime=\"2026-04-07T19:46:52+00:00\">abril 7, 2026<\/time><\/span><span> \/ <\/span><span class=\"author\"> <a href=\"https:\/\/garageblogec.com\/?author=6\" rel=\"author\">gabi1212<\/a><\/span><\/div><\/div><\/div><\/div><\/div> <\/div> <style>\n#pt-cv-view-k9oy8xel .pt-cv-thumb-wrapper::before {background: rgba(0,0,0,.4); opacity: 0.8;}#pt-cv-view-k9oy8xel .pt-cv-overlay-wrapper {justify-content: center;}\n#pt-cv-view-k9oy8xel .pt-cv-meta-fields {  }#pt-cv-view-k9oy8xel .pt-cv-meta-fields * { font-size: 13px; }#pt-cv-view-k9oy8xel .pt-cv-title a { display: block; }#pt-cv-view-k9oy8xel .pt-cv-title:not(.pt-cv-titlesm) a { font-weight: 600;text-decoration: none;font-size: 20px; }#pt-cv-view-k9oy8xel .pt-cv-titlesm a { font-weight: 600;font-size: 18px; }#pt-cv-view-k9oy8xel .pt-cv-content { font-size: 15px; }#pt-cv-view-k9oy8xel .pt-cv-rmwrap {  }#pt-cv-view-k9oy8xel .pt-cv-readmore { color: #fff;background-color: #0075ff;font-size: 14px; }#pt-cv-view-k9oy8xel .pt-cv-taxoterm { margin: 0px 0px 20px 0px; }#pt-cv-view-k9oy8xel .pt-cv-taxoterm * { color: #222;background-color: #fff6f6;font-size: 14px; }#pt-cv-view-k9oy8xel + .pt-cv-pagination-wrapper {  }#pt-cv-view-k9oy8xel + .pt-cv-pagination-wrapper a { font-size: 14px; }#pt-cv-view-k9oy8xel > .pt-cv-page {grid-template-columns: repeat(3, 1fr);grid-auto-rows: 250px;grid-gap: 10px;}\n@media all and (max-width: 1024px) { \n#pt-cv-view-k9oy8xel > .pt-cv-page {}\n} \n@media all and (max-width: 767px) { \n#pt-cv-view-k9oy8xel > .pt-cv-page {grid-template-columns: repeat(1, 1fr);}\n} <\/style>","protected":false},"excerpt":{"rendered":"<p>Junto con una versi\u00f3n actualizada del concepto radical Saloon del a\u00f1o pasado, Honda present\u00f3 el SUV Serie 0 en el CES 2025<\/p>\n","protected":false},"author":6,"featured_media":1428,"comment_status":"open","ping_status":"open","sticky":false,"template":"","format":"standard","meta":{"_jetpack_memberships_contains_paid_content":false,"footnotes":""},"categories":[27],"tags":[],"class_list":["post-1427","post","type-post","status-publish","format-standard","has-post-thumbnail","hentry","category-industria-nacional"],"yoast_head":"<!-- This site is optimized with the Yoast SEO plugin v27.4 - https:\/\/yoast.com\/product\/yoast-seo-wordpress\/ -->\n<title>El sed\u00e1n el\u00e9ctrico 0 de Honda parece un sed\u00e1n Lamborghini Gallardo del futuro - Garage Blog Ecuador<\/title>\n<meta name=\"robots\" content=\"index, follow, max-snippet:-1, max-image-preview:large, max-video-preview:-1\" \/>\n<link rel=\"canonical\" href=\"https:\/\/garageblogec.com\/?p=1427\" \/>\n<meta property=\"og:locale\" content=\"es_ES\" \/>\n<meta property=\"og:type\" content=\"article\" \/>\n<meta property=\"og:title\" content=\"El sed\u00e1n el\u00e9ctrico 0 de Honda parece un sed\u00e1n Lamborghini Gallardo del futuro - Garage Blog Ecuador\" \/>\n<meta property=\"og:description\" content=\"Junto con una versi\u00f3n actualizada del concepto radical Saloon del a\u00f1o pasado, Honda present\u00f3 el SUV Serie 0 en el CES 2025\" \/>\n<meta property=\"og:url\" content=\"https:\/\/garageblogec.com\/?p=1427\" \/>\n<meta property=\"og:site_name\" content=\"Garage Blog Ecuador\" \/>\n<meta property=\"article:published_time\" content=\"2025-01-08T14:59:40+00:00\" \/>\n<meta property=\"article:modified_time\" content=\"2025-01-08T14:59:43+00:00\" \/>\n<meta property=\"og:image\" content=\"https:\/\/garageblogec.com\/wp-content\/uploads\/2025\/01\/Captura-2.png\" \/>\n\t<meta property=\"og:image:width\" content=\"882\" \/>\n\t<meta property=\"og:image:height\" content=\"487\" \/>\n\t<meta property=\"og:image:type\" content=\"image\/png\" \/>\n<meta name=\"author\" content=\"gabi1212\" \/>\n<meta name=\"twitter:card\" content=\"summary_large_image\" \/>\n<meta name=\"twitter:label1\" content=\"Escrito por\" \/>\n\t<meta name=\"twitter:data1\" content=\"gabi1212\" \/>\n\t<meta name=\"twitter:label2\" content=\"Tiempo de lectura\" \/>\n\t<meta name=\"twitter:data2\" content=\"7 minutos\" \/>\n<script type=\"application\/ld+json\" class=\"yoast-schema-graph\">{\"@context\":\"https:\\\/\\\/schema.org\",\"@graph\":[{\"@type\":\"Article\",\"@id\":\"https:\\\/\\\/garageblogec.com\\\/?p=1427#article\",\"isPartOf\":{\"@id\":\"https:\\\/\\\/garageblogec.com\\\/?p=1427\"},\"author\":{\"name\":\"gabi1212\",\"@id\":\"https:\\\/\\\/garageblogec.com\\\/#\\\/schema\\\/person\\\/635f4b76c0cb3e43b82fe6f7d8bcceea\"},\"headline\":\"El sed\u00e1n el\u00e9ctrico 0 de Honda parece un sed\u00e1n Lamborghini Gallardo del futuro\",\"datePublished\":\"2025-01-08T14:59:40+00:00\",\"dateModified\":\"2025-01-08T14:59:43+00:00\",\"mainEntityOfPage\":{\"@id\":\"https:\\\/\\\/garageblogec.com\\\/?p=1427\"},\"wordCount\":1202,\"commentCount\":0,\"publisher\":{\"@id\":\"https:\\\/\\\/garageblogec.com\\\/#organization\"},\"image\":{\"@id\":\"https:\\\/\\\/garageblogec.com\\\/?p=1427#primaryimage\"},\"thumbnailUrl\":\"https:\\\/\\\/garageblogec.com\\\/wp-content\\\/uploads\\\/2025\\\/01\\\/Captura-2.png\",\"articleSection\":[\"Industria Nacional\"],\"inLanguage\":\"es\",\"potentialAction\":[{\"@type\":\"CommentAction\",\"name\":\"Comment\",\"target\":[\"https:\\\/\\\/garageblogec.com\\\/?p=1427#respond\"]}]},{\"@type\":\"WebPage\",\"@id\":\"https:\\\/\\\/garageblogec.com\\\/?p=1427\",\"url\":\"https:\\\/\\\/garageblogec.com\\\/?p=1427\",\"name\":\"El sed\u00e1n el\u00e9ctrico 0 de Honda parece un sed\u00e1n Lamborghini Gallardo del futuro - Garage Blog Ecuador\",\"isPartOf\":{\"@id\":\"https:\\\/\\\/garageblogec.com\\\/#website\"},\"primaryImageOfPage\":{\"@id\":\"https:\\\/\\\/garageblogec.com\\\/?p=1427#primaryimage\"},\"image\":{\"@id\":\"https:\\\/\\\/garageblogec.com\\\/?p=1427#primaryimage\"},\"thumbnailUrl\":\"https:\\\/\\\/garageblogec.com\\\/wp-content\\\/uploads\\\/2025\\\/01\\\/Captura-2.png\",\"datePublished\":\"2025-01-08T14:59:40+00:00\",\"dateModified\":\"2025-01-08T14:59:43+00:00\",\"breadcrumb\":{\"@id\":\"https:\\\/\\\/garageblogec.com\\\/?p=1427#breadcrumb\"},\"inLanguage\":\"es\",\"potentialAction\":[{\"@type\":\"ReadAction\",\"target\":[\"https:\\\/\\\/garageblogec.com\\\/?p=1427\"]}]},{\"@type\":\"ImageObject\",\"inLanguage\":\"es\",\"@id\":\"https:\\\/\\\/garageblogec.com\\\/?p=1427#primaryimage\",\"url\":\"https:\\\/\\\/garageblogec.com\\\/wp-content\\\/uploads\\\/2025\\\/01\\\/Captura-2.png\",\"contentUrl\":\"https:\\\/\\\/garageblogec.com\\\/wp-content\\\/uploads\\\/2025\\\/01\\\/Captura-2.png\",\"width\":882,\"height\":487},{\"@type\":\"BreadcrumbList\",\"@id\":\"https:\\\/\\\/garageblogec.com\\\/?p=1427#breadcrumb\",\"itemListElement\":[{\"@type\":\"ListItem\",\"position\":1,\"name\":\"Portada\",\"item\":\"https:\\\/\\\/garageblogec.com\\\/\"},{\"@type\":\"ListItem\",\"position\":2,\"name\":\"El sed\u00e1n el\u00e9ctrico 0 de Honda parece un sed\u00e1n Lamborghini Gallardo del futuro\"}]},{\"@type\":\"WebSite\",\"@id\":\"https:\\\/\\\/garageblogec.com\\\/#website\",\"url\":\"https:\\\/\\\/garageblogec.com\\\/\",\"name\":\"Garage Blog Ecuador\",\"description\":\"Alucinamos por los autos \",\"publisher\":{\"@id\":\"https:\\\/\\\/garageblogec.com\\\/#organization\"},\"potentialAction\":[{\"@type\":\"SearchAction\",\"target\":{\"@type\":\"EntryPoint\",\"urlTemplate\":\"https:\\\/\\\/garageblogec.com\\\/?s={search_term_string}\"},\"query-input\":{\"@type\":\"PropertyValueSpecification\",\"valueRequired\":true,\"valueName\":\"search_term_string\"}}],\"inLanguage\":\"es\"},{\"@type\":\"Organization\",\"@id\":\"https:\\\/\\\/garageblogec.com\\\/#organization\",\"name\":\"Garage Blog Ecuador\",\"url\":\"https:\\\/\\\/garageblogec.com\\\/\",\"logo\":{\"@type\":\"ImageObject\",\"inLanguage\":\"es\",\"@id\":\"https:\\\/\\\/garageblogec.com\\\/#\\\/schema\\\/logo\\\/image\\\/\",\"url\":\"https:\\\/\\\/garageblogec.com\\\/wp-content\\\/uploads\\\/2024\\\/02\\\/cropped-logo-png-para-blog.webp\",\"contentUrl\":\"https:\\\/\\\/garageblogec.com\\\/wp-content\\\/uploads\\\/2024\\\/02\\\/cropped-logo-png-para-blog.webp\",\"width\":840,\"height\":556,\"caption\":\"Garage Blog Ecuador \"},\"image\":{\"@id\":\"https:\\\/\\\/garageblogec.com\\\/#\\\/schema\\\/logo\\\/image\\\/\"}},{\"@type\":\"Person\",\"@id\":\"https:\\\/\\\/garageblogec.com\\\/#\\\/schema\\\/person\\\/635f4b76c0cb3e43b82fe6f7d8bcceea\",\"name\":\"gabi1212\",\"image\":{\"@type\":\"ImageObject\",\"inLanguage\":\"es\",\"@id\":\"https:\\\/\\\/secure.gravatar.com\\\/avatar\\\/6aa491f45cb359d4d6dd8c430e83f78899c80569c27d21156e19bbdcd31d1811?s=96&d=mm&r=g\",\"url\":\"https:\\\/\\\/secure.gravatar.com\\\/avatar\\\/6aa491f45cb359d4d6dd8c430e83f78899c80569c27d21156e19bbdcd31d1811?s=96&d=mm&r=g\",\"contentUrl\":\"https:\\\/\\\/secure.gravatar.com\\\/avatar\\\/6aa491f45cb359d4d6dd8c430e83f78899c80569c27d21156e19bbdcd31d1811?s=96&d=mm&r=g\",\"caption\":\"gabi1212\"},\"url\":\"https:\\\/\\\/garageblogec.com\\\/?author=6\"}]}<\/script>\n<!-- \/ Yoast SEO plugin. -->","yoast_head_json":{"title":"El sed\u00e1n el\u00e9ctrico 0 de Honda parece un sed\u00e1n Lamborghini Gallardo del futuro - Garage Blog Ecuador","robots":{"index":"index","follow":"follow","max-snippet":"max-snippet:-1","max-image-preview":"max-image-preview:large","max-video-preview":"max-video-preview:-1"},"canonical":"https:\/\/garageblogec.com\/?p=1427","og_locale":"es_ES","og_type":"article","og_title":"El sed\u00e1n el\u00e9ctrico 0 de Honda parece un sed\u00e1n Lamborghini Gallardo del futuro - Garage Blog Ecuador","og_description":"Junto con una versi\u00f3n actualizada del concepto radical Saloon del a\u00f1o pasado, Honda present\u00f3 el SUV Serie 0 en el CES 2025","og_url":"https:\/\/garageblogec.com\/?p=1427","og_site_name":"Garage Blog Ecuador","article_published_time":"2025-01-08T14:59:40+00:00","article_modified_time":"2025-01-08T14:59:43+00:00","og_image":[{"width":882,"height":487,"url":"https:\/\/garageblogec.com\/wp-content\/uploads\/2025\/01\/Captura-2.png","type":"image\/png"}],"author":"gabi1212","twitter_card":"summary_large_image","twitter_misc":{"Escrito por":"gabi1212","Tiempo de lectura":"7 minutos"},"schema":{"@context":"https:\/\/schema.org","@graph":[{"@type":"Article","@id":"https:\/\/garageblogec.com\/?p=1427#article","isPartOf":{"@id":"https:\/\/garageblogec.com\/?p=1427"},"author":{"name":"gabi1212","@id":"https:\/\/garageblogec.com\/#\/schema\/person\/635f4b76c0cb3e43b82fe6f7d8bcceea"},"headline":"El sed\u00e1n el\u00e9ctrico 0 de Honda parece un sed\u00e1n Lamborghini Gallardo del futuro","datePublished":"2025-01-08T14:59:40+00:00","dateModified":"2025-01-08T14:59:43+00:00","mainEntityOfPage":{"@id":"https:\/\/garageblogec.com\/?p=1427"},"wordCount":1202,"commentCount":0,"publisher":{"@id":"https:\/\/garageblogec.com\/#organization"},"image":{"@id":"https:\/\/garageblogec.com\/?p=1427#primaryimage"},"thumbnailUrl":"https:\/\/garageblogec.com\/wp-content\/uploads\/2025\/01\/Captura-2.png","articleSection":["Industria Nacional"],"inLanguage":"es","potentialAction":[{"@type":"CommentAction","name":"Comment","target":["https:\/\/garageblogec.com\/?p=1427#respond"]}]},{"@type":"WebPage","@id":"https:\/\/garageblogec.com\/?p=1427","url":"https:\/\/garageblogec.com\/?p=1427","name":"El sed\u00e1n el\u00e9ctrico 0 de Honda parece un sed\u00e1n Lamborghini Gallardo del futuro - Garage Blog Ecuador","isPartOf":{"@id":"https:\/\/garageblogec.com\/#website"},"primaryImageOfPage":{"@id":"https:\/\/garageblogec.com\/?p=1427#primaryimage"},"image":{"@id":"https:\/\/garageblogec.com\/?p=1427#primaryimage"},"thumbnailUrl":"https:\/\/garageblogec.com\/wp-content\/uploads\/2025\/01\/Captura-2.png","datePublished":"2025-01-08T14:59:40+00:00","dateModified":"2025-01-08T14:59:43+00:00","breadcrumb":{"@id":"https:\/\/garageblogec.com\/?p=1427#breadcrumb"},"inLanguage":"es","potentialAction":[{"@type":"ReadAction","target":["https:\/\/garageblogec.com\/?p=1427"]}]},{"@type":"ImageObject","inLanguage":"es","@id":"https:\/\/garageblogec.com\/?p=1427#primaryimage","url":"https:\/\/garageblogec.com\/wp-content\/uploads\/2025\/01\/Captura-2.png","contentUrl":"https:\/\/garageblogec.com\/wp-content\/uploads\/2025\/01\/Captura-2.png","width":882,"height":487},{"@type":"BreadcrumbList","@id":"https:\/\/garageblogec.com\/?p=1427#breadcrumb","itemListElement":[{"@type":"ListItem","position":1,"name":"Portada","item":"https:\/\/garageblogec.com\/"},{"@type":"ListItem","position":2,"name":"El sed\u00e1n el\u00e9ctrico 0 de Honda parece un sed\u00e1n Lamborghini Gallardo del futuro"}]},{"@type":"WebSite","@id":"https:\/\/garageblogec.com\/#website","url":"https:\/\/garageblogec.com\/","name":"Garage Blog Ecuador","description":"Alucinamos por los autos ","publisher":{"@id":"https:\/\/garageblogec.com\/#organization"},"potentialAction":[{"@type":"SearchAction","target":{"@type":"EntryPoint","urlTemplate":"https:\/\/garageblogec.com\/?s={search_term_string}"},"query-input":{"@type":"PropertyValueSpecification","valueRequired":true,"valueName":"search_term_string"}}],"inLanguage":"es"},{"@type":"Organization","@id":"https:\/\/garageblogec.com\/#organization","name":"Garage Blog Ecuador","url":"https:\/\/garageblogec.com\/","logo":{"@type":"ImageObject","inLanguage":"es","@id":"https:\/\/garageblogec.com\/#\/schema\/logo\/image\/","url":"https:\/\/garageblogec.com\/wp-content\/uploads\/2024\/02\/cropped-logo-png-para-blog.webp","contentUrl":"https:\/\/garageblogec.com\/wp-content\/uploads\/2024\/02\/cropped-logo-png-para-blog.webp","width":840,"height":556,"caption":"Garage Blog Ecuador "},"image":{"@id":"https:\/\/garageblogec.com\/#\/schema\/logo\/image\/"}},{"@type":"Person","@id":"https:\/\/garageblogec.com\/#\/schema\/person\/635f4b76c0cb3e43b82fe6f7d8bcceea","name":"gabi1212","image":{"@type":"ImageObject","inLanguage":"es","@id":"https:\/\/secure.gravatar.com\/avatar\/6aa491f45cb359d4d6dd8c430e83f78899c80569c27d21156e19bbdcd31d1811?s=96&d=mm&r=g","url":"https:\/\/secure.gravatar.com\/avatar\/6aa491f45cb359d4d6dd8c430e83f78899c80569c27d21156e19bbdcd31d1811?s=96&d=mm&r=g","contentUrl":"https:\/\/secure.gravatar.com\/avatar\/6aa491f45cb359d4d6dd8c430e83f78899c80569c27d21156e19bbdcd31d1811?s=96&d=mm&r=g","caption":"gabi1212"},"url":"https:\/\/garageblogec.com\/?author=6"}]}},"jetpack_featured_media_url":"https:\/\/garageblogec.com\/wp-content\/uploads\/2025\/01\/Captura-2.png","jetpack_sharing_enabled":true,"_links":{"self":[{"href":"https:\/\/garageblogec.com\/index.php?rest_route=\/wp\/v2\/posts\/1427","targetHints":{"allow":["GET"]}}],"collection":[{"href":"https:\/\/garageblogec.com\/index.php?rest_route=\/wp\/v2\/posts"}],"about":[{"href":"https:\/\/garageblogec.com\/index.php?rest_route=\/wp\/v2\/types\/post"}],"author":[{"embeddable":true,"href":"https:\/\/garageblogec.com\/index.php?rest_route=\/wp\/v2\/users\/6"}],"replies":[{"embeddable":true,"href":"https:\/\/garageblogec.com\/index.php?rest_route=%2Fwp%2Fv2%2Fcomments&post=1427"}],"version-history":[{"count":1,"href":"https:\/\/garageblogec.com\/index.php?rest_route=\/wp\/v2\/posts\/1427\/revisions"}],"predecessor-version":[{"id":1429,"href":"https:\/\/garageblogec.com\/index.php?rest_route=\/wp\/v2\/posts\/1427\/revisions\/1429"}],"wp:featuredmedia":[{"embeddable":true,"href":"https:\/\/garageblogec.com\/index.php?rest_route=\/wp\/v2\/media\/1428"}],"wp:attachment":[{"href":"https:\/\/garageblogec.com\/index.php?rest_route=%2Fwp%2Fv2%2Fmedia&parent=1427"}],"wp:term":[{"taxonomy":"category","embeddable":true,"href":"https:\/\/garageblogec.com\/index.php?rest_route=%2Fwp%2Fv2%2Fcategories&post=1427"},{"taxonomy":"post_tag","embeddable":true,"href":"https:\/\/garageblogec.com\/index.php?rest_route=%2Fwp%2Fv2%2Ftags&post=1427"}],"curies":[{"name":"wp","href":"https:\/\/api.w.org\/{rel}","templated":true}]}}