{"id":1424,"date":"2025-01-07T19:25:47","date_gmt":"2025-01-07T19:25:47","guid":{"rendered":"https:\/\/garageblogec.com\/?p=1424"},"modified":"2025-01-07T19:25:50","modified_gmt":"2025-01-07T19:25:50","slug":"el-primer-vehiculo-electrico-exclusivo-de-mazda-se-fabricara-en-japon-con-baterias-panasonic","status":"publish","type":"post","link":"https:\/\/garageblogec.com\/?p=1424","title":{"rendered":"El primer veh\u00edculo el\u00e9ctrico exclusivo de Mazda se fabricar\u00e1 en Jap\u00f3n con bater\u00edas Panasonic"},"content":{"rendered":"\n<p>Puede que a Mazda\u00a0le vaya bien sin un veh\u00edculo el\u00e9ctrico dedicado, pero el fabricante de autom\u00f3viles japon\u00e9s est\u00e1 intensificando sus esfuerzos de electrificaci\u00f3n a lo grande. <\/p>\n\n\n\n<figure class=\"wp-block-image size-large\"><img decoding=\"async\" src=\"https:\/\/www.carscoops.com\/wp-content\/uploads\/webp\/2025\/01\/Mazda-main-1536x863.webp\" alt=\"\"\/><\/figure>\n\n\n\n<p>Ha anunciado planes para construir una nueva planta de fabricaci\u00f3n en Jap\u00f3n enfocada exclusivamente en la producci\u00f3n de bater\u00edas para veh\u00edculos el\u00e9ctricos que impulsar\u00e1n su primer modelo en una plataforma de veh\u00edculos el\u00e9ctricos. Este movimiento representa un gran paso adelante en su estrategia de electrificaci\u00f3n, ya que la f\u00e1brica est\u00e1 preparada para suministrar m\u00f3dulos de bater\u00eda para el primer veh\u00edculo el\u00e9ctrico de la compa\u00f1\u00eda dise\u00f1ado en una plataforma de veh\u00edculo el\u00e9ctrico dedicada.<\/p>\n\n\n\n<figure class=\"wp-block-image size-large\"><a href=\"https:\/\/www.kia.com\/ec\/showroom\/sonet\/features.html\"><img fetchpriority=\"high\" decoding=\"async\" width=\"1024\" height=\"284\" src=\"https:\/\/garageblogec.com\/wp-content\/uploads\/2024\/12\/1080x300-1024x284.jpg\" alt=\"\" class=\"wp-image-1360\" srcset=\"https:\/\/garageblogec.com\/wp-content\/uploads\/2024\/12\/1080x300-1024x284.jpg 1024w, https:\/\/garageblogec.com\/wp-content\/uploads\/2024\/12\/1080x300-300x83.jpg 300w, https:\/\/garageblogec.com\/wp-content\/uploads\/2024\/12\/1080x300-768x213.jpg 768w, https:\/\/garageblogec.com\/wp-content\/uploads\/2024\/12\/1080x300.jpg 1080w\" sizes=\"(max-width: 1024px) 100vw, 1024px\" \/><\/a><\/figure>\n\n\n\n<p>La planta estar\u00e1 ubicada en la ciudad de Iwakuni, en la prefectura de Yamaguchi, Jap\u00f3n, y contar\u00e1 con Panasonic Energy como principal proveedor de sus m\u00f3dulos\u00a0de bater\u00edas\u00a0cil\u00edndricas . Una vez que est\u00e9 operativa, se espera que la f\u00e1brica produzca suficientes paquetes de bater\u00edas para alcanzar una capacidad de producci\u00f3n anual de 10 GWh.<\/p>\n\n\n\n<p>Las bater\u00edas cil\u00edndricas se utilizar\u00e1n en un nuevo modelo que se base en la primera arquitectura de Mazda dedicada a los veh\u00edculos el\u00e9ctricos. La empresa no ha fijado una fecha para el debut del veh\u00edculo el\u00e9ctrico y no ha revelado ning\u00fan detalle t\u00e9cnico. Los comentarios anteriores del director ejecutivo, Masahiro Moro, sugieren que el desarrollo interno de la arquitectura de veh\u00edculos el\u00e9ctricos se completar\u00e1 en 2027.<\/p>\n\n\n\n<p>Mazda promete que esta nueva base ofrecer\u00e1 veh\u00edculos el\u00e9ctricos con \u201cdise\u00f1o avanzado, comodidad superior y autonom\u00edas de conducci\u00f3n extendidas\u201d.<\/p>\n\n\n\n<figure class=\"wp-block-image size-large\"><img decoding=\"async\" src=\"https:\/\/www.carscoops.com\/wp-content\/uploads\/webp\/2024\/05\/Mazda-EZ-6-1536x864.webp\" alt=\"\"\/><\/figure>\n\n\n\n<p>Mientras tanto, Mazda no se queda de brazos cruzados en el espacio de los veh\u00edculos el\u00e9ctricos. El fabricante de autom\u00f3viles ya ofrece modelos totalmente el\u00e9ctricos, incluido el crossover\u00a0Mazda MX-30\u00a0, que se lanz\u00f3 por primera vez en 2019 (aunque desde entonces se ha descontinuado en Am\u00e9rica del Norte). Construido sobre una versi\u00f3n modificada de la plataforma SkyActiv, dise\u00f1ada originalmente para modelos con motor de combusti\u00f3n, el MX-30 representa los primeros pasos de Mazda en la electrificaci\u00f3n.<\/p>\n\n\n\n<p>M\u00e1s recientemente, Mazda lanz\u00f3 el EZ-6 en China, disponible tanto en variantes totalmente el\u00e9ctricas como con autonom\u00eda extendida. El sed\u00e1n mediano est\u00e1 construido sobre bases de origen Changan, que comparte con el Deepal\/Shenlan SL03. Se espera el mismo enfoque de plataforma compartida para la\u00a0versi\u00f3n de producci\u00f3n del Mazda Arata EV Concept\u00a0, previsto para 2025 como hermano del SUV Deepal SL07.<\/p>\n\n\n\n<figure class=\"wp-block-image size-large\"><img decoding=\"async\" src=\"https:\/\/www.carscoops.com\/wp-content\/uploads\/webp\/2023\/10\/2023-Mazda-MX-30-EV-Charging-1536x864.webp\" alt=\"\"\/><\/figure>\n\n\n\n<p>De cara al futuro, Mazda se est\u00e1 adentrando en una gama de tecnolog\u00edas de bater\u00edas m\u00e1s all\u00e1 de los m\u00f3dulos fabricados por Panasonic para sus veh\u00edculos el\u00e9ctricos. El fabricante de autom\u00f3viles est\u00e1 desarrollando internamente bater\u00edas de iones de litio de alta densidad para incorporarlas a\u00a0los PHEV\u00a0y los veh\u00edculos el\u00e9ctricos en 2030. Por \u00faltimo, pero no por ello menos importante, el director ejecutivo de Mazda ha revelado que tambi\u00e9n est\u00e1n construyendo una \u00abbase de investigaci\u00f3n muy avanzada\u00bb para la tecnolog\u00eda de bater\u00edas de estado s\u00f3lido.<\/p>\n\n\n<div class='pt-cv-wrapper'> <h3 class='pt-cv-heading-container heading1' data-blockid='wtp3sr8o'><span class='pt-cv-heading'> Overlay1 <\/span><\/h3><div class=\"pt-cv-view pt-cv-overlaygrid iscvblock iscvreal overlay1 layout1\" id=\"pt-cv-view-wtp3sr8o\"><div data-id=\"pt-cv-page-1\" class=\"pt-cv-page\" data-cvc=\"3\"><div class=\" pt-cv-content-item pt-cv-1-col\" ><div class=\"pt-cv-thumb-wrapper  \"><a href=\"https:\/\/garageblogec.com\/?p=3303\" class=\"_self pt-cv-href-thumbnail pt-cv-thumb-default\" target=\"_self\" ><img decoding=\"async\" width=\"768\" height=\"432\" src=\"https:\/\/garageblogec.com\/wp-content\/uploads\/2026\/04\/WhatsApp-Image-2026-04-21-at-1.52.53-PM-768x432.jpeg\" class=\"pt-cv-thumbnail\" alt=\"\" \/><\/a><\/div>\n<div class=\"pt-cv-overlay-wrapper\"><div class=\"pt-cv-taxoterm above_title\"><a href='https:\/\/garageblogec.com\/?cat=27' title='Industria Nacional' class='pt-cv-tax-industria-nacional'>Industria Nacional<\/a><\/div><h4 class=\"pt-cv-title\"><a href=\"https:\/\/garageblogec.com\/?p=3303\" class=\"_self\" target=\"_self\" >Grupo Ambacar presenta en Guayaquil KGM, su nueva marca de SUV h\u00edbridos con respaldo global<\/a><\/h4><div class=\"pt-cv-meta-fields\"><span class=\"entry-date\"> <time datetime=\"2026-04-21T21:37:24+00:00\">abril 21, 2026<\/time><\/span><span> \/ <\/span><span class=\"author\"> <a href=\"https:\/\/garageblogec.com\/?author=6\" rel=\"author\">gabi1212<\/a><\/span><\/div><\/div><\/div>\n<div class=\" pt-cv-content-item pt-cv-1-col\" ><div class=\"pt-cv-thumb-wrapper  \"><a href=\"https:\/\/garageblogec.com\/?p=3296\" class=\"_self pt-cv-href-thumbnail pt-cv-thumb-default\" target=\"_self\" ><img decoding=\"async\" width=\"768\" height=\"432\" src=\"https:\/\/garageblogec.com\/wp-content\/uploads\/2026\/04\/WhatsApp-Image-2026-04-14-at-3.15.09-PM-768x432.jpeg\" class=\"pt-cv-thumbnail\" alt=\"\" \/><\/a><\/div>\n<div class=\"pt-cv-overlay-wrapper\"><div class=\"pt-cv-taxoterm above_title\"><a href='https:\/\/garageblogec.com\/?cat=27' title='Industria Nacional' class='pt-cv-tax-industria-nacional'>Industria Nacional<\/a><\/div><h4 class=\"pt-cv-title\"><a href=\"https:\/\/garageblogec.com\/?p=3296\" class=\"_self\" target=\"_self\" >El tablero desapareci\u00f3, ahora el auto es una pantalla inteligente<\/a><\/h4><div class=\"pt-cv-meta-fields\"><span class=\"entry-date\"> <time datetime=\"2026-04-14T20:21:20+00:00\">abril 14, 2026<\/time><\/span><span> \/ <\/span><span class=\"author\"> <a href=\"https:\/\/garageblogec.com\/?author=6\" rel=\"author\">gabi1212<\/a><\/span><\/div><\/div><\/div>\n<div class=\" pt-cv-content-item pt-cv-1-col\" ><div class=\"pt-cv-thumb-wrapper  \"><a href=\"https:\/\/garageblogec.com\/?p=3291\" class=\"_self pt-cv-href-thumbnail pt-cv-thumb-default\" target=\"_self\" ><img loading=\"lazy\" decoding=\"async\" width=\"768\" height=\"432\" src=\"https:\/\/garageblogec.com\/wp-content\/uploads\/2026\/04\/WhatsApp-Image-2026-04-14-at-2.21.27-PM-768x432.jpeg\" class=\"pt-cv-thumbnail\" alt=\"\" \/><\/a><\/div>\n<div class=\"pt-cv-overlay-wrapper\"><div class=\"pt-cv-taxoterm above_title\"><a href='https:\/\/garageblogec.com\/?cat=27' title='Industria Nacional' class='pt-cv-tax-industria-nacional'>Industria Nacional<\/a><\/div><h4 class=\"pt-cv-title\"><a href=\"https:\/\/garageblogec.com\/?p=3291\" class=\"_self\" target=\"_self\" >Seguridad al volante en Ecuador: los errores m\u00e1s comunes que cometen los conductores<\/a><\/h4><div class=\"pt-cv-meta-fields\"><span class=\"entry-date\"> <time datetime=\"2026-04-14T20:08:54+00:00\">abril 14, 2026<\/time><\/span><span> \/ <\/span><span class=\"author\"> <a href=\"https:\/\/garageblogec.com\/?author=6\" rel=\"author\">gabi1212<\/a><\/span><\/div><\/div><\/div>\n<div class=\" pt-cv-content-item pt-cv-1-col\" ><div class=\"pt-cv-thumb-wrapper  \"><a href=\"https:\/\/garageblogec.com\/?p=3286\" class=\"_self pt-cv-href-thumbnail pt-cv-thumb-default\" target=\"_self\" ><img loading=\"lazy\" decoding=\"async\" width=\"768\" height=\"492\" src=\"https:\/\/garageblogec.com\/wp-content\/uploads\/2026\/04\/Posventa.jpg-768x492.jpeg\" class=\"pt-cv-thumbnail\" alt=\"\" \/><\/a><\/div>\n<div class=\"pt-cv-overlay-wrapper\"><div class=\"pt-cv-taxoterm above_title\"><a href='https:\/\/garageblogec.com\/?cat=27' title='Industria Nacional' class='pt-cv-tax-industria-nacional'>Industria Nacional<\/a><\/div><h4 class=\"pt-cv-title\"><a href=\"https:\/\/garageblogec.com\/?p=3286\" class=\"_self\" target=\"_self\" >Clientes Nissan reciben cambios de aceite infinitos<\/a><\/h4><div class=\"pt-cv-meta-fields\"><span class=\"entry-date\"> <time datetime=\"2026-04-14T20:04:08+00:00\">abril 14, 2026<\/time><\/span><span> \/ <\/span><span class=\"author\"> <a href=\"https:\/\/garageblogec.com\/?author=6\" rel=\"author\">gabi1212<\/a><\/span><\/div><\/div><\/div>\n<div class=\" pt-cv-content-item pt-cv-1-col\" ><div class=\"pt-cv-thumb-wrapper  \"><a href=\"https:\/\/garageblogec.com\/?p=3280\" class=\"_self pt-cv-href-thumbnail pt-cv-thumb-default\" target=\"_self\" ><img loading=\"lazy\" decoding=\"async\" width=\"768\" height=\"512\" src=\"https:\/\/garageblogec.com\/wp-content\/uploads\/2026\/04\/foto1-768x512.jpeg\" class=\"pt-cv-thumbnail\" alt=\"\" \/><\/a><\/div>\n<div class=\"pt-cv-overlay-wrapper\"><div class=\"pt-cv-taxoterm above_title\"><a href='https:\/\/garageblogec.com\/?cat=27' title='Industria Nacional' class='pt-cv-tax-industria-nacional'>Industria Nacional<\/a><\/div><h4 class=\"pt-cv-title\"><a href=\"https:\/\/garageblogec.com\/?p=3280\" class=\"_self\" target=\"_self\" >Movilidad como inversi\u00f3n: el uso de utilidades que crece en Ecuador<\/a><\/h4><div class=\"pt-cv-meta-fields\"><span class=\"entry-date\"> <time datetime=\"2026-04-07T19:55:36+00:00\">abril 7, 2026<\/time><\/span><span> \/ <\/span><span class=\"author\"> <a href=\"https:\/\/garageblogec.com\/?author=6\" rel=\"author\">gabi1212<\/a><\/span><\/div><\/div><\/div>\n<div class=\" pt-cv-content-item pt-cv-1-col\" ><div class=\"pt-cv-thumb-wrapper  \"><a href=\"https:\/\/garageblogec.com\/?p=3276\" class=\"_self pt-cv-href-thumbnail pt-cv-thumb-default\" target=\"_self\" ><img loading=\"lazy\" decoding=\"async\" width=\"745\" height=\"491\" src=\"https:\/\/garageblogec.com\/wp-content\/uploads\/2026\/04\/TT.png\" class=\"pt-cv-thumbnail\" alt=\"\" \/><\/a><\/div>\n<div class=\"pt-cv-overlay-wrapper\"><div class=\"pt-cv-taxoterm above_title\"><a href='https:\/\/garageblogec.com\/?cat=27' title='Industria Nacional' class='pt-cv-tax-industria-nacional'>Industria Nacional<\/a><\/div><h4 class=\"pt-cv-title\"><a href=\"https:\/\/garageblogec.com\/?p=3276\" class=\"_self\" target=\"_self\" >Lluvias en Ecuador: C\u00f3mo reducir riesgos en carretera y prevenir accidentes en calzada mojada<\/a><\/h4><div class=\"pt-cv-meta-fields\"><span class=\"entry-date\"> <time datetime=\"2026-04-07T19:46:52+00:00\">abril 7, 2026<\/time><\/span><span> \/ <\/span><span class=\"author\"> <a href=\"https:\/\/garageblogec.com\/?author=6\" rel=\"author\">gabi1212<\/a><\/span><\/div><\/div><\/div><\/div><\/div> <\/div> <style>\n#pt-cv-view-wtp3sr8o .pt-cv-thumb-wrapper::before {background: rgba(0,0,0,.4); opacity: 0.8;}#pt-cv-view-wtp3sr8o .pt-cv-overlay-wrapper {justify-content: center;}\n#pt-cv-view-wtp3sr8o .pt-cv-meta-fields {  }#pt-cv-view-wtp3sr8o .pt-cv-meta-fields * { font-size: 13px; }#pt-cv-view-wtp3sr8o .pt-cv-title a { display: block; }#pt-cv-view-wtp3sr8o .pt-cv-title:not(.pt-cv-titlesm) a { font-weight: 600;text-decoration: none;font-size: 20px; }#pt-cv-view-wtp3sr8o .pt-cv-titlesm a { font-weight: 600;font-size: 18px; }#pt-cv-view-wtp3sr8o .pt-cv-content { font-size: 15px; }#pt-cv-view-wtp3sr8o .pt-cv-rmwrap {  }#pt-cv-view-wtp3sr8o .pt-cv-readmore { color: #fff;background-color: #0075ff;font-size: 14px; }#pt-cv-view-wtp3sr8o .pt-cv-taxoterm { margin: 0px 0px 20px 0px; }#pt-cv-view-wtp3sr8o .pt-cv-taxoterm * { color: #222;background-color: #fff6f6;font-size: 14px; }#pt-cv-view-wtp3sr8o + .pt-cv-pagination-wrapper {  }#pt-cv-view-wtp3sr8o + .pt-cv-pagination-wrapper a { font-size: 14px; }#pt-cv-view-wtp3sr8o > .pt-cv-page {grid-template-columns: repeat(3, 1fr);grid-auto-rows: 250px;grid-gap: 10px;}\n@media all and (max-width: 1024px) { \n#pt-cv-view-wtp3sr8o > .pt-cv-page {}\n} \n@media all and (max-width: 767px) { \n#pt-cv-view-wtp3sr8o > .pt-cv-page {grid-template-columns: repeat(1, 1fr);}\n} <\/style>","protected":false},"excerpt":{"rendered":"<p>La empresa est\u00e1 construyendo una nueva planta de bater\u00edas en la ciudad de Iwakuni con una capacidad anual de 10 GWh<\/p>\n","protected":false},"author":6,"featured_media":1425,"comment_status":"open","ping_status":"open","sticky":false,"template":"","format":"standard","meta":{"_jetpack_memberships_contains_paid_content":false,"footnotes":""},"categories":[27],"tags":[],"class_list":["post-1424","post","type-post","status-publish","format-standard","has-post-thumbnail","hentry","category-industria-nacional"],"yoast_head":"<!-- This site is optimized with the Yoast SEO plugin v27.4 - https:\/\/yoast.com\/product\/yoast-seo-wordpress\/ -->\n<title>El primer veh\u00edculo el\u00e9ctrico exclusivo de Mazda se fabricar\u00e1 en Jap\u00f3n con bater\u00edas Panasonic - Garage Blog Ecuador<\/title>\n<meta name=\"robots\" content=\"index, follow, max-snippet:-1, max-image-preview:large, max-video-preview:-1\" \/>\n<link rel=\"canonical\" href=\"https:\/\/garageblogec.com\/?p=1424\" \/>\n<meta property=\"og:locale\" content=\"es_ES\" \/>\n<meta property=\"og:type\" content=\"article\" \/>\n<meta property=\"og:title\" content=\"El primer veh\u00edculo el\u00e9ctrico exclusivo de Mazda se fabricar\u00e1 en Jap\u00f3n con bater\u00edas Panasonic - Garage Blog Ecuador\" \/>\n<meta property=\"og:description\" content=\"La empresa est\u00e1 construyendo una nueva planta de bater\u00edas en la ciudad de Iwakuni con una capacidad anual de 10 GWh\" \/>\n<meta property=\"og:url\" content=\"https:\/\/garageblogec.com\/?p=1424\" \/>\n<meta property=\"og:site_name\" content=\"Garage Blog Ecuador\" \/>\n<meta property=\"article:published_time\" content=\"2025-01-07T19:25:47+00:00\" \/>\n<meta property=\"article:modified_time\" content=\"2025-01-07T19:25:50+00:00\" \/>\n<meta property=\"og:image\" content=\"https:\/\/garageblogec.com\/wp-content\/uploads\/2025\/01\/fffff.png\" \/>\n\t<meta property=\"og:image:width\" content=\"877\" \/>\n\t<meta property=\"og:image:height\" content=\"490\" \/>\n\t<meta property=\"og:image:type\" content=\"image\/png\" \/>\n<meta name=\"author\" content=\"gabi1212\" \/>\n<meta name=\"twitter:card\" content=\"summary_large_image\" \/>\n<meta name=\"twitter:label1\" content=\"Escrito por\" \/>\n\t<meta name=\"twitter:data1\" content=\"gabi1212\" \/>\n\t<meta name=\"twitter:label2\" content=\"Tiempo de lectura\" \/>\n\t<meta name=\"twitter:data2\" content=\"4 minutos\" \/>\n<script type=\"application\/ld+json\" class=\"yoast-schema-graph\">{\"@context\":\"https:\\\/\\\/schema.org\",\"@graph\":[{\"@type\":\"Article\",\"@id\":\"https:\\\/\\\/garageblogec.com\\\/?p=1424#article\",\"isPartOf\":{\"@id\":\"https:\\\/\\\/garageblogec.com\\\/?p=1424\"},\"author\":{\"name\":\"gabi1212\",\"@id\":\"https:\\\/\\\/garageblogec.com\\\/#\\\/schema\\\/person\\\/635f4b76c0cb3e43b82fe6f7d8bcceea\"},\"headline\":\"El primer veh\u00edculo el\u00e9ctrico exclusivo de Mazda se fabricar\u00e1 en Jap\u00f3n con bater\u00edas Panasonic\",\"datePublished\":\"2025-01-07T19:25:47+00:00\",\"dateModified\":\"2025-01-07T19:25:50+00:00\",\"mainEntityOfPage\":{\"@id\":\"https:\\\/\\\/garageblogec.com\\\/?p=1424\"},\"wordCount\":553,\"commentCount\":0,\"publisher\":{\"@id\":\"https:\\\/\\\/garageblogec.com\\\/#organization\"},\"image\":{\"@id\":\"https:\\\/\\\/garageblogec.com\\\/?p=1424#primaryimage\"},\"thumbnailUrl\":\"https:\\\/\\\/garageblogec.com\\\/wp-content\\\/uploads\\\/2025\\\/01\\\/fffff.png\",\"articleSection\":[\"Industria Nacional\"],\"inLanguage\":\"es\",\"potentialAction\":[{\"@type\":\"CommentAction\",\"name\":\"Comment\",\"target\":[\"https:\\\/\\\/garageblogec.com\\\/?p=1424#respond\"]}]},{\"@type\":\"WebPage\",\"@id\":\"https:\\\/\\\/garageblogec.com\\\/?p=1424\",\"url\":\"https:\\\/\\\/garageblogec.com\\\/?p=1424\",\"name\":\"El primer veh\u00edculo el\u00e9ctrico exclusivo de Mazda se fabricar\u00e1 en Jap\u00f3n con bater\u00edas Panasonic - Garage Blog Ecuador\",\"isPartOf\":{\"@id\":\"https:\\\/\\\/garageblogec.com\\\/#website\"},\"primaryImageOfPage\":{\"@id\":\"https:\\\/\\\/garageblogec.com\\\/?p=1424#primaryimage\"},\"image\":{\"@id\":\"https:\\\/\\\/garageblogec.com\\\/?p=1424#primaryimage\"},\"thumbnailUrl\":\"https:\\\/\\\/garageblogec.com\\\/wp-content\\\/uploads\\\/2025\\\/01\\\/fffff.png\",\"datePublished\":\"2025-01-07T19:25:47+00:00\",\"dateModified\":\"2025-01-07T19:25:50+00:00\",\"breadcrumb\":{\"@id\":\"https:\\\/\\\/garageblogec.com\\\/?p=1424#breadcrumb\"},\"inLanguage\":\"es\",\"potentialAction\":[{\"@type\":\"ReadAction\",\"target\":[\"https:\\\/\\\/garageblogec.com\\\/?p=1424\"]}]},{\"@type\":\"ImageObject\",\"inLanguage\":\"es\",\"@id\":\"https:\\\/\\\/garageblogec.com\\\/?p=1424#primaryimage\",\"url\":\"https:\\\/\\\/garageblogec.com\\\/wp-content\\\/uploads\\\/2025\\\/01\\\/fffff.png\",\"contentUrl\":\"https:\\\/\\\/garageblogec.com\\\/wp-content\\\/uploads\\\/2025\\\/01\\\/fffff.png\",\"width\":877,\"height\":490},{\"@type\":\"BreadcrumbList\",\"@id\":\"https:\\\/\\\/garageblogec.com\\\/?p=1424#breadcrumb\",\"itemListElement\":[{\"@type\":\"ListItem\",\"position\":1,\"name\":\"Portada\",\"item\":\"https:\\\/\\\/garageblogec.com\\\/\"},{\"@type\":\"ListItem\",\"position\":2,\"name\":\"El primer veh\u00edculo el\u00e9ctrico exclusivo de Mazda se fabricar\u00e1 en Jap\u00f3n con bater\u00edas Panasonic\"}]},{\"@type\":\"WebSite\",\"@id\":\"https:\\\/\\\/garageblogec.com\\\/#website\",\"url\":\"https:\\\/\\\/garageblogec.com\\\/\",\"name\":\"Garage Blog Ecuador\",\"description\":\"Alucinamos por los autos \",\"publisher\":{\"@id\":\"https:\\\/\\\/garageblogec.com\\\/#organization\"},\"potentialAction\":[{\"@type\":\"SearchAction\",\"target\":{\"@type\":\"EntryPoint\",\"urlTemplate\":\"https:\\\/\\\/garageblogec.com\\\/?s={search_term_string}\"},\"query-input\":{\"@type\":\"PropertyValueSpecification\",\"valueRequired\":true,\"valueName\":\"search_term_string\"}}],\"inLanguage\":\"es\"},{\"@type\":\"Organization\",\"@id\":\"https:\\\/\\\/garageblogec.com\\\/#organization\",\"name\":\"Garage Blog Ecuador\",\"url\":\"https:\\\/\\\/garageblogec.com\\\/\",\"logo\":{\"@type\":\"ImageObject\",\"inLanguage\":\"es\",\"@id\":\"https:\\\/\\\/garageblogec.com\\\/#\\\/schema\\\/logo\\\/image\\\/\",\"url\":\"https:\\\/\\\/garageblogec.com\\\/wp-content\\\/uploads\\\/2024\\\/02\\\/cropped-logo-png-para-blog.webp\",\"contentUrl\":\"https:\\\/\\\/garageblogec.com\\\/wp-content\\\/uploads\\\/2024\\\/02\\\/cropped-logo-png-para-blog.webp\",\"width\":840,\"height\":556,\"caption\":\"Garage Blog Ecuador \"},\"image\":{\"@id\":\"https:\\\/\\\/garageblogec.com\\\/#\\\/schema\\\/logo\\\/image\\\/\"}},{\"@type\":\"Person\",\"@id\":\"https:\\\/\\\/garageblogec.com\\\/#\\\/schema\\\/person\\\/635f4b76c0cb3e43b82fe6f7d8bcceea\",\"name\":\"gabi1212\",\"image\":{\"@type\":\"ImageObject\",\"inLanguage\":\"es\",\"@id\":\"https:\\\/\\\/secure.gravatar.com\\\/avatar\\\/6aa491f45cb359d4d6dd8c430e83f78899c80569c27d21156e19bbdcd31d1811?s=96&d=mm&r=g\",\"url\":\"https:\\\/\\\/secure.gravatar.com\\\/avatar\\\/6aa491f45cb359d4d6dd8c430e83f78899c80569c27d21156e19bbdcd31d1811?s=96&d=mm&r=g\",\"contentUrl\":\"https:\\\/\\\/secure.gravatar.com\\\/avatar\\\/6aa491f45cb359d4d6dd8c430e83f78899c80569c27d21156e19bbdcd31d1811?s=96&d=mm&r=g\",\"caption\":\"gabi1212\"},\"url\":\"https:\\\/\\\/garageblogec.com\\\/?author=6\"}]}<\/script>\n<!-- \/ Yoast SEO plugin. -->","yoast_head_json":{"title":"El primer veh\u00edculo el\u00e9ctrico exclusivo de Mazda se fabricar\u00e1 en Jap\u00f3n con bater\u00edas Panasonic - Garage Blog Ecuador","robots":{"index":"index","follow":"follow","max-snippet":"max-snippet:-1","max-image-preview":"max-image-preview:large","max-video-preview":"max-video-preview:-1"},"canonical":"https:\/\/garageblogec.com\/?p=1424","og_locale":"es_ES","og_type":"article","og_title":"El primer veh\u00edculo el\u00e9ctrico exclusivo de Mazda se fabricar\u00e1 en Jap\u00f3n con bater\u00edas Panasonic - Garage Blog Ecuador","og_description":"La empresa est\u00e1 construyendo una nueva planta de bater\u00edas en la ciudad de Iwakuni con una capacidad anual de 10 GWh","og_url":"https:\/\/garageblogec.com\/?p=1424","og_site_name":"Garage Blog Ecuador","article_published_time":"2025-01-07T19:25:47+00:00","article_modified_time":"2025-01-07T19:25:50+00:00","og_image":[{"width":877,"height":490,"url":"https:\/\/garageblogec.com\/wp-content\/uploads\/2025\/01\/fffff.png","type":"image\/png"}],"author":"gabi1212","twitter_card":"summary_large_image","twitter_misc":{"Escrito por":"gabi1212","Tiempo de lectura":"4 minutos"},"schema":{"@context":"https:\/\/schema.org","@graph":[{"@type":"Article","@id":"https:\/\/garageblogec.com\/?p=1424#article","isPartOf":{"@id":"https:\/\/garageblogec.com\/?p=1424"},"author":{"name":"gabi1212","@id":"https:\/\/garageblogec.com\/#\/schema\/person\/635f4b76c0cb3e43b82fe6f7d8bcceea"},"headline":"El primer veh\u00edculo el\u00e9ctrico exclusivo de Mazda se fabricar\u00e1 en Jap\u00f3n con bater\u00edas Panasonic","datePublished":"2025-01-07T19:25:47+00:00","dateModified":"2025-01-07T19:25:50+00:00","mainEntityOfPage":{"@id":"https:\/\/garageblogec.com\/?p=1424"},"wordCount":553,"commentCount":0,"publisher":{"@id":"https:\/\/garageblogec.com\/#organization"},"image":{"@id":"https:\/\/garageblogec.com\/?p=1424#primaryimage"},"thumbnailUrl":"https:\/\/garageblogec.com\/wp-content\/uploads\/2025\/01\/fffff.png","articleSection":["Industria Nacional"],"inLanguage":"es","potentialAction":[{"@type":"CommentAction","name":"Comment","target":["https:\/\/garageblogec.com\/?p=1424#respond"]}]},{"@type":"WebPage","@id":"https:\/\/garageblogec.com\/?p=1424","url":"https:\/\/garageblogec.com\/?p=1424","name":"El primer veh\u00edculo el\u00e9ctrico exclusivo de Mazda se fabricar\u00e1 en Jap\u00f3n con bater\u00edas Panasonic - Garage Blog Ecuador","isPartOf":{"@id":"https:\/\/garageblogec.com\/#website"},"primaryImageOfPage":{"@id":"https:\/\/garageblogec.com\/?p=1424#primaryimage"},"image":{"@id":"https:\/\/garageblogec.com\/?p=1424#primaryimage"},"thumbnailUrl":"https:\/\/garageblogec.com\/wp-content\/uploads\/2025\/01\/fffff.png","datePublished":"2025-01-07T19:25:47+00:00","dateModified":"2025-01-07T19:25:50+00:00","breadcrumb":{"@id":"https:\/\/garageblogec.com\/?p=1424#breadcrumb"},"inLanguage":"es","potentialAction":[{"@type":"ReadAction","target":["https:\/\/garageblogec.com\/?p=1424"]}]},{"@type":"ImageObject","inLanguage":"es","@id":"https:\/\/garageblogec.com\/?p=1424#primaryimage","url":"https:\/\/garageblogec.com\/wp-content\/uploads\/2025\/01\/fffff.png","contentUrl":"https:\/\/garageblogec.com\/wp-content\/uploads\/2025\/01\/fffff.png","width":877,"height":490},{"@type":"BreadcrumbList","@id":"https:\/\/garageblogec.com\/?p=1424#breadcrumb","itemListElement":[{"@type":"ListItem","position":1,"name":"Portada","item":"https:\/\/garageblogec.com\/"},{"@type":"ListItem","position":2,"name":"El primer veh\u00edculo el\u00e9ctrico exclusivo de Mazda se fabricar\u00e1 en Jap\u00f3n con bater\u00edas Panasonic"}]},{"@type":"WebSite","@id":"https:\/\/garageblogec.com\/#website","url":"https:\/\/garageblogec.com\/","name":"Garage Blog Ecuador","description":"Alucinamos por los autos ","publisher":{"@id":"https:\/\/garageblogec.com\/#organization"},"potentialAction":[{"@type":"SearchAction","target":{"@type":"EntryPoint","urlTemplate":"https:\/\/garageblogec.com\/?s={search_term_string}"},"query-input":{"@type":"PropertyValueSpecification","valueRequired":true,"valueName":"search_term_string"}}],"inLanguage":"es"},{"@type":"Organization","@id":"https:\/\/garageblogec.com\/#organization","name":"Garage Blog Ecuador","url":"https:\/\/garageblogec.com\/","logo":{"@type":"ImageObject","inLanguage":"es","@id":"https:\/\/garageblogec.com\/#\/schema\/logo\/image\/","url":"https:\/\/garageblogec.com\/wp-content\/uploads\/2024\/02\/cropped-logo-png-para-blog.webp","contentUrl":"https:\/\/garageblogec.com\/wp-content\/uploads\/2024\/02\/cropped-logo-png-para-blog.webp","width":840,"height":556,"caption":"Garage Blog Ecuador "},"image":{"@id":"https:\/\/garageblogec.com\/#\/schema\/logo\/image\/"}},{"@type":"Person","@id":"https:\/\/garageblogec.com\/#\/schema\/person\/635f4b76c0cb3e43b82fe6f7d8bcceea","name":"gabi1212","image":{"@type":"ImageObject","inLanguage":"es","@id":"https:\/\/secure.gravatar.com\/avatar\/6aa491f45cb359d4d6dd8c430e83f78899c80569c27d21156e19bbdcd31d1811?s=96&d=mm&r=g","url":"https:\/\/secure.gravatar.com\/avatar\/6aa491f45cb359d4d6dd8c430e83f78899c80569c27d21156e19bbdcd31d1811?s=96&d=mm&r=g","contentUrl":"https:\/\/secure.gravatar.com\/avatar\/6aa491f45cb359d4d6dd8c430e83f78899c80569c27d21156e19bbdcd31d1811?s=96&d=mm&r=g","caption":"gabi1212"},"url":"https:\/\/garageblogec.com\/?author=6"}]}},"jetpack_featured_media_url":"https:\/\/garageblogec.com\/wp-content\/uploads\/2025\/01\/fffff.png","jetpack_sharing_enabled":true,"_links":{"self":[{"href":"https:\/\/garageblogec.com\/index.php?rest_route=\/wp\/v2\/posts\/1424","targetHints":{"allow":["GET"]}}],"collection":[{"href":"https:\/\/garageblogec.com\/index.php?rest_route=\/wp\/v2\/posts"}],"about":[{"href":"https:\/\/garageblogec.com\/index.php?rest_route=\/wp\/v2\/types\/post"}],"author":[{"embeddable":true,"href":"https:\/\/garageblogec.com\/index.php?rest_route=\/wp\/v2\/users\/6"}],"replies":[{"embeddable":true,"href":"https:\/\/garageblogec.com\/index.php?rest_route=%2Fwp%2Fv2%2Fcomments&post=1424"}],"version-history":[{"count":1,"href":"https:\/\/garageblogec.com\/index.php?rest_route=\/wp\/v2\/posts\/1424\/revisions"}],"predecessor-version":[{"id":1426,"href":"https:\/\/garageblogec.com\/index.php?rest_route=\/wp\/v2\/posts\/1424\/revisions\/1426"}],"wp:featuredmedia":[{"embeddable":true,"href":"https:\/\/garageblogec.com\/index.php?rest_route=\/wp\/v2\/media\/1425"}],"wp:attachment":[{"href":"https:\/\/garageblogec.com\/index.php?rest_route=%2Fwp%2Fv2%2Fmedia&parent=1424"}],"wp:term":[{"taxonomy":"category","embeddable":true,"href":"https:\/\/garageblogec.com\/index.php?rest_route=%2Fwp%2Fv2%2Fcategories&post=1424"},{"taxonomy":"post_tag","embeddable":true,"href":"https:\/\/garageblogec.com\/index.php?rest_route=%2Fwp%2Fv2%2Ftags&post=1424"}],"curies":[{"name":"wp","href":"https:\/\/api.w.org\/{rel}","templated":true}]}}