{"id":1421,"date":"2025-01-07T19:19:44","date_gmt":"2025-01-07T19:19:44","guid":{"rendered":"https:\/\/garageblogec.com\/?p=1421"},"modified":"2025-01-07T19:19:47","modified_gmt":"2025-01-07T19:19:47","slug":"las-ventas-de-stellantis-caen-un-15-en-2024-pero-una-marca-se-dispara-un-154","status":"publish","type":"post","link":"https:\/\/garageblogec.com\/?p=1421","title":{"rendered":"Las ventas de Stellantis caen un 15% en 2024, pero una marca \u201cse dispara\u201d un 154%"},"content":{"rendered":"\n<p>Stellantis no solo tuvo un mal 2024, sino que fue un a\u00f1o\u00a0<em>muy<\/em>\u00a0malo. El a\u00f1o culmin\u00f3 con\u00a0la salida anticipada del CEO Carlos Tavares\u00a0, lo que dej\u00f3 a la compa\u00f1\u00eda sin su l\u00edder m\u00e1s de un a\u00f1o antes de su retiro planeado en 2026. Si a eso le sumamos una ca\u00edda del 15% en las ventas en Estados Unidos, est\u00e1 claro que el fabricante de autom\u00f3viles est\u00e1 tropezando, y mucho. Aun as\u00ed, incluso en medio del caos, una marca de Stellantis logr\u00f3 registrar un asombroso aumento de ventas del 154%, aunque con n\u00fameros tan microsc\u00f3picos, es m\u00e1s un error de redondeo que una verdadera recuperaci\u00f3n.<\/p>\n\n\n\n<figure class=\"wp-block-image size-large\"><img decoding=\"async\" src=\"https:\/\/www.carscoops.com\/wp-content\/uploads\/webp\/2025\/01\/FT024_114FHe32tm0fnb0ils9hlddjuf2ipss-copy-1536x880.webp\" alt=\"\"\/><\/figure>\n\n\n\n<p>Durante todo el a\u00f1o calendario,\u00a0Stellantis\u00a0vendi\u00f3 1.303.570 veh\u00edculos en Estados Unidos, una marcada ca\u00edda del 15% respecto a los 1.527.090 vendidos en 2023. Este desempe\u00f1o coloca a la compa\u00f1\u00eda muy por detr\u00e1s de sus rivales nacionales: Ford, que aument\u00f3 sus ventas un 4,2% hasta 1.974.009 veh\u00edculos, y GM, que vio un aumento del 4% hasta unas impresionantes 2,7 millones de unidades. Stellantis se est\u00e1 quedando claramente atr\u00e1s, y las grietas en su cartera de marcas son dolorosamente evidentes.<\/p>\n\n\n\n<figure class=\"wp-block-image size-large\"><a href=\"https:\/\/www.kia.com\/ec\/showroom\/sonet\/features.html\"><img fetchpriority=\"high\" decoding=\"async\" width=\"1024\" height=\"284\" src=\"https:\/\/garageblogec.com\/wp-content\/uploads\/2024\/12\/1080x300-1024x284.jpg\" alt=\"\" class=\"wp-image-1360\" srcset=\"https:\/\/garageblogec.com\/wp-content\/uploads\/2024\/12\/1080x300-1024x284.jpg 1024w, https:\/\/garageblogec.com\/wp-content\/uploads\/2024\/12\/1080x300-300x83.jpg 300w, https:\/\/garageblogec.com\/wp-content\/uploads\/2024\/12\/1080x300-768x213.jpg 768w, https:\/\/garageblogec.com\/wp-content\/uploads\/2024\/12\/1080x300.jpg 1080w\" sizes=\"(max-width: 1024px) 100vw, 1024px\" \/><\/a><\/figure>\n\n\n\n<p><strong>Jeep, Ram y Dodge: una historia de decadencia<\/strong><\/p>\n\n\n\n<p>El dolor se extendi\u00f3 por gran parte de la l\u00ednea principal de Stellantis.&nbsp;<strong>Jeep<\/strong>&nbsp;, a menudo considerada como la joya de la corona de la marca, vio caer las ventas un 9% a 587.725 unidades. La ca\u00edda fue impulsada por p\u00e9rdidas de dos d\u00edgitos para los modelos clave: las ventas del Grand Cherokee cayeron un 12% y las del Gladiator se desplomaron un 24%. Sin embargo, hubo algunos puntos positivos, ya que las ventas del Wagoneer y su hermano Grand Wagoneer aumentaron un 48% y un 13%, respectivamente, mientras que el Compass se opuso a la tendencia con un aumento del 16%.<\/p>\n\n\n\n<p><strong>A Ram<\/strong>&nbsp;no le fue mejor. Las ventas totales cayeron un 19%, en gran medida debido a una ca\u00edda del 16% en las camionetas pickup m\u00e1s comunes de la marca. Incluso la l\u00ednea de furgonetas ProMaster, un raro punto brillante en la cartera de veh\u00edculos comerciales de Stellantis, registr\u00f3 una ca\u00edda del 19%.<\/p>\n\n\n\n<p>Las cosas fueron a\u00fan peores en&nbsp;<strong>Dodge<\/strong>&nbsp;. Las ventas de la marca cayeron un 29%, de 199.458 unidades a 141.730. Esto se puede atribuir principalmente a la desaparici\u00f3n de los cl\u00e1sicos Charger y Challenger, que experimentaron descensos de ventas del 54% y el 40%, respectivamente. Las ventas del Durango tambi\u00e9n bajaron un 14% y tanto el Journey como el Caravan fueron eliminados de la gama. En el lado positivo, el Dodge Hornet, que disfrut\u00f3 de su primer a\u00f1o completo a la venta, registr\u00f3 un aumento del 120% a 20.559 unidades, pero incluso ese punto brillante no pudo compensar el ba\u00f1o de sangre en otras partes.<\/p>\n\n\n\n<p>Dodge intentar\u00e1 recuperar algo de participaci\u00f3n de mercado con el Charger Daytona el\u00e9ctrico que acaba de salir a la venta y las nuevas variantes Charger Sixpack a gasolina a finales de este a\u00f1o, pero por ahora, la marca est\u00e1 en ca\u00edda libre.<\/p>\n\n\n\n<p><strong>Chrysler: una minivan y una oraci\u00f3n<\/strong><\/p>\n\n\n\n<p><strong>Chrysler<\/strong>&nbsp;, que en su d\u00eda fue una piedra angular de la industria automotriz estadounidense, ahora se aferra a la vida con una l\u00ednea de productos que se reduce a un solo modelo: la minivan Pacifica (y su gemela Voyager, enfocada en la flota). Las ventas cayeron un 7% a 124.683 unidades, ya que la marca se despidi\u00f3 de su viejo sed\u00e1n 300. Si bien la Pacifica sigue siendo una opci\u00f3n s\u00f3lida para los compradores de minivans, no es suficiente para llevar una marca completa. A menos que Stellantis lance nuevos productos pronto, Chrysler puede no tener mucho futuro.<\/p>\n\n\n\n<figure class=\"wp-block-image size-large\"><img decoding=\"async\" src=\"https:\/\/www.carscoops.com\/wp-content\/uploads\/webp\/2024\/11\/Alfa_Romeo-Tonale-2023-HD-da71fd2f1b830f5cdc2d5ce33e4e542d764aace52-1536x1056.webp\" alt=\"\"\/><\/figure>\n\n\n\n<p><strong>Los italianos<\/strong><\/p>\n\n\n\n<p>A diferencia de las marcas Jeep, Ram y Dodge,\u00a0<strong>Fiat\u00a0<\/strong>tuvo un a\u00f1o sorprendentemente positivo. Despu\u00e9s de nueve a\u00f1os consecutivos de ventas a la baja, la marca italiana finalmente rompi\u00f3 su racha perdedora con un aumento de ventas del 154% a 1.528 unidades. S\u00ed, el total es hilarantemente peque\u00f1o, pero una victoria es una victoria, \u00bfverdad? Gran parte de la mejora de Fiat provino del 500, cuyas ventas se dispararon en un absurdo 7.983%, de solo 12 unidades vendidas en 2023 a 970 en 2024. Claro, todav\u00eda es apenas un punto en el radar, pero es algo. Dicho esto, la demanda del 500 sigue siendo tan baja que\u00a0Stellantis ya ha pausado la producci\u00f3n del modelo\u00a0. Pasitos de beb\u00e9.<\/p>\n\n\n\n<p>Mientras tanto, el hermano de Fiat,\u00a0 <strong>Alfa Romeo,<\/strong>\u00a0sigue tambale\u00e1ndose. Las ventas cayeron un 19% hasta las 8.865 unidades, con el Stelvio bajando un 41% y el Giulia un 33%. Ni siquiera el lanzamiento del SUV compacto Tonale pudo detener la hemorragia, aunque logr\u00f3 vender 3.383 unidades en su a\u00f1o de debut.<\/p>\n\n\n<div class='pt-cv-wrapper'> <h3 class='pt-cv-heading-container heading1' data-blockid='vdkiupvr'><span class='pt-cv-heading'> Overlay1 <\/span><\/h3><div class=\"pt-cv-view pt-cv-overlaygrid iscvblock iscvreal overlay1 layout1\" id=\"pt-cv-view-vdkiupvr\"><div data-id=\"pt-cv-page-1\" class=\"pt-cv-page\" data-cvc=\"3\"><div class=\" pt-cv-content-item pt-cv-1-col\" ><div class=\"pt-cv-thumb-wrapper  \"><a href=\"https:\/\/garageblogec.com\/?p=3303\" class=\"_self pt-cv-href-thumbnail pt-cv-thumb-default\" target=\"_self\" ><img decoding=\"async\" width=\"768\" height=\"432\" src=\"https:\/\/garageblogec.com\/wp-content\/uploads\/2026\/04\/WhatsApp-Image-2026-04-21-at-1.52.53-PM-768x432.jpeg\" class=\"pt-cv-thumbnail\" alt=\"\" \/><\/a><\/div>\n<div class=\"pt-cv-overlay-wrapper\"><div class=\"pt-cv-taxoterm above_title\"><a href='https:\/\/garageblogec.com\/?cat=27' title='Industria Nacional' class='pt-cv-tax-industria-nacional'>Industria Nacional<\/a><\/div><h4 class=\"pt-cv-title\"><a href=\"https:\/\/garageblogec.com\/?p=3303\" class=\"_self\" target=\"_self\" >Grupo Ambacar presenta en Guayaquil KGM, su nueva marca de SUV h\u00edbridos con respaldo global<\/a><\/h4><div class=\"pt-cv-meta-fields\"><span class=\"entry-date\"> <time datetime=\"2026-04-21T21:37:24+00:00\">abril 21, 2026<\/time><\/span><span> \/ <\/span><span class=\"author\"> <a href=\"https:\/\/garageblogec.com\/?author=6\" rel=\"author\">gabi1212<\/a><\/span><\/div><\/div><\/div>\n<div class=\" pt-cv-content-item pt-cv-1-col\" ><div class=\"pt-cv-thumb-wrapper  \"><a href=\"https:\/\/garageblogec.com\/?p=3296\" class=\"_self pt-cv-href-thumbnail pt-cv-thumb-default\" target=\"_self\" ><img decoding=\"async\" width=\"768\" height=\"432\" src=\"https:\/\/garageblogec.com\/wp-content\/uploads\/2026\/04\/WhatsApp-Image-2026-04-14-at-3.15.09-PM-768x432.jpeg\" class=\"pt-cv-thumbnail\" alt=\"\" \/><\/a><\/div>\n<div class=\"pt-cv-overlay-wrapper\"><div class=\"pt-cv-taxoterm above_title\"><a href='https:\/\/garageblogec.com\/?cat=27' title='Industria Nacional' class='pt-cv-tax-industria-nacional'>Industria Nacional<\/a><\/div><h4 class=\"pt-cv-title\"><a href=\"https:\/\/garageblogec.com\/?p=3296\" class=\"_self\" target=\"_self\" >El tablero desapareci\u00f3, ahora el auto es una pantalla inteligente<\/a><\/h4><div class=\"pt-cv-meta-fields\"><span class=\"entry-date\"> <time datetime=\"2026-04-14T20:21:20+00:00\">abril 14, 2026<\/time><\/span><span> \/ <\/span><span class=\"author\"> <a href=\"https:\/\/garageblogec.com\/?author=6\" rel=\"author\">gabi1212<\/a><\/span><\/div><\/div><\/div>\n<div class=\" pt-cv-content-item pt-cv-1-col\" ><div class=\"pt-cv-thumb-wrapper  \"><a href=\"https:\/\/garageblogec.com\/?p=3291\" class=\"_self pt-cv-href-thumbnail pt-cv-thumb-default\" target=\"_self\" ><img loading=\"lazy\" decoding=\"async\" width=\"768\" height=\"432\" src=\"https:\/\/garageblogec.com\/wp-content\/uploads\/2026\/04\/WhatsApp-Image-2026-04-14-at-2.21.27-PM-768x432.jpeg\" class=\"pt-cv-thumbnail\" alt=\"\" \/><\/a><\/div>\n<div class=\"pt-cv-overlay-wrapper\"><div class=\"pt-cv-taxoterm above_title\"><a href='https:\/\/garageblogec.com\/?cat=27' title='Industria Nacional' class='pt-cv-tax-industria-nacional'>Industria Nacional<\/a><\/div><h4 class=\"pt-cv-title\"><a href=\"https:\/\/garageblogec.com\/?p=3291\" class=\"_self\" target=\"_self\" >Seguridad al volante en Ecuador: los errores m\u00e1s comunes que cometen los conductores<\/a><\/h4><div class=\"pt-cv-meta-fields\"><span class=\"entry-date\"> <time datetime=\"2026-04-14T20:08:54+00:00\">abril 14, 2026<\/time><\/span><span> \/ <\/span><span class=\"author\"> <a href=\"https:\/\/garageblogec.com\/?author=6\" rel=\"author\">gabi1212<\/a><\/span><\/div><\/div><\/div>\n<div class=\" pt-cv-content-item pt-cv-1-col\" ><div class=\"pt-cv-thumb-wrapper  \"><a href=\"https:\/\/garageblogec.com\/?p=3286\" class=\"_self pt-cv-href-thumbnail pt-cv-thumb-default\" target=\"_self\" ><img loading=\"lazy\" decoding=\"async\" width=\"768\" height=\"492\" src=\"https:\/\/garageblogec.com\/wp-content\/uploads\/2026\/04\/Posventa.jpg-768x492.jpeg\" class=\"pt-cv-thumbnail\" alt=\"\" \/><\/a><\/div>\n<div class=\"pt-cv-overlay-wrapper\"><div class=\"pt-cv-taxoterm above_title\"><a href='https:\/\/garageblogec.com\/?cat=27' title='Industria Nacional' class='pt-cv-tax-industria-nacional'>Industria Nacional<\/a><\/div><h4 class=\"pt-cv-title\"><a href=\"https:\/\/garageblogec.com\/?p=3286\" class=\"_self\" target=\"_self\" >Clientes Nissan reciben cambios de aceite infinitos<\/a><\/h4><div class=\"pt-cv-meta-fields\"><span class=\"entry-date\"> <time datetime=\"2026-04-14T20:04:08+00:00\">abril 14, 2026<\/time><\/span><span> \/ <\/span><span class=\"author\"> <a href=\"https:\/\/garageblogec.com\/?author=6\" rel=\"author\">gabi1212<\/a><\/span><\/div><\/div><\/div>\n<div class=\" pt-cv-content-item pt-cv-1-col\" ><div class=\"pt-cv-thumb-wrapper  \"><a href=\"https:\/\/garageblogec.com\/?p=3280\" class=\"_self pt-cv-href-thumbnail pt-cv-thumb-default\" target=\"_self\" ><img loading=\"lazy\" decoding=\"async\" width=\"768\" height=\"512\" src=\"https:\/\/garageblogec.com\/wp-content\/uploads\/2026\/04\/foto1-768x512.jpeg\" class=\"pt-cv-thumbnail\" alt=\"\" \/><\/a><\/div>\n<div class=\"pt-cv-overlay-wrapper\"><div class=\"pt-cv-taxoterm above_title\"><a href='https:\/\/garageblogec.com\/?cat=27' title='Industria Nacional' class='pt-cv-tax-industria-nacional'>Industria Nacional<\/a><\/div><h4 class=\"pt-cv-title\"><a href=\"https:\/\/garageblogec.com\/?p=3280\" class=\"_self\" target=\"_self\" >Movilidad como inversi\u00f3n: el uso de utilidades que crece en Ecuador<\/a><\/h4><div class=\"pt-cv-meta-fields\"><span class=\"entry-date\"> <time datetime=\"2026-04-07T19:55:36+00:00\">abril 7, 2026<\/time><\/span><span> \/ <\/span><span class=\"author\"> <a href=\"https:\/\/garageblogec.com\/?author=6\" rel=\"author\">gabi1212<\/a><\/span><\/div><\/div><\/div>\n<div class=\" pt-cv-content-item pt-cv-1-col\" ><div class=\"pt-cv-thumb-wrapper  \"><a href=\"https:\/\/garageblogec.com\/?p=3276\" class=\"_self pt-cv-href-thumbnail pt-cv-thumb-default\" target=\"_self\" ><img loading=\"lazy\" decoding=\"async\" width=\"745\" height=\"491\" src=\"https:\/\/garageblogec.com\/wp-content\/uploads\/2026\/04\/TT.png\" class=\"pt-cv-thumbnail\" alt=\"\" \/><\/a><\/div>\n<div class=\"pt-cv-overlay-wrapper\"><div class=\"pt-cv-taxoterm above_title\"><a href='https:\/\/garageblogec.com\/?cat=27' title='Industria Nacional' class='pt-cv-tax-industria-nacional'>Industria Nacional<\/a><\/div><h4 class=\"pt-cv-title\"><a href=\"https:\/\/garageblogec.com\/?p=3276\" class=\"_self\" target=\"_self\" >Lluvias en Ecuador: C\u00f3mo reducir riesgos en carretera y prevenir accidentes en calzada mojada<\/a><\/h4><div class=\"pt-cv-meta-fields\"><span class=\"entry-date\"> <time datetime=\"2026-04-07T19:46:52+00:00\">abril 7, 2026<\/time><\/span><span> \/ <\/span><span class=\"author\"> <a href=\"https:\/\/garageblogec.com\/?author=6\" rel=\"author\">gabi1212<\/a><\/span><\/div><\/div><\/div><\/div><\/div> <\/div> <style>\n#pt-cv-view-vdkiupvr .pt-cv-thumb-wrapper::before {background: rgba(0,0,0,.4); opacity: 0.8;}#pt-cv-view-vdkiupvr .pt-cv-overlay-wrapper {justify-content: center;}\n#pt-cv-view-vdkiupvr .pt-cv-meta-fields {  }#pt-cv-view-vdkiupvr .pt-cv-meta-fields * { font-size: 13px; }#pt-cv-view-vdkiupvr .pt-cv-title a { display: block; }#pt-cv-view-vdkiupvr .pt-cv-title:not(.pt-cv-titlesm) a { font-weight: 600;text-decoration: none;font-size: 20px; }#pt-cv-view-vdkiupvr .pt-cv-titlesm a { font-weight: 600;font-size: 18px; }#pt-cv-view-vdkiupvr .pt-cv-content { font-size: 15px; }#pt-cv-view-vdkiupvr .pt-cv-rmwrap {  }#pt-cv-view-vdkiupvr .pt-cv-readmore { color: #fff;background-color: #0075ff;font-size: 14px; }#pt-cv-view-vdkiupvr .pt-cv-taxoterm { margin: 0px 0px 20px 0px; }#pt-cv-view-vdkiupvr .pt-cv-taxoterm * { color: #222;background-color: #fff6f6;font-size: 14px; }#pt-cv-view-vdkiupvr + .pt-cv-pagination-wrapper {  }#pt-cv-view-vdkiupvr + .pt-cv-pagination-wrapper a { font-size: 14px; }#pt-cv-view-vdkiupvr > .pt-cv-page {grid-template-columns: repeat(3, 1fr);grid-auto-rows: 250px;grid-gap: 10px;}\n@media all and (max-width: 1024px) { \n#pt-cv-view-vdkiupvr > .pt-cv-page {}\n} \n@media all and (max-width: 767px) { \n#pt-cv-view-vdkiupvr > .pt-cv-page {grid-template-columns: repeat(1, 1fr);}\n} <\/style>\n\n\n<p><\/p>\n","protected":false},"excerpt":{"rendered":"<p>Fiat fue la \u00fanica marca de Stellantis que registr\u00f3 un aumento de ventas en Estados Unidos el a\u00f1o pasado, pero con menos de 1.600 autom\u00f3viles vendidos, no se trata de un \u00e9xito.<\/p>\n","protected":false},"author":6,"featured_media":1422,"comment_status":"open","ping_status":"open","sticky":false,"template":"","format":"standard","meta":{"_jetpack_memberships_contains_paid_content":false,"footnotes":""},"categories":[27],"tags":[],"class_list":["post-1421","post","type-post","status-publish","format-standard","has-post-thumbnail","hentry","category-industria-nacional"],"yoast_head":"<!-- This site is optimized with the Yoast SEO plugin v27.4 - https:\/\/yoast.com\/product\/yoast-seo-wordpress\/ -->\n<title>Las ventas de Stellantis caen un 15% en 2024, pero una marca \u201cse dispara\u201d un 154% - Garage Blog Ecuador<\/title>\n<meta name=\"robots\" content=\"index, follow, max-snippet:-1, max-image-preview:large, max-video-preview:-1\" \/>\n<link rel=\"canonical\" href=\"https:\/\/garageblogec.com\/?p=1421\" \/>\n<meta property=\"og:locale\" content=\"es_ES\" \/>\n<meta property=\"og:type\" content=\"article\" \/>\n<meta property=\"og:title\" content=\"Las ventas de Stellantis caen un 15% en 2024, pero una marca \u201cse dispara\u201d un 154% - Garage Blog Ecuador\" \/>\n<meta property=\"og:description\" content=\"Fiat fue la \u00fanica marca de Stellantis que registr\u00f3 un aumento de ventas en Estados Unidos el a\u00f1o pasado, pero con menos de 1.600 autom\u00f3viles vendidos, no se trata de un \u00e9xito.\" \/>\n<meta property=\"og:url\" content=\"https:\/\/garageblogec.com\/?p=1421\" \/>\n<meta property=\"og:site_name\" content=\"Garage Blog Ecuador\" \/>\n<meta property=\"article:published_time\" content=\"2025-01-07T19:19:44+00:00\" \/>\n<meta property=\"article:modified_time\" content=\"2025-01-07T19:19:47+00:00\" \/>\n<meta property=\"og:image\" content=\"https:\/\/garageblogec.com\/wp-content\/uploads\/2025\/01\/Captura-1.png\" \/>\n\t<meta property=\"og:image:width\" content=\"873\" \/>\n\t<meta property=\"og:image:height\" content=\"489\" \/>\n\t<meta property=\"og:image:type\" content=\"image\/png\" \/>\n<meta name=\"author\" content=\"gabi1212\" \/>\n<meta name=\"twitter:card\" content=\"summary_large_image\" \/>\n<meta name=\"twitter:label1\" content=\"Escrito por\" \/>\n\t<meta name=\"twitter:data1\" content=\"gabi1212\" \/>\n\t<meta name=\"twitter:label2\" content=\"Tiempo de lectura\" \/>\n\t<meta name=\"twitter:data2\" content=\"5 minutos\" \/>\n<script type=\"application\/ld+json\" class=\"yoast-schema-graph\">{\"@context\":\"https:\\\/\\\/schema.org\",\"@graph\":[{\"@type\":\"Article\",\"@id\":\"https:\\\/\\\/garageblogec.com\\\/?p=1421#article\",\"isPartOf\":{\"@id\":\"https:\\\/\\\/garageblogec.com\\\/?p=1421\"},\"author\":{\"name\":\"gabi1212\",\"@id\":\"https:\\\/\\\/garageblogec.com\\\/#\\\/schema\\\/person\\\/635f4b76c0cb3e43b82fe6f7d8bcceea\"},\"headline\":\"Las ventas de Stellantis caen un 15% en 2024, pero una marca \u201cse dispara\u201d un 154%\",\"datePublished\":\"2025-01-07T19:19:44+00:00\",\"dateModified\":\"2025-01-07T19:19:47+00:00\",\"mainEntityOfPage\":{\"@id\":\"https:\\\/\\\/garageblogec.com\\\/?p=1421\"},\"wordCount\":797,\"commentCount\":0,\"publisher\":{\"@id\":\"https:\\\/\\\/garageblogec.com\\\/#organization\"},\"image\":{\"@id\":\"https:\\\/\\\/garageblogec.com\\\/?p=1421#primaryimage\"},\"thumbnailUrl\":\"https:\\\/\\\/garageblogec.com\\\/wp-content\\\/uploads\\\/2025\\\/01\\\/Captura-1.png\",\"articleSection\":[\"Industria Nacional\"],\"inLanguage\":\"es\",\"potentialAction\":[{\"@type\":\"CommentAction\",\"name\":\"Comment\",\"target\":[\"https:\\\/\\\/garageblogec.com\\\/?p=1421#respond\"]}]},{\"@type\":\"WebPage\",\"@id\":\"https:\\\/\\\/garageblogec.com\\\/?p=1421\",\"url\":\"https:\\\/\\\/garageblogec.com\\\/?p=1421\",\"name\":\"Las ventas de Stellantis caen un 15% en 2024, pero una marca \u201cse dispara\u201d un 154% - Garage Blog Ecuador\",\"isPartOf\":{\"@id\":\"https:\\\/\\\/garageblogec.com\\\/#website\"},\"primaryImageOfPage\":{\"@id\":\"https:\\\/\\\/garageblogec.com\\\/?p=1421#primaryimage\"},\"image\":{\"@id\":\"https:\\\/\\\/garageblogec.com\\\/?p=1421#primaryimage\"},\"thumbnailUrl\":\"https:\\\/\\\/garageblogec.com\\\/wp-content\\\/uploads\\\/2025\\\/01\\\/Captura-1.png\",\"datePublished\":\"2025-01-07T19:19:44+00:00\",\"dateModified\":\"2025-01-07T19:19:47+00:00\",\"breadcrumb\":{\"@id\":\"https:\\\/\\\/garageblogec.com\\\/?p=1421#breadcrumb\"},\"inLanguage\":\"es\",\"potentialAction\":[{\"@type\":\"ReadAction\",\"target\":[\"https:\\\/\\\/garageblogec.com\\\/?p=1421\"]}]},{\"@type\":\"ImageObject\",\"inLanguage\":\"es\",\"@id\":\"https:\\\/\\\/garageblogec.com\\\/?p=1421#primaryimage\",\"url\":\"https:\\\/\\\/garageblogec.com\\\/wp-content\\\/uploads\\\/2025\\\/01\\\/Captura-1.png\",\"contentUrl\":\"https:\\\/\\\/garageblogec.com\\\/wp-content\\\/uploads\\\/2025\\\/01\\\/Captura-1.png\",\"width\":873,\"height\":489},{\"@type\":\"BreadcrumbList\",\"@id\":\"https:\\\/\\\/garageblogec.com\\\/?p=1421#breadcrumb\",\"itemListElement\":[{\"@type\":\"ListItem\",\"position\":1,\"name\":\"Portada\",\"item\":\"https:\\\/\\\/garageblogec.com\\\/\"},{\"@type\":\"ListItem\",\"position\":2,\"name\":\"Las ventas de Stellantis caen un 15% en 2024, pero una marca \u201cse dispara\u201d un 154%\"}]},{\"@type\":\"WebSite\",\"@id\":\"https:\\\/\\\/garageblogec.com\\\/#website\",\"url\":\"https:\\\/\\\/garageblogec.com\\\/\",\"name\":\"Garage Blog Ecuador\",\"description\":\"Alucinamos por los autos \",\"publisher\":{\"@id\":\"https:\\\/\\\/garageblogec.com\\\/#organization\"},\"potentialAction\":[{\"@type\":\"SearchAction\",\"target\":{\"@type\":\"EntryPoint\",\"urlTemplate\":\"https:\\\/\\\/garageblogec.com\\\/?s={search_term_string}\"},\"query-input\":{\"@type\":\"PropertyValueSpecification\",\"valueRequired\":true,\"valueName\":\"search_term_string\"}}],\"inLanguage\":\"es\"},{\"@type\":\"Organization\",\"@id\":\"https:\\\/\\\/garageblogec.com\\\/#organization\",\"name\":\"Garage Blog Ecuador\",\"url\":\"https:\\\/\\\/garageblogec.com\\\/\",\"logo\":{\"@type\":\"ImageObject\",\"inLanguage\":\"es\",\"@id\":\"https:\\\/\\\/garageblogec.com\\\/#\\\/schema\\\/logo\\\/image\\\/\",\"url\":\"https:\\\/\\\/garageblogec.com\\\/wp-content\\\/uploads\\\/2024\\\/02\\\/cropped-logo-png-para-blog.webp\",\"contentUrl\":\"https:\\\/\\\/garageblogec.com\\\/wp-content\\\/uploads\\\/2024\\\/02\\\/cropped-logo-png-para-blog.webp\",\"width\":840,\"height\":556,\"caption\":\"Garage Blog Ecuador \"},\"image\":{\"@id\":\"https:\\\/\\\/garageblogec.com\\\/#\\\/schema\\\/logo\\\/image\\\/\"}},{\"@type\":\"Person\",\"@id\":\"https:\\\/\\\/garageblogec.com\\\/#\\\/schema\\\/person\\\/635f4b76c0cb3e43b82fe6f7d8bcceea\",\"name\":\"gabi1212\",\"image\":{\"@type\":\"ImageObject\",\"inLanguage\":\"es\",\"@id\":\"https:\\\/\\\/secure.gravatar.com\\\/avatar\\\/6aa491f45cb359d4d6dd8c430e83f78899c80569c27d21156e19bbdcd31d1811?s=96&d=mm&r=g\",\"url\":\"https:\\\/\\\/secure.gravatar.com\\\/avatar\\\/6aa491f45cb359d4d6dd8c430e83f78899c80569c27d21156e19bbdcd31d1811?s=96&d=mm&r=g\",\"contentUrl\":\"https:\\\/\\\/secure.gravatar.com\\\/avatar\\\/6aa491f45cb359d4d6dd8c430e83f78899c80569c27d21156e19bbdcd31d1811?s=96&d=mm&r=g\",\"caption\":\"gabi1212\"},\"url\":\"https:\\\/\\\/garageblogec.com\\\/?author=6\"}]}<\/script>\n<!-- \/ Yoast SEO plugin. -->","yoast_head_json":{"title":"Las ventas de Stellantis caen un 15% en 2024, pero una marca \u201cse dispara\u201d un 154% - Garage Blog Ecuador","robots":{"index":"index","follow":"follow","max-snippet":"max-snippet:-1","max-image-preview":"max-image-preview:large","max-video-preview":"max-video-preview:-1"},"canonical":"https:\/\/garageblogec.com\/?p=1421","og_locale":"es_ES","og_type":"article","og_title":"Las ventas de Stellantis caen un 15% en 2024, pero una marca \u201cse dispara\u201d un 154% - Garage Blog Ecuador","og_description":"Fiat fue la \u00fanica marca de Stellantis que registr\u00f3 un aumento de ventas en Estados Unidos el a\u00f1o pasado, pero con menos de 1.600 autom\u00f3viles vendidos, no se trata de un \u00e9xito.","og_url":"https:\/\/garageblogec.com\/?p=1421","og_site_name":"Garage Blog Ecuador","article_published_time":"2025-01-07T19:19:44+00:00","article_modified_time":"2025-01-07T19:19:47+00:00","og_image":[{"width":873,"height":489,"url":"https:\/\/garageblogec.com\/wp-content\/uploads\/2025\/01\/Captura-1.png","type":"image\/png"}],"author":"gabi1212","twitter_card":"summary_large_image","twitter_misc":{"Escrito por":"gabi1212","Tiempo de lectura":"5 minutos"},"schema":{"@context":"https:\/\/schema.org","@graph":[{"@type":"Article","@id":"https:\/\/garageblogec.com\/?p=1421#article","isPartOf":{"@id":"https:\/\/garageblogec.com\/?p=1421"},"author":{"name":"gabi1212","@id":"https:\/\/garageblogec.com\/#\/schema\/person\/635f4b76c0cb3e43b82fe6f7d8bcceea"},"headline":"Las ventas de Stellantis caen un 15% en 2024, pero una marca \u201cse dispara\u201d un 154%","datePublished":"2025-01-07T19:19:44+00:00","dateModified":"2025-01-07T19:19:47+00:00","mainEntityOfPage":{"@id":"https:\/\/garageblogec.com\/?p=1421"},"wordCount":797,"commentCount":0,"publisher":{"@id":"https:\/\/garageblogec.com\/#organization"},"image":{"@id":"https:\/\/garageblogec.com\/?p=1421#primaryimage"},"thumbnailUrl":"https:\/\/garageblogec.com\/wp-content\/uploads\/2025\/01\/Captura-1.png","articleSection":["Industria Nacional"],"inLanguage":"es","potentialAction":[{"@type":"CommentAction","name":"Comment","target":["https:\/\/garageblogec.com\/?p=1421#respond"]}]},{"@type":"WebPage","@id":"https:\/\/garageblogec.com\/?p=1421","url":"https:\/\/garageblogec.com\/?p=1421","name":"Las ventas de Stellantis caen un 15% en 2024, pero una marca \u201cse dispara\u201d un 154% - Garage Blog Ecuador","isPartOf":{"@id":"https:\/\/garageblogec.com\/#website"},"primaryImageOfPage":{"@id":"https:\/\/garageblogec.com\/?p=1421#primaryimage"},"image":{"@id":"https:\/\/garageblogec.com\/?p=1421#primaryimage"},"thumbnailUrl":"https:\/\/garageblogec.com\/wp-content\/uploads\/2025\/01\/Captura-1.png","datePublished":"2025-01-07T19:19:44+00:00","dateModified":"2025-01-07T19:19:47+00:00","breadcrumb":{"@id":"https:\/\/garageblogec.com\/?p=1421#breadcrumb"},"inLanguage":"es","potentialAction":[{"@type":"ReadAction","target":["https:\/\/garageblogec.com\/?p=1421"]}]},{"@type":"ImageObject","inLanguage":"es","@id":"https:\/\/garageblogec.com\/?p=1421#primaryimage","url":"https:\/\/garageblogec.com\/wp-content\/uploads\/2025\/01\/Captura-1.png","contentUrl":"https:\/\/garageblogec.com\/wp-content\/uploads\/2025\/01\/Captura-1.png","width":873,"height":489},{"@type":"BreadcrumbList","@id":"https:\/\/garageblogec.com\/?p=1421#breadcrumb","itemListElement":[{"@type":"ListItem","position":1,"name":"Portada","item":"https:\/\/garageblogec.com\/"},{"@type":"ListItem","position":2,"name":"Las ventas de Stellantis caen un 15% en 2024, pero una marca \u201cse dispara\u201d un 154%"}]},{"@type":"WebSite","@id":"https:\/\/garageblogec.com\/#website","url":"https:\/\/garageblogec.com\/","name":"Garage Blog Ecuador","description":"Alucinamos por los autos ","publisher":{"@id":"https:\/\/garageblogec.com\/#organization"},"potentialAction":[{"@type":"SearchAction","target":{"@type":"EntryPoint","urlTemplate":"https:\/\/garageblogec.com\/?s={search_term_string}"},"query-input":{"@type":"PropertyValueSpecification","valueRequired":true,"valueName":"search_term_string"}}],"inLanguage":"es"},{"@type":"Organization","@id":"https:\/\/garageblogec.com\/#organization","name":"Garage Blog Ecuador","url":"https:\/\/garageblogec.com\/","logo":{"@type":"ImageObject","inLanguage":"es","@id":"https:\/\/garageblogec.com\/#\/schema\/logo\/image\/","url":"https:\/\/garageblogec.com\/wp-content\/uploads\/2024\/02\/cropped-logo-png-para-blog.webp","contentUrl":"https:\/\/garageblogec.com\/wp-content\/uploads\/2024\/02\/cropped-logo-png-para-blog.webp","width":840,"height":556,"caption":"Garage Blog Ecuador "},"image":{"@id":"https:\/\/garageblogec.com\/#\/schema\/logo\/image\/"}},{"@type":"Person","@id":"https:\/\/garageblogec.com\/#\/schema\/person\/635f4b76c0cb3e43b82fe6f7d8bcceea","name":"gabi1212","image":{"@type":"ImageObject","inLanguage":"es","@id":"https:\/\/secure.gravatar.com\/avatar\/6aa491f45cb359d4d6dd8c430e83f78899c80569c27d21156e19bbdcd31d1811?s=96&d=mm&r=g","url":"https:\/\/secure.gravatar.com\/avatar\/6aa491f45cb359d4d6dd8c430e83f78899c80569c27d21156e19bbdcd31d1811?s=96&d=mm&r=g","contentUrl":"https:\/\/secure.gravatar.com\/avatar\/6aa491f45cb359d4d6dd8c430e83f78899c80569c27d21156e19bbdcd31d1811?s=96&d=mm&r=g","caption":"gabi1212"},"url":"https:\/\/garageblogec.com\/?author=6"}]}},"jetpack_featured_media_url":"https:\/\/garageblogec.com\/wp-content\/uploads\/2025\/01\/Captura-1.png","jetpack_sharing_enabled":true,"_links":{"self":[{"href":"https:\/\/garageblogec.com\/index.php?rest_route=\/wp\/v2\/posts\/1421","targetHints":{"allow":["GET"]}}],"collection":[{"href":"https:\/\/garageblogec.com\/index.php?rest_route=\/wp\/v2\/posts"}],"about":[{"href":"https:\/\/garageblogec.com\/index.php?rest_route=\/wp\/v2\/types\/post"}],"author":[{"embeddable":true,"href":"https:\/\/garageblogec.com\/index.php?rest_route=\/wp\/v2\/users\/6"}],"replies":[{"embeddable":true,"href":"https:\/\/garageblogec.com\/index.php?rest_route=%2Fwp%2Fv2%2Fcomments&post=1421"}],"version-history":[{"count":1,"href":"https:\/\/garageblogec.com\/index.php?rest_route=\/wp\/v2\/posts\/1421\/revisions"}],"predecessor-version":[{"id":1423,"href":"https:\/\/garageblogec.com\/index.php?rest_route=\/wp\/v2\/posts\/1421\/revisions\/1423"}],"wp:featuredmedia":[{"embeddable":true,"href":"https:\/\/garageblogec.com\/index.php?rest_route=\/wp\/v2\/media\/1422"}],"wp:attachment":[{"href":"https:\/\/garageblogec.com\/index.php?rest_route=%2Fwp%2Fv2%2Fmedia&parent=1421"}],"wp:term":[{"taxonomy":"category","embeddable":true,"href":"https:\/\/garageblogec.com\/index.php?rest_route=%2Fwp%2Fv2%2Fcategories&post=1421"},{"taxonomy":"post_tag","embeddable":true,"href":"https:\/\/garageblogec.com\/index.php?rest_route=%2Fwp%2Fv2%2Ftags&post=1421"}],"curies":[{"name":"wp","href":"https:\/\/api.w.org\/{rel}","templated":true}]}}