{"id":1418,"date":"2025-01-06T21:01:44","date_gmt":"2025-01-06T21:01:44","guid":{"rendered":"https:\/\/garageblogec.com\/?p=1418"},"modified":"2025-01-06T21:01:46","modified_gmt":"2025-01-06T21:01:46","slug":"musk-dice-que-la-cobertura-mediatica-de-la-explosion-del-cybertruck-sabotea-la-imagen-de-tesla-y-amenaza-con-demandas","status":"publish","type":"post","link":"https:\/\/garageblogec.com\/?p=1418","title":{"rendered":"Musk dice que la cobertura medi\u00e1tica de la explosi\u00f3n del Cybertruck \u201csabotea\u201d la imagen de Tesla y amenaza con demandas"},"content":{"rendered":"\n<p>Elon Musk, el CEO de Tesla, ha insinuado que podr\u00eda iniciar una batalla legal con los medios de comunicaci\u00f3n por la cobertura que dieron a la explosi\u00f3n de un\u00a0Cybertruck\u00a0en Las Vegas la semana pasada. Al mismo tiempo, el hombre m\u00e1s rico del mundo tambi\u00e9n ha aprovechado el tr\u00e1gico incidente para destacar\u00a0la fortaleza del cami\u00f3n el\u00e9ctrico\u00a0.<\/p>\n\n\n\n<figure class=\"wp-block-image size-large\"><img decoding=\"async\" src=\"https:\/\/www.carscoops.com\/wp-content\/uploads\/webp\/2025\/01\/tgv5rfcd-1536x864.webp\" alt=\"\"\/><\/figure>\n\n\n\n<p>Al principio no estaba claro qu\u00e9 hab\u00eda provocado la explosi\u00f3n del\u00a0Tesla\u00a0poco despu\u00e9s de que estuviera estacionado justo en la entrada del hotel Trump. En un art\u00edculo que cubr\u00eda la explosi\u00f3n, el titular de Business Insider llam\u00f3 la atenci\u00f3n del comentarista conservador Robby Starbuck, quien sugiri\u00f3 que Musk deber\u00eda considerar demandar a los medios que enmarcaran la historia de manera despectiva. \u00bfEl t\u00edtulo ofensivo? \u201cLa explosi\u00f3n de un Tesla Cybertruck frente al hotel Trump en Las Vegas deja un muerto y siete heridos\u201d.<\/p>\n\n\n\n<p>Si bien esa declaraci\u00f3n es cierta, Starbuck sugiri\u00f3 que \u201cestos titulares est\u00e1n saboteando la marca Tesla al hacer que la gente piense que se incendi\u00f3\u201d. Parece que Musk est\u00e1 de acuerdo con esa afirmaci\u00f3n, ya que respondi\u00f3: \u201cTal vez sea el momento de hacerlo\u201d, lo que implica que demandar a los medios podr\u00eda ser la respuesta.<\/p>\n\n\n\n<figure class=\"wp-block-image size-large\"><a href=\"https:\/\/www.kia.com\/ec\/showroom\/sonet\/features.html\"><img fetchpriority=\"high\" decoding=\"async\" width=\"1024\" height=\"284\" src=\"https:\/\/garageblogec.com\/wp-content\/uploads\/2024\/12\/1080x300-1024x284.jpg\" alt=\"\" class=\"wp-image-1360\" srcset=\"https:\/\/garageblogec.com\/wp-content\/uploads\/2024\/12\/1080x300-1024x284.jpg 1024w, https:\/\/garageblogec.com\/wp-content\/uploads\/2024\/12\/1080x300-300x83.jpg 300w, https:\/\/garageblogec.com\/wp-content\/uploads\/2024\/12\/1080x300-768x213.jpg 768w, https:\/\/garageblogec.com\/wp-content\/uploads\/2024\/12\/1080x300.jpg 1080w\" sizes=\"(max-width: 1024px) 100vw, 1024px\" \/><\/a><\/figure>\n\n\n\n<p>Si bien la mayor\u00eda de los fabricantes de autom\u00f3viles probablemente pensar\u00edan que tener uno de sus veh\u00edculos involucrado en un presunto ataque dirigido ser\u00eda una pesadilla de relaciones p\u00fablicas, Musk\u00a0no tard\u00f3\u00a0mucho en comenzar a tratar de convertir el incidente en algo positivo.<\/p>\n\n\n\n<p>En una publicaci\u00f3n posterior en X, Musk dijo: \u201cEsos malvados imb\u00e9ciles eligieron el veh\u00edculo equivocado para un ataque terrorista. El Cybertruck en realidad contuvo la explosi\u00f3n y dirigi\u00f3 la onda expansiva hacia arriba. Ni siquiera se rompieron las puertas de vidrio del vest\u00edbulo\u201d.\u00a0Luego agreg\u00f3\u00a0: \u201cEstoy bastante seguro de que podr\u00edamos hacer que funcionara nuevamente tambi\u00e9n\u201d.<\/p>\n\n\n\n<figure class=\"wp-block-image size-large\"><img decoding=\"async\" src=\"https:\/\/pbs.twimg.com\/media\/GgQYWZzXsAAPMyI?format=jpg&amp;name=large\" alt=\"\"\/><\/figure>\n\n\n\n<p>El sentimiento de Musk fue respaldado por el sheriff del Departamento de Polic\u00eda Metropolitana de Las Vegas, Kevin McCahill, quien dijo: \u00abEl hecho de que se tratara de un Cybertruck realmente limit\u00f3 el da\u00f1o que ocurri\u00f3 dentro del estacionamiento porque la mayor parte de la explosi\u00f3n atraves\u00f3 el cami\u00f3n y sali\u00f3\u00bb.<\/p>\n\n\n\n<p>No es la primera vez que Musk\u00a0<br>promociona la resistencia de la camioneta el\u00e9ctrica de Tesla\u00a0despu\u00e9s de un accidente devastador. En noviembre, un Cybertruck qued\u00f3 destruido en Guadalajara, M\u00e9xico, tras chocar contra una estatua. Mientras una mujer de 18 a\u00f1os sali\u00f3 despedida del veh\u00edculo el\u00e9ctrico y qued\u00f3 tendida en el pavimento en estado cr\u00edtico, Musk se subi\u00f3 a la camioneta y volvi\u00f3 a publicar im\u00e1genes del choque, diciendo que el \u00abCybertruck es m\u00e1s resistente que una bolsa de clavos\u00bb.<\/p>\n\n\n<div class='pt-cv-wrapper'> <h3 class='pt-cv-heading-container heading1' data-blockid='2az4yc1z'><span class='pt-cv-heading'> Overlay1 <\/span><\/h3><div class=\"pt-cv-view pt-cv-overlaygrid iscvblock iscvreal overlay1 layout1\" id=\"pt-cv-view-2az4yc1z\"><div data-id=\"pt-cv-page-1\" class=\"pt-cv-page\" data-cvc=\"3\"><div class=\" pt-cv-content-item pt-cv-1-col\" ><div class=\"pt-cv-thumb-wrapper  \"><a href=\"https:\/\/garageblogec.com\/?p=3303\" class=\"_self pt-cv-href-thumbnail pt-cv-thumb-default\" target=\"_self\" ><img decoding=\"async\" width=\"768\" height=\"432\" src=\"https:\/\/garageblogec.com\/wp-content\/uploads\/2026\/04\/WhatsApp-Image-2026-04-21-at-1.52.53-PM-768x432.jpeg\" class=\"pt-cv-thumbnail\" alt=\"\" \/><\/a><\/div>\n<div class=\"pt-cv-overlay-wrapper\"><div class=\"pt-cv-taxoterm above_title\"><a href='https:\/\/garageblogec.com\/?cat=27' title='Industria Nacional' class='pt-cv-tax-industria-nacional'>Industria Nacional<\/a><\/div><h4 class=\"pt-cv-title\"><a href=\"https:\/\/garageblogec.com\/?p=3303\" class=\"_self\" target=\"_self\" >Grupo Ambacar presenta en Guayaquil KGM, su nueva marca de SUV h\u00edbridos con respaldo global<\/a><\/h4><div class=\"pt-cv-meta-fields\"><span class=\"entry-date\"> <time datetime=\"2026-04-21T21:37:24+00:00\">abril 21, 2026<\/time><\/span><span> \/ <\/span><span class=\"author\"> <a href=\"https:\/\/garageblogec.com\/?author=6\" rel=\"author\">gabi1212<\/a><\/span><\/div><\/div><\/div>\n<div class=\" pt-cv-content-item pt-cv-1-col\" ><div class=\"pt-cv-thumb-wrapper  \"><a href=\"https:\/\/garageblogec.com\/?p=3296\" class=\"_self pt-cv-href-thumbnail pt-cv-thumb-default\" target=\"_self\" ><img decoding=\"async\" width=\"768\" height=\"432\" src=\"https:\/\/garageblogec.com\/wp-content\/uploads\/2026\/04\/WhatsApp-Image-2026-04-14-at-3.15.09-PM-768x432.jpeg\" class=\"pt-cv-thumbnail\" alt=\"\" \/><\/a><\/div>\n<div class=\"pt-cv-overlay-wrapper\"><div class=\"pt-cv-taxoterm above_title\"><a href='https:\/\/garageblogec.com\/?cat=27' title='Industria Nacional' class='pt-cv-tax-industria-nacional'>Industria Nacional<\/a><\/div><h4 class=\"pt-cv-title\"><a href=\"https:\/\/garageblogec.com\/?p=3296\" class=\"_self\" target=\"_self\" >El tablero desapareci\u00f3, ahora el auto es una pantalla inteligente<\/a><\/h4><div class=\"pt-cv-meta-fields\"><span class=\"entry-date\"> <time datetime=\"2026-04-14T20:21:20+00:00\">abril 14, 2026<\/time><\/span><span> \/ <\/span><span class=\"author\"> <a href=\"https:\/\/garageblogec.com\/?author=6\" rel=\"author\">gabi1212<\/a><\/span><\/div><\/div><\/div>\n<div class=\" pt-cv-content-item pt-cv-1-col\" ><div class=\"pt-cv-thumb-wrapper  \"><a href=\"https:\/\/garageblogec.com\/?p=3291\" class=\"_self pt-cv-href-thumbnail pt-cv-thumb-default\" target=\"_self\" ><img loading=\"lazy\" decoding=\"async\" width=\"768\" height=\"432\" src=\"https:\/\/garageblogec.com\/wp-content\/uploads\/2026\/04\/WhatsApp-Image-2026-04-14-at-2.21.27-PM-768x432.jpeg\" class=\"pt-cv-thumbnail\" alt=\"\" \/><\/a><\/div>\n<div class=\"pt-cv-overlay-wrapper\"><div class=\"pt-cv-taxoterm above_title\"><a href='https:\/\/garageblogec.com\/?cat=27' title='Industria Nacional' class='pt-cv-tax-industria-nacional'>Industria Nacional<\/a><\/div><h4 class=\"pt-cv-title\"><a href=\"https:\/\/garageblogec.com\/?p=3291\" class=\"_self\" target=\"_self\" >Seguridad al volante en Ecuador: los errores m\u00e1s comunes que cometen los conductores<\/a><\/h4><div class=\"pt-cv-meta-fields\"><span class=\"entry-date\"> <time datetime=\"2026-04-14T20:08:54+00:00\">abril 14, 2026<\/time><\/span><span> \/ <\/span><span class=\"author\"> <a href=\"https:\/\/garageblogec.com\/?author=6\" rel=\"author\">gabi1212<\/a><\/span><\/div><\/div><\/div>\n<div class=\" pt-cv-content-item pt-cv-1-col\" ><div class=\"pt-cv-thumb-wrapper  \"><a href=\"https:\/\/garageblogec.com\/?p=3286\" class=\"_self pt-cv-href-thumbnail pt-cv-thumb-default\" target=\"_self\" ><img loading=\"lazy\" decoding=\"async\" width=\"768\" height=\"492\" src=\"https:\/\/garageblogec.com\/wp-content\/uploads\/2026\/04\/Posventa.jpg-768x492.jpeg\" class=\"pt-cv-thumbnail\" alt=\"\" \/><\/a><\/div>\n<div class=\"pt-cv-overlay-wrapper\"><div class=\"pt-cv-taxoterm above_title\"><a href='https:\/\/garageblogec.com\/?cat=27' title='Industria Nacional' class='pt-cv-tax-industria-nacional'>Industria Nacional<\/a><\/div><h4 class=\"pt-cv-title\"><a href=\"https:\/\/garageblogec.com\/?p=3286\" class=\"_self\" target=\"_self\" >Clientes Nissan reciben cambios de aceite infinitos<\/a><\/h4><div class=\"pt-cv-meta-fields\"><span class=\"entry-date\"> <time datetime=\"2026-04-14T20:04:08+00:00\">abril 14, 2026<\/time><\/span><span> \/ <\/span><span class=\"author\"> <a href=\"https:\/\/garageblogec.com\/?author=6\" rel=\"author\">gabi1212<\/a><\/span><\/div><\/div><\/div>\n<div class=\" pt-cv-content-item pt-cv-1-col\" ><div class=\"pt-cv-thumb-wrapper  \"><a href=\"https:\/\/garageblogec.com\/?p=3280\" class=\"_self pt-cv-href-thumbnail pt-cv-thumb-default\" target=\"_self\" ><img loading=\"lazy\" decoding=\"async\" width=\"768\" height=\"512\" src=\"https:\/\/garageblogec.com\/wp-content\/uploads\/2026\/04\/foto1-768x512.jpeg\" class=\"pt-cv-thumbnail\" alt=\"\" \/><\/a><\/div>\n<div class=\"pt-cv-overlay-wrapper\"><div class=\"pt-cv-taxoterm above_title\"><a href='https:\/\/garageblogec.com\/?cat=27' title='Industria Nacional' class='pt-cv-tax-industria-nacional'>Industria Nacional<\/a><\/div><h4 class=\"pt-cv-title\"><a href=\"https:\/\/garageblogec.com\/?p=3280\" class=\"_self\" target=\"_self\" >Movilidad como inversi\u00f3n: el uso de utilidades que crece en Ecuador<\/a><\/h4><div class=\"pt-cv-meta-fields\"><span class=\"entry-date\"> <time datetime=\"2026-04-07T19:55:36+00:00\">abril 7, 2026<\/time><\/span><span> \/ <\/span><span class=\"author\"> <a href=\"https:\/\/garageblogec.com\/?author=6\" rel=\"author\">gabi1212<\/a><\/span><\/div><\/div><\/div>\n<div class=\" pt-cv-content-item pt-cv-1-col\" ><div class=\"pt-cv-thumb-wrapper  \"><a href=\"https:\/\/garageblogec.com\/?p=3276\" class=\"_self pt-cv-href-thumbnail pt-cv-thumb-default\" target=\"_self\" ><img loading=\"lazy\" decoding=\"async\" width=\"745\" height=\"491\" src=\"https:\/\/garageblogec.com\/wp-content\/uploads\/2026\/04\/TT.png\" class=\"pt-cv-thumbnail\" alt=\"\" \/><\/a><\/div>\n<div class=\"pt-cv-overlay-wrapper\"><div class=\"pt-cv-taxoterm above_title\"><a href='https:\/\/garageblogec.com\/?cat=27' title='Industria Nacional' class='pt-cv-tax-industria-nacional'>Industria Nacional<\/a><\/div><h4 class=\"pt-cv-title\"><a href=\"https:\/\/garageblogec.com\/?p=3276\" class=\"_self\" target=\"_self\" >Lluvias en Ecuador: C\u00f3mo reducir riesgos en carretera y prevenir accidentes en calzada mojada<\/a><\/h4><div class=\"pt-cv-meta-fields\"><span class=\"entry-date\"> <time datetime=\"2026-04-07T19:46:52+00:00\">abril 7, 2026<\/time><\/span><span> \/ <\/span><span class=\"author\"> <a href=\"https:\/\/garageblogec.com\/?author=6\" rel=\"author\">gabi1212<\/a><\/span><\/div><\/div><\/div><\/div><\/div> <\/div> <style>\n#pt-cv-view-2az4yc1z .pt-cv-thumb-wrapper::before {background: rgba(0,0,0,.4); opacity: 0.8;}#pt-cv-view-2az4yc1z .pt-cv-overlay-wrapper {justify-content: center;}\n#pt-cv-view-2az4yc1z .pt-cv-meta-fields {  }#pt-cv-view-2az4yc1z .pt-cv-meta-fields * { font-size: 13px; }#pt-cv-view-2az4yc1z .pt-cv-title a { display: block; }#pt-cv-view-2az4yc1z .pt-cv-title:not(.pt-cv-titlesm) a { font-weight: 600;text-decoration: none;font-size: 20px; }#pt-cv-view-2az4yc1z .pt-cv-titlesm a { font-weight: 600;font-size: 18px; }#pt-cv-view-2az4yc1z .pt-cv-content { font-size: 15px; }#pt-cv-view-2az4yc1z .pt-cv-rmwrap {  }#pt-cv-view-2az4yc1z .pt-cv-readmore { color: #fff;background-color: #0075ff;font-size: 14px; }#pt-cv-view-2az4yc1z .pt-cv-taxoterm { margin: 0px 0px 20px 0px; }#pt-cv-view-2az4yc1z .pt-cv-taxoterm * { color: #222;background-color: #fff6f6;font-size: 14px; }#pt-cv-view-2az4yc1z + .pt-cv-pagination-wrapper {  }#pt-cv-view-2az4yc1z + .pt-cv-pagination-wrapper a { font-size: 14px; }#pt-cv-view-2az4yc1z > .pt-cv-page {grid-template-columns: repeat(3, 1fr);grid-auto-rows: 250px;grid-gap: 10px;}\n@media all and (max-width: 1024px) { \n#pt-cv-view-2az4yc1z > .pt-cv-page {}\n} \n@media all and (max-width: 767px) { \n#pt-cv-view-2az4yc1z > .pt-cv-page {grid-template-columns: repeat(1, 1fr);}\n} <\/style>","protected":false},"excerpt":{"rendered":"<p>Musk estuvo de acuerdo con un comentario de que algunos titulares \u00abest\u00e1n saboteando la marca Tesla\u00bb y respondi\u00f3 que \u00abtal vez sea hora\u00bb de demandar a ciertos medios.<\/p>\n","protected":false},"author":6,"featured_media":1419,"comment_status":"open","ping_status":"open","sticky":false,"template":"","format":"standard","meta":{"_jetpack_memberships_contains_paid_content":false,"footnotes":""},"categories":[27],"tags":[],"class_list":["post-1418","post","type-post","status-publish","format-standard","has-post-thumbnail","hentry","category-industria-nacional"],"yoast_head":"<!-- This site is optimized with the Yoast SEO plugin v27.4 - https:\/\/yoast.com\/product\/yoast-seo-wordpress\/ -->\n<title>Musk dice que la cobertura medi\u00e1tica de la explosi\u00f3n del Cybertruck \u201csabotea\u201d la imagen de Tesla y amenaza con demandas - Garage Blog Ecuador<\/title>\n<meta name=\"robots\" content=\"index, follow, max-snippet:-1, max-image-preview:large, max-video-preview:-1\" \/>\n<link rel=\"canonical\" href=\"https:\/\/garageblogec.com\/?p=1418\" \/>\n<meta property=\"og:locale\" content=\"es_ES\" \/>\n<meta property=\"og:type\" content=\"article\" \/>\n<meta property=\"og:title\" content=\"Musk dice que la cobertura medi\u00e1tica de la explosi\u00f3n del Cybertruck \u201csabotea\u201d la imagen de Tesla y amenaza con demandas - Garage Blog Ecuador\" \/>\n<meta property=\"og:description\" content=\"Musk estuvo de acuerdo con un comentario de que algunos titulares &quot;est\u00e1n saboteando la marca Tesla&quot; y respondi\u00f3 que &quot;tal vez sea hora&quot; de demandar a ciertos medios.\" \/>\n<meta property=\"og:url\" content=\"https:\/\/garageblogec.com\/?p=1418\" \/>\n<meta property=\"og:site_name\" content=\"Garage Blog Ecuador\" \/>\n<meta property=\"article:published_time\" content=\"2025-01-06T21:01:44+00:00\" \/>\n<meta property=\"article:modified_time\" content=\"2025-01-06T21:01:46+00:00\" \/>\n<meta property=\"og:image\" content=\"https:\/\/garageblogec.com\/wp-content\/uploads\/2025\/01\/ggg.png\" \/>\n\t<meta property=\"og:image:width\" content=\"876\" \/>\n\t<meta property=\"og:image:height\" content=\"490\" \/>\n\t<meta property=\"og:image:type\" content=\"image\/png\" \/>\n<meta name=\"author\" content=\"gabi1212\" \/>\n<meta name=\"twitter:card\" content=\"summary_large_image\" \/>\n<meta name=\"twitter:label1\" content=\"Escrito por\" \/>\n\t<meta name=\"twitter:data1\" content=\"gabi1212\" \/>\n\t<meta name=\"twitter:label2\" content=\"Tiempo de lectura\" \/>\n\t<meta name=\"twitter:data2\" content=\"3 minutos\" \/>\n<script type=\"application\/ld+json\" class=\"yoast-schema-graph\">{\"@context\":\"https:\\\/\\\/schema.org\",\"@graph\":[{\"@type\":\"Article\",\"@id\":\"https:\\\/\\\/garageblogec.com\\\/?p=1418#article\",\"isPartOf\":{\"@id\":\"https:\\\/\\\/garageblogec.com\\\/?p=1418\"},\"author\":{\"name\":\"gabi1212\",\"@id\":\"https:\\\/\\\/garageblogec.com\\\/#\\\/schema\\\/person\\\/635f4b76c0cb3e43b82fe6f7d8bcceea\"},\"headline\":\"Musk dice que la cobertura medi\u00e1tica de la explosi\u00f3n del Cybertruck \u201csabotea\u201d la imagen de Tesla y amenaza con demandas\",\"datePublished\":\"2025-01-06T21:01:44+00:00\",\"dateModified\":\"2025-01-06T21:01:46+00:00\",\"mainEntityOfPage\":{\"@id\":\"https:\\\/\\\/garageblogec.com\\\/?p=1418\"},\"wordCount\":498,\"commentCount\":0,\"publisher\":{\"@id\":\"https:\\\/\\\/garageblogec.com\\\/#organization\"},\"image\":{\"@id\":\"https:\\\/\\\/garageblogec.com\\\/?p=1418#primaryimage\"},\"thumbnailUrl\":\"https:\\\/\\\/garageblogec.com\\\/wp-content\\\/uploads\\\/2025\\\/01\\\/ggg.png\",\"articleSection\":[\"Industria Nacional\"],\"inLanguage\":\"es\",\"potentialAction\":[{\"@type\":\"CommentAction\",\"name\":\"Comment\",\"target\":[\"https:\\\/\\\/garageblogec.com\\\/?p=1418#respond\"]}]},{\"@type\":\"WebPage\",\"@id\":\"https:\\\/\\\/garageblogec.com\\\/?p=1418\",\"url\":\"https:\\\/\\\/garageblogec.com\\\/?p=1418\",\"name\":\"Musk dice que la cobertura medi\u00e1tica de la explosi\u00f3n del Cybertruck \u201csabotea\u201d la imagen de Tesla y amenaza con demandas - Garage Blog Ecuador\",\"isPartOf\":{\"@id\":\"https:\\\/\\\/garageblogec.com\\\/#website\"},\"primaryImageOfPage\":{\"@id\":\"https:\\\/\\\/garageblogec.com\\\/?p=1418#primaryimage\"},\"image\":{\"@id\":\"https:\\\/\\\/garageblogec.com\\\/?p=1418#primaryimage\"},\"thumbnailUrl\":\"https:\\\/\\\/garageblogec.com\\\/wp-content\\\/uploads\\\/2025\\\/01\\\/ggg.png\",\"datePublished\":\"2025-01-06T21:01:44+00:00\",\"dateModified\":\"2025-01-06T21:01:46+00:00\",\"breadcrumb\":{\"@id\":\"https:\\\/\\\/garageblogec.com\\\/?p=1418#breadcrumb\"},\"inLanguage\":\"es\",\"potentialAction\":[{\"@type\":\"ReadAction\",\"target\":[\"https:\\\/\\\/garageblogec.com\\\/?p=1418\"]}]},{\"@type\":\"ImageObject\",\"inLanguage\":\"es\",\"@id\":\"https:\\\/\\\/garageblogec.com\\\/?p=1418#primaryimage\",\"url\":\"https:\\\/\\\/garageblogec.com\\\/wp-content\\\/uploads\\\/2025\\\/01\\\/ggg.png\",\"contentUrl\":\"https:\\\/\\\/garageblogec.com\\\/wp-content\\\/uploads\\\/2025\\\/01\\\/ggg.png\",\"width\":876,\"height\":490},{\"@type\":\"BreadcrumbList\",\"@id\":\"https:\\\/\\\/garageblogec.com\\\/?p=1418#breadcrumb\",\"itemListElement\":[{\"@type\":\"ListItem\",\"position\":1,\"name\":\"Portada\",\"item\":\"https:\\\/\\\/garageblogec.com\\\/\"},{\"@type\":\"ListItem\",\"position\":2,\"name\":\"Musk dice que la cobertura medi\u00e1tica de la explosi\u00f3n del Cybertruck \u201csabotea\u201d la imagen de Tesla y amenaza con demandas\"}]},{\"@type\":\"WebSite\",\"@id\":\"https:\\\/\\\/garageblogec.com\\\/#website\",\"url\":\"https:\\\/\\\/garageblogec.com\\\/\",\"name\":\"Garage Blog Ecuador\",\"description\":\"Alucinamos por los autos \",\"publisher\":{\"@id\":\"https:\\\/\\\/garageblogec.com\\\/#organization\"},\"potentialAction\":[{\"@type\":\"SearchAction\",\"target\":{\"@type\":\"EntryPoint\",\"urlTemplate\":\"https:\\\/\\\/garageblogec.com\\\/?s={search_term_string}\"},\"query-input\":{\"@type\":\"PropertyValueSpecification\",\"valueRequired\":true,\"valueName\":\"search_term_string\"}}],\"inLanguage\":\"es\"},{\"@type\":\"Organization\",\"@id\":\"https:\\\/\\\/garageblogec.com\\\/#organization\",\"name\":\"Garage Blog Ecuador\",\"url\":\"https:\\\/\\\/garageblogec.com\\\/\",\"logo\":{\"@type\":\"ImageObject\",\"inLanguage\":\"es\",\"@id\":\"https:\\\/\\\/garageblogec.com\\\/#\\\/schema\\\/logo\\\/image\\\/\",\"url\":\"https:\\\/\\\/garageblogec.com\\\/wp-content\\\/uploads\\\/2024\\\/02\\\/cropped-logo-png-para-blog.webp\",\"contentUrl\":\"https:\\\/\\\/garageblogec.com\\\/wp-content\\\/uploads\\\/2024\\\/02\\\/cropped-logo-png-para-blog.webp\",\"width\":840,\"height\":556,\"caption\":\"Garage Blog Ecuador \"},\"image\":{\"@id\":\"https:\\\/\\\/garageblogec.com\\\/#\\\/schema\\\/logo\\\/image\\\/\"}},{\"@type\":\"Person\",\"@id\":\"https:\\\/\\\/garageblogec.com\\\/#\\\/schema\\\/person\\\/635f4b76c0cb3e43b82fe6f7d8bcceea\",\"name\":\"gabi1212\",\"image\":{\"@type\":\"ImageObject\",\"inLanguage\":\"es\",\"@id\":\"https:\\\/\\\/secure.gravatar.com\\\/avatar\\\/6aa491f45cb359d4d6dd8c430e83f78899c80569c27d21156e19bbdcd31d1811?s=96&d=mm&r=g\",\"url\":\"https:\\\/\\\/secure.gravatar.com\\\/avatar\\\/6aa491f45cb359d4d6dd8c430e83f78899c80569c27d21156e19bbdcd31d1811?s=96&d=mm&r=g\",\"contentUrl\":\"https:\\\/\\\/secure.gravatar.com\\\/avatar\\\/6aa491f45cb359d4d6dd8c430e83f78899c80569c27d21156e19bbdcd31d1811?s=96&d=mm&r=g\",\"caption\":\"gabi1212\"},\"url\":\"https:\\\/\\\/garageblogec.com\\\/?author=6\"}]}<\/script>\n<!-- \/ Yoast SEO plugin. -->","yoast_head_json":{"title":"Musk dice que la cobertura medi\u00e1tica de la explosi\u00f3n del Cybertruck \u201csabotea\u201d la imagen de Tesla y amenaza con demandas - Garage Blog Ecuador","robots":{"index":"index","follow":"follow","max-snippet":"max-snippet:-1","max-image-preview":"max-image-preview:large","max-video-preview":"max-video-preview:-1"},"canonical":"https:\/\/garageblogec.com\/?p=1418","og_locale":"es_ES","og_type":"article","og_title":"Musk dice que la cobertura medi\u00e1tica de la explosi\u00f3n del Cybertruck \u201csabotea\u201d la imagen de Tesla y amenaza con demandas - Garage Blog Ecuador","og_description":"Musk estuvo de acuerdo con un comentario de que algunos titulares \"est\u00e1n saboteando la marca Tesla\" y respondi\u00f3 que \"tal vez sea hora\" de demandar a ciertos medios.","og_url":"https:\/\/garageblogec.com\/?p=1418","og_site_name":"Garage Blog Ecuador","article_published_time":"2025-01-06T21:01:44+00:00","article_modified_time":"2025-01-06T21:01:46+00:00","og_image":[{"width":876,"height":490,"url":"https:\/\/garageblogec.com\/wp-content\/uploads\/2025\/01\/ggg.png","type":"image\/png"}],"author":"gabi1212","twitter_card":"summary_large_image","twitter_misc":{"Escrito por":"gabi1212","Tiempo de lectura":"3 minutos"},"schema":{"@context":"https:\/\/schema.org","@graph":[{"@type":"Article","@id":"https:\/\/garageblogec.com\/?p=1418#article","isPartOf":{"@id":"https:\/\/garageblogec.com\/?p=1418"},"author":{"name":"gabi1212","@id":"https:\/\/garageblogec.com\/#\/schema\/person\/635f4b76c0cb3e43b82fe6f7d8bcceea"},"headline":"Musk dice que la cobertura medi\u00e1tica de la explosi\u00f3n del Cybertruck \u201csabotea\u201d la imagen de Tesla y amenaza con demandas","datePublished":"2025-01-06T21:01:44+00:00","dateModified":"2025-01-06T21:01:46+00:00","mainEntityOfPage":{"@id":"https:\/\/garageblogec.com\/?p=1418"},"wordCount":498,"commentCount":0,"publisher":{"@id":"https:\/\/garageblogec.com\/#organization"},"image":{"@id":"https:\/\/garageblogec.com\/?p=1418#primaryimage"},"thumbnailUrl":"https:\/\/garageblogec.com\/wp-content\/uploads\/2025\/01\/ggg.png","articleSection":["Industria Nacional"],"inLanguage":"es","potentialAction":[{"@type":"CommentAction","name":"Comment","target":["https:\/\/garageblogec.com\/?p=1418#respond"]}]},{"@type":"WebPage","@id":"https:\/\/garageblogec.com\/?p=1418","url":"https:\/\/garageblogec.com\/?p=1418","name":"Musk dice que la cobertura medi\u00e1tica de la explosi\u00f3n del Cybertruck \u201csabotea\u201d la imagen de Tesla y amenaza con demandas - Garage Blog Ecuador","isPartOf":{"@id":"https:\/\/garageblogec.com\/#website"},"primaryImageOfPage":{"@id":"https:\/\/garageblogec.com\/?p=1418#primaryimage"},"image":{"@id":"https:\/\/garageblogec.com\/?p=1418#primaryimage"},"thumbnailUrl":"https:\/\/garageblogec.com\/wp-content\/uploads\/2025\/01\/ggg.png","datePublished":"2025-01-06T21:01:44+00:00","dateModified":"2025-01-06T21:01:46+00:00","breadcrumb":{"@id":"https:\/\/garageblogec.com\/?p=1418#breadcrumb"},"inLanguage":"es","potentialAction":[{"@type":"ReadAction","target":["https:\/\/garageblogec.com\/?p=1418"]}]},{"@type":"ImageObject","inLanguage":"es","@id":"https:\/\/garageblogec.com\/?p=1418#primaryimage","url":"https:\/\/garageblogec.com\/wp-content\/uploads\/2025\/01\/ggg.png","contentUrl":"https:\/\/garageblogec.com\/wp-content\/uploads\/2025\/01\/ggg.png","width":876,"height":490},{"@type":"BreadcrumbList","@id":"https:\/\/garageblogec.com\/?p=1418#breadcrumb","itemListElement":[{"@type":"ListItem","position":1,"name":"Portada","item":"https:\/\/garageblogec.com\/"},{"@type":"ListItem","position":2,"name":"Musk dice que la cobertura medi\u00e1tica de la explosi\u00f3n del Cybertruck \u201csabotea\u201d la imagen de Tesla y amenaza con demandas"}]},{"@type":"WebSite","@id":"https:\/\/garageblogec.com\/#website","url":"https:\/\/garageblogec.com\/","name":"Garage Blog Ecuador","description":"Alucinamos por los autos ","publisher":{"@id":"https:\/\/garageblogec.com\/#organization"},"potentialAction":[{"@type":"SearchAction","target":{"@type":"EntryPoint","urlTemplate":"https:\/\/garageblogec.com\/?s={search_term_string}"},"query-input":{"@type":"PropertyValueSpecification","valueRequired":true,"valueName":"search_term_string"}}],"inLanguage":"es"},{"@type":"Organization","@id":"https:\/\/garageblogec.com\/#organization","name":"Garage Blog Ecuador","url":"https:\/\/garageblogec.com\/","logo":{"@type":"ImageObject","inLanguage":"es","@id":"https:\/\/garageblogec.com\/#\/schema\/logo\/image\/","url":"https:\/\/garageblogec.com\/wp-content\/uploads\/2024\/02\/cropped-logo-png-para-blog.webp","contentUrl":"https:\/\/garageblogec.com\/wp-content\/uploads\/2024\/02\/cropped-logo-png-para-blog.webp","width":840,"height":556,"caption":"Garage Blog Ecuador "},"image":{"@id":"https:\/\/garageblogec.com\/#\/schema\/logo\/image\/"}},{"@type":"Person","@id":"https:\/\/garageblogec.com\/#\/schema\/person\/635f4b76c0cb3e43b82fe6f7d8bcceea","name":"gabi1212","image":{"@type":"ImageObject","inLanguage":"es","@id":"https:\/\/secure.gravatar.com\/avatar\/6aa491f45cb359d4d6dd8c430e83f78899c80569c27d21156e19bbdcd31d1811?s=96&d=mm&r=g","url":"https:\/\/secure.gravatar.com\/avatar\/6aa491f45cb359d4d6dd8c430e83f78899c80569c27d21156e19bbdcd31d1811?s=96&d=mm&r=g","contentUrl":"https:\/\/secure.gravatar.com\/avatar\/6aa491f45cb359d4d6dd8c430e83f78899c80569c27d21156e19bbdcd31d1811?s=96&d=mm&r=g","caption":"gabi1212"},"url":"https:\/\/garageblogec.com\/?author=6"}]}},"jetpack_featured_media_url":"https:\/\/garageblogec.com\/wp-content\/uploads\/2025\/01\/ggg.png","jetpack_sharing_enabled":true,"_links":{"self":[{"href":"https:\/\/garageblogec.com\/index.php?rest_route=\/wp\/v2\/posts\/1418","targetHints":{"allow":["GET"]}}],"collection":[{"href":"https:\/\/garageblogec.com\/index.php?rest_route=\/wp\/v2\/posts"}],"about":[{"href":"https:\/\/garageblogec.com\/index.php?rest_route=\/wp\/v2\/types\/post"}],"author":[{"embeddable":true,"href":"https:\/\/garageblogec.com\/index.php?rest_route=\/wp\/v2\/users\/6"}],"replies":[{"embeddable":true,"href":"https:\/\/garageblogec.com\/index.php?rest_route=%2Fwp%2Fv2%2Fcomments&post=1418"}],"version-history":[{"count":1,"href":"https:\/\/garageblogec.com\/index.php?rest_route=\/wp\/v2\/posts\/1418\/revisions"}],"predecessor-version":[{"id":1420,"href":"https:\/\/garageblogec.com\/index.php?rest_route=\/wp\/v2\/posts\/1418\/revisions\/1420"}],"wp:featuredmedia":[{"embeddable":true,"href":"https:\/\/garageblogec.com\/index.php?rest_route=\/wp\/v2\/media\/1419"}],"wp:attachment":[{"href":"https:\/\/garageblogec.com\/index.php?rest_route=%2Fwp%2Fv2%2Fmedia&parent=1418"}],"wp:term":[{"taxonomy":"category","embeddable":true,"href":"https:\/\/garageblogec.com\/index.php?rest_route=%2Fwp%2Fv2%2Fcategories&post=1418"},{"taxonomy":"post_tag","embeddable":true,"href":"https:\/\/garageblogec.com\/index.php?rest_route=%2Fwp%2Fv2%2Ftags&post=1418"}],"curies":[{"name":"wp","href":"https:\/\/api.w.org\/{rel}","templated":true}]}}