{"id":1399,"date":"2024-12-30T12:42:17","date_gmt":"2024-12-30T12:42:17","guid":{"rendered":"https:\/\/garageblogec.com\/?p=1399"},"modified":"2024-12-30T12:42:20","modified_gmt":"2024-12-30T12:42:20","slug":"resena-volkswagen-saveiro-2024-el-regreso-de-un-clasico-renovado-a-ecuador","status":"publish","type":"post","link":"https:\/\/garageblogec.com\/?p=1399","title":{"rendered":"Rese\u00f1a: Volkswagen Saveiro 2024, el regreso de un cl\u00e1sico renovado a Ecuador"},"content":{"rendered":"\n<p>Despu\u00e9s de 13 a\u00f1os de ausencia, la ic\u00f3nica <strong>Volkswagen Saveiro<\/strong> regresa a Ecuador, esta vez con un dise\u00f1o renovado, mejoras significativas en su mec\u00e1nica y una propuesta m\u00e1s adaptada a las necesidades de los negocios locales. Este relanzamiento marca un hito en el mercado de pick-ups compactas, consolid\u00e1ndose como una opci\u00f3n ideal tanto para emprendedores como para peque\u00f1os empresarios que buscan funcionalidad y rendimiento.<\/p>\n\n\n\n<h3 class=\"wp-block-heading\"><strong>Motorizaci\u00f3n eficiente y confiable<\/strong><\/h3>\n\n\n\n<figure class=\"wp-block-image size-large\"><img decoding=\"async\" src=\"https:\/\/i.ytimg.com\/vi\/Ae5wMaT73SY\/maxresdefault.jpg\" alt=\"\"\/><\/figure>\n\n\n\n<p>Bajo el cap\u00f3, la nueva Saveiro equipa un motor <strong>1.6 litros MSI<\/strong> , conocido por su confiabilidad y eficiencia. Este propulsor genera la potencia necesaria para desempe\u00f1arse tanto en trayectos urbanos como en terrenos m\u00e1s exigentes, ofreciendo una experiencia de manejo \u00e1gil y econ\u00f3mica. Adem\u00e1s, se ofrece en <strong>tres versiones<\/strong> , adapt\u00e1ndose a diferentes necesidades y presupuestos: desde opciones b\u00e1sicas enfocadas en la utilidad hasta versiones m\u00e1s completas con tecnolog\u00eda y comodidad mejorada. Su configuraci\u00f3n mec\u00e1nica asegura una operaci\u00f3n sencilla y un mantenimiento asequible, caracter\u00edsticas esenciales para quienes la ven como una herramienta de trabajo.<\/p>\n\n\n\n<p>El motor MSI de Volkswagen es un\u00a0motor de cuatro cilindros en l\u00ednea con inyecci\u00f3n multipunto\u00a0(Multi Point System Injection):\u00a0<\/p>\n\n\n\n<ul class=\"wp-block-list\">\n<li>Tiene 16 v\u00e1lvulas y un doble \u00e1rbol de levas<\/li>\n\n\n\n<li>Cuenta con un sistema de distribuci\u00f3n variable en el lado de admisi\u00f3n para ahorrar combustible<\/li>\n\n\n\n<li>Es una variaci\u00f3n sin turbo del motor VW EA211, que se adapta a mercados con temperaturas extremas y combustibles de baja calidad<\/li>\n<\/ul>\n\n\n\n<p>Otros modelos de Volkswagen que cuentan con motor MSI son:<\/p>\n\n\n\n<ul class=\"wp-block-list\">\n<li>El Virtus, que tiene un motor de 1.6 litros y 110 CV\u00a0<\/li>\n\n\n\n<li>El Gol y Voyage, que cuentan con un motor de 1.6 MSI con 110 CV\u00a0<\/li>\n\n\n\n<li>El Fox, que cuenta con un motor de 1.6 MSI con 110 CV\u00a0<\/li>\n<\/ul>\n\n\n\n<p>El encendido multichispa (MSI) es un sistema que puede encender la buj\u00eda hasta cinco veces por carrera de potencia.<\/p>\n\n\n\n<figure class=\"wp-block-gallery has-nested-images columns-default is-cropped wp-block-gallery-1 is-layout-flex wp-block-gallery-is-layout-flex\">\n<figure class=\"wp-block-image size-large\"><img fetchpriority=\"high\" decoding=\"async\" width=\"683\" height=\"1024\" data-id=\"1401\" src=\"https:\/\/garageblogec.com\/wp-content\/uploads\/2024\/12\/IMG_5893-683x1024.png\" alt=\"\" class=\"wp-image-1401\" srcset=\"https:\/\/garageblogec.com\/wp-content\/uploads\/2024\/12\/IMG_5893-683x1024.png 683w, https:\/\/garageblogec.com\/wp-content\/uploads\/2024\/12\/IMG_5893-200x300.png 200w, https:\/\/garageblogec.com\/wp-content\/uploads\/2024\/12\/IMG_5893-768x1152.png 768w, https:\/\/garageblogec.com\/wp-content\/uploads\/2024\/12\/IMG_5893-1024x1536.png 1024w, https:\/\/garageblogec.com\/wp-content\/uploads\/2024\/12\/IMG_5893-1365x2048.png 1365w, https:\/\/garageblogec.com\/wp-content\/uploads\/2024\/12\/IMG_5893-1320x1980.png 1320w\" sizes=\"(max-width: 683px) 100vw, 683px\" \/><\/figure>\n\n\n\n<figure class=\"wp-block-image size-large\"><img decoding=\"async\" width=\"683\" height=\"1024\" data-id=\"1403\" src=\"https:\/\/garageblogec.com\/wp-content\/uploads\/2024\/12\/IMG_5895-683x1024.png\" alt=\"\" class=\"wp-image-1403\" srcset=\"https:\/\/garageblogec.com\/wp-content\/uploads\/2024\/12\/IMG_5895-683x1024.png 683w, https:\/\/garageblogec.com\/wp-content\/uploads\/2024\/12\/IMG_5895-200x300.png 200w, https:\/\/garageblogec.com\/wp-content\/uploads\/2024\/12\/IMG_5895-768x1152.png 768w, https:\/\/garageblogec.com\/wp-content\/uploads\/2024\/12\/IMG_5895-1024x1536.png 1024w, https:\/\/garageblogec.com\/wp-content\/uploads\/2024\/12\/IMG_5895-1365x2048.png 1365w, https:\/\/garageblogec.com\/wp-content\/uploads\/2024\/12\/IMG_5895-1320x1980.png 1320w\" sizes=\"(max-width: 683px) 100vw, 683px\" \/><\/figure>\n\n\n\n<figure class=\"wp-block-image size-large\"><img decoding=\"async\" width=\"683\" height=\"1024\" data-id=\"1402\" src=\"https:\/\/garageblogec.com\/wp-content\/uploads\/2024\/12\/IMG_5898-683x1024.png\" alt=\"\" class=\"wp-image-1402\" srcset=\"https:\/\/garageblogec.com\/wp-content\/uploads\/2024\/12\/IMG_5898-683x1024.png 683w, https:\/\/garageblogec.com\/wp-content\/uploads\/2024\/12\/IMG_5898-200x300.png 200w, https:\/\/garageblogec.com\/wp-content\/uploads\/2024\/12\/IMG_5898-768x1152.png 768w, https:\/\/garageblogec.com\/wp-content\/uploads\/2024\/12\/IMG_5898-1024x1536.png 1024w, https:\/\/garageblogec.com\/wp-content\/uploads\/2024\/12\/IMG_5898-1365x2048.png 1365w, https:\/\/garageblogec.com\/wp-content\/uploads\/2024\/12\/IMG_5898-1320x1980.png 1320w\" sizes=\"(max-width: 683px) 100vw, 683px\" \/><\/figure>\n<\/figure>\n\n\n\n<p>Volkswagen ha apostado por un dise\u00f1o m\u00e1s aerodin\u00e1mico y contempor\u00e1neo, destacando l\u00edneas limpias y robustas que transmiten elegancia sin renunciar a su car\u00e1cter utilitario. El frontal, con una parrilla redise\u00f1ada y faros m\u00e1s estilizados, le da una presencia fresca y actual. Adem\u00e1s, este enfoque aerodin\u00e1mico no solo mejora el rendimiento en carretera, sino que tambi\u00e9n contribuye a reducir el consumo de combustible, un punto a favor para cualquier presupuesto.<\/p>\n\n\n\n<p>Uno de los aspectos m\u00e1s destacados de la nueva Saveiro es su <strong>amplia capacidad de carga<\/strong> , que la posiciona como una herramienta indispensable para peque\u00f1os empresarios, comerciantes y due\u00f1os de negocios que requieren transportar mercanc\u00edas sin necesidad de optar por veh\u00edculos m\u00e1s grandes y costosos. Su practicidad y versatilidad la hacen perfecta para sectores como la agricultura, la construcci\u00f3n ligera o el comercio minorista.<\/p>\n\n\n\n<figure class=\"wp-block-embed is-type-video is-provider-tiktok wp-block-embed-tiktok\"><div class=\"wp-block-embed__wrapper\">\n<blockquote class=\"tiktok-embed\" cite=\"https:\/\/www.tiktok.com\/@garageblogec\/video\/7451770166112750854\" data-video-id=\"7451770166112750854\" data-embed-from=\"oembed\" style=\"max-width:605px; min-width:325px;\"> <section> <a target=\"_blank\" title=\"@garageblogec\" href=\"https:\/\/www.tiktok.com\/@garageblogec?refer=embed\">@garageblogec<\/a> <p>Asi es la nueva Volkswagen Saveiro  <a title=\"volkswagen\" target=\"_blank\" href=\"https:\/\/www.tiktok.com\/tag\/volkswagen?refer=embed\">#volkswagen<\/a>  <a title=\"saveiro\" target=\"_blank\" href=\"https:\/\/www.tiktok.com\/tag\/saveiro?refer=embed\">#saveiro<\/a> <a title=\"fuerzarigida\" target=\"_blank\" href=\"https:\/\/www.tiktok.com\/tag\/fuerzarigida?refer=embed\">#fuerzarigida<\/a> <a title=\"titodoblep\" target=\"_blank\" href=\"https:\/\/www.tiktok.com\/tag\/titodoblep?refer=embed\">#titodoblep<\/a><\/p> <a target=\"_blank\" title=\"\u266c sonido original - Garage Blog Ecuador \ud83e\udd76 - Garage Blog Ecuador \ud83e\udd76\" href=\"https:\/\/www.tiktok.com\/music\/sonido-original-Garage-Blog-Ecuador-\ud83e\udd76-7451770238577969926?refer=embed\">\u266c sonido original &#8211; Garage Blog Ecuador \ud83e\udd76 &#8211; Garage Blog Ecuador \ud83e\udd76<\/a> <\/section> <\/blockquote> <script async src=\"https:\/\/www.tiktok.com\/embed.js\"><\/script>\n<\/div><\/figure>\n\n\n\n<p>La decisi\u00f3n de Volkswagen de traer de vuelta la Saveiro despu\u00e9s de m\u00e1s de una d\u00e9cada no es casualidad. Ecuador, con su creciente mercado de emprendedores y peque\u00f1as empresas, demanda veh\u00edculos que combinen desempe\u00f1o, econom\u00eda y adaptabilidad. Adem\u00e1s, este modelo llega en un momento donde la competencia en el segmento de pick-ups compactas est\u00e1 en auge, posicion\u00e1ndose como una alternativa confiable y con historia.<\/p>\n\n\n\n<figure class=\"wp-block-image size-large\"><a href=\"https:\/\/www.kia.com\/ec\/showroom\/sonet\/features.html\"><img loading=\"lazy\" decoding=\"async\" width=\"1024\" height=\"284\" src=\"https:\/\/garageblogec.com\/wp-content\/uploads\/2024\/12\/1080x300-1024x284.jpg\" alt=\"\" class=\"wp-image-1360\" srcset=\"https:\/\/garageblogec.com\/wp-content\/uploads\/2024\/12\/1080x300-1024x284.jpg 1024w, https:\/\/garageblogec.com\/wp-content\/uploads\/2024\/12\/1080x300-300x83.jpg 300w, https:\/\/garageblogec.com\/wp-content\/uploads\/2024\/12\/1080x300-768x213.jpg 768w, https:\/\/garageblogec.com\/wp-content\/uploads\/2024\/12\/1080x300.jpg 1080w\" sizes=\"(max-width: 1024px) 100vw, 1024px\" \/><\/a><\/figure>\n\n\n\n<p>La Volkswagen Saveiro 2024 no solo representa un regreso esperado, sino tambi\u00e9n una respuesta a las necesidades actuales del mercado ecuatoriano. Su motor eficiente, dise\u00f1o renovado y capacidad de carga la convierten en una opci\u00f3n estrat\u00e9gica para quienes buscan un veh\u00edculo que combine utilidad y estilo. En definitiva, la Saveiro est\u00e1 lista para recuperar su lugar en las carreteras y negocios del pa\u00eds, record\u00e1ndonos por qu\u00e9 es uno de los nombres m\u00e1s registrados en el segmento de pick-ups.<\/p>\n\n\n\n<figure class=\"wp-block-image size-large is-resized\"><img loading=\"lazy\" decoding=\"async\" width=\"768\" height=\"1024\" src=\"https:\/\/garageblogec.com\/wp-content\/uploads\/2024\/12\/IMG_8137-2-768x1024.jpg\" alt=\"\" class=\"wp-image-1406\" style=\"width:608px;height:auto\" srcset=\"https:\/\/garageblogec.com\/wp-content\/uploads\/2024\/12\/IMG_8137-2-768x1024.jpg 768w, https:\/\/garageblogec.com\/wp-content\/uploads\/2024\/12\/IMG_8137-2-225x300.jpg 225w, https:\/\/garageblogec.com\/wp-content\/uploads\/2024\/12\/IMG_8137-2-1152x1536.jpg 1152w, https:\/\/garageblogec.com\/wp-content\/uploads\/2024\/12\/IMG_8137-2-1536x2048.jpg 1536w, https:\/\/garageblogec.com\/wp-content\/uploads\/2024\/12\/IMG_8137-2-1320x1760.jpg 1320w, https:\/\/garageblogec.com\/wp-content\/uploads\/2024\/12\/IMG_8137-2-scaled.jpg 1920w\" sizes=\"(max-width: 768px) 100vw, 768px\" \/><\/figure>\n","protected":false},"excerpt":{"rendered":"<p>Despu\u00e9s de 13 a\u00f1os de ausencia, la ic\u00f3nica Volkswagen Saveiro regresa a Ecuador<\/p>\n","protected":false},"author":1,"featured_media":1400,"comment_status":"open","ping_status":"open","sticky":false,"template":"","format":"standard","meta":{"_jetpack_memberships_contains_paid_content":false,"footnotes":""},"categories":[27],"tags":[68,30],"class_list":["post-1399","post","type-post","status-publish","format-standard","has-post-thumbnail","hentry","category-industria-nacional","tag-autos","tag-ecuador"],"yoast_head":"<!-- This site is optimized with the Yoast SEO plugin v27.4 - https:\/\/yoast.com\/product\/yoast-seo-wordpress\/ -->\n<title>Rese\u00f1a: Volkswagen Saveiro 2024, el regreso de un cl\u00e1sico renovado a Ecuador - Garage Blog Ecuador<\/title>\n<meta name=\"description\" content=\"Despu\u00e9s de 13 a\u00f1os de ausencia, la ic\u00f3nica Volkswagen Saveiro regresa a Ecuador\" \/>\n<meta name=\"robots\" content=\"index, follow, max-snippet:-1, max-image-preview:large, max-video-preview:-1\" \/>\n<link rel=\"canonical\" href=\"https:\/\/garageblogec.com\/?p=1399\" \/>\n<meta property=\"og:locale\" content=\"es_ES\" \/>\n<meta property=\"og:type\" content=\"article\" \/>\n<meta property=\"og:title\" content=\"Rese\u00f1a: Volkswagen Saveiro 2024, el regreso de un cl\u00e1sico renovado a Ecuador - Garage Blog Ecuador\" \/>\n<meta property=\"og:description\" content=\"Despu\u00e9s de 13 a\u00f1os de ausencia, la ic\u00f3nica Volkswagen Saveiro regresa a Ecuador\" \/>\n<meta property=\"og:url\" content=\"https:\/\/garageblogec.com\/?p=1399\" \/>\n<meta property=\"og:site_name\" content=\"Garage Blog Ecuador\" \/>\n<meta property=\"article:published_time\" content=\"2024-12-30T12:42:17+00:00\" \/>\n<meta property=\"article:modified_time\" content=\"2024-12-30T12:42:20+00:00\" \/>\n<meta property=\"og:image\" content=\"https:\/\/garageblogec.com\/wp-content\/uploads\/2024\/12\/Sin-titulo-1-1024x576.png\" \/>\n\t<meta property=\"og:image:width\" content=\"1024\" \/>\n\t<meta property=\"og:image:height\" content=\"576\" \/>\n\t<meta property=\"og:image:type\" content=\"image\/png\" \/>\n<meta name=\"author\" content=\"admin\" \/>\n<meta name=\"twitter:card\" content=\"summary_large_image\" \/>\n<meta name=\"twitter:label1\" content=\"Escrito por\" \/>\n\t<meta name=\"twitter:data1\" content=\"admin\" \/>\n\t<meta name=\"twitter:label2\" content=\"Tiempo de lectura\" \/>\n\t<meta name=\"twitter:data2\" content=\"5 minutos\" \/>\n<script type=\"application\/ld+json\" class=\"yoast-schema-graph\">{\"@context\":\"https:\\\/\\\/schema.org\",\"@graph\":[{\"@type\":\"Article\",\"@id\":\"https:\\\/\\\/garageblogec.com\\\/?p=1399#article\",\"isPartOf\":{\"@id\":\"https:\\\/\\\/garageblogec.com\\\/?p=1399\"},\"author\":{\"name\":\"admin\",\"@id\":\"https:\\\/\\\/garageblogec.com\\\/#\\\/schema\\\/person\\\/9e42946a1c059998e1dcd2e9c0b14f7b\"},\"headline\":\"Rese\u00f1a: Volkswagen Saveiro 2024, el regreso de un cl\u00e1sico renovado a Ecuador\",\"datePublished\":\"2024-12-30T12:42:17+00:00\",\"dateModified\":\"2024-12-30T12:42:20+00:00\",\"mainEntityOfPage\":{\"@id\":\"https:\\\/\\\/garageblogec.com\\\/?p=1399\"},\"wordCount\":645,\"commentCount\":0,\"publisher\":{\"@id\":\"https:\\\/\\\/garageblogec.com\\\/#organization\"},\"image\":{\"@id\":\"https:\\\/\\\/garageblogec.com\\\/?p=1399#primaryimage\"},\"thumbnailUrl\":\"https:\\\/\\\/garageblogec.com\\\/wp-content\\\/uploads\\\/2024\\\/12\\\/Sin-titulo-1.png\",\"keywords\":[\"autos\",\"Ecuador\"],\"articleSection\":[\"Industria Nacional\"],\"inLanguage\":\"es\",\"potentialAction\":[{\"@type\":\"CommentAction\",\"name\":\"Comment\",\"target\":[\"https:\\\/\\\/garageblogec.com\\\/?p=1399#respond\"]}]},{\"@type\":\"WebPage\",\"@id\":\"https:\\\/\\\/garageblogec.com\\\/?p=1399\",\"url\":\"https:\\\/\\\/garageblogec.com\\\/?p=1399\",\"name\":\"Rese\u00f1a: Volkswagen Saveiro 2024, el regreso de un cl\u00e1sico renovado a Ecuador - Garage Blog Ecuador\",\"isPartOf\":{\"@id\":\"https:\\\/\\\/garageblogec.com\\\/#website\"},\"primaryImageOfPage\":{\"@id\":\"https:\\\/\\\/garageblogec.com\\\/?p=1399#primaryimage\"},\"image\":{\"@id\":\"https:\\\/\\\/garageblogec.com\\\/?p=1399#primaryimage\"},\"thumbnailUrl\":\"https:\\\/\\\/garageblogec.com\\\/wp-content\\\/uploads\\\/2024\\\/12\\\/Sin-titulo-1.png\",\"datePublished\":\"2024-12-30T12:42:17+00:00\",\"dateModified\":\"2024-12-30T12:42:20+00:00\",\"description\":\"Despu\u00e9s de 13 a\u00f1os de ausencia, la ic\u00f3nica Volkswagen Saveiro regresa a Ecuador\",\"breadcrumb\":{\"@id\":\"https:\\\/\\\/garageblogec.com\\\/?p=1399#breadcrumb\"},\"inLanguage\":\"es\",\"potentialAction\":[{\"@type\":\"ReadAction\",\"target\":[\"https:\\\/\\\/garageblogec.com\\\/?p=1399\"]}]},{\"@type\":\"ImageObject\",\"inLanguage\":\"es\",\"@id\":\"https:\\\/\\\/garageblogec.com\\\/?p=1399#primaryimage\",\"url\":\"https:\\\/\\\/garageblogec.com\\\/wp-content\\\/uploads\\\/2024\\\/12\\\/Sin-titulo-1.png\",\"contentUrl\":\"https:\\\/\\\/garageblogec.com\\\/wp-content\\\/uploads\\\/2024\\\/12\\\/Sin-titulo-1.png\",\"width\":1920,\"height\":1080},{\"@type\":\"BreadcrumbList\",\"@id\":\"https:\\\/\\\/garageblogec.com\\\/?p=1399#breadcrumb\",\"itemListElement\":[{\"@type\":\"ListItem\",\"position\":1,\"name\":\"Portada\",\"item\":\"https:\\\/\\\/garageblogec.com\\\/\"},{\"@type\":\"ListItem\",\"position\":2,\"name\":\"Rese\u00f1a: Volkswagen Saveiro 2024, el regreso de un cl\u00e1sico renovado a Ecuador\"}]},{\"@type\":\"WebSite\",\"@id\":\"https:\\\/\\\/garageblogec.com\\\/#website\",\"url\":\"https:\\\/\\\/garageblogec.com\\\/\",\"name\":\"Garage Blog Ecuador\",\"description\":\"Alucinamos por los autos \",\"publisher\":{\"@id\":\"https:\\\/\\\/garageblogec.com\\\/#organization\"},\"potentialAction\":[{\"@type\":\"SearchAction\",\"target\":{\"@type\":\"EntryPoint\",\"urlTemplate\":\"https:\\\/\\\/garageblogec.com\\\/?s={search_term_string}\"},\"query-input\":{\"@type\":\"PropertyValueSpecification\",\"valueRequired\":true,\"valueName\":\"search_term_string\"}}],\"inLanguage\":\"es\"},{\"@type\":\"Organization\",\"@id\":\"https:\\\/\\\/garageblogec.com\\\/#organization\",\"name\":\"Garage Blog Ecuador\",\"url\":\"https:\\\/\\\/garageblogec.com\\\/\",\"logo\":{\"@type\":\"ImageObject\",\"inLanguage\":\"es\",\"@id\":\"https:\\\/\\\/garageblogec.com\\\/#\\\/schema\\\/logo\\\/image\\\/\",\"url\":\"https:\\\/\\\/garageblogec.com\\\/wp-content\\\/uploads\\\/2024\\\/02\\\/cropped-logo-png-para-blog.webp\",\"contentUrl\":\"https:\\\/\\\/garageblogec.com\\\/wp-content\\\/uploads\\\/2024\\\/02\\\/cropped-logo-png-para-blog.webp\",\"width\":840,\"height\":556,\"caption\":\"Garage Blog Ecuador \"},\"image\":{\"@id\":\"https:\\\/\\\/garageblogec.com\\\/#\\\/schema\\\/logo\\\/image\\\/\"}},{\"@type\":\"Person\",\"@id\":\"https:\\\/\\\/garageblogec.com\\\/#\\\/schema\\\/person\\\/9e42946a1c059998e1dcd2e9c0b14f7b\",\"name\":\"admin\",\"image\":{\"@type\":\"ImageObject\",\"inLanguage\":\"es\",\"@id\":\"https:\\\/\\\/secure.gravatar.com\\\/avatar\\\/3612d5dfd364004c4d91ec427ebfe980a13c66be055df17156d99287f7c39228?s=96&d=mm&r=g\",\"url\":\"https:\\\/\\\/secure.gravatar.com\\\/avatar\\\/3612d5dfd364004c4d91ec427ebfe980a13c66be055df17156d99287f7c39228?s=96&d=mm&r=g\",\"contentUrl\":\"https:\\\/\\\/secure.gravatar.com\\\/avatar\\\/3612d5dfd364004c4d91ec427ebfe980a13c66be055df17156d99287f7c39228?s=96&d=mm&r=g\",\"caption\":\"admin\"},\"sameAs\":[\"https:\\\/\\\/garageblogec.com\"],\"url\":\"https:\\\/\\\/garageblogec.com\\\/?author=1\"}]}<\/script>\n<!-- \/ Yoast SEO plugin. -->","yoast_head_json":{"title":"Rese\u00f1a: Volkswagen Saveiro 2024, el regreso de un cl\u00e1sico renovado a Ecuador - Garage Blog Ecuador","description":"Despu\u00e9s de 13 a\u00f1os de ausencia, la ic\u00f3nica Volkswagen Saveiro regresa a Ecuador","robots":{"index":"index","follow":"follow","max-snippet":"max-snippet:-1","max-image-preview":"max-image-preview:large","max-video-preview":"max-video-preview:-1"},"canonical":"https:\/\/garageblogec.com\/?p=1399","og_locale":"es_ES","og_type":"article","og_title":"Rese\u00f1a: Volkswagen Saveiro 2024, el regreso de un cl\u00e1sico renovado a Ecuador - Garage Blog Ecuador","og_description":"Despu\u00e9s de 13 a\u00f1os de ausencia, la ic\u00f3nica Volkswagen Saveiro regresa a Ecuador","og_url":"https:\/\/garageblogec.com\/?p=1399","og_site_name":"Garage Blog Ecuador","article_published_time":"2024-12-30T12:42:17+00:00","article_modified_time":"2024-12-30T12:42:20+00:00","og_image":[{"width":1024,"height":576,"url":"https:\/\/garageblogec.com\/wp-content\/uploads\/2024\/12\/Sin-titulo-1-1024x576.png","type":"image\/png"}],"author":"admin","twitter_card":"summary_large_image","twitter_misc":{"Escrito por":"admin","Tiempo de lectura":"5 minutos"},"schema":{"@context":"https:\/\/schema.org","@graph":[{"@type":"Article","@id":"https:\/\/garageblogec.com\/?p=1399#article","isPartOf":{"@id":"https:\/\/garageblogec.com\/?p=1399"},"author":{"name":"admin","@id":"https:\/\/garageblogec.com\/#\/schema\/person\/9e42946a1c059998e1dcd2e9c0b14f7b"},"headline":"Rese\u00f1a: Volkswagen Saveiro 2024, el regreso de un cl\u00e1sico renovado a Ecuador","datePublished":"2024-12-30T12:42:17+00:00","dateModified":"2024-12-30T12:42:20+00:00","mainEntityOfPage":{"@id":"https:\/\/garageblogec.com\/?p=1399"},"wordCount":645,"commentCount":0,"publisher":{"@id":"https:\/\/garageblogec.com\/#organization"},"image":{"@id":"https:\/\/garageblogec.com\/?p=1399#primaryimage"},"thumbnailUrl":"https:\/\/garageblogec.com\/wp-content\/uploads\/2024\/12\/Sin-titulo-1.png","keywords":["autos","Ecuador"],"articleSection":["Industria Nacional"],"inLanguage":"es","potentialAction":[{"@type":"CommentAction","name":"Comment","target":["https:\/\/garageblogec.com\/?p=1399#respond"]}]},{"@type":"WebPage","@id":"https:\/\/garageblogec.com\/?p=1399","url":"https:\/\/garageblogec.com\/?p=1399","name":"Rese\u00f1a: Volkswagen Saveiro 2024, el regreso de un cl\u00e1sico renovado a Ecuador - Garage Blog Ecuador","isPartOf":{"@id":"https:\/\/garageblogec.com\/#website"},"primaryImageOfPage":{"@id":"https:\/\/garageblogec.com\/?p=1399#primaryimage"},"image":{"@id":"https:\/\/garageblogec.com\/?p=1399#primaryimage"},"thumbnailUrl":"https:\/\/garageblogec.com\/wp-content\/uploads\/2024\/12\/Sin-titulo-1.png","datePublished":"2024-12-30T12:42:17+00:00","dateModified":"2024-12-30T12:42:20+00:00","description":"Despu\u00e9s de 13 a\u00f1os de ausencia, la ic\u00f3nica Volkswagen Saveiro regresa a Ecuador","breadcrumb":{"@id":"https:\/\/garageblogec.com\/?p=1399#breadcrumb"},"inLanguage":"es","potentialAction":[{"@type":"ReadAction","target":["https:\/\/garageblogec.com\/?p=1399"]}]},{"@type":"ImageObject","inLanguage":"es","@id":"https:\/\/garageblogec.com\/?p=1399#primaryimage","url":"https:\/\/garageblogec.com\/wp-content\/uploads\/2024\/12\/Sin-titulo-1.png","contentUrl":"https:\/\/garageblogec.com\/wp-content\/uploads\/2024\/12\/Sin-titulo-1.png","width":1920,"height":1080},{"@type":"BreadcrumbList","@id":"https:\/\/garageblogec.com\/?p=1399#breadcrumb","itemListElement":[{"@type":"ListItem","position":1,"name":"Portada","item":"https:\/\/garageblogec.com\/"},{"@type":"ListItem","position":2,"name":"Rese\u00f1a: Volkswagen Saveiro 2024, el regreso de un cl\u00e1sico renovado a Ecuador"}]},{"@type":"WebSite","@id":"https:\/\/garageblogec.com\/#website","url":"https:\/\/garageblogec.com\/","name":"Garage Blog Ecuador","description":"Alucinamos por los autos ","publisher":{"@id":"https:\/\/garageblogec.com\/#organization"},"potentialAction":[{"@type":"SearchAction","target":{"@type":"EntryPoint","urlTemplate":"https:\/\/garageblogec.com\/?s={search_term_string}"},"query-input":{"@type":"PropertyValueSpecification","valueRequired":true,"valueName":"search_term_string"}}],"inLanguage":"es"},{"@type":"Organization","@id":"https:\/\/garageblogec.com\/#organization","name":"Garage Blog Ecuador","url":"https:\/\/garageblogec.com\/","logo":{"@type":"ImageObject","inLanguage":"es","@id":"https:\/\/garageblogec.com\/#\/schema\/logo\/image\/","url":"https:\/\/garageblogec.com\/wp-content\/uploads\/2024\/02\/cropped-logo-png-para-blog.webp","contentUrl":"https:\/\/garageblogec.com\/wp-content\/uploads\/2024\/02\/cropped-logo-png-para-blog.webp","width":840,"height":556,"caption":"Garage Blog Ecuador "},"image":{"@id":"https:\/\/garageblogec.com\/#\/schema\/logo\/image\/"}},{"@type":"Person","@id":"https:\/\/garageblogec.com\/#\/schema\/person\/9e42946a1c059998e1dcd2e9c0b14f7b","name":"admin","image":{"@type":"ImageObject","inLanguage":"es","@id":"https:\/\/secure.gravatar.com\/avatar\/3612d5dfd364004c4d91ec427ebfe980a13c66be055df17156d99287f7c39228?s=96&d=mm&r=g","url":"https:\/\/secure.gravatar.com\/avatar\/3612d5dfd364004c4d91ec427ebfe980a13c66be055df17156d99287f7c39228?s=96&d=mm&r=g","contentUrl":"https:\/\/secure.gravatar.com\/avatar\/3612d5dfd364004c4d91ec427ebfe980a13c66be055df17156d99287f7c39228?s=96&d=mm&r=g","caption":"admin"},"sameAs":["https:\/\/garageblogec.com"],"url":"https:\/\/garageblogec.com\/?author=1"}]}},"jetpack_featured_media_url":"https:\/\/garageblogec.com\/wp-content\/uploads\/2024\/12\/Sin-titulo-1.png","jetpack_sharing_enabled":true,"_links":{"self":[{"href":"https:\/\/garageblogec.com\/index.php?rest_route=\/wp\/v2\/posts\/1399","targetHints":{"allow":["GET"]}}],"collection":[{"href":"https:\/\/garageblogec.com\/index.php?rest_route=\/wp\/v2\/posts"}],"about":[{"href":"https:\/\/garageblogec.com\/index.php?rest_route=\/wp\/v2\/types\/post"}],"author":[{"embeddable":true,"href":"https:\/\/garageblogec.com\/index.php?rest_route=\/wp\/v2\/users\/1"}],"replies":[{"embeddable":true,"href":"https:\/\/garageblogec.com\/index.php?rest_route=%2Fwp%2Fv2%2Fcomments&post=1399"}],"version-history":[{"count":1,"href":"https:\/\/garageblogec.com\/index.php?rest_route=\/wp\/v2\/posts\/1399\/revisions"}],"predecessor-version":[{"id":1407,"href":"https:\/\/garageblogec.com\/index.php?rest_route=\/wp\/v2\/posts\/1399\/revisions\/1407"}],"wp:featuredmedia":[{"embeddable":true,"href":"https:\/\/garageblogec.com\/index.php?rest_route=\/wp\/v2\/media\/1400"}],"wp:attachment":[{"href":"https:\/\/garageblogec.com\/index.php?rest_route=%2Fwp%2Fv2%2Fmedia&parent=1399"}],"wp:term":[{"taxonomy":"category","embeddable":true,"href":"https:\/\/garageblogec.com\/index.php?rest_route=%2Fwp%2Fv2%2Fcategories&post=1399"},{"taxonomy":"post_tag","embeddable":true,"href":"https:\/\/garageblogec.com\/index.php?rest_route=%2Fwp%2Fv2%2Ftags&post=1399"}],"curies":[{"name":"wp","href":"https:\/\/api.w.org\/{rel}","templated":true}]}}