{"id":1378,"date":"2024-12-24T16:42:44","date_gmt":"2024-12-24T16:42:44","guid":{"rendered":"https:\/\/garageblogec.com\/?p=1378"},"modified":"2024-12-24T16:42:46","modified_gmt":"2024-12-24T16:42:46","slug":"nissan-y-honda-firman-un-memorando-de-entendimiento-para-estudiar-la-integracion-empresarial","status":"publish","type":"post","link":"https:\/\/garageblogec.com\/?p=1378","title":{"rendered":"Nissan y Honda firman un memorando de entendimiento para estudiar la integraci\u00f3n empresarial."},"content":{"rendered":"\n<figure class=\"wp-block-image size-large\"><img fetchpriority=\"high\" decoding=\"async\" width=\"1024\" height=\"683\" src=\"https:\/\/garageblogec.com\/wp-content\/uploads\/2024\/12\/241223-01_03-source-1024x683.jpg\" alt=\"\" class=\"wp-image-1379\" srcset=\"https:\/\/garageblogec.com\/wp-content\/uploads\/2024\/12\/241223-01_03-source-1024x683.jpg 1024w, https:\/\/garageblogec.com\/wp-content\/uploads\/2024\/12\/241223-01_03-source-300x200.jpg 300w, https:\/\/garageblogec.com\/wp-content\/uploads\/2024\/12\/241223-01_03-source-768x512.jpg 768w, https:\/\/garageblogec.com\/wp-content\/uploads\/2024\/12\/241223-01_03-source-1536x1024.jpg 1536w, https:\/\/garageblogec.com\/wp-content\/uploads\/2024\/12\/241223-01_03-source-2048x1365.jpg 2048w, https:\/\/garageblogec.com\/wp-content\/uploads\/2024\/12\/241223-01_03-source-1320x880.jpg 1320w\" sizes=\"(max-width: 1024px) 100vw, 1024px\" \/><\/figure>\n\n\n\n<p>Nissan Motor Co., Ltd. (\u00abNissan\u00bb) y Honda Motor Co., Ltd. (\u00abHonda\u00bb) han firmado un memorando de entendimiento (MOU) para iniciar las conversaciones y consideraciones con miras a una integraci\u00f3n empresarial entre las dos empresas mediante el establecimiento de una sociedad holding conjunta.<\/p>\n\n\n\n<p>Para acelerar a\u00fan m\u00e1s sus esfuerzos por lograr una sociedad neutra en carbono y una sociedad con cero accidentes de tr\u00e1fico, Nissan y Honda firmaron un memorando de entendimiento el 15 de marzo sobre una asociaci\u00f3n estrat\u00e9gica para la era de la inteligencia y la electrificaci\u00f3n de los veh\u00edculos. Desde entonces, las dos empresas han mantenido conversaciones destinadas a colaborar en varios campos.<\/p>\n\n\n\n<p>El 1 de agosto, ambas empresas firmaron otro memorando de entendimiento para profundizar el marco de la asociaci\u00f3n estrat\u00e9gica. Las empresas tambi\u00e9n anunciaron que hab\u00edan acordado llevar a cabo una investigaci\u00f3n conjunta en tecnolog\u00edas fundamentales en el \u00e1rea de plataformas para veh\u00edculos definidos por software (SDV) de pr\u00f3xima generaci\u00f3n, en particular en las \u00e1reas cruciales para la inteligencia y la electrificaci\u00f3n, para avanzar en las discusiones centradas en una colaboraci\u00f3n m\u00e1s concreta.<\/p>\n\n\n\n<p>A lo largo del proceso, Nissan y Honda han participado en conversaciones en las que se han tenido en cuenta varias posibilidades y opciones. Al mismo tiempo, el entorno empresarial de ambas compa\u00f1\u00edas y de la industria automotriz en general ha cambiado r\u00e1pidamente y la velocidad de la innovaci\u00f3n tecnol\u00f3gica ha seguido aceler\u00e1ndose. El memorando de entendimiento entre Nissan y Honda anunciado hoy tiene como objetivo servir como una opci\u00f3n para mantener la competitividad global y para que las dos compa\u00f1\u00edas sigan entregando productos y servicios m\u00e1s atractivos a los clientes de todo el<br>mundo.<\/p>\n\n\n\n<figure class=\"wp-block-image size-large\"><a href=\"https:\/\/www.kia.com\/ec\/showroom\/sonet\/features.html\"><img decoding=\"async\" width=\"1024\" height=\"284\" src=\"https:\/\/garageblogec.com\/wp-content\/uploads\/2024\/12\/1080x300-1024x284.jpg\" alt=\"\" class=\"wp-image-1360\" srcset=\"https:\/\/garageblogec.com\/wp-content\/uploads\/2024\/12\/1080x300-1024x284.jpg 1024w, https:\/\/garageblogec.com\/wp-content\/uploads\/2024\/12\/1080x300-300x83.jpg 300w, https:\/\/garageblogec.com\/wp-content\/uploads\/2024\/12\/1080x300-768x213.jpg 768w, https:\/\/garageblogec.com\/wp-content\/uploads\/2024\/12\/1080x300.jpg 1080w\" sizes=\"(max-width: 1024px) 100vw, 1024px\" \/><\/a><\/figure>\n\n\n\n<p>Si la integraci\u00f3n empresarial se pudiera realizar, ambas compa\u00f1\u00edas pueden aspirar a integrar sus respectivos recursos de gesti\u00f3n, como el conocimiento, los recursos humanos y las tecnolog\u00edas; crear sinergias m\u00e1s profundas; mejorar la capacidad de respuesta a los cambios del mercado; y esperar mejorar el valor corporativo a medio y largo plazo.<br>Adem\u00e1s, Nissan y Honda pueden aspirar a seguir contribuyendo al desarrollo de la base industrial de Jap\u00f3n como una \u00abcompa\u00f1\u00eda l\u00edder en movilidad global\u00bb mediante la integraci\u00f3n de los negocios de veh\u00edculos de cuatro ruedas de Nissan y Honda y de motocicletas y productos el\u00e9ctricos de Honda, lo que permitir\u00e1 que las marcas de ambas compa\u00f1\u00edas se vuelvan m\u00e1s atractivas y entreguen productos y servicios m\u00e1s atractivos e innovadores a los clientes de todo el mundo.<br>En el marco del anuncio, Makoto Uchida, director, presidente, CEO y representante ejecutivo de Nissan, afirm\u00f3: \u00abHoy es un momento decisivo, ya que iniciamos conversaciones sobre la integraci\u00f3n empresarial que tiene el potencial de dar forma a nuestro futuro. Si se concreta, creo que, al unir las fortalezas de ambas empresas, vamos a poder ofrecer un valor incomparable a los clientes de todo el mundo que aprecian nuestras respectivas marcas. Juntos, podemos crear una manera \u00fanica para que disfruten<br>de los veh\u00edculos, que ninguna de las dos empresas podr\u00eda lograr por s\u00ed sola\u00bb.<\/p>\n\n\n\n<p>El director y representante ejecutivo de Honda, Toshihiro Mibe, afirm\u00f3: \u00abLa creaci\u00f3n de un nuevo valor de movilidad mediante la uni\u00f3n de los recursos, incluidos el conocimiento, los talentos y las tecnolog\u00edas que Honda y Nissan han estado desarrollando durante muchos a\u00f1os es esencial para superar los desafiantes cambios ambientales que enfrenta la industria automotriz. Honda y Nissan son dos empresas con fortalezas distintivas.<br>\u00abTodav\u00eda estamos en la etapa de iniciar nuestra revisi\u00f3n y a\u00fan no hemos decidido sobre una integraci\u00f3n comercial, pero para encontrar una direcci\u00f3n para la posibilidad de integraci\u00f3n comercial para fines de enero de 2025, nos esforzamos por ser la \u00fanica empresa l\u00edder que crea nuevo valor de movilidad a trav\u00e9s de una reacci\u00f3n qu\u00edmica que solo puede impulsarse a trav\u00e9s de la s\u00edntesis de los dos equipos\u00bb.<\/p>\n\n\n\n<figure class=\"wp-block-image size-large\"><img decoding=\"async\" width=\"1024\" height=\"683\" src=\"https:\/\/garageblogec.com\/wp-content\/uploads\/2024\/12\/241223-01_01-source-1024x683.jpg\" alt=\"\" class=\"wp-image-1380\" srcset=\"https:\/\/garageblogec.com\/wp-content\/uploads\/2024\/12\/241223-01_01-source-1024x683.jpg 1024w, https:\/\/garageblogec.com\/wp-content\/uploads\/2024\/12\/241223-01_01-source-300x200.jpg 300w, https:\/\/garageblogec.com\/wp-content\/uploads\/2024\/12\/241223-01_01-source-768x512.jpg 768w, https:\/\/garageblogec.com\/wp-content\/uploads\/2024\/12\/241223-01_01-source-1536x1024.jpg 1536w, https:\/\/garageblogec.com\/wp-content\/uploads\/2024\/12\/241223-01_01-source-2048x1365.jpg 2048w, https:\/\/garageblogec.com\/wp-content\/uploads\/2024\/12\/241223-01_01-source-1320x880.jpg 1320w\" sizes=\"(max-width: 1024px) 100vw, 1024px\" \/><\/figure>\n\n\n\n<p><strong>Sinergias potenciales de la integraci\u00f3n empresarial<\/strong><\/p>\n\n\n\n<p>Nissan y Honda establecer\u00e1n un comit\u00e9 preparatorio de integraci\u00f3n para facilitar una integraci\u00f3n fluida y llevar\u00e1n a cabo debates centrados en el tema. Con base en los debates del comit\u00e9, as\u00ed como en los resultados de la debida diligencia, las empresas examinar\u00e1n y analizar\u00e1n sinergias m\u00e1s espec\u00edficas. Al materializar r\u00e1pidamente las sinergias de la integraci\u00f3n, Nissan y Honda pueden aspirar a convertirse en una empresa de movilidad de clase mundial con ingresos por ventas superiores a los 30 billones de yenes y ganancias operativas de m\u00e1s de 3 billones de yenes.<\/p>\n\n\n\n<p>Las sinergias esperadas de la integraci\u00f3n empresarial en este momento son:<\/p>\n\n\n\n<ol class=\"wp-block-list\">\n<li>Ventajas de escala mediante la estandarizaci\u00f3n de las plataformas de veh\u00edculos<br>\u30fb Al estandarizar las plataformas de veh\u00edculos de ambas empresas en varios segmentos<br>de productos, las empresas esperan crear productos m\u00e1s fuertes, reducir costos, mejorar<br>la eficiencia del desarrollo y mejorar la eficiencia de la inversi\u00f3n a trav\u00e9s de procesos de<br>producci\u00f3n estandarizados.<br>\u30fb Se proyecta que la integraci\u00f3n aumentar\u00e1 las ventas y los vol\u00famenes operativos, lo que<br>permitir\u00e1 a las empresas reducir los costos de desarrollo por veh\u00edculo, incluidos los<br>futuros servicios digitales, al tiempo que maximizan las ganancias.<br>\u30fb Al acelerar la complementaci\u00f3n mutua de sus ofertas globales de veh\u00edculos, incluidos<br>los modelos ICE, HEV, PHEV y EV, Nissan y Honda estar\u00e1n mejor posicionadas para<br>satisfacer las diversas necesidades de los clientes en todo el mundo y ofrecer productos<br>\u00f3ptimos, lo que conducir\u00e1 a una mayor satisfacci\u00f3n del cliente.<\/li>\n\n\n\n<li>Mejora de las capacidades de desarrollo y sinergias de costos mediante la integraci\u00f3n<br>de funciones de investigaci\u00f3n y desarrollo (I+D)<br>\u30fb De conformidad con el memorando de entendimiento para profundizar la asociaci\u00f3n<br>estrat\u00e9gica y el acuerdo de investigaci\u00f3n conjunta sobre tecnolog\u00edas fundamentales con<br>fecha del 1 de agosto, las dos compa\u00f1\u00edas han comenzado una investigaci\u00f3n conjunta en<br>tecnolog\u00edas fundamentales en el \u00e1rea de plataformas de veh\u00edculos para veh\u00edculos<br>definidos por software (SDV) de pr\u00f3xima generaci\u00f3n, que es la piedra angular del campo<\/li>\n<\/ol>\n\n\n\n<p>de la inteligencia. Despu\u00e9s de la integraci\u00f3n comercial, ambas compa\u00f1\u00edas abarcar\u00e1n una colaboraci\u00f3n m\u00e1s integrada en todas las funciones de I+D, incluida la investigaci\u00f3n fundamental y la investigaci\u00f3n de tecnolog\u00eda de aplicaci\u00f3n de veh\u00edculos. Se espera que este enfoque permita a ambas compa\u00f1\u00edas mejorar de manera eficiente y r\u00e1pida su experiencia tecnol\u00f3gica, logrando tanto mejoras en las capacidades de desarrollo como reducciones en los costos de desarrollo mediante la integraci\u00f3n de funciones<br>superpuestas.<\/p>\n\n\n\n<ol start=\"3\" class=\"wp-block-list\">\n<li>Optimizaci\u00f3n de los sistemas y las instalaciones de fabricaci\u00f3n<br>\u30fb Las empresas prev\u00e9n que la optimizaci\u00f3n de sus plantas de fabricaci\u00f3n y de sus<br>instalaciones de servicios energ\u00e9ticos, combinada con una mejor colaboraci\u00f3n mediante<br>el uso compartido de las l\u00edneas de producci\u00f3n, dar\u00e1 como resultado una mejora sustancial<br>en la utilizaci\u00f3n de la capacidad, lo que conducir\u00e1 a una reducci\u00f3n de los costos fijos.<\/li>\n\n\n\n<li>Fortalecimiento de las ventajas competitivas en toda la cadena de suministro mediante<br>la integraci\u00f3n de las funciones de compras<br>\u30fb Para aprovechar al m\u00e1ximo las sinergias derivadas de la optimizaci\u00f3n de la capacidad<br>de desarrollo y producci\u00f3n, ambas empresas pretenden impulsar su competitividad<br>mejorando y agilizando las operaciones de compras y obteniendo piezas comunes de la<br>misma cadena de suministro y en colaboraci\u00f3n con socios comerciales.<\/li>\n\n\n\n<li>Consecuci\u00f3n de sinergias de costos mediante mejoras en la eficiencia operativa<br>\u30fb Las empresas esperan que la integraci\u00f3n de los sistemas y las operaciones<br>administrativas, junto con la actualizaci\u00f3n y estandarizaci\u00f3n de los procesos operativos,<br>impulsen importantes reducciones de costos.<\/li>\n\n\n\n<li>Adquisici\u00f3n de ventajas de escala mediante la integraci\u00f3n de las funciones de<br>financiaci\u00f3n de ventas<\/li>\n<\/ol>\n\n\n\n<p>\u30fb Mediante la integraci\u00f3n de las \u00e1reas relevantes de las funciones de financiaci\u00f3n de<br>ventas de ambas empresas y la ampliaci\u00f3n de la escala de operaciones, las empresas<br>pretenden proporcionar una gama de soluciones de movilidad, incluidos nuevos servicios<br>financieros durante todo el ciclo de vida del veh\u00edculo, a los clientes de ambas<br>organizaciones.<\/p>\n\n\n\n<ol start=\"7\" class=\"wp-block-list\">\n<li>Establecimiento de una base de talento para la inteligencia y la electrificaci\u00f3n<br>\u30fb Los recursos humanos de las empresas son un activo inestimable, y el establecimiento<br>de una base de recursos humanos s\u00f3lida es crucial para la transformaci\u00f3n que vendr\u00e1 con<br>la integraci\u00f3n empresarial. Despu\u00e9s de la integraci\u00f3n, se espera que el aumento de los<br>intercambios de empleados y la colaboraci\u00f3n t\u00e9cnica entre las empresas promuevan un<br>mayor desarrollo de las habilidades. Adem\u00e1s, al aprovechar el acceso de cada empresa a<br>los mercados de talentos, ser\u00e1 m\u00e1s alcanzable atraer talentos excepcionales.<\/li>\n<\/ol>\n\n\n\n<p>M\u00e9todo de integraci\u00f3n empresarial y cotizaci\u00f3n en bolsa<br>Nissan y Honda, con el resultado de la contraprestaci\u00f3n, planean establecer, a trav\u00e9s de<br>una transferencia conjunta de acciones, una sociedad holding conjunta que ser\u00e1 la<br>empresa matriz de ambas empresas. Esto estar\u00e1 sujeto a la aprobaci\u00f3n de la junta general<br>de accionistas de cada empresa y a la obtenci\u00f3n de las aprobaciones necesarias de las<br>autoridades pertinentes para esta integraci\u00f3n empresarial, partiendo de la premisa de que<br>las acciones de recuperaci\u00f3n de Nissan<em>1 se ejecuten de forma constante. Tanto Nissan como Honda ser\u00e1n filiales de propiedad total de la sociedad holding conjunta<\/em>2<br>.<\/p>\n\n\n\n<p>Adem\u00e1s, las empresas planean seguir coexistiendo y desarrollando las marcas de Honda y<br>Nissan por igual.<br>\u30fb Est\u00e1 previsto que las acciones de la sociedad holding conjunta de nueva creaci\u00f3n que<br>se est\u00e1 considerando se coticen nuevamente (cotizaci\u00f3n t\u00e9cnica) en el Mercado Principal<br>de la Bolsa de Valores de Tokio (\u201cTSE\u201d). La cotizaci\u00f3n est\u00e1 programada para agosto de<br>2026.<br>\u30fb Con la cotizaci\u00f3n de la sociedad holding conjunta, tanto Nissan como Honda se<br>convertir\u00e1n en subsidiarias de propiedad absoluta de la sociedad holding conjunta y se<\/p>\n\n\n\n<p>programar\u00e1 su exclusi\u00f3n de la cotizaci\u00f3n de la TSE. Sin embargo, los accionistas de ambas<br>empresas seguir\u00e1n pudiendo negociar acciones de la sociedad holding conjunta emitidas<br>durante esta transferencia de acciones en la TSE.<br>\u30fb La fecha de cotizaci\u00f3n de la sociedad holding conjunta y la fecha de exclusi\u00f3n de la<br>cotizaci\u00f3n de Nissan y Honda se determinar\u00e1n de acuerdo con las regulaciones de la TSE.<br>\u30fb En cuanto a la estructura organizativa de la sociedad holding conjunta y de ambas<br>empresas que se convertir\u00e1n en subsidiarias de propiedad absoluta de la sociedad holding<br>conjunta despu\u00e9s de la integraci\u00f3n empresarial, la estructura \u00f3ptima para lograr sinergias,<br>incluida la integraci\u00f3n de las funciones de I+D, las funciones de compras y las funciones<br>de fabricaci\u00f3n, se discutir\u00e1 y considerar\u00e1 dentro del comit\u00e9 preparatorio de la integraci\u00f3n,<br>con el objetivo de establecer una estructura organizativa que permita operaciones<br>comerciales eficientes y altamente competitivas despu\u00e9s de la integraci\u00f3n empresarial.<\/p>\n\n\n<div class='pt-cv-wrapper'> <h3 class='pt-cv-heading-container heading1' data-blockid='3owlfx48'><span class='pt-cv-heading'> Overlay1 <\/span><\/h3><div class=\"pt-cv-view pt-cv-overlaygrid iscvblock iscvreal overlay1 layout1\" id=\"pt-cv-view-3owlfx48\"><div data-id=\"pt-cv-page-1\" class=\"pt-cv-page\" data-cvc=\"3\"><div class=\" pt-cv-content-item pt-cv-1-col\" ><div class=\"pt-cv-thumb-wrapper  \"><a href=\"https:\/\/garageblogec.com\/?p=3303\" class=\"_self pt-cv-href-thumbnail pt-cv-thumb-default\" target=\"_self\" ><img loading=\"lazy\" decoding=\"async\" width=\"768\" height=\"432\" src=\"https:\/\/garageblogec.com\/wp-content\/uploads\/2026\/04\/WhatsApp-Image-2026-04-21-at-1.52.53-PM-768x432.jpeg\" class=\"pt-cv-thumbnail\" alt=\"\" \/><\/a><\/div>\n<div class=\"pt-cv-overlay-wrapper\"><div class=\"pt-cv-taxoterm above_title\"><a href='https:\/\/garageblogec.com\/?cat=27' title='Industria Nacional' class='pt-cv-tax-industria-nacional'>Industria Nacional<\/a><\/div><h4 class=\"pt-cv-title\"><a href=\"https:\/\/garageblogec.com\/?p=3303\" class=\"_self\" target=\"_self\" >Grupo Ambacar presenta en Guayaquil KGM, su nueva marca de SUV h\u00edbridos con respaldo global<\/a><\/h4><div class=\"pt-cv-meta-fields\"><span class=\"entry-date\"> <time datetime=\"2026-04-21T21:37:24+00:00\">abril 21, 2026<\/time><\/span><span> \/ <\/span><span class=\"author\"> <a href=\"https:\/\/garageblogec.com\/?author=6\" rel=\"author\">gabi1212<\/a><\/span><\/div><\/div><\/div>\n<div class=\" pt-cv-content-item pt-cv-1-col\" ><div class=\"pt-cv-thumb-wrapper  \"><a href=\"https:\/\/garageblogec.com\/?p=3296\" class=\"_self pt-cv-href-thumbnail pt-cv-thumb-default\" target=\"_self\" ><img loading=\"lazy\" decoding=\"async\" width=\"768\" height=\"432\" src=\"https:\/\/garageblogec.com\/wp-content\/uploads\/2026\/04\/WhatsApp-Image-2026-04-14-at-3.15.09-PM-768x432.jpeg\" class=\"pt-cv-thumbnail\" alt=\"\" \/><\/a><\/div>\n<div class=\"pt-cv-overlay-wrapper\"><div class=\"pt-cv-taxoterm above_title\"><a href='https:\/\/garageblogec.com\/?cat=27' title='Industria Nacional' class='pt-cv-tax-industria-nacional'>Industria Nacional<\/a><\/div><h4 class=\"pt-cv-title\"><a href=\"https:\/\/garageblogec.com\/?p=3296\" class=\"_self\" target=\"_self\" >El tablero desapareci\u00f3, ahora el auto es una pantalla inteligente<\/a><\/h4><div class=\"pt-cv-meta-fields\"><span class=\"entry-date\"> <time datetime=\"2026-04-14T20:21:20+00:00\">abril 14, 2026<\/time><\/span><span> \/ <\/span><span class=\"author\"> <a href=\"https:\/\/garageblogec.com\/?author=6\" rel=\"author\">gabi1212<\/a><\/span><\/div><\/div><\/div>\n<div class=\" pt-cv-content-item pt-cv-1-col\" ><div class=\"pt-cv-thumb-wrapper  \"><a href=\"https:\/\/garageblogec.com\/?p=3291\" class=\"_self pt-cv-href-thumbnail pt-cv-thumb-default\" target=\"_self\" ><img loading=\"lazy\" decoding=\"async\" width=\"768\" height=\"432\" src=\"https:\/\/garageblogec.com\/wp-content\/uploads\/2026\/04\/WhatsApp-Image-2026-04-14-at-2.21.27-PM-768x432.jpeg\" class=\"pt-cv-thumbnail\" alt=\"\" \/><\/a><\/div>\n<div class=\"pt-cv-overlay-wrapper\"><div class=\"pt-cv-taxoterm above_title\"><a href='https:\/\/garageblogec.com\/?cat=27' title='Industria Nacional' class='pt-cv-tax-industria-nacional'>Industria Nacional<\/a><\/div><h4 class=\"pt-cv-title\"><a href=\"https:\/\/garageblogec.com\/?p=3291\" class=\"_self\" target=\"_self\" >Seguridad al volante en Ecuador: los errores m\u00e1s comunes que cometen los conductores<\/a><\/h4><div class=\"pt-cv-meta-fields\"><span class=\"entry-date\"> <time datetime=\"2026-04-14T20:08:54+00:00\">abril 14, 2026<\/time><\/span><span> \/ <\/span><span class=\"author\"> <a href=\"https:\/\/garageblogec.com\/?author=6\" rel=\"author\">gabi1212<\/a><\/span><\/div><\/div><\/div>\n<div class=\" pt-cv-content-item pt-cv-1-col\" ><div class=\"pt-cv-thumb-wrapper  \"><a href=\"https:\/\/garageblogec.com\/?p=3286\" class=\"_self pt-cv-href-thumbnail pt-cv-thumb-default\" target=\"_self\" ><img loading=\"lazy\" decoding=\"async\" width=\"768\" height=\"492\" src=\"https:\/\/garageblogec.com\/wp-content\/uploads\/2026\/04\/Posventa.jpg-768x492.jpeg\" class=\"pt-cv-thumbnail\" alt=\"\" \/><\/a><\/div>\n<div class=\"pt-cv-overlay-wrapper\"><div class=\"pt-cv-taxoterm above_title\"><a href='https:\/\/garageblogec.com\/?cat=27' title='Industria Nacional' class='pt-cv-tax-industria-nacional'>Industria Nacional<\/a><\/div><h4 class=\"pt-cv-title\"><a href=\"https:\/\/garageblogec.com\/?p=3286\" class=\"_self\" target=\"_self\" >Clientes Nissan reciben cambios de aceite infinitos<\/a><\/h4><div class=\"pt-cv-meta-fields\"><span class=\"entry-date\"> <time datetime=\"2026-04-14T20:04:08+00:00\">abril 14, 2026<\/time><\/span><span> \/ <\/span><span class=\"author\"> <a href=\"https:\/\/garageblogec.com\/?author=6\" rel=\"author\">gabi1212<\/a><\/span><\/div><\/div><\/div>\n<div class=\" pt-cv-content-item pt-cv-1-col\" ><div class=\"pt-cv-thumb-wrapper  \"><a href=\"https:\/\/garageblogec.com\/?p=3280\" class=\"_self pt-cv-href-thumbnail pt-cv-thumb-default\" target=\"_self\" ><img loading=\"lazy\" decoding=\"async\" width=\"768\" height=\"512\" src=\"https:\/\/garageblogec.com\/wp-content\/uploads\/2026\/04\/foto1-768x512.jpeg\" class=\"pt-cv-thumbnail\" alt=\"\" \/><\/a><\/div>\n<div class=\"pt-cv-overlay-wrapper\"><div class=\"pt-cv-taxoterm above_title\"><a href='https:\/\/garageblogec.com\/?cat=27' title='Industria Nacional' class='pt-cv-tax-industria-nacional'>Industria Nacional<\/a><\/div><h4 class=\"pt-cv-title\"><a href=\"https:\/\/garageblogec.com\/?p=3280\" class=\"_self\" target=\"_self\" >Movilidad como inversi\u00f3n: el uso de utilidades que crece en Ecuador<\/a><\/h4><div class=\"pt-cv-meta-fields\"><span class=\"entry-date\"> <time datetime=\"2026-04-07T19:55:36+00:00\">abril 7, 2026<\/time><\/span><span> \/ <\/span><span class=\"author\"> <a href=\"https:\/\/garageblogec.com\/?author=6\" rel=\"author\">gabi1212<\/a><\/span><\/div><\/div><\/div>\n<div class=\" pt-cv-content-item pt-cv-1-col\" ><div class=\"pt-cv-thumb-wrapper  \"><a href=\"https:\/\/garageblogec.com\/?p=3276\" class=\"_self pt-cv-href-thumbnail pt-cv-thumb-default\" target=\"_self\" ><img loading=\"lazy\" decoding=\"async\" width=\"745\" height=\"491\" src=\"https:\/\/garageblogec.com\/wp-content\/uploads\/2026\/04\/TT.png\" class=\"pt-cv-thumbnail\" alt=\"\" \/><\/a><\/div>\n<div class=\"pt-cv-overlay-wrapper\"><div class=\"pt-cv-taxoterm above_title\"><a href='https:\/\/garageblogec.com\/?cat=27' title='Industria Nacional' class='pt-cv-tax-industria-nacional'>Industria Nacional<\/a><\/div><h4 class=\"pt-cv-title\"><a href=\"https:\/\/garageblogec.com\/?p=3276\" class=\"_self\" target=\"_self\" >Lluvias en Ecuador: C\u00f3mo reducir riesgos en carretera y prevenir accidentes en calzada mojada<\/a><\/h4><div class=\"pt-cv-meta-fields\"><span class=\"entry-date\"> <time datetime=\"2026-04-07T19:46:52+00:00\">abril 7, 2026<\/time><\/span><span> \/ <\/span><span class=\"author\"> <a href=\"https:\/\/garageblogec.com\/?author=6\" rel=\"author\">gabi1212<\/a><\/span><\/div><\/div><\/div><\/div><\/div> <\/div> <style>\n#pt-cv-view-3owlfx48 .pt-cv-thumb-wrapper::before {background: rgba(0,0,0,.4); opacity: 0.8;}#pt-cv-view-3owlfx48 .pt-cv-overlay-wrapper {justify-content: center;}\n#pt-cv-view-3owlfx48 .pt-cv-meta-fields {  }#pt-cv-view-3owlfx48 .pt-cv-meta-fields * { font-size: 13px; }#pt-cv-view-3owlfx48 .pt-cv-title a { display: block; }#pt-cv-view-3owlfx48 .pt-cv-title:not(.pt-cv-titlesm) a { font-weight: 600;text-decoration: none;font-size: 20px; }#pt-cv-view-3owlfx48 .pt-cv-titlesm a { font-weight: 600;font-size: 18px; }#pt-cv-view-3owlfx48 .pt-cv-content { font-size: 15px; }#pt-cv-view-3owlfx48 .pt-cv-rmwrap {  }#pt-cv-view-3owlfx48 .pt-cv-readmore { color: #fff;background-color: #0075ff;font-size: 14px; }#pt-cv-view-3owlfx48 .pt-cv-taxoterm { margin: 0px 0px 20px 0px; }#pt-cv-view-3owlfx48 .pt-cv-taxoterm * { color: #222;background-color: #fff6f6;font-size: 14px; }#pt-cv-view-3owlfx48 + .pt-cv-pagination-wrapper {  }#pt-cv-view-3owlfx48 + .pt-cv-pagination-wrapper a { font-size: 14px; }#pt-cv-view-3owlfx48 > .pt-cv-page {grid-template-columns: repeat(3, 1fr);grid-auto-rows: 250px;grid-gap: 10px;}\n@media all and (max-width: 1024px) { \n#pt-cv-view-3owlfx48 > .pt-cv-page {}\n} \n@media all and (max-width: 767px) { \n#pt-cv-view-3owlfx48 > .pt-cv-page {grid-template-columns: repeat(1, 1fr);}\n} <\/style>","protected":false},"excerpt":{"rendered":"<p>Nissan Motor Co., Ltd. (\u00abNissan\u00bb) y Honda Motor Co., Ltd. (\u00abHonda\u00bb) han firmado un memorando de entendimiento (MOU) para iniciar las conversaciones y consideraciones con miras a una integraci\u00f3n empresarial entre las dos empresas mediante el establecimiento de una sociedad holding conjunta. Para acelerar a\u00fan m\u00e1s sus esfuerzos por lograr una sociedad neutra en carbono [&hellip;]<\/p>\n","protected":false},"author":6,"featured_media":1380,"comment_status":"open","ping_status":"open","sticky":false,"template":"","format":"standard","meta":{"_jetpack_memberships_contains_paid_content":false,"footnotes":""},"categories":[27],"tags":[],"class_list":["post-1378","post","type-post","status-publish","format-standard","has-post-thumbnail","hentry","category-industria-nacional"],"yoast_head":"<!-- This site is optimized with the Yoast SEO plugin v27.4 - https:\/\/yoast.com\/product\/yoast-seo-wordpress\/ -->\n<title>Nissan y Honda firman un memorando de entendimiento para estudiar la integraci\u00f3n empresarial. - Garage Blog Ecuador<\/title>\n<meta name=\"robots\" content=\"index, follow, max-snippet:-1, max-image-preview:large, max-video-preview:-1\" \/>\n<link rel=\"canonical\" href=\"https:\/\/garageblogec.com\/?p=1378\" \/>\n<meta property=\"og:locale\" content=\"es_ES\" \/>\n<meta property=\"og:type\" content=\"article\" \/>\n<meta property=\"og:title\" content=\"Nissan y Honda firman un memorando de entendimiento para estudiar la integraci\u00f3n empresarial. - Garage Blog Ecuador\" \/>\n<meta property=\"og:description\" content=\"Nissan Motor Co., Ltd. (\u00abNissan\u00bb) y Honda Motor Co., Ltd. (\u00abHonda\u00bb) han firmado un memorando de entendimiento (MOU) para iniciar las conversaciones y consideraciones con miras a una integraci\u00f3n empresarial entre las dos empresas mediante el establecimiento de una sociedad holding conjunta. Para acelerar a\u00fan m\u00e1s sus esfuerzos por lograr una sociedad neutra en carbono [&hellip;]\" \/>\n<meta property=\"og:url\" content=\"https:\/\/garageblogec.com\/?p=1378\" \/>\n<meta property=\"og:site_name\" content=\"Garage Blog Ecuador\" \/>\n<meta property=\"article:published_time\" content=\"2024-12-24T16:42:44+00:00\" \/>\n<meta property=\"article:modified_time\" content=\"2024-12-24T16:42:46+00:00\" \/>\n<meta property=\"og:image\" content=\"https:\/\/garageblogec.com\/wp-content\/uploads\/2024\/12\/241223-01_01-source-scaled.jpg\" \/>\n\t<meta property=\"og:image:width\" content=\"2560\" \/>\n\t<meta property=\"og:image:height\" content=\"1707\" \/>\n\t<meta property=\"og:image:type\" content=\"image\/jpeg\" \/>\n<meta name=\"author\" content=\"gabi1212\" \/>\n<meta name=\"twitter:card\" content=\"summary_large_image\" \/>\n<meta name=\"twitter:label1\" content=\"Escrito por\" \/>\n\t<meta name=\"twitter:data1\" content=\"gabi1212\" \/>\n\t<meta name=\"twitter:label2\" content=\"Tiempo de lectura\" \/>\n\t<meta name=\"twitter:data2\" content=\"9 minutos\" \/>\n<script type=\"application\/ld+json\" class=\"yoast-schema-graph\">{\"@context\":\"https:\\\/\\\/schema.org\",\"@graph\":[{\"@type\":\"Article\",\"@id\":\"https:\\\/\\\/garageblogec.com\\\/?p=1378#article\",\"isPartOf\":{\"@id\":\"https:\\\/\\\/garageblogec.com\\\/?p=1378\"},\"author\":{\"name\":\"gabi1212\",\"@id\":\"https:\\\/\\\/garageblogec.com\\\/#\\\/schema\\\/person\\\/635f4b76c0cb3e43b82fe6f7d8bcceea\"},\"headline\":\"Nissan y Honda firman un memorando de entendimiento para estudiar la integraci\u00f3n empresarial.\",\"datePublished\":\"2024-12-24T16:42:44+00:00\",\"dateModified\":\"2024-12-24T16:42:46+00:00\",\"mainEntityOfPage\":{\"@id\":\"https:\\\/\\\/garageblogec.com\\\/?p=1378\"},\"wordCount\":1835,\"commentCount\":0,\"publisher\":{\"@id\":\"https:\\\/\\\/garageblogec.com\\\/#organization\"},\"image\":{\"@id\":\"https:\\\/\\\/garageblogec.com\\\/?p=1378#primaryimage\"},\"thumbnailUrl\":\"https:\\\/\\\/garageblogec.com\\\/wp-content\\\/uploads\\\/2024\\\/12\\\/241223-01_01-source-scaled.jpg\",\"articleSection\":[\"Industria Nacional\"],\"inLanguage\":\"es\",\"potentialAction\":[{\"@type\":\"CommentAction\",\"name\":\"Comment\",\"target\":[\"https:\\\/\\\/garageblogec.com\\\/?p=1378#respond\"]}]},{\"@type\":\"WebPage\",\"@id\":\"https:\\\/\\\/garageblogec.com\\\/?p=1378\",\"url\":\"https:\\\/\\\/garageblogec.com\\\/?p=1378\",\"name\":\"Nissan y Honda firman un memorando de entendimiento para estudiar la integraci\u00f3n empresarial. - Garage Blog Ecuador\",\"isPartOf\":{\"@id\":\"https:\\\/\\\/garageblogec.com\\\/#website\"},\"primaryImageOfPage\":{\"@id\":\"https:\\\/\\\/garageblogec.com\\\/?p=1378#primaryimage\"},\"image\":{\"@id\":\"https:\\\/\\\/garageblogec.com\\\/?p=1378#primaryimage\"},\"thumbnailUrl\":\"https:\\\/\\\/garageblogec.com\\\/wp-content\\\/uploads\\\/2024\\\/12\\\/241223-01_01-source-scaled.jpg\",\"datePublished\":\"2024-12-24T16:42:44+00:00\",\"dateModified\":\"2024-12-24T16:42:46+00:00\",\"breadcrumb\":{\"@id\":\"https:\\\/\\\/garageblogec.com\\\/?p=1378#breadcrumb\"},\"inLanguage\":\"es\",\"potentialAction\":[{\"@type\":\"ReadAction\",\"target\":[\"https:\\\/\\\/garageblogec.com\\\/?p=1378\"]}]},{\"@type\":\"ImageObject\",\"inLanguage\":\"es\",\"@id\":\"https:\\\/\\\/garageblogec.com\\\/?p=1378#primaryimage\",\"url\":\"https:\\\/\\\/garageblogec.com\\\/wp-content\\\/uploads\\\/2024\\\/12\\\/241223-01_01-source-scaled.jpg\",\"contentUrl\":\"https:\\\/\\\/garageblogec.com\\\/wp-content\\\/uploads\\\/2024\\\/12\\\/241223-01_01-source-scaled.jpg\",\"width\":2560,\"height\":1707},{\"@type\":\"BreadcrumbList\",\"@id\":\"https:\\\/\\\/garageblogec.com\\\/?p=1378#breadcrumb\",\"itemListElement\":[{\"@type\":\"ListItem\",\"position\":1,\"name\":\"Portada\",\"item\":\"https:\\\/\\\/garageblogec.com\\\/\"},{\"@type\":\"ListItem\",\"position\":2,\"name\":\"Nissan y Honda firman un memorando de entendimiento para estudiar la integraci\u00f3n empresarial.\"}]},{\"@type\":\"WebSite\",\"@id\":\"https:\\\/\\\/garageblogec.com\\\/#website\",\"url\":\"https:\\\/\\\/garageblogec.com\\\/\",\"name\":\"Garage Blog Ecuador\",\"description\":\"Alucinamos por los autos \",\"publisher\":{\"@id\":\"https:\\\/\\\/garageblogec.com\\\/#organization\"},\"potentialAction\":[{\"@type\":\"SearchAction\",\"target\":{\"@type\":\"EntryPoint\",\"urlTemplate\":\"https:\\\/\\\/garageblogec.com\\\/?s={search_term_string}\"},\"query-input\":{\"@type\":\"PropertyValueSpecification\",\"valueRequired\":true,\"valueName\":\"search_term_string\"}}],\"inLanguage\":\"es\"},{\"@type\":\"Organization\",\"@id\":\"https:\\\/\\\/garageblogec.com\\\/#organization\",\"name\":\"Garage Blog Ecuador\",\"url\":\"https:\\\/\\\/garageblogec.com\\\/\",\"logo\":{\"@type\":\"ImageObject\",\"inLanguage\":\"es\",\"@id\":\"https:\\\/\\\/garageblogec.com\\\/#\\\/schema\\\/logo\\\/image\\\/\",\"url\":\"https:\\\/\\\/garageblogec.com\\\/wp-content\\\/uploads\\\/2024\\\/02\\\/cropped-logo-png-para-blog.webp\",\"contentUrl\":\"https:\\\/\\\/garageblogec.com\\\/wp-content\\\/uploads\\\/2024\\\/02\\\/cropped-logo-png-para-blog.webp\",\"width\":840,\"height\":556,\"caption\":\"Garage Blog Ecuador \"},\"image\":{\"@id\":\"https:\\\/\\\/garageblogec.com\\\/#\\\/schema\\\/logo\\\/image\\\/\"}},{\"@type\":\"Person\",\"@id\":\"https:\\\/\\\/garageblogec.com\\\/#\\\/schema\\\/person\\\/635f4b76c0cb3e43b82fe6f7d8bcceea\",\"name\":\"gabi1212\",\"image\":{\"@type\":\"ImageObject\",\"inLanguage\":\"es\",\"@id\":\"https:\\\/\\\/secure.gravatar.com\\\/avatar\\\/6aa491f45cb359d4d6dd8c430e83f78899c80569c27d21156e19bbdcd31d1811?s=96&d=mm&r=g\",\"url\":\"https:\\\/\\\/secure.gravatar.com\\\/avatar\\\/6aa491f45cb359d4d6dd8c430e83f78899c80569c27d21156e19bbdcd31d1811?s=96&d=mm&r=g\",\"contentUrl\":\"https:\\\/\\\/secure.gravatar.com\\\/avatar\\\/6aa491f45cb359d4d6dd8c430e83f78899c80569c27d21156e19bbdcd31d1811?s=96&d=mm&r=g\",\"caption\":\"gabi1212\"},\"url\":\"https:\\\/\\\/garageblogec.com\\\/?author=6\"}]}<\/script>\n<!-- \/ Yoast SEO plugin. -->","yoast_head_json":{"title":"Nissan y Honda firman un memorando de entendimiento para estudiar la integraci\u00f3n empresarial. - Garage Blog Ecuador","robots":{"index":"index","follow":"follow","max-snippet":"max-snippet:-1","max-image-preview":"max-image-preview:large","max-video-preview":"max-video-preview:-1"},"canonical":"https:\/\/garageblogec.com\/?p=1378","og_locale":"es_ES","og_type":"article","og_title":"Nissan y Honda firman un memorando de entendimiento para estudiar la integraci\u00f3n empresarial. - Garage Blog Ecuador","og_description":"Nissan Motor Co., Ltd. (\u00abNissan\u00bb) y Honda Motor Co., Ltd. (\u00abHonda\u00bb) han firmado un memorando de entendimiento (MOU) para iniciar las conversaciones y consideraciones con miras a una integraci\u00f3n empresarial entre las dos empresas mediante el establecimiento de una sociedad holding conjunta. Para acelerar a\u00fan m\u00e1s sus esfuerzos por lograr una sociedad neutra en carbono [&hellip;]","og_url":"https:\/\/garageblogec.com\/?p=1378","og_site_name":"Garage Blog Ecuador","article_published_time":"2024-12-24T16:42:44+00:00","article_modified_time":"2024-12-24T16:42:46+00:00","og_image":[{"width":2560,"height":1707,"url":"https:\/\/garageblogec.com\/wp-content\/uploads\/2024\/12\/241223-01_01-source-scaled.jpg","type":"image\/jpeg"}],"author":"gabi1212","twitter_card":"summary_large_image","twitter_misc":{"Escrito por":"gabi1212","Tiempo de lectura":"9 minutos"},"schema":{"@context":"https:\/\/schema.org","@graph":[{"@type":"Article","@id":"https:\/\/garageblogec.com\/?p=1378#article","isPartOf":{"@id":"https:\/\/garageblogec.com\/?p=1378"},"author":{"name":"gabi1212","@id":"https:\/\/garageblogec.com\/#\/schema\/person\/635f4b76c0cb3e43b82fe6f7d8bcceea"},"headline":"Nissan y Honda firman un memorando de entendimiento para estudiar la integraci\u00f3n empresarial.","datePublished":"2024-12-24T16:42:44+00:00","dateModified":"2024-12-24T16:42:46+00:00","mainEntityOfPage":{"@id":"https:\/\/garageblogec.com\/?p=1378"},"wordCount":1835,"commentCount":0,"publisher":{"@id":"https:\/\/garageblogec.com\/#organization"},"image":{"@id":"https:\/\/garageblogec.com\/?p=1378#primaryimage"},"thumbnailUrl":"https:\/\/garageblogec.com\/wp-content\/uploads\/2024\/12\/241223-01_01-source-scaled.jpg","articleSection":["Industria Nacional"],"inLanguage":"es","potentialAction":[{"@type":"CommentAction","name":"Comment","target":["https:\/\/garageblogec.com\/?p=1378#respond"]}]},{"@type":"WebPage","@id":"https:\/\/garageblogec.com\/?p=1378","url":"https:\/\/garageblogec.com\/?p=1378","name":"Nissan y Honda firman un memorando de entendimiento para estudiar la integraci\u00f3n empresarial. - Garage Blog Ecuador","isPartOf":{"@id":"https:\/\/garageblogec.com\/#website"},"primaryImageOfPage":{"@id":"https:\/\/garageblogec.com\/?p=1378#primaryimage"},"image":{"@id":"https:\/\/garageblogec.com\/?p=1378#primaryimage"},"thumbnailUrl":"https:\/\/garageblogec.com\/wp-content\/uploads\/2024\/12\/241223-01_01-source-scaled.jpg","datePublished":"2024-12-24T16:42:44+00:00","dateModified":"2024-12-24T16:42:46+00:00","breadcrumb":{"@id":"https:\/\/garageblogec.com\/?p=1378#breadcrumb"},"inLanguage":"es","potentialAction":[{"@type":"ReadAction","target":["https:\/\/garageblogec.com\/?p=1378"]}]},{"@type":"ImageObject","inLanguage":"es","@id":"https:\/\/garageblogec.com\/?p=1378#primaryimage","url":"https:\/\/garageblogec.com\/wp-content\/uploads\/2024\/12\/241223-01_01-source-scaled.jpg","contentUrl":"https:\/\/garageblogec.com\/wp-content\/uploads\/2024\/12\/241223-01_01-source-scaled.jpg","width":2560,"height":1707},{"@type":"BreadcrumbList","@id":"https:\/\/garageblogec.com\/?p=1378#breadcrumb","itemListElement":[{"@type":"ListItem","position":1,"name":"Portada","item":"https:\/\/garageblogec.com\/"},{"@type":"ListItem","position":2,"name":"Nissan y Honda firman un memorando de entendimiento para estudiar la integraci\u00f3n empresarial."}]},{"@type":"WebSite","@id":"https:\/\/garageblogec.com\/#website","url":"https:\/\/garageblogec.com\/","name":"Garage Blog Ecuador","description":"Alucinamos por los autos ","publisher":{"@id":"https:\/\/garageblogec.com\/#organization"},"potentialAction":[{"@type":"SearchAction","target":{"@type":"EntryPoint","urlTemplate":"https:\/\/garageblogec.com\/?s={search_term_string}"},"query-input":{"@type":"PropertyValueSpecification","valueRequired":true,"valueName":"search_term_string"}}],"inLanguage":"es"},{"@type":"Organization","@id":"https:\/\/garageblogec.com\/#organization","name":"Garage Blog Ecuador","url":"https:\/\/garageblogec.com\/","logo":{"@type":"ImageObject","inLanguage":"es","@id":"https:\/\/garageblogec.com\/#\/schema\/logo\/image\/","url":"https:\/\/garageblogec.com\/wp-content\/uploads\/2024\/02\/cropped-logo-png-para-blog.webp","contentUrl":"https:\/\/garageblogec.com\/wp-content\/uploads\/2024\/02\/cropped-logo-png-para-blog.webp","width":840,"height":556,"caption":"Garage Blog Ecuador "},"image":{"@id":"https:\/\/garageblogec.com\/#\/schema\/logo\/image\/"}},{"@type":"Person","@id":"https:\/\/garageblogec.com\/#\/schema\/person\/635f4b76c0cb3e43b82fe6f7d8bcceea","name":"gabi1212","image":{"@type":"ImageObject","inLanguage":"es","@id":"https:\/\/secure.gravatar.com\/avatar\/6aa491f45cb359d4d6dd8c430e83f78899c80569c27d21156e19bbdcd31d1811?s=96&d=mm&r=g","url":"https:\/\/secure.gravatar.com\/avatar\/6aa491f45cb359d4d6dd8c430e83f78899c80569c27d21156e19bbdcd31d1811?s=96&d=mm&r=g","contentUrl":"https:\/\/secure.gravatar.com\/avatar\/6aa491f45cb359d4d6dd8c430e83f78899c80569c27d21156e19bbdcd31d1811?s=96&d=mm&r=g","caption":"gabi1212"},"url":"https:\/\/garageblogec.com\/?author=6"}]}},"jetpack_featured_media_url":"https:\/\/garageblogec.com\/wp-content\/uploads\/2024\/12\/241223-01_01-source-scaled.jpg","jetpack_sharing_enabled":true,"_links":{"self":[{"href":"https:\/\/garageblogec.com\/index.php?rest_route=\/wp\/v2\/posts\/1378","targetHints":{"allow":["GET"]}}],"collection":[{"href":"https:\/\/garageblogec.com\/index.php?rest_route=\/wp\/v2\/posts"}],"about":[{"href":"https:\/\/garageblogec.com\/index.php?rest_route=\/wp\/v2\/types\/post"}],"author":[{"embeddable":true,"href":"https:\/\/garageblogec.com\/index.php?rest_route=\/wp\/v2\/users\/6"}],"replies":[{"embeddable":true,"href":"https:\/\/garageblogec.com\/index.php?rest_route=%2Fwp%2Fv2%2Fcomments&post=1378"}],"version-history":[{"count":1,"href":"https:\/\/garageblogec.com\/index.php?rest_route=\/wp\/v2\/posts\/1378\/revisions"}],"predecessor-version":[{"id":1381,"href":"https:\/\/garageblogec.com\/index.php?rest_route=\/wp\/v2\/posts\/1378\/revisions\/1381"}],"wp:featuredmedia":[{"embeddable":true,"href":"https:\/\/garageblogec.com\/index.php?rest_route=\/wp\/v2\/media\/1380"}],"wp:attachment":[{"href":"https:\/\/garageblogec.com\/index.php?rest_route=%2Fwp%2Fv2%2Fmedia&parent=1378"}],"wp:term":[{"taxonomy":"category","embeddable":true,"href":"https:\/\/garageblogec.com\/index.php?rest_route=%2Fwp%2Fv2%2Fcategories&post=1378"},{"taxonomy":"post_tag","embeddable":true,"href":"https:\/\/garageblogec.com\/index.php?rest_route=%2Fwp%2Fv2%2Ftags&post=1378"}],"curies":[{"name":"wp","href":"https:\/\/api.w.org\/{rel}","templated":true}]}}