{"id":1367,"date":"2024-12-19T14:52:40","date_gmt":"2024-12-19T14:52:40","guid":{"rendered":"https:\/\/garageblogec.com\/?p=1367"},"modified":"2024-12-19T14:52:43","modified_gmt":"2024-12-19T14:52:43","slug":"ford-nombrara-un-nuevo-responsable-de-calidad-para-reducir-los-costes-de-garantia-y-las-retiradas-de-productos","status":"publish","type":"post","link":"https:\/\/garageblogec.com\/?p=1367","title":{"rendered":"Ford nombrar\u00e1 un nuevo responsable de calidad para reducir los costes de garant\u00eda y las retiradas de productos"},"content":{"rendered":"\n<p>Ford ha tenido otro a\u00f1o repleto de\u00a0retiradas de productos\u00a0y nombrar\u00e1 a un nuevo responsable de calidad en un intento de poner las cosas bajo control. El nuevo responsable sustituir\u00e1 a Jim Baumbick, que ahora supervisar\u00e1 todo el equipo de programas de veh\u00edculos de Ford, incluidos los veh\u00edculos el\u00e9ctricos. La empresa tambi\u00e9n busca reducir los costes de garant\u00eda, que se han disparado este a\u00f1o.<\/p>\n\n\n\n<figure class=\"wp-block-image size-large\"><img decoding=\"async\" src=\"https:\/\/www.carscoops.com\/wp-content\/uploads\/webp\/2023\/10\/Ford-Factory.webp\" alt=\"\"\/><\/figure>\n\n\n\n<p>A principios de diciembre,\u00a0Ford\u00a0estaba empatado con Stellantis en la emisi\u00f3n de la mayor cantidad de retiradas de veh\u00edculos de cualquier fabricante de autom\u00f3viles en los EE. UU. este a\u00f1o, con un total de 62. En los cuatro a\u00f1os que Jim Farley lleva al mando de la Blue Oval, ha estado haciendo cambios para reducir las retiradas, modificando las pr\u00e1cticas de producci\u00f3n y empleando a m\u00e1s trabajadores para identificar problemas de seguridad. Ahora, Ford se est\u00e1 centrando en la \u00abejecuci\u00f3n\u00bb y en abordar estos problemas.<\/p>\n\n\n\n<p><\/p>\n\n\n\n<figure class=\"wp-block-image size-large\"><a href=\"https:\/\/www.kia.com\/ec\/showroom\/sonet\/features.html\"><img fetchpriority=\"high\" decoding=\"async\" width=\"1024\" height=\"284\" src=\"https:\/\/garageblogec.com\/wp-content\/uploads\/2024\/12\/1080x300-1024x284.jpg\" alt=\"\" class=\"wp-image-1360\" srcset=\"https:\/\/garageblogec.com\/wp-content\/uploads\/2024\/12\/1080x300-1024x284.jpg 1024w, https:\/\/garageblogec.com\/wp-content\/uploads\/2024\/12\/1080x300-300x83.jpg 300w, https:\/\/garageblogec.com\/wp-content\/uploads\/2024\/12\/1080x300-768x213.jpg 768w, https:\/\/garageblogec.com\/wp-content\/uploads\/2024\/12\/1080x300.jpg 1080w\" sizes=\"(max-width: 1024px) 100vw, 1024px\" \/><\/a><\/figure>\n\n\n\n<p>\u201cDespu\u00e9s de tres a\u00f1os de arduo trabajo para solucionar todos nuestros d\u00e9ficits\u2026 ahora tenemos todo listo para ver realmente c\u00f3mo nuestra calidad mejora para nuestros clientes y para nuestro negocio\u201d, dijo Farley en un evento reciente.<\/p>\n\n\n\n<figure class=\"wp-block-image size-large\"><img decoding=\"async\" src=\"https:\/\/www.carscoops.com\/wp-content\/uploads\/webp\/2023\/05\/Jim-Farley-2-1-1536x864.webp\" alt=\"\"\/><\/figure>\n\n\n\n<p>Ford no ha anunciado su nuevo responsable de calidad, pero el cambio deber\u00eda entrar en vigor a principios de 2025. La marca afirma que los cambios permitir\u00e1n a sus equipos \u00abcolaborar y trabajar de forma m\u00e1s eficiente para ofrecer veh\u00edculos y software emocionantes con los m\u00e1s altos niveles de calidad para nuestros clientes\u00bb.<\/p>\n\n\n\n<p>Ford no solo\u00a0se preocupa por los retiros de veh\u00edculos, sino tambi\u00e9n por los costos de garant\u00eda. Los gastos de garant\u00eda de Ford aumentaron en 800 millones de d\u00f3lares en el segundo trimestre en comparaci\u00f3n con el mismo per\u00edodo de 2023, seg\u00fan informa\u00a0Reuters\u00a0. Esto se debe principalmente a problemas con los veh\u00edculos lanzados en 2021 o antes.<\/p>\n\n\n\n<p>La marca tuvo un noviembre particularmente duro, en el que se emitieron dos veces cuatro llamados a revisi\u00f3n en un solo d\u00eda. A mediados de noviembre, la Administraci\u00f3n Nacional de Seguridad del Tr\u00e1fico en las Carreteras (NHTSA)\u00a0mult\u00f3 a Ford con 165 millones de d\u00f3lares\u00a0por no realizar un llamado a revisi\u00f3n a tiempo sobre un fallo en la placa de circuito que podr\u00eda impedir el funcionamiento de la c\u00e1mara de visi\u00f3n trasera en m\u00e1s de 620.000 veh\u00edculos Ford y Lincoln.<\/p>\n\n\n<div class='pt-cv-wrapper'> <h3 class='pt-cv-heading-container heading1' data-blockid='b5ywx2bk'><span class='pt-cv-heading'> Overlay1 <\/span><\/h3><div class=\"pt-cv-view pt-cv-overlaygrid iscvblock iscvreal overlay1 layout1\" id=\"pt-cv-view-b5ywx2bk\"><div data-id=\"pt-cv-page-1\" class=\"pt-cv-page\" data-cvc=\"3\"><div class=\" pt-cv-content-item pt-cv-1-col\" ><div class=\"pt-cv-thumb-wrapper  \"><a href=\"https:\/\/garageblogec.com\/?p=3303\" class=\"_self pt-cv-href-thumbnail pt-cv-thumb-default\" target=\"_self\" ><img decoding=\"async\" width=\"768\" height=\"432\" src=\"https:\/\/garageblogec.com\/wp-content\/uploads\/2026\/04\/WhatsApp-Image-2026-04-21-at-1.52.53-PM-768x432.jpeg\" class=\"pt-cv-thumbnail\" alt=\"\" \/><\/a><\/div>\n<div class=\"pt-cv-overlay-wrapper\"><div class=\"pt-cv-taxoterm above_title\"><a href='https:\/\/garageblogec.com\/?cat=27' title='Industria Nacional' class='pt-cv-tax-industria-nacional'>Industria Nacional<\/a><\/div><h4 class=\"pt-cv-title\"><a href=\"https:\/\/garageblogec.com\/?p=3303\" class=\"_self\" target=\"_self\" >Grupo Ambacar presenta en Guayaquil KGM, su nueva marca de SUV h\u00edbridos con respaldo global<\/a><\/h4><div class=\"pt-cv-meta-fields\"><span class=\"entry-date\"> <time datetime=\"2026-04-21T21:37:24+00:00\">abril 21, 2026<\/time><\/span><span> \/ <\/span><span class=\"author\"> <a href=\"https:\/\/garageblogec.com\/?author=6\" rel=\"author\">gabi1212<\/a><\/span><\/div><\/div><\/div>\n<div class=\" pt-cv-content-item pt-cv-1-col\" ><div class=\"pt-cv-thumb-wrapper  \"><a href=\"https:\/\/garageblogec.com\/?p=3296\" class=\"_self pt-cv-href-thumbnail pt-cv-thumb-default\" target=\"_self\" ><img decoding=\"async\" width=\"768\" height=\"432\" src=\"https:\/\/garageblogec.com\/wp-content\/uploads\/2026\/04\/WhatsApp-Image-2026-04-14-at-3.15.09-PM-768x432.jpeg\" class=\"pt-cv-thumbnail\" alt=\"\" \/><\/a><\/div>\n<div class=\"pt-cv-overlay-wrapper\"><div class=\"pt-cv-taxoterm above_title\"><a href='https:\/\/garageblogec.com\/?cat=27' title='Industria Nacional' class='pt-cv-tax-industria-nacional'>Industria Nacional<\/a><\/div><h4 class=\"pt-cv-title\"><a href=\"https:\/\/garageblogec.com\/?p=3296\" class=\"_self\" target=\"_self\" >El tablero desapareci\u00f3, ahora el auto es una pantalla inteligente<\/a><\/h4><div class=\"pt-cv-meta-fields\"><span class=\"entry-date\"> <time datetime=\"2026-04-14T20:21:20+00:00\">abril 14, 2026<\/time><\/span><span> \/ <\/span><span class=\"author\"> <a href=\"https:\/\/garageblogec.com\/?author=6\" rel=\"author\">gabi1212<\/a><\/span><\/div><\/div><\/div>\n<div class=\" pt-cv-content-item pt-cv-1-col\" ><div class=\"pt-cv-thumb-wrapper  \"><a href=\"https:\/\/garageblogec.com\/?p=3291\" class=\"_self pt-cv-href-thumbnail pt-cv-thumb-default\" target=\"_self\" ><img loading=\"lazy\" decoding=\"async\" width=\"768\" height=\"432\" src=\"https:\/\/garageblogec.com\/wp-content\/uploads\/2026\/04\/WhatsApp-Image-2026-04-14-at-2.21.27-PM-768x432.jpeg\" class=\"pt-cv-thumbnail\" alt=\"\" \/><\/a><\/div>\n<div class=\"pt-cv-overlay-wrapper\"><div class=\"pt-cv-taxoterm above_title\"><a href='https:\/\/garageblogec.com\/?cat=27' title='Industria Nacional' class='pt-cv-tax-industria-nacional'>Industria Nacional<\/a><\/div><h4 class=\"pt-cv-title\"><a href=\"https:\/\/garageblogec.com\/?p=3291\" class=\"_self\" target=\"_self\" >Seguridad al volante en Ecuador: los errores m\u00e1s comunes que cometen los conductores<\/a><\/h4><div class=\"pt-cv-meta-fields\"><span class=\"entry-date\"> <time datetime=\"2026-04-14T20:08:54+00:00\">abril 14, 2026<\/time><\/span><span> \/ <\/span><span class=\"author\"> <a href=\"https:\/\/garageblogec.com\/?author=6\" rel=\"author\">gabi1212<\/a><\/span><\/div><\/div><\/div>\n<div class=\" pt-cv-content-item pt-cv-1-col\" ><div class=\"pt-cv-thumb-wrapper  \"><a href=\"https:\/\/garageblogec.com\/?p=3286\" class=\"_self pt-cv-href-thumbnail pt-cv-thumb-default\" target=\"_self\" ><img loading=\"lazy\" decoding=\"async\" width=\"768\" height=\"492\" src=\"https:\/\/garageblogec.com\/wp-content\/uploads\/2026\/04\/Posventa.jpg-768x492.jpeg\" class=\"pt-cv-thumbnail\" alt=\"\" \/><\/a><\/div>\n<div class=\"pt-cv-overlay-wrapper\"><div class=\"pt-cv-taxoterm above_title\"><a href='https:\/\/garageblogec.com\/?cat=27' title='Industria Nacional' class='pt-cv-tax-industria-nacional'>Industria Nacional<\/a><\/div><h4 class=\"pt-cv-title\"><a href=\"https:\/\/garageblogec.com\/?p=3286\" class=\"_self\" target=\"_self\" >Clientes Nissan reciben cambios de aceite infinitos<\/a><\/h4><div class=\"pt-cv-meta-fields\"><span class=\"entry-date\"> <time datetime=\"2026-04-14T20:04:08+00:00\">abril 14, 2026<\/time><\/span><span> \/ <\/span><span class=\"author\"> <a href=\"https:\/\/garageblogec.com\/?author=6\" rel=\"author\">gabi1212<\/a><\/span><\/div><\/div><\/div>\n<div class=\" pt-cv-content-item pt-cv-1-col\" ><div class=\"pt-cv-thumb-wrapper  \"><a href=\"https:\/\/garageblogec.com\/?p=3280\" class=\"_self pt-cv-href-thumbnail pt-cv-thumb-default\" target=\"_self\" ><img loading=\"lazy\" decoding=\"async\" width=\"768\" height=\"512\" src=\"https:\/\/garageblogec.com\/wp-content\/uploads\/2026\/04\/foto1-768x512.jpeg\" class=\"pt-cv-thumbnail\" alt=\"\" \/><\/a><\/div>\n<div class=\"pt-cv-overlay-wrapper\"><div class=\"pt-cv-taxoterm above_title\"><a href='https:\/\/garageblogec.com\/?cat=27' title='Industria Nacional' class='pt-cv-tax-industria-nacional'>Industria Nacional<\/a><\/div><h4 class=\"pt-cv-title\"><a href=\"https:\/\/garageblogec.com\/?p=3280\" class=\"_self\" target=\"_self\" >Movilidad como inversi\u00f3n: el uso de utilidades que crece en Ecuador<\/a><\/h4><div class=\"pt-cv-meta-fields\"><span class=\"entry-date\"> <time datetime=\"2026-04-07T19:55:36+00:00\">abril 7, 2026<\/time><\/span><span> \/ <\/span><span class=\"author\"> <a href=\"https:\/\/garageblogec.com\/?author=6\" rel=\"author\">gabi1212<\/a><\/span><\/div><\/div><\/div>\n<div class=\" pt-cv-content-item pt-cv-1-col\" ><div class=\"pt-cv-thumb-wrapper  \"><a href=\"https:\/\/garageblogec.com\/?p=3276\" class=\"_self pt-cv-href-thumbnail pt-cv-thumb-default\" target=\"_self\" ><img loading=\"lazy\" decoding=\"async\" width=\"745\" height=\"491\" src=\"https:\/\/garageblogec.com\/wp-content\/uploads\/2026\/04\/TT.png\" class=\"pt-cv-thumbnail\" alt=\"\" \/><\/a><\/div>\n<div class=\"pt-cv-overlay-wrapper\"><div class=\"pt-cv-taxoterm above_title\"><a href='https:\/\/garageblogec.com\/?cat=27' title='Industria Nacional' class='pt-cv-tax-industria-nacional'>Industria Nacional<\/a><\/div><h4 class=\"pt-cv-title\"><a href=\"https:\/\/garageblogec.com\/?p=3276\" class=\"_self\" target=\"_self\" >Lluvias en Ecuador: C\u00f3mo reducir riesgos en carretera y prevenir accidentes en calzada mojada<\/a><\/h4><div class=\"pt-cv-meta-fields\"><span class=\"entry-date\"> <time datetime=\"2026-04-07T19:46:52+00:00\">abril 7, 2026<\/time><\/span><span> \/ <\/span><span class=\"author\"> <a href=\"https:\/\/garageblogec.com\/?author=6\" rel=\"author\">gabi1212<\/a><\/span><\/div><\/div><\/div><\/div><\/div> <\/div> <style>\n#pt-cv-view-b5ywx2bk .pt-cv-thumb-wrapper::before {background: rgba(0,0,0,.4); opacity: 0.8;}#pt-cv-view-b5ywx2bk .pt-cv-overlay-wrapper {justify-content: center;}\n#pt-cv-view-b5ywx2bk .pt-cv-meta-fields {  }#pt-cv-view-b5ywx2bk .pt-cv-meta-fields * { font-size: 13px; }#pt-cv-view-b5ywx2bk .pt-cv-title a { display: block; }#pt-cv-view-b5ywx2bk .pt-cv-title:not(.pt-cv-titlesm) a { font-weight: 600;text-decoration: none;font-size: 20px; }#pt-cv-view-b5ywx2bk .pt-cv-titlesm a { font-weight: 600;font-size: 18px; }#pt-cv-view-b5ywx2bk .pt-cv-content { font-size: 15px; }#pt-cv-view-b5ywx2bk .pt-cv-rmwrap {  }#pt-cv-view-b5ywx2bk .pt-cv-readmore { color: #fff;background-color: #0075ff;font-size: 14px; }#pt-cv-view-b5ywx2bk .pt-cv-taxoterm { margin: 0px 0px 20px 0px; }#pt-cv-view-b5ywx2bk .pt-cv-taxoterm * { color: #222;background-color: #fff6f6;font-size: 14px; }#pt-cv-view-b5ywx2bk + .pt-cv-pagination-wrapper {  }#pt-cv-view-b5ywx2bk + .pt-cv-pagination-wrapper a { font-size: 14px; }#pt-cv-view-b5ywx2bk > .pt-cv-page {grid-template-columns: repeat(3, 1fr);grid-auto-rows: 250px;grid-gap: 10px;}\n@media all and (max-width: 1024px) { \n#pt-cv-view-b5ywx2bk > .pt-cv-page {}\n} \n@media all and (max-width: 767px) { \n#pt-cv-view-b5ywx2bk > .pt-cv-page {grid-template-columns: repeat(1, 1fr);}\n} <\/style>","protected":false},"excerpt":{"rendered":"<p>Ford ha emitido 62 retiros en lo que va de a\u00f1o y en el segundo trimestre gast\u00f3 800 millones de d\u00f3lares m\u00e1s que en 2023 en gastos de garant\u00eda.<\/p>\n","protected":false},"author":6,"featured_media":1368,"comment_status":"open","ping_status":"open","sticky":false,"template":"","format":"standard","meta":{"_jetpack_memberships_contains_paid_content":false,"footnotes":""},"categories":[27],"tags":[],"class_list":["post-1367","post","type-post","status-publish","format-standard","has-post-thumbnail","hentry","category-industria-nacional"],"yoast_head":"<!-- This site is optimized with the Yoast SEO plugin v27.4 - https:\/\/yoast.com\/product\/yoast-seo-wordpress\/ -->\n<title>Ford nombrar\u00e1 un nuevo responsable de calidad para reducir los costes de garant\u00eda y las retiradas de productos - Garage Blog Ecuador<\/title>\n<meta name=\"robots\" content=\"index, follow, max-snippet:-1, max-image-preview:large, max-video-preview:-1\" \/>\n<link rel=\"canonical\" href=\"https:\/\/garageblogec.com\/?p=1367\" \/>\n<meta property=\"og:locale\" content=\"es_ES\" \/>\n<meta property=\"og:type\" content=\"article\" \/>\n<meta property=\"og:title\" content=\"Ford nombrar\u00e1 un nuevo responsable de calidad para reducir los costes de garant\u00eda y las retiradas de productos - Garage Blog Ecuador\" \/>\n<meta property=\"og:description\" content=\"Ford ha emitido 62 retiros en lo que va de a\u00f1o y en el segundo trimestre gast\u00f3 800 millones de d\u00f3lares m\u00e1s que en 2023 en gastos de garant\u00eda.\" \/>\n<meta property=\"og:url\" content=\"https:\/\/garageblogec.com\/?p=1367\" \/>\n<meta property=\"og:site_name\" content=\"Garage Blog Ecuador\" \/>\n<meta property=\"article:published_time\" content=\"2024-12-19T14:52:40+00:00\" \/>\n<meta property=\"article:modified_time\" content=\"2024-12-19T14:52:43+00:00\" \/>\n<meta property=\"og:image\" content=\"https:\/\/garageblogec.com\/wp-content\/uploads\/2024\/12\/Captura-1.png\" \/>\n\t<meta property=\"og:image:width\" content=\"879\" \/>\n\t<meta property=\"og:image:height\" content=\"480\" \/>\n\t<meta property=\"og:image:type\" content=\"image\/png\" \/>\n<meta name=\"author\" content=\"gabi1212\" \/>\n<meta name=\"twitter:card\" content=\"summary_large_image\" \/>\n<meta name=\"twitter:label1\" content=\"Escrito por\" \/>\n\t<meta name=\"twitter:data1\" content=\"gabi1212\" \/>\n\t<meta name=\"twitter:label2\" content=\"Tiempo de lectura\" \/>\n\t<meta name=\"twitter:data2\" content=\"3 minutos\" \/>\n<script type=\"application\/ld+json\" class=\"yoast-schema-graph\">{\"@context\":\"https:\\\/\\\/schema.org\",\"@graph\":[{\"@type\":\"Article\",\"@id\":\"https:\\\/\\\/garageblogec.com\\\/?p=1367#article\",\"isPartOf\":{\"@id\":\"https:\\\/\\\/garageblogec.com\\\/?p=1367\"},\"author\":{\"name\":\"gabi1212\",\"@id\":\"https:\\\/\\\/garageblogec.com\\\/#\\\/schema\\\/person\\\/635f4b76c0cb3e43b82fe6f7d8bcceea\"},\"headline\":\"Ford nombrar\u00e1 un nuevo responsable de calidad para reducir los costes de garant\u00eda y las retiradas de productos\",\"datePublished\":\"2024-12-19T14:52:40+00:00\",\"dateModified\":\"2024-12-19T14:52:43+00:00\",\"mainEntityOfPage\":{\"@id\":\"https:\\\/\\\/garageblogec.com\\\/?p=1367\"},\"wordCount\":436,\"commentCount\":0,\"publisher\":{\"@id\":\"https:\\\/\\\/garageblogec.com\\\/#organization\"},\"image\":{\"@id\":\"https:\\\/\\\/garageblogec.com\\\/?p=1367#primaryimage\"},\"thumbnailUrl\":\"https:\\\/\\\/garageblogec.com\\\/wp-content\\\/uploads\\\/2024\\\/12\\\/Captura-1.png\",\"articleSection\":[\"Industria Nacional\"],\"inLanguage\":\"es\",\"potentialAction\":[{\"@type\":\"CommentAction\",\"name\":\"Comment\",\"target\":[\"https:\\\/\\\/garageblogec.com\\\/?p=1367#respond\"]}]},{\"@type\":\"WebPage\",\"@id\":\"https:\\\/\\\/garageblogec.com\\\/?p=1367\",\"url\":\"https:\\\/\\\/garageblogec.com\\\/?p=1367\",\"name\":\"Ford nombrar\u00e1 un nuevo responsable de calidad para reducir los costes de garant\u00eda y las retiradas de productos - Garage Blog Ecuador\",\"isPartOf\":{\"@id\":\"https:\\\/\\\/garageblogec.com\\\/#website\"},\"primaryImageOfPage\":{\"@id\":\"https:\\\/\\\/garageblogec.com\\\/?p=1367#primaryimage\"},\"image\":{\"@id\":\"https:\\\/\\\/garageblogec.com\\\/?p=1367#primaryimage\"},\"thumbnailUrl\":\"https:\\\/\\\/garageblogec.com\\\/wp-content\\\/uploads\\\/2024\\\/12\\\/Captura-1.png\",\"datePublished\":\"2024-12-19T14:52:40+00:00\",\"dateModified\":\"2024-12-19T14:52:43+00:00\",\"breadcrumb\":{\"@id\":\"https:\\\/\\\/garageblogec.com\\\/?p=1367#breadcrumb\"},\"inLanguage\":\"es\",\"potentialAction\":[{\"@type\":\"ReadAction\",\"target\":[\"https:\\\/\\\/garageblogec.com\\\/?p=1367\"]}]},{\"@type\":\"ImageObject\",\"inLanguage\":\"es\",\"@id\":\"https:\\\/\\\/garageblogec.com\\\/?p=1367#primaryimage\",\"url\":\"https:\\\/\\\/garageblogec.com\\\/wp-content\\\/uploads\\\/2024\\\/12\\\/Captura-1.png\",\"contentUrl\":\"https:\\\/\\\/garageblogec.com\\\/wp-content\\\/uploads\\\/2024\\\/12\\\/Captura-1.png\",\"width\":879,\"height\":480},{\"@type\":\"BreadcrumbList\",\"@id\":\"https:\\\/\\\/garageblogec.com\\\/?p=1367#breadcrumb\",\"itemListElement\":[{\"@type\":\"ListItem\",\"position\":1,\"name\":\"Portada\",\"item\":\"https:\\\/\\\/garageblogec.com\\\/\"},{\"@type\":\"ListItem\",\"position\":2,\"name\":\"Ford nombrar\u00e1 un nuevo responsable de calidad para reducir los costes de garant\u00eda y las retiradas de productos\"}]},{\"@type\":\"WebSite\",\"@id\":\"https:\\\/\\\/garageblogec.com\\\/#website\",\"url\":\"https:\\\/\\\/garageblogec.com\\\/\",\"name\":\"Garage Blog Ecuador\",\"description\":\"Alucinamos por los autos \",\"publisher\":{\"@id\":\"https:\\\/\\\/garageblogec.com\\\/#organization\"},\"potentialAction\":[{\"@type\":\"SearchAction\",\"target\":{\"@type\":\"EntryPoint\",\"urlTemplate\":\"https:\\\/\\\/garageblogec.com\\\/?s={search_term_string}\"},\"query-input\":{\"@type\":\"PropertyValueSpecification\",\"valueRequired\":true,\"valueName\":\"search_term_string\"}}],\"inLanguage\":\"es\"},{\"@type\":\"Organization\",\"@id\":\"https:\\\/\\\/garageblogec.com\\\/#organization\",\"name\":\"Garage Blog Ecuador\",\"url\":\"https:\\\/\\\/garageblogec.com\\\/\",\"logo\":{\"@type\":\"ImageObject\",\"inLanguage\":\"es\",\"@id\":\"https:\\\/\\\/garageblogec.com\\\/#\\\/schema\\\/logo\\\/image\\\/\",\"url\":\"https:\\\/\\\/garageblogec.com\\\/wp-content\\\/uploads\\\/2024\\\/02\\\/cropped-logo-png-para-blog.webp\",\"contentUrl\":\"https:\\\/\\\/garageblogec.com\\\/wp-content\\\/uploads\\\/2024\\\/02\\\/cropped-logo-png-para-blog.webp\",\"width\":840,\"height\":556,\"caption\":\"Garage Blog Ecuador \"},\"image\":{\"@id\":\"https:\\\/\\\/garageblogec.com\\\/#\\\/schema\\\/logo\\\/image\\\/\"}},{\"@type\":\"Person\",\"@id\":\"https:\\\/\\\/garageblogec.com\\\/#\\\/schema\\\/person\\\/635f4b76c0cb3e43b82fe6f7d8bcceea\",\"name\":\"gabi1212\",\"image\":{\"@type\":\"ImageObject\",\"inLanguage\":\"es\",\"@id\":\"https:\\\/\\\/secure.gravatar.com\\\/avatar\\\/6aa491f45cb359d4d6dd8c430e83f78899c80569c27d21156e19bbdcd31d1811?s=96&d=mm&r=g\",\"url\":\"https:\\\/\\\/secure.gravatar.com\\\/avatar\\\/6aa491f45cb359d4d6dd8c430e83f78899c80569c27d21156e19bbdcd31d1811?s=96&d=mm&r=g\",\"contentUrl\":\"https:\\\/\\\/secure.gravatar.com\\\/avatar\\\/6aa491f45cb359d4d6dd8c430e83f78899c80569c27d21156e19bbdcd31d1811?s=96&d=mm&r=g\",\"caption\":\"gabi1212\"},\"url\":\"https:\\\/\\\/garageblogec.com\\\/?author=6\"}]}<\/script>\n<!-- \/ Yoast SEO plugin. -->","yoast_head_json":{"title":"Ford nombrar\u00e1 un nuevo responsable de calidad para reducir los costes de garant\u00eda y las retiradas de productos - Garage Blog Ecuador","robots":{"index":"index","follow":"follow","max-snippet":"max-snippet:-1","max-image-preview":"max-image-preview:large","max-video-preview":"max-video-preview:-1"},"canonical":"https:\/\/garageblogec.com\/?p=1367","og_locale":"es_ES","og_type":"article","og_title":"Ford nombrar\u00e1 un nuevo responsable de calidad para reducir los costes de garant\u00eda y las retiradas de productos - Garage Blog Ecuador","og_description":"Ford ha emitido 62 retiros en lo que va de a\u00f1o y en el segundo trimestre gast\u00f3 800 millones de d\u00f3lares m\u00e1s que en 2023 en gastos de garant\u00eda.","og_url":"https:\/\/garageblogec.com\/?p=1367","og_site_name":"Garage Blog Ecuador","article_published_time":"2024-12-19T14:52:40+00:00","article_modified_time":"2024-12-19T14:52:43+00:00","og_image":[{"width":879,"height":480,"url":"https:\/\/garageblogec.com\/wp-content\/uploads\/2024\/12\/Captura-1.png","type":"image\/png"}],"author":"gabi1212","twitter_card":"summary_large_image","twitter_misc":{"Escrito por":"gabi1212","Tiempo de lectura":"3 minutos"},"schema":{"@context":"https:\/\/schema.org","@graph":[{"@type":"Article","@id":"https:\/\/garageblogec.com\/?p=1367#article","isPartOf":{"@id":"https:\/\/garageblogec.com\/?p=1367"},"author":{"name":"gabi1212","@id":"https:\/\/garageblogec.com\/#\/schema\/person\/635f4b76c0cb3e43b82fe6f7d8bcceea"},"headline":"Ford nombrar\u00e1 un nuevo responsable de calidad para reducir los costes de garant\u00eda y las retiradas de productos","datePublished":"2024-12-19T14:52:40+00:00","dateModified":"2024-12-19T14:52:43+00:00","mainEntityOfPage":{"@id":"https:\/\/garageblogec.com\/?p=1367"},"wordCount":436,"commentCount":0,"publisher":{"@id":"https:\/\/garageblogec.com\/#organization"},"image":{"@id":"https:\/\/garageblogec.com\/?p=1367#primaryimage"},"thumbnailUrl":"https:\/\/garageblogec.com\/wp-content\/uploads\/2024\/12\/Captura-1.png","articleSection":["Industria Nacional"],"inLanguage":"es","potentialAction":[{"@type":"CommentAction","name":"Comment","target":["https:\/\/garageblogec.com\/?p=1367#respond"]}]},{"@type":"WebPage","@id":"https:\/\/garageblogec.com\/?p=1367","url":"https:\/\/garageblogec.com\/?p=1367","name":"Ford nombrar\u00e1 un nuevo responsable de calidad para reducir los costes de garant\u00eda y las retiradas de productos - Garage Blog Ecuador","isPartOf":{"@id":"https:\/\/garageblogec.com\/#website"},"primaryImageOfPage":{"@id":"https:\/\/garageblogec.com\/?p=1367#primaryimage"},"image":{"@id":"https:\/\/garageblogec.com\/?p=1367#primaryimage"},"thumbnailUrl":"https:\/\/garageblogec.com\/wp-content\/uploads\/2024\/12\/Captura-1.png","datePublished":"2024-12-19T14:52:40+00:00","dateModified":"2024-12-19T14:52:43+00:00","breadcrumb":{"@id":"https:\/\/garageblogec.com\/?p=1367#breadcrumb"},"inLanguage":"es","potentialAction":[{"@type":"ReadAction","target":["https:\/\/garageblogec.com\/?p=1367"]}]},{"@type":"ImageObject","inLanguage":"es","@id":"https:\/\/garageblogec.com\/?p=1367#primaryimage","url":"https:\/\/garageblogec.com\/wp-content\/uploads\/2024\/12\/Captura-1.png","contentUrl":"https:\/\/garageblogec.com\/wp-content\/uploads\/2024\/12\/Captura-1.png","width":879,"height":480},{"@type":"BreadcrumbList","@id":"https:\/\/garageblogec.com\/?p=1367#breadcrumb","itemListElement":[{"@type":"ListItem","position":1,"name":"Portada","item":"https:\/\/garageblogec.com\/"},{"@type":"ListItem","position":2,"name":"Ford nombrar\u00e1 un nuevo responsable de calidad para reducir los costes de garant\u00eda y las retiradas de productos"}]},{"@type":"WebSite","@id":"https:\/\/garageblogec.com\/#website","url":"https:\/\/garageblogec.com\/","name":"Garage Blog Ecuador","description":"Alucinamos por los autos ","publisher":{"@id":"https:\/\/garageblogec.com\/#organization"},"potentialAction":[{"@type":"SearchAction","target":{"@type":"EntryPoint","urlTemplate":"https:\/\/garageblogec.com\/?s={search_term_string}"},"query-input":{"@type":"PropertyValueSpecification","valueRequired":true,"valueName":"search_term_string"}}],"inLanguage":"es"},{"@type":"Organization","@id":"https:\/\/garageblogec.com\/#organization","name":"Garage Blog Ecuador","url":"https:\/\/garageblogec.com\/","logo":{"@type":"ImageObject","inLanguage":"es","@id":"https:\/\/garageblogec.com\/#\/schema\/logo\/image\/","url":"https:\/\/garageblogec.com\/wp-content\/uploads\/2024\/02\/cropped-logo-png-para-blog.webp","contentUrl":"https:\/\/garageblogec.com\/wp-content\/uploads\/2024\/02\/cropped-logo-png-para-blog.webp","width":840,"height":556,"caption":"Garage Blog Ecuador "},"image":{"@id":"https:\/\/garageblogec.com\/#\/schema\/logo\/image\/"}},{"@type":"Person","@id":"https:\/\/garageblogec.com\/#\/schema\/person\/635f4b76c0cb3e43b82fe6f7d8bcceea","name":"gabi1212","image":{"@type":"ImageObject","inLanguage":"es","@id":"https:\/\/secure.gravatar.com\/avatar\/6aa491f45cb359d4d6dd8c430e83f78899c80569c27d21156e19bbdcd31d1811?s=96&d=mm&r=g","url":"https:\/\/secure.gravatar.com\/avatar\/6aa491f45cb359d4d6dd8c430e83f78899c80569c27d21156e19bbdcd31d1811?s=96&d=mm&r=g","contentUrl":"https:\/\/secure.gravatar.com\/avatar\/6aa491f45cb359d4d6dd8c430e83f78899c80569c27d21156e19bbdcd31d1811?s=96&d=mm&r=g","caption":"gabi1212"},"url":"https:\/\/garageblogec.com\/?author=6"}]}},"jetpack_featured_media_url":"https:\/\/garageblogec.com\/wp-content\/uploads\/2024\/12\/Captura-1.png","jetpack_sharing_enabled":true,"_links":{"self":[{"href":"https:\/\/garageblogec.com\/index.php?rest_route=\/wp\/v2\/posts\/1367","targetHints":{"allow":["GET"]}}],"collection":[{"href":"https:\/\/garageblogec.com\/index.php?rest_route=\/wp\/v2\/posts"}],"about":[{"href":"https:\/\/garageblogec.com\/index.php?rest_route=\/wp\/v2\/types\/post"}],"author":[{"embeddable":true,"href":"https:\/\/garageblogec.com\/index.php?rest_route=\/wp\/v2\/users\/6"}],"replies":[{"embeddable":true,"href":"https:\/\/garageblogec.com\/index.php?rest_route=%2Fwp%2Fv2%2Fcomments&post=1367"}],"version-history":[{"count":1,"href":"https:\/\/garageblogec.com\/index.php?rest_route=\/wp\/v2\/posts\/1367\/revisions"}],"predecessor-version":[{"id":1369,"href":"https:\/\/garageblogec.com\/index.php?rest_route=\/wp\/v2\/posts\/1367\/revisions\/1369"}],"wp:featuredmedia":[{"embeddable":true,"href":"https:\/\/garageblogec.com\/index.php?rest_route=\/wp\/v2\/media\/1368"}],"wp:attachment":[{"href":"https:\/\/garageblogec.com\/index.php?rest_route=%2Fwp%2Fv2%2Fmedia&parent=1367"}],"wp:term":[{"taxonomy":"category","embeddable":true,"href":"https:\/\/garageblogec.com\/index.php?rest_route=%2Fwp%2Fv2%2Fcategories&post=1367"},{"taxonomy":"post_tag","embeddable":true,"href":"https:\/\/garageblogec.com\/index.php?rest_route=%2Fwp%2Fv2%2Ftags&post=1367"}],"curies":[{"name":"wp","href":"https:\/\/api.w.org\/{rel}","templated":true}]}}