{"id":1347,"date":"2024-12-11T19:23:41","date_gmt":"2024-12-11T19:23:41","guid":{"rendered":"https:\/\/garageblogec.com\/?p=1347"},"modified":"2024-12-11T19:23:45","modified_gmt":"2024-12-11T19:23:45","slug":"byd-presenta-su-tecnologia-dm-iuna-revolucion-en-vehiculos-de-nueva-energia","status":"publish","type":"post","link":"https:\/\/garageblogec.com\/?p=1347","title":{"rendered":"BYD PRESENTA SU TECNOLOG\u00cdA DM-iUNA REVOLUCI\u00d3N EN VEH\u00cdCULOS DE NUEVA ENERG\u00cdA"},"content":{"rendered":"\n<p><strong><em>\u00a1Bienvenidos al futuro de la movilidad con BYD!<\/em><\/strong><\/p>\n\n\n\n<p>BYD, l\u00edder global en innovaci\u00f3n automotriz, contin\u00faa marcando la diferencia en el mercado ecuatoriano con su tecnolog\u00eda patentada DM-i (Dual Mode Intelligent), consolidada como la m\u00e1s avanzada en veh\u00edculos de nueva energ\u00eda. Este sistema h\u00edbrido enchufable combina la eficiencia de un motor el\u00e9ctrico independiente y la potencia de un motor a combusti\u00f3n 1.5 Turbo, dise\u00f1ado para maximizar el desempe\u00f1o y el ahorro energ\u00e9tico.<\/p>\n\n\n\n<figure class=\"wp-block-image size-large\"><img fetchpriority=\"high\" decoding=\"async\" width=\"1024\" height=\"682\" src=\"https:\/\/garageblogec.com\/wp-content\/uploads\/2024\/12\/WhatsApp-Image-2024-12-11-at-2.02.50-PM-1024x682.jpeg\" alt=\"\" class=\"wp-image-1352\" srcset=\"https:\/\/garageblogec.com\/wp-content\/uploads\/2024\/12\/WhatsApp-Image-2024-12-11-at-2.02.50-PM-1024x682.jpeg 1024w, https:\/\/garageblogec.com\/wp-content\/uploads\/2024\/12\/WhatsApp-Image-2024-12-11-at-2.02.50-PM-300x200.jpeg 300w, https:\/\/garageblogec.com\/wp-content\/uploads\/2024\/12\/WhatsApp-Image-2024-12-11-at-2.02.50-PM-768x512.jpeg 768w, https:\/\/garageblogec.com\/wp-content\/uploads\/2024\/12\/WhatsApp-Image-2024-12-11-at-2.02.50-PM.jpeg 1280w\" sizes=\"(max-width: 1024px) 100vw, 1024px\" \/><\/figure>\n\n\n\n<p>La tecnolog\u00eda DM-i permite a los usuarios optar por un modo 100% el\u00e9ctrico para trayectos urbanos, logrando una reducci\u00f3n promedio del 90% en el consumo de combustible en este tipo de recorridos. Para viajes de mayor distancia, el motor a combusti\u00f3n act\u00faa como soporte, ofreciendo potencia adicional y una autonom\u00eda extendida.<\/p>\n\n\n\n<figure class=\"wp-block-image size-full\"><img decoding=\"async\" width=\"800\" height=\"533\" src=\"https:\/\/garageblogec.com\/wp-content\/uploads\/2024\/12\/WhatsApp-Image-2024-12-11-at-2.02.50-PM-2.jpeg\" alt=\"\" class=\"wp-image-1350\" srcset=\"https:\/\/garageblogec.com\/wp-content\/uploads\/2024\/12\/WhatsApp-Image-2024-12-11-at-2.02.50-PM-2.jpeg 800w, https:\/\/garageblogec.com\/wp-content\/uploads\/2024\/12\/WhatsApp-Image-2024-12-11-at-2.02.50-PM-2-300x200.jpeg 300w, https:\/\/garageblogec.com\/wp-content\/uploads\/2024\/12\/WhatsApp-Image-2024-12-11-at-2.02.50-PM-2-768x512.jpeg 768w\" sizes=\"(max-width: 800px) 100vw, 800px\" \/><\/figure>\n\n\n\n<p>A diferencia de otros h\u00edbridos enchufables, el motor el\u00e9ctrico del sistema DM-i es completamente independiente, lo que significa que el veh\u00edculo puede operar \u00fanicamente en modo el\u00e9ctrico, cargando su bater\u00eda en casa y logrando un consumo de gasolina de 0 en este modo.<\/p>\n\n\n\n<p>El modelo SONG PLUS, equipado con la tecnolog\u00eda DM-i, es un \u201cs\u00faper h\u00edbrido\u201d que ofrece una soluci\u00f3n ideal para quienes buscan el balance perfecto entre desempe\u00f1o, econom\u00eda y sostenibilidad.<\/p>\n\n\n\n<figure class=\"wp-block-image size-large\"><img decoding=\"async\" width=\"1024\" height=\"682\" src=\"https:\/\/garageblogec.com\/wp-content\/uploads\/2024\/12\/WhatsApp-Image-2024-12-11-at-2.02.50-PM-1-1024x682.jpeg\" alt=\"\" class=\"wp-image-1351\" srcset=\"https:\/\/garageblogec.com\/wp-content\/uploads\/2024\/12\/WhatsApp-Image-2024-12-11-at-2.02.50-PM-1-1024x682.jpeg 1024w, https:\/\/garageblogec.com\/wp-content\/uploads\/2024\/12\/WhatsApp-Image-2024-12-11-at-2.02.50-PM-1-300x200.jpeg 300w, https:\/\/garageblogec.com\/wp-content\/uploads\/2024\/12\/WhatsApp-Image-2024-12-11-at-2.02.50-PM-1-768x512.jpeg 768w, https:\/\/garageblogec.com\/wp-content\/uploads\/2024\/12\/WhatsApp-Image-2024-12-11-at-2.02.50-PM-1.jpeg 1280w\" sizes=\"(max-width: 1024px) 100vw, 1024px\" \/><\/figure>\n\n\n\n<p>El lanzamiento oficial de la tecnolog\u00eda DM-i tuvo lugar en Puembo, a 20 minutos del Paseo San Francisco, en Villa Pietra, en un entorno que une naturaleza y tecnolog\u00eda. Durante este evento exclusivo, los asistentes pudieron:<\/p>\n\n\n\n<figure class=\"wp-block-image size-large\"><img loading=\"lazy\" decoding=\"async\" width=\"1024\" height=\"682\" src=\"https:\/\/garageblogec.com\/wp-content\/uploads\/2024\/12\/WhatsApp-Image-2024-12-11-at-2.02.51-PM-1024x682.jpeg\" alt=\"\" class=\"wp-image-1349\" srcset=\"https:\/\/garageblogec.com\/wp-content\/uploads\/2024\/12\/WhatsApp-Image-2024-12-11-at-2.02.51-PM-1024x682.jpeg 1024w, https:\/\/garageblogec.com\/wp-content\/uploads\/2024\/12\/WhatsApp-Image-2024-12-11-at-2.02.51-PM-300x200.jpeg 300w, https:\/\/garageblogec.com\/wp-content\/uploads\/2024\/12\/WhatsApp-Image-2024-12-11-at-2.02.51-PM-768x512.jpeg 768w, https:\/\/garageblogec.com\/wp-content\/uploads\/2024\/12\/WhatsApp-Image-2024-12-11-at-2.02.51-PM.jpeg 1280w\" sizes=\"(max-width: 1024px) 100vw, 1024px\" \/><\/figure>\n\n\n\n<ul class=\"wp-block-list\">\n<li>Experimentar la tecnolog\u00eda DM-i a trav\u00e9s de un test drive con el Song Plus.<\/li>\n\n\n\n<li>Conocer los datos m\u00e1s recientes sobre el consumo y el impacto ambiental del Song Plus en comparaci\u00f3n con otros h\u00edbridos del mercado.<\/li>\n\n\n\n<li>Explorar c\u00f3mo BYD avanza en su prop\u00f3sito global de enfriar la Tierra en 1 \u00b0C, integrando innovaci\u00f3n automotriz y sostenibilidad.<\/li>\n\n\n\n<li>Conversar directamente con los directivos de BYD para despejar dudas en una rueda de prensa y entrevistas INSITU.<\/li>\n<\/ul>\n\n\n\n<p>BYD reafirma su compromiso con el medio ambiente y la movilidad sostenible, ofreciendo a los consumidores soluciones pr\u00e1cticas y accesibles para reducir su huella de carbono. Los veh\u00edculos DM-i no solo representan una revoluci\u00f3n tecnol\u00f3gica, sino tambi\u00e9n una oportunidad para un futuro m\u00e1s limpio, eficiente y conectado.<\/p>\n\n\n<div class='pt-cv-wrapper'> <h3 class='pt-cv-heading-container heading1' data-blockid='bf2lei4v'><span class='pt-cv-heading'> Overlay1 <\/span><\/h3><div class=\"pt-cv-view pt-cv-overlaygrid iscvblock iscvreal overlay1 layout1\" id=\"pt-cv-view-bf2lei4v\"><div data-id=\"pt-cv-page-1\" class=\"pt-cv-page\" data-cvc=\"3\"><div class=\" pt-cv-content-item pt-cv-1-col\" ><div class=\"pt-cv-thumb-wrapper  \"><a href=\"https:\/\/garageblogec.com\/?p=3303\" class=\"_self pt-cv-href-thumbnail pt-cv-thumb-default\" target=\"_self\" ><img loading=\"lazy\" decoding=\"async\" width=\"768\" height=\"432\" src=\"https:\/\/garageblogec.com\/wp-content\/uploads\/2026\/04\/WhatsApp-Image-2026-04-21-at-1.52.53-PM-768x432.jpeg\" class=\"pt-cv-thumbnail\" alt=\"\" \/><\/a><\/div>\n<div class=\"pt-cv-overlay-wrapper\"><div class=\"pt-cv-taxoterm above_title\"><a href='https:\/\/garageblogec.com\/?cat=27' title='Industria Nacional' class='pt-cv-tax-industria-nacional'>Industria Nacional<\/a><\/div><h4 class=\"pt-cv-title\"><a href=\"https:\/\/garageblogec.com\/?p=3303\" class=\"_self\" target=\"_self\" >Grupo Ambacar presenta en Guayaquil KGM, su nueva marca de SUV h\u00edbridos con respaldo global<\/a><\/h4><div class=\"pt-cv-meta-fields\"><span class=\"entry-date\"> <time datetime=\"2026-04-21T21:37:24+00:00\">abril 21, 2026<\/time><\/span><span> \/ <\/span><span class=\"author\"> <a href=\"https:\/\/garageblogec.com\/?author=6\" rel=\"author\">gabi1212<\/a><\/span><\/div><\/div><\/div>\n<div class=\" pt-cv-content-item pt-cv-1-col\" ><div class=\"pt-cv-thumb-wrapper  \"><a href=\"https:\/\/garageblogec.com\/?p=3296\" class=\"_self pt-cv-href-thumbnail pt-cv-thumb-default\" target=\"_self\" ><img loading=\"lazy\" decoding=\"async\" width=\"768\" height=\"432\" src=\"https:\/\/garageblogec.com\/wp-content\/uploads\/2026\/04\/WhatsApp-Image-2026-04-14-at-3.15.09-PM-768x432.jpeg\" class=\"pt-cv-thumbnail\" alt=\"\" \/><\/a><\/div>\n<div class=\"pt-cv-overlay-wrapper\"><div class=\"pt-cv-taxoterm above_title\"><a href='https:\/\/garageblogec.com\/?cat=27' title='Industria Nacional' class='pt-cv-tax-industria-nacional'>Industria Nacional<\/a><\/div><h4 class=\"pt-cv-title\"><a href=\"https:\/\/garageblogec.com\/?p=3296\" class=\"_self\" target=\"_self\" >El tablero desapareci\u00f3, ahora el auto es una pantalla inteligente<\/a><\/h4><div class=\"pt-cv-meta-fields\"><span class=\"entry-date\"> <time datetime=\"2026-04-14T20:21:20+00:00\">abril 14, 2026<\/time><\/span><span> \/ <\/span><span class=\"author\"> <a href=\"https:\/\/garageblogec.com\/?author=6\" rel=\"author\">gabi1212<\/a><\/span><\/div><\/div><\/div>\n<div class=\" pt-cv-content-item pt-cv-1-col\" ><div class=\"pt-cv-thumb-wrapper  \"><a href=\"https:\/\/garageblogec.com\/?p=3291\" class=\"_self pt-cv-href-thumbnail pt-cv-thumb-default\" target=\"_self\" ><img loading=\"lazy\" decoding=\"async\" width=\"768\" height=\"432\" src=\"https:\/\/garageblogec.com\/wp-content\/uploads\/2026\/04\/WhatsApp-Image-2026-04-14-at-2.21.27-PM-768x432.jpeg\" class=\"pt-cv-thumbnail\" alt=\"\" \/><\/a><\/div>\n<div class=\"pt-cv-overlay-wrapper\"><div class=\"pt-cv-taxoterm above_title\"><a href='https:\/\/garageblogec.com\/?cat=27' title='Industria Nacional' class='pt-cv-tax-industria-nacional'>Industria Nacional<\/a><\/div><h4 class=\"pt-cv-title\"><a href=\"https:\/\/garageblogec.com\/?p=3291\" class=\"_self\" target=\"_self\" >Seguridad al volante en Ecuador: los errores m\u00e1s comunes que cometen los conductores<\/a><\/h4><div class=\"pt-cv-meta-fields\"><span class=\"entry-date\"> <time datetime=\"2026-04-14T20:08:54+00:00\">abril 14, 2026<\/time><\/span><span> \/ <\/span><span class=\"author\"> <a href=\"https:\/\/garageblogec.com\/?author=6\" rel=\"author\">gabi1212<\/a><\/span><\/div><\/div><\/div>\n<div class=\" pt-cv-content-item pt-cv-1-col\" ><div class=\"pt-cv-thumb-wrapper  \"><a href=\"https:\/\/garageblogec.com\/?p=3286\" class=\"_self pt-cv-href-thumbnail pt-cv-thumb-default\" target=\"_self\" ><img loading=\"lazy\" decoding=\"async\" width=\"768\" height=\"492\" src=\"https:\/\/garageblogec.com\/wp-content\/uploads\/2026\/04\/Posventa.jpg-768x492.jpeg\" class=\"pt-cv-thumbnail\" alt=\"\" \/><\/a><\/div>\n<div class=\"pt-cv-overlay-wrapper\"><div class=\"pt-cv-taxoterm above_title\"><a href='https:\/\/garageblogec.com\/?cat=27' title='Industria Nacional' class='pt-cv-tax-industria-nacional'>Industria Nacional<\/a><\/div><h4 class=\"pt-cv-title\"><a href=\"https:\/\/garageblogec.com\/?p=3286\" class=\"_self\" target=\"_self\" >Clientes Nissan reciben cambios de aceite infinitos<\/a><\/h4><div class=\"pt-cv-meta-fields\"><span class=\"entry-date\"> <time datetime=\"2026-04-14T20:04:08+00:00\">abril 14, 2026<\/time><\/span><span> \/ <\/span><span class=\"author\"> <a href=\"https:\/\/garageblogec.com\/?author=6\" rel=\"author\">gabi1212<\/a><\/span><\/div><\/div><\/div>\n<div class=\" pt-cv-content-item pt-cv-1-col\" ><div class=\"pt-cv-thumb-wrapper  \"><a href=\"https:\/\/garageblogec.com\/?p=3280\" class=\"_self pt-cv-href-thumbnail pt-cv-thumb-default\" target=\"_self\" ><img loading=\"lazy\" decoding=\"async\" width=\"768\" height=\"512\" src=\"https:\/\/garageblogec.com\/wp-content\/uploads\/2026\/04\/foto1-768x512.jpeg\" class=\"pt-cv-thumbnail\" alt=\"\" \/><\/a><\/div>\n<div class=\"pt-cv-overlay-wrapper\"><div class=\"pt-cv-taxoterm above_title\"><a href='https:\/\/garageblogec.com\/?cat=27' title='Industria Nacional' class='pt-cv-tax-industria-nacional'>Industria Nacional<\/a><\/div><h4 class=\"pt-cv-title\"><a href=\"https:\/\/garageblogec.com\/?p=3280\" class=\"_self\" target=\"_self\" >Movilidad como inversi\u00f3n: el uso de utilidades que crece en Ecuador<\/a><\/h4><div class=\"pt-cv-meta-fields\"><span class=\"entry-date\"> <time datetime=\"2026-04-07T19:55:36+00:00\">abril 7, 2026<\/time><\/span><span> \/ <\/span><span class=\"author\"> <a href=\"https:\/\/garageblogec.com\/?author=6\" rel=\"author\">gabi1212<\/a><\/span><\/div><\/div><\/div>\n<div class=\" pt-cv-content-item pt-cv-1-col\" ><div class=\"pt-cv-thumb-wrapper  \"><a href=\"https:\/\/garageblogec.com\/?p=3276\" class=\"_self pt-cv-href-thumbnail pt-cv-thumb-default\" target=\"_self\" ><img loading=\"lazy\" decoding=\"async\" width=\"745\" height=\"491\" src=\"https:\/\/garageblogec.com\/wp-content\/uploads\/2026\/04\/TT.png\" class=\"pt-cv-thumbnail\" alt=\"\" \/><\/a><\/div>\n<div class=\"pt-cv-overlay-wrapper\"><div class=\"pt-cv-taxoterm above_title\"><a href='https:\/\/garageblogec.com\/?cat=27' title='Industria Nacional' class='pt-cv-tax-industria-nacional'>Industria Nacional<\/a><\/div><h4 class=\"pt-cv-title\"><a href=\"https:\/\/garageblogec.com\/?p=3276\" class=\"_self\" target=\"_self\" >Lluvias en Ecuador: C\u00f3mo reducir riesgos en carretera y prevenir accidentes en calzada mojada<\/a><\/h4><div class=\"pt-cv-meta-fields\"><span class=\"entry-date\"> <time datetime=\"2026-04-07T19:46:52+00:00\">abril 7, 2026<\/time><\/span><span> \/ <\/span><span class=\"author\"> <a href=\"https:\/\/garageblogec.com\/?author=6\" rel=\"author\">gabi1212<\/a><\/span><\/div><\/div><\/div><\/div><\/div> <\/div> <style>\n#pt-cv-view-bf2lei4v .pt-cv-thumb-wrapper::before {background: rgba(0,0,0,.4); opacity: 0.8;}#pt-cv-view-bf2lei4v .pt-cv-overlay-wrapper {justify-content: center;}\n#pt-cv-view-bf2lei4v .pt-cv-meta-fields {  }#pt-cv-view-bf2lei4v .pt-cv-meta-fields * { font-size: 13px; }#pt-cv-view-bf2lei4v .pt-cv-title a { display: block; }#pt-cv-view-bf2lei4v .pt-cv-title:not(.pt-cv-titlesm) a { font-weight: 600;text-decoration: none;font-size: 20px; }#pt-cv-view-bf2lei4v .pt-cv-titlesm a { font-weight: 600;font-size: 18px; }#pt-cv-view-bf2lei4v .pt-cv-content { font-size: 15px; }#pt-cv-view-bf2lei4v .pt-cv-rmwrap {  }#pt-cv-view-bf2lei4v .pt-cv-readmore { color: #fff;background-color: #0075ff;font-size: 14px; }#pt-cv-view-bf2lei4v .pt-cv-taxoterm { margin: 0px 0px 20px 0px; }#pt-cv-view-bf2lei4v .pt-cv-taxoterm * { color: #222;background-color: #fff6f6;font-size: 14px; }#pt-cv-view-bf2lei4v + .pt-cv-pagination-wrapper {  }#pt-cv-view-bf2lei4v + .pt-cv-pagination-wrapper a { font-size: 14px; }#pt-cv-view-bf2lei4v > .pt-cv-page {grid-template-columns: repeat(3, 1fr);grid-auto-rows: 250px;grid-gap: 10px;}\n@media all and (max-width: 1024px) { \n#pt-cv-view-bf2lei4v > .pt-cv-page {}\n} \n@media all and (max-width: 767px) { \n#pt-cv-view-bf2lei4v > .pt-cv-page {grid-template-columns: repeat(1, 1fr);}\n} <\/style>","protected":false},"excerpt":{"rendered":"<p>BYD, l\u00edder global en innovaci\u00f3n automotriz, contin\u00faa marcando la diferencia en el mercado ecuatoriano con su tecnolog\u00eda patentada DM-i (Dual Mode Intelligent), consolidada como la m\u00e1s avanzada en veh\u00edculos de nueva energ\u00eda.<\/p>\n","protected":false},"author":6,"featured_media":1352,"comment_status":"open","ping_status":"open","sticky":false,"template":"","format":"standard","meta":{"_jetpack_memberships_contains_paid_content":false,"footnotes":""},"categories":[27],"tags":[],"class_list":["post-1347","post","type-post","status-publish","format-standard","has-post-thumbnail","hentry","category-industria-nacional"],"yoast_head":"<!-- This site is optimized with the Yoast SEO plugin v27.5 - https:\/\/yoast.com\/product\/yoast-seo-wordpress\/ -->\n<title>BYD PRESENTA SU TECNOLOG\u00cdA DM-iUNA REVOLUCI\u00d3N EN VEH\u00cdCULOS DE NUEVA ENERG\u00cdA - Garage Blog Ecuador<\/title>\n<meta name=\"robots\" content=\"index, follow, max-snippet:-1, max-image-preview:large, max-video-preview:-1\" \/>\n<link rel=\"canonical\" href=\"https:\/\/garageblogec.com\/?p=1347\" \/>\n<meta property=\"og:locale\" content=\"es_ES\" \/>\n<meta property=\"og:type\" content=\"article\" \/>\n<meta property=\"og:title\" content=\"BYD PRESENTA SU TECNOLOG\u00cdA DM-iUNA REVOLUCI\u00d3N EN VEH\u00cdCULOS DE NUEVA ENERG\u00cdA - Garage Blog Ecuador\" \/>\n<meta property=\"og:description\" content=\"BYD, l\u00edder global en innovaci\u00f3n automotriz, contin\u00faa marcando la diferencia en el mercado ecuatoriano con su tecnolog\u00eda patentada DM-i (Dual Mode Intelligent), consolidada como la m\u00e1s avanzada en veh\u00edculos de nueva energ\u00eda.\" \/>\n<meta property=\"og:url\" content=\"https:\/\/garageblogec.com\/?p=1347\" \/>\n<meta property=\"og:site_name\" content=\"Garage Blog Ecuador\" \/>\n<meta property=\"article:published_time\" content=\"2024-12-11T19:23:41+00:00\" \/>\n<meta property=\"article:modified_time\" content=\"2024-12-11T19:23:45+00:00\" \/>\n<meta property=\"og:image\" content=\"https:\/\/garageblogec.com\/wp-content\/uploads\/2024\/12\/WhatsApp-Image-2024-12-11-at-2.02.50-PM.jpeg\" \/>\n\t<meta property=\"og:image:width\" content=\"1280\" \/>\n\t<meta property=\"og:image:height\" content=\"853\" \/>\n\t<meta property=\"og:image:type\" content=\"image\/jpeg\" \/>\n<meta name=\"author\" content=\"gabi1212\" \/>\n<meta name=\"twitter:card\" content=\"summary_large_image\" \/>\n<meta name=\"twitter:label1\" content=\"Escrito por\" \/>\n\t<meta name=\"twitter:data1\" content=\"gabi1212\" \/>\n\t<meta name=\"twitter:label2\" content=\"Tiempo de lectura\" \/>\n\t<meta name=\"twitter:data2\" content=\"3 minutos\" \/>\n<script type=\"application\/ld+json\" class=\"yoast-schema-graph\">{\"@context\":\"https:\\\/\\\/schema.org\",\"@graph\":[{\"@type\":\"Article\",\"@id\":\"https:\\\/\\\/garageblogec.com\\\/?p=1347#article\",\"isPartOf\":{\"@id\":\"https:\\\/\\\/garageblogec.com\\\/?p=1347\"},\"author\":{\"name\":\"gabi1212\",\"@id\":\"https:\\\/\\\/garageblogec.com\\\/#\\\/schema\\\/person\\\/635f4b76c0cb3e43b82fe6f7d8bcceea\"},\"headline\":\"BYD PRESENTA SU TECNOLOG\u00cdA DM-iUNA REVOLUCI\u00d3N EN VEH\u00cdCULOS DE NUEVA ENERG\u00cdA\",\"datePublished\":\"2024-12-11T19:23:41+00:00\",\"dateModified\":\"2024-12-11T19:23:45+00:00\",\"mainEntityOfPage\":{\"@id\":\"https:\\\/\\\/garageblogec.com\\\/?p=1347\"},\"wordCount\":406,\"commentCount\":0,\"publisher\":{\"@id\":\"https:\\\/\\\/garageblogec.com\\\/#organization\"},\"image\":{\"@id\":\"https:\\\/\\\/garageblogec.com\\\/?p=1347#primaryimage\"},\"thumbnailUrl\":\"https:\\\/\\\/garageblogec.com\\\/wp-content\\\/uploads\\\/2024\\\/12\\\/WhatsApp-Image-2024-12-11-at-2.02.50-PM.jpeg\",\"articleSection\":[\"Industria Nacional\"],\"inLanguage\":\"es\",\"potentialAction\":[{\"@type\":\"CommentAction\",\"name\":\"Comment\",\"target\":[\"https:\\\/\\\/garageblogec.com\\\/?p=1347#respond\"]}]},{\"@type\":\"WebPage\",\"@id\":\"https:\\\/\\\/garageblogec.com\\\/?p=1347\",\"url\":\"https:\\\/\\\/garageblogec.com\\\/?p=1347\",\"name\":\"BYD PRESENTA SU TECNOLOG\u00cdA DM-iUNA REVOLUCI\u00d3N EN VEH\u00cdCULOS DE NUEVA ENERG\u00cdA - Garage Blog Ecuador\",\"isPartOf\":{\"@id\":\"https:\\\/\\\/garageblogec.com\\\/#website\"},\"primaryImageOfPage\":{\"@id\":\"https:\\\/\\\/garageblogec.com\\\/?p=1347#primaryimage\"},\"image\":{\"@id\":\"https:\\\/\\\/garageblogec.com\\\/?p=1347#primaryimage\"},\"thumbnailUrl\":\"https:\\\/\\\/garageblogec.com\\\/wp-content\\\/uploads\\\/2024\\\/12\\\/WhatsApp-Image-2024-12-11-at-2.02.50-PM.jpeg\",\"datePublished\":\"2024-12-11T19:23:41+00:00\",\"dateModified\":\"2024-12-11T19:23:45+00:00\",\"breadcrumb\":{\"@id\":\"https:\\\/\\\/garageblogec.com\\\/?p=1347#breadcrumb\"},\"inLanguage\":\"es\",\"potentialAction\":[{\"@type\":\"ReadAction\",\"target\":[\"https:\\\/\\\/garageblogec.com\\\/?p=1347\"]}]},{\"@type\":\"ImageObject\",\"inLanguage\":\"es\",\"@id\":\"https:\\\/\\\/garageblogec.com\\\/?p=1347#primaryimage\",\"url\":\"https:\\\/\\\/garageblogec.com\\\/wp-content\\\/uploads\\\/2024\\\/12\\\/WhatsApp-Image-2024-12-11-at-2.02.50-PM.jpeg\",\"contentUrl\":\"https:\\\/\\\/garageblogec.com\\\/wp-content\\\/uploads\\\/2024\\\/12\\\/WhatsApp-Image-2024-12-11-at-2.02.50-PM.jpeg\",\"width\":1280,\"height\":853},{\"@type\":\"BreadcrumbList\",\"@id\":\"https:\\\/\\\/garageblogec.com\\\/?p=1347#breadcrumb\",\"itemListElement\":[{\"@type\":\"ListItem\",\"position\":1,\"name\":\"Portada\",\"item\":\"https:\\\/\\\/garageblogec.com\\\/\"},{\"@type\":\"ListItem\",\"position\":2,\"name\":\"BYD PRESENTA SU TECNOLOG\u00cdA DM-iUNA REVOLUCI\u00d3N EN VEH\u00cdCULOS DE NUEVA ENERG\u00cdA\"}]},{\"@type\":\"WebSite\",\"@id\":\"https:\\\/\\\/garageblogec.com\\\/#website\",\"url\":\"https:\\\/\\\/garageblogec.com\\\/\",\"name\":\"Garage Blog Ecuador\",\"description\":\"Alucinamos por los autos \",\"publisher\":{\"@id\":\"https:\\\/\\\/garageblogec.com\\\/#organization\"},\"potentialAction\":[{\"@type\":\"SearchAction\",\"target\":{\"@type\":\"EntryPoint\",\"urlTemplate\":\"https:\\\/\\\/garageblogec.com\\\/?s={search_term_string}\"},\"query-input\":{\"@type\":\"PropertyValueSpecification\",\"valueRequired\":true,\"valueName\":\"search_term_string\"}}],\"inLanguage\":\"es\"},{\"@type\":\"Organization\",\"@id\":\"https:\\\/\\\/garageblogec.com\\\/#organization\",\"name\":\"Garage Blog Ecuador\",\"url\":\"https:\\\/\\\/garageblogec.com\\\/\",\"logo\":{\"@type\":\"ImageObject\",\"inLanguage\":\"es\",\"@id\":\"https:\\\/\\\/garageblogec.com\\\/#\\\/schema\\\/logo\\\/image\\\/\",\"url\":\"https:\\\/\\\/garageblogec.com\\\/wp-content\\\/uploads\\\/2024\\\/02\\\/cropped-logo-png-para-blog.webp\",\"contentUrl\":\"https:\\\/\\\/garageblogec.com\\\/wp-content\\\/uploads\\\/2024\\\/02\\\/cropped-logo-png-para-blog.webp\",\"width\":840,\"height\":556,\"caption\":\"Garage Blog Ecuador \"},\"image\":{\"@id\":\"https:\\\/\\\/garageblogec.com\\\/#\\\/schema\\\/logo\\\/image\\\/\"}},{\"@type\":\"Person\",\"@id\":\"https:\\\/\\\/garageblogec.com\\\/#\\\/schema\\\/person\\\/635f4b76c0cb3e43b82fe6f7d8bcceea\",\"name\":\"gabi1212\",\"image\":{\"@type\":\"ImageObject\",\"inLanguage\":\"es\",\"@id\":\"https:\\\/\\\/secure.gravatar.com\\\/avatar\\\/6aa491f45cb359d4d6dd8c430e83f78899c80569c27d21156e19bbdcd31d1811?s=96&d=mm&r=g\",\"url\":\"https:\\\/\\\/secure.gravatar.com\\\/avatar\\\/6aa491f45cb359d4d6dd8c430e83f78899c80569c27d21156e19bbdcd31d1811?s=96&d=mm&r=g\",\"contentUrl\":\"https:\\\/\\\/secure.gravatar.com\\\/avatar\\\/6aa491f45cb359d4d6dd8c430e83f78899c80569c27d21156e19bbdcd31d1811?s=96&d=mm&r=g\",\"caption\":\"gabi1212\"},\"url\":\"https:\\\/\\\/garageblogec.com\\\/?author=6\"}]}<\/script>\n<!-- \/ Yoast SEO plugin. -->","yoast_head_json":{"title":"BYD PRESENTA SU TECNOLOG\u00cdA DM-iUNA REVOLUCI\u00d3N EN VEH\u00cdCULOS DE NUEVA ENERG\u00cdA - Garage Blog Ecuador","robots":{"index":"index","follow":"follow","max-snippet":"max-snippet:-1","max-image-preview":"max-image-preview:large","max-video-preview":"max-video-preview:-1"},"canonical":"https:\/\/garageblogec.com\/?p=1347","og_locale":"es_ES","og_type":"article","og_title":"BYD PRESENTA SU TECNOLOG\u00cdA DM-iUNA REVOLUCI\u00d3N EN VEH\u00cdCULOS DE NUEVA ENERG\u00cdA - Garage Blog Ecuador","og_description":"BYD, l\u00edder global en innovaci\u00f3n automotriz, contin\u00faa marcando la diferencia en el mercado ecuatoriano con su tecnolog\u00eda patentada DM-i (Dual Mode Intelligent), consolidada como la m\u00e1s avanzada en veh\u00edculos de nueva energ\u00eda.","og_url":"https:\/\/garageblogec.com\/?p=1347","og_site_name":"Garage Blog Ecuador","article_published_time":"2024-12-11T19:23:41+00:00","article_modified_time":"2024-12-11T19:23:45+00:00","og_image":[{"width":1280,"height":853,"url":"https:\/\/garageblogec.com\/wp-content\/uploads\/2024\/12\/WhatsApp-Image-2024-12-11-at-2.02.50-PM.jpeg","type":"image\/jpeg"}],"author":"gabi1212","twitter_card":"summary_large_image","twitter_misc":{"Escrito por":"gabi1212","Tiempo de lectura":"3 minutos"},"schema":{"@context":"https:\/\/schema.org","@graph":[{"@type":"Article","@id":"https:\/\/garageblogec.com\/?p=1347#article","isPartOf":{"@id":"https:\/\/garageblogec.com\/?p=1347"},"author":{"name":"gabi1212","@id":"https:\/\/garageblogec.com\/#\/schema\/person\/635f4b76c0cb3e43b82fe6f7d8bcceea"},"headline":"BYD PRESENTA SU TECNOLOG\u00cdA DM-iUNA REVOLUCI\u00d3N EN VEH\u00cdCULOS DE NUEVA ENERG\u00cdA","datePublished":"2024-12-11T19:23:41+00:00","dateModified":"2024-12-11T19:23:45+00:00","mainEntityOfPage":{"@id":"https:\/\/garageblogec.com\/?p=1347"},"wordCount":406,"commentCount":0,"publisher":{"@id":"https:\/\/garageblogec.com\/#organization"},"image":{"@id":"https:\/\/garageblogec.com\/?p=1347#primaryimage"},"thumbnailUrl":"https:\/\/garageblogec.com\/wp-content\/uploads\/2024\/12\/WhatsApp-Image-2024-12-11-at-2.02.50-PM.jpeg","articleSection":["Industria Nacional"],"inLanguage":"es","potentialAction":[{"@type":"CommentAction","name":"Comment","target":["https:\/\/garageblogec.com\/?p=1347#respond"]}]},{"@type":"WebPage","@id":"https:\/\/garageblogec.com\/?p=1347","url":"https:\/\/garageblogec.com\/?p=1347","name":"BYD PRESENTA SU TECNOLOG\u00cdA DM-iUNA REVOLUCI\u00d3N EN VEH\u00cdCULOS DE NUEVA ENERG\u00cdA - Garage Blog Ecuador","isPartOf":{"@id":"https:\/\/garageblogec.com\/#website"},"primaryImageOfPage":{"@id":"https:\/\/garageblogec.com\/?p=1347#primaryimage"},"image":{"@id":"https:\/\/garageblogec.com\/?p=1347#primaryimage"},"thumbnailUrl":"https:\/\/garageblogec.com\/wp-content\/uploads\/2024\/12\/WhatsApp-Image-2024-12-11-at-2.02.50-PM.jpeg","datePublished":"2024-12-11T19:23:41+00:00","dateModified":"2024-12-11T19:23:45+00:00","breadcrumb":{"@id":"https:\/\/garageblogec.com\/?p=1347#breadcrumb"},"inLanguage":"es","potentialAction":[{"@type":"ReadAction","target":["https:\/\/garageblogec.com\/?p=1347"]}]},{"@type":"ImageObject","inLanguage":"es","@id":"https:\/\/garageblogec.com\/?p=1347#primaryimage","url":"https:\/\/garageblogec.com\/wp-content\/uploads\/2024\/12\/WhatsApp-Image-2024-12-11-at-2.02.50-PM.jpeg","contentUrl":"https:\/\/garageblogec.com\/wp-content\/uploads\/2024\/12\/WhatsApp-Image-2024-12-11-at-2.02.50-PM.jpeg","width":1280,"height":853},{"@type":"BreadcrumbList","@id":"https:\/\/garageblogec.com\/?p=1347#breadcrumb","itemListElement":[{"@type":"ListItem","position":1,"name":"Portada","item":"https:\/\/garageblogec.com\/"},{"@type":"ListItem","position":2,"name":"BYD PRESENTA SU TECNOLOG\u00cdA DM-iUNA REVOLUCI\u00d3N EN VEH\u00cdCULOS DE NUEVA ENERG\u00cdA"}]},{"@type":"WebSite","@id":"https:\/\/garageblogec.com\/#website","url":"https:\/\/garageblogec.com\/","name":"Garage Blog Ecuador","description":"Alucinamos por los autos ","publisher":{"@id":"https:\/\/garageblogec.com\/#organization"},"potentialAction":[{"@type":"SearchAction","target":{"@type":"EntryPoint","urlTemplate":"https:\/\/garageblogec.com\/?s={search_term_string}"},"query-input":{"@type":"PropertyValueSpecification","valueRequired":true,"valueName":"search_term_string"}}],"inLanguage":"es"},{"@type":"Organization","@id":"https:\/\/garageblogec.com\/#organization","name":"Garage Blog Ecuador","url":"https:\/\/garageblogec.com\/","logo":{"@type":"ImageObject","inLanguage":"es","@id":"https:\/\/garageblogec.com\/#\/schema\/logo\/image\/","url":"https:\/\/garageblogec.com\/wp-content\/uploads\/2024\/02\/cropped-logo-png-para-blog.webp","contentUrl":"https:\/\/garageblogec.com\/wp-content\/uploads\/2024\/02\/cropped-logo-png-para-blog.webp","width":840,"height":556,"caption":"Garage Blog Ecuador "},"image":{"@id":"https:\/\/garageblogec.com\/#\/schema\/logo\/image\/"}},{"@type":"Person","@id":"https:\/\/garageblogec.com\/#\/schema\/person\/635f4b76c0cb3e43b82fe6f7d8bcceea","name":"gabi1212","image":{"@type":"ImageObject","inLanguage":"es","@id":"https:\/\/secure.gravatar.com\/avatar\/6aa491f45cb359d4d6dd8c430e83f78899c80569c27d21156e19bbdcd31d1811?s=96&d=mm&r=g","url":"https:\/\/secure.gravatar.com\/avatar\/6aa491f45cb359d4d6dd8c430e83f78899c80569c27d21156e19bbdcd31d1811?s=96&d=mm&r=g","contentUrl":"https:\/\/secure.gravatar.com\/avatar\/6aa491f45cb359d4d6dd8c430e83f78899c80569c27d21156e19bbdcd31d1811?s=96&d=mm&r=g","caption":"gabi1212"},"url":"https:\/\/garageblogec.com\/?author=6"}]}},"jetpack_featured_media_url":"https:\/\/garageblogec.com\/wp-content\/uploads\/2024\/12\/WhatsApp-Image-2024-12-11-at-2.02.50-PM.jpeg","jetpack_sharing_enabled":true,"_links":{"self":[{"href":"https:\/\/garageblogec.com\/index.php?rest_route=\/wp\/v2\/posts\/1347","targetHints":{"allow":["GET"]}}],"collection":[{"href":"https:\/\/garageblogec.com\/index.php?rest_route=\/wp\/v2\/posts"}],"about":[{"href":"https:\/\/garageblogec.com\/index.php?rest_route=\/wp\/v2\/types\/post"}],"author":[{"embeddable":true,"href":"https:\/\/garageblogec.com\/index.php?rest_route=\/wp\/v2\/users\/6"}],"replies":[{"embeddable":true,"href":"https:\/\/garageblogec.com\/index.php?rest_route=%2Fwp%2Fv2%2Fcomments&post=1347"}],"version-history":[{"count":1,"href":"https:\/\/garageblogec.com\/index.php?rest_route=\/wp\/v2\/posts\/1347\/revisions"}],"predecessor-version":[{"id":1353,"href":"https:\/\/garageblogec.com\/index.php?rest_route=\/wp\/v2\/posts\/1347\/revisions\/1353"}],"wp:featuredmedia":[{"embeddable":true,"href":"https:\/\/garageblogec.com\/index.php?rest_route=\/wp\/v2\/media\/1352"}],"wp:attachment":[{"href":"https:\/\/garageblogec.com\/index.php?rest_route=%2Fwp%2Fv2%2Fmedia&parent=1347"}],"wp:term":[{"taxonomy":"category","embeddable":true,"href":"https:\/\/garageblogec.com\/index.php?rest_route=%2Fwp%2Fv2%2Fcategories&post=1347"},{"taxonomy":"post_tag","embeddable":true,"href":"https:\/\/garageblogec.com\/index.php?rest_route=%2Fwp%2Fv2%2Ftags&post=1347"}],"curies":[{"name":"wp","href":"https:\/\/api.w.org\/{rel}","templated":true}]}}