{"id":1341,"date":"2024-12-05T15:49:15","date_gmt":"2024-12-05T15:49:15","guid":{"rendered":"https:\/\/garageblogec.com\/?p=1341"},"modified":"2024-12-05T15:49:20","modified_gmt":"2024-12-05T15:49:20","slug":"avanza-en-galapagos-alianza-estrategica-hacia-la-movilidad-sostenible-en-ecuador","status":"publish","type":"post","link":"https:\/\/garageblogec.com\/?p=1341","title":{"rendered":"Avanza en Gal\u00e1pagos alianza estrat\u00e9gica hacia la movilidad sostenible en Ecuador"},"content":{"rendered":"\n<p><strong> <\/strong>Las islas Gal\u00e1pagos, Patrimonio Natural de la Humanidad, fue sede del evento `<strong>Compromiso por la movilidad sostenible Ecuador 2024<\/strong>\u2019, impulsado por el Programa de Naciones Unidas para el Desarrollo (PNUD) en alianza con Toyota del Ecuador.<\/p>\n\n\n\n<figure class=\"wp-block-image size-large\"><img fetchpriority=\"high\" decoding=\"async\" width=\"1024\" height=\"683\" src=\"https:\/\/garageblogec.com\/wp-content\/uploads\/2024\/12\/PNUD-TOYOTA-1-1-1024x683.jpg\" alt=\"\" class=\"wp-image-1342\" srcset=\"https:\/\/garageblogec.com\/wp-content\/uploads\/2024\/12\/PNUD-TOYOTA-1-1-1024x683.jpg 1024w, https:\/\/garageblogec.com\/wp-content\/uploads\/2024\/12\/PNUD-TOYOTA-1-1-300x200.jpg 300w, https:\/\/garageblogec.com\/wp-content\/uploads\/2024\/12\/PNUD-TOYOTA-1-1-768x512.jpg 768w, https:\/\/garageblogec.com\/wp-content\/uploads\/2024\/12\/PNUD-TOYOTA-1-1-1536x1024.jpg 1536w, https:\/\/garageblogec.com\/wp-content\/uploads\/2024\/12\/PNUD-TOYOTA-1-1-2048x1365.jpg 2048w, https:\/\/garageblogec.com\/wp-content\/uploads\/2024\/12\/PNUD-TOYOTA-1-1-1320x880.jpg 1320w\" sizes=\"(max-width: 1024px) 100vw, 1024px\" \/><\/figure>\n\n\n\n<p>El encuentro en el archipi\u00e9lago moviliz\u00f3 a representantes del gobierno nacional, autoridades locales, cuerpo diplom\u00e1tico, sector automotriz, academia y otros actores hacia un compromiso por la movilidad sostenible. En este contexto, PNUD junto a la empresa privada impulsan un modelo de acci\u00f3n clim\u00e1tica que protege la biodiversidad y fomenta una econom\u00eda verde.<\/p>\n\n\n\n<p>Esta alianza se enmarca en la iniciativa global del PNUD, <strong>Climate Promise<\/strong>, que opera en 140 pa\u00edses y territorios, incluido Ecuador, para reducir sus emisiones de gases de efecto invernadero y adaptarse a los desaf\u00edos del cambio clim\u00e1tico; contribuyendo al cumplimiento de las <strong>Contribuciones Determinadas a Nivel Nacional (NDC)<\/strong> bajo el <strong>Acuerdo de Par\u00eds<\/strong>, cuyo objetivo principal es limitar el aumento de la temperatura global a menos de 2 \u00b0C y hacer esfuerzos por mantenerla por debajo de 1.5 \u00b0C.<\/p>\n\n\n\n<p>En el marco del evento PNUD y Toyota firmaron un memor\u00e1ndum de entendimiento, con vigencia de dos a\u00f1os, donde ambas entidades se comprometen a unir esfuerzos para transaccionar hacia una movilidad terrestre sostenible \u2013 baja en emisiones de gases de efecto invernadero \u2013 en el Ecuador. Este objetivo estar\u00e1 alineado con los esfuerzos de pol\u00edtica p\u00fablica vigente del pa\u00eds relacionados con la mitigaci\u00f3n y adaptaci\u00f3n a los efectos del cambio clim\u00e1tico.<\/p>\n\n\n\n<figure class=\"wp-block-image size-large\"><img decoding=\"async\" width=\"1024\" height=\"683\" src=\"https:\/\/garageblogec.com\/wp-content\/uploads\/2024\/12\/PNUD-TOYOTA-FIRMA-1-1024x683.jpg\" alt=\"\" class=\"wp-image-1343\" srcset=\"https:\/\/garageblogec.com\/wp-content\/uploads\/2024\/12\/PNUD-TOYOTA-FIRMA-1-1024x683.jpg 1024w, https:\/\/garageblogec.com\/wp-content\/uploads\/2024\/12\/PNUD-TOYOTA-FIRMA-1-300x200.jpg 300w, https:\/\/garageblogec.com\/wp-content\/uploads\/2024\/12\/PNUD-TOYOTA-FIRMA-1-768x512.jpg 768w, https:\/\/garageblogec.com\/wp-content\/uploads\/2024\/12\/PNUD-TOYOTA-FIRMA-1-1536x1024.jpg 1536w, https:\/\/garageblogec.com\/wp-content\/uploads\/2024\/12\/PNUD-TOYOTA-FIRMA-1-2048x1365.jpg 2048w, https:\/\/garageblogec.com\/wp-content\/uploads\/2024\/12\/PNUD-TOYOTA-FIRMA-1-1320x880.jpg 1320w\" sizes=\"(max-width: 1024px) 100vw, 1024px\" \/><\/figure>\n\n\n\n<p>Para ello, trabajar\u00e1n en la generaci\u00f3n de datos que permitan analizar lo patrones de movilidad terrestre; apoyar\u00e1n el desarrollo, fortalecimiento y socializaci\u00f3n de pol\u00edticas p\u00fablicas que fomenten una movilidad sostenible, lo que podr\u00eda incluir la identificaci\u00f3n de tecnolog\u00edas m\u00e1s eficientes y sostenibles y el desarrollo de incentivos financieros que apoyen esta transici\u00f3n.<\/p>\n\n\n\n<p>Adem\u00e1s promover\u00e1n, en alineaci\u00f3n a las prioridades nacionales, espacios para abordar la tem\u00e1tica de movilidad sostenible entre los actores de inter\u00e9s. &nbsp;De esta forma, este an\u00e1lisis se realizar\u00e1 en primera instancia en las Islas Gal\u00e1pagos, para luego ser realizado en otros territorios geogr\u00e1ficos de Ecuador, que permitan la escalabilidad de los resultados.<\/p>\n\n\n\n<p>La alianza generada entre PNUD y Toyota del Ecuador busca alternativas en el \u00e1mbito de la movilidad sostenible y se presenta como una oportunidad \u00fanica de avanzar en el liderazgo global de este tema. Desde la empresa privada, Toyota se une a una iniciativa con soluciones innovadoras, que apuntan a reducir las emisiones y proteger la biodiversidad, reafirmando su propuesta de transici\u00f3n hacia un modelo de bajas emisiones y su apoyo a los Objetivos de Desarrollo Sostenible.<\/p>\n\n\n\n<p>Durante la firma del acuerdo, <strong>Inka Mattila<\/strong>, Representante Residente del PNUD en Ecuador, se\u00f1al\u00f3 que \u00abEl sector privado juega un rol fundamental en la transici\u00f3n verde. A trav\u00e9s de alianzas estrat\u00e9gicas como esta, podemos avanzar en la implementaci\u00f3n de soluciones innovadoras y de escala que reduzcan emisiones y promuevan un modelo de desarrollo inclusivo y respetuoso con el medio ambiente\u00bb.<\/p>\n\n\n\n<p>Agreg\u00f3 que el PNUD est\u00e1 poniendo a disposici\u00f3n del pa\u00eds su red de conocimiento y alianza en m\u00e1s de 170 pa\u00edses y territorios para contribuir en la construcci\u00f3n de un mundo que pueda moverse de manera m\u00e1s sostenible.<\/p>\n\n\n\n<p>En tanto, <strong>Hiroshi Kitahara<\/strong>, Presidente Ejecutivo de Toyota en Ecuador, expres\u00f3 que \u201cToyota del Ecuador apoyar\u00e1 estas iniciativas para desarrollar el futuro de la movilidad. Como pioneros en el desarrollo de la tecnolog\u00eda h\u00edbrida, que actualmente genera una menor emisi\u00f3n de CO2 al medio ambiente y una reducci\u00f3n del consumo de combustible, como marca nos encontramos desarrollando m\u00faltiples opciones de tecnolog\u00eda limpia de movilidad sostenible que se adapte a las realidades locales y que nos permitan dejar un mejor futuro para las pr\u00f3ximas generaciones\u201d.<\/p>\n\n\n\n<p>La jornada reuni\u00f3 a varios invitados, panelistas y expositores que hablaron sobre tendencias de movilidad terrestre sostenible, entre ellos: Jimmy Bola\u00f1os,&nbsp; Presidente del Consejo de Gobierno de Gal\u00e1pagos; Inka Mattila, Representante del PNUD Ecuador; Keiichiro Morishita, Embajador de Jap\u00f3n;&nbsp; Gianluca Merlo, Asesor T\u00e9cnico Regional del PNUD;&nbsp; Genaro Balde\u00f3n,&nbsp; Presidente Ejecutivo de la Asociaci\u00f3n de Empresas Automotrices del Ecuador; Mar\u00eda Cristina Recalde, Ministra Encargada Ambiente, Agua y Transici\u00f3n Ecol\u00f3gica (e); Diego Correa, representante de la Universidad de Cuenca; Arturo Izurieta, Director del Parque Nacional Gal\u00e1pagos, entre otros.<\/p>\n\n\n\n<p>Los participantes destacaron la importancia de abordar la movilidad sostenible desde la colaboraci\u00f3n entre autoridades gubernamentales, academia, ONGs, sociedad civil, sector privado, medios de comunicaci\u00f3n e investigadores.<\/p>\n\n\n\n<p>El transporte representa aproximadamente <strong>39% de las emisiones de CO2<\/strong> en Am\u00e9rica Latina y el Caribe, en el sector energ\u00eda. En este mismo sector, en Ecuador, esta cifra representa alrededor del <strong>50%<\/strong>, lo que subraya la urgencia de adoptar alternativas sostenibles en este sector clave. En un contexto donde el transporte contribuye significativamente a las emisiones de CO2, este acuerdo y este evento es una muestra del potencial transformador de las alianzas estrat\u00e9gicas entre el sector p\u00fablico, privado y las organizaciones internacionales.<\/p>\n\n\n<div class='pt-cv-wrapper'> <h3 class='pt-cv-heading-container heading1' data-blockid='p3f3owiu'><span class='pt-cv-heading'> Overlay1 <\/span><\/h3><div class=\"pt-cv-view pt-cv-overlaygrid iscvblock iscvreal overlay1 layout1\" id=\"pt-cv-view-p3f3owiu\"><div data-id=\"pt-cv-page-1\" class=\"pt-cv-page\" data-cvc=\"3\"><div class=\" pt-cv-content-item pt-cv-1-col\" ><div class=\"pt-cv-thumb-wrapper  \"><a href=\"https:\/\/garageblogec.com\/?p=3303\" class=\"_self pt-cv-href-thumbnail pt-cv-thumb-default\" target=\"_self\" ><img decoding=\"async\" width=\"768\" height=\"432\" src=\"https:\/\/garageblogec.com\/wp-content\/uploads\/2026\/04\/WhatsApp-Image-2026-04-21-at-1.52.53-PM-768x432.jpeg\" class=\"pt-cv-thumbnail\" alt=\"\" \/><\/a><\/div>\n<div class=\"pt-cv-overlay-wrapper\"><div class=\"pt-cv-taxoterm above_title\"><a href='https:\/\/garageblogec.com\/?cat=27' title='Industria Nacional' class='pt-cv-tax-industria-nacional'>Industria Nacional<\/a><\/div><h4 class=\"pt-cv-title\"><a href=\"https:\/\/garageblogec.com\/?p=3303\" class=\"_self\" target=\"_self\" >Grupo Ambacar presenta en Guayaquil KGM, su nueva marca de SUV h\u00edbridos con respaldo global<\/a><\/h4><div class=\"pt-cv-meta-fields\"><span class=\"entry-date\"> <time datetime=\"2026-04-21T21:37:24+00:00\">abril 21, 2026<\/time><\/span><span> \/ <\/span><span class=\"author\"> <a href=\"https:\/\/garageblogec.com\/?author=6\" rel=\"author\">gabi1212<\/a><\/span><\/div><\/div><\/div>\n<div class=\" pt-cv-content-item pt-cv-1-col\" ><div class=\"pt-cv-thumb-wrapper  \"><a href=\"https:\/\/garageblogec.com\/?p=3296\" class=\"_self pt-cv-href-thumbnail pt-cv-thumb-default\" target=\"_self\" ><img loading=\"lazy\" decoding=\"async\" width=\"768\" height=\"432\" src=\"https:\/\/garageblogec.com\/wp-content\/uploads\/2026\/04\/WhatsApp-Image-2026-04-14-at-3.15.09-PM-768x432.jpeg\" class=\"pt-cv-thumbnail\" alt=\"\" \/><\/a><\/div>\n<div class=\"pt-cv-overlay-wrapper\"><div class=\"pt-cv-taxoterm above_title\"><a href='https:\/\/garageblogec.com\/?cat=27' title='Industria Nacional' class='pt-cv-tax-industria-nacional'>Industria Nacional<\/a><\/div><h4 class=\"pt-cv-title\"><a href=\"https:\/\/garageblogec.com\/?p=3296\" class=\"_self\" target=\"_self\" >El tablero desapareci\u00f3, ahora el auto es una pantalla inteligente<\/a><\/h4><div class=\"pt-cv-meta-fields\"><span class=\"entry-date\"> <time datetime=\"2026-04-14T20:21:20+00:00\">abril 14, 2026<\/time><\/span><span> \/ <\/span><span class=\"author\"> <a href=\"https:\/\/garageblogec.com\/?author=6\" rel=\"author\">gabi1212<\/a><\/span><\/div><\/div><\/div>\n<div class=\" pt-cv-content-item pt-cv-1-col\" ><div class=\"pt-cv-thumb-wrapper  \"><a href=\"https:\/\/garageblogec.com\/?p=3291\" class=\"_self pt-cv-href-thumbnail pt-cv-thumb-default\" target=\"_self\" ><img loading=\"lazy\" decoding=\"async\" width=\"768\" height=\"432\" src=\"https:\/\/garageblogec.com\/wp-content\/uploads\/2026\/04\/WhatsApp-Image-2026-04-14-at-2.21.27-PM-768x432.jpeg\" class=\"pt-cv-thumbnail\" alt=\"\" \/><\/a><\/div>\n<div class=\"pt-cv-overlay-wrapper\"><div class=\"pt-cv-taxoterm above_title\"><a href='https:\/\/garageblogec.com\/?cat=27' title='Industria Nacional' class='pt-cv-tax-industria-nacional'>Industria Nacional<\/a><\/div><h4 class=\"pt-cv-title\"><a href=\"https:\/\/garageblogec.com\/?p=3291\" class=\"_self\" target=\"_self\" >Seguridad al volante en Ecuador: los errores m\u00e1s comunes que cometen los conductores<\/a><\/h4><div class=\"pt-cv-meta-fields\"><span class=\"entry-date\"> <time datetime=\"2026-04-14T20:08:54+00:00\">abril 14, 2026<\/time><\/span><span> \/ <\/span><span class=\"author\"> <a href=\"https:\/\/garageblogec.com\/?author=6\" rel=\"author\">gabi1212<\/a><\/span><\/div><\/div><\/div>\n<div class=\" pt-cv-content-item pt-cv-1-col\" ><div class=\"pt-cv-thumb-wrapper  \"><a href=\"https:\/\/garageblogec.com\/?p=3286\" class=\"_self pt-cv-href-thumbnail pt-cv-thumb-default\" target=\"_self\" ><img loading=\"lazy\" decoding=\"async\" width=\"768\" height=\"492\" src=\"https:\/\/garageblogec.com\/wp-content\/uploads\/2026\/04\/Posventa.jpg-768x492.jpeg\" class=\"pt-cv-thumbnail\" alt=\"\" \/><\/a><\/div>\n<div class=\"pt-cv-overlay-wrapper\"><div class=\"pt-cv-taxoterm above_title\"><a href='https:\/\/garageblogec.com\/?cat=27' title='Industria Nacional' class='pt-cv-tax-industria-nacional'>Industria Nacional<\/a><\/div><h4 class=\"pt-cv-title\"><a href=\"https:\/\/garageblogec.com\/?p=3286\" class=\"_self\" target=\"_self\" >Clientes Nissan reciben cambios de aceite infinitos<\/a><\/h4><div class=\"pt-cv-meta-fields\"><span class=\"entry-date\"> <time datetime=\"2026-04-14T20:04:08+00:00\">abril 14, 2026<\/time><\/span><span> \/ <\/span><span class=\"author\"> <a href=\"https:\/\/garageblogec.com\/?author=6\" rel=\"author\">gabi1212<\/a><\/span><\/div><\/div><\/div>\n<div class=\" pt-cv-content-item pt-cv-1-col\" ><div class=\"pt-cv-thumb-wrapper  \"><a href=\"https:\/\/garageblogec.com\/?p=3280\" class=\"_self pt-cv-href-thumbnail pt-cv-thumb-default\" target=\"_self\" ><img loading=\"lazy\" decoding=\"async\" width=\"768\" height=\"512\" src=\"https:\/\/garageblogec.com\/wp-content\/uploads\/2026\/04\/foto1-768x512.jpeg\" class=\"pt-cv-thumbnail\" alt=\"\" \/><\/a><\/div>\n<div class=\"pt-cv-overlay-wrapper\"><div class=\"pt-cv-taxoterm above_title\"><a href='https:\/\/garageblogec.com\/?cat=27' title='Industria Nacional' class='pt-cv-tax-industria-nacional'>Industria Nacional<\/a><\/div><h4 class=\"pt-cv-title\"><a href=\"https:\/\/garageblogec.com\/?p=3280\" class=\"_self\" target=\"_self\" >Movilidad como inversi\u00f3n: el uso de utilidades que crece en Ecuador<\/a><\/h4><div class=\"pt-cv-meta-fields\"><span class=\"entry-date\"> <time datetime=\"2026-04-07T19:55:36+00:00\">abril 7, 2026<\/time><\/span><span> \/ <\/span><span class=\"author\"> <a href=\"https:\/\/garageblogec.com\/?author=6\" rel=\"author\">gabi1212<\/a><\/span><\/div><\/div><\/div>\n<div class=\" pt-cv-content-item pt-cv-1-col\" ><div class=\"pt-cv-thumb-wrapper  \"><a href=\"https:\/\/garageblogec.com\/?p=3276\" class=\"_self pt-cv-href-thumbnail pt-cv-thumb-default\" target=\"_self\" ><img loading=\"lazy\" decoding=\"async\" width=\"745\" height=\"491\" src=\"https:\/\/garageblogec.com\/wp-content\/uploads\/2026\/04\/TT.png\" class=\"pt-cv-thumbnail\" alt=\"\" \/><\/a><\/div>\n<div class=\"pt-cv-overlay-wrapper\"><div class=\"pt-cv-taxoterm above_title\"><a href='https:\/\/garageblogec.com\/?cat=27' title='Industria Nacional' class='pt-cv-tax-industria-nacional'>Industria Nacional<\/a><\/div><h4 class=\"pt-cv-title\"><a href=\"https:\/\/garageblogec.com\/?p=3276\" class=\"_self\" target=\"_self\" >Lluvias en Ecuador: C\u00f3mo reducir riesgos en carretera y prevenir accidentes en calzada mojada<\/a><\/h4><div class=\"pt-cv-meta-fields\"><span class=\"entry-date\"> <time datetime=\"2026-04-07T19:46:52+00:00\">abril 7, 2026<\/time><\/span><span> \/ <\/span><span class=\"author\"> <a href=\"https:\/\/garageblogec.com\/?author=6\" rel=\"author\">gabi1212<\/a><\/span><\/div><\/div><\/div><\/div><\/div> <\/div> <style>\n#pt-cv-view-p3f3owiu .pt-cv-thumb-wrapper::before {background: rgba(0,0,0,.4); opacity: 0.8;}#pt-cv-view-p3f3owiu .pt-cv-overlay-wrapper {justify-content: center;}\n#pt-cv-view-p3f3owiu .pt-cv-meta-fields {  }#pt-cv-view-p3f3owiu .pt-cv-meta-fields * { font-size: 13px; }#pt-cv-view-p3f3owiu .pt-cv-title a { display: block; }#pt-cv-view-p3f3owiu .pt-cv-title:not(.pt-cv-titlesm) a { font-weight: 600;text-decoration: none;font-size: 20px; }#pt-cv-view-p3f3owiu .pt-cv-titlesm a { font-weight: 600;font-size: 18px; }#pt-cv-view-p3f3owiu .pt-cv-content { font-size: 15px; }#pt-cv-view-p3f3owiu .pt-cv-rmwrap {  }#pt-cv-view-p3f3owiu .pt-cv-readmore { color: #fff;background-color: #0075ff;font-size: 14px; }#pt-cv-view-p3f3owiu .pt-cv-taxoterm { margin: 0px 0px 20px 0px; }#pt-cv-view-p3f3owiu .pt-cv-taxoterm * { color: #222;background-color: #fff6f6;font-size: 14px; }#pt-cv-view-p3f3owiu + .pt-cv-pagination-wrapper {  }#pt-cv-view-p3f3owiu + .pt-cv-pagination-wrapper a { font-size: 14px; }#pt-cv-view-p3f3owiu > .pt-cv-page {grid-template-columns: repeat(3, 1fr);grid-auto-rows: 250px;grid-gap: 10px;}\n@media all and (max-width: 1024px) { \n#pt-cv-view-p3f3owiu > .pt-cv-page {}\n} \n@media all and (max-width: 767px) { \n#pt-cv-view-p3f3owiu > .pt-cv-page {grid-template-columns: repeat(1, 1fr);}\n} <\/style>","protected":false},"excerpt":{"rendered":"<p> Las islas Gal\u00e1pagos, Patrimonio Natural de la Humanidad, fue sede del evento `Compromiso por la movilidad sostenible Ecuador 2024\u2019, impulsado por el Programa de Naciones Unidas para el Desarrollo (PNUD) en alianza con Toyota del Ecuador.<\/p>\n","protected":false},"author":6,"featured_media":1342,"comment_status":"open","ping_status":"open","sticky":false,"template":"","format":"standard","meta":{"_jetpack_memberships_contains_paid_content":false,"footnotes":""},"categories":[27],"tags":[],"class_list":["post-1341","post","type-post","status-publish","format-standard","has-post-thumbnail","hentry","category-industria-nacional"],"yoast_head":"<!-- This site is optimized with the Yoast SEO plugin v27.5 - https:\/\/yoast.com\/product\/yoast-seo-wordpress\/ -->\n<title>Avanza en Gal\u00e1pagos alianza estrat\u00e9gica hacia la movilidad sostenible en Ecuador - Garage Blog Ecuador<\/title>\n<meta name=\"robots\" content=\"index, follow, max-snippet:-1, max-image-preview:large, max-video-preview:-1\" \/>\n<link rel=\"canonical\" href=\"https:\/\/garageblogec.com\/?p=1341\" \/>\n<meta property=\"og:locale\" content=\"es_ES\" \/>\n<meta property=\"og:type\" content=\"article\" \/>\n<meta property=\"og:title\" content=\"Avanza en Gal\u00e1pagos alianza estrat\u00e9gica hacia la movilidad sostenible en Ecuador - Garage Blog Ecuador\" \/>\n<meta property=\"og:description\" content=\"Las islas Gal\u00e1pagos, Patrimonio Natural de la Humanidad, fue sede del evento `Compromiso por la movilidad sostenible Ecuador 2024\u2019, impulsado por el Programa de Naciones Unidas para el Desarrollo (PNUD) en alianza con Toyota del Ecuador.\" \/>\n<meta property=\"og:url\" content=\"https:\/\/garageblogec.com\/?p=1341\" \/>\n<meta property=\"og:site_name\" content=\"Garage Blog Ecuador\" \/>\n<meta property=\"article:published_time\" content=\"2024-12-05T15:49:15+00:00\" \/>\n<meta property=\"article:modified_time\" content=\"2024-12-05T15:49:20+00:00\" \/>\n<meta property=\"og:image\" content=\"https:\/\/garageblogec.com\/wp-content\/uploads\/2024\/12\/PNUD-TOYOTA-1-1-scaled.jpg\" \/>\n\t<meta property=\"og:image:width\" content=\"2560\" \/>\n\t<meta property=\"og:image:height\" content=\"1707\" \/>\n\t<meta property=\"og:image:type\" content=\"image\/jpeg\" \/>\n<meta name=\"author\" content=\"gabi1212\" \/>\n<meta name=\"twitter:card\" content=\"summary_large_image\" \/>\n<meta name=\"twitter:label1\" content=\"Escrito por\" \/>\n\t<meta name=\"twitter:data1\" content=\"gabi1212\" \/>\n\t<meta name=\"twitter:label2\" content=\"Tiempo de lectura\" \/>\n\t<meta name=\"twitter:data2\" content=\"5 minutos\" \/>\n<script type=\"application\/ld+json\" class=\"yoast-schema-graph\">{\"@context\":\"https:\\\/\\\/schema.org\",\"@graph\":[{\"@type\":\"Article\",\"@id\":\"https:\\\/\\\/garageblogec.com\\\/?p=1341#article\",\"isPartOf\":{\"@id\":\"https:\\\/\\\/garageblogec.com\\\/?p=1341\"},\"author\":{\"name\":\"gabi1212\",\"@id\":\"https:\\\/\\\/garageblogec.com\\\/#\\\/schema\\\/person\\\/635f4b76c0cb3e43b82fe6f7d8bcceea\"},\"headline\":\"Avanza en Gal\u00e1pagos alianza estrat\u00e9gica hacia la movilidad sostenible en Ecuador\",\"datePublished\":\"2024-12-05T15:49:15+00:00\",\"dateModified\":\"2024-12-05T15:49:20+00:00\",\"mainEntityOfPage\":{\"@id\":\"https:\\\/\\\/garageblogec.com\\\/?p=1341\"},\"wordCount\":878,\"commentCount\":0,\"publisher\":{\"@id\":\"https:\\\/\\\/garageblogec.com\\\/#organization\"},\"image\":{\"@id\":\"https:\\\/\\\/garageblogec.com\\\/?p=1341#primaryimage\"},\"thumbnailUrl\":\"https:\\\/\\\/garageblogec.com\\\/wp-content\\\/uploads\\\/2024\\\/12\\\/PNUD-TOYOTA-1-1-scaled.jpg\",\"articleSection\":[\"Industria Nacional\"],\"inLanguage\":\"es\",\"potentialAction\":[{\"@type\":\"CommentAction\",\"name\":\"Comment\",\"target\":[\"https:\\\/\\\/garageblogec.com\\\/?p=1341#respond\"]}]},{\"@type\":\"WebPage\",\"@id\":\"https:\\\/\\\/garageblogec.com\\\/?p=1341\",\"url\":\"https:\\\/\\\/garageblogec.com\\\/?p=1341\",\"name\":\"Avanza en Gal\u00e1pagos alianza estrat\u00e9gica hacia la movilidad sostenible en Ecuador - Garage Blog Ecuador\",\"isPartOf\":{\"@id\":\"https:\\\/\\\/garageblogec.com\\\/#website\"},\"primaryImageOfPage\":{\"@id\":\"https:\\\/\\\/garageblogec.com\\\/?p=1341#primaryimage\"},\"image\":{\"@id\":\"https:\\\/\\\/garageblogec.com\\\/?p=1341#primaryimage\"},\"thumbnailUrl\":\"https:\\\/\\\/garageblogec.com\\\/wp-content\\\/uploads\\\/2024\\\/12\\\/PNUD-TOYOTA-1-1-scaled.jpg\",\"datePublished\":\"2024-12-05T15:49:15+00:00\",\"dateModified\":\"2024-12-05T15:49:20+00:00\",\"breadcrumb\":{\"@id\":\"https:\\\/\\\/garageblogec.com\\\/?p=1341#breadcrumb\"},\"inLanguage\":\"es\",\"potentialAction\":[{\"@type\":\"ReadAction\",\"target\":[\"https:\\\/\\\/garageblogec.com\\\/?p=1341\"]}]},{\"@type\":\"ImageObject\",\"inLanguage\":\"es\",\"@id\":\"https:\\\/\\\/garageblogec.com\\\/?p=1341#primaryimage\",\"url\":\"https:\\\/\\\/garageblogec.com\\\/wp-content\\\/uploads\\\/2024\\\/12\\\/PNUD-TOYOTA-1-1-scaled.jpg\",\"contentUrl\":\"https:\\\/\\\/garageblogec.com\\\/wp-content\\\/uploads\\\/2024\\\/12\\\/PNUD-TOYOTA-1-1-scaled.jpg\",\"width\":2560,\"height\":1707},{\"@type\":\"BreadcrumbList\",\"@id\":\"https:\\\/\\\/garageblogec.com\\\/?p=1341#breadcrumb\",\"itemListElement\":[{\"@type\":\"ListItem\",\"position\":1,\"name\":\"Portada\",\"item\":\"https:\\\/\\\/garageblogec.com\\\/\"},{\"@type\":\"ListItem\",\"position\":2,\"name\":\"Avanza en Gal\u00e1pagos alianza estrat\u00e9gica hacia la movilidad sostenible en Ecuador\"}]},{\"@type\":\"WebSite\",\"@id\":\"https:\\\/\\\/garageblogec.com\\\/#website\",\"url\":\"https:\\\/\\\/garageblogec.com\\\/\",\"name\":\"Garage Blog Ecuador\",\"description\":\"Alucinamos por los autos \",\"publisher\":{\"@id\":\"https:\\\/\\\/garageblogec.com\\\/#organization\"},\"potentialAction\":[{\"@type\":\"SearchAction\",\"target\":{\"@type\":\"EntryPoint\",\"urlTemplate\":\"https:\\\/\\\/garageblogec.com\\\/?s={search_term_string}\"},\"query-input\":{\"@type\":\"PropertyValueSpecification\",\"valueRequired\":true,\"valueName\":\"search_term_string\"}}],\"inLanguage\":\"es\"},{\"@type\":\"Organization\",\"@id\":\"https:\\\/\\\/garageblogec.com\\\/#organization\",\"name\":\"Garage Blog Ecuador\",\"url\":\"https:\\\/\\\/garageblogec.com\\\/\",\"logo\":{\"@type\":\"ImageObject\",\"inLanguage\":\"es\",\"@id\":\"https:\\\/\\\/garageblogec.com\\\/#\\\/schema\\\/logo\\\/image\\\/\",\"url\":\"https:\\\/\\\/garageblogec.com\\\/wp-content\\\/uploads\\\/2024\\\/02\\\/cropped-logo-png-para-blog.webp\",\"contentUrl\":\"https:\\\/\\\/garageblogec.com\\\/wp-content\\\/uploads\\\/2024\\\/02\\\/cropped-logo-png-para-blog.webp\",\"width\":840,\"height\":556,\"caption\":\"Garage Blog Ecuador \"},\"image\":{\"@id\":\"https:\\\/\\\/garageblogec.com\\\/#\\\/schema\\\/logo\\\/image\\\/\"}},{\"@type\":\"Person\",\"@id\":\"https:\\\/\\\/garageblogec.com\\\/#\\\/schema\\\/person\\\/635f4b76c0cb3e43b82fe6f7d8bcceea\",\"name\":\"gabi1212\",\"image\":{\"@type\":\"ImageObject\",\"inLanguage\":\"es\",\"@id\":\"https:\\\/\\\/secure.gravatar.com\\\/avatar\\\/6aa491f45cb359d4d6dd8c430e83f78899c80569c27d21156e19bbdcd31d1811?s=96&d=mm&r=g\",\"url\":\"https:\\\/\\\/secure.gravatar.com\\\/avatar\\\/6aa491f45cb359d4d6dd8c430e83f78899c80569c27d21156e19bbdcd31d1811?s=96&d=mm&r=g\",\"contentUrl\":\"https:\\\/\\\/secure.gravatar.com\\\/avatar\\\/6aa491f45cb359d4d6dd8c430e83f78899c80569c27d21156e19bbdcd31d1811?s=96&d=mm&r=g\",\"caption\":\"gabi1212\"},\"url\":\"https:\\\/\\\/garageblogec.com\\\/?author=6\"}]}<\/script>\n<!-- \/ Yoast SEO plugin. -->","yoast_head_json":{"title":"Avanza en Gal\u00e1pagos alianza estrat\u00e9gica hacia la movilidad sostenible en Ecuador - Garage Blog Ecuador","robots":{"index":"index","follow":"follow","max-snippet":"max-snippet:-1","max-image-preview":"max-image-preview:large","max-video-preview":"max-video-preview:-1"},"canonical":"https:\/\/garageblogec.com\/?p=1341","og_locale":"es_ES","og_type":"article","og_title":"Avanza en Gal\u00e1pagos alianza estrat\u00e9gica hacia la movilidad sostenible en Ecuador - Garage Blog Ecuador","og_description":"Las islas Gal\u00e1pagos, Patrimonio Natural de la Humanidad, fue sede del evento `Compromiso por la movilidad sostenible Ecuador 2024\u2019, impulsado por el Programa de Naciones Unidas para el Desarrollo (PNUD) en alianza con Toyota del Ecuador.","og_url":"https:\/\/garageblogec.com\/?p=1341","og_site_name":"Garage Blog Ecuador","article_published_time":"2024-12-05T15:49:15+00:00","article_modified_time":"2024-12-05T15:49:20+00:00","og_image":[{"width":2560,"height":1707,"url":"https:\/\/garageblogec.com\/wp-content\/uploads\/2024\/12\/PNUD-TOYOTA-1-1-scaled.jpg","type":"image\/jpeg"}],"author":"gabi1212","twitter_card":"summary_large_image","twitter_misc":{"Escrito por":"gabi1212","Tiempo de lectura":"5 minutos"},"schema":{"@context":"https:\/\/schema.org","@graph":[{"@type":"Article","@id":"https:\/\/garageblogec.com\/?p=1341#article","isPartOf":{"@id":"https:\/\/garageblogec.com\/?p=1341"},"author":{"name":"gabi1212","@id":"https:\/\/garageblogec.com\/#\/schema\/person\/635f4b76c0cb3e43b82fe6f7d8bcceea"},"headline":"Avanza en Gal\u00e1pagos alianza estrat\u00e9gica hacia la movilidad sostenible en Ecuador","datePublished":"2024-12-05T15:49:15+00:00","dateModified":"2024-12-05T15:49:20+00:00","mainEntityOfPage":{"@id":"https:\/\/garageblogec.com\/?p=1341"},"wordCount":878,"commentCount":0,"publisher":{"@id":"https:\/\/garageblogec.com\/#organization"},"image":{"@id":"https:\/\/garageblogec.com\/?p=1341#primaryimage"},"thumbnailUrl":"https:\/\/garageblogec.com\/wp-content\/uploads\/2024\/12\/PNUD-TOYOTA-1-1-scaled.jpg","articleSection":["Industria Nacional"],"inLanguage":"es","potentialAction":[{"@type":"CommentAction","name":"Comment","target":["https:\/\/garageblogec.com\/?p=1341#respond"]}]},{"@type":"WebPage","@id":"https:\/\/garageblogec.com\/?p=1341","url":"https:\/\/garageblogec.com\/?p=1341","name":"Avanza en Gal\u00e1pagos alianza estrat\u00e9gica hacia la movilidad sostenible en Ecuador - Garage Blog Ecuador","isPartOf":{"@id":"https:\/\/garageblogec.com\/#website"},"primaryImageOfPage":{"@id":"https:\/\/garageblogec.com\/?p=1341#primaryimage"},"image":{"@id":"https:\/\/garageblogec.com\/?p=1341#primaryimage"},"thumbnailUrl":"https:\/\/garageblogec.com\/wp-content\/uploads\/2024\/12\/PNUD-TOYOTA-1-1-scaled.jpg","datePublished":"2024-12-05T15:49:15+00:00","dateModified":"2024-12-05T15:49:20+00:00","breadcrumb":{"@id":"https:\/\/garageblogec.com\/?p=1341#breadcrumb"},"inLanguage":"es","potentialAction":[{"@type":"ReadAction","target":["https:\/\/garageblogec.com\/?p=1341"]}]},{"@type":"ImageObject","inLanguage":"es","@id":"https:\/\/garageblogec.com\/?p=1341#primaryimage","url":"https:\/\/garageblogec.com\/wp-content\/uploads\/2024\/12\/PNUD-TOYOTA-1-1-scaled.jpg","contentUrl":"https:\/\/garageblogec.com\/wp-content\/uploads\/2024\/12\/PNUD-TOYOTA-1-1-scaled.jpg","width":2560,"height":1707},{"@type":"BreadcrumbList","@id":"https:\/\/garageblogec.com\/?p=1341#breadcrumb","itemListElement":[{"@type":"ListItem","position":1,"name":"Portada","item":"https:\/\/garageblogec.com\/"},{"@type":"ListItem","position":2,"name":"Avanza en Gal\u00e1pagos alianza estrat\u00e9gica hacia la movilidad sostenible en Ecuador"}]},{"@type":"WebSite","@id":"https:\/\/garageblogec.com\/#website","url":"https:\/\/garageblogec.com\/","name":"Garage Blog Ecuador","description":"Alucinamos por los autos ","publisher":{"@id":"https:\/\/garageblogec.com\/#organization"},"potentialAction":[{"@type":"SearchAction","target":{"@type":"EntryPoint","urlTemplate":"https:\/\/garageblogec.com\/?s={search_term_string}"},"query-input":{"@type":"PropertyValueSpecification","valueRequired":true,"valueName":"search_term_string"}}],"inLanguage":"es"},{"@type":"Organization","@id":"https:\/\/garageblogec.com\/#organization","name":"Garage Blog Ecuador","url":"https:\/\/garageblogec.com\/","logo":{"@type":"ImageObject","inLanguage":"es","@id":"https:\/\/garageblogec.com\/#\/schema\/logo\/image\/","url":"https:\/\/garageblogec.com\/wp-content\/uploads\/2024\/02\/cropped-logo-png-para-blog.webp","contentUrl":"https:\/\/garageblogec.com\/wp-content\/uploads\/2024\/02\/cropped-logo-png-para-blog.webp","width":840,"height":556,"caption":"Garage Blog Ecuador "},"image":{"@id":"https:\/\/garageblogec.com\/#\/schema\/logo\/image\/"}},{"@type":"Person","@id":"https:\/\/garageblogec.com\/#\/schema\/person\/635f4b76c0cb3e43b82fe6f7d8bcceea","name":"gabi1212","image":{"@type":"ImageObject","inLanguage":"es","@id":"https:\/\/secure.gravatar.com\/avatar\/6aa491f45cb359d4d6dd8c430e83f78899c80569c27d21156e19bbdcd31d1811?s=96&d=mm&r=g","url":"https:\/\/secure.gravatar.com\/avatar\/6aa491f45cb359d4d6dd8c430e83f78899c80569c27d21156e19bbdcd31d1811?s=96&d=mm&r=g","contentUrl":"https:\/\/secure.gravatar.com\/avatar\/6aa491f45cb359d4d6dd8c430e83f78899c80569c27d21156e19bbdcd31d1811?s=96&d=mm&r=g","caption":"gabi1212"},"url":"https:\/\/garageblogec.com\/?author=6"}]}},"jetpack_featured_media_url":"https:\/\/garageblogec.com\/wp-content\/uploads\/2024\/12\/PNUD-TOYOTA-1-1-scaled.jpg","jetpack_sharing_enabled":true,"_links":{"self":[{"href":"https:\/\/garageblogec.com\/index.php?rest_route=\/wp\/v2\/posts\/1341","targetHints":{"allow":["GET"]}}],"collection":[{"href":"https:\/\/garageblogec.com\/index.php?rest_route=\/wp\/v2\/posts"}],"about":[{"href":"https:\/\/garageblogec.com\/index.php?rest_route=\/wp\/v2\/types\/post"}],"author":[{"embeddable":true,"href":"https:\/\/garageblogec.com\/index.php?rest_route=\/wp\/v2\/users\/6"}],"replies":[{"embeddable":true,"href":"https:\/\/garageblogec.com\/index.php?rest_route=%2Fwp%2Fv2%2Fcomments&post=1341"}],"version-history":[{"count":1,"href":"https:\/\/garageblogec.com\/index.php?rest_route=\/wp\/v2\/posts\/1341\/revisions"}],"predecessor-version":[{"id":1344,"href":"https:\/\/garageblogec.com\/index.php?rest_route=\/wp\/v2\/posts\/1341\/revisions\/1344"}],"wp:featuredmedia":[{"embeddable":true,"href":"https:\/\/garageblogec.com\/index.php?rest_route=\/wp\/v2\/media\/1342"}],"wp:attachment":[{"href":"https:\/\/garageblogec.com\/index.php?rest_route=%2Fwp%2Fv2%2Fmedia&parent=1341"}],"wp:term":[{"taxonomy":"category","embeddable":true,"href":"https:\/\/garageblogec.com\/index.php?rest_route=%2Fwp%2Fv2%2Fcategories&post=1341"},{"taxonomy":"post_tag","embeddable":true,"href":"https:\/\/garageblogec.com\/index.php?rest_route=%2Fwp%2Fv2%2Ftags&post=1341"}],"curies":[{"name":"wp","href":"https:\/\/api.w.org\/{rel}","templated":true}]}}