{"id":1335,"date":"2024-12-04T16:19:32","date_gmt":"2024-12-04T16:19:32","guid":{"rendered":"https:\/\/garageblogec.com\/?p=1335"},"modified":"2024-12-04T16:19:36","modified_gmt":"2024-12-04T16:19:36","slug":"vw-con-el-polo-gti-r5-y-el-quirola-racing-team-se-consagran-ganadores-la-vuelta-al-ecuador-2024","status":"publish","type":"post","link":"https:\/\/garageblogec.com\/?p=1335","title":{"rendered":"VW CON EL POLO GTI R5 Y EL QUIROLA RACING TEAM SE CONSAGRAN GANADORES LA VUELTA AL ECUADOR 2024"},"content":{"rendered":"\n<p>El Team Quirola reafirm\u00f3 su posici\u00f3n como l\u00edder indiscutible del rally nacional al conquistar por tercera ocasi\u00f3n la Vuelta al Ecuador 2024. A bordo del Volkswagen Polo GTI R5, Alfonso Quirola y su copiloto, Leo Rojas, completaron una actuaci\u00f3n impecable que consolid\u00f3 su lugar en la cima de la competencia automovil\u00edstica m\u00e1s importante del pa\u00eds.<\/p>\n\n\n\n<figure class=\"wp-block-image size-large\"><img fetchpriority=\"high\" decoding=\"async\" width=\"1024\" height=\"683\" src=\"https:\/\/garageblogec.com\/wp-content\/uploads\/2024\/12\/1B7A0752-1024x683.jpg\" alt=\"\" class=\"wp-image-1336\" srcset=\"https:\/\/garageblogec.com\/wp-content\/uploads\/2024\/12\/1B7A0752-1024x683.jpg 1024w, https:\/\/garageblogec.com\/wp-content\/uploads\/2024\/12\/1B7A0752-300x200.jpg 300w, https:\/\/garageblogec.com\/wp-content\/uploads\/2024\/12\/1B7A0752-768x512.jpg 768w, https:\/\/garageblogec.com\/wp-content\/uploads\/2024\/12\/1B7A0752-1536x1024.jpg 1536w, https:\/\/garageblogec.com\/wp-content\/uploads\/2024\/12\/1B7A0752-2048x1365.jpg 2048w, https:\/\/garageblogec.com\/wp-content\/uploads\/2024\/12\/1B7A0752-1320x880.jpg 1320w\" sizes=\"(max-width: 1024px) 100vw, 1024px\" \/><\/figure>\n\n\n\n<p>El Team Quirola estableci\u00f3 un fuerte liderazgo desde el inicio, imponi\u00e9ndose en etapas clave como la inicial, entre El Oro y Loja, y reforzando su dominio en las etapas posteriores. Durante la \u00faltima jornada, que se extendi\u00f3 entre Imbabura y Pichincha, la precisi\u00f3n y fiabilidad del VW Polo GTI R5 fueron fundamentales para superar los desaf\u00edos de altitud y terreno, consolidando la victoria en la clasificaci\u00f3n general.<\/p>\n\n\n\n<p>El Volkswagen Polo GTI R5, dise\u00f1ado para superar las condiciones m\u00e1s desafiantes, se consolid\u00f3 como un aliado crucial en la victoria del Team Quirola, destac\u00e1ndose por su tracci\u00f3n, maniobrabilidad y eficiencia. Este modelo ofrece una combinaci\u00f3n perfecta de velocidad, control y estabilidad, convirti\u00e9ndose en un referente en el automovilismo deportivo.<\/p>\n\n\n\n<figure class=\"wp-block-image size-large\"><img decoding=\"async\" width=\"1024\" height=\"683\" src=\"https:\/\/garageblogec.com\/wp-content\/uploads\/2024\/12\/1B7A1267-1024x683.jpg\" alt=\"\" class=\"wp-image-1338\" srcset=\"https:\/\/garageblogec.com\/wp-content\/uploads\/2024\/12\/1B7A1267-1024x683.jpg 1024w, https:\/\/garageblogec.com\/wp-content\/uploads\/2024\/12\/1B7A1267-300x200.jpg 300w, https:\/\/garageblogec.com\/wp-content\/uploads\/2024\/12\/1B7A1267-768x512.jpg 768w, https:\/\/garageblogec.com\/wp-content\/uploads\/2024\/12\/1B7A1267-1536x1024.jpg 1536w, https:\/\/garageblogec.com\/wp-content\/uploads\/2024\/12\/1B7A1267-2048x1365.jpg 2048w, https:\/\/garageblogec.com\/wp-content\/uploads\/2024\/12\/1B7A1267-1320x880.jpg 1320w\" sizes=\"(max-width: 1024px) 100vw, 1024px\" \/><\/figure>\n\n\n\n<p>Alfonso Quirola, por su parte, expres\u00f3: <em>\u201cAgradecemos a Volkswagen por confiar en nosotros, el Volkswagen Polo GTI R5 no solo cumpli\u00f3 con nuestras expectativas, sino que super\u00f3 los retos m\u00e1s exigentes con una fiabilidad incre\u00edble. Este triunfo no habr\u00eda sido posible sin su respaldo\u201d.<\/em><\/p>\n\n\n\n<p>La Vuelta al Ecuador 2024 contin\u00faa siendo un espect\u00e1culo que re\u00fane a los mejores exponentes del rally nacional. En esta edici\u00f3n, la alianza entre el talento del Team Quirola y la tecnolog\u00eda avanzada de Volkswagen demostr\u00f3 c\u00f3mo la combinaci\u00f3n de experiencia y dise\u00f1o automotriz puede conquistar cualquier desaf\u00edo.<\/p>\n\n\n\n<figure class=\"wp-block-image size-large\"><img decoding=\"async\" width=\"1024\" height=\"683\" src=\"https:\/\/garageblogec.com\/wp-content\/uploads\/2024\/12\/1B7A0280-1024x683.jpg\" alt=\"\" class=\"wp-image-1339\" srcset=\"https:\/\/garageblogec.com\/wp-content\/uploads\/2024\/12\/1B7A0280-1024x683.jpg 1024w, https:\/\/garageblogec.com\/wp-content\/uploads\/2024\/12\/1B7A0280-300x200.jpg 300w, https:\/\/garageblogec.com\/wp-content\/uploads\/2024\/12\/1B7A0280-768x512.jpg 768w, https:\/\/garageblogec.com\/wp-content\/uploads\/2024\/12\/1B7A0280-1536x1024.jpg 1536w, https:\/\/garageblogec.com\/wp-content\/uploads\/2024\/12\/1B7A0280-2048x1365.jpg 2048w, https:\/\/garageblogec.com\/wp-content\/uploads\/2024\/12\/1B7A0280-1320x880.jpg 1320w\" sizes=\"(max-width: 1024px) 100vw, 1024px\" \/><\/figure>\n\n\n\n<p>Vanessa Prados, Gerente de Marketing de Volkswagen, expres\u00f3:<em> \u201cEstamos orgullosos de que el VW Polo GTI R5 haya sido protagonista en esta edici\u00f3n de la Vuelta al Ecuador. Este triunfo reafirma nuestro compromiso con el automovilismo y con ofrecer veh\u00edculos que destacan en los terrenos y condiciones m\u00e1s exigentes\u201d.<\/em><\/p>\n\n\n\n<p>Volkswagen fortalece su presencia en Ecuador al participar en eventos automovil\u00edsticos y alinear su compromiso con la seguridad, dise\u00f1o y calidad para satisfacer las expectativas de sus clientes.<\/p>\n\n\n<div class='pt-cv-wrapper'> <h3 class='pt-cv-heading-container heading1' data-blockid='z7p90t8n'><span class='pt-cv-heading'> Overlay1 <\/span><\/h3><div class=\"pt-cv-view pt-cv-overlaygrid iscvblock iscvreal overlay1 layout1\" id=\"pt-cv-view-z7p90t8n\"><div data-id=\"pt-cv-page-1\" class=\"pt-cv-page\" data-cvc=\"3\"><div class=\" pt-cv-content-item pt-cv-1-col\" ><div class=\"pt-cv-thumb-wrapper  \"><a href=\"https:\/\/garageblogec.com\/?p=3303\" class=\"_self pt-cv-href-thumbnail pt-cv-thumb-default\" target=\"_self\" ><img loading=\"lazy\" decoding=\"async\" width=\"768\" height=\"432\" src=\"https:\/\/garageblogec.com\/wp-content\/uploads\/2026\/04\/WhatsApp-Image-2026-04-21-at-1.52.53-PM-768x432.jpeg\" class=\"pt-cv-thumbnail\" alt=\"\" \/><\/a><\/div>\n<div class=\"pt-cv-overlay-wrapper\"><div class=\"pt-cv-taxoterm above_title\"><a href='https:\/\/garageblogec.com\/?cat=27' title='Industria Nacional' class='pt-cv-tax-industria-nacional'>Industria Nacional<\/a><\/div><h4 class=\"pt-cv-title\"><a href=\"https:\/\/garageblogec.com\/?p=3303\" class=\"_self\" target=\"_self\" >Grupo Ambacar presenta en Guayaquil KGM, su nueva marca de SUV h\u00edbridos con respaldo global<\/a><\/h4><div class=\"pt-cv-meta-fields\"><span class=\"entry-date\"> <time datetime=\"2026-04-21T21:37:24+00:00\">abril 21, 2026<\/time><\/span><span> \/ <\/span><span class=\"author\"> <a href=\"https:\/\/garageblogec.com\/?author=6\" rel=\"author\">gabi1212<\/a><\/span><\/div><\/div><\/div>\n<div class=\" pt-cv-content-item pt-cv-1-col\" ><div class=\"pt-cv-thumb-wrapper  \"><a href=\"https:\/\/garageblogec.com\/?p=3296\" class=\"_self pt-cv-href-thumbnail pt-cv-thumb-default\" target=\"_self\" ><img loading=\"lazy\" decoding=\"async\" width=\"768\" height=\"432\" src=\"https:\/\/garageblogec.com\/wp-content\/uploads\/2026\/04\/WhatsApp-Image-2026-04-14-at-3.15.09-PM-768x432.jpeg\" class=\"pt-cv-thumbnail\" alt=\"\" \/><\/a><\/div>\n<div class=\"pt-cv-overlay-wrapper\"><div class=\"pt-cv-taxoterm above_title\"><a href='https:\/\/garageblogec.com\/?cat=27' title='Industria Nacional' class='pt-cv-tax-industria-nacional'>Industria Nacional<\/a><\/div><h4 class=\"pt-cv-title\"><a href=\"https:\/\/garageblogec.com\/?p=3296\" class=\"_self\" target=\"_self\" >El tablero desapareci\u00f3, ahora el auto es una pantalla inteligente<\/a><\/h4><div class=\"pt-cv-meta-fields\"><span class=\"entry-date\"> <time datetime=\"2026-04-14T20:21:20+00:00\">abril 14, 2026<\/time><\/span><span> \/ <\/span><span class=\"author\"> <a href=\"https:\/\/garageblogec.com\/?author=6\" rel=\"author\">gabi1212<\/a><\/span><\/div><\/div><\/div>\n<div class=\" pt-cv-content-item pt-cv-1-col\" ><div class=\"pt-cv-thumb-wrapper  \"><a href=\"https:\/\/garageblogec.com\/?p=3291\" class=\"_self pt-cv-href-thumbnail pt-cv-thumb-default\" target=\"_self\" ><img loading=\"lazy\" decoding=\"async\" width=\"768\" height=\"432\" src=\"https:\/\/garageblogec.com\/wp-content\/uploads\/2026\/04\/WhatsApp-Image-2026-04-14-at-2.21.27-PM-768x432.jpeg\" class=\"pt-cv-thumbnail\" alt=\"\" \/><\/a><\/div>\n<div class=\"pt-cv-overlay-wrapper\"><div class=\"pt-cv-taxoterm above_title\"><a href='https:\/\/garageblogec.com\/?cat=27' title='Industria Nacional' class='pt-cv-tax-industria-nacional'>Industria Nacional<\/a><\/div><h4 class=\"pt-cv-title\"><a href=\"https:\/\/garageblogec.com\/?p=3291\" class=\"_self\" target=\"_self\" >Seguridad al volante en Ecuador: los errores m\u00e1s comunes que cometen los conductores<\/a><\/h4><div class=\"pt-cv-meta-fields\"><span class=\"entry-date\"> <time datetime=\"2026-04-14T20:08:54+00:00\">abril 14, 2026<\/time><\/span><span> \/ <\/span><span class=\"author\"> <a href=\"https:\/\/garageblogec.com\/?author=6\" rel=\"author\">gabi1212<\/a><\/span><\/div><\/div><\/div>\n<div class=\" pt-cv-content-item pt-cv-1-col\" ><div class=\"pt-cv-thumb-wrapper  \"><a href=\"https:\/\/garageblogec.com\/?p=3286\" class=\"_self pt-cv-href-thumbnail pt-cv-thumb-default\" target=\"_self\" ><img loading=\"lazy\" decoding=\"async\" width=\"768\" height=\"492\" src=\"https:\/\/garageblogec.com\/wp-content\/uploads\/2026\/04\/Posventa.jpg-768x492.jpeg\" class=\"pt-cv-thumbnail\" alt=\"\" \/><\/a><\/div>\n<div class=\"pt-cv-overlay-wrapper\"><div class=\"pt-cv-taxoterm above_title\"><a href='https:\/\/garageblogec.com\/?cat=27' title='Industria Nacional' class='pt-cv-tax-industria-nacional'>Industria Nacional<\/a><\/div><h4 class=\"pt-cv-title\"><a href=\"https:\/\/garageblogec.com\/?p=3286\" class=\"_self\" target=\"_self\" >Clientes Nissan reciben cambios de aceite infinitos<\/a><\/h4><div class=\"pt-cv-meta-fields\"><span class=\"entry-date\"> <time datetime=\"2026-04-14T20:04:08+00:00\">abril 14, 2026<\/time><\/span><span> \/ <\/span><span class=\"author\"> <a href=\"https:\/\/garageblogec.com\/?author=6\" rel=\"author\">gabi1212<\/a><\/span><\/div><\/div><\/div>\n<div class=\" pt-cv-content-item pt-cv-1-col\" ><div class=\"pt-cv-thumb-wrapper  \"><a href=\"https:\/\/garageblogec.com\/?p=3280\" class=\"_self pt-cv-href-thumbnail pt-cv-thumb-default\" target=\"_self\" ><img loading=\"lazy\" decoding=\"async\" width=\"768\" height=\"512\" src=\"https:\/\/garageblogec.com\/wp-content\/uploads\/2026\/04\/foto1-768x512.jpeg\" class=\"pt-cv-thumbnail\" alt=\"\" \/><\/a><\/div>\n<div class=\"pt-cv-overlay-wrapper\"><div class=\"pt-cv-taxoterm above_title\"><a href='https:\/\/garageblogec.com\/?cat=27' title='Industria Nacional' class='pt-cv-tax-industria-nacional'>Industria Nacional<\/a><\/div><h4 class=\"pt-cv-title\"><a href=\"https:\/\/garageblogec.com\/?p=3280\" class=\"_self\" target=\"_self\" >Movilidad como inversi\u00f3n: el uso de utilidades que crece en Ecuador<\/a><\/h4><div class=\"pt-cv-meta-fields\"><span class=\"entry-date\"> <time datetime=\"2026-04-07T19:55:36+00:00\">abril 7, 2026<\/time><\/span><span> \/ <\/span><span class=\"author\"> <a href=\"https:\/\/garageblogec.com\/?author=6\" rel=\"author\">gabi1212<\/a><\/span><\/div><\/div><\/div>\n<div class=\" pt-cv-content-item pt-cv-1-col\" ><div class=\"pt-cv-thumb-wrapper  \"><a href=\"https:\/\/garageblogec.com\/?p=3276\" class=\"_self pt-cv-href-thumbnail pt-cv-thumb-default\" target=\"_self\" ><img loading=\"lazy\" decoding=\"async\" width=\"745\" height=\"491\" src=\"https:\/\/garageblogec.com\/wp-content\/uploads\/2026\/04\/TT.png\" class=\"pt-cv-thumbnail\" alt=\"\" \/><\/a><\/div>\n<div class=\"pt-cv-overlay-wrapper\"><div class=\"pt-cv-taxoterm above_title\"><a href='https:\/\/garageblogec.com\/?cat=27' title='Industria Nacional' class='pt-cv-tax-industria-nacional'>Industria Nacional<\/a><\/div><h4 class=\"pt-cv-title\"><a href=\"https:\/\/garageblogec.com\/?p=3276\" class=\"_self\" target=\"_self\" >Lluvias en Ecuador: C\u00f3mo reducir riesgos en carretera y prevenir accidentes en calzada mojada<\/a><\/h4><div class=\"pt-cv-meta-fields\"><span class=\"entry-date\"> <time datetime=\"2026-04-07T19:46:52+00:00\">abril 7, 2026<\/time><\/span><span> \/ <\/span><span class=\"author\"> <a href=\"https:\/\/garageblogec.com\/?author=6\" rel=\"author\">gabi1212<\/a><\/span><\/div><\/div><\/div><\/div><\/div> <\/div> <style>\n#pt-cv-view-z7p90t8n .pt-cv-thumb-wrapper::before {background: rgba(0,0,0,.4); opacity: 0.8;}#pt-cv-view-z7p90t8n .pt-cv-overlay-wrapper {justify-content: center;}\n#pt-cv-view-z7p90t8n .pt-cv-meta-fields {  }#pt-cv-view-z7p90t8n .pt-cv-meta-fields * { font-size: 13px; }#pt-cv-view-z7p90t8n .pt-cv-title a { display: block; }#pt-cv-view-z7p90t8n .pt-cv-title:not(.pt-cv-titlesm) a { font-weight: 600;text-decoration: none;font-size: 20px; }#pt-cv-view-z7p90t8n .pt-cv-titlesm a { font-weight: 600;font-size: 18px; }#pt-cv-view-z7p90t8n .pt-cv-content { font-size: 15px; }#pt-cv-view-z7p90t8n .pt-cv-rmwrap {  }#pt-cv-view-z7p90t8n .pt-cv-readmore { color: #fff;background-color: #0075ff;font-size: 14px; }#pt-cv-view-z7p90t8n .pt-cv-taxoterm { margin: 0px 0px 20px 0px; }#pt-cv-view-z7p90t8n .pt-cv-taxoterm * { color: #222;background-color: #fff6f6;font-size: 14px; }#pt-cv-view-z7p90t8n + .pt-cv-pagination-wrapper {  }#pt-cv-view-z7p90t8n + .pt-cv-pagination-wrapper a { font-size: 14px; }#pt-cv-view-z7p90t8n > .pt-cv-page {grid-template-columns: repeat(3, 1fr);grid-auto-rows: 250px;grid-gap: 10px;}\n@media all and (max-width: 1024px) { \n#pt-cv-view-z7p90t8n > .pt-cv-page {}\n} \n@media all and (max-width: 767px) { \n#pt-cv-view-z7p90t8n > .pt-cv-page {grid-template-columns: repeat(1, 1fr);}\n} <\/style>","protected":false},"excerpt":{"rendered":"<p>El Team Quirola reafirm\u00f3 su posici\u00f3n como l\u00edder indiscutible del rally nacional al conquistar por tercera ocasi\u00f3n la Vuelta al Ecuador 2024. A bordo del Volkswagen Polo GTI R5, Alfonso Quirola y su copiloto, Leo Rojas, completaron una actuaci\u00f3n impecable que consolid\u00f3 su lugar en la cima de la competencia automovil\u00edstica m\u00e1s importante del pa\u00eds.<\/p>\n","protected":false},"author":6,"featured_media":1338,"comment_status":"open","ping_status":"open","sticky":false,"template":"","format":"standard","meta":{"_jetpack_memberships_contains_paid_content":false,"footnotes":""},"categories":[27],"tags":[],"class_list":["post-1335","post","type-post","status-publish","format-standard","has-post-thumbnail","hentry","category-industria-nacional"],"yoast_head":"<!-- This site is optimized with the Yoast SEO plugin v27.5 - https:\/\/yoast.com\/product\/yoast-seo-wordpress\/ -->\n<title>VW CON EL POLO GTI R5 Y EL QUIROLA RACING TEAM SE CONSAGRAN GANADORES LA VUELTA AL ECUADOR 2024 - Garage Blog Ecuador<\/title>\n<meta name=\"robots\" content=\"index, follow, max-snippet:-1, max-image-preview:large, max-video-preview:-1\" \/>\n<link rel=\"canonical\" href=\"https:\/\/garageblogec.com\/?p=1335\" \/>\n<meta property=\"og:locale\" content=\"es_ES\" \/>\n<meta property=\"og:type\" content=\"article\" \/>\n<meta property=\"og:title\" content=\"VW CON EL POLO GTI R5 Y EL QUIROLA RACING TEAM SE CONSAGRAN GANADORES LA VUELTA AL ECUADOR 2024 - Garage Blog Ecuador\" \/>\n<meta property=\"og:description\" content=\"El Team Quirola reafirm\u00f3 su posici\u00f3n como l\u00edder indiscutible del rally nacional al conquistar por tercera ocasi\u00f3n la Vuelta al Ecuador 2024. A bordo del Volkswagen Polo GTI R5, Alfonso Quirola y su copiloto, Leo Rojas, completaron una actuaci\u00f3n impecable que consolid\u00f3 su lugar en la cima de la competencia automovil\u00edstica m\u00e1s importante del pa\u00eds.\" \/>\n<meta property=\"og:url\" content=\"https:\/\/garageblogec.com\/?p=1335\" \/>\n<meta property=\"og:site_name\" content=\"Garage Blog Ecuador\" \/>\n<meta property=\"article:published_time\" content=\"2024-12-04T16:19:32+00:00\" \/>\n<meta property=\"article:modified_time\" content=\"2024-12-04T16:19:36+00:00\" \/>\n<meta property=\"og:image\" content=\"https:\/\/garageblogec.com\/wp-content\/uploads\/2024\/12\/1B7A1267-scaled.jpg\" \/>\n\t<meta property=\"og:image:width\" content=\"2560\" \/>\n\t<meta property=\"og:image:height\" content=\"1707\" \/>\n\t<meta property=\"og:image:type\" content=\"image\/jpeg\" \/>\n<meta name=\"author\" content=\"gabi1212\" \/>\n<meta name=\"twitter:card\" content=\"summary_large_image\" \/>\n<meta name=\"twitter:label1\" content=\"Escrito por\" \/>\n\t<meta name=\"twitter:data1\" content=\"gabi1212\" \/>\n\t<meta name=\"twitter:label2\" content=\"Tiempo de lectura\" \/>\n\t<meta name=\"twitter:data2\" content=\"3 minutos\" \/>\n<script type=\"application\/ld+json\" class=\"yoast-schema-graph\">{\"@context\":\"https:\\\/\\\/schema.org\",\"@graph\":[{\"@type\":\"Article\",\"@id\":\"https:\\\/\\\/garageblogec.com\\\/?p=1335#article\",\"isPartOf\":{\"@id\":\"https:\\\/\\\/garageblogec.com\\\/?p=1335\"},\"author\":{\"name\":\"gabi1212\",\"@id\":\"https:\\\/\\\/garageblogec.com\\\/#\\\/schema\\\/person\\\/635f4b76c0cb3e43b82fe6f7d8bcceea\"},\"headline\":\"VW CON EL POLO GTI R5 Y EL QUIROLA RACING TEAM SE CONSAGRAN GANADORES LA VUELTA AL ECUADOR 2024\",\"datePublished\":\"2024-12-04T16:19:32+00:00\",\"dateModified\":\"2024-12-04T16:19:36+00:00\",\"mainEntityOfPage\":{\"@id\":\"https:\\\/\\\/garageblogec.com\\\/?p=1335\"},\"wordCount\":391,\"commentCount\":0,\"publisher\":{\"@id\":\"https:\\\/\\\/garageblogec.com\\\/#organization\"},\"image\":{\"@id\":\"https:\\\/\\\/garageblogec.com\\\/?p=1335#primaryimage\"},\"thumbnailUrl\":\"https:\\\/\\\/garageblogec.com\\\/wp-content\\\/uploads\\\/2024\\\/12\\\/1B7A1267-scaled.jpg\",\"articleSection\":[\"Industria Nacional\"],\"inLanguage\":\"es\",\"potentialAction\":[{\"@type\":\"CommentAction\",\"name\":\"Comment\",\"target\":[\"https:\\\/\\\/garageblogec.com\\\/?p=1335#respond\"]}]},{\"@type\":\"WebPage\",\"@id\":\"https:\\\/\\\/garageblogec.com\\\/?p=1335\",\"url\":\"https:\\\/\\\/garageblogec.com\\\/?p=1335\",\"name\":\"VW CON EL POLO GTI R5 Y EL QUIROLA RACING TEAM SE CONSAGRAN GANADORES LA VUELTA AL ECUADOR 2024 - Garage Blog Ecuador\",\"isPartOf\":{\"@id\":\"https:\\\/\\\/garageblogec.com\\\/#website\"},\"primaryImageOfPage\":{\"@id\":\"https:\\\/\\\/garageblogec.com\\\/?p=1335#primaryimage\"},\"image\":{\"@id\":\"https:\\\/\\\/garageblogec.com\\\/?p=1335#primaryimage\"},\"thumbnailUrl\":\"https:\\\/\\\/garageblogec.com\\\/wp-content\\\/uploads\\\/2024\\\/12\\\/1B7A1267-scaled.jpg\",\"datePublished\":\"2024-12-04T16:19:32+00:00\",\"dateModified\":\"2024-12-04T16:19:36+00:00\",\"breadcrumb\":{\"@id\":\"https:\\\/\\\/garageblogec.com\\\/?p=1335#breadcrumb\"},\"inLanguage\":\"es\",\"potentialAction\":[{\"@type\":\"ReadAction\",\"target\":[\"https:\\\/\\\/garageblogec.com\\\/?p=1335\"]}]},{\"@type\":\"ImageObject\",\"inLanguage\":\"es\",\"@id\":\"https:\\\/\\\/garageblogec.com\\\/?p=1335#primaryimage\",\"url\":\"https:\\\/\\\/garageblogec.com\\\/wp-content\\\/uploads\\\/2024\\\/12\\\/1B7A1267-scaled.jpg\",\"contentUrl\":\"https:\\\/\\\/garageblogec.com\\\/wp-content\\\/uploads\\\/2024\\\/12\\\/1B7A1267-scaled.jpg\",\"width\":2560,\"height\":1707},{\"@type\":\"BreadcrumbList\",\"@id\":\"https:\\\/\\\/garageblogec.com\\\/?p=1335#breadcrumb\",\"itemListElement\":[{\"@type\":\"ListItem\",\"position\":1,\"name\":\"Portada\",\"item\":\"https:\\\/\\\/garageblogec.com\\\/\"},{\"@type\":\"ListItem\",\"position\":2,\"name\":\"VW CON EL POLO GTI R5 Y EL QUIROLA RACING TEAM SE CONSAGRAN GANADORES LA VUELTA AL ECUADOR 2024\"}]},{\"@type\":\"WebSite\",\"@id\":\"https:\\\/\\\/garageblogec.com\\\/#website\",\"url\":\"https:\\\/\\\/garageblogec.com\\\/\",\"name\":\"Garage Blog Ecuador\",\"description\":\"Alucinamos por los autos \",\"publisher\":{\"@id\":\"https:\\\/\\\/garageblogec.com\\\/#organization\"},\"potentialAction\":[{\"@type\":\"SearchAction\",\"target\":{\"@type\":\"EntryPoint\",\"urlTemplate\":\"https:\\\/\\\/garageblogec.com\\\/?s={search_term_string}\"},\"query-input\":{\"@type\":\"PropertyValueSpecification\",\"valueRequired\":true,\"valueName\":\"search_term_string\"}}],\"inLanguage\":\"es\"},{\"@type\":\"Organization\",\"@id\":\"https:\\\/\\\/garageblogec.com\\\/#organization\",\"name\":\"Garage Blog Ecuador\",\"url\":\"https:\\\/\\\/garageblogec.com\\\/\",\"logo\":{\"@type\":\"ImageObject\",\"inLanguage\":\"es\",\"@id\":\"https:\\\/\\\/garageblogec.com\\\/#\\\/schema\\\/logo\\\/image\\\/\",\"url\":\"https:\\\/\\\/garageblogec.com\\\/wp-content\\\/uploads\\\/2024\\\/02\\\/cropped-logo-png-para-blog.webp\",\"contentUrl\":\"https:\\\/\\\/garageblogec.com\\\/wp-content\\\/uploads\\\/2024\\\/02\\\/cropped-logo-png-para-blog.webp\",\"width\":840,\"height\":556,\"caption\":\"Garage Blog Ecuador \"},\"image\":{\"@id\":\"https:\\\/\\\/garageblogec.com\\\/#\\\/schema\\\/logo\\\/image\\\/\"}},{\"@type\":\"Person\",\"@id\":\"https:\\\/\\\/garageblogec.com\\\/#\\\/schema\\\/person\\\/635f4b76c0cb3e43b82fe6f7d8bcceea\",\"name\":\"gabi1212\",\"image\":{\"@type\":\"ImageObject\",\"inLanguage\":\"es\",\"@id\":\"https:\\\/\\\/secure.gravatar.com\\\/avatar\\\/6aa491f45cb359d4d6dd8c430e83f78899c80569c27d21156e19bbdcd31d1811?s=96&d=mm&r=g\",\"url\":\"https:\\\/\\\/secure.gravatar.com\\\/avatar\\\/6aa491f45cb359d4d6dd8c430e83f78899c80569c27d21156e19bbdcd31d1811?s=96&d=mm&r=g\",\"contentUrl\":\"https:\\\/\\\/secure.gravatar.com\\\/avatar\\\/6aa491f45cb359d4d6dd8c430e83f78899c80569c27d21156e19bbdcd31d1811?s=96&d=mm&r=g\",\"caption\":\"gabi1212\"},\"url\":\"https:\\\/\\\/garageblogec.com\\\/?author=6\"}]}<\/script>\n<!-- \/ Yoast SEO plugin. -->","yoast_head_json":{"title":"VW CON EL POLO GTI R5 Y EL QUIROLA RACING TEAM SE CONSAGRAN GANADORES LA VUELTA AL ECUADOR 2024 - Garage Blog Ecuador","robots":{"index":"index","follow":"follow","max-snippet":"max-snippet:-1","max-image-preview":"max-image-preview:large","max-video-preview":"max-video-preview:-1"},"canonical":"https:\/\/garageblogec.com\/?p=1335","og_locale":"es_ES","og_type":"article","og_title":"VW CON EL POLO GTI R5 Y EL QUIROLA RACING TEAM SE CONSAGRAN GANADORES LA VUELTA AL ECUADOR 2024 - Garage Blog Ecuador","og_description":"El Team Quirola reafirm\u00f3 su posici\u00f3n como l\u00edder indiscutible del rally nacional al conquistar por tercera ocasi\u00f3n la Vuelta al Ecuador 2024. A bordo del Volkswagen Polo GTI R5, Alfonso Quirola y su copiloto, Leo Rojas, completaron una actuaci\u00f3n impecable que consolid\u00f3 su lugar en la cima de la competencia automovil\u00edstica m\u00e1s importante del pa\u00eds.","og_url":"https:\/\/garageblogec.com\/?p=1335","og_site_name":"Garage Blog Ecuador","article_published_time":"2024-12-04T16:19:32+00:00","article_modified_time":"2024-12-04T16:19:36+00:00","og_image":[{"width":2560,"height":1707,"url":"https:\/\/garageblogec.com\/wp-content\/uploads\/2024\/12\/1B7A1267-scaled.jpg","type":"image\/jpeg"}],"author":"gabi1212","twitter_card":"summary_large_image","twitter_misc":{"Escrito por":"gabi1212","Tiempo de lectura":"3 minutos"},"schema":{"@context":"https:\/\/schema.org","@graph":[{"@type":"Article","@id":"https:\/\/garageblogec.com\/?p=1335#article","isPartOf":{"@id":"https:\/\/garageblogec.com\/?p=1335"},"author":{"name":"gabi1212","@id":"https:\/\/garageblogec.com\/#\/schema\/person\/635f4b76c0cb3e43b82fe6f7d8bcceea"},"headline":"VW CON EL POLO GTI R5 Y EL QUIROLA RACING TEAM SE CONSAGRAN GANADORES LA VUELTA AL ECUADOR 2024","datePublished":"2024-12-04T16:19:32+00:00","dateModified":"2024-12-04T16:19:36+00:00","mainEntityOfPage":{"@id":"https:\/\/garageblogec.com\/?p=1335"},"wordCount":391,"commentCount":0,"publisher":{"@id":"https:\/\/garageblogec.com\/#organization"},"image":{"@id":"https:\/\/garageblogec.com\/?p=1335#primaryimage"},"thumbnailUrl":"https:\/\/garageblogec.com\/wp-content\/uploads\/2024\/12\/1B7A1267-scaled.jpg","articleSection":["Industria Nacional"],"inLanguage":"es","potentialAction":[{"@type":"CommentAction","name":"Comment","target":["https:\/\/garageblogec.com\/?p=1335#respond"]}]},{"@type":"WebPage","@id":"https:\/\/garageblogec.com\/?p=1335","url":"https:\/\/garageblogec.com\/?p=1335","name":"VW CON EL POLO GTI R5 Y EL QUIROLA RACING TEAM SE CONSAGRAN GANADORES LA VUELTA AL ECUADOR 2024 - Garage Blog Ecuador","isPartOf":{"@id":"https:\/\/garageblogec.com\/#website"},"primaryImageOfPage":{"@id":"https:\/\/garageblogec.com\/?p=1335#primaryimage"},"image":{"@id":"https:\/\/garageblogec.com\/?p=1335#primaryimage"},"thumbnailUrl":"https:\/\/garageblogec.com\/wp-content\/uploads\/2024\/12\/1B7A1267-scaled.jpg","datePublished":"2024-12-04T16:19:32+00:00","dateModified":"2024-12-04T16:19:36+00:00","breadcrumb":{"@id":"https:\/\/garageblogec.com\/?p=1335#breadcrumb"},"inLanguage":"es","potentialAction":[{"@type":"ReadAction","target":["https:\/\/garageblogec.com\/?p=1335"]}]},{"@type":"ImageObject","inLanguage":"es","@id":"https:\/\/garageblogec.com\/?p=1335#primaryimage","url":"https:\/\/garageblogec.com\/wp-content\/uploads\/2024\/12\/1B7A1267-scaled.jpg","contentUrl":"https:\/\/garageblogec.com\/wp-content\/uploads\/2024\/12\/1B7A1267-scaled.jpg","width":2560,"height":1707},{"@type":"BreadcrumbList","@id":"https:\/\/garageblogec.com\/?p=1335#breadcrumb","itemListElement":[{"@type":"ListItem","position":1,"name":"Portada","item":"https:\/\/garageblogec.com\/"},{"@type":"ListItem","position":2,"name":"VW CON EL POLO GTI R5 Y EL QUIROLA RACING TEAM SE CONSAGRAN GANADORES LA VUELTA AL ECUADOR 2024"}]},{"@type":"WebSite","@id":"https:\/\/garageblogec.com\/#website","url":"https:\/\/garageblogec.com\/","name":"Garage Blog Ecuador","description":"Alucinamos por los autos ","publisher":{"@id":"https:\/\/garageblogec.com\/#organization"},"potentialAction":[{"@type":"SearchAction","target":{"@type":"EntryPoint","urlTemplate":"https:\/\/garageblogec.com\/?s={search_term_string}"},"query-input":{"@type":"PropertyValueSpecification","valueRequired":true,"valueName":"search_term_string"}}],"inLanguage":"es"},{"@type":"Organization","@id":"https:\/\/garageblogec.com\/#organization","name":"Garage Blog Ecuador","url":"https:\/\/garageblogec.com\/","logo":{"@type":"ImageObject","inLanguage":"es","@id":"https:\/\/garageblogec.com\/#\/schema\/logo\/image\/","url":"https:\/\/garageblogec.com\/wp-content\/uploads\/2024\/02\/cropped-logo-png-para-blog.webp","contentUrl":"https:\/\/garageblogec.com\/wp-content\/uploads\/2024\/02\/cropped-logo-png-para-blog.webp","width":840,"height":556,"caption":"Garage Blog Ecuador "},"image":{"@id":"https:\/\/garageblogec.com\/#\/schema\/logo\/image\/"}},{"@type":"Person","@id":"https:\/\/garageblogec.com\/#\/schema\/person\/635f4b76c0cb3e43b82fe6f7d8bcceea","name":"gabi1212","image":{"@type":"ImageObject","inLanguage":"es","@id":"https:\/\/secure.gravatar.com\/avatar\/6aa491f45cb359d4d6dd8c430e83f78899c80569c27d21156e19bbdcd31d1811?s=96&d=mm&r=g","url":"https:\/\/secure.gravatar.com\/avatar\/6aa491f45cb359d4d6dd8c430e83f78899c80569c27d21156e19bbdcd31d1811?s=96&d=mm&r=g","contentUrl":"https:\/\/secure.gravatar.com\/avatar\/6aa491f45cb359d4d6dd8c430e83f78899c80569c27d21156e19bbdcd31d1811?s=96&d=mm&r=g","caption":"gabi1212"},"url":"https:\/\/garageblogec.com\/?author=6"}]}},"jetpack_featured_media_url":"https:\/\/garageblogec.com\/wp-content\/uploads\/2024\/12\/1B7A1267-scaled.jpg","jetpack_sharing_enabled":true,"_links":{"self":[{"href":"https:\/\/garageblogec.com\/index.php?rest_route=\/wp\/v2\/posts\/1335","targetHints":{"allow":["GET"]}}],"collection":[{"href":"https:\/\/garageblogec.com\/index.php?rest_route=\/wp\/v2\/posts"}],"about":[{"href":"https:\/\/garageblogec.com\/index.php?rest_route=\/wp\/v2\/types\/post"}],"author":[{"embeddable":true,"href":"https:\/\/garageblogec.com\/index.php?rest_route=\/wp\/v2\/users\/6"}],"replies":[{"embeddable":true,"href":"https:\/\/garageblogec.com\/index.php?rest_route=%2Fwp%2Fv2%2Fcomments&post=1335"}],"version-history":[{"count":1,"href":"https:\/\/garageblogec.com\/index.php?rest_route=\/wp\/v2\/posts\/1335\/revisions"}],"predecessor-version":[{"id":1340,"href":"https:\/\/garageblogec.com\/index.php?rest_route=\/wp\/v2\/posts\/1335\/revisions\/1340"}],"wp:featuredmedia":[{"embeddable":true,"href":"https:\/\/garageblogec.com\/index.php?rest_route=\/wp\/v2\/media\/1338"}],"wp:attachment":[{"href":"https:\/\/garageblogec.com\/index.php?rest_route=%2Fwp%2Fv2%2Fmedia&parent=1335"}],"wp:term":[{"taxonomy":"category","embeddable":true,"href":"https:\/\/garageblogec.com\/index.php?rest_route=%2Fwp%2Fv2%2Fcategories&post=1335"},{"taxonomy":"post_tag","embeddable":true,"href":"https:\/\/garageblogec.com\/index.php?rest_route=%2Fwp%2Fv2%2Ftags&post=1335"}],"curies":[{"name":"wp","href":"https:\/\/api.w.org\/{rel}","templated":true}]}}