{"id":1329,"date":"2024-11-28T16:53:43","date_gmt":"2024-11-28T16:53:43","guid":{"rendered":"https:\/\/garageblogec.com\/?p=1329"},"modified":"2024-11-28T16:53:46","modified_gmt":"2024-11-28T16:53:46","slug":"inchcape-celebra-un-ano-de-exitos-con-subaru-en-ecuador","status":"publish","type":"post","link":"https:\/\/garageblogec.com\/?p=1329","title":{"rendered":"Inchcape celebra un a\u00f1o de \u00e9xitos con Subaru en Ecuador"},"content":{"rendered":"\n<p> Inchcape, representante exclusivo de Subaru en Ecuador, conmemor\u00f3 con entusiasmo el primer aniversario de la marca japonesa en el mercado ecuatoriano. La celebraci\u00f3n incluy\u00f3 un evento especial para medios, destacando la presencia de Yuhei Fujihara, representante de Subaru Corporation, quien felicit\u00f3 al equipo de Inchcape Ecuador por el s\u00f3lido y veloz crecimiento alcanzado en este periodo.<\/p>\n\n\n\n<figure class=\"wp-block-image size-large\"><img fetchpriority=\"high\" decoding=\"async\" width=\"1024\" height=\"683\" src=\"https:\/\/garageblogec.com\/wp-content\/uploads\/2024\/11\/DSC07694-1024x683.jpg\" alt=\"\" class=\"wp-image-1331\" srcset=\"https:\/\/garageblogec.com\/wp-content\/uploads\/2024\/11\/DSC07694-1024x683.jpg 1024w, https:\/\/garageblogec.com\/wp-content\/uploads\/2024\/11\/DSC07694-300x200.jpg 300w, https:\/\/garageblogec.com\/wp-content\/uploads\/2024\/11\/DSC07694-768x512.jpg 768w, https:\/\/garageblogec.com\/wp-content\/uploads\/2024\/11\/DSC07694-1536x1024.jpg 1536w, https:\/\/garageblogec.com\/wp-content\/uploads\/2024\/11\/DSC07694-2048x1366.jpg 2048w, https:\/\/garageblogec.com\/wp-content\/uploads\/2024\/11\/DSC07694-1320x880.jpg 1320w\" sizes=\"(max-width: 1024px) 100vw, 1024px\" \/><\/figure>\n\n\n\n<p>Desde su llegada, Subaru ha cautivado a los consumidores locales con su compromiso inquebrantable con la seguridad, la innovaci\u00f3n y una experiencia de conducci\u00f3n inigualable. El lanzamiento oficial de la marca marc\u00f3 un hito en la industria automotriz ecuatoriana, congregando a m\u00e1s de 1500 entusiastas en un evento de presentaci\u00f3n que evidenci\u00f3 la gran expectativa y aceptaci\u00f3n que gener\u00f3 Subaru en el pa\u00eds.<\/p>\n\n\n\n<p><strong>Cifras que reflejan el \u00e9xito<\/strong><\/p>\n\n\n\n<p>En su primer a\u00f1o, los resultados de Subaru han superado todas las expectativas, registrando un crecimiento del 17% en el segundo semestre frente al primero, a pesar de que el mercado automotriz local experimenta una contracci\u00f3n del 20%. Este logro refleja el inter\u00e9s de los consumidores por veh\u00edculos que combinan calidad, dise\u00f1o y tecnolog\u00eda.<\/p>\n\n\n\n<figure class=\"wp-block-image size-large\"><img decoding=\"async\" width=\"1024\" height=\"683\" src=\"https:\/\/garageblogec.com\/wp-content\/uploads\/2024\/11\/DSC07629-1024x683.jpg\" alt=\"\" class=\"wp-image-1330\" srcset=\"https:\/\/garageblogec.com\/wp-content\/uploads\/2024\/11\/DSC07629-1024x683.jpg 1024w, https:\/\/garageblogec.com\/wp-content\/uploads\/2024\/11\/DSC07629-300x200.jpg 300w, https:\/\/garageblogec.com\/wp-content\/uploads\/2024\/11\/DSC07629-768x512.jpg 768w, https:\/\/garageblogec.com\/wp-content\/uploads\/2024\/11\/DSC07629-1536x1024.jpg 1536w, https:\/\/garageblogec.com\/wp-content\/uploads\/2024\/11\/DSC07629-2048x1365.jpg 2048w, https:\/\/garageblogec.com\/wp-content\/uploads\/2024\/11\/DSC07629-1320x880.jpg 1320w\" sizes=\"(max-width: 1024px) 100vw, 1024px\" \/><\/figure>\n\n\n\n<p>Modelos ic\u00f3nicos como el <strong>Forester<\/strong> agotaron su inventario en los primeros seis meses, mientras que el <strong>WRX<\/strong>, <strong>Outback<\/strong> y <strong>Crosstrek<\/strong> han ganado una fuerte popularidad, consolidando la presencia de Subaru en diversos segmentos del mercado.<\/p>\n\n\n\n<p>Adem\u00e1s, Subaru ha fortalecido su infraestructura en el pa\u00eds, con puntos de venta y servicio en Quito, Guayaquil, Cuenca, Ambato y Manta, brindando a los clientes una experiencia m\u00e1s accesible y personalizada.<\/p>\n\n\n\n<figure class=\"wp-block-image size-large\"><a href=\"https:\/\/www.kia.com\/ec\/showroom\/sonet\/features.html\"><img decoding=\"async\" width=\"1024\" height=\"284\" src=\"https:\/\/garageblogec.com\/wp-content\/uploads\/2024\/10\/1080X300-1-1024x284.jpg\" alt=\"\" class=\"wp-image-1198\" srcset=\"https:\/\/garageblogec.com\/wp-content\/uploads\/2024\/10\/1080X300-1-1024x284.jpg 1024w, https:\/\/garageblogec.com\/wp-content\/uploads\/2024\/10\/1080X300-1-300x83.jpg 300w, https:\/\/garageblogec.com\/wp-content\/uploads\/2024\/10\/1080X300-1-768x213.jpg 768w, https:\/\/garageblogec.com\/wp-content\/uploads\/2024\/10\/1080X300-1.jpg 1080w\" sizes=\"(max-width: 1024px) 100vw, 1024px\" \/><\/a><\/figure>\n\n\n\n<p><strong>Un futuro prometedor para Subaru en Ecuador<\/strong><\/p>\n\n\n\n<p>La marca se proyecta con una estrategia definida: ofrecer un portafolio exclusivamente japon\u00e9s, veh\u00edculos con tracci\u00f3n total en todas sus versiones y configuraciones full equipo. \u201cEcuador es un pa\u00eds con enorme potencial, y estamos comprometidos con un crecimiento sostenido y la satisfacci\u00f3n total de nuestros clientes\u201d, asegur\u00f3 Yuhei Fujihara al referirse al futuro de Subaru en el mercado ecuatoriano.<\/p>\n\n\n\n<p>Con este primer a\u00f1o lleno de \u00e9xitos, Subaru reafirma su compromiso de seguir conquistando caminos y corazones en Ecuador, estableciendo un est\u00e1ndar de excelencia y calidad que promete marcar la diferencia en la industria automotriz local.<\/p>\n\n\n<div class='pt-cv-wrapper'> <h3 class='pt-cv-heading-container heading1' data-blockid='k5qz9cs0'><span class='pt-cv-heading'> Overlay1 <\/span><\/h3><div class=\"pt-cv-view pt-cv-overlaygrid iscvblock iscvreal overlay1 layout1\" id=\"pt-cv-view-k5qz9cs0\"><div data-id=\"pt-cv-page-1\" class=\"pt-cv-page\" data-cvc=\"3\"><div class=\" pt-cv-content-item pt-cv-1-col\" ><div class=\"pt-cv-thumb-wrapper  \"><a href=\"https:\/\/garageblogec.com\/?p=3303\" class=\"_self pt-cv-href-thumbnail pt-cv-thumb-default\" target=\"_self\" ><img loading=\"lazy\" decoding=\"async\" width=\"768\" height=\"432\" src=\"https:\/\/garageblogec.com\/wp-content\/uploads\/2026\/04\/WhatsApp-Image-2026-04-21-at-1.52.53-PM-768x432.jpeg\" class=\"pt-cv-thumbnail\" alt=\"\" \/><\/a><\/div>\n<div class=\"pt-cv-overlay-wrapper\"><div class=\"pt-cv-taxoterm above_title\"><a href='https:\/\/garageblogec.com\/?cat=27' title='Industria Nacional' class='pt-cv-tax-industria-nacional'>Industria Nacional<\/a><\/div><h4 class=\"pt-cv-title\"><a href=\"https:\/\/garageblogec.com\/?p=3303\" class=\"_self\" target=\"_self\" >Grupo Ambacar presenta en Guayaquil KGM, su nueva marca de SUV h\u00edbridos con respaldo global<\/a><\/h4><div class=\"pt-cv-meta-fields\"><span class=\"entry-date\"> <time datetime=\"2026-04-21T21:37:24+00:00\">abril 21, 2026<\/time><\/span><span> \/ <\/span><span class=\"author\"> <a href=\"https:\/\/garageblogec.com\/?author=6\" rel=\"author\">gabi1212<\/a><\/span><\/div><\/div><\/div>\n<div class=\" pt-cv-content-item pt-cv-1-col\" ><div class=\"pt-cv-thumb-wrapper  \"><a href=\"https:\/\/garageblogec.com\/?p=3296\" class=\"_self pt-cv-href-thumbnail pt-cv-thumb-default\" target=\"_self\" ><img loading=\"lazy\" decoding=\"async\" width=\"768\" height=\"432\" src=\"https:\/\/garageblogec.com\/wp-content\/uploads\/2026\/04\/WhatsApp-Image-2026-04-14-at-3.15.09-PM-768x432.jpeg\" class=\"pt-cv-thumbnail\" alt=\"\" \/><\/a><\/div>\n<div class=\"pt-cv-overlay-wrapper\"><div class=\"pt-cv-taxoterm above_title\"><a href='https:\/\/garageblogec.com\/?cat=27' title='Industria Nacional' class='pt-cv-tax-industria-nacional'>Industria Nacional<\/a><\/div><h4 class=\"pt-cv-title\"><a href=\"https:\/\/garageblogec.com\/?p=3296\" class=\"_self\" target=\"_self\" >El tablero desapareci\u00f3, ahora el auto es una pantalla inteligente<\/a><\/h4><div class=\"pt-cv-meta-fields\"><span class=\"entry-date\"> <time datetime=\"2026-04-14T20:21:20+00:00\">abril 14, 2026<\/time><\/span><span> \/ <\/span><span class=\"author\"> <a href=\"https:\/\/garageblogec.com\/?author=6\" rel=\"author\">gabi1212<\/a><\/span><\/div><\/div><\/div>\n<div class=\" pt-cv-content-item pt-cv-1-col\" ><div class=\"pt-cv-thumb-wrapper  \"><a href=\"https:\/\/garageblogec.com\/?p=3291\" class=\"_self pt-cv-href-thumbnail pt-cv-thumb-default\" target=\"_self\" ><img loading=\"lazy\" decoding=\"async\" width=\"768\" height=\"432\" src=\"https:\/\/garageblogec.com\/wp-content\/uploads\/2026\/04\/WhatsApp-Image-2026-04-14-at-2.21.27-PM-768x432.jpeg\" class=\"pt-cv-thumbnail\" alt=\"\" \/><\/a><\/div>\n<div class=\"pt-cv-overlay-wrapper\"><div class=\"pt-cv-taxoterm above_title\"><a href='https:\/\/garageblogec.com\/?cat=27' title='Industria Nacional' class='pt-cv-tax-industria-nacional'>Industria Nacional<\/a><\/div><h4 class=\"pt-cv-title\"><a href=\"https:\/\/garageblogec.com\/?p=3291\" class=\"_self\" target=\"_self\" >Seguridad al volante en Ecuador: los errores m\u00e1s comunes que cometen los conductores<\/a><\/h4><div class=\"pt-cv-meta-fields\"><span class=\"entry-date\"> <time datetime=\"2026-04-14T20:08:54+00:00\">abril 14, 2026<\/time><\/span><span> \/ <\/span><span class=\"author\"> <a href=\"https:\/\/garageblogec.com\/?author=6\" rel=\"author\">gabi1212<\/a><\/span><\/div><\/div><\/div>\n<div class=\" pt-cv-content-item pt-cv-1-col\" ><div class=\"pt-cv-thumb-wrapper  \"><a href=\"https:\/\/garageblogec.com\/?p=3286\" class=\"_self pt-cv-href-thumbnail pt-cv-thumb-default\" target=\"_self\" ><img loading=\"lazy\" decoding=\"async\" width=\"768\" height=\"492\" src=\"https:\/\/garageblogec.com\/wp-content\/uploads\/2026\/04\/Posventa.jpg-768x492.jpeg\" class=\"pt-cv-thumbnail\" alt=\"\" \/><\/a><\/div>\n<div class=\"pt-cv-overlay-wrapper\"><div class=\"pt-cv-taxoterm above_title\"><a href='https:\/\/garageblogec.com\/?cat=27' title='Industria Nacional' class='pt-cv-tax-industria-nacional'>Industria Nacional<\/a><\/div><h4 class=\"pt-cv-title\"><a href=\"https:\/\/garageblogec.com\/?p=3286\" class=\"_self\" target=\"_self\" >Clientes Nissan reciben cambios de aceite infinitos<\/a><\/h4><div class=\"pt-cv-meta-fields\"><span class=\"entry-date\"> <time datetime=\"2026-04-14T20:04:08+00:00\">abril 14, 2026<\/time><\/span><span> \/ <\/span><span class=\"author\"> <a href=\"https:\/\/garageblogec.com\/?author=6\" rel=\"author\">gabi1212<\/a><\/span><\/div><\/div><\/div>\n<div class=\" pt-cv-content-item pt-cv-1-col\" ><div class=\"pt-cv-thumb-wrapper  \"><a href=\"https:\/\/garageblogec.com\/?p=3280\" class=\"_self pt-cv-href-thumbnail pt-cv-thumb-default\" target=\"_self\" ><img loading=\"lazy\" decoding=\"async\" width=\"768\" height=\"512\" src=\"https:\/\/garageblogec.com\/wp-content\/uploads\/2026\/04\/foto1-768x512.jpeg\" class=\"pt-cv-thumbnail\" alt=\"\" \/><\/a><\/div>\n<div class=\"pt-cv-overlay-wrapper\"><div class=\"pt-cv-taxoterm above_title\"><a href='https:\/\/garageblogec.com\/?cat=27' title='Industria Nacional' class='pt-cv-tax-industria-nacional'>Industria Nacional<\/a><\/div><h4 class=\"pt-cv-title\"><a href=\"https:\/\/garageblogec.com\/?p=3280\" class=\"_self\" target=\"_self\" >Movilidad como inversi\u00f3n: el uso de utilidades que crece en Ecuador<\/a><\/h4><div class=\"pt-cv-meta-fields\"><span class=\"entry-date\"> <time datetime=\"2026-04-07T19:55:36+00:00\">abril 7, 2026<\/time><\/span><span> \/ <\/span><span class=\"author\"> <a href=\"https:\/\/garageblogec.com\/?author=6\" rel=\"author\">gabi1212<\/a><\/span><\/div><\/div><\/div>\n<div class=\" pt-cv-content-item pt-cv-1-col\" ><div class=\"pt-cv-thumb-wrapper  \"><a href=\"https:\/\/garageblogec.com\/?p=3276\" class=\"_self pt-cv-href-thumbnail pt-cv-thumb-default\" target=\"_self\" ><img loading=\"lazy\" decoding=\"async\" width=\"745\" height=\"491\" src=\"https:\/\/garageblogec.com\/wp-content\/uploads\/2026\/04\/TT.png\" class=\"pt-cv-thumbnail\" alt=\"\" \/><\/a><\/div>\n<div class=\"pt-cv-overlay-wrapper\"><div class=\"pt-cv-taxoterm above_title\"><a href='https:\/\/garageblogec.com\/?cat=27' title='Industria Nacional' class='pt-cv-tax-industria-nacional'>Industria Nacional<\/a><\/div><h4 class=\"pt-cv-title\"><a href=\"https:\/\/garageblogec.com\/?p=3276\" class=\"_self\" target=\"_self\" >Lluvias en Ecuador: C\u00f3mo reducir riesgos en carretera y prevenir accidentes en calzada mojada<\/a><\/h4><div class=\"pt-cv-meta-fields\"><span class=\"entry-date\"> <time datetime=\"2026-04-07T19:46:52+00:00\">abril 7, 2026<\/time><\/span><span> \/ <\/span><span class=\"author\"> <a href=\"https:\/\/garageblogec.com\/?author=6\" rel=\"author\">gabi1212<\/a><\/span><\/div><\/div><\/div><\/div><\/div> <\/div> <style>\n#pt-cv-view-k5qz9cs0 .pt-cv-thumb-wrapper::before {background: rgba(0,0,0,.4); opacity: 0.8;}#pt-cv-view-k5qz9cs0 .pt-cv-overlay-wrapper {justify-content: center;}\n#pt-cv-view-k5qz9cs0 .pt-cv-meta-fields {  }#pt-cv-view-k5qz9cs0 .pt-cv-meta-fields * { font-size: 13px; }#pt-cv-view-k5qz9cs0 .pt-cv-title a { display: block; }#pt-cv-view-k5qz9cs0 .pt-cv-title:not(.pt-cv-titlesm) a { font-weight: 600;text-decoration: none;font-size: 20px; }#pt-cv-view-k5qz9cs0 .pt-cv-titlesm a { font-weight: 600;font-size: 18px; }#pt-cv-view-k5qz9cs0 .pt-cv-content { font-size: 15px; }#pt-cv-view-k5qz9cs0 .pt-cv-rmwrap {  }#pt-cv-view-k5qz9cs0 .pt-cv-readmore { color: #fff;background-color: #0075ff;font-size: 14px; }#pt-cv-view-k5qz9cs0 .pt-cv-taxoterm { margin: 0px 0px 20px 0px; }#pt-cv-view-k5qz9cs0 .pt-cv-taxoterm * { color: #222;background-color: #fff6f6;font-size: 14px; }#pt-cv-view-k5qz9cs0 + .pt-cv-pagination-wrapper {  }#pt-cv-view-k5qz9cs0 + .pt-cv-pagination-wrapper a { font-size: 14px; }#pt-cv-view-k5qz9cs0 > .pt-cv-page {grid-template-columns: repeat(3, 1fr);grid-auto-rows: 250px;grid-gap: 10px;}\n@media all and (max-width: 1024px) { \n#pt-cv-view-k5qz9cs0 > .pt-cv-page {}\n} \n@media all and (max-width: 767px) { \n#pt-cv-view-k5qz9cs0 > .pt-cv-page {grid-template-columns: repeat(1, 1fr);}\n} <\/style>","protected":false},"excerpt":{"rendered":"<p> Inchcape, representante exclusivo de Subaru en Ecuador, conmemor\u00f3 con entusiasmo el primer aniversario de la marca japonesa en el mercado ecuatoriano. La celebraci\u00f3n incluy\u00f3 un evento especial para medios<\/p>\n","protected":false},"author":6,"featured_media":1332,"comment_status":"open","ping_status":"open","sticky":false,"template":"","format":"standard","meta":{"_jetpack_memberships_contains_paid_content":false,"footnotes":""},"categories":[27],"tags":[],"class_list":["post-1329","post","type-post","status-publish","format-standard","has-post-thumbnail","hentry","category-industria-nacional"],"yoast_head":"<!-- This site is optimized with the Yoast SEO plugin v27.5 - https:\/\/yoast.com\/product\/yoast-seo-wordpress\/ -->\n<title>Inchcape celebra un a\u00f1o de \u00e9xitos con Subaru en Ecuador - Garage Blog Ecuador<\/title>\n<meta name=\"robots\" content=\"index, follow, max-snippet:-1, max-image-preview:large, max-video-preview:-1\" \/>\n<link rel=\"canonical\" href=\"https:\/\/garageblogec.com\/?p=1329\" \/>\n<meta property=\"og:locale\" content=\"es_ES\" \/>\n<meta property=\"og:type\" content=\"article\" \/>\n<meta property=\"og:title\" content=\"Inchcape celebra un a\u00f1o de \u00e9xitos con Subaru en Ecuador - Garage Blog Ecuador\" \/>\n<meta property=\"og:description\" content=\"Inchcape, representante exclusivo de Subaru en Ecuador, conmemor\u00f3 con entusiasmo el primer aniversario de la marca japonesa en el mercado ecuatoriano. La celebraci\u00f3n incluy\u00f3 un evento especial para medios\" \/>\n<meta property=\"og:url\" content=\"https:\/\/garageblogec.com\/?p=1329\" \/>\n<meta property=\"og:site_name\" content=\"Garage Blog Ecuador\" \/>\n<meta property=\"article:published_time\" content=\"2024-11-28T16:53:43+00:00\" \/>\n<meta property=\"article:modified_time\" content=\"2024-11-28T16:53:46+00:00\" \/>\n<meta property=\"og:image\" content=\"https:\/\/garageblogec.com\/wp-content\/uploads\/2024\/11\/DSC07745-scaled.jpg\" \/>\n\t<meta property=\"og:image:width\" content=\"2560\" \/>\n\t<meta property=\"og:image:height\" content=\"1809\" \/>\n\t<meta property=\"og:image:type\" content=\"image\/jpeg\" \/>\n<meta name=\"author\" content=\"gabi1212\" \/>\n<meta name=\"twitter:card\" content=\"summary_large_image\" \/>\n<meta name=\"twitter:label1\" content=\"Escrito por\" \/>\n\t<meta name=\"twitter:data1\" content=\"gabi1212\" \/>\n\t<meta name=\"twitter:label2\" content=\"Tiempo de lectura\" \/>\n\t<meta name=\"twitter:data2\" content=\"3 minutos\" \/>\n<script type=\"application\/ld+json\" class=\"yoast-schema-graph\">{\"@context\":\"https:\\\/\\\/schema.org\",\"@graph\":[{\"@type\":\"Article\",\"@id\":\"https:\\\/\\\/garageblogec.com\\\/?p=1329#article\",\"isPartOf\":{\"@id\":\"https:\\\/\\\/garageblogec.com\\\/?p=1329\"},\"author\":{\"name\":\"gabi1212\",\"@id\":\"https:\\\/\\\/garageblogec.com\\\/#\\\/schema\\\/person\\\/635f4b76c0cb3e43b82fe6f7d8bcceea\"},\"headline\":\"Inchcape celebra un a\u00f1o de \u00e9xitos con Subaru en Ecuador\",\"datePublished\":\"2024-11-28T16:53:43+00:00\",\"dateModified\":\"2024-11-28T16:53:46+00:00\",\"mainEntityOfPage\":{\"@id\":\"https:\\\/\\\/garageblogec.com\\\/?p=1329\"},\"wordCount\":380,\"commentCount\":0,\"publisher\":{\"@id\":\"https:\\\/\\\/garageblogec.com\\\/#organization\"},\"image\":{\"@id\":\"https:\\\/\\\/garageblogec.com\\\/?p=1329#primaryimage\"},\"thumbnailUrl\":\"https:\\\/\\\/garageblogec.com\\\/wp-content\\\/uploads\\\/2024\\\/11\\\/DSC07745-scaled.jpg\",\"articleSection\":[\"Industria Nacional\"],\"inLanguage\":\"es\",\"potentialAction\":[{\"@type\":\"CommentAction\",\"name\":\"Comment\",\"target\":[\"https:\\\/\\\/garageblogec.com\\\/?p=1329#respond\"]}]},{\"@type\":\"WebPage\",\"@id\":\"https:\\\/\\\/garageblogec.com\\\/?p=1329\",\"url\":\"https:\\\/\\\/garageblogec.com\\\/?p=1329\",\"name\":\"Inchcape celebra un a\u00f1o de \u00e9xitos con Subaru en Ecuador - Garage Blog Ecuador\",\"isPartOf\":{\"@id\":\"https:\\\/\\\/garageblogec.com\\\/#website\"},\"primaryImageOfPage\":{\"@id\":\"https:\\\/\\\/garageblogec.com\\\/?p=1329#primaryimage\"},\"image\":{\"@id\":\"https:\\\/\\\/garageblogec.com\\\/?p=1329#primaryimage\"},\"thumbnailUrl\":\"https:\\\/\\\/garageblogec.com\\\/wp-content\\\/uploads\\\/2024\\\/11\\\/DSC07745-scaled.jpg\",\"datePublished\":\"2024-11-28T16:53:43+00:00\",\"dateModified\":\"2024-11-28T16:53:46+00:00\",\"breadcrumb\":{\"@id\":\"https:\\\/\\\/garageblogec.com\\\/?p=1329#breadcrumb\"},\"inLanguage\":\"es\",\"potentialAction\":[{\"@type\":\"ReadAction\",\"target\":[\"https:\\\/\\\/garageblogec.com\\\/?p=1329\"]}]},{\"@type\":\"ImageObject\",\"inLanguage\":\"es\",\"@id\":\"https:\\\/\\\/garageblogec.com\\\/?p=1329#primaryimage\",\"url\":\"https:\\\/\\\/garageblogec.com\\\/wp-content\\\/uploads\\\/2024\\\/11\\\/DSC07745-scaled.jpg\",\"contentUrl\":\"https:\\\/\\\/garageblogec.com\\\/wp-content\\\/uploads\\\/2024\\\/11\\\/DSC07745-scaled.jpg\",\"width\":2560,\"height\":1809},{\"@type\":\"BreadcrumbList\",\"@id\":\"https:\\\/\\\/garageblogec.com\\\/?p=1329#breadcrumb\",\"itemListElement\":[{\"@type\":\"ListItem\",\"position\":1,\"name\":\"Portada\",\"item\":\"https:\\\/\\\/garageblogec.com\\\/\"},{\"@type\":\"ListItem\",\"position\":2,\"name\":\"Inchcape celebra un a\u00f1o de \u00e9xitos con Subaru en Ecuador\"}]},{\"@type\":\"WebSite\",\"@id\":\"https:\\\/\\\/garageblogec.com\\\/#website\",\"url\":\"https:\\\/\\\/garageblogec.com\\\/\",\"name\":\"Garage Blog Ecuador\",\"description\":\"Alucinamos por los autos \",\"publisher\":{\"@id\":\"https:\\\/\\\/garageblogec.com\\\/#organization\"},\"potentialAction\":[{\"@type\":\"SearchAction\",\"target\":{\"@type\":\"EntryPoint\",\"urlTemplate\":\"https:\\\/\\\/garageblogec.com\\\/?s={search_term_string}\"},\"query-input\":{\"@type\":\"PropertyValueSpecification\",\"valueRequired\":true,\"valueName\":\"search_term_string\"}}],\"inLanguage\":\"es\"},{\"@type\":\"Organization\",\"@id\":\"https:\\\/\\\/garageblogec.com\\\/#organization\",\"name\":\"Garage Blog Ecuador\",\"url\":\"https:\\\/\\\/garageblogec.com\\\/\",\"logo\":{\"@type\":\"ImageObject\",\"inLanguage\":\"es\",\"@id\":\"https:\\\/\\\/garageblogec.com\\\/#\\\/schema\\\/logo\\\/image\\\/\",\"url\":\"https:\\\/\\\/garageblogec.com\\\/wp-content\\\/uploads\\\/2024\\\/02\\\/cropped-logo-png-para-blog.webp\",\"contentUrl\":\"https:\\\/\\\/garageblogec.com\\\/wp-content\\\/uploads\\\/2024\\\/02\\\/cropped-logo-png-para-blog.webp\",\"width\":840,\"height\":556,\"caption\":\"Garage Blog Ecuador \"},\"image\":{\"@id\":\"https:\\\/\\\/garageblogec.com\\\/#\\\/schema\\\/logo\\\/image\\\/\"}},{\"@type\":\"Person\",\"@id\":\"https:\\\/\\\/garageblogec.com\\\/#\\\/schema\\\/person\\\/635f4b76c0cb3e43b82fe6f7d8bcceea\",\"name\":\"gabi1212\",\"image\":{\"@type\":\"ImageObject\",\"inLanguage\":\"es\",\"@id\":\"https:\\\/\\\/secure.gravatar.com\\\/avatar\\\/6aa491f45cb359d4d6dd8c430e83f78899c80569c27d21156e19bbdcd31d1811?s=96&d=mm&r=g\",\"url\":\"https:\\\/\\\/secure.gravatar.com\\\/avatar\\\/6aa491f45cb359d4d6dd8c430e83f78899c80569c27d21156e19bbdcd31d1811?s=96&d=mm&r=g\",\"contentUrl\":\"https:\\\/\\\/secure.gravatar.com\\\/avatar\\\/6aa491f45cb359d4d6dd8c430e83f78899c80569c27d21156e19bbdcd31d1811?s=96&d=mm&r=g\",\"caption\":\"gabi1212\"},\"url\":\"https:\\\/\\\/garageblogec.com\\\/?author=6\"}]}<\/script>\n<!-- \/ Yoast SEO plugin. -->","yoast_head_json":{"title":"Inchcape celebra un a\u00f1o de \u00e9xitos con Subaru en Ecuador - Garage Blog Ecuador","robots":{"index":"index","follow":"follow","max-snippet":"max-snippet:-1","max-image-preview":"max-image-preview:large","max-video-preview":"max-video-preview:-1"},"canonical":"https:\/\/garageblogec.com\/?p=1329","og_locale":"es_ES","og_type":"article","og_title":"Inchcape celebra un a\u00f1o de \u00e9xitos con Subaru en Ecuador - Garage Blog Ecuador","og_description":"Inchcape, representante exclusivo de Subaru en Ecuador, conmemor\u00f3 con entusiasmo el primer aniversario de la marca japonesa en el mercado ecuatoriano. La celebraci\u00f3n incluy\u00f3 un evento especial para medios","og_url":"https:\/\/garageblogec.com\/?p=1329","og_site_name":"Garage Blog Ecuador","article_published_time":"2024-11-28T16:53:43+00:00","article_modified_time":"2024-11-28T16:53:46+00:00","og_image":[{"width":2560,"height":1809,"url":"https:\/\/garageblogec.com\/wp-content\/uploads\/2024\/11\/DSC07745-scaled.jpg","type":"image\/jpeg"}],"author":"gabi1212","twitter_card":"summary_large_image","twitter_misc":{"Escrito por":"gabi1212","Tiempo de lectura":"3 minutos"},"schema":{"@context":"https:\/\/schema.org","@graph":[{"@type":"Article","@id":"https:\/\/garageblogec.com\/?p=1329#article","isPartOf":{"@id":"https:\/\/garageblogec.com\/?p=1329"},"author":{"name":"gabi1212","@id":"https:\/\/garageblogec.com\/#\/schema\/person\/635f4b76c0cb3e43b82fe6f7d8bcceea"},"headline":"Inchcape celebra un a\u00f1o de \u00e9xitos con Subaru en Ecuador","datePublished":"2024-11-28T16:53:43+00:00","dateModified":"2024-11-28T16:53:46+00:00","mainEntityOfPage":{"@id":"https:\/\/garageblogec.com\/?p=1329"},"wordCount":380,"commentCount":0,"publisher":{"@id":"https:\/\/garageblogec.com\/#organization"},"image":{"@id":"https:\/\/garageblogec.com\/?p=1329#primaryimage"},"thumbnailUrl":"https:\/\/garageblogec.com\/wp-content\/uploads\/2024\/11\/DSC07745-scaled.jpg","articleSection":["Industria Nacional"],"inLanguage":"es","potentialAction":[{"@type":"CommentAction","name":"Comment","target":["https:\/\/garageblogec.com\/?p=1329#respond"]}]},{"@type":"WebPage","@id":"https:\/\/garageblogec.com\/?p=1329","url":"https:\/\/garageblogec.com\/?p=1329","name":"Inchcape celebra un a\u00f1o de \u00e9xitos con Subaru en Ecuador - Garage Blog Ecuador","isPartOf":{"@id":"https:\/\/garageblogec.com\/#website"},"primaryImageOfPage":{"@id":"https:\/\/garageblogec.com\/?p=1329#primaryimage"},"image":{"@id":"https:\/\/garageblogec.com\/?p=1329#primaryimage"},"thumbnailUrl":"https:\/\/garageblogec.com\/wp-content\/uploads\/2024\/11\/DSC07745-scaled.jpg","datePublished":"2024-11-28T16:53:43+00:00","dateModified":"2024-11-28T16:53:46+00:00","breadcrumb":{"@id":"https:\/\/garageblogec.com\/?p=1329#breadcrumb"},"inLanguage":"es","potentialAction":[{"@type":"ReadAction","target":["https:\/\/garageblogec.com\/?p=1329"]}]},{"@type":"ImageObject","inLanguage":"es","@id":"https:\/\/garageblogec.com\/?p=1329#primaryimage","url":"https:\/\/garageblogec.com\/wp-content\/uploads\/2024\/11\/DSC07745-scaled.jpg","contentUrl":"https:\/\/garageblogec.com\/wp-content\/uploads\/2024\/11\/DSC07745-scaled.jpg","width":2560,"height":1809},{"@type":"BreadcrumbList","@id":"https:\/\/garageblogec.com\/?p=1329#breadcrumb","itemListElement":[{"@type":"ListItem","position":1,"name":"Portada","item":"https:\/\/garageblogec.com\/"},{"@type":"ListItem","position":2,"name":"Inchcape celebra un a\u00f1o de \u00e9xitos con Subaru en Ecuador"}]},{"@type":"WebSite","@id":"https:\/\/garageblogec.com\/#website","url":"https:\/\/garageblogec.com\/","name":"Garage Blog Ecuador","description":"Alucinamos por los autos ","publisher":{"@id":"https:\/\/garageblogec.com\/#organization"},"potentialAction":[{"@type":"SearchAction","target":{"@type":"EntryPoint","urlTemplate":"https:\/\/garageblogec.com\/?s={search_term_string}"},"query-input":{"@type":"PropertyValueSpecification","valueRequired":true,"valueName":"search_term_string"}}],"inLanguage":"es"},{"@type":"Organization","@id":"https:\/\/garageblogec.com\/#organization","name":"Garage Blog Ecuador","url":"https:\/\/garageblogec.com\/","logo":{"@type":"ImageObject","inLanguage":"es","@id":"https:\/\/garageblogec.com\/#\/schema\/logo\/image\/","url":"https:\/\/garageblogec.com\/wp-content\/uploads\/2024\/02\/cropped-logo-png-para-blog.webp","contentUrl":"https:\/\/garageblogec.com\/wp-content\/uploads\/2024\/02\/cropped-logo-png-para-blog.webp","width":840,"height":556,"caption":"Garage Blog Ecuador "},"image":{"@id":"https:\/\/garageblogec.com\/#\/schema\/logo\/image\/"}},{"@type":"Person","@id":"https:\/\/garageblogec.com\/#\/schema\/person\/635f4b76c0cb3e43b82fe6f7d8bcceea","name":"gabi1212","image":{"@type":"ImageObject","inLanguage":"es","@id":"https:\/\/secure.gravatar.com\/avatar\/6aa491f45cb359d4d6dd8c430e83f78899c80569c27d21156e19bbdcd31d1811?s=96&d=mm&r=g","url":"https:\/\/secure.gravatar.com\/avatar\/6aa491f45cb359d4d6dd8c430e83f78899c80569c27d21156e19bbdcd31d1811?s=96&d=mm&r=g","contentUrl":"https:\/\/secure.gravatar.com\/avatar\/6aa491f45cb359d4d6dd8c430e83f78899c80569c27d21156e19bbdcd31d1811?s=96&d=mm&r=g","caption":"gabi1212"},"url":"https:\/\/garageblogec.com\/?author=6"}]}},"jetpack_featured_media_url":"https:\/\/garageblogec.com\/wp-content\/uploads\/2024\/11\/DSC07745-scaled.jpg","jetpack_sharing_enabled":true,"_links":{"self":[{"href":"https:\/\/garageblogec.com\/index.php?rest_route=\/wp\/v2\/posts\/1329","targetHints":{"allow":["GET"]}}],"collection":[{"href":"https:\/\/garageblogec.com\/index.php?rest_route=\/wp\/v2\/posts"}],"about":[{"href":"https:\/\/garageblogec.com\/index.php?rest_route=\/wp\/v2\/types\/post"}],"author":[{"embeddable":true,"href":"https:\/\/garageblogec.com\/index.php?rest_route=\/wp\/v2\/users\/6"}],"replies":[{"embeddable":true,"href":"https:\/\/garageblogec.com\/index.php?rest_route=%2Fwp%2Fv2%2Fcomments&post=1329"}],"version-history":[{"count":1,"href":"https:\/\/garageblogec.com\/index.php?rest_route=\/wp\/v2\/posts\/1329\/revisions"}],"predecessor-version":[{"id":1333,"href":"https:\/\/garageblogec.com\/index.php?rest_route=\/wp\/v2\/posts\/1329\/revisions\/1333"}],"wp:featuredmedia":[{"embeddable":true,"href":"https:\/\/garageblogec.com\/index.php?rest_route=\/wp\/v2\/media\/1332"}],"wp:attachment":[{"href":"https:\/\/garageblogec.com\/index.php?rest_route=%2Fwp%2Fv2%2Fmedia&parent=1329"}],"wp:term":[{"taxonomy":"category","embeddable":true,"href":"https:\/\/garageblogec.com\/index.php?rest_route=%2Fwp%2Fv2%2Fcategories&post=1329"},{"taxonomy":"post_tag","embeddable":true,"href":"https:\/\/garageblogec.com\/index.php?rest_route=%2Fwp%2Fv2%2Ftags&post=1329"}],"curies":[{"name":"wp","href":"https:\/\/api.w.org\/{rel}","templated":true}]}}