{"id":1317,"date":"2024-11-26T14:35:45","date_gmt":"2024-11-26T14:35:45","guid":{"rendered":"https:\/\/garageblogec.com\/?p=1317"},"modified":"2024-11-26T14:35:48","modified_gmt":"2024-11-26T14:35:48","slug":"toyota-confirma-oficialmente-el-regreso-del-celica","status":"publish","type":"post","link":"https:\/\/garageblogec.com\/?p=1317","title":{"rendered":"Toyota confirma oficialmente el regreso del Celica"},"content":{"rendered":"\n<p>Tras\u00a0a\u00f1os de rumores persistentes y titulares especulativos\u00a0, Toyota finalmente ha confirmado que el Celica volver\u00e1 a aparecer. El anuncio lo hizo nada menos que el vicepresidente ejecutivo de Toyota, Yuki Nakajima, durante un evento p\u00fablico en el Estadio Toyota en el marco del Rally de Jap\u00f3n.<\/p>\n\n\n\n<figure class=\"wp-block-image size-large\"><img decoding=\"async\" src=\"https:\/\/www.carscoops.com\/wp-content\/uploads\/webp\/2024\/11\/Toyota-Celica-main-1536x863.webp\" alt=\"\"\/><\/figure>\n\n\n\n<p>La confirmaci\u00f3n fue algo as\u00ed como una revelaci\u00f3n improvisada. Cuando se le pregunt\u00f3 directamente al presidente\u00a0de Toyota,\u00a0Akio Toyoda, sobre la posibilidad de un nuevo Celica, evadi\u00f3 la pregunta con picard\u00eda y la redirigi\u00f3 a Nakajima.<\/p>\n\n\n\n<p>Seg\u00fan el medio japon\u00e9s\u00a0<em>Best Car<\/em>\u00a0, Nakajima respondi\u00f3: \u201cPara ser honesto, no hay se\u00f1ales de eso en este momento. Sin embargo, hay muchas personas dentro de la empresa que esperan ansiosamente el Celica. As\u00ed que\u2026 no estoy seguro de si est\u00e1 bien decir esto en un foro p\u00fablico, \u00a1pero estamos haciendo el Celica!\u201d.<\/p>\n\n\n\n<figure class=\"wp-block-image size-large\"><a href=\"https:\/\/www.kia.com\/ec\/showroom\/sonet\/features.html\"><img fetchpriority=\"high\" decoding=\"async\" width=\"1024\" height=\"284\" src=\"https:\/\/garageblogec.com\/wp-content\/uploads\/2024\/10\/1080X300-1-1024x284.jpg\" alt=\"\" class=\"wp-image-1198\" srcset=\"https:\/\/garageblogec.com\/wp-content\/uploads\/2024\/10\/1080X300-1-1024x284.jpg 1024w, https:\/\/garageblogec.com\/wp-content\/uploads\/2024\/10\/1080X300-1-300x83.jpg 300w, https:\/\/garageblogec.com\/wp-content\/uploads\/2024\/10\/1080X300-1-768x213.jpg 768w, https:\/\/garageblogec.com\/wp-content\/uploads\/2024\/10\/1080X300-1.jpg 1080w\" sizes=\"(max-width: 1024px) 100vw, 1024px\" \/><\/a><\/figure>\n\n\n\n<p><strong>Una confirmaci\u00f3n cautelosa (pero provocativa)<\/strong><\/p>\n\n\n\n<p>Aunque la declaraci\u00f3n de Nakajima parec\u00eda definitiva, Akio Toyoda habr\u00eda a\u00f1adido una nota de precauci\u00f3n: \u201c\u00bfEst\u00e1 todo bien? Hay muchas dificultades. Best Car escribi\u00f3 que Toyota est\u00e1 fabricando el\u00a0Celica\u00a0, pero no deber\u00edais creerlo\u201d. Sin perder el ritmo, Nakajima recuper\u00f3 el micr\u00f3fono con una respuesta juguetona: \u201cNo han dicho cu\u00e1ndo se lanzar\u00e1, as\u00ed que podr\u00eda ser el a\u00f1o que viene\u201d.<\/p>\n\n\n\n<p>Tambi\u00e9n nos comunicamos con Toyota para solicitar comentarios y actualizaremos esta historia si responden.<\/p>\n\n\n\n<figure class=\"wp-block-image size-large\"><img decoding=\"async\" src=\"https:\/\/www.carscoops.com\/wp-content\/uploads\/webp\/2022\/02\/Toyota-Celica.webp\" alt=\"\"\/><\/figure>\n\n\n\n<p>El Celica ha mantenido una presencia constante en la gama de Toyota desde 1970 hasta 2006, a lo largo de siete generaciones. Seg\u00fan rumores no confirmados procedentes de Jap\u00f3n, el modelo de octava generaci\u00f3n podr\u00eda aparecer en el\u00a0Sal\u00f3n del Autom\u00f3vil de Tokio\u00a0de 2025. Sin embargo, existe la posibilidad de que este debut se produzca en forma de un concept car en lugar de un modelo de producci\u00f3n final.<\/p>\n\n\n\n<p><strong>Pistas a simple vista<\/strong><\/p>\n\n\n\n<p>Curiosamente, Toyota podr\u00eda haber dejado caer pistas sobre el regreso del Celica semanas antes de esta revelaci\u00f3n. Como parte de la serie de anime GRIP, apareci\u00f3 un avance que mostraba un tablero en el fondo, que parec\u00eda delinear la futura l\u00ednea de autos deportivos de Toyota. El tablero enumeraba actualizaciones de modelos intrigantes: Supra MK6, Celica MK8, MR2 MK4, GR 86 MK3 y GR GT3.<\/p>\n\n\n\n<figure class=\"wp-block-image size-large\"><img decoding=\"async\" src=\"https:\/\/www.carscoops.com\/wp-content\/uploads\/webp\/2024\/11\/Toyota-Animation-Future-Sportscar-Teaser-3-1536x863.webp\" alt=\"\"\/><\/figure>\n\n\n\n<p><strong>Especulaci\u00f3n sobre el GR 86 con turbocompresor<\/strong><\/p>\n\n\n\n<p>Durante el evento en el Toyota Stadium, el Celica no fue el \u00fanico tema que atrajo la atenci\u00f3n. Un miembro de la audiencia pregunt\u00f3 sobre la pr\u00f3xima generaci\u00f3n\u00a0del GR86\u00a0, espec\u00edficamente si mantendr\u00e1 su dise\u00f1o de motor delantero y tracci\u00f3n trasera y posiblemente incorporar\u00e1 un tren motriz turboalimentado. Kazuya Oshima, un piloto del GR86 de Toyota en la Super Taikyu Series, respondi\u00f3 cr\u00edpticamente: \u00abEstamos trabajando en muchas cosas para el futuro de la marca. El desarrollo se est\u00e1 llevando a cabo principalmente en el circuito\u00bb.<\/p>\n\n\n\n<p>El vicepresidente Nakajima revel\u00f3 que cuando le pregunt\u00f3 a Akio Toyoda cu\u00e1l era su motor favorito, el presidente sorprendentemente mencion\u00f3 el motor boxer de Subaru y el motor rotativo de Mazda, evitando elegir uno de la propia gama de Toyota. Esta declaraci\u00f3n da a entender que los ingenieros de Toyota est\u00e1n trabajando arduamente en el desarrollo de un nuevo sistema de propulsi\u00f3n que, como dijo el propio Toyoda, \u00abMorizo \u200b\u200bquerr\u00e1 dejar atr\u00e1s\u00bb.<\/p>\n\n\n\n<figure class=\"wp-block-image size-large\"><img decoding=\"async\" src=\"https:\/\/www.carscoops.com\/wp-content\/uploads\/webp\/2018\/09\/b92b1334-toyota-celica-4.webp\" alt=\"\"\/><\/figure>\n\n\n\n<p>Toyota ha sido refrescantemente transparente acerca de su estrategia de motores con visi\u00f3n de futuro. A principios de este a\u00f1o, la compa\u00f1\u00eda anunci\u00f3 que est\u00e1\u00a0desarrollando nuevos motores de 1.5 litros y 2.0 litros\u00a0dise\u00f1ados para adaptarse a la electrificaci\u00f3n y los combustibles alternativos. Esta iniciativa es parte de un esfuerzo de colaboraci\u00f3n con Subaru y Mazda para asegurar el futuro del motor de combusti\u00f3n interna (ICE). Entre ellos, el motor de cuatro cilindros de 2.0 litros turboalimentado se destaca como un fuerte contendiente para el nuevo Celica. En su configuraci\u00f3n de alto rendimiento, se espera que genere unos impresionantes 400 hp (298 kW \/ 406 PS).<\/p>\n\n\n\n<p><strong>Dedos cruzados<\/strong><\/p>\n\n\n\n<p>Con el regreso del Celica, los indicios divertidos de un renacimiento del MR2 y las actualizaciones que se avecinan para el GR86, Toyota parece ansiosa por revivir sus d\u00edas de gloria como auto deportivo. Esperemos que no todo sea humo y espejos.<\/p>\n\n\n<div class='pt-cv-wrapper'> <h3 class='pt-cv-heading-container heading1' data-blockid='arugpvzf'><span class='pt-cv-heading'> Overlay1 <\/span><\/h3><div class=\"pt-cv-view pt-cv-overlaygrid iscvblock iscvreal overlay1 layout1\" id=\"pt-cv-view-arugpvzf\"><div data-id=\"pt-cv-page-1\" class=\"pt-cv-page\" data-cvc=\"3\"><div class=\" pt-cv-content-item pt-cv-1-col\" ><div class=\"pt-cv-thumb-wrapper  \"><a href=\"https:\/\/garageblogec.com\/?p=3303\" class=\"_self pt-cv-href-thumbnail pt-cv-thumb-default\" target=\"_self\" ><img decoding=\"async\" width=\"768\" height=\"432\" src=\"https:\/\/garageblogec.com\/wp-content\/uploads\/2026\/04\/WhatsApp-Image-2026-04-21-at-1.52.53-PM-768x432.jpeg\" class=\"pt-cv-thumbnail\" alt=\"\" \/><\/a><\/div>\n<div class=\"pt-cv-overlay-wrapper\"><div class=\"pt-cv-taxoterm above_title\"><a href='https:\/\/garageblogec.com\/?cat=27' title='Industria Nacional' class='pt-cv-tax-industria-nacional'>Industria Nacional<\/a><\/div><h4 class=\"pt-cv-title\"><a href=\"https:\/\/garageblogec.com\/?p=3303\" class=\"_self\" target=\"_self\" >Grupo Ambacar presenta en Guayaquil KGM, su nueva marca de SUV h\u00edbridos con respaldo global<\/a><\/h4><div class=\"pt-cv-meta-fields\"><span class=\"entry-date\"> <time datetime=\"2026-04-21T21:37:24+00:00\">abril 21, 2026<\/time><\/span><span> \/ <\/span><span class=\"author\"> <a href=\"https:\/\/garageblogec.com\/?author=6\" rel=\"author\">gabi1212<\/a><\/span><\/div><\/div><\/div>\n<div class=\" pt-cv-content-item pt-cv-1-col\" ><div class=\"pt-cv-thumb-wrapper  \"><a href=\"https:\/\/garageblogec.com\/?p=3296\" class=\"_self pt-cv-href-thumbnail pt-cv-thumb-default\" target=\"_self\" ><img decoding=\"async\" width=\"768\" height=\"432\" src=\"https:\/\/garageblogec.com\/wp-content\/uploads\/2026\/04\/WhatsApp-Image-2026-04-14-at-3.15.09-PM-768x432.jpeg\" class=\"pt-cv-thumbnail\" alt=\"\" \/><\/a><\/div>\n<div class=\"pt-cv-overlay-wrapper\"><div class=\"pt-cv-taxoterm above_title\"><a href='https:\/\/garageblogec.com\/?cat=27' title='Industria Nacional' class='pt-cv-tax-industria-nacional'>Industria Nacional<\/a><\/div><h4 class=\"pt-cv-title\"><a href=\"https:\/\/garageblogec.com\/?p=3296\" class=\"_self\" target=\"_self\" >El tablero desapareci\u00f3, ahora el auto es una pantalla inteligente<\/a><\/h4><div class=\"pt-cv-meta-fields\"><span class=\"entry-date\"> <time datetime=\"2026-04-14T20:21:20+00:00\">abril 14, 2026<\/time><\/span><span> \/ <\/span><span class=\"author\"> <a href=\"https:\/\/garageblogec.com\/?author=6\" rel=\"author\">gabi1212<\/a><\/span><\/div><\/div><\/div>\n<div class=\" pt-cv-content-item pt-cv-1-col\" ><div class=\"pt-cv-thumb-wrapper  \"><a href=\"https:\/\/garageblogec.com\/?p=3291\" class=\"_self pt-cv-href-thumbnail pt-cv-thumb-default\" target=\"_self\" ><img loading=\"lazy\" decoding=\"async\" width=\"768\" height=\"432\" src=\"https:\/\/garageblogec.com\/wp-content\/uploads\/2026\/04\/WhatsApp-Image-2026-04-14-at-2.21.27-PM-768x432.jpeg\" class=\"pt-cv-thumbnail\" alt=\"\" \/><\/a><\/div>\n<div class=\"pt-cv-overlay-wrapper\"><div class=\"pt-cv-taxoterm above_title\"><a href='https:\/\/garageblogec.com\/?cat=27' title='Industria Nacional' class='pt-cv-tax-industria-nacional'>Industria Nacional<\/a><\/div><h4 class=\"pt-cv-title\"><a href=\"https:\/\/garageblogec.com\/?p=3291\" class=\"_self\" target=\"_self\" >Seguridad al volante en Ecuador: los errores m\u00e1s comunes que cometen los conductores<\/a><\/h4><div class=\"pt-cv-meta-fields\"><span class=\"entry-date\"> <time datetime=\"2026-04-14T20:08:54+00:00\">abril 14, 2026<\/time><\/span><span> \/ <\/span><span class=\"author\"> <a href=\"https:\/\/garageblogec.com\/?author=6\" rel=\"author\">gabi1212<\/a><\/span><\/div><\/div><\/div>\n<div class=\" pt-cv-content-item pt-cv-1-col\" ><div class=\"pt-cv-thumb-wrapper  \"><a href=\"https:\/\/garageblogec.com\/?p=3286\" class=\"_self pt-cv-href-thumbnail pt-cv-thumb-default\" target=\"_self\" ><img loading=\"lazy\" decoding=\"async\" width=\"768\" height=\"492\" src=\"https:\/\/garageblogec.com\/wp-content\/uploads\/2026\/04\/Posventa.jpg-768x492.jpeg\" class=\"pt-cv-thumbnail\" alt=\"\" \/><\/a><\/div>\n<div class=\"pt-cv-overlay-wrapper\"><div class=\"pt-cv-taxoterm above_title\"><a href='https:\/\/garageblogec.com\/?cat=27' title='Industria Nacional' class='pt-cv-tax-industria-nacional'>Industria Nacional<\/a><\/div><h4 class=\"pt-cv-title\"><a href=\"https:\/\/garageblogec.com\/?p=3286\" class=\"_self\" target=\"_self\" >Clientes Nissan reciben cambios de aceite infinitos<\/a><\/h4><div class=\"pt-cv-meta-fields\"><span class=\"entry-date\"> <time datetime=\"2026-04-14T20:04:08+00:00\">abril 14, 2026<\/time><\/span><span> \/ <\/span><span class=\"author\"> <a href=\"https:\/\/garageblogec.com\/?author=6\" rel=\"author\">gabi1212<\/a><\/span><\/div><\/div><\/div>\n<div class=\" pt-cv-content-item pt-cv-1-col\" ><div class=\"pt-cv-thumb-wrapper  \"><a href=\"https:\/\/garageblogec.com\/?p=3280\" class=\"_self pt-cv-href-thumbnail pt-cv-thumb-default\" target=\"_self\" ><img loading=\"lazy\" decoding=\"async\" width=\"768\" height=\"512\" src=\"https:\/\/garageblogec.com\/wp-content\/uploads\/2026\/04\/foto1-768x512.jpeg\" class=\"pt-cv-thumbnail\" alt=\"\" \/><\/a><\/div>\n<div class=\"pt-cv-overlay-wrapper\"><div class=\"pt-cv-taxoterm above_title\"><a href='https:\/\/garageblogec.com\/?cat=27' title='Industria Nacional' class='pt-cv-tax-industria-nacional'>Industria Nacional<\/a><\/div><h4 class=\"pt-cv-title\"><a href=\"https:\/\/garageblogec.com\/?p=3280\" class=\"_self\" target=\"_self\" >Movilidad como inversi\u00f3n: el uso de utilidades que crece en Ecuador<\/a><\/h4><div class=\"pt-cv-meta-fields\"><span class=\"entry-date\"> <time datetime=\"2026-04-07T19:55:36+00:00\">abril 7, 2026<\/time><\/span><span> \/ <\/span><span class=\"author\"> <a href=\"https:\/\/garageblogec.com\/?author=6\" rel=\"author\">gabi1212<\/a><\/span><\/div><\/div><\/div>\n<div class=\" pt-cv-content-item pt-cv-1-col\" ><div class=\"pt-cv-thumb-wrapper  \"><a href=\"https:\/\/garageblogec.com\/?p=3276\" class=\"_self pt-cv-href-thumbnail pt-cv-thumb-default\" target=\"_self\" ><img loading=\"lazy\" decoding=\"async\" width=\"745\" height=\"491\" src=\"https:\/\/garageblogec.com\/wp-content\/uploads\/2026\/04\/TT.png\" class=\"pt-cv-thumbnail\" alt=\"\" \/><\/a><\/div>\n<div class=\"pt-cv-overlay-wrapper\"><div class=\"pt-cv-taxoterm above_title\"><a href='https:\/\/garageblogec.com\/?cat=27' title='Industria Nacional' class='pt-cv-tax-industria-nacional'>Industria Nacional<\/a><\/div><h4 class=\"pt-cv-title\"><a href=\"https:\/\/garageblogec.com\/?p=3276\" class=\"_self\" target=\"_self\" >Lluvias en Ecuador: C\u00f3mo reducir riesgos en carretera y prevenir accidentes en calzada mojada<\/a><\/h4><div class=\"pt-cv-meta-fields\"><span class=\"entry-date\"> <time datetime=\"2026-04-07T19:46:52+00:00\">abril 7, 2026<\/time><\/span><span> \/ <\/span><span class=\"author\"> <a href=\"https:\/\/garageblogec.com\/?author=6\" rel=\"author\">gabi1212<\/a><\/span><\/div><\/div><\/div><\/div><\/div> <\/div> <style>\n#pt-cv-view-arugpvzf .pt-cv-thumb-wrapper::before {background: rgba(0,0,0,.4); opacity: 0.8;}#pt-cv-view-arugpvzf .pt-cv-overlay-wrapper {justify-content: center;}\n#pt-cv-view-arugpvzf .pt-cv-meta-fields {  }#pt-cv-view-arugpvzf .pt-cv-meta-fields * { font-size: 13px; }#pt-cv-view-arugpvzf .pt-cv-title a { display: block; }#pt-cv-view-arugpvzf .pt-cv-title:not(.pt-cv-titlesm) a { font-weight: 600;text-decoration: none;font-size: 20px; }#pt-cv-view-arugpvzf .pt-cv-titlesm a { font-weight: 600;font-size: 18px; }#pt-cv-view-arugpvzf .pt-cv-content { font-size: 15px; }#pt-cv-view-arugpvzf .pt-cv-rmwrap {  }#pt-cv-view-arugpvzf .pt-cv-readmore { color: #fff;background-color: #0075ff;font-size: 14px; }#pt-cv-view-arugpvzf .pt-cv-taxoterm { margin: 0px 0px 20px 0px; }#pt-cv-view-arugpvzf .pt-cv-taxoterm * { color: #222;background-color: #fff6f6;font-size: 14px; }#pt-cv-view-arugpvzf + .pt-cv-pagination-wrapper {  }#pt-cv-view-arugpvzf + .pt-cv-pagination-wrapper a { font-size: 14px; }#pt-cv-view-arugpvzf > .pt-cv-page {grid-template-columns: repeat(3, 1fr);grid-auto-rows: 250px;grid-gap: 10px;}\n@media all and (max-width: 1024px) { \n#pt-cv-view-arugpvzf > .pt-cv-page {}\n} \n@media all and (max-width: 767px) { \n#pt-cv-view-arugpvzf > .pt-cv-page {grid-template-columns: repeat(1, 1fr);}\n} <\/style>","protected":false},"excerpt":{"rendered":"<p>El vicepresidente de Toyota confirm\u00f3 que un nuevo Celica est\u00e1 en desarrollo en presencia de Akio Toyoda<\/p>\n","protected":false},"author":6,"featured_media":1318,"comment_status":"open","ping_status":"open","sticky":false,"template":"","format":"standard","meta":{"_jetpack_memberships_contains_paid_content":false,"footnotes":""},"categories":[27],"tags":[],"class_list":["post-1317","post","type-post","status-publish","format-standard","has-post-thumbnail","hentry","category-industria-nacional"],"yoast_head":"<!-- This site is optimized with the Yoast SEO plugin v27.5 - https:\/\/yoast.com\/product\/yoast-seo-wordpress\/ -->\n<title>Toyota confirma oficialmente el regreso del Celica - Garage Blog Ecuador<\/title>\n<meta name=\"robots\" content=\"index, follow, max-snippet:-1, max-image-preview:large, max-video-preview:-1\" \/>\n<link rel=\"canonical\" href=\"https:\/\/garageblogec.com\/?p=1317\" \/>\n<meta property=\"og:locale\" content=\"es_ES\" \/>\n<meta property=\"og:type\" content=\"article\" \/>\n<meta property=\"og:title\" content=\"Toyota confirma oficialmente el regreso del Celica - Garage Blog Ecuador\" \/>\n<meta property=\"og:description\" content=\"El vicepresidente de Toyota confirm\u00f3 que un nuevo Celica est\u00e1 en desarrollo en presencia de Akio Toyoda\" \/>\n<meta property=\"og:url\" content=\"https:\/\/garageblogec.com\/?p=1317\" \/>\n<meta property=\"og:site_name\" content=\"Garage Blog Ecuador\" \/>\n<meta property=\"article:published_time\" content=\"2024-11-26T14:35:45+00:00\" \/>\n<meta property=\"article:modified_time\" content=\"2024-11-26T14:35:48+00:00\" \/>\n<meta property=\"og:image\" content=\"https:\/\/garageblogec.com\/wp-content\/uploads\/2024\/11\/Captura-8.png\" \/>\n\t<meta property=\"og:image:width\" content=\"877\" \/>\n\t<meta property=\"og:image:height\" content=\"576\" \/>\n\t<meta property=\"og:image:type\" content=\"image\/png\" \/>\n<meta name=\"author\" content=\"gabi1212\" \/>\n<meta name=\"twitter:card\" content=\"summary_large_image\" \/>\n<meta name=\"twitter:label1\" content=\"Escrito por\" \/>\n\t<meta name=\"twitter:data1\" content=\"gabi1212\" \/>\n\t<meta name=\"twitter:label2\" content=\"Tiempo de lectura\" \/>\n\t<meta name=\"twitter:data2\" content=\"5 minutos\" \/>\n<script type=\"application\/ld+json\" class=\"yoast-schema-graph\">{\"@context\":\"https:\\\/\\\/schema.org\",\"@graph\":[{\"@type\":\"Article\",\"@id\":\"https:\\\/\\\/garageblogec.com\\\/?p=1317#article\",\"isPartOf\":{\"@id\":\"https:\\\/\\\/garageblogec.com\\\/?p=1317\"},\"author\":{\"name\":\"gabi1212\",\"@id\":\"https:\\\/\\\/garageblogec.com\\\/#\\\/schema\\\/person\\\/635f4b76c0cb3e43b82fe6f7d8bcceea\"},\"headline\":\"Toyota confirma oficialmente el regreso del Celica\",\"datePublished\":\"2024-11-26T14:35:45+00:00\",\"dateModified\":\"2024-11-26T14:35:48+00:00\",\"mainEntityOfPage\":{\"@id\":\"https:\\\/\\\/garageblogec.com\\\/?p=1317\"},\"wordCount\":720,\"commentCount\":0,\"publisher\":{\"@id\":\"https:\\\/\\\/garageblogec.com\\\/#organization\"},\"image\":{\"@id\":\"https:\\\/\\\/garageblogec.com\\\/?p=1317#primaryimage\"},\"thumbnailUrl\":\"https:\\\/\\\/garageblogec.com\\\/wp-content\\\/uploads\\\/2024\\\/11\\\/Captura-8.png\",\"articleSection\":[\"Industria Nacional\"],\"inLanguage\":\"es\",\"potentialAction\":[{\"@type\":\"CommentAction\",\"name\":\"Comment\",\"target\":[\"https:\\\/\\\/garageblogec.com\\\/?p=1317#respond\"]}]},{\"@type\":\"WebPage\",\"@id\":\"https:\\\/\\\/garageblogec.com\\\/?p=1317\",\"url\":\"https:\\\/\\\/garageblogec.com\\\/?p=1317\",\"name\":\"Toyota confirma oficialmente el regreso del Celica - Garage Blog Ecuador\",\"isPartOf\":{\"@id\":\"https:\\\/\\\/garageblogec.com\\\/#website\"},\"primaryImageOfPage\":{\"@id\":\"https:\\\/\\\/garageblogec.com\\\/?p=1317#primaryimage\"},\"image\":{\"@id\":\"https:\\\/\\\/garageblogec.com\\\/?p=1317#primaryimage\"},\"thumbnailUrl\":\"https:\\\/\\\/garageblogec.com\\\/wp-content\\\/uploads\\\/2024\\\/11\\\/Captura-8.png\",\"datePublished\":\"2024-11-26T14:35:45+00:00\",\"dateModified\":\"2024-11-26T14:35:48+00:00\",\"breadcrumb\":{\"@id\":\"https:\\\/\\\/garageblogec.com\\\/?p=1317#breadcrumb\"},\"inLanguage\":\"es\",\"potentialAction\":[{\"@type\":\"ReadAction\",\"target\":[\"https:\\\/\\\/garageblogec.com\\\/?p=1317\"]}]},{\"@type\":\"ImageObject\",\"inLanguage\":\"es\",\"@id\":\"https:\\\/\\\/garageblogec.com\\\/?p=1317#primaryimage\",\"url\":\"https:\\\/\\\/garageblogec.com\\\/wp-content\\\/uploads\\\/2024\\\/11\\\/Captura-8.png\",\"contentUrl\":\"https:\\\/\\\/garageblogec.com\\\/wp-content\\\/uploads\\\/2024\\\/11\\\/Captura-8.png\",\"width\":877,\"height\":576},{\"@type\":\"BreadcrumbList\",\"@id\":\"https:\\\/\\\/garageblogec.com\\\/?p=1317#breadcrumb\",\"itemListElement\":[{\"@type\":\"ListItem\",\"position\":1,\"name\":\"Portada\",\"item\":\"https:\\\/\\\/garageblogec.com\\\/\"},{\"@type\":\"ListItem\",\"position\":2,\"name\":\"Toyota confirma oficialmente el regreso del Celica\"}]},{\"@type\":\"WebSite\",\"@id\":\"https:\\\/\\\/garageblogec.com\\\/#website\",\"url\":\"https:\\\/\\\/garageblogec.com\\\/\",\"name\":\"Garage Blog Ecuador\",\"description\":\"Alucinamos por los autos \",\"publisher\":{\"@id\":\"https:\\\/\\\/garageblogec.com\\\/#organization\"},\"potentialAction\":[{\"@type\":\"SearchAction\",\"target\":{\"@type\":\"EntryPoint\",\"urlTemplate\":\"https:\\\/\\\/garageblogec.com\\\/?s={search_term_string}\"},\"query-input\":{\"@type\":\"PropertyValueSpecification\",\"valueRequired\":true,\"valueName\":\"search_term_string\"}}],\"inLanguage\":\"es\"},{\"@type\":\"Organization\",\"@id\":\"https:\\\/\\\/garageblogec.com\\\/#organization\",\"name\":\"Garage Blog Ecuador\",\"url\":\"https:\\\/\\\/garageblogec.com\\\/\",\"logo\":{\"@type\":\"ImageObject\",\"inLanguage\":\"es\",\"@id\":\"https:\\\/\\\/garageblogec.com\\\/#\\\/schema\\\/logo\\\/image\\\/\",\"url\":\"https:\\\/\\\/garageblogec.com\\\/wp-content\\\/uploads\\\/2024\\\/02\\\/cropped-logo-png-para-blog.webp\",\"contentUrl\":\"https:\\\/\\\/garageblogec.com\\\/wp-content\\\/uploads\\\/2024\\\/02\\\/cropped-logo-png-para-blog.webp\",\"width\":840,\"height\":556,\"caption\":\"Garage Blog Ecuador \"},\"image\":{\"@id\":\"https:\\\/\\\/garageblogec.com\\\/#\\\/schema\\\/logo\\\/image\\\/\"}},{\"@type\":\"Person\",\"@id\":\"https:\\\/\\\/garageblogec.com\\\/#\\\/schema\\\/person\\\/635f4b76c0cb3e43b82fe6f7d8bcceea\",\"name\":\"gabi1212\",\"image\":{\"@type\":\"ImageObject\",\"inLanguage\":\"es\",\"@id\":\"https:\\\/\\\/secure.gravatar.com\\\/avatar\\\/6aa491f45cb359d4d6dd8c430e83f78899c80569c27d21156e19bbdcd31d1811?s=96&d=mm&r=g\",\"url\":\"https:\\\/\\\/secure.gravatar.com\\\/avatar\\\/6aa491f45cb359d4d6dd8c430e83f78899c80569c27d21156e19bbdcd31d1811?s=96&d=mm&r=g\",\"contentUrl\":\"https:\\\/\\\/secure.gravatar.com\\\/avatar\\\/6aa491f45cb359d4d6dd8c430e83f78899c80569c27d21156e19bbdcd31d1811?s=96&d=mm&r=g\",\"caption\":\"gabi1212\"},\"url\":\"https:\\\/\\\/garageblogec.com\\\/?author=6\"}]}<\/script>\n<!-- \/ Yoast SEO plugin. -->","yoast_head_json":{"title":"Toyota confirma oficialmente el regreso del Celica - Garage Blog Ecuador","robots":{"index":"index","follow":"follow","max-snippet":"max-snippet:-1","max-image-preview":"max-image-preview:large","max-video-preview":"max-video-preview:-1"},"canonical":"https:\/\/garageblogec.com\/?p=1317","og_locale":"es_ES","og_type":"article","og_title":"Toyota confirma oficialmente el regreso del Celica - Garage Blog Ecuador","og_description":"El vicepresidente de Toyota confirm\u00f3 que un nuevo Celica est\u00e1 en desarrollo en presencia de Akio Toyoda","og_url":"https:\/\/garageblogec.com\/?p=1317","og_site_name":"Garage Blog Ecuador","article_published_time":"2024-11-26T14:35:45+00:00","article_modified_time":"2024-11-26T14:35:48+00:00","og_image":[{"width":877,"height":576,"url":"https:\/\/garageblogec.com\/wp-content\/uploads\/2024\/11\/Captura-8.png","type":"image\/png"}],"author":"gabi1212","twitter_card":"summary_large_image","twitter_misc":{"Escrito por":"gabi1212","Tiempo de lectura":"5 minutos"},"schema":{"@context":"https:\/\/schema.org","@graph":[{"@type":"Article","@id":"https:\/\/garageblogec.com\/?p=1317#article","isPartOf":{"@id":"https:\/\/garageblogec.com\/?p=1317"},"author":{"name":"gabi1212","@id":"https:\/\/garageblogec.com\/#\/schema\/person\/635f4b76c0cb3e43b82fe6f7d8bcceea"},"headline":"Toyota confirma oficialmente el regreso del Celica","datePublished":"2024-11-26T14:35:45+00:00","dateModified":"2024-11-26T14:35:48+00:00","mainEntityOfPage":{"@id":"https:\/\/garageblogec.com\/?p=1317"},"wordCount":720,"commentCount":0,"publisher":{"@id":"https:\/\/garageblogec.com\/#organization"},"image":{"@id":"https:\/\/garageblogec.com\/?p=1317#primaryimage"},"thumbnailUrl":"https:\/\/garageblogec.com\/wp-content\/uploads\/2024\/11\/Captura-8.png","articleSection":["Industria Nacional"],"inLanguage":"es","potentialAction":[{"@type":"CommentAction","name":"Comment","target":["https:\/\/garageblogec.com\/?p=1317#respond"]}]},{"@type":"WebPage","@id":"https:\/\/garageblogec.com\/?p=1317","url":"https:\/\/garageblogec.com\/?p=1317","name":"Toyota confirma oficialmente el regreso del Celica - Garage Blog Ecuador","isPartOf":{"@id":"https:\/\/garageblogec.com\/#website"},"primaryImageOfPage":{"@id":"https:\/\/garageblogec.com\/?p=1317#primaryimage"},"image":{"@id":"https:\/\/garageblogec.com\/?p=1317#primaryimage"},"thumbnailUrl":"https:\/\/garageblogec.com\/wp-content\/uploads\/2024\/11\/Captura-8.png","datePublished":"2024-11-26T14:35:45+00:00","dateModified":"2024-11-26T14:35:48+00:00","breadcrumb":{"@id":"https:\/\/garageblogec.com\/?p=1317#breadcrumb"},"inLanguage":"es","potentialAction":[{"@type":"ReadAction","target":["https:\/\/garageblogec.com\/?p=1317"]}]},{"@type":"ImageObject","inLanguage":"es","@id":"https:\/\/garageblogec.com\/?p=1317#primaryimage","url":"https:\/\/garageblogec.com\/wp-content\/uploads\/2024\/11\/Captura-8.png","contentUrl":"https:\/\/garageblogec.com\/wp-content\/uploads\/2024\/11\/Captura-8.png","width":877,"height":576},{"@type":"BreadcrumbList","@id":"https:\/\/garageblogec.com\/?p=1317#breadcrumb","itemListElement":[{"@type":"ListItem","position":1,"name":"Portada","item":"https:\/\/garageblogec.com\/"},{"@type":"ListItem","position":2,"name":"Toyota confirma oficialmente el regreso del Celica"}]},{"@type":"WebSite","@id":"https:\/\/garageblogec.com\/#website","url":"https:\/\/garageblogec.com\/","name":"Garage Blog Ecuador","description":"Alucinamos por los autos ","publisher":{"@id":"https:\/\/garageblogec.com\/#organization"},"potentialAction":[{"@type":"SearchAction","target":{"@type":"EntryPoint","urlTemplate":"https:\/\/garageblogec.com\/?s={search_term_string}"},"query-input":{"@type":"PropertyValueSpecification","valueRequired":true,"valueName":"search_term_string"}}],"inLanguage":"es"},{"@type":"Organization","@id":"https:\/\/garageblogec.com\/#organization","name":"Garage Blog Ecuador","url":"https:\/\/garageblogec.com\/","logo":{"@type":"ImageObject","inLanguage":"es","@id":"https:\/\/garageblogec.com\/#\/schema\/logo\/image\/","url":"https:\/\/garageblogec.com\/wp-content\/uploads\/2024\/02\/cropped-logo-png-para-blog.webp","contentUrl":"https:\/\/garageblogec.com\/wp-content\/uploads\/2024\/02\/cropped-logo-png-para-blog.webp","width":840,"height":556,"caption":"Garage Blog Ecuador "},"image":{"@id":"https:\/\/garageblogec.com\/#\/schema\/logo\/image\/"}},{"@type":"Person","@id":"https:\/\/garageblogec.com\/#\/schema\/person\/635f4b76c0cb3e43b82fe6f7d8bcceea","name":"gabi1212","image":{"@type":"ImageObject","inLanguage":"es","@id":"https:\/\/secure.gravatar.com\/avatar\/6aa491f45cb359d4d6dd8c430e83f78899c80569c27d21156e19bbdcd31d1811?s=96&d=mm&r=g","url":"https:\/\/secure.gravatar.com\/avatar\/6aa491f45cb359d4d6dd8c430e83f78899c80569c27d21156e19bbdcd31d1811?s=96&d=mm&r=g","contentUrl":"https:\/\/secure.gravatar.com\/avatar\/6aa491f45cb359d4d6dd8c430e83f78899c80569c27d21156e19bbdcd31d1811?s=96&d=mm&r=g","caption":"gabi1212"},"url":"https:\/\/garageblogec.com\/?author=6"}]}},"jetpack_featured_media_url":"https:\/\/garageblogec.com\/wp-content\/uploads\/2024\/11\/Captura-8.png","jetpack_sharing_enabled":true,"_links":{"self":[{"href":"https:\/\/garageblogec.com\/index.php?rest_route=\/wp\/v2\/posts\/1317","targetHints":{"allow":["GET"]}}],"collection":[{"href":"https:\/\/garageblogec.com\/index.php?rest_route=\/wp\/v2\/posts"}],"about":[{"href":"https:\/\/garageblogec.com\/index.php?rest_route=\/wp\/v2\/types\/post"}],"author":[{"embeddable":true,"href":"https:\/\/garageblogec.com\/index.php?rest_route=\/wp\/v2\/users\/6"}],"replies":[{"embeddable":true,"href":"https:\/\/garageblogec.com\/index.php?rest_route=%2Fwp%2Fv2%2Fcomments&post=1317"}],"version-history":[{"count":1,"href":"https:\/\/garageblogec.com\/index.php?rest_route=\/wp\/v2\/posts\/1317\/revisions"}],"predecessor-version":[{"id":1319,"href":"https:\/\/garageblogec.com\/index.php?rest_route=\/wp\/v2\/posts\/1317\/revisions\/1319"}],"wp:featuredmedia":[{"embeddable":true,"href":"https:\/\/garageblogec.com\/index.php?rest_route=\/wp\/v2\/media\/1318"}],"wp:attachment":[{"href":"https:\/\/garageblogec.com\/index.php?rest_route=%2Fwp%2Fv2%2Fmedia&parent=1317"}],"wp:term":[{"taxonomy":"category","embeddable":true,"href":"https:\/\/garageblogec.com\/index.php?rest_route=%2Fwp%2Fv2%2Fcategories&post=1317"},{"taxonomy":"post_tag","embeddable":true,"href":"https:\/\/garageblogec.com\/index.php?rest_route=%2Fwp%2Fv2%2Ftags&post=1317"}],"curies":[{"name":"wp","href":"https:\/\/api.w.org\/{rel}","templated":true}]}}