{"id":1308,"date":"2024-11-21T18:01:59","date_gmt":"2024-11-21T18:01:59","guid":{"rendered":"https:\/\/garageblogec.com\/?p=1308"},"modified":"2024-11-21T18:02:02","modified_gmt":"2024-11-21T18:02:02","slug":"el-vw-tiguan-2025-suma-ritmo-espacio-y-una-nueva-cara","status":"publish","type":"post","link":"https:\/\/garageblogec.com\/?p=1308","title":{"rendered":"El VW Tiguan 2025 suma ritmo, espacio y una nueva cara."},"content":{"rendered":"\n<p>El\u00a0Tiguan\u00a0es el veh\u00edculo m\u00e1s vendido de Volkswagen en Estados Unidos y los consumidores compraron 76.228 unidades el a\u00f1o pasado. Esas cifras podr\u00edan aumentar, ya que el popular crossover compacto se redise\u00f1ar\u00e1 por completo para el a\u00f1o modelo 2025.<\/p>\n\n\n\n<figure class=\"wp-block-image size-large\"><img decoding=\"async\" src=\"https:\/\/www.carscoops.com\/wp-content\/uploads\/webp\/2024\/11\/LIPMAN_JL26348_RT-1536x1024.webp\" alt=\"\"\/><\/figure>\n\n\n\n<p>El Tiguan 2025, que parece pr\u00e1cticamente id\u00e9ntico al Tayron europeo, tiene un dise\u00f1o moderno y expresivo, especialmente en la versi\u00f3n R-Line. La empresa fue sorprendentemente escueta en detalles, pero el nuevo modelo tiene faros delanteros m\u00e1s delgados que se pueden conectar mediante una barra de luces LED disponible. Tambi\u00e9n se pueden unir mediante un logotipo iluminado, ya que la luz es el nuevo cromo.<\/p>\n\n\n\n<figure class=\"wp-block-image size-large\"><a href=\"https:\/\/www.kia.com\/ec\/showroom\/sonet\/features.html\"><img fetchpriority=\"high\" decoding=\"async\" width=\"643\" height=\"1024\" src=\"https:\/\/garageblogec.com\/wp-content\/uploads\/2024\/10\/Historia-Sonet-643x1024.jpg\" alt=\"\" class=\"wp-image-1193\" srcset=\"https:\/\/garageblogec.com\/wp-content\/uploads\/2024\/10\/Historia-Sonet-643x1024.jpg 643w, https:\/\/garageblogec.com\/wp-content\/uploads\/2024\/10\/Historia-Sonet-188x300.jpg 188w, https:\/\/garageblogec.com\/wp-content\/uploads\/2024\/10\/Historia-Sonet-768x1224.jpg 768w, https:\/\/garageblogec.com\/wp-content\/uploads\/2024\/10\/Historia-Sonet-964x1536.jpg 964w, https:\/\/garageblogec.com\/wp-content\/uploads\/2024\/10\/Historia-Sonet.jpg 1080w\" sizes=\"(max-width: 643px) 100vw, 643px\" \/><\/a><\/figure>\n\n\n\n<p>Si nos alejamos un poco m\u00e1s, podemos ver una carrocer\u00eda curvil\u00ednea y llantas de 17 a 20 pulgadas. Sin embargo, la mayor\u00eda de los modelos con \u00abnivel de volumen\u00bb tendr\u00e1n llantas de 19 pulgadas. Independientemente del tama\u00f1o, est\u00e1n rodeadas de pasos de rueda pronunciados con molduras negras. La parte trasera recuerda mucho al\u00a0Tayron,\u00a0ya que hay una barra de luces delgada y un parachoques familiar. Sin embargo, los estadounidenses tienen reflectores verticales en lugar de horizontales.<\/p>\n\n\n\n<figure class=\"wp-block-image size-large\"><img decoding=\"async\" src=\"https:\/\/www.carscoops.com\/wp-content\/uploads\/webp\/2024\/11\/2025-VW-Tiguan-USA-2-1536x1024.webp\" alt=\"\"\/><\/figure>\n\n\n\n<p>Volkswagen ha optado por mantener en secreto las especificaciones detalladas por ahora, pero confirm\u00f3 que el nuevo modelo presenta una distancia entre ejes ligeramente m\u00e1s larga y un voladizo trasero m\u00e1s corto en comparaci\u00f3n con su predecesor. Dicho esto, las fotos sugieren que es m\u00e1s corto que el Tayron de tres filas de Europa y\u00a0casi id\u00e9ntico al Tayron L de dos filas de China\u00a0, que mide 4.684 mm (184,4 pulgadas) de largo, 1.854 mm (73 pulgadas) de ancho y 1.685 mm (66,3 pulgadas) de alto, con una distancia entre ejes de 2.791 mm (109,9 pulgadas).<\/p>\n\n\n\n<p>La compa\u00f1\u00eda tambi\u00e9n se\u00f1al\u00f3 que el Tiguan 2025 ofrece un port\u00f3n trasero el\u00e9ctrico, as\u00ed como una paleta de colores revisada que incluye tres nuevas opciones conocidas como Avocado Green Pearl, Sandstone Uni y Monterey Blue Pearl.<\/p>\n\n\n\n<p><strong>Una caba\u00f1a moderna y m\u00e1s exclusiva<\/strong><\/p>\n\n\n\n<p>El interior anticuado del modelo anterior ha quedado relegado al olvido y los conductores encontrar\u00e1n un nuevo cuadro de instrumentos digital de 10,25 pulgadas y un sistema de infoentretenimiento de 12,9 pulgadas. Si este \u00faltimo no es lo suficientemente grande, tambi\u00e9n estar\u00e1 disponible una pantalla de 15 pulgadas.<\/p>\n\n\n\n<figure class=\"wp-block-image size-large\"><img decoding=\"async\" src=\"https:\/\/www.carscoops.com\/wp-content\/uploads\/webp\/2024\/11\/2025-VW-Tiguan-USA-42-1536x1024.webp\" alt=\"\"\/><\/figure>\n\n\n\n<p>Las pantallas no son el \u00fanico gran cambio, ya que el nuevo Tiguan prescinde de la consola central tradicional y traslada la palanca de cambios a la columna de direcci\u00f3n. Esto libera mucho espacio y la consola ahora alberga un dial de control giratorio multifunci\u00f3n con una pantalla integrada. Se puede utilizar para ajustar el volumen, cambiar los modos de conducci\u00f3n y alternar entre \u00abAtm\u00f3sferas\u00bb que vinculan el sistema de iluminaci\u00f3n ambiental al sistema de audio.<\/p>\n\n\n\n<p>A diferencia del Tayron europeo, el Tiguan norteamericano es exclusivamente de cinco plazas. Vendr\u00e1 con asientos de tela con un dise\u00f1o en relieve, lo que promete darle al habit\u00e1culo una \u00absensaci\u00f3n de lujo\u00bb.\u00a0Volkswagen\u00a0tambi\u00e9n dijo que un cargador inal\u00e1mbrico para tel\u00e9fonos inteligentes y un sistema de control de climatizaci\u00f3n autom\u00e1tico vendr\u00e1n de serie.<\/p>\n\n\n\n<figure class=\"wp-block-image size-large\"><img decoding=\"async\" src=\"https:\/\/www.carscoops.com\/wp-content\/uploads\/webp\/2024\/11\/2025-VW-Tiguan-USA-45-1536x1024.webp\" alt=\"\"\/><\/figure>\n\n\n\n<p>Las variantes de gama alta suenan a\u00fan m\u00e1s impresionantes, ya que ofrecer\u00e1n asientos delanteros de cuero acolchado con calefacci\u00f3n, ventilaci\u00f3n y ajustes de masaje. Se unir\u00e1n a ellos un volante con calefacci\u00f3n y una segunda fila con calefacci\u00f3n.<\/p>\n\n\n\n<p>Adem\u00e1s de los asientos m\u00e1s elegantes, hay molduras de madera de nogal americano y un sistema de control de climatizaci\u00f3n de tres zonas. Los compradores tambi\u00e9n encontrar\u00e1n una pantalla de visualizaci\u00f3n frontal, un sistema de iluminaci\u00f3n ambiental de 30 colores y un sistema de audio premium Harman Kardon de 12 parlantes.<\/p>\n\n\n\n<p>El conjunto de sistemas de asistencia IQ.Drive viene de serie en todos los modelos e incluye control de crucero adaptativo con parada y arranque, asistencia de viaje, asistencia delantera, alerta de tr\u00e1fico trasero y monitor activo de puntos ciegos. A ellos se suman el asistente de cambio de carril, el asistente de emergencia y el asistente de iluminaci\u00f3n. Otras caracter\u00edsticas de seguridad incluyen control de distancia de estacionamiento, advertencia de salida y cuatro nuevos airbags (para las rodillas del conductor, central y laterales traseros), lo que eleva el total a diez.<\/p>\n\n\n\n<p>El Tiguan 2025 se basa en la plataforma MQB evo y est\u00e1 propulsado por un motor turboalimentado de cuatro cilindros de 2.0 litros que desarrolla 201 hp (150 kW \/ 204 PS). Se trata de un peque\u00f1o aumento de 17 hp (13 kW \/ 17 PS), pero viene acompa\u00f1ado de una reducci\u00f3n de peso de alrededor de 170 libras (77 kg) gracias al uso de componentes de suspensi\u00f3n de acero y aluminio de alta resistencia.<\/p>\n\n\n\n<figure class=\"wp-block-image size-large\"><img decoding=\"async\" src=\"https:\/\/www.carscoops.com\/wp-content\/uploads\/webp\/2024\/11\/2025-VW-Tiguan-USA-57-1536x1024.webp\" alt=\"\"\/><\/figure>\n\n\n\n<p>Estos cambios deber\u00edan ser beneficiosos para los conductores, ya que Volkswagen afirm\u00f3 que podemos esperar una mejor aceleraci\u00f3n y un mejor ahorro de combustible. Si bien es demasiado pronto para hablar de cifras, el\u00a0modelo saliente\u00a0alcanz\u00f3 hasta 24 mpg en ciudad, 31 mpg en carretera y 27 mpg combinados.<\/p>\n\n\n\n<p>Sabremos m\u00e1s detalles cuando se acerque la fecha de lanzamiento, pero no nos sorprender\u00eda que el precio suba un poco. Si ese es el caso, espere desembolsar alrededor de $30,000.<a href=\"https:\/\/www.carscoops.com\/wp-content\/uploads\/2024\/11\/2025-VW-Tiguan-USA-15.jpg\"><\/a><\/p>\n\n\n<div class='pt-cv-wrapper'> <h3 class='pt-cv-heading-container heading1' data-blockid='tfystao3'><span class='pt-cv-heading'> Overlay1 <\/span><\/h3><div class=\"pt-cv-view pt-cv-overlaygrid iscvblock iscvreal overlay1 layout1\" id=\"pt-cv-view-tfystao3\"><div data-id=\"pt-cv-page-1\" class=\"pt-cv-page\" data-cvc=\"3\"><div class=\" pt-cv-content-item pt-cv-1-col\" ><div class=\"pt-cv-thumb-wrapper  \"><a href=\"https:\/\/garageblogec.com\/?p=3303\" class=\"_self pt-cv-href-thumbnail pt-cv-thumb-default\" target=\"_self\" ><img decoding=\"async\" width=\"768\" height=\"432\" src=\"https:\/\/garageblogec.com\/wp-content\/uploads\/2026\/04\/WhatsApp-Image-2026-04-21-at-1.52.53-PM-768x432.jpeg\" class=\"pt-cv-thumbnail\" alt=\"\" \/><\/a><\/div>\n<div class=\"pt-cv-overlay-wrapper\"><div class=\"pt-cv-taxoterm above_title\"><a href='https:\/\/garageblogec.com\/?cat=27' title='Industria Nacional' class='pt-cv-tax-industria-nacional'>Industria Nacional<\/a><\/div><h4 class=\"pt-cv-title\"><a href=\"https:\/\/garageblogec.com\/?p=3303\" class=\"_self\" target=\"_self\" >Grupo Ambacar presenta en Guayaquil KGM, su nueva marca de SUV h\u00edbridos con respaldo global<\/a><\/h4><div class=\"pt-cv-meta-fields\"><span class=\"entry-date\"> <time datetime=\"2026-04-21T21:37:24+00:00\">abril 21, 2026<\/time><\/span><span> \/ <\/span><span class=\"author\"> <a href=\"https:\/\/garageblogec.com\/?author=6\" rel=\"author\">gabi1212<\/a><\/span><\/div><\/div><\/div>\n<div class=\" pt-cv-content-item pt-cv-1-col\" ><div class=\"pt-cv-thumb-wrapper  \"><a href=\"https:\/\/garageblogec.com\/?p=3296\" class=\"_self pt-cv-href-thumbnail pt-cv-thumb-default\" target=\"_self\" ><img decoding=\"async\" width=\"768\" height=\"432\" src=\"https:\/\/garageblogec.com\/wp-content\/uploads\/2026\/04\/WhatsApp-Image-2026-04-14-at-3.15.09-PM-768x432.jpeg\" class=\"pt-cv-thumbnail\" alt=\"\" \/><\/a><\/div>\n<div class=\"pt-cv-overlay-wrapper\"><div class=\"pt-cv-taxoterm above_title\"><a href='https:\/\/garageblogec.com\/?cat=27' title='Industria Nacional' class='pt-cv-tax-industria-nacional'>Industria Nacional<\/a><\/div><h4 class=\"pt-cv-title\"><a href=\"https:\/\/garageblogec.com\/?p=3296\" class=\"_self\" target=\"_self\" >El tablero desapareci\u00f3, ahora el auto es una pantalla inteligente<\/a><\/h4><div class=\"pt-cv-meta-fields\"><span class=\"entry-date\"> <time datetime=\"2026-04-14T20:21:20+00:00\">abril 14, 2026<\/time><\/span><span> \/ <\/span><span class=\"author\"> <a href=\"https:\/\/garageblogec.com\/?author=6\" rel=\"author\">gabi1212<\/a><\/span><\/div><\/div><\/div>\n<div class=\" pt-cv-content-item pt-cv-1-col\" ><div class=\"pt-cv-thumb-wrapper  \"><a href=\"https:\/\/garageblogec.com\/?p=3291\" class=\"_self pt-cv-href-thumbnail pt-cv-thumb-default\" target=\"_self\" ><img loading=\"lazy\" decoding=\"async\" width=\"768\" height=\"432\" src=\"https:\/\/garageblogec.com\/wp-content\/uploads\/2026\/04\/WhatsApp-Image-2026-04-14-at-2.21.27-PM-768x432.jpeg\" class=\"pt-cv-thumbnail\" alt=\"\" \/><\/a><\/div>\n<div class=\"pt-cv-overlay-wrapper\"><div class=\"pt-cv-taxoterm above_title\"><a href='https:\/\/garageblogec.com\/?cat=27' title='Industria Nacional' class='pt-cv-tax-industria-nacional'>Industria Nacional<\/a><\/div><h4 class=\"pt-cv-title\"><a href=\"https:\/\/garageblogec.com\/?p=3291\" class=\"_self\" target=\"_self\" >Seguridad al volante en Ecuador: los errores m\u00e1s comunes que cometen los conductores<\/a><\/h4><div class=\"pt-cv-meta-fields\"><span class=\"entry-date\"> <time datetime=\"2026-04-14T20:08:54+00:00\">abril 14, 2026<\/time><\/span><span> \/ <\/span><span class=\"author\"> <a href=\"https:\/\/garageblogec.com\/?author=6\" rel=\"author\">gabi1212<\/a><\/span><\/div><\/div><\/div>\n<div class=\" pt-cv-content-item pt-cv-1-col\" ><div class=\"pt-cv-thumb-wrapper  \"><a href=\"https:\/\/garageblogec.com\/?p=3286\" class=\"_self pt-cv-href-thumbnail pt-cv-thumb-default\" target=\"_self\" ><img loading=\"lazy\" decoding=\"async\" width=\"768\" height=\"492\" src=\"https:\/\/garageblogec.com\/wp-content\/uploads\/2026\/04\/Posventa.jpg-768x492.jpeg\" class=\"pt-cv-thumbnail\" alt=\"\" \/><\/a><\/div>\n<div class=\"pt-cv-overlay-wrapper\"><div class=\"pt-cv-taxoterm above_title\"><a href='https:\/\/garageblogec.com\/?cat=27' title='Industria Nacional' class='pt-cv-tax-industria-nacional'>Industria Nacional<\/a><\/div><h4 class=\"pt-cv-title\"><a href=\"https:\/\/garageblogec.com\/?p=3286\" class=\"_self\" target=\"_self\" >Clientes Nissan reciben cambios de aceite infinitos<\/a><\/h4><div class=\"pt-cv-meta-fields\"><span class=\"entry-date\"> <time datetime=\"2026-04-14T20:04:08+00:00\">abril 14, 2026<\/time><\/span><span> \/ <\/span><span class=\"author\"> <a href=\"https:\/\/garageblogec.com\/?author=6\" rel=\"author\">gabi1212<\/a><\/span><\/div><\/div><\/div>\n<div class=\" pt-cv-content-item pt-cv-1-col\" ><div class=\"pt-cv-thumb-wrapper  \"><a href=\"https:\/\/garageblogec.com\/?p=3280\" class=\"_self pt-cv-href-thumbnail pt-cv-thumb-default\" target=\"_self\" ><img loading=\"lazy\" decoding=\"async\" width=\"768\" height=\"512\" src=\"https:\/\/garageblogec.com\/wp-content\/uploads\/2026\/04\/foto1-768x512.jpeg\" class=\"pt-cv-thumbnail\" alt=\"\" \/><\/a><\/div>\n<div class=\"pt-cv-overlay-wrapper\"><div class=\"pt-cv-taxoterm above_title\"><a href='https:\/\/garageblogec.com\/?cat=27' title='Industria Nacional' class='pt-cv-tax-industria-nacional'>Industria Nacional<\/a><\/div><h4 class=\"pt-cv-title\"><a href=\"https:\/\/garageblogec.com\/?p=3280\" class=\"_self\" target=\"_self\" >Movilidad como inversi\u00f3n: el uso de utilidades que crece en Ecuador<\/a><\/h4><div class=\"pt-cv-meta-fields\"><span class=\"entry-date\"> <time datetime=\"2026-04-07T19:55:36+00:00\">abril 7, 2026<\/time><\/span><span> \/ <\/span><span class=\"author\"> <a href=\"https:\/\/garageblogec.com\/?author=6\" rel=\"author\">gabi1212<\/a><\/span><\/div><\/div><\/div>\n<div class=\" pt-cv-content-item pt-cv-1-col\" ><div class=\"pt-cv-thumb-wrapper  \"><a href=\"https:\/\/garageblogec.com\/?p=3276\" class=\"_self pt-cv-href-thumbnail pt-cv-thumb-default\" target=\"_self\" ><img loading=\"lazy\" decoding=\"async\" width=\"745\" height=\"491\" src=\"https:\/\/garageblogec.com\/wp-content\/uploads\/2026\/04\/TT.png\" class=\"pt-cv-thumbnail\" alt=\"\" \/><\/a><\/div>\n<div class=\"pt-cv-overlay-wrapper\"><div class=\"pt-cv-taxoterm above_title\"><a href='https:\/\/garageblogec.com\/?cat=27' title='Industria Nacional' class='pt-cv-tax-industria-nacional'>Industria Nacional<\/a><\/div><h4 class=\"pt-cv-title\"><a href=\"https:\/\/garageblogec.com\/?p=3276\" class=\"_self\" target=\"_self\" >Lluvias en Ecuador: C\u00f3mo reducir riesgos en carretera y prevenir accidentes en calzada mojada<\/a><\/h4><div class=\"pt-cv-meta-fields\"><span class=\"entry-date\"> <time datetime=\"2026-04-07T19:46:52+00:00\">abril 7, 2026<\/time><\/span><span> \/ <\/span><span class=\"author\"> <a href=\"https:\/\/garageblogec.com\/?author=6\" rel=\"author\">gabi1212<\/a><\/span><\/div><\/div><\/div><\/div><\/div> <\/div> <style>\n#pt-cv-view-tfystao3 .pt-cv-thumb-wrapper::before {background: rgba(0,0,0,.4); opacity: 0.8;}#pt-cv-view-tfystao3 .pt-cv-overlay-wrapper {justify-content: center;}\n#pt-cv-view-tfystao3 .pt-cv-meta-fields {  }#pt-cv-view-tfystao3 .pt-cv-meta-fields * { font-size: 13px; }#pt-cv-view-tfystao3 .pt-cv-title a { display: block; }#pt-cv-view-tfystao3 .pt-cv-title:not(.pt-cv-titlesm) a { font-weight: 600;text-decoration: none;font-size: 20px; }#pt-cv-view-tfystao3 .pt-cv-titlesm a { font-weight: 600;font-size: 18px; }#pt-cv-view-tfystao3 .pt-cv-content { font-size: 15px; }#pt-cv-view-tfystao3 .pt-cv-rmwrap {  }#pt-cv-view-tfystao3 .pt-cv-readmore { color: #fff;background-color: #0075ff;font-size: 14px; }#pt-cv-view-tfystao3 .pt-cv-taxoterm { margin: 0px 0px 20px 0px; }#pt-cv-view-tfystao3 .pt-cv-taxoterm * { color: #222;background-color: #fff6f6;font-size: 14px; }#pt-cv-view-tfystao3 + .pt-cv-pagination-wrapper {  }#pt-cv-view-tfystao3 + .pt-cv-pagination-wrapper a { font-size: 14px; }#pt-cv-view-tfystao3 > .pt-cv-page {grid-template-columns: repeat(3, 1fr);grid-auto-rows: 250px;grid-gap: 10px;}\n@media all and (max-width: 1024px) { \n#pt-cv-view-tfystao3 > .pt-cv-page {}\n} \n@media all and (max-width: 767px) { \n#pt-cv-view-tfystao3 > .pt-cv-page {grid-template-columns: repeat(1, 1fr);}\n} <\/style>\n\n\n<p><\/p>\n\n\n\n<p><\/p>\n","protected":false},"excerpt":{"rendered":"<p>El Tiguan redise\u00f1ado de Am\u00e9rica del Norte parece ser un gran paso adelante, ya que es m\u00e1s potente, de alta tecnolog\u00eda y eficiente.<\/p>\n","protected":false},"author":6,"featured_media":1314,"comment_status":"open","ping_status":"open","sticky":false,"template":"","format":"standard","meta":{"_jetpack_memberships_contains_paid_content":false,"footnotes":""},"categories":[27],"tags":[],"class_list":["post-1308","post","type-post","status-publish","format-standard","has-post-thumbnail","hentry","category-industria-nacional"],"yoast_head":"<!-- This site is optimized with the Yoast SEO plugin v27.5 - https:\/\/yoast.com\/product\/yoast-seo-wordpress\/ -->\n<title>El VW Tiguan 2025 suma ritmo, espacio y una nueva cara. - Garage Blog Ecuador<\/title>\n<meta name=\"robots\" content=\"index, follow, max-snippet:-1, max-image-preview:large, max-video-preview:-1\" \/>\n<link rel=\"canonical\" href=\"https:\/\/garageblogec.com\/?p=1308\" \/>\n<meta property=\"og:locale\" content=\"es_ES\" \/>\n<meta property=\"og:type\" content=\"article\" \/>\n<meta property=\"og:title\" content=\"El VW Tiguan 2025 suma ritmo, espacio y una nueva cara. - Garage Blog Ecuador\" \/>\n<meta property=\"og:description\" content=\"El Tiguan redise\u00f1ado de Am\u00e9rica del Norte parece ser un gran paso adelante, ya que es m\u00e1s potente, de alta tecnolog\u00eda y eficiente.\" \/>\n<meta property=\"og:url\" content=\"https:\/\/garageblogec.com\/?p=1308\" \/>\n<meta property=\"og:site_name\" content=\"Garage Blog Ecuador\" \/>\n<meta property=\"article:published_time\" content=\"2024-11-21T18:01:59+00:00\" \/>\n<meta property=\"article:modified_time\" content=\"2024-11-21T18:02:02+00:00\" \/>\n<meta property=\"og:image\" content=\"https:\/\/garageblogec.com\/wp-content\/uploads\/2024\/11\/Captura-7.png\" \/>\n\t<meta property=\"og:image:width\" content=\"881\" \/>\n\t<meta property=\"og:image:height\" content=\"497\" \/>\n\t<meta property=\"og:image:type\" content=\"image\/png\" \/>\n<meta name=\"author\" content=\"gabi1212\" \/>\n<meta name=\"twitter:card\" content=\"summary_large_image\" \/>\n<meta name=\"twitter:label1\" content=\"Escrito por\" \/>\n\t<meta name=\"twitter:data1\" content=\"gabi1212\" \/>\n\t<meta name=\"twitter:label2\" content=\"Tiempo de lectura\" \/>\n\t<meta name=\"twitter:data2\" content=\"6 minutos\" \/>\n<script type=\"application\/ld+json\" class=\"yoast-schema-graph\">{\"@context\":\"https:\\\/\\\/schema.org\",\"@graph\":[{\"@type\":\"Article\",\"@id\":\"https:\\\/\\\/garageblogec.com\\\/?p=1308#article\",\"isPartOf\":{\"@id\":\"https:\\\/\\\/garageblogec.com\\\/?p=1308\"},\"author\":{\"name\":\"gabi1212\",\"@id\":\"https:\\\/\\\/garageblogec.com\\\/#\\\/schema\\\/person\\\/635f4b76c0cb3e43b82fe6f7d8bcceea\"},\"headline\":\"El VW Tiguan 2025 suma ritmo, espacio y una nueva cara.\",\"datePublished\":\"2024-11-21T18:01:59+00:00\",\"dateModified\":\"2024-11-21T18:02:02+00:00\",\"mainEntityOfPage\":{\"@id\":\"https:\\\/\\\/garageblogec.com\\\/?p=1308\"},\"wordCount\":880,\"commentCount\":0,\"publisher\":{\"@id\":\"https:\\\/\\\/garageblogec.com\\\/#organization\"},\"image\":{\"@id\":\"https:\\\/\\\/garageblogec.com\\\/?p=1308#primaryimage\"},\"thumbnailUrl\":\"https:\\\/\\\/garageblogec.com\\\/wp-content\\\/uploads\\\/2024\\\/11\\\/Captura-7.png\",\"articleSection\":[\"Industria Nacional\"],\"inLanguage\":\"es\",\"potentialAction\":[{\"@type\":\"CommentAction\",\"name\":\"Comment\",\"target\":[\"https:\\\/\\\/garageblogec.com\\\/?p=1308#respond\"]}]},{\"@type\":\"WebPage\",\"@id\":\"https:\\\/\\\/garageblogec.com\\\/?p=1308\",\"url\":\"https:\\\/\\\/garageblogec.com\\\/?p=1308\",\"name\":\"El VW Tiguan 2025 suma ritmo, espacio y una nueva cara. - Garage Blog Ecuador\",\"isPartOf\":{\"@id\":\"https:\\\/\\\/garageblogec.com\\\/#website\"},\"primaryImageOfPage\":{\"@id\":\"https:\\\/\\\/garageblogec.com\\\/?p=1308#primaryimage\"},\"image\":{\"@id\":\"https:\\\/\\\/garageblogec.com\\\/?p=1308#primaryimage\"},\"thumbnailUrl\":\"https:\\\/\\\/garageblogec.com\\\/wp-content\\\/uploads\\\/2024\\\/11\\\/Captura-7.png\",\"datePublished\":\"2024-11-21T18:01:59+00:00\",\"dateModified\":\"2024-11-21T18:02:02+00:00\",\"breadcrumb\":{\"@id\":\"https:\\\/\\\/garageblogec.com\\\/?p=1308#breadcrumb\"},\"inLanguage\":\"es\",\"potentialAction\":[{\"@type\":\"ReadAction\",\"target\":[\"https:\\\/\\\/garageblogec.com\\\/?p=1308\"]}]},{\"@type\":\"ImageObject\",\"inLanguage\":\"es\",\"@id\":\"https:\\\/\\\/garageblogec.com\\\/?p=1308#primaryimage\",\"url\":\"https:\\\/\\\/garageblogec.com\\\/wp-content\\\/uploads\\\/2024\\\/11\\\/Captura-7.png\",\"contentUrl\":\"https:\\\/\\\/garageblogec.com\\\/wp-content\\\/uploads\\\/2024\\\/11\\\/Captura-7.png\",\"width\":881,\"height\":497},{\"@type\":\"BreadcrumbList\",\"@id\":\"https:\\\/\\\/garageblogec.com\\\/?p=1308#breadcrumb\",\"itemListElement\":[{\"@type\":\"ListItem\",\"position\":1,\"name\":\"Portada\",\"item\":\"https:\\\/\\\/garageblogec.com\\\/\"},{\"@type\":\"ListItem\",\"position\":2,\"name\":\"El VW Tiguan 2025 suma ritmo, espacio y una nueva cara.\"}]},{\"@type\":\"WebSite\",\"@id\":\"https:\\\/\\\/garageblogec.com\\\/#website\",\"url\":\"https:\\\/\\\/garageblogec.com\\\/\",\"name\":\"Garage Blog Ecuador\",\"description\":\"Alucinamos por los autos \",\"publisher\":{\"@id\":\"https:\\\/\\\/garageblogec.com\\\/#organization\"},\"potentialAction\":[{\"@type\":\"SearchAction\",\"target\":{\"@type\":\"EntryPoint\",\"urlTemplate\":\"https:\\\/\\\/garageblogec.com\\\/?s={search_term_string}\"},\"query-input\":{\"@type\":\"PropertyValueSpecification\",\"valueRequired\":true,\"valueName\":\"search_term_string\"}}],\"inLanguage\":\"es\"},{\"@type\":\"Organization\",\"@id\":\"https:\\\/\\\/garageblogec.com\\\/#organization\",\"name\":\"Garage Blog Ecuador\",\"url\":\"https:\\\/\\\/garageblogec.com\\\/\",\"logo\":{\"@type\":\"ImageObject\",\"inLanguage\":\"es\",\"@id\":\"https:\\\/\\\/garageblogec.com\\\/#\\\/schema\\\/logo\\\/image\\\/\",\"url\":\"https:\\\/\\\/garageblogec.com\\\/wp-content\\\/uploads\\\/2024\\\/02\\\/cropped-logo-png-para-blog.webp\",\"contentUrl\":\"https:\\\/\\\/garageblogec.com\\\/wp-content\\\/uploads\\\/2024\\\/02\\\/cropped-logo-png-para-blog.webp\",\"width\":840,\"height\":556,\"caption\":\"Garage Blog Ecuador \"},\"image\":{\"@id\":\"https:\\\/\\\/garageblogec.com\\\/#\\\/schema\\\/logo\\\/image\\\/\"}},{\"@type\":\"Person\",\"@id\":\"https:\\\/\\\/garageblogec.com\\\/#\\\/schema\\\/person\\\/635f4b76c0cb3e43b82fe6f7d8bcceea\",\"name\":\"gabi1212\",\"image\":{\"@type\":\"ImageObject\",\"inLanguage\":\"es\",\"@id\":\"https:\\\/\\\/secure.gravatar.com\\\/avatar\\\/6aa491f45cb359d4d6dd8c430e83f78899c80569c27d21156e19bbdcd31d1811?s=96&d=mm&r=g\",\"url\":\"https:\\\/\\\/secure.gravatar.com\\\/avatar\\\/6aa491f45cb359d4d6dd8c430e83f78899c80569c27d21156e19bbdcd31d1811?s=96&d=mm&r=g\",\"contentUrl\":\"https:\\\/\\\/secure.gravatar.com\\\/avatar\\\/6aa491f45cb359d4d6dd8c430e83f78899c80569c27d21156e19bbdcd31d1811?s=96&d=mm&r=g\",\"caption\":\"gabi1212\"},\"url\":\"https:\\\/\\\/garageblogec.com\\\/?author=6\"}]}<\/script>\n<!-- \/ Yoast SEO plugin. -->","yoast_head_json":{"title":"El VW Tiguan 2025 suma ritmo, espacio y una nueva cara. - Garage Blog Ecuador","robots":{"index":"index","follow":"follow","max-snippet":"max-snippet:-1","max-image-preview":"max-image-preview:large","max-video-preview":"max-video-preview:-1"},"canonical":"https:\/\/garageblogec.com\/?p=1308","og_locale":"es_ES","og_type":"article","og_title":"El VW Tiguan 2025 suma ritmo, espacio y una nueva cara. - Garage Blog Ecuador","og_description":"El Tiguan redise\u00f1ado de Am\u00e9rica del Norte parece ser un gran paso adelante, ya que es m\u00e1s potente, de alta tecnolog\u00eda y eficiente.","og_url":"https:\/\/garageblogec.com\/?p=1308","og_site_name":"Garage Blog Ecuador","article_published_time":"2024-11-21T18:01:59+00:00","article_modified_time":"2024-11-21T18:02:02+00:00","og_image":[{"width":881,"height":497,"url":"https:\/\/garageblogec.com\/wp-content\/uploads\/2024\/11\/Captura-7.png","type":"image\/png"}],"author":"gabi1212","twitter_card":"summary_large_image","twitter_misc":{"Escrito por":"gabi1212","Tiempo de lectura":"6 minutos"},"schema":{"@context":"https:\/\/schema.org","@graph":[{"@type":"Article","@id":"https:\/\/garageblogec.com\/?p=1308#article","isPartOf":{"@id":"https:\/\/garageblogec.com\/?p=1308"},"author":{"name":"gabi1212","@id":"https:\/\/garageblogec.com\/#\/schema\/person\/635f4b76c0cb3e43b82fe6f7d8bcceea"},"headline":"El VW Tiguan 2025 suma ritmo, espacio y una nueva cara.","datePublished":"2024-11-21T18:01:59+00:00","dateModified":"2024-11-21T18:02:02+00:00","mainEntityOfPage":{"@id":"https:\/\/garageblogec.com\/?p=1308"},"wordCount":880,"commentCount":0,"publisher":{"@id":"https:\/\/garageblogec.com\/#organization"},"image":{"@id":"https:\/\/garageblogec.com\/?p=1308#primaryimage"},"thumbnailUrl":"https:\/\/garageblogec.com\/wp-content\/uploads\/2024\/11\/Captura-7.png","articleSection":["Industria Nacional"],"inLanguage":"es","potentialAction":[{"@type":"CommentAction","name":"Comment","target":["https:\/\/garageblogec.com\/?p=1308#respond"]}]},{"@type":"WebPage","@id":"https:\/\/garageblogec.com\/?p=1308","url":"https:\/\/garageblogec.com\/?p=1308","name":"El VW Tiguan 2025 suma ritmo, espacio y una nueva cara. - Garage Blog Ecuador","isPartOf":{"@id":"https:\/\/garageblogec.com\/#website"},"primaryImageOfPage":{"@id":"https:\/\/garageblogec.com\/?p=1308#primaryimage"},"image":{"@id":"https:\/\/garageblogec.com\/?p=1308#primaryimage"},"thumbnailUrl":"https:\/\/garageblogec.com\/wp-content\/uploads\/2024\/11\/Captura-7.png","datePublished":"2024-11-21T18:01:59+00:00","dateModified":"2024-11-21T18:02:02+00:00","breadcrumb":{"@id":"https:\/\/garageblogec.com\/?p=1308#breadcrumb"},"inLanguage":"es","potentialAction":[{"@type":"ReadAction","target":["https:\/\/garageblogec.com\/?p=1308"]}]},{"@type":"ImageObject","inLanguage":"es","@id":"https:\/\/garageblogec.com\/?p=1308#primaryimage","url":"https:\/\/garageblogec.com\/wp-content\/uploads\/2024\/11\/Captura-7.png","contentUrl":"https:\/\/garageblogec.com\/wp-content\/uploads\/2024\/11\/Captura-7.png","width":881,"height":497},{"@type":"BreadcrumbList","@id":"https:\/\/garageblogec.com\/?p=1308#breadcrumb","itemListElement":[{"@type":"ListItem","position":1,"name":"Portada","item":"https:\/\/garageblogec.com\/"},{"@type":"ListItem","position":2,"name":"El VW Tiguan 2025 suma ritmo, espacio y una nueva cara."}]},{"@type":"WebSite","@id":"https:\/\/garageblogec.com\/#website","url":"https:\/\/garageblogec.com\/","name":"Garage Blog Ecuador","description":"Alucinamos por los autos ","publisher":{"@id":"https:\/\/garageblogec.com\/#organization"},"potentialAction":[{"@type":"SearchAction","target":{"@type":"EntryPoint","urlTemplate":"https:\/\/garageblogec.com\/?s={search_term_string}"},"query-input":{"@type":"PropertyValueSpecification","valueRequired":true,"valueName":"search_term_string"}}],"inLanguage":"es"},{"@type":"Organization","@id":"https:\/\/garageblogec.com\/#organization","name":"Garage Blog Ecuador","url":"https:\/\/garageblogec.com\/","logo":{"@type":"ImageObject","inLanguage":"es","@id":"https:\/\/garageblogec.com\/#\/schema\/logo\/image\/","url":"https:\/\/garageblogec.com\/wp-content\/uploads\/2024\/02\/cropped-logo-png-para-blog.webp","contentUrl":"https:\/\/garageblogec.com\/wp-content\/uploads\/2024\/02\/cropped-logo-png-para-blog.webp","width":840,"height":556,"caption":"Garage Blog Ecuador "},"image":{"@id":"https:\/\/garageblogec.com\/#\/schema\/logo\/image\/"}},{"@type":"Person","@id":"https:\/\/garageblogec.com\/#\/schema\/person\/635f4b76c0cb3e43b82fe6f7d8bcceea","name":"gabi1212","image":{"@type":"ImageObject","inLanguage":"es","@id":"https:\/\/secure.gravatar.com\/avatar\/6aa491f45cb359d4d6dd8c430e83f78899c80569c27d21156e19bbdcd31d1811?s=96&d=mm&r=g","url":"https:\/\/secure.gravatar.com\/avatar\/6aa491f45cb359d4d6dd8c430e83f78899c80569c27d21156e19bbdcd31d1811?s=96&d=mm&r=g","contentUrl":"https:\/\/secure.gravatar.com\/avatar\/6aa491f45cb359d4d6dd8c430e83f78899c80569c27d21156e19bbdcd31d1811?s=96&d=mm&r=g","caption":"gabi1212"},"url":"https:\/\/garageblogec.com\/?author=6"}]}},"jetpack_featured_media_url":"https:\/\/garageblogec.com\/wp-content\/uploads\/2024\/11\/Captura-7.png","jetpack_sharing_enabled":true,"_links":{"self":[{"href":"https:\/\/garageblogec.com\/index.php?rest_route=\/wp\/v2\/posts\/1308","targetHints":{"allow":["GET"]}}],"collection":[{"href":"https:\/\/garageblogec.com\/index.php?rest_route=\/wp\/v2\/posts"}],"about":[{"href":"https:\/\/garageblogec.com\/index.php?rest_route=\/wp\/v2\/types\/post"}],"author":[{"embeddable":true,"href":"https:\/\/garageblogec.com\/index.php?rest_route=\/wp\/v2\/users\/6"}],"replies":[{"embeddable":true,"href":"https:\/\/garageblogec.com\/index.php?rest_route=%2Fwp%2Fv2%2Fcomments&post=1308"}],"version-history":[{"count":1,"href":"https:\/\/garageblogec.com\/index.php?rest_route=\/wp\/v2\/posts\/1308\/revisions"}],"predecessor-version":[{"id":1315,"href":"https:\/\/garageblogec.com\/index.php?rest_route=\/wp\/v2\/posts\/1308\/revisions\/1315"}],"wp:featuredmedia":[{"embeddable":true,"href":"https:\/\/garageblogec.com\/index.php?rest_route=\/wp\/v2\/media\/1314"}],"wp:attachment":[{"href":"https:\/\/garageblogec.com\/index.php?rest_route=%2Fwp%2Fv2%2Fmedia&parent=1308"}],"wp:term":[{"taxonomy":"category","embeddable":true,"href":"https:\/\/garageblogec.com\/index.php?rest_route=%2Fwp%2Fv2%2Fcategories&post=1308"},{"taxonomy":"post_tag","embeddable":true,"href":"https:\/\/garageblogec.com\/index.php?rest_route=%2Fwp%2Fv2%2Ftags&post=1308"}],"curies":[{"name":"wp","href":"https:\/\/api.w.org\/{rel}","templated":true}]}}