{"id":1289,"date":"2024-11-18T18:09:43","date_gmt":"2024-11-18T18:09:43","guid":{"rendered":"https:\/\/garageblogec.com\/?p=1289"},"modified":"2024-11-18T18:09:47","modified_gmt":"2024-11-18T18:09:47","slug":"el-diseno-en-cuna-del-lamborghini-bravo-recibe-un-reinicio-digital-que-merece-ser-real","status":"publish","type":"post","link":"https:\/\/garageblogec.com\/?p=1289","title":{"rendered":"El dise\u00f1o en cu\u00f1a del Lamborghini Bravo recibe un reinicio digital que merece ser real"},"content":{"rendered":"\n<p>Puede que Lamborghini est\u00e9 avanzando a toda velocidad hacia su futuro electrificado con modelos como el Temerario de tres motores y el Revuelto, pero\u00a0el dise\u00f1ador independiente Marco Maltese\u00a0ha pisado el freno para mirar hacia atr\u00e1s. En un momento de nostalgia digital, Maltese ha reinventado el Lamborghini Bravo, un concepto olvidado que era tan agudo como el l\u00e1piz de Gandini y tan radical como la d\u00e9cada de 1970 de la que surgi\u00f3.<\/p>\n\n\n\n<figure class=\"wp-block-image size-large\"><img decoding=\"async\" src=\"https:\/\/www.carscoops.com\/wp-content\/uploads\/webp\/2024\/11\/Lamborghini-Bravo-Marcello-Maltese-Design-16-2t5gvfg-1536x864.webp\" alt=\"\"\/><\/figure>\n\n\n\n<p>El\u00a0Lamborghini\u00a0Bravo original se present\u00f3 en el Sal\u00f3n del Autom\u00f3vil de Tur\u00edn de 1974, pero nunca pas\u00f3 de ser el centro de atenci\u00f3n de la etapa de concepto. Una aut\u00e9ntica obra maestra en forma de cu\u00f1a, ideada por el gran Marcello Gandini, que por entonces escrib\u00eda obras maestras para la legendaria casa de dise\u00f1o italiana Bertone.<\/p>\n\n\n\n<p>Debajo de su silueta angular se encontraban los cimientos del Lamborghini Urraco, incluido un motor V8 de 3.0 litros capaz de desarrollar 300 caballos (224 kW \/ 305 PS). Puede que no llegara a producirse, pero el Bravo se convirti\u00f3 en parte del folclore de Lamborghini, una visi\u00f3n vanguardista de lo que podr\u00eda haber sido, pero nunca lo fue.<\/p>\n\n\n\n<figure class=\"wp-block-image size-large\"><a href=\"https:\/\/www.kia.com\/ec\/showroom\/sonet\/features.html\"><img fetchpriority=\"high\" decoding=\"async\" width=\"1024\" height=\"284\" src=\"https:\/\/garageblogec.com\/wp-content\/uploads\/2024\/10\/1080X300-1-1024x284.jpg\" alt=\"\" class=\"wp-image-1198\" srcset=\"https:\/\/garageblogec.com\/wp-content\/uploads\/2024\/10\/1080X300-1-1024x284.jpg 1024w, https:\/\/garageblogec.com\/wp-content\/uploads\/2024\/10\/1080X300-1-300x83.jpg 300w, https:\/\/garageblogec.com\/wp-content\/uploads\/2024\/10\/1080X300-1-768x213.jpg 768w, https:\/\/garageblogec.com\/wp-content\/uploads\/2024\/10\/1080X300-1.jpg 1080w\" sizes=\"(max-width: 1024px) 100vw, 1024px\" \/><\/a><\/figure>\n\n\n\n<p>Casi medio siglo despu\u00e9s, la reencarnaci\u00f3n digital del Bravo que Maltese ha realizado parece una carta de amor moderna al legado de Gandini. Si bien su silueta refleja las proporciones del\u00a0Temerario de Lamborghini\u00a0, Maltese lo imagina como un modelo que podr\u00eda viajar sobre el chasis monocasco de fibra de carbono del Aventador con voladizos acortados. Esto le permitir\u00eda incorporar el V12 de 6,5 litros del Aventador, que fue el \u00faltimo de su tipo antes de que Lamborghini adoptara la electrificaci\u00f3n.<\/p>\n\n\n\n<p>Al igual que el Bravo original, el\u00a0concepto digital\u00a0presenta m\u00faltiples salidas de aire en el cap\u00f3 y la parte trasera, que era el rasgo de dise\u00f1o caracter\u00edstico del original. Se conservan elementos de dise\u00f1o clave, incluidas las espectaculares tomas de aire laterales y una l\u00ednea de cintura negra que atraviesa visualmente la carrocer\u00eda. \u00bfY esos arcos traseros angulares? Han vuelto, agresivos como siempre, subrayando la postura baja y depredadora del autom\u00f3vil.<\/p>\n\n\n\n<figure class=\"wp-block-image size-large\"><img decoding=\"async\" src=\"https:\/\/www.carscoops.com\/wp-content\/uploads\/webp\/2024\/11\/Lamborghini-Bravo-Marcello-Maltese-Design-7-1536x864.webp\" alt=\"\"\/><\/figure>\n\n\n\n<p>El di\u00e1logo retro-moderno no termina ah\u00ed. Una caracter\u00edstica destacada son los faros retr\u00e1ctiles, un gui\u00f1o inteligente a las unidades emergentes de anta\u00f1o, ahora actualizadas para cumplir con las normas de seguridad modernas. En la parte trasera, los tubos de escape triangulares se ubican debajo de un aler\u00f3n adaptativo, mientras que las delgadas luces traseras LED agregan un brillo futurista a un paquete que, por lo dem\u00e1s, es nost\u00e1lgico.<\/p>\n\n\n\n<p><strong>Detalles interiores retro, estilo moderno<\/strong><\/p>\n\n\n\n<p>En el interior, el concepto evoca los a\u00f1os 70 sin caer en el kitsch. Los asientos fijos envueltos en materiales vintage se combinan con un tablero minimalista, que cuenta con una pantalla de ancho completo para la instrumentaci\u00f3n. Tambi\u00e9n hay un sistema de informaci\u00f3n y entretenimiento flotante, similar a una tableta, complementado por algunos botones colocados estrat\u00e9gicamente en el volante. Aqu\u00ed no hay grupos abrumadores de interruptores.<\/p>\n\n\n\n<figure class=\"wp-block-image size-large\"><img decoding=\"async\" src=\"https:\/\/www.carscoops.com\/wp-content\/uploads\/webp\/2024\/11\/Lamborghini-Bravo-Marcello-Maltese-Design-29-1536x864.webp\" alt=\"\"\/><\/figure>\n\n\n\n<p>Aunque la creaci\u00f3n digital de Maltese est\u00e1 destinada a seguir siendo solo eso, un estudio de dise\u00f1o, no podemos evitar preguntarnos: \u00bfpor qu\u00e9 Lamborghini no dar\u00eda luz verde a una peque\u00f1a tirada de estos? Despu\u00e9s de todo, la marca tiene un don para producir homenajes de edici\u00f3n limitada, y algo como esto parece lograr el equilibrio adecuado entre la nostalgia y el dise\u00f1o vanguardista.<\/p>\n\n\n\n<p>Marcello Gandini,\u00a0quien lamentablemente falleci\u00f3 en marzo de 2024\u00a0, deja un legado que es casi imposible de exagerar. Puede que el Bravo no haya sido una de sus obras m\u00e1s famosas, pero su ADN se conecta directamente con algunas de sus creaciones m\u00e1s ic\u00f3nicas, incluido el Alfa Romeo Carabo, el Lancia Stratos Zero y, por supuesto, el Lamborghini Miura y el Countach.<\/p>\n\n\n<div class='pt-cv-wrapper'> <h3 class='pt-cv-heading-container heading1' data-blockid='jni73v3x'><span class='pt-cv-heading'> Overlay1 <\/span><\/h3><div class=\"pt-cv-view pt-cv-overlaygrid iscvblock iscvreal overlay1 layout1\" id=\"pt-cv-view-jni73v3x\"><div data-id=\"pt-cv-page-1\" class=\"pt-cv-page\" data-cvc=\"3\"><div class=\" pt-cv-content-item pt-cv-1-col\" ><div class=\"pt-cv-thumb-wrapper  \"><a href=\"https:\/\/garageblogec.com\/?p=3303\" class=\"_self pt-cv-href-thumbnail pt-cv-thumb-default\" target=\"_self\" ><img decoding=\"async\" width=\"768\" height=\"432\" src=\"https:\/\/garageblogec.com\/wp-content\/uploads\/2026\/04\/WhatsApp-Image-2026-04-21-at-1.52.53-PM-768x432.jpeg\" class=\"pt-cv-thumbnail\" alt=\"\" \/><\/a><\/div>\n<div class=\"pt-cv-overlay-wrapper\"><div class=\"pt-cv-taxoterm above_title\"><a href='https:\/\/garageblogec.com\/?cat=27' title='Industria Nacional' class='pt-cv-tax-industria-nacional'>Industria Nacional<\/a><\/div><h4 class=\"pt-cv-title\"><a href=\"https:\/\/garageblogec.com\/?p=3303\" class=\"_self\" target=\"_self\" >Grupo Ambacar presenta en Guayaquil KGM, su nueva marca de SUV h\u00edbridos con respaldo global<\/a><\/h4><div class=\"pt-cv-meta-fields\"><span class=\"entry-date\"> <time datetime=\"2026-04-21T21:37:24+00:00\">abril 21, 2026<\/time><\/span><span> \/ <\/span><span class=\"author\"> <a href=\"https:\/\/garageblogec.com\/?author=6\" rel=\"author\">gabi1212<\/a><\/span><\/div><\/div><\/div>\n<div class=\" pt-cv-content-item pt-cv-1-col\" ><div class=\"pt-cv-thumb-wrapper  \"><a href=\"https:\/\/garageblogec.com\/?p=3296\" class=\"_self pt-cv-href-thumbnail pt-cv-thumb-default\" target=\"_self\" ><img decoding=\"async\" width=\"768\" height=\"432\" src=\"https:\/\/garageblogec.com\/wp-content\/uploads\/2026\/04\/WhatsApp-Image-2026-04-14-at-3.15.09-PM-768x432.jpeg\" class=\"pt-cv-thumbnail\" alt=\"\" \/><\/a><\/div>\n<div class=\"pt-cv-overlay-wrapper\"><div class=\"pt-cv-taxoterm above_title\"><a href='https:\/\/garageblogec.com\/?cat=27' title='Industria Nacional' class='pt-cv-tax-industria-nacional'>Industria Nacional<\/a><\/div><h4 class=\"pt-cv-title\"><a href=\"https:\/\/garageblogec.com\/?p=3296\" class=\"_self\" target=\"_self\" >El tablero desapareci\u00f3, ahora el auto es una pantalla inteligente<\/a><\/h4><div class=\"pt-cv-meta-fields\"><span class=\"entry-date\"> <time datetime=\"2026-04-14T20:21:20+00:00\">abril 14, 2026<\/time><\/span><span> \/ <\/span><span class=\"author\"> <a href=\"https:\/\/garageblogec.com\/?author=6\" rel=\"author\">gabi1212<\/a><\/span><\/div><\/div><\/div>\n<div class=\" pt-cv-content-item pt-cv-1-col\" ><div class=\"pt-cv-thumb-wrapper  \"><a href=\"https:\/\/garageblogec.com\/?p=3291\" class=\"_self pt-cv-href-thumbnail pt-cv-thumb-default\" target=\"_self\" ><img loading=\"lazy\" decoding=\"async\" width=\"768\" height=\"432\" src=\"https:\/\/garageblogec.com\/wp-content\/uploads\/2026\/04\/WhatsApp-Image-2026-04-14-at-2.21.27-PM-768x432.jpeg\" class=\"pt-cv-thumbnail\" alt=\"\" \/><\/a><\/div>\n<div class=\"pt-cv-overlay-wrapper\"><div class=\"pt-cv-taxoterm above_title\"><a href='https:\/\/garageblogec.com\/?cat=27' title='Industria Nacional' class='pt-cv-tax-industria-nacional'>Industria Nacional<\/a><\/div><h4 class=\"pt-cv-title\"><a href=\"https:\/\/garageblogec.com\/?p=3291\" class=\"_self\" target=\"_self\" >Seguridad al volante en Ecuador: los errores m\u00e1s comunes que cometen los conductores<\/a><\/h4><div class=\"pt-cv-meta-fields\"><span class=\"entry-date\"> <time datetime=\"2026-04-14T20:08:54+00:00\">abril 14, 2026<\/time><\/span><span> \/ <\/span><span class=\"author\"> <a href=\"https:\/\/garageblogec.com\/?author=6\" rel=\"author\">gabi1212<\/a><\/span><\/div><\/div><\/div>\n<div class=\" pt-cv-content-item pt-cv-1-col\" ><div class=\"pt-cv-thumb-wrapper  \"><a href=\"https:\/\/garageblogec.com\/?p=3286\" class=\"_self pt-cv-href-thumbnail pt-cv-thumb-default\" target=\"_self\" ><img loading=\"lazy\" decoding=\"async\" width=\"768\" height=\"492\" src=\"https:\/\/garageblogec.com\/wp-content\/uploads\/2026\/04\/Posventa.jpg-768x492.jpeg\" class=\"pt-cv-thumbnail\" alt=\"\" \/><\/a><\/div>\n<div class=\"pt-cv-overlay-wrapper\"><div class=\"pt-cv-taxoterm above_title\"><a href='https:\/\/garageblogec.com\/?cat=27' title='Industria Nacional' class='pt-cv-tax-industria-nacional'>Industria Nacional<\/a><\/div><h4 class=\"pt-cv-title\"><a href=\"https:\/\/garageblogec.com\/?p=3286\" class=\"_self\" target=\"_self\" >Clientes Nissan reciben cambios de aceite infinitos<\/a><\/h4><div class=\"pt-cv-meta-fields\"><span class=\"entry-date\"> <time datetime=\"2026-04-14T20:04:08+00:00\">abril 14, 2026<\/time><\/span><span> \/ <\/span><span class=\"author\"> <a href=\"https:\/\/garageblogec.com\/?author=6\" rel=\"author\">gabi1212<\/a><\/span><\/div><\/div><\/div>\n<div class=\" pt-cv-content-item pt-cv-1-col\" ><div class=\"pt-cv-thumb-wrapper  \"><a href=\"https:\/\/garageblogec.com\/?p=3280\" class=\"_self pt-cv-href-thumbnail pt-cv-thumb-default\" target=\"_self\" ><img loading=\"lazy\" decoding=\"async\" width=\"768\" height=\"512\" src=\"https:\/\/garageblogec.com\/wp-content\/uploads\/2026\/04\/foto1-768x512.jpeg\" class=\"pt-cv-thumbnail\" alt=\"\" \/><\/a><\/div>\n<div class=\"pt-cv-overlay-wrapper\"><div class=\"pt-cv-taxoterm above_title\"><a href='https:\/\/garageblogec.com\/?cat=27' title='Industria Nacional' class='pt-cv-tax-industria-nacional'>Industria Nacional<\/a><\/div><h4 class=\"pt-cv-title\"><a href=\"https:\/\/garageblogec.com\/?p=3280\" class=\"_self\" target=\"_self\" >Movilidad como inversi\u00f3n: el uso de utilidades que crece en Ecuador<\/a><\/h4><div class=\"pt-cv-meta-fields\"><span class=\"entry-date\"> <time datetime=\"2026-04-07T19:55:36+00:00\">abril 7, 2026<\/time><\/span><span> \/ <\/span><span class=\"author\"> <a href=\"https:\/\/garageblogec.com\/?author=6\" rel=\"author\">gabi1212<\/a><\/span><\/div><\/div><\/div>\n<div class=\" pt-cv-content-item pt-cv-1-col\" ><div class=\"pt-cv-thumb-wrapper  \"><a href=\"https:\/\/garageblogec.com\/?p=3276\" class=\"_self pt-cv-href-thumbnail pt-cv-thumb-default\" target=\"_self\" ><img loading=\"lazy\" decoding=\"async\" width=\"745\" height=\"491\" src=\"https:\/\/garageblogec.com\/wp-content\/uploads\/2026\/04\/TT.png\" class=\"pt-cv-thumbnail\" alt=\"\" \/><\/a><\/div>\n<div class=\"pt-cv-overlay-wrapper\"><div class=\"pt-cv-taxoterm above_title\"><a href='https:\/\/garageblogec.com\/?cat=27' title='Industria Nacional' class='pt-cv-tax-industria-nacional'>Industria Nacional<\/a><\/div><h4 class=\"pt-cv-title\"><a href=\"https:\/\/garageblogec.com\/?p=3276\" class=\"_self\" target=\"_self\" >Lluvias en Ecuador: C\u00f3mo reducir riesgos en carretera y prevenir accidentes en calzada mojada<\/a><\/h4><div class=\"pt-cv-meta-fields\"><span class=\"entry-date\"> <time datetime=\"2026-04-07T19:46:52+00:00\">abril 7, 2026<\/time><\/span><span> \/ <\/span><span class=\"author\"> <a href=\"https:\/\/garageblogec.com\/?author=6\" rel=\"author\">gabi1212<\/a><\/span><\/div><\/div><\/div><\/div><\/div> <\/div> <style>\n#pt-cv-view-jni73v3x .pt-cv-thumb-wrapper::before {background: rgba(0,0,0,.4); opacity: 0.8;}#pt-cv-view-jni73v3x .pt-cv-overlay-wrapper {justify-content: center;}\n#pt-cv-view-jni73v3x .pt-cv-meta-fields {  }#pt-cv-view-jni73v3x .pt-cv-meta-fields * { font-size: 13px; }#pt-cv-view-jni73v3x .pt-cv-title a { display: block; }#pt-cv-view-jni73v3x .pt-cv-title:not(.pt-cv-titlesm) a { font-weight: 600;text-decoration: none;font-size: 20px; }#pt-cv-view-jni73v3x .pt-cv-titlesm a { font-weight: 600;font-size: 18px; }#pt-cv-view-jni73v3x .pt-cv-content { font-size: 15px; }#pt-cv-view-jni73v3x .pt-cv-rmwrap {  }#pt-cv-view-jni73v3x .pt-cv-readmore { color: #fff;background-color: #0075ff;font-size: 14px; }#pt-cv-view-jni73v3x .pt-cv-taxoterm { margin: 0px 0px 20px 0px; }#pt-cv-view-jni73v3x .pt-cv-taxoterm * { color: #222;background-color: #fff6f6;font-size: 14px; }#pt-cv-view-jni73v3x + .pt-cv-pagination-wrapper {  }#pt-cv-view-jni73v3x + .pt-cv-pagination-wrapper a { font-size: 14px; }#pt-cv-view-jni73v3x > .pt-cv-page {grid-template-columns: repeat(3, 1fr);grid-auto-rows: 250px;grid-gap: 10px;}\n@media all and (max-width: 1024px) { \n#pt-cv-view-jni73v3x > .pt-cv-page {}\n} \n@media all and (max-width: 767px) { \n#pt-cv-view-jni73v3x > .pt-cv-page {grid-template-columns: repeat(1, 1fr);}\n} <\/style>\n\n\n<p><\/p>\n","protected":false},"excerpt":{"rendered":"<p>El concepto digital se concibe con el monocasco de carbono y el V12 no electrificado del Lamborghini Aventador.<\/p>\n","protected":false},"author":6,"featured_media":1290,"comment_status":"open","ping_status":"open","sticky":false,"template":"","format":"standard","meta":{"_jetpack_memberships_contains_paid_content":false,"footnotes":""},"categories":[1],"tags":[],"class_list":["post-1289","post","type-post","status-publish","format-standard","has-post-thumbnail","hentry","category-uncategorized"],"yoast_head":"<!-- This site is optimized with the Yoast SEO plugin v27.4 - https:\/\/yoast.com\/product\/yoast-seo-wordpress\/ -->\n<title>El dise\u00f1o en cu\u00f1a del Lamborghini Bravo recibe un reinicio digital que merece ser real - Garage Blog Ecuador<\/title>\n<meta name=\"robots\" content=\"index, follow, max-snippet:-1, max-image-preview:large, max-video-preview:-1\" \/>\n<link rel=\"canonical\" href=\"https:\/\/garageblogec.com\/?p=1289\" \/>\n<meta property=\"og:locale\" content=\"es_ES\" \/>\n<meta property=\"og:type\" content=\"article\" \/>\n<meta property=\"og:title\" content=\"El dise\u00f1o en cu\u00f1a del Lamborghini Bravo recibe un reinicio digital que merece ser real - Garage Blog Ecuador\" \/>\n<meta property=\"og:description\" content=\"El concepto digital se concibe con el monocasco de carbono y el V12 no electrificado del Lamborghini Aventador.\" \/>\n<meta property=\"og:url\" content=\"https:\/\/garageblogec.com\/?p=1289\" \/>\n<meta property=\"og:site_name\" content=\"Garage Blog Ecuador\" \/>\n<meta property=\"article:published_time\" content=\"2024-11-18T18:09:43+00:00\" \/>\n<meta property=\"article:modified_time\" content=\"2024-11-18T18:09:47+00:00\" \/>\n<meta property=\"og:image\" content=\"https:\/\/garageblogec.com\/wp-content\/uploads\/2024\/11\/Captura-6.png\" \/>\n\t<meta property=\"og:image:width\" content=\"1020\" \/>\n\t<meta property=\"og:image:height\" content=\"542\" \/>\n\t<meta property=\"og:image:type\" content=\"image\/png\" \/>\n<meta name=\"author\" content=\"gabi1212\" \/>\n<meta name=\"twitter:card\" content=\"summary_large_image\" \/>\n<meta name=\"twitter:label1\" content=\"Escrito por\" \/>\n\t<meta name=\"twitter:data1\" content=\"gabi1212\" \/>\n\t<meta name=\"twitter:label2\" content=\"Tiempo de lectura\" \/>\n\t<meta name=\"twitter:data2\" content=\"4 minutos\" \/>\n<script type=\"application\/ld+json\" class=\"yoast-schema-graph\">{\"@context\":\"https:\\\/\\\/schema.org\",\"@graph\":[{\"@type\":\"Article\",\"@id\":\"https:\\\/\\\/garageblogec.com\\\/?p=1289#article\",\"isPartOf\":{\"@id\":\"https:\\\/\\\/garageblogec.com\\\/?p=1289\"},\"author\":{\"name\":\"gabi1212\",\"@id\":\"https:\\\/\\\/garageblogec.com\\\/#\\\/schema\\\/person\\\/635f4b76c0cb3e43b82fe6f7d8bcceea\"},\"headline\":\"El dise\u00f1o en cu\u00f1a del Lamborghini Bravo recibe un reinicio digital que merece ser real\",\"datePublished\":\"2024-11-18T18:09:43+00:00\",\"dateModified\":\"2024-11-18T18:09:47+00:00\",\"mainEntityOfPage\":{\"@id\":\"https:\\\/\\\/garageblogec.com\\\/?p=1289\"},\"wordCount\":664,\"commentCount\":0,\"publisher\":{\"@id\":\"https:\\\/\\\/garageblogec.com\\\/#organization\"},\"image\":{\"@id\":\"https:\\\/\\\/garageblogec.com\\\/?p=1289#primaryimage\"},\"thumbnailUrl\":\"https:\\\/\\\/garageblogec.com\\\/wp-content\\\/uploads\\\/2024\\\/11\\\/Captura-6.png\",\"articleSection\":[\"Uncategorized\"],\"inLanguage\":\"es\",\"potentialAction\":[{\"@type\":\"CommentAction\",\"name\":\"Comment\",\"target\":[\"https:\\\/\\\/garageblogec.com\\\/?p=1289#respond\"]}]},{\"@type\":\"WebPage\",\"@id\":\"https:\\\/\\\/garageblogec.com\\\/?p=1289\",\"url\":\"https:\\\/\\\/garageblogec.com\\\/?p=1289\",\"name\":\"El dise\u00f1o en cu\u00f1a del Lamborghini Bravo recibe un reinicio digital que merece ser real - Garage Blog Ecuador\",\"isPartOf\":{\"@id\":\"https:\\\/\\\/garageblogec.com\\\/#website\"},\"primaryImageOfPage\":{\"@id\":\"https:\\\/\\\/garageblogec.com\\\/?p=1289#primaryimage\"},\"image\":{\"@id\":\"https:\\\/\\\/garageblogec.com\\\/?p=1289#primaryimage\"},\"thumbnailUrl\":\"https:\\\/\\\/garageblogec.com\\\/wp-content\\\/uploads\\\/2024\\\/11\\\/Captura-6.png\",\"datePublished\":\"2024-11-18T18:09:43+00:00\",\"dateModified\":\"2024-11-18T18:09:47+00:00\",\"breadcrumb\":{\"@id\":\"https:\\\/\\\/garageblogec.com\\\/?p=1289#breadcrumb\"},\"inLanguage\":\"es\",\"potentialAction\":[{\"@type\":\"ReadAction\",\"target\":[\"https:\\\/\\\/garageblogec.com\\\/?p=1289\"]}]},{\"@type\":\"ImageObject\",\"inLanguage\":\"es\",\"@id\":\"https:\\\/\\\/garageblogec.com\\\/?p=1289#primaryimage\",\"url\":\"https:\\\/\\\/garageblogec.com\\\/wp-content\\\/uploads\\\/2024\\\/11\\\/Captura-6.png\",\"contentUrl\":\"https:\\\/\\\/garageblogec.com\\\/wp-content\\\/uploads\\\/2024\\\/11\\\/Captura-6.png\",\"width\":1020,\"height\":542},{\"@type\":\"BreadcrumbList\",\"@id\":\"https:\\\/\\\/garageblogec.com\\\/?p=1289#breadcrumb\",\"itemListElement\":[{\"@type\":\"ListItem\",\"position\":1,\"name\":\"Portada\",\"item\":\"https:\\\/\\\/garageblogec.com\\\/\"},{\"@type\":\"ListItem\",\"position\":2,\"name\":\"El dise\u00f1o en cu\u00f1a del Lamborghini Bravo recibe un reinicio digital que merece ser real\"}]},{\"@type\":\"WebSite\",\"@id\":\"https:\\\/\\\/garageblogec.com\\\/#website\",\"url\":\"https:\\\/\\\/garageblogec.com\\\/\",\"name\":\"Garage Blog Ecuador\",\"description\":\"Alucinamos por los autos \",\"publisher\":{\"@id\":\"https:\\\/\\\/garageblogec.com\\\/#organization\"},\"potentialAction\":[{\"@type\":\"SearchAction\",\"target\":{\"@type\":\"EntryPoint\",\"urlTemplate\":\"https:\\\/\\\/garageblogec.com\\\/?s={search_term_string}\"},\"query-input\":{\"@type\":\"PropertyValueSpecification\",\"valueRequired\":true,\"valueName\":\"search_term_string\"}}],\"inLanguage\":\"es\"},{\"@type\":\"Organization\",\"@id\":\"https:\\\/\\\/garageblogec.com\\\/#organization\",\"name\":\"Garage Blog Ecuador\",\"url\":\"https:\\\/\\\/garageblogec.com\\\/\",\"logo\":{\"@type\":\"ImageObject\",\"inLanguage\":\"es\",\"@id\":\"https:\\\/\\\/garageblogec.com\\\/#\\\/schema\\\/logo\\\/image\\\/\",\"url\":\"https:\\\/\\\/garageblogec.com\\\/wp-content\\\/uploads\\\/2024\\\/02\\\/cropped-logo-png-para-blog.webp\",\"contentUrl\":\"https:\\\/\\\/garageblogec.com\\\/wp-content\\\/uploads\\\/2024\\\/02\\\/cropped-logo-png-para-blog.webp\",\"width\":840,\"height\":556,\"caption\":\"Garage Blog Ecuador \"},\"image\":{\"@id\":\"https:\\\/\\\/garageblogec.com\\\/#\\\/schema\\\/logo\\\/image\\\/\"}},{\"@type\":\"Person\",\"@id\":\"https:\\\/\\\/garageblogec.com\\\/#\\\/schema\\\/person\\\/635f4b76c0cb3e43b82fe6f7d8bcceea\",\"name\":\"gabi1212\",\"image\":{\"@type\":\"ImageObject\",\"inLanguage\":\"es\",\"@id\":\"https:\\\/\\\/secure.gravatar.com\\\/avatar\\\/6aa491f45cb359d4d6dd8c430e83f78899c80569c27d21156e19bbdcd31d1811?s=96&d=mm&r=g\",\"url\":\"https:\\\/\\\/secure.gravatar.com\\\/avatar\\\/6aa491f45cb359d4d6dd8c430e83f78899c80569c27d21156e19bbdcd31d1811?s=96&d=mm&r=g\",\"contentUrl\":\"https:\\\/\\\/secure.gravatar.com\\\/avatar\\\/6aa491f45cb359d4d6dd8c430e83f78899c80569c27d21156e19bbdcd31d1811?s=96&d=mm&r=g\",\"caption\":\"gabi1212\"},\"url\":\"https:\\\/\\\/garageblogec.com\\\/?author=6\"}]}<\/script>\n<!-- \/ Yoast SEO plugin. -->","yoast_head_json":{"title":"El dise\u00f1o en cu\u00f1a del Lamborghini Bravo recibe un reinicio digital que merece ser real - Garage Blog Ecuador","robots":{"index":"index","follow":"follow","max-snippet":"max-snippet:-1","max-image-preview":"max-image-preview:large","max-video-preview":"max-video-preview:-1"},"canonical":"https:\/\/garageblogec.com\/?p=1289","og_locale":"es_ES","og_type":"article","og_title":"El dise\u00f1o en cu\u00f1a del Lamborghini Bravo recibe un reinicio digital que merece ser real - Garage Blog Ecuador","og_description":"El concepto digital se concibe con el monocasco de carbono y el V12 no electrificado del Lamborghini Aventador.","og_url":"https:\/\/garageblogec.com\/?p=1289","og_site_name":"Garage Blog Ecuador","article_published_time":"2024-11-18T18:09:43+00:00","article_modified_time":"2024-11-18T18:09:47+00:00","og_image":[{"width":1020,"height":542,"url":"https:\/\/garageblogec.com\/wp-content\/uploads\/2024\/11\/Captura-6.png","type":"image\/png"}],"author":"gabi1212","twitter_card":"summary_large_image","twitter_misc":{"Escrito por":"gabi1212","Tiempo de lectura":"4 minutos"},"schema":{"@context":"https:\/\/schema.org","@graph":[{"@type":"Article","@id":"https:\/\/garageblogec.com\/?p=1289#article","isPartOf":{"@id":"https:\/\/garageblogec.com\/?p=1289"},"author":{"name":"gabi1212","@id":"https:\/\/garageblogec.com\/#\/schema\/person\/635f4b76c0cb3e43b82fe6f7d8bcceea"},"headline":"El dise\u00f1o en cu\u00f1a del Lamborghini Bravo recibe un reinicio digital que merece ser real","datePublished":"2024-11-18T18:09:43+00:00","dateModified":"2024-11-18T18:09:47+00:00","mainEntityOfPage":{"@id":"https:\/\/garageblogec.com\/?p=1289"},"wordCount":664,"commentCount":0,"publisher":{"@id":"https:\/\/garageblogec.com\/#organization"},"image":{"@id":"https:\/\/garageblogec.com\/?p=1289#primaryimage"},"thumbnailUrl":"https:\/\/garageblogec.com\/wp-content\/uploads\/2024\/11\/Captura-6.png","articleSection":["Uncategorized"],"inLanguage":"es","potentialAction":[{"@type":"CommentAction","name":"Comment","target":["https:\/\/garageblogec.com\/?p=1289#respond"]}]},{"@type":"WebPage","@id":"https:\/\/garageblogec.com\/?p=1289","url":"https:\/\/garageblogec.com\/?p=1289","name":"El dise\u00f1o en cu\u00f1a del Lamborghini Bravo recibe un reinicio digital que merece ser real - Garage Blog Ecuador","isPartOf":{"@id":"https:\/\/garageblogec.com\/#website"},"primaryImageOfPage":{"@id":"https:\/\/garageblogec.com\/?p=1289#primaryimage"},"image":{"@id":"https:\/\/garageblogec.com\/?p=1289#primaryimage"},"thumbnailUrl":"https:\/\/garageblogec.com\/wp-content\/uploads\/2024\/11\/Captura-6.png","datePublished":"2024-11-18T18:09:43+00:00","dateModified":"2024-11-18T18:09:47+00:00","breadcrumb":{"@id":"https:\/\/garageblogec.com\/?p=1289#breadcrumb"},"inLanguage":"es","potentialAction":[{"@type":"ReadAction","target":["https:\/\/garageblogec.com\/?p=1289"]}]},{"@type":"ImageObject","inLanguage":"es","@id":"https:\/\/garageblogec.com\/?p=1289#primaryimage","url":"https:\/\/garageblogec.com\/wp-content\/uploads\/2024\/11\/Captura-6.png","contentUrl":"https:\/\/garageblogec.com\/wp-content\/uploads\/2024\/11\/Captura-6.png","width":1020,"height":542},{"@type":"BreadcrumbList","@id":"https:\/\/garageblogec.com\/?p=1289#breadcrumb","itemListElement":[{"@type":"ListItem","position":1,"name":"Portada","item":"https:\/\/garageblogec.com\/"},{"@type":"ListItem","position":2,"name":"El dise\u00f1o en cu\u00f1a del Lamborghini Bravo recibe un reinicio digital que merece ser real"}]},{"@type":"WebSite","@id":"https:\/\/garageblogec.com\/#website","url":"https:\/\/garageblogec.com\/","name":"Garage Blog Ecuador","description":"Alucinamos por los autos ","publisher":{"@id":"https:\/\/garageblogec.com\/#organization"},"potentialAction":[{"@type":"SearchAction","target":{"@type":"EntryPoint","urlTemplate":"https:\/\/garageblogec.com\/?s={search_term_string}"},"query-input":{"@type":"PropertyValueSpecification","valueRequired":true,"valueName":"search_term_string"}}],"inLanguage":"es"},{"@type":"Organization","@id":"https:\/\/garageblogec.com\/#organization","name":"Garage Blog Ecuador","url":"https:\/\/garageblogec.com\/","logo":{"@type":"ImageObject","inLanguage":"es","@id":"https:\/\/garageblogec.com\/#\/schema\/logo\/image\/","url":"https:\/\/garageblogec.com\/wp-content\/uploads\/2024\/02\/cropped-logo-png-para-blog.webp","contentUrl":"https:\/\/garageblogec.com\/wp-content\/uploads\/2024\/02\/cropped-logo-png-para-blog.webp","width":840,"height":556,"caption":"Garage Blog Ecuador "},"image":{"@id":"https:\/\/garageblogec.com\/#\/schema\/logo\/image\/"}},{"@type":"Person","@id":"https:\/\/garageblogec.com\/#\/schema\/person\/635f4b76c0cb3e43b82fe6f7d8bcceea","name":"gabi1212","image":{"@type":"ImageObject","inLanguage":"es","@id":"https:\/\/secure.gravatar.com\/avatar\/6aa491f45cb359d4d6dd8c430e83f78899c80569c27d21156e19bbdcd31d1811?s=96&d=mm&r=g","url":"https:\/\/secure.gravatar.com\/avatar\/6aa491f45cb359d4d6dd8c430e83f78899c80569c27d21156e19bbdcd31d1811?s=96&d=mm&r=g","contentUrl":"https:\/\/secure.gravatar.com\/avatar\/6aa491f45cb359d4d6dd8c430e83f78899c80569c27d21156e19bbdcd31d1811?s=96&d=mm&r=g","caption":"gabi1212"},"url":"https:\/\/garageblogec.com\/?author=6"}]}},"jetpack_featured_media_url":"https:\/\/garageblogec.com\/wp-content\/uploads\/2024\/11\/Captura-6.png","jetpack_sharing_enabled":true,"_links":{"self":[{"href":"https:\/\/garageblogec.com\/index.php?rest_route=\/wp\/v2\/posts\/1289","targetHints":{"allow":["GET"]}}],"collection":[{"href":"https:\/\/garageblogec.com\/index.php?rest_route=\/wp\/v2\/posts"}],"about":[{"href":"https:\/\/garageblogec.com\/index.php?rest_route=\/wp\/v2\/types\/post"}],"author":[{"embeddable":true,"href":"https:\/\/garageblogec.com\/index.php?rest_route=\/wp\/v2\/users\/6"}],"replies":[{"embeddable":true,"href":"https:\/\/garageblogec.com\/index.php?rest_route=%2Fwp%2Fv2%2Fcomments&post=1289"}],"version-history":[{"count":1,"href":"https:\/\/garageblogec.com\/index.php?rest_route=\/wp\/v2\/posts\/1289\/revisions"}],"predecessor-version":[{"id":1291,"href":"https:\/\/garageblogec.com\/index.php?rest_route=\/wp\/v2\/posts\/1289\/revisions\/1291"}],"wp:featuredmedia":[{"embeddable":true,"href":"https:\/\/garageblogec.com\/index.php?rest_route=\/wp\/v2\/media\/1290"}],"wp:attachment":[{"href":"https:\/\/garageblogec.com\/index.php?rest_route=%2Fwp%2Fv2%2Fmedia&parent=1289"}],"wp:term":[{"taxonomy":"category","embeddable":true,"href":"https:\/\/garageblogec.com\/index.php?rest_route=%2Fwp%2Fv2%2Fcategories&post=1289"},{"taxonomy":"post_tag","embeddable":true,"href":"https:\/\/garageblogec.com\/index.php?rest_route=%2Fwp%2Fv2%2Ftags&post=1289"}],"curies":[{"name":"wp","href":"https:\/\/api.w.org\/{rel}","templated":true}]}}