{"id":1161,"date":"2024-10-18T14:09:46","date_gmt":"2024-10-18T14:09:46","guid":{"rendered":"https:\/\/garageblogec.com\/?p=1161"},"modified":"2024-10-18T14:16:07","modified_gmt":"2024-10-18T14:16:07","slug":"terpel-ecuador-llevo-a-cabo-la-decimosegunda-edicion-de-su-foro-gerencial-para-el-sector-empresarial","status":"publish","type":"post","link":"https:\/\/garageblogec.com\/?p=1161","title":{"rendered":"Terpel Ecuador llev\u00f3 a cabo la decimosegunda edici\u00f3n de su Foro Gerencial para el sector empresarial."},"content":{"rendered":"\n<p>Con el objetivo de ofrecer a sus clientes y aliados estrat\u00e9gicos asesor\u00eda y herramientas informativas ante un entorno econ\u00f3mico desafiante, <strong>Terpel Ecuador llev\u00f3 a cabo con \u00e9xito la 12\u00aa edici\u00f3n de su reconocido Foro Gerencial<\/strong>, un evento exclusivo dise\u00f1ado para ofrecer una visi\u00f3n estrat\u00e9gica al sector empresarial sobre el panorama econ\u00f3mico de cara al 2025. Este a\u00f1o, el evento tuvo dos ediciones, una en Quito y otra en Guayaquil, con Pablo Lucio Paredes como conferencista invitado.<\/p>\n\n\n\n<figure class=\"wp-block-image size-large\"><img fetchpriority=\"high\" decoding=\"async\" width=\"1024\" height=\"681\" src=\"https:\/\/garageblogec.com\/wp-content\/uploads\/2024\/10\/241009_Foto_ForoGerencial2024-1024x681.jpg\" alt=\"\" class=\"wp-image-1162\" srcset=\"https:\/\/garageblogec.com\/wp-content\/uploads\/2024\/10\/241009_Foto_ForoGerencial2024-1024x681.jpg 1024w, https:\/\/garageblogec.com\/wp-content\/uploads\/2024\/10\/241009_Foto_ForoGerencial2024-300x200.jpg 300w, https:\/\/garageblogec.com\/wp-content\/uploads\/2024\/10\/241009_Foto_ForoGerencial2024-768x511.jpg 768w, https:\/\/garageblogec.com\/wp-content\/uploads\/2024\/10\/241009_Foto_ForoGerencial2024-1536x1022.jpg 1536w, https:\/\/garageblogec.com\/wp-content\/uploads\/2024\/10\/241009_Foto_ForoGerencial2024-2048x1363.jpg 2048w, https:\/\/garageblogec.com\/wp-content\/uploads\/2024\/10\/241009_Foto_ForoGerencial2024-1320x878.jpg 1320w\" sizes=\"(max-width: 1024px) 100vw, 1024px\" \/><\/figure>\n\n\n\n<p>El Foro Gerencial 2024 reuni\u00f3 a destacados l\u00edderes empresariales para una jornada de an\u00e1lisis y discusi\u00f3n. Los asistentes, fueron part\u00edcipes de un espacio en el que el experto, quien es tambi\u00e9n Decano de la Facultad de Ciencias Econ\u00f3micas de la Universidad San Francisco, abord\u00f3 los indicadores econ\u00f3micos actuales y sus proyecciones para el pr\u00f3ximo a\u00f1o, con un enfoque especial en el sector de combustibles.<\/p>\n\n\n\n<p>Patricio Alde\u00e1n, Director de Industria Combustibles de Terpel Ecuador, destac\u00f3 la importancia de este foro en la industria, por tratarse de una herramienta esencial para la toma de decisiones. <em>\u00abNuestro objetivo es brindar a nuestros clientes una visi\u00f3n clara y objetiva del desempe\u00f1o econ\u00f3mico del pa\u00eds, lo cual es fundamental para que puedan implementar acciones estrat\u00e9gicas, especialmente en el \u00e1rea de combustibles\u00bb,<\/em> afirm\u00f3.<\/p>\n\n\n\n<figure class=\"wp-block-image size-large\"><a href=\"https:\/\/www.kia.com\/ec\/showroom\/ev5-ocv-25my\/specification.html\"><img decoding=\"async\" width=\"1024\" height=\"284\" src=\"https:\/\/garageblogec.com\/wp-content\/uploads\/2024\/09\/1080x300-1024x284.jpg\" alt=\"\" class=\"wp-image-1066\" srcset=\"https:\/\/garageblogec.com\/wp-content\/uploads\/2024\/09\/1080x300-1024x284.jpg 1024w, https:\/\/garageblogec.com\/wp-content\/uploads\/2024\/09\/1080x300-300x83.jpg 300w, https:\/\/garageblogec.com\/wp-content\/uploads\/2024\/09\/1080x300-768x213.jpg 768w, https:\/\/garageblogec.com\/wp-content\/uploads\/2024\/09\/1080x300.jpg 1080w\" sizes=\"(max-width: 1024px) 100vw, 1024px\" \/><\/a><\/figure>\n\n\n\n<p>El evento, que se ha convertido en una tradici\u00f3n anual para la compa\u00f1\u00eda, refleja el compromiso de Terpel de ser un Aliado Pa\u00eds, no solo a trav\u00e9s de la comercializaci\u00f3n de productos de alta calidad, sino tambi\u00e9n por medio de la generaci\u00f3n de espacios de asesor\u00eda e informaci\u00f3n que permitan navegar con \u00e9xito a las empresas en un mercado en constante cambio.<\/p>\n\n\n<div class='pt-cv-wrapper'> <h3 class='pt-cv-heading-container heading1' data-blockid='eqiwo40a'><span class='pt-cv-heading'> Overlay1 <\/span><\/h3><div class=\"pt-cv-view pt-cv-overlaygrid iscvblock iscvreal overlay1 layout1\" id=\"pt-cv-view-eqiwo40a\"><div data-id=\"pt-cv-page-1\" class=\"pt-cv-page\" data-cvc=\"3\"><div class=\" pt-cv-content-item pt-cv-1-col\" ><div class=\"pt-cv-thumb-wrapper  \"><a href=\"https:\/\/garageblogec.com\/?p=3303\" class=\"_self pt-cv-href-thumbnail pt-cv-thumb-default\" target=\"_self\" ><img decoding=\"async\" width=\"768\" height=\"432\" src=\"https:\/\/garageblogec.com\/wp-content\/uploads\/2026\/04\/WhatsApp-Image-2026-04-21-at-1.52.53-PM-768x432.jpeg\" class=\"pt-cv-thumbnail\" alt=\"\" \/><\/a><\/div>\n<div class=\"pt-cv-overlay-wrapper\"><div class=\"pt-cv-taxoterm above_title\"><a href='https:\/\/garageblogec.com\/?cat=27' title='Industria Nacional' class='pt-cv-tax-industria-nacional'>Industria Nacional<\/a><\/div><h4 class=\"pt-cv-title\"><a href=\"https:\/\/garageblogec.com\/?p=3303\" class=\"_self\" target=\"_self\" >Grupo Ambacar presenta en Guayaquil KGM, su nueva marca de SUV h\u00edbridos con respaldo global<\/a><\/h4><div class=\"pt-cv-meta-fields\"><span class=\"entry-date\"> <time datetime=\"2026-04-21T21:37:24+00:00\">abril 21, 2026<\/time><\/span><span> \/ <\/span><span class=\"author\"> <a href=\"https:\/\/garageblogec.com\/?author=6\" rel=\"author\">gabi1212<\/a><\/span><\/div><\/div><\/div>\n<div class=\" pt-cv-content-item pt-cv-1-col\" ><div class=\"pt-cv-thumb-wrapper  \"><a href=\"https:\/\/garageblogec.com\/?p=3296\" class=\"_self pt-cv-href-thumbnail pt-cv-thumb-default\" target=\"_self\" ><img loading=\"lazy\" decoding=\"async\" width=\"768\" height=\"432\" src=\"https:\/\/garageblogec.com\/wp-content\/uploads\/2026\/04\/WhatsApp-Image-2026-04-14-at-3.15.09-PM-768x432.jpeg\" class=\"pt-cv-thumbnail\" alt=\"\" \/><\/a><\/div>\n<div class=\"pt-cv-overlay-wrapper\"><div class=\"pt-cv-taxoterm above_title\"><a href='https:\/\/garageblogec.com\/?cat=27' title='Industria Nacional' class='pt-cv-tax-industria-nacional'>Industria Nacional<\/a><\/div><h4 class=\"pt-cv-title\"><a href=\"https:\/\/garageblogec.com\/?p=3296\" class=\"_self\" target=\"_self\" >El tablero desapareci\u00f3, ahora el auto es una pantalla inteligente<\/a><\/h4><div class=\"pt-cv-meta-fields\"><span class=\"entry-date\"> <time datetime=\"2026-04-14T20:21:20+00:00\">abril 14, 2026<\/time><\/span><span> \/ <\/span><span class=\"author\"> <a href=\"https:\/\/garageblogec.com\/?author=6\" rel=\"author\">gabi1212<\/a><\/span><\/div><\/div><\/div>\n<div class=\" pt-cv-content-item pt-cv-1-col\" ><div class=\"pt-cv-thumb-wrapper  \"><a href=\"https:\/\/garageblogec.com\/?p=3291\" class=\"_self pt-cv-href-thumbnail pt-cv-thumb-default\" target=\"_self\" ><img loading=\"lazy\" decoding=\"async\" width=\"768\" height=\"432\" src=\"https:\/\/garageblogec.com\/wp-content\/uploads\/2026\/04\/WhatsApp-Image-2026-04-14-at-2.21.27-PM-768x432.jpeg\" class=\"pt-cv-thumbnail\" alt=\"\" \/><\/a><\/div>\n<div class=\"pt-cv-overlay-wrapper\"><div class=\"pt-cv-taxoterm above_title\"><a href='https:\/\/garageblogec.com\/?cat=27' title='Industria Nacional' class='pt-cv-tax-industria-nacional'>Industria Nacional<\/a><\/div><h4 class=\"pt-cv-title\"><a href=\"https:\/\/garageblogec.com\/?p=3291\" class=\"_self\" target=\"_self\" >Seguridad al volante en Ecuador: los errores m\u00e1s comunes que cometen los conductores<\/a><\/h4><div class=\"pt-cv-meta-fields\"><span class=\"entry-date\"> <time datetime=\"2026-04-14T20:08:54+00:00\">abril 14, 2026<\/time><\/span><span> \/ <\/span><span class=\"author\"> <a href=\"https:\/\/garageblogec.com\/?author=6\" rel=\"author\">gabi1212<\/a><\/span><\/div><\/div><\/div>\n<div class=\" pt-cv-content-item pt-cv-1-col\" ><div class=\"pt-cv-thumb-wrapper  \"><a href=\"https:\/\/garageblogec.com\/?p=3286\" class=\"_self pt-cv-href-thumbnail pt-cv-thumb-default\" target=\"_self\" ><img loading=\"lazy\" decoding=\"async\" width=\"768\" height=\"492\" src=\"https:\/\/garageblogec.com\/wp-content\/uploads\/2026\/04\/Posventa.jpg-768x492.jpeg\" class=\"pt-cv-thumbnail\" alt=\"\" \/><\/a><\/div>\n<div class=\"pt-cv-overlay-wrapper\"><div class=\"pt-cv-taxoterm above_title\"><a href='https:\/\/garageblogec.com\/?cat=27' title='Industria Nacional' class='pt-cv-tax-industria-nacional'>Industria Nacional<\/a><\/div><h4 class=\"pt-cv-title\"><a href=\"https:\/\/garageblogec.com\/?p=3286\" class=\"_self\" target=\"_self\" >Clientes Nissan reciben cambios de aceite infinitos<\/a><\/h4><div class=\"pt-cv-meta-fields\"><span class=\"entry-date\"> <time datetime=\"2026-04-14T20:04:08+00:00\">abril 14, 2026<\/time><\/span><span> \/ <\/span><span class=\"author\"> <a href=\"https:\/\/garageblogec.com\/?author=6\" rel=\"author\">gabi1212<\/a><\/span><\/div><\/div><\/div>\n<div class=\" pt-cv-content-item pt-cv-1-col\" ><div class=\"pt-cv-thumb-wrapper  \"><a href=\"https:\/\/garageblogec.com\/?p=3280\" class=\"_self pt-cv-href-thumbnail pt-cv-thumb-default\" target=\"_self\" ><img loading=\"lazy\" decoding=\"async\" width=\"768\" height=\"512\" src=\"https:\/\/garageblogec.com\/wp-content\/uploads\/2026\/04\/foto1-768x512.jpeg\" class=\"pt-cv-thumbnail\" alt=\"\" \/><\/a><\/div>\n<div class=\"pt-cv-overlay-wrapper\"><div class=\"pt-cv-taxoterm above_title\"><a href='https:\/\/garageblogec.com\/?cat=27' title='Industria Nacional' class='pt-cv-tax-industria-nacional'>Industria Nacional<\/a><\/div><h4 class=\"pt-cv-title\"><a href=\"https:\/\/garageblogec.com\/?p=3280\" class=\"_self\" target=\"_self\" >Movilidad como inversi\u00f3n: el uso de utilidades que crece en Ecuador<\/a><\/h4><div class=\"pt-cv-meta-fields\"><span class=\"entry-date\"> <time datetime=\"2026-04-07T19:55:36+00:00\">abril 7, 2026<\/time><\/span><span> \/ <\/span><span class=\"author\"> <a href=\"https:\/\/garageblogec.com\/?author=6\" rel=\"author\">gabi1212<\/a><\/span><\/div><\/div><\/div>\n<div class=\" pt-cv-content-item pt-cv-1-col\" ><div class=\"pt-cv-thumb-wrapper  \"><a href=\"https:\/\/garageblogec.com\/?p=3276\" class=\"_self pt-cv-href-thumbnail pt-cv-thumb-default\" target=\"_self\" ><img loading=\"lazy\" decoding=\"async\" width=\"745\" height=\"491\" src=\"https:\/\/garageblogec.com\/wp-content\/uploads\/2026\/04\/TT.png\" class=\"pt-cv-thumbnail\" alt=\"\" \/><\/a><\/div>\n<div class=\"pt-cv-overlay-wrapper\"><div class=\"pt-cv-taxoterm above_title\"><a href='https:\/\/garageblogec.com\/?cat=27' title='Industria Nacional' class='pt-cv-tax-industria-nacional'>Industria Nacional<\/a><\/div><h4 class=\"pt-cv-title\"><a href=\"https:\/\/garageblogec.com\/?p=3276\" class=\"_self\" target=\"_self\" >Lluvias en Ecuador: C\u00f3mo reducir riesgos en carretera y prevenir accidentes en calzada mojada<\/a><\/h4><div class=\"pt-cv-meta-fields\"><span class=\"entry-date\"> <time datetime=\"2026-04-07T19:46:52+00:00\">abril 7, 2026<\/time><\/span><span> \/ <\/span><span class=\"author\"> <a href=\"https:\/\/garageblogec.com\/?author=6\" rel=\"author\">gabi1212<\/a><\/span><\/div><\/div><\/div><\/div><\/div> <\/div> <style>\n#pt-cv-view-eqiwo40a .pt-cv-thumb-wrapper::before {background: rgba(0,0,0,.4); opacity: 0.8;}#pt-cv-view-eqiwo40a .pt-cv-overlay-wrapper {justify-content: center;}\n#pt-cv-view-eqiwo40a .pt-cv-meta-fields {  }#pt-cv-view-eqiwo40a .pt-cv-meta-fields * { font-size: 13px; }#pt-cv-view-eqiwo40a .pt-cv-title a { display: block; }#pt-cv-view-eqiwo40a .pt-cv-title:not(.pt-cv-titlesm) a { font-weight: 600;text-decoration: none;font-size: 20px; }#pt-cv-view-eqiwo40a .pt-cv-titlesm a { font-weight: 600;font-size: 18px; }#pt-cv-view-eqiwo40a .pt-cv-content { font-size: 15px; }#pt-cv-view-eqiwo40a .pt-cv-rmwrap {  }#pt-cv-view-eqiwo40a .pt-cv-readmore { color: #fff;background-color: #0075ff;font-size: 14px; }#pt-cv-view-eqiwo40a .pt-cv-taxoterm { margin: 0px 0px 20px 0px; }#pt-cv-view-eqiwo40a .pt-cv-taxoterm * { color: #222;background-color: #fff6f6;font-size: 14px; }#pt-cv-view-eqiwo40a + .pt-cv-pagination-wrapper {  }#pt-cv-view-eqiwo40a + .pt-cv-pagination-wrapper a { font-size: 14px; }#pt-cv-view-eqiwo40a > .pt-cv-page {grid-template-columns: repeat(3, 1fr);grid-auto-rows: 250px;grid-gap: 10px;}\n@media all and (max-width: 1024px) { \n#pt-cv-view-eqiwo40a > .pt-cv-page {}\n} \n@media all and (max-width: 767px) { \n#pt-cv-view-eqiwo40a > .pt-cv-page {grid-template-columns: repeat(1, 1fr);}\n} <\/style>","protected":false},"excerpt":{"rendered":"<p>El Foro Gerencial 2024 reuni\u00f3 a destacados l\u00edderes empresariales para una jornada de an\u00e1lisis y discusi\u00f3n. Los asistentes, fueron part\u00edcipes de un espacio en el que el experto, quien es tambi\u00e9n Decano de la Facultad de Ciencias Econ\u00f3micas de la Universidad San Francisco, abord\u00f3 los indicadores econ\u00f3micos actuales y sus proyecciones para el pr\u00f3ximo a\u00f1o, con un enfoque especial en el sector de combustibles.<\/p>\n","protected":false},"author":6,"featured_media":1170,"comment_status":"open","ping_status":"open","sticky":false,"template":"","format":"standard","meta":{"_jetpack_memberships_contains_paid_content":false,"footnotes":""},"categories":[27],"tags":[],"class_list":["post-1161","post","type-post","status-publish","format-standard","has-post-thumbnail","hentry","category-industria-nacional"],"yoast_head":"<!-- This site is optimized with the Yoast SEO plugin v27.4 - https:\/\/yoast.com\/product\/yoast-seo-wordpress\/ -->\n<title>Terpel Ecuador llev\u00f3 a cabo la decimosegunda edici\u00f3n de su Foro Gerencial para el sector empresarial. - Garage Blog Ecuador<\/title>\n<meta name=\"robots\" content=\"index, follow, max-snippet:-1, max-image-preview:large, max-video-preview:-1\" \/>\n<link rel=\"canonical\" href=\"https:\/\/garageblogec.com\/?p=1161\" \/>\n<meta property=\"og:locale\" content=\"es_ES\" \/>\n<meta property=\"og:type\" content=\"article\" \/>\n<meta property=\"og:title\" content=\"Terpel Ecuador llev\u00f3 a cabo la decimosegunda edici\u00f3n de su Foro Gerencial para el sector empresarial. - Garage Blog Ecuador\" \/>\n<meta property=\"og:description\" content=\"El Foro Gerencial 2024 reuni\u00f3 a destacados l\u00edderes empresariales para una jornada de an\u00e1lisis y discusi\u00f3n. Los asistentes, fueron part\u00edcipes de un espacio en el que el experto, quien es tambi\u00e9n Decano de la Facultad de Ciencias Econ\u00f3micas de la Universidad San Francisco, abord\u00f3 los indicadores econ\u00f3micos actuales y sus proyecciones para el pr\u00f3ximo a\u00f1o, con un enfoque especial en el sector de combustibles.\" \/>\n<meta property=\"og:url\" content=\"https:\/\/garageblogec.com\/?p=1161\" \/>\n<meta property=\"og:site_name\" content=\"Garage Blog Ecuador\" \/>\n<meta property=\"article:published_time\" content=\"2024-10-18T14:09:46+00:00\" \/>\n<meta property=\"article:modified_time\" content=\"2024-10-18T14:16:07+00:00\" \/>\n<meta property=\"og:image\" content=\"https:\/\/garageblogec.com\/wp-content\/uploads\/2024\/10\/241009_Foto_ForoGerencial2024-1-scaled.jpg\" \/>\n\t<meta property=\"og:image:width\" content=\"2560\" \/>\n\t<meta property=\"og:image:height\" content=\"1703\" \/>\n\t<meta property=\"og:image:type\" content=\"image\/jpeg\" \/>\n<meta name=\"author\" content=\"gabi1212\" \/>\n<meta name=\"twitter:card\" content=\"summary_large_image\" \/>\n<meta name=\"twitter:label1\" content=\"Escrito por\" \/>\n\t<meta name=\"twitter:data1\" content=\"gabi1212\" \/>\n\t<meta name=\"twitter:label2\" content=\"Tiempo de lectura\" \/>\n\t<meta name=\"twitter:data2\" content=\"2 minutos\" \/>\n<script type=\"application\/ld+json\" class=\"yoast-schema-graph\">{\"@context\":\"https:\\\/\\\/schema.org\",\"@graph\":[{\"@type\":\"Article\",\"@id\":\"https:\\\/\\\/garageblogec.com\\\/?p=1161#article\",\"isPartOf\":{\"@id\":\"https:\\\/\\\/garageblogec.com\\\/?p=1161\"},\"author\":{\"name\":\"gabi1212\",\"@id\":\"https:\\\/\\\/garageblogec.com\\\/#\\\/schema\\\/person\\\/635f4b76c0cb3e43b82fe6f7d8bcceea\"},\"headline\":\"Terpel Ecuador llev\u00f3 a cabo la decimosegunda edici\u00f3n de su Foro Gerencial para el sector empresarial.\",\"datePublished\":\"2024-10-18T14:09:46+00:00\",\"dateModified\":\"2024-10-18T14:16:07+00:00\",\"mainEntityOfPage\":{\"@id\":\"https:\\\/\\\/garageblogec.com\\\/?p=1161\"},\"wordCount\":312,\"commentCount\":0,\"publisher\":{\"@id\":\"https:\\\/\\\/garageblogec.com\\\/#organization\"},\"image\":{\"@id\":\"https:\\\/\\\/garageblogec.com\\\/?p=1161#primaryimage\"},\"thumbnailUrl\":\"https:\\\/\\\/garageblogec.com\\\/wp-content\\\/uploads\\\/2024\\\/10\\\/241009_Foto_ForoGerencial2024-1-scaled.jpg\",\"articleSection\":[\"Industria Nacional\"],\"inLanguage\":\"es\",\"potentialAction\":[{\"@type\":\"CommentAction\",\"name\":\"Comment\",\"target\":[\"https:\\\/\\\/garageblogec.com\\\/?p=1161#respond\"]}]},{\"@type\":\"WebPage\",\"@id\":\"https:\\\/\\\/garageblogec.com\\\/?p=1161\",\"url\":\"https:\\\/\\\/garageblogec.com\\\/?p=1161\",\"name\":\"Terpel Ecuador llev\u00f3 a cabo la decimosegunda edici\u00f3n de su Foro Gerencial para el sector empresarial. - Garage Blog Ecuador\",\"isPartOf\":{\"@id\":\"https:\\\/\\\/garageblogec.com\\\/#website\"},\"primaryImageOfPage\":{\"@id\":\"https:\\\/\\\/garageblogec.com\\\/?p=1161#primaryimage\"},\"image\":{\"@id\":\"https:\\\/\\\/garageblogec.com\\\/?p=1161#primaryimage\"},\"thumbnailUrl\":\"https:\\\/\\\/garageblogec.com\\\/wp-content\\\/uploads\\\/2024\\\/10\\\/241009_Foto_ForoGerencial2024-1-scaled.jpg\",\"datePublished\":\"2024-10-18T14:09:46+00:00\",\"dateModified\":\"2024-10-18T14:16:07+00:00\",\"breadcrumb\":{\"@id\":\"https:\\\/\\\/garageblogec.com\\\/?p=1161#breadcrumb\"},\"inLanguage\":\"es\",\"potentialAction\":[{\"@type\":\"ReadAction\",\"target\":[\"https:\\\/\\\/garageblogec.com\\\/?p=1161\"]}]},{\"@type\":\"ImageObject\",\"inLanguage\":\"es\",\"@id\":\"https:\\\/\\\/garageblogec.com\\\/?p=1161#primaryimage\",\"url\":\"https:\\\/\\\/garageblogec.com\\\/wp-content\\\/uploads\\\/2024\\\/10\\\/241009_Foto_ForoGerencial2024-1-scaled.jpg\",\"contentUrl\":\"https:\\\/\\\/garageblogec.com\\\/wp-content\\\/uploads\\\/2024\\\/10\\\/241009_Foto_ForoGerencial2024-1-scaled.jpg\",\"width\":2560,\"height\":1703},{\"@type\":\"BreadcrumbList\",\"@id\":\"https:\\\/\\\/garageblogec.com\\\/?p=1161#breadcrumb\",\"itemListElement\":[{\"@type\":\"ListItem\",\"position\":1,\"name\":\"Portada\",\"item\":\"https:\\\/\\\/garageblogec.com\\\/\"},{\"@type\":\"ListItem\",\"position\":2,\"name\":\"Terpel Ecuador llev\u00f3 a cabo la decimosegunda edici\u00f3n de su Foro Gerencial para el sector empresarial.\"}]},{\"@type\":\"WebSite\",\"@id\":\"https:\\\/\\\/garageblogec.com\\\/#website\",\"url\":\"https:\\\/\\\/garageblogec.com\\\/\",\"name\":\"Garage Blog Ecuador\",\"description\":\"Alucinamos por los autos \",\"publisher\":{\"@id\":\"https:\\\/\\\/garageblogec.com\\\/#organization\"},\"potentialAction\":[{\"@type\":\"SearchAction\",\"target\":{\"@type\":\"EntryPoint\",\"urlTemplate\":\"https:\\\/\\\/garageblogec.com\\\/?s={search_term_string}\"},\"query-input\":{\"@type\":\"PropertyValueSpecification\",\"valueRequired\":true,\"valueName\":\"search_term_string\"}}],\"inLanguage\":\"es\"},{\"@type\":\"Organization\",\"@id\":\"https:\\\/\\\/garageblogec.com\\\/#organization\",\"name\":\"Garage Blog Ecuador\",\"url\":\"https:\\\/\\\/garageblogec.com\\\/\",\"logo\":{\"@type\":\"ImageObject\",\"inLanguage\":\"es\",\"@id\":\"https:\\\/\\\/garageblogec.com\\\/#\\\/schema\\\/logo\\\/image\\\/\",\"url\":\"https:\\\/\\\/garageblogec.com\\\/wp-content\\\/uploads\\\/2024\\\/02\\\/cropped-logo-png-para-blog.webp\",\"contentUrl\":\"https:\\\/\\\/garageblogec.com\\\/wp-content\\\/uploads\\\/2024\\\/02\\\/cropped-logo-png-para-blog.webp\",\"width\":840,\"height\":556,\"caption\":\"Garage Blog Ecuador \"},\"image\":{\"@id\":\"https:\\\/\\\/garageblogec.com\\\/#\\\/schema\\\/logo\\\/image\\\/\"}},{\"@type\":\"Person\",\"@id\":\"https:\\\/\\\/garageblogec.com\\\/#\\\/schema\\\/person\\\/635f4b76c0cb3e43b82fe6f7d8bcceea\",\"name\":\"gabi1212\",\"image\":{\"@type\":\"ImageObject\",\"inLanguage\":\"es\",\"@id\":\"https:\\\/\\\/secure.gravatar.com\\\/avatar\\\/6aa491f45cb359d4d6dd8c430e83f78899c80569c27d21156e19bbdcd31d1811?s=96&d=mm&r=g\",\"url\":\"https:\\\/\\\/secure.gravatar.com\\\/avatar\\\/6aa491f45cb359d4d6dd8c430e83f78899c80569c27d21156e19bbdcd31d1811?s=96&d=mm&r=g\",\"contentUrl\":\"https:\\\/\\\/secure.gravatar.com\\\/avatar\\\/6aa491f45cb359d4d6dd8c430e83f78899c80569c27d21156e19bbdcd31d1811?s=96&d=mm&r=g\",\"caption\":\"gabi1212\"},\"url\":\"https:\\\/\\\/garageblogec.com\\\/?author=6\"}]}<\/script>\n<!-- \/ Yoast SEO plugin. -->","yoast_head_json":{"title":"Terpel Ecuador llev\u00f3 a cabo la decimosegunda edici\u00f3n de su Foro Gerencial para el sector empresarial. - Garage Blog Ecuador","robots":{"index":"index","follow":"follow","max-snippet":"max-snippet:-1","max-image-preview":"max-image-preview:large","max-video-preview":"max-video-preview:-1"},"canonical":"https:\/\/garageblogec.com\/?p=1161","og_locale":"es_ES","og_type":"article","og_title":"Terpel Ecuador llev\u00f3 a cabo la decimosegunda edici\u00f3n de su Foro Gerencial para el sector empresarial. - Garage Blog Ecuador","og_description":"El Foro Gerencial 2024 reuni\u00f3 a destacados l\u00edderes empresariales para una jornada de an\u00e1lisis y discusi\u00f3n. Los asistentes, fueron part\u00edcipes de un espacio en el que el experto, quien es tambi\u00e9n Decano de la Facultad de Ciencias Econ\u00f3micas de la Universidad San Francisco, abord\u00f3 los indicadores econ\u00f3micos actuales y sus proyecciones para el pr\u00f3ximo a\u00f1o, con un enfoque especial en el sector de combustibles.","og_url":"https:\/\/garageblogec.com\/?p=1161","og_site_name":"Garage Blog Ecuador","article_published_time":"2024-10-18T14:09:46+00:00","article_modified_time":"2024-10-18T14:16:07+00:00","og_image":[{"width":2560,"height":1703,"url":"https:\/\/garageblogec.com\/wp-content\/uploads\/2024\/10\/241009_Foto_ForoGerencial2024-1-scaled.jpg","type":"image\/jpeg"}],"author":"gabi1212","twitter_card":"summary_large_image","twitter_misc":{"Escrito por":"gabi1212","Tiempo de lectura":"2 minutos"},"schema":{"@context":"https:\/\/schema.org","@graph":[{"@type":"Article","@id":"https:\/\/garageblogec.com\/?p=1161#article","isPartOf":{"@id":"https:\/\/garageblogec.com\/?p=1161"},"author":{"name":"gabi1212","@id":"https:\/\/garageblogec.com\/#\/schema\/person\/635f4b76c0cb3e43b82fe6f7d8bcceea"},"headline":"Terpel Ecuador llev\u00f3 a cabo la decimosegunda edici\u00f3n de su Foro Gerencial para el sector empresarial.","datePublished":"2024-10-18T14:09:46+00:00","dateModified":"2024-10-18T14:16:07+00:00","mainEntityOfPage":{"@id":"https:\/\/garageblogec.com\/?p=1161"},"wordCount":312,"commentCount":0,"publisher":{"@id":"https:\/\/garageblogec.com\/#organization"},"image":{"@id":"https:\/\/garageblogec.com\/?p=1161#primaryimage"},"thumbnailUrl":"https:\/\/garageblogec.com\/wp-content\/uploads\/2024\/10\/241009_Foto_ForoGerencial2024-1-scaled.jpg","articleSection":["Industria Nacional"],"inLanguage":"es","potentialAction":[{"@type":"CommentAction","name":"Comment","target":["https:\/\/garageblogec.com\/?p=1161#respond"]}]},{"@type":"WebPage","@id":"https:\/\/garageblogec.com\/?p=1161","url":"https:\/\/garageblogec.com\/?p=1161","name":"Terpel Ecuador llev\u00f3 a cabo la decimosegunda edici\u00f3n de su Foro Gerencial para el sector empresarial. - Garage Blog Ecuador","isPartOf":{"@id":"https:\/\/garageblogec.com\/#website"},"primaryImageOfPage":{"@id":"https:\/\/garageblogec.com\/?p=1161#primaryimage"},"image":{"@id":"https:\/\/garageblogec.com\/?p=1161#primaryimage"},"thumbnailUrl":"https:\/\/garageblogec.com\/wp-content\/uploads\/2024\/10\/241009_Foto_ForoGerencial2024-1-scaled.jpg","datePublished":"2024-10-18T14:09:46+00:00","dateModified":"2024-10-18T14:16:07+00:00","breadcrumb":{"@id":"https:\/\/garageblogec.com\/?p=1161#breadcrumb"},"inLanguage":"es","potentialAction":[{"@type":"ReadAction","target":["https:\/\/garageblogec.com\/?p=1161"]}]},{"@type":"ImageObject","inLanguage":"es","@id":"https:\/\/garageblogec.com\/?p=1161#primaryimage","url":"https:\/\/garageblogec.com\/wp-content\/uploads\/2024\/10\/241009_Foto_ForoGerencial2024-1-scaled.jpg","contentUrl":"https:\/\/garageblogec.com\/wp-content\/uploads\/2024\/10\/241009_Foto_ForoGerencial2024-1-scaled.jpg","width":2560,"height":1703},{"@type":"BreadcrumbList","@id":"https:\/\/garageblogec.com\/?p=1161#breadcrumb","itemListElement":[{"@type":"ListItem","position":1,"name":"Portada","item":"https:\/\/garageblogec.com\/"},{"@type":"ListItem","position":2,"name":"Terpel Ecuador llev\u00f3 a cabo la decimosegunda edici\u00f3n de su Foro Gerencial para el sector empresarial."}]},{"@type":"WebSite","@id":"https:\/\/garageblogec.com\/#website","url":"https:\/\/garageblogec.com\/","name":"Garage Blog Ecuador","description":"Alucinamos por los autos ","publisher":{"@id":"https:\/\/garageblogec.com\/#organization"},"potentialAction":[{"@type":"SearchAction","target":{"@type":"EntryPoint","urlTemplate":"https:\/\/garageblogec.com\/?s={search_term_string}"},"query-input":{"@type":"PropertyValueSpecification","valueRequired":true,"valueName":"search_term_string"}}],"inLanguage":"es"},{"@type":"Organization","@id":"https:\/\/garageblogec.com\/#organization","name":"Garage Blog Ecuador","url":"https:\/\/garageblogec.com\/","logo":{"@type":"ImageObject","inLanguage":"es","@id":"https:\/\/garageblogec.com\/#\/schema\/logo\/image\/","url":"https:\/\/garageblogec.com\/wp-content\/uploads\/2024\/02\/cropped-logo-png-para-blog.webp","contentUrl":"https:\/\/garageblogec.com\/wp-content\/uploads\/2024\/02\/cropped-logo-png-para-blog.webp","width":840,"height":556,"caption":"Garage Blog Ecuador "},"image":{"@id":"https:\/\/garageblogec.com\/#\/schema\/logo\/image\/"}},{"@type":"Person","@id":"https:\/\/garageblogec.com\/#\/schema\/person\/635f4b76c0cb3e43b82fe6f7d8bcceea","name":"gabi1212","image":{"@type":"ImageObject","inLanguage":"es","@id":"https:\/\/secure.gravatar.com\/avatar\/6aa491f45cb359d4d6dd8c430e83f78899c80569c27d21156e19bbdcd31d1811?s=96&d=mm&r=g","url":"https:\/\/secure.gravatar.com\/avatar\/6aa491f45cb359d4d6dd8c430e83f78899c80569c27d21156e19bbdcd31d1811?s=96&d=mm&r=g","contentUrl":"https:\/\/secure.gravatar.com\/avatar\/6aa491f45cb359d4d6dd8c430e83f78899c80569c27d21156e19bbdcd31d1811?s=96&d=mm&r=g","caption":"gabi1212"},"url":"https:\/\/garageblogec.com\/?author=6"}]}},"jetpack_featured_media_url":"https:\/\/garageblogec.com\/wp-content\/uploads\/2024\/10\/241009_Foto_ForoGerencial2024-1-scaled.jpg","jetpack_sharing_enabled":true,"_links":{"self":[{"href":"https:\/\/garageblogec.com\/index.php?rest_route=\/wp\/v2\/posts\/1161","targetHints":{"allow":["GET"]}}],"collection":[{"href":"https:\/\/garageblogec.com\/index.php?rest_route=\/wp\/v2\/posts"}],"about":[{"href":"https:\/\/garageblogec.com\/index.php?rest_route=\/wp\/v2\/types\/post"}],"author":[{"embeddable":true,"href":"https:\/\/garageblogec.com\/index.php?rest_route=\/wp\/v2\/users\/6"}],"replies":[{"embeddable":true,"href":"https:\/\/garageblogec.com\/index.php?rest_route=%2Fwp%2Fv2%2Fcomments&post=1161"}],"version-history":[{"count":1,"href":"https:\/\/garageblogec.com\/index.php?rest_route=\/wp\/v2\/posts\/1161\/revisions"}],"predecessor-version":[{"id":1163,"href":"https:\/\/garageblogec.com\/index.php?rest_route=\/wp\/v2\/posts\/1161\/revisions\/1163"}],"wp:featuredmedia":[{"embeddable":true,"href":"https:\/\/garageblogec.com\/index.php?rest_route=\/wp\/v2\/media\/1170"}],"wp:attachment":[{"href":"https:\/\/garageblogec.com\/index.php?rest_route=%2Fwp%2Fv2%2Fmedia&parent=1161"}],"wp:term":[{"taxonomy":"category","embeddable":true,"href":"https:\/\/garageblogec.com\/index.php?rest_route=%2Fwp%2Fv2%2Fcategories&post=1161"},{"taxonomy":"post_tag","embeddable":true,"href":"https:\/\/garageblogec.com\/index.php?rest_route=%2Fwp%2Fv2%2Ftags&post=1161"}],"curies":[{"name":"wp","href":"https:\/\/api.w.org\/{rel}","templated":true}]}}