{"id":1156,"date":"2024-10-18T14:05:27","date_gmt":"2024-10-18T14:05:27","guid":{"rendered":"https:\/\/garageblogec.com\/?p=1156"},"modified":"2024-10-18T14:05:30","modified_gmt":"2024-10-18T14:05:30","slug":"kia-ecuador-y-la-federacion-ecuatoriana-de-deportes-ecuestres-anuncian-el-inicio-del-campeonato-sudamericano-quito-2024","status":"publish","type":"post","link":"https:\/\/garageblogec.com\/?p=1156","title":{"rendered":"Kia Ecuador y la Federaci\u00f3n Ecuatoriana de Deportes Ecuestres anuncian el inicio del Campeonato Sudamericano Quito 2024"},"content":{"rendered":"\n<p>La Federaci\u00f3n Ecuatoriana de Deportes Ecuestres (FEDE) y Kia Ecuador, la marca l\u00edder en ventas de veh\u00edculos en Ecuador anuncian el inicio del FEI Jumping South American Championship Quito 2024, competencia de salto ecuestre que reunir\u00e1 a los mejores jinetes y amazonas de Sudamerica.<br>Este Sudamericano Juvenil de equitaci\u00f3n contar\u00e1 con la participaci\u00f3n de m\u00e1s de 80 jinetes y amazonas de 6 pa\u00edses de la regi\u00f3n: Ecuador, Brasil, Chile, Paraguay, Argentina y Bolivia. Todos los aficionados a los caballos y a los deportes ecuestres est\u00e1n invitados a asistir a este espect\u00e1culo deportivo, lleno de elegancia y adrenalina, desde el mi\u00e9rcoles 16 al domingo 20 de octubre, en las instalaciones del Club Rancho San Francisco.<\/p>\n\n\n\n<figure class=\"wp-block-image size-large\"><a href=\"https:\/\/www.kia.com\/ec\/showroom\/ev5-ocv-25my\/specification.html\"><img fetchpriority=\"high\" decoding=\"async\" width=\"1024\" height=\"284\" src=\"https:\/\/garageblogec.com\/wp-content\/uploads\/2024\/09\/1080x300-1024x284.jpg\" alt=\"\" class=\"wp-image-1066\" srcset=\"https:\/\/garageblogec.com\/wp-content\/uploads\/2024\/09\/1080x300-1024x284.jpg 1024w, https:\/\/garageblogec.com\/wp-content\/uploads\/2024\/09\/1080x300-300x83.jpg 300w, https:\/\/garageblogec.com\/wp-content\/uploads\/2024\/09\/1080x300-768x213.jpg 768w, https:\/\/garageblogec.com\/wp-content\/uploads\/2024\/09\/1080x300.jpg 1080w\" sizes=\"(max-width: 1024px) 100vw, 1024px\" \/><\/a><\/figure>\n\n\n\n<p><br>El campeonato sudamericano contar\u00e1 con una organizaci\u00f3n de primer nivel, que ofrecer\u00e1 a los aficionados la oportunidad de disfrutar de este deporte en un ambiente emocionante y acogedor. Adem\u00e1s, los participantes buscar\u00e1n el podio y obtener el t\u00edtulo del mejor de la regi\u00f3n en cada una de las categor\u00edas oficiales de la Federaci\u00f3n Ecuestre Internacional FEI: Children B, Children, Pre Junior y Junior.<br>\u00abEn Kia Ecuador creemos firmemente en el apoyo a los deportes que promueven el desarrollo integral de los j\u00f3venes, as\u00ed como valores fundamentales como la disciplina, la superaci\u00f3n personal, y el trabajo en equipo. El deporte ecuestre no solo representa excelencia en t\u00e9rminos de competencia, sino tambi\u00e9n una conexi\u00f3n con la naturaleza y nuestro planeta, valores que est\u00e1n alineados con nuestra filosof\u00eda como marca. Kia siempre ha apostado por inspirar a las nuevas generaciones a perseguir sus sue\u00f1os<br>y a trabajar para dejar una huella para un futuro mejor, y creemos que este evento es una plataforma ideal para hacerlo.\u201d manifest\u00f3 Ricardo Rosales, Presidente Ejecutivo de Kia.<\/p>\n\n\n\n<figure class=\"wp-block-image size-large\"><img decoding=\"async\" width=\"1024\" height=\"726\" src=\"https:\/\/garageblogec.com\/wp-content\/uploads\/2024\/10\/IMG_1345-1024x726.jpg\" alt=\"\" class=\"wp-image-1157\" srcset=\"https:\/\/garageblogec.com\/wp-content\/uploads\/2024\/10\/IMG_1345-1024x726.jpg 1024w, https:\/\/garageblogec.com\/wp-content\/uploads\/2024\/10\/IMG_1345-300x213.jpg 300w, https:\/\/garageblogec.com\/wp-content\/uploads\/2024\/10\/IMG_1345-768x544.jpg 768w, https:\/\/garageblogec.com\/wp-content\/uploads\/2024\/10\/IMG_1345-1536x1088.jpg 1536w, https:\/\/garageblogec.com\/wp-content\/uploads\/2024\/10\/IMG_1345-2048x1451.jpg 2048w, https:\/\/garageblogec.com\/wp-content\/uploads\/2024\/10\/IMG_1345-1320x935.jpg 1320w\" sizes=\"(max-width: 1024px) 100vw, 1024px\" \/><\/figure>\n\n\n\n<p><br>Kia Ecuador ha trascendido a nivel nacional no solo por sus productos de excelencia, sino, por ser parte activa del deporte, por impulsar estos encuentros sin precedentes, por apoyar a los deportistas nacionales e internacionales y mostrar a los j\u00f3venes que Ecuador est\u00e1 para grandes logros.<br>Por su parte Jos\u00e9 Vicente Mantilla, Presidente de la Federaci\u00f3n Ecuatoriana de Deportes Ecuestres (FEDE), destac\u00f3 la importancia del evento para el continente Sudamericano: \u201cEstamos muy emocionados de ser los anfitriones del South Am\u00e9rica FEI Children Quito 2024, un evento que celebra el talento, la dedicaci\u00f3n y el esp\u00edritu deportivo de los j\u00f3venes jinetes de nuestra regi\u00f3n. Este campeonato no solo ofrece<br>una oportunidad \u00fanica para que los atletas demuestren sus habilidades y pasi\u00f3n por el deporte ecuestre, sino que tambi\u00e9n impulsa a Ecuador como un referente en la organizaci\u00f3n de eventos internacionales de esta magnitud. Hemos trabajado arduamente para asegurar que cada detalle est\u00e9 a la altura de las expectativas, y estamos seguros de que ser\u00e1 un torneo lleno de emoci\u00f3n y competencia de alto nivel\u201d.<\/p>\n\n\n\n<figure class=\"wp-block-image size-large\"><img decoding=\"async\" width=\"1024\" height=\"576\" src=\"https:\/\/garageblogec.com\/wp-content\/uploads\/2024\/10\/IMG_6173-1024x576.jpg\" alt=\"\" class=\"wp-image-1159\" srcset=\"https:\/\/garageblogec.com\/wp-content\/uploads\/2024\/10\/IMG_6173-1024x576.jpg 1024w, https:\/\/garageblogec.com\/wp-content\/uploads\/2024\/10\/IMG_6173-300x169.jpg 300w, https:\/\/garageblogec.com\/wp-content\/uploads\/2024\/10\/IMG_6173-768x432.jpg 768w, https:\/\/garageblogec.com\/wp-content\/uploads\/2024\/10\/IMG_6173-1536x864.jpg 1536w, https:\/\/garageblogec.com\/wp-content\/uploads\/2024\/10\/IMG_6173-2048x1152.jpg 2048w, https:\/\/garageblogec.com\/wp-content\/uploads\/2024\/10\/IMG_6173-1320x743.jpg 1320w\" sizes=\"(max-width: 1024px) 100vw, 1024px\" \/><\/figure>\n\n\n\n<p><br>El deporte ecuestre en Ecuador ha ganado un espacio significativo dentro del panorama deportivo del pa\u00eds. Cada vez m\u00e1s j\u00f3venes se est\u00e1n involucrando en disciplinas como el salto, el adiestramiento y el concurso completo, con el respaldo de clubes y entrenadores de calidad que est\u00e1n comprometidos con el desarrollo de este deporte. La Federaci\u00f3n Ecuatoriana de Deportes Ecuestres (FEDE) organiza<br>competencias regulares y promueve la participaci\u00f3n de jinetes y amazonas en<br>diferentes disciplinas, siendo el salto una de las m\u00e1s populares.<\/p>\n\n\n\n<p><br>Pablo Andrade, Vicepresidente de la FEDE y Director T\u00e9cnico del evento asegur\u00f3 que \u201cgracias a eventos internacionales, como el South Am\u00e9rica FEI Children Quito 2024, Ecuador sigue consolid\u00e1ndose como un escenario importante para este deporte ol\u00edmpico en la regi\u00f3n. Adem\u00e1s, la participaci\u00f3n de jinetes ecuatorianos en competencias internacionales refleja el alto nivel de preparaci\u00f3n y talento que hemos<br>alcanzado. Nuestro equipo est\u00e1 preparado y comprometido; estoy seguro de que nuestros jinetes y amazonas ecuatorianos dejar\u00e1n una huella muy positiva.\u201d<br>Por su parte Fernanda Brauer, Presidenta del Directorio del Club Rancho San Francisco (FB) manifest\u00f3 \u201ceste evento es gratuito y est\u00e1 abierto para todos. El Club Rancho San Francisco est\u00e1 listo para recibirles a todo el p\u00fablico que quiera vivir esta competencia internacional.<\/p>\n\n\n<div class='pt-cv-wrapper'> <h3 class='pt-cv-heading-container heading1' data-blockid='vpu7vryo'><span class='pt-cv-heading'> Overlay1 <\/span><\/h3><div class=\"pt-cv-view pt-cv-overlaygrid iscvblock iscvreal overlay1 layout1\" id=\"pt-cv-view-vpu7vryo\"><div data-id=\"pt-cv-page-1\" class=\"pt-cv-page\" data-cvc=\"3\"><div class=\" pt-cv-content-item pt-cv-1-col\" ><div class=\"pt-cv-thumb-wrapper  \"><a href=\"https:\/\/garageblogec.com\/?p=3303\" class=\"_self pt-cv-href-thumbnail pt-cv-thumb-default\" target=\"_self\" ><img loading=\"lazy\" decoding=\"async\" width=\"768\" height=\"432\" src=\"https:\/\/garageblogec.com\/wp-content\/uploads\/2026\/04\/WhatsApp-Image-2026-04-21-at-1.52.53-PM-768x432.jpeg\" class=\"pt-cv-thumbnail\" alt=\"\" \/><\/a><\/div>\n<div class=\"pt-cv-overlay-wrapper\"><div class=\"pt-cv-taxoterm above_title\"><a href='https:\/\/garageblogec.com\/?cat=27' title='Industria Nacional' class='pt-cv-tax-industria-nacional'>Industria Nacional<\/a><\/div><h4 class=\"pt-cv-title\"><a href=\"https:\/\/garageblogec.com\/?p=3303\" class=\"_self\" target=\"_self\" >Grupo Ambacar presenta en Guayaquil KGM, su nueva marca de SUV h\u00edbridos con respaldo global<\/a><\/h4><div class=\"pt-cv-meta-fields\"><span class=\"entry-date\"> <time datetime=\"2026-04-21T21:37:24+00:00\">abril 21, 2026<\/time><\/span><span> \/ <\/span><span class=\"author\"> <a href=\"https:\/\/garageblogec.com\/?author=6\" rel=\"author\">gabi1212<\/a><\/span><\/div><\/div><\/div>\n<div class=\" pt-cv-content-item pt-cv-1-col\" ><div class=\"pt-cv-thumb-wrapper  \"><a href=\"https:\/\/garageblogec.com\/?p=3296\" class=\"_self pt-cv-href-thumbnail pt-cv-thumb-default\" target=\"_self\" ><img loading=\"lazy\" decoding=\"async\" width=\"768\" height=\"432\" src=\"https:\/\/garageblogec.com\/wp-content\/uploads\/2026\/04\/WhatsApp-Image-2026-04-14-at-3.15.09-PM-768x432.jpeg\" class=\"pt-cv-thumbnail\" alt=\"\" \/><\/a><\/div>\n<div class=\"pt-cv-overlay-wrapper\"><div class=\"pt-cv-taxoterm above_title\"><a href='https:\/\/garageblogec.com\/?cat=27' title='Industria Nacional' class='pt-cv-tax-industria-nacional'>Industria Nacional<\/a><\/div><h4 class=\"pt-cv-title\"><a href=\"https:\/\/garageblogec.com\/?p=3296\" class=\"_self\" target=\"_self\" >El tablero desapareci\u00f3, ahora el auto es una pantalla inteligente<\/a><\/h4><div class=\"pt-cv-meta-fields\"><span class=\"entry-date\"> <time datetime=\"2026-04-14T20:21:20+00:00\">abril 14, 2026<\/time><\/span><span> \/ <\/span><span class=\"author\"> <a href=\"https:\/\/garageblogec.com\/?author=6\" rel=\"author\">gabi1212<\/a><\/span><\/div><\/div><\/div>\n<div class=\" pt-cv-content-item pt-cv-1-col\" ><div class=\"pt-cv-thumb-wrapper  \"><a href=\"https:\/\/garageblogec.com\/?p=3291\" class=\"_self pt-cv-href-thumbnail pt-cv-thumb-default\" target=\"_self\" ><img loading=\"lazy\" decoding=\"async\" width=\"768\" height=\"432\" src=\"https:\/\/garageblogec.com\/wp-content\/uploads\/2026\/04\/WhatsApp-Image-2026-04-14-at-2.21.27-PM-768x432.jpeg\" class=\"pt-cv-thumbnail\" alt=\"\" \/><\/a><\/div>\n<div class=\"pt-cv-overlay-wrapper\"><div class=\"pt-cv-taxoterm above_title\"><a href='https:\/\/garageblogec.com\/?cat=27' title='Industria Nacional' class='pt-cv-tax-industria-nacional'>Industria Nacional<\/a><\/div><h4 class=\"pt-cv-title\"><a href=\"https:\/\/garageblogec.com\/?p=3291\" class=\"_self\" target=\"_self\" >Seguridad al volante en Ecuador: los errores m\u00e1s comunes que cometen los conductores<\/a><\/h4><div class=\"pt-cv-meta-fields\"><span class=\"entry-date\"> <time datetime=\"2026-04-14T20:08:54+00:00\">abril 14, 2026<\/time><\/span><span> \/ <\/span><span class=\"author\"> <a href=\"https:\/\/garageblogec.com\/?author=6\" rel=\"author\">gabi1212<\/a><\/span><\/div><\/div><\/div>\n<div class=\" pt-cv-content-item pt-cv-1-col\" ><div class=\"pt-cv-thumb-wrapper  \"><a href=\"https:\/\/garageblogec.com\/?p=3286\" class=\"_self pt-cv-href-thumbnail pt-cv-thumb-default\" target=\"_self\" ><img loading=\"lazy\" decoding=\"async\" width=\"768\" height=\"492\" src=\"https:\/\/garageblogec.com\/wp-content\/uploads\/2026\/04\/Posventa.jpg-768x492.jpeg\" class=\"pt-cv-thumbnail\" alt=\"\" \/><\/a><\/div>\n<div class=\"pt-cv-overlay-wrapper\"><div class=\"pt-cv-taxoterm above_title\"><a href='https:\/\/garageblogec.com\/?cat=27' title='Industria Nacional' class='pt-cv-tax-industria-nacional'>Industria Nacional<\/a><\/div><h4 class=\"pt-cv-title\"><a href=\"https:\/\/garageblogec.com\/?p=3286\" class=\"_self\" target=\"_self\" >Clientes Nissan reciben cambios de aceite infinitos<\/a><\/h4><div class=\"pt-cv-meta-fields\"><span class=\"entry-date\"> <time datetime=\"2026-04-14T20:04:08+00:00\">abril 14, 2026<\/time><\/span><span> \/ <\/span><span class=\"author\"> <a href=\"https:\/\/garageblogec.com\/?author=6\" rel=\"author\">gabi1212<\/a><\/span><\/div><\/div><\/div>\n<div class=\" pt-cv-content-item pt-cv-1-col\" ><div class=\"pt-cv-thumb-wrapper  \"><a href=\"https:\/\/garageblogec.com\/?p=3280\" class=\"_self pt-cv-href-thumbnail pt-cv-thumb-default\" target=\"_self\" ><img loading=\"lazy\" decoding=\"async\" width=\"768\" height=\"512\" src=\"https:\/\/garageblogec.com\/wp-content\/uploads\/2026\/04\/foto1-768x512.jpeg\" class=\"pt-cv-thumbnail\" alt=\"\" \/><\/a><\/div>\n<div class=\"pt-cv-overlay-wrapper\"><div class=\"pt-cv-taxoterm above_title\"><a href='https:\/\/garageblogec.com\/?cat=27' title='Industria Nacional' class='pt-cv-tax-industria-nacional'>Industria Nacional<\/a><\/div><h4 class=\"pt-cv-title\"><a href=\"https:\/\/garageblogec.com\/?p=3280\" class=\"_self\" target=\"_self\" >Movilidad como inversi\u00f3n: el uso de utilidades que crece en Ecuador<\/a><\/h4><div class=\"pt-cv-meta-fields\"><span class=\"entry-date\"> <time datetime=\"2026-04-07T19:55:36+00:00\">abril 7, 2026<\/time><\/span><span> \/ <\/span><span class=\"author\"> <a href=\"https:\/\/garageblogec.com\/?author=6\" rel=\"author\">gabi1212<\/a><\/span><\/div><\/div><\/div>\n<div class=\" pt-cv-content-item pt-cv-1-col\" ><div class=\"pt-cv-thumb-wrapper  \"><a href=\"https:\/\/garageblogec.com\/?p=3276\" class=\"_self pt-cv-href-thumbnail pt-cv-thumb-default\" target=\"_self\" ><img loading=\"lazy\" decoding=\"async\" width=\"745\" height=\"491\" src=\"https:\/\/garageblogec.com\/wp-content\/uploads\/2026\/04\/TT.png\" class=\"pt-cv-thumbnail\" alt=\"\" \/><\/a><\/div>\n<div class=\"pt-cv-overlay-wrapper\"><div class=\"pt-cv-taxoterm above_title\"><a href='https:\/\/garageblogec.com\/?cat=27' title='Industria Nacional' class='pt-cv-tax-industria-nacional'>Industria Nacional<\/a><\/div><h4 class=\"pt-cv-title\"><a href=\"https:\/\/garageblogec.com\/?p=3276\" class=\"_self\" target=\"_self\" >Lluvias en Ecuador: C\u00f3mo reducir riesgos en carretera y prevenir accidentes en calzada mojada<\/a><\/h4><div class=\"pt-cv-meta-fields\"><span class=\"entry-date\"> <time datetime=\"2026-04-07T19:46:52+00:00\">abril 7, 2026<\/time><\/span><span> \/ <\/span><span class=\"author\"> <a href=\"https:\/\/garageblogec.com\/?author=6\" rel=\"author\">gabi1212<\/a><\/span><\/div><\/div><\/div><\/div><\/div> <\/div> <style>\n#pt-cv-view-vpu7vryo .pt-cv-thumb-wrapper::before {background: rgba(0,0,0,.4); opacity: 0.8;}#pt-cv-view-vpu7vryo .pt-cv-overlay-wrapper {justify-content: center;}\n#pt-cv-view-vpu7vryo .pt-cv-meta-fields {  }#pt-cv-view-vpu7vryo .pt-cv-meta-fields * { font-size: 13px; }#pt-cv-view-vpu7vryo .pt-cv-title a { display: block; }#pt-cv-view-vpu7vryo .pt-cv-title:not(.pt-cv-titlesm) a { font-weight: 600;text-decoration: none;font-size: 20px; }#pt-cv-view-vpu7vryo .pt-cv-titlesm a { font-weight: 600;font-size: 18px; }#pt-cv-view-vpu7vryo .pt-cv-content { font-size: 15px; }#pt-cv-view-vpu7vryo .pt-cv-rmwrap {  }#pt-cv-view-vpu7vryo .pt-cv-readmore { color: #fff;background-color: #0075ff;font-size: 14px; }#pt-cv-view-vpu7vryo .pt-cv-taxoterm { margin: 0px 0px 20px 0px; }#pt-cv-view-vpu7vryo .pt-cv-taxoterm * { color: #222;background-color: #fff6f6;font-size: 14px; }#pt-cv-view-vpu7vryo + .pt-cv-pagination-wrapper {  }#pt-cv-view-vpu7vryo + .pt-cv-pagination-wrapper a { font-size: 14px; }#pt-cv-view-vpu7vryo > .pt-cv-page {grid-template-columns: repeat(3, 1fr);grid-auto-rows: 250px;grid-gap: 10px;}\n@media all and (max-width: 1024px) { \n#pt-cv-view-vpu7vryo > .pt-cv-page {}\n} \n@media all and (max-width: 767px) { \n#pt-cv-view-vpu7vryo > .pt-cv-page {grid-template-columns: repeat(1, 1fr);}\n} <\/style>\n\n\n<p><\/p>\n","protected":false},"excerpt":{"rendered":"<p>La Federaci\u00f3n Ecuatoriana de Deportes Ecuestres (FEDE) y Kia Ecuador, la marca l\u00edder en ventas de veh\u00edculos en Ecuador anuncian el inicio del FEI Jumping South American Championship Quito 2024, competencia de salto ecuestre que reunir\u00e1 a los mejores jinetes y amazonas de Sudamerica.<\/p>\n","protected":false},"author":6,"featured_media":1158,"comment_status":"open","ping_status":"open","sticky":false,"template":"","format":"standard","meta":{"_jetpack_memberships_contains_paid_content":false,"footnotes":""},"categories":[27],"tags":[],"class_list":["post-1156","post","type-post","status-publish","format-standard","has-post-thumbnail","hentry","category-industria-nacional"],"yoast_head":"<!-- This site is optimized with the Yoast SEO plugin v27.4 - https:\/\/yoast.com\/product\/yoast-seo-wordpress\/ -->\n<title>Kia Ecuador y la Federaci\u00f3n Ecuatoriana de Deportes Ecuestres anuncian el inicio del Campeonato Sudamericano Quito 2024 - Garage Blog Ecuador<\/title>\n<meta name=\"robots\" content=\"index, follow, max-snippet:-1, max-image-preview:large, max-video-preview:-1\" \/>\n<link rel=\"canonical\" href=\"https:\/\/garageblogec.com\/?p=1156\" \/>\n<meta property=\"og:locale\" content=\"es_ES\" \/>\n<meta property=\"og:type\" content=\"article\" \/>\n<meta property=\"og:title\" content=\"Kia Ecuador y la Federaci\u00f3n Ecuatoriana de Deportes Ecuestres anuncian el inicio del Campeonato Sudamericano Quito 2024 - Garage Blog Ecuador\" \/>\n<meta property=\"og:description\" content=\"La Federaci\u00f3n Ecuatoriana de Deportes Ecuestres (FEDE) y Kia Ecuador, la marca l\u00edder en ventas de veh\u00edculos en Ecuador anuncian el inicio del FEI Jumping South American Championship Quito 2024, competencia de salto ecuestre que reunir\u00e1 a los mejores jinetes y amazonas de Sudamerica.\" \/>\n<meta property=\"og:url\" content=\"https:\/\/garageblogec.com\/?p=1156\" \/>\n<meta property=\"og:site_name\" content=\"Garage Blog Ecuador\" \/>\n<meta property=\"article:published_time\" content=\"2024-10-18T14:05:27+00:00\" \/>\n<meta property=\"article:modified_time\" content=\"2024-10-18T14:05:30+00:00\" \/>\n<meta property=\"og:image\" content=\"https:\/\/garageblogec.com\/wp-content\/uploads\/2024\/10\/IMG_6171-scaled.jpg\" \/>\n\t<meta property=\"og:image:width\" content=\"2560\" \/>\n\t<meta property=\"og:image:height\" content=\"1440\" \/>\n\t<meta property=\"og:image:type\" content=\"image\/jpeg\" \/>\n<meta name=\"author\" content=\"gabi1212\" \/>\n<meta name=\"twitter:card\" content=\"summary_large_image\" \/>\n<meta name=\"twitter:label1\" content=\"Escrito por\" \/>\n\t<meta name=\"twitter:data1\" content=\"gabi1212\" \/>\n\t<meta name=\"twitter:label2\" content=\"Tiempo de lectura\" \/>\n\t<meta name=\"twitter:data2\" content=\"4 minutos\" \/>\n<script type=\"application\/ld+json\" class=\"yoast-schema-graph\">{\"@context\":\"https:\\\/\\\/schema.org\",\"@graph\":[{\"@type\":\"Article\",\"@id\":\"https:\\\/\\\/garageblogec.com\\\/?p=1156#article\",\"isPartOf\":{\"@id\":\"https:\\\/\\\/garageblogec.com\\\/?p=1156\"},\"author\":{\"name\":\"gabi1212\",\"@id\":\"https:\\\/\\\/garageblogec.com\\\/#\\\/schema\\\/person\\\/635f4b76c0cb3e43b82fe6f7d8bcceea\"},\"headline\":\"Kia Ecuador y la Federaci\u00f3n Ecuatoriana de Deportes Ecuestres anuncian el inicio del Campeonato Sudamericano Quito 2024\",\"datePublished\":\"2024-10-18T14:05:27+00:00\",\"dateModified\":\"2024-10-18T14:05:30+00:00\",\"mainEntityOfPage\":{\"@id\":\"https:\\\/\\\/garageblogec.com\\\/?p=1156\"},\"wordCount\":720,\"commentCount\":0,\"publisher\":{\"@id\":\"https:\\\/\\\/garageblogec.com\\\/#organization\"},\"image\":{\"@id\":\"https:\\\/\\\/garageblogec.com\\\/?p=1156#primaryimage\"},\"thumbnailUrl\":\"https:\\\/\\\/garageblogec.com\\\/wp-content\\\/uploads\\\/2024\\\/10\\\/IMG_6171-scaled.jpg\",\"articleSection\":[\"Industria Nacional\"],\"inLanguage\":\"es\",\"potentialAction\":[{\"@type\":\"CommentAction\",\"name\":\"Comment\",\"target\":[\"https:\\\/\\\/garageblogec.com\\\/?p=1156#respond\"]}]},{\"@type\":\"WebPage\",\"@id\":\"https:\\\/\\\/garageblogec.com\\\/?p=1156\",\"url\":\"https:\\\/\\\/garageblogec.com\\\/?p=1156\",\"name\":\"Kia Ecuador y la Federaci\u00f3n Ecuatoriana de Deportes Ecuestres anuncian el inicio del Campeonato Sudamericano Quito 2024 - Garage Blog Ecuador\",\"isPartOf\":{\"@id\":\"https:\\\/\\\/garageblogec.com\\\/#website\"},\"primaryImageOfPage\":{\"@id\":\"https:\\\/\\\/garageblogec.com\\\/?p=1156#primaryimage\"},\"image\":{\"@id\":\"https:\\\/\\\/garageblogec.com\\\/?p=1156#primaryimage\"},\"thumbnailUrl\":\"https:\\\/\\\/garageblogec.com\\\/wp-content\\\/uploads\\\/2024\\\/10\\\/IMG_6171-scaled.jpg\",\"datePublished\":\"2024-10-18T14:05:27+00:00\",\"dateModified\":\"2024-10-18T14:05:30+00:00\",\"breadcrumb\":{\"@id\":\"https:\\\/\\\/garageblogec.com\\\/?p=1156#breadcrumb\"},\"inLanguage\":\"es\",\"potentialAction\":[{\"@type\":\"ReadAction\",\"target\":[\"https:\\\/\\\/garageblogec.com\\\/?p=1156\"]}]},{\"@type\":\"ImageObject\",\"inLanguage\":\"es\",\"@id\":\"https:\\\/\\\/garageblogec.com\\\/?p=1156#primaryimage\",\"url\":\"https:\\\/\\\/garageblogec.com\\\/wp-content\\\/uploads\\\/2024\\\/10\\\/IMG_6171-scaled.jpg\",\"contentUrl\":\"https:\\\/\\\/garageblogec.com\\\/wp-content\\\/uploads\\\/2024\\\/10\\\/IMG_6171-scaled.jpg\",\"width\":2560,\"height\":1440},{\"@type\":\"BreadcrumbList\",\"@id\":\"https:\\\/\\\/garageblogec.com\\\/?p=1156#breadcrumb\",\"itemListElement\":[{\"@type\":\"ListItem\",\"position\":1,\"name\":\"Portada\",\"item\":\"https:\\\/\\\/garageblogec.com\\\/\"},{\"@type\":\"ListItem\",\"position\":2,\"name\":\"Kia Ecuador y la Federaci\u00f3n Ecuatoriana de Deportes Ecuestres anuncian el inicio del Campeonato Sudamericano Quito 2024\"}]},{\"@type\":\"WebSite\",\"@id\":\"https:\\\/\\\/garageblogec.com\\\/#website\",\"url\":\"https:\\\/\\\/garageblogec.com\\\/\",\"name\":\"Garage Blog Ecuador\",\"description\":\"Alucinamos por los autos \",\"publisher\":{\"@id\":\"https:\\\/\\\/garageblogec.com\\\/#organization\"},\"potentialAction\":[{\"@type\":\"SearchAction\",\"target\":{\"@type\":\"EntryPoint\",\"urlTemplate\":\"https:\\\/\\\/garageblogec.com\\\/?s={search_term_string}\"},\"query-input\":{\"@type\":\"PropertyValueSpecification\",\"valueRequired\":true,\"valueName\":\"search_term_string\"}}],\"inLanguage\":\"es\"},{\"@type\":\"Organization\",\"@id\":\"https:\\\/\\\/garageblogec.com\\\/#organization\",\"name\":\"Garage Blog Ecuador\",\"url\":\"https:\\\/\\\/garageblogec.com\\\/\",\"logo\":{\"@type\":\"ImageObject\",\"inLanguage\":\"es\",\"@id\":\"https:\\\/\\\/garageblogec.com\\\/#\\\/schema\\\/logo\\\/image\\\/\",\"url\":\"https:\\\/\\\/garageblogec.com\\\/wp-content\\\/uploads\\\/2024\\\/02\\\/cropped-logo-png-para-blog.webp\",\"contentUrl\":\"https:\\\/\\\/garageblogec.com\\\/wp-content\\\/uploads\\\/2024\\\/02\\\/cropped-logo-png-para-blog.webp\",\"width\":840,\"height\":556,\"caption\":\"Garage Blog Ecuador \"},\"image\":{\"@id\":\"https:\\\/\\\/garageblogec.com\\\/#\\\/schema\\\/logo\\\/image\\\/\"}},{\"@type\":\"Person\",\"@id\":\"https:\\\/\\\/garageblogec.com\\\/#\\\/schema\\\/person\\\/635f4b76c0cb3e43b82fe6f7d8bcceea\",\"name\":\"gabi1212\",\"image\":{\"@type\":\"ImageObject\",\"inLanguage\":\"es\",\"@id\":\"https:\\\/\\\/secure.gravatar.com\\\/avatar\\\/6aa491f45cb359d4d6dd8c430e83f78899c80569c27d21156e19bbdcd31d1811?s=96&d=mm&r=g\",\"url\":\"https:\\\/\\\/secure.gravatar.com\\\/avatar\\\/6aa491f45cb359d4d6dd8c430e83f78899c80569c27d21156e19bbdcd31d1811?s=96&d=mm&r=g\",\"contentUrl\":\"https:\\\/\\\/secure.gravatar.com\\\/avatar\\\/6aa491f45cb359d4d6dd8c430e83f78899c80569c27d21156e19bbdcd31d1811?s=96&d=mm&r=g\",\"caption\":\"gabi1212\"},\"url\":\"https:\\\/\\\/garageblogec.com\\\/?author=6\"}]}<\/script>\n<!-- \/ Yoast SEO plugin. -->","yoast_head_json":{"title":"Kia Ecuador y la Federaci\u00f3n Ecuatoriana de Deportes Ecuestres anuncian el inicio del Campeonato Sudamericano Quito 2024 - Garage Blog Ecuador","robots":{"index":"index","follow":"follow","max-snippet":"max-snippet:-1","max-image-preview":"max-image-preview:large","max-video-preview":"max-video-preview:-1"},"canonical":"https:\/\/garageblogec.com\/?p=1156","og_locale":"es_ES","og_type":"article","og_title":"Kia Ecuador y la Federaci\u00f3n Ecuatoriana de Deportes Ecuestres anuncian el inicio del Campeonato Sudamericano Quito 2024 - Garage Blog Ecuador","og_description":"La Federaci\u00f3n Ecuatoriana de Deportes Ecuestres (FEDE) y Kia Ecuador, la marca l\u00edder en ventas de veh\u00edculos en Ecuador anuncian el inicio del FEI Jumping South American Championship Quito 2024, competencia de salto ecuestre que reunir\u00e1 a los mejores jinetes y amazonas de Sudamerica.","og_url":"https:\/\/garageblogec.com\/?p=1156","og_site_name":"Garage Blog Ecuador","article_published_time":"2024-10-18T14:05:27+00:00","article_modified_time":"2024-10-18T14:05:30+00:00","og_image":[{"width":2560,"height":1440,"url":"https:\/\/garageblogec.com\/wp-content\/uploads\/2024\/10\/IMG_6171-scaled.jpg","type":"image\/jpeg"}],"author":"gabi1212","twitter_card":"summary_large_image","twitter_misc":{"Escrito por":"gabi1212","Tiempo de lectura":"4 minutos"},"schema":{"@context":"https:\/\/schema.org","@graph":[{"@type":"Article","@id":"https:\/\/garageblogec.com\/?p=1156#article","isPartOf":{"@id":"https:\/\/garageblogec.com\/?p=1156"},"author":{"name":"gabi1212","@id":"https:\/\/garageblogec.com\/#\/schema\/person\/635f4b76c0cb3e43b82fe6f7d8bcceea"},"headline":"Kia Ecuador y la Federaci\u00f3n Ecuatoriana de Deportes Ecuestres anuncian el inicio del Campeonato Sudamericano Quito 2024","datePublished":"2024-10-18T14:05:27+00:00","dateModified":"2024-10-18T14:05:30+00:00","mainEntityOfPage":{"@id":"https:\/\/garageblogec.com\/?p=1156"},"wordCount":720,"commentCount":0,"publisher":{"@id":"https:\/\/garageblogec.com\/#organization"},"image":{"@id":"https:\/\/garageblogec.com\/?p=1156#primaryimage"},"thumbnailUrl":"https:\/\/garageblogec.com\/wp-content\/uploads\/2024\/10\/IMG_6171-scaled.jpg","articleSection":["Industria Nacional"],"inLanguage":"es","potentialAction":[{"@type":"CommentAction","name":"Comment","target":["https:\/\/garageblogec.com\/?p=1156#respond"]}]},{"@type":"WebPage","@id":"https:\/\/garageblogec.com\/?p=1156","url":"https:\/\/garageblogec.com\/?p=1156","name":"Kia Ecuador y la Federaci\u00f3n Ecuatoriana de Deportes Ecuestres anuncian el inicio del Campeonato Sudamericano Quito 2024 - Garage Blog Ecuador","isPartOf":{"@id":"https:\/\/garageblogec.com\/#website"},"primaryImageOfPage":{"@id":"https:\/\/garageblogec.com\/?p=1156#primaryimage"},"image":{"@id":"https:\/\/garageblogec.com\/?p=1156#primaryimage"},"thumbnailUrl":"https:\/\/garageblogec.com\/wp-content\/uploads\/2024\/10\/IMG_6171-scaled.jpg","datePublished":"2024-10-18T14:05:27+00:00","dateModified":"2024-10-18T14:05:30+00:00","breadcrumb":{"@id":"https:\/\/garageblogec.com\/?p=1156#breadcrumb"},"inLanguage":"es","potentialAction":[{"@type":"ReadAction","target":["https:\/\/garageblogec.com\/?p=1156"]}]},{"@type":"ImageObject","inLanguage":"es","@id":"https:\/\/garageblogec.com\/?p=1156#primaryimage","url":"https:\/\/garageblogec.com\/wp-content\/uploads\/2024\/10\/IMG_6171-scaled.jpg","contentUrl":"https:\/\/garageblogec.com\/wp-content\/uploads\/2024\/10\/IMG_6171-scaled.jpg","width":2560,"height":1440},{"@type":"BreadcrumbList","@id":"https:\/\/garageblogec.com\/?p=1156#breadcrumb","itemListElement":[{"@type":"ListItem","position":1,"name":"Portada","item":"https:\/\/garageblogec.com\/"},{"@type":"ListItem","position":2,"name":"Kia Ecuador y la Federaci\u00f3n Ecuatoriana de Deportes Ecuestres anuncian el inicio del Campeonato Sudamericano Quito 2024"}]},{"@type":"WebSite","@id":"https:\/\/garageblogec.com\/#website","url":"https:\/\/garageblogec.com\/","name":"Garage Blog Ecuador","description":"Alucinamos por los autos ","publisher":{"@id":"https:\/\/garageblogec.com\/#organization"},"potentialAction":[{"@type":"SearchAction","target":{"@type":"EntryPoint","urlTemplate":"https:\/\/garageblogec.com\/?s={search_term_string}"},"query-input":{"@type":"PropertyValueSpecification","valueRequired":true,"valueName":"search_term_string"}}],"inLanguage":"es"},{"@type":"Organization","@id":"https:\/\/garageblogec.com\/#organization","name":"Garage Blog Ecuador","url":"https:\/\/garageblogec.com\/","logo":{"@type":"ImageObject","inLanguage":"es","@id":"https:\/\/garageblogec.com\/#\/schema\/logo\/image\/","url":"https:\/\/garageblogec.com\/wp-content\/uploads\/2024\/02\/cropped-logo-png-para-blog.webp","contentUrl":"https:\/\/garageblogec.com\/wp-content\/uploads\/2024\/02\/cropped-logo-png-para-blog.webp","width":840,"height":556,"caption":"Garage Blog Ecuador "},"image":{"@id":"https:\/\/garageblogec.com\/#\/schema\/logo\/image\/"}},{"@type":"Person","@id":"https:\/\/garageblogec.com\/#\/schema\/person\/635f4b76c0cb3e43b82fe6f7d8bcceea","name":"gabi1212","image":{"@type":"ImageObject","inLanguage":"es","@id":"https:\/\/secure.gravatar.com\/avatar\/6aa491f45cb359d4d6dd8c430e83f78899c80569c27d21156e19bbdcd31d1811?s=96&d=mm&r=g","url":"https:\/\/secure.gravatar.com\/avatar\/6aa491f45cb359d4d6dd8c430e83f78899c80569c27d21156e19bbdcd31d1811?s=96&d=mm&r=g","contentUrl":"https:\/\/secure.gravatar.com\/avatar\/6aa491f45cb359d4d6dd8c430e83f78899c80569c27d21156e19bbdcd31d1811?s=96&d=mm&r=g","caption":"gabi1212"},"url":"https:\/\/garageblogec.com\/?author=6"}]}},"jetpack_featured_media_url":"https:\/\/garageblogec.com\/wp-content\/uploads\/2024\/10\/IMG_6171-scaled.jpg","jetpack_sharing_enabled":true,"_links":{"self":[{"href":"https:\/\/garageblogec.com\/index.php?rest_route=\/wp\/v2\/posts\/1156","targetHints":{"allow":["GET"]}}],"collection":[{"href":"https:\/\/garageblogec.com\/index.php?rest_route=\/wp\/v2\/posts"}],"about":[{"href":"https:\/\/garageblogec.com\/index.php?rest_route=\/wp\/v2\/types\/post"}],"author":[{"embeddable":true,"href":"https:\/\/garageblogec.com\/index.php?rest_route=\/wp\/v2\/users\/6"}],"replies":[{"embeddable":true,"href":"https:\/\/garageblogec.com\/index.php?rest_route=%2Fwp%2Fv2%2Fcomments&post=1156"}],"version-history":[{"count":1,"href":"https:\/\/garageblogec.com\/index.php?rest_route=\/wp\/v2\/posts\/1156\/revisions"}],"predecessor-version":[{"id":1160,"href":"https:\/\/garageblogec.com\/index.php?rest_route=\/wp\/v2\/posts\/1156\/revisions\/1160"}],"wp:featuredmedia":[{"embeddable":true,"href":"https:\/\/garageblogec.com\/index.php?rest_route=\/wp\/v2\/media\/1158"}],"wp:attachment":[{"href":"https:\/\/garageblogec.com\/index.php?rest_route=%2Fwp%2Fv2%2Fmedia&parent=1156"}],"wp:term":[{"taxonomy":"category","embeddable":true,"href":"https:\/\/garageblogec.com\/index.php?rest_route=%2Fwp%2Fv2%2Fcategories&post=1156"},{"taxonomy":"post_tag","embeddable":true,"href":"https:\/\/garageblogec.com\/index.php?rest_route=%2Fwp%2Fv2%2Ftags&post=1156"}],"curies":[{"name":"wp","href":"https:\/\/api.w.org\/{rel}","templated":true}]}}