{"id":1148,"date":"2024-10-17T14:10:28","date_gmt":"2024-10-17T14:10:28","guid":{"rendered":"https:\/\/garageblogec.com\/?p=1148"},"modified":"2024-10-17T14:13:04","modified_gmt":"2024-10-17T14:13:04","slug":"la-nueva-camioneta-kia-tasman-se-deshace-del-camuflaje-y-se-confirma-la-fecha-de-presentacion","status":"publish","type":"post","link":"https:\/\/garageblogec.com\/?p=1148","title":{"rendered":"La nueva camioneta Kia Tasman se deshace del camuflaje y se confirma la fecha de presentaci\u00f3n"},"content":{"rendered":"\n<p>Despu\u00e9s de una avalancha de avances y avistamientos de prototipos, finalmente tenemos una fecha oficial para el debut de la primera camioneta pickup de Kia en el ferozmente competitivo segmento de tama\u00f1o mediano.\u00a0<br>Kia\u00a0ha confirmado que el nuevo Tasman har\u00e1 su debut en el Sal\u00f3n Internacional del Autom\u00f3vil de Yeddah en Arabia Saudita el 29 de octubre. El anuncio vino acompa\u00f1ado de nuevos avances, que revelaron la camioneta de tama\u00f1o mediano sin su camuflaje habitual.<\/p>\n\n\n\n<figure class=\"wp-block-image size-large\"><img decoding=\"async\" src=\"https:\/\/www.carscoops.com\/wp-content\/uploads\/webp\/2024\/10\/Kia-Tasman-Teaser-New-1-1536x864.webp\" alt=\"\"\/><\/figure>\n\n\n\n<p>La\u00a0campa\u00f1a teaser del Tasman\u00a0ha estado funcionando desde abril de 2024, pero este \u00faltimo lote de im\u00e1genes y videos finalmente elimina el misterio, mostrando un Tasman negro atravesando terreno des\u00e9rtico y posando en lo que parece un campo CGI.<\/p>\n\n\n\n<figure class=\"wp-block-image size-large\"><a href=\"https:\/\/www.kia.com\/ec\/showroom\/ev5-ocv-25my\/specification.html\"><img fetchpriority=\"high\" decoding=\"async\" width=\"1024\" height=\"284\" src=\"https:\/\/garageblogec.com\/wp-content\/uploads\/2024\/09\/1080x300-1024x284.jpg\" alt=\"\" class=\"wp-image-1066\" srcset=\"https:\/\/garageblogec.com\/wp-content\/uploads\/2024\/09\/1080x300-1024x284.jpg 1024w, https:\/\/garageblogec.com\/wp-content\/uploads\/2024\/09\/1080x300-300x83.jpg 300w, https:\/\/garageblogec.com\/wp-content\/uploads\/2024\/09\/1080x300-768x213.jpg 768w, https:\/\/garageblogec.com\/wp-content\/uploads\/2024\/09\/1080x300.jpg 1080w\" sizes=\"(max-width: 1024px) 100vw, 1024px\" \/><\/a><\/figure>\n\n\n\n<p>El dise\u00f1o de la camioneta se caracteriza por sus l\u00edneas cuadradas, un morro vertical, guardabarros pronunciados y luces LED apiladas verticalmente. Una distintiva moldura en forma de cuerno sobre la parrilla conecta el parachoques delantero con el cap\u00f3. En esta configuraci\u00f3n, cuenta con una configuraci\u00f3n de cabina doble, una caja de tama\u00f1o est\u00e1ndar y una amplia distancia al suelo.<\/p>\n\n\n\n<p>Kia afirma que el\u00a0Tasman\u00a0soluciona \u00ablos inconvenientes t\u00edpicos de los dise\u00f1os de camionetas pickup existentes\u00bb, aunque no ha sido del todo claro sobre lo que eso significa en realidad. Lo que s\u00ed sabemos es que el interior se perfila como de alta tecnolog\u00eda, ya que un video esp\u00eda anterior revel\u00f3 una cabina digital, techo corredizo, asientos con calefacci\u00f3n y modernos detalles de estilo aluminio.<\/p>\n\n\n\n<figure class=\"wp-block-image size-large\"><img decoding=\"async\" src=\"https:\/\/www.carscoops.com\/wp-content\/uploads\/webp\/2024\/10\/Kia-Tasman-Teaser-New-5-1536x864.webp\" alt=\"\"\/><\/figure>\n\n\n\n<p>La marca coreana promete que el Tasman ofrecer\u00e1 una \u201ccapacidad todoterreno impresionante\u201d, tomando prestada la tecnolog\u00eda todoterreno de su popular\u00a0SUV Telluride\u00a0. Sin embargo, mientras que este \u00faltimo se desplaza sobre una plataforma monocasco, el Tasman se construir\u00e1 sobre un chasis robusto con estructura de escalera, probablemente compartido con el Kia Mohave.<\/p>\n\n\n\n<p>Ya sabemos que el Tasman contar\u00e1 con un motor\u00a0di\u00e9sel\u00a0, probablemente el CRDi de cuatro cilindros y 2,2 litros, que produce 199 caballos de fuerza (149 kW \/ 202 PS) y 325 lb-ft (441 Nm) de torque en el Hyundai Santa Fe y Kia Sorento. Tambi\u00e9n se especula con que Kia podr\u00eda ofrecer una opci\u00f3n turbodi\u00e9sel V6 de 3,0 litros m\u00e1s potente, pero nada ha sido confirmado todav\u00eda.<\/p>\n\n\n\n<figure class=\"wp-block-image size-large\"><img decoding=\"async\" src=\"https:\/\/www.carscoops.com\/wp-content\/uploads\/webp\/2024\/10\/Kia-Tasman-Teaser-New-6-1536x864.webp\" alt=\"\"\/><\/figure>\n\n\n\n<p>El Kia Tasman competir\u00e1 directamente con pesos pesados \u200b\u200bde las camionetas medianas como Toyota Hilux,\u00a0Ford Ranger\u00a0, Mitsubishi Triton, Isuzu D-Max, Mazda BT-50 y VW Amarok. Kia apunta a una capacidad de remolque de 3.500 kg (7.716 libras) y una carga \u00fatil de 1.000 kg (2.204 libras), lo que lo coloca directamente en el ring con los competidores m\u00e1s duros del segmento.<\/p>\n\n\n\n<p><strong>D\u00f3nde se vender\u00e1<\/strong><\/p>\n\n\n\n<p>Aunque el Tasman se vender\u00e1 en Australia, Nueva Zelanda, el sudeste asi\u00e1tico, Corea, \u00c1frica y Oriente Medio, no te hagas ilusiones si est\u00e1s en Estados Unidos. Se han visto prototipos en las carreteras estadounidenses, pero Kia ha dejado claro que el Tasman no llegar\u00e1 a Estados Unidos, al menos no en un futuro pr\u00f3ximo, gracias al infame \u00abimpuesto al pollo\u00bb.<\/p>\n\n\n\n<figure class=\"wp-block-image size-large\"><img decoding=\"async\" src=\"https:\/\/www.carscoops.com\/wp-content\/uploads\/webp\/2024\/10\/Kia-Tasman-Teaser-New-3-1536x864.webp\" alt=\"\"\/><\/figure>\n\n\n\n<p>Este arancel del 25% sobre las camionetas importadas ha sido durante mucho tiempo un obst\u00e1culo para los fabricantes de autom\u00f3viles extranjeros que intentan entrar en el mercado estadounidense con camionetas. A menos que Kia opte por fabricar el Tasman en el pa\u00eds, es poco probable que lo veamos en los concesionarios estadounidenses en un futuro pr\u00f3ximo.<\/p>\n\n\n<div class='pt-cv-wrapper'> <h3 class='pt-cv-heading-container heading1' data-blockid='ppkd25va'><span class='pt-cv-heading'> Overlay1 <\/span><\/h3><div class=\"pt-cv-view pt-cv-overlaygrid iscvblock iscvreal overlay1 layout1\" id=\"pt-cv-view-ppkd25va\"><div data-id=\"pt-cv-page-1\" class=\"pt-cv-page\" data-cvc=\"3\"><div class=\" pt-cv-content-item pt-cv-1-col\" ><div class=\"pt-cv-thumb-wrapper  \"><a href=\"https:\/\/garageblogec.com\/?p=3303\" class=\"_self pt-cv-href-thumbnail pt-cv-thumb-default\" target=\"_self\" ><img decoding=\"async\" width=\"768\" height=\"432\" src=\"https:\/\/garageblogec.com\/wp-content\/uploads\/2026\/04\/WhatsApp-Image-2026-04-21-at-1.52.53-PM-768x432.jpeg\" class=\"pt-cv-thumbnail\" alt=\"\" \/><\/a><\/div>\n<div class=\"pt-cv-overlay-wrapper\"><div class=\"pt-cv-taxoterm above_title\"><a href='https:\/\/garageblogec.com\/?cat=27' title='Industria Nacional' class='pt-cv-tax-industria-nacional'>Industria Nacional<\/a><\/div><h4 class=\"pt-cv-title\"><a href=\"https:\/\/garageblogec.com\/?p=3303\" class=\"_self\" target=\"_self\" >Grupo Ambacar presenta en Guayaquil KGM, su nueva marca de SUV h\u00edbridos con respaldo global<\/a><\/h4><div class=\"pt-cv-meta-fields\"><span class=\"entry-date\"> <time datetime=\"2026-04-21T21:37:24+00:00\">abril 21, 2026<\/time><\/span><span> \/ <\/span><span class=\"author\"> <a href=\"https:\/\/garageblogec.com\/?author=6\" rel=\"author\">gabi1212<\/a><\/span><\/div><\/div><\/div>\n<div class=\" pt-cv-content-item pt-cv-1-col\" ><div class=\"pt-cv-thumb-wrapper  \"><a href=\"https:\/\/garageblogec.com\/?p=3296\" class=\"_self pt-cv-href-thumbnail pt-cv-thumb-default\" target=\"_self\" ><img decoding=\"async\" width=\"768\" height=\"432\" src=\"https:\/\/garageblogec.com\/wp-content\/uploads\/2026\/04\/WhatsApp-Image-2026-04-14-at-3.15.09-PM-768x432.jpeg\" class=\"pt-cv-thumbnail\" alt=\"\" \/><\/a><\/div>\n<div class=\"pt-cv-overlay-wrapper\"><div class=\"pt-cv-taxoterm above_title\"><a href='https:\/\/garageblogec.com\/?cat=27' title='Industria Nacional' class='pt-cv-tax-industria-nacional'>Industria Nacional<\/a><\/div><h4 class=\"pt-cv-title\"><a href=\"https:\/\/garageblogec.com\/?p=3296\" class=\"_self\" target=\"_self\" >El tablero desapareci\u00f3, ahora el auto es una pantalla inteligente<\/a><\/h4><div class=\"pt-cv-meta-fields\"><span class=\"entry-date\"> <time datetime=\"2026-04-14T20:21:20+00:00\">abril 14, 2026<\/time><\/span><span> \/ <\/span><span class=\"author\"> <a href=\"https:\/\/garageblogec.com\/?author=6\" rel=\"author\">gabi1212<\/a><\/span><\/div><\/div><\/div>\n<div class=\" pt-cv-content-item pt-cv-1-col\" ><div class=\"pt-cv-thumb-wrapper  \"><a href=\"https:\/\/garageblogec.com\/?p=3291\" class=\"_self pt-cv-href-thumbnail pt-cv-thumb-default\" target=\"_self\" ><img loading=\"lazy\" decoding=\"async\" width=\"768\" height=\"432\" src=\"https:\/\/garageblogec.com\/wp-content\/uploads\/2026\/04\/WhatsApp-Image-2026-04-14-at-2.21.27-PM-768x432.jpeg\" class=\"pt-cv-thumbnail\" alt=\"\" \/><\/a><\/div>\n<div class=\"pt-cv-overlay-wrapper\"><div class=\"pt-cv-taxoterm above_title\"><a href='https:\/\/garageblogec.com\/?cat=27' title='Industria Nacional' class='pt-cv-tax-industria-nacional'>Industria Nacional<\/a><\/div><h4 class=\"pt-cv-title\"><a href=\"https:\/\/garageblogec.com\/?p=3291\" class=\"_self\" target=\"_self\" >Seguridad al volante en Ecuador: los errores m\u00e1s comunes que cometen los conductores<\/a><\/h4><div class=\"pt-cv-meta-fields\"><span class=\"entry-date\"> <time datetime=\"2026-04-14T20:08:54+00:00\">abril 14, 2026<\/time><\/span><span> \/ <\/span><span class=\"author\"> <a href=\"https:\/\/garageblogec.com\/?author=6\" rel=\"author\">gabi1212<\/a><\/span><\/div><\/div><\/div>\n<div class=\" pt-cv-content-item pt-cv-1-col\" ><div class=\"pt-cv-thumb-wrapper  \"><a href=\"https:\/\/garageblogec.com\/?p=3286\" class=\"_self pt-cv-href-thumbnail pt-cv-thumb-default\" target=\"_self\" ><img loading=\"lazy\" decoding=\"async\" width=\"768\" height=\"492\" src=\"https:\/\/garageblogec.com\/wp-content\/uploads\/2026\/04\/Posventa.jpg-768x492.jpeg\" class=\"pt-cv-thumbnail\" alt=\"\" \/><\/a><\/div>\n<div class=\"pt-cv-overlay-wrapper\"><div class=\"pt-cv-taxoterm above_title\"><a href='https:\/\/garageblogec.com\/?cat=27' title='Industria Nacional' class='pt-cv-tax-industria-nacional'>Industria Nacional<\/a><\/div><h4 class=\"pt-cv-title\"><a href=\"https:\/\/garageblogec.com\/?p=3286\" class=\"_self\" target=\"_self\" >Clientes Nissan reciben cambios de aceite infinitos<\/a><\/h4><div class=\"pt-cv-meta-fields\"><span class=\"entry-date\"> <time datetime=\"2026-04-14T20:04:08+00:00\">abril 14, 2026<\/time><\/span><span> \/ <\/span><span class=\"author\"> <a href=\"https:\/\/garageblogec.com\/?author=6\" rel=\"author\">gabi1212<\/a><\/span><\/div><\/div><\/div>\n<div class=\" pt-cv-content-item pt-cv-1-col\" ><div class=\"pt-cv-thumb-wrapper  \"><a href=\"https:\/\/garageblogec.com\/?p=3280\" class=\"_self pt-cv-href-thumbnail pt-cv-thumb-default\" target=\"_self\" ><img loading=\"lazy\" decoding=\"async\" width=\"768\" height=\"512\" src=\"https:\/\/garageblogec.com\/wp-content\/uploads\/2026\/04\/foto1-768x512.jpeg\" class=\"pt-cv-thumbnail\" alt=\"\" \/><\/a><\/div>\n<div class=\"pt-cv-overlay-wrapper\"><div class=\"pt-cv-taxoterm above_title\"><a href='https:\/\/garageblogec.com\/?cat=27' title='Industria Nacional' class='pt-cv-tax-industria-nacional'>Industria Nacional<\/a><\/div><h4 class=\"pt-cv-title\"><a href=\"https:\/\/garageblogec.com\/?p=3280\" class=\"_self\" target=\"_self\" >Movilidad como inversi\u00f3n: el uso de utilidades que crece en Ecuador<\/a><\/h4><div class=\"pt-cv-meta-fields\"><span class=\"entry-date\"> <time datetime=\"2026-04-07T19:55:36+00:00\">abril 7, 2026<\/time><\/span><span> \/ <\/span><span class=\"author\"> <a href=\"https:\/\/garageblogec.com\/?author=6\" rel=\"author\">gabi1212<\/a><\/span><\/div><\/div><\/div>\n<div class=\" pt-cv-content-item pt-cv-1-col\" ><div class=\"pt-cv-thumb-wrapper  \"><a href=\"https:\/\/garageblogec.com\/?p=3276\" class=\"_self pt-cv-href-thumbnail pt-cv-thumb-default\" target=\"_self\" ><img loading=\"lazy\" decoding=\"async\" width=\"745\" height=\"491\" src=\"https:\/\/garageblogec.com\/wp-content\/uploads\/2026\/04\/TT.png\" class=\"pt-cv-thumbnail\" alt=\"\" \/><\/a><\/div>\n<div class=\"pt-cv-overlay-wrapper\"><div class=\"pt-cv-taxoterm above_title\"><a href='https:\/\/garageblogec.com\/?cat=27' title='Industria Nacional' class='pt-cv-tax-industria-nacional'>Industria Nacional<\/a><\/div><h4 class=\"pt-cv-title\"><a href=\"https:\/\/garageblogec.com\/?p=3276\" class=\"_self\" target=\"_self\" >Lluvias en Ecuador: C\u00f3mo reducir riesgos en carretera y prevenir accidentes en calzada mojada<\/a><\/h4><div class=\"pt-cv-meta-fields\"><span class=\"entry-date\"> <time datetime=\"2026-04-07T19:46:52+00:00\">abril 7, 2026<\/time><\/span><span> \/ <\/span><span class=\"author\"> <a href=\"https:\/\/garageblogec.com\/?author=6\" rel=\"author\">gabi1212<\/a><\/span><\/div><\/div><\/div><\/div><\/div> <\/div> <style>\n#pt-cv-view-ppkd25va .pt-cv-thumb-wrapper::before {background: rgba(0,0,0,.4); opacity: 0.8;}#pt-cv-view-ppkd25va .pt-cv-overlay-wrapper {justify-content: center;}\n#pt-cv-view-ppkd25va .pt-cv-meta-fields {  }#pt-cv-view-ppkd25va .pt-cv-meta-fields * { font-size: 13px; }#pt-cv-view-ppkd25va .pt-cv-title a { display: block; }#pt-cv-view-ppkd25va .pt-cv-title:not(.pt-cv-titlesm) a { font-weight: 600;text-decoration: none;font-size: 20px; }#pt-cv-view-ppkd25va .pt-cv-titlesm a { font-weight: 600;font-size: 18px; }#pt-cv-view-ppkd25va .pt-cv-content { font-size: 15px; }#pt-cv-view-ppkd25va .pt-cv-rmwrap {  }#pt-cv-view-ppkd25va .pt-cv-readmore { color: #fff;background-color: #0075ff;font-size: 14px; }#pt-cv-view-ppkd25va .pt-cv-taxoterm { margin: 0px 0px 20px 0px; }#pt-cv-view-ppkd25va .pt-cv-taxoterm * { color: #222;background-color: #fff6f6;font-size: 14px; }#pt-cv-view-ppkd25va + .pt-cv-pagination-wrapper {  }#pt-cv-view-ppkd25va + .pt-cv-pagination-wrapper a { font-size: 14px; }#pt-cv-view-ppkd25va > .pt-cv-page {grid-template-columns: repeat(3, 1fr);grid-auto-rows: 250px;grid-gap: 10px;}\n@media all and (max-width: 1024px) { \n#pt-cv-view-ppkd25va > .pt-cv-page {}\n} \n@media all and (max-width: 767px) { \n#pt-cv-view-ppkd25va > .pt-cv-page {grid-template-columns: repeat(1, 1fr);}\n} <\/style>","protected":false},"excerpt":{"rendered":"<p>Kia\u00a0ha confirmado que el nuevo Tasman har\u00e1 su debut en el Sal\u00f3n Internacional del Autom\u00f3vil de Yeddah en Arabia Saudita el 29 de octubre. El anuncio vino acompa\u00f1ado de nuevos avances, que revelaron la camioneta de tama\u00f1o mediano sin su camuflaje habitual.<\/p>\n","protected":false},"author":6,"featured_media":1149,"comment_status":"open","ping_status":"open","sticky":false,"template":"","format":"standard","meta":{"_jetpack_memberships_contains_paid_content":false,"footnotes":""},"categories":[27],"tags":[],"class_list":["post-1148","post","type-post","status-publish","format-standard","has-post-thumbnail","hentry","category-industria-nacional"],"yoast_head":"<!-- This site is optimized with the Yoast SEO plugin v27.4 - https:\/\/yoast.com\/product\/yoast-seo-wordpress\/ -->\n<title>La nueva camioneta Kia Tasman se deshace del camuflaje y se confirma la fecha de presentaci\u00f3n - Garage Blog Ecuador<\/title>\n<meta name=\"robots\" content=\"index, follow, max-snippet:-1, max-image-preview:large, max-video-preview:-1\" \/>\n<link rel=\"canonical\" href=\"https:\/\/garageblogec.com\/?p=1148\" \/>\n<meta property=\"og:locale\" content=\"es_ES\" \/>\n<meta property=\"og:type\" content=\"article\" \/>\n<meta property=\"og:title\" content=\"La nueva camioneta Kia Tasman se deshace del camuflaje y se confirma la fecha de presentaci\u00f3n - Garage Blog Ecuador\" \/>\n<meta property=\"og:description\" content=\"Kia\u00a0ha confirmado que el nuevo Tasman har\u00e1 su debut en el Sal\u00f3n Internacional del Autom\u00f3vil de Yeddah en Arabia Saudita el 29 de octubre. El anuncio vino acompa\u00f1ado de nuevos avances, que revelaron la camioneta de tama\u00f1o mediano sin su camuflaje habitual.\" \/>\n<meta property=\"og:url\" content=\"https:\/\/garageblogec.com\/?p=1148\" \/>\n<meta property=\"og:site_name\" content=\"Garage Blog Ecuador\" \/>\n<meta property=\"article:published_time\" content=\"2024-10-17T14:10:28+00:00\" \/>\n<meta property=\"article:modified_time\" content=\"2024-10-17T14:13:04+00:00\" \/>\n<meta property=\"og:image\" content=\"https:\/\/garageblogec.com\/wp-content\/uploads\/2024\/10\/0e3b4bf4c766d6aa39b307fb4df18680.png\" \/>\n\t<meta property=\"og:image:width\" content=\"800\" \/>\n\t<meta property=\"og:image:height\" content=\"600\" \/>\n\t<meta property=\"og:image:type\" content=\"image\/png\" \/>\n<meta name=\"author\" content=\"gabi1212\" \/>\n<meta name=\"twitter:card\" content=\"summary_large_image\" \/>\n<meta name=\"twitter:label1\" content=\"Escrito por\" \/>\n\t<meta name=\"twitter:data1\" content=\"gabi1212\" \/>\n\t<meta name=\"twitter:label2\" content=\"Tiempo de lectura\" \/>\n\t<meta name=\"twitter:data2\" content=\"4 minutos\" \/>\n<script type=\"application\/ld+json\" class=\"yoast-schema-graph\">{\"@context\":\"https:\\\/\\\/schema.org\",\"@graph\":[{\"@type\":\"Article\",\"@id\":\"https:\\\/\\\/garageblogec.com\\\/?p=1148#article\",\"isPartOf\":{\"@id\":\"https:\\\/\\\/garageblogec.com\\\/?p=1148\"},\"author\":{\"name\":\"gabi1212\",\"@id\":\"https:\\\/\\\/garageblogec.com\\\/#\\\/schema\\\/person\\\/635f4b76c0cb3e43b82fe6f7d8bcceea\"},\"headline\":\"La nueva camioneta Kia Tasman se deshace del camuflaje y se confirma la fecha de presentaci\u00f3n\",\"datePublished\":\"2024-10-17T14:10:28+00:00\",\"dateModified\":\"2024-10-17T14:13:04+00:00\",\"mainEntityOfPage\":{\"@id\":\"https:\\\/\\\/garageblogec.com\\\/?p=1148\"},\"wordCount\":580,\"commentCount\":0,\"publisher\":{\"@id\":\"https:\\\/\\\/garageblogec.com\\\/#organization\"},\"image\":{\"@id\":\"https:\\\/\\\/garageblogec.com\\\/?p=1148#primaryimage\"},\"thumbnailUrl\":\"https:\\\/\\\/garageblogec.com\\\/wp-content\\\/uploads\\\/2024\\\/10\\\/0e3b4bf4c766d6aa39b307fb4df18680.png\",\"articleSection\":[\"Industria Nacional\"],\"inLanguage\":\"es\",\"potentialAction\":[{\"@type\":\"CommentAction\",\"name\":\"Comment\",\"target\":[\"https:\\\/\\\/garageblogec.com\\\/?p=1148#respond\"]}]},{\"@type\":\"WebPage\",\"@id\":\"https:\\\/\\\/garageblogec.com\\\/?p=1148\",\"url\":\"https:\\\/\\\/garageblogec.com\\\/?p=1148\",\"name\":\"La nueva camioneta Kia Tasman se deshace del camuflaje y se confirma la fecha de presentaci\u00f3n - Garage Blog Ecuador\",\"isPartOf\":{\"@id\":\"https:\\\/\\\/garageblogec.com\\\/#website\"},\"primaryImageOfPage\":{\"@id\":\"https:\\\/\\\/garageblogec.com\\\/?p=1148#primaryimage\"},\"image\":{\"@id\":\"https:\\\/\\\/garageblogec.com\\\/?p=1148#primaryimage\"},\"thumbnailUrl\":\"https:\\\/\\\/garageblogec.com\\\/wp-content\\\/uploads\\\/2024\\\/10\\\/0e3b4bf4c766d6aa39b307fb4df18680.png\",\"datePublished\":\"2024-10-17T14:10:28+00:00\",\"dateModified\":\"2024-10-17T14:13:04+00:00\",\"breadcrumb\":{\"@id\":\"https:\\\/\\\/garageblogec.com\\\/?p=1148#breadcrumb\"},\"inLanguage\":\"es\",\"potentialAction\":[{\"@type\":\"ReadAction\",\"target\":[\"https:\\\/\\\/garageblogec.com\\\/?p=1148\"]}]},{\"@type\":\"ImageObject\",\"inLanguage\":\"es\",\"@id\":\"https:\\\/\\\/garageblogec.com\\\/?p=1148#primaryimage\",\"url\":\"https:\\\/\\\/garageblogec.com\\\/wp-content\\\/uploads\\\/2024\\\/10\\\/0e3b4bf4c766d6aa39b307fb4df18680.png\",\"contentUrl\":\"https:\\\/\\\/garageblogec.com\\\/wp-content\\\/uploads\\\/2024\\\/10\\\/0e3b4bf4c766d6aa39b307fb4df18680.png\",\"width\":800,\"height\":600},{\"@type\":\"BreadcrumbList\",\"@id\":\"https:\\\/\\\/garageblogec.com\\\/?p=1148#breadcrumb\",\"itemListElement\":[{\"@type\":\"ListItem\",\"position\":1,\"name\":\"Portada\",\"item\":\"https:\\\/\\\/garageblogec.com\\\/\"},{\"@type\":\"ListItem\",\"position\":2,\"name\":\"La nueva camioneta Kia Tasman se deshace del camuflaje y se confirma la fecha de presentaci\u00f3n\"}]},{\"@type\":\"WebSite\",\"@id\":\"https:\\\/\\\/garageblogec.com\\\/#website\",\"url\":\"https:\\\/\\\/garageblogec.com\\\/\",\"name\":\"Garage Blog Ecuador\",\"description\":\"Alucinamos por los autos \",\"publisher\":{\"@id\":\"https:\\\/\\\/garageblogec.com\\\/#organization\"},\"potentialAction\":[{\"@type\":\"SearchAction\",\"target\":{\"@type\":\"EntryPoint\",\"urlTemplate\":\"https:\\\/\\\/garageblogec.com\\\/?s={search_term_string}\"},\"query-input\":{\"@type\":\"PropertyValueSpecification\",\"valueRequired\":true,\"valueName\":\"search_term_string\"}}],\"inLanguage\":\"es\"},{\"@type\":\"Organization\",\"@id\":\"https:\\\/\\\/garageblogec.com\\\/#organization\",\"name\":\"Garage Blog Ecuador\",\"url\":\"https:\\\/\\\/garageblogec.com\\\/\",\"logo\":{\"@type\":\"ImageObject\",\"inLanguage\":\"es\",\"@id\":\"https:\\\/\\\/garageblogec.com\\\/#\\\/schema\\\/logo\\\/image\\\/\",\"url\":\"https:\\\/\\\/garageblogec.com\\\/wp-content\\\/uploads\\\/2024\\\/02\\\/cropped-logo-png-para-blog.webp\",\"contentUrl\":\"https:\\\/\\\/garageblogec.com\\\/wp-content\\\/uploads\\\/2024\\\/02\\\/cropped-logo-png-para-blog.webp\",\"width\":840,\"height\":556,\"caption\":\"Garage Blog Ecuador \"},\"image\":{\"@id\":\"https:\\\/\\\/garageblogec.com\\\/#\\\/schema\\\/logo\\\/image\\\/\"}},{\"@type\":\"Person\",\"@id\":\"https:\\\/\\\/garageblogec.com\\\/#\\\/schema\\\/person\\\/635f4b76c0cb3e43b82fe6f7d8bcceea\",\"name\":\"gabi1212\",\"image\":{\"@type\":\"ImageObject\",\"inLanguage\":\"es\",\"@id\":\"https:\\\/\\\/secure.gravatar.com\\\/avatar\\\/6aa491f45cb359d4d6dd8c430e83f78899c80569c27d21156e19bbdcd31d1811?s=96&d=mm&r=g\",\"url\":\"https:\\\/\\\/secure.gravatar.com\\\/avatar\\\/6aa491f45cb359d4d6dd8c430e83f78899c80569c27d21156e19bbdcd31d1811?s=96&d=mm&r=g\",\"contentUrl\":\"https:\\\/\\\/secure.gravatar.com\\\/avatar\\\/6aa491f45cb359d4d6dd8c430e83f78899c80569c27d21156e19bbdcd31d1811?s=96&d=mm&r=g\",\"caption\":\"gabi1212\"},\"url\":\"https:\\\/\\\/garageblogec.com\\\/?author=6\"}]}<\/script>\n<!-- \/ Yoast SEO plugin. -->","yoast_head_json":{"title":"La nueva camioneta Kia Tasman se deshace del camuflaje y se confirma la fecha de presentaci\u00f3n - Garage Blog Ecuador","robots":{"index":"index","follow":"follow","max-snippet":"max-snippet:-1","max-image-preview":"max-image-preview:large","max-video-preview":"max-video-preview:-1"},"canonical":"https:\/\/garageblogec.com\/?p=1148","og_locale":"es_ES","og_type":"article","og_title":"La nueva camioneta Kia Tasman se deshace del camuflaje y se confirma la fecha de presentaci\u00f3n - Garage Blog Ecuador","og_description":"Kia\u00a0ha confirmado que el nuevo Tasman har\u00e1 su debut en el Sal\u00f3n Internacional del Autom\u00f3vil de Yeddah en Arabia Saudita el 29 de octubre. El anuncio vino acompa\u00f1ado de nuevos avances, que revelaron la camioneta de tama\u00f1o mediano sin su camuflaje habitual.","og_url":"https:\/\/garageblogec.com\/?p=1148","og_site_name":"Garage Blog Ecuador","article_published_time":"2024-10-17T14:10:28+00:00","article_modified_time":"2024-10-17T14:13:04+00:00","og_image":[{"width":800,"height":600,"url":"https:\/\/garageblogec.com\/wp-content\/uploads\/2024\/10\/0e3b4bf4c766d6aa39b307fb4df18680.png","type":"image\/png"}],"author":"gabi1212","twitter_card":"summary_large_image","twitter_misc":{"Escrito por":"gabi1212","Tiempo de lectura":"4 minutos"},"schema":{"@context":"https:\/\/schema.org","@graph":[{"@type":"Article","@id":"https:\/\/garageblogec.com\/?p=1148#article","isPartOf":{"@id":"https:\/\/garageblogec.com\/?p=1148"},"author":{"name":"gabi1212","@id":"https:\/\/garageblogec.com\/#\/schema\/person\/635f4b76c0cb3e43b82fe6f7d8bcceea"},"headline":"La nueva camioneta Kia Tasman se deshace del camuflaje y se confirma la fecha de presentaci\u00f3n","datePublished":"2024-10-17T14:10:28+00:00","dateModified":"2024-10-17T14:13:04+00:00","mainEntityOfPage":{"@id":"https:\/\/garageblogec.com\/?p=1148"},"wordCount":580,"commentCount":0,"publisher":{"@id":"https:\/\/garageblogec.com\/#organization"},"image":{"@id":"https:\/\/garageblogec.com\/?p=1148#primaryimage"},"thumbnailUrl":"https:\/\/garageblogec.com\/wp-content\/uploads\/2024\/10\/0e3b4bf4c766d6aa39b307fb4df18680.png","articleSection":["Industria Nacional"],"inLanguage":"es","potentialAction":[{"@type":"CommentAction","name":"Comment","target":["https:\/\/garageblogec.com\/?p=1148#respond"]}]},{"@type":"WebPage","@id":"https:\/\/garageblogec.com\/?p=1148","url":"https:\/\/garageblogec.com\/?p=1148","name":"La nueva camioneta Kia Tasman se deshace del camuflaje y se confirma la fecha de presentaci\u00f3n - Garage Blog Ecuador","isPartOf":{"@id":"https:\/\/garageblogec.com\/#website"},"primaryImageOfPage":{"@id":"https:\/\/garageblogec.com\/?p=1148#primaryimage"},"image":{"@id":"https:\/\/garageblogec.com\/?p=1148#primaryimage"},"thumbnailUrl":"https:\/\/garageblogec.com\/wp-content\/uploads\/2024\/10\/0e3b4bf4c766d6aa39b307fb4df18680.png","datePublished":"2024-10-17T14:10:28+00:00","dateModified":"2024-10-17T14:13:04+00:00","breadcrumb":{"@id":"https:\/\/garageblogec.com\/?p=1148#breadcrumb"},"inLanguage":"es","potentialAction":[{"@type":"ReadAction","target":["https:\/\/garageblogec.com\/?p=1148"]}]},{"@type":"ImageObject","inLanguage":"es","@id":"https:\/\/garageblogec.com\/?p=1148#primaryimage","url":"https:\/\/garageblogec.com\/wp-content\/uploads\/2024\/10\/0e3b4bf4c766d6aa39b307fb4df18680.png","contentUrl":"https:\/\/garageblogec.com\/wp-content\/uploads\/2024\/10\/0e3b4bf4c766d6aa39b307fb4df18680.png","width":800,"height":600},{"@type":"BreadcrumbList","@id":"https:\/\/garageblogec.com\/?p=1148#breadcrumb","itemListElement":[{"@type":"ListItem","position":1,"name":"Portada","item":"https:\/\/garageblogec.com\/"},{"@type":"ListItem","position":2,"name":"La nueva camioneta Kia Tasman se deshace del camuflaje y se confirma la fecha de presentaci\u00f3n"}]},{"@type":"WebSite","@id":"https:\/\/garageblogec.com\/#website","url":"https:\/\/garageblogec.com\/","name":"Garage Blog Ecuador","description":"Alucinamos por los autos ","publisher":{"@id":"https:\/\/garageblogec.com\/#organization"},"potentialAction":[{"@type":"SearchAction","target":{"@type":"EntryPoint","urlTemplate":"https:\/\/garageblogec.com\/?s={search_term_string}"},"query-input":{"@type":"PropertyValueSpecification","valueRequired":true,"valueName":"search_term_string"}}],"inLanguage":"es"},{"@type":"Organization","@id":"https:\/\/garageblogec.com\/#organization","name":"Garage Blog Ecuador","url":"https:\/\/garageblogec.com\/","logo":{"@type":"ImageObject","inLanguage":"es","@id":"https:\/\/garageblogec.com\/#\/schema\/logo\/image\/","url":"https:\/\/garageblogec.com\/wp-content\/uploads\/2024\/02\/cropped-logo-png-para-blog.webp","contentUrl":"https:\/\/garageblogec.com\/wp-content\/uploads\/2024\/02\/cropped-logo-png-para-blog.webp","width":840,"height":556,"caption":"Garage Blog Ecuador "},"image":{"@id":"https:\/\/garageblogec.com\/#\/schema\/logo\/image\/"}},{"@type":"Person","@id":"https:\/\/garageblogec.com\/#\/schema\/person\/635f4b76c0cb3e43b82fe6f7d8bcceea","name":"gabi1212","image":{"@type":"ImageObject","inLanguage":"es","@id":"https:\/\/secure.gravatar.com\/avatar\/6aa491f45cb359d4d6dd8c430e83f78899c80569c27d21156e19bbdcd31d1811?s=96&d=mm&r=g","url":"https:\/\/secure.gravatar.com\/avatar\/6aa491f45cb359d4d6dd8c430e83f78899c80569c27d21156e19bbdcd31d1811?s=96&d=mm&r=g","contentUrl":"https:\/\/secure.gravatar.com\/avatar\/6aa491f45cb359d4d6dd8c430e83f78899c80569c27d21156e19bbdcd31d1811?s=96&d=mm&r=g","caption":"gabi1212"},"url":"https:\/\/garageblogec.com\/?author=6"}]}},"jetpack_featured_media_url":"https:\/\/garageblogec.com\/wp-content\/uploads\/2024\/10\/0e3b4bf4c766d6aa39b307fb4df18680.png","jetpack_sharing_enabled":true,"_links":{"self":[{"href":"https:\/\/garageblogec.com\/index.php?rest_route=\/wp\/v2\/posts\/1148","targetHints":{"allow":["GET"]}}],"collection":[{"href":"https:\/\/garageblogec.com\/index.php?rest_route=\/wp\/v2\/posts"}],"about":[{"href":"https:\/\/garageblogec.com\/index.php?rest_route=\/wp\/v2\/types\/post"}],"author":[{"embeddable":true,"href":"https:\/\/garageblogec.com\/index.php?rest_route=\/wp\/v2\/users\/6"}],"replies":[{"embeddable":true,"href":"https:\/\/garageblogec.com\/index.php?rest_route=%2Fwp%2Fv2%2Fcomments&post=1148"}],"version-history":[{"count":1,"href":"https:\/\/garageblogec.com\/index.php?rest_route=\/wp\/v2\/posts\/1148\/revisions"}],"predecessor-version":[{"id":1150,"href":"https:\/\/garageblogec.com\/index.php?rest_route=\/wp\/v2\/posts\/1148\/revisions\/1150"}],"wp:featuredmedia":[{"embeddable":true,"href":"https:\/\/garageblogec.com\/index.php?rest_route=\/wp\/v2\/media\/1149"}],"wp:attachment":[{"href":"https:\/\/garageblogec.com\/index.php?rest_route=%2Fwp%2Fv2%2Fmedia&parent=1148"}],"wp:term":[{"taxonomy":"category","embeddable":true,"href":"https:\/\/garageblogec.com\/index.php?rest_route=%2Fwp%2Fv2%2Fcategories&post=1148"},{"taxonomy":"post_tag","embeddable":true,"href":"https:\/\/garageblogec.com\/index.php?rest_route=%2Fwp%2Fv2%2Ftags&post=1148"}],"curies":[{"name":"wp","href":"https:\/\/api.w.org\/{rel}","templated":true}]}}