{"id":1145,"date":"2024-10-17T13:56:53","date_gmt":"2024-10-17T13:56:53","guid":{"rendered":"https:\/\/garageblogec.com\/?p=1145"},"modified":"2024-10-17T13:56:55","modified_gmt":"2024-10-17T13:56:55","slug":"el-monster-911-de-rml-tiene-900-caballos-y-parece-que-salio-de-las-salinas-de-bonneville","status":"publish","type":"post","link":"https:\/\/garageblogec.com\/?p=1145","title":{"rendered":"El Monster 911 de RML tiene 900 caballos y parece que sali\u00f3 de las salinas de Bonneville"},"content":{"rendered":"\n<p>RML Group, con sede en el Reino Unido, present\u00f3 el P39 40th Special Edition, un hipercoche basado en\u00a0<br>Porsche\u00a0con una producci\u00f3n limitada de 10 unidades. El modelo est\u00e1 basado en el 992.1 Turbo S, pero presenta una carrocer\u00eda a medida hecha completamente de fibra de carbono, junto con importantes mejoras de rendimiento.<\/p>\n\n\n\n<figure class=\"wp-block-image size-large\"><img decoding=\"async\" src=\"https:\/\/www.carscoops.com\/wp-content\/uploads\/webp\/2024\/08\/Porsche-911-Turbo-50-Years-Is-A-Retro-Flavored-Anniversary-Special-2-copy-1536x864.webp\" alt=\"\"\/><\/figure>\n\n\n\n<p>Como sugiere su nombre, el P39 40SE fue creado para celebrar el 40 aniversario de la firma de ingenier\u00eda. Uno de los principales objetivos del proyecto es dar una vuelta al circuito de N\u00fcrburgring en un tiempo estimado de 6:45 minutos, 4 segundos m\u00e1s r\u00e1pido que el\u00a0Porsche 992 GT3 RS\u00a0y 32 segundos m\u00e1s r\u00e1pido que el 992 Turbo S.<\/p>\n\n\n\n<figure class=\"wp-block-image size-large\"><a href=\"https:\/\/www.kia.com\/ec\/showroom\/ev5-ocv-25my\/specification.html\"><img fetchpriority=\"high\" decoding=\"async\" width=\"1024\" height=\"284\" src=\"https:\/\/garageblogec.com\/wp-content\/uploads\/2024\/09\/1080x300-1024x284.jpg\" alt=\"\" class=\"wp-image-1066\" srcset=\"https:\/\/garageblogec.com\/wp-content\/uploads\/2024\/09\/1080x300-1024x284.jpg 1024w, https:\/\/garageblogec.com\/wp-content\/uploads\/2024\/09\/1080x300-300x83.jpg 300w, https:\/\/garageblogec.com\/wp-content\/uploads\/2024\/09\/1080x300-768x213.jpg 768w, https:\/\/garageblogec.com\/wp-content\/uploads\/2024\/09\/1080x300.jpg 1080w\" sizes=\"(max-width: 1024px) 100vw, 1024px\" \/><\/a><\/figure>\n\n\n\n<p>Michael Mallock, director ejecutivo de RML Group, dijo que su objetivo con el P39 40SE era crear un autom\u00f3vil que \u00bb\u00a0eclipsara c\u00f3modamente a un GT3 RS en Nordschleife\u00a0y al mismo tiempo fuera relajante y f\u00e1cil de conducir durante todo el camino a casa\u00bb.<\/p>\n\n\n\n<p>La carrocer\u00eda de fibra de carbono a medida del P39 40SE est\u00e1 inspirada en la generaci\u00f3n actual de hipercoches de Le Mans. Las \u00fanicas piezas que se conservan del 911 parecen ser las unidades de iluminaci\u00f3n, los espejos, el habit\u00e1culo y las manijas de las puertas. El modelo cuenta con guardabarros anchos, una parte trasera m\u00e1s larga, componentes aerodin\u00e1micos activos con DRS (sistema de reducci\u00f3n de la resistencia aerodin\u00e1mica) y llantas forjadas a medida de 20 pulgadas en la parte delantera y 21 pulgadas en la trasera.<\/p>\n\n\n\n<figure class=\"wp-block-image size-large\"><img decoding=\"async\" src=\"https:\/\/www.carscoops.com\/wp-content\/uploads\/webp\/2024\/10\/RML-P39-Project-Porsche-911-1s-1536x864.webp\" alt=\"\"\/><\/figure>\n\n\n\n<p>En total, el P39 40SE es 170 mm (6,7 pulgadas) m\u00e1s largo y 90 mm (3,5 pulgadas) m\u00e1s ancho que el&nbsp;<a href=\"https:\/\/www.carscoops.com\/tag\/porsche-911-turbo\/\">911 Turbo S.<\/a>&nbsp;Las v\u00edas se han ensanchado en 100 mm (3,9 pulgadas) y la distancia entre ejes se ha alargado en 15 mm (0,6 pulgadas).<\/p>\n\n\n\n<p>La nueva carrocer\u00eda genera una impresionante carga aerodin\u00e1mica de 923 kg (2.035 libras) a 285 km\/h (177 mph), en comparaci\u00f3n con los 204 kg (450 libras) del 911 Turbo S est\u00e1ndar. Incluso a 241 km\/h (150 mph), el P39 40SE genera 662 kg (1.460 libras) de carga aerodin\u00e1mica, superando la cifra de 617 kg (1.360 libras) del GT3 RS.<\/p>\n\n\n\n<p>Adem\u00e1s del Track Mode, el conductor tambi\u00e9n tiene acceso a un Tour Mode, que aumenta la altura del veh\u00edculo mediante actuadores hidr\u00e1ulicos y suaviza los amortiguadores, haci\u00e9ndolo m\u00e1s adecuado para el uso en carretera. El interior cuenta con nuevos asientos deportivos con cinturones de seguridad de cuatro puntos, mientras que el banco trasero ha sido reemplazado por una media jaula antivuelco.<\/p>\n\n\n\n<figure class=\"wp-block-image size-large\"><img decoding=\"async\" src=\"https:\/\/www.carscoops.com\/wp-content\/uploads\/webp\/2024\/10\/RML-P39-Project-Porsche-911-4-1536x543.webp\" alt=\"\"\/><\/figure>\n\n\n\n<p>Por \u00faltimo, pero no por ello menos importante, RML\u00a0ha mejorado\u00a0el motor de seis cilindros horizontales biturbo de 3,7 litros para producir unos impresionantes 900 CV (671 kW\/912 PS) y 1.000 Nm (738 lb-ft) de par. Esto representa un considerable aumento de 259 CV (193 kW\/262 PS) y 200 Nm (148 lb-ft) con respecto al 911 Turbo S de serie, gracias a \u201cuna nueva ECU, turbos e intercoolers mejorados, nuevos colectores y convertidores catal\u00edticos, adem\u00e1s de un escape deportivo Inconel tuneado\u201d.<\/p>\n\n\n\n<p>Como era de esperar, todas las mejoras mencionadas anteriormente no son baratas. Seg\u00fan RML, la conversi\u00f3n por s\u00ed sola costar\u00e1 495.000 libras (645.022 d\u00f3lares) antes de impuestos, adem\u00e1s del coste de un Porsche 911 Turbo S como coche donante. Afortunadamente, la empresa puede conseguirlos si as\u00ed lo solicita. La primera de las 10 unidades del P39 40SE ya se est\u00e1 construyendo en el\u00a0centro de ingenier\u00eda de RML\u00a0en Wellingborough.<a href=\"https:\/\/www.carscoops.com\/wp-content\/uploads\/2024\/10\/RML-P39-Project-Porsche-911-2s.jpg\"><\/a><\/p>\n\n\n<div class='pt-cv-wrapper'> <h3 class='pt-cv-heading-container heading1' data-blockid='mu0lsysj'><span class='pt-cv-heading'> Overlay1 <\/span><\/h3><div class=\"pt-cv-view pt-cv-overlaygrid iscvblock iscvreal overlay1 layout1\" id=\"pt-cv-view-mu0lsysj\"><div data-id=\"pt-cv-page-1\" class=\"pt-cv-page\" data-cvc=\"3\"><div class=\" pt-cv-content-item pt-cv-1-col\" ><div class=\"pt-cv-thumb-wrapper  \"><a href=\"https:\/\/garageblogec.com\/?p=3303\" class=\"_self pt-cv-href-thumbnail pt-cv-thumb-default\" target=\"_self\" ><img decoding=\"async\" width=\"768\" height=\"432\" src=\"https:\/\/garageblogec.com\/wp-content\/uploads\/2026\/04\/WhatsApp-Image-2026-04-21-at-1.52.53-PM-768x432.jpeg\" class=\"pt-cv-thumbnail\" alt=\"\" \/><\/a><\/div>\n<div class=\"pt-cv-overlay-wrapper\"><div class=\"pt-cv-taxoterm above_title\"><a href='https:\/\/garageblogec.com\/?cat=27' title='Industria Nacional' class='pt-cv-tax-industria-nacional'>Industria Nacional<\/a><\/div><h4 class=\"pt-cv-title\"><a href=\"https:\/\/garageblogec.com\/?p=3303\" class=\"_self\" target=\"_self\" >Grupo Ambacar presenta en Guayaquil KGM, su nueva marca de SUV h\u00edbridos con respaldo global<\/a><\/h4><div class=\"pt-cv-meta-fields\"><span class=\"entry-date\"> <time datetime=\"2026-04-21T21:37:24+00:00\">abril 21, 2026<\/time><\/span><span> \/ <\/span><span class=\"author\"> <a href=\"https:\/\/garageblogec.com\/?author=6\" rel=\"author\">gabi1212<\/a><\/span><\/div><\/div><\/div>\n<div class=\" pt-cv-content-item pt-cv-1-col\" ><div class=\"pt-cv-thumb-wrapper  \"><a href=\"https:\/\/garageblogec.com\/?p=3296\" class=\"_self pt-cv-href-thumbnail pt-cv-thumb-default\" target=\"_self\" ><img decoding=\"async\" width=\"768\" height=\"432\" src=\"https:\/\/garageblogec.com\/wp-content\/uploads\/2026\/04\/WhatsApp-Image-2026-04-14-at-3.15.09-PM-768x432.jpeg\" class=\"pt-cv-thumbnail\" alt=\"\" \/><\/a><\/div>\n<div class=\"pt-cv-overlay-wrapper\"><div class=\"pt-cv-taxoterm above_title\"><a href='https:\/\/garageblogec.com\/?cat=27' title='Industria Nacional' class='pt-cv-tax-industria-nacional'>Industria Nacional<\/a><\/div><h4 class=\"pt-cv-title\"><a href=\"https:\/\/garageblogec.com\/?p=3296\" class=\"_self\" target=\"_self\" >El tablero desapareci\u00f3, ahora el auto es una pantalla inteligente<\/a><\/h4><div class=\"pt-cv-meta-fields\"><span class=\"entry-date\"> <time datetime=\"2026-04-14T20:21:20+00:00\">abril 14, 2026<\/time><\/span><span> \/ <\/span><span class=\"author\"> <a href=\"https:\/\/garageblogec.com\/?author=6\" rel=\"author\">gabi1212<\/a><\/span><\/div><\/div><\/div>\n<div class=\" pt-cv-content-item pt-cv-1-col\" ><div class=\"pt-cv-thumb-wrapper  \"><a href=\"https:\/\/garageblogec.com\/?p=3291\" class=\"_self pt-cv-href-thumbnail pt-cv-thumb-default\" target=\"_self\" ><img loading=\"lazy\" decoding=\"async\" width=\"768\" height=\"432\" src=\"https:\/\/garageblogec.com\/wp-content\/uploads\/2026\/04\/WhatsApp-Image-2026-04-14-at-2.21.27-PM-768x432.jpeg\" class=\"pt-cv-thumbnail\" alt=\"\" \/><\/a><\/div>\n<div class=\"pt-cv-overlay-wrapper\"><div class=\"pt-cv-taxoterm above_title\"><a href='https:\/\/garageblogec.com\/?cat=27' title='Industria Nacional' class='pt-cv-tax-industria-nacional'>Industria Nacional<\/a><\/div><h4 class=\"pt-cv-title\"><a href=\"https:\/\/garageblogec.com\/?p=3291\" class=\"_self\" target=\"_self\" >Seguridad al volante en Ecuador: los errores m\u00e1s comunes que cometen los conductores<\/a><\/h4><div class=\"pt-cv-meta-fields\"><span class=\"entry-date\"> <time datetime=\"2026-04-14T20:08:54+00:00\">abril 14, 2026<\/time><\/span><span> \/ <\/span><span class=\"author\"> <a href=\"https:\/\/garageblogec.com\/?author=6\" rel=\"author\">gabi1212<\/a><\/span><\/div><\/div><\/div>\n<div class=\" pt-cv-content-item pt-cv-1-col\" ><div class=\"pt-cv-thumb-wrapper  \"><a href=\"https:\/\/garageblogec.com\/?p=3286\" class=\"_self pt-cv-href-thumbnail pt-cv-thumb-default\" target=\"_self\" ><img loading=\"lazy\" decoding=\"async\" width=\"768\" height=\"492\" src=\"https:\/\/garageblogec.com\/wp-content\/uploads\/2026\/04\/Posventa.jpg-768x492.jpeg\" class=\"pt-cv-thumbnail\" alt=\"\" \/><\/a><\/div>\n<div class=\"pt-cv-overlay-wrapper\"><div class=\"pt-cv-taxoterm above_title\"><a href='https:\/\/garageblogec.com\/?cat=27' title='Industria Nacional' class='pt-cv-tax-industria-nacional'>Industria Nacional<\/a><\/div><h4 class=\"pt-cv-title\"><a href=\"https:\/\/garageblogec.com\/?p=3286\" class=\"_self\" target=\"_self\" >Clientes Nissan reciben cambios de aceite infinitos<\/a><\/h4><div class=\"pt-cv-meta-fields\"><span class=\"entry-date\"> <time datetime=\"2026-04-14T20:04:08+00:00\">abril 14, 2026<\/time><\/span><span> \/ <\/span><span class=\"author\"> <a href=\"https:\/\/garageblogec.com\/?author=6\" rel=\"author\">gabi1212<\/a><\/span><\/div><\/div><\/div>\n<div class=\" pt-cv-content-item pt-cv-1-col\" ><div class=\"pt-cv-thumb-wrapper  \"><a href=\"https:\/\/garageblogec.com\/?p=3280\" class=\"_self pt-cv-href-thumbnail pt-cv-thumb-default\" target=\"_self\" ><img loading=\"lazy\" decoding=\"async\" width=\"768\" height=\"512\" src=\"https:\/\/garageblogec.com\/wp-content\/uploads\/2026\/04\/foto1-768x512.jpeg\" class=\"pt-cv-thumbnail\" alt=\"\" \/><\/a><\/div>\n<div class=\"pt-cv-overlay-wrapper\"><div class=\"pt-cv-taxoterm above_title\"><a href='https:\/\/garageblogec.com\/?cat=27' title='Industria Nacional' class='pt-cv-tax-industria-nacional'>Industria Nacional<\/a><\/div><h4 class=\"pt-cv-title\"><a href=\"https:\/\/garageblogec.com\/?p=3280\" class=\"_self\" target=\"_self\" >Movilidad como inversi\u00f3n: el uso de utilidades que crece en Ecuador<\/a><\/h4><div class=\"pt-cv-meta-fields\"><span class=\"entry-date\"> <time datetime=\"2026-04-07T19:55:36+00:00\">abril 7, 2026<\/time><\/span><span> \/ <\/span><span class=\"author\"> <a href=\"https:\/\/garageblogec.com\/?author=6\" rel=\"author\">gabi1212<\/a><\/span><\/div><\/div><\/div>\n<div class=\" pt-cv-content-item pt-cv-1-col\" ><div class=\"pt-cv-thumb-wrapper  \"><a href=\"https:\/\/garageblogec.com\/?p=3276\" class=\"_self pt-cv-href-thumbnail pt-cv-thumb-default\" target=\"_self\" ><img loading=\"lazy\" decoding=\"async\" width=\"745\" height=\"491\" src=\"https:\/\/garageblogec.com\/wp-content\/uploads\/2026\/04\/TT.png\" class=\"pt-cv-thumbnail\" alt=\"\" \/><\/a><\/div>\n<div class=\"pt-cv-overlay-wrapper\"><div class=\"pt-cv-taxoterm above_title\"><a href='https:\/\/garageblogec.com\/?cat=27' title='Industria Nacional' class='pt-cv-tax-industria-nacional'>Industria Nacional<\/a><\/div><h4 class=\"pt-cv-title\"><a href=\"https:\/\/garageblogec.com\/?p=3276\" class=\"_self\" target=\"_self\" >Lluvias en Ecuador: C\u00f3mo reducir riesgos en carretera y prevenir accidentes en calzada mojada<\/a><\/h4><div class=\"pt-cv-meta-fields\"><span class=\"entry-date\"> <time datetime=\"2026-04-07T19:46:52+00:00\">abril 7, 2026<\/time><\/span><span> \/ <\/span><span class=\"author\"> <a href=\"https:\/\/garageblogec.com\/?author=6\" rel=\"author\">gabi1212<\/a><\/span><\/div><\/div><\/div><\/div><\/div> <\/div> <style>\n#pt-cv-view-mu0lsysj .pt-cv-thumb-wrapper::before {background: rgba(0,0,0,.4); opacity: 0.8;}#pt-cv-view-mu0lsysj .pt-cv-overlay-wrapper {justify-content: center;}\n#pt-cv-view-mu0lsysj .pt-cv-meta-fields {  }#pt-cv-view-mu0lsysj .pt-cv-meta-fields * { font-size: 13px; }#pt-cv-view-mu0lsysj .pt-cv-title a { display: block; }#pt-cv-view-mu0lsysj .pt-cv-title:not(.pt-cv-titlesm) a { font-weight: 600;text-decoration: none;font-size: 20px; }#pt-cv-view-mu0lsysj .pt-cv-titlesm a { font-weight: 600;font-size: 18px; }#pt-cv-view-mu0lsysj .pt-cv-content { font-size: 15px; }#pt-cv-view-mu0lsysj .pt-cv-rmwrap {  }#pt-cv-view-mu0lsysj .pt-cv-readmore { color: #fff;background-color: #0075ff;font-size: 14px; }#pt-cv-view-mu0lsysj .pt-cv-taxoterm { margin: 0px 0px 20px 0px; }#pt-cv-view-mu0lsysj .pt-cv-taxoterm * { color: #222;background-color: #fff6f6;font-size: 14px; }#pt-cv-view-mu0lsysj + .pt-cv-pagination-wrapper {  }#pt-cv-view-mu0lsysj + .pt-cv-pagination-wrapper a { font-size: 14px; }#pt-cv-view-mu0lsysj > .pt-cv-page {grid-template-columns: repeat(3, 1fr);grid-auto-rows: 250px;grid-gap: 10px;}\n@media all and (max-width: 1024px) { \n#pt-cv-view-mu0lsysj > .pt-cv-page {}\n} \n@media all and (max-width: 767px) { \n#pt-cv-view-mu0lsysj > .pt-cv-page {grid-template-columns: repeat(1, 1fr);}\n} <\/style>\n\n\n<p><\/p>\n","protected":false},"excerpt":{"rendered":"<p>RML Group, con sede en el Reino Unido, present\u00f3 el P39 40th Special Edition, un hipercoche basado en Porsche con una producci\u00f3n limitada de 10 unidades. El modelo est\u00e1 basado en el 992.1 Turbo S, pero presenta una carrocer\u00eda a medida hecha completamente de fibra de carbono, junto con importantes mejoras de rendimiento.<\/p>\n","protected":false},"author":6,"featured_media":1146,"comment_status":"open","ping_status":"open","sticky":false,"template":"","format":"standard","meta":{"_jetpack_memberships_contains_paid_content":false,"footnotes":""},"categories":[27],"tags":[],"class_list":["post-1145","post","type-post","status-publish","format-standard","has-post-thumbnail","hentry","category-industria-nacional"],"yoast_head":"<!-- This site is optimized with the Yoast SEO plugin v27.4 - https:\/\/yoast.com\/product\/yoast-seo-wordpress\/ -->\n<title>El Monster 911 de RML tiene 900 caballos y parece que sali\u00f3 de las salinas de Bonneville - Garage Blog Ecuador<\/title>\n<meta name=\"robots\" content=\"index, follow, max-snippet:-1, max-image-preview:large, max-video-preview:-1\" \/>\n<link rel=\"canonical\" href=\"https:\/\/garageblogec.com\/?p=1145\" \/>\n<meta property=\"og:locale\" content=\"es_ES\" \/>\n<meta property=\"og:type\" content=\"article\" \/>\n<meta property=\"og:title\" content=\"El Monster 911 de RML tiene 900 caballos y parece que sali\u00f3 de las salinas de Bonneville - Garage Blog Ecuador\" \/>\n<meta property=\"og:description\" content=\"RML Group, con sede en el Reino Unido, present\u00f3 el P39 40th Special Edition, un hipercoche basado en Porsche con una producci\u00f3n limitada de 10 unidades. El modelo est\u00e1 basado en el 992.1 Turbo S, pero presenta una carrocer\u00eda a medida hecha completamente de fibra de carbono, junto con importantes mejoras de rendimiento.\" \/>\n<meta property=\"og:url\" content=\"https:\/\/garageblogec.com\/?p=1145\" \/>\n<meta property=\"og:site_name\" content=\"Garage Blog Ecuador\" \/>\n<meta property=\"article:published_time\" content=\"2024-10-17T13:56:53+00:00\" \/>\n<meta property=\"article:modified_time\" content=\"2024-10-17T13:56:55+00:00\" \/>\n<meta property=\"og:image\" content=\"https:\/\/garageblogec.com\/wp-content\/uploads\/2024\/10\/RML-P39-Project-Porsche-911-2s.jpg\" \/>\n\t<meta property=\"og:image:width\" content=\"2500\" \/>\n\t<meta property=\"og:image:height\" content=\"1406\" \/>\n\t<meta property=\"og:image:type\" content=\"image\/jpeg\" \/>\n<meta name=\"author\" content=\"gabi1212\" \/>\n<meta name=\"twitter:card\" content=\"summary_large_image\" \/>\n<meta name=\"twitter:label1\" content=\"Escrito por\" \/>\n\t<meta name=\"twitter:data1\" content=\"gabi1212\" \/>\n\t<meta name=\"twitter:label2\" content=\"Tiempo de lectura\" \/>\n\t<meta name=\"twitter:data2\" content=\"4 minutos\" \/>\n<script type=\"application\/ld+json\" class=\"yoast-schema-graph\">{\"@context\":\"https:\\\/\\\/schema.org\",\"@graph\":[{\"@type\":\"Article\",\"@id\":\"https:\\\/\\\/garageblogec.com\\\/?p=1145#article\",\"isPartOf\":{\"@id\":\"https:\\\/\\\/garageblogec.com\\\/?p=1145\"},\"author\":{\"name\":\"gabi1212\",\"@id\":\"https:\\\/\\\/garageblogec.com\\\/#\\\/schema\\\/person\\\/635f4b76c0cb3e43b82fe6f7d8bcceea\"},\"headline\":\"El Monster 911 de RML tiene 900 caballos y parece que sali\u00f3 de las salinas de Bonneville\",\"datePublished\":\"2024-10-17T13:56:53+00:00\",\"dateModified\":\"2024-10-17T13:56:55+00:00\",\"mainEntityOfPage\":{\"@id\":\"https:\\\/\\\/garageblogec.com\\\/?p=1145\"},\"wordCount\":576,\"commentCount\":0,\"publisher\":{\"@id\":\"https:\\\/\\\/garageblogec.com\\\/#organization\"},\"image\":{\"@id\":\"https:\\\/\\\/garageblogec.com\\\/?p=1145#primaryimage\"},\"thumbnailUrl\":\"https:\\\/\\\/garageblogec.com\\\/wp-content\\\/uploads\\\/2024\\\/10\\\/RML-P39-Project-Porsche-911-2s.jpg\",\"articleSection\":[\"Industria Nacional\"],\"inLanguage\":\"es\",\"potentialAction\":[{\"@type\":\"CommentAction\",\"name\":\"Comment\",\"target\":[\"https:\\\/\\\/garageblogec.com\\\/?p=1145#respond\"]}]},{\"@type\":\"WebPage\",\"@id\":\"https:\\\/\\\/garageblogec.com\\\/?p=1145\",\"url\":\"https:\\\/\\\/garageblogec.com\\\/?p=1145\",\"name\":\"El Monster 911 de RML tiene 900 caballos y parece que sali\u00f3 de las salinas de Bonneville - Garage Blog Ecuador\",\"isPartOf\":{\"@id\":\"https:\\\/\\\/garageblogec.com\\\/#website\"},\"primaryImageOfPage\":{\"@id\":\"https:\\\/\\\/garageblogec.com\\\/?p=1145#primaryimage\"},\"image\":{\"@id\":\"https:\\\/\\\/garageblogec.com\\\/?p=1145#primaryimage\"},\"thumbnailUrl\":\"https:\\\/\\\/garageblogec.com\\\/wp-content\\\/uploads\\\/2024\\\/10\\\/RML-P39-Project-Porsche-911-2s.jpg\",\"datePublished\":\"2024-10-17T13:56:53+00:00\",\"dateModified\":\"2024-10-17T13:56:55+00:00\",\"breadcrumb\":{\"@id\":\"https:\\\/\\\/garageblogec.com\\\/?p=1145#breadcrumb\"},\"inLanguage\":\"es\",\"potentialAction\":[{\"@type\":\"ReadAction\",\"target\":[\"https:\\\/\\\/garageblogec.com\\\/?p=1145\"]}]},{\"@type\":\"ImageObject\",\"inLanguage\":\"es\",\"@id\":\"https:\\\/\\\/garageblogec.com\\\/?p=1145#primaryimage\",\"url\":\"https:\\\/\\\/garageblogec.com\\\/wp-content\\\/uploads\\\/2024\\\/10\\\/RML-P39-Project-Porsche-911-2s.jpg\",\"contentUrl\":\"https:\\\/\\\/garageblogec.com\\\/wp-content\\\/uploads\\\/2024\\\/10\\\/RML-P39-Project-Porsche-911-2s.jpg\",\"width\":2500,\"height\":1406},{\"@type\":\"BreadcrumbList\",\"@id\":\"https:\\\/\\\/garageblogec.com\\\/?p=1145#breadcrumb\",\"itemListElement\":[{\"@type\":\"ListItem\",\"position\":1,\"name\":\"Portada\",\"item\":\"https:\\\/\\\/garageblogec.com\\\/\"},{\"@type\":\"ListItem\",\"position\":2,\"name\":\"El Monster 911 de RML tiene 900 caballos y parece que sali\u00f3 de las salinas de Bonneville\"}]},{\"@type\":\"WebSite\",\"@id\":\"https:\\\/\\\/garageblogec.com\\\/#website\",\"url\":\"https:\\\/\\\/garageblogec.com\\\/\",\"name\":\"Garage Blog Ecuador\",\"description\":\"Alucinamos por los autos \",\"publisher\":{\"@id\":\"https:\\\/\\\/garageblogec.com\\\/#organization\"},\"potentialAction\":[{\"@type\":\"SearchAction\",\"target\":{\"@type\":\"EntryPoint\",\"urlTemplate\":\"https:\\\/\\\/garageblogec.com\\\/?s={search_term_string}\"},\"query-input\":{\"@type\":\"PropertyValueSpecification\",\"valueRequired\":true,\"valueName\":\"search_term_string\"}}],\"inLanguage\":\"es\"},{\"@type\":\"Organization\",\"@id\":\"https:\\\/\\\/garageblogec.com\\\/#organization\",\"name\":\"Garage Blog Ecuador\",\"url\":\"https:\\\/\\\/garageblogec.com\\\/\",\"logo\":{\"@type\":\"ImageObject\",\"inLanguage\":\"es\",\"@id\":\"https:\\\/\\\/garageblogec.com\\\/#\\\/schema\\\/logo\\\/image\\\/\",\"url\":\"https:\\\/\\\/garageblogec.com\\\/wp-content\\\/uploads\\\/2024\\\/02\\\/cropped-logo-png-para-blog.webp\",\"contentUrl\":\"https:\\\/\\\/garageblogec.com\\\/wp-content\\\/uploads\\\/2024\\\/02\\\/cropped-logo-png-para-blog.webp\",\"width\":840,\"height\":556,\"caption\":\"Garage Blog Ecuador \"},\"image\":{\"@id\":\"https:\\\/\\\/garageblogec.com\\\/#\\\/schema\\\/logo\\\/image\\\/\"}},{\"@type\":\"Person\",\"@id\":\"https:\\\/\\\/garageblogec.com\\\/#\\\/schema\\\/person\\\/635f4b76c0cb3e43b82fe6f7d8bcceea\",\"name\":\"gabi1212\",\"image\":{\"@type\":\"ImageObject\",\"inLanguage\":\"es\",\"@id\":\"https:\\\/\\\/secure.gravatar.com\\\/avatar\\\/6aa491f45cb359d4d6dd8c430e83f78899c80569c27d21156e19bbdcd31d1811?s=96&d=mm&r=g\",\"url\":\"https:\\\/\\\/secure.gravatar.com\\\/avatar\\\/6aa491f45cb359d4d6dd8c430e83f78899c80569c27d21156e19bbdcd31d1811?s=96&d=mm&r=g\",\"contentUrl\":\"https:\\\/\\\/secure.gravatar.com\\\/avatar\\\/6aa491f45cb359d4d6dd8c430e83f78899c80569c27d21156e19bbdcd31d1811?s=96&d=mm&r=g\",\"caption\":\"gabi1212\"},\"url\":\"https:\\\/\\\/garageblogec.com\\\/?author=6\"}]}<\/script>\n<!-- \/ Yoast SEO plugin. -->","yoast_head_json":{"title":"El Monster 911 de RML tiene 900 caballos y parece que sali\u00f3 de las salinas de Bonneville - Garage Blog Ecuador","robots":{"index":"index","follow":"follow","max-snippet":"max-snippet:-1","max-image-preview":"max-image-preview:large","max-video-preview":"max-video-preview:-1"},"canonical":"https:\/\/garageblogec.com\/?p=1145","og_locale":"es_ES","og_type":"article","og_title":"El Monster 911 de RML tiene 900 caballos y parece que sali\u00f3 de las salinas de Bonneville - Garage Blog Ecuador","og_description":"RML Group, con sede en el Reino Unido, present\u00f3 el P39 40th Special Edition, un hipercoche basado en Porsche con una producci\u00f3n limitada de 10 unidades. El modelo est\u00e1 basado en el 992.1 Turbo S, pero presenta una carrocer\u00eda a medida hecha completamente de fibra de carbono, junto con importantes mejoras de rendimiento.","og_url":"https:\/\/garageblogec.com\/?p=1145","og_site_name":"Garage Blog Ecuador","article_published_time":"2024-10-17T13:56:53+00:00","article_modified_time":"2024-10-17T13:56:55+00:00","og_image":[{"width":2500,"height":1406,"url":"https:\/\/garageblogec.com\/wp-content\/uploads\/2024\/10\/RML-P39-Project-Porsche-911-2s.jpg","type":"image\/jpeg"}],"author":"gabi1212","twitter_card":"summary_large_image","twitter_misc":{"Escrito por":"gabi1212","Tiempo de lectura":"4 minutos"},"schema":{"@context":"https:\/\/schema.org","@graph":[{"@type":"Article","@id":"https:\/\/garageblogec.com\/?p=1145#article","isPartOf":{"@id":"https:\/\/garageblogec.com\/?p=1145"},"author":{"name":"gabi1212","@id":"https:\/\/garageblogec.com\/#\/schema\/person\/635f4b76c0cb3e43b82fe6f7d8bcceea"},"headline":"El Monster 911 de RML tiene 900 caballos y parece que sali\u00f3 de las salinas de Bonneville","datePublished":"2024-10-17T13:56:53+00:00","dateModified":"2024-10-17T13:56:55+00:00","mainEntityOfPage":{"@id":"https:\/\/garageblogec.com\/?p=1145"},"wordCount":576,"commentCount":0,"publisher":{"@id":"https:\/\/garageblogec.com\/#organization"},"image":{"@id":"https:\/\/garageblogec.com\/?p=1145#primaryimage"},"thumbnailUrl":"https:\/\/garageblogec.com\/wp-content\/uploads\/2024\/10\/RML-P39-Project-Porsche-911-2s.jpg","articleSection":["Industria Nacional"],"inLanguage":"es","potentialAction":[{"@type":"CommentAction","name":"Comment","target":["https:\/\/garageblogec.com\/?p=1145#respond"]}]},{"@type":"WebPage","@id":"https:\/\/garageblogec.com\/?p=1145","url":"https:\/\/garageblogec.com\/?p=1145","name":"El Monster 911 de RML tiene 900 caballos y parece que sali\u00f3 de las salinas de Bonneville - Garage Blog Ecuador","isPartOf":{"@id":"https:\/\/garageblogec.com\/#website"},"primaryImageOfPage":{"@id":"https:\/\/garageblogec.com\/?p=1145#primaryimage"},"image":{"@id":"https:\/\/garageblogec.com\/?p=1145#primaryimage"},"thumbnailUrl":"https:\/\/garageblogec.com\/wp-content\/uploads\/2024\/10\/RML-P39-Project-Porsche-911-2s.jpg","datePublished":"2024-10-17T13:56:53+00:00","dateModified":"2024-10-17T13:56:55+00:00","breadcrumb":{"@id":"https:\/\/garageblogec.com\/?p=1145#breadcrumb"},"inLanguage":"es","potentialAction":[{"@type":"ReadAction","target":["https:\/\/garageblogec.com\/?p=1145"]}]},{"@type":"ImageObject","inLanguage":"es","@id":"https:\/\/garageblogec.com\/?p=1145#primaryimage","url":"https:\/\/garageblogec.com\/wp-content\/uploads\/2024\/10\/RML-P39-Project-Porsche-911-2s.jpg","contentUrl":"https:\/\/garageblogec.com\/wp-content\/uploads\/2024\/10\/RML-P39-Project-Porsche-911-2s.jpg","width":2500,"height":1406},{"@type":"BreadcrumbList","@id":"https:\/\/garageblogec.com\/?p=1145#breadcrumb","itemListElement":[{"@type":"ListItem","position":1,"name":"Portada","item":"https:\/\/garageblogec.com\/"},{"@type":"ListItem","position":2,"name":"El Monster 911 de RML tiene 900 caballos y parece que sali\u00f3 de las salinas de Bonneville"}]},{"@type":"WebSite","@id":"https:\/\/garageblogec.com\/#website","url":"https:\/\/garageblogec.com\/","name":"Garage Blog Ecuador","description":"Alucinamos por los autos ","publisher":{"@id":"https:\/\/garageblogec.com\/#organization"},"potentialAction":[{"@type":"SearchAction","target":{"@type":"EntryPoint","urlTemplate":"https:\/\/garageblogec.com\/?s={search_term_string}"},"query-input":{"@type":"PropertyValueSpecification","valueRequired":true,"valueName":"search_term_string"}}],"inLanguage":"es"},{"@type":"Organization","@id":"https:\/\/garageblogec.com\/#organization","name":"Garage Blog Ecuador","url":"https:\/\/garageblogec.com\/","logo":{"@type":"ImageObject","inLanguage":"es","@id":"https:\/\/garageblogec.com\/#\/schema\/logo\/image\/","url":"https:\/\/garageblogec.com\/wp-content\/uploads\/2024\/02\/cropped-logo-png-para-blog.webp","contentUrl":"https:\/\/garageblogec.com\/wp-content\/uploads\/2024\/02\/cropped-logo-png-para-blog.webp","width":840,"height":556,"caption":"Garage Blog Ecuador "},"image":{"@id":"https:\/\/garageblogec.com\/#\/schema\/logo\/image\/"}},{"@type":"Person","@id":"https:\/\/garageblogec.com\/#\/schema\/person\/635f4b76c0cb3e43b82fe6f7d8bcceea","name":"gabi1212","image":{"@type":"ImageObject","inLanguage":"es","@id":"https:\/\/secure.gravatar.com\/avatar\/6aa491f45cb359d4d6dd8c430e83f78899c80569c27d21156e19bbdcd31d1811?s=96&d=mm&r=g","url":"https:\/\/secure.gravatar.com\/avatar\/6aa491f45cb359d4d6dd8c430e83f78899c80569c27d21156e19bbdcd31d1811?s=96&d=mm&r=g","contentUrl":"https:\/\/secure.gravatar.com\/avatar\/6aa491f45cb359d4d6dd8c430e83f78899c80569c27d21156e19bbdcd31d1811?s=96&d=mm&r=g","caption":"gabi1212"},"url":"https:\/\/garageblogec.com\/?author=6"}]}},"jetpack_featured_media_url":"https:\/\/garageblogec.com\/wp-content\/uploads\/2024\/10\/RML-P39-Project-Porsche-911-2s.jpg","jetpack_sharing_enabled":true,"_links":{"self":[{"href":"https:\/\/garageblogec.com\/index.php?rest_route=\/wp\/v2\/posts\/1145","targetHints":{"allow":["GET"]}}],"collection":[{"href":"https:\/\/garageblogec.com\/index.php?rest_route=\/wp\/v2\/posts"}],"about":[{"href":"https:\/\/garageblogec.com\/index.php?rest_route=\/wp\/v2\/types\/post"}],"author":[{"embeddable":true,"href":"https:\/\/garageblogec.com\/index.php?rest_route=\/wp\/v2\/users\/6"}],"replies":[{"embeddable":true,"href":"https:\/\/garageblogec.com\/index.php?rest_route=%2Fwp%2Fv2%2Fcomments&post=1145"}],"version-history":[{"count":1,"href":"https:\/\/garageblogec.com\/index.php?rest_route=\/wp\/v2\/posts\/1145\/revisions"}],"predecessor-version":[{"id":1147,"href":"https:\/\/garageblogec.com\/index.php?rest_route=\/wp\/v2\/posts\/1145\/revisions\/1147"}],"wp:featuredmedia":[{"embeddable":true,"href":"https:\/\/garageblogec.com\/index.php?rest_route=\/wp\/v2\/media\/1146"}],"wp:attachment":[{"href":"https:\/\/garageblogec.com\/index.php?rest_route=%2Fwp%2Fv2%2Fmedia&parent=1145"}],"wp:term":[{"taxonomy":"category","embeddable":true,"href":"https:\/\/garageblogec.com\/index.php?rest_route=%2Fwp%2Fv2%2Fcategories&post=1145"},{"taxonomy":"post_tag","embeddable":true,"href":"https:\/\/garageblogec.com\/index.php?rest_route=%2Fwp%2Fv2%2Ftags&post=1145"}],"curies":[{"name":"wp","href":"https:\/\/api.w.org\/{rel}","templated":true}]}}