{"id":1117,"date":"2024-10-17T12:19:28","date_gmt":"2024-10-17T12:19:28","guid":{"rendered":"https:\/\/garageblogec.com\/?p=1117"},"modified":"2024-10-17T12:19:32","modified_gmt":"2024-10-17T12:19:32","slug":"isaias-paspuel-nuevo-campeon-del-regional-sierra-de-4x4-extremo","status":"publish","type":"post","link":"https:\/\/garageblogec.com\/?p=1117","title":{"rendered":"Isaias Paspuel nuevo campe\u00f3n del Regional Sierra de 4X4 Extremo"},"content":{"rendered":"\n<p>Isa\u00edas Paspuel, oriundo de la provincia de Imbabura, ha logrado coronarse como el campe\u00f3n 2024 de la Regional Sierra de 4&#215;4 Extremo. Aunque no gan\u00f3 todas las v\u00e1lidas, su consistencia y habilidad para sumar puntos en cada competencia le permitieron alcanzar el t\u00edtulo al mando de su m\u00e1quina 7.9, uno de los veh\u00edculos m\u00e1s reconocidos en el circuito de todoterreno.<\/p>\n\n\n\n<p>La competencia, que se desarrolla durante un a\u00f1o y consta de 7 v\u00e1lidas, busca no solo coronar al mejor piloto de la regi\u00f3n, sino tambi\u00e9n seleccionar a los 12 pilotos que participar\u00e1n en las competencias nacionales de 4&#215;4 Extremo. A lo largo de las pruebas, Paspuel demostr\u00f3 una estrategia s\u00f3lida: no era necesario ganar todas las v\u00e1lidas, sino mantenerse en las primeras posiciones y asegurar puntos valiosos en cada jornada. Esta fue la regularidad clave para su victoria final.<\/p>\n\n\n\n<p>Este a\u00f1o, Isa\u00edas Paspuel cont\u00f3 con el valioso respaldo del <strong>Team Natabuela Racing<\/strong> , cuyo apoyo fue fundamental en su camino hacia la victoria. Adem\u00e1s de su talento natural como piloto, Paspuel tuvo a su disposici\u00f3n un equipo t\u00e9cnico de alto nivel. Miguel Sanipat\u00edn, encargado de la parte mec\u00e1nica, y Alex Espinoza, responsable de la electr\u00f3nica de su m\u00e1quina 7.9, jugaron un papel clave en el rendimiento del veh\u00edculo, asegurando que cada detalle estuviera a punto para las duras pruebas que enfrentaron a lo largo del campeonato. <\/p>\n\n\n\n<figure class=\"wp-block-gallery has-nested-images columns-default is-cropped wp-block-gallery-1 is-layout-flex wp-block-gallery-is-layout-flex\">\n<figure class=\"wp-block-image size-large\"><img fetchpriority=\"high\" decoding=\"async\" width=\"1024\" height=\"768\" data-id=\"1134\" src=\"https:\/\/garageblogec.com\/wp-content\/uploads\/2024\/10\/WhatsApp-Image-2024-10-15-at-7.43.05-PM-1024x768.jpeg\" alt=\"\" class=\"wp-image-1134\" srcset=\"https:\/\/garageblogec.com\/wp-content\/uploads\/2024\/10\/WhatsApp-Image-2024-10-15-at-7.43.05-PM-1024x768.jpeg 1024w, https:\/\/garageblogec.com\/wp-content\/uploads\/2024\/10\/WhatsApp-Image-2024-10-15-at-7.43.05-PM-300x225.jpeg 300w, https:\/\/garageblogec.com\/wp-content\/uploads\/2024\/10\/WhatsApp-Image-2024-10-15-at-7.43.05-PM-768x576.jpeg 768w, https:\/\/garageblogec.com\/wp-content\/uploads\/2024\/10\/WhatsApp-Image-2024-10-15-at-7.43.05-PM-1536x1152.jpeg 1536w, https:\/\/garageblogec.com\/wp-content\/uploads\/2024\/10\/WhatsApp-Image-2024-10-15-at-7.43.05-PM-2048x1536.jpeg 2048w, https:\/\/garageblogec.com\/wp-content\/uploads\/2024\/10\/WhatsApp-Image-2024-10-15-at-7.43.05-PM-1320x990.jpeg 1320w\" sizes=\"(max-width: 1024px) 100vw, 1024px\" \/><\/figure>\n\n\n\n<figure class=\"wp-block-image size-large\"><img decoding=\"async\" width=\"768\" height=\"1024\" data-id=\"1135\" src=\"https:\/\/garageblogec.com\/wp-content\/uploads\/2024\/10\/WhatsApp-Image-2024-10-15-at-8.32.32-PM-1-768x1024.jpeg\" alt=\"\" class=\"wp-image-1135\" srcset=\"https:\/\/garageblogec.com\/wp-content\/uploads\/2024\/10\/WhatsApp-Image-2024-10-15-at-8.32.32-PM-1-768x1024.jpeg 768w, https:\/\/garageblogec.com\/wp-content\/uploads\/2024\/10\/WhatsApp-Image-2024-10-15-at-8.32.32-PM-1-225x300.jpeg 225w, https:\/\/garageblogec.com\/wp-content\/uploads\/2024\/10\/WhatsApp-Image-2024-10-15-at-8.32.32-PM-1-1152x1536.jpeg 1152w, https:\/\/garageblogec.com\/wp-content\/uploads\/2024\/10\/WhatsApp-Image-2024-10-15-at-8.32.32-PM-1.jpeg 1200w\" sizes=\"(max-width: 768px) 100vw, 768px\" \/><\/figure>\n<\/figure>\n\n\n\n<p>La serie de competencias de 4&#215;4 Extremo es conocida por sus duras condiciones, donde los pilotos deben enfrentar terrenos hostiles, desde lodo hasta terrenos rocosos y monta\u00f1osos. Isa\u00edas Paspuel, en su fiel m\u00e1quina 7.9, supo adaptarse a cada uno de estos desaf\u00edos y su rendimiento estable le permiti\u00f3 acumular los puntos necesarios para ser el mejor al final de la temporada.<\/p>\n\n\n\n<p>El campeonato Regional Sierra es un trampol\u00edn hacia las competencias nacionales, donde solo los 12 mejores pilotos regionales obtienen un pase. Con su regularidad y destreza, Isa\u00edas Paspuel no solo asegur\u00f3 su puesto en la contienda nacional, sino que tambi\u00e9n se perfila como uno de los grandes favoritos para el t\u00edtulo a nivel pa\u00eds.<\/p>\n\n\n\n<figure class=\"wp-block-image size-large is-resized\"><img decoding=\"async\" width=\"1024\" height=\"284\" src=\"https:\/\/garageblogec.com\/wp-content\/uploads\/2024\/09\/1080x300-1024x284.jpg\" alt=\"\" class=\"wp-image-1066\" style=\"width:901px;height:auto\" srcset=\"https:\/\/garageblogec.com\/wp-content\/uploads\/2024\/09\/1080x300-1024x284.jpg 1024w, https:\/\/garageblogec.com\/wp-content\/uploads\/2024\/09\/1080x300-300x83.jpg 300w, https:\/\/garageblogec.com\/wp-content\/uploads\/2024\/09\/1080x300-768x213.jpg 768w, https:\/\/garageblogec.com\/wp-content\/uploads\/2024\/09\/1080x300.jpg 1080w\" sizes=\"(max-width: 1024px) 100vw, 1024px\" \/><\/figure>\n\n\n\n<p>Este t\u00edtulo es un motivo de orgullo no solo para Paspuel, sino tambi\u00e9n para su tierra natal, Imbabura, que sigue produciendo pilotos destacados en el mundo del 4&#215;4 Extremo. Ahora, con la vista puesta en el campeonato nacional, Isa\u00edas Paspuel se prepara para nuevos desaf\u00edos, con la confianza de que su regularidad y perseverancia lo pueden llevar a lo m\u00e1s alto una vez m\u00e1s.<\/p>\n\n\n\n<figure class=\"wp-block-image size-large\"><img loading=\"lazy\" decoding=\"async\" width=\"1024\" height=\"768\" src=\"https:\/\/garageblogec.com\/wp-content\/uploads\/2024\/10\/WhatsApp-Image-2024-10-15-at-8.32.28-PM-1024x768.jpeg\" alt=\"\" class=\"wp-image-1136\" srcset=\"https:\/\/garageblogec.com\/wp-content\/uploads\/2024\/10\/WhatsApp-Image-2024-10-15-at-8.32.28-PM-1024x768.jpeg 1024w, https:\/\/garageblogec.com\/wp-content\/uploads\/2024\/10\/WhatsApp-Image-2024-10-15-at-8.32.28-PM-300x225.jpeg 300w, https:\/\/garageblogec.com\/wp-content\/uploads\/2024\/10\/WhatsApp-Image-2024-10-15-at-8.32.28-PM-768x576.jpeg 768w, https:\/\/garageblogec.com\/wp-content\/uploads\/2024\/10\/WhatsApp-Image-2024-10-15-at-8.32.28-PM-1536x1152.jpeg 1536w, https:\/\/garageblogec.com\/wp-content\/uploads\/2024\/10\/WhatsApp-Image-2024-10-15-at-8.32.28-PM-1320x990.jpeg 1320w, https:\/\/garageblogec.com\/wp-content\/uploads\/2024\/10\/WhatsApp-Image-2024-10-15-at-8.32.28-PM.jpeg 1600w\" sizes=\"(max-width: 1024px) 100vw, 1024px\" \/><\/figure>\n\n\n\n<p><\/p>\n\n\n<div class='pt-cv-wrapper'> <h3 class='pt-cv-heading-container heading1' data-blockid='nrfpzla7'><span class='pt-cv-heading'> Overlay1 <\/span><\/h3><div class=\"pt-cv-view pt-cv-overlaygrid iscvblock iscvreal overlay1 layout1\" id=\"pt-cv-view-nrfpzla7\"><div data-id=\"pt-cv-page-1\" class=\"pt-cv-page\" data-cvc=\"3\"><div class=\" pt-cv-content-item pt-cv-1-col\" ><div class=\"pt-cv-thumb-wrapper  \"><a href=\"https:\/\/garageblogec.com\/?p=3303\" class=\"_self pt-cv-href-thumbnail pt-cv-thumb-default\" target=\"_self\" ><img loading=\"lazy\" decoding=\"async\" width=\"768\" height=\"432\" src=\"https:\/\/garageblogec.com\/wp-content\/uploads\/2026\/04\/WhatsApp-Image-2026-04-21-at-1.52.53-PM-768x432.jpeg\" class=\"pt-cv-thumbnail\" alt=\"\" \/><\/a><\/div>\n<div class=\"pt-cv-overlay-wrapper\"><div class=\"pt-cv-taxoterm above_title\"><a href='https:\/\/garageblogec.com\/?cat=27' title='Industria Nacional' class='pt-cv-tax-industria-nacional'>Industria Nacional<\/a><\/div><h4 class=\"pt-cv-title\"><a href=\"https:\/\/garageblogec.com\/?p=3303\" class=\"_self\" target=\"_self\" >Grupo Ambacar presenta en Guayaquil KGM, su nueva marca de SUV h\u00edbridos con respaldo global<\/a><\/h4><div class=\"pt-cv-meta-fields\"><span class=\"entry-date\"> <time datetime=\"2026-04-21T21:37:24+00:00\">abril 21, 2026<\/time><\/span><span> \/ <\/span><span class=\"author\"> <a href=\"https:\/\/garageblogec.com\/?author=6\" rel=\"author\">gabi1212<\/a><\/span><\/div><\/div><\/div>\n<div class=\" pt-cv-content-item pt-cv-1-col\" ><div class=\"pt-cv-thumb-wrapper  \"><a href=\"https:\/\/garageblogec.com\/?p=3296\" class=\"_self pt-cv-href-thumbnail pt-cv-thumb-default\" target=\"_self\" ><img loading=\"lazy\" decoding=\"async\" width=\"768\" height=\"432\" src=\"https:\/\/garageblogec.com\/wp-content\/uploads\/2026\/04\/WhatsApp-Image-2026-04-14-at-3.15.09-PM-768x432.jpeg\" class=\"pt-cv-thumbnail\" alt=\"\" \/><\/a><\/div>\n<div class=\"pt-cv-overlay-wrapper\"><div class=\"pt-cv-taxoterm above_title\"><a href='https:\/\/garageblogec.com\/?cat=27' title='Industria Nacional' class='pt-cv-tax-industria-nacional'>Industria Nacional<\/a><\/div><h4 class=\"pt-cv-title\"><a href=\"https:\/\/garageblogec.com\/?p=3296\" class=\"_self\" target=\"_self\" >El tablero desapareci\u00f3, ahora el auto es una pantalla inteligente<\/a><\/h4><div class=\"pt-cv-meta-fields\"><span class=\"entry-date\"> <time datetime=\"2026-04-14T20:21:20+00:00\">abril 14, 2026<\/time><\/span><span> \/ <\/span><span class=\"author\"> <a href=\"https:\/\/garageblogec.com\/?author=6\" rel=\"author\">gabi1212<\/a><\/span><\/div><\/div><\/div>\n<div class=\" pt-cv-content-item pt-cv-1-col\" ><div class=\"pt-cv-thumb-wrapper  \"><a href=\"https:\/\/garageblogec.com\/?p=3291\" class=\"_self pt-cv-href-thumbnail pt-cv-thumb-default\" target=\"_self\" ><img loading=\"lazy\" decoding=\"async\" width=\"768\" height=\"432\" src=\"https:\/\/garageblogec.com\/wp-content\/uploads\/2026\/04\/WhatsApp-Image-2026-04-14-at-2.21.27-PM-768x432.jpeg\" class=\"pt-cv-thumbnail\" alt=\"\" \/><\/a><\/div>\n<div class=\"pt-cv-overlay-wrapper\"><div class=\"pt-cv-taxoterm above_title\"><a href='https:\/\/garageblogec.com\/?cat=27' title='Industria Nacional' class='pt-cv-tax-industria-nacional'>Industria Nacional<\/a><\/div><h4 class=\"pt-cv-title\"><a href=\"https:\/\/garageblogec.com\/?p=3291\" class=\"_self\" target=\"_self\" >Seguridad al volante en Ecuador: los errores m\u00e1s comunes que cometen los conductores<\/a><\/h4><div class=\"pt-cv-meta-fields\"><span class=\"entry-date\"> <time datetime=\"2026-04-14T20:08:54+00:00\">abril 14, 2026<\/time><\/span><span> \/ <\/span><span class=\"author\"> <a href=\"https:\/\/garageblogec.com\/?author=6\" rel=\"author\">gabi1212<\/a><\/span><\/div><\/div><\/div>\n<div class=\" pt-cv-content-item pt-cv-1-col\" ><div class=\"pt-cv-thumb-wrapper  \"><a href=\"https:\/\/garageblogec.com\/?p=3286\" class=\"_self pt-cv-href-thumbnail pt-cv-thumb-default\" target=\"_self\" ><img loading=\"lazy\" decoding=\"async\" width=\"768\" height=\"492\" src=\"https:\/\/garageblogec.com\/wp-content\/uploads\/2026\/04\/Posventa.jpg-768x492.jpeg\" class=\"pt-cv-thumbnail\" alt=\"\" \/><\/a><\/div>\n<div class=\"pt-cv-overlay-wrapper\"><div class=\"pt-cv-taxoterm above_title\"><a href='https:\/\/garageblogec.com\/?cat=27' title='Industria Nacional' class='pt-cv-tax-industria-nacional'>Industria Nacional<\/a><\/div><h4 class=\"pt-cv-title\"><a href=\"https:\/\/garageblogec.com\/?p=3286\" class=\"_self\" target=\"_self\" >Clientes Nissan reciben cambios de aceite infinitos<\/a><\/h4><div class=\"pt-cv-meta-fields\"><span class=\"entry-date\"> <time datetime=\"2026-04-14T20:04:08+00:00\">abril 14, 2026<\/time><\/span><span> \/ <\/span><span class=\"author\"> <a href=\"https:\/\/garageblogec.com\/?author=6\" rel=\"author\">gabi1212<\/a><\/span><\/div><\/div><\/div>\n<div class=\" pt-cv-content-item pt-cv-1-col\" ><div class=\"pt-cv-thumb-wrapper  \"><a href=\"https:\/\/garageblogec.com\/?p=3280\" class=\"_self pt-cv-href-thumbnail pt-cv-thumb-default\" target=\"_self\" ><img loading=\"lazy\" decoding=\"async\" width=\"768\" height=\"512\" src=\"https:\/\/garageblogec.com\/wp-content\/uploads\/2026\/04\/foto1-768x512.jpeg\" class=\"pt-cv-thumbnail\" alt=\"\" \/><\/a><\/div>\n<div class=\"pt-cv-overlay-wrapper\"><div class=\"pt-cv-taxoterm above_title\"><a href='https:\/\/garageblogec.com\/?cat=27' title='Industria Nacional' class='pt-cv-tax-industria-nacional'>Industria Nacional<\/a><\/div><h4 class=\"pt-cv-title\"><a href=\"https:\/\/garageblogec.com\/?p=3280\" class=\"_self\" target=\"_self\" >Movilidad como inversi\u00f3n: el uso de utilidades que crece en Ecuador<\/a><\/h4><div class=\"pt-cv-meta-fields\"><span class=\"entry-date\"> <time datetime=\"2026-04-07T19:55:36+00:00\">abril 7, 2026<\/time><\/span><span> \/ <\/span><span class=\"author\"> <a href=\"https:\/\/garageblogec.com\/?author=6\" rel=\"author\">gabi1212<\/a><\/span><\/div><\/div><\/div>\n<div class=\" pt-cv-content-item pt-cv-1-col\" ><div class=\"pt-cv-thumb-wrapper  \"><a href=\"https:\/\/garageblogec.com\/?p=3276\" class=\"_self pt-cv-href-thumbnail pt-cv-thumb-default\" target=\"_self\" ><img loading=\"lazy\" decoding=\"async\" width=\"745\" height=\"491\" src=\"https:\/\/garageblogec.com\/wp-content\/uploads\/2026\/04\/TT.png\" class=\"pt-cv-thumbnail\" alt=\"\" \/><\/a><\/div>\n<div class=\"pt-cv-overlay-wrapper\"><div class=\"pt-cv-taxoterm above_title\"><a href='https:\/\/garageblogec.com\/?cat=27' title='Industria Nacional' class='pt-cv-tax-industria-nacional'>Industria Nacional<\/a><\/div><h4 class=\"pt-cv-title\"><a href=\"https:\/\/garageblogec.com\/?p=3276\" class=\"_self\" target=\"_self\" >Lluvias en Ecuador: C\u00f3mo reducir riesgos en carretera y prevenir accidentes en calzada mojada<\/a><\/h4><div class=\"pt-cv-meta-fields\"><span class=\"entry-date\"> <time datetime=\"2026-04-07T19:46:52+00:00\">abril 7, 2026<\/time><\/span><span> \/ <\/span><span class=\"author\"> <a href=\"https:\/\/garageblogec.com\/?author=6\" rel=\"author\">gabi1212<\/a><\/span><\/div><\/div><\/div><\/div><\/div> <\/div> <style>\n#pt-cv-view-nrfpzla7 .pt-cv-thumb-wrapper::before {background: rgba(0,0,0,.4); opacity: 0.8;}#pt-cv-view-nrfpzla7 .pt-cv-overlay-wrapper {justify-content: center;}\n#pt-cv-view-nrfpzla7 .pt-cv-meta-fields {  }#pt-cv-view-nrfpzla7 .pt-cv-meta-fields * { font-size: 13px; }#pt-cv-view-nrfpzla7 .pt-cv-title a { display: block; }#pt-cv-view-nrfpzla7 .pt-cv-title:not(.pt-cv-titlesm) a { font-weight: 600;text-decoration: none;font-size: 20px; }#pt-cv-view-nrfpzla7 .pt-cv-titlesm a { font-weight: 600;font-size: 18px; }#pt-cv-view-nrfpzla7 .pt-cv-content { font-size: 15px; }#pt-cv-view-nrfpzla7 .pt-cv-rmwrap {  }#pt-cv-view-nrfpzla7 .pt-cv-readmore { color: #fff;background-color: #0075ff;font-size: 14px; }#pt-cv-view-nrfpzla7 .pt-cv-taxoterm { margin: 0px 0px 20px 0px; }#pt-cv-view-nrfpzla7 .pt-cv-taxoterm * { color: #222;background-color: #fff6f6;font-size: 14px; }#pt-cv-view-nrfpzla7 + .pt-cv-pagination-wrapper {  }#pt-cv-view-nrfpzla7 + .pt-cv-pagination-wrapper a { font-size: 14px; }#pt-cv-view-nrfpzla7 > .pt-cv-page {grid-template-columns: repeat(3, 1fr);grid-auto-rows: 250px;grid-gap: 10px;}\n@media all and (max-width: 1024px) { \n#pt-cv-view-nrfpzla7 > .pt-cv-page {}\n} \n@media all and (max-width: 767px) { \n#pt-cv-view-nrfpzla7 > .pt-cv-page {grid-template-columns: repeat(1, 1fr);}\n} <\/style>","protected":false},"excerpt":{"rendered":"<p>Isa\u00edas Paspuel, oriundo de la provincia de Imbabura, ha logrado coronarse como el campe\u00f3n 2024 de la Regional Sierra de 4&#215;4 Extremo.<\/p>\n","protected":false},"author":1,"featured_media":1132,"comment_status":"open","ping_status":"open","sticky":false,"template":"","format":"standard","meta":{"_jetpack_memberships_contains_paid_content":false,"footnotes":""},"categories":[27,1],"tags":[190,68,30],"class_list":["post-1117","post","type-post","status-publish","format-standard","has-post-thumbnail","hentry","category-industria-nacional","category-uncategorized","tag-4x4-extremo-2024-campeon","tag-autos","tag-ecuador"],"yoast_head":"<!-- This site is optimized with the Yoast SEO plugin v27.4 - https:\/\/yoast.com\/product\/yoast-seo-wordpress\/ -->\n<title>Isaias Paspuel nuevo campe\u00f3n del Regional Sierra de 4X4 Extremo - Garage Blog Ecuador<\/title>\n<meta name=\"robots\" content=\"index, follow, max-snippet:-1, max-image-preview:large, max-video-preview:-1\" \/>\n<link rel=\"canonical\" href=\"https:\/\/garageblogec.com\/?p=1117\" \/>\n<meta property=\"og:locale\" content=\"es_ES\" \/>\n<meta property=\"og:type\" content=\"article\" \/>\n<meta property=\"og:title\" content=\"Isaias Paspuel nuevo campe\u00f3n del Regional Sierra de 4X4 Extremo - Garage Blog Ecuador\" \/>\n<meta property=\"og:description\" content=\"Isa\u00edas Paspuel, oriundo de la provincia de Imbabura, ha logrado coronarse como el campe\u00f3n 2024 de la Regional Sierra de 4x4 Extremo.\" \/>\n<meta property=\"og:url\" content=\"https:\/\/garageblogec.com\/?p=1117\" \/>\n<meta property=\"og:site_name\" content=\"Garage Blog Ecuador\" \/>\n<meta property=\"article:published_time\" content=\"2024-10-17T12:19:28+00:00\" \/>\n<meta property=\"article:modified_time\" content=\"2024-10-17T12:19:32+00:00\" \/>\n<meta property=\"og:image\" content=\"https:\/\/garageblogec.com\/wp-content\/uploads\/2024\/10\/434654490_745574201039158_5244992624639150206_n-1-e1729166893838.jpg\" \/>\n\t<meta property=\"og:image:width\" content=\"1536\" \/>\n\t<meta property=\"og:image:height\" content=\"1133\" \/>\n\t<meta property=\"og:image:type\" content=\"image\/jpeg\" \/>\n<meta name=\"author\" content=\"admin\" \/>\n<meta name=\"twitter:card\" content=\"summary_large_image\" \/>\n<meta name=\"twitter:label1\" content=\"Escrito por\" \/>\n\t<meta name=\"twitter:data1\" content=\"admin\" \/>\n\t<meta name=\"twitter:label2\" content=\"Tiempo de lectura\" \/>\n\t<meta name=\"twitter:data2\" content=\"2 minutos\" \/>\n<script type=\"application\/ld+json\" class=\"yoast-schema-graph\">{\"@context\":\"https:\\\/\\\/schema.org\",\"@graph\":[{\"@type\":\"Article\",\"@id\":\"https:\\\/\\\/garageblogec.com\\\/?p=1117#article\",\"isPartOf\":{\"@id\":\"https:\\\/\\\/garageblogec.com\\\/?p=1117\"},\"author\":{\"name\":\"admin\",\"@id\":\"https:\\\/\\\/garageblogec.com\\\/#\\\/schema\\\/person\\\/9e42946a1c059998e1dcd2e9c0b14f7b\"},\"headline\":\"Isaias Paspuel nuevo campe\u00f3n del Regional Sierra de 4X4 Extremo\",\"datePublished\":\"2024-10-17T12:19:28+00:00\",\"dateModified\":\"2024-10-17T12:19:32+00:00\",\"mainEntityOfPage\":{\"@id\":\"https:\\\/\\\/garageblogec.com\\\/?p=1117\"},\"wordCount\":447,\"commentCount\":0,\"publisher\":{\"@id\":\"https:\\\/\\\/garageblogec.com\\\/#organization\"},\"image\":{\"@id\":\"https:\\\/\\\/garageblogec.com\\\/?p=1117#primaryimage\"},\"thumbnailUrl\":\"https:\\\/\\\/garageblogec.com\\\/wp-content\\\/uploads\\\/2024\\\/10\\\/434654490_745574201039158_5244992624639150206_n-1-e1729166893838.jpg\",\"keywords\":[\"4x4 extremo 2024 campeon\",\"autos\",\"Ecuador\"],\"articleSection\":[\"Industria Nacional\",\"Uncategorized\"],\"inLanguage\":\"es\",\"potentialAction\":[{\"@type\":\"CommentAction\",\"name\":\"Comment\",\"target\":[\"https:\\\/\\\/garageblogec.com\\\/?p=1117#respond\"]}]},{\"@type\":\"WebPage\",\"@id\":\"https:\\\/\\\/garageblogec.com\\\/?p=1117\",\"url\":\"https:\\\/\\\/garageblogec.com\\\/?p=1117\",\"name\":\"Isaias Paspuel nuevo campe\u00f3n del Regional Sierra de 4X4 Extremo - Garage Blog Ecuador\",\"isPartOf\":{\"@id\":\"https:\\\/\\\/garageblogec.com\\\/#website\"},\"primaryImageOfPage\":{\"@id\":\"https:\\\/\\\/garageblogec.com\\\/?p=1117#primaryimage\"},\"image\":{\"@id\":\"https:\\\/\\\/garageblogec.com\\\/?p=1117#primaryimage\"},\"thumbnailUrl\":\"https:\\\/\\\/garageblogec.com\\\/wp-content\\\/uploads\\\/2024\\\/10\\\/434654490_745574201039158_5244992624639150206_n-1-e1729166893838.jpg\",\"datePublished\":\"2024-10-17T12:19:28+00:00\",\"dateModified\":\"2024-10-17T12:19:32+00:00\",\"breadcrumb\":{\"@id\":\"https:\\\/\\\/garageblogec.com\\\/?p=1117#breadcrumb\"},\"inLanguage\":\"es\",\"potentialAction\":[{\"@type\":\"ReadAction\",\"target\":[\"https:\\\/\\\/garageblogec.com\\\/?p=1117\"]}]},{\"@type\":\"ImageObject\",\"inLanguage\":\"es\",\"@id\":\"https:\\\/\\\/garageblogec.com\\\/?p=1117#primaryimage\",\"url\":\"https:\\\/\\\/garageblogec.com\\\/wp-content\\\/uploads\\\/2024\\\/10\\\/434654490_745574201039158_5244992624639150206_n-1-e1729166893838.jpg\",\"contentUrl\":\"https:\\\/\\\/garageblogec.com\\\/wp-content\\\/uploads\\\/2024\\\/10\\\/434654490_745574201039158_5244992624639150206_n-1-e1729166893838.jpg\",\"width\":1536,\"height\":1133},{\"@type\":\"BreadcrumbList\",\"@id\":\"https:\\\/\\\/garageblogec.com\\\/?p=1117#breadcrumb\",\"itemListElement\":[{\"@type\":\"ListItem\",\"position\":1,\"name\":\"Portada\",\"item\":\"https:\\\/\\\/garageblogec.com\\\/\"},{\"@type\":\"ListItem\",\"position\":2,\"name\":\"Isaias Paspuel nuevo campe\u00f3n del Regional Sierra de 4X4 Extremo\"}]},{\"@type\":\"WebSite\",\"@id\":\"https:\\\/\\\/garageblogec.com\\\/#website\",\"url\":\"https:\\\/\\\/garageblogec.com\\\/\",\"name\":\"Garage Blog Ecuador\",\"description\":\"Alucinamos por los autos \",\"publisher\":{\"@id\":\"https:\\\/\\\/garageblogec.com\\\/#organization\"},\"potentialAction\":[{\"@type\":\"SearchAction\",\"target\":{\"@type\":\"EntryPoint\",\"urlTemplate\":\"https:\\\/\\\/garageblogec.com\\\/?s={search_term_string}\"},\"query-input\":{\"@type\":\"PropertyValueSpecification\",\"valueRequired\":true,\"valueName\":\"search_term_string\"}}],\"inLanguage\":\"es\"},{\"@type\":\"Organization\",\"@id\":\"https:\\\/\\\/garageblogec.com\\\/#organization\",\"name\":\"Garage Blog Ecuador\",\"url\":\"https:\\\/\\\/garageblogec.com\\\/\",\"logo\":{\"@type\":\"ImageObject\",\"inLanguage\":\"es\",\"@id\":\"https:\\\/\\\/garageblogec.com\\\/#\\\/schema\\\/logo\\\/image\\\/\",\"url\":\"https:\\\/\\\/garageblogec.com\\\/wp-content\\\/uploads\\\/2024\\\/02\\\/cropped-logo-png-para-blog.webp\",\"contentUrl\":\"https:\\\/\\\/garageblogec.com\\\/wp-content\\\/uploads\\\/2024\\\/02\\\/cropped-logo-png-para-blog.webp\",\"width\":840,\"height\":556,\"caption\":\"Garage Blog Ecuador \"},\"image\":{\"@id\":\"https:\\\/\\\/garageblogec.com\\\/#\\\/schema\\\/logo\\\/image\\\/\"}},{\"@type\":\"Person\",\"@id\":\"https:\\\/\\\/garageblogec.com\\\/#\\\/schema\\\/person\\\/9e42946a1c059998e1dcd2e9c0b14f7b\",\"name\":\"admin\",\"image\":{\"@type\":\"ImageObject\",\"inLanguage\":\"es\",\"@id\":\"https:\\\/\\\/secure.gravatar.com\\\/avatar\\\/3612d5dfd364004c4d91ec427ebfe980a13c66be055df17156d99287f7c39228?s=96&d=mm&r=g\",\"url\":\"https:\\\/\\\/secure.gravatar.com\\\/avatar\\\/3612d5dfd364004c4d91ec427ebfe980a13c66be055df17156d99287f7c39228?s=96&d=mm&r=g\",\"contentUrl\":\"https:\\\/\\\/secure.gravatar.com\\\/avatar\\\/3612d5dfd364004c4d91ec427ebfe980a13c66be055df17156d99287f7c39228?s=96&d=mm&r=g\",\"caption\":\"admin\"},\"sameAs\":[\"https:\\\/\\\/garageblogec.com\"],\"url\":\"https:\\\/\\\/garageblogec.com\\\/?author=1\"}]}<\/script>\n<!-- \/ Yoast SEO plugin. -->","yoast_head_json":{"title":"Isaias Paspuel nuevo campe\u00f3n del Regional Sierra de 4X4 Extremo - Garage Blog Ecuador","robots":{"index":"index","follow":"follow","max-snippet":"max-snippet:-1","max-image-preview":"max-image-preview:large","max-video-preview":"max-video-preview:-1"},"canonical":"https:\/\/garageblogec.com\/?p=1117","og_locale":"es_ES","og_type":"article","og_title":"Isaias Paspuel nuevo campe\u00f3n del Regional Sierra de 4X4 Extremo - Garage Blog Ecuador","og_description":"Isa\u00edas Paspuel, oriundo de la provincia de Imbabura, ha logrado coronarse como el campe\u00f3n 2024 de la Regional Sierra de 4x4 Extremo.","og_url":"https:\/\/garageblogec.com\/?p=1117","og_site_name":"Garage Blog Ecuador","article_published_time":"2024-10-17T12:19:28+00:00","article_modified_time":"2024-10-17T12:19:32+00:00","og_image":[{"width":1536,"height":1133,"url":"https:\/\/garageblogec.com\/wp-content\/uploads\/2024\/10\/434654490_745574201039158_5244992624639150206_n-1-e1729166893838.jpg","type":"image\/jpeg"}],"author":"admin","twitter_card":"summary_large_image","twitter_misc":{"Escrito por":"admin","Tiempo de lectura":"2 minutos"},"schema":{"@context":"https:\/\/schema.org","@graph":[{"@type":"Article","@id":"https:\/\/garageblogec.com\/?p=1117#article","isPartOf":{"@id":"https:\/\/garageblogec.com\/?p=1117"},"author":{"name":"admin","@id":"https:\/\/garageblogec.com\/#\/schema\/person\/9e42946a1c059998e1dcd2e9c0b14f7b"},"headline":"Isaias Paspuel nuevo campe\u00f3n del Regional Sierra de 4X4 Extremo","datePublished":"2024-10-17T12:19:28+00:00","dateModified":"2024-10-17T12:19:32+00:00","mainEntityOfPage":{"@id":"https:\/\/garageblogec.com\/?p=1117"},"wordCount":447,"commentCount":0,"publisher":{"@id":"https:\/\/garageblogec.com\/#organization"},"image":{"@id":"https:\/\/garageblogec.com\/?p=1117#primaryimage"},"thumbnailUrl":"https:\/\/garageblogec.com\/wp-content\/uploads\/2024\/10\/434654490_745574201039158_5244992624639150206_n-1-e1729166893838.jpg","keywords":["4x4 extremo 2024 campeon","autos","Ecuador"],"articleSection":["Industria Nacional","Uncategorized"],"inLanguage":"es","potentialAction":[{"@type":"CommentAction","name":"Comment","target":["https:\/\/garageblogec.com\/?p=1117#respond"]}]},{"@type":"WebPage","@id":"https:\/\/garageblogec.com\/?p=1117","url":"https:\/\/garageblogec.com\/?p=1117","name":"Isaias Paspuel nuevo campe\u00f3n del Regional Sierra de 4X4 Extremo - Garage Blog Ecuador","isPartOf":{"@id":"https:\/\/garageblogec.com\/#website"},"primaryImageOfPage":{"@id":"https:\/\/garageblogec.com\/?p=1117#primaryimage"},"image":{"@id":"https:\/\/garageblogec.com\/?p=1117#primaryimage"},"thumbnailUrl":"https:\/\/garageblogec.com\/wp-content\/uploads\/2024\/10\/434654490_745574201039158_5244992624639150206_n-1-e1729166893838.jpg","datePublished":"2024-10-17T12:19:28+00:00","dateModified":"2024-10-17T12:19:32+00:00","breadcrumb":{"@id":"https:\/\/garageblogec.com\/?p=1117#breadcrumb"},"inLanguage":"es","potentialAction":[{"@type":"ReadAction","target":["https:\/\/garageblogec.com\/?p=1117"]}]},{"@type":"ImageObject","inLanguage":"es","@id":"https:\/\/garageblogec.com\/?p=1117#primaryimage","url":"https:\/\/garageblogec.com\/wp-content\/uploads\/2024\/10\/434654490_745574201039158_5244992624639150206_n-1-e1729166893838.jpg","contentUrl":"https:\/\/garageblogec.com\/wp-content\/uploads\/2024\/10\/434654490_745574201039158_5244992624639150206_n-1-e1729166893838.jpg","width":1536,"height":1133},{"@type":"BreadcrumbList","@id":"https:\/\/garageblogec.com\/?p=1117#breadcrumb","itemListElement":[{"@type":"ListItem","position":1,"name":"Portada","item":"https:\/\/garageblogec.com\/"},{"@type":"ListItem","position":2,"name":"Isaias Paspuel nuevo campe\u00f3n del Regional Sierra de 4X4 Extremo"}]},{"@type":"WebSite","@id":"https:\/\/garageblogec.com\/#website","url":"https:\/\/garageblogec.com\/","name":"Garage Blog Ecuador","description":"Alucinamos por los autos ","publisher":{"@id":"https:\/\/garageblogec.com\/#organization"},"potentialAction":[{"@type":"SearchAction","target":{"@type":"EntryPoint","urlTemplate":"https:\/\/garageblogec.com\/?s={search_term_string}"},"query-input":{"@type":"PropertyValueSpecification","valueRequired":true,"valueName":"search_term_string"}}],"inLanguage":"es"},{"@type":"Organization","@id":"https:\/\/garageblogec.com\/#organization","name":"Garage Blog Ecuador","url":"https:\/\/garageblogec.com\/","logo":{"@type":"ImageObject","inLanguage":"es","@id":"https:\/\/garageblogec.com\/#\/schema\/logo\/image\/","url":"https:\/\/garageblogec.com\/wp-content\/uploads\/2024\/02\/cropped-logo-png-para-blog.webp","contentUrl":"https:\/\/garageblogec.com\/wp-content\/uploads\/2024\/02\/cropped-logo-png-para-blog.webp","width":840,"height":556,"caption":"Garage Blog Ecuador "},"image":{"@id":"https:\/\/garageblogec.com\/#\/schema\/logo\/image\/"}},{"@type":"Person","@id":"https:\/\/garageblogec.com\/#\/schema\/person\/9e42946a1c059998e1dcd2e9c0b14f7b","name":"admin","image":{"@type":"ImageObject","inLanguage":"es","@id":"https:\/\/secure.gravatar.com\/avatar\/3612d5dfd364004c4d91ec427ebfe980a13c66be055df17156d99287f7c39228?s=96&d=mm&r=g","url":"https:\/\/secure.gravatar.com\/avatar\/3612d5dfd364004c4d91ec427ebfe980a13c66be055df17156d99287f7c39228?s=96&d=mm&r=g","contentUrl":"https:\/\/secure.gravatar.com\/avatar\/3612d5dfd364004c4d91ec427ebfe980a13c66be055df17156d99287f7c39228?s=96&d=mm&r=g","caption":"admin"},"sameAs":["https:\/\/garageblogec.com"],"url":"https:\/\/garageblogec.com\/?author=1"}]}},"jetpack_featured_media_url":"https:\/\/garageblogec.com\/wp-content\/uploads\/2024\/10\/434654490_745574201039158_5244992624639150206_n-1-e1729166893838.jpg","jetpack_sharing_enabled":true,"_links":{"self":[{"href":"https:\/\/garageblogec.com\/index.php?rest_route=\/wp\/v2\/posts\/1117","targetHints":{"allow":["GET"]}}],"collection":[{"href":"https:\/\/garageblogec.com\/index.php?rest_route=\/wp\/v2\/posts"}],"about":[{"href":"https:\/\/garageblogec.com\/index.php?rest_route=\/wp\/v2\/types\/post"}],"author":[{"embeddable":true,"href":"https:\/\/garageblogec.com\/index.php?rest_route=\/wp\/v2\/users\/1"}],"replies":[{"embeddable":true,"href":"https:\/\/garageblogec.com\/index.php?rest_route=%2Fwp%2Fv2%2Fcomments&post=1117"}],"version-history":[{"count":2,"href":"https:\/\/garageblogec.com\/index.php?rest_route=\/wp\/v2\/posts\/1117\/revisions"}],"predecessor-version":[{"id":1137,"href":"https:\/\/garageblogec.com\/index.php?rest_route=\/wp\/v2\/posts\/1117\/revisions\/1137"}],"wp:featuredmedia":[{"embeddable":true,"href":"https:\/\/garageblogec.com\/index.php?rest_route=\/wp\/v2\/media\/1132"}],"wp:attachment":[{"href":"https:\/\/garageblogec.com\/index.php?rest_route=%2Fwp%2Fv2%2Fmedia&parent=1117"}],"wp:term":[{"taxonomy":"category","embeddable":true,"href":"https:\/\/garageblogec.com\/index.php?rest_route=%2Fwp%2Fv2%2Fcategories&post=1117"},{"taxonomy":"post_tag","embeddable":true,"href":"https:\/\/garageblogec.com\/index.php?rest_route=%2Fwp%2Fv2%2Ftags&post=1117"}],"curies":[{"name":"wp","href":"https:\/\/api.w.org\/{rel}","templated":true}]}}