{"id":1102,"date":"2024-10-15T03:26:44","date_gmt":"2024-10-15T03:26:44","guid":{"rendered":"https:\/\/garageblogec.com\/?p=1102"},"modified":"2024-10-15T03:26:47","modified_gmt":"2024-10-15T03:26:47","slug":"andor-corporation-y-byd-reciben-reconocimiento-nacional-por-su-trabajo-en-sostenibilidad","status":"publish","type":"post","link":"https:\/\/garageblogec.com\/?p=1102","title":{"rendered":"Andor Corporation y BYD reciben reconocimiento nacional por su trabajo en sostenibilidad."},"content":{"rendered":"\n<p>En un evento que resalta la importancia de la responsabilidad social y la sostenibilidad, Andor Corporation, representante de BYD en Ecuador, ha sido honrada con la Medalla a las Am\u00e9ricas a los Derechos Universales NGDH y la Medalla Moneda del F\u00e9nix como Embajador de Paz y Derechos Universales 2024. Este prestigioso reconocimiento se otorg\u00f3 en la Asamblea Nacional del Ecuador, consolidando a la empresa como l\u00edder en tecnolog\u00eda ecol\u00f3gica y movilidad sostenible en la regi\u00f3n.<\/p>\n\n\n\n<p>El galard\u00f3n fue entregado a Andor Corporation por su notable compromiso con los derechos humanos y la protecci\u00f3n del medio ambiente, \u00e1reas en las que la empresa ha demostrado una dedicaci\u00f3n constante y significativa. La medalla destaca iniciativas que generan un impacto positivo tanto social como ambiental, y est\u00e1 reservada para aquellas organizaciones que realmente est\u00e1n marcando la diferencia a nivel global.<\/p>\n\n\n\n<p>La invitaci\u00f3n para recibir este reconocimiento se di\u00f3 con inter\u00e9s del Claustro Doctoral Internacional por la Hermandad y los Derechos Universales, quienes se sintieron inspirados por el enfoque innovador y sostenible de BYD.. \u201cNuestro compromiso con la movilidad sostenible y la generaci\u00f3n de empleo en Ecuador ha sido fundamental para este logro\u201d, afirm\u00f3 Santiago Mena, Brand Manager de BYD y representante&nbsp; de Andor Corporation y BYD Global.<\/p>\n\n\n\n<figure class=\"wp-block-image size-large\"><img fetchpriority=\"high\" decoding=\"async\" width=\"1024\" height=\"768\" src=\"https:\/\/garageblogec.com\/wp-content\/uploads\/2024\/10\/AN-SANTIAGO-MENA-BRAND-MANAGER-BYD--1024x768.jpg\" alt=\"\" class=\"wp-image-1103\" srcset=\"https:\/\/garageblogec.com\/wp-content\/uploads\/2024\/10\/AN-SANTIAGO-MENA-BRAND-MANAGER-BYD--1024x768.jpg 1024w, https:\/\/garageblogec.com\/wp-content\/uploads\/2024\/10\/AN-SANTIAGO-MENA-BRAND-MANAGER-BYD--300x225.jpg 300w, https:\/\/garageblogec.com\/wp-content\/uploads\/2024\/10\/AN-SANTIAGO-MENA-BRAND-MANAGER-BYD--768x576.jpg 768w, https:\/\/garageblogec.com\/wp-content\/uploads\/2024\/10\/AN-SANTIAGO-MENA-BRAND-MANAGER-BYD--1536x1152.jpg 1536w, https:\/\/garageblogec.com\/wp-content\/uploads\/2024\/10\/AN-SANTIAGO-MENA-BRAND-MANAGER-BYD--1320x990.jpg 1320w, https:\/\/garageblogec.com\/wp-content\/uploads\/2024\/10\/AN-SANTIAGO-MENA-BRAND-MANAGER-BYD-.jpg 1600w\" sizes=\"(max-width: 1024px) 100vw, 1024px\" \/><\/figure>\n\n\n\n<p>El Claustro Doctoral Internacional por la Hermandad y Los Derechos Universales, entidad que promueve la paz y los derechos humanos, reconoci\u00f3 la innovaci\u00f3n tecnol\u00f3gica y el impacto positivo que Andor Corporation y BYD Global est\u00e1n generando en el pa\u00eds y m\u00e1s all\u00e1. Este reconocimiento no solo valida los esfuerzos de la empresa, sino que tambi\u00e9n refuerza su posici\u00f3n como l\u00edder en el sector automotriz de tecnolog\u00eda verde y responsabilidad social.<\/p>\n\n\n\n<p>Este galard\u00f3n representa una oportunidad valiosa para estrechar lazos con actores clave en los sectores de sostenibilidad y derechos humanos, consolidando la presencia de Andor Corporation y BYD en el \u00e1mbito nacional e internacional.<\/p>\n\n\n\n<p>BYD se enorgullece de su contribuci\u00f3n a un futuro m\u00e1s sostenible y se compromete a continuar trabajando en proyectos que beneficien a la comunidad y al medio ambiente.<\/p>\n\n\n\n<p><\/p>\n\n\n\n<figure class=\"wp-block-image size-large\"><a href=\"https:\/\/www.kia.com\/ec\/showroom\/ev5-ocv-25my\/specification.html\"><img decoding=\"async\" width=\"1024\" height=\"284\" src=\"https:\/\/garageblogec.com\/wp-content\/uploads\/2024\/09\/1080x300-1024x284.jpg\" alt=\"\" class=\"wp-image-1066\" srcset=\"https:\/\/garageblogec.com\/wp-content\/uploads\/2024\/09\/1080x300-1024x284.jpg 1024w, https:\/\/garageblogec.com\/wp-content\/uploads\/2024\/09\/1080x300-300x83.jpg 300w, https:\/\/garageblogec.com\/wp-content\/uploads\/2024\/09\/1080x300-768x213.jpg 768w, https:\/\/garageblogec.com\/wp-content\/uploads\/2024\/09\/1080x300.jpg 1080w\" sizes=\"(max-width: 1024px) 100vw, 1024px\" \/><\/a><\/figure>\n","protected":false},"excerpt":{"rendered":"<p>\u00abAndor Corporation y BYD recibieron un reconocimiento en la Asamblea Nacional por su compromiso con la sostenibilidad, destacando sus esfuerzos en responsabilidad ambiental y desarrollo sostenible.\u00bb<\/p>\n","protected":false},"author":1,"featured_media":1104,"comment_status":"open","ping_status":"open","sticky":false,"template":"","format":"standard","meta":{"_jetpack_memberships_contains_paid_content":false,"footnotes":""},"categories":[27],"tags":[],"class_list":["post-1102","post","type-post","status-publish","format-standard","has-post-thumbnail","hentry","category-industria-nacional"],"yoast_head":"<!-- This site is optimized with the Yoast SEO plugin v27.5 - https:\/\/yoast.com\/product\/yoast-seo-wordpress\/ -->\n<title>Andor Corporation y BYD reciben reconocimiento nacional por su trabajo en sostenibilidad. - Garage Blog Ecuador<\/title>\n<meta name=\"description\" content=\"&quot;Andor Corporation y BYD recibieron un reconocimiento en la Asamblea Nacional por su compromiso con la sostenibilidad, destacando sus esfuerzos en responsabilidad ambiental y desarrollo sostenible.&quot;\" \/>\n<meta name=\"robots\" content=\"index, follow, max-snippet:-1, max-image-preview:large, max-video-preview:-1\" \/>\n<link rel=\"canonical\" href=\"https:\/\/garageblogec.com\/?p=1102\" \/>\n<meta property=\"og:locale\" content=\"es_ES\" \/>\n<meta property=\"og:type\" content=\"article\" \/>\n<meta property=\"og:title\" content=\"Andor Corporation y BYD reciben reconocimiento nacional por su trabajo en sostenibilidad. - Garage Blog Ecuador\" \/>\n<meta property=\"og:description\" content=\"&quot;Andor Corporation y BYD recibieron un reconocimiento en la Asamblea Nacional por su compromiso con la sostenibilidad, destacando sus esfuerzos en responsabilidad ambiental y desarrollo sostenible.&quot;\" \/>\n<meta property=\"og:url\" content=\"https:\/\/garageblogec.com\/?p=1102\" \/>\n<meta property=\"og:site_name\" content=\"Garage Blog Ecuador\" \/>\n<meta property=\"article:published_time\" content=\"2024-10-15T03:26:44+00:00\" \/>\n<meta property=\"article:modified_time\" content=\"2024-10-15T03:26:47+00:00\" \/>\n<meta property=\"og:image\" content=\"https:\/\/garageblogec.com\/wp-content\/uploads\/2024\/10\/WhatsApp-Image-2024-09-06-at-9.41.36-AM.jpeg\" \/>\n\t<meta property=\"og:image:width\" content=\"1280\" \/>\n\t<meta property=\"og:image:height\" content=\"960\" \/>\n\t<meta property=\"og:image:type\" content=\"image\/jpeg\" \/>\n<meta name=\"author\" content=\"admin\" \/>\n<meta name=\"twitter:card\" content=\"summary_large_image\" \/>\n<meta name=\"twitter:label1\" content=\"Escrito por\" \/>\n\t<meta name=\"twitter:data1\" content=\"admin\" \/>\n\t<meta name=\"twitter:label2\" content=\"Tiempo de lectura\" \/>\n\t<meta name=\"twitter:data2\" content=\"3 minutos\" \/>\n<script type=\"application\/ld+json\" class=\"yoast-schema-graph\">{\"@context\":\"https:\\\/\\\/schema.org\",\"@graph\":[{\"@type\":\"Article\",\"@id\":\"https:\\\/\\\/garageblogec.com\\\/?p=1102#article\",\"isPartOf\":{\"@id\":\"https:\\\/\\\/garageblogec.com\\\/?p=1102\"},\"author\":{\"name\":\"admin\",\"@id\":\"https:\\\/\\\/garageblogec.com\\\/#\\\/schema\\\/person\\\/9e42946a1c059998e1dcd2e9c0b14f7b\"},\"headline\":\"Andor Corporation y BYD reciben reconocimiento nacional por su trabajo en sostenibilidad.\",\"datePublished\":\"2024-10-15T03:26:44+00:00\",\"dateModified\":\"2024-10-15T03:26:47+00:00\",\"mainEntityOfPage\":{\"@id\":\"https:\\\/\\\/garageblogec.com\\\/?p=1102\"},\"wordCount\":373,\"commentCount\":0,\"publisher\":{\"@id\":\"https:\\\/\\\/garageblogec.com\\\/#organization\"},\"image\":{\"@id\":\"https:\\\/\\\/garageblogec.com\\\/?p=1102#primaryimage\"},\"thumbnailUrl\":\"https:\\\/\\\/garageblogec.com\\\/wp-content\\\/uploads\\\/2024\\\/10\\\/WhatsApp-Image-2024-09-06-at-9.41.36-AM.jpeg\",\"articleSection\":[\"Industria Nacional\"],\"inLanguage\":\"es\",\"potentialAction\":[{\"@type\":\"CommentAction\",\"name\":\"Comment\",\"target\":[\"https:\\\/\\\/garageblogec.com\\\/?p=1102#respond\"]}]},{\"@type\":\"WebPage\",\"@id\":\"https:\\\/\\\/garageblogec.com\\\/?p=1102\",\"url\":\"https:\\\/\\\/garageblogec.com\\\/?p=1102\",\"name\":\"Andor Corporation y BYD reciben reconocimiento nacional por su trabajo en sostenibilidad. - Garage Blog Ecuador\",\"isPartOf\":{\"@id\":\"https:\\\/\\\/garageblogec.com\\\/#website\"},\"primaryImageOfPage\":{\"@id\":\"https:\\\/\\\/garageblogec.com\\\/?p=1102#primaryimage\"},\"image\":{\"@id\":\"https:\\\/\\\/garageblogec.com\\\/?p=1102#primaryimage\"},\"thumbnailUrl\":\"https:\\\/\\\/garageblogec.com\\\/wp-content\\\/uploads\\\/2024\\\/10\\\/WhatsApp-Image-2024-09-06-at-9.41.36-AM.jpeg\",\"datePublished\":\"2024-10-15T03:26:44+00:00\",\"dateModified\":\"2024-10-15T03:26:47+00:00\",\"description\":\"\\\"Andor Corporation y BYD recibieron un reconocimiento en la Asamblea Nacional por su compromiso con la sostenibilidad, destacando sus esfuerzos en responsabilidad ambiental y desarrollo sostenible.\\\"\",\"breadcrumb\":{\"@id\":\"https:\\\/\\\/garageblogec.com\\\/?p=1102#breadcrumb\"},\"inLanguage\":\"es\",\"potentialAction\":[{\"@type\":\"ReadAction\",\"target\":[\"https:\\\/\\\/garageblogec.com\\\/?p=1102\"]}]},{\"@type\":\"ImageObject\",\"inLanguage\":\"es\",\"@id\":\"https:\\\/\\\/garageblogec.com\\\/?p=1102#primaryimage\",\"url\":\"https:\\\/\\\/garageblogec.com\\\/wp-content\\\/uploads\\\/2024\\\/10\\\/WhatsApp-Image-2024-09-06-at-9.41.36-AM.jpeg\",\"contentUrl\":\"https:\\\/\\\/garageblogec.com\\\/wp-content\\\/uploads\\\/2024\\\/10\\\/WhatsApp-Image-2024-09-06-at-9.41.36-AM.jpeg\",\"width\":1280,\"height\":960},{\"@type\":\"BreadcrumbList\",\"@id\":\"https:\\\/\\\/garageblogec.com\\\/?p=1102#breadcrumb\",\"itemListElement\":[{\"@type\":\"ListItem\",\"position\":1,\"name\":\"Portada\",\"item\":\"https:\\\/\\\/garageblogec.com\\\/\"},{\"@type\":\"ListItem\",\"position\":2,\"name\":\"Andor Corporation y BYD reciben reconocimiento nacional por su trabajo en sostenibilidad.\"}]},{\"@type\":\"WebSite\",\"@id\":\"https:\\\/\\\/garageblogec.com\\\/#website\",\"url\":\"https:\\\/\\\/garageblogec.com\\\/\",\"name\":\"Garage Blog Ecuador\",\"description\":\"Alucinamos por los autos \",\"publisher\":{\"@id\":\"https:\\\/\\\/garageblogec.com\\\/#organization\"},\"potentialAction\":[{\"@type\":\"SearchAction\",\"target\":{\"@type\":\"EntryPoint\",\"urlTemplate\":\"https:\\\/\\\/garageblogec.com\\\/?s={search_term_string}\"},\"query-input\":{\"@type\":\"PropertyValueSpecification\",\"valueRequired\":true,\"valueName\":\"search_term_string\"}}],\"inLanguage\":\"es\"},{\"@type\":\"Organization\",\"@id\":\"https:\\\/\\\/garageblogec.com\\\/#organization\",\"name\":\"Garage Blog Ecuador\",\"url\":\"https:\\\/\\\/garageblogec.com\\\/\",\"logo\":{\"@type\":\"ImageObject\",\"inLanguage\":\"es\",\"@id\":\"https:\\\/\\\/garageblogec.com\\\/#\\\/schema\\\/logo\\\/image\\\/\",\"url\":\"https:\\\/\\\/garageblogec.com\\\/wp-content\\\/uploads\\\/2024\\\/02\\\/cropped-logo-png-para-blog.webp\",\"contentUrl\":\"https:\\\/\\\/garageblogec.com\\\/wp-content\\\/uploads\\\/2024\\\/02\\\/cropped-logo-png-para-blog.webp\",\"width\":840,\"height\":556,\"caption\":\"Garage Blog Ecuador \"},\"image\":{\"@id\":\"https:\\\/\\\/garageblogec.com\\\/#\\\/schema\\\/logo\\\/image\\\/\"}},{\"@type\":\"Person\",\"@id\":\"https:\\\/\\\/garageblogec.com\\\/#\\\/schema\\\/person\\\/9e42946a1c059998e1dcd2e9c0b14f7b\",\"name\":\"admin\",\"image\":{\"@type\":\"ImageObject\",\"inLanguage\":\"es\",\"@id\":\"https:\\\/\\\/secure.gravatar.com\\\/avatar\\\/3612d5dfd364004c4d91ec427ebfe980a13c66be055df17156d99287f7c39228?s=96&d=mm&r=g\",\"url\":\"https:\\\/\\\/secure.gravatar.com\\\/avatar\\\/3612d5dfd364004c4d91ec427ebfe980a13c66be055df17156d99287f7c39228?s=96&d=mm&r=g\",\"contentUrl\":\"https:\\\/\\\/secure.gravatar.com\\\/avatar\\\/3612d5dfd364004c4d91ec427ebfe980a13c66be055df17156d99287f7c39228?s=96&d=mm&r=g\",\"caption\":\"admin\"},\"sameAs\":[\"https:\\\/\\\/garageblogec.com\"],\"url\":\"https:\\\/\\\/garageblogec.com\\\/?author=1\"}]}<\/script>\n<!-- \/ Yoast SEO plugin. -->","yoast_head_json":{"title":"Andor Corporation y BYD reciben reconocimiento nacional por su trabajo en sostenibilidad. - Garage Blog Ecuador","description":"\"Andor Corporation y BYD recibieron un reconocimiento en la Asamblea Nacional por su compromiso con la sostenibilidad, destacando sus esfuerzos en responsabilidad ambiental y desarrollo sostenible.\"","robots":{"index":"index","follow":"follow","max-snippet":"max-snippet:-1","max-image-preview":"max-image-preview:large","max-video-preview":"max-video-preview:-1"},"canonical":"https:\/\/garageblogec.com\/?p=1102","og_locale":"es_ES","og_type":"article","og_title":"Andor Corporation y BYD reciben reconocimiento nacional por su trabajo en sostenibilidad. - Garage Blog Ecuador","og_description":"\"Andor Corporation y BYD recibieron un reconocimiento en la Asamblea Nacional por su compromiso con la sostenibilidad, destacando sus esfuerzos en responsabilidad ambiental y desarrollo sostenible.\"","og_url":"https:\/\/garageblogec.com\/?p=1102","og_site_name":"Garage Blog Ecuador","article_published_time":"2024-10-15T03:26:44+00:00","article_modified_time":"2024-10-15T03:26:47+00:00","og_image":[{"width":1280,"height":960,"url":"https:\/\/garageblogec.com\/wp-content\/uploads\/2024\/10\/WhatsApp-Image-2024-09-06-at-9.41.36-AM.jpeg","type":"image\/jpeg"}],"author":"admin","twitter_card":"summary_large_image","twitter_misc":{"Escrito por":"admin","Tiempo de lectura":"3 minutos"},"schema":{"@context":"https:\/\/schema.org","@graph":[{"@type":"Article","@id":"https:\/\/garageblogec.com\/?p=1102#article","isPartOf":{"@id":"https:\/\/garageblogec.com\/?p=1102"},"author":{"name":"admin","@id":"https:\/\/garageblogec.com\/#\/schema\/person\/9e42946a1c059998e1dcd2e9c0b14f7b"},"headline":"Andor Corporation y BYD reciben reconocimiento nacional por su trabajo en sostenibilidad.","datePublished":"2024-10-15T03:26:44+00:00","dateModified":"2024-10-15T03:26:47+00:00","mainEntityOfPage":{"@id":"https:\/\/garageblogec.com\/?p=1102"},"wordCount":373,"commentCount":0,"publisher":{"@id":"https:\/\/garageblogec.com\/#organization"},"image":{"@id":"https:\/\/garageblogec.com\/?p=1102#primaryimage"},"thumbnailUrl":"https:\/\/garageblogec.com\/wp-content\/uploads\/2024\/10\/WhatsApp-Image-2024-09-06-at-9.41.36-AM.jpeg","articleSection":["Industria Nacional"],"inLanguage":"es","potentialAction":[{"@type":"CommentAction","name":"Comment","target":["https:\/\/garageblogec.com\/?p=1102#respond"]}]},{"@type":"WebPage","@id":"https:\/\/garageblogec.com\/?p=1102","url":"https:\/\/garageblogec.com\/?p=1102","name":"Andor Corporation y BYD reciben reconocimiento nacional por su trabajo en sostenibilidad. - Garage Blog Ecuador","isPartOf":{"@id":"https:\/\/garageblogec.com\/#website"},"primaryImageOfPage":{"@id":"https:\/\/garageblogec.com\/?p=1102#primaryimage"},"image":{"@id":"https:\/\/garageblogec.com\/?p=1102#primaryimage"},"thumbnailUrl":"https:\/\/garageblogec.com\/wp-content\/uploads\/2024\/10\/WhatsApp-Image-2024-09-06-at-9.41.36-AM.jpeg","datePublished":"2024-10-15T03:26:44+00:00","dateModified":"2024-10-15T03:26:47+00:00","description":"\"Andor Corporation y BYD recibieron un reconocimiento en la Asamblea Nacional por su compromiso con la sostenibilidad, destacando sus esfuerzos en responsabilidad ambiental y desarrollo sostenible.\"","breadcrumb":{"@id":"https:\/\/garageblogec.com\/?p=1102#breadcrumb"},"inLanguage":"es","potentialAction":[{"@type":"ReadAction","target":["https:\/\/garageblogec.com\/?p=1102"]}]},{"@type":"ImageObject","inLanguage":"es","@id":"https:\/\/garageblogec.com\/?p=1102#primaryimage","url":"https:\/\/garageblogec.com\/wp-content\/uploads\/2024\/10\/WhatsApp-Image-2024-09-06-at-9.41.36-AM.jpeg","contentUrl":"https:\/\/garageblogec.com\/wp-content\/uploads\/2024\/10\/WhatsApp-Image-2024-09-06-at-9.41.36-AM.jpeg","width":1280,"height":960},{"@type":"BreadcrumbList","@id":"https:\/\/garageblogec.com\/?p=1102#breadcrumb","itemListElement":[{"@type":"ListItem","position":1,"name":"Portada","item":"https:\/\/garageblogec.com\/"},{"@type":"ListItem","position":2,"name":"Andor Corporation y BYD reciben reconocimiento nacional por su trabajo en sostenibilidad."}]},{"@type":"WebSite","@id":"https:\/\/garageblogec.com\/#website","url":"https:\/\/garageblogec.com\/","name":"Garage Blog Ecuador","description":"Alucinamos por los autos ","publisher":{"@id":"https:\/\/garageblogec.com\/#organization"},"potentialAction":[{"@type":"SearchAction","target":{"@type":"EntryPoint","urlTemplate":"https:\/\/garageblogec.com\/?s={search_term_string}"},"query-input":{"@type":"PropertyValueSpecification","valueRequired":true,"valueName":"search_term_string"}}],"inLanguage":"es"},{"@type":"Organization","@id":"https:\/\/garageblogec.com\/#organization","name":"Garage Blog Ecuador","url":"https:\/\/garageblogec.com\/","logo":{"@type":"ImageObject","inLanguage":"es","@id":"https:\/\/garageblogec.com\/#\/schema\/logo\/image\/","url":"https:\/\/garageblogec.com\/wp-content\/uploads\/2024\/02\/cropped-logo-png-para-blog.webp","contentUrl":"https:\/\/garageblogec.com\/wp-content\/uploads\/2024\/02\/cropped-logo-png-para-blog.webp","width":840,"height":556,"caption":"Garage Blog Ecuador "},"image":{"@id":"https:\/\/garageblogec.com\/#\/schema\/logo\/image\/"}},{"@type":"Person","@id":"https:\/\/garageblogec.com\/#\/schema\/person\/9e42946a1c059998e1dcd2e9c0b14f7b","name":"admin","image":{"@type":"ImageObject","inLanguage":"es","@id":"https:\/\/secure.gravatar.com\/avatar\/3612d5dfd364004c4d91ec427ebfe980a13c66be055df17156d99287f7c39228?s=96&d=mm&r=g","url":"https:\/\/secure.gravatar.com\/avatar\/3612d5dfd364004c4d91ec427ebfe980a13c66be055df17156d99287f7c39228?s=96&d=mm&r=g","contentUrl":"https:\/\/secure.gravatar.com\/avatar\/3612d5dfd364004c4d91ec427ebfe980a13c66be055df17156d99287f7c39228?s=96&d=mm&r=g","caption":"admin"},"sameAs":["https:\/\/garageblogec.com"],"url":"https:\/\/garageblogec.com\/?author=1"}]}},"jetpack_featured_media_url":"https:\/\/garageblogec.com\/wp-content\/uploads\/2024\/10\/WhatsApp-Image-2024-09-06-at-9.41.36-AM.jpeg","jetpack_sharing_enabled":true,"_links":{"self":[{"href":"https:\/\/garageblogec.com\/index.php?rest_route=\/wp\/v2\/posts\/1102","targetHints":{"allow":["GET"]}}],"collection":[{"href":"https:\/\/garageblogec.com\/index.php?rest_route=\/wp\/v2\/posts"}],"about":[{"href":"https:\/\/garageblogec.com\/index.php?rest_route=\/wp\/v2\/types\/post"}],"author":[{"embeddable":true,"href":"https:\/\/garageblogec.com\/index.php?rest_route=\/wp\/v2\/users\/1"}],"replies":[{"embeddable":true,"href":"https:\/\/garageblogec.com\/index.php?rest_route=%2Fwp%2Fv2%2Fcomments&post=1102"}],"version-history":[{"count":1,"href":"https:\/\/garageblogec.com\/index.php?rest_route=\/wp\/v2\/posts\/1102\/revisions"}],"predecessor-version":[{"id":1105,"href":"https:\/\/garageblogec.com\/index.php?rest_route=\/wp\/v2\/posts\/1102\/revisions\/1105"}],"wp:featuredmedia":[{"embeddable":true,"href":"https:\/\/garageblogec.com\/index.php?rest_route=\/wp\/v2\/media\/1104"}],"wp:attachment":[{"href":"https:\/\/garageblogec.com\/index.php?rest_route=%2Fwp%2Fv2%2Fmedia&parent=1102"}],"wp:term":[{"taxonomy":"category","embeddable":true,"href":"https:\/\/garageblogec.com\/index.php?rest_route=%2Fwp%2Fv2%2Fcategories&post=1102"},{"taxonomy":"post_tag","embeddable":true,"href":"https:\/\/garageblogec.com\/index.php?rest_route=%2Fwp%2Fv2%2Ftags&post=1102"}],"curies":[{"name":"wp","href":"https:\/\/api.w.org\/{rel}","templated":true}]}}