{"id":1077,"date":"2024-09-26T12:38:49","date_gmt":"2024-09-26T12:38:49","guid":{"rendered":"https:\/\/garageblogec.com\/?p=1077"},"modified":"2024-09-26T12:38:51","modified_gmt":"2024-09-26T12:38:51","slug":"kia-ev9-gana-el-trofeo-de-oro-en-los-premios-de-diseno-idea-2024","status":"publish","type":"post","link":"https:\/\/garageblogec.com\/?p=1077","title":{"rendered":"Kia EV9 gana el trofeo de oro en los premios de dise\u00f1o IDEA 2024"},"content":{"rendered":"\n<p><strong>El Kia EV9 ha conseguido el prestigioso trofeo de Oro en los Premios a la Excelencia Internacional de Dise\u00f1o (IDEA) 2024,<\/strong> presentados por la Sociedad de Dise\u00f1adores Industriales de Estados Unidos (IDSA). Esta victoria marca el primer galard\u00f3n IDEA de Oro para Kia y completa una notable victoria en los tres principales premios de dise\u00f1o mundiales para el EV9, despu\u00e9s de sus \u00e9xitos anteriores en los premios Red Dot &#8216;Best of Best&#8217; y iF Design Gold.<\/p>\n\n\n\n<p>El EV9 fue galardonado con el trofeo de oro en la categor\u00eda Automotriz y Transporte durante la ceremonia de entrega de premios IDEA 2024 celebrada el 12 de septiembre en el Palmer Events Center de Austin, Texas. Este galard\u00f3n subraya la excelencia y originalidad del dise\u00f1o del EV9, as\u00ed como la naturaleza innovadora de la filosof\u00eda creativa \u00abOpposites United\u00bb de Kia.<\/p>\n\n\n\n<p><strong>Karim Habib, vicepresidente ejecutivo y director de Dise\u00f1o Global de Kia, manifest\u00f3<\/strong>: \u201cGuiados por los principios de nuestra filosof\u00eda creativa &#8216;Opposites United&#8217;, en Kia nos dedicamos a la creaci\u00f3n de productos inspiradores y aut\u00e9nticos que satisfagan las necesidades emocionales de los clientes con la misma fuerza con la que satisfacen sus requisitos de movilidad, practicidad y sostenibilidad.\u201d<\/p>\n\n\n\n<p>\u201cUn buen dise\u00f1o siempre debe representar la relaci\u00f3n entre nuestros usuarios, nuestros productos y nuestra marca, y creemos que el EV9 lo consigue. El hecho de que la naturaleza creativa e innovadora de nuestros valores de dise\u00f1o haya sido reconocida \u2013primero con los premios Red Dot y iF Design Awards, y ahora con un Oro en IDEA\u2013 es inmensamente gratificante, no solo para el equipo de dise\u00f1o de Kia, sino para todos nuestros colegas en todo el mundo. Este reconocimiento nos inspira a seguir buscando soluciones innovadoras de movilidad sostenible para nuestros clientes\u201d.<\/p>\n\n\n\n<p><strong>Desempacando el galardonado dise\u00f1o del EV9<\/strong><\/p>\n\n\n\n<figure class=\"wp-block-image size-large\"><img decoding=\"async\" src=\"https:\/\/www.motortrend.com\/uploads\/2023\/09\/001-2024-Kia-EV9-off-road-action.jpg\" alt=\"\"\/><\/figure>\n\n\n\n<p>El EV9 representa la esencia de &#8216;Opposites United&#8217;, que aprovecha la tensi\u00f3n creativa generada por los valores divergentes de la naturaleza y la modernidad para ofrecer un modelo armonioso.<\/p>\n\n\n\n<p>Esta filosof\u00eda inspir\u00f3 a los dise\u00f1adores de Kia a prescindir del pensamiento convencional y crear un veh\u00edculo el\u00e9ctrico innovador con un car\u00e1cter audaz y aut\u00e9ntico, ampliando los l\u00edmites del dise\u00f1o, la utilidad, la conectividad y la responsabilidad medioambiental.<\/p>\n\n\n\n<p>Las l\u00edneas definidas y las superficies suaves caracterizan al EV9, mientras que las caracter\u00edsticas distintivas como la cara de tigre digital, la parrilla de iluminaci\u00f3n con patr\u00f3n digital y los faros verticales se suman a su atractivo futurista \u00fanico. <strong>Estas cualidades est\u00e9ticas ayudaron al EV9 a lograr los m\u00e1ximos honores en los premios Red Dot e iF Design, y a obtener el oro en IDEA 2024.<\/strong><\/p>\n\n\n\n<figure class=\"wp-block-image size-large\"><a href=\"https:\/\/www.kia.com\/ec\/showroom\/ev5-ocv-25my\/specification.html\"><img fetchpriority=\"high\" decoding=\"async\" width=\"1024\" height=\"284\" src=\"https:\/\/garageblogec.com\/wp-content\/uploads\/2024\/09\/1080x300-1024x284.jpg\" alt=\"\" class=\"wp-image-1066\" srcset=\"https:\/\/garageblogec.com\/wp-content\/uploads\/2024\/09\/1080x300-1024x284.jpg 1024w, https:\/\/garageblogec.com\/wp-content\/uploads\/2024\/09\/1080x300-300x83.jpg 300w, https:\/\/garageblogec.com\/wp-content\/uploads\/2024\/09\/1080x300-768x213.jpg 768w, https:\/\/garageblogec.com\/wp-content\/uploads\/2024\/09\/1080x300.jpg 1080w\" sizes=\"(max-width: 1024px) 100vw, 1024px\" \/><\/a><\/figure>\n\n\n\n<p>Este a\u00f1o se celebra el 44.\u00ba aniversario de IDEA, lo que lo convierte en uno de los programas de premios de dise\u00f1o m\u00e1s prestigiosos y de mayor trayectoria a nivel mundial. Sin verse afectado por modas pasajeras o estilos transitorios, el concurso anual se centra exclusivamente en identificar y honrar la cumbre de la excelencia en el dise\u00f1o. El trofeo de oro del EV9 en la categor\u00eda de Automoci\u00f3n y Transporte llega siete a\u00f1os despu\u00e9s de que IDEA otorgara el bronce al Kia Telluride Concept en 2017.<\/p>\n\n\n\n<p>El EV9 encabeza el compromiso estrat\u00e9gico de Kia de mantener su liderazgo en movilidad sostenible global. El SUV totalmente el\u00e9ctrico de siete plazas fue el primer coche de producci\u00f3n en incorporar los 10 elementos sostenibles \u00abimprescindibles\u00bb de Kia, que se han incorporado a todos los nuevos modelos de la marca y encarnan el compromiso de Kia con el desarrollo de materiales naturales y de origen biol\u00f3gico.<\/p>\n\n\n\n<p>Desde su lanzamiento en 2023, los valores de dise\u00f1o del EV9 y su amplio atractivo para el cliente han logrado un gran \u00e9xito mundial. <strong>Adem\u00e1s de los trofeos Red Dot, iF Design e IDEA, el EV9 se llev\u00f3 dos trofeos en los&nbsp;<a href=\"https:\/\/www.kianewscenter.com\/News\/hyundai-motor-group-continues-success-at-world-car-awards-with-triple-victory-in-2024\/s\/d142c89d-782c-4def-93c8-04e384791246\" target=\"_blank\" rel=\"noreferrer noopener\">World Car Awards 2024<\/a>&nbsp;como ganador general (&#8216;World Car of the Year&#8217;) y mejor veh\u00edculo el\u00e9ctrico (&#8216;World Electric Vehicle&#8217;).<\/strong><\/p>\n\n\n\n<p><\/p>\n","protected":false},"excerpt":{"rendered":"<p>El EV9 se lleva el primer trofeo de oro de los premios Worldwide Design Excellence Awards (IDEA) otorgados por la Sociedad de Dise\u00f1adores Industriales de Estados Unidos (IDSA)<\/p>\n","protected":false},"author":1,"featured_media":1078,"comment_status":"open","ping_status":"open","sticky":false,"template":"","format":"standard","meta":{"_jetpack_memberships_contains_paid_content":false,"footnotes":""},"categories":[1],"tags":[85,68,30,184,88],"class_list":["post-1077","post","type-post","status-publish","format-standard","has-post-thumbnail","hentry","category-uncategorized","tag-85","tag-autos","tag-ecuador","tag-ev9-premio","tag-kia"],"yoast_head":"<!-- This site is optimized with the Yoast SEO plugin v27.4 - https:\/\/yoast.com\/product\/yoast-seo-wordpress\/ -->\n<title>Kia EV9 gana el trofeo de oro en los premios de dise\u00f1o IDEA 2024 - Garage Blog Ecuador<\/title>\n<meta name=\"robots\" content=\"index, follow, max-snippet:-1, max-image-preview:large, max-video-preview:-1\" \/>\n<link rel=\"canonical\" href=\"https:\/\/garageblogec.com\/?p=1077\" \/>\n<meta property=\"og:locale\" content=\"es_ES\" \/>\n<meta property=\"og:type\" content=\"article\" \/>\n<meta property=\"og:title\" content=\"Kia EV9 gana el trofeo de oro en los premios de dise\u00f1o IDEA 2024 - Garage Blog Ecuador\" \/>\n<meta property=\"og:description\" content=\"El EV9 se lleva el primer trofeo de oro de los premios Worldwide Design Excellence Awards (IDEA) otorgados por la Sociedad de Dise\u00f1adores Industriales de Estados Unidos (IDSA)\" \/>\n<meta property=\"og:url\" content=\"https:\/\/garageblogec.com\/?p=1077\" \/>\n<meta property=\"og:site_name\" content=\"Garage Blog Ecuador\" \/>\n<meta property=\"article:published_time\" content=\"2024-09-26T12:38:49+00:00\" \/>\n<meta property=\"article:modified_time\" content=\"2024-09-26T12:38:51+00:00\" \/>\n<meta property=\"og:image\" content=\"https:\/\/garageblogec.com\/wp-content\/uploads\/2024\/09\/676338-1-scaled.jpg\" \/>\n\t<meta property=\"og:image:width\" content=\"2560\" \/>\n\t<meta property=\"og:image:height\" content=\"1538\" \/>\n\t<meta property=\"og:image:type\" content=\"image\/jpeg\" \/>\n<meta name=\"author\" content=\"admin\" \/>\n<meta name=\"twitter:card\" content=\"summary_large_image\" \/>\n<meta name=\"twitter:label1\" content=\"Escrito por\" \/>\n\t<meta name=\"twitter:data1\" content=\"admin\" \/>\n\t<meta name=\"twitter:label2\" content=\"Tiempo de lectura\" \/>\n\t<meta name=\"twitter:data2\" content=\"3 minutos\" \/>\n<script type=\"application\/ld+json\" class=\"yoast-schema-graph\">{\"@context\":\"https:\\\/\\\/schema.org\",\"@graph\":[{\"@type\":\"Article\",\"@id\":\"https:\\\/\\\/garageblogec.com\\\/?p=1077#article\",\"isPartOf\":{\"@id\":\"https:\\\/\\\/garageblogec.com\\\/?p=1077\"},\"author\":{\"name\":\"admin\",\"@id\":\"https:\\\/\\\/garageblogec.com\\\/#\\\/schema\\\/person\\\/9e42946a1c059998e1dcd2e9c0b14f7b\"},\"headline\":\"Kia EV9 gana el trofeo de oro en los premios de dise\u00f1o IDEA 2024\",\"datePublished\":\"2024-09-26T12:38:49+00:00\",\"dateModified\":\"2024-09-26T12:38:51+00:00\",\"mainEntityOfPage\":{\"@id\":\"https:\\\/\\\/garageblogec.com\\\/?p=1077\"},\"wordCount\":696,\"commentCount\":0,\"publisher\":{\"@id\":\"https:\\\/\\\/garageblogec.com\\\/#organization\"},\"image\":{\"@id\":\"https:\\\/\\\/garageblogec.com\\\/?p=1077#primaryimage\"},\"thumbnailUrl\":\"https:\\\/\\\/garageblogec.com\\\/wp-content\\\/uploads\\\/2024\\\/09\\\/676338-1-scaled.jpg\",\"keywords\":[\"2024\",\"autos\",\"Ecuador\",\"ev9 premio\",\"kia\"],\"articleSection\":[\"Uncategorized\"],\"inLanguage\":\"es\",\"potentialAction\":[{\"@type\":\"CommentAction\",\"name\":\"Comment\",\"target\":[\"https:\\\/\\\/garageblogec.com\\\/?p=1077#respond\"]}]},{\"@type\":\"WebPage\",\"@id\":\"https:\\\/\\\/garageblogec.com\\\/?p=1077\",\"url\":\"https:\\\/\\\/garageblogec.com\\\/?p=1077\",\"name\":\"Kia EV9 gana el trofeo de oro en los premios de dise\u00f1o IDEA 2024 - Garage Blog Ecuador\",\"isPartOf\":{\"@id\":\"https:\\\/\\\/garageblogec.com\\\/#website\"},\"primaryImageOfPage\":{\"@id\":\"https:\\\/\\\/garageblogec.com\\\/?p=1077#primaryimage\"},\"image\":{\"@id\":\"https:\\\/\\\/garageblogec.com\\\/?p=1077#primaryimage\"},\"thumbnailUrl\":\"https:\\\/\\\/garageblogec.com\\\/wp-content\\\/uploads\\\/2024\\\/09\\\/676338-1-scaled.jpg\",\"datePublished\":\"2024-09-26T12:38:49+00:00\",\"dateModified\":\"2024-09-26T12:38:51+00:00\",\"breadcrumb\":{\"@id\":\"https:\\\/\\\/garageblogec.com\\\/?p=1077#breadcrumb\"},\"inLanguage\":\"es\",\"potentialAction\":[{\"@type\":\"ReadAction\",\"target\":[\"https:\\\/\\\/garageblogec.com\\\/?p=1077\"]}]},{\"@type\":\"ImageObject\",\"inLanguage\":\"es\",\"@id\":\"https:\\\/\\\/garageblogec.com\\\/?p=1077#primaryimage\",\"url\":\"https:\\\/\\\/garageblogec.com\\\/wp-content\\\/uploads\\\/2024\\\/09\\\/676338-1-scaled.jpg\",\"contentUrl\":\"https:\\\/\\\/garageblogec.com\\\/wp-content\\\/uploads\\\/2024\\\/09\\\/676338-1-scaled.jpg\",\"width\":2560,\"height\":1538},{\"@type\":\"BreadcrumbList\",\"@id\":\"https:\\\/\\\/garageblogec.com\\\/?p=1077#breadcrumb\",\"itemListElement\":[{\"@type\":\"ListItem\",\"position\":1,\"name\":\"Portada\",\"item\":\"https:\\\/\\\/garageblogec.com\\\/\"},{\"@type\":\"ListItem\",\"position\":2,\"name\":\"Kia EV9 gana el trofeo de oro en los premios de dise\u00f1o IDEA 2024\"}]},{\"@type\":\"WebSite\",\"@id\":\"https:\\\/\\\/garageblogec.com\\\/#website\",\"url\":\"https:\\\/\\\/garageblogec.com\\\/\",\"name\":\"Garage Blog Ecuador\",\"description\":\"Alucinamos por los autos \",\"publisher\":{\"@id\":\"https:\\\/\\\/garageblogec.com\\\/#organization\"},\"potentialAction\":[{\"@type\":\"SearchAction\",\"target\":{\"@type\":\"EntryPoint\",\"urlTemplate\":\"https:\\\/\\\/garageblogec.com\\\/?s={search_term_string}\"},\"query-input\":{\"@type\":\"PropertyValueSpecification\",\"valueRequired\":true,\"valueName\":\"search_term_string\"}}],\"inLanguage\":\"es\"},{\"@type\":\"Organization\",\"@id\":\"https:\\\/\\\/garageblogec.com\\\/#organization\",\"name\":\"Garage Blog Ecuador\",\"url\":\"https:\\\/\\\/garageblogec.com\\\/\",\"logo\":{\"@type\":\"ImageObject\",\"inLanguage\":\"es\",\"@id\":\"https:\\\/\\\/garageblogec.com\\\/#\\\/schema\\\/logo\\\/image\\\/\",\"url\":\"https:\\\/\\\/garageblogec.com\\\/wp-content\\\/uploads\\\/2024\\\/02\\\/cropped-logo-png-para-blog.webp\",\"contentUrl\":\"https:\\\/\\\/garageblogec.com\\\/wp-content\\\/uploads\\\/2024\\\/02\\\/cropped-logo-png-para-blog.webp\",\"width\":840,\"height\":556,\"caption\":\"Garage Blog Ecuador \"},\"image\":{\"@id\":\"https:\\\/\\\/garageblogec.com\\\/#\\\/schema\\\/logo\\\/image\\\/\"}},{\"@type\":\"Person\",\"@id\":\"https:\\\/\\\/garageblogec.com\\\/#\\\/schema\\\/person\\\/9e42946a1c059998e1dcd2e9c0b14f7b\",\"name\":\"admin\",\"image\":{\"@type\":\"ImageObject\",\"inLanguage\":\"es\",\"@id\":\"https:\\\/\\\/secure.gravatar.com\\\/avatar\\\/3612d5dfd364004c4d91ec427ebfe980a13c66be055df17156d99287f7c39228?s=96&d=mm&r=g\",\"url\":\"https:\\\/\\\/secure.gravatar.com\\\/avatar\\\/3612d5dfd364004c4d91ec427ebfe980a13c66be055df17156d99287f7c39228?s=96&d=mm&r=g\",\"contentUrl\":\"https:\\\/\\\/secure.gravatar.com\\\/avatar\\\/3612d5dfd364004c4d91ec427ebfe980a13c66be055df17156d99287f7c39228?s=96&d=mm&r=g\",\"caption\":\"admin\"},\"sameAs\":[\"https:\\\/\\\/garageblogec.com\"],\"url\":\"https:\\\/\\\/garageblogec.com\\\/?author=1\"}]}<\/script>\n<!-- \/ Yoast SEO plugin. -->","yoast_head_json":{"title":"Kia EV9 gana el trofeo de oro en los premios de dise\u00f1o IDEA 2024 - Garage Blog Ecuador","robots":{"index":"index","follow":"follow","max-snippet":"max-snippet:-1","max-image-preview":"max-image-preview:large","max-video-preview":"max-video-preview:-1"},"canonical":"https:\/\/garageblogec.com\/?p=1077","og_locale":"es_ES","og_type":"article","og_title":"Kia EV9 gana el trofeo de oro en los premios de dise\u00f1o IDEA 2024 - Garage Blog Ecuador","og_description":"El EV9 se lleva el primer trofeo de oro de los premios Worldwide Design Excellence Awards (IDEA) otorgados por la Sociedad de Dise\u00f1adores Industriales de Estados Unidos (IDSA)","og_url":"https:\/\/garageblogec.com\/?p=1077","og_site_name":"Garage Blog Ecuador","article_published_time":"2024-09-26T12:38:49+00:00","article_modified_time":"2024-09-26T12:38:51+00:00","og_image":[{"width":2560,"height":1538,"url":"https:\/\/garageblogec.com\/wp-content\/uploads\/2024\/09\/676338-1-scaled.jpg","type":"image\/jpeg"}],"author":"admin","twitter_card":"summary_large_image","twitter_misc":{"Escrito por":"admin","Tiempo de lectura":"3 minutos"},"schema":{"@context":"https:\/\/schema.org","@graph":[{"@type":"Article","@id":"https:\/\/garageblogec.com\/?p=1077#article","isPartOf":{"@id":"https:\/\/garageblogec.com\/?p=1077"},"author":{"name":"admin","@id":"https:\/\/garageblogec.com\/#\/schema\/person\/9e42946a1c059998e1dcd2e9c0b14f7b"},"headline":"Kia EV9 gana el trofeo de oro en los premios de dise\u00f1o IDEA 2024","datePublished":"2024-09-26T12:38:49+00:00","dateModified":"2024-09-26T12:38:51+00:00","mainEntityOfPage":{"@id":"https:\/\/garageblogec.com\/?p=1077"},"wordCount":696,"commentCount":0,"publisher":{"@id":"https:\/\/garageblogec.com\/#organization"},"image":{"@id":"https:\/\/garageblogec.com\/?p=1077#primaryimage"},"thumbnailUrl":"https:\/\/garageblogec.com\/wp-content\/uploads\/2024\/09\/676338-1-scaled.jpg","keywords":["2024","autos","Ecuador","ev9 premio","kia"],"articleSection":["Uncategorized"],"inLanguage":"es","potentialAction":[{"@type":"CommentAction","name":"Comment","target":["https:\/\/garageblogec.com\/?p=1077#respond"]}]},{"@type":"WebPage","@id":"https:\/\/garageblogec.com\/?p=1077","url":"https:\/\/garageblogec.com\/?p=1077","name":"Kia EV9 gana el trofeo de oro en los premios de dise\u00f1o IDEA 2024 - Garage Blog Ecuador","isPartOf":{"@id":"https:\/\/garageblogec.com\/#website"},"primaryImageOfPage":{"@id":"https:\/\/garageblogec.com\/?p=1077#primaryimage"},"image":{"@id":"https:\/\/garageblogec.com\/?p=1077#primaryimage"},"thumbnailUrl":"https:\/\/garageblogec.com\/wp-content\/uploads\/2024\/09\/676338-1-scaled.jpg","datePublished":"2024-09-26T12:38:49+00:00","dateModified":"2024-09-26T12:38:51+00:00","breadcrumb":{"@id":"https:\/\/garageblogec.com\/?p=1077#breadcrumb"},"inLanguage":"es","potentialAction":[{"@type":"ReadAction","target":["https:\/\/garageblogec.com\/?p=1077"]}]},{"@type":"ImageObject","inLanguage":"es","@id":"https:\/\/garageblogec.com\/?p=1077#primaryimage","url":"https:\/\/garageblogec.com\/wp-content\/uploads\/2024\/09\/676338-1-scaled.jpg","contentUrl":"https:\/\/garageblogec.com\/wp-content\/uploads\/2024\/09\/676338-1-scaled.jpg","width":2560,"height":1538},{"@type":"BreadcrumbList","@id":"https:\/\/garageblogec.com\/?p=1077#breadcrumb","itemListElement":[{"@type":"ListItem","position":1,"name":"Portada","item":"https:\/\/garageblogec.com\/"},{"@type":"ListItem","position":2,"name":"Kia EV9 gana el trofeo de oro en los premios de dise\u00f1o IDEA 2024"}]},{"@type":"WebSite","@id":"https:\/\/garageblogec.com\/#website","url":"https:\/\/garageblogec.com\/","name":"Garage Blog Ecuador","description":"Alucinamos por los autos ","publisher":{"@id":"https:\/\/garageblogec.com\/#organization"},"potentialAction":[{"@type":"SearchAction","target":{"@type":"EntryPoint","urlTemplate":"https:\/\/garageblogec.com\/?s={search_term_string}"},"query-input":{"@type":"PropertyValueSpecification","valueRequired":true,"valueName":"search_term_string"}}],"inLanguage":"es"},{"@type":"Organization","@id":"https:\/\/garageblogec.com\/#organization","name":"Garage Blog Ecuador","url":"https:\/\/garageblogec.com\/","logo":{"@type":"ImageObject","inLanguage":"es","@id":"https:\/\/garageblogec.com\/#\/schema\/logo\/image\/","url":"https:\/\/garageblogec.com\/wp-content\/uploads\/2024\/02\/cropped-logo-png-para-blog.webp","contentUrl":"https:\/\/garageblogec.com\/wp-content\/uploads\/2024\/02\/cropped-logo-png-para-blog.webp","width":840,"height":556,"caption":"Garage Blog Ecuador "},"image":{"@id":"https:\/\/garageblogec.com\/#\/schema\/logo\/image\/"}},{"@type":"Person","@id":"https:\/\/garageblogec.com\/#\/schema\/person\/9e42946a1c059998e1dcd2e9c0b14f7b","name":"admin","image":{"@type":"ImageObject","inLanguage":"es","@id":"https:\/\/secure.gravatar.com\/avatar\/3612d5dfd364004c4d91ec427ebfe980a13c66be055df17156d99287f7c39228?s=96&d=mm&r=g","url":"https:\/\/secure.gravatar.com\/avatar\/3612d5dfd364004c4d91ec427ebfe980a13c66be055df17156d99287f7c39228?s=96&d=mm&r=g","contentUrl":"https:\/\/secure.gravatar.com\/avatar\/3612d5dfd364004c4d91ec427ebfe980a13c66be055df17156d99287f7c39228?s=96&d=mm&r=g","caption":"admin"},"sameAs":["https:\/\/garageblogec.com"],"url":"https:\/\/garageblogec.com\/?author=1"}]}},"jetpack_featured_media_url":"https:\/\/garageblogec.com\/wp-content\/uploads\/2024\/09\/676338-1-scaled.jpg","jetpack_sharing_enabled":true,"_links":{"self":[{"href":"https:\/\/garageblogec.com\/index.php?rest_route=\/wp\/v2\/posts\/1077","targetHints":{"allow":["GET"]}}],"collection":[{"href":"https:\/\/garageblogec.com\/index.php?rest_route=\/wp\/v2\/posts"}],"about":[{"href":"https:\/\/garageblogec.com\/index.php?rest_route=\/wp\/v2\/types\/post"}],"author":[{"embeddable":true,"href":"https:\/\/garageblogec.com\/index.php?rest_route=\/wp\/v2\/users\/1"}],"replies":[{"embeddable":true,"href":"https:\/\/garageblogec.com\/index.php?rest_route=%2Fwp%2Fv2%2Fcomments&post=1077"}],"version-history":[{"count":2,"href":"https:\/\/garageblogec.com\/index.php?rest_route=\/wp\/v2\/posts\/1077\/revisions"}],"predecessor-version":[{"id":1080,"href":"https:\/\/garageblogec.com\/index.php?rest_route=\/wp\/v2\/posts\/1077\/revisions\/1080"}],"wp:featuredmedia":[{"embeddable":true,"href":"https:\/\/garageblogec.com\/index.php?rest_route=\/wp\/v2\/media\/1078"}],"wp:attachment":[{"href":"https:\/\/garageblogec.com\/index.php?rest_route=%2Fwp%2Fv2%2Fmedia&parent=1077"}],"wp:term":[{"taxonomy":"category","embeddable":true,"href":"https:\/\/garageblogec.com\/index.php?rest_route=%2Fwp%2Fv2%2Fcategories&post=1077"},{"taxonomy":"post_tag","embeddable":true,"href":"https:\/\/garageblogec.com\/index.php?rest_route=%2Fwp%2Fv2%2Ftags&post=1077"}],"curies":[{"name":"wp","href":"https:\/\/api.w.org\/{rel}","templated":true}]}}